{"id":182276,"date":"2020-12-30T14:15:00","date_gmt":"2020-12-30T13:15:00","guid":{"rendered":"https:\/\/www.radiopiu.net\/wordpress\/?p=182276"},"modified":"2020-12-30T14:15:15","modified_gmt":"2020-12-30T13:15:15","slug":"la-presidente-di-confartigianato-claudia-scarzanella-parla-delle-sfide-territoriali-per-lanno-che-verra","status":"publish","type":"post","link":"https:\/\/www.radiopiu.net\/wordpress\/la-presidente-di-confartigianato-claudia-scarzanella-parla-delle-sfide-territoriali-per-lanno-che-verra\/","title":{"rendered":"LA PRESIDENTE DI CONFARTIGIANATO BELLUNO CLAUDIA SCARZANELLA PARLA DELLE SFIDE TERRITORIALI PER L&#8217;ANNO CHE VERRA&#8217;"},"content":{"rendered":"<p><strong> <a href=\"https:\/\/www.radiopiu.net\/wordpress\/la-presidente-di-confartigianato-claudia-scarzanella-parla-delle-sfide-territoriali-per-lanno-che-verra\/claudia-scarzanella-confartigianato\/\" rel=\"attachment wp-att-182277\"><img loading=\"lazy\" decoding=\"async\" class=\"size-medium wp-image-182277 alignleft\" src=\"https:\/\/www.radiopiu.net\/wordpress\/wp-content\/uploads\/2020\/12\/CLAUDIA-SCARZANELLA-CONFARTIGIANATO-300x236.png\" alt=\"\" width=\"300\" height=\"236\" srcset=\"https:\/\/www.radiopiu.net\/wordpress\/wp-content\/uploads\/2020\/12\/CLAUDIA-SCARZANELLA-CONFARTIGIANATO-300x236.png 300w, https:\/\/www.radiopiu.net\/wordpress\/wp-content\/uploads\/2020\/12\/CLAUDIA-SCARZANELLA-CONFARTIGIANATO-1024x804.png 1024w, https:\/\/www.radiopiu.net\/wordpress\/wp-content\/uploads\/2020\/12\/CLAUDIA-SCARZANELLA-CONFARTIGIANATO-768x603.png 768w, https:\/\/www.radiopiu.net\/wordpress\/wp-content\/uploads\/2020\/12\/CLAUDIA-SCARZANELLA-CONFARTIGIANATO.png 1042w\" sizes=\"auto, (max-width: 300px) 100vw, 300px\" \/><\/a>BELLUNO<\/strong> La lettera aperta della presidente di Confartigianato Belluno Claudia Scarzanella per tracciare la strada del 2021.<\/p>\n<blockquote>\n<p class=\"p1\"><em><span class=\"s1\">Ci lasciamo alle spalle un anno orribile. Tremendo per molte famiglie, che hanno subito lutti e dolore. Disastroso per le imprese e l\u2019economia. E a pagarne il prezzo pi\u00f9 alto, ancora una volta, sono stati anche gli artigiani, il motore produttivo del nostro territorio. Nel bilancio di fine anno non possiamo ancora misurare in numeri le perdite che il 2020 ha segnato, perch\u00e9 l\u2019onda lunga della crisi pandemica si far\u00e0 sentire inevitabilmente anche nel 2021. Ma abbiamo il dovere di pensare fin da ora a come porvi rimedio. Nella speranza che il vaccino anti-Covid lanciato nei giorni scorsi possa traghettarci fuori da questa assurda situazione. E anche con la consapevolezza che rimboccandoci le maniche, come abbiamo sempre fatto, saremo in grado di rialzare ancora una volta la serranda delle nostre attivit\u00e0, per portare avanti quello che sappiamo fare meglio: il nostro lavoro. <\/span><span class=\"s1\">Noi faremo la nostra parte. Ma vista la crisi che ha colpito gli artigiani, ci sentiamo di chiedere un 2021 tax free per le microimprese; specialmente per quelle che con le misure anti-Covid hanno sofferto e continuano a soffrire. Penso a bar e ristoranti, pasticcerie, gelaterie e tutto quello che ruota intorno. Penso al settore del benessere, alla filiera del turismo, ai trasporti e al noleggio con conducente che sono rimaste bloccate praticamente da marzo. L\u2019associazione ha lavorato per ottenere risposte concrete: un fondo da 100mila euro a sostegno garantito dalla Provincia, e un tavolo trasporto con Dolomitibus per integrare pubblico e privato. Ecco, nel 2021 dovremo continuare su questa strada, per creare alternative sostenibili, giochi di squadra e guardare cos\u00ec oltre la crisi. <\/span><span class=\"s1\">Allo stesso modo stiamo lavorando su tutto quello che riguarda il Superbonus 110%, grande occasione per un settore, quello della casa, che era fermo da anni. Il fatto di intervenire sull\u2019edilizia esistente e riqualificarla non \u00e8 un\u2019occasione solo per il mercato e il lavoro, ma anche per il territorio: Confartigianato ci crede da tempo e da tempo \u00e8 attiva per la creazione di modelli di sviluppo sostenibile. Per noi la sostenibilit\u00e0 \u00e8 anche garantire possibilit\u00e0 di sviluppo all\u2019imprenditoria giovane e femminile, motivo per cui anche nel 2021 intendiamo mettere in campo le nostre forze per costruire progetti innovativi e agevolare l\u2019intercettazione di bandi e fondi, cos\u00ec come abbiamo collaborato con la Regione Veneto per l\u2019avvio del percorso di riconoscimento della figura di \u201cmaestro artigiano\u201d. <\/span><span class=\"s1\">Negli ultimi mesi, nonostante le difficolt\u00e0 legate alla situazione Covid, abbiamo avviato il progetto di Business Tools, a supporto della digitalizzazione, oltre a un un percorso apposito per l\u2019occhialeria. La normale prosecuzione nel 2021 ci dar\u00e0 modo di spingere ancora di pi\u00f9 verso la ripresa. <\/span><span class=\"s1\">Sar\u00e0 fondamentale cambiare il profilo del territorio, oggi periferico e chiuso in se stesso. La ricetta per renderlo centrale e aperto al mondo, agli investimenti, ai talenti \u00e8 una fiscalit\u00e0 di vantaggio: adesso i tempi sembrano davvero maturi per dare la svolta. Anche perch\u00e9 abbiamo di fronte una sfida che non possiamo lasciarci sfuggire: le Olimpiadi 2026. Le possibilit\u00e0 per intervenire nelle scelte strategiche che riguardano il territorio, e anche per partecipare al processo di costruzione del grande evento sono enormi: la triangolazione con Fondazione Milano-Cortina, Confartigianato Veneto e Confartigianato Lombardia \u00e8 gi\u00e0 stata avviata. Il palcoscenico olimpico poi sar\u00e0 la vetrina ideale in cui valorizzare i prodotti del made in Belluno e le attivit\u00e0 locali, in continuit\u00e0 con due progetti nati nel 2020 e destinati a proseguire e a crescere. Si tratta di \u201cMirabilia\u201d e \u201cDe Artibus\u201d, sviluppati appositamente per dare valore al \u201csaper fare\u201d bellunese e rilanciare la figura dell\u2019artigiano. Il giusto mix tra strumenti digitali e tradizionali (come la nostra vetrina in Piazzale Resistenza) potr\u00e0 essere la chiave anche nel 2021. Un anno che \u00e8 tutto nelle nostre mani. Perch\u00e9 ogni uomo \u00e8 artigiano del proprio destino. E noi, per l\u2019appunto, siamo artigiani.<\/span><\/em><\/p>\n<\/blockquote>\n","protected":false},"excerpt":{"rendered":"<p>BELLUNO La lettera aperta della presidente di Confartigianato Belluno Claudia Scarzanella per tracciare la strada del 2021. Ci lasciamo alle spalle un anno orribile. Tremendo per molte famiglie, che hanno subito lutti e dolore. Disastroso per le imprese e l\u2019economia. E a pagarne il prezzo pi\u00f9 alto, ancora una volta, sono stati anche gli artigiani,&hellip;<\/p>\n","protected":false},"author":4,"featured_media":182277,"comment_status":"closed","ping_status":"closed","sticky":false,"template":"","format":"standard","meta":{"_monsterinsights_skip_tracking":false,"_monsterinsights_sitenote_active":false,"_monsterinsights_sitenote_note":"","_monsterinsights_sitenote_category":0,"footnotes":""},"categories":[49],"tags":[],"class_list":["post-182276","post","type-post","status-publish","format-standard","has-post-thumbnail","hentry","category-news-18","category-49","description-off"],"img_url":"https:\/\/www.radiopiu.net\/wordpress\/wp-content\/uploads\/2020\/12\/CLAUDIA-SCARZANELLA-CONFARTIGIANATO.png","_links":{"self":[{"href":"https:\/\/www.radiopiu.net\/wordpress\/wp-json\/wp\/v2\/posts\/182276","targetHints":{"allow":["GET"]}}],"collection":[{"href":"https:\/\/www.radiopiu.net\/wordpress\/wp-json\/wp\/v2\/posts"}],"about":[{"href":"https:\/\/www.radiopiu.net\/wordpress\/wp-json\/wp\/v2\/types\/post"}],"author":[{"embeddable":true,"href":"https:\/\/www.radiopiu.net\/wordpress\/wp-json\/wp\/v2\/users\/4"}],"replies":[{"embeddable":true,"href":"https:\/\/www.radiopiu.net\/wordpress\/wp-json\/wp\/v2\/comments?post=182276"}],"version-history":[{"count":0,"href":"https:\/\/www.radiopiu.net\/wordpress\/wp-json\/wp\/v2\/posts\/182276\/revisions"}],"wp:featuredmedia":[{"embeddable":true,"href":"https:\/\/www.radiopiu.net\/wordpress\/wp-json\/wp\/v2\/media\/182277"}],"wp:attachment":[{"href":"https:\/\/www.radiopiu.net\/wordpress\/wp-json\/wp\/v2\/media?parent=182276"}],"wp:term":[{"taxonomy":"category","embeddable":true,"href":"https:\/\/www.radiopiu.net\/wordpress\/wp-json\/wp\/v2\/categories?post=182276"},{"taxonomy":"post_tag","embeddable":true,"href":"https:\/\/www.radiopiu.net\/wordpress\/wp-json\/wp\/v2\/tags?post=182276"}],"curies":[{"name":"wp","href":"https:\/\/api.w.org\/{rel}","templated":true}]}}