{"id":182324,"date":"2020-12-30T16:53:05","date_gmt":"2020-12-30T15:53:05","guid":{"rendered":"https:\/\/www.radiopiu.net\/wordpress\/?p=182324"},"modified":"2020-12-30T16:53:05","modified_gmt":"2020-12-30T15:53:05","slug":"riaperta-la-strada-per-la-valle-di-san-lucano-2","status":"publish","type":"post","link":"https:\/\/www.radiopiu.net\/wordpress\/riaperta-la-strada-per-la-valle-di-san-lucano-2\/","title":{"rendered":"RIAPERTA LA STRADA PER LA VALLE DI SAN LUCANO"},"content":{"rendered":"<p><strong><a href=\"https:\/\/www.radiopiu.net\/wordpress\/giornale-radiopiu-12-01-2017-direttore-mirko-mezzacasa\/palesanlucano1\/\" rel=\"attachment wp-att-27204\"><img loading=\"lazy\" decoding=\"async\" class=\" wp-image-27204 alignleft\" src=\"https:\/\/www.radiopiu.net\/wordpress\/wp-content\/uploads\/2017\/01\/palesanlucano1-300x186.jpg\" alt=\"\" width=\"152\" height=\"94\" \/><\/a>TAIBON<\/strong> \u00c8 stata revocata l&#8217;ordinanza di chiusura della strada che porta a Col Di Pr\u00e0, frazione di Taibon Agordino. La comunale della Valle di San Lucano era stata chiusa luned\u00ec sera in seguito all&#8217;allerta della Protezione Civile per pericolo valanghe di grado 3. Si pu\u00f2 dunque transitare sia a piedi che in macchina a partire da oggi pomeriggio.<\/p>\n","protected":false},"excerpt":{"rendered":"<p>TAIBON \u00c8 stata revocata l&#8217;ordinanza di chiusura della strada che porta a Col Di Pr\u00e0, frazione di Taibon Agordino. La comunale della Valle di San Lucano era stata chiusa luned\u00ec sera in seguito all&#8217;allerta della Protezione Civile per pericolo valanghe di grado 3. Si pu\u00f2 dunque transitare sia a piedi che in macchina a partire&hellip;<\/p>\n","protected":false},"author":4,"featured_media":0,"comment_status":"closed","ping_status":"closed","sticky":false,"template":"","format":"standard","meta":{"_monsterinsights_skip_tracking":false,"_monsterinsights_sitenote_active":false,"_monsterinsights_sitenote_note":"","_monsterinsights_sitenote_category":0,"footnotes":""},"categories":[49],"tags":[],"class_list":["post-182324","post","type-post","status-publish","format-standard","hentry","category-news-18","category-49","description-off"],"img_url":false,"_links":{"self":[{"href":"https:\/\/www.radiopiu.net\/wordpress\/wp-json\/wp\/v2\/posts\/182324","targetHints":{"allow":["GET"]}}],"collection":[{"href":"https:\/\/www.radiopiu.net\/wordpress\/wp-json\/wp\/v2\/posts"}],"about":[{"href":"https:\/\/www.radiopiu.net\/wordpress\/wp-json\/wp\/v2\/types\/post"}],"author":[{"embeddable":true,"href":"https:\/\/www.radiopiu.net\/wordpress\/wp-json\/wp\/v2\/users\/4"}],"replies":[{"embeddable":true,"href":"https:\/\/www.radiopiu.net\/wordpress\/wp-json\/wp\/v2\/comments?post=182324"}],"version-history":[{"count":0,"href":"https:\/\/www.radiopiu.net\/wordpress\/wp-json\/wp\/v2\/posts\/182324\/revisions"}],"wp:attachment":[{"href":"https:\/\/www.radiopiu.net\/wordpress\/wp-json\/wp\/v2\/media?parent=182324"}],"wp:term":[{"taxonomy":"category","embeddable":true,"href":"https:\/\/www.radiopiu.net\/wordpress\/wp-json\/wp\/v2\/categories?post=182324"},{"taxonomy":"post_tag","embeddable":true,"href":"https:\/\/www.radiopiu.net\/wordpress\/wp-json\/wp\/v2\/tags?post=182324"}],"curies":[{"name":"wp","href":"https:\/\/api.w.org\/{rel}","templated":true}]}}