{"id":182356,"date":"2020-12-30T18:20:00","date_gmt":"2020-12-30T17:20:00","guid":{"rendered":"https:\/\/www.radiopiu.net\/wordpress\/?p=182356"},"modified":"2020-12-30T18:20:00","modified_gmt":"2020-12-30T17:20:00","slug":"il-piano-vaccinale-anticovid-dellulss-1-dolomiti","status":"publish","type":"post","link":"https:\/\/www.radiopiu.net\/wordpress\/il-piano-vaccinale-anticovid-dellulss-1-dolomiti\/","title":{"rendered":"IL PIANO VACCINALE ANTICOVID DELL&#8217;ULSS 1 DOLOMITI"},"content":{"rendered":"<p><strong><a href=\"https:\/\/www.radiopiu.net\/wordpress\/vaccini-per-gli-anziani-artrite-psoriasica-prodotti-di-tabacco-a-basso-rischio\/dettaglio-del-vaccino-in-laboratorio_78895-1491\/\" rel=\"attachment wp-att-116862\"><img loading=\"lazy\" decoding=\"async\" class=\"size-medium wp-image-116862 alignleft\" src=\"https:\/\/www.radiopiu.net\/wordpress\/wp-content\/uploads\/2020\/02\/dettaglio-del-vaccino-in-laboratorio_78895-1491-300x200.jpg\" alt=\"\" width=\"300\" height=\"200\" srcset=\"https:\/\/www.radiopiu.net\/wordpress\/wp-content\/uploads\/2020\/02\/dettaglio-del-vaccino-in-laboratorio_78895-1491-300x200.jpg 300w, https:\/\/www.radiopiu.net\/wordpress\/wp-content\/uploads\/2020\/02\/dettaglio-del-vaccino-in-laboratorio_78895-1491.jpg 626w\" sizes=\"auto, (max-width: 300px) 100vw, 300px\" \/><\/a>BELLUNO <\/strong>L\u2019Ulss Dolomiti ha perfezionato e inviato in Regione il piano per la vaccinazione anti covid per le prossime settimane, che potr\u00e0 essere eventualmente aggiornato in base ai quantitativi di vaccini consegnati. Come da linee guida nazionali e regionali, nella prima fase saranno vaccinati gli operatori sanitari e gli ospiti e personale delle case di riposo. <strong><u>Operatori Ospedalieri: <\/u><\/strong>In particolare, la vaccinazione del personale ospedaliero, partita domenica 27 dicembre con le prime dosi e proseguita gi\u00e0 nel pomeriggio di oggi con le ulteriori dosi arrivate in mattinata. Agli operatori sanitari ospedalieri, per ragioni logistiche, sono stati assimilati gli hospice, \u00a0gli ospedali di comunit\u00e0 e gli ospedali convenzionati. Saranno vaccinati prioritariamente gli operatori delle unit\u00e0 operative direttamente coinvolte nell\u2019assistenza dei malati Covid. I restanti operatori ospedalieri verranno vaccinati progressivamente in base alle dosi progressivamente sulla base dei quantitativi di vaccino consegnati. <strong><u>V-Day dedicati:\u00a0<\/u><\/strong>Sono stati programmati due Vaccination Day in modalit\u00e0 drive-in all\u2019ospedale San Martino di Belluno dalle 8.30 alle 17.30 per Medici del territorio (Medici di Medicina Generale, Pediatri di libera scelta, Medici di continuit\u00e0 assistenziale, USCA, etc) \u2013 circa 250 soggetti \u2013 domenica 3 gennaio 2021, operatori dell\u2019emergenza medica 118 &#8211; circa 250 soggetti \u2013 domenica 10 gennaio 2021<strong>. <\/strong>Il team vaccinale sar\u00e0 composto da medici e assistenti sanitari del Dipartimento di Prevenzione coadiuvati da professionisti dei distretti e del 118. <strong>Operatori e Ospiti delle strutture residenziali territoriali: <\/strong>Parallelamente all\u2019offerta vaccinale in ambito ospedaliero, verr\u00e0 garantita l\u2019immunizzazione degli operatori e degli ospiti delle strutture residenziali del territorio. <strong>Operatori del territorio: <\/strong>Verr\u00e0 attivata l\u2019immunizzazione degli operatori di tutte le categorie professionali sanitarie del territorio , inclusi gli operatori delle strutture sanitarie private (distretti, dipartimento di prevenzione, poliambulatori, studi odontoiatrici, altri operatori degli studi dei medici di famiglia etc). <strong>Lavoratori dei servizi essenziali: <\/strong>Sempre in modalit\u00e0 drive-in , o in alternativa in grandi spazi, sar\u00e0 successivamente garantita l\u2019immunizzazione dei numerosi lavoratori essenziali e dei soggetti ad essi assimilati: forze dell\u2019ordine, forze armate, vigili del fuoco, protezione civile, addetti ai trasporti pubblici e addetti al trasporto di prodotti di prima necessit\u00e0, farmacisti, donatori di sangue ed emocomponenti, insegnanti e personale scolastico, addetti ai servizi postali, personale delle carceri e dei luoghi di comunit\u00e0, operatori della pubblica amministrazione. <strong>O<\/strong><strong>fferta vaccinale per la popolazione: <\/strong>L\u2019offerta vaccinale per la popolazione vaccinale generale seguir\u00e0 i criteri organizzativi definiti dalle linee di indirizzo regionale. L\u2019immunizzazione della popolazione generale assumer\u00e0 come criterio di priorit\u00e0 la vaccinazione primaria dei soggetti pi\u00f9 anziani a fragili. Per questa importantissima fase di offerta vaccinale assumeranno un insostituibile ruolo i Medici di Medicina Generale. Ai soggetti che presenteranno difficolt\u00e0 di accesso ai centri vaccinali sar\u00e0 garantita dai Medici di Famiglia, operatori USCA ADI la vaccinazione a domicilio.<\/p>\n","protected":false},"excerpt":{"rendered":"<p>BELLUNO L\u2019Ulss Dolomiti ha perfezionato e inviato in Regione il piano per la vaccinazione anti covid per le prossime settimane, che potr\u00e0 essere eventualmente aggiornato in base ai quantitativi di vaccini consegnati. Come da linee guida nazionali e regionali, nella prima fase saranno vaccinati gli operatori sanitari e gli ospiti e personale delle case di&hellip;<\/p>\n","protected":false},"author":4,"featured_media":116862,"comment_status":"closed","ping_status":"closed","sticky":false,"template":"","format":"standard","meta":{"_monsterinsights_skip_tracking":false,"_monsterinsights_sitenote_active":false,"_monsterinsights_sitenote_note":"","_monsterinsights_sitenote_category":0,"footnotes":""},"categories":[49],"tags":[],"class_list":["post-182356","post","type-post","status-publish","format-standard","has-post-thumbnail","hentry","category-news-18","category-49","description-off"],"img_url":"https:\/\/www.radiopiu.net\/wordpress\/wp-content\/uploads\/2020\/02\/dettaglio-del-vaccino-in-laboratorio_78895-1491.jpg","_links":{"self":[{"href":"https:\/\/www.radiopiu.net\/wordpress\/wp-json\/wp\/v2\/posts\/182356","targetHints":{"allow":["GET"]}}],"collection":[{"href":"https:\/\/www.radiopiu.net\/wordpress\/wp-json\/wp\/v2\/posts"}],"about":[{"href":"https:\/\/www.radiopiu.net\/wordpress\/wp-json\/wp\/v2\/types\/post"}],"author":[{"embeddable":true,"href":"https:\/\/www.radiopiu.net\/wordpress\/wp-json\/wp\/v2\/users\/4"}],"replies":[{"embeddable":true,"href":"https:\/\/www.radiopiu.net\/wordpress\/wp-json\/wp\/v2\/comments?post=182356"}],"version-history":[{"count":0,"href":"https:\/\/www.radiopiu.net\/wordpress\/wp-json\/wp\/v2\/posts\/182356\/revisions"}],"wp:featuredmedia":[{"embeddable":true,"href":"https:\/\/www.radiopiu.net\/wordpress\/wp-json\/wp\/v2\/media\/116862"}],"wp:attachment":[{"href":"https:\/\/www.radiopiu.net\/wordpress\/wp-json\/wp\/v2\/media?parent=182356"}],"wp:term":[{"taxonomy":"category","embeddable":true,"href":"https:\/\/www.radiopiu.net\/wordpress\/wp-json\/wp\/v2\/categories?post=182356"},{"taxonomy":"post_tag","embeddable":true,"href":"https:\/\/www.radiopiu.net\/wordpress\/wp-json\/wp\/v2\/tags?post=182356"}],"curies":[{"name":"wp","href":"https:\/\/api.w.org\/{rel}","templated":true}]}}