{"id":182448,"date":"2020-12-31T10:37:35","date_gmt":"2020-12-31T09:37:35","guid":{"rendered":"https:\/\/www.radiopiu.net\/wordpress\/?p=182448"},"modified":"2020-12-31T10:37:35","modified_gmt":"2020-12-31T09:37:35","slug":"in-viaggio-per-il-niente-di-domenico-cassano","status":"publish","type":"post","link":"https:\/\/www.radiopiu.net\/wordpress\/in-viaggio-per-il-niente-di-domenico-cassano\/","title":{"rendered":"IN VIAGGIO PER IL NIENTE di DOMENICO CASSANO"},"content":{"rendered":"<p><span style=\"font-family: Bahnschrift Light, sans-serif; font-size: large;\">AUDIO<\/span><\/p>\n<audio class=\"wp-audio-shortcode\" id=\"audio-182448-1\" preload=\"none\" style=\"width: 100%;\" controls=\"controls\"><source type=\"audio\/mpeg\" src=\"https:\/\/www.radiopiu.net\/wordpress\/wp-content\/uploads\/2020\/12\/04-IN-VIAGGIO-PER-IL-NIENTE-DOMENICO-CASSANO.mp3?_=1\" \/><a href=\"https:\/\/www.radiopiu.net\/wordpress\/wp-content\/uploads\/2020\/12\/04-IN-VIAGGIO-PER-IL-NIENTE-DOMENICO-CASSANO.mp3\">https:\/\/www.radiopiu.net\/wordpress\/wp-content\/uploads\/2020\/12\/04-IN-VIAGGIO-PER-IL-NIENTE-DOMENICO-CASSANO.mp3<\/a><\/audio>\n<p>&nbsp;<\/p>\n<p><span style=\"font-family: Bahnschrift Light, sans-serif;\"><span style=\"font-size: large;\"><img loading=\"lazy\" decoding=\"async\" class=\"alignleft\" src=\"https:\/\/www.radiopiu.net\/wordpress\/wp-content\/uploads\/2020\/05\/DOMENICO-CASSANO-FOTO-300x300.jpg\" width=\"142\" height=\"142\" \/>IN VIAGGIO PER IL NIENTE<\/span><\/span><\/p>\n<p><span style=\"font-family: Bahnschrift Light, sans-serif;\"><span style=\"font-size: large;\">Non stringermi cos\u00ec forte,<\/span><\/span><\/p>\n<p><span style=\"font-family: Bahnschrift Light, sans-serif;\"><span style=\"font-size: large;\">fallo piano.<\/span><\/span><\/p>\n<p><span style=\"font-family: Bahnschrift Light, sans-serif;\"><span style=\"font-size: large;\">Respirer\u00f2 il tuo respiro,<\/span><\/span><\/p>\n<p><span style=\"font-family: Bahnschrift Light, sans-serif;\"><span style=\"font-size: large;\">perch\u00e8 ti amo.<\/span><\/span><\/p>\n<p><span style=\"font-family: Bahnschrift Light, sans-serif;\"><span style=\"font-size: large;\">Ritrover\u00f2 il ricordo,<\/span><\/span><\/p>\n<p><span style=\"font-family: Bahnschrift Light, sans-serif;\"><span style=\"font-size: large;\">nel mio ricordo.<\/span><\/span><\/p>\n<p><span style=\"font-family: Bahnschrift Light, sans-serif;\"><span style=\"font-size: large;\">Non volare lontano.<\/span><\/span><\/p>\n<p><span style=\"font-family: Bahnschrift Light, sans-serif;\"><span style=\"font-size: large;\">E&#8217; qui la mia mano<\/span><\/span><\/p>\n<p><span style=\"font-family: Bahnschrift Light, sans-serif;\"><span style=\"font-size: large;\">L&#8217;essenza \u00e8 la noia.<\/span><\/span><\/p>\n<p><span style=\"font-family: Bahnschrift Light, sans-serif;\"><span style=\"font-size: large;\">L&#8217; idea&#8230;<\/span><\/span><\/p>\n<p><span style=\"font-family: Bahnschrift Light, sans-serif;\"><span style=\"font-size: large;\">e&#8217; in viaggio&#8230;per il niente.<\/span><\/span><\/p>\n","protected":false},"excerpt":{"rendered":"<p>AUDIO &nbsp; IN VIAGGIO PER IL NIENTE Non stringermi cos\u00ec forte, fallo piano. Respirer\u00f2 il tuo respiro, perch\u00e8 ti amo. Ritrover\u00f2 il ricordo, nel mio ricordo. Non volare lontano. E&#8217; qui la mia mano L&#8217;essenza \u00e8 la noia. L&#8217; idea&#8230; e&#8217; in viaggio&#8230;per il niente.<\/p>\n","protected":false},"author":4,"featured_media":136035,"comment_status":"closed","ping_status":"closed","sticky":false,"template":"","format":"standard","meta":{"_monsterinsights_skip_tracking":false,"_monsterinsights_sitenote_active":false,"_monsterinsights_sitenote_note":"","_monsterinsights_sitenote_category":0,"footnotes":""},"categories":[22,49],"tags":[],"class_list":["post-182448","post","type-post","status-publish","format-standard","has-post-thumbnail","hentry","category-invivoverso","category-news-18","category-22","category-49","description-off"],"img_url":"https:\/\/www.radiopiu.net\/wordpress\/wp-content\/uploads\/2020\/05\/DOMENICO-CASSANO-FOTO.jpg","_links":{"self":[{"href":"https:\/\/www.radiopiu.net\/wordpress\/wp-json\/wp\/v2\/posts\/182448","targetHints":{"allow":["GET"]}}],"collection":[{"href":"https:\/\/www.radiopiu.net\/wordpress\/wp-json\/wp\/v2\/posts"}],"about":[{"href":"https:\/\/www.radiopiu.net\/wordpress\/wp-json\/wp\/v2\/types\/post"}],"author":[{"embeddable":true,"href":"https:\/\/www.radiopiu.net\/wordpress\/wp-json\/wp\/v2\/users\/4"}],"replies":[{"embeddable":true,"href":"https:\/\/www.radiopiu.net\/wordpress\/wp-json\/wp\/v2\/comments?post=182448"}],"version-history":[{"count":0,"href":"https:\/\/www.radiopiu.net\/wordpress\/wp-json\/wp\/v2\/posts\/182448\/revisions"}],"wp:featuredmedia":[{"embeddable":true,"href":"https:\/\/www.radiopiu.net\/wordpress\/wp-json\/wp\/v2\/media\/136035"}],"wp:attachment":[{"href":"https:\/\/www.radiopiu.net\/wordpress\/wp-json\/wp\/v2\/media?parent=182448"}],"wp:term":[{"taxonomy":"category","embeddable":true,"href":"https:\/\/www.radiopiu.net\/wordpress\/wp-json\/wp\/v2\/categories?post=182448"},{"taxonomy":"post_tag","embeddable":true,"href":"https:\/\/www.radiopiu.net\/wordpress\/wp-json\/wp\/v2\/tags?post=182448"}],"curies":[{"name":"wp","href":"https:\/\/api.w.org\/{rel}","templated":true}]}}