{"id":182523,"date":"2021-01-01T13:28:47","date_gmt":"2021-01-01T12:28:47","guid":{"rendered":"https:\/\/www.radiopiu.net\/wordpress\/?p=182523"},"modified":"2021-01-01T14:12:38","modified_gmt":"2021-01-01T13:12:38","slug":"si-chiama-matilde-la-prima-nata-del-2021-in-ulss-1-dolomiti","status":"publish","type":"post","link":"https:\/\/www.radiopiu.net\/wordpress\/si-chiama-matilde-la-prima-nata-del-2021-in-ulss-1-dolomiti\/","title":{"rendered":"SI CHIAMA MATILDE LA PRIMA NATA DEL 2021 IN ULSS 1 DOLOMITI"},"content":{"rendered":"<p><strong><a href=\"https:\/\/www.radiopiu.net\/wordpress\/si-chiama-matilde-la-prima-nata-del-2021-in-ulss-1-dolomiti\/matilde-prima-nata-2021\/\" rel=\"attachment wp-att-182524\"><img loading=\"lazy\" decoding=\"async\" class=\"size-medium wp-image-182524 alignleft\" src=\"https:\/\/www.radiopiu.net\/wordpress\/wp-content\/uploads\/2021\/01\/Matilde-prima-nata-2021-300x146.jpg\" alt=\"\" width=\"300\" height=\"146\" srcset=\"https:\/\/www.radiopiu.net\/wordpress\/wp-content\/uploads\/2021\/01\/Matilde-prima-nata-2021-300x146.jpg 300w, https:\/\/www.radiopiu.net\/wordpress\/wp-content\/uploads\/2021\/01\/Matilde-prima-nata-2021-1024x497.jpg 1024w, https:\/\/www.radiopiu.net\/wordpress\/wp-content\/uploads\/2021\/01\/Matilde-prima-nata-2021-768x373.jpg 768w, https:\/\/www.radiopiu.net\/wordpress\/wp-content\/uploads\/2021\/01\/Matilde-prima-nata-2021-1536x746.jpg 1536w, https:\/\/www.radiopiu.net\/wordpress\/wp-content\/uploads\/2021\/01\/Matilde-prima-nata-2021.jpg 1600w\" sizes=\"auto, (max-width: 300px) 100vw, 300px\" \/><\/a>BELLUNO <\/strong>Alle 6.29 di questa mattina, all\u2019ospedale di Belluno, \u00e8 venuta alla luce Matilde, la prima bambina nata nel 2021 in Ulss Dolomiti. I genitori abitano a Longarone. All\u2019ospedale di Feltre la prima nata \u00e8 stata Ginevra (di Valdobbiadene) alle 7.28. Il 2020 si \u00e8 chiuso con la nascita di Sebastiano (di Caerano San Marco) alle 12.30 del 31 dicembre 2020 all\u2019ospedale di Feltre. All\u2019ospedale di Belluno l\u2019ultima nata \u00e8 stata Aurora, alle 13.24 del 30 dicembre. Il 2020 si chiude con un trend di numero di nuovi nati in crescita (609 nuovi nati a Belluno, circa 760 a Feltre). <strong>Qui Belluno: <\/strong>\u00abNonostante il calo delle nascite a livello nazionale, il dato registrato a livello locale \u00e8 decisamente in controtendenza (a Belluno +2,8%). I nuovi nati nel 2020 sono stati 609 rispetto ai 590 del 2019\u00bb, spiega il Direttore della Ostetricia e Ginecologia di Belluno Fabio Tandurella. \u00ab<em>Un risultato che porta un messaggio positivo in un periodo cos\u00ec complesso a causa della pandemia e che fa ben sperare per la nostra provincia, gi\u00e0 di suo appesantita da problemi di spopolamento e invecchiamento.\u00a0<\/em><em>Hanno contribuito gli elevati livelli di assistenza ai parti garantiti dall\u2019 efficiente lavoro di equipe multidisciplinare che coinvolge professionalit\u00e0 diverse quali ginecologi, pediatri, ostetriche, infermiere, anestesisti, puericultrici e operatori sanitari di vario genere.\u00a0<\/em><em>Il punto di forza per entrambi i punti nascita \u00e8 la strutturazione di un percorso comune che parte dalla presa in carico e continua con il supporto alle neo mamme che vivono un momento delicato e di fragilit\u00e0.\u00a0<\/em><em>Alle mamme \u00e8 stata garantita una nascita il pi\u00f9 possibile naturale, la presenza del pap\u00e0 in sala parto e il bimbo in camera con la mamma in regime di rooming-ing per favorire l allattamento al seno.\u00a0 <\/em><em>I\u00a0 punti nascita non hanno mai cessato di essere vicini alle neo-mamme durante il lockdown, organizzando \u00a0corsi a distanza di accompagnamento al parto, in risposta anche ai tanti dubbi e domande generate dall&#8217;ansia dettata dalla pandemia.\u00a0 <\/em><em>Un Grazie alla dedizione del gruppo delle ostetriche che oltre all\u2019aspetto professionale curano il rapporto umano, ricordando che Il parto non \u00e8 un atto medico ma il momento pi\u00f9 intenso della vita di coppia . <\/em><em>Grazie anche ad Anestesisti , pediatri e ginecologi che collaborano attivamente a questo percorso molto apprezzato dalle coppie<\/em>\u00bb, conclude Tandurella. <strong>Qui Feltre: <\/strong>\u00ab<em>Parlare male dell&#8217;anno che si sta concludendo \u00e8 fin troppo facile! <\/em><em>Per questo abbiamo cercato, in questo momento in cui inevitabilmente si devono fare bilanci, di concentrarci su ci\u00f2 che di positivo \u00e8 avvenuto in questo periodo critico. <\/em><em>Siamo orgogliosi di essere riusciti a mantenere stabile, rispetto allo scorso anno,\u00a0 il numero dei bambini nati nel nostro punto nascita, considerato il trend in continuo calo che si registra su tutto il territorio nazionale. <\/em><em>La necessit\u00e0 di limitare il pi\u00f9 possibile gli accessi alla nostra U.O., ci ha permesso di sperimentare\u00a0 modalit\u00e0 alternative di vicinanza con le donne. Con questi nuovi mezzi di comunicazione abbiamo nel tempo preso una certa dimestichezza e ne abbiamo tratto soddisfazione in termini di adesione e apprezzamento da parte delle pazienti, soprattutto gravide. <\/em><em>Gi\u00e0 da marzo di quest&#8217;anno abbiamo organizzato incontri a cadenza settimanale attraverso la piattaforma Meet, rivolto a tutte le gravide seguite nei nostri ambulatori, allo scopo di aggiornarle sulle modalit\u00e0 organizzative che si stavano mettendo in atto in risposta alla diffusione del Corona Virus. Il nostro intento era quello di far s\u00ec che le donne ricevessero informazioni chiare, precise e coerenti con il nostro modello organizzativo, al fine di consentir loro scelte consapevoli. Si voleve evitare che il panico che si stava facendo strada nella popolazione, poco vantaggioso, lasciasse il posto ad una pi\u00f9 ragionevole preoccupazione, inevitabile per il momento storico che si stava vivendo. <\/em><em>Nel periodo estivo, con i favori della bella stagione e di un periodo di tregua della pandemia,\u00a0 abbiamo organizzato i corsi di preparazione al parto in piccoli gruppi, all&#8217;aperto. E&#8217; stata una bella esperienza, molto apprezzata dalle donne, che sentivano la necessit\u00e0 di incontri tra pari, vis a vis, per condividere emozioni, dubbi, preoccupazioni. <\/em><em>Fin dall&#8217;inizio della pandemia ci siamo spesi per mantenere il pi\u00f9 possibile l&#8217;integrit\u00e0 del percorso nascita, senza naturalmente perdere di vista l&#8217;attenzione alla massima sicurezza di mamma e bambino. Partendo dalla consapevolezza che la gravidanza e il parto non sono semplicemente\u00a0 un evento biologico, ma\u00a0 rappresentano un&#8217;esperienza unica ed irripetibile per la coppia, il mantenimento per quanto possibile dell&#8217;integrit\u00e0 della triade madre-padre-neonato, ha rappresentato da subito un nostro obiettivo prioritario. Siamo riusciti a garantire costantemente la presenza dei pap\u00e0 durante il travaglio ed il parto, anche a fronte di positivit\u00e0 per Covid della mamma. <\/em><em>In presenza di tampone Covid negativo, poi, abbiamo mantenuto il libero accesso diurno per i pap\u00e0 durante tutta la degenza della propria compagna. Questo approccio ci ha permesso di mantenere i nostri standard\u00a0 per quanto riguarda i tassi\u00a0 dell&#8217;allattamento materno, la cui promozione e sostegno rappresentano da anni uno dei nostri principali cavalli di battaglia, e forti delle indicazioni fornite dalle pi\u00f9 autorevoli societ\u00e0 scientifiche, abbiamo incoraggiato l&#8217;allattamento materno anche nelle donne Covid positive, con grande soddisfazione nostra e ancor pi\u00f9 delle mamme. <\/em><em>Anche le indicazioni aziendali di impedire l&#8217;accesso al reparto di degenza di visitatori diversi dal marito\/partner, che\u00a0 inizialmente erano state viste come un vincolo pesante, successivamente si sono trasformate in opportunit\u00e0: l&#8217;assenza di confusione e dell&#8217;abituale ressa negli orari di visita, ha permesso alla coppia di godere\u00a0 appieno dell&#8217;intimit\u00e0 del momento, lontani da intrusioni\u00a0 e di vivere, almeno per i pochi giorni di degenza, l&#8217;esperienza della nascita del proprio bambino come nucleo familiare in senso stretto. <\/em><em>&#8220;Quello che noi\u00a0 abbiamo fatto \u00e8 solo una goccia nell&#8217;oceano, ma se non l&#8217;avessimo fatto l&#8217;oceano avrebbe una goccia in meno<\/em>&#8220;,<em> parafrasando\u00a0 Madre Teresa di Calcutta<\/em>\u00bb raccontano il direttore della Ginecologia e Ostetricia di Feltre Laura Favretti e la caposala Elda Cengia.<\/p>\n<p><strong>LE FOTO\u00a0<\/strong><\/p>\n\n\t\t\t<style type='text\/css'>\n\t\t\t\t#gallery-1 {\n\t\t\t\t\tmargin: auto;\n\t\t\t\t}\n\t\t\t\t#gallery-1 .gallery-item {\n\t\t\t\t\tfloat: left;\n\t\t\t\t\tmargin-top: 10px;\n\t\t\t\t\ttext-align: center;\n\t\t\t\t\twidth: 33%;\n\t\t\t\t}\n\t\t\t\t#gallery-1 img {\n\t\t\t\t\tborder: 2px solid #cfcfcf;\n\t\t\t\t}\n\t\t\t\t#gallery-1 .gallery-caption {\n\t\t\t\t\tmargin-left: 0;\n\t\t\t\t}\n\t\t\t\t\/* see gallery_shortcode() in wp-includes\/media.php *\/\n\t\t\t<\/style>\n\t\t<div id='gallery-1' class='dt-gallery-container gallery galleryid-182523 gallery-columns-3 gallery-size-thumbnail'><dl class='gallery-item'>\n\t\t\t\t<dt class='gallery-icon landscape'>\n\t\t\t\t\t<a class=\"rollover rollover-zoom dt-pswp-item\" title=\"Matilde prima nata 2021\" data-dt-img-description=\"\" data-large_image_width=\"1600\" data-large_image_height=\"777\"href='https:\/\/www.radiopiu.net\/wordpress\/wp-content\/uploads\/2021\/01\/Matilde-prima-nata-2021.jpg'><img loading=\"lazy\" decoding=\"async\" width=\"150\" height=\"150\" src=\"https:\/\/www.radiopiu.net\/wordpress\/wp-content\/uploads\/2021\/01\/Matilde-prima-nata-2021-150x150.jpg\" class=\"attachment-thumbnail size-thumbnail\" alt=\"\" aria-describedby=\"gallery-1-182524\" \/><\/a>\n\t\t\t\t<\/dt>\n\t\t\t\t\t<dd class='wp-caption-text gallery-caption' id='gallery-1-182524'>\n\t\t\t\t\tMATILDE LA PRIMA NATA\n\t\t\t\t\t<\/dd><\/dl><dl class='gallery-item'>\n\t\t\t\t<dt class='gallery-icon landscape'>\n\t\t\t\t\t<a class=\"rollover rollover-zoom dt-pswp-item\" title=\"Ginevra prima nata a Feltre\" data-dt-img-description=\"\" data-large_image_width=\"1024\" data-large_image_height=\"768\"href='https:\/\/www.radiopiu.net\/wordpress\/wp-content\/uploads\/2021\/01\/Ginevra-prima-nata-a-Feltre.jpg'><img loading=\"lazy\" decoding=\"async\" width=\"150\" height=\"150\" src=\"https:\/\/www.radiopiu.net\/wordpress\/wp-content\/uploads\/2021\/01\/Ginevra-prima-nata-a-Feltre-150x150.jpg\" class=\"attachment-thumbnail size-thumbnail\" alt=\"\" aria-describedby=\"gallery-1-182525\" \/><\/a>\n\t\t\t\t<\/dt>\n\t\t\t\t\t<dd class='wp-caption-text gallery-caption' id='gallery-1-182525'>\n\t\t\t\t\tGINEVRA PRIMA NATA A FELTRE\n\t\t\t\t\t<\/dd><\/dl><dl class='gallery-item'>\n\t\t\t\t<dt class='gallery-icon landscape'>\n\t\t\t\t\t<a class=\"rollover rollover-zoom dt-pswp-item\" title=\"Sebastiano_ultimo nato 2020\" data-dt-img-description=\"\" data-large_image_width=\"1500\" data-large_image_height=\"1500\"href='https:\/\/www.radiopiu.net\/wordpress\/wp-content\/uploads\/2021\/01\/Sebastiano_ultimo-nato-2020.jpg'><img loading=\"lazy\" decoding=\"async\" width=\"150\" height=\"150\" src=\"https:\/\/www.radiopiu.net\/wordpress\/wp-content\/uploads\/2021\/01\/Sebastiano_ultimo-nato-2020-150x150.jpg\" class=\"attachment-thumbnail size-thumbnail\" alt=\"\" aria-describedby=\"gallery-1-182526\" srcset=\"https:\/\/www.radiopiu.net\/wordpress\/wp-content\/uploads\/2021\/01\/Sebastiano_ultimo-nato-2020-150x150.jpg 150w, https:\/\/www.radiopiu.net\/wordpress\/wp-content\/uploads\/2021\/01\/Sebastiano_ultimo-nato-2020-300x300.jpg 300w, https:\/\/www.radiopiu.net\/wordpress\/wp-content\/uploads\/2021\/01\/Sebastiano_ultimo-nato-2020-1024x1024.jpg 1024w, https:\/\/www.radiopiu.net\/wordpress\/wp-content\/uploads\/2021\/01\/Sebastiano_ultimo-nato-2020-768x768.jpg 768w, https:\/\/www.radiopiu.net\/wordpress\/wp-content\/uploads\/2021\/01\/Sebastiano_ultimo-nato-2020.jpg 1500w\" sizes=\"auto, (max-width: 150px) 100vw, 150px\" \/><\/a>\n\t\t\t\t<\/dt>\n\t\t\t\t\t<dd class='wp-caption-text gallery-caption' id='gallery-1-182526'>\n\t\t\t\t\tSEBASTIANO, ULTIMO NATO DEL 2020\n\t\t\t\t\t<\/dd><\/dl><br style=\"clear: both\" \/>\n\t\t\t<\/div>\n\n","protected":false},"excerpt":{"rendered":"<p>BELLUNO Alle 6.29 di questa mattina, all\u2019ospedale di Belluno, \u00e8 venuta alla luce Matilde, la prima bambina nata nel 2021 in Ulss Dolomiti. I genitori abitano a Longarone. All\u2019ospedale di Feltre la prima nata \u00e8 stata Ginevra (di Valdobbiadene) alle 7.28. Il 2020 si \u00e8 chiuso con la nascita di Sebastiano (di Caerano San Marco)&hellip;<\/p>\n","protected":false},"author":4,"featured_media":182524,"comment_status":"closed","ping_status":"closed","sticky":false,"template":"","format":"standard","meta":{"_monsterinsights_skip_tracking":false,"_monsterinsights_sitenote_active":false,"_monsterinsights_sitenote_note":"","_monsterinsights_sitenote_category":0,"footnotes":""},"categories":[49],"tags":[],"class_list":["post-182523","post","type-post","status-publish","format-standard","has-post-thumbnail","hentry","category-news-18","category-49","description-off"],"img_url":"https:\/\/www.radiopiu.net\/wordpress\/wp-content\/uploads\/2021\/01\/Matilde-prima-nata-2021.jpg","_links":{"self":[{"href":"https:\/\/www.radiopiu.net\/wordpress\/wp-json\/wp\/v2\/posts\/182523","targetHints":{"allow":["GET"]}}],"collection":[{"href":"https:\/\/www.radiopiu.net\/wordpress\/wp-json\/wp\/v2\/posts"}],"about":[{"href":"https:\/\/www.radiopiu.net\/wordpress\/wp-json\/wp\/v2\/types\/post"}],"author":[{"embeddable":true,"href":"https:\/\/www.radiopiu.net\/wordpress\/wp-json\/wp\/v2\/users\/4"}],"replies":[{"embeddable":true,"href":"https:\/\/www.radiopiu.net\/wordpress\/wp-json\/wp\/v2\/comments?post=182523"}],"version-history":[{"count":0,"href":"https:\/\/www.radiopiu.net\/wordpress\/wp-json\/wp\/v2\/posts\/182523\/revisions"}],"wp:featuredmedia":[{"embeddable":true,"href":"https:\/\/www.radiopiu.net\/wordpress\/wp-json\/wp\/v2\/media\/182524"}],"wp:attachment":[{"href":"https:\/\/www.radiopiu.net\/wordpress\/wp-json\/wp\/v2\/media?parent=182523"}],"wp:term":[{"taxonomy":"category","embeddable":true,"href":"https:\/\/www.radiopiu.net\/wordpress\/wp-json\/wp\/v2\/categories?post=182523"},{"taxonomy":"post_tag","embeddable":true,"href":"https:\/\/www.radiopiu.net\/wordpress\/wp-json\/wp\/v2\/tags?post=182523"}],"curies":[{"name":"wp","href":"https:\/\/api.w.org\/{rel}","templated":true}]}}