{"id":182550,"date":"2021-01-01T15:31:31","date_gmt":"2021-01-01T14:31:31","guid":{"rendered":"https:\/\/www.radiopiu.net\/wordpress\/?p=182550"},"modified":"2021-01-01T15:31:31","modified_gmt":"2021-01-01T14:31:31","slug":"duemilaventuno-di-john-francis-della-pietra","status":"publish","type":"post","link":"https:\/\/www.radiopiu.net\/wordpress\/duemilaventuno-di-john-francis-della-pietra\/","title":{"rendered":"DUEMILAVENTUNO di JOHN FRANCIS DELLA PIETRA"},"content":{"rendered":"<ul>\n<li><strong>AUDIO<\/strong><\/li>\n<\/ul>\n<audio class=\"wp-audio-shortcode\" id=\"audio-182550-1\" preload=\"none\" style=\"width: 100%;\" controls=\"controls\"><source type=\"audio\/mpeg\" src=\"https:\/\/www.radiopiu.net\/wordpress\/wp-content\/uploads\/2020\/12\/05-2021-JONH-FRANCIS-DELLA-PIETRA.mp3?_=1\" \/><a href=\"https:\/\/www.radiopiu.net\/wordpress\/wp-content\/uploads\/2020\/12\/05-2021-JONH-FRANCIS-DELLA-PIETRA.mp3\">https:\/\/www.radiopiu.net\/wordpress\/wp-content\/uploads\/2020\/12\/05-2021-JONH-FRANCIS-DELLA-PIETRA.mp3<\/a><\/audio>\n<p>&nbsp;<\/p>\n<p>&nbsp;<\/p>\n<p>&nbsp;<\/p>\n<p><span style=\"font-family: Verdana, sans-serif;\"><span style=\"font-size: large;\"><img loading=\"lazy\" decoding=\"async\" class=\"alignleft\" src=\"https:\/\/www.radiopiu.net\/wordpress\/wp-content\/uploads\/2021\/01\/JOHN-FRANCIS-DELLA-PIETRA-FOTO.jpg\" width=\"219\" height=\"155\" \/>DUEMILAVENTUNO<\/span><\/span><\/p>\n<p><span style=\"font-family: Verdana, sans-serif;\"><span style=\"font-size: large;\"><br \/>\nL&#8217;anno che verr\u00e0<br \/>\nChiss\u00e0 come sar\u00e0<br \/>\nPresto lo potremo incontrare<br \/>\nCon lui tutt&#8217;intero dovremo coabitare<br \/>\nDa quello precedente ne stiamo per uscire<br \/>\nPi\u00f9 d&#8217;una rotta sar\u00e0 d&#8217;invertire<br \/>\nNell&#8217;attenta riflessione<br \/>\nCercheremo una via che ci porti di nuovo l&#8217;emozione<br \/>\nDovremo riscoprire l&#8217;umilt\u00e0<br \/>\nPer comprendere della vita terrena la verit\u00e0<br \/>\nCiascuno di noi di ci\u00f2 dev&#8217;esser cosciente<br \/>\nDal pi\u00f9 povero al pi\u00f9 potente<br \/>\nNon sar\u00e0 troppo dura<br \/>\nSe darem ascolto alla natura<br \/>\nCos\u00ec riusciremo a rientrare nella realt\u00e0<br \/>\nPer tornare ad una vivibile normalit\u00e0<br \/>\nE puntare ancora sulla comunit\u00e0<br \/>\nCome nostra necessaria priorit\u00e0<br \/>\nSperiamo che i beni materiali<br \/>\nLascino un po&#8217; di spazio a quelli morali<br \/>\nEccolo lo vedo pian piano che avanza<br \/>\nSilente col suo fardello di speranza<br \/>\nPorta aiuto ad ognuno<br \/>\nT&#8217;abbracciamo volentieri benvenuto<br \/>\n&#8230;duemilaventuno..<\/span><\/span><\/p>\n","protected":false},"excerpt":{"rendered":"<p>AUDIO &nbsp; &nbsp; &nbsp; DUEMILAVENTUNO L&#8217;anno che verr\u00e0 Chiss\u00e0 come sar\u00e0 Presto lo potremo incontrare Con lui tutt&#8217;intero dovremo coabitare Da quello precedente ne stiamo per uscire Pi\u00f9 d&#8217;una rotta sar\u00e0 d&#8217;invertire Nell&#8217;attenta riflessione Cercheremo una via che ci porti di nuovo l&#8217;emozione Dovremo riscoprire l&#8217;umilt\u00e0 Per comprendere della vita terrena la verit\u00e0 Ciascuno di&hellip;<\/p>\n","protected":false},"author":4,"featured_media":182553,"comment_status":"closed","ping_status":"closed","sticky":false,"template":"","format":"standard","meta":{"_monsterinsights_skip_tracking":false,"_monsterinsights_sitenote_active":false,"_monsterinsights_sitenote_note":"","_monsterinsights_sitenote_category":0,"footnotes":""},"categories":[22,49],"tags":[],"class_list":["post-182550","post","type-post","status-publish","format-standard","has-post-thumbnail","hentry","category-invivoverso","category-news-18","category-22","category-49","description-off"],"img_url":"https:\/\/www.radiopiu.net\/wordpress\/wp-content\/uploads\/2021\/01\/JOHN-FRANCIS-DELLA-PIETRA-FOTO.jpg","_links":{"self":[{"href":"https:\/\/www.radiopiu.net\/wordpress\/wp-json\/wp\/v2\/posts\/182550","targetHints":{"allow":["GET"]}}],"collection":[{"href":"https:\/\/www.radiopiu.net\/wordpress\/wp-json\/wp\/v2\/posts"}],"about":[{"href":"https:\/\/www.radiopiu.net\/wordpress\/wp-json\/wp\/v2\/types\/post"}],"author":[{"embeddable":true,"href":"https:\/\/www.radiopiu.net\/wordpress\/wp-json\/wp\/v2\/users\/4"}],"replies":[{"embeddable":true,"href":"https:\/\/www.radiopiu.net\/wordpress\/wp-json\/wp\/v2\/comments?post=182550"}],"version-history":[{"count":0,"href":"https:\/\/www.radiopiu.net\/wordpress\/wp-json\/wp\/v2\/posts\/182550\/revisions"}],"wp:featuredmedia":[{"embeddable":true,"href":"https:\/\/www.radiopiu.net\/wordpress\/wp-json\/wp\/v2\/media\/182553"}],"wp:attachment":[{"href":"https:\/\/www.radiopiu.net\/wordpress\/wp-json\/wp\/v2\/media?parent=182550"}],"wp:term":[{"taxonomy":"category","embeddable":true,"href":"https:\/\/www.radiopiu.net\/wordpress\/wp-json\/wp\/v2\/categories?post=182550"},{"taxonomy":"post_tag","embeddable":true,"href":"https:\/\/www.radiopiu.net\/wordpress\/wp-json\/wp\/v2\/tags?post=182550"}],"curies":[{"name":"wp","href":"https:\/\/api.w.org\/{rel}","templated":true}]}}