{"id":182580,"date":"2021-01-01T23:59:23","date_gmt":"2021-01-01T22:59:23","guid":{"rendered":"https:\/\/www.radiopiu.net\/wordpress\/?p=182580"},"modified":"2021-01-01T18:37:29","modified_gmt":"2021-01-01T17:37:29","slug":"grande-devozione-popolare-in-cansiglio-per-nostra-signora-madonna-del-bosco","status":"publish","type":"post","link":"https:\/\/www.radiopiu.net\/wordpress\/grande-devozione-popolare-in-cansiglio-per-nostra-signora-madonna-del-bosco\/","title":{"rendered":"GRANDE DEVOZIONE POPOLARE IN CANSIGLIO PER \u201cNOSTRA SIGNORA MADONNA DEL BOSCO\u201d"},"content":{"rendered":"<p><strong>di Renato Bona<\/strong><\/p>\n<p>\u201cCansiglio nostra Signora\u201d, \u201cCansiglio la Foresta Maestra\u201d, e: \u201cUna strana domenica in Cansiglio. La foresta segreta del regno sotterraneo\u201d (scritto con Mauro Cutrona; fra l\u2019altro vi \u00e8 ripresa una delle conte di Woolf sulle Dolomiti, con il Cansiglio citato come \u201cCiada de Lamis\u201d, la foresta delle Forre, abitata da potenti maghi neri\u2026 &#8211; ndr.). Sono, fra i tanti, i titoli di tre libri scritti da Vittorio \u201cToio\u201d de Savorgnani, in cui si parla, fra l\u2019altro, della \u201cMadonna del Bosco\u201d. Tramite la gentile signora Sara di \u201cCaverna Cosmica\u201d (la quale ha attivato anche un sito telematico) me lo ha confermato lo stesso autore, persona decisamente squisita oltre che autentico personaggio. E cos\u00ec, spero di soddisfare le aspettative della cara amica Monica Bortoluzzi, \u201cpagota\u201d come lo erano i miei nonni paterni (lui, Beniamino, di Tambre, lei, Antonia, di Valdenogher) ed il mio stesso genitore, Eugenio Bona, classe 1911, la quale mi aveva sollecitato a fare qualche ricerca e ad informare l\u2019utenza Facebook su questa\u2026 storia della Madonna! Nota come \u201cSignora del Cansiglio\u201d ma chiamata anche \u201cMadonna del Bosco\u201d la cui statua si pu\u00f2 ammirare nella localit\u00e0 Calvario di Pian Rosada. Prima, un profilo di de Savorgnani: il padre, friulano (\u201cma mia madre era cimbra del Cansiglio e i miei nonni materni, entrambi Azzalini, erano nati e vissuti in foresta\u2026\u201d), era forestale; \u201cToio\u201d, classe 1954, noto come alpinista, scrittore ed ambientalista (vincitore del Premio Argav 2016 dell\u2019Associazione regionale giornalisti agro ambientalisti, nel 1978 ha collaborato alla ristrutturazione del Giardino botanico alpino al rifugio Vazzoler nel gruppo del Civetta, allora chiamato \u201cL\u2019Universit\u00e0 del 6. grado\u201d e l\u2019anno dopo ha partecipato alla spedizione sul Manaslu, m. 8156, settima cima della terra nell\u2019Himalaya del Nepal tra l\u2019altro riportando gravi congelamenti a mani e piedi; ha collaborato per oltre tre lustri al Giardino botanico alpino Lorenzoni in Pian Cansiglio, e alla ristrutturazione del Museo etnografico oggi \u201cMuseo dell\u2019Uomo in Casiglio-Anna Vieceli): tra i fondatori d Mountain Wilderness Italia, l\u2019associazione di alpinisti ambientalisti, ne \u00e8 stato anche presidente; fu tra i fondatori del Comitato per il Parco del Cansiglio, dell\u2019Ecoistituto veneto Alex Langer e dell\u2019associazione Ecohimal Italia che per la conservazione dell\u2019ambiente naturale nonch\u00e9 della cultura delle popolazioni himalayane) lavora in Cansiglio da 37 anni, prima con il Corpo Forestale, poi con l\u2019Azienda regionale foreste, poi con Veneto agricoltura ora diventata Avisp; \u00e8 autore di varie pubblicazioni compresi i tre libri di cui abbiamo detto sopra. In \u201cCansiglio nostra Signora\u201d c\u2019\u00e8 la storia di un pranoterapeuta friulano, non pi\u00f9 vivente Rolando Lucchetta \u2013 ndr.), che mentre pescava sulla Livenza si \u00e8 trovato vicino Padre Pio (oggi Santo), al secolo Francesco Forgione, nato a Pietrelcina il 25 maggio 1887): un\u2019apparizione, evidentemente, visto che il frate dell\u2019ordine dei minori cappuccini \u00e8 mancato da anni, esattamente il 23 settembre 1968 a San Rotondo in Puglia. Il frate lo accompagn\u00f2 a comperare una statua della Madonna e poi lo ha guidato nel luogo dove andava collocata e dove si trova tuttora. Nella falegnameria dell\u2019Azienda regionale foreste dove lavorava, de Savorgnani ha visto costruire la protezione che ancora ricopre la statua dove, spiega: \u201cDa quando ne ho scoperto la storia e il valore sono tornato molte volte al masso calcareo con la statua della Nostra Signora del Cansiglio poich\u00e9 \u00e8 un posto con fortissima energia, che allo stesso tempo infonde pace e tranquillit\u00e0\u201d. Non \u00e8 solo dunque un luogo sacro al quale andare per pregare e chiedere il contatto col divino, ma anche solamente per rimanervi in silenzio, come forma di terapia dato che: \u201cQui si pu\u00f2 tentare di svuotare la mente da quel continuo e disordinato dialogo interno che nella vita comune non ci abbandona mai e ci danneggia molto\u201d. Ancora de Savorgnani: \u201cRitengo che questo tempio all\u2019aperto le cui colonne sono i faggi, non possa essere dedicato esclusivamente al culto cattolico o cristiano ma e l\u00e0 per ospitare e dare ascolto anche a quanti cercano un rapporto diretto e personale con il mondo spirituale o con la Madre Terra, la Divina Madre, la Dea, nomi diversi per indicare la stessa entit\u00e0. Ognuno pu\u00f2 avvicinarsi con la propria storia e la propria sensibilit\u00e0 e trovarvi le risposte a lui dedicate\u2026 Perch\u00e9 Nostra Signora del Cansiglio \u00e8 veramente un luogo sacro, dedicato a tutti, anche a quelli che si vergognano di farsi scoprire deboli e bisognosi di un Aiuto esterno\u2026So che molti vengono qua di mattina presto o quando sta per fare buio, per nonf arsi sorprendere a pregare e a chiedere aiuto ad una statua di gesso neanche particolarmente bella ed artistica, posta precariamente, senza tanti fronzoli sopra un grosso sasso di carbonato di calcio. Va bene cos\u00ec perch\u00e9 \u00e8 un passo in pi\u00f9 sulla strada per capire sempre con l\u2019intelligenza e la sensibilit\u00e0 del cuore, che non possiamo farcela solo con le nostre forze\u2026\u201d. Non poteva mancare un richiamo a don Corinno Mares, il famoso prete pranoterapeuta e veggente di Tambre \u201cpassato ad altro livello di esistenza nel 2006\u201d dato che, sempre a detta di de Savorgnani \u201caveva confidato a persone a lui vicine di aver visualizzato che l\u2019attuale collocazione della Madonna era stato un sito sacro e di culto gi\u00e0 molto prima del periodo storico dell\u2019impero romano, un luogo di contatto con il Divino da migliaia e migliaia di anni\u201d. Mentre il pranoterapeuta friulano del quale si \u00e8 detto all\u2019inizio, \u201cha descritto visioni orribili con forme demoniache che si aggirerebbero attorno al sacro altare\u201d. Argomentazioni serie e misteriose sulle quali non \u00e8 davvero il caso di ironizzare, consapevoli che il Divino pu\u00f2 decidere di manifestarsi in infiniti modi ma ci\u00f2 che conta \u00e8 l\u2019essenza che si nasconde, al di la delle diverse forme illusorie della materia\u201d. In questa sorta di intervista telematica, a \u201cToio\u201d preme dire che: \u201c\u2026 Sono stato il trascrittore di messaggi ricevuti e so che diverse persone dalla sensibilit\u00e0 particolare sono arrivate in Cansiglio confermandomi come la Madonna del Bosco sia un luoghi di richiesta d\u2019aiuto e anche di guarigione. Tutta la Foresta del Cansiglio \u00e8 un luogo particolare, ma ci sono siti che risuonano pi\u00f9 forte degli altri e il masso con la statua \u00e8 uno di questi. Quando ci vado come qualche giorno fa, sento di essere in presenza di un Grande misero al quale avvicinarsi con il massimo rispetto ed umilt\u00e0: si va la per chiedere e se succede qualcosa, \u00e8 un regalo che otteniamo\u2026\u201d. Concludiano ricordando che il sito <span role=\"gridcell\"><a class=\"oajrlxb2 g5ia77u1 qu0x051f esr5mh6w e9989ue4 r7d6kgcz rq0escxv nhd2j8a9 nc684nl6 p7hjln8o kvgmc6g5 cxmmr5t8 oygrvhab hcukyx3x jb3vyjys rz4wbd8a qt6c0cv9 a8nywdso i1ao9s8h oo483o9r f1sip0of lzcic4wl oo9gr5id gpro0wi8\" tabindex=\"0\" role=\"link\" href=\"https:\/\/l.facebook.com\/l.php?u=http%3A%2F%2Fdigilander.libero.it%2Fsignoradelcansiglio%3Ffbclid%3DIwAR1ZBA6yYRMRsK_ApnRg3ugay5OGL62oiTYVi4cZHBG_yh7Gwsy2O3yGeS8&amp;h=AT3SPJS_Na3qz2UoYw0HmYfx8fdvxME1WERqzMeF0glMocnMm20dpxqoI3HdsXU8YR0KTB-xrFl734fgbk7W4ex5EX8dYZWYQv-chewq9KU46ZaWhQ55NBGfAttVke_2VRtDWzwY\" target=\"_blank\" rel=\"nofollow noopener\">digilander.libero.it\/signoradelcansiglio<\/a><\/span>, ha postato la copertina di uno dei libri di Vittorio de Savorgnani, con la scritta: \u201cDa diversi anni le orme di tanti pellegrini hanno segnato la via che porta al piccolo capitello all\u2019interno del Bosco del Cansiglio in localit\u00e0 Calvario, nel comune di Tambre, localit\u00e0 turistica delle Dolomiti Bellunesi\u201d.<\/p>\n\n\t\t\t<style type='text\/css'>\n\t\t\t\t#gallery-1 {\n\t\t\t\t\tmargin: auto;\n\t\t\t\t}\n\t\t\t\t#gallery-1 .gallery-item {\n\t\t\t\t\tfloat: left;\n\t\t\t\t\tmargin-top: 10px;\n\t\t\t\t\ttext-align: center;\n\t\t\t\t\twidth: 14%;\n\t\t\t\t}\n\t\t\t\t#gallery-1 img {\n\t\t\t\t\tborder: 2px solid #cfcfcf;\n\t\t\t\t}\n\t\t\t\t#gallery-1 .gallery-caption {\n\t\t\t\t\tmargin-left: 0;\n\t\t\t\t}\n\t\t\t\t\/* see gallery_shortcode() in wp-includes\/media.php *\/\n\t\t\t<\/style>\n\t\t<div id='gallery-1' class='dt-gallery-container gallery galleryid-182580 gallery-columns-7 gallery-size-thumbnail'><dl class='gallery-item'>\n\t\t\t\t<dt class='gallery-icon landscape'>\n\t\t\t\t\t<a class=\"rollover rollover-zoom dt-pswp-item\" title=\"135117327_1059761211182953_774299474795403427_n\" data-dt-img-description=\"\" data-large_image_width=\"796\" data-large_image_height=\"440\"href='https:\/\/www.radiopiu.net\/wordpress\/wp-content\/uploads\/2021\/01\/135117327_1059761211182953_774299474795403427_n.jpg'><img loading=\"lazy\" decoding=\"async\" width=\"150\" height=\"150\" src=\"https:\/\/www.radiopiu.net\/wordpress\/wp-content\/uploads\/2021\/01\/135117327_1059761211182953_774299474795403427_n-150x150.jpg\" class=\"attachment-thumbnail size-thumbnail\" alt=\"\" \/><\/a>\n\t\t\t\t<\/dt><\/dl><dl class='gallery-item'>\n\t\t\t\t<dt class='gallery-icon portrait'>\n\t\t\t\t\t<a class=\"rollover rollover-zoom dt-pswp-item\" title=\"134916305_1084664755288373_2702511075728631629_n\" data-dt-img-description=\"\" data-large_image_width=\"475\" data-large_image_height=\"814\"href='https:\/\/www.radiopiu.net\/wordpress\/wp-content\/uploads\/2021\/01\/134916305_1084664755288373_2702511075728631629_n.png'><img loading=\"lazy\" decoding=\"async\" width=\"150\" height=\"150\" src=\"https:\/\/www.radiopiu.net\/wordpress\/wp-content\/uploads\/2021\/01\/134916305_1084664755288373_2702511075728631629_n-150x150.png\" class=\"attachment-thumbnail size-thumbnail\" alt=\"\" \/><\/a>\n\t\t\t\t<\/dt><\/dl><dl class='gallery-item'>\n\t\t\t\t<dt class='gallery-icon landscape'>\n\t\t\t\t\t<a class=\"rollover rollover-zoom dt-pswp-item\" title=\"134969333_121582763115355_3870641455832533555_n\" data-dt-img-description=\"\" data-large_image_width=\"150\" data-large_image_height=\"150\"href='https:\/\/www.radiopiu.net\/wordpress\/wp-content\/uploads\/2021\/01\/134969333_121582763115355_3870641455832533555_n.jpg'><img loading=\"lazy\" decoding=\"async\" width=\"150\" height=\"150\" src=\"https:\/\/www.radiopiu.net\/wordpress\/wp-content\/uploads\/2021\/01\/134969333_121582763115355_3870641455832533555_n-150x150.jpg\" class=\"attachment-thumbnail size-thumbnail\" alt=\"\" \/><\/a>\n\t\t\t\t<\/dt><\/dl><dl class='gallery-item'>\n\t\t\t\t<dt class='gallery-icon landscape'>\n\t\t\t\t\t<a class=\"rollover rollover-zoom dt-pswp-item\" title=\"135183310_1509007155967583_257614971316556270_n\" data-dt-img-description=\"\" data-large_image_width=\"2560\" data-large_image_height=\"1706\"href='https:\/\/www.radiopiu.net\/wordpress\/wp-content\/uploads\/2021\/01\/135183310_1509007155967583_257614971316556270_n-scaled.jpg'><img loading=\"lazy\" decoding=\"async\" width=\"150\" height=\"150\" src=\"https:\/\/www.radiopiu.net\/wordpress\/wp-content\/uploads\/2021\/01\/135183310_1509007155967583_257614971316556270_n-150x150.jpg\" class=\"attachment-thumbnail size-thumbnail\" alt=\"\" \/><\/a>\n\t\t\t\t<\/dt><\/dl><dl class='gallery-item'>\n\t\t\t\t<dt class='gallery-icon landscape'>\n\t\t\t\t\t<a class=\"rollover rollover-zoom dt-pswp-item\" title=\"135379297_1588921504627050_4090945026034966318_n\" data-dt-img-description=\"\" data-large_image_width=\"1280\" data-large_image_height=\"960\"href='https:\/\/www.radiopiu.net\/wordpress\/wp-content\/uploads\/2021\/01\/135379297_1588921504627050_4090945026034966318_n.jpg'><img loading=\"lazy\" decoding=\"async\" width=\"150\" height=\"150\" src=\"https:\/\/www.radiopiu.net\/wordpress\/wp-content\/uploads\/2021\/01\/135379297_1588921504627050_4090945026034966318_n-150x150.jpg\" class=\"attachment-thumbnail size-thumbnail\" alt=\"\" \/><\/a>\n\t\t\t\t<\/dt><\/dl><dl class='gallery-item'>\n\t\t\t\t<dt class='gallery-icon landscape'>\n\t\t\t\t\t<a class=\"rollover rollover-zoom dt-pswp-item\" title=\"135280862_1780156558799754_4134684808673751643_n\" data-dt-img-description=\"\" data-large_image_width=\"700\" data-large_image_height=\"568\"href='https:\/\/www.radiopiu.net\/wordpress\/wp-content\/uploads\/2021\/01\/135280862_1780156558799754_4134684808673751643_n.png'><img loading=\"lazy\" decoding=\"async\" width=\"150\" height=\"150\" src=\"https:\/\/www.radiopiu.net\/wordpress\/wp-content\/uploads\/2021\/01\/135280862_1780156558799754_4134684808673751643_n-150x150.png\" class=\"attachment-thumbnail size-thumbnail\" alt=\"\" \/><\/a>\n\t\t\t\t<\/dt><\/dl><dl class='gallery-item'>\n\t\t\t\t<dt class='gallery-icon portrait'>\n\t\t\t\t\t<a class=\"rollover rollover-zoom dt-pswp-item\" title=\"135295257_3828633550521669_2907405677471846934_n\" data-dt-img-description=\"\" data-large_image_width=\"557\" data-large_image_height=\"673\"href='https:\/\/www.radiopiu.net\/wordpress\/wp-content\/uploads\/2021\/01\/135295257_3828633550521669_2907405677471846934_n.jpg'><img loading=\"lazy\" decoding=\"async\" width=\"150\" height=\"150\" src=\"https:\/\/www.radiopiu.net\/wordpress\/wp-content\/uploads\/2021\/01\/135295257_3828633550521669_2907405677471846934_n-150x150.jpg\" class=\"attachment-thumbnail size-thumbnail\" alt=\"\" \/><\/a>\n\t\t\t\t<\/dt><\/dl><br style=\"clear: both\" \/><dl class='gallery-item'>\n\t\t\t\t<dt class='gallery-icon portrait'>\n\t\t\t\t\t<a class=\"rollover rollover-zoom dt-pswp-item\" title=\"135188419_202467404920493_6645129614365930469_n\" data-dt-img-description=\"\" data-large_image_width=\"237\" data-large_image_height=\"401\"href='https:\/\/www.radiopiu.net\/wordpress\/wp-content\/uploads\/2021\/01\/135188419_202467404920493_6645129614365930469_n.jpg'><img loading=\"lazy\" decoding=\"async\" width=\"150\" height=\"150\" src=\"https:\/\/www.radiopiu.net\/wordpress\/wp-content\/uploads\/2021\/01\/135188419_202467404920493_6645129614365930469_n-150x150.jpg\" class=\"attachment-thumbnail size-thumbnail\" alt=\"\" \/><\/a>\n\t\t\t\t<\/dt><\/dl><dl class='gallery-item'>\n\t\t\t\t<dt class='gallery-icon portrait'>\n\t\t\t\t\t<a class=\"rollover rollover-zoom dt-pswp-item\" title=\"135138994_203977038063838_4471956799268769176_n\" data-dt-img-description=\"\" data-large_image_width=\"1706\" data-large_image_height=\"2560\"href='https:\/\/www.radiopiu.net\/wordpress\/wp-content\/uploads\/2021\/01\/135138994_203977038063838_4471956799268769176_n-scaled.jpg'><img loading=\"lazy\" decoding=\"async\" width=\"150\" height=\"150\" src=\"https:\/\/www.radiopiu.net\/wordpress\/wp-content\/uploads\/2021\/01\/135138994_203977038063838_4471956799268769176_n-150x150.jpg\" class=\"attachment-thumbnail size-thumbnail\" alt=\"\" \/><\/a>\n\t\t\t\t<\/dt><\/dl><dl class='gallery-item'>\n\t\t\t\t<dt class='gallery-icon landscape'>\n\t\t\t\t\t<a class=\"rollover rollover-zoom dt-pswp-item\" title=\"135009890_222149296034845_7555277795407125177_n\" data-dt-img-description=\"\" data-large_image_width=\"1280\" data-large_image_height=\"960\"href='https:\/\/www.radiopiu.net\/wordpress\/wp-content\/uploads\/2021\/01\/135009890_222149296034845_7555277795407125177_n.jpg'><img loading=\"lazy\" decoding=\"async\" width=\"150\" height=\"150\" src=\"https:\/\/www.radiopiu.net\/wordpress\/wp-content\/uploads\/2021\/01\/135009890_222149296034845_7555277795407125177_n-150x150.jpg\" class=\"attachment-thumbnail size-thumbnail\" alt=\"\" \/><\/a>\n\t\t\t\t<\/dt><\/dl><dl class='gallery-item'>\n\t\t\t\t<dt class='gallery-icon portrait'>\n\t\t\t\t\t<a class=\"rollover rollover-zoom dt-pswp-item\" title=\"134945176_2690046527972879_6301522967493862123_n\" data-dt-img-description=\"\" data-large_image_width=\"290\" data-large_image_height=\"426\"href='https:\/\/www.radiopiu.net\/wordpress\/wp-content\/uploads\/2021\/01\/134945176_2690046527972879_6301522967493862123_n.jpg'><img loading=\"lazy\" decoding=\"async\" width=\"150\" height=\"150\" src=\"https:\/\/www.radiopiu.net\/wordpress\/wp-content\/uploads\/2021\/01\/134945176_2690046527972879_6301522967493862123_n-150x150.jpg\" class=\"attachment-thumbnail size-thumbnail\" alt=\"\" \/><\/a>\n\t\t\t\t<\/dt><\/dl><dl class='gallery-item'>\n\t\t\t\t<dt class='gallery-icon landscape'>\n\t\t\t\t\t<a class=\"rollover rollover-zoom dt-pswp-item\" title=\"135229827_708479963142133_1681941022813809844_n\" data-dt-img-description=\"\" data-large_image_width=\"435\" data-large_image_height=\"311\"href='https:\/\/www.radiopiu.net\/wordpress\/wp-content\/uploads\/2021\/01\/135229827_708479963142133_1681941022813809844_n.png'><img loading=\"lazy\" decoding=\"async\" width=\"150\" height=\"150\" src=\"https:\/\/www.radiopiu.net\/wordpress\/wp-content\/uploads\/2021\/01\/135229827_708479963142133_1681941022813809844_n-150x150.png\" class=\"attachment-thumbnail size-thumbnail\" alt=\"\" \/><\/a>\n\t\t\t\t<\/dt><\/dl><dl class='gallery-item'>\n\t\t\t\t<dt class='gallery-icon portrait'>\n\t\t\t\t\t<a class=\"rollover rollover-zoom dt-pswp-item\" title=\"135289747_829223450972725_5662487962031968951_n\" data-dt-img-description=\"\" data-large_image_width=\"223\" data-large_image_height=\"326\"href='https:\/\/www.radiopiu.net\/wordpress\/wp-content\/uploads\/2021\/01\/135289747_829223450972725_5662487962031968951_n.jpg'><img loading=\"lazy\" decoding=\"async\" width=\"150\" height=\"150\" src=\"https:\/\/www.radiopiu.net\/wordpress\/wp-content\/uploads\/2021\/01\/135289747_829223450972725_5662487962031968951_n-150x150.jpg\" class=\"attachment-thumbnail size-thumbnail\" alt=\"\" \/><\/a>\n\t\t\t\t<\/dt><\/dl>\n\t\t\t\t<br style='clear: both' \/>\n\t\t\t<\/div>\n\n<p>NELLE FOTO (siti Caverna Cosmica, Asterisco Informazioni e Digilander; Toio de Savorgnani): il piccolo capitello della \u201cMadonna del Bosco\u201d in Cansiglio; primo piano della statua mariana; scorci della localit\u00e0 Calvario di Tambre, meta di devozione popolare alla Vergine; un \u201csantino\u201d di san padre Pio collocato sull\u2019altare; ricordo di devoti e beneficiati; Vittorio \u201cToio\u201d de Savorgnani; le copertina di tre dei suoi libri in cui vi sono riferimenti alla \u201cNostra Signora del Cansiglio\u201d.<\/p>\n","protected":false},"excerpt":{"rendered":"<p>di Renato Bona \u201cCansiglio nostra Signora\u201d, \u201cCansiglio la Foresta Maestra\u201d, e: \u201cUna strana domenica in Cansiglio. La foresta segreta del regno sotterraneo\u201d (scritto con Mauro Cutrona; fra l\u2019altro vi \u00e8 ripresa una delle conte di Woolf sulle Dolomiti, con il Cansiglio citato come \u201cCiada de Lamis\u201d, la foresta delle Forre, abitata da potenti maghi neri\u2026&hellip;<\/p>\n","protected":false},"author":4,"featured_media":182584,"comment_status":"closed","ping_status":"closed","sticky":false,"template":"","format":"standard","meta":{"_monsterinsights_skip_tracking":false,"_monsterinsights_sitenote_active":false,"_monsterinsights_sitenote_note":"","_monsterinsights_sitenote_category":0,"footnotes":""},"categories":[49],"tags":[],"class_list":["post-182580","post","type-post","status-publish","format-standard","has-post-thumbnail","hentry","category-news-18","category-49","description-off"],"img_url":"https:\/\/www.radiopiu.net\/wordpress\/wp-content\/uploads\/2021\/01\/135183310_1509007155967583_257614971316556270_n-scaled.jpg","_links":{"self":[{"href":"https:\/\/www.radiopiu.net\/wordpress\/wp-json\/wp\/v2\/posts\/182580","targetHints":{"allow":["GET"]}}],"collection":[{"href":"https:\/\/www.radiopiu.net\/wordpress\/wp-json\/wp\/v2\/posts"}],"about":[{"href":"https:\/\/www.radiopiu.net\/wordpress\/wp-json\/wp\/v2\/types\/post"}],"author":[{"embeddable":true,"href":"https:\/\/www.radiopiu.net\/wordpress\/wp-json\/wp\/v2\/users\/4"}],"replies":[{"embeddable":true,"href":"https:\/\/www.radiopiu.net\/wordpress\/wp-json\/wp\/v2\/comments?post=182580"}],"version-history":[{"count":0,"href":"https:\/\/www.radiopiu.net\/wordpress\/wp-json\/wp\/v2\/posts\/182580\/revisions"}],"wp:featuredmedia":[{"embeddable":true,"href":"https:\/\/www.radiopiu.net\/wordpress\/wp-json\/wp\/v2\/media\/182584"}],"wp:attachment":[{"href":"https:\/\/www.radiopiu.net\/wordpress\/wp-json\/wp\/v2\/media?parent=182580"}],"wp:term":[{"taxonomy":"category","embeddable":true,"href":"https:\/\/www.radiopiu.net\/wordpress\/wp-json\/wp\/v2\/categories?post=182580"},{"taxonomy":"post_tag","embeddable":true,"href":"https:\/\/www.radiopiu.net\/wordpress\/wp-json\/wp\/v2\/tags?post=182580"}],"curies":[{"name":"wp","href":"https:\/\/api.w.org\/{rel}","templated":true}]}}