{"id":182614,"date":"2021-01-03T07:46:46","date_gmt":"2021-01-03T06:46:46","guid":{"rendered":"https:\/\/www.radiopiu.net\/wordpress\/?p=182614"},"modified":"2021-01-03T12:14:10","modified_gmt":"2021-01-03T11:14:10","slug":"giornale-radiopiu-03-gennaio-2021-direttore-mirko-mezzacasa","status":"publish","type":"post","link":"https:\/\/www.radiopiu.net\/wordpress\/giornale-radiopiu-03-gennaio-2021-direttore-mirko-mezzacasa\/","title":{"rendered":"GIORNALE RADIOPIU 03 GENNAIO 2021 DIRETTORE MIRKO MEZZACASA"},"content":{"rendered":"<h3>PER<strong> RICEVERE QUESTO NOTIZIARIO DIRETTAMENTE SUL TUO CELLULARE ISCRIVITI AL CANALE TELEGRAM <\/strong><strong>\u201cRADIO PIU\u00a0 INFORMAZIONE&#8221;<\/strong><\/h3>\n<p><em>ATTENZIONE: LA NUOVA APP PER IOS-IPHONE<\/em><\/p>\n<div>\n<div><a href=\"https:\/\/apps.apple.com\/it\/app\/radio-pi%C3%B9-emittente-agordina\/id1515939845\">https:\/\/apps.apple.com\/it\/app\/radio-pi%C3%B9-emittente-agordina\/id1515939845<\/a><\/div>\n<\/div>\n<div><\/div>\n<div>\n<div dir=\"auto\"><em>ATTENZIONE: LA NUOVA APP RADIO\u00a0 PER ANDROID<\/em><\/div>\n<\/div>\n<p><a href=\"https:\/\/play.google.com\/store\/apps\/details?id=net.radiopiu.iniko\" target=\"_blank\" rel=\"noopener noreferrer\">https:\/\/play.google.com\/store\/apps\/details?id=net.radiopiu.iniko\u00a0\u00a0<\/a><\/p>\n<p>&nbsp;<\/p>\n<p><strong><a href=\"https:\/\/www.radiopiu.net\/wordpress\/aggiornamento-viabilita-veneto-strade-ore-15-del-2-gennaio-2021\/7237aadf-27f5-421a-a1ec-5cd921cb7cfe\/\" rel=\"attachment wp-att-182796\"><img loading=\"lazy\" decoding=\"async\" class=\" wp-image-182796 alignleft\" src=\"https:\/\/www.radiopiu.net\/wordpress\/wp-content\/uploads\/2021\/01\/7237aadf-27f5-421a-a1ec-5cd921cb7cfe-300x169.jpg\" alt=\"\" width=\"250\" height=\"141\" srcset=\"https:\/\/www.radiopiu.net\/wordpress\/wp-content\/uploads\/2021\/01\/7237aadf-27f5-421a-a1ec-5cd921cb7cfe-300x169.jpg 300w, https:\/\/www.radiopiu.net\/wordpress\/wp-content\/uploads\/2021\/01\/7237aadf-27f5-421a-a1ec-5cd921cb7cfe-1024x576.jpg 1024w, https:\/\/www.radiopiu.net\/wordpress\/wp-content\/uploads\/2021\/01\/7237aadf-27f5-421a-a1ec-5cd921cb7cfe-768x432.jpg 768w, https:\/\/www.radiopiu.net\/wordpress\/wp-content\/uploads\/2021\/01\/7237aadf-27f5-421a-a1ec-5cd921cb7cfe.jpg 1080w\" sizes=\"auto, (max-width: 250px) 100vw, 250px\" \/><\/a>\u00a0DALLA PROTEZIONE CIVILE REGIONALE, IERI SERA GIANPAOLO BOTTACIN:<\/strong> A seguito delle copiose nevicate in Comelico\/Cadore sono arrivate richieste da Comuni per il supporto per lo <em>sgombero della neve dalle strade con mezzi pesanti. Di questo \u00e8 stata anche interessata la Prefettura per verificare un maggior intervento di ANAS mentre Venetostrade \u00e8 fortemente impegnata con i propri mezzi. In alcuni casi segnalato anche il problema del peso sui tetti (a Falcade sono caduti 80 cm che sommati alle nevicate precedenti danno pesi superiori ai 250 kg\/mq).\u00a0 Oggi si sar\u00e0 una videoconferenza con i sindaci maggiormente interessati per fare il punto. Nel frattempo LA REGIONE ha attivato decine di volontari della Protezione_Civile.\u00a0\u00a0<\/em><\/p>\n<p>&nbsp;<\/p>\n<p>&nbsp;<\/p>\n<p>&nbsp;<\/p>\n<p>&nbsp;<\/p>\n<p>&nbsp;<\/p>\n<hr \/>\n<h2><a href=\"https:\/\/www.radiopiu.net\/wordpress\/a-la-valle-con-la-grande-nevicato-arriva-anche-loperaio-in-piu-tra-le-burele\/b0f76299-bd93-4514-a278-50bb67c17204\/\" rel=\"attachment wp-att-182715\"><img loading=\"lazy\" decoding=\"async\" class=\" wp-image-182715 alignleft\" src=\"https:\/\/www.radiopiu.net\/wordpress\/wp-content\/uploads\/2021\/01\/b0f76299-bd93-4514-a278-50bb67c17204-300x225.jpg\" alt=\"\" width=\"164\" height=\"123\" srcset=\"https:\/\/www.radiopiu.net\/wordpress\/wp-content\/uploads\/2021\/01\/b0f76299-bd93-4514-a278-50bb67c17204-300x225.jpg 300w, https:\/\/www.radiopiu.net\/wordpress\/wp-content\/uploads\/2021\/01\/b0f76299-bd93-4514-a278-50bb67c17204-1024x767.jpg 1024w, https:\/\/www.radiopiu.net\/wordpress\/wp-content\/uploads\/2021\/01\/b0f76299-bd93-4514-a278-50bb67c17204-768x575.jpg 768w, https:\/\/www.radiopiu.net\/wordpress\/wp-content\/uploads\/2021\/01\/b0f76299-bd93-4514-a278-50bb67c17204-1536x1150.jpg 1536w, https:\/\/www.radiopiu.net\/wordpress\/wp-content\/uploads\/2021\/01\/b0f76299-bd93-4514-a278-50bb67c17204.jpg 1600w\" sizes=\"auto, (max-width: 164px) 100vw, 164px\" \/><\/a>VIABILITA&#8217; CHIUSO ANCHE PASSO VALLES E DURAN<\/h2>\n<p><span style=\"color: #ff0000;\"><strong>STRADE CHIUSE:<\/strong><\/span>\u00a0 &#8211; S.P. 7 \u201cdi Zopp\u00e8\u201d\u00a0 (loc.Zopp\u00e8); &#8211; S.P. 25 \u201cdel Passo Valles\u201d dal km 0+000 (loc. bivio Passo S. Pellegrino) al Confine Provinciale; S.P. 24 \u201cValparola\u201d\u00a0 S.P. 30 \u201cPanoramica del Comelico\u201d S.R. 48 \u201cdelle Dolomiti\u201d dal km 76+280 (loc. Passo Pordoi)\u00a0 S.R. 48 \u201cdelle Dolomiti\u201d PASSO FALZAREGO (lato Arabba)\u00a0 &#8211; S.R. 49 \u201cdi Misurina\u201d &#8211; S.P. 148 \u201cCadorna\u201d -S.P. 347 \u201cdel Passo Cereda e Duran\u201d dal km 59+100 (loc. Cornigian) al km 68+000 (loc. Cibiana) -S.P. 347 \u201cdel Passo Cereda e Duran\u201d dalla progressiva km 36+000 (loc. La Valle) al km 49+000 (loc. Le Vare); -S.R. 355 \u201cdi Val Degano\u201d S.P. 619 \u201cdi Vigo di Cadore\u201d &#8211; S.P. 638 \u201cdel passo Giau\u201d<br \/>\n&#8211; S.P. 641 \u201cdel Passo Fedaia\u201d dalla progressiva km 14+210 (loc. confine con Provincia di Trento) alla progressiva km 18+200 (loc. Malga Ciapela); &#8211; S.P. 2 \u201cdella Val del Mis\u201d\u00a0 &#8211; S.P. 5 dir \u201cdi Lamosano &#8211; S.P. 30 \u201cPanoramica del Comelico &#8211; S.P. 42 \u201cdella Cavallera\u201d\u00a0 &#8211; S.P. 251 \u201cdella Val di Zoldo e Val Cellina\u201d\u00a0 &#8211; S.P. 422 \u201cdell\u2019Alpago e del Cansiglio\u201d\u00a0 &#8211; S.P. 33 \u201cdi Sauris\u201d<\/p>\n<p>&nbsp;<\/p>\n<hr \/>\n<p>&nbsp;<\/p>\n<blockquote class=\"wp-embedded-content\" data-secret=\"VnLks9ccGc\"><p><a href=\"https:\/\/www.radiopiu.net\/wordpress\/bollettino-neve-al-suolo-dal-centro-valanghe-di-arabba-02-gennaio-2021\/\">BOLLETTINO NEVE AL SUOLO DAL CENTRO VALANGHE DI ARABBA &#8211; 02 GENNAIO 2021<\/a><\/p><\/blockquote>\n<p><iframe loading=\"lazy\" class=\"wp-embedded-content\" sandbox=\"allow-scripts\" security=\"restricted\" style=\"position: absolute; clip: rect(1px, 1px, 1px, 1px);\" title=\"&#8220;BOLLETTINO NEVE AL SUOLO DAL CENTRO VALANGHE DI ARABBA &#8211; 02 GENNAIO 2021&#8221; &#8212; Radio Pi\u00f9\" src=\"https:\/\/www.radiopiu.net\/wordpress\/bollettino-neve-al-suolo-dal-centro-valanghe-di-arabba-02-gennaio-2021\/embed\/#?secret=VnLks9ccGc\" data-secret=\"VnLks9ccGc\" width=\"600\" height=\"338\" frameborder=\"0\" marginwidth=\"0\" marginheight=\"0\" scrolling=\"no\"><\/iframe><\/p>\n<hr \/>\n<p>&nbsp;<\/p>\n<blockquote>\n<h2>DI GIORNI E DI NOTTE SFIDANDO LA BUFERA DI NEVE DALLA CIME DEI TRALICCI, L&#8217;MPEGNO DEGLI UOMINI DI ENEL E TERNA<\/h2>\n<\/blockquote>\n\n\t\t\t<style type='text\/css'>\n\t\t\t\t#gallery-1 {\n\t\t\t\t\tmargin: auto;\n\t\t\t\t}\n\t\t\t\t#gallery-1 .gallery-item {\n\t\t\t\t\tfloat: left;\n\t\t\t\t\tmargin-top: 10px;\n\t\t\t\t\ttext-align: center;\n\t\t\t\t\twidth: 25%;\n\t\t\t\t}\n\t\t\t\t#gallery-1 img {\n\t\t\t\t\tborder: 2px solid #cfcfcf;\n\t\t\t\t}\n\t\t\t\t#gallery-1 .gallery-caption {\n\t\t\t\t\tmargin-left: 0;\n\t\t\t\t}\n\t\t\t\t\/* see gallery_shortcode() in wp-includes\/media.php *\/\n\t\t\t<\/style>\n\t\t<div id='gallery-1' class='dt-gallery-container gallery galleryid-182614 gallery-columns-4 gallery-size-thumbnail'><dl class='gallery-item'>\n\t\t\t\t<dt class='gallery-icon portrait'>\n\t\t\t\t\t<a class=\"rollover rollover-zoom dt-pswp-item\" title=\"c2832bec-c315-4711-abfc-6adb1691e687\" data-dt-img-description=\"\" data-large_image_width=\"720\" data-large_image_height=\"960\"href='https:\/\/www.radiopiu.net\/wordpress\/wp-content\/uploads\/2021\/01\/c2832bec-c315-4711-abfc-6adb1691e687.jpg'><img loading=\"lazy\" decoding=\"async\" width=\"150\" height=\"150\" src=\"https:\/\/www.radiopiu.net\/wordpress\/wp-content\/uploads\/2021\/01\/c2832bec-c315-4711-abfc-6adb1691e687-150x150.jpg\" class=\"attachment-thumbnail size-thumbnail\" alt=\"\" \/><\/a>\n\t\t\t\t<\/dt><\/dl><dl class='gallery-item'>\n\t\t\t\t<dt class='gallery-icon portrait'>\n\t\t\t\t\t<a class=\"rollover rollover-zoom dt-pswp-item\" title=\"4b97fc79-daed-4b9e-989d-a39e3ca63098\" data-dt-img-description=\"\" data-large_image_width=\"777\" data-large_image_height=\"1600\"href='https:\/\/www.radiopiu.net\/wordpress\/wp-content\/uploads\/2021\/01\/4b97fc79-daed-4b9e-989d-a39e3ca63098.jpg'><img loading=\"lazy\" decoding=\"async\" width=\"150\" height=\"150\" src=\"https:\/\/www.radiopiu.net\/wordpress\/wp-content\/uploads\/2021\/01\/4b97fc79-daed-4b9e-989d-a39e3ca63098-150x150.jpg\" class=\"attachment-thumbnail size-thumbnail\" alt=\"\" \/><\/a>\n\t\t\t\t<\/dt><\/dl><dl class='gallery-item'>\n\t\t\t\t<dt class='gallery-icon portrait'>\n\t\t\t\t\t<a class=\"rollover rollover-zoom dt-pswp-item\" title=\"ff453099-828e-4ab2-87e8-415b7658640d\" data-dt-img-description=\"\" data-large_image_width=\"777\" data-large_image_height=\"1600\"href='https:\/\/www.radiopiu.net\/wordpress\/wp-content\/uploads\/2021\/01\/ff453099-828e-4ab2-87e8-415b7658640d.jpg'><img loading=\"lazy\" decoding=\"async\" width=\"150\" height=\"150\" src=\"https:\/\/www.radiopiu.net\/wordpress\/wp-content\/uploads\/2021\/01\/ff453099-828e-4ab2-87e8-415b7658640d-150x150.jpg\" class=\"attachment-thumbnail size-thumbnail\" alt=\"\" \/><\/a>\n\t\t\t\t<\/dt><\/dl><dl class='gallery-item'>\n\t\t\t\t<dt class='gallery-icon portrait'>\n\t\t\t\t\t<a class=\"rollover rollover-zoom dt-pswp-item\" title=\"fcfcd2ce-3fb3-40f4-aa56-818be19c8aa4\" data-dt-img-description=\"\" data-large_image_width=\"777\" data-large_image_height=\"1600\"href='https:\/\/www.radiopiu.net\/wordpress\/wp-content\/uploads\/2021\/01\/fcfcd2ce-3fb3-40f4-aa56-818be19c8aa4.jpg'><img loading=\"lazy\" decoding=\"async\" width=\"150\" height=\"150\" src=\"https:\/\/www.radiopiu.net\/wordpress\/wp-content\/uploads\/2021\/01\/fcfcd2ce-3fb3-40f4-aa56-818be19c8aa4-150x150.jpg\" class=\"attachment-thumbnail size-thumbnail\" alt=\"\" \/><\/a>\n\t\t\t\t<\/dt><\/dl><br style=\"clear: both\" \/>\n\t\t\t<\/div>\n\n<p>&nbsp;<\/p>\n<p>&nbsp;<\/p>\n<hr \/>\n<p>&nbsp;<\/p>\n<blockquote>\n<h3><a href=\"https:\/\/www.radiopiu.net\/wordpress\/forcella-aurine-mis-di-sagron-la-fotogallery\/0490d699-3c0b-4907-a929-1c1dc11e90e0\/\" rel=\"attachment wp-att-182738\"><img loading=\"lazy\" decoding=\"async\" class=\" wp-image-182738 alignleft\" src=\"https:\/\/www.radiopiu.net\/wordpress\/wp-content\/uploads\/2021\/01\/0490d699-3c0b-4907-a929-1c1dc11e90e0-300x225.jpg\" alt=\"\" width=\"200\" height=\"150\" srcset=\"https:\/\/www.radiopiu.net\/wordpress\/wp-content\/uploads\/2021\/01\/0490d699-3c0b-4907-a929-1c1dc11e90e0-300x225.jpg 300w, https:\/\/www.radiopiu.net\/wordpress\/wp-content\/uploads\/2021\/01\/0490d699-3c0b-4907-a929-1c1dc11e90e0-1024x769.jpg 1024w, https:\/\/www.radiopiu.net\/wordpress\/wp-content\/uploads\/2021\/01\/0490d699-3c0b-4907-a929-1c1dc11e90e0-768x576.jpg 768w, https:\/\/www.radiopiu.net\/wordpress\/wp-content\/uploads\/2021\/01\/0490d699-3c0b-4907-a929-1c1dc11e90e0-1536x1153.jpg 1536w, https:\/\/www.radiopiu.net\/wordpress\/wp-content\/uploads\/2021\/01\/0490d699-3c0b-4907-a929-1c1dc11e90e0.jpg 1600w\" sizes=\"auto, (max-width: 200px) 100vw, 200px\" \/><\/a>CON LA QUATTRO PER QUATTRO IN MONTAGNA VADO DOVE VOGLIO&#8230;.. DELLA SERIE LE ULTIME PAROLE FAMOSE DELL&#8217;UOMO DELLA CITTA&#8217; CHE SFIDO&#8217; LA MONTAGNA E IL &#8220;ROSSO&#8221; UNIMOG.<\/h3>\n<p>DI GIANNI SANTOMASO<\/p>\n<p>VALLADA<\/p><\/blockquote>\n<audio class=\"wp-audio-shortcode\" id=\"audio-182614-1\" preload=\"none\" style=\"width: 100%;\" controls=\"controls\"><source type=\"audio\/mpeg\" src=\"https:\/\/www.radiopiu.net\/wordpress\/wp-content\/uploads\/2021\/01\/UNIMOG-GIANNI.mp3?_=1\" \/><a href=\"https:\/\/www.radiopiu.net\/wordpress\/wp-content\/uploads\/2021\/01\/UNIMOG-GIANNI.mp3\">https:\/\/www.radiopiu.net\/wordpress\/wp-content\/uploads\/2021\/01\/UNIMOG-GIANNI.mp3<\/a><\/audio>\n<p>&nbsp;<\/p>\n<p>&nbsp;<\/p>\n<h2><span style=\"color: #ff0000;\">TURISTI POCO EDUCATI, GIUSTAMENTE STANGATI<\/span><\/h2>\n<blockquote>\n<h2><a href=\"https:\/\/www.radiopiu.net\/wordpress\/giornale-radiopiu-03-gennaio-2021-direttore-mirko-mezzacasa\/download-1065\/\" rel=\"attachment wp-att-182814\"><img loading=\"lazy\" decoding=\"async\" class=\"size-medium wp-image-182814 alignleft\" src=\"https:\/\/www.radiopiu.net\/wordpress\/wp-content\/uploads\/2021\/01\/download-300x164.jpg\" alt=\"\" width=\"300\" height=\"164\" srcset=\"https:\/\/www.radiopiu.net\/wordpress\/wp-content\/uploads\/2021\/01\/download-300x164.jpg 300w, https:\/\/www.radiopiu.net\/wordpress\/wp-content\/uploads\/2021\/01\/download.jpg 304w\" sizes=\"auto, (max-width: 300px) 100vw, 300px\" \/><\/a>QUELLI CHE&#8230;. SI CREDONO FURBI E SI RITROVANO CON UN VERBALE TRA LE MANI<\/h2>\n<\/blockquote>\n<p><strong>VAL DI ZOLDO<\/strong>\u00a0 Si credono furbi e si mettono in viaggio sul fronte della frana. Sono stati multati i due turisti pizzicati, ieri mattina, a transitare per la strada chiusa verso Longarone. Li ha fermati e sanzionati l&#8217;agente della polizia locale che stava accompagnando un&#8217;ambulanza, sotto la neve, verso Longarone e poi all&#8217;ospedale di Belluno. Il sindaco Camillo De Pellegrin \u00e8 andato su tutte le furie. <em>\u00abSpiace, in momenti come questi, dover &#8220;perdere&#8221; tempo per controllare le violazioni al divieto di passaggio sulla Provinciale 251, questa mattina ieri, ndr)sono state elevate due sanzioni. Esiste un&#8217;ordinanza di divieto di transito dalla galleria San Giovanni fino a Mezzocanale. Qui non ci sono cittadini di seria A e di serie B. Siamo tutti nella stessa condizione. Passano solo ambulanze scortate. In questo momento peraltro sulla frana piove e nevica rendendo ancora meno sicuro il passaggio. Chiedo a tutti massima seriet\u00e0&#8221;<\/em><\/p>\n<p>&nbsp;<\/p>\n<p>&nbsp;<\/p>\n<hr \/>\n<p>&nbsp;<\/p>\n<blockquote>\n<h2>RITROVATO L&#8217;UOMO IN VALLE DEL MIS. STA BENE<\/h2>\n<\/blockquote>\n<p><strong>SOSPIROLO\u00a0<\/strong>\u00c8 stato incrociato dai soccorritori mentre rientrava da Gena Alta, il trentacinquenne originario di Padova, da qualche mese residente in comune di Lentiai (BL), per la cui scomparsa era scattato questa mattina l&#8217;allarme, lanciato dai familiari che lo sapevano fuori a fare fotografie da ieri e che non riuscivano pi\u00f9 a contattarlo. Attorno alle 11.20, dopo l&#8217;allerta, 25 soccorritori delle Stazioni di Belluno, Feltre, Longarone, Veneto Orientale, con Vigili del fuoco e Carabinieri forestali hanno raggiunto il Bar della Soffia dove \u00e8 stata ritrovata parcheggiata la macchina dell&#8217;uomo e si sono suddivisi tra le zone principali, Gena Alta, Pattine, i Cadini del Brenton, mentre il Gruppo forre si preparava a percorrere le acque della Soffia. Fortunatamente, verso le 14, due soccorritori hanno incrociato l&#8217;uomo. Stava bene, aveva passato la notte in macchina e questa mattina era salito a fare delle fotografie. L&#8217;allarme \u00e8 quindi rientrato.<\/p>\n\n\t\t\t<style type='text\/css'>\n\t\t\t\t#gallery-2 {\n\t\t\t\t\tmargin: auto;\n\t\t\t\t}\n\t\t\t\t#gallery-2 .gallery-item {\n\t\t\t\t\tfloat: left;\n\t\t\t\t\tmargin-top: 10px;\n\t\t\t\t\ttext-align: center;\n\t\t\t\t\twidth: 50%;\n\t\t\t\t}\n\t\t\t\t#gallery-2 img {\n\t\t\t\t\tborder: 2px solid #cfcfcf;\n\t\t\t\t}\n\t\t\t\t#gallery-2 .gallery-caption {\n\t\t\t\t\tmargin-left: 0;\n\t\t\t\t}\n\t\t\t\t\/* see gallery_shortcode() in wp-includes\/media.php *\/\n\t\t\t<\/style>\n\t\t<div id='gallery-2' class='dt-gallery-container gallery galleryid-182614 gallery-columns-2 gallery-size-medium'><dl class='gallery-item'>\n\t\t\t\t<dt class='gallery-icon portrait'>\n\t\t\t\t\t<a class=\"rollover rollover-zoom dt-pswp-item\" title=\"salt_20210102_145039_831\" data-dt-img-description=\"\" data-large_image_width=\"960\" data-large_image_height=\"1280\"href='https:\/\/www.radiopiu.net\/wordpress\/wp-content\/uploads\/2021\/01\/salt_20210102_145039_831.jpg'><img loading=\"lazy\" decoding=\"async\" width=\"225\" height=\"300\" src=\"https:\/\/www.radiopiu.net\/wordpress\/wp-content\/uploads\/2021\/01\/salt_20210102_145039_831-225x300.jpg\" class=\"attachment-medium size-medium\" alt=\"\" srcset=\"https:\/\/www.radiopiu.net\/wordpress\/wp-content\/uploads\/2021\/01\/salt_20210102_145039_831-225x300.jpg 225w, https:\/\/www.radiopiu.net\/wordpress\/wp-content\/uploads\/2021\/01\/salt_20210102_145039_831-768x1024.jpg 768w, https:\/\/www.radiopiu.net\/wordpress\/wp-content\/uploads\/2021\/01\/salt_20210102_145039_831.jpg 960w\" sizes=\"auto, (max-width: 225px) 100vw, 225px\" \/><\/a>\n\t\t\t\t<\/dt><\/dl><dl class='gallery-item'>\n\t\t\t\t<dt class='gallery-icon landscape'>\n\t\t\t\t\t<a class=\"rollover rollover-zoom dt-pswp-item\" title=\"salt_20210102_145139_855\" data-dt-img-description=\"\" data-large_image_width=\"1280\" data-large_image_height=\"960\"href='https:\/\/www.radiopiu.net\/wordpress\/wp-content\/uploads\/2021\/01\/salt_20210102_145139_855.jpg'><img loading=\"lazy\" decoding=\"async\" width=\"300\" height=\"225\" src=\"https:\/\/www.radiopiu.net\/wordpress\/wp-content\/uploads\/2021\/01\/salt_20210102_145139_855-300x225.jpg\" class=\"attachment-medium size-medium\" alt=\"\" srcset=\"https:\/\/www.radiopiu.net\/wordpress\/wp-content\/uploads\/2021\/01\/salt_20210102_145139_855-300x225.jpg 300w, https:\/\/www.radiopiu.net\/wordpress\/wp-content\/uploads\/2021\/01\/salt_20210102_145139_855-1024x768.jpg 1024w, https:\/\/www.radiopiu.net\/wordpress\/wp-content\/uploads\/2021\/01\/salt_20210102_145139_855-768x576.jpg 768w, https:\/\/www.radiopiu.net\/wordpress\/wp-content\/uploads\/2021\/01\/salt_20210102_145139_855.jpg 1280w\" sizes=\"auto, (max-width: 300px) 100vw, 300px\" \/><\/a>\n\t\t\t\t<\/dt><\/dl><br style=\"clear: both\" \/>\n\t\t\t<\/div>\n\n<p>&nbsp;<\/p>\n<p>&nbsp;<\/p>\n<p>&nbsp;<\/p>\n<hr \/>\n<h2><span style=\"color: #ff0000;\">\u00a0<\/span><\/h2>\n<h2><span style=\"color: #ff0000;\">ADESSO INIZIA AD ESSERE TROPPA<\/span><\/h2>\n<blockquote>\n<h2><a href=\"https:\/\/www.radiopiu.net\/wordpress\/aggiornamento-viabilita-veneto-strade-ore-15-del-2-gennaio-2021\/whatsapp-image-2021-01-02-at-20-13-01\/\" rel=\"attachment wp-att-182798\"><img loading=\"lazy\" decoding=\"async\" class=\"size-medium wp-image-182798 alignleft\" src=\"https:\/\/www.radiopiu.net\/wordpress\/wp-content\/uploads\/2021\/01\/WhatsApp-Image-2021-01-02-at-20.13.01-300x138.jpeg\" alt=\"\" width=\"300\" height=\"138\" srcset=\"https:\/\/www.radiopiu.net\/wordpress\/wp-content\/uploads\/2021\/01\/WhatsApp-Image-2021-01-02-at-20.13.01-300x138.jpeg 300w, https:\/\/www.radiopiu.net\/wordpress\/wp-content\/uploads\/2021\/01\/WhatsApp-Image-2021-01-02-at-20.13.01-1024x471.jpeg 1024w, https:\/\/www.radiopiu.net\/wordpress\/wp-content\/uploads\/2021\/01\/WhatsApp-Image-2021-01-02-at-20.13.01-768x353.jpeg 768w, https:\/\/www.radiopiu.net\/wordpress\/wp-content\/uploads\/2021\/01\/WhatsApp-Image-2021-01-02-at-20.13.01-1536x707.jpeg 1536w, https:\/\/www.radiopiu.net\/wordpress\/wp-content\/uploads\/2021\/01\/WhatsApp-Image-2021-01-02-at-20.13.01.jpeg 1600w\" sizes=\"auto, (max-width: 300px) 100vw, 300px\" \/><\/a>LA STRUTTURA PER LO STOCCAGGIO DEL FIENO CROLLA SOTTO IL PESO DELLA NEVE. IN PIAZZA TURISTI A SPASSO TRA LE IRE DEI SINDACI, LA STANCHEZZA DEGLI OPERAI DEL COMUNE<\/h2>\n<\/blockquote>\n<p>&nbsp;<\/p>\n<audio class=\"wp-audio-shortcode\" id=\"audio-182614-2\" preload=\"none\" style=\"width: 100%;\" controls=\"controls\"><source type=\"audio\/mpeg\" src=\"https:\/\/www.radiopiu.net\/wordpress\/wp-content\/uploads\/2021\/01\/GIANNI-CAMINO.mp3?_=2\" \/><a href=\"https:\/\/www.radiopiu.net\/wordpress\/wp-content\/uploads\/2021\/01\/GIANNI-CAMINO.mp3\">https:\/\/www.radiopiu.net\/wordpress\/wp-content\/uploads\/2021\/01\/GIANNI-CAMINO.mp3<\/a><\/audio>\n<p>&nbsp;<\/p>\n<p>&nbsp;<\/p>\n<hr \/>\n<p>&nbsp;<\/p>\n<h2 style=\"text-align: center;\"><span style=\"color: #ff0000;\">IN VIGORE L&#8217;AUTOCERTIFICAZIONE FINO\u00a0 AL 6 GENNAIO <\/span><\/h2>\n<h2 style=\"text-align: center;\"><span style=\"color: #ff0000;\">CAPODANNO CON COPRIFUOCO DALLE 22 ALLE 7 DI DOMANI MATTINA<\/span><\/h2>\n<h2 style=\"text-align: center;\"><a href=\"https:\/\/www.radiopiu.net\/wordpress\/wp-content\/uploads\/2020\/12\/AUTOCERTIFICAZIONE-OTTOBRE-2020.pdf\">SCARICALA QUI<\/a><\/h2>\n<p><span style=\"color: #ff0000;\">Nella zona rossa:<\/span>\u00a0 gli spostamenti sono consentiti solo per ragioni lavoro, salute, necessit\u00e0 e tra questi rientra l\u2019assistenza ad una persona non autosufficiente; si potr\u00e0 rientrare nella propria residenza, nel domicilio o nell\u2019abitazione in cui ci si ritrova abitualmente con il partner e anche nelle seconde case si potr\u00e0 andare a fare la spesa e a messa oltre che in farmacia e dal tabaccaio;ci si potr\u00e0 recare a casa di altre persone (in due, ma nel totale non sono contati gli under 14) con spostamenti all\u2019interno del proprio comune; Bar e ristoranti chiudono dalla vigilia di\u00a0 per riaprire il 7 gennaio; \u00e8 consentito solo il servizio a domicilio o l\u2019asporto entro le 22. Restano aperti gli autogrill lungo le autostrade e i bar in stazioni e aeroporti; I negozi aperti sono: supermercati, alimentari, parrucchieri, barbieri, tabaccai,\u00a0\u00a0farmacie, parafarmacie, librerie, edicole, fiorai, negozi di giocattoli e abbigliamento sportivo, tabacchi e ferramenta, lavanderie e negozi per animali<\/p>\n<p>&nbsp;<\/p>\n<hr \/>\n<p>&nbsp;<\/p>\n<blockquote>\n<h3>DUE I DECESSI DI GIORNATA IN ULSS 1 DOLOMITI, 133 LE NUOVE POSITIVITA&#8217;<\/h3>\n<\/blockquote>\n<p><strong>BELLUNO <\/strong><span style=\"font-size: medium;\">Nelle ultime 24 ore sono decedute due persone covid positive: un uomo di anni 73 in Pronto Soccorso a Belluno e un uomo di anni 73 ricoverato in Pneumologia a Belluno. In Ulss 1 Dolomiti sono 133 i nuovi positivi della giornata.\u00a0<\/span><\/p>\n<p align=\"JUSTIFY\"><span style=\"font-size: medium;\"><b>Ricoveri <\/b><\/span><\/p>\n<p align=\"JUSTIFY\"><span style=\"font-size: medium;\"><i>(dato alle ore 17.00 fonte: Azienda Zero)<\/i><\/span><\/p>\n<p align=\"JUSTIFY\"><span style=\"font-size: medium;\">Le persone attualmente POSITIVE ricoverate negli ospedali dell\u2019Ulss Dolomiti sono<\/span>:<\/p>\n<table border=\"1\" width=\"652\" frame=\"HSIDES\" rules=\"GROUPS\" cellspacing=\"0\" cellpadding=\"7\">\n<tbody>\n<tr valign=\"TOP\">\n<td width=\"203\"><\/td>\n<td width=\"203\">\n<p align=\"JUSTIFY\"><span style=\"color: #365f91;\"><span style=\"font-size: medium;\"><b>Area NON CRITICA<\/b><\/span><\/span><\/p>\n<\/td>\n<td width=\"203\">\n<p align=\"JUSTIFY\"><span style=\"color: #365f91;\"><span style=\"font-size: medium;\"><b>Terapia Intensiva<\/b><\/span><\/span><\/p>\n<\/td>\n<\/tr>\n<\/tbody>\n<tbody>\n<tr valign=\"TOP\">\n<td bgcolor=\"#d3dfee\" width=\"203\">\n<p align=\"JUSTIFY\"><span style=\"color: #365f91;\"><span style=\"font-size: medium;\"><b>Ospedale di Belluno <\/b><\/span><\/span><\/p>\n<\/td>\n<td bgcolor=\"#d3dfee\" width=\"203\">\n<p align=\"CENTER\"><span style=\"color: #365f91;\"><span style=\"font-size: medium;\">59<\/span><\/span><\/p>\n<\/td>\n<td bgcolor=\"#d3dfee\" width=\"203\">\n<p align=\"CENTER\"><span style=\"color: #365f91;\"><span style=\"font-size: medium;\">8<\/span><\/span><\/p>\n<\/td>\n<\/tr>\n<tr valign=\"TOP\">\n<td bgcolor=\"#d3dfee\" width=\"203\">\n<p align=\"JUSTIFY\"><span style=\"color: #365f91;\"><span style=\"font-size: medium;\"><b>Ospedale di Feltre<\/b><\/span><\/span><\/p>\n<p align=\"JUSTIFY\"><span style=\"color: #365f91;\"><span style=\"font-size: medium;\"><b>Ospedale di Agordo<\/b><\/span><\/span><\/p>\n<\/td>\n<td bgcolor=\"#d3dfee\" width=\"203\">\n<p align=\"CENTER\"><span style=\"color: #365f91;\"><span style=\"font-size: medium;\">45<\/span><\/span><\/p>\n<p align=\"CENTER\"><span style=\"color: #365f91;\"><span style=\"font-size: medium;\">13<\/span><\/span><\/p>\n<\/td>\n<td bgcolor=\"#d3dfee\" width=\"203\">\n<p align=\"CENTER\"><span style=\"color: #365f91;\"><span style=\"font-size: medium;\">8<\/span><\/span><\/p>\n<\/td>\n<\/tr>\n<\/tbody>\n<\/table>\n<p align=\"JUSTIFY\"><span style=\"font-size: medium;\">Le persone attualmente POSITIVE <\/span>ricoverate in Ospedale di Comunit\u00e0 sono:<\/p>\n<table border=\"1\" width=\"652\" frame=\"HSIDES\" rules=\"GROUPS\" cellspacing=\"0\" cellpadding=\"7\">\n<tbody>\n<tr valign=\"TOP\">\n<td width=\"312\"><\/td>\n<td width=\"312\">\n<p align=\"JUSTIFY\"><span style=\"color: #76923c;\"><span style=\"font-size: medium;\"><b>pazienti attualmente positivi<\/b><\/span><\/span><\/p>\n<\/td>\n<\/tr>\n<\/tbody>\n<tbody>\n<tr valign=\"TOP\">\n<td bgcolor=\"#e6eed5\" width=\"312\" height=\"5\">\n<p align=\"JUSTIFY\"><span style=\"color: #76923c;\"><span style=\"font-size: medium;\"><b>Ospedale di Comunit\u00e0 ALANO<\/b><\/span><\/span><\/p>\n<\/td>\n<td bgcolor=\"#e6eed5\" width=\"312\">\n<p align=\"CENTER\"><span style=\"color: #76923c;\"><span style=\"font-size: medium;\">9<\/span><\/span><\/p>\n<\/td>\n<\/tr>\n<tr valign=\"TOP\">\n<td bgcolor=\"#e6eed5\" width=\"312\">\n<p align=\"JUSTIFY\"><span style=\"color: #76923c;\"><span style=\"font-size: medium;\"><b>Ospedale di Comunit\u00e0 AURONZO<\/b><\/span><\/span><\/p>\n<p align=\"JUSTIFY\"><span style=\"color: #76923c;\"><span style=\"font-size: medium;\"><b>Ospedale di Comunit\u00e0 di BELLUNO <\/b><\/span><\/span><\/p>\n<\/td>\n<td bgcolor=\"#e6eed5\" width=\"312\">\n<p align=\"CENTER\"><span style=\"color: #76923c;\"><span style=\"font-size: medium;\">3<\/span><\/span><\/p>\n<p align=\"CENTER\"><span style=\"color: #76923c;\"><span style=\"font-size: medium;\">21<\/span><\/span><\/p>\n<\/td>\n<\/tr>\n<tr valign=\"TOP\">\n<td bgcolor=\"#e6eed5\" width=\"312\">\n<p align=\"JUSTIFY\"><span style=\"color: #76923c;\"><span style=\"font-size: medium;\"><b>Ospedale di Comunit\u00e0 di FELTRE<\/b><\/span><\/span><\/p>\n<\/td>\n<td bgcolor=\"#e6eed5\" width=\"312\">\n<p align=\"CENTER\"><span style=\"color: #76923c;\"><span style=\"font-size: medium;\">13<\/span><\/span><\/p>\n<\/td>\n<\/tr>\n<\/tbody>\n<\/table>\n<p>&nbsp;<\/p>\n<p>&nbsp;<\/p>\n<hr \/>\n<p>&nbsp;<\/p>\n<blockquote>\n<h3 class=\"entry-title\">DAL 18 GENNAIO AL VIA IL CIRCO BIANCO? INTANTO C\u2019E\u2019 LA DATA PER LA DECISIONE<\/h3>\n<\/blockquote>\n<p><strong><img loading=\"lazy\" decoding=\"async\" class=\"alignleft\" src=\"https:\/\/www.radiopiu.net\/wordpress\/wp-content\/uploads\/2017\/12\/falcade_passo-san-pellegrino.jpg\" width=\"170\" height=\"113\" \/>RADIO PIU <\/strong>Il ministro Roberto Speranza ha firmato l\u2019ordinanza\u00a0 per\u00a0 la riapertura degli impianti sciistici: rinvio al 18 gennaio 2021 per la discussione.\u00a0 Nei giorni scorsi le regioni e le province autonome avevano chiesto, attraverso lettera del presidente della conferenza Stefano Bonaccini, un rinvio della riapertura in vista di un allineamento delle linee guida al parere espresso dal Comitato tecnico-scientifico. Ora bisogner\u00e0 attendere che il Cts validi entro pochi giorni le nuove linee guida proposte dalle Regioni alpine in modo che possano essere inserite nel nuovo decreto previsto per il 15 gennaio.<strong><br \/>\n<\/strong><\/p>\n<p>&nbsp;<\/p>\n<p>&nbsp;<\/p>\n<hr \/>\n<p>&nbsp;<\/p>\n<blockquote>\n<h3>SCI RIPARTE IL 18 GENNAIO, BUSSONE (UNCEM): &#8220;FORTE ATTENZIONE DELLA POLITICA PER LA MONTAGNA. POSITIVO PROSEGUA&#8221;<\/h3>\n<\/blockquote>\n<p><strong>ROMA <\/strong>&#8220;<em>Negli ultimi giorni abbiamo registrato una crescente attenzione di molti Parlamentari per la montagna, in attesa della riapertura degli impianti sciistici. L&#8217;annuncio di oggi del Ministro Speranza, con l&#8217;avvio il 18 gennaio, permette nei prossimi giorni una urgente mappatura delle esigenze di ristoro per gli operatori, impiantisti, maestri di sci e per tutte le categorie che soffrono per la non apertura. La forte attenzione politica per la montagna mi auguro prosegua nei prossimi mesi e si sostanzi su tutti i fronti, per tutti i comparti, a partire da quello agricolo e forestale, fondamentali per tutte le aree montane italiane<\/em>&#8220;. Lo afferma Marco Bussone, Presidente nazionale Uncem.<\/p>\n<p>&nbsp;<\/p>\n<p>&nbsp;<\/p>\n<hr \/>\n<p>&nbsp;<\/p>\n<blockquote>\n<h3>SLAVINA A SAN PIETRO, BLACKOUT ELETTRICI CON CRITICITA&#8217; MAGGIORI IN COMELICO. LA PROVINCIA IN AIUTO ALLE UNIONI MONTANE<\/h3>\n<\/blockquote>\n<p><strong>BELLUNO<\/strong> Il consigliere delegato alla Protezione civile e i tecnici della Provincia sono in contatto dal pomeriggio con i sindaci e i presidenti delle Unioni Montane della parte alta del territorio provinciale. Le criticit\u00e0 attuali si concentrano soprattutto in Comelico (dove sono stati aperti tutti i Coc). Sono caduti circa 80-85 centimetri di neve (diversi centimetri pi\u00f9 del previsto): il problema principale al momento sono i tetti e le strade, dove la nuova nevicata si somma a quella dei giorni scorsi.<br \/>\nSono state attivate le squadre dell\u2019Ana Cadore, Belluno e Feltre, attraverso la Regione. Le squadre sono state messe in contatto con i Coc, per rispondere a eventuali esigenze particolari.Si \u00e8 verificato una piccola slavina nel Comune di San Pietro (localit\u00e0 Mare). Ci sono stati alcuni blackout elettrici, ma brevi e gi\u00e0 rientrati. La Provincia ha dato massima disponibilit\u00e0 in caso di bisogno a dare una mano alle Unioni Montane per affrontare i primi costi dello sgombero neve dai tetti e per affrontare i costi relativi allo spostamento delle masse nevose. \u2028Domani in mattinata dovrebbe essere convocata una riunione con la Prefettura.<\/p>\n<p>&nbsp;<\/p>\n<p>&nbsp;<\/p>\n<hr \/>\n<p>&nbsp;<\/p>\n<blockquote>\n<h3>L&#8217;OPERAIO IN PIU&#8217; TRA LE BURELE E IL GRANDE SENSO CIVICO LAVALLESE<\/h3>\n<\/blockquote>\n<p><strong><a href=\"https:\/\/www.radiopiu.net\/wordpress\/a-la-valle-con-la-grande-nevicato-arriva-anche-loperaio-in-piu-tra-le-burele\/b0f76299-bd93-4514-a278-50bb67c17204\/\" rel=\"attachment wp-att-182715\"><img loading=\"lazy\" decoding=\"async\" class=\"size-medium wp-image-182715 alignleft\" src=\"https:\/\/www.radiopiu.net\/wordpress\/wp-content\/uploads\/2021\/01\/b0f76299-bd93-4514-a278-50bb67c17204-300x225.jpg\" alt=\"\" width=\"300\" height=\"225\" srcset=\"https:\/\/www.radiopiu.net\/wordpress\/wp-content\/uploads\/2021\/01\/b0f76299-bd93-4514-a278-50bb67c17204-300x225.jpg 300w, https:\/\/www.radiopiu.net\/wordpress\/wp-content\/uploads\/2021\/01\/b0f76299-bd93-4514-a278-50bb67c17204-1024x767.jpg 1024w, https:\/\/www.radiopiu.net\/wordpress\/wp-content\/uploads\/2021\/01\/b0f76299-bd93-4514-a278-50bb67c17204-768x575.jpg 768w, https:\/\/www.radiopiu.net\/wordpress\/wp-content\/uploads\/2021\/01\/b0f76299-bd93-4514-a278-50bb67c17204-1536x1150.jpg 1536w, https:\/\/www.radiopiu.net\/wordpress\/wp-content\/uploads\/2021\/01\/b0f76299-bd93-4514-a278-50bb67c17204.jpg 1600w\" sizes=\"auto, (max-width: 300px) 100vw, 300px\" \/><\/a>LA VALLE<\/strong> Se sei in due lavori per tre, potrebbe recitare l&#8217;adagio, di certo un buon ritornello per chi prima era da solo contro la neve, i tanti lavori quotidiani, un territorio da presidiare. A La Valle Agordina \u00e8 stato assunto il secondo operaio.<em> &#8220;Semplicemente- dice il consigliere Massimo Sommariva &#8211; anche questa volta il mio Sindaco ha centrato l&#8217;obbiettivo. Diamo il benvenuto a Sandro che ha iniziato da tre giorni questa nuova avventura&#8221;.<\/em>E&#8217; arrivato proprio in piena emergenza neve, mica\u00a0 facile iniziare senza una precisa conoscenza del territorio e delle strade anche perch\u00e9 il Comune ha una vastit\u00e0 territoriale discretamente ampia e con un centro cittadino di viuzze e strettoie che complicano non poco la pulizia del manto stradale.<em>&#8220;Ma da quel poco che ho potuto notare\u00a0 &#8211; dice Sommariva &#8211; Sandro sa il fatto suo e unitamente all&#8217;altra figura che ha decenni di esperienza sul territorio si auspica che nasca una sinergia che pu\u00f2 solo fare bene alla nostra comunit\u00e0&#8221;.\u00a0<\/em>L&#8217;uomo e la donna lavallese tra l&#8217;altro si contraddistinguono per il .grande senso civico, con pale e frese hanno contribuito nello sgombero\u00a0 neve nel centro, lungo\u00a0 parciapiedi e parcheggi pubblici <em>&#8220;Federico ad esempio &#8211; continua Sommariva &#8211;\u00a0 che in mattinata dopo aver terminato di spalare presso la propria abitazione ha deciso di contribuire al bene pubblico fresando i marciapiedi permettendo cos\u00ec un notevole risparmio di lavoro agli operatori comunali gi\u00e0 oberati da mille problematiche. Concludo con un ringraziamento da parte del Sindaco e di tutta l&#8217;amministrazione comunale ai tanti Federico e agli operai comunali per la disponibilit\u00e0&#8217; dimostrata&#8221;.<\/em><\/p>\n<p>&nbsp;<\/p>\n<div style=\"width: 1200px;\" class=\"wp-video\"><video class=\"wp-video-shortcode\" id=\"video-182614-1\" width=\"1200\" height=\"675\" preload=\"metadata\" controls=\"controls\"><source type=\"video\/mp4\" src=\"https:\/\/www.radiopiu.net\/wordpress\/wp-content\/uploads\/2021\/01\/WhatsApp-Video-2021-01-02-at-17.04.43.mp4?_=1\" \/><a href=\"https:\/\/www.radiopiu.net\/wordpress\/wp-content\/uploads\/2021\/01\/WhatsApp-Video-2021-01-02-at-17.04.43.mp4\">https:\/\/www.radiopiu.net\/wordpress\/wp-content\/uploads\/2021\/01\/WhatsApp-Video-2021-01-02-at-17.04.43.mp4<\/a><\/video><\/div>\n<p>&nbsp;<\/p>\n<hr \/>\n<p>&nbsp;<\/p>\n<blockquote>\n<h3>IL GRAZIE DEL SINDACO DI ROCCA PIETORE ANDREA DE BERNARDIN AGLI OPERAI IMPEGNATI NELLO SGOMBERO NEVE<\/h3>\n<\/blockquote>\n<p><strong>ROCCA PIETORE<\/strong> Lavorano senza sosta gli operai per rendere praticabili le strade del comuna di Rocca Pietore. Il sindaco Andrea De Bernardin ringrazia. &#8220;<em>Un grazie da parte mia ai nostri operai che da giorni lavorano sui mezzi con ritmi pesanti cercando di fare il possibile, fra critiche e polemiche varie dei soliti esperti<\/em>.&#8221;<\/p>\n<p><strong>IL VIDEO<\/strong><\/p>\n<div style=\"width: 720px;\" class=\"wp-video\"><video class=\"wp-video-shortcode\" id=\"video-182614-2\" width=\"720\" height=\"480\" preload=\"metadata\" controls=\"controls\"><source type=\"video\/mp4\" src=\"https:\/\/www.radiopiu.net\/wordpress\/wp-content\/uploads\/2021\/01\/ROCCA-SGOMBERO-NEVE-OK.mp4?_=2\" \/><a href=\"https:\/\/www.radiopiu.net\/wordpress\/wp-content\/uploads\/2021\/01\/ROCCA-SGOMBERO-NEVE-OK.mp4\">https:\/\/www.radiopiu.net\/wordpress\/wp-content\/uploads\/2021\/01\/ROCCA-SGOMBERO-NEVE-OK.mp4<\/a><\/video><\/div>\n<p>&nbsp;<\/p>\n<hr \/>\n<p>&nbsp;<\/p>\n<blockquote>\n<h3>DILLO A RADIO PIU&#8230;CHI SI OCCUPA DEGLI OPERAI PER LO SGOMBERO NEVE?<\/h3>\n<\/blockquote>\n<p><strong><a href=\"https:\/\/www.radiopiu.net\/wordpress\/elezioni-comunali-2019-livinallongo-del-col-di-lana\/livinallongo-daniela-templari\/\" rel=\"attachment wp-att-86469\"><img loading=\"lazy\" decoding=\"async\" class=\" wp-image-86469 alignleft\" src=\"https:\/\/www.radiopiu.net\/wordpress\/wp-content\/uploads\/2019\/05\/LIVINALLONGO-DANIELA-TEMPLARI-248x300.jpg\" alt=\"\" width=\"136\" height=\"165\" srcset=\"https:\/\/www.radiopiu.net\/wordpress\/wp-content\/uploads\/2019\/05\/LIVINALLONGO-DANIELA-TEMPLARI-248x300.jpg 248w, https:\/\/www.radiopiu.net\/wordpress\/wp-content\/uploads\/2019\/05\/LIVINALLONGO-DANIELA-TEMPLARI.jpg 632w\" sizes=\"auto, (max-width: 136px) 100vw, 136px\" \/><\/a>di Daniela Templari consigliere comunale di Livinallongo Del Col di Lana<\/strong><\/p>\n<p>\u00c8 un problema che riguarda tutti i Comuni non solo Livinallongo&#8230; Chi lavora non trova un posto dove bere un caff\u00e8, pranzare ma anche solo andare al bagno&#8230;credo che sia corretto capire se c&#8217;\u00e8 un ristorante bar disposto ad aprire per dare ristoro e pranzo agli operatori che si occupano della pulizia neve, in questo periodo, costretti a mangiare un panino sul camion, credo sia davvero vergognoso che non possano trovare qualcosa di caldo durante la giornata e per pranzo<\/p>\n<p><strong>DANIELA TEMPLARI<\/strong><\/p>\n<audio class=\"wp-audio-shortcode\" id=\"audio-182614-3\" preload=\"none\" style=\"width: 100%;\" controls=\"controls\"><source type=\"audio\/mpeg\" src=\"https:\/\/www.radiopiu.net\/wordpress\/wp-content\/uploads\/2021\/01\/TEMPLARI-DILLO-RADIO.mp3?_=3\" \/><a href=\"https:\/\/www.radiopiu.net\/wordpress\/wp-content\/uploads\/2021\/01\/TEMPLARI-DILLO-RADIO.mp3\">https:\/\/www.radiopiu.net\/wordpress\/wp-content\/uploads\/2021\/01\/TEMPLARI-DILLO-RADIO.mp3<\/a><\/audio>\n<p>&nbsp;<\/p>\n<hr \/>\n<p>&nbsp;<\/p>\n<blockquote class=\"wp-embedded-content\" data-secret=\"xJ2wqjzSN1\"><p><a href=\"https:\/\/www.radiopiu.net\/wordpress\/forcella-aurine-mis-di-sagron-la-fotogallery\/\">FORCELLA AURINE, MIS DI SAGRON &#8211; LA FOTOGALLERY<\/a><\/p><\/blockquote>\n<p><iframe loading=\"lazy\" class=\"wp-embedded-content\" sandbox=\"allow-scripts\" security=\"restricted\" style=\"position: absolute; clip: rect(1px, 1px, 1px, 1px);\" title=\"&#8220;FORCELLA AURINE, MIS DI SAGRON &#8211; LA FOTOGALLERY&#8221; &#8212; Radio Pi\u00f9\" src=\"https:\/\/www.radiopiu.net\/wordpress\/forcella-aurine-mis-di-sagron-la-fotogallery\/embed\/#?secret=xJ2wqjzSN1\" data-secret=\"xJ2wqjzSN1\" width=\"600\" height=\"338\" frameborder=\"0\" marginwidth=\"0\" marginheight=\"0\" scrolling=\"no\"><\/iframe><\/p>\n<p>&nbsp;<\/p>\n<hr \/>\n<p>&nbsp;<\/p>\n<blockquote>\n<h2>DILLO A RADIO PIU&#8230; A PROPOSITO DELLE CRITICHE PER CHI PARCHEGGIA IN STRADA A FRASSENE&#8217; DI VOLTAGO<\/h2>\n<\/blockquote>\n<p><strong>VOLTAGO<\/strong> In risposta ai parcheggi a Frassene &#8216; il problema\u00a0 \u00e8 un altro: non spazzano nemmeno il piazzale a 200 metri tra l&#8217;altro adibito ormai\u00a0 allo stoccaggio del\u00a0 legname\u00a0 post vaia, qui\u00a0 il vigile\u00e8\u00a0 molto attento nel far spostare le auto che peraltro non\u00a0 danno fastidio a nessuno. Dovrebbe forse anche\u00a0 far notare che essendo un piazzale comunale\u00a0 andrebbe pulito&#8230;. altro che 50 posti auto .<br \/>\nLuciano Murer.<\/p>\n<p><a href=\"https:\/\/www.radiopiu.net\/wordpress\/slavina-a-san-pietro-blackout-elettrici-con-criticita-maggiori-in-comelico-la-provincia-in-aiuto-alle-unioni-montane\/inkedimg_20210102_161017131_li\/\" rel=\"attachment wp-att-182777\"><img loading=\"lazy\" decoding=\"async\" class=\"alignnone wp-image-182777\" src=\"https:\/\/www.radiopiu.net\/wordpress\/wp-content\/uploads\/2021\/01\/InkedIMG_20210102_161017131_LI-300x225.jpg\" alt=\"\" width=\"260\" height=\"195\" srcset=\"https:\/\/www.radiopiu.net\/wordpress\/wp-content\/uploads\/2021\/01\/InkedIMG_20210102_161017131_LI-300x225.jpg 300w, https:\/\/www.radiopiu.net\/wordpress\/wp-content\/uploads\/2021\/01\/InkedIMG_20210102_161017131_LI-1024x768.jpg 1024w, https:\/\/www.radiopiu.net\/wordpress\/wp-content\/uploads\/2021\/01\/InkedIMG_20210102_161017131_LI-768x576.jpg 768w, https:\/\/www.radiopiu.net\/wordpress\/wp-content\/uploads\/2021\/01\/InkedIMG_20210102_161017131_LI-1536x1152.jpg 1536w, https:\/\/www.radiopiu.net\/wordpress\/wp-content\/uploads\/2021\/01\/InkedIMG_20210102_161017131_LI-2048x1536.jpg 2048w\" sizes=\"auto, (max-width: 260px) 100vw, 260px\" \/><\/a><a href=\"https:\/\/www.radiopiu.net\/wordpress\/slavina-a-san-pietro-blackout-elettrici-con-criticita-maggiori-in-comelico-la-provincia-in-aiuto-alle-unioni-montane\/exif_jpeg_420\/\" rel=\"attachment wp-att-182776\"><img loading=\"lazy\" decoding=\"async\" class=\" wp-image-182776\" src=\"https:\/\/www.radiopiu.net\/wordpress\/wp-content\/uploads\/2021\/01\/IMG_20210102_160906203-225x300.jpg\" alt=\"\" width=\"147\" height=\"196\" srcset=\"https:\/\/www.radiopiu.net\/wordpress\/wp-content\/uploads\/2021\/01\/IMG_20210102_160906203-225x300.jpg 225w, https:\/\/www.radiopiu.net\/wordpress\/wp-content\/uploads\/2021\/01\/IMG_20210102_160906203-768x1024.jpg 768w, https:\/\/www.radiopiu.net\/wordpress\/wp-content\/uploads\/2021\/01\/IMG_20210102_160906203-1152x1536.jpg 1152w, https:\/\/www.radiopiu.net\/wordpress\/wp-content\/uploads\/2021\/01\/IMG_20210102_160906203-1536x2048.jpg 1536w, https:\/\/www.radiopiu.net\/wordpress\/wp-content\/uploads\/2021\/01\/IMG_20210102_160906203-scaled.jpg 1920w\" sizes=\"auto, (max-width: 147px) 100vw, 147px\" \/><\/a><\/p>\n<div class=\"mceTemp\"><\/div>\n<p>&nbsp;<\/p>\n<blockquote>\n<h3>CINQUE GIORNI FA ALLA RADIO&#8230;. PARCHEGGI A FRASSENE&#8217; PROBLEMI PER CHI SI OCCUPA DELLO SGOMBERO NEVE<\/h3>\n<\/blockquote>\n<p><strong><a class=\"dt-pswp-item\" href=\"https:\/\/www.radiopiu.net\/wordpress\/wp-content\/uploads\/2020\/12\/133599379_1903433846485497_3163134399857794117_n.jpg\" data-dt-img-description=\"\" data-large_image_width=\"152\" data-large_image_height=\"315\"><img loading=\"lazy\" decoding=\"async\" class=\"size-medium wp-image-181952 alignleft\" src=\"https:\/\/www.radiopiu.net\/wordpress\/wp-content\/uploads\/2020\/12\/133599379_1903433846485497_3163134399857794117_n-145x300.jpg\" alt=\"\" width=\"145\" height=\"300\" srcset=\"https:\/\/www.radiopiu.net\/wordpress\/wp-content\/uploads\/2020\/12\/133599379_1903433846485497_3163134399857794117_n-145x300.jpg 145w, https:\/\/www.radiopiu.net\/wordpress\/wp-content\/uploads\/2020\/12\/133599379_1903433846485497_3163134399857794117_n.jpg 152w\" sizes=\"auto, (max-width: 145px) 100vw, 145px\" \/><\/a><\/strong><\/p>\n<p>&nbsp;<\/p>\n<p><strong>VOLTAGO<\/strong> Riceviamo e volentieri pubblichiamo<\/p>\n<p>Un&#8217;importante segnalazione per la Polizia Locale e il Commissario della Prefettura facenti le funzioni del sindaco.<\/p>\n<div class=\"jn8vp64t l9j0dhe7 hpfvmrgz\">\n<div class=\"lzcic4wl\" tabindex=\"0\" role=\"gridcell\" data-scope=\"messages_table\" data-recover=\"true\">\n<div class=\"ni8dbmo4 stjgntxs g5ia77u1 ii04i59q\" data-testid=\"messenger_incoming_text_row\">\n<div class=\"l60d2q6s d1544ag0 sj5x9vvc tw6a2znq l9j0dhe7 ni8dbmo4 stjgntxs qlfml3jp inkptoze e72ty7fz qmr60zad jm1wdb64 qv66sw1b ljqsnud1 g6srhlxm odn2s2vf\">\n<blockquote>\n<div class=\"oo9gr5id\" dir=\"auto\"><strong>&#8220;Segnalo che nonostante divieto di sosta su tutto viale della Vittoria di Frassen\u00e9 Agordino in caso di neve c&#8217;\u00e8 chi si ostina a parcheggiare a lato strada mettendo in difficolt\u00e0 chi deve sgomberare la neve anche dal marciapiede. A 200 metri c \u00e8 un parcheggio con 50 posti almeno non lamentiamoci se non puliscono&#8221;<br \/>\n<\/strong>G.B._Frassene&#8217; di Voltago<\/div>\n<\/blockquote>\n<\/div>\n<\/div>\n<\/div>\n<\/div>\n<p>&nbsp;<\/p>\n<p>&nbsp;<\/p>\n<p>&nbsp;<\/p>\n<p>&nbsp;<\/p>\n<hr \/>\n<p>&nbsp;<\/p>\n<blockquote class=\"wp-embedded-content\" data-secret=\"GDzT64AnuA\"><p><a href=\"https:\/\/www.radiopiu.net\/wordpress\/agg-gen02\/\">CORONAVIRUS: AGGIORNAMENTO NAZIONALE 02 GENNAIO 2021<\/a><\/p><\/blockquote>\n<p><iframe loading=\"lazy\" class=\"wp-embedded-content\" sandbox=\"allow-scripts\" security=\"restricted\" style=\"position: absolute; clip: rect(1px, 1px, 1px, 1px);\" title=\"&#8220;CORONAVIRUS: AGGIORNAMENTO NAZIONALE 02 GENNAIO 2021&#8221; &#8212; Radio Pi\u00f9\" src=\"https:\/\/www.radiopiu.net\/wordpress\/agg-gen02\/embed\/#?secret=GDzT64AnuA\" data-secret=\"GDzT64AnuA\" width=\"600\" height=\"338\" frameborder=\"0\" marginwidth=\"0\" marginheight=\"0\" scrolling=\"no\"><\/iframe><\/p>\n<p>&nbsp;<\/p>\n<hr \/>\n<p>&nbsp;<\/p>\n<blockquote class=\"wp-embedded-content\" data-secret=\"tZPFTTxCRp\"><p><a href=\"https:\/\/www.radiopiu.net\/wordpress\/in-24-ore-3172-nuovi-positivi-in-veneto-e-80-decessi-ricoveri-in-lieve-aumento-in-area-non-critica-a-belluno-133-nuovi-positivi-ma-calano-le-positivita-attive\/\">IN 24 ORE 3172 NUOVI POSITIVI IN VENETO E 80 DECESSI. RICOVERI IN LIEVE AUMENTO IN AREA NON CRITICA. A BELLUNO 133 NUOVI POSITIVI MA CALANO LE POSITIVITA&#8217; ATTIVE<\/a><\/p><\/blockquote>\n<p><iframe loading=\"lazy\" class=\"wp-embedded-content\" sandbox=\"allow-scripts\" security=\"restricted\" style=\"position: absolute; clip: rect(1px, 1px, 1px, 1px);\" title=\"&#8220;IN 24 ORE 3172 NUOVI POSITIVI IN VENETO E 80 DECESSI. RICOVERI IN LIEVE AUMENTO IN AREA NON CRITICA. A BELLUNO 133 NUOVI POSITIVI MA CALANO LE POSITIVITA&#8217; ATTIVE&#8221; &#8212; Radio Pi\u00f9\" src=\"https:\/\/www.radiopiu.net\/wordpress\/in-24-ore-3172-nuovi-positivi-in-veneto-e-80-decessi-ricoveri-in-lieve-aumento-in-area-non-critica-a-belluno-133-nuovi-positivi-ma-calano-le-positivita-attive\/embed\/#?secret=tZPFTTxCRp\" data-secret=\"tZPFTTxCRp\" width=\"600\" height=\"338\" frameborder=\"0\" marginwidth=\"0\" marginheight=\"0\" scrolling=\"no\"><\/iframe><\/p>\n<p>&nbsp;<\/p>\n<hr \/>\n<p>&nbsp;<\/p>\n<blockquote>\n<h3>I GRAFICI DI TIZIANO DE COL<\/h3>\n<\/blockquote>\n\n\t\t\t<style type='text\/css'>\n\t\t\t\t#gallery-3 {\n\t\t\t\t\tmargin: auto;\n\t\t\t\t}\n\t\t\t\t#gallery-3 .gallery-item {\n\t\t\t\t\tfloat: left;\n\t\t\t\t\tmargin-top: 10px;\n\t\t\t\t\ttext-align: center;\n\t\t\t\t\twidth: 25%;\n\t\t\t\t}\n\t\t\t\t#gallery-3 img {\n\t\t\t\t\tborder: 2px solid #cfcfcf;\n\t\t\t\t}\n\t\t\t\t#gallery-3 .gallery-caption {\n\t\t\t\t\tmargin-left: 0;\n\t\t\t\t}\n\t\t\t\t\/* see gallery_shortcode() in wp-includes\/media.php *\/\n\t\t\t<\/style>\n\t\t<div id='gallery-3' class='dt-gallery-container gallery galleryid-182614 gallery-columns-4 gallery-size-medium'><dl class='gallery-item'>\n\t\t\t\t<dt class='gallery-icon landscape'>\n\t\t\t\t\t<a class=\"rollover rollover-zoom dt-pswp-item\" title=\"3c838c16-c894-4053-bc5c-c06547972ee5\" data-dt-img-description=\"\" data-large_image_width=\"590\" data-large_image_height=\"348\"href='https:\/\/www.radiopiu.net\/wordpress\/wp-content\/uploads\/2021\/01\/3c838c16-c894-4053-bc5c-c06547972ee5.jpg'><img loading=\"lazy\" decoding=\"async\" width=\"300\" height=\"177\" src=\"https:\/\/www.radiopiu.net\/wordpress\/wp-content\/uploads\/2021\/01\/3c838c16-c894-4053-bc5c-c06547972ee5-300x177.jpg\" class=\"attachment-medium size-medium\" alt=\"\" srcset=\"https:\/\/www.radiopiu.net\/wordpress\/wp-content\/uploads\/2021\/01\/3c838c16-c894-4053-bc5c-c06547972ee5-300x177.jpg 300w, https:\/\/www.radiopiu.net\/wordpress\/wp-content\/uploads\/2021\/01\/3c838c16-c894-4053-bc5c-c06547972ee5.jpg 590w\" sizes=\"auto, (max-width: 300px) 100vw, 300px\" \/><\/a>\n\t\t\t\t<\/dt><\/dl><dl class='gallery-item'>\n\t\t\t\t<dt class='gallery-icon landscape'>\n\t\t\t\t\t<a class=\"rollover rollover-zoom dt-pswp-item\" title=\"bfda356a-7b09-4da6-8aab-9c2a911b1036\" data-dt-img-description=\"\" data-large_image_width=\"596\" data-large_image_height=\"352\"href='https:\/\/www.radiopiu.net\/wordpress\/wp-content\/uploads\/2021\/01\/bfda356a-7b09-4da6-8aab-9c2a911b1036.jpg'><img loading=\"lazy\" decoding=\"async\" width=\"300\" height=\"177\" src=\"https:\/\/www.radiopiu.net\/wordpress\/wp-content\/uploads\/2021\/01\/bfda356a-7b09-4da6-8aab-9c2a911b1036-300x177.jpg\" class=\"attachment-medium size-medium\" alt=\"\" srcset=\"https:\/\/www.radiopiu.net\/wordpress\/wp-content\/uploads\/2021\/01\/bfda356a-7b09-4da6-8aab-9c2a911b1036-300x177.jpg 300w, https:\/\/www.radiopiu.net\/wordpress\/wp-content\/uploads\/2021\/01\/bfda356a-7b09-4da6-8aab-9c2a911b1036.jpg 596w\" sizes=\"auto, (max-width: 300px) 100vw, 300px\" \/><\/a>\n\t\t\t\t<\/dt><\/dl><dl class='gallery-item'>\n\t\t\t\t<dt class='gallery-icon landscape'>\n\t\t\t\t\t<a class=\"rollover rollover-zoom dt-pswp-item\" title=\"931ef301-665c-4605-ac51-a1149fa97b05\" data-dt-img-description=\"\" data-large_image_width=\"600\" data-large_image_height=\"352\"href='https:\/\/www.radiopiu.net\/wordpress\/wp-content\/uploads\/2021\/01\/931ef301-665c-4605-ac51-a1149fa97b05.jpg'><img loading=\"lazy\" decoding=\"async\" width=\"300\" height=\"176\" src=\"https:\/\/www.radiopiu.net\/wordpress\/wp-content\/uploads\/2021\/01\/931ef301-665c-4605-ac51-a1149fa97b05-300x176.jpg\" class=\"attachment-medium size-medium\" alt=\"\" srcset=\"https:\/\/www.radiopiu.net\/wordpress\/wp-content\/uploads\/2021\/01\/931ef301-665c-4605-ac51-a1149fa97b05-300x176.jpg 300w, https:\/\/www.radiopiu.net\/wordpress\/wp-content\/uploads\/2021\/01\/931ef301-665c-4605-ac51-a1149fa97b05.jpg 600w\" sizes=\"auto, (max-width: 300px) 100vw, 300px\" \/><\/a>\n\t\t\t\t<\/dt><\/dl><dl class='gallery-item'>\n\t\t\t\t<dt class='gallery-icon landscape'>\n\t\t\t\t\t<a class=\"rollover rollover-zoom dt-pswp-item\" title=\"62a0bba0-d48f-4227-9fd9-6d16c932dc97\" data-dt-img-description=\"\" data-large_image_width=\"588\" data-large_image_height=\"354\"href='https:\/\/www.radiopiu.net\/wordpress\/wp-content\/uploads\/2021\/01\/62a0bba0-d48f-4227-9fd9-6d16c932dc97.jpg'><img loading=\"lazy\" decoding=\"async\" width=\"300\" height=\"181\" src=\"https:\/\/www.radiopiu.net\/wordpress\/wp-content\/uploads\/2021\/01\/62a0bba0-d48f-4227-9fd9-6d16c932dc97-300x181.jpg\" class=\"attachment-medium size-medium\" alt=\"\" srcset=\"https:\/\/www.radiopiu.net\/wordpress\/wp-content\/uploads\/2021\/01\/62a0bba0-d48f-4227-9fd9-6d16c932dc97-300x181.jpg 300w, https:\/\/www.radiopiu.net\/wordpress\/wp-content\/uploads\/2021\/01\/62a0bba0-d48f-4227-9fd9-6d16c932dc97.jpg 588w\" sizes=\"auto, (max-width: 300px) 100vw, 300px\" \/><\/a>\n\t\t\t\t<\/dt><\/dl><br style=\"clear: both\" \/>\n\t\t\t<\/div>\n\n<p>&nbsp;<\/p>\n<p>&nbsp;<\/p>\n<hr \/>\n<p>&nbsp;<\/p>\n<blockquote>\n<h1><strong>Aggiornamento somministrazione vaccino anti-COVID19 (02.01.2020 &#8211; ore 19)<\/strong><\/h1>\n<\/blockquote>\n<a href=\"https:\/\/www.radiopiu.net\/wordpress\/wp-content\/uploads\/2021\/01\/Vaccino-anti-COVID19_aggiornamento-ore-19.00.pdf\" class=\"pdfemb-viewer\" style=\"\" data-width=\"max\" data-height=\"max\" data-toolbar=\"top\" data-toolbar-fixed=\"on\">Vaccino anti-COVID19_aggiornamento ore 19.00<\/a>\n<p>&nbsp;<\/p>\n<hr \/>\n<blockquote>\n<h3><\/h3>\n<h3>IL COMMISSARIO DELLA ULSS 1 DOLOMITI ADRIANO RASI CALDOGNO FA IL PUNTO SUI VACCINI ED EMERGENZA COVID<\/h3>\n<\/blockquote>\n<p><strong>BELLUNO<\/strong> Il commissario della Ulss 1 Dolomiti Adriano Rasi Caldogno per fare il punto sull&#8217;emergenza Covid-19 e sulle vaccinazioni.<\/p>\n<h2 style=\"text-align: center;\"><strong>LEGGI LA CONFERENZA STAMPA<\/strong><\/h2>\n<p>Sono circa 2000 le dosi settimanali di vaccino Pfizer che la Ulss 1 ha a disposizione. Vaccino che arriva alla farmacia della Ulss che poi viene ridistribuito nelle varie sedi. La campagna \u00e8 partita il 30-31 dicembre 2020 con i vaccinatori dei vari nosocomi della provincia. Adesione massiccia alla vaccinazione. In provincia di Belluno circa 840 persone sono state vaccinate. Nessuna controindicazione rilevata al momento. Domani le vaccinazioni drive-in per i medici di medicina generale, USCA, medici di guardia, etc. Il 10 gennaio sar\u00e0 il turno dei 250 operatori del 118. Dal 17 gennaio inizier\u00e0 il richiamo, la seconda e ultima vaccinazione. La situazione epidemiologica \u00e8 stabile in provincia. I livelli sono elevati e la situazione al momento non diminuisce. Oltre 4000 persone positive, in larga misura asintomatiche. Oltre 6000 persone in isolamento. Ad oggi sono stati effettuati 174 mila tamponi molecolari e 91 mila tamponi rapidi. Tanti di questi tamponi sono stati effettuati sulle stesse persone. Negli ospedali della provincia 16 persone covid positive in terapia intensiva, 120 in subintensiva e 46 pazienti negli ospedali di comunit\u00e0. La pressione sugli ospedali \u00e8 significativa ma l&#8217;Ulss 1 non \u00e8 l&#8217;azienda messa peggio in regione. Questa settimana sono stati nominati 4 nuovi primari. Sempre in settimana sono stati assunti 103 infermieri.<\/p>\n<p>https:\/\/www.facebook.com\/RasiCaldognoUlssDolomiti\/videos\/200774698373616<\/p>\n<p>&nbsp;<\/p>\n<p>&nbsp;<\/p>\n<hr \/>\n<p>&nbsp;<\/p>\n<h3>OGGI TAMPONI A SAGROGNA DALLE 9.00 ALLE 15.00<\/h3>\n<p><strong><a href=\"https:\/\/www.radiopiu.net\/wordpress\/tampone-drive-in-a-feltre-per-chi-rientra-da-spagna-croazia-grecia-o-malta\/tampone\/\" rel=\"attachment wp-att-155278\"><img loading=\"lazy\" decoding=\"async\" class=\" wp-image-155278 alignleft\" src=\"https:\/\/www.radiopiu.net\/wordpress\/wp-content\/uploads\/2020\/08\/TAMPONE-300x200.jpg\" alt=\"\" width=\"123\" height=\"82\" srcset=\"https:\/\/www.radiopiu.net\/wordpress\/wp-content\/uploads\/2020\/08\/TAMPONE-300x200.jpg 300w, https:\/\/www.radiopiu.net\/wordpress\/wp-content\/uploads\/2020\/08\/TAMPONE-1024x683.jpg 1024w, https:\/\/www.radiopiu.net\/wordpress\/wp-content\/uploads\/2020\/08\/TAMPONE-768x512.jpg 768w, https:\/\/www.radiopiu.net\/wordpress\/wp-content\/uploads\/2020\/08\/TAMPONE-1536x1024.jpg 1536w, https:\/\/www.radiopiu.net\/wordpress\/wp-content\/uploads\/2020\/08\/TAMPONE.jpg 1920w\" sizes=\"auto, (max-width: 123px) 100vw, 123px\" \/><\/a>BELLUNO <\/strong>Oggi il drive in tamponi \u00e8 spostato a Belluno-SAGROGNA e sar\u00e0 attivo dalle 9.00 alle 15.00. Lo spostamento si \u00e8 reso necessario per una migliore gestione dei flussi considerata l\u2019adesione massiccia dei medici del territorio alla vaccinazione anti covid organizzata per domani al drive-in del San Martino.<\/p>\n<p>&nbsp;<\/p>\n<p>&nbsp;<\/p>\n<p>&nbsp;<\/p>\n<hr \/>\n<p>&nbsp;<\/p>\n<blockquote>\n<h3>CONTRIBUTI 2020 ALLE ASSOCIAZIONI, DONATI 105MILA EURO A 29 REALTA&#8217;<\/h3>\n<\/blockquote>\n<p><strong><a href=\"https:\/\/www.radiopiu.net\/wordpress\/lintervento-del-sindaco-di-belluno-jacopo-massaro-dopo-il-nuovo-dpcm\/jacopo-massaro-5\/\" rel=\"attachment wp-att-121070\"><img loading=\"lazy\" decoding=\"async\" class=\" wp-image-121070 alignleft\" src=\"https:\/\/www.radiopiu.net\/wordpress\/wp-content\/uploads\/2020\/03\/JACOPO-MASSARO-300x208.jpg\" alt=\"\" width=\"234\" height=\"162\" srcset=\"https:\/\/www.radiopiu.net\/wordpress\/wp-content\/uploads\/2020\/03\/JACOPO-MASSARO-300x208.jpg 300w, https:\/\/www.radiopiu.net\/wordpress\/wp-content\/uploads\/2020\/03\/JACOPO-MASSARO-1024x709.jpg 1024w, https:\/\/www.radiopiu.net\/wordpress\/wp-content\/uploads\/2020\/03\/JACOPO-MASSARO-768x531.jpg 768w, https:\/\/www.radiopiu.net\/wordpress\/wp-content\/uploads\/2020\/03\/JACOPO-MASSARO.jpg 1289w\" sizes=\"auto, (max-width: 234px) 100vw, 234px\" \/><\/a>BELLUNO <\/strong>Ammonta a circa 105mila euro la somma dei contributi che il Comune di Belluno ha erogato a favore di 29 associazioni, societ\u00e0 sportive, enti e gruppi impegnati nel 2020 in attivit\u00e0 sul territorio comunale. Una tradizione, quella dei contributi alle realt\u00e0 che hanno animato la citt\u00e0 nel corso dell&#8217;anno, che, vista l&#8217;impegnativa annata appena trascorsa, questa volta ha visto qualche modifica. A farla da padrone, la associazioni attive in campo turistico, culturale e sociale, seguite dalle societ\u00e0 sportive e dalle realt\u00e0 di protezione civile.<\/p>\n<p><strong>IL SINDACO DI BELLUNO JACOPO MASSARO<\/strong><\/p>\n<audio class=\"wp-audio-shortcode\" id=\"audio-182614-4\" preload=\"none\" style=\"width: 100%;\" controls=\"controls\"><source type=\"audio\/mpeg\" src=\"https:\/\/www.radiopiu.net\/wordpress\/wp-content\/uploads\/2021\/01\/Massaro-Contributi-associazioni-2020.mp3?_=4\" \/><a href=\"https:\/\/www.radiopiu.net\/wordpress\/wp-content\/uploads\/2021\/01\/Massaro-Contributi-associazioni-2020.mp3\">https:\/\/www.radiopiu.net\/wordpress\/wp-content\/uploads\/2021\/01\/Massaro-Contributi-associazioni-2020.mp3<\/a><\/audio>\n<p>&nbsp;<\/p>\n<p><strong>LA TABELLA CON I VARI CONTRIBUTI ALLE ASSOCIAZIONI<\/strong><\/p>\n<p><a href=\"https:\/\/www.radiopiu.net\/wordpress\/contributi-2020-alle-associazioni-donati-105mila-euro-a-29-realta\/schermata-2021-01-02-alle-11-43-30\/\" rel=\"attachment wp-att-182682\"><img loading=\"lazy\" decoding=\"async\" class=\"alignnone wp-image-182682 size-large\" src=\"https:\/\/www.radiopiu.net\/wordpress\/wp-content\/uploads\/2021\/01\/Schermata-2021-01-02-alle-11.43.30-1024x930.png\" alt=\"\" width=\"1024\" height=\"930\" srcset=\"https:\/\/www.radiopiu.net\/wordpress\/wp-content\/uploads\/2021\/01\/Schermata-2021-01-02-alle-11.43.30-1024x930.png 1024w, https:\/\/www.radiopiu.net\/wordpress\/wp-content\/uploads\/2021\/01\/Schermata-2021-01-02-alle-11.43.30-300x272.png 300w, https:\/\/www.radiopiu.net\/wordpress\/wp-content\/uploads\/2021\/01\/Schermata-2021-01-02-alle-11.43.30-768x697.png 768w, https:\/\/www.radiopiu.net\/wordpress\/wp-content\/uploads\/2021\/01\/Schermata-2021-01-02-alle-11.43.30.png 1042w\" sizes=\"auto, (max-width: 1024px) 100vw, 1024px\" \/><\/a><\/p>\n<p>&nbsp;<\/p>\n<hr \/>\n<p>&nbsp;<\/p>\n<blockquote>\n<h3>ASPROFLOR E UNCEM LANCIANO IL &#8220;CIRCUITO NAZIONALE VIVERE IN UN COMUNE FIORITO&#8221; PER I BORGHI ITALIANI. ASSISTENZA AI SINDACI, KIT PER PIANTARE ALBERI E PIANTE DA METTERE A DIMORA<\/h3>\n<\/blockquote>\n<p><strong><a href=\"https:\/\/www.radiopiu.net\/wordpress\/giornale-radiopiu-06-novembre-2020-direttore-mirko-mezzacasa\/logouncem_no_scritta-wdtr\/\" rel=\"attachment wp-att-170846\"><img loading=\"lazy\" decoding=\"async\" class=\"size-medium wp-image-170846 alignleft\" src=\"https:\/\/www.radiopiu.net\/wordpress\/wp-content\/uploads\/2020\/11\/logoUNCEM_no_scritta-wdtr-300x300.jpg\" alt=\"\" width=\"300\" height=\"300\" srcset=\"https:\/\/www.radiopiu.net\/wordpress\/wp-content\/uploads\/2020\/11\/logoUNCEM_no_scritta-wdtr-300x300.jpg 300w, https:\/\/www.radiopiu.net\/wordpress\/wp-content\/uploads\/2020\/11\/logoUNCEM_no_scritta-wdtr-150x150.jpg 150w, https:\/\/www.radiopiu.net\/wordpress\/wp-content\/uploads\/2020\/11\/logoUNCEM_no_scritta-wdtr.jpg 640w\" sizes=\"auto, (max-width: 300px) 100vw, 300px\" \/><\/a>ROMA <\/strong>Asproflor Comuni fioriti lancia con Uncem e Confcooperative il progetto &#8220;Vivere in un Comune Fiorito&#8221;\u00a0che affiancher\u00e0 il &#8220;Marchio di qualit\u00e0 dell&#8217;ambiente di vita Comune Fiorito&#8221;.\u00a0L&#8217;Associazione dei Produttori florovivaisti ha costruito il nuovo progetto\u00a0su misura per i piccoli Comuni italiani sotto i 5000 abitanti. Asproflor nel 2020 ha compiuto 40 anni di attivit\u00e0, principalmente volti alla promozione del florovivaismo e al miglioramento della qualit\u00e0 della vita e\u00a0 dell&#8217;accoglienza turistica nei centri urbani. &#8220;L&#8217;esperienza di Asproflor &#8211; evidenzia il Presidente Sergio Ferraro &#8211; \u00e8 stata in fondo l&#8217;evoluzione naturale di un&#8217;idea, sorta con l&#8217;obiettivo di far crescere e diffondere in Italia la cultura del verde e delle fioriture nelle citt\u00e0. Intorno a questa idea negli anni si sono raccolti oltre 2000 Comuni vicini al motto &#8216;fiorire \u00e8 accogliere&#8217;, pronti a sfidarsi nel nome della bellezza e dei valori dell&#8217;ambiente. Da quest&#8217;anno Asproflor ha deciso di mettere a disposizione la sua esperienza e i suoi professionisti anche per i piccoli Comuni desiderosi di migliorare il proprio territorio con la bellezza e i colori dei fiori&#8221;. Per i piccoli Comuni \u00e8 previsto un percorso di crescita triennale che ha come traguardo l&#8217;ingresso nel grande circuito dei Comuni fioriti italiani. Avverr\u00e0 non attraverso il tradizionale concorso &#8211; sottolinea Franco Colombano, Vicepresidente Asproflor &#8211; ma tramite un approccio identitario e di crescita collettiva che porti ad apprendere e apprezzare i segreti per belle e durature fioriture. A tutti i Comuni iscritti\u00a0 verr\u00e0 consegnato &#8220;l&#8217;albero della qualit\u00e0 della vita&#8221;: un Quercus nelle specie Robur, Cerris o Ilex in base alla latitudine del Comune, unitamente a materiale informativo per promuovere e divulgare l&#8217;iniziativa presso i propri cittadini.\u00a0I Sindaci avranno a disposizione un servizio di assistenza tecnica e di consulenza professionale gratuita online. I Comuni potranno avere un kit professionale costituito da fiori e piante di particolare interesse e innovative, individuato specificamente per ogni Comune iscritto (lobularia o nemesia per i Comuni montani e dipladenie o solanum per i Comuni marini) e completato da un substrato professionale per la messa a dimora. Inoltre,\u00a0tutte le piante saranno consegnate in vasi biodegradabili, in modo da eliminare completamente la plastica da smaltire e dunque promuovere anche il progetto plastic free per amministrazioni pubbliche.<\/p>\n<p>&nbsp;<\/p>\n<p>&nbsp;<\/p>\n<hr \/>\n<p>&nbsp;<\/p>\n<blockquote>\n<h2><a href=\"https:\/\/www.radiopiu.net\/wordpress\/58456-2\/papa_luciani\/\" rel=\"attachment wp-att-58519\"><img loading=\"lazy\" decoding=\"async\" class=\"size-medium wp-image-58519 alignleft\" src=\"https:\/\/www.radiopiu.net\/wordpress\/wp-content\/uploads\/2018\/08\/papa_luciani-300x169.jpg\" alt=\"\" width=\"300\" height=\"169\" srcset=\"https:\/\/www.radiopiu.net\/wordpress\/wp-content\/uploads\/2018\/08\/papa_luciani-300x169.jpg 300w, https:\/\/www.radiopiu.net\/wordpress\/wp-content\/uploads\/2018\/08\/papa_luciani.jpg 560w\" sizes=\"auto, (max-width: 300px) 100vw, 300px\" \/><\/a>\u00a0COLLABORAZIONE ITALIA-AUSTRIA PER CONSERVARE I DOCUMENTI AL MUSEO DI ALBINO LUCIANI<\/h2>\n<\/blockquote>\n<p><strong>CANALE D&#8217;AGORDO<\/strong><\/p>\n<p><strong>DI GIANNI SANTOMASO\u00a0<\/strong><\/p>\n<audio class=\"wp-audio-shortcode\" id=\"audio-182614-5\" preload=\"none\" style=\"width: 100%;\" controls=\"controls\"><source type=\"audio\/mpeg\" src=\"https:\/\/www.radiopiu.net\/wordpress\/wp-content\/uploads\/2021\/01\/GIANNI-LUCIANI.mp3?_=5\" \/><a href=\"https:\/\/www.radiopiu.net\/wordpress\/wp-content\/uploads\/2021\/01\/GIANNI-LUCIANI.mp3\">https:\/\/www.radiopiu.net\/wordpress\/wp-content\/uploads\/2021\/01\/GIANNI-LUCIANI.mp3<\/a><\/audio>\n<p>&nbsp;<\/p>\n<p>&nbsp;<\/p>\n<hr \/>\n<blockquote>\n<h3>GLI ALPINI DI ROCCA PIETORE IN AIUTO PER LA SPESA<\/h3>\n<\/blockquote>\n<p><strong>ROCCA PIETORE<\/strong> Il Gruppo Alpini di Rocca con componenti facenti parte anche il neonato Gruppo ANA Comunale di Protezione Civile, d\u00e0 disponibilit\u00e0 per consegnare la spesa (preventivamente ordinata e pagata al negozio) a coloro i quali si trovano impossibilitati a muoversi, causa Covid. Eventualmente chiamate o meglio mandate un messaggio a questo numero 3406936014 e prendete accordi<\/p>\n<p>&nbsp;<\/p>\n<p>&nbsp;<\/p>\n<hr \/>\n<p>&nbsp;<\/p>\n<blockquote>\n<h3>AD AGORDO PROLOCO METTE L&#8217;INVERNO DI VETRINA<\/h3>\n<\/blockquote>\n<p><strong>AGORDO<\/strong> La Proloco di Agordo \u00e8 artefice di una nuova iniziativa. La raccolta delle fotografie dell&#8217;inverno nella Conca Agordina (2020-21), da esporre nell&#8217;ufficio di via 27 Aprile. Troveranno spazio in vetrina o nei locali dell&#8217;ufficio su supporto cartaceo o video fino al termine dell&#8217;inverno, la proloco pensa anche ad una pubblicazione sui social. <em>&#8220;Abbiamo approfittato di questo periodo in cui non possiamo esporre i soliti numerosissimi manifesti di eventi ed iniziative &#8211; spiega la proloco &#8211;\u00a0 per promuovere le bellezze della Conca Agordina&#8221;. <\/em>Chi vorr\u00e0 partecipare potr\u00e0 compilare il modulo ed inviare al massimo 2 foto.<\/p>\n<p>&nbsp;<\/p>\n<p>&nbsp;<\/p>\n<hr \/>\n<p>&nbsp;<\/p>\n<blockquote>\n<h3>LA SCUOLA EQUIPE FALCADE ORGANIZZA ESCURSIONI GUIDATE<\/h3>\n<\/blockquote>\n<p><strong>FALCADE\u00a0<\/strong>Per la stagione invernale 2020\/21, la scuola Equipe Falcade organizza delle escursioni con le ciaspe dedicate ai bambini. 4 le escursioni in programma per gruppi di massimo 4 bambini che si possono prenotare al 334 9151617. Necessario l&#8217;abbigliamento da sci, zainetto e la mascherina. A tutti coloro che partecipano all&#8217;iniziativa uno scaldacollo in omaggio.<\/p>\n<p>&nbsp;<\/p>\n<p>&nbsp;<\/p>\n<hr \/>\n<p>&nbsp;<\/p>\n<p>&nbsp;<\/p>\n<blockquote>\n<h3>NUOVO ORARIO PER L&#8217;UFFICIO DELLA PRO LOCO DI CANALE D&#8217;AGORDO<\/h3>\n<\/blockquote>\n<p><strong>CANALE D&#8217;AGORDO <\/strong>A\u00a0seguito delle ultime disposizioni governative, comunichiamo che\u00a0<u>per il prossimo periodo natalizio<\/u>, l&#8217;ufficio pro loco di Canale d&#8217;Agordo sar\u00e0 aperto al pubblico\u00a0dalle 9.00 alle 12.00\u00a0nei seguenti giorni:\u00a0Luned\u00ec 21 DICEMBRE,\u00a0Marted\u00ec 22 DICEMBRE,\u00a0Mercoled\u00ec 23 DICEMBRE,\u00a0Luned\u00ec 28 DICEMBRE,\u00a0Marted\u00ec 29 DICEMBRE,\u00a0Mercoled\u00ec 30 DICEMBRE e\u00a0Luned\u00ec 4 GENNAIO<\/p>\n<p>&nbsp;<\/p>\n<p>&nbsp;<\/p>\n<hr \/>\n<blockquote>\n<h3>\n&#8220;LE MUSE E LE DOLOMITI&#8221; LA VIGILIA DELL&#8217;EPIFANIA CON IL CONCERTO IN STREAMING<\/h3>\n<p><span style=\"color: #ff0000;\"><strong>ODA ALLA RADIO&#8230;.<\/strong><\/span><\/p>\n<audio class=\"wp-audio-shortcode\" id=\"audio-182614-6\" preload=\"none\" style=\"width: 100%;\" controls=\"controls\"><source type=\"audio\/mpeg\" src=\"https:\/\/www.radiopiu.net\/wordpress\/wp-content\/uploads\/2021\/01\/PROMO-MUSA-DOLOMITI.mp3?_=6\" \/><a href=\"https:\/\/www.radiopiu.net\/wordpress\/wp-content\/uploads\/2021\/01\/PROMO-MUSA-DOLOMITI.mp3\">https:\/\/www.radiopiu.net\/wordpress\/wp-content\/uploads\/2021\/01\/PROMO-MUSA-DOLOMITI.mp3<\/a><\/audio><\/blockquote>\n<p><a href=\"https:\/\/www.radiopiu.net\/wordpress\/le-muse-e-le-dolomiti-la-vigilia-dellepifania-con-il-concerto-in-streaming\/musedolomiti_direttastreaming\/\" rel=\"attachment wp-att-182361\"><img loading=\"lazy\" decoding=\"async\" class=\"size-medium wp-image-182361 alignleft\" src=\"https:\/\/www.radiopiu.net\/wordpress\/wp-content\/uploads\/2020\/12\/MuseDolomiti_DirettaStreaming-212x300.jpg\" alt=\"\" width=\"212\" height=\"300\" srcset=\"https:\/\/www.radiopiu.net\/wordpress\/wp-content\/uploads\/2020\/12\/MuseDolomiti_DirettaStreaming-212x300.jpg 212w, https:\/\/www.radiopiu.net\/wordpress\/wp-content\/uploads\/2020\/12\/MuseDolomiti_DirettaStreaming-725x1024.jpg 725w, https:\/\/www.radiopiu.net\/wordpress\/wp-content\/uploads\/2020\/12\/MuseDolomiti_DirettaStreaming-768x1085.jpg 768w, https:\/\/www.radiopiu.net\/wordpress\/wp-content\/uploads\/2020\/12\/MuseDolomiti_DirettaStreaming.jpg 886w\" sizes=\"auto, (max-width: 212px) 100vw, 212px\" \/><\/a>L\u2019associazione culturale \u201cLe Muse e le Dolomiti\u201d, come tutti gli artisti e tutti gli enti dello spettacolo, ha sofferto pesantemente le restrizioni messe in atto per contrastare la pandemia. Nonostante questo, anche nel 2020 l\u2019associazione ha continuato a rappresentare un punto di riferimento per la musica classica nel territorio, da tutti riconosciuto per l&#8217;alta qualit\u00e0 dell\u2019offerta di respiro internazionale. Con i \u201csoli\u201d sei eventi realizzati nell\u2019Agordino la stagione estiva \u00e8 stata molto ridotta in rispetto al solito, ma ha generato comunque grandi emozioni e soddisfazioni. Mai come ora l\u2019associazione Le Muse e le Dolomiti desidera iniziare l\u2019anno nuovo con musica, cultura e bellezza e per questo motivo propone, in collaborazione con Radio Pi\u00f9, un concerto in diretta streaming, che vuole essere in primis un \u201csegnale di vitalit\u00e0 nella tradizione\u201d. Al tramonto della vigilia dell\u2019Epifania, le cime delle montagne della Valle del Biois vengono illuminate dai Pavarui, i tradizionali fal\u00f2. La stessa sera sar\u00e0 possibile seguire online il concerto del trio composto da Oda Zoe Hochscheid, Doris Hochscheid e Frans van Ruth. I tre musicisti hanno messo \u201cin valigia\u201d un grande numero di spartiti per mezzosoprano, violoncello e pianoforte, provenienti dai vari paesi dell\u2019Europa geografica, scritti in quattro lingue diverse. Le musiche porteranno il pubblico \u201ca zonzo\u201d dall\u2019inizio dell\u2019epoca romantica fino alla sua trasformazione stilistica. Il concerto \u00e8 uno \u201czigzag\u201d musicale mirato: <em>non si esce da casa, ma si pu\u00f2 viaggiare con le emozionanti note di questo repertorio senza confini, che unisce l\u2019Europa e il mondo<\/em>. Oda Zoe Hochscheid, mezzosoprano attiva a livello internazionale considerata dalla stampa \u201cuna cantante di verificata e solida preparazione oltre che di sensibilit\u00e0 interpretative\u201d \u00e8 anche fondatrice e presidente dell\u2019associazione \u201cLe Muse e le Dolomiti\u201d, che da nove anni s\u2019impegna per dare un servizio culturale di alto livello al territorio. In questo concerto unisce le forze con il duo di Doris Hochscheid, violoncellista, e Frans van Ruth, pianista, vincitori del prestigioso premio ECHO Klassik 2016, richiesti a livello internazionale, e conosciuti nel mondo della musica classica particolarmente per la loro serie CD \u201cDutch Cello Sonatas\u201d, uscita con la rinnomata casa Musikproduktion Dabringhaus und Grimm (MDG). RADIO PIU\u2019, partner del progetto, curer\u00e0 la diretta streaming, attivata poco prima delle ore 20:30 del giorno 5 gennaio 2021 sulla pagina facebook @radiopi\u00f9 e sul sito web della radio <a href=\"http:\/\/www.xn--radiopi-41a.net\">www.radiopi\u00f9.net<\/a>. I titoli e i testi dei brani eseguiti saranno resi disponibili in diretta nei commenti durante lo streaming facebook. Sul sito dell\u2019associazione invece sar\u00e0 possibile, dal 3 gennaio 2021 in poi, scaricare il programma sala in pdf.<\/p>\n<p>&nbsp;<\/p>\n<hr \/>\n<p>&nbsp;<\/p>\n<blockquote>\n<h2>IL BUON ANNO CON AGORDO MUSICA, RADIO PIU, PARROCCHIA E COMUNE DI AGORDO<\/h2>\n<\/blockquote>\n<p>&nbsp;<\/p>\n<a href=\"https:\/\/www.radiopiu.net\/wordpress\/wp-content\/uploads\/2020\/12\/AM-MN121-Manifesto-Zasso-Costantini-gennaio-2021.pdf\" class=\"pdfemb-viewer\" style=\"\" data-width=\"max\" data-height=\"max\" data-toolbar=\"top\" data-toolbar-fixed=\"on\">AM-MN121 Manifesto Zasso-Costantini gennaio 2021<\/a>\n<p>&nbsp;<\/p>\n<hr \/>\n<p>&nbsp;<\/p>\n<blockquote>\n<h3>ONDA ROSA, IL CALENDARIO<\/h3>\n<p><em>Onda Rosa, l\u2019associazione nata in Alpago con l\u2019obiettivo di dare un sostegno alle donne che ricevono una diagnosi di tumore alla mammella. E creare una rete di supporto affinch\u00e9 nessuna persona si sente sola, lungo un tratto di cammino da affrontare in salita.\u00a0<\/em><\/p>\n<h2><a class=\"dt-pswp-item\" href=\"https:\/\/www.radiopiu.net\/wordpress\/wp-content\/uploads\/2020\/12\/133672892_196065122215184_1143922138625906188_n.jpg\" data-dt-img-description=\"\" data-large_image_width=\"526\" data-large_image_height=\"526\"><img loading=\"lazy\" decoding=\"async\" class=\"wp-image-182203 alignleft\" src=\"https:\/\/www.radiopiu.net\/wordpress\/wp-content\/uploads\/2020\/12\/133672892_196065122215184_1143922138625906188_n-300x300.jpg\" alt=\"\" width=\"116\" height=\"116\" srcset=\"https:\/\/www.radiopiu.net\/wordpress\/wp-content\/uploads\/2020\/12\/133672892_196065122215184_1143922138625906188_n-300x300.jpg 300w, https:\/\/www.radiopiu.net\/wordpress\/wp-content\/uploads\/2020\/12\/133672892_196065122215184_1143922138625906188_n-150x150.jpg 150w, https:\/\/www.radiopiu.net\/wordpress\/wp-content\/uploads\/2020\/12\/133672892_196065122215184_1143922138625906188_n.jpg 526w\" sizes=\"auto, (max-width: 116px) 100vw, 116px\" \/><\/a><\/h2>\n<\/blockquote>\n<div class=\"o9v6fnle cxmmr5t8 oygrvhab hcukyx3x c1et5uql ii04i59q\">\n<div dir=\"auto\">Vi indichiamo i punti di appoggio dove potete trovare la vostra copia. Grazie a tutti questi negozi e centri per darci la loro disponibilit\u00e0<\/div>\n<div dir=\"auto\"><\/div>\n<\/div>\n<div class=\"o9v6fnle cxmmr5t8 oygrvhab hcukyx3x c1et5uql ii04i59q\">\n<div dir=\"auto\"><span class=\"pq6dq46d tbxw36s4 knj5qynh kvgmc6g5 ditlmg2l oygrvhab nvdbi5me sf5mxxl7 gl3lb2sf hhz5lgdu\"><img loading=\"lazy\" decoding=\"async\" src=\"https:\/\/static.xx.fbcdn.net\/images\/emoji.php\/v9\/t2d\/1\/16\/1f4cd.png\" alt=\"&#x1f4cd;\" width=\"16\" height=\"16\" \/><\/span>Oncologia Belluno<\/div>\n<div dir=\"auto\"><span class=\"pq6dq46d tbxw36s4 knj5qynh kvgmc6g5 ditlmg2l oygrvhab nvdbi5me sf5mxxl7 gl3lb2sf hhz5lgdu\"><img loading=\"lazy\" decoding=\"async\" src=\"https:\/\/static.xx.fbcdn.net\/images\/emoji.php\/v9\/t2d\/1\/16\/1f4cd.png\" alt=\"&#x1f4cd;\" width=\"16\" height=\"16\" \/><\/span>Capelli e Vanit\u00e0, Via Luigi Zuppani, 6, 32100 Belluno BL<\/div>\n<div dir=\"auto\"><span class=\"pq6dq46d tbxw36s4 knj5qynh kvgmc6g5 ditlmg2l oygrvhab nvdbi5me sf5mxxl7 gl3lb2sf hhz5lgdu\"><img loading=\"lazy\" decoding=\"async\" src=\"https:\/\/static.xx.fbcdn.net\/images\/emoji.php\/v9\/t2d\/1\/16\/1f4cd.png\" alt=\"&#x1f4cd;\" width=\"16\" height=\"16\" \/><\/span>Farmacie Dolomiti a Belluno, Trichiana, Lozzo di Cadore e Lorenzago<\/div>\n<div dir=\"auto\"><span class=\"pq6dq46d tbxw36s4 knj5qynh kvgmc6g5 ditlmg2l oygrvhab nvdbi5me sf5mxxl7 gl3lb2sf hhz5lgdu\"><img loading=\"lazy\" decoding=\"async\" src=\"https:\/\/static.xx.fbcdn.net\/images\/emoji.php\/v9\/t2d\/1\/16\/1f4cd.png\" alt=\"&#x1f4cd;\" width=\"16\" height=\"16\" \/><\/span>Officine Bortoluzzi, Viale Alpago, 27, 32016 Farra D&#8217;Alpago BL<\/div>\n<div dir=\"auto\"><span class=\"pq6dq46d tbxw36s4 knj5qynh kvgmc6g5 ditlmg2l oygrvhab nvdbi5me sf5mxxl7 gl3lb2sf hhz5lgdu\"><img loading=\"lazy\" decoding=\"async\" src=\"https:\/\/static.xx.fbcdn.net\/images\/emoji.php\/v9\/t2d\/1\/16\/1f4cd.png\" alt=\"&#x1f4cd;\" width=\"16\" height=\"16\" \/><\/span>Edil Tecnica, Via Giuseppe Verdi, 32015 Puos d&#8217;Alpago BL<\/div>\n<div dir=\"auto\"><span class=\"pq6dq46d tbxw36s4 knj5qynh kvgmc6g5 ditlmg2l oygrvhab nvdbi5me sf5mxxl7 gl3lb2sf hhz5lgdu\"><img loading=\"lazy\" decoding=\"async\" src=\"https:\/\/static.xx.fbcdn.net\/images\/emoji.php\/v9\/t2d\/1\/16\/1f4cd.png\" alt=\"&#x1f4cd;\" width=\"16\" height=\"16\" \/><\/span>Alimentari Z3S, via Tancon 2, Canale d\u2019Agordo 32020<\/div>\n<div dir=\"auto\"><span class=\"pq6dq46d tbxw36s4 knj5qynh kvgmc6g5 ditlmg2l oygrvhab nvdbi5me sf5mxxl7 gl3lb2sf hhz5lgdu\"><img loading=\"lazy\" decoding=\"async\" src=\"https:\/\/static.xx.fbcdn.net\/images\/emoji.php\/v9\/t2d\/1\/16\/1f4cd.png\" alt=\"&#x1f4cd;\" width=\"16\" height=\"16\" \/><\/span>La Baita Mussoi, Via Gregorio XVI, 100, 32100 Belluno BL<\/div>\n<div dir=\"auto\"><span class=\"pq6dq46d tbxw36s4 knj5qynh kvgmc6g5 ditlmg2l oygrvhab nvdbi5me sf5mxxl7 gl3lb2sf hhz5lgdu\"><img loading=\"lazy\" decoding=\"async\" src=\"https:\/\/static.xx.fbcdn.net\/images\/emoji.php\/v9\/t2d\/1\/16\/1f4cd.png\" alt=\"&#x1f4cd;\" width=\"16\" height=\"16\" \/><\/span>La Nuvola, Via Primo Maggio, 2, 32014 Ponte Nelle Alpi BL<\/div>\n<\/div>\n<div dir=\"auto\"><\/div>\n<div dir=\"auto\">\n\n\t\t\t<style type='text\/css'>\n\t\t\t\t#gallery-4 {\n\t\t\t\t\tmargin: auto;\n\t\t\t\t}\n\t\t\t\t#gallery-4 .gallery-item {\n\t\t\t\t\tfloat: left;\n\t\t\t\t\tmargin-top: 10px;\n\t\t\t\t\ttext-align: center;\n\t\t\t\t\twidth: 33%;\n\t\t\t\t}\n\t\t\t\t#gallery-4 img {\n\t\t\t\t\tborder: 2px solid #cfcfcf;\n\t\t\t\t}\n\t\t\t\t#gallery-4 .gallery-caption {\n\t\t\t\t\tmargin-left: 0;\n\t\t\t\t}\n\t\t\t\t\/* see gallery_shortcode() in wp-includes\/media.php *\/\n\t\t\t<\/style>\n\t\t<div id='gallery-4' class='dt-gallery-container gallery galleryid-182614 gallery-columns-3 gallery-size-thumbnail'><dl class='gallery-item'>\n\t\t\t\t<dt class='gallery-icon landscape'>\n\t\t\t\t\t<a class=\"rollover rollover-zoom dt-pswp-item\" title=\"132203708_191810619307301_5832388280920094853_n\" data-dt-img-description=\"\" data-large_image_width=\"526\" data-large_image_height=\"526\"href='https:\/\/www.radiopiu.net\/wordpress\/wp-content\/uploads\/2020\/12\/132203708_191810619307301_5832388280920094853_n.jpg'><img loading=\"lazy\" decoding=\"async\" width=\"150\" height=\"150\" src=\"https:\/\/www.radiopiu.net\/wordpress\/wp-content\/uploads\/2020\/12\/132203708_191810619307301_5832388280920094853_n-150x150.jpg\" class=\"attachment-thumbnail size-thumbnail\" alt=\"\" srcset=\"https:\/\/www.radiopiu.net\/wordpress\/wp-content\/uploads\/2020\/12\/132203708_191810619307301_5832388280920094853_n-150x150.jpg 150w, https:\/\/www.radiopiu.net\/wordpress\/wp-content\/uploads\/2020\/12\/132203708_191810619307301_5832388280920094853_n-300x300.jpg 300w, https:\/\/www.radiopiu.net\/wordpress\/wp-content\/uploads\/2020\/12\/132203708_191810619307301_5832388280920094853_n.jpg 526w\" sizes=\"auto, (max-width: 150px) 100vw, 150px\" \/><\/a>\n\t\t\t\t<\/dt><\/dl><dl class='gallery-item'>\n\t\t\t\t<dt class='gallery-icon landscape'>\n\t\t\t\t\t<a class=\"rollover rollover-zoom dt-pswp-item\" title=\"133400265_195009092320787_112004462803740979_n\" data-dt-img-description=\"\" data-large_image_width=\"526\" data-large_image_height=\"526\"href='https:\/\/www.radiopiu.net\/wordpress\/wp-content\/uploads\/2020\/12\/133400265_195009092320787_112004462803740979_n.jpg'><img loading=\"lazy\" decoding=\"async\" width=\"150\" height=\"150\" src=\"https:\/\/www.radiopiu.net\/wordpress\/wp-content\/uploads\/2020\/12\/133400265_195009092320787_112004462803740979_n-150x150.jpg\" class=\"attachment-thumbnail size-thumbnail\" alt=\"\" srcset=\"https:\/\/www.radiopiu.net\/wordpress\/wp-content\/uploads\/2020\/12\/133400265_195009092320787_112004462803740979_n-150x150.jpg 150w, https:\/\/www.radiopiu.net\/wordpress\/wp-content\/uploads\/2020\/12\/133400265_195009092320787_112004462803740979_n-300x300.jpg 300w, https:\/\/www.radiopiu.net\/wordpress\/wp-content\/uploads\/2020\/12\/133400265_195009092320787_112004462803740979_n.jpg 526w\" sizes=\"auto, (max-width: 150px) 100vw, 150px\" \/><\/a>\n\t\t\t\t<\/dt><\/dl><dl class='gallery-item'>\n\t\t\t\t<dt class='gallery-icon landscape'>\n\t\t\t\t\t<a class=\"rollover rollover-zoom dt-pswp-item\" title=\"133799042_195634965591533_4245781808238091398_n\" data-dt-img-description=\"\" data-large_image_width=\"526\" data-large_image_height=\"526\"href='https:\/\/www.radiopiu.net\/wordpress\/wp-content\/uploads\/2020\/12\/133799042_195634965591533_4245781808238091398_n.jpg'><img loading=\"lazy\" decoding=\"async\" width=\"150\" height=\"150\" src=\"https:\/\/www.radiopiu.net\/wordpress\/wp-content\/uploads\/2020\/12\/133799042_195634965591533_4245781808238091398_n-150x150.jpg\" class=\"attachment-thumbnail size-thumbnail\" alt=\"\" srcset=\"https:\/\/www.radiopiu.net\/wordpress\/wp-content\/uploads\/2020\/12\/133799042_195634965591533_4245781808238091398_n-150x150.jpg 150w, https:\/\/www.radiopiu.net\/wordpress\/wp-content\/uploads\/2020\/12\/133799042_195634965591533_4245781808238091398_n-300x300.jpg 300w, https:\/\/www.radiopiu.net\/wordpress\/wp-content\/uploads\/2020\/12\/133799042_195634965591533_4245781808238091398_n.jpg 526w\" sizes=\"auto, (max-width: 150px) 100vw, 150px\" \/><\/a>\n\t\t\t\t<\/dt><\/dl><br style=\"clear: both\" \/>\n\t\t\t<\/div>\n\n<\/div>\n<div dir=\"auto\"><\/div>\n<div dir=\"auto\">\n<blockquote><p><em>E a Spert d&#8217;Alpago la tradizione che si tinge di rosa dedicando una delle 80 nativit\u00e0 all&#8217;Associazione <a class=\"oajrlxb2 g5ia77u1 qu0x051f esr5mh6w e9989ue4 r7d6kgcz rq0escxv nhd2j8a9 nc684nl6 p7hjln8o kvgmc6g5 cxmmr5t8 oygrvhab hcukyx3x jb3vyjys rz4wbd8a qt6c0cv9 a8nywdso i1ao9s8h esuyzwwr f1sip0of lzcic4wl oo9gr5id gpro0wi8 lrazzd5p\" tabindex=\"0\" role=\"link\" href=\"https:\/\/www.facebook.com\/watch\/ondarosaalpago\/?tab=home&amp;__cft__[0]=AZWAqq35217tUG4wMHj8fDi5kMgba0fkZ6fptNFPVhKr_Ga49nuwapqXpwgQg133foDApQSt9YxS1GL0X79kRWQ078DnlFWHnB8TL-1FFNgpW7E0aWN3uzhzcT7gfOsXRzEzDZbHURJT2dyKK0zN7o1jTpZrJnOgN7LEUPOXc_2-Og&amp;__tn__=kK-R\">Onda Rosa aps<\/a>, un gruppo di volontarie capitanate dalla dottoressa Caterina Fontanella che si occupa di affiancare le donne colpite da tumore al seno.<\/em><em>\u201cPresepi per le vie\u201d taglia quest&#8217;anno il traguardo delle dieci edizioni<\/em><\/p><\/blockquote>\n<p>&nbsp;<\/p>\n<hr \/>\n<p>&nbsp;<\/p>\n<blockquote>\n<h2>FANTASTICHE DOLOMITI, NUOVA STAGIONE. APPUNTAMENTO QUINDICINALE IL GIOVEDI ALLE 10.30 E 1900<\/h2>\n<\/blockquote>\n<h2><span style=\"color: #ff0000;\"><a href=\"https:\/\/www.radiopiu.net\/wordpress\/a-tamonich-due-colonnine-per-la-ricarica-dei-mezzi-elettrici\/auto-elettrica\/\" rel=\"attachment wp-att-167537\"><img loading=\"lazy\" decoding=\"async\" class=\"size-medium wp-image-167537 alignleft\" src=\"https:\/\/www.radiopiu.net\/wordpress\/wp-content\/uploads\/2020\/10\/AUTO-ELETTRICA-300x168.jpg\" alt=\"\" width=\"300\" height=\"168\" srcset=\"https:\/\/www.radiopiu.net\/wordpress\/wp-content\/uploads\/2020\/10\/AUTO-ELETTRICA-300x168.jpg 300w, https:\/\/www.radiopiu.net\/wordpress\/wp-content\/uploads\/2020\/10\/AUTO-ELETTRICA-1024x575.jpg 1024w, https:\/\/www.radiopiu.net\/wordpress\/wp-content\/uploads\/2020\/10\/AUTO-ELETTRICA-768x431.jpg 768w, https:\/\/www.radiopiu.net\/wordpress\/wp-content\/uploads\/2020\/10\/AUTO-ELETTRICA-1536x862.jpg 1536w, https:\/\/www.radiopiu.net\/wordpress\/wp-content\/uploads\/2020\/10\/AUTO-ELETTRICA.jpg 1920w\" sizes=\"auto, (max-width: 300px) 100vw, 300px\" \/><\/a>LA SETTIMA PUNTATA, la mobilit\u00e0 sostenibile<\/span><\/h2>\n<p><strong>OSPITE IL VICEPRESIDENTE EMILIANO BONANNI<\/strong><\/p>\n<audio class=\"wp-audio-shortcode\" id=\"audio-182614-7\" preload=\"none\" style=\"width: 100%;\" controls=\"controls\"><source type=\"audio\/mpeg\" src=\"https:\/\/www.radiopiu.net\/wordpress\/wp-content\/uploads\/2020\/10\/fantastiche-dolomiti-31.dicembre.mp3?_=7\" \/><a href=\"https:\/\/www.radiopiu.net\/wordpress\/wp-content\/uploads\/2020\/10\/fantastiche-dolomiti-31.dicembre.mp3\">https:\/\/www.radiopiu.net\/wordpress\/wp-content\/uploads\/2020\/10\/fantastiche-dolomiti-31.dicembre.mp3<\/a><\/audio>\n<p>&nbsp;<\/p>\n<h1>LA RACCOLTA COMPLETA<\/h1>\n<blockquote class=\"wp-embedded-content\" data-secret=\"KNF4Wf2zMf\"><p><a href=\"https:\/\/www.radiopiu.net\/wordpress\/https-wp-me-p63lo7-gyg\/\">FANTASTICHE DOLOMITI 7^ PUNTATA: IL QUINDICINALE APPUNTAMENTO ALLA RADIO<\/a><\/p><\/blockquote>\n<p><iframe loading=\"lazy\" class=\"wp-embedded-content\" sandbox=\"allow-scripts\" security=\"restricted\" style=\"position: absolute; clip: rect(1px, 1px, 1px, 1px);\" title=\"&#8220;FANTASTICHE DOLOMITI 7^ PUNTATA: IL QUINDICINALE APPUNTAMENTO ALLA RADIO&#8221; &#8212; Radio Pi\u00f9\" src=\"https:\/\/www.radiopiu.net\/wordpress\/https-wp-me-p63lo7-gyg\/embed\/#?secret=KNF4Wf2zMf\" data-secret=\"KNF4Wf2zMf\" width=\"600\" height=\"338\" frameborder=\"0\" marginwidth=\"0\" marginheight=\"0\" scrolling=\"no\"><\/iframe><\/p>\n<div class=\"mw-parser-output\">\n<p>&nbsp;<\/p>\n<\/div>\n<p>&nbsp;<\/p>\n<p>&nbsp;<\/p>\n<hr \/>\n<blockquote>\n<h2><\/h2>\n<h2>SALUTE E SOCIETA&#8217; IL LUNEDI ALLE 13.10 E ALLE 20.10, LA DOMENICA ALLE 10.30 A CURA DEL DOTTOR MARCO CARACCIOLO. QUINTA STAGIONE<\/h2>\n<\/blockquote>\n<h3>LA RACCOLTA COMPLETA<\/h3>\n<blockquote class=\"wp-embedded-content\" data-secret=\"42vPopAD55\"><p><a href=\"https:\/\/www.radiopiu.net\/wordpress\/saluteesocieta\/\">Salute e Societ\u00e0<\/a><\/p><\/blockquote>\n<p><iframe loading=\"lazy\" class=\"wp-embedded-content\" sandbox=\"allow-scripts\" security=\"restricted\" style=\"position: absolute; clip: rect(1px, 1px, 1px, 1px);\" title=\"&#8220;Salute e Societ\u00e0&#8221; &#8212; Radio Pi\u00f9\" src=\"https:\/\/www.radiopiu.net\/wordpress\/saluteesocieta\/embed\/#?secret=42vPopAD55\" data-secret=\"42vPopAD55\" width=\"600\" height=\"338\" frameborder=\"0\" marginwidth=\"0\" marginheight=\"0\" scrolling=\"no\"><\/iframe><\/p>\n<hr \/>\n<h2><\/h2>\n<h2><span style=\"color: #ff0000;\">I RACCONTI DI NATALE, DI LUISA ALCHINI<\/span><\/h2>\n<h3>LA RACCOLTA COMPLETA<\/h3>\n<blockquote class=\"wp-embedded-content\" data-secret=\"OyZ1HnXzTf\"><p><a href=\"https:\/\/www.radiopiu.net\/wordpress\/i-racconti-di-natale-di-luisa-alchini\/\">I racconti di Natale di Luisa Alchini<\/a><\/p><\/blockquote>\n<p><iframe loading=\"lazy\" class=\"wp-embedded-content\" sandbox=\"allow-scripts\" security=\"restricted\" style=\"position: absolute; clip: rect(1px, 1px, 1px, 1px);\" title=\"&#8220;I racconti di Natale di Luisa Alchini&#8221; &#8212; Radio Pi\u00f9\" src=\"https:\/\/www.radiopiu.net\/wordpress\/i-racconti-di-natale-di-luisa-alchini\/embed\/#?secret=OyZ1HnXzTf\" data-secret=\"OyZ1HnXzTf\" width=\"600\" height=\"338\" frameborder=\"0\" marginwidth=\"0\" marginheight=\"0\" scrolling=\"no\"><\/iframe><\/p>\n<p>&nbsp;<\/p>\n<p>&nbsp;<\/p>\n<hr \/>\n<p>&nbsp;<\/p>\n<div class=\"im_message_wrap clearfix\">\n<div class=\"im_content_message_wrap im_message_out\">\n<h2><span style=\"color: #ff0000;\">IERI ALLA RADIO\u00a0 IN VIVO VERSO 2020-21<\/span><\/h2>\n<p><strong><span style=\"color: #0000ff;\">IN ONDA DAL LUNEDI AL VENERDI ALLE 7.10, 10.10, 18.50<\/span><\/strong><\/p>\n<p>&nbsp;<\/p>\n<p><strong><span style=\"font-family: Verdana, sans-serif;\"><span style=\"font-size: medium;\">LA RACCOLTA COMPLETA, TUTTE LE COLLEZIONI<\/span><\/span><\/strong><\/p>\n<\/div>\n<\/div>\n<blockquote class=\"wp-embedded-content\" data-secret=\"mmJvtxwWqF\"><p><a href=\"https:\/\/www.radiopiu.net\/wordpress\/in-vivo-verso\/\">In Vivo Verso<\/a><\/p><\/blockquote>\n<p><iframe loading=\"lazy\" class=\"wp-embedded-content\" sandbox=\"allow-scripts\" security=\"restricted\" style=\"position: absolute; clip: rect(1px, 1px, 1px, 1px);\" title=\"&#8220;In Vivo Verso&#8221; &#8212; Radio Pi\u00f9\" src=\"https:\/\/www.radiopiu.net\/wordpress\/in-vivo-verso\/embed\/#?secret=mmJvtxwWqF\" data-secret=\"mmJvtxwWqF\" width=\"600\" height=\"338\" frameborder=\"0\" marginwidth=\"0\" marginheight=\"0\" scrolling=\"no\"><\/iframe><\/p>\n<hr \/>\n<p>&nbsp;<\/p>\n<h2>007 IN CONDOTTA CON LA PROF. MARIA ROSA SALMAZO IL LUNEDI ALLE 10,30 E ALLE 19.00 LA DOMENICA ALLE 8 DEL MATTINO. NONA STAGIONE<\/h2>\n<h2>LA PUNTATA DI QUESTA SETTIMANA<\/h2>\n<p><strong><span style=\"color: #ff0000;\">LE VACANZE DI NATALE<\/span><\/strong><\/p>\n<audio class=\"wp-audio-shortcode\" id=\"audio-182614-8\" preload=\"none\" style=\"width: 100%;\" controls=\"controls\"><source type=\"audio\/mpeg\" src=\"https:\/\/www.radiopiu.net\/wordpress\/wp-content\/uploads\/2020\/12\/007-21-dicembre.mp3?_=8\" \/><a href=\"https:\/\/www.radiopiu.net\/wordpress\/wp-content\/uploads\/2020\/12\/007-21-dicembre.mp3\">https:\/\/www.radiopiu.net\/wordpress\/wp-content\/uploads\/2020\/12\/007-21-dicembre.mp3<\/a><\/audio>\n<p>&nbsp;<\/p>\n<h2>LA RACCOLTA COMPLETA<\/h2>\n<blockquote class=\"wp-embedded-content\" data-secret=\"4GGTeI8iBL\"><p><a href=\"https:\/\/www.radiopiu.net\/wordpress\/007incondotta-9\/\">007 in condotta<\/a><\/p><\/blockquote>\n<p><iframe loading=\"lazy\" class=\"wp-embedded-content\" sandbox=\"allow-scripts\" security=\"restricted\" style=\"position: absolute; clip: rect(1px, 1px, 1px, 1px);\" title=\"&#8220;007 in condotta&#8221; &#8212; Radio Pi\u00f9\" src=\"https:\/\/www.radiopiu.net\/wordpress\/007incondotta-9\/embed\/#?secret=4GGTeI8iBL\" data-secret=\"4GGTeI8iBL\" width=\"600\" height=\"338\" frameborder=\"0\" marginwidth=\"0\" marginheight=\"0\" scrolling=\"no\"><\/iframe><\/p>\n<p>&nbsp;<\/p>\n<p>&nbsp;<\/p>\n<p>&nbsp;<\/p>\n<hr \/>\n<p>&nbsp;<\/p>\n<blockquote>\n<h2><a href=\"https:\/\/www.radiopiu.net\/wordpress\/speciale-solidarieta-veneto\/solidarieta-veneto-3\/\" rel=\"attachment wp-att-134366\"><img loading=\"lazy\" decoding=\"async\" class=\"wp-image-134366 alignleft\" src=\"https:\/\/www.radiopiu.net\/wordpress\/wp-content\/uploads\/2020\/05\/solidariet\u00e0-veneto-300x210.jpg\" alt=\"\" width=\"102\" height=\"71\" srcset=\"https:\/\/www.radiopiu.net\/wordpress\/wp-content\/uploads\/2020\/05\/solidariet\u00e0-veneto-300x210.jpg 300w, https:\/\/www.radiopiu.net\/wordpress\/wp-content\/uploads\/2020\/05\/solidariet\u00e0-veneto-1024x717.jpg 1024w, https:\/\/www.radiopiu.net\/wordpress\/wp-content\/uploads\/2020\/05\/solidariet\u00e0-veneto-768x538.jpg 768w, https:\/\/www.radiopiu.net\/wordpress\/wp-content\/uploads\/2020\/05\/solidariet\u00e0-veneto.jpg 1373w\" sizes=\"auto, (max-width: 102px) 100vw, 102px\" \/><\/a>SOLIDARIETA&#8217; VENETO FONDO PENSIONE, IN ONDA IL PRIMO VENERDI DEL MESE ALLE 10.30 E ALLE 19.00 QUINTA STAGIONE<\/h2>\n<\/blockquote>\n<p><strong>AUDIO<\/strong><\/p>\n<audio class=\"wp-audio-shortcode\" id=\"audio-182614-9\" preload=\"none\" style=\"width: 100%;\" controls=\"controls\"><source type=\"audio\/mpeg\" src=\"https:\/\/www.radiopiu.net\/wordpress\/wp-content\/uploads\/2020\/10\/solidarieta-veneto-gennaio.mp3?_=9\" \/><a href=\"https:\/\/www.radiopiu.net\/wordpress\/wp-content\/uploads\/2020\/10\/solidarieta-veneto-gennaio.mp3\">https:\/\/www.radiopiu.net\/wordpress\/wp-content\/uploads\/2020\/10\/solidarieta-veneto-gennaio.mp3<\/a><\/audio>\n<p>&nbsp;<\/p>\n<blockquote>\n<h2>RACCOLTA COMPLETA<\/h2>\n<\/blockquote>\n<blockquote class=\"wp-embedded-content\" data-secret=\"yCh2k4hpnW\"><p><a href=\"https:\/\/www.radiopiu.net\/wordpress\/solidarieta-veneto\/\">Solidariet\u00e0 Veneto<\/a><\/p><\/blockquote>\n<p><iframe loading=\"lazy\" class=\"wp-embedded-content\" sandbox=\"allow-scripts\" security=\"restricted\" style=\"position: absolute; clip: rect(1px, 1px, 1px, 1px);\" title=\"&#8220;Solidariet\u00e0 Veneto&#8221; &#8212; Radio Pi\u00f9\" src=\"https:\/\/www.radiopiu.net\/wordpress\/solidarieta-veneto\/embed\/#?secret=yCh2k4hpnW\" data-secret=\"yCh2k4hpnW\" width=\"600\" height=\"338\" frameborder=\"0\" marginwidth=\"0\" marginheight=\"0\" scrolling=\"no\"><\/iframe><\/p>\n<p>&nbsp;<\/p>\n<p>&nbsp;<\/p>\n<hr \/>\n<p>&nbsp;<\/p>\n<h2><span style=\"color: #808000;\">DUE MINUTI UN LIBRO\u00a0 TUTTI I GIORNI ALLA RADIO ALLE 9.30 E ALLE 18. QUINTA STAGIONE\u00a0 \u00a0\u00a0<\/span><\/h2>\n<p>&nbsp;<\/p>\n<h2>LA RACCOLTA COMPLETA<\/h2>\n<blockquote class=\"wp-embedded-content\" data-secret=\"SqrWcG7hZV\"><p><a href=\"https:\/\/www.radiopiu.net\/wordpress\/due-minuti-un-libro\/\">Due minuti un libro<\/a><\/p><\/blockquote>\n<p><iframe loading=\"lazy\" class=\"wp-embedded-content\" sandbox=\"allow-scripts\" security=\"restricted\" style=\"position: absolute; clip: rect(1px, 1px, 1px, 1px);\" title=\"&#8220;Due minuti un libro&#8221; &#8212; Radio Pi\u00f9\" src=\"https:\/\/www.radiopiu.net\/wordpress\/due-minuti-un-libro\/embed\/#?secret=SqrWcG7hZV\" data-secret=\"SqrWcG7hZV\" width=\"600\" height=\"338\" frameborder=\"0\" marginwidth=\"0\" marginheight=\"0\" scrolling=\"no\"><\/iframe><\/p>\n<p>&nbsp;<\/p>\n<hr \/>\n<p>&nbsp;<\/p>\n<p>&nbsp;<\/p>\n<blockquote>\n<h2>CASSA SOLIDARIET\u00c0 LUXOTTICA<\/h2>\n<\/blockquote>\n<h3><strong><span style=\"color: #ff0000;\">IL NUMERO DI DICEMBRE CON PAOLO CHISSALE&#8217; E FABRIZIO CAMPEDEL<\/span><\/strong><\/h3>\n<audio class=\"wp-audio-shortcode\" id=\"audio-182614-10\" preload=\"none\" style=\"width: 100%;\" controls=\"controls\"><source type=\"audio\/mpeg\" src=\"https:\/\/www.radiopiu.net\/wordpress\/wp-content\/uploads\/2020\/12\/ca-sol-lux-dicvembre.mp3?_=10\" \/><a href=\"https:\/\/www.radiopiu.net\/wordpress\/wp-content\/uploads\/2020\/12\/ca-sol-lux-dicvembre.mp3\">https:\/\/www.radiopiu.net\/wordpress\/wp-content\/uploads\/2020\/12\/ca-sol-lux-dicvembre.mp3<\/a><\/audio>\n<blockquote>\n<h2>RACCOLTA COMPLETA<\/h2>\n<\/blockquote>\n<blockquote class=\"wp-embedded-content\" data-secret=\"zClSfHHm65\"><p><a href=\"https:\/\/www.radiopiu.net\/wordpress\/cassa-solidarieta-luxottica-puntata-del-16-ottobre-2020\/\">CASSA SOLIDARIET\u00c0 LUXOTTICA &#8211; PUNTATA DEL 20 NOVEMBRE 2020<\/a><\/p><\/blockquote>\n<p><iframe loading=\"lazy\" class=\"wp-embedded-content\" sandbox=\"allow-scripts\" security=\"restricted\" style=\"position: absolute; clip: rect(1px, 1px, 1px, 1px);\" title=\"&#8220;CASSA SOLIDARIET\u00c0 LUXOTTICA &#8211; PUNTATA DEL 20 NOVEMBRE 2020&#8221; &#8212; Radio Pi\u00f9\" src=\"https:\/\/www.radiopiu.net\/wordpress\/cassa-solidarieta-luxottica-puntata-del-16-ottobre-2020\/embed\/#?secret=zClSfHHm65\" data-secret=\"zClSfHHm65\" width=\"600\" height=\"338\" frameborder=\"0\" marginwidth=\"0\" marginheight=\"0\" scrolling=\"no\"><\/iframe><\/p>\n<p>&nbsp;<\/p>\n<p>&nbsp;<\/p>\n<div>\n<p>&nbsp;<\/p>\n<hr \/>\n<p>&nbsp;<\/p>\n<h2><span style=\"color: #800080;\"><strong>LA RASSEGNA STAMPA DA L&#8217;AMICO DEL POPOLO<\/strong><\/span><\/h2>\n<p><strong>LA RACCOLTA COMPLETA<\/strong><\/p>\n<blockquote class=\"wp-embedded-content\" data-secret=\"Yt1g2SxBry\"><p><a href=\"https:\/\/www.radiopiu.net\/wordpress\/rassegna-stampa-di-gianni-santomaso\/\">Rassegna stampa da l&#8217;amico del popolo &#8211; di Gianni Santomaso<\/a><\/p><\/blockquote>\n<p><iframe loading=\"lazy\" class=\"wp-embedded-content\" sandbox=\"allow-scripts\" security=\"restricted\" style=\"position: absolute; clip: rect(1px, 1px, 1px, 1px);\" title=\"&#8220;Rassegna stampa da l&#8217;amico del popolo &#8211; di Gianni Santomaso&#8221; &#8212; Radio Pi\u00f9\" src=\"https:\/\/www.radiopiu.net\/wordpress\/rassegna-stampa-di-gianni-santomaso\/embed\/#?secret=Yt1g2SxBry\" data-secret=\"Yt1g2SxBry\" width=\"600\" height=\"338\" frameborder=\"0\" marginwidth=\"0\" marginheight=\"0\" scrolling=\"no\"><\/iframe><\/p>\n<p>&nbsp;<\/p>\n<p>&nbsp;<\/p>\n<p>&nbsp;<\/p>\n<hr \/>\n<p>&nbsp;<\/p>\n<p>&nbsp;<\/p>\n<div>\n<h2><span style=\"color: #33cccc;\">I RACCONTI DI PAOLO SOPPELSA il lunedi alle 9.30 e 18.30<\/span><\/h2>\n<blockquote class=\"wp-embedded-content\" data-secret=\"IXVGDTv6u1\"><p><a href=\"https:\/\/www.radiopiu.net\/wordpress\/i-racconti-di-paolo-soppelsa-cinquantacinquesima-puntata\/\">I RACCONTI DI PAOLO SOPPELSA CINQUANTACINQUESIMA PUNTATA<\/a><\/p><\/blockquote>\n<p><iframe loading=\"lazy\" class=\"wp-embedded-content\" sandbox=\"allow-scripts\" security=\"restricted\" style=\"position: absolute; clip: rect(1px, 1px, 1px, 1px);\" title=\"&#8220;I RACCONTI DI PAOLO SOPPELSA CINQUANTACINQUESIMA PUNTATA&#8221; &#8212; Radio Pi\u00f9\" src=\"https:\/\/www.radiopiu.net\/wordpress\/i-racconti-di-paolo-soppelsa-cinquantacinquesima-puntata\/embed\/#?secret=IXVGDTv6u1\" data-secret=\"IXVGDTv6u1\" width=\"600\" height=\"338\" frameborder=\"0\" marginwidth=\"0\" marginheight=\"0\" scrolling=\"no\"><\/iframe><\/p>\n<h2><span style=\"color: #33cccc;\"><strong>RACCOLTA COMPLETA<\/strong><\/span><\/h2>\n<blockquote class=\"wp-embedded-content\" data-secret=\"QFgZvns1Nx\"><p><a href=\"https:\/\/www.radiopiu.net\/wordpress\/i-racconti-di-paolo-soppelsa\/\">I racconti di Paolo Soppelsa<\/a><\/p><\/blockquote>\n<p><iframe loading=\"lazy\" class=\"wp-embedded-content\" sandbox=\"allow-scripts\" security=\"restricted\" style=\"position: absolute; clip: rect(1px, 1px, 1px, 1px);\" title=\"&#8220;I racconti di Paolo Soppelsa&#8221; &#8212; Radio Pi\u00f9\" src=\"https:\/\/www.radiopiu.net\/wordpress\/i-racconti-di-paolo-soppelsa\/embed\/#?secret=QFgZvns1Nx\" data-secret=\"QFgZvns1Nx\" width=\"600\" height=\"338\" frameborder=\"0\" marginwidth=\"0\" marginheight=\"0\" scrolling=\"no\"><\/iframe><\/p>\n<\/div>\n<p>&nbsp;<\/p>\n<hr \/>\n<p>&nbsp;<\/p>\n<div>\n<p>&nbsp;<\/p>\n<h2><\/h2>\n<h2><\/h2>\n<h2><strong>LE\u00a0 PUNTATE di Luisa Alchini di Leggermente Bellunesi, la domenica alle 11, il martedi alle 10.30 e alle 19.00<\/strong><\/h2>\n<h2><\/h2>\n<h2><span style=\"color: #ff0000;\">QUESTA SETTIMANA <\/span>Ci avviciniamo al Capodanno con Luca Fagherazzi<\/h2>\n<\/div>\n<audio class=\"wp-audio-shortcode\" id=\"audio-182614-11\" preload=\"none\" style=\"width: 100%;\" controls=\"controls\"><source type=\"audio\/mpeg\" src=\"https:\/\/www.radiopiu.net\/wordpress\/wp-content\/uploads\/2020\/12\/12leggermentelucafagherazzicapodanno.mp3?_=11\" \/><a href=\"https:\/\/www.radiopiu.net\/wordpress\/wp-content\/uploads\/2020\/12\/12leggermentelucafagherazzicapodanno.mp3\">https:\/\/www.radiopiu.net\/wordpress\/wp-content\/uploads\/2020\/12\/12leggermentelucafagherazzicapodanno.mp3<\/a><\/audio>\n<div>\n<p><strong><span style=\"color: #000000;\">RACCOLTA COMPLETA<\/span><\/strong><\/p>\n<\/div>\n<blockquote class=\"wp-embedded-content\" data-secret=\"BVKYJSCZFJ\"><p><a href=\"https:\/\/www.radiopiu.net\/wordpress\/leggermente-20\/\">LEGGERmente&#8230;Bellunesi<\/a><\/p><\/blockquote>\n<p><iframe loading=\"lazy\" class=\"wp-embedded-content\" sandbox=\"allow-scripts\" security=\"restricted\" style=\"position: absolute; clip: rect(1px, 1px, 1px, 1px);\" title=\"&#8220;LEGGERmente&#8230;Bellunesi&#8221; &#8212; Radio Pi\u00f9\" src=\"https:\/\/www.radiopiu.net\/wordpress\/leggermente-20\/embed\/#?secret=BVKYJSCZFJ\" data-secret=\"BVKYJSCZFJ\" width=\"600\" height=\"338\" frameborder=\"0\" marginwidth=\"0\" marginheight=\"0\" scrolling=\"no\"><\/iframe><\/p>\n<hr \/>\n<p>&nbsp;<\/p>\n<blockquote>\n<h3><a href=\"https:\/\/www.radiopiu.net\/wordpress\/almanacco-ladino-puntata-5-2020\/sn\/\" rel=\"attachment wp-att-180931\"><img loading=\"lazy\" decoding=\"async\" class=\"wp-image-180931 alignleft\" src=\"https:\/\/www.radiopiu.net\/wordpress\/wp-content\/uploads\/2020\/12\/sn-300x194.jpg\" alt=\"\" width=\"181\" height=\"117\" srcset=\"https:\/\/www.radiopiu.net\/wordpress\/wp-content\/uploads\/2020\/12\/sn-300x194.jpg 300w, https:\/\/www.radiopiu.net\/wordpress\/wp-content\/uploads\/2020\/12\/sn.jpg 626w\" sizes=\"auto, (max-width: 181px) 100vw, 181px\" \/><\/a>L&#8217;ALMANACCO LADINO CON L&#8217;ISTITUT CESA DE JAN QUINDICINALE APPUNTAMENTO. LA DOMENICA ALLE 9 IL LUNEDI ALLE 8.35 IL MARTEDI ALLE 12.35 IL MERCOLEDI ALLE 18.35. SECONDA STAGIONE.<\/h3>\n<\/blockquote>\n<p><strong><span style=\"color: #ff0000;\">LA PUNTATA DELLA SETTIMANA<\/span><\/strong><\/p>\n<audio class=\"wp-audio-shortcode\" id=\"audio-182614-12\" preload=\"none\" style=\"width: 100%;\" controls=\"controls\"><source type=\"audio\/mpeg\" src=\"https:\/\/www.radiopiu.net\/wordpress\/wp-content\/uploads\/2020\/12\/48\u00b0Almanacco_Fodom-Mp3.mp3?_=12\" \/><a href=\"https:\/\/www.radiopiu.net\/wordpress\/wp-content\/uploads\/2020\/12\/48\u00b0Almanacco_Fodom-Mp3.mp3\">https:\/\/www.radiopiu.net\/wordpress\/wp-content\/uploads\/2020\/12\/48\u00b0Almanacco_Fodom-Mp3.mp3<\/a><\/audio>\n<p>&nbsp;<\/p>\n<p><strong>RACCOLTA COMPLETA\u00a0<\/strong><\/p>\n<blockquote class=\"wp-embedded-content\" data-secret=\"E4xCULvO6o\"><p><a href=\"https:\/\/www.radiopiu.net\/wordpress\/almanacco-ladino\/\">Almanacco Ladino<\/a><\/p><\/blockquote>\n<p><iframe loading=\"lazy\" class=\"wp-embedded-content\" sandbox=\"allow-scripts\" security=\"restricted\" style=\"position: absolute; clip: rect(1px, 1px, 1px, 1px);\" title=\"&#8220;Almanacco Ladino&#8221; &#8212; Radio Pi\u00f9\" src=\"https:\/\/www.radiopiu.net\/wordpress\/almanacco-ladino\/embed\/#?secret=E4xCULvO6o\" data-secret=\"E4xCULvO6o\" width=\"600\" height=\"338\" frameborder=\"0\" marginwidth=\"0\" marginheight=\"0\" scrolling=\"no\"><\/iframe><\/p>\n<p>&nbsp;<\/p>\n<\/div>\n<hr \/>\n<div>\n<h2><span style=\"color: #000080;\"><a class=\"dt-pswp-item\" href=\"https:\/\/www.radiopiu.net\/wordpress\/wp-content\/uploads\/2020\/10\/pp.jpg\" data-dt-img-description=\"\" data-large_image_width=\"640\" data-large_image_height=\"640\"><img loading=\"lazy\" decoding=\"async\" class=\"wp-image-163678 alignleft\" src=\"https:\/\/www.radiopiu.net\/wordpress\/wp-content\/uploads\/2020\/10\/pp-300x300.jpg\" alt=\"\" width=\"106\" height=\"106\" srcset=\"https:\/\/www.radiopiu.net\/wordpress\/wp-content\/uploads\/2020\/10\/pp-300x300.jpg 300w, https:\/\/www.radiopiu.net\/wordpress\/wp-content\/uploads\/2020\/10\/pp-150x150.jpg 150w, https:\/\/www.radiopiu.net\/wordpress\/wp-content\/uploads\/2020\/10\/pp-125x125.jpg 125w, https:\/\/www.radiopiu.net\/wordpress\/wp-content\/uploads\/2020\/10\/pp-200x200.jpg 200w, https:\/\/www.radiopiu.net\/wordpress\/wp-content\/uploads\/2020\/10\/pp-80x80.jpg 80w, https:\/\/www.radiopiu.net\/wordpress\/wp-content\/uploads\/2020\/10\/pp-480x480.jpg 480w, https:\/\/www.radiopiu.net\/wordpress\/wp-content\/uploads\/2020\/10\/pp.jpg 640w\" sizes=\"auto, (max-width: 106px) 100vw, 106px\" \/><\/a> <\/span><\/h2>\n<h2><span style=\"color: #000080;\">DON CESARE, IL PENSIERO DEL GIORNO. ALLA RADIO ALLE 7 DEL MATTINO E ALLE 19.30 DELLA SERA.\u00a0\u00a0<\/span><\/h2>\n<\/div>\n<p>&nbsp;<\/p>\n<p>&nbsp;<\/p>\n<p>&nbsp;<\/p>\n<audio class=\"wp-audio-shortcode\" id=\"audio-182614-13\" preload=\"none\" style=\"width: 100%;\" controls=\"controls\"><source type=\"audio\/mpeg\" src=\"https:\/\/www.radiopiu.net\/wordpress\/wp-content\/uploads\/2021\/01\/CESARE-1.mp3?_=13\" \/><a href=\"https:\/\/www.radiopiu.net\/wordpress\/wp-content\/uploads\/2021\/01\/CESARE-1.mp3\">https:\/\/www.radiopiu.net\/wordpress\/wp-content\/uploads\/2021\/01\/CESARE-1.mp3<\/a><\/audio>\n<p>&nbsp;<\/p>\n<p>&nbsp;<\/p>\n<hr \/>\n<p>&nbsp;<\/p>\n<blockquote>\n<h2><a href=\"https:\/\/www.radiopiu.net\/wordpress\/laugurio-di-monsignor-giorgio-lise-agli-agordini\/don-giorgio-lise\/\" rel=\"attachment wp-att-177420\"><img loading=\"lazy\" decoding=\"async\" class=\" wp-image-177420 alignleft\" src=\"https:\/\/www.radiopiu.net\/wordpress\/wp-content\/uploads\/2020\/12\/DON-GIORGIO-LISE-300x169.jpg\" alt=\"\" width=\"243\" height=\"137\" srcset=\"https:\/\/www.radiopiu.net\/wordpress\/wp-content\/uploads\/2020\/12\/DON-GIORGIO-LISE-300x169.jpg 300w, https:\/\/www.radiopiu.net\/wordpress\/wp-content\/uploads\/2020\/12\/DON-GIORGIO-LISE-1024x577.jpg 1024w, https:\/\/www.radiopiu.net\/wordpress\/wp-content\/uploads\/2020\/12\/DON-GIORGIO-LISE-768x432.jpg 768w, https:\/\/www.radiopiu.net\/wordpress\/wp-content\/uploads\/2020\/12\/DON-GIORGIO-LISE-1536x865.jpg 1536w, https:\/\/www.radiopiu.net\/wordpress\/wp-content\/uploads\/2020\/12\/DON-GIORGIO-LISE.jpg 1600w\" sizes=\"auto, (max-width: 243px) 100vw, 243px\" \/><\/a><\/h2>\n<h2><\/h2>\n<h2>DUE MINUTI PER TE, ALLA DOMENICA CON MONSIGNOR GIORGIO LISE<\/h2>\n<\/blockquote>\n<audio class=\"wp-audio-shortcode\" id=\"audio-182614-14\" preload=\"none\" style=\"width: 100%;\" controls=\"controls\"><source type=\"audio\/mpeg\" src=\"https:\/\/www.radiopiu.net\/wordpress\/wp-content\/uploads\/2021\/01\/GIORGIO.mp3?_=14\" \/><a href=\"https:\/\/www.radiopiu.net\/wordpress\/wp-content\/uploads\/2021\/01\/GIORGIO.mp3\">https:\/\/www.radiopiu.net\/wordpress\/wp-content\/uploads\/2021\/01\/GIORGIO.mp3<\/a><\/audio>\n<p>&nbsp;<\/p>\n<hr \/>\n<p>&nbsp;<\/p>\n<div>\n<p class=\"photoswipe-wrapper\"><a class=\"dt-pswp-item pspw-wrap-ready\" href=\"https:\/\/i0.wp.com\/www.radiopiu.net\/wordpress\/wp-content\/uploads\/2018\/09\/viabilita.jpeg?ssl=1\" data-dt-img-description=\"\" data-large_image_width=\"800\" data-large_image_height=\"100\"><img loading=\"lazy\" decoding=\"async\" class=\"aligncenter wp-image-61954 size-full\" src=\"https:\/\/i0.wp.com\/www.radiopiu.net\/wordpress\/wp-content\/uploads\/2018\/09\/viabilita.jpeg?resize=800%2C100&amp;ssl=1\" sizes=\"auto, (max-width: 800px) 100vw, 800px\" srcset=\"https:\/\/i0.wp.com\/www.radiopiu.net\/wordpress\/wp-content\/uploads\/2018\/09\/viabilita.jpeg?w=800&amp;ssl=1 800w, https:\/\/i0.wp.com\/www.radiopiu.net\/wordpress\/wp-content\/uploads\/2018\/09\/viabilita.jpeg?resize=300%2C38&amp;ssl=1 300w, https:\/\/i0.wp.com\/www.radiopiu.net\/wordpress\/wp-content\/uploads\/2018\/09\/viabilita.jpeg?resize=768%2C96&amp;ssl=1 768w\" alt=\"\" width=\"800\" height=\"100\" \/><\/a><\/p>\n<\/div>\n<p>&nbsp;<\/p>\n<p><strong>SP 1 MADONNA DEL PIAVE <\/strong>senso unico alternato regolato da semaforo fino al 15 gennaio in comune di Quero Vas per realizzazione tombinatura<\/p>\n<p><strong>SP 42 CAVALLERA<\/strong> fino a revoca, chiusura della strada nell&#8217;abitato di Perarolo per attivazione emergenza frana &#8220;Busa del Cristo&#8221;<\/p>\n<p><strong>S.P.2 DELLA VALLE DEL MIS\u00a0<\/strong>Interdizione totale al traffico fino a revoca dal km 14,920 (localit\u00e0 Gona Bassa) al km 20,650 (localit\u00e0 Titele) per cedimento della carreggiata<\/p>\n<p><strong>S.P. 5 DI LAMOSANO<\/strong>\u00a0Interdizione totale fino a revoca per presenza di materiale e alberi in strada.<\/p>\n<p><strong>S.P. 251 DI VAL DI ZOLDO E VAL CELLINA\u00a0<\/strong>dalla localit\u00e0 Soffranco fino all&#8217;imbocco nord della galleria S. Giovanni interdizione totale al transito per cedimento della carreggiata<\/p>\n<p><strong>SP 3 DELLA VAL IMPERINA<\/strong> fino a revoca, senso unico alternato regolato a vista in localit\u00e0 Gona di Conedera di Rivamonte per cedimento della carreggiata stradale<\/p>\n<p>&nbsp;<\/p>\n<div>\n<p>&nbsp;<\/p>\n<hr \/>\n<p>&nbsp;<\/p>\n<p class=\"photoswipe-wrapper\"><a class=\"dt-pswp-item pspw-wrap-ready\" href=\"https:\/\/i0.wp.com\/www.radiopiu.net\/wordpress\/wp-content\/uploads\/2018\/09\/WhatsApp-Image-2018-09-20-at-16.04.06.jpeg?ssl=1\" data-dt-img-description=\"\" data-large_image_width=\"800\" data-large_image_height=\"100\"><img loading=\"lazy\" decoding=\"async\" class=\"aligncenter wp-image-61378 size-full jetpack-lazy-image jetpack-lazy-image--handled\" src=\"https:\/\/i0.wp.com\/www.radiopiu.net\/wordpress\/wp-content\/uploads\/2018\/09\/WhatsApp-Image-2018-09-20-at-16.04.06.jpeg?resize=800%2C100&amp;ssl=1\" sizes=\"auto, (max-width: 800px) 100vw, 800px\" srcset=\"https:\/\/i0.wp.com\/www.radiopiu.net\/wordpress\/wp-content\/uploads\/2018\/09\/WhatsApp-Image-2018-09-20-at-16.04.06.jpeg?w=800&amp;ssl=1 800w, https:\/\/i0.wp.com\/www.radiopiu.net\/wordpress\/wp-content\/uploads\/2018\/09\/WhatsApp-Image-2018-09-20-at-16.04.06.jpeg?resize=300%2C38&amp;ssl=1 300w, https:\/\/i0.wp.com\/www.radiopiu.net\/wordpress\/wp-content\/uploads\/2018\/09\/WhatsApp-Image-2018-09-20-at-16.04.06.jpeg?resize=768%2C96&amp;ssl=1 768w\" alt=\"\" width=\"800\" height=\"100\" data-lazy-loaded=\"1\" \/><\/a><\/p>\n<p>&nbsp;<\/p>\n<div><center><b>Domenica 3<\/b><\/center><b>Tempo atteso:\u00a0<\/b>Tendenza a lieve miglioramento rispetto a sabato, con nuovi fenomeni nella notte e al mattino e nuvolosit\u00e0 in attenuazione con qualche schiarita nel pomeriggio, quando sar\u00e0 possibile qualche sporadico fenomeno.<br \/>\n<b>Precipitazioni:\u00a0<\/b>Nella notte probabilit\u00e0 molto alta (100%) di precipitazioni, generalmente deboli. Al mattino rischio ancora alto di precipitazioni (80-90%), mentre nel pomeriggio tale rischio si ridurr\u00e0 (50-60%), per qualche breve precipitazione. Limite delle nevicate nella notte e al mattino a 500-600 m sulle Dolomiti e a 700-900 m sulle Prealpi, localmente a quote pi\u00f9 basse.<br \/>\n<b>Temperature:\u00a0<\/b>Minime stazionarie, massime in lieve aumento. Su Prealpi a 1500 m min -3\u00b0C max -2\u00b0C, a 2000 m min -5\u00b0C max -4\u00b0C. Su Dolomiti a 2000 m min -6\u00b0C max -5\u00b0C, a 3000 m min -13\u00b0C max -11\u00b0C.<br \/>\n<b>Venti:\u00a0<\/b>Nelle valli deboli di direzione variabile, in quota deboli o moderati meridionali, inizialmente ancora tesi sulle cime, 5-25 km\/h a 2000 m, a 20-35 km\/h a 3000 m.<\/p>\n<hr \/>\n<p><center><b>Lunedi 4<\/b><\/center><b>Tempo atteso:\u00a0<\/b>Ulteriore, lieve miglioramento, con nuvolosit\u00e0 ancora diffusa, specie al mattino, ma con tendenza a parziali schiarite, soprattutto nel pomeriggio sulle Dolomiti.<br \/>\n<b>Precipitazioni:\u00a0<\/b>Generalmente assenti (10-20%) con rischio di qualche debole fenomeno essenzialmente sulle Prealpi veronesi.<br \/>\n<b>Temperature:\u00a0<\/b>In lieve diminuzione, salvo aumentare nelle massime nelle valli. Su Prealpi a 1500 m min -3\u00b0C max -2\u00b0C, a 2000 m min -6\u00b0C max -5\u00b0C. Su Dolomiti a 2000 m min -8\u00b0C max -5\u00b0C, a 3000 m min -14\u00b0C max -12\u00b0C<br \/>\n<b>Venti:\u00a0<\/b>Nelle valli generalmente deboli, in quota deboli o al pi\u00f9 moderati da sud sud-est, 5-10 km\/h a 2000 m, 5-15 km\/h a 3000 m.<\/p>\n<hr \/>\n<p><center><b>Martedi 5<\/b><\/center>Giornata di nuovo in prevalenza nuvolosa, con nubi a tratti intense e associate e qualche precipitazione, generalmente di breve durata, nevosa oltre i 500-700 m. Temperature in ulteriore, lieve calo. Venti in quota deboli o moderati da sud-est, in temporanea intensificazione e rotazione a est in serata.<\/p>\n<hr \/>\n<p><center><b>Mercoledi 6<\/b><\/center>Evoluzione incerta, cielo probabilmente nuvoloso o molto nuvoloso, con possibilit\u00e0 di precipitazioni, nevose anche a quote basse. Temperature in ulteriore, lieve calo. Venti in quota deboli o moderati, inizialmente orientali, poi in rotazione a ovest. Previsore: B.R.<\/p>\n<p>&nbsp;<\/p>\n<hr \/>\n<p>&nbsp;<\/p>\n<p><a href=\"https:\/\/www.radiopiu.net\/wordpress\/giornale-radiopiu-15-settembre-2018-direttore-mirko-mezzacasa\/sport-7\/\" rel=\"attachment wp-att-60761\"><img loading=\"lazy\" decoding=\"async\" class=\"aligncenter wp-image-60761 size-full\" src=\"https:\/\/www.radiopiu.net\/wordpress\/wp-content\/uploads\/2018\/09\/sport.jpg\" alt=\"\" width=\"800\" height=\"100\" srcset=\"https:\/\/www.radiopiu.net\/wordpress\/wp-content\/uploads\/2018\/09\/sport.jpg 800w, https:\/\/www.radiopiu.net\/wordpress\/wp-content\/uploads\/2018\/09\/sport-300x38.jpg 300w, https:\/\/www.radiopiu.net\/wordpress\/wp-content\/uploads\/2018\/09\/sport-768x96.jpg 768w\" sizes=\"auto, (max-width: 800px) 100vw, 800px\" \/><\/a><\/p>\n<\/div>\n<p>&nbsp;<\/p>\n<blockquote>\n<h3>L&#8217;ALLEGHE INIZIA IL 2021 CON UNA VITTORIA<\/h3>\n<\/blockquote>\n<p class=\"p1\"><strong><a href=\"https:\/\/www.radiopiu.net\/wordpress\/il-calendario-ufficiale-dellitalian-hockey-league\/logo-alleghe-hockey\/\" rel=\"attachment wp-att-95699\"><img loading=\"lazy\" decoding=\"async\" class=\"size-medium wp-image-95699 alignleft\" src=\"https:\/\/www.radiopiu.net\/wordpress\/wp-content\/uploads\/2019\/08\/logo-alleghe-hockey-300x281.png\" alt=\"\" width=\"300\" height=\"281\" srcset=\"https:\/\/www.radiopiu.net\/wordpress\/wp-content\/uploads\/2019\/08\/logo-alleghe-hockey-300x281.png 300w, https:\/\/www.radiopiu.net\/wordpress\/wp-content\/uploads\/2019\/08\/logo-alleghe-hockey.png 547w\" sizes=\"auto, (max-width: 300px) 100vw, 300px\" \/><\/a>ALLEGHE &#8211; UNTERLAND CAVALIERS 3-2<\/strong><\/p>\n<p class=\"p1\">PARZIALI: 0-0, 1-1, 2-1<\/p>\n<p class=\"p1\">GOL: st. 16\u201905\u201d Kiviranta, 18\u201927\u201d Selva. tt. 1\u201954 M. Dall\u2019Agnol, 4\u201943\u201d M. Dall\u2019Agnol, 11\u201921\u201d Selva<\/p>\n<p class=\"p1\"><strong>ALLEGHE <\/strong>Il 2021 inizia nel migliore dei modi per l\u2019Alleghe Hockey che incamera 3 punti contro l\u2019Unterland Cavaliers. Prima mezz\u2019ora di gara noiosa ma seconda parte interessante con delle buone idee delle civette che vanno in vantaggio, subiscono il pareggio e nel terzo tempo chiude la gara com un Matteo Dall\u2019Agnol in serata. Prima parte di gara che scorre molto velocemente con le squadre che lottano su ogni disco. Gli alleghesi escono indenni dalla prima inferiorit\u00e0 numerica. I portieri non vengono impegnati pi\u00f9 di tanto. La squadra di Matikainen sembra avere una marcia in pi\u00f9 provando a centrare la porta in pi\u00f9 occasioni ma senza trovare il gol. Reti inviolate alla fine del primo tempo. Secondo tempo che inizia sulla falsa riga della prima frazione. Match che sembra non volersi sbloccare. Gli altoatesini cominciano a prendere coraggio ma Scola riesce a salvare il risultato. La partita si sblocca al 16\u2019 minuti della frazione centrale. Bella triangolazione tra De Toni e Kiviranta con quest\u2019ultimo che spedisce il disco alle spalle del portiere avversario. Vantaggio che dura ben poco perch\u00e9 dopo pochi minuti i Cavaliers pareggiano i conti in superiorit\u00e0 numerica con Selva. Terzo drittel che inizia con le civette che si riportano in vantaggio. Matteo Dall\u2019Agnol ruba disco e a tu per tu con il portiere non sbaglia. Lo stesso Dall\u2019Agnol si ripete poco dopo portando a 3 le reti alleghesi. Altoatesini che provano a reagire ma gli errori sotto porta sono tanti. Accorciano le distanze i Cavaliers in superiorit\u00e0 numerica e ancora una volta \u00e8 Selva che punisce Scola. Nel finale gli agordini riescono a contenere le incursioni avversarie e mettono in saccoccia la prima vittoria del 2021.<\/p>\n<\/div>\n<\/div>\n<p>&nbsp;<\/p>\n","protected":false},"excerpt":{"rendered":"<p>PER RICEVERE QUESTO NOTIZIARIO DIRETTAMENTE SUL TUO CELLULARE ISCRIVITI AL CANALE TELEGRAM \u201cRADIO PIU\u00a0 INFORMAZIONE&#8221; ATTENZIONE: LA NUOVA APP PER IOS-IPHONE https:\/\/apps.apple.com\/it\/app\/radio-pi%C3%B9-emittente-agordina\/id1515939845 ATTENZIONE: LA NUOVA APP RADIO\u00a0 PER ANDROID https:\/\/play.google.com\/store\/apps\/details?id=net.radiopiu.iniko\u00a0\u00a0 &nbsp; \u00a0DALLA PROTEZIONE CIVILE REGIONALE, IERI SERA GIANPAOLO BOTTACIN: A seguito delle copiose nevicate in Comelico\/Cadore sono arrivate richieste da Comuni per il supporto per&hellip;<\/p>\n","protected":false},"author":4,"featured_media":182795,"comment_status":"closed","ping_status":"closed","sticky":false,"template":"","format":"standard","meta":{"_monsterinsights_skip_tracking":false,"_monsterinsights_sitenote_active":false,"_monsterinsights_sitenote_note":"","_monsterinsights_sitenote_category":0,"footnotes":""},"categories":[1,86,49],"tags":[],"class_list":["post-182614","post","type-post","status-publish","format-standard","has-post-thumbnail","hentry","category-senza-categoria","category-gr","category-news-18","category-1","category-86","category-49","description-off"],"img_url":"https:\/\/www.radiopiu.net\/wordpress\/wp-content\/uploads\/2021\/01\/9f0dfe3f-1744-4d95-aae7-7382995a7458.jpg","_links":{"self":[{"href":"https:\/\/www.radiopiu.net\/wordpress\/wp-json\/wp\/v2\/posts\/182614","targetHints":{"allow":["GET"]}}],"collection":[{"href":"https:\/\/www.radiopiu.net\/wordpress\/wp-json\/wp\/v2\/posts"}],"about":[{"href":"https:\/\/www.radiopiu.net\/wordpress\/wp-json\/wp\/v2\/types\/post"}],"author":[{"embeddable":true,"href":"https:\/\/www.radiopiu.net\/wordpress\/wp-json\/wp\/v2\/users\/4"}],"replies":[{"embeddable":true,"href":"https:\/\/www.radiopiu.net\/wordpress\/wp-json\/wp\/v2\/comments?post=182614"}],"version-history":[{"count":0,"href":"https:\/\/www.radiopiu.net\/wordpress\/wp-json\/wp\/v2\/posts\/182614\/revisions"}],"wp:featuredmedia":[{"embeddable":true,"href":"https:\/\/www.radiopiu.net\/wordpress\/wp-json\/wp\/v2\/media\/182795"}],"wp:attachment":[{"href":"https:\/\/www.radiopiu.net\/wordpress\/wp-json\/wp\/v2\/media?parent=182614"}],"wp:term":[{"taxonomy":"category","embeddable":true,"href":"https:\/\/www.radiopiu.net\/wordpress\/wp-json\/wp\/v2\/categories?post=182614"},{"taxonomy":"post_tag","embeddable":true,"href":"https:\/\/www.radiopiu.net\/wordpress\/wp-json\/wp\/v2\/tags?post=182614"}],"curies":[{"name":"wp","href":"https:\/\/api.w.org\/{rel}","templated":true}]}}