{"id":182658,"date":"2021-01-02T10:30:50","date_gmt":"2021-01-02T09:30:50","guid":{"rendered":"https:\/\/www.radiopiu.net\/wordpress\/?p=182658"},"modified":"2021-01-02T10:30:50","modified_gmt":"2021-01-02T09:30:50","slug":"dillo-a-radio-piu-chi-si-occupa-degli-operai-per-lo-sgombero-neve","status":"publish","type":"post","link":"https:\/\/www.radiopiu.net\/wordpress\/dillo-a-radio-piu-chi-si-occupa-degli-operai-per-lo-sgombero-neve\/","title":{"rendered":"DILLO A RADIO PIU&#8230;CHI SI OCCUPA DEGLI OPERAI PER LO SGOMBERO NEVE?"},"content":{"rendered":"<p><strong><a href=\"https:\/\/www.radiopiu.net\/wordpress\/elezioni-comunali-2019-livinallongo-del-col-di-lana\/livinallongo-daniela-templari\/\" rel=\"attachment wp-att-86469\"><img loading=\"lazy\" decoding=\"async\" class=\" wp-image-86469 alignleft\" src=\"https:\/\/www.radiopiu.net\/wordpress\/wp-content\/uploads\/2019\/05\/LIVINALLONGO-DANIELA-TEMPLARI-248x300.jpg\" alt=\"\" width=\"136\" height=\"165\" srcset=\"https:\/\/www.radiopiu.net\/wordpress\/wp-content\/uploads\/2019\/05\/LIVINALLONGO-DANIELA-TEMPLARI-248x300.jpg 248w, https:\/\/www.radiopiu.net\/wordpress\/wp-content\/uploads\/2019\/05\/LIVINALLONGO-DANIELA-TEMPLARI.jpg 632w\" sizes=\"auto, (max-width: 136px) 100vw, 136px\" \/><\/a>di Daniela Templari consigliere comunale di Livinallongo Del Col di Lana<\/strong><\/p>\n<p>\u00c8 un problema che riguarda tutti i Comuni non solo Livinallongo&#8230; Chi lavora non trova un posto dove bere un caff\u00e8, pranzare ma anche solo andare al bagno&#8230;credo che sia corretto capire se c&#8217;\u00e8 un ristorante bar disposto ad aprire per dare ristoro e pranzo agli operatori che si occupano della pulizia neve, in questo periodo, costretti a mangiare un panino sul camion, credo sia davvero vergognoso che non possano trovare qualcosa di caldo durante la giornata e per pranzo<\/p>\n<p><strong>DANIELA TEMPLARI<\/strong><\/p>\n<audio class=\"wp-audio-shortcode\" id=\"audio-182658-1\" preload=\"none\" style=\"width: 100%;\" controls=\"controls\"><source type=\"audio\/mpeg\" src=\"https:\/\/www.radiopiu.net\/wordpress\/wp-content\/uploads\/2021\/01\/TEMPLARI-DILLO-RADIO.mp3?_=1\" \/><a href=\"https:\/\/www.radiopiu.net\/wordpress\/wp-content\/uploads\/2021\/01\/TEMPLARI-DILLO-RADIO.mp3\">https:\/\/www.radiopiu.net\/wordpress\/wp-content\/uploads\/2021\/01\/TEMPLARI-DILLO-RADIO.mp3<\/a><\/audio>\n<p>&nbsp;<\/p>\n<p>&nbsp;<\/p>\n","protected":false},"excerpt":{"rendered":"<p>di Daniela Templari consigliere comunale di Livinallongo Del Col di Lana \u00c8 un problema che riguarda tutti i Comuni non solo Livinallongo&#8230; Chi lavora non trova un posto dove bere un caff\u00e8, pranzare ma anche solo andare al bagno&#8230;credo che sia corretto capire se c&#8217;\u00e8 un ristorante bar disposto ad aprire per dare ristoro e&hellip;<\/p>\n","protected":false},"author":4,"featured_media":182660,"comment_status":"closed","ping_status":"closed","sticky":false,"template":"","format":"standard","meta":{"_monsterinsights_skip_tracking":false,"_monsterinsights_sitenote_active":false,"_monsterinsights_sitenote_note":"","_monsterinsights_sitenote_category":0,"footnotes":""},"categories":[51,49],"tags":[],"class_list":["post-182658","post","type-post","status-publish","format-standard","has-post-thumbnail","hentry","category-evidenza-top","category-news-18","category-51","category-49","description-off"],"img_url":"https:\/\/www.radiopiu.net\/wordpress\/wp-content\/uploads\/2021\/01\/2a4fac63-f909-4d0f-b120-b96c2b45bf32.jpg","_links":{"self":[{"href":"https:\/\/www.radiopiu.net\/wordpress\/wp-json\/wp\/v2\/posts\/182658","targetHints":{"allow":["GET"]}}],"collection":[{"href":"https:\/\/www.radiopiu.net\/wordpress\/wp-json\/wp\/v2\/posts"}],"about":[{"href":"https:\/\/www.radiopiu.net\/wordpress\/wp-json\/wp\/v2\/types\/post"}],"author":[{"embeddable":true,"href":"https:\/\/www.radiopiu.net\/wordpress\/wp-json\/wp\/v2\/users\/4"}],"replies":[{"embeddable":true,"href":"https:\/\/www.radiopiu.net\/wordpress\/wp-json\/wp\/v2\/comments?post=182658"}],"version-history":[{"count":0,"href":"https:\/\/www.radiopiu.net\/wordpress\/wp-json\/wp\/v2\/posts\/182658\/revisions"}],"wp:featuredmedia":[{"embeddable":true,"href":"https:\/\/www.radiopiu.net\/wordpress\/wp-json\/wp\/v2\/media\/182660"}],"wp:attachment":[{"href":"https:\/\/www.radiopiu.net\/wordpress\/wp-json\/wp\/v2\/media?parent=182658"}],"wp:term":[{"taxonomy":"category","embeddable":true,"href":"https:\/\/www.radiopiu.net\/wordpress\/wp-json\/wp\/v2\/categories?post=182658"},{"taxonomy":"post_tag","embeddable":true,"href":"https:\/\/www.radiopiu.net\/wordpress\/wp-json\/wp\/v2\/tags?post=182658"}],"curies":[{"name":"wp","href":"https:\/\/api.w.org\/{rel}","templated":true}]}}