{"id":182774,"date":"2021-01-02T20:35:02","date_gmt":"2021-01-02T19:35:02","guid":{"rendered":"https:\/\/www.radiopiu.net\/wordpress\/?p=182774"},"modified":"2021-01-02T20:38:58","modified_gmt":"2021-01-02T19:38:58","slug":"slavina-a-san-pietro-blackout-elettrici-con-criticita-maggiori-in-comelico-la-provincia-in-aiuto-alle-unioni-montane","status":"publish","type":"post","link":"https:\/\/www.radiopiu.net\/wordpress\/slavina-a-san-pietro-blackout-elettrici-con-criticita-maggiori-in-comelico-la-provincia-in-aiuto-alle-unioni-montane\/","title":{"rendered":"SLAVINA A SAN PIETRO, BLACKOUT ELETTRICI CON CRITICITA&#8217; MAGGIORI IN COMELICO. LA PROVINCIA IN AIUTO ALLE UNIONI MONTANE"},"content":{"rendered":"<p><strong>BELLUNO<\/strong> Il consigliere delegato alla Protezione civile e i tecnici della Provincia sono in contatto dal pomeriggio con i sindaci e i presidenti delle Unioni Montane della parte alta del territorio provinciale. Le criticit\u00e0 attuali si concentrano soprattutto in Comelico (dove sono stati aperti tutti i Coc). Sono caduti circa 80-85 centimetri di neve (diversi centimetri pi\u00f9 del previsto): il problema principale al momento sono i tetti e le strade, dove la nuova nevicata si somma a quella dei giorni scorsi.<br \/>\nSono state attivate le squadre dell\u2019Ana Cadore, Belluno e Feltre, attraverso la Regione. Le squadre sono state messe in contatto con i Coc, per rispondere a eventuali esigenze particolari.Si \u00e8 verificato una piccola slavina nel Comune di San Pietro (localit\u00e0 Mare). Ci sono stati alcuni blackout elettrici, ma brevi e gi\u00e0 rientrati. La Provincia ha dato massima disponibilit\u00e0 in caso di bisogno a dare una mano alle Unioni Montane per affrontare i primi costi dello sgombero neve dai tetti e per affrontare i costi relativi allo spostamento delle masse nevose. \u2028Domani in mattinata dovrebbe essere convocata una riunione con la Prefettura.<\/p>\n","protected":false},"excerpt":{"rendered":"<p>BELLUNO Il consigliere delegato alla Protezione civile e i tecnici della Provincia sono in contatto dal pomeriggio con i sindaci e i presidenti delle Unioni Montane della parte alta del territorio provinciale. Le criticit\u00e0 attuali si concentrano soprattutto in Comelico (dove sono stati aperti tutti i Coc). Sono caduti circa 80-85 centimetri di neve (diversi&hellip;<\/p>\n","protected":false},"author":4,"featured_media":182741,"comment_status":"closed","ping_status":"closed","sticky":false,"template":"","format":"standard","meta":{"_monsterinsights_skip_tracking":false,"_monsterinsights_sitenote_active":false,"_monsterinsights_sitenote_note":"","_monsterinsights_sitenote_category":0,"footnotes":""},"categories":[104,49],"tags":[],"class_list":["post-182774","post","type-post","status-publish","format-standard","has-post-thumbnail","hentry","category-evidenza_3","category-news-18","category-104","category-49","description-off"],"img_url":"https:\/\/www.radiopiu.net\/wordpress\/wp-content\/uploads\/2021\/01\/4e0ef6cd-999a-4fbc-a7dd-317675736209.jpg","_links":{"self":[{"href":"https:\/\/www.radiopiu.net\/wordpress\/wp-json\/wp\/v2\/posts\/182774","targetHints":{"allow":["GET"]}}],"collection":[{"href":"https:\/\/www.radiopiu.net\/wordpress\/wp-json\/wp\/v2\/posts"}],"about":[{"href":"https:\/\/www.radiopiu.net\/wordpress\/wp-json\/wp\/v2\/types\/post"}],"author":[{"embeddable":true,"href":"https:\/\/www.radiopiu.net\/wordpress\/wp-json\/wp\/v2\/users\/4"}],"replies":[{"embeddable":true,"href":"https:\/\/www.radiopiu.net\/wordpress\/wp-json\/wp\/v2\/comments?post=182774"}],"version-history":[{"count":0,"href":"https:\/\/www.radiopiu.net\/wordpress\/wp-json\/wp\/v2\/posts\/182774\/revisions"}],"wp:featuredmedia":[{"embeddable":true,"href":"https:\/\/www.radiopiu.net\/wordpress\/wp-json\/wp\/v2\/media\/182741"}],"wp:attachment":[{"href":"https:\/\/www.radiopiu.net\/wordpress\/wp-json\/wp\/v2\/media?parent=182774"}],"wp:term":[{"taxonomy":"category","embeddable":true,"href":"https:\/\/www.radiopiu.net\/wordpress\/wp-json\/wp\/v2\/categories?post=182774"},{"taxonomy":"post_tag","embeddable":true,"href":"https:\/\/www.radiopiu.net\/wordpress\/wp-json\/wp\/v2\/tags?post=182774"}],"curies":[{"name":"wp","href":"https:\/\/api.w.org\/{rel}","templated":true}]}}