{"id":182808,"date":"2021-01-03T07:22:35","date_gmt":"2021-01-03T06:22:35","guid":{"rendered":"https:\/\/www.radiopiu.net\/wordpress\/?p=182808"},"modified":"2021-01-03T07:22:35","modified_gmt":"2021-01-03T06:22:35","slug":"dillo-a-radio-piu-a-proposito-delle-critiche-per-chi-parcheggia-in-strada-a-frassene-di-voltago","status":"publish","type":"post","link":"https:\/\/www.radiopiu.net\/wordpress\/dillo-a-radio-piu-a-proposito-delle-critiche-per-chi-parcheggia-in-strada-a-frassene-di-voltago\/","title":{"rendered":"DILLO A RADIO PIU&#8230; A PROPOSITO DELLE CRITICHE PER CHI PARCHEGGIA IN STRADA A FRASSENE&#8217; DI VOLTAGO"},"content":{"rendered":"<p>&nbsp;<\/p>\n<blockquote>\n<h2><\/h2>\n<\/blockquote>\n<p><strong>VOLTAGO<\/strong> In risposta ai parcheggi a Frassene &#8216; il problema\u00a0 \u00e8 un altro: non spazzano nemmeno il piazzale a 200 metri tra l&#8217;altro adibito ormai\u00a0 allo stoccaggio del\u00a0 legname\u00a0 post vaia, qui\u00a0 il vigile\u00e8\u00a0 molto attento nel far spostare le auto che peraltro non\u00a0 danno fastidio a nessuno. Dovrebbe forse anche\u00a0 far notare che essendo un piazzale comunale\u00a0 andrebbe pulito&#8230;. altro che 50 posti auto .<br \/>\nLuciano Murer.<\/p>\n<p><a href=\"https:\/\/www.radiopiu.net\/wordpress\/slavina-a-san-pietro-blackout-elettrici-con-criticita-maggiori-in-comelico-la-provincia-in-aiuto-alle-unioni-montane\/inkedimg_20210102_161017131_li\/\" rel=\"attachment wp-att-182777\"><img loading=\"lazy\" decoding=\"async\" class=\"alignnone  wp-image-182777\" src=\"https:\/\/www.radiopiu.net\/wordpress\/wp-content\/uploads\/2021\/01\/InkedIMG_20210102_161017131_LI-300x225.jpg\" alt=\"\" width=\"260\" height=\"195\" srcset=\"https:\/\/www.radiopiu.net\/wordpress\/wp-content\/uploads\/2021\/01\/InkedIMG_20210102_161017131_LI-300x225.jpg 300w, https:\/\/www.radiopiu.net\/wordpress\/wp-content\/uploads\/2021\/01\/InkedIMG_20210102_161017131_LI-1024x768.jpg 1024w, https:\/\/www.radiopiu.net\/wordpress\/wp-content\/uploads\/2021\/01\/InkedIMG_20210102_161017131_LI-768x576.jpg 768w, https:\/\/www.radiopiu.net\/wordpress\/wp-content\/uploads\/2021\/01\/InkedIMG_20210102_161017131_LI-1536x1152.jpg 1536w, https:\/\/www.radiopiu.net\/wordpress\/wp-content\/uploads\/2021\/01\/InkedIMG_20210102_161017131_LI-2048x1536.jpg 2048w\" sizes=\"auto, (max-width: 260px) 100vw, 260px\" \/><\/a><a href=\"https:\/\/www.radiopiu.net\/wordpress\/slavina-a-san-pietro-blackout-elettrici-con-criticita-maggiori-in-comelico-la-provincia-in-aiuto-alle-unioni-montane\/exif_jpeg_420\/\" rel=\"attachment wp-att-182776\"><img loading=\"lazy\" decoding=\"async\" class=\" wp-image-182776\" src=\"https:\/\/www.radiopiu.net\/wordpress\/wp-content\/uploads\/2021\/01\/IMG_20210102_160906203-225x300.jpg\" alt=\"\" width=\"147\" height=\"196\" srcset=\"https:\/\/www.radiopiu.net\/wordpress\/wp-content\/uploads\/2021\/01\/IMG_20210102_160906203-225x300.jpg 225w, https:\/\/www.radiopiu.net\/wordpress\/wp-content\/uploads\/2021\/01\/IMG_20210102_160906203-768x1024.jpg 768w, https:\/\/www.radiopiu.net\/wordpress\/wp-content\/uploads\/2021\/01\/IMG_20210102_160906203-1152x1536.jpg 1152w, https:\/\/www.radiopiu.net\/wordpress\/wp-content\/uploads\/2021\/01\/IMG_20210102_160906203-1536x2048.jpg 1536w, https:\/\/www.radiopiu.net\/wordpress\/wp-content\/uploads\/2021\/01\/IMG_20210102_160906203-scaled.jpg 1920w\" sizes=\"auto, (max-width: 147px) 100vw, 147px\" \/><\/a><\/p>\n<p>&nbsp;<\/p>\n<blockquote>\n<h3>CINQUE GIORNI FA ALLA RADIO&#8230;. PARCHEGGI A FRASSENE&#8217; PROBLEMI PER CHI SI OCCUPA DELLO SGOMBERO NEVE<\/h3>\n<\/blockquote>\n<p><strong><a class=\"dt-pswp-item\" href=\"https:\/\/www.radiopiu.net\/wordpress\/wp-content\/uploads\/2020\/12\/133599379_1903433846485497_3163134399857794117_n.jpg\" data-dt-img-description=\"\" data-large_image_width=\"152\" data-large_image_height=\"315\"><img loading=\"lazy\" decoding=\"async\" class=\"size-medium wp-image-181952 alignleft\" src=\"https:\/\/www.radiopiu.net\/wordpress\/wp-content\/uploads\/2020\/12\/133599379_1903433846485497_3163134399857794117_n-145x300.jpg\" alt=\"\" width=\"145\" height=\"300\" srcset=\"https:\/\/www.radiopiu.net\/wordpress\/wp-content\/uploads\/2020\/12\/133599379_1903433846485497_3163134399857794117_n-145x300.jpg 145w, https:\/\/www.radiopiu.net\/wordpress\/wp-content\/uploads\/2020\/12\/133599379_1903433846485497_3163134399857794117_n.jpg 152w\" sizes=\"auto, (max-width: 145px) 100vw, 145px\" \/><\/a><\/strong><\/p>\n<p>&nbsp;<\/p>\n<p><strong>VOLTAGO<\/strong> Riceviamo e volentieri pubblichiamo<\/p>\n<p>Un&#8217;importante segnalazione per la Polizia Locale e il Commissario della Prefettura facenti le funzioni del sindaco.<\/p>\n<div class=\"jn8vp64t l9j0dhe7 hpfvmrgz\">\n<div class=\"lzcic4wl\" tabindex=\"0\" role=\"gridcell\" data-scope=\"messages_table\" data-recover=\"true\">\n<div class=\"ni8dbmo4 stjgntxs g5ia77u1 ii04i59q\" data-testid=\"messenger_incoming_text_row\">\n<div class=\"l60d2q6s d1544ag0 sj5x9vvc tw6a2znq l9j0dhe7 ni8dbmo4 stjgntxs qlfml3jp inkptoze e72ty7fz qmr60zad jm1wdb64 qv66sw1b ljqsnud1 g6srhlxm odn2s2vf\">\n<blockquote>\n<div class=\"oo9gr5id\" dir=\"auto\"><strong>&#8220;Segnalo che nonostante divieto di sosta su tutto viale della Vittoria di Frassen\u00e9 Agordino in caso di neve c&#8217;\u00e8 chi si ostina a parcheggiare a lato strada mettendo in difficolt\u00e0 chi deve sgomberare la neve anche dal marciapiede. A 200 metri c \u00e8 un parcheggio con 50 posti almeno non lamentiamoci se non puliscono&#8221;<br \/>\n<\/strong>G.B._Frassene&#8217; di Voltago<\/div>\n<\/blockquote>\n<\/div>\n<\/div>\n<\/div>\n<\/div>\n<p>&nbsp;<\/p>\n<p>&nbsp;<\/p>\n<p>&nbsp;<\/p>\n<p>&nbsp;<\/p>\n<p>&nbsp;<\/p>\n<p>&nbsp;<\/p>\n","protected":false},"excerpt":{"rendered":"<p>&nbsp; VOLTAGO In risposta ai parcheggi a Frassene &#8216; il problema\u00a0 \u00e8 un altro: non spazzano nemmeno il piazzale a 200 metri tra l&#8217;altro adibito ormai\u00a0 allo stoccaggio del\u00a0 legname\u00a0 post vaia, qui\u00a0 il vigile\u00e8\u00a0 molto attento nel far spostare le auto che peraltro non\u00a0 danno fastidio a nessuno. Dovrebbe forse anche\u00a0 far notare che&hellip;<\/p>\n","protected":false},"author":4,"featured_media":182777,"comment_status":"closed","ping_status":"closed","sticky":false,"template":"","format":"standard","meta":{"_monsterinsights_skip_tracking":false,"_monsterinsights_sitenote_active":false,"_monsterinsights_sitenote_note":"","_monsterinsights_sitenote_category":0,"footnotes":""},"categories":[51,49],"tags":[],"class_list":["post-182808","post","type-post","status-publish","format-standard","has-post-thumbnail","hentry","category-evidenza-top","category-news-18","category-51","category-49","description-off"],"img_url":"https:\/\/www.radiopiu.net\/wordpress\/wp-content\/uploads\/2021\/01\/InkedIMG_20210102_161017131_LI-scaled.jpg","_links":{"self":[{"href":"https:\/\/www.radiopiu.net\/wordpress\/wp-json\/wp\/v2\/posts\/182808","targetHints":{"allow":["GET"]}}],"collection":[{"href":"https:\/\/www.radiopiu.net\/wordpress\/wp-json\/wp\/v2\/posts"}],"about":[{"href":"https:\/\/www.radiopiu.net\/wordpress\/wp-json\/wp\/v2\/types\/post"}],"author":[{"embeddable":true,"href":"https:\/\/www.radiopiu.net\/wordpress\/wp-json\/wp\/v2\/users\/4"}],"replies":[{"embeddable":true,"href":"https:\/\/www.radiopiu.net\/wordpress\/wp-json\/wp\/v2\/comments?post=182808"}],"version-history":[{"count":0,"href":"https:\/\/www.radiopiu.net\/wordpress\/wp-json\/wp\/v2\/posts\/182808\/revisions"}],"wp:featuredmedia":[{"embeddable":true,"href":"https:\/\/www.radiopiu.net\/wordpress\/wp-json\/wp\/v2\/media\/182777"}],"wp:attachment":[{"href":"https:\/\/www.radiopiu.net\/wordpress\/wp-json\/wp\/v2\/media?parent=182808"}],"wp:term":[{"taxonomy":"category","embeddable":true,"href":"https:\/\/www.radiopiu.net\/wordpress\/wp-json\/wp\/v2\/categories?post=182808"},{"taxonomy":"post_tag","embeddable":true,"href":"https:\/\/www.radiopiu.net\/wordpress\/wp-json\/wp\/v2\/tags?post=182808"}],"curies":[{"name":"wp","href":"https:\/\/api.w.org\/{rel}","templated":true}]}}