{"id":182855,"date":"2021-01-03T15:08:43","date_gmt":"2021-01-03T14:08:43","guid":{"rendered":"https:\/\/www.radiopiu.net\/wordpress\/?p=182855"},"modified":"2021-01-03T15:47:20","modified_gmt":"2021-01-03T14:47:20","slug":"i-sindaci-boccheggiano-il-maltempo-sballa-i-bilanci-adesso-servono-soldi","status":"publish","type":"post","link":"https:\/\/www.radiopiu.net\/wordpress\/i-sindaci-boccheggiano-il-maltempo-sballa-i-bilanci-adesso-servono-soldi\/","title":{"rendered":"I SINDACI BOCCHEGGIANO, IL MALTEMPO SBALLA I BILANCI ADESSO SERVONO SOLDI, ESERCITO IN COMELICO"},"content":{"rendered":"<p><strong>RADIOPIU<\/strong> La tregua concessa dal maltempo \u00e8 un lento ritorno alla normalit\u00e0. o quasi. Ci sono ancora tetti da spalare e passi da rendere transitabili. Ma il problema maggiore adesso sono i soldi, i sindaci sono stati di nuovo costretti a mettere mano ai bilanci, problema posto stamane in video conferenza con la Prefettura.<em> &#8220;I sindaci hanno sollevato il problema economico e, poich\u00e9 alle due videoconferenze era presente anche il Ministro D&#8217;Inc\u00e0, ci \u00e8 stato garantito il ristoro. \u00c8 stato dichiarato lo stato di crisi dal presidente della Regione Zaia che ha richiesto lo stato di emergenza nazionale&#8221;.\u00a0<\/em>precisa l&#8217;assessore alla Protezione Civile Gianpaolo Bottacin.\u00a0 A proposito di Protezione Civile, sono stati attivati tutti i volontari abilitati ai lavori in quota per rimozione neve dai tetti (in particolare Cnsas e Ana; questa operazione \u00e8 particolarmente delicata sia per il rischio infortuni sia per il rischio crollo se non viene eseguita secondo procedure specifiche) e squadre con attrezzatura per rimozione neve dalle strade. <em>&#8220;Il Capo Dipartimento ha attivato l&#8217;Esercito con destinazione Auronzo\/Comelico &#8211; conclude Bottacin &#8211;\u00a0 Idem il capo dipartimento VVF Lega con mezzi provenienti da Emilia e Lombardia. Per quanto riguarda il volontariato di PC ho chiesto supporto anche alla Provincia di Trento\u00a0 che ci invier\u00e0 una fresa e volontari abilitati a rimozione neve dai tetti&#8221;.<\/em><\/p>\n","protected":false},"excerpt":{"rendered":"<p>RADIOPIU La tregua concessa dal maltempo \u00e8 un lento ritorno alla normalit\u00e0. o quasi. Ci sono ancora tetti da spalare e passi da rendere transitabili. Ma il problema maggiore adesso sono i soldi, i sindaci sono stati di nuovo costretti a mettere mano ai bilanci, problema posto stamane in video conferenza con la Prefettura. &#8220;I&hellip;<\/p>\n","protected":false},"author":4,"featured_media":182796,"comment_status":"closed","ping_status":"closed","sticky":false,"template":"","format":"standard","meta":{"_monsterinsights_skip_tracking":false,"_monsterinsights_sitenote_active":false,"_monsterinsights_sitenote_note":"","_monsterinsights_sitenote_category":0,"footnotes":""},"categories":[1,51,49],"tags":[],"class_list":["post-182855","post","type-post","status-publish","format-standard","has-post-thumbnail","hentry","category-senza-categoria","category-evidenza-top","category-news-18","category-1","category-51","category-49","description-off"],"img_url":"https:\/\/www.radiopiu.net\/wordpress\/wp-content\/uploads\/2021\/01\/7237aadf-27f5-421a-a1ec-5cd921cb7cfe.jpg","_links":{"self":[{"href":"https:\/\/www.radiopiu.net\/wordpress\/wp-json\/wp\/v2\/posts\/182855","targetHints":{"allow":["GET"]}}],"collection":[{"href":"https:\/\/www.radiopiu.net\/wordpress\/wp-json\/wp\/v2\/posts"}],"about":[{"href":"https:\/\/www.radiopiu.net\/wordpress\/wp-json\/wp\/v2\/types\/post"}],"author":[{"embeddable":true,"href":"https:\/\/www.radiopiu.net\/wordpress\/wp-json\/wp\/v2\/users\/4"}],"replies":[{"embeddable":true,"href":"https:\/\/www.radiopiu.net\/wordpress\/wp-json\/wp\/v2\/comments?post=182855"}],"version-history":[{"count":0,"href":"https:\/\/www.radiopiu.net\/wordpress\/wp-json\/wp\/v2\/posts\/182855\/revisions"}],"wp:featuredmedia":[{"embeddable":true,"href":"https:\/\/www.radiopiu.net\/wordpress\/wp-json\/wp\/v2\/media\/182796"}],"wp:attachment":[{"href":"https:\/\/www.radiopiu.net\/wordpress\/wp-json\/wp\/v2\/media?parent=182855"}],"wp:term":[{"taxonomy":"category","embeddable":true,"href":"https:\/\/www.radiopiu.net\/wordpress\/wp-json\/wp\/v2\/categories?post=182855"},{"taxonomy":"post_tag","embeddable":true,"href":"https:\/\/www.radiopiu.net\/wordpress\/wp-json\/wp\/v2\/tags?post=182855"}],"curies":[{"name":"wp","href":"https:\/\/api.w.org\/{rel}","templated":true}]}}