{"id":182897,"date":"2021-01-03T19:17:04","date_gmt":"2021-01-03T18:17:04","guid":{"rendered":"https:\/\/www.radiopiu.net\/wordpress\/?p=182897"},"modified":"2021-01-04T07:44:40","modified_gmt":"2021-01-04T06:44:40","slug":"giornata-di-incontri-in-videoconferenza-per-il-prefetto-sergio-bracco","status":"publish","type":"post","link":"https:\/\/www.radiopiu.net\/wordpress\/giornata-di-incontri-in-videoconferenza-per-il-prefetto-sergio-bracco\/","title":{"rendered":"GIORNATA DI INCONTRI IN VIDEOCONFERENZA PER IL PREFETTO SERGIO BRACCO"},"content":{"rendered":"<p><strong><a href=\"https:\/\/www.radiopiu.net\/wordpress\/task-force-contro-gli-incivili-della-strada\/belluno_palazzo_rettori_prefettura\/\" rel=\"attachment wp-att-6463\"><img loading=\"lazy\" decoding=\"async\" class=\"size-medium wp-image-6463 alignleft\" src=\"https:\/\/www.radiopiu.net\/wordpress\/wp-content\/uploads\/2015\/06\/Belluno_palazzo_rettori_prefettura-300x225.jpg\" alt=\"\" width=\"300\" height=\"225\" \/><\/a>BELLUNO\u00a0 <\/strong>Il persistere di abbondanti precipitazioni nevose nei territori della parte alta della provincia, in particolare nella zona del Comelico, di Cibiana e della Val Zoldana, hanno causato criticit\u00e0 lungo la viabilit\u00e0 comunale e un sovraccarico di neve sulle coperture delle abitazioni. Il Prefetto, dr. Sergio Bracco, ha presieduto una riunione, in videoconferenza, alla quale hanno partecipato il Ministro per i Rapporti con il Parlamento Federico D\u2019Inc\u00e0, l\u2019Assessore Regionale alla Protezione Civile Gianpaolo Bottacin, il Presidente della Provincia, i Sindaci del Comelico, il Questore, il Comandante dei Vigili del Fuoco e i rappresentanti dei Carabinieri, della Guardia di Finanza, della Polizia Stradale e delle societ\u00e0 proprietarie delle strade. Successivamente vi \u00e8 stato un confronto con la Presidenza del Consiglio dei Ministri &#8211; Dipartimento della Protezione Civile &#8211; al termine del quale \u00e8 stato deciso di costituire, presso il Comune di Santo Stefano di Cadore, il Centro Operativo Misto. Il Prefetto si \u00e8 recato presso la sede del COM per incontrare i Sindaci, fare con loro il punto della situazione e pianificare le operazioni che prevedono l&#8217;intervento dei Vigili del Fuoco, dei militari dell\u2019Esercito, dei volontari della protezione civile nonch\u00e9 il supporto di Anas e Veneto Strade. In relazione a ci\u00f2, sono stati gi\u00e0 potenziati i sistemi di soccorso con rinforzi provenienti da altre Province e Regioni; tali dispositivi potranno essere rimodulati per l\u2019impiego in altre zone del territorio provinciale particolarmente interessate dall\u2019emergenza.<\/p>\n","protected":false},"excerpt":{"rendered":"<p>BELLUNO\u00a0 Il persistere di abbondanti precipitazioni nevose nei territori della parte alta della provincia, in particolare nella zona del Comelico, di Cibiana e della Val Zoldana, hanno causato criticit\u00e0 lungo la viabilit\u00e0 comunale e un sovraccarico di neve sulle coperture delle abitazioni. Il Prefetto, dr. Sergio Bracco, ha presieduto una riunione, in videoconferenza, alla quale&hellip;<\/p>\n","protected":false},"author":4,"featured_media":0,"comment_status":"closed","ping_status":"closed","sticky":false,"template":"","format":"standard","meta":{"_monsterinsights_skip_tracking":false,"_monsterinsights_sitenote_active":false,"_monsterinsights_sitenote_note":"","_monsterinsights_sitenote_category":0,"footnotes":""},"categories":[51,49],"tags":[],"class_list":["post-182897","post","type-post","status-publish","format-standard","hentry","category-evidenza-top","category-news-18","category-51","category-49","description-off"],"img_url":false,"_links":{"self":[{"href":"https:\/\/www.radiopiu.net\/wordpress\/wp-json\/wp\/v2\/posts\/182897","targetHints":{"allow":["GET"]}}],"collection":[{"href":"https:\/\/www.radiopiu.net\/wordpress\/wp-json\/wp\/v2\/posts"}],"about":[{"href":"https:\/\/www.radiopiu.net\/wordpress\/wp-json\/wp\/v2\/types\/post"}],"author":[{"embeddable":true,"href":"https:\/\/www.radiopiu.net\/wordpress\/wp-json\/wp\/v2\/users\/4"}],"replies":[{"embeddable":true,"href":"https:\/\/www.radiopiu.net\/wordpress\/wp-json\/wp\/v2\/comments?post=182897"}],"version-history":[{"count":0,"href":"https:\/\/www.radiopiu.net\/wordpress\/wp-json\/wp\/v2\/posts\/182897\/revisions"}],"wp:attachment":[{"href":"https:\/\/www.radiopiu.net\/wordpress\/wp-json\/wp\/v2\/media?parent=182897"}],"wp:term":[{"taxonomy":"category","embeddable":true,"href":"https:\/\/www.radiopiu.net\/wordpress\/wp-json\/wp\/v2\/categories?post=182897"},{"taxonomy":"post_tag","embeddable":true,"href":"https:\/\/www.radiopiu.net\/wordpress\/wp-json\/wp\/v2\/tags?post=182897"}],"curies":[{"name":"wp","href":"https:\/\/api.w.org\/{rel}","templated":true}]}}