{"id":182929,"date":"2021-01-05T05:53:39","date_gmt":"2021-01-05T04:53:39","guid":{"rendered":"https:\/\/www.radiopiu.net\/wordpress\/?p=182929"},"modified":"2021-01-05T08:28:20","modified_gmt":"2021-01-05T07:28:20","slug":"giornale-radiopiu-05-gennaio-2021-direttore-mirko-mezzacasa","status":"publish","type":"post","link":"https:\/\/www.radiopiu.net\/wordpress\/giornale-radiopiu-05-gennaio-2021-direttore-mirko-mezzacasa\/","title":{"rendered":"GIORNALE RADIOPIU 05 GENNAIO 2021 DIRETTORE MIRKO MEZZACASA"},"content":{"rendered":"<h3>PER<strong> RICEVERE QUESTO NOTIZIARIO DIRETTAMENTE SUL TUO CELLULARE ISCRIVITI AL CANALE TELEGRAM <\/strong><strong>\u201cRADIO PIU\u00a0 INFORMAZIONE&#8221;<\/strong><\/h3>\n<p><em>ATTENZIONE: LA NUOVA APP PER IOS-IPHONE<\/em><\/p>\n<div>\n<div><a href=\"https:\/\/apps.apple.com\/it\/app\/radio-pi%C3%B9-emittente-agordina\/id1515939845\">https:\/\/apps.apple.com\/it\/app\/radio-pi%C3%B9-emittente-agordina\/id1515939845<\/a><\/div>\n<\/div>\n<div><\/div>\n<div>\n<div dir=\"auto\"><em>ATTENZIONE: LA NUOVA APP RADIO\u00a0 PER ANDROID<\/em><\/div>\n<\/div>\n<p><a href=\"https:\/\/play.google.com\/store\/apps\/details?id=net.radiopiu.iniko\" target=\"_blank\" rel=\"noopener noreferrer\">https:\/\/play.google.com\/store\/apps\/details?id=net.radiopiu.iniko\u00a0\u00a0\u00a0<\/a><\/p>\n<p>&nbsp;<\/p>\n<hr \/>\n<div class=\"page-title title-left solid-bg breadcrumbs-mobile-off page-title-responsive-enabled\">\n<div class=\"wf-wrap\">\n<div class=\"page-title-head hgroup\">\n<h1 class=\"entry-title\"><\/h1>\n<h1 class=\"entry-title\">FALZAREGO DURAN E VALLES RIAPERTI<\/h1>\n<\/div>\n<div class=\"page-title-breadcrumbs\">\n<p>Riapertura dei seguenti tratti stradali: <strong>S.R. 48 \u201c<\/strong>delle Dolomiti\u201d PASSO FALZAREGO (lato Arabba)- Pian di Falzarego) <strong>S.P. 30<\/strong> \u201cPanoramica del Comelico\u201d\u00a0 <strong>S.R. 355 \u201c<\/strong>di Val Degano\u201d\u00a0 <strong>-S.P. 347 \u201c<\/strong>del Passo Cereda e Duran\u201d loc. La Valle- loc. Le Vare); <strong>S.P. 25<\/strong> \u201cdel Passo Valles\u201d bivio Passo S. Pellegrino-Confine Provinciale; <strong>S.R. 49<\/strong> \u201cdi Misurina\u201d<\/p>\n<blockquote>\n<h3>&#8220;NON CI POSSO CREDERE&#8221; &#8230;. ERA ANCORA INQUINATA e poi i sindaci parlano di aumentare le bollette per migliorare il servizio. Alla faccia del miglioramento&#8230;<\/h3>\n<\/blockquote>\n<div class=\"moz-text-html\" lang=\"x-unicode\">Gestione Servizi Pubblici informa che a SAN TOMASO AGORDINO in LOC. ROI, l&#8217;acqua erogata dall&#8217;acquedotto \u00e8 di nuovo potabile e pu\u00f2 essere usata, quindi, per scopi alimentari.<\/div>\n<div lang=\"x-unicode\"><\/div>\n<p>&nbsp;<\/p>\n<\/div>\n<\/div>\n<\/div>\n<hr \/>\n<p>&nbsp;<\/p>\n<p>&nbsp;<\/p>\n<blockquote>\n<h3>LUTTO A BELLUNO, E&#8217; MORTO &#8220;TENO&#8221;<\/h3>\n<p><strong><a href=\"https:\/\/www.radiopiu.net\/wordpress\/giornale-radiopiu-05-gennaio-2021-direttore-mirko-mezzacasa\/bristot\/\" rel=\"attachment wp-att-183210\"><img loading=\"lazy\" decoding=\"async\" class=\" wp-image-183210 alignleft\" src=\"https:\/\/www.radiopiu.net\/wordpress\/wp-content\/uploads\/2021\/01\/Bristot-300x260.jpg\" alt=\"\" width=\"200\" height=\"173\" srcset=\"https:\/\/www.radiopiu.net\/wordpress\/wp-content\/uploads\/2021\/01\/Bristot-300x260.jpg 300w, https:\/\/www.radiopiu.net\/wordpress\/wp-content\/uploads\/2021\/01\/Bristot.jpg 414w\" sizes=\"auto, (max-width: 200px) 100vw, 200px\" \/><\/a>\u00abUn dispiacere immenso. Il suo sorriso non potr\u00e0 essere mai dimenticato\u00bb<\/strong><\/p><\/blockquote>\n<p>Belluno \u00e8 in lutto per la prematura scomparsa di Stefano Bristot. <em>\u00abGrazie Stefano, Amico e Collega, per averci dato disponibilit\u00e0, energia, schiettezza; per il tempo laborioso, sincero e spensierato che abbiamo avuto la fortuna di poter condividere. Abbracciamo i tuoi cari e, faticosamente, ci consoliamo con il tuo sorriso\u00bb<\/em>.\u00a0 Lo hanno scritto con il cuore\u00a0 i colleghi del Consorzio Belluno Centro Storico, di cui Bristot era stato presidente. Poco pi\u00f9 che sessantenne, stava lottando contro il Covid-19.\u00a0 Bristot era imprenditore nel settore dell\u2019abbigliamento, volto noto in citt\u00e0 e non solo.<\/p>\n<p>&nbsp;<\/p>\n<hr \/>\n<blockquote>\n<h3><\/h3>\n<h3>MORTE MAURO DE SILVESTRO \u2013 BERTON: \u201cSE NE VA UN PEZZO IMPORTANTE DELL\u2019OCCHIALERIA DEL CADORE. UN GRANDE UOMO\u201d<\/h3>\n<\/blockquote>\n<p><strong><a href=\"https:\/\/www.radiopiu.net\/wordpress\/giornale-radiopiu-05-gennaio-2021-direttore-mirko-mezzacasa\/1502302_633556636767271_7571878535203160777_o\/\" rel=\"attachment wp-att-183233\"><img loading=\"lazy\" decoding=\"async\" class=\" wp-image-183233 alignleft\" src=\"https:\/\/www.radiopiu.net\/wordpress\/wp-content\/uploads\/2021\/01\/1502302_633556636767271_7571878535203160777_o-300x300.jpg\" alt=\"\" width=\"211\" height=\"211\" srcset=\"https:\/\/www.radiopiu.net\/wordpress\/wp-content\/uploads\/2021\/01\/1502302_633556636767271_7571878535203160777_o-300x300.jpg 300w, https:\/\/www.radiopiu.net\/wordpress\/wp-content\/uploads\/2021\/01\/1502302_633556636767271_7571878535203160777_o-150x150.jpg 150w, https:\/\/www.radiopiu.net\/wordpress\/wp-content\/uploads\/2021\/01\/1502302_633556636767271_7571878535203160777_o.jpg 395w\" sizes=\"auto, (max-width: 211px) 100vw, 211px\" \/><\/a>BELLUNO <\/strong>\u201c<em>Con Mauro De Silvestro se ne va un pezzo importante dell\u2019occhialeria del Cadore, oltre a un amico leale e sincero, un grande uomo e padre di famiglia. Ci mancher\u00e0 moltissimo<\/em>\u201d. Cos\u00ec Lorraine Berton, presidente di Confindustria Belluno Dolomiti, ricorda Mauro De Silvestro, per decenni professionista apprezzatissimo nel settore dell\u2019eyewear. Per decenni De Silvestro ha lavorato nella fabbrica di famiglia, la Desil di Domegge, realt\u00e0 specializzata nella produzione di occhiali in laminato d\u2019oro e tra le pi\u00f9 importanti del comparto negli anni Ottanta e Novanta. \u201c<em>Mauro seguiva l\u2019area commerciale con grande dedizione e passione, ma soprattutto con una competenza rara, tutte qualit\u00e0 che poi port\u00f2 avanti come libero professionista, sempre nel campo dell\u2019occhiale, dove era sempre ascoltato e apprezzato anche per le sue innegabili doti umane, la sua affabilit\u00e0 ed empatia<\/em>\u201d, ricorda Berton. \u201c<em>Persone come Mauro, al di l\u00e0 della retorica, sono esempi per le nuove generazioni, chiamate a portare avanti l\u2019arte dell\u2019occhialeria e preservare il vero Made in Italy<\/em>\u201d. I funerali di Mauro De Silvestro, 76 anni, si terranno marted\u00ec 5 gennaio alle 11 nella chiesa di San Vigilio a Vallesella. \u201c<em>Un abbraccio alla moglie e ai figli. Sono convinta che il ricordo di Mauro rimarr\u00e0 sempre vivo in ciascuno di noi<\/em>\u201d, la conclusione di Berton.<\/p>\n<p>&nbsp;<\/p>\n<p>&nbsp;<\/p>\n<hr \/>\n<h3><a href=\"https:\/\/www.radiopiu.net\/wordpress\/giornale-radiopiu-05-gennaio-2021-direttore-mirko-mezzacasa\/135201591_399850537739766_3895168709724061843_o\/\" rel=\"attachment wp-att-183084\"><img loading=\"lazy\" decoding=\"async\" class=\"size-medium wp-image-183084 alignleft\" src=\"https:\/\/www.radiopiu.net\/wordpress\/wp-content\/uploads\/2021\/01\/135201591_399850537739766_3895168709724061843_o-300x169.jpg\" alt=\"\" width=\"300\" height=\"169\" srcset=\"https:\/\/www.radiopiu.net\/wordpress\/wp-content\/uploads\/2021\/01\/135201591_399850537739766_3895168709724061843_o-300x169.jpg 300w, https:\/\/www.radiopiu.net\/wordpress\/wp-content\/uploads\/2021\/01\/135201591_399850537739766_3895168709724061843_o-768x432.jpg 768w, https:\/\/www.radiopiu.net\/wordpress\/wp-content\/uploads\/2021\/01\/135201591_399850537739766_3895168709724061843_o.jpg 960w\" sizes=\"auto, (max-width: 300px) 100vw, 300px\" \/><\/a>LEZIONI PUBBLICHE&#8230;<\/h3>\n<p><em>Senza tanti campanilismi, anca la piazzetta de Valcozzena da sempre la vien netada a man senza macchinari, na olta se era anca noi in diversi ades sempre manco, in doi persone per\u00f2 risultato nol manca\u00a0 <\/em>\u00a0<strong>Valter Farenzena<\/strong><\/p>\n<h3><\/h3>\n<h3>I VOLONTARI DI PARECH<\/h3>\n<p><a href=\"https:\/\/www.radiopiu.net\/wordpress\/giornale-radiopiu-05-gennaio-2021-direttore-mirko-mezzacasa\/4248a09d-3873-4ec0-804a-909cd3ed0823\/\" rel=\"attachment wp-att-183085\"><img loading=\"lazy\" decoding=\"async\" class=\"alignnone wp-image-183085\" src=\"https:\/\/www.radiopiu.net\/wordpress\/wp-content\/uploads\/2021\/01\/4248a09d-3873-4ec0-804a-909cd3ed0823-300x169.jpg\" alt=\"\" width=\"305\" height=\"172\" srcset=\"https:\/\/www.radiopiu.net\/wordpress\/wp-content\/uploads\/2021\/01\/4248a09d-3873-4ec0-804a-909cd3ed0823-300x169.jpg 300w, https:\/\/www.radiopiu.net\/wordpress\/wp-content\/uploads\/2021\/01\/4248a09d-3873-4ec0-804a-909cd3ed0823-1024x576.jpg 1024w, https:\/\/www.radiopiu.net\/wordpress\/wp-content\/uploads\/2021\/01\/4248a09d-3873-4ec0-804a-909cd3ed0823-768x432.jpg 768w, https:\/\/www.radiopiu.net\/wordpress\/wp-content\/uploads\/2021\/01\/4248a09d-3873-4ec0-804a-909cd3ed0823-1536x864.jpg 1536w, https:\/\/www.radiopiu.net\/wordpress\/wp-content\/uploads\/2021\/01\/4248a09d-3873-4ec0-804a-909cd3ed0823.jpg 1920w\" sizes=\"auto, (max-width: 305px) 100vw, 305px\" \/><\/a><\/p>\n<p>&nbsp;<\/p>\n<hr \/>\n<blockquote>\n<h3><\/h3>\n<h3>DILLO A RADIO PIU&#8230; ATTENDIAMO LA RIAPERTURA ANCHE DELLA NOSTRA STRADA<\/h3>\n<\/blockquote>\n<p><strong>Riceviamo e volentieri pubblichiamo<\/strong><\/p>\n<p>Abbiamo atteso pazientemente dal 30 dicembre fino a stamattina, lo sgombero neve del tratto di strada che dalla piazzetta di Farenzena va verso il civico 26. Stamattina ci e&#8217; stata gentilmente promessa la riapertura per la giornata di oggi, ma ancora niente. Nel pomeriggio un mezzo comunale \u00e8\u00a0 arrivato di nuovo fin solo sulla piazzetta&#8230;<\/p>\n<p>Nella Farenzena e Damiano Farenzena<\/p>\n\n\t\t\t<style type='text\/css'>\n\t\t\t\t#gallery-1 {\n\t\t\t\t\tmargin: auto;\n\t\t\t\t}\n\t\t\t\t#gallery-1 .gallery-item {\n\t\t\t\t\tfloat: left;\n\t\t\t\t\tmargin-top: 10px;\n\t\t\t\t\ttext-align: center;\n\t\t\t\t\twidth: 33%;\n\t\t\t\t}\n\t\t\t\t#gallery-1 img {\n\t\t\t\t\tborder: 2px solid #cfcfcf;\n\t\t\t\t}\n\t\t\t\t#gallery-1 .gallery-caption {\n\t\t\t\t\tmargin-left: 0;\n\t\t\t\t}\n\t\t\t\t\/* see gallery_shortcode() in wp-includes\/media.php *\/\n\t\t\t<\/style>\n\t\t<div id='gallery-1' class='dt-gallery-container gallery galleryid-182929 gallery-columns-3 gallery-size-thumbnail'><dl class='gallery-item'>\n\t\t\t\t<dt class='gallery-icon portrait'>\n\t\t\t\t\t<a class=\"rollover rollover-zoom dt-pswp-item\" title=\"42dae544-afad-4c5a-aeb8-15fc6a16289c\" data-dt-img-description=\"\" data-large_image_width=\"1150\" data-large_image_height=\"2048\"href='https:\/\/www.radiopiu.net\/wordpress\/wp-content\/uploads\/2021\/01\/42dae544-afad-4c5a-aeb8-15fc6a16289c-1.jpg'><img loading=\"lazy\" decoding=\"async\" width=\"150\" height=\"150\" src=\"https:\/\/www.radiopiu.net\/wordpress\/wp-content\/uploads\/2021\/01\/42dae544-afad-4c5a-aeb8-15fc6a16289c-1-150x150.jpg\" class=\"attachment-thumbnail size-thumbnail\" alt=\"\" \/><\/a>\n\t\t\t\t<\/dt><\/dl><dl class='gallery-item'>\n\t\t\t\t<dt class='gallery-icon portrait'>\n\t\t\t\t\t<a class=\"rollover rollover-zoom dt-pswp-item\" title=\"39cd72f8-6843-426e-90fb-081d43f3fcd0\" data-dt-img-description=\"\" data-large_image_width=\"1150\" data-large_image_height=\"2048\"href='https:\/\/www.radiopiu.net\/wordpress\/wp-content\/uploads\/2021\/01\/39cd72f8-6843-426e-90fb-081d43f3fcd0-1.jpg'><img loading=\"lazy\" decoding=\"async\" width=\"150\" height=\"150\" src=\"https:\/\/www.radiopiu.net\/wordpress\/wp-content\/uploads\/2021\/01\/39cd72f8-6843-426e-90fb-081d43f3fcd0-1-150x150.jpg\" class=\"attachment-thumbnail size-thumbnail\" alt=\"\" \/><\/a>\n\t\t\t\t<\/dt><\/dl><dl class='gallery-item'>\n\t\t\t\t<dt class='gallery-icon portrait'>\n\t\t\t\t\t<a class=\"rollover rollover-zoom dt-pswp-item\" title=\"f25f2887-0405-4c46-b260-80a41eab15ee\" data-dt-img-description=\"\" data-large_image_width=\"1150\" data-large_image_height=\"2048\"href='https:\/\/www.radiopiu.net\/wordpress\/wp-content\/uploads\/2021\/01\/f25f2887-0405-4c46-b260-80a41eab15ee-1.jpg'><img loading=\"lazy\" decoding=\"async\" width=\"150\" height=\"150\" src=\"https:\/\/www.radiopiu.net\/wordpress\/wp-content\/uploads\/2021\/01\/f25f2887-0405-4c46-b260-80a41eab15ee-1-150x150.jpg\" class=\"attachment-thumbnail size-thumbnail\" alt=\"\" \/><\/a>\n\t\t\t\t<\/dt><\/dl><br style=\"clear: both\" \/>\n\t\t\t<\/div>\n\n<p>&nbsp;<\/p>\n<p>&nbsp;<\/p>\n<p>&nbsp;<\/p>\n<hr \/>\n<blockquote>\n<h3><a href=\"https:\/\/www.radiopiu.net\/wordpress\/giornale-radiopiu-05-gennaio-2021-direttore-mirko-mezzacasa\/135739707_898702280669376_4885475398000405436_n\/\" rel=\"attachment wp-att-183087\"><img loading=\"lazy\" decoding=\"async\" class=\"size-medium wp-image-183087 alignleft\" src=\"https:\/\/www.radiopiu.net\/wordpress\/wp-content\/uploads\/2021\/01\/135739707_898702280669376_4885475398000405436_n-201x300.jpg\" alt=\"\" width=\"201\" height=\"300\" srcset=\"https:\/\/www.radiopiu.net\/wordpress\/wp-content\/uploads\/2021\/01\/135739707_898702280669376_4885475398000405436_n-201x300.jpg 201w, https:\/\/www.radiopiu.net\/wordpress\/wp-content\/uploads\/2021\/01\/135739707_898702280669376_4885475398000405436_n.jpg 402w\" sizes=\"auto, (max-width: 201px) 100vw, 201px\" \/><\/a>DAI POMPIERI VOLONTARI DI COLLE SANTA LUCIA<\/h3>\n<\/blockquote>\n<p>A causa delle abbondanti nevicate degli ultimi giorni, chiediamo aiuto a tutta la popolazione di Colle Santa Lucia (residenti e villeggianti), per liberare gli idranti parzialmente o completamente coperti dalla neve permettendo cos\u00ec un pi\u00f9 rapido accesso alle nostre autopompe in caso di necessit\u00e0.<\/p>\n<p>&nbsp;<\/p>\n<p>&nbsp;<\/p>\n<p>&nbsp;<\/p>\n<p>&nbsp;<\/p>\n<p>&nbsp;<\/p>\n<p>&nbsp;<\/p>\n<p>&nbsp;<\/p>\n<p>&nbsp;<\/p>\n<hr \/>\n<h3><\/h3>\n<blockquote>\n<h3>SCI DI FONDO NELLA CAMPAGNA DI AGORDO<\/h3>\n<\/blockquote>\n<p><strong>AGORDO<\/strong> C&#8217;era una volta Agordo con tanta neve, le piste aperte sul Col di Foglia dove funzionava lo skilift, le piste da fondo da La Valle Agordina alla Valle di San Lucano, le gare con gli sciatori trainati dalle auto attorno al Broi. C&#8217;era una volta, ma poi con il tempo la neve si \u00e8 fatta solo desiderare, fino a qualche giorno fa quando \u00e8 tornata la nevicata di allora. Qualcuno&#8230; ha avuto la bella idea di &#8220;battere&#8221; una pista di fondo negli immensi prati della Conca. Un bel ritorno al passato con i complimenti a chi l&#8217;idea l&#8217;ha avuta<\/p>\n<h3><a href=\"https:\/\/www.radiopiu.net\/wordpress\/giornale-radiopiu-05-gennaio-2021-direttore-mirko-mezzacasa\/135557629_3589851994464093_5325426035391526050_o\/\" rel=\"attachment wp-att-183086\"><img loading=\"lazy\" decoding=\"async\" class=\"wp-image-183086 alignleft\" src=\"https:\/\/www.radiopiu.net\/wordpress\/wp-content\/uploads\/2021\/01\/135557629_3589851994464093_5325426035391526050_o-259x300.jpg\" alt=\"\" width=\"150\" height=\"174\" srcset=\"https:\/\/www.radiopiu.net\/wordpress\/wp-content\/uploads\/2021\/01\/135557629_3589851994464093_5325426035391526050_o-259x300.jpg 259w, https:\/\/www.radiopiu.net\/wordpress\/wp-content\/uploads\/2021\/01\/135557629_3589851994464093_5325426035391526050_o.jpg 518w\" sizes=\"auto, (max-width: 150px) 100vw, 150px\" \/><\/a><\/h3>\n<p>&nbsp;<\/p>\n<p>&nbsp;<\/p>\n<p>&nbsp;<\/p>\n<p>&nbsp;<\/p>\n<p>&nbsp;<\/p>\n<p>&nbsp;<\/p>\n<p>&nbsp;<\/p>\n<p>&nbsp;<\/p>\n<p>&nbsp;<\/p>\n<hr \/>\n<blockquote>\n<h3><a href=\"https:\/\/www.radiopiu.net\/wordpress\/giornale-radiopiu-05-gennaio-2021-direttore-mirko-mezzacasa\/90106d12-5419-4442-9ac9-25d9c297e554\/\" rel=\"attachment wp-att-183208\"><img loading=\"lazy\" decoding=\"async\" class=\" wp-image-183208 alignleft\" src=\"https:\/\/www.radiopiu.net\/wordpress\/wp-content\/uploads\/2021\/01\/90106d12-5419-4442-9ac9-25d9c297e554-225x300.jpg\" alt=\"\" width=\"167\" height=\"223\" srcset=\"https:\/\/www.radiopiu.net\/wordpress\/wp-content\/uploads\/2021\/01\/90106d12-5419-4442-9ac9-25d9c297e554-225x300.jpg 225w, https:\/\/www.radiopiu.net\/wordpress\/wp-content\/uploads\/2021\/01\/90106d12-5419-4442-9ac9-25d9c297e554-768x1024.jpg 768w, https:\/\/www.radiopiu.net\/wordpress\/wp-content\/uploads\/2021\/01\/90106d12-5419-4442-9ac9-25d9c297e554-1152x1536.jpg 1152w, https:\/\/www.radiopiu.net\/wordpress\/wp-content\/uploads\/2021\/01\/90106d12-5419-4442-9ac9-25d9c297e554.jpg 1200w\" sizes=\"auto, (max-width: 167px) 100vw, 167px\" \/><\/a><\/h3>\n<h3>LA BELLA NOTIZIA DA MARGHERITA&#8230; LA PROMOTRICE<\/h3>\n<\/blockquote>\n<p>Grazie a tutti coloro che hanno accolto la proposta di noi giovani e hanno fatto s\u00ec che l&#8217;iniziativa della raccolta di Natale potesse concretizzarsi. Oggi abbiamo fatto pervenire all&#8217;associazione San Martino tutto il materiale raccolto. Speriamo che questo piccolo gesto possa avere un seguito. Un&#8217;iniziativa dei giovani dell&#8217;Agordino a ridosso del Natale, con punti di raccolta a Vallada, Alleghe ed Agordo. I giovani si son fatti promotori presso i loro amici e coetanei di questo gesto che potesse scaldare un poco il cuore ai destinatari della preziosa e silenziosa azione dell&#8217;assoziazione San Martino di Agordo<\/p>\n<p>&nbsp;<\/p>\n<hr \/>\n<p>&nbsp;<\/p>\n<p>&nbsp;<\/p>\n<blockquote>\n<h3><a href=\"https:\/\/www.radiopiu.net\/wordpress\/giornale-radiopiu-16-settembre-2019-direttore-mirko-mezzacasa\/alleghe-4-2\/\" rel=\"attachment wp-att-98738\"><img loading=\"lazy\" decoding=\"async\" class=\" wp-image-98738 alignleft\" src=\"https:\/\/www.radiopiu.net\/wordpress\/wp-content\/uploads\/2019\/09\/alleghe-4-300x192.jpg\" alt=\"\" width=\"250\" height=\"160\" srcset=\"https:\/\/www.radiopiu.net\/wordpress\/wp-content\/uploads\/2019\/09\/alleghe-4-300x192.jpg 300w, https:\/\/www.radiopiu.net\/wordpress\/wp-content\/uploads\/2019\/09\/alleghe-4-768x492.jpg 768w, https:\/\/www.radiopiu.net\/wordpress\/wp-content\/uploads\/2019\/09\/alleghe-4-1024x657.jpg 1024w, https:\/\/www.radiopiu.net\/wordpress\/wp-content\/uploads\/2019\/09\/alleghe-4.jpg 1480w\" sizes=\"auto, (max-width: 250px) 100vw, 250px\" \/><\/a>11 GENNAIO, L&#8217;ANNIVERSARIO 250 ANNI DOPO<\/h3>\n<\/blockquote>\n<p><strong>ALLEGHE\u00a0<\/strong> L&#8217; 11 gennaio ricorrono I 250 della frana del monte Piz che travolse 3 villaggi e caus\u00f2 49. Vittime. Lo sbarramento del Cordevole, causato dalla frana genero&#8217; l&#8217;attuale lago ma sommerse altri villaggi. <em>&#8220;Auspicavo &#8211; dice il sindaco di Alleghe Danilo De Toni &#8211;\u00a0 di poter celebrare l&#8217;evento con un convegno in sala Franceschini, con la partecipazione di scrittori, geologi, storici ma la pandemia ci vede costretti a rimandare tutto a maggio data della seconda frana, auspicando che per allora l&#8217;emergenza Covid sia cessata&#8221;<\/em><\/p>\n<p>&nbsp;<\/p>\n<p>&nbsp;<\/p>\n<hr \/>\n<p>&nbsp;<\/p>\n<blockquote>\n<h2>LA STRETTA DOPO LE FESTE. COME SARA&#8217; NELLA PROVINCIA PIU&#8217; INFETTATA D&#8217;ITALIA ALLA VIGILIA DELLA TERZA ONDATA?<\/h2>\n<\/blockquote>\n<p>Si mette male, si mette molto male altro\u00a0 che giallo plus&#8230;In Veneto il virus sta forse sfuggendo al controllo? Crescono i ricoveri nelle terapie intensive e l&#8217;Italia consegna a Belluno una maglia di colore nero con un potente richiamo: <em>&#8220;Siete la Provincia in testa alla classifica per l&#8217;incidenza dei positivi&#8221;.\u00a0<\/em>Da Venezia un primo dictat: scuole superiori chiuse fino al 31 gennaio, quindi giovedi nessun rientro in classe anche se contenuto al 50%. Stessa revoca adottata ieri sera anche dalla Regione Friuli Venezia Giulia. La scelta della Regione riguarda solo le superiori mentre gli studenti dell&#8217;asilo, elementari e medie potranno circolare regolarmente tra mezzi di trasporto e aule chiuse pur non avendo l&#8217;auspicata immunit\u00e0.\u00a0 Ma allora siamo proprio certi che sia la scuola (in questo caso solo le superiori) il centro della diffusione? O sta diventando troppo facilmente il capro espiatorio? Lorella Benvegn\u00f9 sindacalista della Cisl Scuola ribadisce che il rientro va comunque semmai deciso dalle autorit\u00e0 competenti che non \u00e8 certo il politico di turno.\u00a0 Azienda Zero dichiara guerra ai furbetti, i positivi che forniscono falsi numeri di telefono per evitare i controlli, poi ci sono coloro che manco rispondono al telefono forse perch\u00e9 oltre le mura domestiche. Partiranno le segnalazioni agli organi competenti per fermare gli &#8220;untori&#8221;. Per il trentesimo giorno il Veneto \u00e8 la Regione italiana con il maggiore numero di nuovi contagi nelle 24 ore. Ieri 2386 nuovi postiivi (335 in meno nel totale dei positivi rispetto a domenica) ma \u00e8 anche vero che 112 di questi 335 sono persone decedute che portano il totale a 6921, in calo i ricoveri in ospedale e in terapia intensiva, diversamente dalla provincia bellunese dove invece il numero di pazienti ai respiratori \u00e8 in graduale aumento. In Provincia di Belluno, la pi\u00f9 infettata con incidenza dei contagi al 7,52%, peggio anche di Treviso (5,94) anche ieri ha messo in evidenza 6 decessi, 155 positivi, 115 degenti in ospedale, 16 in terapia intensiva, gli attualmente contagiati sono 4232, oltre 10mila i guariti.<\/p>\n<hr \/>\n<p>&nbsp;<\/p>\n<h1><strong><span style=\"color: #ff0000;\">ULTIM&#8217;ORA<\/span><\/strong><\/h1>\n<p><a href=\"https:\/\/www.radiopiu.net\/wordpress\/giornale-radiopiu-05-gennaio-2021-direttore-mirko-mezzacasa\/93d56db6-430e-425f-8ec1-f94f0209fc6e\/\" rel=\"attachment wp-att-183237\"><img loading=\"lazy\" decoding=\"async\" class=\"alignnone wp-image-183237 size-full\" src=\"https:\/\/www.radiopiu.net\/wordpress\/wp-content\/uploads\/2021\/01\/93d56db6-430e-425f-8ec1-f94f0209fc6e.jpg\" alt=\"\" width=\"690\" height=\"800\" srcset=\"https:\/\/www.radiopiu.net\/wordpress\/wp-content\/uploads\/2021\/01\/93d56db6-430e-425f-8ec1-f94f0209fc6e.jpg 690w, https:\/\/www.radiopiu.net\/wordpress\/wp-content\/uploads\/2021\/01\/93d56db6-430e-425f-8ec1-f94f0209fc6e-259x300.jpg 259w\" sizes=\"auto, (max-width: 690px) 100vw, 690px\" \/><\/a><\/p>\n<hr \/>\n<p>&nbsp;<\/p>\n<p><a class=\"dt-pswp-item\" href=\"https:\/\/www.radiopiu.net\/wordpress\/wp-content\/uploads\/2021\/01\/0f6a425d-14b5-47a0-9671-def9b34ecfcf.jpg\" data-dt-img-description=\"\" data-large_image_width=\"588\" data-large_image_height=\"356\"><img loading=\"lazy\" decoding=\"async\" class=\"alignnone wp-image-183258 size-full\" src=\"https:\/\/www.radiopiu.net\/wordpress\/wp-content\/uploads\/2021\/01\/0f6a425d-14b5-47a0-9671-def9b34ecfcf.jpg\" alt=\"\" width=\"588\" height=\"356\" srcset=\"https:\/\/www.radiopiu.net\/wordpress\/wp-content\/uploads\/2021\/01\/0f6a425d-14b5-47a0-9671-def9b34ecfcf.jpg 588w, https:\/\/www.radiopiu.net\/wordpress\/wp-content\/uploads\/2021\/01\/0f6a425d-14b5-47a0-9671-def9b34ecfcf-300x182.jpg 300w\" sizes=\"auto, (max-width: 588px) 100vw, 588px\" \/><\/a><\/p>\n<p><a class=\"dt-pswp-item\" href=\"https:\/\/www.radiopiu.net\/wordpress\/wp-content\/uploads\/2021\/01\/376682a4-367e-4e9d-8996-5d368e86718f.jpg\" data-dt-img-description=\"\" data-large_image_width=\"642\" data-large_image_height=\"360\"><img loading=\"lazy\" decoding=\"async\" class=\"alignnone wp-image-183260 \" src=\"https:\/\/www.radiopiu.net\/wordpress\/wp-content\/uploads\/2021\/01\/376682a4-367e-4e9d-8996-5d368e86718f.jpg\" alt=\"\" width=\"589\" height=\"330\" srcset=\"https:\/\/www.radiopiu.net\/wordpress\/wp-content\/uploads\/2021\/01\/376682a4-367e-4e9d-8996-5d368e86718f.jpg 642w, https:\/\/www.radiopiu.net\/wordpress\/wp-content\/uploads\/2021\/01\/376682a4-367e-4e9d-8996-5d368e86718f-300x168.jpg 300w\" sizes=\"auto, (max-width: 589px) 100vw, 589px\" \/><\/a><\/p>\n<p><span style=\"color: #ff0000;\"><strong>I SINDACI CHE INFORMANO, situazione covid19<\/strong><\/span><\/p>\n<p><strong>ALLEGHE<\/strong> 29 positivi 40 in isolamento, <strong>TAIBON<\/strong> 92-31, <strong>SAN TOMASO<\/strong> 12-17, <strong>ROCCA PIETORE<\/strong> 27-22 <strong>FALCADE<\/strong> 112-74 <strong>CENCENIGHE<\/strong> 58-26 <strong>AGORDO<\/strong> 115-68<strong> LIVINALLONGO<\/strong> 3-6 <strong>CANALE D&#8217;AGORDO<\/strong> 72<\/p>\n<blockquote>\n<h3><\/h3>\n<h3>SEI DECESSI, 16 PAZIENTI IN TERAPIA INTENSIVA E 155 NUOVI POSITIVI<\/h3>\n<\/blockquote>\n<p><strong>BELLUNO<\/strong><i> <\/i>Nelle ultime 24 ore sono decedute 6 persone: un uomo di 61 anni ricoverato in Rianimazione a Feltre, una donna di 72 anni ricoverata in Rianimazione a Feltre , un uomo di 73 anni ricoverato in Pneumologia a Feltre, un uomo di 91 anni ricoverato in Pneumologia a Belluno, un uomo di 92 anni e uno di 80 ricoverati in medicina ad Agordo.<\/p>\n<p>NUOVI POSITIVI 155<\/p>\n<p><strong>Ricoveri <\/strong><\/p>\n<p><em>(dato alle ore 17.00 fonte: Azienda Zero)<\/em><\/p>\n<p>Le persone attualmente POSITIVE ricoverate negli ospedali dell\u2019Ulss Dolomiti sono:<\/p>\n<table>\n<tbody>\n<tr>\n<td width=\"217\"><strong>\u00a0<\/strong><\/td>\n<td width=\"217\"><strong>Area NON CRITICA<\/strong><\/td>\n<td width=\"217\"><strong>Terapia Intensiva<\/strong><\/td>\n<\/tr>\n<tr>\n<td width=\"217\"><strong>Ospedale di Belluno <\/strong><\/td>\n<td width=\"217\">62<\/td>\n<td width=\"217\">9<\/td>\n<\/tr>\n<tr>\n<td width=\"217\"><strong>Ospedale di Feltre<\/strong><\/p>\n<p><strong>Ospedale di Agordo<\/strong><\/td>\n<td width=\"217\">46<\/p>\n<p>7<\/td>\n<td width=\"217\">7<\/td>\n<\/tr>\n<\/tbody>\n<\/table>\n<p>&nbsp;<\/p>\n<p>Le persone attualmente POSITIVE ricoverate in Ospedale di Comunit\u00e0 sono:<\/p>\n<table>\n<tbody>\n<tr>\n<td width=\"326\"><strong>\u00a0<\/strong><\/td>\n<td width=\"326\"><strong>pazienti attualmente positivi<\/strong><\/td>\n<\/tr>\n<tr>\n<td width=\"326\"><strong>Ospedale di Comunit\u00e0 ALANO<\/strong><\/td>\n<td width=\"326\">8<\/td>\n<\/tr>\n<tr>\n<td width=\"326\"><strong>Ospedale di Comunit\u00e0 AURONZO<\/strong><\/p>\n<p><strong>Ospedale di Comunit\u00e0 di BELLUNO\u00a0\u00a0\u00a0\u00a0\u00a0\u00a0\u00a0\u00a0\u00a0\u00a0\u00a0\u00a0\u00a0\u00a0\u00a0\u00a0\u00a0\u00a0\u00a0\u00a0\u00a0\u00a0\u00a0\u00a0\u00a0\u00a0\u00a0\u00a0\u00a0\u00a0\u00a0\u00a0\u00a0\u00a0\u00a0\u00a0\u00a0\u00a0\u00a0\u00a0 <\/strong><\/td>\n<td width=\"326\">3<\/p>\n<p>24<\/td>\n<\/tr>\n<tr>\n<td width=\"326\"><strong>Ospedale di Comunit\u00e0 di FELTRE<\/strong><\/td>\n<td width=\"326\">14<\/td>\n<\/tr>\n<\/tbody>\n<\/table>\n<p>&nbsp;<\/p>\n<blockquote class=\"wp-embedded-content\" data-secret=\"CnbZb6OKc5\"><p><a href=\"https:\/\/www.radiopiu.net\/wordpress\/agg-gen04\/\">CORONAVIRUS: AGGIORNAMENTO NAZIONALE 03 GENNAIO 2021<\/a><\/p><\/blockquote>\n<p><iframe loading=\"lazy\" class=\"wp-embedded-content\" sandbox=\"allow-scripts\" security=\"restricted\" style=\"position: absolute; clip: rect(1px, 1px, 1px, 1px);\" title=\"&#8220;CORONAVIRUS: AGGIORNAMENTO NAZIONALE 03 GENNAIO 2021&#8221; &#8212; Radio Pi\u00f9\" src=\"https:\/\/www.radiopiu.net\/wordpress\/agg-gen04\/embed\/#?secret=CnbZb6OKc5\" data-secret=\"CnbZb6OKc5\" width=\"600\" height=\"338\" frameborder=\"0\" marginwidth=\"0\" marginheight=\"0\" scrolling=\"no\"><\/iframe><\/p>\n<blockquote class=\"wp-embedded-content\" data-secret=\"BX9lWRGUqh\"><p><a href=\"https:\/\/www.radiopiu.net\/wordpress\/aggiornamento4\/\">112 DECESSI NELLE ULTIME 24 ORE, MENO PAZIENTI IN CORSIA E IN TERAPIA INTENSIVA<\/a><\/p><\/blockquote>\n<p><iframe loading=\"lazy\" class=\"wp-embedded-content\" sandbox=\"allow-scripts\" security=\"restricted\" style=\"position: absolute; clip: rect(1px, 1px, 1px, 1px);\" title=\"&#8220;112 DECESSI NELLE ULTIME 24 ORE, MENO PAZIENTI IN CORSIA E IN TERAPIA INTENSIVA&#8221; &#8212; Radio Pi\u00f9\" src=\"https:\/\/www.radiopiu.net\/wordpress\/aggiornamento4\/embed\/#?secret=BX9lWRGUqh\" data-secret=\"BX9lWRGUqh\" width=\"600\" height=\"338\" frameborder=\"0\" marginwidth=\"0\" marginheight=\"0\" scrolling=\"no\"><\/iframe><\/p>\n<h2>I GRAFICI DI TIZIANO DE COL<\/h2>\n\n\t\t\t<style type='text\/css'>\n\t\t\t\t#gallery-2 {\n\t\t\t\t\tmargin: auto;\n\t\t\t\t}\n\t\t\t\t#gallery-2 .gallery-item {\n\t\t\t\t\tfloat: left;\n\t\t\t\t\tmargin-top: 10px;\n\t\t\t\t\ttext-align: center;\n\t\t\t\t\twidth: 25%;\n\t\t\t\t}\n\t\t\t\t#gallery-2 img {\n\t\t\t\t\tborder: 2px solid #cfcfcf;\n\t\t\t\t}\n\t\t\t\t#gallery-2 .gallery-caption {\n\t\t\t\t\tmargin-left: 0;\n\t\t\t\t}\n\t\t\t\t\/* see gallery_shortcode() in wp-includes\/media.php *\/\n\t\t\t<\/style>\n\t\t<div id='gallery-2' class='dt-gallery-container gallery galleryid-182929 gallery-columns-4 gallery-size-thumbnail'><dl class='gallery-item'>\n\t\t\t\t<dt class='gallery-icon landscape'>\n\t\t\t\t\t<a class=\"rollover rollover-zoom dt-pswp-item\" title=\"7b701b4c-2f24-4107-ab50-f888ee7150ef\" data-dt-img-description=\"\" data-large_image_width=\"588\" data-large_image_height=\"346\"href='https:\/\/www.radiopiu.net\/wordpress\/wp-content\/uploads\/2021\/01\/7b701b4c-2f24-4107-ab50-f888ee7150ef.jpg'><img loading=\"lazy\" decoding=\"async\" width=\"150\" height=\"150\" src=\"https:\/\/www.radiopiu.net\/wordpress\/wp-content\/uploads\/2021\/01\/7b701b4c-2f24-4107-ab50-f888ee7150ef-150x150.jpg\" class=\"attachment-thumbnail size-thumbnail\" alt=\"\" \/><\/a>\n\t\t\t\t<\/dt><\/dl><dl class='gallery-item'>\n\t\t\t\t<dt class='gallery-icon landscape'>\n\t\t\t\t\t<a class=\"rollover rollover-zoom dt-pswp-item\" title=\"a09ae0fb-bddd-4f01-a3e0-318bd8f5f0ab\" data-dt-img-description=\"\" data-large_image_width=\"600\" data-large_image_height=\"355\"href='https:\/\/www.radiopiu.net\/wordpress\/wp-content\/uploads\/2021\/01\/a09ae0fb-bddd-4f01-a3e0-318bd8f5f0ab.jpg'><img loading=\"lazy\" decoding=\"async\" width=\"150\" height=\"150\" src=\"https:\/\/www.radiopiu.net\/wordpress\/wp-content\/uploads\/2021\/01\/a09ae0fb-bddd-4f01-a3e0-318bd8f5f0ab-150x150.jpg\" class=\"attachment-thumbnail size-thumbnail\" alt=\"\" \/><\/a>\n\t\t\t\t<\/dt><\/dl><dl class='gallery-item'>\n\t\t\t\t<dt class='gallery-icon landscape'>\n\t\t\t\t\t<a class=\"rollover rollover-zoom dt-pswp-item\" title=\"aef1d066-741f-47d1-867d-0ea3672feea2\" data-dt-img-description=\"\" data-large_image_width=\"592\" data-large_image_height=\"353\"href='https:\/\/www.radiopiu.net\/wordpress\/wp-content\/uploads\/2021\/01\/aef1d066-741f-47d1-867d-0ea3672feea2.jpg'><img loading=\"lazy\" decoding=\"async\" width=\"150\" height=\"150\" src=\"https:\/\/www.radiopiu.net\/wordpress\/wp-content\/uploads\/2021\/01\/aef1d066-741f-47d1-867d-0ea3672feea2-150x150.jpg\" class=\"attachment-thumbnail size-thumbnail\" alt=\"\" \/><\/a>\n\t\t\t\t<\/dt><\/dl><dl class='gallery-item'>\n\t\t\t\t<dt class='gallery-icon landscape'>\n\t\t\t\t\t<a class=\"rollover rollover-zoom dt-pswp-item\" title=\"c0b1ee6e-7269-473f-a35c-c55ceeff2d7b\" data-dt-img-description=\"\" data-large_image_width=\"604\" data-large_image_height=\"354\"href='https:\/\/www.radiopiu.net\/wordpress\/wp-content\/uploads\/2021\/01\/c0b1ee6e-7269-473f-a35c-c55ceeff2d7b.jpg'><img loading=\"lazy\" decoding=\"async\" width=\"150\" height=\"150\" src=\"https:\/\/www.radiopiu.net\/wordpress\/wp-content\/uploads\/2021\/01\/c0b1ee6e-7269-473f-a35c-c55ceeff2d7b-150x150.jpg\" class=\"attachment-thumbnail size-thumbnail\" alt=\"\" \/><\/a>\n\t\t\t\t<\/dt><\/dl><br style=\"clear: both\" \/>\n\t\t\t<\/div>\n\n<p>&nbsp;<\/p>\n<hr \/>\n<p>&nbsp;<\/p>\n<h2 style=\"text-align: center;\"><span style=\"color: #ff0000;\">IN VIGORE L&#8217;AUTOCERTIFICAZIONE FINO\u00a0 AL 6 GENNAIO <\/span><\/h2>\n<h2 style=\"text-align: center;\"><a href=\"https:\/\/www.radiopiu.net\/wordpress\/wp-content\/uploads\/2020\/12\/AUTOCERTIFICAZIONE-OTTOBRE-2020.pdf\">SCARICALA QUI<\/a><\/h2>\n<p><span style=\"color: #ff0000;\">Nella zona rossa:<\/span>\u00a0 gli spostamenti sono consentiti solo per ragioni lavoro, salute, necessit\u00e0 e tra questi rientra l\u2019assistenza ad una persona non autosufficiente; si potr\u00e0 rientrare nella propria residenza, nel domicilio o nell\u2019abitazione in cui ci si ritrova abitualmente con il partner e anche nelle seconde case si potr\u00e0 andare a fare la spesa e a messa oltre che in farmacia e dal tabaccaio;ci si potr\u00e0 recare a casa di altre persone (in due, ma nel totale non sono contati gli under 14) con spostamenti all\u2019interno del proprio comune; Bar e ristoranti chiudono dalla vigilia di\u00a0 per riaprire il 7 gennaio; \u00e8 consentito solo il servizio a domicilio o l\u2019asporto entro le 22. Restano aperti gli autogrill lungo le autostrade e i bar in stazioni e aeroporti; I negozi aperti sono: supermercati, alimentari, parrucchieri, barbieri, tabaccai,\u00a0\u00a0farmacie, parafarmacie, librerie, edicole, fiorai, negozi di giocattoli e abbigliamento sportivo, tabacchi e ferramenta, lavanderie e negozi per animali<\/p>\n<p>&nbsp;<\/p>\n<blockquote class=\"wp-embedded-content\" data-secret=\"5NkJjWDpBp\"><p><a href=\"https:\/\/www.radiopiu.net\/wordpress\/pref-gen02\/\">DALLA PREFETTURA DI BELLUNO IL MONITORAGGIO DEI CONTROLLI<\/a><\/p><\/blockquote>\n<p><iframe loading=\"lazy\" class=\"wp-embedded-content\" sandbox=\"allow-scripts\" security=\"restricted\" style=\"position: absolute; clip: rect(1px, 1px, 1px, 1px);\" title=\"&#8220;DALLA PREFETTURA DI BELLUNO IL MONITORAGGIO DEI CONTROLLI&#8221; &#8212; Radio Pi\u00f9\" src=\"https:\/\/www.radiopiu.net\/wordpress\/pref-gen02\/embed\/#?secret=5NkJjWDpBp\" data-secret=\"5NkJjWDpBp\" width=\"600\" height=\"338\" frameborder=\"0\" marginwidth=\"0\" marginheight=\"0\" scrolling=\"no\"><\/iframe><\/p>\n<p><span style=\"color: #ff0000;\">\u00a0<\/span><\/p>\n<hr \/>\n<p>&nbsp;<\/p>\n<blockquote>\n<h2><span style=\"color: #ff0000;\">LE ORDINANZE DEL COMUNE DI FALCADE<\/span><\/h2>\n<\/blockquote>\n<p><strong>Al fine di evitare pericolosi assembramenti ed a salvaguardia della salute pubblica \u00e8 vietata su tutto il territorio comunale, alla vigilia dell&#8217;Epifania, l&#8217;accensione dei tradizionali falo&#8217;.<\/strong><\/p>\n<p><strong>Con effetto immediato e fino al rientro del pericolo valanghivo \u00e8 vietata la pratica dello sci ed altre attivit\u00e0 in spazi aperti in quota del Comune di Falcade.\u00a0<\/strong><\/p>\n<p>&nbsp;<\/p>\n<blockquote>\n<h2>DELLA SERIE NON TUTTO IL MONDO E&#8217; PAESE:<\/h2>\n<\/blockquote>\n<p><em><b><span style=\"font-size: large;\">Zanoni (PD): \u201cPanevin privati autorizzati dai sindaci, inaccettabile vanificare gli sforzi per ridurre la trasmissione del virus<\/span><\/b><b><span style=\"font-size: large;\">\u201d<\/span><\/b><\/em><\/p>\n<p><span style=\"font-size: large;\"><strong>\u00a0VENEZIA<\/strong><i>\u00a0\u201cMi auguro che ci siano controlli massicci, ma invito comunque il prefetto di Treviso, che tra l\u2019altro si \u00e8 gi\u00e0 espressa pubblicamente contro i panevin privati, a intervenire per far annullare le ordinanze, palesemente illegittime dei sindaci di Oderzo e Codogn\u00e8. \u00c8 inaccettabile vanificare gli sforzi di un\u2019intera comunit\u00e0 per ridurre la trasmissione del virus. L\u2019auspicio \u00e8 che i cittadini si mostrino pi\u00f9 responsabili di chi li amministra\u201d.<\/i>\u00a0\u00c8 quanto afferma Andrea Zanoni, consigliere regionale del Partito Democratico, a proposito delle \u2018fughe in avanti\u2019 di alcuni Comuni del Trevigiano che hanno dato il via libera per domani sera ai fal\u00f2 della Befana.<\/span><\/p>\n<p>&nbsp;<\/p>\n<hr \/>\n<p>&nbsp;<\/p>\n<blockquote>\n<h3>PERDE IL CARICO ALLA ROTONDA DI ANZU&#8217;, NESSUN FERITO<\/h3>\n<\/blockquote>\n<p><strong>FELTRE<\/strong> I\u00a0 vigili del fuoco sono intervenuti alla rotonda di Anz\u00f9 per la perdita di carico di due putrelle in ferro da un camion: nessuna persona \u00e8 rimasta ferita. Il pesante carico \u00e8 stato perso dal mezzo mentre stava affrontando la rotatoria. I pompieri arrivati da Feltre e da Belluno con l\u2019autogr\u00f9, hanno messo in sicurezza il mezzo e provveduto al recupero delle pesanti travi, che sono state caricate su un altro camion fatto appositamente arrivare sul posto. Le operazioni di soccorso sono terminate dopo circa 4 ore.<\/p>\n\n\t\t\t<style type='text\/css'>\n\t\t\t\t#gallery-3 {\n\t\t\t\t\tmargin: auto;\n\t\t\t\t}\n\t\t\t\t#gallery-3 .gallery-item {\n\t\t\t\t\tfloat: left;\n\t\t\t\t\tmargin-top: 10px;\n\t\t\t\t\ttext-align: center;\n\t\t\t\t\twidth: 33%;\n\t\t\t\t}\n\t\t\t\t#gallery-3 img {\n\t\t\t\t\tborder: 2px solid #cfcfcf;\n\t\t\t\t}\n\t\t\t\t#gallery-3 .gallery-caption {\n\t\t\t\t\tmargin-left: 0;\n\t\t\t\t}\n\t\t\t\t\/* see gallery_shortcode() in wp-includes\/media.php *\/\n\t\t\t<\/style>\n\t\t<div id='gallery-3' class='dt-gallery-container gallery galleryid-182929 gallery-columns-3 gallery-size-thumbnail'><dl class='gallery-item'>\n\t\t\t\t<dt class='gallery-icon landscape'>\n\t\t\t\t\t<a class=\"rollover rollover-zoom dt-pswp-item\" title=\"a07cb9aa-2b73-4a87-8d3c-2387958523dc\" data-dt-img-description=\"\" data-large_image_width=\"1600\" data-large_image_height=\"1197\"href='https:\/\/www.radiopiu.net\/wordpress\/wp-content\/uploads\/2021\/01\/a07cb9aa-2b73-4a87-8d3c-2387958523dc.jpg'><img loading=\"lazy\" decoding=\"async\" width=\"150\" height=\"150\" src=\"https:\/\/www.radiopiu.net\/wordpress\/wp-content\/uploads\/2021\/01\/a07cb9aa-2b73-4a87-8d3c-2387958523dc-150x150.jpg\" class=\"attachment-thumbnail size-thumbnail\" alt=\"\" \/><\/a>\n\t\t\t\t<\/dt><\/dl><dl class='gallery-item'>\n\t\t\t\t<dt class='gallery-icon landscape'>\n\t\t\t\t\t<a class=\"rollover rollover-zoom dt-pswp-item\" title=\"bac3389c-7517-4036-b604-322d016c924a\" data-dt-img-description=\"\" data-large_image_width=\"1600\" data-large_image_height=\"1197\"href='https:\/\/www.radiopiu.net\/wordpress\/wp-content\/uploads\/2021\/01\/bac3389c-7517-4036-b604-322d016c924a.jpg'><img loading=\"lazy\" decoding=\"async\" width=\"150\" height=\"150\" src=\"https:\/\/www.radiopiu.net\/wordpress\/wp-content\/uploads\/2021\/01\/bac3389c-7517-4036-b604-322d016c924a-150x150.jpg\" class=\"attachment-thumbnail size-thumbnail\" alt=\"\" \/><\/a>\n\t\t\t\t<\/dt><\/dl><dl class='gallery-item'>\n\t\t\t\t<dt class='gallery-icon landscape'>\n\t\t\t\t\t<a class=\"rollover rollover-zoom dt-pswp-item\" title=\"c1c5cc1e-8f76-4cf0-b656-65ed059b21a8\" data-dt-img-description=\"\" data-large_image_width=\"1600\" data-large_image_height=\"1197\"href='https:\/\/www.radiopiu.net\/wordpress\/wp-content\/uploads\/2021\/01\/c1c5cc1e-8f76-4cf0-b656-65ed059b21a8.jpg'><img loading=\"lazy\" decoding=\"async\" width=\"150\" height=\"150\" src=\"https:\/\/www.radiopiu.net\/wordpress\/wp-content\/uploads\/2021\/01\/c1c5cc1e-8f76-4cf0-b656-65ed059b21a8-150x150.jpg\" class=\"attachment-thumbnail size-thumbnail\" alt=\"\" \/><\/a>\n\t\t\t\t<\/dt><\/dl><br style=\"clear: both\" \/><dl class='gallery-item'>\n\t\t\t\t<dt class='gallery-icon landscape'>\n\t\t\t\t\t<a class=\"rollover rollover-zoom dt-pswp-item\" title=\"b517c491-8c94-4f77-a424-6b9434dad9bb\" data-dt-img-description=\"\" data-large_image_width=\"1600\" data-large_image_height=\"1197\"href='https:\/\/www.radiopiu.net\/wordpress\/wp-content\/uploads\/2021\/01\/b517c491-8c94-4f77-a424-6b9434dad9bb.jpg'><img loading=\"lazy\" decoding=\"async\" width=\"150\" height=\"150\" src=\"https:\/\/www.radiopiu.net\/wordpress\/wp-content\/uploads\/2021\/01\/b517c491-8c94-4f77-a424-6b9434dad9bb-150x150.jpg\" class=\"attachment-thumbnail size-thumbnail\" alt=\"\" \/><\/a>\n\t\t\t\t<\/dt><\/dl><dl class='gallery-item'>\n\t\t\t\t<dt class='gallery-icon landscape'>\n\t\t\t\t\t<a class=\"rollover rollover-zoom dt-pswp-item\" title=\"5b6aea84-0c0f-449e-921f-fb0bb36c14b0\" data-dt-img-description=\"\" data-large_image_width=\"1600\" data-large_image_height=\"1197\"href='https:\/\/www.radiopiu.net\/wordpress\/wp-content\/uploads\/2021\/01\/5b6aea84-0c0f-449e-921f-fb0bb36c14b0.jpg'><img loading=\"lazy\" decoding=\"async\" width=\"150\" height=\"150\" src=\"https:\/\/www.radiopiu.net\/wordpress\/wp-content\/uploads\/2021\/01\/5b6aea84-0c0f-449e-921f-fb0bb36c14b0-150x150.jpg\" class=\"attachment-thumbnail size-thumbnail\" alt=\"\" \/><\/a>\n\t\t\t\t<\/dt><\/dl><dl class='gallery-item'>\n\t\t\t\t<dt class='gallery-icon landscape'>\n\t\t\t\t\t<a class=\"rollover rollover-zoom dt-pswp-item\" title=\"2bc47429-b877-487b-b86c-473d2d7dbe44\" data-dt-img-description=\"\" data-large_image_width=\"1600\" data-large_image_height=\"1197\"href='https:\/\/www.radiopiu.net\/wordpress\/wp-content\/uploads\/2021\/01\/2bc47429-b877-487b-b86c-473d2d7dbe44.jpg'><img loading=\"lazy\" decoding=\"async\" width=\"150\" height=\"150\" src=\"https:\/\/www.radiopiu.net\/wordpress\/wp-content\/uploads\/2021\/01\/2bc47429-b877-487b-b86c-473d2d7dbe44-150x150.jpg\" class=\"attachment-thumbnail size-thumbnail\" alt=\"\" \/><\/a>\n\t\t\t\t<\/dt><\/dl><br style=\"clear: both\" \/>\n\t\t\t<\/div>\n\n<p>&nbsp;<\/p>\n<hr \/>\n<blockquote>\n<h3><\/h3>\n<h3>I VIGILI DEL FUOCO SALVANO IL CERVO DAL LAGO GHIACCIATO<\/h3>\n<\/blockquote>\n<p><strong>AURONZO<\/strong> Ieri pomeriggio i vigili del fuoco sono intervenuti presso in via Padova ad Auronzo di Cadore per salvare un cervo sprofondato in parte presso la riva del lago ghiacciato. I pompieri sono sono riusciti a legare l\u2019animale e tirarlo fuori dall\u2019acqua. L\u2019animale \u00e8 stato poi bendato caricato su un fuoristrada e liberato in localit\u00e0 Pian della Velma.<\/p>\n\n\t\t\t<style type='text\/css'>\n\t\t\t\t#gallery-4 {\n\t\t\t\t\tmargin: auto;\n\t\t\t\t}\n\t\t\t\t#gallery-4 .gallery-item {\n\t\t\t\t\tfloat: left;\n\t\t\t\t\tmargin-top: 10px;\n\t\t\t\t\ttext-align: center;\n\t\t\t\t\twidth: 33%;\n\t\t\t\t}\n\t\t\t\t#gallery-4 img {\n\t\t\t\t\tborder: 2px solid #cfcfcf;\n\t\t\t\t}\n\t\t\t\t#gallery-4 .gallery-caption {\n\t\t\t\t\tmargin-left: 0;\n\t\t\t\t}\n\t\t\t\t\/* see gallery_shortcode() in wp-includes\/media.php *\/\n\t\t\t<\/style>\n\t\t<div id='gallery-4' class='dt-gallery-container gallery galleryid-182929 gallery-columns-3 gallery-size-thumbnail'><dl class='gallery-item'>\n\t\t\t\t<dt class='gallery-icon portrait'>\n\t\t\t\t\t<a class=\"rollover rollover-zoom dt-pswp-item\" title=\"6018c8a1-d0ab-4f60-95fd-d23ea00d577d\" data-dt-img-description=\"\" data-large_image_width=\"960\" data-large_image_height=\"1280\"href='https:\/\/www.radiopiu.net\/wordpress\/wp-content\/uploads\/2021\/01\/6018c8a1-d0ab-4f60-95fd-d23ea00d577d.jpg'><img loading=\"lazy\" decoding=\"async\" width=\"150\" height=\"150\" src=\"https:\/\/www.radiopiu.net\/wordpress\/wp-content\/uploads\/2021\/01\/6018c8a1-d0ab-4f60-95fd-d23ea00d577d-150x150.jpg\" class=\"attachment-thumbnail size-thumbnail\" alt=\"\" \/><\/a>\n\t\t\t\t<\/dt><\/dl><dl class='gallery-item'>\n\t\t\t\t<dt class='gallery-icon portrait'>\n\t\t\t\t\t<a class=\"rollover rollover-zoom dt-pswp-item\" title=\"0511b6ee-472c-4479-b044-942b66c1d55d\" data-dt-img-description=\"\" data-large_image_width=\"960\" data-large_image_height=\"1280\"href='https:\/\/www.radiopiu.net\/wordpress\/wp-content\/uploads\/2021\/01\/0511b6ee-472c-4479-b044-942b66c1d55d.jpg'><img loading=\"lazy\" decoding=\"async\" width=\"150\" height=\"150\" src=\"https:\/\/www.radiopiu.net\/wordpress\/wp-content\/uploads\/2021\/01\/0511b6ee-472c-4479-b044-942b66c1d55d-150x150.jpg\" class=\"attachment-thumbnail size-thumbnail\" alt=\"\" \/><\/a>\n\t\t\t\t<\/dt><\/dl><dl class='gallery-item'>\n\t\t\t\t<dt class='gallery-icon portrait'>\n\t\t\t\t\t<a class=\"rollover rollover-zoom dt-pswp-item\" title=\"f124aa80-6fe5-48a3-a529-1df2456f4e03\" data-dt-img-description=\"\" data-large_image_width=\"590\" data-large_image_height=\"920\"href='https:\/\/www.radiopiu.net\/wordpress\/wp-content\/uploads\/2021\/01\/f124aa80-6fe5-48a3-a529-1df2456f4e03.jpg'><img loading=\"lazy\" decoding=\"async\" width=\"150\" height=\"150\" src=\"https:\/\/www.radiopiu.net\/wordpress\/wp-content\/uploads\/2021\/01\/f124aa80-6fe5-48a3-a529-1df2456f4e03-150x150.jpg\" class=\"attachment-thumbnail size-thumbnail\" alt=\"\" \/><\/a>\n\t\t\t\t<\/dt><\/dl><br style=\"clear: both\" \/>\n\t\t\t<\/div>\n\n<div style=\"width: 1200px;\" class=\"wp-video\"><video class=\"wp-video-shortcode\" id=\"video-182929-1\" width=\"1200\" height=\"675\" preload=\"metadata\" controls=\"controls\"><source type=\"video\/mp4\" src=\"https:\/\/www.radiopiu.net\/wordpress\/wp-content\/uploads\/2021\/01\/WhatsApp-Video-2021-01-04-at-19.33.21.mp4?_=1\" \/><a href=\"https:\/\/www.radiopiu.net\/wordpress\/wp-content\/uploads\/2021\/01\/WhatsApp-Video-2021-01-04-at-19.33.21.mp4\">https:\/\/www.radiopiu.net\/wordpress\/wp-content\/uploads\/2021\/01\/WhatsApp-Video-2021-01-04-at-19.33.21.mp4<\/a><\/video><\/div>\n<p>&nbsp;<\/p>\n<p>&nbsp;<\/p>\n<p>&nbsp;<\/p>\n<hr \/>\n<p>&nbsp;<\/p>\n<p>&nbsp;<\/p>\n<blockquote>\n<h3>UN&#8217;ALTRA LUNGA NOTTE PER I VIGILI DEL FUOCO CHE SALVANO MIELE FINITO NEL GAVON<\/h3>\n<\/blockquote>\n<p><strong><a href=\"https:\/\/www.radiopiu.net\/wordpress\/unaltra-lunga-notte-per-i-vigili-del-fuoco-che-salvano-miele-finito-nel-gavon\/312e1e3e-1850-4b39-9a13-2cbe0949636b\/\" rel=\"attachment wp-att-183061\"><img loading=\"lazy\" decoding=\"async\" class=\" wp-image-183061 alignleft\" src=\"https:\/\/www.radiopiu.net\/wordpress\/wp-content\/uploads\/2021\/01\/312e1e3e-1850-4b39-9a13-2cbe0949636b-300x256.jpg\" alt=\"\" width=\"202\" height=\"173\" srcset=\"https:\/\/www.radiopiu.net\/wordpress\/wp-content\/uploads\/2021\/01\/312e1e3e-1850-4b39-9a13-2cbe0949636b-300x256.jpg 300w, https:\/\/www.radiopiu.net\/wordpress\/wp-content\/uploads\/2021\/01\/312e1e3e-1850-4b39-9a13-2cbe0949636b-1024x873.jpg 1024w, https:\/\/www.radiopiu.net\/wordpress\/wp-content\/uploads\/2021\/01\/312e1e3e-1850-4b39-9a13-2cbe0949636b-768x655.jpg 768w, https:\/\/www.radiopiu.net\/wordpress\/wp-content\/uploads\/2021\/01\/312e1e3e-1850-4b39-9a13-2cbe0949636b.jpg 1249w\" sizes=\"auto, (max-width: 202px) 100vw, 202px\" \/><\/a>BELLUNO<\/strong> Sono oltre 200 gli interventi gi\u00e0 effettuati dai vigili del fuoco dall\u2019inizio dell\u2019emergenza neve. Oltre 80 in attesa di essere eseguiti. Le squadre dei vigili del fuoco permanenti e volontari con il rinforzo di personale e mezzi provenienti dagli altri comandi del Veneto dalla Lombardia e dal Trentino Alto Adige con circa 50 operatori, stanno operando principalmente per alleviare le difficolt\u00e0 dei residenti per le abbondanti precipitazioni. Le operazioni vengono fatte sui tetti per sgravare il peso della neve e liberare i comignoli per evitare il blocco delle caldaie ed evitare cadute di accumuli di neve, che possono causare danni. Altri interventi per liberare le strade con le frese e raggiungere posti isolati. Questa mattina una famiglia isolata in Valle Seren del Grappa \u00e8 stata raggiunta con il gatto delle nevi ed evacuata.<\/p>\n<blockquote><p>Tra i numerosi interventi, la notte scorsa, anche il salvataggio di Miele un cane caduto in una scarpata di oltre 50 metri, nel greto del torrente Gavon in localit\u00e0 Caviola nel comune di Falcade. L\u2019animale era con il suo padrone nei pressi dell\u2019abitazione quando forse incuriosito da qualcosa \u00e8 caduto nel burrone. I pompieri arrivati da Agordo, hanno effettuato una calata riuscendo a raggiungere Miele un meticcio di 14 anni. L\u2019animale \u00e8 stata assicurato all\u2019interno del proprio portantino e recuperato con il vigile del fuoco. Miele in buono stato, grazie alla neve che attutito la caduta, \u00e8 stato subito accudito dai felici proprietari, sollevati per lo scampato pericolo. Le operazione di soccorso della squadra dei vigili del fuoco sono terminate a mezzanotte circa.<\/p><\/blockquote>\n\n\t\t\t<style type='text\/css'>\n\t\t\t\t#gallery-5 {\n\t\t\t\t\tmargin: auto;\n\t\t\t\t}\n\t\t\t\t#gallery-5 .gallery-item {\n\t\t\t\t\tfloat: left;\n\t\t\t\t\tmargin-top: 10px;\n\t\t\t\t\ttext-align: center;\n\t\t\t\t\twidth: 16%;\n\t\t\t\t}\n\t\t\t\t#gallery-5 img {\n\t\t\t\t\tborder: 2px solid #cfcfcf;\n\t\t\t\t}\n\t\t\t\t#gallery-5 .gallery-caption {\n\t\t\t\t\tmargin-left: 0;\n\t\t\t\t}\n\t\t\t\t\/* see gallery_shortcode() in wp-includes\/media.php *\/\n\t\t\t<\/style>\n\t\t<div id='gallery-5' class='dt-gallery-container gallery galleryid-182929 gallery-columns-6 gallery-size-thumbnail'><dl class='gallery-item'>\n\t\t\t\t<dt class='gallery-icon landscape'>\n\t\t\t\t\t<a class=\"rollover rollover-zoom dt-pswp-item\" title=\"312e1e3e-1850-4b39-9a13-2cbe0949636b\" data-dt-img-description=\"\" data-large_image_width=\"1249\" data-large_image_height=\"1065\"href='https:\/\/www.radiopiu.net\/wordpress\/wp-content\/uploads\/2021\/01\/312e1e3e-1850-4b39-9a13-2cbe0949636b.jpg'><img loading=\"lazy\" decoding=\"async\" width=\"150\" height=\"150\" src=\"https:\/\/www.radiopiu.net\/wordpress\/wp-content\/uploads\/2021\/01\/312e1e3e-1850-4b39-9a13-2cbe0949636b-150x150.jpg\" class=\"attachment-thumbnail size-thumbnail\" alt=\"\" \/><\/a>\n\t\t\t\t<\/dt><\/dl><dl class='gallery-item'>\n\t\t\t\t<dt class='gallery-icon landscape'>\n\t\t\t\t\t<a class=\"rollover rollover-zoom dt-pswp-item\" title=\"c44e6a2c-b73e-4e0d-ba2d-71dfbdeba181\" data-dt-img-description=\"\" data-large_image_width=\"1600\" data-large_image_height=\"1200\"href='https:\/\/www.radiopiu.net\/wordpress\/wp-content\/uploads\/2021\/01\/c44e6a2c-b73e-4e0d-ba2d-71dfbdeba181.jpg'><img loading=\"lazy\" decoding=\"async\" width=\"150\" height=\"150\" src=\"https:\/\/www.radiopiu.net\/wordpress\/wp-content\/uploads\/2021\/01\/c44e6a2c-b73e-4e0d-ba2d-71dfbdeba181-150x150.jpg\" class=\"attachment-thumbnail size-thumbnail\" alt=\"\" \/><\/a>\n\t\t\t\t<\/dt><\/dl><dl class='gallery-item'>\n\t\t\t\t<dt class='gallery-icon landscape'>\n\t\t\t\t\t<a class=\"rollover rollover-zoom dt-pswp-item\" title=\"8cc6d378-506c-4511-afe5-2ed024502c0d\" data-dt-img-description=\"\" data-large_image_width=\"1600\" data-large_image_height=\"1200\"href='https:\/\/www.radiopiu.net\/wordpress\/wp-content\/uploads\/2021\/01\/8cc6d378-506c-4511-afe5-2ed024502c0d.jpg'><img loading=\"lazy\" decoding=\"async\" width=\"150\" height=\"150\" src=\"https:\/\/www.radiopiu.net\/wordpress\/wp-content\/uploads\/2021\/01\/8cc6d378-506c-4511-afe5-2ed024502c0d-150x150.jpg\" class=\"attachment-thumbnail size-thumbnail\" alt=\"\" \/><\/a>\n\t\t\t\t<\/dt><\/dl><dl class='gallery-item'>\n\t\t\t\t<dt class='gallery-icon landscape'>\n\t\t\t\t\t<a class=\"rollover rollover-zoom dt-pswp-item\" title=\"bc537366-aeed-435a-b4f6-db527cbb547e\" data-dt-img-description=\"\" data-large_image_width=\"1600\" data-large_image_height=\"1200\"href='https:\/\/www.radiopiu.net\/wordpress\/wp-content\/uploads\/2021\/01\/bc537366-aeed-435a-b4f6-db527cbb547e.jpg'><img loading=\"lazy\" decoding=\"async\" width=\"150\" height=\"150\" src=\"https:\/\/www.radiopiu.net\/wordpress\/wp-content\/uploads\/2021\/01\/bc537366-aeed-435a-b4f6-db527cbb547e-150x150.jpg\" class=\"attachment-thumbnail size-thumbnail\" alt=\"\" \/><\/a>\n\t\t\t\t<\/dt><\/dl><dl class='gallery-item'>\n\t\t\t\t<dt class='gallery-icon landscape'>\n\t\t\t\t\t<a class=\"rollover rollover-zoom dt-pswp-item\" title=\"d81d8784-9095-45f3-b384-646e955e0041\" data-dt-img-description=\"\" data-large_image_width=\"1280\" data-large_image_height=\"960\"href='https:\/\/www.radiopiu.net\/wordpress\/wp-content\/uploads\/2021\/01\/d81d8784-9095-45f3-b384-646e955e0041.jpg'><img loading=\"lazy\" decoding=\"async\" width=\"150\" height=\"150\" src=\"https:\/\/www.radiopiu.net\/wordpress\/wp-content\/uploads\/2021\/01\/d81d8784-9095-45f3-b384-646e955e0041-150x150.jpg\" class=\"attachment-thumbnail size-thumbnail\" alt=\"\" \/><\/a>\n\t\t\t\t<\/dt><\/dl><dl class='gallery-item'>\n\t\t\t\t<dt class='gallery-icon landscape'>\n\t\t\t\t\t<a class=\"rollover rollover-zoom dt-pswp-item\" title=\"c61912fa-566c-48a3-8313-c75e6a414353\" data-dt-img-description=\"\" data-large_image_width=\"1600\" data-large_image_height=\"901\"href='https:\/\/www.radiopiu.net\/wordpress\/wp-content\/uploads\/2021\/01\/c61912fa-566c-48a3-8313-c75e6a414353.jpg'><img loading=\"lazy\" decoding=\"async\" width=\"150\" height=\"150\" src=\"https:\/\/www.radiopiu.net\/wordpress\/wp-content\/uploads\/2021\/01\/c61912fa-566c-48a3-8313-c75e6a414353-150x150.jpg\" class=\"attachment-thumbnail size-thumbnail\" alt=\"\" \/><\/a>\n\t\t\t\t<\/dt><\/dl><br style=\"clear: both\" \/><dl class='gallery-item'>\n\t\t\t\t<dt class='gallery-icon landscape'>\n\t\t\t\t\t<a class=\"rollover rollover-zoom dt-pswp-item\" title=\"6bf906c5-1116-44fc-9967-7194c24bd77f\" data-dt-img-description=\"\" data-large_image_width=\"1600\" data-large_image_height=\"901\"href='https:\/\/www.radiopiu.net\/wordpress\/wp-content\/uploads\/2021\/01\/6bf906c5-1116-44fc-9967-7194c24bd77f.jpg'><img loading=\"lazy\" decoding=\"async\" width=\"150\" height=\"150\" src=\"https:\/\/www.radiopiu.net\/wordpress\/wp-content\/uploads\/2021\/01\/6bf906c5-1116-44fc-9967-7194c24bd77f-150x150.jpg\" class=\"attachment-thumbnail size-thumbnail\" alt=\"\" \/><\/a>\n\t\t\t\t<\/dt><\/dl><dl class='gallery-item'>\n\t\t\t\t<dt class='gallery-icon landscape'>\n\t\t\t\t\t<a class=\"rollover rollover-zoom dt-pswp-item\" title=\"65415d1d-27fb-48e1-8b88-7dbe5b22ca73\" data-dt-img-description=\"\" data-large_image_width=\"1600\" data-large_image_height=\"1050\"href='https:\/\/www.radiopiu.net\/wordpress\/wp-content\/uploads\/2021\/01\/65415d1d-27fb-48e1-8b88-7dbe5b22ca73.jpg'><img loading=\"lazy\" decoding=\"async\" width=\"150\" height=\"150\" src=\"https:\/\/www.radiopiu.net\/wordpress\/wp-content\/uploads\/2021\/01\/65415d1d-27fb-48e1-8b88-7dbe5b22ca73-150x150.jpg\" class=\"attachment-thumbnail size-thumbnail\" alt=\"\" \/><\/a>\n\t\t\t\t<\/dt><\/dl><dl class='gallery-item'>\n\t\t\t\t<dt class='gallery-icon landscape'>\n\t\t\t\t\t<a class=\"rollover rollover-zoom dt-pswp-item\" title=\"83433a26-f61e-4e91-837a-4cd43c5e7167\" data-dt-img-description=\"\" data-large_image_width=\"1410\" data-large_image_height=\"814\"href='https:\/\/www.radiopiu.net\/wordpress\/wp-content\/uploads\/2021\/01\/83433a26-f61e-4e91-837a-4cd43c5e7167.jpg'><img loading=\"lazy\" decoding=\"async\" width=\"150\" height=\"150\" src=\"https:\/\/www.radiopiu.net\/wordpress\/wp-content\/uploads\/2021\/01\/83433a26-f61e-4e91-837a-4cd43c5e7167-150x150.jpg\" class=\"attachment-thumbnail size-thumbnail\" alt=\"\" \/><\/a>\n\t\t\t\t<\/dt><\/dl><dl class='gallery-item'>\n\t\t\t\t<dt class='gallery-icon landscape'>\n\t\t\t\t\t<a class=\"rollover rollover-zoom dt-pswp-item\" title=\"10b10637-aba4-47f6-b495-693ce7e5766b\" data-dt-img-description=\"\" data-large_image_width=\"1600\" data-large_image_height=\"739\"href='https:\/\/www.radiopiu.net\/wordpress\/wp-content\/uploads\/2021\/01\/10b10637-aba4-47f6-b495-693ce7e5766b.jpg'><img loading=\"lazy\" decoding=\"async\" width=\"150\" height=\"150\" src=\"https:\/\/www.radiopiu.net\/wordpress\/wp-content\/uploads\/2021\/01\/10b10637-aba4-47f6-b495-693ce7e5766b-150x150.jpg\" class=\"attachment-thumbnail size-thumbnail\" alt=\"\" \/><\/a>\n\t\t\t\t<\/dt><\/dl><dl class='gallery-item'>\n\t\t\t\t<dt class='gallery-icon landscape'>\n\t\t\t\t\t<a class=\"rollover rollover-zoom dt-pswp-item\" title=\"20d4b935-6c21-41fa-80d9-d88c190f1a8b\" data-dt-img-description=\"\" data-large_image_width=\"1600\" data-large_image_height=\"1200\"href='https:\/\/www.radiopiu.net\/wordpress\/wp-content\/uploads\/2021\/01\/20d4b935-6c21-41fa-80d9-d88c190f1a8b.jpg'><img loading=\"lazy\" decoding=\"async\" width=\"150\" height=\"150\" src=\"https:\/\/www.radiopiu.net\/wordpress\/wp-content\/uploads\/2021\/01\/20d4b935-6c21-41fa-80d9-d88c190f1a8b-150x150.jpg\" class=\"attachment-thumbnail size-thumbnail\" alt=\"\" \/><\/a>\n\t\t\t\t<\/dt><\/dl><dl class='gallery-item'>\n\t\t\t\t<dt class='gallery-icon landscape'>\n\t\t\t\t\t<a class=\"rollover rollover-zoom dt-pswp-item\" title=\"34b27e61-e7fd-4129-a85d-0e4f02c95705\" data-dt-img-description=\"\" data-large_image_width=\"1600\" data-large_image_height=\"916\"href='https:\/\/www.radiopiu.net\/wordpress\/wp-content\/uploads\/2021\/01\/34b27e61-e7fd-4129-a85d-0e4f02c95705.jpg'><img loading=\"lazy\" decoding=\"async\" width=\"150\" height=\"150\" src=\"https:\/\/www.radiopiu.net\/wordpress\/wp-content\/uploads\/2021\/01\/34b27e61-e7fd-4129-a85d-0e4f02c95705-150x150.jpg\" class=\"attachment-thumbnail size-thumbnail\" alt=\"\" \/><\/a>\n\t\t\t\t<\/dt><\/dl><br style=\"clear: both\" \/>\n\t\t\t<\/div>\n\n<hr \/>\n<p>&nbsp;<\/p>\n<blockquote>\n<h3>IL GRANDE IMPEGNO DI ADDETTI AI LAVORI, SOPRATTUTTO VOLONTARI<\/h3>\n<\/blockquote>\n<p><strong>BELLUNO<\/strong> Sono continuate anche oggi le operazioni di sgombero neve, soprattutto dai tetti delle case e degli edifici pubblici. Soprattutto a Cibiana e in Comelico. Il Soccorso alpino \u00e8 impegnato anche a Falcade. Questi i numeri del personale operativo: 48 uomini del Soccorso alpino, 50 volontari Ana, 30 militari, 70 vigili del fuoco (di cui 25 volontari)<\/p>\n\n\t\t\t<style type='text\/css'>\n\t\t\t\t#gallery-6 {\n\t\t\t\t\tmargin: auto;\n\t\t\t\t}\n\t\t\t\t#gallery-6 .gallery-item {\n\t\t\t\t\tfloat: left;\n\t\t\t\t\tmargin-top: 10px;\n\t\t\t\t\ttext-align: center;\n\t\t\t\t\twidth: 11%;\n\t\t\t\t}\n\t\t\t\t#gallery-6 img {\n\t\t\t\t\tborder: 2px solid #cfcfcf;\n\t\t\t\t}\n\t\t\t\t#gallery-6 .gallery-caption {\n\t\t\t\t\tmargin-left: 0;\n\t\t\t\t}\n\t\t\t\t\/* see gallery_shortcode() in wp-includes\/media.php *\/\n\t\t\t<\/style>\n\t\t<div id='gallery-6' class='dt-gallery-container gallery galleryid-182929 gallery-columns-9 gallery-size-thumbnail'><dl class='gallery-item'>\n\t\t\t\t<dt class='gallery-icon landscape'>\n\t\t\t\t\t<a class=\"rollover rollover-zoom dt-pswp-item\" title=\"4d3acbcf-c464-4af8-8506-ca3aea31f072\" data-dt-img-description=\"\" data-large_image_width=\"1600\" data-large_image_height=\"1200\"href='https:\/\/www.radiopiu.net\/wordpress\/wp-content\/uploads\/2021\/01\/4d3acbcf-c464-4af8-8506-ca3aea31f072-1.jpg'><img loading=\"lazy\" decoding=\"async\" width=\"150\" height=\"150\" src=\"https:\/\/www.radiopiu.net\/wordpress\/wp-content\/uploads\/2021\/01\/4d3acbcf-c464-4af8-8506-ca3aea31f072-1-150x150.jpg\" class=\"attachment-thumbnail size-thumbnail\" alt=\"\" \/><\/a>\n\t\t\t\t<\/dt><\/dl><dl class='gallery-item'>\n\t\t\t\t<dt class='gallery-icon landscape'>\n\t\t\t\t\t<a class=\"rollover rollover-zoom dt-pswp-item\" title=\"666bbe82-7995-4ef4-bdfe-620f2b044121\" data-dt-img-description=\"\" data-large_image_width=\"1600\" data-large_image_height=\"1200\"href='https:\/\/www.radiopiu.net\/wordpress\/wp-content\/uploads\/2021\/01\/666bbe82-7995-4ef4-bdfe-620f2b044121-1.jpg'><img loading=\"lazy\" decoding=\"async\" width=\"150\" height=\"150\" src=\"https:\/\/www.radiopiu.net\/wordpress\/wp-content\/uploads\/2021\/01\/666bbe82-7995-4ef4-bdfe-620f2b044121-1-150x150.jpg\" class=\"attachment-thumbnail size-thumbnail\" alt=\"\" \/><\/a>\n\t\t\t\t<\/dt><\/dl><dl class='gallery-item'>\n\t\t\t\t<dt class='gallery-icon portrait'>\n\t\t\t\t\t<a class=\"rollover rollover-zoom dt-pswp-item\" title=\"677a3f6b-91d6-407c-8a53-b93479cdb75f\" data-dt-img-description=\"\" data-large_image_width=\"1415\" data-large_image_height=\"1600\"href='https:\/\/www.radiopiu.net\/wordpress\/wp-content\/uploads\/2021\/01\/677a3f6b-91d6-407c-8a53-b93479cdb75f-1.jpg'><img loading=\"lazy\" decoding=\"async\" width=\"150\" height=\"150\" src=\"https:\/\/www.radiopiu.net\/wordpress\/wp-content\/uploads\/2021\/01\/677a3f6b-91d6-407c-8a53-b93479cdb75f-1-150x150.jpg\" class=\"attachment-thumbnail size-thumbnail\" alt=\"\" \/><\/a>\n\t\t\t\t<\/dt><\/dl><dl class='gallery-item'>\n\t\t\t\t<dt class='gallery-icon landscape'>\n\t\t\t\t\t<a class=\"rollover rollover-zoom dt-pswp-item\" title=\"48a74103-0038-48dd-9916-0f8ba7bd7e60\" data-dt-img-description=\"\" data-large_image_width=\"1600\" data-large_image_height=\"1374\"href='https:\/\/www.radiopiu.net\/wordpress\/wp-content\/uploads\/2021\/01\/48a74103-0038-48dd-9916-0f8ba7bd7e60-1.jpg'><img loading=\"lazy\" decoding=\"async\" width=\"150\" height=\"150\" src=\"https:\/\/www.radiopiu.net\/wordpress\/wp-content\/uploads\/2021\/01\/48a74103-0038-48dd-9916-0f8ba7bd7e60-1-150x150.jpg\" class=\"attachment-thumbnail size-thumbnail\" alt=\"\" \/><\/a>\n\t\t\t\t<\/dt><\/dl><dl class='gallery-item'>\n\t\t\t\t<dt class='gallery-icon portrait'>\n\t\t\t\t\t<a class=\"rollover rollover-zoom dt-pswp-item\" title=\"bfc69b8f-e33d-40dc-b417-84a61c0cd14b\" data-dt-img-description=\"\" data-large_image_width=\"1200\" data-large_image_height=\"1600\"href='https:\/\/www.radiopiu.net\/wordpress\/wp-content\/uploads\/2021\/01\/bfc69b8f-e33d-40dc-b417-84a61c0cd14b-1.jpg'><img loading=\"lazy\" decoding=\"async\" width=\"150\" height=\"150\" src=\"https:\/\/www.radiopiu.net\/wordpress\/wp-content\/uploads\/2021\/01\/bfc69b8f-e33d-40dc-b417-84a61c0cd14b-1-150x150.jpg\" class=\"attachment-thumbnail size-thumbnail\" alt=\"\" \/><\/a>\n\t\t\t\t<\/dt><\/dl><dl class='gallery-item'>\n\t\t\t\t<dt class='gallery-icon landscape'>\n\t\t\t\t\t<a class=\"rollover rollover-zoom dt-pswp-item\" title=\"35d586fe-b8ac-4bf7-beb1-42e846ea85d8\" data-dt-img-description=\"\" data-large_image_width=\"1600\" data-large_image_height=\"1200\"href='https:\/\/www.radiopiu.net\/wordpress\/wp-content\/uploads\/2021\/01\/35d586fe-b8ac-4bf7-beb1-42e846ea85d8-1.jpg'><img loading=\"lazy\" decoding=\"async\" width=\"150\" height=\"150\" src=\"https:\/\/www.radiopiu.net\/wordpress\/wp-content\/uploads\/2021\/01\/35d586fe-b8ac-4bf7-beb1-42e846ea85d8-1-150x150.jpg\" class=\"attachment-thumbnail size-thumbnail\" alt=\"\" \/><\/a>\n\t\t\t\t<\/dt><\/dl><dl class='gallery-item'>\n\t\t\t\t<dt class='gallery-icon landscape'>\n\t\t\t\t\t<a class=\"rollover rollover-zoom dt-pswp-item\" title=\"e2d38c93-19f5-45d4-b5fd-df1e2b7b65b1\" data-dt-img-description=\"\" data-large_image_width=\"1600\" data-large_image_height=\"1200\"href='https:\/\/www.radiopiu.net\/wordpress\/wp-content\/uploads\/2021\/01\/e2d38c93-19f5-45d4-b5fd-df1e2b7b65b1-1.jpg'><img loading=\"lazy\" decoding=\"async\" width=\"150\" height=\"150\" src=\"https:\/\/www.radiopiu.net\/wordpress\/wp-content\/uploads\/2021\/01\/e2d38c93-19f5-45d4-b5fd-df1e2b7b65b1-1-150x150.jpg\" class=\"attachment-thumbnail size-thumbnail\" alt=\"\" \/><\/a>\n\t\t\t\t<\/dt><\/dl><dl class='gallery-item'>\n\t\t\t\t<dt class='gallery-icon landscape'>\n\t\t\t\t\t<a class=\"rollover rollover-zoom dt-pswp-item\" title=\"1cb63722-d833-4bd6-903b-fef3f95e7967\" data-dt-img-description=\"\" data-large_image_width=\"1600\" data-large_image_height=\"1200\"href='https:\/\/www.radiopiu.net\/wordpress\/wp-content\/uploads\/2021\/01\/1cb63722-d833-4bd6-903b-fef3f95e7967-1.jpg'><img loading=\"lazy\" decoding=\"async\" width=\"150\" height=\"150\" src=\"https:\/\/www.radiopiu.net\/wordpress\/wp-content\/uploads\/2021\/01\/1cb63722-d833-4bd6-903b-fef3f95e7967-1-150x150.jpg\" class=\"attachment-thumbnail size-thumbnail\" alt=\"\" \/><\/a>\n\t\t\t\t<\/dt><\/dl><dl class='gallery-item'>\n\t\t\t\t<dt class='gallery-icon landscape'>\n\t\t\t\t\t<a class=\"rollover rollover-zoom dt-pswp-item\" title=\"1cb63722-d833-4bd6-903b-fef3f95e7967\" data-dt-img-description=\"\" data-large_image_width=\"1600\" data-large_image_height=\"1200\"href='https:\/\/www.radiopiu.net\/wordpress\/wp-content\/uploads\/2021\/01\/1cb63722-d833-4bd6-903b-fef3f95e7967.jpg'><img loading=\"lazy\" decoding=\"async\" width=\"150\" height=\"150\" src=\"https:\/\/www.radiopiu.net\/wordpress\/wp-content\/uploads\/2021\/01\/1cb63722-d833-4bd6-903b-fef3f95e7967-150x150.jpg\" class=\"attachment-thumbnail size-thumbnail\" alt=\"\" \/><\/a>\n\t\t\t\t<\/dt><\/dl><br style=\"clear: both\" \/><dl class='gallery-item'>\n\t\t\t\t<dt class='gallery-icon landscape'>\n\t\t\t\t\t<a class=\"rollover rollover-zoom dt-pswp-item\" title=\"e2d38c93-19f5-45d4-b5fd-df1e2b7b65b1\" data-dt-img-description=\"\" data-large_image_width=\"1600\" data-large_image_height=\"1200\"href='https:\/\/www.radiopiu.net\/wordpress\/wp-content\/uploads\/2021\/01\/e2d38c93-19f5-45d4-b5fd-df1e2b7b65b1.jpg'><img loading=\"lazy\" decoding=\"async\" width=\"150\" height=\"150\" src=\"https:\/\/www.radiopiu.net\/wordpress\/wp-content\/uploads\/2021\/01\/e2d38c93-19f5-45d4-b5fd-df1e2b7b65b1-150x150.jpg\" class=\"attachment-thumbnail size-thumbnail\" alt=\"\" \/><\/a>\n\t\t\t\t<\/dt><\/dl><dl class='gallery-item'>\n\t\t\t\t<dt class='gallery-icon landscape'>\n\t\t\t\t\t<a class=\"rollover rollover-zoom dt-pswp-item\" title=\"35d586fe-b8ac-4bf7-beb1-42e846ea85d8\" data-dt-img-description=\"\" data-large_image_width=\"1600\" data-large_image_height=\"1200\"href='https:\/\/www.radiopiu.net\/wordpress\/wp-content\/uploads\/2021\/01\/35d586fe-b8ac-4bf7-beb1-42e846ea85d8.jpg'><img loading=\"lazy\" decoding=\"async\" width=\"150\" height=\"150\" src=\"https:\/\/www.radiopiu.net\/wordpress\/wp-content\/uploads\/2021\/01\/35d586fe-b8ac-4bf7-beb1-42e846ea85d8-150x150.jpg\" class=\"attachment-thumbnail size-thumbnail\" alt=\"\" \/><\/a>\n\t\t\t\t<\/dt><\/dl><dl class='gallery-item'>\n\t\t\t\t<dt class='gallery-icon portrait'>\n\t\t\t\t\t<a class=\"rollover rollover-zoom dt-pswp-item\" title=\"bfc69b8f-e33d-40dc-b417-84a61c0cd14b\" data-dt-img-description=\"\" data-large_image_width=\"1200\" data-large_image_height=\"1600\"href='https:\/\/www.radiopiu.net\/wordpress\/wp-content\/uploads\/2021\/01\/bfc69b8f-e33d-40dc-b417-84a61c0cd14b.jpg'><img loading=\"lazy\" decoding=\"async\" width=\"150\" height=\"150\" src=\"https:\/\/www.radiopiu.net\/wordpress\/wp-content\/uploads\/2021\/01\/bfc69b8f-e33d-40dc-b417-84a61c0cd14b-150x150.jpg\" class=\"attachment-thumbnail size-thumbnail\" alt=\"\" \/><\/a>\n\t\t\t\t<\/dt><\/dl><dl class='gallery-item'>\n\t\t\t\t<dt class='gallery-icon landscape'>\n\t\t\t\t\t<a class=\"rollover rollover-zoom dt-pswp-item\" title=\"48a74103-0038-48dd-9916-0f8ba7bd7e60\" data-dt-img-description=\"\" data-large_image_width=\"1600\" data-large_image_height=\"1374\"href='https:\/\/www.radiopiu.net\/wordpress\/wp-content\/uploads\/2021\/01\/48a74103-0038-48dd-9916-0f8ba7bd7e60.jpg'><img loading=\"lazy\" decoding=\"async\" width=\"150\" height=\"150\" src=\"https:\/\/www.radiopiu.net\/wordpress\/wp-content\/uploads\/2021\/01\/48a74103-0038-48dd-9916-0f8ba7bd7e60-150x150.jpg\" class=\"attachment-thumbnail size-thumbnail\" alt=\"\" \/><\/a>\n\t\t\t\t<\/dt><\/dl><dl class='gallery-item'>\n\t\t\t\t<dt class='gallery-icon portrait'>\n\t\t\t\t\t<a class=\"rollover rollover-zoom dt-pswp-item\" title=\"677a3f6b-91d6-407c-8a53-b93479cdb75f\" data-dt-img-description=\"\" data-large_image_width=\"1415\" data-large_image_height=\"1600\"href='https:\/\/www.radiopiu.net\/wordpress\/wp-content\/uploads\/2021\/01\/677a3f6b-91d6-407c-8a53-b93479cdb75f.jpg'><img loading=\"lazy\" decoding=\"async\" width=\"150\" height=\"150\" src=\"https:\/\/www.radiopiu.net\/wordpress\/wp-content\/uploads\/2021\/01\/677a3f6b-91d6-407c-8a53-b93479cdb75f-150x150.jpg\" class=\"attachment-thumbnail size-thumbnail\" alt=\"\" \/><\/a>\n\t\t\t\t<\/dt><\/dl><dl class='gallery-item'>\n\t\t\t\t<dt class='gallery-icon landscape'>\n\t\t\t\t\t<a class=\"rollover rollover-zoom dt-pswp-item\" title=\"666bbe82-7995-4ef4-bdfe-620f2b044121\" data-dt-img-description=\"\" data-large_image_width=\"1600\" data-large_image_height=\"1200\"href='https:\/\/www.radiopiu.net\/wordpress\/wp-content\/uploads\/2021\/01\/666bbe82-7995-4ef4-bdfe-620f2b044121.jpg'><img loading=\"lazy\" decoding=\"async\" width=\"150\" height=\"150\" src=\"https:\/\/www.radiopiu.net\/wordpress\/wp-content\/uploads\/2021\/01\/666bbe82-7995-4ef4-bdfe-620f2b044121-150x150.jpg\" class=\"attachment-thumbnail size-thumbnail\" alt=\"\" \/><\/a>\n\t\t\t\t<\/dt><\/dl><dl class='gallery-item'>\n\t\t\t\t<dt class='gallery-icon landscape'>\n\t\t\t\t\t<a class=\"rollover rollover-zoom dt-pswp-item\" title=\"4d3acbcf-c464-4af8-8506-ca3aea31f072\" data-dt-img-description=\"\" data-large_image_width=\"1600\" data-large_image_height=\"1200\"href='https:\/\/www.radiopiu.net\/wordpress\/wp-content\/uploads\/2021\/01\/4d3acbcf-c464-4af8-8506-ca3aea31f072.jpg'><img loading=\"lazy\" decoding=\"async\" width=\"150\" height=\"150\" src=\"https:\/\/www.radiopiu.net\/wordpress\/wp-content\/uploads\/2021\/01\/4d3acbcf-c464-4af8-8506-ca3aea31f072-150x150.jpg\" class=\"attachment-thumbnail size-thumbnail\" alt=\"\" \/><\/a>\n\t\t\t\t<\/dt><\/dl>\n\t\t\t\t<br style='clear: both' \/>\n\t\t\t<\/div>\n\n<p>&nbsp;<\/p>\n<hr \/>\n<p>&nbsp;<\/p>\n<blockquote>\n<h3>L&#8217;IMPEGNO DEL SOCCORSO ALPINO<\/h3>\n<\/blockquote>\n<p><strong>BELLUNO<\/strong> Sono proseguiti per tutta la giornata di ieri i lavori di sgombero dalla neve dei tetti di alcuni edifici a Santo Stefano di Cadore. Su indicazione del Centro operativo dell&#8217;Unione montana, una quarantina di soccorritori provenienti dalle Stazioni di tutto il Veneto si \u00e8 distribuita su strutture pubbliche e, in caso di criticit\u00e0 particolare, anche private, provvedendo a liberarle dallo straordinario carico di neve. Oltre a quelli del Soccorso alpino della Val Comelico, erano presenti soccorritori di Belluno, Feltre, Auronzo, Centro Cadore, Longarone, Prealpi Trevigiane, Pedemontana del Grappa, e delle squadre speleo di Vicenza e Veneto Orientale, assieme ai colleghi del Sagf. Oggi a partire dalle 8 riprender\u00e0 l&#8217;attivit\u00e0 di pulizia.<\/p>\n\n\t\t\t<style type='text\/css'>\n\t\t\t\t#gallery-7 {\n\t\t\t\t\tmargin: auto;\n\t\t\t\t}\n\t\t\t\t#gallery-7 .gallery-item {\n\t\t\t\t\tfloat: left;\n\t\t\t\t\tmargin-top: 10px;\n\t\t\t\t\ttext-align: center;\n\t\t\t\t\twidth: 25%;\n\t\t\t\t}\n\t\t\t\t#gallery-7 img {\n\t\t\t\t\tborder: 2px solid #cfcfcf;\n\t\t\t\t}\n\t\t\t\t#gallery-7 .gallery-caption {\n\t\t\t\t\tmargin-left: 0;\n\t\t\t\t}\n\t\t\t\t\/* see gallery_shortcode() in wp-includes\/media.php *\/\n\t\t\t<\/style>\n\t\t<div id='gallery-7' class='dt-gallery-container gallery galleryid-182929 gallery-columns-4 gallery-size-thumbnail'><dl class='gallery-item'>\n\t\t\t\t<dt class='gallery-icon landscape'>\n\t\t\t\t\t<a class=\"rollover rollover-zoom dt-pswp-item\" title=\"salt_20210104_184949_874\" data-dt-img-description=\"\" data-large_image_width=\"2364\" data-large_image_height=\"1773\"href='https:\/\/www.radiopiu.net\/wordpress\/wp-content\/uploads\/2021\/01\/salt_20210104_184949_874.jpg'><img loading=\"lazy\" decoding=\"async\" width=\"150\" height=\"150\" src=\"https:\/\/www.radiopiu.net\/wordpress\/wp-content\/uploads\/2021\/01\/salt_20210104_184949_874-150x150.jpg\" class=\"attachment-thumbnail size-thumbnail\" alt=\"\" \/><\/a>\n\t\t\t\t<\/dt><\/dl><dl class='gallery-item'>\n\t\t\t\t<dt class='gallery-icon landscape'>\n\t\t\t\t\t<a class=\"rollover rollover-zoom dt-pswp-item\" title=\"salt_20210104_185001_317\" data-dt-img-description=\"\" data-large_image_width=\"2364\" data-large_image_height=\"1773\"href='https:\/\/www.radiopiu.net\/wordpress\/wp-content\/uploads\/2021\/01\/salt_20210104_185001_317.jpg'><img loading=\"lazy\" decoding=\"async\" width=\"150\" height=\"150\" src=\"https:\/\/www.radiopiu.net\/wordpress\/wp-content\/uploads\/2021\/01\/salt_20210104_185001_317-150x150.jpg\" class=\"attachment-thumbnail size-thumbnail\" alt=\"\" \/><\/a>\n\t\t\t\t<\/dt><\/dl><dl class='gallery-item'>\n\t\t\t\t<dt class='gallery-icon landscape'>\n\t\t\t\t\t<a class=\"rollover rollover-zoom dt-pswp-item\" title=\"salt_20210104_185039_061\" data-dt-img-description=\"\" data-large_image_width=\"2560\" data-large_image_height=\"1432\"href='https:\/\/www.radiopiu.net\/wordpress\/wp-content\/uploads\/2021\/01\/salt_20210104_185039_061-scaled.jpg'><img loading=\"lazy\" decoding=\"async\" width=\"150\" height=\"150\" src=\"https:\/\/www.radiopiu.net\/wordpress\/wp-content\/uploads\/2021\/01\/salt_20210104_185039_061-150x150.jpg\" class=\"attachment-thumbnail size-thumbnail\" alt=\"\" \/><\/a>\n\t\t\t\t<\/dt><\/dl><dl class='gallery-item'>\n\t\t\t\t<dt class='gallery-icon landscape'>\n\t\t\t\t\t<a class=\"rollover rollover-zoom dt-pswp-item\" title=\"salt_20210104_185052_026\" data-dt-img-description=\"\" data-large_image_width=\"2560\" data-large_image_height=\"1432\"href='https:\/\/www.radiopiu.net\/wordpress\/wp-content\/uploads\/2021\/01\/salt_20210104_185052_026-scaled.jpg'><img loading=\"lazy\" decoding=\"async\" width=\"150\" height=\"150\" src=\"https:\/\/www.radiopiu.net\/wordpress\/wp-content\/uploads\/2021\/01\/salt_20210104_185052_026-150x150.jpg\" class=\"attachment-thumbnail size-thumbnail\" alt=\"\" \/><\/a>\n\t\t\t\t<\/dt><\/dl><br style=\"clear: both\" \/>\n\t\t\t<\/div>\n\n<p>&nbsp;<\/p>\n<p>&nbsp;<\/p>\n<p>&nbsp;<\/p>\n<hr \/>\n<p>&nbsp;<\/p>\n<blockquote>\n<h3>BOTTACIN FA IL PUNTO\u00a0 \u201cSITUAZIONE SOTTO CONTROLLO MA VARIE CRITICITA\u2019 ANCORA IN ATTO\u201d<\/h3>\n<\/blockquote>\n<p><strong> <a href=\"https:\/\/www.radiopiu.net\/wordpress\/giornale-radiopiu-05-gennaio-2021-direttore-mirko-mezzacasa\/bottacin-neve-2\/\" rel=\"attachment wp-att-183080\"><img loading=\"lazy\" decoding=\"async\" class=\"wp-image-183080 alignleft\" src=\"https:\/\/www.radiopiu.net\/wordpress\/wp-content\/uploads\/2021\/01\/BOTTACIN-NEVE-2-300x225.jpg\" alt=\"\" width=\"192\" height=\"145\" srcset=\"https:\/\/www.radiopiu.net\/wordpress\/wp-content\/uploads\/2021\/01\/BOTTACIN-NEVE-2-300x225.jpg 300w, https:\/\/www.radiopiu.net\/wordpress\/wp-content\/uploads\/2021\/01\/BOTTACIN-NEVE-2-1024x768.jpg 1024w, https:\/\/www.radiopiu.net\/wordpress\/wp-content\/uploads\/2021\/01\/BOTTACIN-NEVE-2-768x576.jpg 768w, https:\/\/www.radiopiu.net\/wordpress\/wp-content\/uploads\/2021\/01\/BOTTACIN-NEVE-2-1536x1152.jpg 1536w, https:\/\/www.radiopiu.net\/wordpress\/wp-content\/uploads\/2021\/01\/BOTTACIN-NEVE-2.jpg 1600w\" sizes=\"auto, (max-width: 192px) 100vw, 192px\" \/><\/a>VENEZIA<\/strong><em> \u201cLa situazione \u00e8 sotto controllo, grazie a un grande dispiegamento di uomini e mezzi della Protezione Civile e dei Vigili del Fuoco con il supporto dell\u2019Esercito. Il Ministro per i rapporti con Parlamento, Federico d\u2019Inc\u00e0,\u00a0 ha assicurato la disponibilit\u00e0 del Governo a dichiarare lo Stato di Emergenza Nazionale, con i ristori per gli enti che stanno operando sul campo&#8221;\u00a0<\/em>Lo riferiva ieri alle 12 l\u2019Assessore alla Protezione Civile della Regione Veneto, Gianpaolo Bottacin.\u00a0<em> &#8220;Rileviamo ancora criticit\u00e0 legata al rischio valanghe che, su tutta la montagna veneta, rimane a livello 4 su un massimo di 5&#8221;<\/em>.\u00a0 Dal Trentino \u00e8 arrivata anche una colonna mobile dei Vigili del Fuoco Volontari di Trento. La colonna si \u00e8 occupata dei problemi di Cibiana e Lamon. Rimane attivo il Centro Operativo Misto di Santo Stefano di Cadore.<\/p>\n<p>&nbsp;<\/p>\n<p>&nbsp;<\/p>\n<hr \/>\n<p>&nbsp;<\/p>\n<p>&nbsp;<\/p>\n<blockquote>\n<h1>Inizio inverno tra i pi\u00f9 nevosi degli ultimi quindici anni<\/h1>\n<\/blockquote>\n<p>Dopo le abbondanti nevicate del fine settimana, le condizioni di innevamento della montagna veneta risultano eccezionali. A 1500 m di quota il manto nevoso raggiunge e supera quasi ovunque i 150 cm, mentre a 2000 m, e in qualche localit\u00e0 prealpina anche a quote inferiori, supera i 200 cm. Si tratta di uno degli inizi di inverno pi\u00f9 nevosi degli ultimi 10\/15 anni, richiamando gli eccezionali inverni del 2013\/14 e soprattutto del 2008\/09, quando, come in questo caso, si ebbero ingenti nevicate gi\u00e0 a partire dall&#8217;inizio di dicembre.\u00a0 Conseguenza delle abbondanti nevicate e del consistente manto nevoso non ancora consolidatosi \u00e8 l&#8217;elevato pericolo di valanghe, che \u00e8 salito a grado 4 (forte) su una scala da 1 a 5.<\/p>\n<blockquote><p><em>Si raccomanda quindi la massima prudenza in caso di frequentazione degli ambiti non controllati della montagna e di consultare il bollettino Neve e valanghe di Arpav per avere informazioni sulla situazione del manto nevoso.<\/em><\/p><\/blockquote>\n<p>&nbsp;<\/p>\n<hr \/>\n<p>&nbsp;<\/p>\n<p>&nbsp;<\/p>\n<blockquote>\n<h3>METEO. STATO DI ATTENZIONE PER NEVICATE E RISCHIO VALANGHE<\/h3>\n<\/blockquote>\n<p><span style=\"font-size: medium;\"><img loading=\"lazy\" decoding=\"async\" class=\"alignleft\" src=\"https:\/\/www.radiopiu.net\/wordpress\/wp-content\/uploads\/2019\/05\/paravalanghe-1.png\" width=\"323\" height=\"215\" \/>Stato di attenzione per nevicate e per il rischio valanghe. Il bollettino \u00e8 valido\u00a0 fino alle 12 di\u00a0 domani. <\/span><span style=\"font-size: medium;\">La Protezione Civile, a seconda dell\u2019intensit\u00e0 dei fenomeni, pu\u00f2 riconfigurare lo stato di attenzione in stato di pre-allarme o allarme. <\/span><span style=\"font-size: medium;\">Tra il tardo pomeriggio di oggi\u00a0 e la mattina di domani sono previste modeste nevicate fino a quote collinari. Sono attesi accumuli localmente fino a 10 centimetri e sulle zone montane fino ai fondovalle prealpini e sulla pedemontana e i colli oltre i 400-600 metri di quota. <\/span><span style=\"font-size: medium;\">Attualmente la neve \u00e8 in fase di lento consolidamento sia nelle Dolomiti che nelle Prealpi. In quota molti siti da valanga non hanno ancora scaricato e sono pertanto ancora possibili i distacchi di valanghe, anche di grandi dimensioni, lungo i canaloni e i versanti noti, che in alcune situazioni possono arrivare a fondovalle. <\/span><span style=\"font-size: medium;\">Il bollettino meteo prevede che il manto nevoso continuer\u00e0 nel suo lento e graduale consolidamento negli strati superficiali. Mentre, in profondit\u00e0, dove permangono degli strati pi\u00f9 fragili, \u00e8 possibile che si rompano fino a causare un distacco di valanghe anche di grandi dimensioni. L\u2019attivit\u00e0 valanghiva spontanea prevista, sar\u00e0 pi\u00f9 frequente in quota e potr\u00e0 interessare anche la viabilit\u00e0 pi\u00f9 esposta. <\/span><span style=\"font-size: medium;\">In Pianura oggi le precipitazioni sono previste in aumento fino al 75-100%; mentre domani\u00a0 sono attese con probabilit\u00e0 bassa del 5-25%.<\/span><\/p>\n<p>&nbsp;<\/p>\n<p>&nbsp;<\/p>\n<p>&nbsp;<\/p>\n<hr \/>\n<blockquote>\n<h3><\/h3>\n<h3>POLIZIA FERROVIARIA QUASI 100MILA CONTROLLI IN UN ANNO. SUL TRENO IL CAGNOLINO OLIVER SENZA BIGLIETTO&#8230;E PROPRIETARI<\/h3>\n<\/blockquote>\n<p>&nbsp;<\/p>\n<p><strong>VENEZIA<\/strong> Nel corso dell\u2019anno appena concluso, sono state Complessivamente 98.292 le persone sottoposte a controllo identificativo dal personale del Compartimento Polizia Ferroviaria per il Veneto: di queste, 554 sono state indagate e 36 sono state arrestate, in particolare per reati contro il patrimonio o inerenti al traffico di stupefacenti.\u00a0 Oltre 5 kg di sostanze psicotrope sono stati sequestrati dagli operatori della Polizia Ferroviaria. 94 i cittadini stranieri trovati in posizione irregolare e 455 le contravvenzioni comminate, 53 i minori rintracciati e affidati alle famiglie o alle comunit\u00e0 ospitanti. Per quanto concerne, l\u2019attivit\u00e0 di contrasto alla microcriminalit\u00e0 sono state 10.946 le pattuglie impiegate, mentre 489 sono stati i servizi specifici antiborseggio, attuati in abiti civili, sia negli scali ferroviari, che a bordo dei treni, lungo le\u00a0 tratte di competenza. Numerosi anche i servizi di vigilanza sui treni effettuati allo scopo di garantire serenit\u00e0 e sicurezza ai <a href=\"https:\/\/www.radiopiu.net\/wordpress\/verso-cortina-milano-2026-il-piano-olimpico\/polfer1-2\/\" rel=\"attachment wp-att-114124\"><img loading=\"lazy\" decoding=\"async\" class=\"wp-image-114124 alignleft\" src=\"https:\/\/www.radiopiu.net\/wordpress\/wp-content\/uploads\/2020\/01\/polfer1-300x225.jpg\" alt=\"\" width=\"167\" height=\"125\" srcset=\"https:\/\/www.radiopiu.net\/wordpress\/wp-content\/uploads\/2020\/01\/polfer1-300x225.jpg 300w, https:\/\/www.radiopiu.net\/wordpress\/wp-content\/uploads\/2020\/01\/polfer1-1024x768.jpg 1024w, https:\/\/www.radiopiu.net\/wordpress\/wp-content\/uploads\/2020\/01\/polfer1-768x576.jpg 768w, https:\/\/www.radiopiu.net\/wordpress\/wp-content\/uploads\/2020\/01\/polfer1-1536x1153.jpg 1536w, https:\/\/www.radiopiu.net\/wordpress\/wp-content\/uploads\/2020\/01\/polfer1.jpg 1599w\" sizes=\"auto, (max-width: 167px) 100vw, 167px\" \/><\/a>viaggiatori: 584 le pattuglie a bordo dei convogli per un totale di 849 treni presenziati, sulle tratte ferroviarie pi\u00f9 sensibili. All\u2019inizio dell\u2019anno,\u00a0 un anziano signore di 89 anni, partito in treno da Verona, avrebbe dovuto raggiungere un conoscente che lo attendeva in stazione a Venezia S.L., ma, convinto di essere giunto a destinazione, \u00e8 sceso\u00a0 alla fermata di Porto Marghera. Dopo aver seguito il sentiero di servizio, tra i binari di marcia del treno, sentendosi smarrito, ha contattato telefonicamente la persona che lo stava attendendo nella citt\u00e0 lagunare, la quale ha chiesto l\u2019intervento della Polizia Ferroviaria di Venezia S.Lucia; gli agenti si sono subito attivati \u00a0ed hanno rintracciato e messo in salvo l\u2019anziano, facendolo ricongiungere con il suo amico. A giugno,\u00a0 avventura a lieto fine, grazie all\u2019intervento del Centro Operativo Compartimentale, anche per un altro anziano, un ottantaduenne in viaggio con il figlio sulla linea Venezia &#8211; Trieste, l\u2019uomo \u00e8 stato <a href=\"https:\/\/www.radiopiu.net\/wordpress\/prevenzione-in-stazione-coltelli-e-forbici-in-mani-sbagliate\/polfer-1024x687\/\" rel=\"attachment wp-att-5169\"><img loading=\"lazy\" decoding=\"async\" class=\" wp-image-5169 alignright\" src=\"https:\/\/www.radiopiu.net\/wordpress\/wp-content\/uploads\/2015\/05\/polfer-1024x687-300x201.jpg\" alt=\"\" width=\"219\" height=\"147\" \/><\/a>rintracciato alla stazione di S. Stino di Livenza, dove\u00a0 ha potuto essere raggiunto dal figlio. Degna di menzione pure la vicenda di Oliver,\u00a0 il cagnolino che, allontanatosi dalla casa dei suoi proprietari durante un trasloco e giunto nella stazione di S. Don\u00e0 di Piave, \u00e8 salito su un treno \u00a0diretto a Venezia. Una volta a bordo, la bestiola, disorientata, \u00a0ha attirato l\u2019attenzione di una signora che\u00a0 ha avvisato il capo treno. E\u2019 cos\u00ec scattata la segnalazione alla Polizia Ferroviaria. Quando il convoglio \u00e8 giunto alla stazione di Venezia S. Lucia, gli Agenti sono intervenuti per prendere in custodia il cagnolino e attivare gli \u00a0accertamenti, che hanno consentito di rintracciare e contattare \u00a0il proprietario di Oliver. Una recente vicenda, accaduta nella stazione di Padova, nel periodo natalizio, ha visto coinvolta una signora nigeriana, con due figli minori;\u00a0 in questo caso, la donna, in lacrime,\u00a0 si \u00e8 rivolta al personale della Polizia Ferroviaria, in quanto, priva di denaro, non sapeva dove trascorrere la notte e non aveva nessuno a cui chiedere aiuto. Gli operatori si sono immediatamente attivati, contattando varie strutture di accoglienza, e riuscendo cos\u00ec a farle vivere in serenit\u00e0 le festivit\u00e0 natalizie.<\/p>\n<p>&nbsp;<\/p>\n<hr \/>\n<blockquote>\n<h3><\/h3>\n<h3>CANER AD ALLEGHE PER TOCCARE CON MANO IL DRAMMA TURISTICO<\/h3>\n<\/blockquote>\n<p><strong><img loading=\"lazy\" decoding=\"async\" class=\"alignleft\" src=\"https:\/\/www.radiopiu.net\/wordpress\/wp-content\/uploads\/2019\/02\/259-2019-Ass.-Caner-1.jpg\" width=\"249\" height=\"167\" \/>ALLEGHE<\/strong> <em>\u201cSono qui per portare vicinanza e pieno sostegno alle attivit\u00e0 economiche duramente colpite. Tra pandemia e maltempo per le nostre montagne la situazione \u00e8 difficile. Ora abbiamo una data certa. Chiediamo ristori adeguati in caso di chiusura prolungata\u201d<\/em>. Questo il commento dell\u2019assessore al turismo della Regione del Veneto Federico Caner che questa mattina ha voluto incontrare di persona a Alleghe alcuni operatori del settore alberghiero e degli impianti di risalita. Nei giorni scorsi, grazie all&#8217;intenso lavoro delle Regioni dell&#8217;Arco Alpino tra cui anche il Veneto, il Ministro della Sanit\u00e0 Roberto Speranza ha siglato l\u2019ordinanza con la quale \u00e8 stata ufficializzata la riapertura degli impianti di risalita il 18 gennaio: <em>\u201cBene la decisione del Ministro \u2013 sottolinea l\u2019assessore &#8211; ora stiamo aspettando l&#8217;ok del Comitato scientifico per poterlo fare in estrema sicurezza. Come Regioni dell&#8217;Arco Alpino abbiamo inoltre gi\u00e0 proposto un protocollo per cui attendiamo una rapida risposta da parte del Governo\u201d. <\/em>Resta per\u00f2 ad oggi il nodo che Roma dovr\u00e0 sciogliere in merito alla classificazione della Regione: <em>\u201cAnche in questo caso ci auguriamo che la decisione arrivi in tempi brevi e comunque utili a far s\u00ec che il settore possa organizzarsi al meglio. La montagna non si organizza infatti in una giornata. \u00c8 evidente poi che se per effetto della decisione del Governo non dovesse essere possibile riaprire gli impianti noi ci aspettiamo ristori pi\u00f9 che adeguati\u201d.<\/em><\/p>\n<p>&nbsp;<\/p>\n<p>&nbsp;<\/p>\n<hr \/>\n<p>&nbsp;<\/p>\n<blockquote>\n<h3>DILLO A RADIO PIU&#8217;&#8230; TRENI CANCELLATI CAUSA METEO AVVERSO<\/h3>\n<\/blockquote>\n<p><strong>di Lucio D&#8217;Alberto_Feltre<\/strong><\/p>\n<p><strong>La Regione cosa fa per controllare certe inefficienze?<\/strong><\/p>\n<blockquote><p><em><a href=\"https:\/\/www.radiopiu.net\/wordpress\/giornale-radio-piu-direttore-mirko-mezzacasa-9-30-12-30-16-30-18-30-e-mezzanotte\/treno-di-legno-del-giocattolo-1080886\/\" rel=\"attachment wp-att-7786\"><img loading=\"lazy\" decoding=\"async\" class=\" wp-image-7786 alignleft\" src=\"https:\/\/www.radiopiu.net\/wordpress\/wp-content\/uploads\/2015\/07\/treno-di-legno-del-giocattolo-1080886-300x221.jpg\" alt=\"\" width=\"193\" height=\"142\" \/><\/a>Molti treni cancellati ieri nella tratta Feltre-Montebelluna a causa delle avverse condizioni meteo. Trenitalia adduce come causa le abbondanti nevicate e abbassamenti di temperatura illustrate nel bollettino della Protezione Civile (probabilit\u00e0 precipitazioni 20%, 0-1 cm di neve al suolo, quota neve 700-900 metri) Abbondanti precipitazioni? Il Bollettino \u00e8 chiaro, sono forse scuse per risparmiare? E poi sostituire con il bus la corsa del treno da Feltre a Montebelluna e viceversa \u00e8 in accordo con le direttive della Protezione Civile? E con il buon senso che vuole meno mezzi sulle strade anche per non ostacolare lo sgombero neve? La linea ferroviaria \u00e8 un corridoio specifico preferenziale, in questi casi lo si va ad abbandonare per riversarsi sul sistema pi\u00f9 debole delle strade dove si muovono i mezzo di soccorso che logica \u00e8? E&#8217; come se un ospedale decidesse di fare le operazioni in un ospedale da campo in una piazza per paura che la sala operatoria abbia presenza di patogeni piuttosto che fare un&#8217;ottima pulizia e disinfettare la sala in questione.\u00a0<\/em><\/p><\/blockquote>\n<p>&nbsp;<\/p>\n<hr \/>\n<p>&nbsp;<\/p>\n<blockquote>\n<h3>ZAIA CHIUDE LE SUPERIORI PER TUTTO IL MESE IN UN ARCOBALENO DI NOTIZIE SULLA PANDEMIA _quasi 17mila vaccini in pochi giorni<\/h3>\n<\/blockquote>\n<p><strong><span style=\"color: #ff0000;\">ALLE 12 DI IERI\u00a0 16.748 VACCINI PARI AL 43% DEL MAGAZZINO<\/span><\/strong><\/p>\n<p>&nbsp;<\/p>\n<blockquote>\n<h2>LEGGI LA CONFERENZA STAMPA DI LUCA ZAIA<\/h2>\n<\/blockquote>\n<p><em><span style=\"color: #0000ff;\"><strong>SCUOLE SUPERIORI CHIUSE FINO AL 1 FEBBRAIO<\/strong><\/span> viste le previsioni epidemiologiche aprire non \u00e8 prudente.\u00a0 Abbiamo persone in quarantena che si danno alla macchia, consegnano numeri di telefono sbagliati, positivi che non si trovano in casa al controllo telefonico. Cos\u00ec si mette a repentaglio la vita degli altri. Ne veniamo fuori, ma la velocit\u00e0 d&#8217;uscita \u00e8 pari all&#8217;impegno della collettivitit\u00e0.<\/em><\/p>\n<p>Ieri ho passato tutta la giornata in video conferenza e nella notte con i Governatori e il Governo con i Ministri Boccia e Speranza. C&#8217;\u00e8 preoccupazione perch\u00e9 abbiamo contezza che l&#8217;Italia ha due settimane di ritardo sulle curva europea, in proiezione c&#8217;\u00e8 il rischio di trasferisca in Italia. Nonostante le restrizioni (pesanti quelle in Germania dal 10 dicembre al 7 gennaio solo l&#8217;ultima) nei paesi europei crescono i positivi. Non possiamo sottovalutare questa situazione. In Veneto la situazione \u00e8 atipica, siamo a 15 giorni di restrizioni. Le curve non crescono ma nemmeno calano \u00e8 una sorta di altopiano. Il virus inglese ce l&#8217;abbiamo, riscontrato in pi\u00f9 sequenze. Abbiamo la certezza di averlo e che la mutazione inglese non da sintomatologie ma molto pi\u00f9 contagiosa. Come Governatori abbiamo ricordato che l&#8217;Istituto di Sanit\u00e0 e il Comitato Tecnico Scientifico hanno tutti i dati. Saranno rivisti i parametri, sostengo che se la scelta \u00e8 scientifica non c&#8217;\u00e8 nulla da dire, ma lo si faccia con scienza e coscienza senza poi chiedere agli altri di fare anche altro. Nessuna variante sul tema quindi. No alle solite discussioni a cui abbiamo assistito per settimane. Negli ospedali veneti la situazione \u00e8 importante con tutte le declinazioni del caso sempre con un grande grazie a chi nella sanit\u00e0 sta facendo un lavoro ciclopico.<span style=\"color: #ff0000;\"><strong> LA DECISIONE<\/strong><\/span> <strong>Firmo l&#8217;ordinanza per la chiusura delle scuole superiori fino al 1 febbraio stante la situazione epidemiologica. Ringrazio per il confronto la dottoressa Palumbo, i miei assessori e ho avvisato il Prefetto. Molti dei miei colleghi faranno un provvedimento simile. Non abbiamo problemi sui trasporti. Lo facciamo oggi per dare tempo alle famiglie di organizzarsi. E&#8217; una decisione prudente, anche perch\u00e9 non sappiamo in quale fascia colorata sar\u00e0 il Veneto il 7 gennaio, nemmeno quali saranno i nuovi parametri per le valutazioni.\u00a0<\/strong><\/p>\n<p>&nbsp;<\/p>\n<blockquote>\n<h3>DOTTOR LUCIANO FLOR direttore Sanit\u00e0 Veneto<\/h3>\n<\/blockquote>\n<p>Provvedimento sulla scuola coinvolge 117 000 studenti e 18 000 docenti e tecnico amministrativi. OSPEDALE\u00a0 Da quasi un mese siamo in una situazione di stabilit\u00e0 per i ricoveri in area non critica, tanti pazienti guariti e altrettanti nuovi ammalati, e negli ultimi 15 giorni, nonostante le chiusure il dato non si \u00e8 modificato. Avremo anche nuovi ricoveri in rianimazione poich\u00e9 non cala il numero dei pazienti in area non critica. Oggi sono 330 i pazienti in terapia sub intensiva, 170 sono malati appena usciti dalla rianimazione.<\/p>\n<p>Oggi contattiamo i positivi tutti i giorni o a giorni alterni, abbiamo una percentuale di persone che non risponde al telefono, in altri casi i numeri forniti risultano inesistenti.\u00a0 Centinaia di casi, non rispondere alla chiamata ripetutamente o aver dato il numero sbagliato temo comporter\u00e0 la segnalazione di queste persone<\/p>\n<p><a href=\"https:\/\/www.facebook.com\/zaiaufficiale\/videos\/358259888901932\">https:\/\/www.facebook.com\/zaiaufficiale\/videos\/358259888901932<\/a><\/p>\n<hr \/>\n<p>&nbsp;<\/p>\n<blockquote>\n<h3>BOND: SUBITO GLI INDENNIZZI O IL SISTEMA MONTAGNA SALTA<\/h3>\n<p><strong>ROMA<\/strong> <em>&#8220;Impianti di risalita e maestri di sci abbiano subito i risarcimenti necessari. Ne va della tenuta del sistema montagna\u00bb<\/em>. Cos\u00ec in una nota il deputato di Forza Italia Dario Bond, che questa mattina, con una rappresentanza di Anef, Federfuni e Collegio Maestri di Sci, insieme alle colleghe Silvia Fregolent e Claudia Porchietto ha incontrato i viceministri dell\u2019economia e delle finanze Laura Castelli e Antonio Misiani.<\/p><\/blockquote>\n<p><em><a href=\"https:\/\/www.radiopiu.net\/wordpress\/giornale-radiopiu-08-febbraio-2019-direttore-mirko-mezzacasa\/bond-40\/\" rel=\"attachment wp-att-75797\"><img loading=\"lazy\" decoding=\"async\" class=\" wp-image-75797 alignleft\" src=\"https:\/\/www.radiopiu.net\/wordpress\/wp-content\/uploads\/2019\/02\/bond-e1549601699137.jpg\" alt=\"\" width=\"121\" height=\"121\" srcset=\"https:\/\/www.radiopiu.net\/wordpress\/wp-content\/uploads\/2019\/02\/bond-e1549601699137.jpg 225w, https:\/\/www.radiopiu.net\/wordpress\/wp-content\/uploads\/2019\/02\/bond-e1549601699137-150x150.jpg 150w\" sizes=\"auto, (max-width: 121px) 100vw, 121px\" \/><\/a>\u00abAbbiamo fatto il punto sulla filiera della neve e del turismo invernale, gravemente colpito dalle chiusure imposte dal governo causa Covid. La riapertura degli impianti prevista per il 18 gennaio potrebbe essere una buona notizia, ma non basta, anche perch\u00e9 a oggi mancano le certezze su tempi e modalit\u00e0. E poi la mancata apertura durante le festivit\u00e0 provoca un danno economico enorme per gli impianti di risalita e per l\u2019indotto, un mondo fatto di maestri di sci, negozi, alberghi, bar, ristoranti, piccoli artigiani. Soprattutto le localit\u00e0 meno strutturate rischiano di chiudere definitivamente dopo questa mazzata. \u00c8 per questo che chiediamo adeguati risarcimenti e indennizzi, insieme a un intervento puntuale a supporto delle professionalit\u00e0 che lavorano con la neve. Per la montagna il turismo invernale \u00e8 ossigeno: senza, si muore\u00bb.<\/em><\/p>\n<blockquote>\n<h3><\/h3>\n<\/blockquote>\n<hr \/>\n<blockquote>\n<h3><\/h3>\n<\/blockquote>\n<h3>NEVE. DE CARLO: &#8220;IL MINISTRO D&#8217;INCA ASCOLTI TUTTE LE CAMPANE&#8221;<\/h3>\n<p>dalla rassegna stampa delle otto<\/p>\n<audio class=\"wp-audio-shortcode\" id=\"audio-182929-1\" preload=\"none\" style=\"width: 100%;\" controls=\"controls\"><source type=\"audio\/mpeg\" src=\"https:\/\/www.radiopiu.net\/wordpress\/wp-content\/uploads\/2021\/01\/LUCA-DE-CARLO-Copia.mp3?_=1\" \/><a href=\"https:\/\/www.radiopiu.net\/wordpress\/wp-content\/uploads\/2021\/01\/LUCA-DE-CARLO-Copia.mp3\">https:\/\/www.radiopiu.net\/wordpress\/wp-content\/uploads\/2021\/01\/LUCA-DE-CARLO-Copia.mp3<\/a><\/audio>\n<p><strong><a href=\"https:\/\/www.radiopiu.net\/wordpress\/giornale-radiopiu-19-maggio-2020-direttore-mirko-mezzacasa\/luca-de-carlo-8\/\" rel=\"attachment wp-att-138787\"><img loading=\"lazy\" decoding=\"async\" class=\"size-full wp-image-138787 alignleft\" src=\"https:\/\/www.radiopiu.net\/wordpress\/wp-content\/uploads\/2020\/05\/Luca-De-Carlo.jpg\" alt=\"\" width=\"165\" height=\"228\" \/><\/a>ROMA<\/strong> <span style=\"font-family: sans-serif; font-size: small;\">\u201c<em>Conosco da tempo il Ministro D&#8217;Inc\u00e0 come persona seria e onesta e non ho motivo di mettere in dubbio le sue parole, ma credo che abbia parlato con pochi sindaci, magari solo con quelli della sua coalizione. I primi cittadini con cui ho rapporti io a questo Governo chiedono invece certezze e un cambio di passo<\/em>\u201d: il sindaco di Calalzo di Cadore e senatore di Fratelli d&#8217;Italia, Luca De Carlo, replica cos\u00ec alle dichiarazioni del Ministro Federico D&#8217;Inc\u00e0 che nel corso di un&#8217;intervista rilasciata ieri mattina ad Agor\u00e0 ha affermato che \u201c<em>i sindaci del bellunese dove vivo mi hanno detto: andate avanti, non mollate, continuate, state facendo bene per il paese&#8221;. <\/em><\/span><span style=\"font-family: sans-serif; font-size: small;\"><em>\u201cI sindaci chiedono piuttosto di essere messi in condizione di dare risposte ai cittadini<\/em>\u201d, sottolinea De Carlo, che dallo scorso febbraio ricopre anche il ruolo di coordinatore veneto del partito. \u201c<em>Ad esempio, gi\u00e0 a marzo 110 amministratori veneti di Fratelli d&#8217;Italia hanno chiesto di poter usare i soldi destinati ai comuni per l&#8217;emergenza non solo per i buoni spesa, ma anche per aiutare le famiglie a sostenere le spese di affitti e bollette; in Veneto, l&#8217;emergenza alimentare non \u00e8 infatti cos\u00ec diffusa come in altre realt\u00e0 della nazione, grazie alla forte rete di solidariet\u00e0. Una richiesta pratica che arriva da quelle che sono le prime sentinelle del territorio e che ne conoscono le reali necessit\u00e0, ma che non ha avuto risposta<\/em>\u201d. <\/span><span style=\"font-family: sans-serif; font-size: small;\">De Carlo ricorda le priorit\u00e0 per i primi cittadini: \u201c<em>Avere tempi certi per la riapertura delle scuole; avere garanzie per i trasporti; poter contare al pi\u00f9 presto sui ristori per i danni provocati dalla neve dell&#8217;ultima settimana. Con il rispetto istituzionale che da sindaco e senatore devo al Ministro, gli chiedo di ascoltare tutti i sindaci, anche quelli su posizioni politiche diverse dalla sua, e fare tesoro di tutti i consigli che possiamo dargli<\/em>\u201d.<\/span><\/p>\n<p>&nbsp;<\/p>\n<hr \/>\n<p>&nbsp;<\/p>\n<p>&nbsp;<\/p>\n<blockquote>\n<h3><b>EMILIA ROMAGNA LOMBARDIA PIEMONTE E VENETO\u00a0 SUGLI EURO4<\/b><\/h3>\n<\/blockquote>\n<p><strong><a href=\"https:\/\/www.radiopiu.net\/wordpress\/giornale-radiopiu-05-gennaio-2021-direttore-mirko-mezzacasa\/download-1066\/\" rel=\"attachment wp-att-183223\"><img loading=\"lazy\" decoding=\"async\" class=\"size-medium wp-image-183223 alignleft\" src=\"https:\/\/www.radiopiu.net\/wordpress\/wp-content\/uploads\/2021\/01\/download-1-300x129.jpg\" alt=\"\" width=\"300\" height=\"129\" srcset=\"https:\/\/www.radiopiu.net\/wordpress\/wp-content\/uploads\/2021\/01\/download-1-300x129.jpg 300w, https:\/\/www.radiopiu.net\/wordpress\/wp-content\/uploads\/2021\/01\/download-1.jpg 342w\" sizes=\"auto, (max-width: 300px) 100vw, 300px\" \/><\/a>VENEZIA<\/strong>\u00a0 Le Regioni del Bacino Padano hanno condiviso la necessit\u00e0 di un rinvio fino al termine dell\u2019emergenza Covid dello stop ai veicoli Euro 4 Diesel previsto per il prossimo 11 gennaio. La richiesta sar\u00e0 avanzata nelle prossime ore al Ministero dell\u2019Ambiente. Le restrizioni al trasporto pubblico e alla mobilit\u00e0 privata e le misure di sicurezza adottate per limitare il contagio risultano incompatibili con un ulteriore intervento restrittivo sulla mobilit\u00e0 individuale. Parallelamente, per\u00f2, le quattro Regioni confermano il proprio massimo impegno per la riduzione delle emissioni inquinanti nell\u2019area padana, in un\u2019ottica di sostenibilit\u00e0 ambientale, attenzione alla qualit\u00e0 dell\u2019aria e di tutela della salute dei cittadini. Inoltre, le Regioni del Bacino Padano ribadiscono la richiesta al Governo di lavorare con urgenza a un piano straordinario di interventi strutturali che consentano di ottemperare a quanto previsto dalla condanna della Corte di Giustizia Europea del novembre 2020 circa la qualit\u00e0 dell\u2019aria nel nostro Paese, nonch\u00e9 di attuare le misure gi\u00e0 previste e condivise con la Commissione Europea, nel protocollo sottoscritto a giugno 2019 al termine del Clean Air Dialogue dal Presidente del Consiglio. Allo scopo di velocizzare il pi\u00f9 possibile questo processo, verr\u00e0 richiesto un incontro al Governo per discutere adeguate linee di finanziamento ai progetti che le quattro Regioni hanno gi\u00e0 presentato per il piano nazionale Next Generation Eu, per un valore di 2 miliardi, e per ribadire la necessit\u00e0 dell\u2019attuazione delle misure che l\u2019esecutivo si era impegnato a mettere in campo in passato e che ad oggi non hanno ancora trovato risposta concreta.<\/p>\n<p>&nbsp;<\/p>\n<p>&nbsp;<\/p>\n<hr \/>\n<p>&nbsp;<\/p>\n<blockquote>\n<h3>CAI AGORDO, VIA ALLE ISCRIZIONI SENZA AUMENTI<\/h3>\n<\/blockquote>\n<p><strong>AGORDO<\/strong> Visto il difficile momento che tutti stiamo attraversando, la Sezione Agordina del Club Alpino Italiano vuol dare un segnale di vicinanza ai propri Soci con una lieve diminuzione delle quote associative annuali. Un gesto, seppur piccolo, ma che crediamo venga apprezzato come segno di sensibilit\u00e0 e delicatezza del Consiglio Direttivo nei confronti di quanti apprezzano l&#8217;operato e la condotta di un un&#8217;Associazione che lavora sul territorio Agordino da pi\u00f9 di 152 anni.<\/p>\n<p>&nbsp;<\/p>\n<div dir=\"auto\">\n<hr \/>\n<\/div>\n<p>&nbsp;<\/p>\n<blockquote>\n<h2>GESTORI CERCASI PER LA PALESTRA DI ROCCIA E ANCHE PER IL BAR<\/h2>\n<\/blockquote>\n<p><a href=\"https:\/\/www.radiopiu.net\/wordpress\/giornale-radiopiu-05-gennaio-2021-direttore-mirko-mezzacasa\/download-1067\/\" rel=\"attachment wp-att-183234\"><img loading=\"lazy\" decoding=\"async\" class=\" wp-image-183234 alignleft\" src=\"https:\/\/www.radiopiu.net\/wordpress\/wp-content\/uploads\/2021\/01\/download-2.jpg\" alt=\"\" width=\"159\" height=\"119\" \/><\/a><strong>SAN TOMASO<\/strong> Quasi ci siamo per la palestra di roccia artificiale\u00a0 Vertik Area Dolomiti\u00a0 in localit\u00e0 al Pian. E&#8217; iniziata la\u00a0 ricerca di un gestore, sono state esaminate due indagini di mercato per l&#8217;individuazione degli interessati.\u00a0 Chiunque abbia interesse ad essere invitato alla gara, pu\u00f2 manifestarlo per iscritto all&#8217;indirizzo di posta elettronica protocollo.comune.santomaso.bl@pecveneto.it, entro le 10 del 18 gennaio.Sono in corso i lavori per la costruzione del campo di ghiaccio che d&#8217;estate sar\u00e0 adibito al tennis.<\/p>\n<p>&nbsp;<\/p>\n<hr \/>\n<p>&nbsp;<\/p>\n<p>&nbsp;<\/p>\n<blockquote>\n<h3>APPROVATO IL PROGETTO DEFINITIVO-ESECUTIVO DI RIQUALIFICAZIONE DI VIALE ACHILLE GAGGIA<\/h3>\n<\/blockquote>\n<p><strong><a href=\"https:\/\/www.radiopiu.net\/wordpress\/omaggi-a-feltre-dallalto\/94e3b68b-d386-4f94-8aa8-30105c25932b\/\" rel=\"attachment wp-att-145789\"><img loading=\"lazy\" decoding=\"async\" class=\"size-medium wp-image-145789 alignleft\" src=\"https:\/\/www.radiopiu.net\/wordpress\/wp-content\/uploads\/2020\/06\/94e3b68b-d386-4f94-8aa8-30105c25932b-300x225.jpg\" alt=\"\" width=\"300\" height=\"225\" srcset=\"https:\/\/www.radiopiu.net\/wordpress\/wp-content\/uploads\/2020\/06\/94e3b68b-d386-4f94-8aa8-30105c25932b-300x225.jpg 300w, https:\/\/www.radiopiu.net\/wordpress\/wp-content\/uploads\/2020\/06\/94e3b68b-d386-4f94-8aa8-30105c25932b-768x576.jpg 768w, https:\/\/www.radiopiu.net\/wordpress\/wp-content\/uploads\/2020\/06\/94e3b68b-d386-4f94-8aa8-30105c25932b.jpg 960w\" sizes=\"auto, (max-width: 300px) 100vw, 300px\" \/><\/a>FELTRE <\/strong>La giunta comunale di Feltre ha approvato, nella sua ultima seduta, il progetto definitivo di riqualificazione ciclopedonale di viale Gaggia. Rispetto al progetto preliminare, sono state apportate alcune ulteriori migliorie e razionalizzazioni, mantenendo peraltro l\u2019impianto della proposta che prevede: la realizzazione di una corsia per il transito delle auto della larghezza di 3 m. a senso unico in direzione ospedale\/viale Marconi; la realizzazione di un percorso ciclabile, a doppio senso, della larghezza di 2,5 metri adiacente a quello veicolare sul lato verso Pr\u00e0 del Moro; la posa in opera, sempre verso l\u2019area di Pr\u00e0 del Moro, di un cordolo di sicurezza che lo separa da un percorso pedonale in ghiaino; L\u2019installazione di 9 lampioncini a led per l\u2019illuminazione dell\u2019intera sezione del viale; La piantumazione lungo il viale di un filare di tigli a \u201cpronto effetto\u201d. Il progetto, che prevede un costo complessivo di circa 180 mila euro, \u00e8 cofinanziato grazie ad un contributo del Ministero dell\u2019Ambiente nell\u2019ambito del \u201cprogramma sperimentale nazionale di mobilit\u00e0 sostenibile casa-scuola e casa-lavoro&#8221; che vede partners territoriali la Provincia di Belluno quale capofila e i Comuni di Belluno, Feltre e Sedico, la ULSS n. 1 Dolomiti e Dolomitibus.<\/p>\n<p><strong>L&#8217;ASSESSORE DEL COMUNE DI FELTRE VALTER BONAN<\/strong><\/p>\n<audio class=\"wp-audio-shortcode\" id=\"audio-182929-2\" preload=\"none\" style=\"width: 100%;\" controls=\"controls\"><source type=\"audio\/mpeg\" src=\"https:\/\/www.radiopiu.net\/wordpress\/wp-content\/uploads\/2021\/01\/Audio-Bonan-su-progetto-viale-Gaggia.mp3?_=2\" \/><a href=\"https:\/\/www.radiopiu.net\/wordpress\/wp-content\/uploads\/2021\/01\/Audio-Bonan-su-progetto-viale-Gaggia.mp3\">https:\/\/www.radiopiu.net\/wordpress\/wp-content\/uploads\/2021\/01\/Audio-Bonan-su-progetto-viale-Gaggia.mp3<\/a><\/audio>\n<p>&nbsp;<\/p>\n<p>&nbsp;<\/p>\n<hr \/>\n<p>&nbsp;<\/p>\n<blockquote>\n<h3>SCUOLA APERTA AI LICEI GALILEI-TIZIANO<\/h3>\n<\/blockquote>\n<p><strong>BELLUNO <\/strong>Sabato alle 15 ultimo incontro di Scuola aperta per gli indirizzi scientifici dei Licei Galilei-Tiziano.\u00a0 Gli allievi del Galilei, hanno messo a disposizione le proprie competenze tecniche per la registrazione di video e di tour virtuali dei laboratori e della scuola. Sul sito della scuola (<a href=\"http:\/\/www.liceibelluno.gov.it\">www.liceibelluno.gov.it<\/a>)\u00a0 \u00e8 attivo il link dedicato per iscriversi all\u2019incontro di sabato, che si terr\u00e0 sempre mediante il software di videoconferenza Zoom. Al raggiungimento dei cento iscritti il link verr\u00e0 temporaneamente chiuso e riattivato dopo quella data per l\u2019iscrizione all\u2019appuntamento successivo, che sar\u00e0 invece dedicato al Liceo Classico, l&#8217;incontro si terr\u00e0 sabato 16 gennaio, sempre alle 15.<\/p>\n<p>&nbsp;<\/p>\n<p>&nbsp;<\/p>\n<hr \/>\n<p>&nbsp;<\/p>\n<blockquote>\n<h3>ARTE E ARTIGIANATO IN PIAZZALE RESISTENZA<\/h3>\n<\/blockquote>\n<p><strong><a href=\"https:\/\/www.radiopiu.net\/wordpress\/giornale-radiopiu-05-gennaio-2021-direttore-mirko-mezzacasa\/vetrina-confartigianato_presidente-scarzanella_carlo-garbuio-2\/\" rel=\"attachment wp-att-183083\"><img loading=\"lazy\" decoding=\"async\" class=\" wp-image-183083 alignleft\" src=\"https:\/\/www.radiopiu.net\/wordpress\/wp-content\/uploads\/2021\/01\/Vetrina-Confartigianato_presidente-Scarzanella_Carlo-Garbuio-300x225.jpeg\" alt=\"\" width=\"216\" height=\"163\" srcset=\"https:\/\/www.radiopiu.net\/wordpress\/wp-content\/uploads\/2021\/01\/Vetrina-Confartigianato_presidente-Scarzanella_Carlo-Garbuio-300x225.jpeg 300w, https:\/\/www.radiopiu.net\/wordpress\/wp-content\/uploads\/2021\/01\/Vetrina-Confartigianato_presidente-Scarzanella_Carlo-Garbuio-1024x768.jpeg 1024w, https:\/\/www.radiopiu.net\/wordpress\/wp-content\/uploads\/2021\/01\/Vetrina-Confartigianato_presidente-Scarzanella_Carlo-Garbuio-768x576.jpeg 768w, https:\/\/www.radiopiu.net\/wordpress\/wp-content\/uploads\/2021\/01\/Vetrina-Confartigianato_presidente-Scarzanella_Carlo-Garbuio-1536x1152.jpeg 1536w, https:\/\/www.radiopiu.net\/wordpress\/wp-content\/uploads\/2021\/01\/Vetrina-Confartigianato_presidente-Scarzanella_Carlo-Garbuio.jpeg 1600w\" sizes=\"auto, (max-width: 216px) 100vw, 216px\" \/><\/a>BELLUNO<\/strong>\u00a0 La vetrina di Confartigianato Belluno si colora degli acquerelli utilizzati da Roberto Garbuio. Piccoli quadri per rivestire le opere d\u2019arte dell\u2019artigianato locale. \u00c8 l\u2019iniziativa natalizia dell\u2019associazione, che dall\u2019estate scorsa ha aperto su Piazzale Resistenza la vetrina del \u201csaper fare\u201d. E che da una settimana a questa parte ha deciso di esporre il made in Belluno in veste artistica. Tisane, biscotti, cioccolate, prodotti da forno e molto altro: il tutto confezionato nei prestigiosi acquerelli utilizzati dalla pasticceria Garbuio, che qualche anno fa aveva lanciato le \u201cDolcezze Dolo.Mitiche\u201d, con disegni e dolci che erano diventati un vero e proprio must.<\/p>\n<p><em>\u00abRoberto aveva legato ai suoi prodotti un\u2019immagine precisa, quella degli acquerelli, e una leggenda &#8211; dice la presidente di confartigianato Claudia Scarzanella in foto con Carlo Garbuio -. Ogni confezione infatti propone una piccola opera d\u2019arte, che racconta la leggenda dei Monti Pallidi. Questo sta a significare che l\u2019amore per il lavoro non sta solo nel prodotto in s\u00e9, ma anche nella cura con cui viene confezionato. Da qui l\u2019idea di proporre gli acquerelli nella nostra vetrina, e ringraziamo tutti coloro che hanno collaborato alla realizzazione&#8221;<\/em><\/p>\n<p>&nbsp;<\/p>\n<p>&nbsp;<\/p>\n<hr \/>\n<p>&nbsp;<\/p>\n<blockquote>\n<h3>GLI ALPINI DI ROCCA PIETORE IN AIUTO PER LA SPESA<\/h3>\n<\/blockquote>\n<p><strong>ROCCA PIETORE<\/strong> Il Gruppo Alpini di Rocca con componenti facenti parte anche il neonato Gruppo ANA Comunale di Protezione Civile, d\u00e0 disponibilit\u00e0 per consegnare la spesa (preventivamente ordinata e pagata al negozio) a coloro i quali si trovano impossibilitati a muoversi, causa Covid. Eventualmente chiamate o meglio mandate un messaggio a questo numero 3406936014 e prendete accordi<\/p>\n<p>&nbsp;<\/p>\n<p>&nbsp;<\/p>\n<hr \/>\n<p>&nbsp;<\/p>\n<blockquote>\n<h3>&#8220;LE MUSE E LE DOLOMITI&#8221; OGGI CON IL CONCERTO IN STREAMING<\/h3>\n<\/blockquote>\n<p><a href=\"https:\/\/www.radiopiu.net\/wordpress\/le-muse-e-le-dolomiti-la-vigilia-dellepifania-con-il-concerto-in-streaming\/musedolomiti_direttastreaming\/\" rel=\"attachment wp-att-182361\"><img loading=\"lazy\" decoding=\"async\" class=\"size-medium wp-image-182361 alignleft\" src=\"https:\/\/www.radiopiu.net\/wordpress\/wp-content\/uploads\/2020\/12\/MuseDolomiti_DirettaStreaming-212x300.jpg\" alt=\"\" width=\"212\" height=\"300\" srcset=\"https:\/\/www.radiopiu.net\/wordpress\/wp-content\/uploads\/2020\/12\/MuseDolomiti_DirettaStreaming-212x300.jpg 212w, https:\/\/www.radiopiu.net\/wordpress\/wp-content\/uploads\/2020\/12\/MuseDolomiti_DirettaStreaming-725x1024.jpg 725w, https:\/\/www.radiopiu.net\/wordpress\/wp-content\/uploads\/2020\/12\/MuseDolomiti_DirettaStreaming-768x1085.jpg 768w, https:\/\/www.radiopiu.net\/wordpress\/wp-content\/uploads\/2020\/12\/MuseDolomiti_DirettaStreaming.jpg 886w\" sizes=\"auto, (max-width: 212px) 100vw, 212px\" \/><\/a>L\u2019associazione culturale \u201cLe Muse e le Dolomiti\u201d, come tutti gli artisti e tutti gli enti dello spettacolo, ha sofferto pesantemente le restrizioni messe in atto per contrastare la pandemia. Nonostante questo, anche nel 2020 l\u2019associazione ha continuato a rappresentare un punto di riferimento per la musica classica nel territorio, da tutti riconosciuto per l&#8217;alta qualit\u00e0 dell\u2019offerta di respiro internazionale. Con i \u201csoli\u201d sei eventi realizzati nell\u2019Agordino la stagione estiva \u00e8 stata molto ridotta in rispetto al solito, ma ha generato comunque grandi emozioni e soddisfazioni. Mai come ora l\u2019associazione Le Muse e le Dolomiti desidera iniziare l\u2019anno nuovo con musica, cultura e bellezza e per questo motivo propone, in collaborazione con Radio Pi\u00f9, un concerto in diretta streaming, che vuole essere in primis un \u201csegnale di vitalit\u00e0 nella tradizione\u201d. Al tramonto della vigilia dell\u2019Epifania, le cime delle montagne della Valle del Biois vengono illuminate dai Pavarui, i tradizionali fal\u00f2. La stessa sera sar\u00e0 possibile seguire online il concerto del trio composto da Oda Zoe Hochscheid, Doris Hochscheid e Frans van Ruth. I tre musicisti hanno messo \u201cin valigia\u201d un grande numero di spartiti per mezzosoprano, violoncello e pianoforte, provenienti dai vari paesi dell\u2019Europa geografica, scritti in quattro lingue diverse. Le musiche porteranno il pubblico \u201ca zonzo\u201d dall\u2019inizio dell\u2019epoca romantica fino alla sua trasformazione stilistica. Il concerto \u00e8 uno \u201czigzag\u201d musicale mirato: <em>non si esce da casa, ma si pu\u00f2 viaggiare con le emozionanti note di questo repertorio senza confini, che unisce l\u2019Europa e il mondo<\/em>. Oda Zoe Hochscheid, mezzosoprano attiva a livello internazionale considerata dalla stampa \u201cuna cantante di verificata e solida preparazione oltre che di sensibilit\u00e0 interpretative\u201d \u00e8 anche fondatrice e presidente dell\u2019associazione \u201cLe Muse e le Dolomiti\u201d, che da nove anni s\u2019impegna per dare un servizio culturale di alto livello al territorio. In questo concerto unisce le forze con il duo di Doris Hochscheid, violoncellista, e Frans van Ruth, pianista, vincitori del prestigioso premio ECHO Klassik 2016, richiesti a livello internazionale, e conosciuti nel mondo della musica classica particolarmente per la loro serie CD \u201cDutch Cello Sonatas\u201d, uscita con la rinnomata casa Musikproduktion Dabringhaus und Grimm (MDG). RADIO PIU\u2019, partner del progetto, curer\u00e0 la diretta streaming, attivata poco prima delle ore 20:30 del giorno 5 gennaio 2021 sulla pagina facebook @radiopi\u00f9 e sul sito web della radio <a href=\"http:\/\/www.xn--radiopi-41a.net\">www.radiopi\u00f9.net<\/a>. I titoli e i testi dei brani eseguiti saranno resi disponibili in diretta nei commenti durante lo streaming facebook. Sul sito dell\u2019associazione invece sar\u00e0 possibile, dal 3 gennaio 2021 in poi, scaricare il programma sala in pdf.<\/p>\n<p>&nbsp;<\/p>\n<hr \/>\n<p>&nbsp;<\/p>\n<blockquote class=\"wp-embedded-content\" data-secret=\"nozVuaGzE2\"><p><a href=\"https:\/\/www.radiopiu.net\/wordpress\/concerto-per-violini-con-agordo-musica\/\">CONCERTO PER VIOLINI  CON AGORDO MUSICA<\/a><\/p><\/blockquote>\n<p><iframe loading=\"lazy\" class=\"wp-embedded-content\" sandbox=\"allow-scripts\" security=\"restricted\" style=\"position: absolute; clip: rect(1px, 1px, 1px, 1px);\" title=\"&#8220;CONCERTO PER VIOLINI  CON AGORDO MUSICA&#8221; &#8212; Radio Pi\u00f9\" src=\"https:\/\/www.radiopiu.net\/wordpress\/concerto-per-violini-con-agordo-musica\/embed\/#?secret=nozVuaGzE2\" data-secret=\"nozVuaGzE2\" width=\"600\" height=\"338\" frameborder=\"0\" marginwidth=\"0\" marginheight=\"0\" scrolling=\"no\"><\/iframe><\/p>\n<p>&nbsp;<\/p>\n<hr \/>\n<p>&nbsp;<\/p>\n<p>&nbsp;<\/p>\n<blockquote>\n<h2>L&#8217;ATTACCAMENO DELLE &#8220;NOSTRE&#8221; BOMBERINE A FALCADE<\/h2>\n<h3><a href=\"https:\/\/www.radiopiu.net\/wordpress\/11-gennaio-lanniversario-250-anni-dopo\/d03824d0-f7b0-4011-a9dc-38c50fe4cd52\/\" rel=\"attachment wp-att-183228\"><img loading=\"lazy\" decoding=\"async\" class=\" wp-image-183228 alignleft\" src=\"https:\/\/www.radiopiu.net\/wordpress\/wp-content\/uploads\/2021\/01\/d03824d0-f7b0-4011-a9dc-38c50fe4cd52-169x300.jpg\" alt=\"\" width=\"82\" height=\"146\" srcset=\"https:\/\/www.radiopiu.net\/wordpress\/wp-content\/uploads\/2021\/01\/d03824d0-f7b0-4011-a9dc-38c50fe4cd52-169x300.jpg 169w, https:\/\/www.radiopiu.net\/wordpress\/wp-content\/uploads\/2021\/01\/d03824d0-f7b0-4011-a9dc-38c50fe4cd52-576x1024.jpg 576w, https:\/\/www.radiopiu.net\/wordpress\/wp-content\/uploads\/2021\/01\/d03824d0-f7b0-4011-a9dc-38c50fe4cd52-768x1366.jpg 768w, https:\/\/www.radiopiu.net\/wordpress\/wp-content\/uploads\/2021\/01\/d03824d0-f7b0-4011-a9dc-38c50fe4cd52-864x1536.jpg 864w, https:\/\/www.radiopiu.net\/wordpress\/wp-content\/uploads\/2021\/01\/d03824d0-f7b0-4011-a9dc-38c50fe4cd52.jpg 899w\" sizes=\"auto, (max-width: 82px) 100vw, 82px\" \/><\/a><\/h3>\n<blockquote>\n<h3>INIZIO DEL NUOVO ANNO CON LIBRO E VIDEO PROMO<\/h3>\n<\/blockquote>\n<p><strong>FALCADE<\/strong> Un libro &#8220;Ma se segno abbiamo vinto&#8221;, 10 anni di Bomberine, notizie di calcio a cinque&#8230; e di vita.\u00a0 E poi da ieri in rete c&#8217;\u00e8 pure un video.<\/p>\n<blockquote><p><em><strong> L&#8217;omaggio per il nuovo anno delle Bomberine, la squadra di calcio ormai di casa a Falcade, estate ed inverno<\/strong><\/em><\/p><\/blockquote>\n<\/blockquote>\n<div style=\"width: 848px;\" class=\"wp-video\"><video class=\"wp-video-shortcode\" id=\"video-182929-2\" width=\"848\" height=\"480\" preload=\"metadata\" controls=\"controls\"><source type=\"video\/mp4\" src=\"https:\/\/www.radiopiu.net\/wordpress\/wp-content\/uploads\/2021\/01\/WhatsApp-Video-2021-01-04-at-17.47.17.mp4?_=2\" \/><a href=\"https:\/\/www.radiopiu.net\/wordpress\/wp-content\/uploads\/2021\/01\/WhatsApp-Video-2021-01-04-at-17.47.17.mp4\">https:\/\/www.radiopiu.net\/wordpress\/wp-content\/uploads\/2021\/01\/WhatsApp-Video-2021-01-04-at-17.47.17.mp4<\/a><\/video><\/div>\n<p>&nbsp;<\/p>\n<hr \/>\n<p>&nbsp;<\/p>\n<blockquote>\n<h3><strong>QUEST&#8217;ANNO LA BEFANA NON SARA&#8217; IN PIAZZA DEI MARTIRI A BELLUNO\u00a0<\/strong><\/h3>\n<p><strong><em>&#8220;L&#8217;appuntamento per\u00f2 \u00e8 solo rinviato: arrivederci al 6 gennaio 2022 per l&#8217;8^ edizione<\/em><\/strong><\/p><\/blockquote>\n<p><strong>BELLUNO<\/strong> Anche la Befana quest&#8217;anno rispetter\u00e0 le disposizioni anti Covid e non sar\u00e0 presente in piazza dei Martiri a Belluno\u00a0 domani a quello che era ormai diventato il tradizionale appuntamento della Befana del Vigile\u201d. Cos\u00ec i presidenti del Circolo Bellunese auto e moto d&#8217;epoca &#8220;Berto Gidoni&#8221;, del Gentlemen Drivers Club Belluno, dell\u2019Alfa Romeo Club Belluno e degli Amici della Topolino nell&#8217;annunciare l&#8217;annullamento della manifestazione.<em> &#8220;Siamo veramente dispiaciuti &#8211; dicono i presidenti &#8211; perch\u00e9 nelle ultime edizioni abbiamo visto ritrovarsi in piazza centinaia di bambini ansiosi, e talvolta timorosi, di ricevere in dono un sacchetto di dolciumi dalla graziosa vecchietta. L&#8217;entusiasmo dei bambini \u00e8 sempre stato l&#8217;ideale cornice alla presenza di tanti veicoli d&#8217;epoca portati in piazza per l&#8217;occasione dai soci dei sodalizi che non hanno mai mancato di omaggiare la presenza sulla pedana del Vigile urbano con un pacco dono destinato all&#8217;aiuto di chi pi\u00f9 ne ha bisogno. In quest&#8217;anno veramente difficile il nostro impegno a favore della mensa dei poveri dei Frati di Mussoi non verr\u00e0 comunque meno seppur privato della parte pubblica della manifestazione. Il giorno dell&#8217;Epifania rispetteremo la tradizione consegnando ai Frati un concreto aiuto affinch\u00e9 non venga a mancare la solidariet\u00e0 nei confronti dei meno fortunati&#8221;.<\/em><\/p>\n\n\t\t\t<style type='text\/css'>\n\t\t\t\t#gallery-8 {\n\t\t\t\t\tmargin: auto;\n\t\t\t\t}\n\t\t\t\t#gallery-8 .gallery-item {\n\t\t\t\t\tfloat: left;\n\t\t\t\t\tmargin-top: 10px;\n\t\t\t\t\ttext-align: center;\n\t\t\t\t\twidth: 33%;\n\t\t\t\t}\n\t\t\t\t#gallery-8 img {\n\t\t\t\t\tborder: 2px solid #cfcfcf;\n\t\t\t\t}\n\t\t\t\t#gallery-8 .gallery-caption {\n\t\t\t\t\tmargin-left: 0;\n\t\t\t\t}\n\t\t\t\t\/* see gallery_shortcode() in wp-includes\/media.php *\/\n\t\t\t<\/style>\n\t\t<div id='gallery-8' class='dt-gallery-container gallery galleryid-182929 gallery-columns-3 gallery-size-thumbnail'><dl class='gallery-item'>\n\t\t\t\t<dt class='gallery-icon landscape'>\n\t\t\t\t\t<a class=\"rollover\" href='https:\/\/www.radiopiu.net\/wordpress\/giornale-radiopiu-05-gennaio-2021-direttore-mirko-mezzacasa\/imgp6508\/'><img loading=\"lazy\" decoding=\"async\" width=\"150\" height=\"150\" src=\"https:\/\/www.radiopiu.net\/wordpress\/wp-content\/uploads\/2021\/01\/IMGP6508-150x150.jpg\" class=\"attachment-thumbnail size-thumbnail\" alt=\"\" \/><\/a>\n\t\t\t\t<\/dt><\/dl><dl class='gallery-item'>\n\t\t\t\t<dt class='gallery-icon landscape'>\n\t\t\t\t\t<a class=\"rollover\" href='https:\/\/www.radiopiu.net\/wordpress\/giornale-radiopiu-05-gennaio-2021-direttore-mirko-mezzacasa\/imgp6510\/'><img loading=\"lazy\" decoding=\"async\" width=\"150\" height=\"150\" src=\"https:\/\/www.radiopiu.net\/wordpress\/wp-content\/uploads\/2021\/01\/IMGP6510-150x150.jpg\" class=\"attachment-thumbnail size-thumbnail\" alt=\"\" \/><\/a>\n\t\t\t\t<\/dt><\/dl><dl class='gallery-item'>\n\t\t\t\t<dt class='gallery-icon landscape'>\n\t\t\t\t\t<a class=\"rollover\" href='https:\/\/www.radiopiu.net\/wordpress\/giornale-radiopiu-05-gennaio-2021-direttore-mirko-mezzacasa\/imgp6484\/'><img loading=\"lazy\" decoding=\"async\" width=\"150\" height=\"150\" src=\"https:\/\/www.radiopiu.net\/wordpress\/wp-content\/uploads\/2021\/01\/IMGP6484-150x150.jpg\" class=\"attachment-thumbnail size-thumbnail\" alt=\"\" \/><\/a>\n\t\t\t\t<\/dt><\/dl><br style=\"clear: both\" \/>\n\t\t\t<\/div>\n\n<div><\/div>\n<div><\/div>\n<p>&nbsp;<\/p>\n<hr \/>\n<p>&nbsp;<\/p>\n<blockquote>\n<h3>ONDA ROSA, IL CALENDARIO<\/h3>\n<p><em>Onda Rosa, l\u2019associazione nata in Alpago con l\u2019obiettivo di dare un sostegno alle donne che ricevono una diagnosi di tumore alla mammella. E creare una rete di supporto affinch\u00e9 nessuna persona si sente sola, lungo un tratto di cammino da affrontare in salita.\u00a0<\/em><\/p>\n<h2><a class=\"dt-pswp-item\" href=\"https:\/\/www.radiopiu.net\/wordpress\/wp-content\/uploads\/2020\/12\/133672892_196065122215184_1143922138625906188_n.jpg\" data-dt-img-description=\"\" data-large_image_width=\"526\" data-large_image_height=\"526\"><img loading=\"lazy\" decoding=\"async\" class=\"wp-image-182203 alignleft\" src=\"https:\/\/www.radiopiu.net\/wordpress\/wp-content\/uploads\/2020\/12\/133672892_196065122215184_1143922138625906188_n-300x300.jpg\" alt=\"\" width=\"116\" height=\"116\" srcset=\"https:\/\/www.radiopiu.net\/wordpress\/wp-content\/uploads\/2020\/12\/133672892_196065122215184_1143922138625906188_n-300x300.jpg 300w, https:\/\/www.radiopiu.net\/wordpress\/wp-content\/uploads\/2020\/12\/133672892_196065122215184_1143922138625906188_n-150x150.jpg 150w, https:\/\/www.radiopiu.net\/wordpress\/wp-content\/uploads\/2020\/12\/133672892_196065122215184_1143922138625906188_n.jpg 526w\" sizes=\"auto, (max-width: 116px) 100vw, 116px\" \/><\/a><\/h2>\n<\/blockquote>\n<div class=\"o9v6fnle cxmmr5t8 oygrvhab hcukyx3x c1et5uql ii04i59q\">\n<div dir=\"auto\">Vi indichiamo i punti di appoggio dove potete trovare la vostra copia. Grazie a tutti questi negozi e centri per darci la loro disponibilit\u00e0<\/div>\n<div dir=\"auto\"><\/div>\n<\/div>\n<div class=\"o9v6fnle cxmmr5t8 oygrvhab hcukyx3x c1et5uql ii04i59q\">\n<div dir=\"auto\"><span class=\"pq6dq46d tbxw36s4 knj5qynh kvgmc6g5 ditlmg2l oygrvhab nvdbi5me sf5mxxl7 gl3lb2sf hhz5lgdu\"><img loading=\"lazy\" decoding=\"async\" src=\"https:\/\/static.xx.fbcdn.net\/images\/emoji.php\/v9\/t2d\/1\/16\/1f4cd.png\" alt=\"&#x1f4cd;\" width=\"16\" height=\"16\" \/><\/span>Oncologia Belluno<\/div>\n<div dir=\"auto\"><span class=\"pq6dq46d tbxw36s4 knj5qynh kvgmc6g5 ditlmg2l oygrvhab nvdbi5me sf5mxxl7 gl3lb2sf hhz5lgdu\"><img loading=\"lazy\" decoding=\"async\" src=\"https:\/\/static.xx.fbcdn.net\/images\/emoji.php\/v9\/t2d\/1\/16\/1f4cd.png\" alt=\"&#x1f4cd;\" width=\"16\" height=\"16\" \/><\/span>Capelli e Vanit\u00e0, Via Luigi Zuppani, 6, 32100 Belluno BL<\/div>\n<div dir=\"auto\"><span class=\"pq6dq46d tbxw36s4 knj5qynh kvgmc6g5 ditlmg2l oygrvhab nvdbi5me sf5mxxl7 gl3lb2sf hhz5lgdu\"><img loading=\"lazy\" decoding=\"async\" src=\"https:\/\/static.xx.fbcdn.net\/images\/emoji.php\/v9\/t2d\/1\/16\/1f4cd.png\" alt=\"&#x1f4cd;\" width=\"16\" height=\"16\" \/><\/span>Farmacie Dolomiti a Belluno, Trichiana, Lozzo di Cadore e Lorenzago<\/div>\n<div dir=\"auto\"><span class=\"pq6dq46d tbxw36s4 knj5qynh kvgmc6g5 ditlmg2l oygrvhab nvdbi5me sf5mxxl7 gl3lb2sf hhz5lgdu\"><img loading=\"lazy\" decoding=\"async\" src=\"https:\/\/static.xx.fbcdn.net\/images\/emoji.php\/v9\/t2d\/1\/16\/1f4cd.png\" alt=\"&#x1f4cd;\" width=\"16\" height=\"16\" \/><\/span>Officine Bortoluzzi, Viale Alpago, 27, 32016 Farra D&#8217;Alpago BL<\/div>\n<div dir=\"auto\"><span class=\"pq6dq46d tbxw36s4 knj5qynh kvgmc6g5 ditlmg2l oygrvhab nvdbi5me sf5mxxl7 gl3lb2sf hhz5lgdu\"><img loading=\"lazy\" decoding=\"async\" src=\"https:\/\/static.xx.fbcdn.net\/images\/emoji.php\/v9\/t2d\/1\/16\/1f4cd.png\" alt=\"&#x1f4cd;\" width=\"16\" height=\"16\" \/><\/span>Edil Tecnica, Via Giuseppe Verdi, 32015 Puos d&#8217;Alpago BL<\/div>\n<div dir=\"auto\"><span class=\"pq6dq46d tbxw36s4 knj5qynh kvgmc6g5 ditlmg2l oygrvhab nvdbi5me sf5mxxl7 gl3lb2sf hhz5lgdu\"><img loading=\"lazy\" decoding=\"async\" src=\"https:\/\/static.xx.fbcdn.net\/images\/emoji.php\/v9\/t2d\/1\/16\/1f4cd.png\" alt=\"&#x1f4cd;\" width=\"16\" height=\"16\" \/><\/span>Alimentari Z3S, via Tancon 2, Canale d\u2019Agordo 32020<\/div>\n<div dir=\"auto\"><span class=\"pq6dq46d tbxw36s4 knj5qynh kvgmc6g5 ditlmg2l oygrvhab nvdbi5me sf5mxxl7 gl3lb2sf hhz5lgdu\"><img loading=\"lazy\" decoding=\"async\" src=\"https:\/\/static.xx.fbcdn.net\/images\/emoji.php\/v9\/t2d\/1\/16\/1f4cd.png\" alt=\"&#x1f4cd;\" width=\"16\" height=\"16\" \/><\/span>La Baita Mussoi, Via Gregorio XVI, 100, 32100 Belluno BL<\/div>\n<div dir=\"auto\"><span class=\"pq6dq46d tbxw36s4 knj5qynh kvgmc6g5 ditlmg2l oygrvhab nvdbi5me sf5mxxl7 gl3lb2sf hhz5lgdu\"><img loading=\"lazy\" decoding=\"async\" src=\"https:\/\/static.xx.fbcdn.net\/images\/emoji.php\/v9\/t2d\/1\/16\/1f4cd.png\" alt=\"&#x1f4cd;\" width=\"16\" height=\"16\" \/><\/span>La Nuvola, Via Primo Maggio, 2, 32014 Ponte Nelle Alpi BL<\/div>\n<\/div>\n<div dir=\"auto\"><\/div>\n<div dir=\"auto\">\n\n\t\t\t<style type='text\/css'>\n\t\t\t\t#gallery-9 {\n\t\t\t\t\tmargin: auto;\n\t\t\t\t}\n\t\t\t\t#gallery-9 .gallery-item {\n\t\t\t\t\tfloat: left;\n\t\t\t\t\tmargin-top: 10px;\n\t\t\t\t\ttext-align: center;\n\t\t\t\t\twidth: 33%;\n\t\t\t\t}\n\t\t\t\t#gallery-9 img {\n\t\t\t\t\tborder: 2px solid #cfcfcf;\n\t\t\t\t}\n\t\t\t\t#gallery-9 .gallery-caption {\n\t\t\t\t\tmargin-left: 0;\n\t\t\t\t}\n\t\t\t\t\/* see gallery_shortcode() in wp-includes\/media.php *\/\n\t\t\t<\/style>\n\t\t<div id='gallery-9' class='dt-gallery-container gallery galleryid-182929 gallery-columns-3 gallery-size-thumbnail'><dl class='gallery-item'>\n\t\t\t\t<dt class='gallery-icon landscape'>\n\t\t\t\t\t<a class=\"rollover rollover-zoom dt-pswp-item\" title=\"132203708_191810619307301_5832388280920094853_n\" data-dt-img-description=\"\" data-large_image_width=\"526\" data-large_image_height=\"526\"href='https:\/\/www.radiopiu.net\/wordpress\/wp-content\/uploads\/2020\/12\/132203708_191810619307301_5832388280920094853_n.jpg'><img loading=\"lazy\" decoding=\"async\" width=\"150\" height=\"150\" src=\"https:\/\/www.radiopiu.net\/wordpress\/wp-content\/uploads\/2020\/12\/132203708_191810619307301_5832388280920094853_n-150x150.jpg\" class=\"attachment-thumbnail size-thumbnail\" alt=\"\" srcset=\"https:\/\/www.radiopiu.net\/wordpress\/wp-content\/uploads\/2020\/12\/132203708_191810619307301_5832388280920094853_n-150x150.jpg 150w, https:\/\/www.radiopiu.net\/wordpress\/wp-content\/uploads\/2020\/12\/132203708_191810619307301_5832388280920094853_n-300x300.jpg 300w, https:\/\/www.radiopiu.net\/wordpress\/wp-content\/uploads\/2020\/12\/132203708_191810619307301_5832388280920094853_n.jpg 526w\" sizes=\"auto, (max-width: 150px) 100vw, 150px\" \/><\/a>\n\t\t\t\t<\/dt><\/dl><dl class='gallery-item'>\n\t\t\t\t<dt class='gallery-icon landscape'>\n\t\t\t\t\t<a class=\"rollover rollover-zoom dt-pswp-item\" title=\"133400265_195009092320787_112004462803740979_n\" data-dt-img-description=\"\" data-large_image_width=\"526\" data-large_image_height=\"526\"href='https:\/\/www.radiopiu.net\/wordpress\/wp-content\/uploads\/2020\/12\/133400265_195009092320787_112004462803740979_n.jpg'><img loading=\"lazy\" decoding=\"async\" width=\"150\" height=\"150\" src=\"https:\/\/www.radiopiu.net\/wordpress\/wp-content\/uploads\/2020\/12\/133400265_195009092320787_112004462803740979_n-150x150.jpg\" class=\"attachment-thumbnail size-thumbnail\" alt=\"\" srcset=\"https:\/\/www.radiopiu.net\/wordpress\/wp-content\/uploads\/2020\/12\/133400265_195009092320787_112004462803740979_n-150x150.jpg 150w, https:\/\/www.radiopiu.net\/wordpress\/wp-content\/uploads\/2020\/12\/133400265_195009092320787_112004462803740979_n-300x300.jpg 300w, https:\/\/www.radiopiu.net\/wordpress\/wp-content\/uploads\/2020\/12\/133400265_195009092320787_112004462803740979_n.jpg 526w\" sizes=\"auto, (max-width: 150px) 100vw, 150px\" \/><\/a>\n\t\t\t\t<\/dt><\/dl><dl class='gallery-item'>\n\t\t\t\t<dt class='gallery-icon landscape'>\n\t\t\t\t\t<a class=\"rollover rollover-zoom dt-pswp-item\" title=\"133799042_195634965591533_4245781808238091398_n\" data-dt-img-description=\"\" data-large_image_width=\"526\" data-large_image_height=\"526\"href='https:\/\/www.radiopiu.net\/wordpress\/wp-content\/uploads\/2020\/12\/133799042_195634965591533_4245781808238091398_n.jpg'><img loading=\"lazy\" decoding=\"async\" width=\"150\" height=\"150\" src=\"https:\/\/www.radiopiu.net\/wordpress\/wp-content\/uploads\/2020\/12\/133799042_195634965591533_4245781808238091398_n-150x150.jpg\" class=\"attachment-thumbnail size-thumbnail\" alt=\"\" srcset=\"https:\/\/www.radiopiu.net\/wordpress\/wp-content\/uploads\/2020\/12\/133799042_195634965591533_4245781808238091398_n-150x150.jpg 150w, https:\/\/www.radiopiu.net\/wordpress\/wp-content\/uploads\/2020\/12\/133799042_195634965591533_4245781808238091398_n-300x300.jpg 300w, https:\/\/www.radiopiu.net\/wordpress\/wp-content\/uploads\/2020\/12\/133799042_195634965591533_4245781808238091398_n.jpg 526w\" sizes=\"auto, (max-width: 150px) 100vw, 150px\" \/><\/a>\n\t\t\t\t<\/dt><\/dl><br style=\"clear: both\" \/>\n\t\t\t<\/div>\n\n<\/div>\n<div dir=\"auto\"><\/div>\n<div dir=\"auto\">\n<blockquote><p><em>E a Spert d&#8217;Alpago la tradizione che si tinge di rosa dedicando una delle 80 nativit\u00e0 all&#8217;Associazione <a class=\"oajrlxb2 g5ia77u1 qu0x051f esr5mh6w e9989ue4 r7d6kgcz rq0escxv nhd2j8a9 nc684nl6 p7hjln8o kvgmc6g5 cxmmr5t8 oygrvhab hcukyx3x jb3vyjys rz4wbd8a qt6c0cv9 a8nywdso i1ao9s8h esuyzwwr f1sip0of lzcic4wl oo9gr5id gpro0wi8 lrazzd5p\" tabindex=\"0\" role=\"link\" href=\"https:\/\/www.facebook.com\/watch\/ondarosaalpago\/?tab=home&amp;__cft__[0]=AZWAqq35217tUG4wMHj8fDi5kMgba0fkZ6fptNFPVhKr_Ga49nuwapqXpwgQg133foDApQSt9YxS1GL0X79kRWQ078DnlFWHnB8TL-1FFNgpW7E0aWN3uzhzcT7gfOsXRzEzDZbHURJT2dyKK0zN7o1jTpZrJnOgN7LEUPOXc_2-Og&amp;__tn__=kK-R\">Onda Rosa aps<\/a>, un gruppo di volontarie capitanate dalla dottoressa Caterina Fontanella che si occupa di affiancare le donne colpite da tumore al seno.<\/em><em>\u201cPresepi per le vie\u201d taglia quest&#8217;anno il traguardo delle dieci edizioni<\/em><\/p><\/blockquote>\n<p>&nbsp;<\/p>\n<p>&nbsp;<\/p>\n<hr \/>\n<p>&nbsp;<\/p>\n<blockquote>\n<h3><\/h3>\n<\/blockquote>\n<blockquote class=\"wp-embedded-content\" data-secret=\"R2PmvkF2F6\"><p><a href=\"https:\/\/www.radiopiu.net\/wordpress\/le-befane-di-voltago\/\">LE BEFANE&#8230; DI VOLTAGO<\/a><\/p><\/blockquote>\n<p><iframe loading=\"lazy\" class=\"wp-embedded-content\" sandbox=\"allow-scripts\" security=\"restricted\" style=\"position: absolute; clip: rect(1px, 1px, 1px, 1px);\" title=\"&#8220;LE BEFANE&#8230; DI VOLTAGO&#8221; &#8212; Radio Pi\u00f9\" src=\"https:\/\/www.radiopiu.net\/wordpress\/le-befane-di-voltago\/embed\/#?secret=R2PmvkF2F6\" data-secret=\"R2PmvkF2F6\" width=\"600\" height=\"338\" frameborder=\"0\" marginwidth=\"0\" marginheight=\"0\" scrolling=\"no\"><\/iframe><\/p>\n<p>&nbsp;<\/p>\n<hr \/>\n<blockquote>\n<h3>DIOCESI DI BELLUNO-FELTRE IN LUTTO PER DON VINICIO MARCON DI GOSALDO<\/h3>\n<\/blockquote>\n<p><strong>di <\/strong><strong>\u00a0RENATO BONA<\/strong><\/p>\n<p>La Diocesi di Belluno-Feltre guidata dal vescovo monsignor Renato Marangoni ha registrato negli ultimi tempi tre lutti e ricordato il primo anniversario della scomparsa del vescovo Pietro Brollo che era succeduto a monsignor Maffeo Ducoli. Nella chiesa parrocchiale di Soranzen nella mattinata di ieri, luned\u00ec 4 gennaio, sono state celebrate le esequie di don Vinicio Marcon (il giorno prima, domenica, nel pomeriggio era stato recitato il rosario di suffragio nella chiesa di Cesiomaggiore). Il sacerdote \u2013 lo si pu\u00f2 leggere nel sito chiesabellunofeltre.it \u2013 era stato ricoverato nell\u2019ospedale di Santa Maria del Prato, a Feltre, alla met\u00e0 dello scorso mese, per sintomi evidenti di coronavirus; dopo aver fatto registrate un confortante miglioramento, le sue condizioni si sono aggravate ed \u00e8 mancato nella serata di marted\u00ec 29 dicembre, all\u2019et\u00e0 di 79 anni. Nativo della frazione Spagnoi di Gosaldo (7 marzo 1941), quinto figlio di Giuseppe e Maria, dopo le elementari aveva lavorato come \u201ccaregheta\u201d cio\u00e8 impagliatore di sedie quindi aveva intrapreso la via del sacerdozio e si era dedicato a studi umanistici e teologici nel Seminario Gregoriano di Belluno e il 31 maggio 1969 venne ordinato presbitero nella Cattedrale. Dal luglio di quell\u2019anno e fino al 26 settembre era stato quindi vicario cooperatore a Livinallongo del Col di Lana, divenendo poi parroco di Laste fino al giugno 1981. Trasferito a Vallada Agordina fu parroco fino al 18 settembre 1993 quando l\u2019allora vescovo Maffeo Ducoli lo scelse quale segretario. Accompagn\u00f2 ed assistette il presule nella quiescenza in terra veronese per oltre tre lustri fino alla scomparsa di Ducoli il 28 agosto 2012. Svolse varie mansioni collaborando con la parrocchia scaligera anche, all\u2019occorrenza, sostituendo i parroci, e con l\u2019incarico di notaio del Tribunale ecclesiastico regionale triveneto. Rientrato nell\u2019ambito della Diocesi di Belluno-Feltre si inser\u00ec nelle realt\u00e0 parrocchiali di Soranzen e di Cesiomaggiore, collaborando col parroco don Andrea Piccolin e \u201cfacendosi apprezzare per il suo carattere gioviale e spontaneo, accolto da tutti come uno di famiglia, anche dai giovani come se fosse uno di loro\u2026\u201d. Sullo stesso sito, a firma di don Renzo Sperti, parroco di Farra d\u2019Alpago e Santa Croce al Lago, sotto il titolo \u201cLa luminosit\u00e0 di un volto sorridente\u201d si pu\u00f2 leggere un ricordo, un anno dopo la scomparsa il 5 dicembre 2019, di monsignor Pietro Brollo, che fu vescovo di Belluno-Feltre dal 3 marzo 1996 al 6 gennaio 2001. Don Sperti scrive fra l\u2019altro: \u201cTra i ricordi personali che conservo con particolare riconoscenza verso il vescovo Brollo, c\u2019\u00e8 il momento in cui egli annunci\u00f2 ufficialmente il suo trasferimento alla diocesi di Udine. Riuniti in rappresentanza del presbiterio diocesano nel salone del vescovado di Belluno, tutti eravamo ormai a conoscenza della decisione arrivata da Roma. A mezzogiorno il Vescovo si present\u00f2 con un foglio in mano. Ci augur\u00f2 buongiorno, ma il suo sorriso non era quello consueto. Finito di leggere il breve testo con il quale dava notizia della sua nuova destinazione, alz\u00f2 gli occhi. Erano colmi di lacrime che gli rigavano il volto, ostinatamente sorridente. Non erano certo lacrime di gioia e allarg\u00f2 le braccia chiedendo scusa di presentarsi in quel modo inusuale. Verranno, disse, i giorni della gioia, ma intanto oggi \u00e8 il giorno delle lacrime\u2026\u201d. Spazio telematico anche per Luciano De Marco del quale si ricorda che per circa vent\u2019anni fu occupato negli uffici della Curia di Belluno, mancato sabato 7 novembre, all\u2019et\u00e0 di 89 anni, molto attivo nel Movimento dei Focolari. Di lui erano apprezzati il tratto mite, paziente e discreto e la competenza, precisione e disponibilit\u00e0 con le quali ha svolto fedelmente, ogni giorno, il suo incarico. Si era invece spento il 16 settembre scorso nell\u2019ospedale di Feltre, all\u2019et\u00e0 di 87 anni, don Flavio Del Longo, nativo di Valle, che per 21 anni fu parroco a Tai e Nebbi\u00f9 di Cadore. Era ospite della Casa Kolbe di Pedavena dove si era ritirato per motivi di salute. Le esequie sono state celebrate nella chiesa pievanale di Valle di Cadore e la salma \u00e8 stata poi tumulata nel cimitero di Nebbi\u00f9. Era stato ordinato presbitero in Cattedrale a Belluno il 3 luglio 1960 con don Attilio Giacobbi, don Sergio Sacco e don Rinaldo Sommacal insieme ai quali aveva tagliato felicemente il traguardo dei sessant\u2019anni di sacerdozio. Gli incarichi: cooperatore a Calalzo nel 1960-61 quindi a Canale d\u2019Agordo (1961-62), vicario a Limana (1962-64), a Pieve di Cadore (1964-66): poi, fino al 1978 parroco nella comelicese Costalta prima del trasferimento a Lamosano, in Alpago, dal 1978 al 1992, e poi a Tai di Cadore dove rimase per 21 anni, fino al 2013; dal 1997 al 2013 cur\u00f2 anche la comunit\u00e0 di Nebbi\u00f9. Lasci\u00f2 ovunque un carissimo ricordo.<\/p>\n\n\t\t\t<style type='text\/css'>\n\t\t\t\t#gallery-10 {\n\t\t\t\t\tmargin: auto;\n\t\t\t\t}\n\t\t\t\t#gallery-10 .gallery-item {\n\t\t\t\t\tfloat: left;\n\t\t\t\t\tmargin-top: 10px;\n\t\t\t\t\ttext-align: center;\n\t\t\t\t\twidth: 33%;\n\t\t\t\t}\n\t\t\t\t#gallery-10 img {\n\t\t\t\t\tborder: 2px solid #cfcfcf;\n\t\t\t\t}\n\t\t\t\t#gallery-10 .gallery-caption {\n\t\t\t\t\tmargin-left: 0;\n\t\t\t\t}\n\t\t\t\t\/* see gallery_shortcode() in wp-includes\/media.php *\/\n\t\t\t<\/style>\n\t\t<div id='gallery-10' class='dt-gallery-container gallery galleryid-182929 gallery-columns-3 gallery-size-thumbnail'><dl class='gallery-item'>\n\t\t\t\t<dt class='gallery-icon landscape'>\n\t\t\t\t\t<a class=\"rollover\" href='https:\/\/www.radiopiu.net\/wordpress\/diocesi-di-belluno-feltre-in-lutto-per-don-vinicio-marcon-di-gosaldo\/135454182_217087266742675_4179807386374406416_n\/'><img loading=\"lazy\" decoding=\"async\" width=\"150\" height=\"150\" src=\"https:\/\/www.radiopiu.net\/wordpress\/wp-content\/uploads\/2021\/01\/135454182_217087266742675_4179807386374406416_n-150x150.jpg\" class=\"attachment-thumbnail size-thumbnail\" alt=\"\" \/><\/a>\n\t\t\t\t<\/dt><\/dl><dl class='gallery-item'>\n\t\t\t\t<dt class='gallery-icon portrait'>\n\t\t\t\t\t<a class=\"rollover\" href='https:\/\/www.radiopiu.net\/wordpress\/diocesi-di-belluno-feltre-in-lutto-per-don-vinicio-marcon-di-gosaldo\/136066264_397085378049722_3819395146344573728_n\/'><img loading=\"lazy\" decoding=\"async\" width=\"150\" height=\"150\" src=\"https:\/\/www.radiopiu.net\/wordpress\/wp-content\/uploads\/2021\/01\/136066264_397085378049722_3819395146344573728_n-150x150.png\" class=\"attachment-thumbnail size-thumbnail\" alt=\"\" \/><\/a>\n\t\t\t\t<\/dt><\/dl><dl class='gallery-item'>\n\t\t\t\t<dt class='gallery-icon portrait'>\n\t\t\t\t\t<a class=\"rollover\" href='https:\/\/www.radiopiu.net\/wordpress\/diocesi-di-belluno-feltre-in-lutto-per-don-vinicio-marcon-di-gosaldo\/135626549_145261910733873_473297466524552755_n\/'><img loading=\"lazy\" decoding=\"async\" width=\"150\" height=\"150\" src=\"https:\/\/www.radiopiu.net\/wordpress\/wp-content\/uploads\/2021\/01\/135626549_145261910733873_473297466524552755_n-150x150.png\" class=\"attachment-thumbnail size-thumbnail\" alt=\"\" \/><\/a>\n\t\t\t\t<\/dt><\/dl><br style=\"clear: both\" \/><dl class='gallery-item'>\n\t\t\t\t<dt class='gallery-icon portrait'>\n\t\t\t\t\t<a class=\"rollover\" href='https:\/\/www.radiopiu.net\/wordpress\/diocesi-di-belluno-feltre-in-lutto-per-don-vinicio-marcon-di-gosaldo\/135694981_1131398243947350_1783419278386346924_n\/'><img loading=\"lazy\" decoding=\"async\" width=\"150\" height=\"150\" src=\"https:\/\/www.radiopiu.net\/wordpress\/wp-content\/uploads\/2021\/01\/135694981_1131398243947350_1783419278386346924_n-150x150.png\" class=\"attachment-thumbnail size-thumbnail\" alt=\"\" \/><\/a>\n\t\t\t\t<\/dt><\/dl><dl class='gallery-item'>\n\t\t\t\t<dt class='gallery-icon portrait'>\n\t\t\t\t\t<a class=\"rollover\" href='https:\/\/www.radiopiu.net\/wordpress\/diocesi-di-belluno-feltre-in-lutto-per-don-vinicio-marcon-di-gosaldo\/135804737_434091851047055_2014314628405225446_n\/'><img loading=\"lazy\" decoding=\"async\" width=\"150\" height=\"150\" src=\"https:\/\/www.radiopiu.net\/wordpress\/wp-content\/uploads\/2021\/01\/135804737_434091851047055_2014314628405225446_n-150x150.png\" class=\"attachment-thumbnail size-thumbnail\" alt=\"\" \/><\/a>\n\t\t\t\t<\/dt><\/dl>\n\t\t\t\t<br style='clear: both' \/>\n\t\t\t<\/div>\n\n<p>NELLE FOTO (sito chiesabellunofeltre.it): la Cattedrale di Belluno; don Vinicio Marcon; il vescovo Pietro Brollo; Luciano De Marco; don Flavio Del Longo.<\/p>\n<p>&nbsp;<\/p>\n<p>&nbsp;<\/p>\n<hr \/>\n<p>&nbsp;<\/p>\n<h2><span style=\"color: #ff0000;\">IERI ALLA RADIO<\/span><\/h2>\n<h2><strong><a href=\"https:\/\/www.radiopiu.net\/wordpress\/il-dottor-roberto-bertone-a-360-gradi-su-radio-piu\/roberto-berone\/\" rel=\"attachment wp-att-183018\"><img loading=\"lazy\" decoding=\"async\" class=\"size-full wp-image-183018 alignleft\" src=\"https:\/\/www.radiopiu.net\/wordpress\/wp-content\/uploads\/2021\/01\/Roberto-Berone.jpg\" alt=\"\" width=\"196\" height=\"288\" \/><\/a><\/strong><span style=\"color: #3366ff;\">IL DOTTOR ROBERTO BERTONE A 360 GRADI SU RADIO PIU&#8217;<\/span><\/h2>\n<p><strong>di Claudio Fontanive<\/strong><\/p>\n<audio class=\"wp-audio-shortcode\" id=\"audio-182929-3\" preload=\"none\" style=\"width: 100%;\" controls=\"controls\"><source type=\"audio\/mpeg\" src=\"https:\/\/www.radiopiu.net\/wordpress\/wp-content\/uploads\/2021\/01\/roberto-bertone.p3-1.mp3?_=3\" \/><a href=\"https:\/\/www.radiopiu.net\/wordpress\/wp-content\/uploads\/2021\/01\/roberto-bertone.p3-1.mp3\">https:\/\/www.radiopiu.net\/wordpress\/wp-content\/uploads\/2021\/01\/roberto-bertone.p3-1.mp3<\/a><\/audio>\n<p>&nbsp;<\/p>\n<hr \/>\n<p>&nbsp;<\/p>\n<blockquote>\n<h2>FANTASTICHE DOLOMITI, NUOVA STAGIONE. APPUNTAMENTO QUINDICINALE IL GIOVEDI ALLE 10.30 E 1900<\/h2>\n<\/blockquote>\n<h2><span style=\"color: #ff0000;\"><a href=\"https:\/\/www.radiopiu.net\/wordpress\/a-tamonich-due-colonnine-per-la-ricarica-dei-mezzi-elettrici\/auto-elettrica\/\" rel=\"attachment wp-att-167537\"><img loading=\"lazy\" decoding=\"async\" class=\"size-medium wp-image-167537 alignleft\" src=\"https:\/\/www.radiopiu.net\/wordpress\/wp-content\/uploads\/2020\/10\/AUTO-ELETTRICA-300x168.jpg\" alt=\"\" width=\"300\" height=\"168\" srcset=\"https:\/\/www.radiopiu.net\/wordpress\/wp-content\/uploads\/2020\/10\/AUTO-ELETTRICA-300x168.jpg 300w, https:\/\/www.radiopiu.net\/wordpress\/wp-content\/uploads\/2020\/10\/AUTO-ELETTRICA-1024x575.jpg 1024w, https:\/\/www.radiopiu.net\/wordpress\/wp-content\/uploads\/2020\/10\/AUTO-ELETTRICA-768x431.jpg 768w, https:\/\/www.radiopiu.net\/wordpress\/wp-content\/uploads\/2020\/10\/AUTO-ELETTRICA-1536x862.jpg 1536w, https:\/\/www.radiopiu.net\/wordpress\/wp-content\/uploads\/2020\/10\/AUTO-ELETTRICA.jpg 1920w\" sizes=\"auto, (max-width: 300px) 100vw, 300px\" \/><\/a>LA SETTIMA PUNTATA, la mobilit\u00e0 sostenibile<\/span><\/h2>\n<p><strong>OSPITE IL VICEPRESIDENTE EMILIANO BONANNI<\/strong><\/p>\n<audio class=\"wp-audio-shortcode\" id=\"audio-182929-4\" preload=\"none\" style=\"width: 100%;\" controls=\"controls\"><source type=\"audio\/mpeg\" src=\"https:\/\/www.radiopiu.net\/wordpress\/wp-content\/uploads\/2020\/10\/fantastiche-dolomiti-31.dicembre.mp3?_=4\" \/><a href=\"https:\/\/www.radiopiu.net\/wordpress\/wp-content\/uploads\/2020\/10\/fantastiche-dolomiti-31.dicembre.mp3\">https:\/\/www.radiopiu.net\/wordpress\/wp-content\/uploads\/2020\/10\/fantastiche-dolomiti-31.dicembre.mp3<\/a><\/audio>\n<p>&nbsp;<\/p>\n<h1>LA RACCOLTA COMPLETA<\/h1>\n<blockquote class=\"wp-embedded-content\" data-secret=\"t41cviK2Tw\"><p><a href=\"https:\/\/www.radiopiu.net\/wordpress\/https-wp-me-p63lo7-gyg\/\">FANTASTICHE DOLOMITI 7^ PUNTATA: IL QUINDICINALE APPUNTAMENTO ALLA RADIO<\/a><\/p><\/blockquote>\n<p><iframe loading=\"lazy\" class=\"wp-embedded-content\" sandbox=\"allow-scripts\" security=\"restricted\" style=\"position: absolute; clip: rect(1px, 1px, 1px, 1px);\" title=\"&#8220;FANTASTICHE DOLOMITI 7^ PUNTATA: IL QUINDICINALE APPUNTAMENTO ALLA RADIO&#8221; &#8212; Radio Pi\u00f9\" src=\"https:\/\/www.radiopiu.net\/wordpress\/https-wp-me-p63lo7-gyg\/embed\/#?secret=t41cviK2Tw\" data-secret=\"t41cviK2Tw\" width=\"600\" height=\"338\" frameborder=\"0\" marginwidth=\"0\" marginheight=\"0\" scrolling=\"no\"><\/iframe><\/p>\n<div class=\"mw-parser-output\">\n<p>&nbsp;<\/p>\n<\/div>\n<p>&nbsp;<\/p>\n<p>&nbsp;<\/p>\n<hr \/>\n<blockquote>\n<h2><\/h2>\n<h2>SALUTE E SOCIETA&#8217; IL LUNEDI ALLE 13.10 E ALLE 20.10, LA DOMENICA ALLE 10.30 A CURA DEL DOTTOR MARCO CARACCIOLO. QUINTA STAGIONE<\/h2>\n<\/blockquote>\n<p><strong><span style=\"color: #ff0000;\">LA PUNTATA DELLA SETTIMANA<\/span><\/strong><\/p>\n<p>Circa un paziente su cinque con carcinoma mammario risulta HER2- positivo, e questa positivit\u00e0 \u00e8 associata a una malattia aggressiva, un alto tasso di recidiva e un aumento della mortalit\u00e0. Trastuzumab deruxtecan, l\u2019anticorpo monoclonale coniugato anti-HER2 di Daiichi Sankyo e AstraZeneca, mostra un\u2019efficacia notevole e una risposta duratura nelle pazienti affette da carcinoma mammario metastatico HER-positivo, precedentemente trattate con due o pi\u00f9 regimi terapeutici. I risultati aggiornati dello studio di fase II DESTINY-Breast01 sono stati presentati durante il San Antonio Breast Cancer Symposium (SABCS) 2020. Pierfranco Conte, Ordinario di oncologia, Universit\u00e0 di Padova<\/p>\n<audio class=\"wp-audio-shortcode\" id=\"audio-182929-5\" preload=\"none\" style=\"width: 100%;\" controls=\"controls\"><source type=\"audio\/mpeg\" src=\"https:\/\/www.radiopiu.net\/wordpress\/wp-content\/uploads\/2021\/01\/SALUTE.mp3?_=5\" \/><a href=\"https:\/\/www.radiopiu.net\/wordpress\/wp-content\/uploads\/2021\/01\/SALUTE.mp3\">https:\/\/www.radiopiu.net\/wordpress\/wp-content\/uploads\/2021\/01\/SALUTE.mp3<\/a><\/audio>\n<p>&nbsp;<\/p>\n<h3>LA RACCOLTA COMPLETA<\/h3>\n<blockquote class=\"wp-embedded-content\" data-secret=\"QCzJTdqBLZ\"><p><a href=\"https:\/\/www.radiopiu.net\/wordpress\/saluteesocieta\/\">Salute e Societ\u00e0<\/a><\/p><\/blockquote>\n<p><iframe loading=\"lazy\" class=\"wp-embedded-content\" sandbox=\"allow-scripts\" security=\"restricted\" style=\"position: absolute; clip: rect(1px, 1px, 1px, 1px);\" title=\"&#8220;Salute e Societ\u00e0&#8221; &#8212; Radio Pi\u00f9\" src=\"https:\/\/www.radiopiu.net\/wordpress\/saluteesocieta\/embed\/#?secret=QCzJTdqBLZ\" data-secret=\"QCzJTdqBLZ\" width=\"600\" height=\"338\" frameborder=\"0\" marginwidth=\"0\" marginheight=\"0\" scrolling=\"no\"><\/iframe><\/p>\n<hr \/>\n<h2><\/h2>\n<h2><span style=\"color: #ff0000;\"><a href=\"https:\/\/www.radiopiu.net\/wordpress\/giornale-radiopiu-05-gennaio-2021-direttore-mirko-mezzacasa\/133200401_100838761953611_1258544160541445132_o-2\/\" rel=\"attachment wp-att-183078\"><img loading=\"lazy\" decoding=\"async\" class=\" wp-image-183078 alignleft\" src=\"https:\/\/www.radiopiu.net\/wordpress\/wp-content\/uploads\/2021\/01\/133200401_100838761953611_1258544160541445132_o-1-300x157.jpg\" alt=\"\" width=\"192\" height=\"101\" srcset=\"https:\/\/www.radiopiu.net\/wordpress\/wp-content\/uploads\/2021\/01\/133200401_100838761953611_1258544160541445132_o-1-300x157.jpg 300w, https:\/\/www.radiopiu.net\/wordpress\/wp-content\/uploads\/2021\/01\/133200401_100838761953611_1258544160541445132_o-1.jpg 526w\" sizes=\"auto, (max-width: 192px) 100vw, 192px\" \/><\/a>DA IERI SU RADIO PIU&#8217;&#8230;. GOCCE DI FILOSOFIA, CON CHIARA CAU, CON LISA DE LUCA. <\/span><\/h2>\n<h2><\/h2>\n<h2><span style=\"color: #ff0000;\">TUTTI I GIORNI DAL LUNEDI AL SABATO ALLE 6.55 E ALLE 18.55<\/span><\/h2>\n<p><strong>LA PRIMA PUNTATA<\/strong><\/p>\n<audio class=\"wp-audio-shortcode\" id=\"audio-182929-6\" preload=\"none\" style=\"width: 100%;\" controls=\"controls\"><source type=\"audio\/mpeg\" src=\"https:\/\/www.radiopiu.net\/wordpress\/wp-content\/uploads\/2021\/01\/FI1.mp3?_=6\" \/><a href=\"https:\/\/www.radiopiu.net\/wordpress\/wp-content\/uploads\/2021\/01\/FI1.mp3\">https:\/\/www.radiopiu.net\/wordpress\/wp-content\/uploads\/2021\/01\/FI1.mp3<\/a><\/audio>\n<h2>LA RACCOLTA COMPLETA<\/h2>\n<blockquote class=\"wp-embedded-content\" data-secret=\"IOzm2kfIHY\"><p><a href=\"https:\/\/www.radiopiu.net\/wordpress\/gocce-filosofia\/\">Gocce di filosofia<\/a><\/p><\/blockquote>\n<p><iframe loading=\"lazy\" class=\"wp-embedded-content\" sandbox=\"allow-scripts\" security=\"restricted\" style=\"position: absolute; clip: rect(1px, 1px, 1px, 1px);\" title=\"&#8220;Gocce di filosofia&#8221; &#8212; Radio Pi\u00f9\" src=\"https:\/\/www.radiopiu.net\/wordpress\/gocce-filosofia\/embed\/#?secret=IOzm2kfIHY\" data-secret=\"IOzm2kfIHY\" width=\"600\" height=\"338\" frameborder=\"0\" marginwidth=\"0\" marginheight=\"0\" scrolling=\"no\"><\/iframe><\/p>\n<p>&nbsp;<\/p>\n<hr \/>\n<p>&nbsp;<\/p>\n<div class=\"im_message_wrap clearfix\">\n<div class=\"im_content_message_wrap im_message_out\">\n<h2><span style=\"color: #ff0000;\">IERI ALLA RADIO\u00a0 IN VIVO VERSO 2020-21<\/span><\/h2>\n<p><strong><span style=\"color: #0000ff;\">IN ONDA DAL LUNEDI AL VENERDI ALLE 7.10, 10.10, 18.50<\/span><\/strong><\/p>\n<blockquote class=\"wp-embedded-content\" data-secret=\"Z8sVe5UL3R\"><p><a href=\"https:\/\/www.radiopiu.net\/wordpress\/memoria-delle-mani-di-bianca-soligo\/\">MEMORIA DELLE MANI di BIANCA SOLIGO<\/a><\/p><\/blockquote>\n<p><iframe loading=\"lazy\" class=\"wp-embedded-content\" sandbox=\"allow-scripts\" security=\"restricted\" style=\"position: absolute; clip: rect(1px, 1px, 1px, 1px);\" title=\"&#8220;MEMORIA DELLE MANI di BIANCA SOLIGO&#8221; &#8212; Radio Pi\u00f9\" src=\"https:\/\/www.radiopiu.net\/wordpress\/memoria-delle-mani-di-bianca-soligo\/embed\/#?secret=Z8sVe5UL3R\" data-secret=\"Z8sVe5UL3R\" width=\"600\" height=\"338\" frameborder=\"0\" marginwidth=\"0\" marginheight=\"0\" scrolling=\"no\"><\/iframe><\/p>\n<p><strong><span style=\"font-family: Verdana, sans-serif;\"><span style=\"font-size: medium;\">LA RACCOLTA COMPLETA, TUTTE LE COLLEZIONI<\/span><\/span><\/strong><\/p>\n<\/div>\n<\/div>\n<blockquote class=\"wp-embedded-content\" data-secret=\"quoRN9Qlgr\"><p><a href=\"https:\/\/www.radiopiu.net\/wordpress\/in-vivo-verso\/\">In Vivo Verso<\/a><\/p><\/blockquote>\n<p><iframe loading=\"lazy\" class=\"wp-embedded-content\" sandbox=\"allow-scripts\" security=\"restricted\" style=\"position: absolute; clip: rect(1px, 1px, 1px, 1px);\" title=\"&#8220;In Vivo Verso&#8221; &#8212; Radio Pi\u00f9\" src=\"https:\/\/www.radiopiu.net\/wordpress\/in-vivo-verso\/embed\/#?secret=quoRN9Qlgr\" data-secret=\"quoRN9Qlgr\" width=\"600\" height=\"338\" frameborder=\"0\" marginwidth=\"0\" marginheight=\"0\" scrolling=\"no\"><\/iframe><\/p>\n<hr \/>\n<p>&nbsp;<\/p>\n<h2>007 IN CONDOTTA CON LA PROF. MARIA ROSA SALMAZO IL LUNEDI ALLE 10,30 E ALLE 19.00 LA DOMENICA ALLE 8 DEL MATTINO. NONA STAGIONE<\/h2>\n<h2>LA RACCOLTA COMPLETA<\/h2>\n<blockquote class=\"wp-embedded-content\" data-secret=\"0JA0z67KlQ\"><p><a href=\"https:\/\/www.radiopiu.net\/wordpress\/007incondotta-9\/\">007 in condotta<\/a><\/p><\/blockquote>\n<p><iframe loading=\"lazy\" class=\"wp-embedded-content\" sandbox=\"allow-scripts\" security=\"restricted\" style=\"position: absolute; clip: rect(1px, 1px, 1px, 1px);\" title=\"&#8220;007 in condotta&#8221; &#8212; Radio Pi\u00f9\" src=\"https:\/\/www.radiopiu.net\/wordpress\/007incondotta-9\/embed\/#?secret=0JA0z67KlQ\" data-secret=\"0JA0z67KlQ\" width=\"600\" height=\"338\" frameborder=\"0\" marginwidth=\"0\" marginheight=\"0\" scrolling=\"no\"><\/iframe><\/p>\n<p>&nbsp;<\/p>\n<p>&nbsp;<\/p>\n<p>&nbsp;<\/p>\n<hr \/>\n<p>&nbsp;<\/p>\n<blockquote>\n<h2><a href=\"https:\/\/www.radiopiu.net\/wordpress\/speciale-solidarieta-veneto\/solidarieta-veneto-3\/\" rel=\"attachment wp-att-134366\"><img loading=\"lazy\" decoding=\"async\" class=\"wp-image-134366 alignleft\" src=\"https:\/\/www.radiopiu.net\/wordpress\/wp-content\/uploads\/2020\/05\/solidariet\u00e0-veneto-300x210.jpg\" alt=\"\" width=\"102\" height=\"71\" srcset=\"https:\/\/www.radiopiu.net\/wordpress\/wp-content\/uploads\/2020\/05\/solidariet\u00e0-veneto-300x210.jpg 300w, https:\/\/www.radiopiu.net\/wordpress\/wp-content\/uploads\/2020\/05\/solidariet\u00e0-veneto-1024x717.jpg 1024w, https:\/\/www.radiopiu.net\/wordpress\/wp-content\/uploads\/2020\/05\/solidariet\u00e0-veneto-768x538.jpg 768w, https:\/\/www.radiopiu.net\/wordpress\/wp-content\/uploads\/2020\/05\/solidariet\u00e0-veneto.jpg 1373w\" sizes=\"auto, (max-width: 102px) 100vw, 102px\" \/><\/a>SOLIDARIETA&#8217; VENETO FONDO PENSIONE, IN ONDA IL PRIMO VENERDI DEL MESE ALLE 10.30 E ALLE 19.00 QUINTA STAGIONE<\/h2>\n<\/blockquote>\n<p><strong>AUDIO<\/strong><\/p>\n<audio class=\"wp-audio-shortcode\" id=\"audio-182929-7\" preload=\"none\" style=\"width: 100%;\" controls=\"controls\"><source type=\"audio\/mpeg\" src=\"https:\/\/www.radiopiu.net\/wordpress\/wp-content\/uploads\/2020\/10\/solidarieta-veneto-gennaio.mp3?_=7\" \/><a href=\"https:\/\/www.radiopiu.net\/wordpress\/wp-content\/uploads\/2020\/10\/solidarieta-veneto-gennaio.mp3\">https:\/\/www.radiopiu.net\/wordpress\/wp-content\/uploads\/2020\/10\/solidarieta-veneto-gennaio.mp3<\/a><\/audio>\n<p>&nbsp;<\/p>\n<blockquote>\n<h2>RACCOLTA COMPLETA<\/h2>\n<\/blockquote>\n<blockquote class=\"wp-embedded-content\" data-secret=\"wlMcTeJfb9\"><p><a href=\"https:\/\/www.radiopiu.net\/wordpress\/solidarieta-veneto\/\">Solidariet\u00e0 Veneto<\/a><\/p><\/blockquote>\n<p><iframe loading=\"lazy\" class=\"wp-embedded-content\" sandbox=\"allow-scripts\" security=\"restricted\" style=\"position: absolute; clip: rect(1px, 1px, 1px, 1px);\" title=\"&#8220;Solidariet\u00e0 Veneto&#8221; &#8212; Radio Pi\u00f9\" src=\"https:\/\/www.radiopiu.net\/wordpress\/solidarieta-veneto\/embed\/#?secret=wlMcTeJfb9\" data-secret=\"wlMcTeJfb9\" width=\"600\" height=\"338\" frameborder=\"0\" marginwidth=\"0\" marginheight=\"0\" scrolling=\"no\"><\/iframe><\/p>\n<p>&nbsp;<\/p>\n<p>&nbsp;<\/p>\n<hr \/>\n<p>&nbsp;<\/p>\n<h2><span style=\"color: #808000;\">DUE MINUTI UN LIBRO\u00a0 TUTTI I GIORNI ALLA RADIO ALLE 9.30 E ALLE 18. QUINTA STAGIONE\u00a0 \u00a0\u00a0<\/span><\/h2>\n<blockquote class=\"wp-embedded-content\" data-secret=\"Hu9jdUuYtY\"><p><a href=\"https:\/\/www.radiopiu.net\/wordpress\/la-morte-e-il-mio-mestiere\/\">LA MORTE E&#8217; IL MIO MESTIERE<\/a><\/p><\/blockquote>\n<p><iframe loading=\"lazy\" class=\"wp-embedded-content\" sandbox=\"allow-scripts\" security=\"restricted\" style=\"position: absolute; clip: rect(1px, 1px, 1px, 1px);\" title=\"&#8220;LA MORTE E&#8217; IL MIO MESTIERE&#8221; &#8212; Radio Pi\u00f9\" src=\"https:\/\/www.radiopiu.net\/wordpress\/la-morte-e-il-mio-mestiere\/embed\/#?secret=Hu9jdUuYtY\" data-secret=\"Hu9jdUuYtY\" width=\"600\" height=\"338\" frameborder=\"0\" marginwidth=\"0\" marginheight=\"0\" scrolling=\"no\"><\/iframe><\/p>\n<h2>LA RACCOLTA COMPLETA<\/h2>\n<blockquote class=\"wp-embedded-content\" data-secret=\"Xkk16JORYb\"><p><a href=\"https:\/\/www.radiopiu.net\/wordpress\/due-minuti-un-libro\/\">Due minuti un libro<\/a><\/p><\/blockquote>\n<p><iframe loading=\"lazy\" class=\"wp-embedded-content\" sandbox=\"allow-scripts\" security=\"restricted\" style=\"position: absolute; clip: rect(1px, 1px, 1px, 1px);\" title=\"&#8220;Due minuti un libro&#8221; &#8212; Radio Pi\u00f9\" src=\"https:\/\/www.radiopiu.net\/wordpress\/due-minuti-un-libro\/embed\/#?secret=Xkk16JORYb\" data-secret=\"Xkk16JORYb\" width=\"600\" height=\"338\" frameborder=\"0\" marginwidth=\"0\" marginheight=\"0\" scrolling=\"no\"><\/iframe><\/p>\n<p>&nbsp;<\/p>\n<hr \/>\n<p>&nbsp;<\/p>\n<p>&nbsp;<\/p>\n<blockquote>\n<h2>CASSA SOLIDARIET\u00c0 LUXOTTICA<\/h2>\n<\/blockquote>\n<h3><strong><span style=\"color: #ff0000;\">IL NUMERO DI DICEMBRE CON PAOLO CHISSALE&#8217; E FABRIZIO CAMPEDEL<\/span><\/strong><\/h3>\n<audio class=\"wp-audio-shortcode\" id=\"audio-182929-8\" preload=\"none\" style=\"width: 100%;\" controls=\"controls\"><source type=\"audio\/mpeg\" src=\"https:\/\/www.radiopiu.net\/wordpress\/wp-content\/uploads\/2020\/12\/ca-sol-lux-dicvembre.mp3?_=8\" \/><a href=\"https:\/\/www.radiopiu.net\/wordpress\/wp-content\/uploads\/2020\/12\/ca-sol-lux-dicvembre.mp3\">https:\/\/www.radiopiu.net\/wordpress\/wp-content\/uploads\/2020\/12\/ca-sol-lux-dicvembre.mp3<\/a><\/audio>\n<blockquote>\n<h2>RACCOLTA COMPLETA<\/h2>\n<\/blockquote>\n<blockquote class=\"wp-embedded-content\" data-secret=\"azaD70CXB6\"><p><a href=\"https:\/\/www.radiopiu.net\/wordpress\/cassa-solidarieta-luxottica-puntata-del-16-ottobre-2020\/\">CASSA SOLIDARIET\u00c0 LUXOTTICA &#8211; PUNTATA DEL 20 NOVEMBRE 2020<\/a><\/p><\/blockquote>\n<p><iframe loading=\"lazy\" class=\"wp-embedded-content\" sandbox=\"allow-scripts\" security=\"restricted\" style=\"position: absolute; clip: rect(1px, 1px, 1px, 1px);\" title=\"&#8220;CASSA SOLIDARIET\u00c0 LUXOTTICA &#8211; PUNTATA DEL 20 NOVEMBRE 2020&#8221; &#8212; Radio Pi\u00f9\" src=\"https:\/\/www.radiopiu.net\/wordpress\/cassa-solidarieta-luxottica-puntata-del-16-ottobre-2020\/embed\/#?secret=azaD70CXB6\" data-secret=\"azaD70CXB6\" width=\"600\" height=\"338\" frameborder=\"0\" marginwidth=\"0\" marginheight=\"0\" scrolling=\"no\"><\/iframe><\/p>\n<p>&nbsp;<\/p>\n<p>&nbsp;<\/p>\n<div>\n<p>&nbsp;<\/p>\n<hr \/>\n<p>&nbsp;<\/p>\n<h2><span style=\"color: #800080;\"><strong>LA RASSEGNA STAMPA DA L&#8217;AMICO DEL POPOLO\u00a0<\/strong><\/span><\/h2>\n<p><a href=\"https:\/\/www.radiopiu.net\/wordpress\/?attachment_id=180180\" rel=\"attachment wp-att-180180\"><img loading=\"lazy\" decoding=\"async\" class=\"size-medium wp-image-180180 alignleft\" src=\"https:\/\/www.radiopiu.net\/wordpress\/wp-content\/uploads\/2020\/12\/FotoMaurizioAlfieri-200x300.jpg\" alt=\"\" width=\"200\" height=\"300\" srcset=\"https:\/\/www.radiopiu.net\/wordpress\/wp-content\/uploads\/2020\/12\/FotoMaurizioAlfieri-200x300.jpg 200w, https:\/\/www.radiopiu.net\/wordpress\/wp-content\/uploads\/2020\/12\/FotoMaurizioAlfieri-683x1024.jpg 683w, https:\/\/www.radiopiu.net\/wordpress\/wp-content\/uploads\/2020\/12\/FotoMaurizioAlfieri-768x1152.jpg 768w, https:\/\/www.radiopiu.net\/wordpress\/wp-content\/uploads\/2020\/12\/FotoMaurizioAlfieri-1024x1536.jpg 1024w, https:\/\/www.radiopiu.net\/wordpress\/wp-content\/uploads\/2020\/12\/FotoMaurizioAlfieri-1365x2048.jpg 1365w, https:\/\/www.radiopiu.net\/wordpress\/wp-content\/uploads\/2020\/12\/FotoMaurizioAlfieri-scaled.jpg 1707w\" sizes=\"auto, (max-width: 200px) 100vw, 200px\" \/><\/a><strong>di Gianni Santomaso<\/strong><\/p>\n<p><strong>OSPITE: Maurizio Alfieri<\/strong><\/p>\n<audio class=\"wp-audio-shortcode\" id=\"audio-182929-9\" preload=\"none\" style=\"width: 100%;\" controls=\"controls\"><source type=\"audio\/mpeg\" src=\"https:\/\/www.radiopiu.net\/wordpress\/wp-content\/uploads\/2020\/12\/rassegna-sito-giani.mp3?_=9\" \/><a href=\"https:\/\/www.radiopiu.net\/wordpress\/wp-content\/uploads\/2020\/12\/rassegna-sito-giani.mp3\">https:\/\/www.radiopiu.net\/wordpress\/wp-content\/uploads\/2020\/12\/rassegna-sito-giani.mp3<\/a><\/audio>\n<h1 class=\"kvgmc6g5 cxmmr5t8 oygrvhab hcukyx3x c1et5uql\"><span style=\"color: #0000ff;\">RADIO PIU INFORMAZIONE il canale su TELEGRAM informazione di prima mano e in tempo reale. iscriviti ed aiutaci a farlo conoscere<\/span><\/h1>\n<p><strong>LA RACCOLTA COMPLETA<\/strong><\/p>\n<blockquote class=\"wp-embedded-content\" data-secret=\"9NhyLRd82j\"><p><a href=\"https:\/\/www.radiopiu.net\/wordpress\/rassegna-stampa-di-gianni-santomaso\/\">Rassegna stampa da l&#8217;amico del popolo &#8211; di Gianni Santomaso<\/a><\/p><\/blockquote>\n<p><iframe loading=\"lazy\" class=\"wp-embedded-content\" sandbox=\"allow-scripts\" security=\"restricted\" style=\"position: absolute; clip: rect(1px, 1px, 1px, 1px);\" title=\"&#8220;Rassegna stampa da l&#8217;amico del popolo &#8211; di Gianni Santomaso&#8221; &#8212; Radio Pi\u00f9\" src=\"https:\/\/www.radiopiu.net\/wordpress\/rassegna-stampa-di-gianni-santomaso\/embed\/#?secret=9NhyLRd82j\" data-secret=\"9NhyLRd82j\" width=\"600\" height=\"338\" frameborder=\"0\" marginwidth=\"0\" marginheight=\"0\" scrolling=\"no\"><\/iframe><\/p>\n<p>&nbsp;<\/p>\n<p>&nbsp;<\/p>\n<p>&nbsp;<\/p>\n<hr \/>\n<p>&nbsp;<\/p>\n<p>&nbsp;<\/p>\n<div>\n<h2><span style=\"color: #33cccc;\">I RACCONTI DI PAOLO SOPPELSA il lunedi alle 9.30 e 18.30<\/span><\/h2>\n<p><strong>&#8216;NA MATINA DE GONF<\/strong><\/p>\n<p><em><strong>AUDIO<\/strong><\/em><\/p>\n<audio class=\"wp-audio-shortcode\" id=\"audio-182929-10\" preload=\"none\" style=\"width: 100%;\" controls=\"controls\"><source type=\"audio\/mpeg\" src=\"https:\/\/www.radiopiu.net\/wordpress\/wp-content\/uploads\/2021\/01\/PAOLO-SOPPELSA-NA-MATINA-DE-GONF.mp3?_=10\" \/><a href=\"https:\/\/www.radiopiu.net\/wordpress\/wp-content\/uploads\/2021\/01\/PAOLO-SOPPELSA-NA-MATINA-DE-GONF.mp3\">https:\/\/www.radiopiu.net\/wordpress\/wp-content\/uploads\/2021\/01\/PAOLO-SOPPELSA-NA-MATINA-DE-GONF.mp3<\/a><\/audio>\n<p>&nbsp;<\/p>\n<p><a href=\"https:\/\/www.radiopiu.net\/wordpress\/i-racconti-di-paolo-soppelsa-cinquantaseiesima-puntata\/2ecafb29-eebb-4de6-bd0f-0e76f66e9ab0\/\" rel=\"attachment wp-att-182858\"><img loading=\"lazy\" decoding=\"async\" class=\"size-medium wp-image-182858 alignleft\" src=\"https:\/\/www.radiopiu.net\/wordpress\/wp-content\/uploads\/2021\/01\/2ecafb29-eebb-4de6-bd0f-0e76f66e9ab0-300x225.jpg\" alt=\"\" width=\"300\" height=\"225\" srcset=\"https:\/\/www.radiopiu.net\/wordpress\/wp-content\/uploads\/2021\/01\/2ecafb29-eebb-4de6-bd0f-0e76f66e9ab0-300x225.jpg 300w, https:\/\/www.radiopiu.net\/wordpress\/wp-content\/uploads\/2021\/01\/2ecafb29-eebb-4de6-bd0f-0e76f66e9ab0-1024x768.jpg 1024w, https:\/\/www.radiopiu.net\/wordpress\/wp-content\/uploads\/2021\/01\/2ecafb29-eebb-4de6-bd0f-0e76f66e9ab0-768x576.jpg 768w, https:\/\/www.radiopiu.net\/wordpress\/wp-content\/uploads\/2021\/01\/2ecafb29-eebb-4de6-bd0f-0e76f66e9ab0.jpg 1080w\" sizes=\"auto, (max-width: 300px) 100vw, 300px\" \/><\/a>Era un mondo grigio quello che si present\u00f2 quella mattina di fine dicembre. Da sotto il piumone, attraverso la finestra che dava sul Pelsa, avevo assistito al nascere di un nuovo giorno di neve. L&#8217;alba non era ancora terminata quando mi alzai e mi vestii pi\u00f9 in fretta che potevo. Scesi le scale di corsa ed arrivai in cucina dove trovai un piacevole calore di legna ed una scodella di caffelatte lasciata a riscaldare sul margine della piastra della cucina economica. Il nonno stava iniziando i preparativi per l&#8217;accensione del fornel, la nonna, seduta sulla sedia accanto alla finestra, osservava il mondo grigio aldil\u00e0 dei vetri. &#8220;&#8230;l&#8217;e el gonf de fora\u2026&#8221; disse. Incuriosito guardai anch&#8217;io dalla finestra: i fiocchi scendevano decisi ed il vento li faceva roteare in infinite direzioni. La sagoma scura del tabi\u00e0 si scorgeva appena ed al suolo c&#8217;erano oltre trenta cm di neve nuova che andava ad aggiungersi a quella ghiacciata scesa pochi giorni prima di Natale. Terminai in fretta la colazione e poi indossai la giacca a vento pesante ed il berretto bianco e blu con lo sciatore stilizzato. In un angolo del corridoio c&#8217;era il &#8220;rusach&#8221; del nonno pronto a finire sulle mie spalle. Avevo dodici anni e 500 Lire in tasca per pagare il ritorno in corriera da Cencenighe. Fare la spesa era la semplice missione di quel giorno &#8220;de gonf&#8221;. Appena aperta la porta di casa la prima folata di vento mi diede il buongiorno. Passai sotto il tabi\u00e0 e salii la scalinata con un p\u00f2 di attenzione. Giunto &#8220;su inte stradon&#8221; mi voltai e la casa dei nonni non c&#8217;era pi\u00f9. Pareva inghiottita da quella luce piatta, da quel grigio d&#8217;inverno vero. C&#8217;era un gran silenzio e sulla strada innevata le scie ormai quasi invisibili delle ruote di una sola macchina transitata forse prima dell&#8217;alba. Camminavo in leggera discesa in quel mondo assente e grigio. Non c&#8217;era il Pelsa da ammirare, non si scorgeva nemmeno Ghisel aldil\u00e0 della valle. Non c&#8217;era nulla che l&#8217;occhio potesse vedere tranne il marrone delle scarpe grosse che si bagnavano sempre pi\u00f9 curva dopo curva. I fiocchi arrivavano &#8220;de stravent&#8221; e qualche folata di quel vento tentava di spostarmi, a volte pure riuscendoci. Il manto nevoso cresceva man mano che scendevo lungo la provinciale. Riuscivo a scorgere i pali a bordo strada che emergevano dai guard-rail quasi interamente ricoperti dalla neve ammucchiata dal &#8220;versor&#8221; dopo la nevicata precedente. Alle Martinazze non potei percorrere lo &#8220;scurton&#8221; che tagliava il primo tornante. Cos\u00ec percorsi per intero la strada in un silenzio irreale. Solo il rumore delle scarpe che calpestavano il ghiaccio ed il fischiare del &#8220;gonf&#8221; che faceva turbinare la neve. Superai l&#8217;incrocio per Balestier e poco pi\u00f9 avanti, alla curva &#8220;dele crepe&#8221;, &#8220;el gonf&#8221; si trasform\u00f2 in un vento cattivo che riusciva a penetrare la giacca a vento e rendeva difficile tenere gli occhi aperti. Quasi di corsa raggiunsi le case dei Coi ed appena infilata la ripida discesa, grazie al riparo offerto dalle abitazioni e dai tabi\u00e0, il vento spar\u00ec lasciando spazio al leggero frusciare della neve che continuava a scendere incessante. Entrai nel piacevole tepore della &#8220;coprativa&#8221; con le scarpe che lasciavano impronte d&#8217;acqua sulle piastrelle. Un p\u00f2 di conserva, l&#8217;olio la farina. Cose semplici per nutrire vite semplici. Poi, dopo un salto dal &#8220;Giani&#8221; per terminare di riempire il &#8220;rusach&#8221;, era gi\u00e0 ora di ripartire verso San Tomaso. Uscii dal negozio e guardai la casa di &#8220;Cence&#8221; malinconicamente chiusa, con le terrazze coperte di neve e lontani sembravano quei gioiosi giorni d&#8217;estate trascorsi fra quelle mura ora fredde e silenziose. La campana batt\u00e8 nove rintocchi e la corriera ancora non era in sosta di fianco all&#8217;albergo Stella. Cos\u00ec decisi di ritornare a piedi percorrendo gli stessi passi del primo mattino. Ritrovai il vento forte &#8220;dele crepe&#8221; ed il grigio che copriva il Pelsa. Ora la strada era in salita, lo zaino pi\u00f9 pesante e la nevicata sempre potente. Arrivai a casa &#8220;snegaz\u00e0&#8221; e contento della mia piccola avventura. Il fornel era gi\u00e0 caldo, la legna crepitava nella cucina economica e fuori continuava a nevicare. Mi tolsi di dosso gli abiti bagnati e li misi ad asciugare &#8220;sula brega del fornel&#8221; e poi, poco prima di mezzogiorno, pranzammo. Mi alzai da tavola quando la &#8220;pendola&#8221; batt\u00e9 il mezzogiorno e mezzo e guardai nuovamente quel mondo grigio dalla finestra della &#8220;stua&#8221;. Tutto appariva immutato dalle prime luci dell&#8217;alba. Soltanto lo spessore della neve era aumentato, e continuava a nevicare. Salii sul fornel mentre dalla cucina arrivava il tintinnare dei piatti messi &#8220;inte lavandin&#8221;. Ed il pomeriggio fu &#8220;gran pigada&#8221; fino all&#8217;arrivo di un&#8217;altra fredda sera di dicembre\u2026Magiche Dolomiti!!<\/p>\n<p>&nbsp;<\/p>\n<blockquote class=\"wp-embedded-content\" data-secret=\"W4CSAeHSg2\"><p><a href=\"https:\/\/www.radiopiu.net\/wordpress\/i-racconti-di-paolo-soppelsa-cinquantacinquesima-puntata\/\">I RACCONTI DI PAOLO SOPPELSA CINQUANTACINQUESIMA PUNTATA<\/a><\/p><\/blockquote>\n<p><iframe loading=\"lazy\" class=\"wp-embedded-content\" sandbox=\"allow-scripts\" security=\"restricted\" style=\"position: absolute; clip: rect(1px, 1px, 1px, 1px);\" title=\"&#8220;I RACCONTI DI PAOLO SOPPELSA CINQUANTACINQUESIMA PUNTATA&#8221; &#8212; Radio Pi\u00f9\" src=\"https:\/\/www.radiopiu.net\/wordpress\/i-racconti-di-paolo-soppelsa-cinquantacinquesima-puntata\/embed\/#?secret=W4CSAeHSg2\" data-secret=\"W4CSAeHSg2\" width=\"600\" height=\"338\" frameborder=\"0\" marginwidth=\"0\" marginheight=\"0\" scrolling=\"no\"><\/iframe><\/p>\n<h2><span style=\"color: #33cccc;\"><strong>RACCOLTA COMPLETA<\/strong><\/span><\/h2>\n<blockquote class=\"wp-embedded-content\" data-secret=\"71Yacgz3A5\"><p><a href=\"https:\/\/www.radiopiu.net\/wordpress\/i-racconti-di-paolo-soppelsa\/\">I racconti di Paolo Soppelsa<\/a><\/p><\/blockquote>\n<p><iframe loading=\"lazy\" class=\"wp-embedded-content\" sandbox=\"allow-scripts\" security=\"restricted\" style=\"position: absolute; clip: rect(1px, 1px, 1px, 1px);\" title=\"&#8220;I racconti di Paolo Soppelsa&#8221; &#8212; Radio Pi\u00f9\" src=\"https:\/\/www.radiopiu.net\/wordpress\/i-racconti-di-paolo-soppelsa\/embed\/#?secret=71Yacgz3A5\" data-secret=\"71Yacgz3A5\" width=\"600\" height=\"338\" frameborder=\"0\" marginwidth=\"0\" marginheight=\"0\" scrolling=\"no\"><\/iframe><\/p>\n<\/div>\n<p>&nbsp;<\/p>\n<hr \/>\n<p>&nbsp;<\/p>\n<div>\n<p>&nbsp;<\/p>\n<h2><\/h2>\n<h2><\/h2>\n<h2><strong>LE\u00a0 PUNTATE di Luisa Alchini di Leggermente Bellunesi, la domenica alle 11, il martedi alle 10.30 e alle 19.00<\/strong><\/h2>\n<p>&nbsp;<\/p>\n<h2><strong style=\"font-size: 14px;\"><span style=\"color: #000000;\">RACCOLTA COMPLETA<\/span><\/strong><\/h2>\n<\/div>\n<blockquote class=\"wp-embedded-content\" data-secret=\"FzHxztBEJY\"><p><a href=\"https:\/\/www.radiopiu.net\/wordpress\/leggermente-20\/\">LEGGERmente&#8230;Bellunesi<\/a><\/p><\/blockquote>\n<p><iframe loading=\"lazy\" class=\"wp-embedded-content\" sandbox=\"allow-scripts\" security=\"restricted\" style=\"position: absolute; clip: rect(1px, 1px, 1px, 1px);\" title=\"&#8220;LEGGERmente&#8230;Bellunesi&#8221; &#8212; Radio Pi\u00f9\" src=\"https:\/\/www.radiopiu.net\/wordpress\/leggermente-20\/embed\/#?secret=FzHxztBEJY\" data-secret=\"FzHxztBEJY\" width=\"600\" height=\"338\" frameborder=\"0\" marginwidth=\"0\" marginheight=\"0\" scrolling=\"no\"><\/iframe><\/p>\n<hr \/>\n<p>&nbsp;<\/p>\n<blockquote>\n<h3><a href=\"https:\/\/www.radiopiu.net\/wordpress\/almanacco-ladino-puntata-5-2020\/sn\/\" rel=\"attachment wp-att-180931\"><img loading=\"lazy\" decoding=\"async\" class=\"wp-image-180931 alignleft\" src=\"https:\/\/www.radiopiu.net\/wordpress\/wp-content\/uploads\/2020\/12\/sn-300x194.jpg\" alt=\"\" width=\"181\" height=\"117\" srcset=\"https:\/\/www.radiopiu.net\/wordpress\/wp-content\/uploads\/2020\/12\/sn-300x194.jpg 300w, https:\/\/www.radiopiu.net\/wordpress\/wp-content\/uploads\/2020\/12\/sn.jpg 626w\" sizes=\"auto, (max-width: 181px) 100vw, 181px\" \/><\/a>L&#8217;ALMANACCO LADINO CON L&#8217;ISTITUT CESA DE JAN QUINDICINALE APPUNTAMENTO. LA DOMENICA ALLE 9 IL LUNEDI ALLE 8.35 IL MARTEDI ALLE 12.35 IL MERCOLEDI ALLE 18.35. SECONDA STAGIONE.<\/h3>\n<\/blockquote>\n<p><strong><span style=\"color: #ff0000;\">LA PUNTATA DELLA SETTIMANA<\/span><\/strong><\/p>\n<audio class=\"wp-audio-shortcode\" id=\"audio-182929-11\" preload=\"none\" style=\"width: 100%;\" controls=\"controls\"><source type=\"audio\/mpeg\" src=\"https:\/\/www.radiopiu.net\/wordpress\/wp-content\/uploads\/2021\/01\/49\u00b0-Almanacco-Ladino_Ampezan-1.mp3?_=11\" \/><a href=\"https:\/\/www.radiopiu.net\/wordpress\/wp-content\/uploads\/2021\/01\/49\u00b0-Almanacco-Ladino_Ampezan-1.mp3\">https:\/\/www.radiopiu.net\/wordpress\/wp-content\/uploads\/2021\/01\/49\u00b0-Almanacco-Ladino_Ampezan-1.mp3<\/a><\/audio>\n<p>&nbsp;<\/p>\n<p><strong>RACCOLTA COMPLETA\u00a0<\/strong><\/p>\n<blockquote class=\"wp-embedded-content\" data-secret=\"4xq4Y4RbHm\"><p><a href=\"https:\/\/www.radiopiu.net\/wordpress\/almanacco-ladino\/\">Almanacco Ladino<\/a><\/p><\/blockquote>\n<p><iframe loading=\"lazy\" class=\"wp-embedded-content\" sandbox=\"allow-scripts\" security=\"restricted\" style=\"position: absolute; clip: rect(1px, 1px, 1px, 1px);\" title=\"&#8220;Almanacco Ladino&#8221; &#8212; Radio Pi\u00f9\" src=\"https:\/\/www.radiopiu.net\/wordpress\/almanacco-ladino\/embed\/#?secret=4xq4Y4RbHm\" data-secret=\"4xq4Y4RbHm\" width=\"600\" height=\"338\" frameborder=\"0\" marginwidth=\"0\" marginheight=\"0\" scrolling=\"no\"><\/iframe><\/p>\n<p>&nbsp;<\/p>\n<\/div>\n<hr \/>\n<div>\n<h2><span style=\"color: #000080;\"><a class=\"dt-pswp-item\" href=\"https:\/\/www.radiopiu.net\/wordpress\/wp-content\/uploads\/2020\/10\/pp.jpg\" data-dt-img-description=\"\" data-large_image_width=\"640\" data-large_image_height=\"640\"><img loading=\"lazy\" decoding=\"async\" class=\"wp-image-163678 alignleft\" src=\"https:\/\/www.radiopiu.net\/wordpress\/wp-content\/uploads\/2020\/10\/pp-300x300.jpg\" alt=\"\" width=\"106\" height=\"106\" srcset=\"https:\/\/www.radiopiu.net\/wordpress\/wp-content\/uploads\/2020\/10\/pp-300x300.jpg 300w, https:\/\/www.radiopiu.net\/wordpress\/wp-content\/uploads\/2020\/10\/pp-150x150.jpg 150w, https:\/\/www.radiopiu.net\/wordpress\/wp-content\/uploads\/2020\/10\/pp-125x125.jpg 125w, https:\/\/www.radiopiu.net\/wordpress\/wp-content\/uploads\/2020\/10\/pp-200x200.jpg 200w, https:\/\/www.radiopiu.net\/wordpress\/wp-content\/uploads\/2020\/10\/pp-80x80.jpg 80w, https:\/\/www.radiopiu.net\/wordpress\/wp-content\/uploads\/2020\/10\/pp-480x480.jpg 480w, https:\/\/www.radiopiu.net\/wordpress\/wp-content\/uploads\/2020\/10\/pp.jpg 640w\" sizes=\"auto, (max-width: 106px) 100vw, 106px\" \/><\/a> <\/span><\/h2>\n<h2><span style=\"color: #000080;\">DON CESARE, IL PENSIERO DEL GIORNO. ALLA RADIO ALLE 7 DEL MATTINO E ALLE 19.30 DELLA SERA.\u00a0\u00a0<\/span><\/h2>\n<\/div>\n<p>&nbsp;<\/p>\n<p>&nbsp;<\/p>\n<audio class=\"wp-audio-shortcode\" id=\"audio-182929-12\" preload=\"none\" style=\"width: 100%;\" controls=\"controls\"><source type=\"audio\/mpeg\" src=\"https:\/\/www.radiopiu.net\/wordpress\/wp-content\/uploads\/2021\/01\/cesare.mp3?_=12\" \/><a href=\"https:\/\/www.radiopiu.net\/wordpress\/wp-content\/uploads\/2021\/01\/cesare.mp3\">https:\/\/www.radiopiu.net\/wordpress\/wp-content\/uploads\/2021\/01\/cesare.mp3<\/a><\/audio>\n<p>&nbsp;<\/p>\n<hr \/>\n<p>&nbsp;<\/p>\n<div>\n<p class=\"photoswipe-wrapper\"><a class=\"dt-pswp-item pspw-wrap-ready\" href=\"https:\/\/i0.wp.com\/www.radiopiu.net\/wordpress\/wp-content\/uploads\/2018\/09\/viabilita.jpeg?ssl=1\" data-dt-img-description=\"\" data-large_image_width=\"800\" data-large_image_height=\"100\"><img loading=\"lazy\" decoding=\"async\" class=\"aligncenter wp-image-61954 size-full\" src=\"https:\/\/i0.wp.com\/www.radiopiu.net\/wordpress\/wp-content\/uploads\/2018\/09\/viabilita.jpeg?resize=800%2C100&amp;ssl=1\" sizes=\"auto, (max-width: 800px) 100vw, 800px\" srcset=\"https:\/\/i0.wp.com\/www.radiopiu.net\/wordpress\/wp-content\/uploads\/2018\/09\/viabilita.jpeg?w=800&amp;ssl=1 800w, https:\/\/i0.wp.com\/www.radiopiu.net\/wordpress\/wp-content\/uploads\/2018\/09\/viabilita.jpeg?resize=300%2C38&amp;ssl=1 300w, https:\/\/i0.wp.com\/www.radiopiu.net\/wordpress\/wp-content\/uploads\/2018\/09\/viabilita.jpeg?resize=768%2C96&amp;ssl=1 768w\" alt=\"\" width=\"800\" height=\"100\" \/><\/a><\/p>\n<\/div>\n<p>&nbsp;<\/p>\n<p><strong>SP 1 MADONNA DEL PIAVE <\/strong>senso unico alternato regolato da semaforo fino al 15 gennaio in comune di Quero Vas per realizzazione tombinatura<\/p>\n<p><strong>SP 42 CAVALLERA<\/strong> fino a revoca, chiusura della strada nell&#8217;abitato di Perarolo per attivazione emergenza frana &#8220;Busa del Cristo&#8221;<\/p>\n<p><strong>S.P.2 DELLA VALLE DEL MIS\u00a0<\/strong>Interdizione totale al traffico fino a revoca dal km 14,920 (localit\u00e0 Gona Bassa) al km 20,650 (localit\u00e0 Titele) per cedimento della carreggiata<\/p>\n<p><strong>S.P. 5 DI LAMOSANO<\/strong>\u00a0Interdizione totale fino a revoca per presenza di materiale e alberi in strada.<\/p>\n<p><strong>S.P. 251 DI VAL DI ZOLDO E VAL CELLINA\u00a0<\/strong>dalla localit\u00e0 Soffranco fino all&#8217;imbocco nord della galleria S. Giovanni interdizione totale al transito per cedimento della carreggiata<\/p>\n<p><strong>SP 3 DELLA VAL IMPERINA<\/strong> fino a revoca, senso unico alternato regolato a vista in localit\u00e0 Gona di Conedera di Rivamonte per cedimento della carreggiata stradale<\/p>\n<p>&nbsp;<\/p>\n<div>\n<p>&nbsp;<\/p>\n<hr \/>\n<p>&nbsp;<\/p>\n<p class=\"photoswipe-wrapper\"><a class=\"dt-pswp-item pspw-wrap-ready\" href=\"https:\/\/i0.wp.com\/www.radiopiu.net\/wordpress\/wp-content\/uploads\/2018\/09\/WhatsApp-Image-2018-09-20-at-16.04.06.jpeg?ssl=1\" data-dt-img-description=\"\" data-large_image_width=\"800\" data-large_image_height=\"100\"><img loading=\"lazy\" decoding=\"async\" class=\"aligncenter wp-image-61378 size-full jetpack-lazy-image jetpack-lazy-image--handled\" src=\"https:\/\/i0.wp.com\/www.radiopiu.net\/wordpress\/wp-content\/uploads\/2018\/09\/WhatsApp-Image-2018-09-20-at-16.04.06.jpeg?resize=800%2C100&amp;ssl=1\" sizes=\"auto, (max-width: 800px) 100vw, 800px\" srcset=\"https:\/\/i0.wp.com\/www.radiopiu.net\/wordpress\/wp-content\/uploads\/2018\/09\/WhatsApp-Image-2018-09-20-at-16.04.06.jpeg?w=800&amp;ssl=1 800w, https:\/\/i0.wp.com\/www.radiopiu.net\/wordpress\/wp-content\/uploads\/2018\/09\/WhatsApp-Image-2018-09-20-at-16.04.06.jpeg?resize=300%2C38&amp;ssl=1 300w, https:\/\/i0.wp.com\/www.radiopiu.net\/wordpress\/wp-content\/uploads\/2018\/09\/WhatsApp-Image-2018-09-20-at-16.04.06.jpeg?resize=768%2C96&amp;ssl=1 768w\" alt=\"\" width=\"800\" height=\"100\" data-lazy-loaded=\"1\" \/><\/a><\/p>\n<p>&nbsp;<\/p>\n<div>\n<div id=\"dolomitimeteo_div_testi\"><center><b>Martedi 5<\/b><\/center><b>Tempo atteso:\u00a0<\/b>Nella notte e al mattino cielo in genere poco nuvoloso, salvo qualche annuvolamento pi\u00f9 diffuso sulle Prealpi, dove a fondovalle saranno probabili delle nubi basse e delle nebbie, specie in Valbelluna. Nel pomeriggio aumento ed intensificazione della nuvolosit\u00e0 medio-alta da sud, con possibilit\u00e0 di primi deboli fenomeni su Vicentino e Veronese nel tardo pomeriggio, in intensificazione ed estensione al Bellunese in serata.<br \/>\n<b>Precipitazioni:\u00a0<\/b>Fino a met\u00e0 pomeriggio generalmente assenti (0-10%). Dal tardo pomeriggio probabilit\u00e0 in aumento ad iniziare dalle Prealpi, fino a molto alta (90-100%) in serata. Nevicate da deboli a moderate alla sera, fino a fondovalle sulle Dolomiti e limite in abbassamento sulle Prealpi da 600-700 m a 300-500 m.<br \/>\n<b>Temperature:\u00a0<\/b>In ulteriore, lieve diminuzione. Su Prealpi a 1500 m min -4\u00b0C max -3\u00b0C, a 2000 m min -8\u00b0C max -6\u00b0C. Su Dolomiti a 2000 m min -8\u00b0C max -7\u00b0C, a 3000 m min -14\u00b0C max -13\u00b0C<br \/>\n<b>Venti:\u00a0<\/b>Nelle valli deboli, in quota deboli\/moderati da sud al mattino, in lieve intensificazione e rotazione a sud-est nel pomeriggio-sera, 10-20 km\/h sia a 2000 che a 3000 m<\/p>\n<hr \/>\n<p><center><b>Mercoledi 6<\/b><\/center><b>Tempo atteso:\u00a0<\/b>Nella notte e al mattino ancora estesa nuvolosit\u00e0, con fenomeni che tendono a smettere prima dell&#8217;alba, ma che poi potrebbero localmente riprendere in mattinata, seppur molto deboli. Nel pomeriggio e soprattutto in serata tendenza a schiarite sempre pi\u00f9 ampie.<br \/>\n<b>Precipitazioni:\u00a0<\/b>Nella notte probabilit\u00e0 molto alta (90-100%) di nevicate a quote basse (300-600 m). In mattinata rischio di qualche debole nevicata residua (30-40%). Nel pomeriggio-sera generalmente assenti (0-10%).<br \/>\n<b>Temperature:\u00a0<\/b>In ulteriore diminuzione, salvo rimanere stazionarie le massime a fondovalle, dove per\u00f2 in serata si avr\u00e0 un marcato calo termico. Su Prealpi a 1500 m min -6\u00b0C max -4\u00b0C, a 2000 m min -9\u00b0C max -7\u00b0C. Su Dolomiti a 2000 m min -9\u00b0C max -8\u00b0C, a 3000 m min -16\u00b0C max -15\u00b0C<br \/>\n<b>Venti:\u00a0<\/b>Nelle valli deboli, in quota deboli o moderati, inizialmente da sud-ovest, poi in rotazione a ovest a met\u00e0 giornata ed infine a nord-ovest in serata, seppur temporaneamente, 5-15 km\/h a 2000 m, 5-20 km\/h a 3000 m.<\/p>\n<hr \/>\n<p><center><b>Giovedi 7<\/b><\/center>Giornata in prevalenza soleggiata sulle Dolomiti e parzialmente soleggiata sulle Prealpi, per possibili annuvolamenti irregolari, in un contesto piuttosto freddo. Temperature ancora in lieve diminuzione, con valori minimi molto bassi a fondovalle. Venti in quota deboli o moderati occidentali, a tratti tesi a 3000 m.<\/p>\n<hr \/>\n<p><center><b>Venerdi 8<\/b><\/center>Giornata splendida e fredda, con possibile parziale velatura del cielo in serata. Temperature stazionarie, salvo diminuire ulteriormente le minime nei fondovalle e sugli altopiani prealpini. Venti in quota deboli o moderati da nord-ovest. Previsore: B.R.<\/p>\n<p>&nbsp;<\/p>\n<\/div>\n<hr \/>\n<p>&nbsp;<\/p>\n<p><a href=\"https:\/\/www.radiopiu.net\/wordpress\/giornale-radiopiu-15-settembre-2018-direttore-mirko-mezzacasa\/sport-7\/\" rel=\"attachment wp-att-60761\"><img loading=\"lazy\" decoding=\"async\" class=\"aligncenter wp-image-60761 size-full\" src=\"https:\/\/www.radiopiu.net\/wordpress\/wp-content\/uploads\/2018\/09\/sport.jpg\" alt=\"\" width=\"800\" height=\"100\" srcset=\"https:\/\/www.radiopiu.net\/wordpress\/wp-content\/uploads\/2018\/09\/sport.jpg 800w, https:\/\/www.radiopiu.net\/wordpress\/wp-content\/uploads\/2018\/09\/sport-300x38.jpg 300w, https:\/\/www.radiopiu.net\/wordpress\/wp-content\/uploads\/2018\/09\/sport-768x96.jpg 768w\" sizes=\"auto, (max-width: 800px) 100vw, 800px\" \/><\/a><\/p>\n<blockquote>\n<h3>IHL: DOMANI IN PROGRAMMA LA SFIDA TRA ALLEGHE E PERGINE<\/h3>\n<\/blockquote>\n<p><strong><a href=\"https:\/\/www.radiopiu.net\/wordpress\/alleghe-hockey-dalla-ihl-allunder-13-passando-per-il-femminile\/hockey-bbb\/\" rel=\"attachment wp-att-70532\"><img loading=\"lazy\" decoding=\"async\" class=\" wp-image-70532 alignleft\" src=\"https:\/\/www.radiopiu.net\/wordpress\/wp-content\/uploads\/2018\/12\/HOCKEY-BBB-300x188.jpg\" alt=\"\" width=\"299\" height=\"187\" srcset=\"https:\/\/www.radiopiu.net\/wordpress\/wp-content\/uploads\/2018\/12\/HOCKEY-BBB-300x188.jpg 300w, https:\/\/www.radiopiu.net\/wordpress\/wp-content\/uploads\/2018\/12\/HOCKEY-BBB-768x480.jpg 768w, https:\/\/www.radiopiu.net\/wordpress\/wp-content\/uploads\/2018\/12\/HOCKEY-BBB-1024x640.jpg 1024w, https:\/\/www.radiopiu.net\/wordpress\/wp-content\/uploads\/2018\/12\/HOCKEY-BBB.jpg 1920w\" sizes=\"auto, (max-width: 299px) 100vw, 299px\" \/><\/a>ALLEGHE<\/strong> Si gioca domani sera la partita valida per la 17\u00aa giornata della IHL tra Alleghe e Pergine. Dopo la bella vittoria di sabato scorso contro l\u2019Unterland Cavaliers, le civette giocano al De Toni la seconda sfida del 2021. Ad Alleghe le Linci trentine che arrivano da una sconfitta contro il Bressanone. Biancorossi bisognosi di punti per abbandonare la parte bassa della classifica evitando di rimanere fuori dai giochi anzitempo. Stesso discorso anche per il Pergine che dista ad un solo punto di distanza dagli agordini. Ingaggio alle 19:30 e diretta su Radio Pi\u00f9 con \u201cHockey Al Punto Giusto\u201d.<\/p>\n<\/div>\n<p>&nbsp;<\/p>\n<hr \/>\n<\/div>\n<p><strong>\u00a0<\/strong><\/p>\n<blockquote>\n<h2><strong>ALLESTIMENTI MONDIALI IN CONSEGNA\u00a0<\/strong><\/h2>\n<\/blockquote>\n<p><strong> <a href=\"https:\/\/www.radiopiu.net\/wordpress\/giornale-radiopiu-05-gennaio-2021-direttore-mirko-mezzacasa\/img_2552\/\" rel=\"attachment wp-att-183248\"><img loading=\"lazy\" decoding=\"async\" class=\"size-medium wp-image-183248 alignleft\" src=\"https:\/\/www.radiopiu.net\/wordpress\/wp-content\/uploads\/2021\/01\/IMG_2552-225x300.jpg\" alt=\"\" width=\"225\" height=\"300\" srcset=\"https:\/\/www.radiopiu.net\/wordpress\/wp-content\/uploads\/2021\/01\/IMG_2552-225x300.jpg 225w, https:\/\/www.radiopiu.net\/wordpress\/wp-content\/uploads\/2021\/01\/IMG_2552-768x1024.jpg 768w, https:\/\/www.radiopiu.net\/wordpress\/wp-content\/uploads\/2021\/01\/IMG_2552-1152x1536.jpg 1152w, https:\/\/www.radiopiu.net\/wordpress\/wp-content\/uploads\/2021\/01\/IMG_2552-1536x2048.jpg 1536w, https:\/\/www.radiopiu.net\/wordpress\/wp-content\/uploads\/2021\/01\/IMG_2552-scaled.jpg 1920w\" sizes=\"auto, (max-width: 225px) 100vw, 225px\" \/><\/a>CORTINA\u00a0 <\/strong><strong>Si \u00e8 tenuta ieri\u00a0 la cerimonia di consegna degli allestimenti per i campionati mondiali di sci alpino Cortina 2021 destinati al comprensorio sciistico di San Vito di Cadore, che \u00e8 stato inserito fra i training Center dei mondiali di sci alpino.\u00a0 <\/strong><strong>Questo risultato \u00e8 stato possibile grazie a una collaborazione instaurata fra il Comune di San Vito di Cadore la societ\u00e0 Scoter, che gestisce gli impianti sciistici della Ski area San Vito, lo Sci Club Dolomiti Cadore e il Rotary.\u00a0 <\/strong><strong>La cerimonia si \u00e8 tenuta in cima alla pista nera Cjastel, training slope per lo slalom speciale dei mondiali di sci alpino. Sono intervenuti fra gli altri il sindaco Caruzzo del Comune di San Vito di Cadore, l\u2019amministratore delegato della fondazione Cortina 2021 Giacobbi, accompagnato dal DT Ghezze e dalla dott.ssa Criscuolo, il presidente dello sci club Dolomiti Cadore Sommacal, insieme ai consiglieri Guttilla e De Martin, il dirigente Pordon della societ\u00e0 Scoter, i delegati FISI Bortoluzzi e Longo, il coordinatore della fellowship sport invernali del distretto Rotary 2060 (Triveneto) Sulligoi, il capitano comandante della Compagnia Gdf di Cortina Perrone.\u00a0<\/strong><\/p>\n<\/div>\n","protected":false},"excerpt":{"rendered":"<p>PER RICEVERE QUESTO NOTIZIARIO DIRETTAMENTE SUL TUO CELLULARE ISCRIVITI AL CANALE TELEGRAM \u201cRADIO PIU\u00a0 INFORMAZIONE&#8221; ATTENZIONE: LA NUOVA APP PER IOS-IPHONE https:\/\/apps.apple.com\/it\/app\/radio-pi%C3%B9-emittente-agordina\/id1515939845 ATTENZIONE: LA NUOVA APP RADIO\u00a0 PER ANDROID https:\/\/play.google.com\/store\/apps\/details?id=net.radiopiu.iniko\u00a0\u00a0\u00a0 &nbsp; FALZAREGO DURAN E VALLES RIAPERTI Riapertura dei seguenti tratti stradali: S.R. 48 \u201cdelle Dolomiti\u201d PASSO FALZAREGO (lato Arabba)- Pian di Falzarego) S.P. 30 \u201cPanoramica&hellip;<\/p>\n","protected":false},"author":4,"featured_media":183204,"comment_status":"closed","ping_status":"closed","sticky":false,"template":"","format":"standard","meta":{"_monsterinsights_skip_tracking":false,"_monsterinsights_sitenote_active":false,"_monsterinsights_sitenote_note":"","_monsterinsights_sitenote_category":0,"footnotes":""},"categories":[1,51,86,49],"tags":[],"class_list":["post-182929","post","type-post","status-publish","format-standard","has-post-thumbnail","hentry","category-senza-categoria","category-evidenza-top","category-gr","category-news-18","category-1","category-51","category-86","category-49","description-off"],"img_url":"https:\/\/www.radiopiu.net\/wordpress\/wp-content\/uploads\/2021\/01\/salt_20210104_184949_874.jpg","_links":{"self":[{"href":"https:\/\/www.radiopiu.net\/wordpress\/wp-json\/wp\/v2\/posts\/182929","targetHints":{"allow":["GET"]}}],"collection":[{"href":"https:\/\/www.radiopiu.net\/wordpress\/wp-json\/wp\/v2\/posts"}],"about":[{"href":"https:\/\/www.radiopiu.net\/wordpress\/wp-json\/wp\/v2\/types\/post"}],"author":[{"embeddable":true,"href":"https:\/\/www.radiopiu.net\/wordpress\/wp-json\/wp\/v2\/users\/4"}],"replies":[{"embeddable":true,"href":"https:\/\/www.radiopiu.net\/wordpress\/wp-json\/wp\/v2\/comments?post=182929"}],"version-history":[{"count":0,"href":"https:\/\/www.radiopiu.net\/wordpress\/wp-json\/wp\/v2\/posts\/182929\/revisions"}],"wp:featuredmedia":[{"embeddable":true,"href":"https:\/\/www.radiopiu.net\/wordpress\/wp-json\/wp\/v2\/media\/183204"}],"wp:attachment":[{"href":"https:\/\/www.radiopiu.net\/wordpress\/wp-json\/wp\/v2\/media?parent=182929"}],"wp:term":[{"taxonomy":"category","embeddable":true,"href":"https:\/\/www.radiopiu.net\/wordpress\/wp-json\/wp\/v2\/categories?post=182929"},{"taxonomy":"post_tag","embeddable":true,"href":"https:\/\/www.radiopiu.net\/wordpress\/wp-json\/wp\/v2\/tags?post=182929"}],"curies":[{"name":"wp","href":"https:\/\/api.w.org\/{rel}","templated":true}]}}