{"id":182938,"date":"2021-01-04T05:51:10","date_gmt":"2021-01-04T04:51:10","guid":{"rendered":"https:\/\/www.radiopiu.net\/wordpress\/?p=182938"},"modified":"2021-01-04T05:51:11","modified_gmt":"2021-01-04T04:51:11","slug":"a-proposito-di-parcheggi-a-frassene","status":"publish","type":"post","link":"https:\/\/www.radiopiu.net\/wordpress\/a-proposito-di-parcheggi-a-frassene\/","title":{"rendered":"A PROPOSITO DI PARCHEGGI A FRASSENE&#8217;"},"content":{"rendered":"<h3><\/h3>\n<blockquote>\n<h2>L&#8217;IMPEGNO DELLA PROTEZIONE CIVILE<\/h2>\n<\/blockquote>\n<p><strong><a href=\"https:\/\/www.radiopiu.net\/wordpress\/giornale-radiopiu-04-gennaio-2021-direttore-mirko-mezzacasa\/a839e5e8-725d-4a88-9670-d68d40bd4695\/\" rel=\"attachment wp-att-182937\"><img loading=\"lazy\" decoding=\"async\" class=\" wp-image-182937 alignleft\" src=\"https:\/\/www.radiopiu.net\/wordpress\/wp-content\/uploads\/2021\/01\/a839e5e8-725d-4a88-9670-d68d40bd4695-300x225.jpg\" alt=\"\" width=\"255\" height=\"192\" srcset=\"https:\/\/www.radiopiu.net\/wordpress\/wp-content\/uploads\/2021\/01\/a839e5e8-725d-4a88-9670-d68d40bd4695-300x225.jpg 300w, https:\/\/www.radiopiu.net\/wordpress\/wp-content\/uploads\/2021\/01\/a839e5e8-725d-4a88-9670-d68d40bd4695-1024x768.jpg 1024w, https:\/\/www.radiopiu.net\/wordpress\/wp-content\/uploads\/2021\/01\/a839e5e8-725d-4a88-9670-d68d40bd4695-768x576.jpg 768w, https:\/\/www.radiopiu.net\/wordpress\/wp-content\/uploads\/2021\/01\/a839e5e8-725d-4a88-9670-d68d40bd4695-1536x1152.jpg 1536w, https:\/\/www.radiopiu.net\/wordpress\/wp-content\/uploads\/2021\/01\/a839e5e8-725d-4a88-9670-d68d40bd4695.jpg 1600w\" sizes=\"auto, (max-width: 255px) 100vw, 255px\" \/><\/a>VOLTAGO<\/strong> <em>&#8220;Grazie a operai e volontari che si alzano la mattina alle 4 e non sanno a che ora tornano a casa, grazie a ragazzi della protezione civile che prima puliscono strade e marciapiedi per la comunit\u00e0 e poi vanno a casa a liberarsi la propriet\u00e0 della loro famiglia&#8221;.\u00a0<\/em>Cos\u00ec Giuseppe Schena coordinatore della Protezione Civile a Voltago che ricorda i giorni di grande impegno con \u00a0macchine performanti contro una neve difficile da spostare, ma l&#8217;accesso ad ogni strada \u00e8 stato garantito. <em>&#8221; Si \u00e8 pure rotta la fresa del trattore &#8211; dice Schena &#8211; ma da ieri pomeriggio \u00e8 tornata in funzione per allargare le strade&#8221; <\/em>A proposito\u00a0 della critica mossa per le auto parcheggiate lungo il\u00a0 viale principale <em>&#8220;Se il viale fosse sgombro, Veneto Strade aprirebbe la provinciale garantendo due corsie e non una e\u00a0 quando si inizia a fresare, l&#8217;operatore non deve avere mille occhi per schivare 20 macchine, cos\u00ec facendo effettuer\u00e0 una pulizia migliore della strada senza il rischio di arrecare danni, vige\u00a0 in ogni caso il\u00a0 divieto si sosta in caso di neve, cos\u00ec \u00a0per le strade comunali, ci sono macchine che impediscono il passaggio degli operatori, e poi sono le stesse persone che per prime si lamentano che nessuno \u00e8 passato ad aprire la strada. Concludo ringraziando tutti coloro che hanno supportato i lavori in questi giorni, anche i cittadini che invece di muovere polemiche, hanno preferito prendere una pala o una fresa e collaborare&#8221;.<\/em><\/p>\n<p>&nbsp;<\/p>\n","protected":false},"excerpt":{"rendered":"<p>L&#8217;IMPEGNO DELLA PROTEZIONE CIVILE VOLTAGO &#8220;Grazie a operai e volontari che si alzano la mattina alle 4 e non sanno a che ora tornano a casa, grazie a ragazzi della protezione civile che prima puliscono strade e marciapiedi per la comunit\u00e0 e poi vanno a casa a liberarsi la propriet\u00e0 della loro famiglia&#8221;.\u00a0Cos\u00ec Giuseppe Schena&hellip;<\/p>\n","protected":false},"author":4,"featured_media":182937,"comment_status":"closed","ping_status":"closed","sticky":false,"template":"","format":"standard","meta":{"_monsterinsights_skip_tracking":false,"_monsterinsights_sitenote_active":false,"_monsterinsights_sitenote_note":"","_monsterinsights_sitenote_category":0,"footnotes":""},"categories":[51,49],"tags":[],"class_list":["post-182938","post","type-post","status-publish","format-standard","has-post-thumbnail","hentry","category-evidenza-top","category-news-18","category-51","category-49","description-off"],"img_url":"https:\/\/www.radiopiu.net\/wordpress\/wp-content\/uploads\/2021\/01\/a839e5e8-725d-4a88-9670-d68d40bd4695.jpg","_links":{"self":[{"href":"https:\/\/www.radiopiu.net\/wordpress\/wp-json\/wp\/v2\/posts\/182938","targetHints":{"allow":["GET"]}}],"collection":[{"href":"https:\/\/www.radiopiu.net\/wordpress\/wp-json\/wp\/v2\/posts"}],"about":[{"href":"https:\/\/www.radiopiu.net\/wordpress\/wp-json\/wp\/v2\/types\/post"}],"author":[{"embeddable":true,"href":"https:\/\/www.radiopiu.net\/wordpress\/wp-json\/wp\/v2\/users\/4"}],"replies":[{"embeddable":true,"href":"https:\/\/www.radiopiu.net\/wordpress\/wp-json\/wp\/v2\/comments?post=182938"}],"version-history":[{"count":0,"href":"https:\/\/www.radiopiu.net\/wordpress\/wp-json\/wp\/v2\/posts\/182938\/revisions"}],"wp:featuredmedia":[{"embeddable":true,"href":"https:\/\/www.radiopiu.net\/wordpress\/wp-json\/wp\/v2\/media\/182937"}],"wp:attachment":[{"href":"https:\/\/www.radiopiu.net\/wordpress\/wp-json\/wp\/v2\/media?parent=182938"}],"wp:term":[{"taxonomy":"category","embeddable":true,"href":"https:\/\/www.radiopiu.net\/wordpress\/wp-json\/wp\/v2\/categories?post=182938"},{"taxonomy":"post_tag","embeddable":true,"href":"https:\/\/www.radiopiu.net\/wordpress\/wp-json\/wp\/v2\/tags?post=182938"}],"curies":[{"name":"wp","href":"https:\/\/api.w.org\/{rel}","templated":true}]}}