{"id":183021,"date":"2021-01-04T12:25:07","date_gmt":"2021-01-04T11:25:07","guid":{"rendered":"https:\/\/www.radiopiu.net\/wordpress\/?p=183021"},"modified":"2021-01-04T14:24:22","modified_gmt":"2021-01-04T13:24:22","slug":"il-presidente-del-veneto-luca-zaia-fa-il-punto-sullemergenza-covid-19-2","status":"publish","type":"post","link":"https:\/\/www.radiopiu.net\/wordpress\/il-presidente-del-veneto-luca-zaia-fa-il-punto-sullemergenza-covid-19-2\/","title":{"rendered":"ZAIA CHIUDE LE SUPERIORI PER TUTTO IL MESE IN UN ARCOBALENO DI NOTIZIE SULLA PANDEMIA. DA VENEZIA LUCA ZAIA IN DIRETTA _quasi 17mila vaccini in pochi giorni"},"content":{"rendered":"<p><strong>VENEZIA<\/strong> Tra poco in diretta dalla sala stampa della Protezione Civile a Marghera il presidente del Veneto Luca Zaia sull&#8217;emergenza Covid-19.<\/p>\n<p>&nbsp;<\/p>\n<p><strong>I NUMERI tamponi molecolari\u00a0 3 356 648 tamponi rapidi 1 937 061 positivi nelle 24 ore 1682, la percentuale del 12,69 % la media italiana al 17%, positivi da inizio epidemia 266.946 oggi 94.956 positivi. RICOVERATI 3459\u00a0 in terapia intensiva 400 (+4) in area non critica 3059 (+27) DECESSI 6813 (+50) DIMESSI 11060\u00a0<\/strong><\/p>\n<p><strong><span style=\"color: #ff0000;\">ALLE 12 DI OGGI 16.748 VACCINI PARI AL 43% DEL MAGAZZINO<\/span><\/strong><\/p>\n<p>&#8212;&#8212;-<\/p>\n<p>&nbsp;<\/p>\n<blockquote>\n<h2>LEGGI LA CONFERENZA STAMPA DI LUCA ZAIA<\/h2>\n<\/blockquote>\n<p><em>SCUOLE SUPERIORI CHIUSE FINO AL 1 FEBBRAIO viste le previsioni epidemiologiche aprire non \u00e8 prudente.\u00a0 Abbiamo persone in quarantena che si danno alla macchia, consegnano numeri di telefono sbagliati, positivi che non si trovano in casa al controllo telefonico. Cos\u00ec si mette a repentaglio la vita degli altri. Ne veniamo fuori, ma la velocit\u00e0 d&#8217;uscita \u00e8 pari all&#8217;impegno della collettivitit\u00e0.<\/em><\/p>\n<p>Ieri ho passato tutta la giornata in video conferenza e nella notte con i Governatori e il Governo con i Ministri Boccia e Speranza. C&#8217;\u00e8 preoccupazione perch\u00e9 abbiamo contezza che l&#8217;Italia ha due settimane di ritardo sulle curva europea, in proiezione c&#8217;\u00e8 il rischio di trasferisca in Italia. Nonostante le restrizioni (pesanti quelle in Germania dal 10 dicembre al 7 gennaio solo l&#8217;ultima) nei paesi europei crescono i positivi. Non possiamo sottovalutare questa situazione. In Veneto la situazione \u00e8 atipica, siamo a 15 giorni di restrizioni. Le curve non crescono ma nemmeno calano \u00e8 una sorta di altopiano. Il virus inglese ce l&#8217;abbiamo, riscontrato in pi\u00f9 sequenze. Abbiamo la certezza di averlo e che la mutazione inglese non da sintomatologie ma molto pi\u00f9 contagiosa. Come Governatori abbiamo ricordato che l&#8217;Istituto di Sanit\u00e0 e il Comitato Tecnico Scientifico hanno tutti i dati. Saranno rivisti i parametri, sostengo che se la scelta \u00e8 scientifica non c&#8217;\u00e8 nulla da dire, ma lo si faccia con scienza e coscienza senza poi chiedere agli altri di fare anche altro. Nessuna variante sul tema quindi. No alle solite discussioni a cui abbiamo assistito per settimane. Negli ospedali veneti la situazione \u00e8 importante con tutte le declinazioni del caso sempre con un grande grazie a chi nella sanit\u00e0 sta facendo un lavoro ciclopico.<span style=\"color: #ff0000;\"><strong> LA DECISIONE<\/strong><\/span> <strong>Firmo l&#8217;ordinanza per la chiusura delle scuole superiori fino al 1 febbraio stante la situazione epidemiologica. Ringrazio per il confronto la dottoressa Palumbo, i miei assessori e ho avvisato il Prefetto. Molti dei miei colleghi faranno un provvedimento simile. Non abbiamo problemi sui trasporti. Lo facciamo oggi per dare tempo alle famiglie di organizzarsi. E&#8217; una decisione prudente, anche perch\u00e9 non sappiamo in quale fascia colorata sar\u00e0 il Veneto il 7 gennaio, nemmeno quali saranno i nuovi parametri per le valutazioni.\u00a0<\/strong><\/p>\n<p>&nbsp;<\/p>\n<blockquote>\n<h3>DOTTOR LUCIANO FLOR direttore Sanit\u00e0 Veneto<\/h3>\n<\/blockquote>\n<p>Provvedimento sulla scuola coinvolge 117 000 studenti e 18 000 docenti e tecnico amministrativi. OSPEDALE\u00a0 Da quasi un mese siamo in una situazione di stabilit\u00e0 per i ricoveri in area non critica, tanti pazienti guariti e altrettanti nuovi ammalati, e negli ultimi 15 giorni, nonostante le chiusure il dato non si \u00e8 modificato. Avremo anche nuovi ricoveri in rianimazione poich\u00e9 non cala il numero dei pazienti in area non critica. Oggi sono 330 i pazienti in terapia sub intensiva, 170 sono malati appena usciti dalla rianimazione.<\/p>\n<p>Oggi contattiamo i positivi tutti i giorni o a giorni alterni, abbiamo una percentuale di persone che non risponde al telefono, in altri casi i numeri forniti risultano inesistenti.\u00a0 Centinaia di casi, non rispondere alla chiamata ripetutamente o aver dato il numero sbagliato temo comporter\u00e0 la segnalazione di queste persone<\/p>\n<p><a href=\"https:\/\/www.facebook.com\/zaiaufficiale\/videos\/358259888901932\">https:\/\/www.facebook.com\/zaiaufficiale\/videos\/358259888901932<\/a><\/p>\n<p>&nbsp;<\/p>\n<p>&nbsp;<\/p>\n","protected":false},"excerpt":{"rendered":"<p>VENEZIA Tra poco in diretta dalla sala stampa della Protezione Civile a Marghera il presidente del Veneto Luca Zaia sull&#8217;emergenza Covid-19. &nbsp; I NUMERI tamponi molecolari\u00a0 3 356 648 tamponi rapidi 1 937 061 positivi nelle 24 ore 1682, la percentuale del 12,69 % la media italiana al 17%, positivi da inizio epidemia 266.946 oggi&hellip;<\/p>\n","protected":false},"author":4,"featured_media":139388,"comment_status":"closed","ping_status":"closed","sticky":false,"template":"","format":"standard","meta":{"_monsterinsights_skip_tracking":false,"_monsterinsights_sitenote_active":false,"_monsterinsights_sitenote_note":"","_monsterinsights_sitenote_category":0,"footnotes":""},"categories":[51,49],"tags":[],"class_list":["post-183021","post","type-post","status-publish","format-standard","has-post-thumbnail","hentry","category-evidenza-top","category-news-18","category-51","category-49","description-off"],"img_url":"https:\/\/www.radiopiu.net\/wordpress\/wp-content\/uploads\/2020\/05\/ZAIA-1.jpg","_links":{"self":[{"href":"https:\/\/www.radiopiu.net\/wordpress\/wp-json\/wp\/v2\/posts\/183021","targetHints":{"allow":["GET"]}}],"collection":[{"href":"https:\/\/www.radiopiu.net\/wordpress\/wp-json\/wp\/v2\/posts"}],"about":[{"href":"https:\/\/www.radiopiu.net\/wordpress\/wp-json\/wp\/v2\/types\/post"}],"author":[{"embeddable":true,"href":"https:\/\/www.radiopiu.net\/wordpress\/wp-json\/wp\/v2\/users\/4"}],"replies":[{"embeddable":true,"href":"https:\/\/www.radiopiu.net\/wordpress\/wp-json\/wp\/v2\/comments?post=183021"}],"version-history":[{"count":0,"href":"https:\/\/www.radiopiu.net\/wordpress\/wp-json\/wp\/v2\/posts\/183021\/revisions"}],"wp:featuredmedia":[{"embeddable":true,"href":"https:\/\/www.radiopiu.net\/wordpress\/wp-json\/wp\/v2\/media\/139388"}],"wp:attachment":[{"href":"https:\/\/www.radiopiu.net\/wordpress\/wp-json\/wp\/v2\/media?parent=183021"}],"wp:term":[{"taxonomy":"category","embeddable":true,"href":"https:\/\/www.radiopiu.net\/wordpress\/wp-json\/wp\/v2\/categories?post=183021"},{"taxonomy":"post_tag","embeddable":true,"href":"https:\/\/www.radiopiu.net\/wordpress\/wp-json\/wp\/v2\/tags?post=183021"}],"curies":[{"name":"wp","href":"https:\/\/api.w.org\/{rel}","templated":true}]}}