{"id":183090,"date":"2021-01-04T23:59:06","date_gmt":"2021-01-04T22:59:06","guid":{"rendered":"https:\/\/www.radiopiu.net\/wordpress\/?p=183090"},"modified":"2021-01-05T06:14:23","modified_gmt":"2021-01-05T05:14:23","slug":"diocesi-di-belluno-feltre-in-lutto-per-don-vinicio-marcon-di-gosaldo","status":"publish","type":"post","link":"https:\/\/www.radiopiu.net\/wordpress\/diocesi-di-belluno-feltre-in-lutto-per-don-vinicio-marcon-di-gosaldo\/","title":{"rendered":"DIOCESI DI BELLUNO-FELTRE IN LUTTO PER DON VINICIO MARCON DI GOSALDO"},"content":{"rendered":"<p><strong>di RENATO BONA<\/strong><\/p>\n<p>La Diocesi di Belluno-Feltre guidata dal vescovo monsignor Renato Marangoni ha registrato negli ultimi tempi tre lutti e ricordato il primo anniversario della scomparsa del vescovo Pietro Brollo che era succeduto a monsignor Maffeo Ducoli. Nella chiesa parrocchiale di Soranzen nella mattinata di ieri, luned\u00ec 4 gennaio, sono state celebrate le esequie di don Vinicio Marcon (il giorno prima, domenica, nel pomeriggio era stato recitato il rosario di suffragio nella chiesa di Cesiomaggiore). Il sacerdote \u2013 lo si pu\u00f2 leggere nel sito chiesabellunofeltre.it \u2013 era stato ricoverato nell\u2019ospedale di Santa Maria del Prato, a Feltre, alla met\u00e0 dello scorso mese, per sintomi evidenti di coronavirus; dopo aver fatto registrate un confortante miglioramento, le sue condizioni si sono aggravate ed \u00e8 mancato nella serata di marted\u00ec 29 dicembre, all\u2019et\u00e0 di 79 anni. Nativo della frazione Spagnoi di Gosaldo (7 marzo 1941), quinto figlio di Giuseppe e Maria, dopo le elementari aveva lavorato come \u201ccaregheta\u201d cio\u00e8 impagliatore di sedie quindi aveva intrapreso la via del sacerdozio e si era dedicato a studi umanistici e teologici nel Seminario Gregoriano di Belluno e il 31 maggio 1969 venne ordinato presbitero nella Cattedrale. Dal luglio di quell\u2019anno e fino al 26 settembre era stato quindi vicario cooperatore a Livinallongo del Col di Lana, divenendo poi parroco di Laste fino al giugno 1981. Trasferito a Vallada Agordina fu parroco fino al 18 settembre 1993 quando l\u2019allora vescovo Maffeo Ducoli lo scelse quale segretario. Accompagn\u00f2 ed assistette il presule nella quiescenza in terra veronese per oltre tre lustri fino alla scomparsa di Ducoli il 28 agosto 2012. Svolse varie mansioni collaborando con la parrocchia scaligera anche, all\u2019occorrenza, sostituendo i parroci, e con l\u2019incarico di notaio del Tribunale ecclesiastico regionale triveneto. Rientrato nell\u2019ambito della Diocesi di Belluno-Feltre si inser\u00ec nelle realt\u00e0 parrocchiali di Soranzen e di Cesiomaggiore, collaborando col parroco don Andrea Piccolin e \u201cfacendosi apprezzare per il suo carattere gioviale e spontaneo, accolto da tutti come uno di famiglia, anche dai giovani come se fosse uno di loro\u2026\u201d. Sullo stesso sito, a firma di don Renzo Sperti, parroco di Farra d\u2019Alpago e Santa Croce al Lago, sotto il titolo \u201cLa luminosit\u00e0 di un volto sorridente\u201d si pu\u00f2 leggere un ricordo, un anno dopo la scomparsa il 5 dicembre 2019, di monsignor Pietro Brollo, che fu vescovo di Belluno-Feltre dal 3 marzo 1996 al 6 gennaio 2001. Don Sperti scrive fra l\u2019altro: \u201cTra i ricordi personali che conservo con particolare riconoscenza verso il vescovo Brollo, c\u2019\u00e8 il momento in cui egli annunci\u00f2 ufficialmente il suo trasferimento alla diocesi di Udine. Riuniti in rappresentanza del presbiterio diocesano nel salone del vescovado di Belluno, tutti eravamo ormai a conoscenza della decisione arrivata da Roma. A mezzogiorno il Vescovo si present\u00f2 con un foglio in mano. Ci augur\u00f2 buongiorno, ma il suo sorriso non era quello consueto. Finito di leggere il breve testo con il quale dava notizia della sua nuova destinazione, alz\u00f2 gli occhi. Erano colmi di lacrime che gli rigavano il volto, ostinatamente sorridente. Non erano certo lacrime di gioia e allarg\u00f2 le braccia chiedendo scusa di presentarsi in quel modo inusuale. Verranno, disse, i giorni della gioia, ma intanto oggi \u00e8 il giorno delle lacrime\u2026\u201d. Spazio telematico anche per Luciano De Marco del quale si ricorda che per circa vent\u2019anni fu occupato negli uffici della Curia di Belluno, mancato sabato 7 novembre, all\u2019et\u00e0 di 89 anni, molto attivo nel Movimento dei Focolari. Di lui erano apprezzati il tratto mite, paziente e discreto e la competenza, precisione e disponibilit\u00e0 con le quali ha svolto fedelmente, ogni giorno, il suo incarico. Si era invece spento il 16 settembre scorso nell\u2019ospedale di Feltre, all\u2019et\u00e0 di 87 anni, don Flavio Del Longo, nativo di Valle, che per 21 anni fu parroco a Tai e Nebbi\u00f9 di Cadore. Era ospite della Casa Kolbe di Pedavena dove si era ritirato per motivi di salute. Le esequie sono state celebrate nella chiesa pievanale di Valle di Cadore e la salma \u00e8 stata poi tumulata nel cimitero di Nebbi\u00f9. Era stato ordinato presbitero in Cattedrale a Belluno il 3 luglio 1960 con don Attilio Giacobbi, don Sergio Sacco e don Rinaldo Sommacal insieme ai quali aveva tagliato felicemente il traguardo dei sessant\u2019anni di sacerdozio. Gli incarichi: cooperatore a Calalzo nel 1960-61 quindi a Canale d\u2019Agordo (1961-62), vicario a Limana (1962-64), a Pieve di Cadore (1964-66): poi, fino al 1978 parroco nella comelicese Costalta prima del trasferimento a Lamosano, in Alpago, dal 1978 al 1992, e poi a Tai di Cadore dove rimase per 21 anni, fino al 2013; dal 1997 al 2013 cur\u00f2 anche la comunit\u00e0 di Nebbi\u00f9. Lasci\u00f2 ovunque un carissimo ricordo.<\/p>\n\n\t\t\t<style type='text\/css'>\n\t\t\t\t#gallery-1 {\n\t\t\t\t\tmargin: auto;\n\t\t\t\t}\n\t\t\t\t#gallery-1 .gallery-item {\n\t\t\t\t\tfloat: left;\n\t\t\t\t\tmargin-top: 10px;\n\t\t\t\t\ttext-align: center;\n\t\t\t\t\twidth: 33%;\n\t\t\t\t}\n\t\t\t\t#gallery-1 img {\n\t\t\t\t\tborder: 2px solid #cfcfcf;\n\t\t\t\t}\n\t\t\t\t#gallery-1 .gallery-caption {\n\t\t\t\t\tmargin-left: 0;\n\t\t\t\t}\n\t\t\t\t\/* see gallery_shortcode() in wp-includes\/media.php *\/\n\t\t\t<\/style>\n\t\t<div id='gallery-1' class='dt-gallery-container gallery galleryid-183090 gallery-columns-3 gallery-size-thumbnail'><dl class='gallery-item'>\n\t\t\t\t<dt class='gallery-icon landscape'>\n\t\t\t\t\t<a class=\"rollover\" href='https:\/\/www.radiopiu.net\/wordpress\/diocesi-di-belluno-feltre-in-lutto-per-don-vinicio-marcon-di-gosaldo\/135454182_217087266742675_4179807386374406416_n\/'><img loading=\"lazy\" decoding=\"async\" width=\"150\" height=\"150\" src=\"https:\/\/www.radiopiu.net\/wordpress\/wp-content\/uploads\/2021\/01\/135454182_217087266742675_4179807386374406416_n-150x150.jpg\" class=\"attachment-thumbnail size-thumbnail\" alt=\"\" \/><\/a>\n\t\t\t\t<\/dt><\/dl><dl class='gallery-item'>\n\t\t\t\t<dt class='gallery-icon portrait'>\n\t\t\t\t\t<a class=\"rollover\" href='https:\/\/www.radiopiu.net\/wordpress\/diocesi-di-belluno-feltre-in-lutto-per-don-vinicio-marcon-di-gosaldo\/136066264_397085378049722_3819395146344573728_n\/'><img loading=\"lazy\" decoding=\"async\" width=\"150\" height=\"150\" src=\"https:\/\/www.radiopiu.net\/wordpress\/wp-content\/uploads\/2021\/01\/136066264_397085378049722_3819395146344573728_n-150x150.png\" class=\"attachment-thumbnail size-thumbnail\" alt=\"\" \/><\/a>\n\t\t\t\t<\/dt><\/dl><dl class='gallery-item'>\n\t\t\t\t<dt class='gallery-icon portrait'>\n\t\t\t\t\t<a class=\"rollover\" href='https:\/\/www.radiopiu.net\/wordpress\/diocesi-di-belluno-feltre-in-lutto-per-don-vinicio-marcon-di-gosaldo\/135626549_145261910733873_473297466524552755_n\/'><img loading=\"lazy\" decoding=\"async\" width=\"150\" height=\"150\" src=\"https:\/\/www.radiopiu.net\/wordpress\/wp-content\/uploads\/2021\/01\/135626549_145261910733873_473297466524552755_n-150x150.png\" class=\"attachment-thumbnail size-thumbnail\" alt=\"\" \/><\/a>\n\t\t\t\t<\/dt><\/dl><br style=\"clear: both\" \/><dl class='gallery-item'>\n\t\t\t\t<dt class='gallery-icon portrait'>\n\t\t\t\t\t<a class=\"rollover\" href='https:\/\/www.radiopiu.net\/wordpress\/diocesi-di-belluno-feltre-in-lutto-per-don-vinicio-marcon-di-gosaldo\/135694981_1131398243947350_1783419278386346924_n\/'><img loading=\"lazy\" decoding=\"async\" width=\"150\" height=\"150\" src=\"https:\/\/www.radiopiu.net\/wordpress\/wp-content\/uploads\/2021\/01\/135694981_1131398243947350_1783419278386346924_n-150x150.png\" class=\"attachment-thumbnail size-thumbnail\" alt=\"\" \/><\/a>\n\t\t\t\t<\/dt><\/dl><dl class='gallery-item'>\n\t\t\t\t<dt class='gallery-icon portrait'>\n\t\t\t\t\t<a class=\"rollover\" href='https:\/\/www.radiopiu.net\/wordpress\/diocesi-di-belluno-feltre-in-lutto-per-don-vinicio-marcon-di-gosaldo\/135804737_434091851047055_2014314628405225446_n\/'><img loading=\"lazy\" decoding=\"async\" width=\"150\" height=\"150\" src=\"https:\/\/www.radiopiu.net\/wordpress\/wp-content\/uploads\/2021\/01\/135804737_434091851047055_2014314628405225446_n-150x150.png\" class=\"attachment-thumbnail size-thumbnail\" alt=\"\" \/><\/a>\n\t\t\t\t<\/dt><\/dl>\n\t\t\t\t<br style='clear: both' \/>\n\t\t\t<\/div>\n\n<p>NELLE FOTO (sito chiesabellunofeltre.it): la Cattedrale di Belluno; don Vinicio Marcon; il vescovo Pietro Brollo; Luciano De Marco; don Flavio Del Longo.<\/p>\n","protected":false},"excerpt":{"rendered":"<p>di RENATO BONA La Diocesi di Belluno-Feltre guidata dal vescovo monsignor Renato Marangoni ha registrato negli ultimi tempi tre lutti e ricordato il primo anniversario della scomparsa del vescovo Pietro Brollo che era succeduto a monsignor Maffeo Ducoli. Nella chiesa parrocchiale di Soranzen nella mattinata di ieri, luned\u00ec 4 gennaio, sono state celebrate le esequie&hellip;<\/p>\n","protected":false},"author":4,"featured_media":183093,"comment_status":"closed","ping_status":"closed","sticky":false,"template":"","format":"standard","meta":{"_monsterinsights_skip_tracking":false,"_monsterinsights_sitenote_active":false,"_monsterinsights_sitenote_note":"","_monsterinsights_sitenote_category":0,"footnotes":""},"categories":[104,49],"tags":[],"class_list":["post-183090","post","type-post","status-publish","format-standard","has-post-thumbnail","hentry","category-evidenza_3","category-news-18","category-104","category-49","description-off"],"img_url":"https:\/\/www.radiopiu.net\/wordpress\/wp-content\/uploads\/2021\/01\/136066264_397085378049722_3819395146344573728_n.png","_links":{"self":[{"href":"https:\/\/www.radiopiu.net\/wordpress\/wp-json\/wp\/v2\/posts\/183090","targetHints":{"allow":["GET"]}}],"collection":[{"href":"https:\/\/www.radiopiu.net\/wordpress\/wp-json\/wp\/v2\/posts"}],"about":[{"href":"https:\/\/www.radiopiu.net\/wordpress\/wp-json\/wp\/v2\/types\/post"}],"author":[{"embeddable":true,"href":"https:\/\/www.radiopiu.net\/wordpress\/wp-json\/wp\/v2\/users\/4"}],"replies":[{"embeddable":true,"href":"https:\/\/www.radiopiu.net\/wordpress\/wp-json\/wp\/v2\/comments?post=183090"}],"version-history":[{"count":0,"href":"https:\/\/www.radiopiu.net\/wordpress\/wp-json\/wp\/v2\/posts\/183090\/revisions"}],"wp:featuredmedia":[{"embeddable":true,"href":"https:\/\/www.radiopiu.net\/wordpress\/wp-json\/wp\/v2\/media\/183093"}],"wp:attachment":[{"href":"https:\/\/www.radiopiu.net\/wordpress\/wp-json\/wp\/v2\/media?parent=183090"}],"wp:term":[{"taxonomy":"category","embeddable":true,"href":"https:\/\/www.radiopiu.net\/wordpress\/wp-json\/wp\/v2\/categories?post=183090"},{"taxonomy":"post_tag","embeddable":true,"href":"https:\/\/www.radiopiu.net\/wordpress\/wp-json\/wp\/v2\/tags?post=183090"}],"curies":[{"name":"wp","href":"https:\/\/api.w.org\/{rel}","templated":true}]}}