{"id":183108,"date":"2021-01-04T16:37:30","date_gmt":"2021-01-04T15:37:30","guid":{"rendered":"https:\/\/www.radiopiu.net\/wordpress\/?p=183108"},"modified":"2021-01-04T16:37:30","modified_gmt":"2021-01-04T15:37:30","slug":"questanno-la-befana-non-sara-in-piazza-dei-martiri-a-belluno","status":"publish","type":"post","link":"https:\/\/www.radiopiu.net\/wordpress\/questanno-la-befana-non-sara-in-piazza-dei-martiri-a-belluno\/","title":{"rendered":"QUEST&#8217;ANNO LA BEFANA NON SARA&#8217; IN PIAZZA DEI MARTIRI A BELLUNO\u00a0"},"content":{"rendered":"<blockquote>\n<h3><\/h3>\n<p><strong><em>&#8220;L&#8217;appuntamento per\u00f2 \u00e8 solo rinviato: arrivederci al 6 gennaio 2022 per l&#8217;8^ edizione<\/em><\/strong><\/p><\/blockquote>\n<p><strong>BELLUNO<\/strong> Anche la Befana quest&#8217;anno rispetter\u00e0 le disposizioni anti Covid e non sar\u00e0 presente in piazza dei Martiri a Belluno\u00a0 domani a quello che era ormai diventato il tradizionale appuntamento della Befana del Vigile\u201d. Cos\u00ec i presidenti del Circolo Bellunese auto e moto d&#8217;epoca &#8220;Berto Gidoni&#8221;, del Gentlemen Drivers Club Belluno, dell\u2019Alfa Romeo Club Belluno e degli Amici della Topolino nell&#8217;annunciare l&#8217;annullamento della manifestazione.<em> &#8220;Siamo veramente dispiaciuti &#8211; dicono i presidenti &#8211; perch\u00e9 nelle ultime edizioni abbiamo visto ritrovarsi in piazza centinaia di bambini ansiosi, e talvolta timorosi, di ricevere in dono un sacchetto di dolciumi dalla graziosa vecchietta. L&#8217;entusiasmo dei bambini \u00e8 sempre stato l&#8217;ideale cornice alla presenza di tanti veicoli d&#8217;epoca portati in piazza per l&#8217;occasione dai soci dei sodalizi che non hanno mai mancato di omaggiare la presenza sulla pedana del Vigile urbano con un pacco dono destinato all&#8217;aiuto di chi pi\u00f9 ne ha bisogno. In quest&#8217;anno veramente difficile il nostro impegno a favore della mensa dei poveri dei Frati di Mussoi non verr\u00e0 comunque meno seppur privato della parte pubblica della manifestazione. Il giorno dell&#8217;Epifania rispetteremo la tradizione consegnando ai Frati un concreto aiuto affinch\u00e9 non venga a mancare la solidariet\u00e0 nei confronti dei meno fortunati&#8221;.<\/em><\/p>\n\n\t\t\t<style type='text\/css'>\n\t\t\t\t#gallery-1 {\n\t\t\t\t\tmargin: auto;\n\t\t\t\t}\n\t\t\t\t#gallery-1 .gallery-item {\n\t\t\t\t\tfloat: left;\n\t\t\t\t\tmargin-top: 10px;\n\t\t\t\t\ttext-align: center;\n\t\t\t\t\twidth: 33%;\n\t\t\t\t}\n\t\t\t\t#gallery-1 img {\n\t\t\t\t\tborder: 2px solid #cfcfcf;\n\t\t\t\t}\n\t\t\t\t#gallery-1 .gallery-caption {\n\t\t\t\t\tmargin-left: 0;\n\t\t\t\t}\n\t\t\t\t\/* see gallery_shortcode() in wp-includes\/media.php *\/\n\t\t\t<\/style>\n\t\t<div id='gallery-1' class='dt-gallery-container gallery galleryid-183108 gallery-columns-3 gallery-size-thumbnail'><dl class='gallery-item'>\n\t\t\t\t<dt class='gallery-icon landscape'>\n\t\t\t\t\t<a class=\"rollover\" href='https:\/\/www.radiopiu.net\/wordpress\/giornale-radiopiu-05-gennaio-2021-direttore-mirko-mezzacasa\/imgp6508\/'><img loading=\"lazy\" decoding=\"async\" width=\"150\" height=\"150\" src=\"https:\/\/www.radiopiu.net\/wordpress\/wp-content\/uploads\/2021\/01\/IMGP6508-150x150.jpg\" class=\"attachment-thumbnail size-thumbnail\" alt=\"\" \/><\/a>\n\t\t\t\t<\/dt><\/dl><dl class='gallery-item'>\n\t\t\t\t<dt class='gallery-icon landscape'>\n\t\t\t\t\t<a class=\"rollover\" href='https:\/\/www.radiopiu.net\/wordpress\/giornale-radiopiu-05-gennaio-2021-direttore-mirko-mezzacasa\/imgp6510\/'><img loading=\"lazy\" decoding=\"async\" width=\"150\" height=\"150\" src=\"https:\/\/www.radiopiu.net\/wordpress\/wp-content\/uploads\/2021\/01\/IMGP6510-150x150.jpg\" class=\"attachment-thumbnail size-thumbnail\" alt=\"\" \/><\/a>\n\t\t\t\t<\/dt><\/dl><dl class='gallery-item'>\n\t\t\t\t<dt class='gallery-icon landscape'>\n\t\t\t\t\t<a class=\"rollover\" href='https:\/\/www.radiopiu.net\/wordpress\/giornale-radiopiu-05-gennaio-2021-direttore-mirko-mezzacasa\/imgp6484\/'><img loading=\"lazy\" decoding=\"async\" width=\"150\" height=\"150\" src=\"https:\/\/www.radiopiu.net\/wordpress\/wp-content\/uploads\/2021\/01\/IMGP6484-150x150.jpg\" class=\"attachment-thumbnail size-thumbnail\" alt=\"\" \/><\/a>\n\t\t\t\t<\/dt><\/dl><br style=\"clear: both\" \/>\n\t\t\t<\/div>\n\n<div><\/div>\n","protected":false},"excerpt":{"rendered":"<p>&#8220;L&#8217;appuntamento per\u00f2 \u00e8 solo rinviato: arrivederci al 6 gennaio 2022 per l&#8217;8^ edizione BELLUNO Anche la Befana quest&#8217;anno rispetter\u00e0 le disposizioni anti Covid e non sar\u00e0 presente in piazza dei Martiri a Belluno\u00a0 domani a quello che era ormai diventato il tradizionale appuntamento della Befana del Vigile\u201d. Cos\u00ec i presidenti del Circolo Bellunese auto e&hellip;<\/p>\n","protected":false},"author":4,"featured_media":183105,"comment_status":"closed","ping_status":"closed","sticky":false,"template":"","format":"standard","meta":{"_monsterinsights_skip_tracking":false,"_monsterinsights_sitenote_active":false,"_monsterinsights_sitenote_note":"","_monsterinsights_sitenote_category":0,"footnotes":""},"categories":[49],"tags":[],"class_list":["post-183108","post","type-post","status-publish","format-standard","has-post-thumbnail","hentry","category-news-18","category-49","description-off"],"img_url":"https:\/\/www.radiopiu.net\/wordpress\/wp-content\/uploads\/2021\/01\/IMGP6508.jpg","_links":{"self":[{"href":"https:\/\/www.radiopiu.net\/wordpress\/wp-json\/wp\/v2\/posts\/183108","targetHints":{"allow":["GET"]}}],"collection":[{"href":"https:\/\/www.radiopiu.net\/wordpress\/wp-json\/wp\/v2\/posts"}],"about":[{"href":"https:\/\/www.radiopiu.net\/wordpress\/wp-json\/wp\/v2\/types\/post"}],"author":[{"embeddable":true,"href":"https:\/\/www.radiopiu.net\/wordpress\/wp-json\/wp\/v2\/users\/4"}],"replies":[{"embeddable":true,"href":"https:\/\/www.radiopiu.net\/wordpress\/wp-json\/wp\/v2\/comments?post=183108"}],"version-history":[{"count":0,"href":"https:\/\/www.radiopiu.net\/wordpress\/wp-json\/wp\/v2\/posts\/183108\/revisions"}],"wp:featuredmedia":[{"embeddable":true,"href":"https:\/\/www.radiopiu.net\/wordpress\/wp-json\/wp\/v2\/media\/183105"}],"wp:attachment":[{"href":"https:\/\/www.radiopiu.net\/wordpress\/wp-json\/wp\/v2\/media?parent=183108"}],"wp:term":[{"taxonomy":"category","embeddable":true,"href":"https:\/\/www.radiopiu.net\/wordpress\/wp-json\/wp\/v2\/categories?post=183108"},{"taxonomy":"post_tag","embeddable":true,"href":"https:\/\/www.radiopiu.net\/wordpress\/wp-json\/wp\/v2\/tags?post=183108"}],"curies":[{"name":"wp","href":"https:\/\/api.w.org\/{rel}","templated":true}]}}