{"id":183282,"date":"2021-01-05T12:25:52","date_gmt":"2021-01-05T11:25:52","guid":{"rendered":"https:\/\/www.radiopiu.net\/wordpress\/?p=183282"},"modified":"2021-01-05T14:02:34","modified_gmt":"2021-01-05T13:02:34","slug":"covid-19-il-punto-stampa-del-presidente-del-veneto-luca-zaia","status":"publish","type":"post","link":"https:\/\/www.radiopiu.net\/wordpress\/covid-19-il-punto-stampa-del-presidente-del-veneto-luca-zaia\/","title":{"rendered":"&#8220;LA SCUOLA NON E&#8217; UNA PARTITA A SCACCHI&#8221; LUCA ZAIA DA VENEZIA.  DAL 7   GIALLO? ARANCIONE? ROSSO? &#8230;E CHI LO SA"},"content":{"rendered":"<p><strong>VENEZIA<\/strong>\u00a0 diretta dalla sala stampa della Protezione Civile a Marghera, il Presidente del Veneto Luca Zaia far\u00e0 il punto sull&#8217;emergenza Covid-19.<\/p>\n<p><strong>I NUMERI 3.375.382 tamponi molecolari 1.974.981 tamponi rapidi INCIDENZA POSITIVI 5,66%\u00a0 (media nazionale 17%) POSITIVI 3151, POSITIVI TOTALE 270.097,\u00a0 ATTUALMENTE POSTIIVI 94.228, RICOVERATI 3.457 ricoverati in totale, RICOVERATI IN\u00a0 TERAPIA INTENSIVA 391 (-9) IN AREA NON CRITICA 3066 (+7) DECESSI 6.988 (+ 175 ma tiene conto della contabilit\u00e0 del fine settimana) DIMESSI 11.196\u00a0<\/strong><\/p>\n<h3><span style=\"color: #ff0000;\">DOSI VACCINO SOMMINISTRATE: 23644 &#8211;\u00a0 60,8% del magazzino che si esaurir\u00e0 entro l&#8217;inizio del fine settimana.<\/span><\/h3>\n<p>&nbsp;<\/p>\n<p>&nbsp;<\/p>\n<blockquote>\n<h2>LEGGI LA CONFERENZA STAMPA DI LUCA ZAIA<\/h2>\n<\/blockquote>\n<p><em>Anche il Governo ha introdotto la Dad\u00a0 nelle zone arancioni. Al 31 gennaio valuteremo la situazione e poi prenderemo eventuali decisioni se prolungare o meno la DAD.<\/em><\/p>\n<p>Protrarre l&#8217;apertura delle scuole al 1 febbraio &#8211; non ho sentito grandi critiche &#8211; non \u00e8 una scelta politica. I ragazzi non hanno colpe, ma dobbiamo evitare ogni possibile assembramento. Per me \u00e8 un fallimento chiudere una scuola,\u00a0 citando Victor Hugo: &#8220;Aprire\u00a0una scuola\u00a0significa chiudere\u00a0<b>una<\/b> prigione&#8221;. <strong>DOMANDA, Un timore percepito, genitori degli studenti delle medie preoccupati\u00a0<\/strong>Il Governo ha introdotto il parametro della dad almeno al 50% nelle zone gialle e arancioni. Se prendiamo la vecchia classificazione &#8220;rossa&#8221; chiusura superiori e terza media. Noi abbiamo inteso chiudere le superiori dopo riflessioni con gli esperti. I ragazzi delle superiori a parte numericamente e sono pi\u00f9 esposti alla trafila del contagio. Non \u00e8 che chiuderemo le medie tra una settimana o cosa a noi non risulta. <strong>E tutti gli altri enti di formazione e scuole private?<\/strong> Domanda complessa ne parleremo con l&#8217;avvocatura. Noi abbiamo esteso l&#8217;ordinanza agli enti di formazione ma sar\u00e0 fatta una risposta ad hoc con le Faq. Boccia ha evidenziato la discrasia tra chiuedere le scuole e lasciare aperto tutto il resto.<strong> Perch\u00e9 le scuole chiuse con la DAD e le altre attivit\u00e0 aperte compresi gli impianti di sci?<\/strong> Nessuna polemica, l&#8217;ordinanza \u00e8 l&#8217;espressione di quanto dichiarato dagli scienziati e dalla prevenzione. Noi eravamo anche pronti a riaprire con i trasporti ben organizzati. Questa \u00e8 una forma di smart working. L&#8217;impiango di risalita, la palestra e altre attivit\u00e0 non si possono mettere in smart working. Qui si vede tutto come una contrapposizione, io ho il dovere di intervenire se lo chiede la sanit\u00e0. E&#8217; un&#8217;opportunit\u00e0 per evitare la circolazione di 200mila persone, peraltro in maniere aggregata, nell&#8217;aula, nell&#8217;ambiente chiuso. Ci sono altre regioni che hanno annunciato che potrebbero presentare la stessa ordinanza. <strong>Studenti 14-18 anni incertezza per il futuro, assenteismo per carenza di connessione, cosa fa la Regione per aiutarli?<\/strong> Ci siamo confrontati spesso con la dottoressa Palumbo referente per la scuola, mi ha detto che sono organizzati per la didattica a distanza. Ci sono poi i casi,\u00a0 anche dove abito io non esiste la linea telefonica e il segnale della scheda telefonica ha i suoi limiti.<strong> Nuove fasce ci saranno peggioramenti?<\/strong>\u00a0 Abbiamo metabolizzato che l&#8217;Rt sopra 1\u00a0 significa fascia arancione;\u00a0 sopra 1,25 si va in zona rossa, ma verr\u00e0 valutata anche l&#8217;incidenza. Ad oggi non sappiamo in quale fascia saremo. <strong>Impianti di risalita, potrebbe intervenire la Regione?<\/strong> No sono scelte nazionali. Non capisco perch\u00e9 davanti alla scelta di chiudere le scuole viene fuori ora un lungo elenco di chi rimane aperto o chiuso. E&#8217; un dibattito assurdo.<\/p>\n<h2>LA DOTTORESSA FRANCESCA RUSSO, CAPO DIPARTIMENTO PREVENZIONE.<\/h2>\n<p><em>FASE 2, IL VACCINO PER LA POPOLAZIONE. OBIETTIVI RAGGIUNTI (O QUASI) PER LA FASE 1<\/em><\/p>\n<p><strong>LA SITUAZIONE<\/strong>\u00a0 38mila dosi a settimana di vaccino anticovid come da previsione, in\u00a0 distribuzioni alle Ulss che hanno avviato le vaccinazioni dal 30 dicembre per\u00a0 operatori sanitari, ospiti e operatori delle residenza anziani. Entro fine mesi potrebbero arrivare 185mila dosi, ultima tranche della prima fase. Le Ulss hanno espresso una scala di rischio,\u00a0 chiamati tutti quelli pi\u00f9 a contatto con soggetti contagiosi. Abbiamo considerato anche i volontari direttamente coinvolti nell&#8217;emergenza virus, anche i privati accreditati, e il settore sanitario privato (dentisti, chi ha centri diagnostici)<strong> IL VACCINO PER LA POPOLAZIONE<\/strong> anche qui ci sono le priorit\u00e0, i soggetti ultra 80 enni per prima e sono gi\u00e0 360mila, saranno invitati attreverso un avviso che arriver\u00e0 a casa. A seguire: dai 70 ai 79 anni, (fascia a rischio\u00a0 per i ricoveri in terapia intensiva e area non critica);\u00a0 60 ai 69 anni;\u00a0 L&#8217;obiettivo vaccinare contemporaneamente i tre scaglioni e modificare la circolazione del virus. Ci sono poi le \u00a0categorie a rischio con soggetti con patologie a rischio;\u00a0 i soggetti appartenenti ai servizi essenziali (insegnanti, farmacisti, forze dell&#8217;ordine)<strong> I TEMPI<\/strong> Dipendono esclusivamente dall&#8217;arrivo del vaccino, tempi e quantit\u00e0. <strong>VACCINI E RICHIAMI<\/strong> Oggi vengono inoclulate due dosi, per il futuro dipende dalla fornitura di febbraio.\u00a0<strong> IL VACCINO FUNZIONA?\u00a0<\/strong> Efficacia al 95%, molto elevata con alti livelli di sicurezza. Teniamo sotto controllo i vaccinati: arrossamento, dolore al braccio, febbre, affaticamento. <strong>COME FUZIONA?<\/strong> Non presenta il virus vivo, ma un Rna\u00a0 (portatore di\u00a0 proteina) per stimolare il sistema immunitario che produce anticorpi anticovid. <strong>REAZIONE NEL VACCINAT<\/strong>O\u00a0 Nei primi 15 giorni la prima risposta, con la\u00a0 seconda dose si alza la produzione di anticorpi che rimane per molto tempo per ora indefinito. Al momento per 6-12 mesi dovrebbe essere sufficiente fare due dosi. <strong>MUTAZIONI DEL VIRUS<\/strong> Abbiamo individuato 3 soggetti con la variante inglese e altre mutazioni mai riscontrate in Italia. Ci sono due varianti\u00a0 in molti Paesi del mondo: l&#8217;inglese e la sudafricana stanno preoccupando.<\/p>\n<blockquote>\n<h3>SCUOLA ZAIA: &#8220;Ci sono genitori che ci diffidano di fare i tamponi ai figli&#8221;.<\/h3>\n<\/blockquote>\n<p><strong>FRANCESCA RUSSO<\/strong>:\u00a0 Prevista la modifica del protocollo di identificazione e gestione dei casi nelle classi.\u00a0 Nel 30% di classi abbiamo avuto un caso secondario. Adesso\u00a0 per evitare la diffusione dei secondari il nuovo protocollo: dalla seconda elementare,\u00a0 con un soggetto positivo in classe (alunni o insegnanti) la stessa viene chiusa. I bambini fanno il tampone dopo 10 giorni, a fine quarantena. <strong>Se i genitori non vogliono fare il tampone<\/strong> il medico valuta se siano sempre stati asintomatici e se possano rientrare in classe. Dopo la quarantena i bambini possono tornare in classe.<\/p>\n<p>&nbsp;<\/p>\n<p>&nbsp;<\/p>\n<p>&nbsp;<\/p>\n<p><a href=\"https:\/\/www.facebook.com\/zaiaufficiale\/videos\/396365588283449\">https:\/\/www.facebook.com\/zaiaufficiale\/videos\/396365588283449<\/a><\/p>\n<p>&nbsp;<\/p>\n","protected":false},"excerpt":{"rendered":"<p>VENEZIA\u00a0 diretta dalla sala stampa della Protezione Civile a Marghera, il Presidente del Veneto Luca Zaia far\u00e0 il punto sull&#8217;emergenza Covid-19. I NUMERI 3.375.382 tamponi molecolari 1.974.981 tamponi rapidi INCIDENZA POSITIVI 5,66%\u00a0 (media nazionale 17%) POSITIVI 3151, POSITIVI TOTALE 270.097,\u00a0 ATTUALMENTE POSTIIVI 94.228, RICOVERATI 3.457 ricoverati in totale, RICOVERATI IN\u00a0 TERAPIA INTENSIVA 391 (-9) IN&hellip;<\/p>\n","protected":false},"author":4,"featured_media":175303,"comment_status":"closed","ping_status":"closed","sticky":false,"template":"","format":"standard","meta":{"_monsterinsights_skip_tracking":false,"_monsterinsights_sitenote_active":false,"_monsterinsights_sitenote_note":"","_monsterinsights_sitenote_category":0,"footnotes":""},"categories":[51,49],"tags":[],"class_list":["post-183282","post","type-post","status-publish","format-standard","has-post-thumbnail","hentry","category-evidenza-top","category-news-18","category-51","category-49","description-off"],"img_url":"https:\/\/www.radiopiu.net\/wordpress\/wp-content\/uploads\/2020\/11\/ZAIA-MASCHERINA-e1616680380412.png","_links":{"self":[{"href":"https:\/\/www.radiopiu.net\/wordpress\/wp-json\/wp\/v2\/posts\/183282","targetHints":{"allow":["GET"]}}],"collection":[{"href":"https:\/\/www.radiopiu.net\/wordpress\/wp-json\/wp\/v2\/posts"}],"about":[{"href":"https:\/\/www.radiopiu.net\/wordpress\/wp-json\/wp\/v2\/types\/post"}],"author":[{"embeddable":true,"href":"https:\/\/www.radiopiu.net\/wordpress\/wp-json\/wp\/v2\/users\/4"}],"replies":[{"embeddable":true,"href":"https:\/\/www.radiopiu.net\/wordpress\/wp-json\/wp\/v2\/comments?post=183282"}],"version-history":[{"count":0,"href":"https:\/\/www.radiopiu.net\/wordpress\/wp-json\/wp\/v2\/posts\/183282\/revisions"}],"wp:featuredmedia":[{"embeddable":true,"href":"https:\/\/www.radiopiu.net\/wordpress\/wp-json\/wp\/v2\/media\/175303"}],"wp:attachment":[{"href":"https:\/\/www.radiopiu.net\/wordpress\/wp-json\/wp\/v2\/media?parent=183282"}],"wp:term":[{"taxonomy":"category","embeddable":true,"href":"https:\/\/www.radiopiu.net\/wordpress\/wp-json\/wp\/v2\/categories?post=183282"},{"taxonomy":"post_tag","embeddable":true,"href":"https:\/\/www.radiopiu.net\/wordpress\/wp-json\/wp\/v2\/tags?post=183282"}],"curies":[{"name":"wp","href":"https:\/\/api.w.org\/{rel}","templated":true}]}}