{"id":183337,"date":"2021-01-05T17:50:32","date_gmt":"2021-01-05T16:50:32","guid":{"rendered":"https:\/\/www.radiopiu.net\/wordpress\/?p=183337"},"modified":"2021-01-05T17:50:32","modified_gmt":"2021-01-05T16:50:32","slug":"due-decessi-13-i-pazienti-in-terapia-intensiva-156-i-nuovi-positivi","status":"publish","type":"post","link":"https:\/\/www.radiopiu.net\/wordpress\/due-decessi-13-i-pazienti-in-terapia-intensiva-156-i-nuovi-positivi\/","title":{"rendered":"DUE DECESSI, 13 I PAZIENTI IN TERAPIA INTENSIVA, 156 I NUOVI POSITIVI"},"content":{"rendered":"<h2 align=\"CENTER\"><\/h2>\n<p><span style=\"font-size: medium;\"><strong>BELLUNO<\/strong> Sono decedute 2 persone covid positive: un uomo di 61 anni ricoverato in Rianimazione a Belluno un uomo di 73 anni ricoverato in Pneumologia a Feltre<\/span><\/p>\n<p align=\"JUSTIFY\"><span style=\"color: #c0504d;\"><span style=\"font-size: medium;\"><b>SITUAZIONE EPIDEMIOLOGICA <\/b><\/span><\/span><\/p>\n<p align=\"JUSTIFY\"><span style=\"font-size: medium;\"><i>(<\/i><\/span><span style=\"font-size: medium;\"><i>dato alle ore 17.00 fonte: Azienda Zero)<\/i><\/span><\/p>\n<table border=\"1\" width=\"471\" frame=\"HSIDES\" rules=\"NONE\" cellspacing=\"0\" cellpadding=\"7\">\n<tbody>\n<tr valign=\"TOP\">\n<td width=\"248\">\n<p align=\"JUSTIFY\"><span style=\"color: #5f497a;\"><span style=\"font-size: medium;\"><b>nuovi positivi<\/b><\/span><\/span><\/p>\n<p align=\"JUSTIFY\"><span style=\"color: #5f497a;\"><span style=\"font-size: medium;\"><b>nelle ultime 24 ore<\/b><\/span><\/span><\/p>\n<\/td>\n<td width=\"194\">\n<p align=\"CENTER\"><span style=\"color: #365f91;\"><span style=\"font-size: medium;\"><b>156<\/b><\/span><\/span><\/p>\n<\/td>\n<\/tr>\n<\/tbody>\n<\/table>\n<p align=\"JUSTIFY\"><span style=\"font-size: medium;\"><b>Ricoveri <\/b><\/span><\/p>\n<p align=\"JUSTIFY\"><span style=\"font-size: medium;\"><i>(dato alle ore 17.00 fonte: Azienda Zero)<\/i><\/span><\/p>\n<p align=\"JUSTIFY\"><span style=\"font-size: medium;\">Le persone attualmente POSITIVE ricoverate negli ospedali dell\u2019Ulss Dolomiti sono<\/span>:<\/p>\n<table border=\"1\" width=\"652\" frame=\"HSIDES\" rules=\"GROUPS\" cellspacing=\"0\" cellpadding=\"7\">\n<tbody>\n<tr valign=\"TOP\">\n<td width=\"203\"><\/td>\n<td width=\"203\">\n<p align=\"JUSTIFY\"><span style=\"color: #365f91;\"><span style=\"font-size: medium;\"><b>Area NON CRITICA<\/b><\/span><\/span><\/p>\n<\/td>\n<td width=\"203\">\n<p align=\"JUSTIFY\"><span style=\"color: #365f91;\"><span style=\"font-size: medium;\"><b>Terapia Intensiva<\/b><\/span><\/span><\/p>\n<\/td>\n<\/tr>\n<\/tbody>\n<tbody>\n<tr valign=\"TOP\">\n<td bgcolor=\"#d3dfee\" width=\"203\">\n<p align=\"JUSTIFY\"><span style=\"color: #365f91;\"><span style=\"font-size: medium;\"><b>Ospedale di Belluno <\/b><\/span><\/span><\/p>\n<\/td>\n<td bgcolor=\"#d3dfee\" width=\"203\">\n<p align=\"CENTER\"><span style=\"color: #365f91;\"><span style=\"font-size: medium;\">61<\/span><\/span><\/p>\n<\/td>\n<td bgcolor=\"#d3dfee\" width=\"203\">\n<p align=\"CENTER\"><span style=\"color: #365f91;\"><span style=\"font-size: medium;\">7<\/span><\/span><\/p>\n<\/td>\n<\/tr>\n<tr valign=\"TOP\">\n<td bgcolor=\"#d3dfee\" width=\"203\">\n<p align=\"JUSTIFY\"><span style=\"color: #365f91;\"><span style=\"font-size: medium;\"><b>Ospedale di Feltre<\/b><\/span><\/span><\/p>\n<p align=\"JUSTIFY\"><span style=\"color: #365f91;\"><span style=\"font-size: medium;\"><b>Ospedale di Agordo<\/b><\/span><\/span><\/p>\n<\/td>\n<td bgcolor=\"#d3dfee\" width=\"203\">\n<p align=\"CENTER\"><span style=\"color: #365f91;\"><span style=\"font-size: medium;\">39<\/span><\/span><\/p>\n<p align=\"CENTER\"><span style=\"color: #365f91;\"><span style=\"font-size: medium;\">8<\/span><\/span><\/p>\n<\/td>\n<td bgcolor=\"#d3dfee\" width=\"203\">\n<p align=\"CENTER\"><span style=\"color: #365f91;\"><span style=\"font-size: medium;\">6<\/span><\/span><\/p>\n<\/td>\n<\/tr>\n<\/tbody>\n<\/table>\n<p align=\"JUSTIFY\"><span style=\"font-size: medium;\">Le persone attualmente POSITIVE <\/span>ricoverate in Ospedale di Comunit\u00e0 sono:<\/p>\n<table border=\"1\" width=\"652\" frame=\"HSIDES\" rules=\"GROUPS\" cellspacing=\"0\" cellpadding=\"7\">\n<tbody>\n<tr valign=\"TOP\">\n<td width=\"312\"><\/td>\n<td width=\"312\">\n<p align=\"JUSTIFY\"><span style=\"color: #76923c;\"><span style=\"font-size: medium;\"><b>pazienti attualmente positivi<\/b><\/span><\/span><\/p>\n<\/td>\n<\/tr>\n<\/tbody>\n<tbody>\n<tr valign=\"TOP\">\n<td bgcolor=\"#e6eed5\" width=\"312\" height=\"5\">\n<p align=\"JUSTIFY\"><span style=\"color: #76923c;\"><span style=\"font-size: medium;\"><b>Ospedale di Comunit\u00e0 ALANO<\/b><\/span><\/span><\/p>\n<\/td>\n<td bgcolor=\"#e6eed5\" width=\"312\">\n<p align=\"CENTER\"><span style=\"color: #76923c;\"><span style=\"font-size: medium;\">6<\/span><\/span><\/p>\n<\/td>\n<\/tr>\n<tr valign=\"TOP\">\n<td bgcolor=\"#e6eed5\" width=\"312\">\n<p align=\"JUSTIFY\"><span style=\"color: #76923c;\"><span style=\"font-size: medium;\"><b>Ospedale di Comunit\u00e0 AURONZO<\/b><\/span><\/span><\/p>\n<p align=\"JUSTIFY\"><span style=\"color: #76923c;\"><span style=\"font-size: medium;\"><b>Ospedale di Comunit\u00e0 di BELLUNO <\/b><\/span><\/span><\/p>\n<\/td>\n<td bgcolor=\"#e6eed5\" width=\"312\">\n<p align=\"CENTER\"><span style=\"color: #76923c;\"><span style=\"font-size: medium;\">3<\/span><\/span><\/p>\n<p align=\"CENTER\"><span style=\"color: #76923c;\"><span style=\"font-size: medium;\">22<\/span><\/span><\/p>\n<\/td>\n<\/tr>\n<tr valign=\"TOP\">\n<td bgcolor=\"#e6eed5\" width=\"312\">\n<p align=\"JUSTIFY\"><span style=\"color: #76923c;\"><span style=\"font-size: medium;\"><b>Ospedale di Comunit\u00e0 di FELTRE<\/b><\/span><\/span><\/p>\n<\/td>\n<td bgcolor=\"#e6eed5\" width=\"312\">\n<p align=\"CENTER\"><span style=\"color: #76923c;\"><span style=\"font-size: medium;\">15<\/span><\/span><\/p>\n<\/td>\n<\/tr>\n<\/tbody>\n<\/table>\n<p>&nbsp;<\/p>\n<p>&nbsp;<\/p>\n<p>&nbsp;<\/p>\n<p><span style=\"color: #8064a2;\"><span style=\"font-size: medium;\"><b>DRIVE-IN TAMPONI <\/b><\/span><\/span><span style=\"font-size: medium;\">Domani, 6 gennaio, Epifania, sar\u00e0 attivo solo il drive-in tamponi del San Martino dalle 9.00 alle 15.00<\/span><\/p>\n<p><span style=\"color: #8064a2;\"><span style=\"font-size: medium;\"><b>VACCINAZIONI ANTI COVID <\/b><\/span><\/span><span style=\"font-size: medium;\">Continuano le vaccinazioni anti covid negli ospedali e nei centri di servizio dell\u2019Ulss Dolomiti. Ad oggi sono state effettuate vaccinazioni nei centri servizio di: <\/span><\/p>\n<p><span style=\"font-size: medium;\"><i>Distretto1: <\/i><\/span><span style=\"font-size: medium;\">Cavarzano, Limana, Ponte nelle Alpi, Pieve di Cadore Dolomieu; <\/span><i style=\"font-size: medium;\">Distretto 2: <\/i><span style=\"font-size: medium;\">Arsi\u00e8, Lamon, Seren del Grappa, Fonzaso Bakita e Alano.<\/span><\/p>\n<p><span style=\"color: #8064a2;\"><span style=\"font-size: medium;\"><b>TEAM SCUOLE <\/b><\/span><\/span>Nel pomeriggio il team scuola del Dipartimento di Prevenzione ha incontrato i dirigenti scolatici, i referenti covid scuola e l\u2019Ufficio Scolastico territoriale , per illustrare le nuove modalit\u00e0 di presa in carico delle classi in caso di alunni o insegnanti positivi al Covid. In presenza di un caso positivo in una classe, i contatti identificati nella classe secondo linee guida, <b>saranno posti in quarantena ed eseguiranno un test di controllo al termine della stessa (indicativamente al 10\u00b0 giorno)<\/b>. In caso di comparsa di sintomatologia durante la quarantena dovranno contattare il proprio Medico Curante. I genitori che non intendono sottoporre a tampone il proprio figlio potranno compilare un modulo in cui dichiarano le intenzioni e accettano una quarantena di 14 giorni. Il nuovo protocollo \u00e8 pubblicato sul sito www.aulss1.veneto.it<\/p>\n<p>&nbsp;<\/p>\n<hr \/>\n<blockquote>\n<h3 style=\"text-align: left;\" align=\"CENTER\"><\/h3>\n<h3 style=\"text-align: left;\" align=\"CENTER\">CAMBIANO GLI ORARI AI DRIVE IN<\/h3>\n<\/blockquote>\n<p><strong>BELLUNO<\/strong>\u00a0\u00a0<span style=\"font-size: medium;\">i drive-in tamponi dell\u2019Ulss Dolomiti saranno attivi nelle seguenti sedi ed orari: <\/span><b style=\"font-size: large;\">Belluno <\/b><span style=\"font-size: medium;\"><b>Ospedale San Martino<\/b><\/span><span style=\"font-size: medium;\"> &#8211; dal luned\u00ec al sabato dalle 7.00 alle 19.00.\u00a0 <\/span><span style=\"font-size: medium;\"><b>Sagrogna<\/b><\/span> <span style=\"font-size: medium;\"><u>domenica<\/u><\/span><span style=\"font-size: medium;\"> dalle 7.00 alle 19.00. <\/span><b style=\"font-size: large;\">Feltre <\/b><span style=\"font-size: medium;\">Via delle Industrie \u2013 Peschiera (ex- Marangoni) dal luned\u00ec al sabato dalle 8.30 alle 12.30.<\/span><b style=\"font-size: large;\">Tai di Cadore <\/b><span style=\"font-size: medium;\">Piazzale Dolomiti &#8211; <\/span><span style=\"font-size: medium;\"><b>marted\u00ec, gioved\u00ec, sabato<\/b><\/span><span style=\"font-size: medium;\"> \u2013 dalle 15.00 alle 17.00, <\/span><b style=\"font-size: large;\">Agordo <\/b><span style=\"font-size: medium;\">Piazzale Tamonich \u2013 <\/span><span style=\"font-size: medium;\"><b>luned\u00ec, mercoled\u00ec, venerd\u00ec<\/b><\/span><span style=\"font-size: medium;\"> \u2013 dalle 15.00 alle 17.00. <\/span><span style=\"font-size: medium;\">In caso di allertamenti meteo della Protezione Civile, si consiglia di verificare gli orari e le sedi dei drive-in nel sito <a href=\"http:\/\/www.aulss1.veneto.it\">www.aulss1.veneto.it<\/a>. <\/span><span style=\"font-size: medium;\">Possono accedere ai drive-in tamponi: <\/span><span style=\"font-size: medium;\">persone con prescrizione di tampone (antigenico rapido o molecolare) del Medico di Medicina Generale o Pediatra di Libera Scelta \u2013 SENZA APPUNTAMENTO, esibendo all\u2019ingresso impegnativa cartacea o dematerializzata anche in formato elettronico <\/span><span style=\"font-size: medium;\">i soggetti inviati dall\u2019unit\u00e0 di Crisi del Dipartimento di Prevenzione \u2013 SU INDICAZIONE DEL DIPARTIMENTO DI PREVENZIONE<\/span><\/p>\n","protected":false},"excerpt":{"rendered":"<p>BELLUNO Sono decedute 2 persone covid positive: un uomo di 61 anni ricoverato in Rianimazione a Belluno un uomo di 73 anni ricoverato in Pneumologia a Feltre SITUAZIONE EPIDEMIOLOGICA (dato alle ore 17.00 fonte: Azienda Zero) nuovi positivi nelle ultime 24 ore 156 Ricoveri (dato alle ore 17.00 fonte: Azienda Zero) Le persone attualmente POSITIVE&hellip;<\/p>\n","protected":false},"author":4,"featured_media":121260,"comment_status":"closed","ping_status":"closed","sticky":false,"template":"","format":"standard","meta":{"_monsterinsights_skip_tracking":false,"_monsterinsights_sitenote_active":false,"_monsterinsights_sitenote_note":"","_monsterinsights_sitenote_category":0,"footnotes":""},"categories":[51,49],"tags":[],"class_list":["post-183337","post","type-post","status-publish","format-standard","has-post-thumbnail","hentry","category-evidenza-top","category-news-18","category-51","category-49","description-off"],"img_url":"https:\/\/www.radiopiu.net\/wordpress\/wp-content\/uploads\/2020\/03\/covid-ulss.jpg","_links":{"self":[{"href":"https:\/\/www.radiopiu.net\/wordpress\/wp-json\/wp\/v2\/posts\/183337","targetHints":{"allow":["GET"]}}],"collection":[{"href":"https:\/\/www.radiopiu.net\/wordpress\/wp-json\/wp\/v2\/posts"}],"about":[{"href":"https:\/\/www.radiopiu.net\/wordpress\/wp-json\/wp\/v2\/types\/post"}],"author":[{"embeddable":true,"href":"https:\/\/www.radiopiu.net\/wordpress\/wp-json\/wp\/v2\/users\/4"}],"replies":[{"embeddable":true,"href":"https:\/\/www.radiopiu.net\/wordpress\/wp-json\/wp\/v2\/comments?post=183337"}],"version-history":[{"count":0,"href":"https:\/\/www.radiopiu.net\/wordpress\/wp-json\/wp\/v2\/posts\/183337\/revisions"}],"wp:featuredmedia":[{"embeddable":true,"href":"https:\/\/www.radiopiu.net\/wordpress\/wp-json\/wp\/v2\/media\/121260"}],"wp:attachment":[{"href":"https:\/\/www.radiopiu.net\/wordpress\/wp-json\/wp\/v2\/media?parent=183337"}],"wp:term":[{"taxonomy":"category","embeddable":true,"href":"https:\/\/www.radiopiu.net\/wordpress\/wp-json\/wp\/v2\/categories?post=183337"},{"taxonomy":"post_tag","embeddable":true,"href":"https:\/\/www.radiopiu.net\/wordpress\/wp-json\/wp\/v2\/tags?post=183337"}],"curies":[{"name":"wp","href":"https:\/\/api.w.org\/{rel}","templated":true}]}}