{"id":183487,"date":"2021-01-08T05:48:26","date_gmt":"2021-01-08T04:48:26","guid":{"rendered":"https:\/\/www.radiopiu.net\/wordpress\/?p=183487"},"modified":"2021-01-08T12:25:24","modified_gmt":"2021-01-08T11:25:24","slug":"giornale-radiopiu-08-gennaio-2021-direttore-mirko-mezzacasa","status":"publish","type":"post","link":"https:\/\/www.radiopiu.net\/wordpress\/giornale-radiopiu-08-gennaio-2021-direttore-mirko-mezzacasa\/","title":{"rendered":"GIORNALE RADIOPIU 08 GENNAIO 2021 DIRETTORE MIRKO MEZZACASA"},"content":{"rendered":"<h3><span style=\"color: #ff0000;\"><a style=\"color: #ff0000;\" href=\"https:\/\/www.radiopiu.net\/wordpress\/giornale-radiopiu-08-gennaio-2021-direttore-mirko-mezzacasa\/281dbfba-1916-4133-9d16-2da4fde9822a\/\" rel=\"attachment wp-att-183664\"><img loading=\"lazy\" decoding=\"async\" class=\" wp-image-183664 alignleft\" src=\"https:\/\/www.radiopiu.net\/wordpress\/wp-content\/uploads\/2021\/01\/281dbfba-1916-4133-9d16-2da4fde9822a-300x225.jpg\" alt=\"\" width=\"221\" height=\"166\" srcset=\"https:\/\/www.radiopiu.net\/wordpress\/wp-content\/uploads\/2021\/01\/281dbfba-1916-4133-9d16-2da4fde9822a-300x225.jpg 300w, https:\/\/www.radiopiu.net\/wordpress\/wp-content\/uploads\/2021\/01\/281dbfba-1916-4133-9d16-2da4fde9822a-1024x768.jpg 1024w, https:\/\/www.radiopiu.net\/wordpress\/wp-content\/uploads\/2021\/01\/281dbfba-1916-4133-9d16-2da4fde9822a-768x576.jpg 768w, https:\/\/www.radiopiu.net\/wordpress\/wp-content\/uploads\/2021\/01\/281dbfba-1916-4133-9d16-2da4fde9822a-1536x1152.jpg 1536w, https:\/\/www.radiopiu.net\/wordpress\/wp-content\/uploads\/2021\/01\/281dbfba-1916-4133-9d16-2da4fde9822a.jpg 1600w\" sizes=\"auto, (max-width: 221px) 100vw, 221px\" \/><\/a><\/span><\/h3>\n<h3><span style=\"color: #ff0000;\">AGORDO&#8230; AL FREDDO<\/span><\/h3>\n<h3>PER<strong> RICEVERE QUESTO NOTIZIARIO DIRETTAMENTE SUL TUO CELLULARE ISCRIVITI AL CANALE TELEGRAM <\/strong><strong>\u201cRADIO PIU\u00a0 INFORMAZIONE&#8221;<\/strong><\/h3>\n<p><em>ATTENZIONE: LA NUOVA APP PER IOS-IPHONE<\/em><\/p>\n<div>\n<div><a href=\"https:\/\/apps.apple.com\/it\/app\/radio-pi%C3%B9-emittente-agordina\/id1515939845\">https:\/\/apps.apple.com\/it\/app\/radio-pi%C3%B9-emittente-agordina\/id1515939845<\/a><\/div>\n<\/div>\n<div><\/div>\n<div>\n<div dir=\"auto\"><em>ATTENZIONE: LA NUOVA APP RADIO\u00a0 PER ANDROID<\/em><\/div>\n<\/div>\n<p><a href=\"https:\/\/play.google.com\/store\/apps\/details?id=net.radiopiu.iniko\" target=\"_blank\" rel=\"noopener noreferrer\">https:\/\/play.google.com\/store\/apps\/details?id=net.radiopiu.iniko\u00a0\u00a0\u00a0<\/a><\/p>\n<p>&nbsp;<\/p>\n<hr \/>\n<blockquote><p><strong>Anas ha riaperto al transito la strada statale 51 \u201cdi Alemagna\u201d a Fadalto, nel comune di Vittorio Veneto, in provincia di Treviso. Completata la rimozione del materiale franato sulla carreggiata e ultimati i primi interventi di messa in sicurezza del versante, interessato dalla riattivazione del movimento franoso a causa dell\u2019evento alluvionale di dicembre,\u00a0 il tratto \u00e8 nuovamente percorribile in orario diurno con il senso unico alternato dalle 6 alle 20. Permane, per motivi di sicurezza, la chiusura notturna.<\/strong><\/p><\/blockquote>\n<hr \/>\n<p>&nbsp;<\/p>\n<blockquote>\n<h3>QUANDO L&#8217;IDRANTE FA LA DIFFERENZA<\/h3>\n<\/blockquote>\n<p>Come ricordato ieri il compito di liberare gli idranti dalla neve e dal ghiaccio, pronti per ogni eventuale emergenza, \u00e8 stato affidato all&#8217;esercito dei vigili del fuoco volontari. Negli\u00a0 scatti gli uomini del distaccamento di <strong>Caprile e Rocca Pietore<\/strong> nelle tante frazioni dei Comuni di Alleghe e Rocca Pietore,\u00a0 i volontari di <strong>Colle Santa Lucia<\/strong> a Pezzei e Clevazza e i volontari di <strong>Canale d&#8217;Agordo<\/strong> in Valle del Biois nelle frazioni da Gares a San Tomaso. <strong>A Voltago<\/strong>\u00a0\u00a0liberati gli idranti nel comune\u00a0 dalla protezione civile Operazione semplice e veloce,\u00a0 in caso d&#8217;incendio l&#8217;idrante efficiente \u00e8 garanzia di intervento immediato. Di qui l&#8217;appello dei volontari ad avere cura degli idranti posizionati nei pressi delle abitazioni.<\/p>\n\n\t\t\t<style type='text\/css'>\n\t\t\t\t#gallery-1 {\n\t\t\t\t\tmargin: auto;\n\t\t\t\t}\n\t\t\t\t#gallery-1 .gallery-item {\n\t\t\t\t\tfloat: left;\n\t\t\t\t\tmargin-top: 10px;\n\t\t\t\t\ttext-align: center;\n\t\t\t\t\twidth: 16%;\n\t\t\t\t}\n\t\t\t\t#gallery-1 img {\n\t\t\t\t\tborder: 2px solid #cfcfcf;\n\t\t\t\t}\n\t\t\t\t#gallery-1 .gallery-caption {\n\t\t\t\t\tmargin-left: 0;\n\t\t\t\t}\n\t\t\t\t\/* see gallery_shortcode() in wp-includes\/media.php *\/\n\t\t\t<\/style>\n\t\t<div id='gallery-1' class='dt-gallery-container gallery galleryid-183487 gallery-columns-6 gallery-size-thumbnail'><dl class='gallery-item'>\n\t\t\t\t<dt class='gallery-icon portrait'>\n\t\t\t\t\t<a class=\"rollover rollover-zoom dt-pswp-item\" title=\"135922487_242551103922893_2436147599150533657_o\" data-dt-img-description=\"\" data-large_image_width=\"280\" data-large_image_height=\"593\"href='https:\/\/www.radiopiu.net\/wordpress\/wp-content\/uploads\/2021\/01\/135922487_242551103922893_2436147599150533657_o.jpg'><img loading=\"lazy\" decoding=\"async\" width=\"150\" height=\"150\" src=\"https:\/\/www.radiopiu.net\/wordpress\/wp-content\/uploads\/2021\/01\/135922487_242551103922893_2436147599150533657_o-150x150.jpg\" class=\"attachment-thumbnail size-thumbnail\" alt=\"\" \/><\/a>\n\t\t\t\t<\/dt><\/dl><dl class='gallery-item'>\n\t\t\t\t<dt class='gallery-icon landscape'>\n\t\t\t\t\t<a class=\"rollover rollover-zoom dt-pswp-item\" title=\"136062226_242551147256222_5343901914388640454_o\" data-dt-img-description=\"\" data-large_image_width=\"593\" data-large_image_height=\"280\"href='https:\/\/www.radiopiu.net\/wordpress\/wp-content\/uploads\/2021\/01\/136062226_242551147256222_5343901914388640454_o.jpg'><img loading=\"lazy\" decoding=\"async\" width=\"150\" height=\"150\" src=\"https:\/\/www.radiopiu.net\/wordpress\/wp-content\/uploads\/2021\/01\/136062226_242551147256222_5343901914388640454_o-150x150.jpg\" class=\"attachment-thumbnail size-thumbnail\" alt=\"\" \/><\/a>\n\t\t\t\t<\/dt><\/dl><dl class='gallery-item'>\n\t\t\t\t<dt class='gallery-icon landscape'>\n\t\t\t\t\t<a class=\"rollover rollover-zoom dt-pswp-item\" title=\"135877599_1083222668772480_8928777711869643945_n\" data-dt-img-description=\"\" data-large_image_width=\"960\" data-large_image_height=\"720\"href='https:\/\/www.radiopiu.net\/wordpress\/wp-content\/uploads\/2021\/01\/135877599_1083222668772480_8928777711869643945_n.jpg'><img loading=\"lazy\" decoding=\"async\" width=\"150\" height=\"150\" src=\"https:\/\/www.radiopiu.net\/wordpress\/wp-content\/uploads\/2021\/01\/135877599_1083222668772480_8928777711869643945_n-150x150.jpg\" class=\"attachment-thumbnail size-thumbnail\" alt=\"\" \/><\/a>\n\t\t\t\t<\/dt><\/dl><dl class='gallery-item'>\n\t\t\t\t<dt class='gallery-icon landscape'>\n\t\t\t\t\t<a class=\"rollover rollover-zoom dt-pswp-item\" title=\"135877599_1083222758772471_6739784320174736149_n\" data-dt-img-description=\"\" data-large_image_width=\"600\" data-large_image_height=\"450\"href='https:\/\/www.radiopiu.net\/wordpress\/wp-content\/uploads\/2021\/01\/135877599_1083222758772471_6739784320174736149_n.jpg'><img loading=\"lazy\" decoding=\"async\" width=\"150\" height=\"150\" src=\"https:\/\/www.radiopiu.net\/wordpress\/wp-content\/uploads\/2021\/01\/135877599_1083222758772471_6739784320174736149_n-150x150.jpg\" class=\"attachment-thumbnail size-thumbnail\" alt=\"\" \/><\/a>\n\t\t\t\t<\/dt><\/dl><dl class='gallery-item'>\n\t\t\t\t<dt class='gallery-icon portrait'>\n\t\t\t\t\t<a class=\"rollover rollover-zoom dt-pswp-item\" title=\"136077282_10208027647286449_4708839688596566246_o\" data-dt-img-description=\"\" data-large_image_width=\"1511\" data-large_image_height=\"2015\"href='https:\/\/www.radiopiu.net\/wordpress\/wp-content\/uploads\/2021\/01\/136077282_10208027647286449_4708839688596566246_o-1.jpg'><img loading=\"lazy\" decoding=\"async\" width=\"150\" height=\"150\" src=\"https:\/\/www.radiopiu.net\/wordpress\/wp-content\/uploads\/2021\/01\/136077282_10208027647286449_4708839688596566246_o-1-150x150.jpg\" class=\"attachment-thumbnail size-thumbnail\" alt=\"\" \/><\/a>\n\t\t\t\t<\/dt><\/dl><dl class='gallery-item'>\n\t\t\t\t<dt class='gallery-icon landscape'>\n\t\t\t\t\t<a class=\"rollover rollover-zoom dt-pswp-item\" title=\"136314438_10221123018697120_1085785092604718425_n\" data-dt-img-description=\"\" data-large_image_width=\"261\" data-large_image_height=\"196\"href='https:\/\/www.radiopiu.net\/wordpress\/wp-content\/uploads\/2021\/01\/136314438_10221123018697120_1085785092604718425_n.jpg'><img loading=\"lazy\" decoding=\"async\" width=\"150\" height=\"150\" src=\"https:\/\/www.radiopiu.net\/wordpress\/wp-content\/uploads\/2021\/01\/136314438_10221123018697120_1085785092604718425_n-150x150.jpg\" class=\"attachment-thumbnail size-thumbnail\" alt=\"\" \/><\/a>\n\t\t\t\t<\/dt><\/dl><br style=\"clear: both\" \/>\n\t\t\t<\/div>\n\n<h3 dir=\"auto\"><\/h3>\n<h3 dir=\"auto\">IERI A LIVINALLONGO DEL COL DI LANA<\/h3>\n<div dir=\"auto\"><strong>LIVINALLONGO<\/strong> Intervento dei Vigili del Fuoco del distaccamento di Agordo e dei Volontari di<strong> Livinallongo<\/strong> per alleggerire il carico di neve dal tetto della Casa di Riposo Villa S. Giuseppe. <strong>FALCADE <\/strong>Pulizia della neve della Chiesa di Falcade con l&#8217;ausilio dell&#8217;autoscala dei vigili del fuoco.<\/div>\n<div dir=\"auto\"><\/div>\n<div dir=\"auto\">\n\n\t\t\t<style type='text\/css'>\n\t\t\t\t#gallery-2 {\n\t\t\t\t\tmargin: auto;\n\t\t\t\t}\n\t\t\t\t#gallery-2 .gallery-item {\n\t\t\t\t\tfloat: left;\n\t\t\t\t\tmargin-top: 10px;\n\t\t\t\t\ttext-align: center;\n\t\t\t\t\twidth: 50%;\n\t\t\t\t}\n\t\t\t\t#gallery-2 img {\n\t\t\t\t\tborder: 2px solid #cfcfcf;\n\t\t\t\t}\n\t\t\t\t#gallery-2 .gallery-caption {\n\t\t\t\t\tmargin-left: 0;\n\t\t\t\t}\n\t\t\t\t\/* see gallery_shortcode() in wp-includes\/media.php *\/\n\t\t\t<\/style>\n\t\t<div id='gallery-2' class='dt-gallery-container gallery galleryid-183487 gallery-columns-2 gallery-size-thumbnail'><dl class='gallery-item'>\n\t\t\t\t<dt class='gallery-icon portrait'>\n\t\t\t\t\t<a class=\"rollover rollover-zoom dt-pswp-item\" title=\"135768560_4072901636096112_9141988441803723378_n\" data-dt-img-description=\"\" data-large_image_width=\"526\" data-large_image_height=\"811\"href='https:\/\/www.radiopiu.net\/wordpress\/wp-content\/uploads\/2021\/01\/135768560_4072901636096112_9141988441803723378_n.jpg'><img loading=\"lazy\" decoding=\"async\" width=\"150\" height=\"150\" src=\"https:\/\/www.radiopiu.net\/wordpress\/wp-content\/uploads\/2021\/01\/135768560_4072901636096112_9141988441803723378_n-150x150.jpg\" class=\"attachment-thumbnail size-thumbnail\" alt=\"\" \/><\/a>\n\t\t\t\t<\/dt><\/dl><dl class='gallery-item'>\n\t\t\t\t<dt class='gallery-icon portrait'>\n\t\t\t\t\t<a class=\"rollover rollover-zoom dt-pswp-item\" title=\"96a62e4f-377a-4fb4-a3cf-e549dc764313\" data-dt-img-description=\"\" data-large_image_width=\"960\" data-large_image_height=\"1280\"href='https:\/\/www.radiopiu.net\/wordpress\/wp-content\/uploads\/2021\/01\/96a62e4f-377a-4fb4-a3cf-e549dc764313.jpg'><img loading=\"lazy\" decoding=\"async\" width=\"150\" height=\"150\" src=\"https:\/\/www.radiopiu.net\/wordpress\/wp-content\/uploads\/2021\/01\/96a62e4f-377a-4fb4-a3cf-e549dc764313-150x150.jpg\" class=\"attachment-thumbnail size-thumbnail\" alt=\"\" \/><\/a>\n\t\t\t\t<\/dt><\/dl><br style=\"clear: both\" \/>\n\t\t\t<\/div>\n\n<\/div>\n<blockquote>\n<div dir=\"auto\"><\/div>\n<\/blockquote>\n<div dir=\"auto\"><\/div>\n<div dir=\"auto\">\n<hr \/>\n<\/div>\n<div dir=\"auto\"><\/div>\n<blockquote>\n<h3 dir=\"auto\"><\/h3>\n<h3 dir=\"auto\">I SINDACI CHE INFORMANO situazione epidemiologica<\/h3>\n<p>in rosso dati delle ultime 24 ore, in nero 48.<\/p><\/blockquote>\n<div dir=\"auto\"><span style=\"color: #ff0000;\"><strong>AGORDO<\/strong> <\/span>106 positivi (0) 51 sorveglianza attiva\u00a0 (-15)\u00a0 (<span style=\"color: #ff0000;\"><strong>ROCCA PIETORE<\/strong> <\/span>21 positivi (0), 18 (+1) in quarantena <strong>ALLEGHE<\/strong>\u00a020 positivi 28 sorveglianza attiva\u00a0<span style=\"color: #ff0000;\"><strong>LA VALLE<\/strong><\/span> 21 positivi\u00a0 (-5) 18\u00a0 in quarantena (-7)\u00a0 <strong>GOSALDO<\/strong>\u00a05 positivi 2 isolamento.\u00a0<span style=\"color: #ff0000;\"><strong>FALCADE<\/strong><\/span> positivi 103 (0) isolamento 55 (-13)\u00a0 <span style=\"color: #ff0000;\"><strong>LIVINALLONGO<\/strong><\/span>\u00a02 positivi e 1 in isolamento\u00a0<span style=\"color: #ff0000;\"><strong>TAIBON\u00a0<\/strong><\/span> 51 positivi (0) 11 isolati (-2) <span style=\"color: #ff0000;\"><strong>RIVAMONTE <\/strong><span style=\"color: #000000;\">1<\/span><\/span>1 positivi 3 isolamento <strong><span style=\"color: #ff0000;\">CENCENIGHE<\/span><\/strong> 51 16 <span style=\"color: #ff0000;\"><strong>SAN TOMASO<\/strong><\/span> 10 positivi 9 isolamento <span style=\"color: #ff0000;\"><strong>VALLADA<\/strong><\/span> 25 positivi 15 in quarantena <span style=\"color: #ff0000;\"><strong>CANALE D&#8217;AGORDO<\/strong><\/span> 64 positivi 34 in quarantena<br \/>\n<strong>*Colle Santa Lucia, Voltago e Selva di Cadore non pervenuti\u00a0<\/strong><\/div>\n<div dir=\"auto\"><\/div>\n<div dir=\"auto\"><\/div>\n<blockquote>\n<div dir=\"auto\"><\/div>\n<\/blockquote>\n<div dir=\"auto\"><\/div>\n<div dir=\"auto\">\n<hr \/>\n<\/div>\n<blockquote>\n<h3 dir=\"auto\">MONITORAGGIO CONTROLLI, DALLA PREFETTURA<\/h3>\n<\/blockquote>\n<div dir=\"auto\"><\/div>\n<div dir=\"auto\"><strong>BELLUNO<\/strong> Nei primi tre giorni della settimana controllate 613 persone (92.862 dal 16 marzo): lunedi 216, martedi 189, mercoledi 208. Sanzioni 5 (1400 da inizio epidemia): 2 lunedi e mercoledi, 1 martedi. Nessuna denuncia (35 da marzo). Attivit\u00e0 controllate nei primi tre giorni 197 (97136 da marzo), lunedi 83 martedi 45 e mercoledi 69. Una sanzione (57 da marzo) 1 chiusura (30 in totale).<\/div>\n<div dir=\"auto\"><\/div>\n<div dir=\"auto\">\n<hr \/>\n<\/div>\n<blockquote>\n<h3 dir=\"auto\"><\/h3>\n<h3 dir=\"auto\">In un giorno altre 414 vittime con un aumento di nuovi casi nella settimana del 27%. Nove Regioni preccupano per i tanti posti occupati in terapia intensiva, il Veneto \u00e8 al 37% delle proprie potenzialit\u00e0<\/h3>\n<\/blockquote>\n<p>Sono 12 le Regioni che rischiano la zona arancione Veneto compreso con indice Rt a 1,07, oggi il verdetto. Non si ferma il contagio nel Veneto, ieri 3870 nuovi casi, 89 morti. In Provincia calano i positivi (3846), ma ieri se ne sono contati 136 di nuovi. In aumento i guariti: 11.475. In diminuzione ma sempre alta la pressione sugli ospedali, 15 persone in terapia intensiva, 10 a Belluno (massimo della capienza per il San Martino). Da met\u00e0 gennaio via alla vaccinazioni per gli over 80. A Belluno Bar Europa chiuso per 5 giorni per gli assembramenti nel giorno della befana. La Prefettura stabilit\u00e0 eventuali ulteriori sanzioni. Nessuna multa per gli avventori identificati dagli uomini della volante. Nel periodo di Natale sono state controllate 1000 persone, 33 sanzionate, 1 denunciata, 390 i locali sottoposti a verifiche, una sanzione. Record di controlli nei giorni della befana con 613 persone sottoposte a verifica, 197 locali di cui uno sanzionato.<\/p>\n<blockquote>\n<h2>DUE DECESSI A FELTRE, 15 PAZIENTI IN TERAPIA INTENSIVA<\/h2>\n<\/blockquote>\n<p><strong>BELLUNO <\/strong>Nelle ultime 24 ore sono decedute 2 persone covid positive: una donna di 87 anni ricoverata in Pneumologia a Feltre, un uomo di 92 anni ricoverato in Geriatria a Feltre.<\/p>\n<p>POSITIVI NELLE 24 ORE: 136<\/p>\n<p align=\"JUSTIFY\"><span style=\"font-size: medium;\"><b>Ricoveri <\/b><\/span><\/p>\n<p align=\"JUSTIFY\"><span style=\"font-size: medium;\"><i>(dato alle ore 17.00 fonte: Azienda Zero)<\/i><\/span><\/p>\n<p align=\"JUSTIFY\"><span style=\"font-size: medium;\">Le persone attualmente POSITIVE ricoverate negli ospedali dell\u2019Ulss Dolomiti sono<\/span>:<\/p>\n<table border=\"1\" width=\"652\" frame=\"HSIDES\" rules=\"GROUPS\" cellspacing=\"0\" cellpadding=\"7\">\n<tbody>\n<tr valign=\"TOP\">\n<td width=\"203\"><\/td>\n<td width=\"203\">\n<p align=\"JUSTIFY\"><span style=\"color: #365f91;\"><span style=\"font-size: medium;\"><b>Area NON CRITICA<\/b><\/span><\/span><\/p>\n<\/td>\n<td width=\"203\">\n<p align=\"JUSTIFY\"><span style=\"color: #365f91;\"><span style=\"font-size: medium;\"><b>Terapia Intensiva<\/b><\/span><\/span><\/p>\n<\/td>\n<\/tr>\n<\/tbody>\n<tbody>\n<tr valign=\"TOP\">\n<td bgcolor=\"#d3dfee\" width=\"203\">\n<p align=\"JUSTIFY\"><span style=\"color: #365f91;\"><span style=\"font-size: medium;\"><b>Ospedale di Belluno <\/b><\/span><\/span><\/p>\n<\/td>\n<td bgcolor=\"#d3dfee\" width=\"203\">\n<p align=\"CENTER\"><span style=\"color: #365f91;\"><span style=\"font-size: medium;\">58<\/span><\/span><\/p>\n<\/td>\n<td bgcolor=\"#d3dfee\" width=\"203\">\n<p align=\"CENTER\"><span style=\"color: #365f91;\"><span style=\"font-size: medium;\">10<\/span><\/span><\/p>\n<\/td>\n<\/tr>\n<tr valign=\"TOP\">\n<td bgcolor=\"#d3dfee\" width=\"203\">\n<p align=\"JUSTIFY\"><span style=\"color: #365f91;\"><span style=\"font-size: medium;\"><b>Ospedale di Feltre<\/b><\/span><\/span><\/p>\n<p align=\"JUSTIFY\"><span style=\"color: #365f91;\"><span style=\"font-size: medium;\"><b>Ospedale di Agordo<\/b><\/span><\/span><\/p>\n<\/td>\n<td bgcolor=\"#d3dfee\" width=\"203\">\n<p align=\"CENTER\"><span style=\"color: #365f91;\"><span style=\"font-size: medium;\">33<\/span><\/span><\/p>\n<p align=\"CENTER\"><span style=\"color: #365f91;\"><span style=\"font-size: medium;\">8<\/span><\/span><\/p>\n<\/td>\n<td bgcolor=\"#d3dfee\" width=\"203\">\n<p align=\"CENTER\"><span style=\"color: #365f91;\"><span style=\"font-size: medium;\">5<\/span><\/span><\/p>\n<\/td>\n<\/tr>\n<\/tbody>\n<\/table>\n<p align=\"JUSTIFY\"><span style=\"font-size: medium;\">Le persone attualmente POSITIVE <\/span>ricoverate in Ospedale di Comunit\u00e0 sono:<\/p>\n<table border=\"1\" width=\"652\" frame=\"HSIDES\" rules=\"GROUPS\" cellspacing=\"0\" cellpadding=\"7\">\n<tbody>\n<tr valign=\"TOP\">\n<td width=\"312\"><\/td>\n<td width=\"312\">\n<p align=\"JUSTIFY\"><span style=\"color: #76923c;\"><span style=\"font-size: medium;\"><b>pazienti attualmente positivi<\/b><\/span><\/span><\/p>\n<\/td>\n<\/tr>\n<\/tbody>\n<tbody>\n<tr valign=\"TOP\">\n<td bgcolor=\"#e6eed5\" width=\"312\" height=\"5\">\n<p align=\"JUSTIFY\"><span style=\"color: #76923c;\"><span style=\"font-size: medium;\"><b>Ospedale di Comunit\u00e0 ALANO<\/b><\/span><\/span><\/p>\n<\/td>\n<td bgcolor=\"#e6eed5\" width=\"312\">\n<p align=\"CENTER\"><span style=\"color: #76923c;\"><span style=\"font-size: medium;\">7<\/span><\/span><\/p>\n<\/td>\n<\/tr>\n<tr valign=\"TOP\">\n<td bgcolor=\"#e6eed5\" width=\"312\">\n<p align=\"JUSTIFY\"><span style=\"color: #76923c;\"><span style=\"font-size: medium;\"><b>Ospedale di Comunit\u00e0 AURONZO<\/b><\/span><\/span><\/p>\n<p align=\"JUSTIFY\"><span style=\"color: #76923c;\"><span style=\"font-size: medium;\"><b>Ospedale di Comunit\u00e0 di BELLUNO <\/b><\/span><\/span><\/p>\n<\/td>\n<td bgcolor=\"#e6eed5\" width=\"312\">\n<p align=\"CENTER\"><span style=\"color: #76923c;\"><span style=\"font-size: medium;\">2<\/span><\/span><\/p>\n<p align=\"CENTER\"><span style=\"color: #76923c;\"><span style=\"font-size: medium;\">19<\/span><\/span><\/p>\n<\/td>\n<\/tr>\n<tr valign=\"TOP\">\n<td bgcolor=\"#e6eed5\" width=\"312\">\n<p align=\"JUSTIFY\"><span style=\"color: #76923c;\"><span style=\"font-size: medium;\"><b>Ospedale di Comunit\u00e0 di FELTRE<\/b><\/span><\/span><\/p>\n<\/td>\n<td bgcolor=\"#e6eed5\" width=\"312\">\n<p align=\"CENTER\"><span style=\"color: #76923c;\"><span style=\"font-size: medium;\">12<\/span><\/span><\/p>\n<\/td>\n<\/tr>\n<\/tbody>\n<\/table>\n<p><a name=\"_GoBack\"><\/a><\/p>\n<p>&nbsp;<\/p>\n<blockquote><p><strong><em><span style=\"font-size: medium;\">Continuano le vaccinazioni anti covid negli ospedali e nei centri di servizio dell\u2019Ulss Dolomiti. <\/span><span style=\"font-size: medium;\">Ad oggi sono state somministrate complessivamente <\/span><span style=\"font-size: medium;\">oltre 1.100 dosi di vaccino<\/span><\/em><\/strong><i><\/i><\/p><\/blockquote>\n<p>&nbsp;<\/p>\n<p>&nbsp;<\/p>\n<blockquote><p>&nbsp;<\/p><\/blockquote>\n<hr \/>\n<blockquote>\n<h2><\/h2>\n<h2>UN FERITO NELL&#8217;INCIDENTE PER OMESSA PRECEDENZA<\/h2>\n<div class=\"im_history_scrollable_wrap nano-content\" tabindex=\"-1\">\n<div class=\"im_history_scrollable\">\n<div class=\"im_history im_history_selectable\">\n<div class=\"im_history_messages im_history_messages_group\">\n<div class=\"im_history_messages_peer\">\n<div class=\"im_history_message_wrap\">\n<div class=\"im_message_outer_wrap hasselect\" data-msg-id=\"16617\">\n<div class=\"im_message_wrap clearfix\">\n<div class=\"im_content_message_wrap im_message_in\">\n<div class=\"im_message_body\">\n<div dir=\"auto\"><a href=\"https:\/\/www.radiopiu.net\/wordpress\/?attachment_id=183608\" rel=\"attachment wp-att-183608\"><img loading=\"lazy\" decoding=\"async\" class=\"wp-image-183608 alignleft\" src=\"https:\/\/www.radiopiu.net\/wordpress\/wp-content\/uploads\/2021\/01\/513bdb3f-2e2f-4705-8068-a99b6c03d23e-300x225.jpg\" alt=\"\" width=\"159\" height=\"120\" srcset=\"https:\/\/www.radiopiu.net\/wordpress\/wp-content\/uploads\/2021\/01\/513bdb3f-2e2f-4705-8068-a99b6c03d23e-300x225.jpg 300w, https:\/\/www.radiopiu.net\/wordpress\/wp-content\/uploads\/2021\/01\/513bdb3f-2e2f-4705-8068-a99b6c03d23e.jpg 320w\" sizes=\"auto, (max-width: 159px) 100vw, 159px\" \/><\/a><\/div>\n<div dir=\"auto\"><strong>ALPAGO<\/strong> L&#8217;inosservanza del cartello di precedenza \u00e8 la causa dell&#8217;incidente di ieri mattina alle 11 nei pressi del campo sportivo. Sono entrati in collisione un furgone condotto dal 49enne S.S. residente a Padova e un&#8217;Audi al cui volante c&#8217;era il 53enne M.P. di Puos d&#8217;Alpago trasferito in ospedale per accertamenti. Sul posto i Carabinieri di Ponte nelle Alpi per i rilievi di legge.<\/div>\n<\/div>\n<\/div>\n<\/div>\n<\/div>\n<\/div>\n<\/div>\n<\/div>\n<\/div>\n<\/div>\n<\/div>\n<div class=\"nano-pane\">\n<div class=\"nano-slider\"><\/div>\n<\/div>\n<h3 dir=\"auto\"><\/h3>\n<\/blockquote>\n<hr \/>\n<blockquote>\n<h3 dir=\"auto\"><\/h3>\n<h3 dir=\"auto\">IGNORATA L&#8217;ORDINANZA DELLA CHIUSURA STRADA PER MALGA FOCA, IL SINDACO FA SCATTARE I CONTROLLI<\/h3>\n<\/blockquote>\n<p><strong>LA VALLE<\/strong> Il sindaco firma una sacrosanta ordinanza per evidenti problemi legati a valanghe e slavine e puntualmente la stessa viene snobbata dagli sci escursionisti. Uomini e donne dello Sci Club guidati dal presidente hanno provveduto anche a portare i\u00a0 cartelli con l&#8217;ordinanza anche in quota. Nei giorni di festa dell&#8217;Epifania ritrovo in localit\u00e0 Conaggia per la salita sci o ciaspe a piedi fino a Malga Foca. Ora il sindaco passa alle vie di fatto, visto il pericolo ha dato mandato di sanzionare coloro che non rispetteranno il divieto <em>&#8220;Chi \u00e8 causa del suo mal&#8230;.pianga se stesso&#8221;<\/em> dice il sindaco Ezio Zuanel ribadendo il contenuto dell&#8217;ordinanza del 22 dicembre: <em>&#8220;Chiusura totale\u00a0 della strada silvo pastorale per malga Foca per caduta valanghe,\u00a0 divieto di transito a valle\/monte del ponte sul torrente Bordina sino alla seconda curva allo sbocco sul vallone Val Cavalera&#8221;<\/em> . Il provvedimento\u00a0 \u00a0si \u00e8 reso necessario anche\u00a0 a seguito delle copiose nevicate che hanno creato un imminente pericolo di distacco di slavine. La zona \u00e8 m\u00e8ta di persone con ciaspe e sci con pelli di foca per cui onde prevenire incidenti\u00a0 l&#8217;area \u00e8 stata interdetta. Per chi vuole salire in quota verso Malga Foca c&#8217;\u00e8 per\u00f2\u00a0 una variante &#8220;invernale &#8221; attualmente anche battuta\u00a0 dal gatto delle nevi che aggira la zona valanghiva. Ma nel giorno della befana il divieto posto a valle sul ponte \u00e8 stato ignorato da tanti turisti e valligiani,\u00a0 le barriere sono state divelte. Si tratta tra l&#8217;altro di violazione penale con arresto fino a tre mesi e ammenda di 206 euro. <em>&#8220;Tutti i sistemi di prevenzione sono stati attivati &#8211; anticipa il sindaco Zuanel &#8211;\u00a0 quindi se non verr\u00e0 rispettato il divieto\/ordinanza i trasgressori verranno segnalati alla Autorit\u00e0 Giudiziaria. La vita merita pi\u00f9 rispetto e visto l&#8217;alto rischio di distacchi nevosi sui canaloni e pendii, tutti converranno che l&#8217;uso della variante invernale sia la soluzione migliore&#8221;.<\/em> Dalle parte del sindaco e dell&#8217;amministrazione comunale non c&#8217;\u00e8 solo la paura e la prevenzione ma anche la storia.\u00a0 Diversi anni fa\u00a0 scese una slavina di proporzioni gigantesche,\u00a0 la &#8220;lingua&#8221; terminale si arrest\u00f2 a valle oltre il piazzale nei pressi del torrente Bordina e solo per caso fortuito non coinvolse i partecipanti di una gara con sci svoltasi nella mattinata. Durante le feste l&#8217;afflusso di persone in frazione Conaggia ha creato peraltro parecchi problemi. <em>&#8220;E&#8217; vero\u00a0 &#8211; dice il\u00a0 consigliere comunale Massimo Sommariva &#8211; sul piazzale antistante gli spogliatoi del campo sportivo i mezzi in parcheggio hanno creato\u00a0 intralcio agli operai comunali\u00a0 impegnati nello sgombero neve,\u00a0 \u00e8 stato bloccato anche il punto d&#8217;acceso al deposito di sale e ghiaia.\u00a0 Per questo non escludiamo\u00a0 che il parcheggio in zona spogliatoi venga inibito alla sosta mediante divieto con rimozione forzata. Analoga ordinanza di divieto di transito \u00e8 stata emessa per il tratto di strada comunale tra le frazioni di Gaidon e Cancellade una strada interna chiusa\u00a0 per pericolo valanghe&#8221;.<\/em><\/p>\n<p>&nbsp;<\/p>\n\n\t\t\t<style type='text\/css'>\n\t\t\t\t#gallery-3 {\n\t\t\t\t\tmargin: auto;\n\t\t\t\t}\n\t\t\t\t#gallery-3 .gallery-item {\n\t\t\t\t\tfloat: left;\n\t\t\t\t\tmargin-top: 10px;\n\t\t\t\t\ttext-align: center;\n\t\t\t\t\twidth: 25%;\n\t\t\t\t}\n\t\t\t\t#gallery-3 img {\n\t\t\t\t\tborder: 2px solid #cfcfcf;\n\t\t\t\t}\n\t\t\t\t#gallery-3 .gallery-caption {\n\t\t\t\t\tmargin-left: 0;\n\t\t\t\t}\n\t\t\t\t\/* see gallery_shortcode() in wp-includes\/media.php *\/\n\t\t\t<\/style>\n\t\t<div id='gallery-3' class='dt-gallery-container gallery galleryid-183487 gallery-columns-4 gallery-size-thumbnail'><dl class='gallery-item'>\n\t\t\t\t<dt class='gallery-icon landscape'>\n\t\t\t\t\t<a class=\"rollover rollover-zoom dt-pswp-item\" title=\"69617e21-cc71-463f-b48a-23945104f59c\" data-dt-img-description=\"\" data-large_image_width=\"1600\" data-large_image_height=\"1198\"href='https:\/\/www.radiopiu.net\/wordpress\/wp-content\/uploads\/2021\/01\/69617e21-cc71-463f-b48a-23945104f59c.jpg'><img loading=\"lazy\" decoding=\"async\" width=\"150\" height=\"150\" src=\"https:\/\/www.radiopiu.net\/wordpress\/wp-content\/uploads\/2021\/01\/69617e21-cc71-463f-b48a-23945104f59c-150x150.jpg\" class=\"attachment-thumbnail size-thumbnail\" alt=\"\" \/><\/a>\n\t\t\t\t<\/dt><\/dl><dl class='gallery-item'>\n\t\t\t\t<dt class='gallery-icon landscape'>\n\t\t\t\t\t<a class=\"rollover rollover-zoom dt-pswp-item\" title=\"9d9ce029-a67e-48d9-9830-038adec66853\" data-dt-img-description=\"\" data-large_image_width=\"1600\" data-large_image_height=\"1198\"href='https:\/\/www.radiopiu.net\/wordpress\/wp-content\/uploads\/2021\/01\/9d9ce029-a67e-48d9-9830-038adec66853.jpg'><img loading=\"lazy\" decoding=\"async\" width=\"150\" height=\"150\" src=\"https:\/\/www.radiopiu.net\/wordpress\/wp-content\/uploads\/2021\/01\/9d9ce029-a67e-48d9-9830-038adec66853-150x150.jpg\" class=\"attachment-thumbnail size-thumbnail\" alt=\"\" \/><\/a>\n\t\t\t\t<\/dt><\/dl><dl class='gallery-item'>\n\t\t\t\t<dt class='gallery-icon landscape'>\n\t\t\t\t\t<a class=\"rollover rollover-zoom dt-pswp-item\" title=\"a1f763df-dcd4-403a-b046-dfcd42ded6bf\" data-dt-img-description=\"\" data-large_image_width=\"1600\" data-large_image_height=\"1198\"href='https:\/\/www.radiopiu.net\/wordpress\/wp-content\/uploads\/2021\/01\/a1f763df-dcd4-403a-b046-dfcd42ded6bf.jpg'><img loading=\"lazy\" decoding=\"async\" width=\"150\" height=\"150\" src=\"https:\/\/www.radiopiu.net\/wordpress\/wp-content\/uploads\/2021\/01\/a1f763df-dcd4-403a-b046-dfcd42ded6bf-150x150.jpg\" class=\"attachment-thumbnail size-thumbnail\" alt=\"\" \/><\/a>\n\t\t\t\t<\/dt><\/dl><dl class='gallery-item'>\n\t\t\t\t<dt class='gallery-icon landscape'>\n\t\t\t\t\t<a class=\"rollover rollover-zoom dt-pswp-item\" title=\"db957bbc-3538-4e2f-a617-4602e43b1e7d\" data-dt-img-description=\"\" data-large_image_width=\"1600\" data-large_image_height=\"1198\"href='https:\/\/www.radiopiu.net\/wordpress\/wp-content\/uploads\/2021\/01\/db957bbc-3538-4e2f-a617-4602e43b1e7d.jpg'><img loading=\"lazy\" decoding=\"async\" width=\"150\" height=\"150\" src=\"https:\/\/www.radiopiu.net\/wordpress\/wp-content\/uploads\/2021\/01\/db957bbc-3538-4e2f-a617-4602e43b1e7d-150x150.jpg\" class=\"attachment-thumbnail size-thumbnail\" alt=\"\" \/><\/a>\n\t\t\t\t<\/dt><\/dl><br style=\"clear: both\" \/>\n\t\t\t<\/div>\n\n<div dir=\"auto\"><\/div>\n<blockquote>\n<div dir=\"auto\"><\/div>\n<div dir=\"auto\"><\/div>\n<\/blockquote>\n<div dir=\"auto\">\n<hr \/>\n<\/div>\n<div dir=\"auto\"><\/div>\n<blockquote>\n<div dir=\"auto\"><\/div>\n<div dir=\"auto\"><\/div>\n<\/blockquote>\n<h3 dir=\"auto\"><strong><a href=\"https:\/\/www.radiopiu.net\/wordpress\/giornale-radiopiu-08-gennaio-2021-direttore-mirko-mezzacasa\/136208299_3568587679921238_5345679104920208219_n\/\" rel=\"attachment wp-att-183645\"><img loading=\"lazy\" decoding=\"async\" class=\"size-medium wp-image-183645 alignleft\" src=\"https:\/\/www.radiopiu.net\/wordpress\/wp-content\/uploads\/2021\/01\/136208299_3568587679921238_5345679104920208219_n-225x300.jpg\" alt=\"\" width=\"225\" height=\"300\" srcset=\"https:\/\/www.radiopiu.net\/wordpress\/wp-content\/uploads\/2021\/01\/136208299_3568587679921238_5345679104920208219_n-225x300.jpg 225w, https:\/\/www.radiopiu.net\/wordpress\/wp-content\/uploads\/2021\/01\/136208299_3568587679921238_5345679104920208219_n.jpg 526w\" sizes=\"auto, (max-width: 225px) 100vw, 225px\" \/><\/a><\/strong>CERVO IN AGONIA &#8220;SI CAMBINO LE NORME&#8221;, LO CHIEDE IL SINDACO ZOLDANO CAMILLO DEL PELLEGRIN<\/h3>\n<div dir=\"auto\"><strong>VAL DI ZOLDO<\/strong> Da tempo ormai si presenta il problema della gestione degli ungulati rinvenuti feriti. Anche ieri mattina un cervo gravemente ferito \u00e8 rimasto ore a bordo strada ad agonizzare. Le guardie provinciali sono in numero ridotto e gestiscono un territorio ampio. In caso di rinvenimento di animali feriti che necessitino abbattimento \u00e8 necessario attendere l&#8217;arrivo delle guardie provinciali e la successiva autorizzazione del veterinario per procedere.<em> &#8220;Per porre fine alle sofferenze dell&#8217;animale &#8211; dice il sindaco Camillo De Pellegrin- bisogna aspettare a volte anche molte ore. Una procedura questa, che pur comprensibile, non \u00e8 accettabile e non \u00e8 compatibile con il rispetto del benessere animale. Serve un intervento di modifica alle procedure che renda possibile l&#8217;abbattimento da parte di persone competenti e autorizzate ma che siano in grado di intervenire in tempi ragionevoli. In un paese civile questo deve essere possibile&#8221;.<\/em><\/div>\n<div dir=\"auto\"><strong>\u00a0 \u00a0<\/strong><\/div>\n<div dir=\"auto\"><strong>DUE CERVI INVESTITI SULLA CALALZO-PONTE, IERI TRENI BLOCCATI.\u00a0 AD AURONZO 4 LUPI INSEGUITI DA UN AUTOMOBILISTA, IL VIDEO MESSO IERI IN RETE HA SCATENATO LE IRE DEGLI ANIMALISTI 100%, PER I LUPI INSEGUITI CON L&#8217;AUTO TRA MURI DI NEVE FINO ALLO SFINIMENTO DEGLI ANIMALI.\u00a0<\/strong><\/div>\n<div dir=\"auto\"><a href=\"https:\/\/www.radiopiu.net\/wordpress\/giornale-radiopiu-08-gennaio-2021-direttore-mirko-mezzacasa\/1d9d085d-e5c2-49f5-8f77-7a812ea8cd22\/\" rel=\"attachment wp-att-183644\"><img loading=\"lazy\" decoding=\"async\" class=\"alignnone size-medium wp-image-183644\" src=\"https:\/\/www.radiopiu.net\/wordpress\/wp-content\/uploads\/2021\/01\/1d9d085d-e5c2-49f5-8f77-7a812ea8cd22-300x131.jpg\" alt=\"\" width=\"300\" height=\"131\" srcset=\"https:\/\/www.radiopiu.net\/wordpress\/wp-content\/uploads\/2021\/01\/1d9d085d-e5c2-49f5-8f77-7a812ea8cd22-300x131.jpg 300w, https:\/\/www.radiopiu.net\/wordpress\/wp-content\/uploads\/2021\/01\/1d9d085d-e5c2-49f5-8f77-7a812ea8cd22-1024x446.jpg 1024w, https:\/\/www.radiopiu.net\/wordpress\/wp-content\/uploads\/2021\/01\/1d9d085d-e5c2-49f5-8f77-7a812ea8cd22-768x335.jpg 768w, https:\/\/www.radiopiu.net\/wordpress\/wp-content\/uploads\/2021\/01\/1d9d085d-e5c2-49f5-8f77-7a812ea8cd22.jpg 1211w\" sizes=\"auto, (max-width: 300px) 100vw, 300px\" \/>\u00a0<\/a><\/div>\n<div dir=\"auto\">l video\u00a0 \u00e8 stato pubblicato sul canale youtube del gruppo animalista &#8220;100x100animalista&#8221;<\/div>\n<div dir=\"auto\"><\/div>\n<div dir=\"auto\">\n<p>&nbsp;<\/p>\n<p><iframe loading=\"lazy\" title=\"automobilista senza cuore spaventa i Lupi con l&#039;auto\" width=\"1200\" height=\"675\" src=\"https:\/\/www.youtube.com\/embed\/VCJ4104eYT8?feature=oembed\" frameborder=\"0\" allow=\"accelerometer; autoplay; clipboard-write; encrypted-media; gyroscope; picture-in-picture\" allowfullscreen><\/iframe><\/p>\n<p>&nbsp;<\/p>\n<p>&nbsp;<\/p>\n<p>&nbsp;<\/p>\n<p>&nbsp;<\/p>\n<\/div>\n<div dir=\"auto\">\n<hr \/>\n<\/div>\n<blockquote>\n<h3><\/h3>\n<h3>\u00a0 EX EMBRACO-ACC &#8220;IL GOVERNO SPIEGHI PERCHE&#8217; SI PERDE ALTRO TEMPO&#8221;.<\/h3>\n<\/blockquote>\n<p style=\"text-align: left;\"><strong><a href=\"https:\/\/www.radiopiu.net\/wordpress\/giornale-radiopiu-08-gennaio-2021-direttore-mirko-mezzacasa\/thumbnail-1\/\" rel=\"attachment wp-att-183570\"><img loading=\"lazy\" decoding=\"async\" class=\"size-medium wp-image-183570 alignleft\" src=\"https:\/\/www.radiopiu.net\/wordpress\/wp-content\/uploads\/2021\/01\/thumbnail-1-300x225.jpg\" alt=\"\" width=\"300\" height=\"225\" srcset=\"https:\/\/www.radiopiu.net\/wordpress\/wp-content\/uploads\/2021\/01\/thumbnail-1-300x225.jpg 300w, https:\/\/www.radiopiu.net\/wordpress\/wp-content\/uploads\/2021\/01\/thumbnail-1-1024x768.jpg 1024w, https:\/\/www.radiopiu.net\/wordpress\/wp-content\/uploads\/2021\/01\/thumbnail-1-768x576.jpg 768w, https:\/\/www.radiopiu.net\/wordpress\/wp-content\/uploads\/2021\/01\/thumbnail-1.jpg 1080w\" sizes=\"auto, (max-width: 300px) 100vw, 300px\" \/><\/a>ROMA<\/strong> &#8220;L\u2019attesa autorizzazione di quanto presentato dal Commissario Maurizio\u00a0 Castro per il progetto ItalComp che interessa i due siti: uno ex\u00a0 Embraco di Chieri (Torino) e l&#8217;altro ACC di Mel (Belluno) il quale\u00a0 prevede investimenti per un totale di 56 milioni di euro tra cui\u00a0 18 su Chieri e 38 su Mel, ad oggi non \u00e8 arrivata. L\u2019Ugl rimarca a chiari lettere la propria preoccupazione: si stia perdendo tempo. Il Governo deve dare risposte concrete ai lavoratori dell\u2019ex sito Embraco di Chiavari e c\u2019\u00e8 bisogno subito di un incontro\u201d. Lo dichiarano il Segretario Nazionale dell\u2019Ugl\u00a0 Metalmeccanici, Antonio Spera insieme alla Segretaria Regionale Silvia Marchetti,\u00a0al Segretario Provinciale Ciro Marino e al coordinatore Roberto\u00a0 Brognano i quali aggiungono:\u201cchiediamo un incontro urgente al Ministro Patuanelli per conoscere e comprendere bene il perch\u00e9 ancora sussistono tali ritardi sulle autorizzazioni ai due siti, che come gi\u00e0 pi\u00f9 volte sostenuto dall\u2019Ugl entreranno a far parte di una newco Progetto industriale ItalComp;\u00a0 rappresenterebbero un grande polo per la produzione di compressori\u00a0 a livello europeo e diventerebbe un polo di eccellenza per la\u00a0 realizzazione di compressori per elettrodomestici, motori elettrici\u00a0 e per lavatrici. Stiamo sostenendo \u2013 proseguono i segretari Ugl \u2013 un coinvolgimento di 300 dipendenti di ACC di Mel e i 400 dell\u2019Ex Embraco di Riva di Chieri. Il Governo si faccia garante sulla Commissione europea. Ad oggi non comprendiamo il perch\u00e9 la stessa Commissione richiede altri chiarimenti del progetto e la costituente societ\u00e0 ItalComp. La politica ha gi\u00e0 illustrato il progetto industriale ItalComp, il quale si basa sul recupero e rafforzamento produttivo della Wanbao ACC di Mel (BL). Porremo tutte le attenzioni alle Istituzioni Regionali, ai Prefetti affinch\u00e9 anche loro, ognuno per la propria parte e competenza, garantiscano un incontro, un intervento urgente del Mise. Non vorremmo &#8211; concludono Spera, Marchetti, Marino e Brognano &#8211; ritrovarci a gestire un altro fallimento come anni fa dove, tutti sapevano ma nessuno parlava\u201d.<\/p>\n<p>&nbsp;<\/p>\n<hr \/>\n<blockquote>\n<h3><\/h3>\n<h3>QUANDO SI PROGETTAVA LA DIGA DI PONTE ALTO E DEL LAGO DI AGORDO, 15 METRI D&#8217;ACQUA IN ALTEZZA DA POLANE ALLA PIANA DI MOGN (PALALUXOTTICA) E FINO ALLO STABILIMENTO LUXOTTICA<\/h3>\n<\/blockquote>\n<p><strong>di Tiziano De Col<\/strong><\/p>\n<audio class=\"wp-audio-shortcode\" id=\"audio-183487-1\" preload=\"none\" style=\"width: 100%;\" controls=\"controls\"><source type=\"audio\/mpeg\" src=\"https:\/\/www.radiopiu.net\/wordpress\/wp-content\/uploads\/2021\/01\/TIZIANO-DE-COL-DIGA-PONTE-ALTO.mp3?_=1\" \/><a href=\"https:\/\/www.radiopiu.net\/wordpress\/wp-content\/uploads\/2021\/01\/TIZIANO-DE-COL-DIGA-PONTE-ALTO.mp3\">https:\/\/www.radiopiu.net\/wordpress\/wp-content\/uploads\/2021\/01\/TIZIANO-DE-COL-DIGA-PONTE-ALTO.mp3<\/a><\/audio>\n<p>&nbsp;<\/p>\n<p><a href=\"https:\/\/www.radiopiu.net\/wordpress\/quando-si-progettava-la-diga-di-ponte-alto-e-del-lago-di-agordo\/diga-ponte-alto\/\" rel=\"attachment wp-att-183514\"><img loading=\"lazy\" decoding=\"async\" class=\"alignnone wp-image-183514 size-large\" src=\"https:\/\/www.radiopiu.net\/wordpress\/wp-content\/uploads\/2021\/01\/DIGA-PONTE-ALTO-1024x742.jpg\" alt=\"\" width=\"1024\" height=\"742\" srcset=\"https:\/\/www.radiopiu.net\/wordpress\/wp-content\/uploads\/2021\/01\/DIGA-PONTE-ALTO-1024x742.jpg 1024w, https:\/\/www.radiopiu.net\/wordpress\/wp-content\/uploads\/2021\/01\/DIGA-PONTE-ALTO-300x218.jpg 300w, https:\/\/www.radiopiu.net\/wordpress\/wp-content\/uploads\/2021\/01\/DIGA-PONTE-ALTO-768x557.jpg 768w, https:\/\/www.radiopiu.net\/wordpress\/wp-content\/uploads\/2021\/01\/DIGA-PONTE-ALTO-1536x1114.jpg 1536w, https:\/\/www.radiopiu.net\/wordpress\/wp-content\/uploads\/2021\/01\/DIGA-PONTE-ALTO.jpg 1600w\" sizes=\"auto, (max-width: 1024px) 100vw, 1024px\" \/><\/a><\/p>\n<p>&nbsp;<\/p>\n<hr \/>\n<p>&nbsp;<\/p>\n<p>&nbsp;<\/p>\n<blockquote class=\"wp-embedded-content\" data-secret=\"jCw89nTfia\"><p><a href=\"https:\/\/www.radiopiu.net\/wordpress\/agg-gen07\/\">CORONAVIRUS: AGGIORNAMENTO NAZIONALE 06 GENNAIO 2021<\/a><\/p><\/blockquote>\n<p><iframe loading=\"lazy\" class=\"wp-embedded-content\" sandbox=\"allow-scripts\" security=\"restricted\" style=\"position: absolute; clip: rect(1px, 1px, 1px, 1px);\" title=\"&#8220;CORONAVIRUS: AGGIORNAMENTO NAZIONALE 06 GENNAIO 2021&#8221; &#8212; Radio Pi\u00f9\" src=\"https:\/\/www.radiopiu.net\/wordpress\/agg-gen07\/embed\/#?secret=jCw89nTfia\" data-secret=\"jCw89nTfia\" width=\"600\" height=\"338\" frameborder=\"0\" marginwidth=\"0\" marginheight=\"0\" scrolling=\"no\"><\/iframe><\/p>\n<p>&nbsp;<\/p>\n<p>&nbsp;<\/p>\n<blockquote class=\"wp-embedded-content\" data-secret=\"Fc0rxuWg0u\"><p><a href=\"https:\/\/www.radiopiu.net\/wordpress\/aggiornamento7\/\">3800 POSITIVI AL GIORNO, 88 DECESSI, MENO PAZIENTI IN CORSIA MA 9 IN PIU&#8217; IN TERAPIA INTENSIVA<\/a><\/p><\/blockquote>\n<p><iframe loading=\"lazy\" class=\"wp-embedded-content\" sandbox=\"allow-scripts\" security=\"restricted\" style=\"position: absolute; clip: rect(1px, 1px, 1px, 1px);\" title=\"&#8220;3800 POSITIVI AL GIORNO, 88 DECESSI, MENO PAZIENTI IN CORSIA MA 9 IN PIU&#8217; IN TERAPIA INTENSIVA&#8221; &#8212; Radio Pi\u00f9\" src=\"https:\/\/www.radiopiu.net\/wordpress\/aggiornamento7\/embed\/#?secret=Fc0rxuWg0u\" data-secret=\"Fc0rxuWg0u\" width=\"600\" height=\"338\" frameborder=\"0\" marginwidth=\"0\" marginheight=\"0\" scrolling=\"no\"><\/iframe><\/p>\n<p>&nbsp;<\/p>\n<blockquote>\n<h3>I GRAFICI DI TIZIANO DE COL<\/h3>\n<\/blockquote>\n<p><a href=\"https:\/\/www.radiopiu.net\/wordpress\/giornale-radiopiu-08-gennaio-2021-direttore-mirko-mezzacasa\/e0742e20-9929-4b6b-9106-a007a668dc43\/\" rel=\"attachment wp-att-183629\"><img loading=\"lazy\" decoding=\"async\" class=\"alignnone size-medium wp-image-183629\" src=\"https:\/\/www.radiopiu.net\/wordpress\/wp-content\/uploads\/2021\/01\/e0742e20-9929-4b6b-9106-a007a668dc43-300x177.jpg\" alt=\"\" width=\"300\" height=\"177\" srcset=\"https:\/\/www.radiopiu.net\/wordpress\/wp-content\/uploads\/2021\/01\/e0742e20-9929-4b6b-9106-a007a668dc43-300x177.jpg 300w, https:\/\/www.radiopiu.net\/wordpress\/wp-content\/uploads\/2021\/01\/e0742e20-9929-4b6b-9106-a007a668dc43.jpg 586w\" sizes=\"auto, (max-width: 300px) 100vw, 300px\" \/><\/a><a href=\"https:\/\/www.radiopiu.net\/wordpress\/giornale-radiopiu-08-gennaio-2021-direttore-mirko-mezzacasa\/7c4779cf-2a26-4373-a4b8-7e0e51725c2e\/\" rel=\"attachment wp-att-183630\"><img loading=\"lazy\" decoding=\"async\" class=\"alignnone size-medium wp-image-183630\" src=\"https:\/\/www.radiopiu.net\/wordpress\/wp-content\/uploads\/2021\/01\/7c4779cf-2a26-4373-a4b8-7e0e51725c2e-300x177.jpg\" alt=\"\" width=\"300\" height=\"177\" srcset=\"https:\/\/www.radiopiu.net\/wordpress\/wp-content\/uploads\/2021\/01\/7c4779cf-2a26-4373-a4b8-7e0e51725c2e-300x177.jpg 300w, https:\/\/www.radiopiu.net\/wordpress\/wp-content\/uploads\/2021\/01\/7c4779cf-2a26-4373-a4b8-7e0e51725c2e.jpg 596w\" sizes=\"auto, (max-width: 300px) 100vw, 300px\" \/><\/a><a href=\"https:\/\/www.radiopiu.net\/wordpress\/giornale-radiopiu-08-gennaio-2021-direttore-mirko-mezzacasa\/5863faa8-6c7e-4782-a09f-550269a5f276\/\" rel=\"attachment wp-att-183631\"><img loading=\"lazy\" decoding=\"async\" class=\"alignnone size-medium wp-image-183631\" src=\"https:\/\/www.radiopiu.net\/wordpress\/wp-content\/uploads\/2021\/01\/5863faa8-6c7e-4782-a09f-550269a5f276-300x177.jpg\" alt=\"\" width=\"300\" height=\"177\" srcset=\"https:\/\/www.radiopiu.net\/wordpress\/wp-content\/uploads\/2021\/01\/5863faa8-6c7e-4782-a09f-550269a5f276-300x177.jpg 300w, https:\/\/www.radiopiu.net\/wordpress\/wp-content\/uploads\/2021\/01\/5863faa8-6c7e-4782-a09f-550269a5f276.jpg 600w\" sizes=\"auto, (max-width: 300px) 100vw, 300px\" \/><\/a><a href=\"https:\/\/www.radiopiu.net\/wordpress\/giornale-radiopiu-08-gennaio-2021-direttore-mirko-mezzacasa\/7bed8940-4281-41ab-940b-d37274f1c377\/\" rel=\"attachment wp-att-183632\"><img loading=\"lazy\" decoding=\"async\" class=\"alignnone size-medium wp-image-183632\" src=\"https:\/\/www.radiopiu.net\/wordpress\/wp-content\/uploads\/2021\/01\/7bed8940-4281-41ab-940b-d37274f1c377-300x182.jpg\" alt=\"\" width=\"300\" height=\"182\" srcset=\"https:\/\/www.radiopiu.net\/wordpress\/wp-content\/uploads\/2021\/01\/7bed8940-4281-41ab-940b-d37274f1c377-300x182.jpg 300w, https:\/\/www.radiopiu.net\/wordpress\/wp-content\/uploads\/2021\/01\/7bed8940-4281-41ab-940b-d37274f1c377.jpg 592w\" sizes=\"auto, (max-width: 300px) 100vw, 300px\" \/><\/a><\/p>\n<p>&nbsp;<\/p>\n<p>&nbsp;<\/p>\n<hr \/>\n<blockquote>\n<h3><\/h3>\n<h3>RICOMINICIA L\u2019ATTESA, VIGILIA GIALLO-ARANCIO da Venezia la conferenza stampa TREND NEGATIVO NEI RICOVERI E TERAPIE INTENSIVE<\/h3>\n<p>&nbsp;<\/p><\/blockquote>\n<p><strong>VENEZIA<\/strong> dalla sala stampa della Protezione Civile a Marghera il presidente del Veneto Luca zaia far\u00e0 il punto sull&#8217;emergenza covid-19<\/p>\n<blockquote>\n<h4>LEGGI LA CONFERENZA STAMPA DI LUCA ZAIA, OSPITE LA DOTTORESSA CRISTINA GHIOTTO <strong>USCA<\/strong> assistenza territoriale e cure domiciliari in Veneto:\u00a0 97 \u00e9quipe infermieristiche, 865 infermieri dedicati solo alle cure domiciliari.<\/h4>\n<p><em><strong>Aumentano le dimissioni rispetto alle prese in carico, sembra un&#8217;inversione di tendenza, \u00a0l&#8217;Rt del Veneto gira intorno all&#8217;1. Abbiamo finito tutti i vaccini, merito dell&#8217;organizzazione che si \u00e8 dato il Veneto con la dottoressa Russo,\u00a0 dovrebbe essere gi\u00e0 arrivata la fornitura, da domani via di nuovo alla vaccinazione. Il pericolo di una terza ondata Covid ci \u00e8 stato confermato dal ministro Speranza domenica sera<\/strong><\/em><\/p><\/blockquote>\n<p>Sembra ci sia un&#8217;inversione di tendenza, i tecnici indicano inversioni di tendenza per i ricoveri in ospedale. Anche le terapie intensive erano oltre 400. Il dato che sta venendo fuori speriamo diventi tendenza e non degli ultimi giorni. L&#8217;appello ai cittadini di continuare a rispettare ossessivamente le regole. Nel fine settimana ancora giorni arancioni. Domani capiremo che zona sar\u00e0 attribuita al Veneto, l&#8217;Rt \u00e8 attorno all&#8217;uno, non \u00e8 certo alto. Si tratta di capire visto che siamo su un crinale da che parte si va. Voglio anche dirvi che verr\u00e0 presa in considerazione la lettura dell&#8217;incidenza dei positivi su 100mila abitanti, su suggerimento della dottoressa Russo,\u00a0 ho la certezza che verr\u00e0 preso in considerazione se non da questo dal prossimo bollettino. Domenica sera riunione con il Governo con il\u00a0 Ministro Speranza, Boccia e i Governatori. Il Governo ha annunciato il pericolo di una terza grossa ondata in ritardo rispetto agli altri paesi europei, come confermano i lockdown della Germania e Gran Bretagna. E&#8217; un momento importante da venirne fuori velocemente e ci rimettiamo alle decisioni dell&#8217;Istituto Superiore di Sanit\u00e0. RISTORI tema da\u00a0 affrontare, dobbiamo essere al fianco dei nostri imprenditori.<br \/>\n<strong>COSA E&#8217; CAMBIATO RISPETTO ALLA PRIMA FASE<\/strong> Allora non avevamo i dispositivi oggi li abbiamo. Non avevamo la diagnostica, la prima timida comparsa fu il pungi dito, il 20 marzo facevamo 2000 tamponi al giorno, oggi 60 mila. Non avevamo i protocolli di cura, nemmeno le terapie intensive di oggi. E&#8217; cambiato lo spirito della mascherina, oggi la portano tutti.\u00a0 A febbraio c&#8217;erano 464 terapie intensive,oggi pi\u00f9 di 1000. Il virus \u00e8 una mutazione, e non \u00e8 neppure quello dell&#8217;estate,si contano\u00a0 8 mutazioni. Rispetto a febbraio abbiamo 1200 medici in pi\u00f9.\u00a0<strong>TUTTO PREVISTO\u00a0<\/strong> Lo sapevo che era meglio mettere in magazzino tante siringhe, \u00e8 successo. Quando lo avevo detto qualcuno aveva sorriso, non vi dico chi ma le hanno pure chieste in prestito. Poi hanno risolto in altro modo e non ne hanno avuto pi\u00f9 bisogno. <strong>SUPERIORI IN PIAZZA PER LA CHIUSURA FINO AL 31 GENNAIO<\/strong> E&#8217; una situazione condivisa con altre Regioni. Capisco i ragazzi ma non deve passare che la chiusura \u00e8 per puntiglio politico, ma una relazione del Dipartimento di Prevenzione e altri scienziati. Ho provato anche a rovesciare lo scenario, oggi avremo la polemica per l&#8217;apertura. I sindacati dicono comunque che non \u00e8 prudente aprire, \u00e8 una scelta molto meditata e non c&#8217;entra proprio niente con i trasporti ma \u00e8 un tema di sanit\u00e0 pubblica. <strong>VACCINO MODERNA SARANNO POCHE PER LA REGIONE 70-80 MILA DOSI.<\/strong> Noi non possiamo acquistarlo, non acquisti diretti. Tutto \u00e8 gestito a livello nazionale. C&#8217;\u00e8 da aspettarsi Moderna ma anche Astrazenica, se l&#8217;Ema da l&#8217;ok&#8230; <strong>PATENTINO DEI VACCINATI<\/strong> Sono stato il primo a parlare di passaporto sanitario, non ho detto che bisogna obbligare al passaporto, ma ho fatto la considerazione che il vaccino potrebbe diventare una discriminante, noi siamo in grado di predisporre la certificazione, ogni veneto alla sua cartella vacinale, siamo pronti per farlo. <strong>TAMPONI FAI DA TE<\/strong> Siamo stati precursori a livello internazionale, dopo un quintale di carte \u00e8 partita la sperimentazione e vedo che lo usano anche le aziende. Il fai da te lo si compera in farmacia in Belgio. In Italia in Farmacia c&#8217;\u00e8 il tampone nasale.<strong> LOTTO DI\u00a0 VACCINI CHE SAREBBE ARRIVATO QUESTA MATTINA<\/strong> Ci baster\u00e0 per una settimana. Entro il 25 gennaio contiamo di vaccinare tutto il settore sanitario e case di riposo. <strong>A PROPOSITO DELLE SCADENZE IN TEMA ALL&#8217;INQUINAMENTO\u00a0<\/strong> Si \u00e8 deciso con altre regioni si provvedere a ordinanze con base il tema della sanit\u00e0 pubblica in epoca covid. <strong>USCA ATTIVE TUTTI I GIORNI DALLE 8 ALLE 20 <\/strong>Sono 517 i medici incaricati in Veneto,\u00a0 una potenza di fuoco sul territorio. A dicembre ogni giorno 9.300 pazienti sono stati seguiti dalle Usca. Ogni medico Usca viene pagato 40 euro orarie lorde.<\/p>\n<blockquote><p><strong>ATTACCO AL CONGRESSO, PER GLI STATI UNITI IMMAGINE DEVASTATA<\/strong><\/p>\n<p><em>Gli Stati Uniti sono la culla della democrazia e questo \u00e8 un attacco alla democrazia non c&#8217;\u00e8 altro da aggiungere. Quattro morti, decine di feriti e cosa abbiamo visto, succedesse in Italia non so come finirebbe. Azione anti democratica ma anche comunicativo, il primo della classe non puo&#8217; permettersi di fare quello che fa l&#8217;ultimo della classe. Queste scene l&#8217;ultima volta le abbiamo viste in Libia con l&#8217;occupazione del Palazzo mediante la violenza. Gli amministratori hanno il dovere e compito di indicare la via, ma non verso il burrone. Sono vicino al popolo americano.<\/em><\/p><\/blockquote>\n<p>&nbsp;<\/p>\n<p><a href=\"https:\/\/www.facebook.com\/zaiaufficiale\/videos\/2843045726015229\">https:\/\/www.facebook.com\/zaiaufficiale\/videos\/2843045726015229<\/a><\/p>\n<blockquote>\n<h3>TRASPORTI, PROGRAMMAZIONE SERVIZI CON CAPIENZA MEZZI AL 50%, LE IPOTESI DELLA REGIONE<\/h3>\n<\/blockquote>\n<a href=\"https:\/\/www.radiopiu.net\/wordpress\/wp-content\/uploads\/2021\/01\/10.-RIEPILOGO-REGIONE-9.12.2020-1.pdf\" class=\"pdfemb-viewer\" style=\"\" data-width=\"max\" data-height=\"max\" data-toolbar=\"top\" data-toolbar-fixed=\"on\">10. RIEPILOGO REGIONE 9.12.2020 \u2013 1<\/a>\n<p>&nbsp;<\/p>\n<p>&nbsp;<\/p>\n<hr \/>\n<p>&nbsp;<\/p>\n<blockquote class=\"wp-embedded-content\" data-secret=\"ovFsyYQe4z\"><p><a href=\"https:\/\/www.radiopiu.net\/wordpress\/unita-speciali-di-continuita-assistenziali-usca\/\">UNITA&#8217; SPECIALI DI CONTINUITA&#8217; ASSISTENZIALI, USCA<\/a><\/p><\/blockquote>\n<p><iframe loading=\"lazy\" class=\"wp-embedded-content\" sandbox=\"allow-scripts\" security=\"restricted\" style=\"position: absolute; clip: rect(1px, 1px, 1px, 1px);\" title=\"&#8220;UNITA&#8217; SPECIALI DI CONTINUITA&#8217; ASSISTENZIALI, USCA&#8221; &#8212; Radio Pi\u00f9\" src=\"https:\/\/www.radiopiu.net\/wordpress\/unita-speciali-di-continuita-assistenziali-usca\/embed\/#?secret=ovFsyYQe4z\" data-secret=\"ovFsyYQe4z\" width=\"600\" height=\"338\" frameborder=\"0\" marginwidth=\"0\" marginheight=\"0\" scrolling=\"no\"><\/iframe><\/p>\n<p>&nbsp;<\/p>\n<p>&nbsp;<\/p>\n<hr \/>\n<p>&nbsp;<\/p>\n<h2><span style=\"color: #ff0000;\">MONDIALI A CORTINA, -30 GIORNI<\/span><\/h2>\n<blockquote>\n<h3>IL PREFETTO DI BELLUNO A CORTINA PENSANDO AI MONDIALI<\/h3>\n<\/blockquote>\n<p><strong><a href=\"https:\/\/www.radiopiu.net\/wordpress\/il-saluto-del-nuovo-prefetto-di-belluno-sergio-bracco\/sergio-bracco\/\" rel=\"attachment wp-att-182384\"><img loading=\"lazy\" decoding=\"async\" class=\" wp-image-182384 alignleft\" src=\"https:\/\/www.radiopiu.net\/wordpress\/wp-content\/uploads\/2020\/12\/SERGIO-BRACCO.jpg\" alt=\"\" width=\"212\" height=\"157\" \/><\/a>CORTINA\u00a0<\/strong> \u00a0Visita a Cortina del Prefetto\u00a0 per prendere atto dei lavori fatti in preparazione dei prossimi Mondiali di sci alpino (7-21 febbraio) e per capire le attuali e le future esigenze in termini di sicurezza durante l\u2019importante appuntamento. Spiega Sergio Bracco: <em>\u00abHo ritenuto importante fare questa visita, Cortina si trova a misurarsi con un evento internazionale, in un momento difficile. Sar\u00e0 molto importante riuscire a dare il meglio. E sono convinto che cos\u00ec sar\u00e0\u00bb. <\/em>A ricevere il neoprefetto in Comune, \u00e8 stato il sindaco Giampietro Ghedina, che dice: <em>\u00abDa anni l\u2019Alto Bellunese aspettava un intervento congiunto delle istituzioni per poter dare il via ad una serie di lavori e di migliorie. A cominciare dalla viabilit\u00e0. I Mondiali sono stata l\u2019occasione. Ringrazio tutti per il gioco di squadra che c\u2019\u00e8. Al Prefetto d\u00f2 il benvenuto, sicuro che sar\u00e0 una collaborazione fattiva, nell\u2019interesse generale\u00bb<\/em><\/p>\n<blockquote><p><em>Ex questore di Milano, napoletano d\u2019origini, una lunga esperienza nel nome della legalit\u00e0, nella Polizia di Stato e come questore, Sergio Bracco si \u00e8 sempre occupato di criminalit\u00e0 organizzata. Alta sar\u00e0 la sua attenzione perch\u00e9 gli investimenti di Stato, Regione e Comune siano portati avanti nell\u2019assoluta trasparenza, e lo stesso avvenga per l\u2019assegnazione degli incarichi. Poche settimane fa \u00e8 stato firmato fra Prefettura di Belluno e il Commissario di governo 2021 Valerio Toniolo un Protocollo di legalit\u00e0, teso ad evitare qualsiasi infiltrazione della criminalit\u00e0 organizzata, grazie anche alla piattaforma del Commissario di Governo, Open Cortina 2021. Ricorda Sergio Bracco: \u00abSar\u00e0 l\u2019Italia a fare bella figura insieme a Cortina. Rinnovo il mio impegno perch\u00e9 tutto vada come deve, garantendo sicurezza, rispetto delle norme anti-Covid e tutto quanto sar\u00e0 necessario\u00bb.<\/em><\/p><\/blockquote>\n<p>&nbsp;<\/p>\n<p>&nbsp;<\/p>\n<hr \/>\n<p>&nbsp;<\/p>\n<p>&nbsp;<\/p>\n<blockquote>\n<h2>\u00a0LA PROVINCIA IERI IN COMELICO PER FARE IL PUNTO<\/h2>\n<\/blockquote>\n<p><strong>BELLUNO\u00a0<\/strong>Proseguito anche ieri\u00a0 lo sgombero della neve dalle strade comunali e dai tetti (soprattutto edifici pubblici e sporti che danno sulle vie pubbliche). Oltre 100 le richieste di verifica sui tetti avanzate da privati.\u00a0 Per quanto riguarda i vigili del fuoco, completate le 80 chiamate ancora aperte per la verifica dei tetti. \u00c8 stato chiesto il raddoppio di personale di Pieve e Santo Stefano: per qualche giorno andr\u00e0 avanti l\u2019attivit\u00e0 di controllo.<br \/>\n<strong>Il consigliere provinciale Massimo Bortoluzzi:<\/strong><\/p>\n<audio class=\"wp-audio-shortcode\" id=\"audio-183487-2\" preload=\"none\" style=\"width: 100%;\" controls=\"controls\"><source type=\"audio\/mpeg\" src=\"https:\/\/www.radiopiu.net\/wordpress\/wp-content\/uploads\/2021\/01\/borto.mp3?_=2\" \/><a href=\"https:\/\/www.radiopiu.net\/wordpress\/wp-content\/uploads\/2021\/01\/borto.mp3\">https:\/\/www.radiopiu.net\/wordpress\/wp-content\/uploads\/2021\/01\/borto.mp3<\/a><\/audio>\n<p>&nbsp;<\/p>\n\n\t\t\t<style type='text\/css'>\n\t\t\t\t#gallery-4 {\n\t\t\t\t\tmargin: auto;\n\t\t\t\t}\n\t\t\t\t#gallery-4 .gallery-item {\n\t\t\t\t\tfloat: left;\n\t\t\t\t\tmargin-top: 10px;\n\t\t\t\t\ttext-align: center;\n\t\t\t\t\twidth: 20%;\n\t\t\t\t}\n\t\t\t\t#gallery-4 img {\n\t\t\t\t\tborder: 2px solid #cfcfcf;\n\t\t\t\t}\n\t\t\t\t#gallery-4 .gallery-caption {\n\t\t\t\t\tmargin-left: 0;\n\t\t\t\t}\n\t\t\t\t\/* see gallery_shortcode() in wp-includes\/media.php *\/\n\t\t\t<\/style>\n\t\t<div id='gallery-4' class='dt-gallery-container gallery galleryid-183487 gallery-columns-5 gallery-size-thumbnail'><dl class='gallery-item'>\n\t\t\t\t<dt class='gallery-icon landscape'>\n\t\t\t\t\t<a class=\"rollover rollover-zoom dt-pswp-item\" title=\"ea199408-059c-482d-aa07-96fd901347ca\" data-dt-img-description=\"\" data-large_image_width=\"1024\" data-large_image_height=\"768\"href='https:\/\/www.radiopiu.net\/wordpress\/wp-content\/uploads\/2021\/01\/ea199408-059c-482d-aa07-96fd901347ca.jpg'><img loading=\"lazy\" decoding=\"async\" width=\"150\" height=\"150\" src=\"https:\/\/www.radiopiu.net\/wordpress\/wp-content\/uploads\/2021\/01\/ea199408-059c-482d-aa07-96fd901347ca-150x150.jpg\" class=\"attachment-thumbnail size-thumbnail\" alt=\"\" \/><\/a>\n\t\t\t\t<\/dt><\/dl><dl class='gallery-item'>\n\t\t\t\t<dt class='gallery-icon portrait'>\n\t\t\t\t\t<a class=\"rollover rollover-zoom dt-pswp-item\" title=\"22721687-bd36-4dad-a51b-98790650f8ba\" data-dt-img-description=\"\" data-large_image_width=\"768\" data-large_image_height=\"1024\"href='https:\/\/www.radiopiu.net\/wordpress\/wp-content\/uploads\/2021\/01\/22721687-bd36-4dad-a51b-98790650f8ba.jpg'><img loading=\"lazy\" decoding=\"async\" width=\"150\" height=\"150\" src=\"https:\/\/www.radiopiu.net\/wordpress\/wp-content\/uploads\/2021\/01\/22721687-bd36-4dad-a51b-98790650f8ba-150x150.jpg\" class=\"attachment-thumbnail size-thumbnail\" alt=\"\" \/><\/a>\n\t\t\t\t<\/dt><\/dl><dl class='gallery-item'>\n\t\t\t\t<dt class='gallery-icon landscape'>\n\t\t\t\t\t<a class=\"rollover rollover-zoom dt-pswp-item\" title=\"a4505686-95bb-492b-af23-78881889c1c7\" data-dt-img-description=\"\" data-large_image_width=\"1024\" data-large_image_height=\"768\"href='https:\/\/www.radiopiu.net\/wordpress\/wp-content\/uploads\/2021\/01\/a4505686-95bb-492b-af23-78881889c1c7.jpg'><img loading=\"lazy\" decoding=\"async\" width=\"150\" height=\"150\" src=\"https:\/\/www.radiopiu.net\/wordpress\/wp-content\/uploads\/2021\/01\/a4505686-95bb-492b-af23-78881889c1c7-150x150.jpg\" class=\"attachment-thumbnail size-thumbnail\" alt=\"\" \/><\/a>\n\t\t\t\t<\/dt><\/dl><dl class='gallery-item'>\n\t\t\t\t<dt class='gallery-icon portrait'>\n\t\t\t\t\t<a class=\"rollover rollover-zoom dt-pswp-item\" title=\"5da73d97-3240-4d02-b32a-692d57c56c12\" data-dt-img-description=\"\" data-large_image_width=\"768\" data-large_image_height=\"1024\"href='https:\/\/www.radiopiu.net\/wordpress\/wp-content\/uploads\/2021\/01\/5da73d97-3240-4d02-b32a-692d57c56c12.jpg'><img loading=\"lazy\" decoding=\"async\" width=\"150\" height=\"150\" src=\"https:\/\/www.radiopiu.net\/wordpress\/wp-content\/uploads\/2021\/01\/5da73d97-3240-4d02-b32a-692d57c56c12-150x150.jpg\" class=\"attachment-thumbnail size-thumbnail\" alt=\"\" \/><\/a>\n\t\t\t\t<\/dt><\/dl><dl class='gallery-item'>\n\t\t\t\t<dt class='gallery-icon landscape'>\n\t\t\t\t\t<a class=\"rollover rollover-zoom dt-pswp-item\" title=\"c1af5085-4a11-4f4d-a21d-6443f53b0d49\" data-dt-img-description=\"\" data-large_image_width=\"1024\" data-large_image_height=\"768\"href='https:\/\/www.radiopiu.net\/wordpress\/wp-content\/uploads\/2021\/01\/c1af5085-4a11-4f4d-a21d-6443f53b0d49.jpg'><img loading=\"lazy\" decoding=\"async\" width=\"150\" height=\"150\" src=\"https:\/\/www.radiopiu.net\/wordpress\/wp-content\/uploads\/2021\/01\/c1af5085-4a11-4f4d-a21d-6443f53b0d49-150x150.jpg\" class=\"attachment-thumbnail size-thumbnail\" alt=\"\" \/><\/a>\n\t\t\t\t<\/dt><\/dl><br style=\"clear: both\" \/>\n\t\t\t<\/div>\n\n<p>&nbsp;<\/p>\n<hr \/>\n<p>&nbsp;<\/p>\n<p>&nbsp;<\/p>\n<blockquote>\n<h3>IL PUNTO DALLA REGIONE CON L&#8217;ASSESSORE GIANPAOLO BOTTACIN<\/h3>\n<\/blockquote>\n<p><em><a href=\"https:\/\/www.radiopiu.net\/wordpress\/proseguono-gli-interventi-dei-vigili-del-fuoco-dopo-le-abbondanti-nevicate-dei-giorni-scorsi\/c1c1b205-cd29-4f03-9565-8f580f751d04\/\" rel=\"attachment wp-att-183410\"><img loading=\"lazy\" decoding=\"async\" class=\"size-medium wp-image-183410 alignleft\" src=\"https:\/\/www.radiopiu.net\/wordpress\/wp-content\/uploads\/2021\/01\/c1c1b205-cd29-4f03-9565-8f580f751d04-300x165.jpg\" alt=\"\" width=\"300\" height=\"165\" srcset=\"https:\/\/www.radiopiu.net\/wordpress\/wp-content\/uploads\/2021\/01\/c1c1b205-cd29-4f03-9565-8f580f751d04-300x165.jpg 300w, https:\/\/www.radiopiu.net\/wordpress\/wp-content\/uploads\/2021\/01\/c1c1b205-cd29-4f03-9565-8f580f751d04.jpg 640w\" sizes=\"auto, (max-width: 300px) 100vw, 300px\" \/><\/a>La situazione sta tornando alla normalit\u00e0. Previsioni meteo della Regione indicano questo. Pertanto mano a mano che si esauriscono gli interventi rientrano tutte le strutture attivate dallo Stato (Esercito e Vigili del Fuoco di altre regioni), e dalla Regione (Vigili del Fuoco della Provincia di Trento, Ana Padova, Ana Verona, Ana Treviso, Ana Belluno, Ana Cadore, Ana Feltre, Cnsas, gruppi e associazioni comunali territoriali, in particolare Antelao e Auronzo). Tali strutture sono state coordinate dalla Prefettura (le statali) e dalla Regione (le altre), come da legge sulla protezione civile. La Regione ha gi\u00e0 formalizzato a tutti i sindaci della montagna veneta la lettera con le istruzioni su come indicare i costi sostenuti in modo particolare per la rimozione neve e per i danni registrati. <\/em><em>Ringrazio tutti per la collaborazione compresi i sindaci e i tecnici delle societ\u00e0(Anas, Venetostrade, Enel, Terna) e dei comuni che si sono prodigati in questi giorni. La Regione ha gi\u00e0 dichiarato lo stato di crisi propedeutico alla dichiarazione dello stato di emergenza che sar\u00e0 dichiarato dal consiglio dei ministri.<\/em><\/p>\n<p>&nbsp;<\/p>\n<p>&nbsp;<\/p>\n<hr \/>\n<p>&nbsp;<\/p>\n<blockquote>\n<h3>COVID E ATTENZIONE ALLO SPORT. APPELLO ALLE SOCIET\u00c0 SPORTIVE<\/h3>\n<\/blockquote>\n<p><strong><a href=\"https:\/\/www.radiopiu.net\/wordpress\/nuova-pista-di-atletica-al-polisportivo-di-belluno\/polisportivo-belluno\/\" rel=\"attachment wp-att-175597\"><img loading=\"lazy\" decoding=\"async\" class=\"size-medium wp-image-175597 alignleft\" src=\"https:\/\/www.radiopiu.net\/wordpress\/wp-content\/uploads\/2020\/11\/POLISPORTIVO-BELLUNO-300x225.jpg\" alt=\"\" width=\"300\" height=\"225\" srcset=\"https:\/\/www.radiopiu.net\/wordpress\/wp-content\/uploads\/2020\/11\/POLISPORTIVO-BELLUNO-300x225.jpg 300w, https:\/\/www.radiopiu.net\/wordpress\/wp-content\/uploads\/2020\/11\/POLISPORTIVO-BELLUNO-1024x768.jpg 1024w, https:\/\/www.radiopiu.net\/wordpress\/wp-content\/uploads\/2020\/11\/POLISPORTIVO-BELLUNO-768x576.jpg 768w, https:\/\/www.radiopiu.net\/wordpress\/wp-content\/uploads\/2020\/11\/POLISPORTIVO-BELLUNO-1536x1152.jpg 1536w, https:\/\/www.radiopiu.net\/wordpress\/wp-content\/uploads\/2020\/11\/POLISPORTIVO-BELLUNO.jpg 2048w\" sizes=\"auto, (max-width: 300px) 100vw, 300px\" \/><\/a>BELLUNO <\/strong>Contributi diretti, sostegni indiretti, occasioni di confronto: il 2020 \u00e8 stato un anno segnato dall&#8217;emergenza Covid che ha coinvolto anche le societ\u00e0 sportive, alle quali il Comune di Belluno e l&#8217;assessorato allo sport hanno teso pi\u00f9 volte una mano in segno di solidariet\u00e0. \u00ab<em>Abbiamo confermato per intero i contributi del Dote Sport 2019-2020 e riproposto l\u2019iniziativa per l\u2019annata 2020-2021, nonostante le attivit\u00e0 siano rimaste bloccate per buona parte dell&#8217;anno. &#8211; ricorda l&#8217;assessore Marco Bogo \u2013 Abbiamo poi adottato altre soluzioni per venire incontro alle esigenze delle societ\u00e0, come lo slittamento dei pagamenti degli affitti delle palestre per l&#8217;utilizzo nei mesi di gennaio, febbraio e marzo e versato in toto quanto dovuto alle societ\u00e0 che hanno in gestione gli impianti sportivi<\/em>\u00bb. C&#8217;\u00e8 poi stato un focus sul rapporto tra Covid e mondo dello sport, con la rassegna \u201cConviviamo consapevolmente con il Covid\u201d, all&#8217;interno del progetto Eticamente Sport: \u00ab<em>Anche quest&#8217;anno, nonostante le difficolt\u00e0, siamo riusciti ad organizzare la rassegna, pensata per diffondere i valori e principi del vivere lo sport con il giusto spirito e la corretta cultura. &#8211; commenta Bogo &#8211; Sono state serate molto interessanti, utili sia per le societ\u00e0 sportive che per i singoli appassionati, ma soprattutto per tutti i cittadini che hanno partecipato. Riproporremo sicuramente questa rassegna anche il prossimo anno, con l&#8217;auspicio di poterla realizzare in presenza e magari inserendo anche qualche nuova iniziativa<\/em>\u00bb. Infine, il bando contributi di fine anno, che ha consentito a tutte le associazioni sportive, culturali, etc di chiedere al Comune un sostegno economico anche \u2013 quest&#8217;anno per la prima volta \u2013 per la copertura delle spese ordinarie. Alla luce di questi due ultimi interventi, per\u00f2, Bogo lancia un \u201crichiamo\u201d alle associazioni e societ\u00e0 sportive: \u00ab<em>Auspichiamo una partecipazione maggiore da parte delle societ\u00e0: nel corso dei tre incontri su Covid e sport, il loro interessamento \u00e8 stato minimo, come dimostra anche il registro della Carta Etica della Regione Veneto, aggiornato ad agosto 2020, che vede presenti solo cinque societ\u00e0 che operano nel comune capoluogo, oltre agli enti come il Comune e alcune federazioni sportive. &#8211; sottolinea l&#8217;assessore \u2013 Inoltre, solamente pochissime societ\u00e0 sportive hanno colto l&#8217;occasione di intercettare i contributi per le spese Covid e di gestione ordinaria, eccezionalmente erogati con questo bando. Per entrambe le iniziative abbiamo organizzato eventi di presentazione e fatto comunicazioni che avevano raccolto un buon riscontro al quale per\u00f2 non \u00e8 stato dato il seguito sperat<\/em>o\u00bb.<\/p>\n<p>&nbsp;<\/p>\n<p>&nbsp;<\/p>\n<hr \/>\n<p>&nbsp;<\/p>\n<blockquote>\n<h3>UN AIUTO CONCRETO NELLE ATTIVITA&#8217; QUOTIDIANE<\/h3>\n<\/blockquote>\n<p><strong><a href=\"https:\/\/www.radiopiu.net\/wordpress\/giornale-radiopiu-08-gennaio-2021-direttore-mirko-mezzacasa\/da_rold_lucia-2\/\" rel=\"attachment wp-att-183526\"><img loading=\"lazy\" decoding=\"async\" class=\"size-medium wp-image-183526 alignleft\" src=\"https:\/\/www.radiopiu.net\/wordpress\/wp-content\/uploads\/2021\/01\/Da_Rold_Lucia-225x300.jpg\" alt=\"\" width=\"225\" height=\"300\" srcset=\"https:\/\/www.radiopiu.net\/wordpress\/wp-content\/uploads\/2021\/01\/Da_Rold_Lucia-225x300.jpg 225w, https:\/\/www.radiopiu.net\/wordpress\/wp-content\/uploads\/2021\/01\/Da_Rold_Lucia.jpg 600w\" sizes=\"auto, (max-width: 225px) 100vw, 225px\" \/><\/a>PONTE NELLE ALPI\u00a0 <\/strong><span style=\"color: #000000; font-family: Helvetica;\">Fare la spesa, ritirare dei farmaci, sbrigare pratiche burocratiche: sono esigenze quotidiane, apparentemente banali. Gi\u00e0, apparentemente. Perch\u00e9 in piena pandemia, anche uscire di casa pu\u00f2 essere un problema. O addirittura vietato, se una famiglia &#8211; o una singola persona, magari anziana &#8211; \u00e8 in quarantena. <\/span><span style=\"color: #000000; font-family: Helvetica;\">Ecco perch\u00e9 il Comune di Ponte nelle Alpi, in collaborazione con la Cooperativa Le Valli, ha deciso di mettere a disposizione della cittadinanza una nuova figura professionale: quella dell\u2019operatore di comunit\u00e0. \u00ab<em>Grazie a questa figura &#8211; afferma la vice sindaca Lucia Da Rold &#8211; diamo un servizio a tutti coloro che, in un periodo di emergenza sanitaria, hanno bisogno di un aiuto nelle piccole attivit\u00e0 di ogni giorno<\/em>\u00bb.\u00a0 <\/span><span style=\"color: #000000; font-family: Helvetica;\">Il servizio di \u201cdomiciliarit\u00e0 leggera\u201d non \u00e8 di stampo sanitario, bens\u00ec sociale: sar\u00e0 attivo il luned\u00ec, mercoled\u00ec e venerd\u00ec, dalle 8.30 alle 12.30. E verr\u00e0 condotto da Andrea Rachele De Col: l\u2019operatrice pu\u00f2 essere contattata al numero 320.8139967 (\u00e8 possibile lasciare un messaggio in segreteria, inviare un sms o un Whatsapp e il soggetto in questione verr\u00e0 richiamato). \u00ab<em>Ci siamo resi conto di quanto sia importante avere una specifica figura di riferimento &#8211; prosegue la vice sindaca -. L\u2019obiettivo \u00e8 quello di andare incontro alle esigenze di adesso, ma che potrebbero sorgere pure in un secondo momento. Perch\u00e9 la persona \u00e8 impossibilitata o, semplicemente, non se la sente di fare da sola una determinata cosa<\/em>\u00bb.\u00a0 <\/span><span style=\"color: #000000; font-family: Helvetica;\">Il progetto \u00e8 condiviso anche con i medici di base. E si avvale delle competenze della Cooperativa Le Valli: \u00ab<em>Abbiamo partecipato con entusiasmo al bando di progettazione del Comune di Ponte nelle Alpi &#8211; afferma il presidente Nicola De Min &#8211; per realizzare un servizio destinato a integrarsi a quelli gi\u00e0 esistenti. In una fase in cui molte risorse economiche sono prioritariamente destinate all\u2019ambito sanitario per garantire il diritto alla salute, non possiamo dimenticare coloro che, pur non avendo necessit\u00e0 di cure, si trovano ad affrontare un periodo di isolamento forzato a causa del Covid. In particolare, le persone fragili. Le stesse che, a causa del Covid o per mancanza di una rete familiare o amicale, si trovano in difficolt\u00e0 nel compiere le normali attivit\u00e0 della vita<\/em>\u00bb. <\/span><span style=\"color: #000000; font-family: Helvetica;\">La proposta \u00e8 innovativa: \u00ab<em>Grazie alla lungimiranza del Comune e all\u2019esperienza ultra-trentennale della nostra Cooperativa &#8211; conclude De Min &#8211; l\u2019auspicio \u00e8 che il servizio diventi un punto di riferimento per l\u2019intera cittadinanza<\/em>\u00bb.\u00a0<\/span><\/p>\n<p>&nbsp;<\/p>\n<p>&nbsp;<\/p>\n<hr \/>\n<p>&nbsp;<\/p>\n<h1>Cambio pediatra a Fener<\/h1>\n<p><strong>FELTRE<\/strong>\u00a0 Dal 14 gennaio 2021 inizier\u00e0 l\u2019attivit\u00e0 di Pediatra di Libera Scelta, con ambulatorio a Fener di Alano di Piave, la Dr.ssa Erica Giacomelli. I bambini, che erano stati temporaneamente assegnati alla dottoressa Maria Tura, saranno assegnati d\u2019ufficio alla dr.ssa Giacomelli che inizier\u00e0 la propria attivit\u00e0 nell\u2019ambulatorio di Fener in Via Kennedy n. 13. E\u2019fatta salva la possibilit\u00e0 di effettuare una scelta diversa tra i pediatri con disponibilit\u00e0 di posti nel proprio ambito di residenza. La scelta di un nuovo pediatra potr\u00e0 essere effettuata inviando una mail a: cambiomedico@aulss1.veneto.it. Per qualsiasi informazione \u00e8 possibile contattare il numero telefonico 0439 883680 (Luned\u00ec, Marted\u00ec, Gioved\u00ec e Venerd\u00ec dalle 8.30 alle 12.00).<\/p>\n<p>&nbsp;<\/p>\n<p>&nbsp;<\/p>\n<hr \/>\n<p>&nbsp;<\/p>\n<blockquote>\n<h3><a href=\"https:\/\/www.radiopiu.net\/wordpress\/giornale-radiopiu-08-gennaio-2021-direttore-mirko-mezzacasa\/download-1073\/\" rel=\"attachment wp-att-183659\"><img loading=\"lazy\" decoding=\"async\" class=\"wp-image-183659 alignleft\" src=\"https:\/\/www.radiopiu.net\/wordpress\/wp-content\/uploads\/2021\/01\/download-8.jpg\" alt=\"\" width=\"85\" height=\"114\" \/><\/a>PADRE PIETRO INFORMA<\/h3>\n<\/blockquote>\n<p><strong>ROCCA PIETORE<\/strong> Riaperto il Santuario di Santa Maria delle Grazie e riprendono le funzioni religiose: sabato alle 17 (prefestivo) domenica alle 10 e alle 17. Le messe nella chiesa di Caprile, nei giorni feriali alle 17, sabato alle 18 e domenica alle 11<\/p>\n<p>&nbsp;<\/p>\n<p>&nbsp;<\/p>\n<hr \/>\n<blockquote>\n<h3><\/h3>\n<h3>FOLLADOR,\u00a0 SCUOLA APERTA FINO A DOMANI<\/h3>\n<h3><\/h3>\n<\/blockquote>\n<p><strong>AGORDO<\/strong> Domani ultimo giorno di scuola aperta on-line al Follador.<br \/>\nPer incontrare gli insegnanti, porre domande e visitare virtualmente gli spazi scolastici sar\u00e0 sufficiente collegarsi da casa secondo le modalit\u00e0 riportate sul sito della scuola<br \/>\nwww.follador.bl.it<\/p>\n<blockquote>\n<h3><\/h3>\n<hr \/>\n<h3>SCUOLA APERTA AI LICEI GALILEI-TIZIANO<\/h3>\n<\/blockquote>\n<p><strong>BELLUNO <\/strong>Sabato alle 15 ultimo incontro di Scuola aperta per gli indirizzi scientifici dei Licei Galilei-Tiziano.\u00a0 Gli allievi del Galilei, hanno messo a disposizione le proprie competenze tecniche per la registrazione di video e di tour virtuali dei laboratori e della scuola. Sul sito della scuola (<a href=\"http:\/\/www.liceibelluno.gov.it\">www.liceibelluno.gov.it<\/a>)\u00a0 \u00e8 attivo il link dedicato per iscriversi all\u2019incontro di sabato, che si terr\u00e0 sempre mediante il software di videoconferenza Zoom. Al raggiungimento dei cento iscritti il link verr\u00e0 temporaneamente chiuso e riattivato dopo quella data per l\u2019iscrizione all\u2019appuntamento successivo, che sar\u00e0 invece dedicato al Liceo Classico, l&#8217;incontro si terr\u00e0 sabato 16 gennaio, sempre alle 15.<\/p>\n<div dir=\"auto\">\n<blockquote><p>&nbsp;<\/p><\/blockquote>\n<p>&nbsp;<\/p>\n<hr \/>\n<p>&nbsp;<\/p>\n<h2><span style=\"color: #ff0000;\">\u00a0L&#8217;OPINIONE\u00a0<\/span><\/h2>\n<blockquote>\n<h3>VIABILITA&#8217; PROVINCIALE, COSTO O RISORSA?<\/h3>\n<\/blockquote>\n<p><strong>di Alessandra Fontana, Segretaria Generale Filt_Cgil-Belluno<\/strong><\/p>\n<p align=\"JUSTIFY\"><span style=\"font-family: Times New Roman, serif;\"><span style=\"font-size: medium;\"><span lang=\"\">Superata l\u2019ennesima emergenza meteo, superati i ringraziamenti sentiti e sinceri a Veneto Strade e a tutti coloro che non si sono risparmiati per la riapertura delle reti viarie, rimane una domanda, antipatica ed ingombrante come un mucchio di neve sporca a bordo strada. <\/span><\/span><\/span><span style=\"font-size: medium; font-family: 'Times New Roman', serif;\">E\u2019 la stessa, da anni. La rete viaria provinciale bellunese rappresenta un problema o una risorsa? Va tutelata o bisogna sbarazzarsene in fretta? E da anni, puntuale, la nostra risposta \u00e8 la stessa: una risorsa primaria, fondamentale, l\u2019unico baluardo per non costringere la nostra Provincia a morte certa. E ogni emergenza ce lo ricorda, quando leggiamo di Paesi isolati, di sensi unici alternati, di sforzi enormi per garantire il transito e liberare l\u2019asfalto dalle frane. E allora, se \u00e8 una risorsa, che senso ha ipotizzare di privarsene affidando propriet\u00e0 e gestione a soggetti che in questi anni non hanno certo garantito quell\u2019interesse che solo un ente territoriale sussidiario, come la Provincia, riesce a tutelare? \u201cPerch\u00e9 mancano soldi\u201d ci viene risposto. \u201cPerch\u00e9 Anas ha le risorse che Veneto Strade non ha\u201d osserva qualche sindaco. <\/span><span style=\"font-family: Times New Roman, serif;\"><span style=\"font-size: medium;\"><span lang=\"\">Una resa. Le risorse mancano, \u00e8 un dato di fatto. Mancano fin dal 2014, quando con una riforma zoppa si \u00e8 inziato il taglio del traseferimento dal governo centrale delle risorse alla rete viaria provinciale. Negli anni le strade sono rimaste, i trasferimenti di fatto azzerati. E allora la battaglia va rivolta per il ripristino delle risorse, non per la cessione delle propriet\u00e0 che, in s\u00e9, rappresentano un bene prezioso. Se capiamo l\u2019operazione di restituzione delle strade ex statali (e regionali) allo Stato, ci rimane quanto mai dubbia l\u2019opportunit\u00e0 di riclassificare come statali strade provinciali storiche, quali la sp1, la sinistra piave, arteria preziosa di collegamento provinciale. Ancora pi\u00f9 incomprensibile, se possibile, \u00e8 l\u2019ipotesi di smembrare la gestione della rete viaria, affidando ad Anas la gestione diretta delle strade riclassificate e oggi manutentate da Veneto Strade. Da parte nostra riteniamo che solo una gestione territoriale unica possa garantire da una parte le dovute economie di scala e, dall\u2019altra, quell\u2019efficienza necessaria agli spostamenti. E\u2019 sotto gli occhi di tutti, gi\u00e0 oggi, la differente modalit\u00e0 di manutenzione tra la ss51 d\u2019Alemagna e altre strade di competenza di Veneto Strade (203 Agordina piuttosto che i vari collegamenti dei passi Dolomitici). Ma ancora, tutrti noi vediamo la differenza tra destra e sinistra piave. <\/span><\/span><\/span><span style=\"font-family: Times New Roman, serif;\"><span style=\"font-size: medium;\"><span lang=\"\">Da anni infatti Anas ha rinunciato ad una gestione diretta della manutenzione: i (pochi) dipendenti diretti svolgono mansioni di sorveglianti e l\u2019attivit\u00e0 viene gestita con il sistema degli appalti. Appalti che non sempre, dal punto di vista lavorativo, applicano il ccnl di riferimento della viabilit\u00e0 e non garantiscono professionalit\u00e0, sicurezza e qualit\u00e0 del lavoro che solo un\u2019azienda che investe in maestranze interne riesce a garantire. Solo un\u2019azienda con personale proprio, strutturata con mezzi e lavoro sul territorio conosce realmente le criticit\u00e0 e riesce a muoversi tempestivamente in caso di emergenza o con una programmazione seria nelle attivit\u00e0 ordinarie. <\/span><\/span><\/span><span style=\"font-size: medium; font-family: 'Times New Roman', serif;\">Ci rivolgiamo dunque al Presidente Padrin, con cui in questi anni abbiamo collaborato positivamente e abbiamo trovato, finalmente, un intelocutore serio e preparato, di intervenire direttamente chiedendo di dare attuazione al protocollo sottoscritto con Sondrio e Verbania a fine anno. Le Province totalmente montane hanno specificit\u00e0 legate alla peculiarit\u00e0 del territorio e quello che serve non \u00e8 una resa incondizionata ma piuttosto una chiamata a raccolta del territorio per avere quelle risorse fino ad oggi negate. E assieme alle risorse serve un piano occupazionale straordinario (che oggi in Veneto Strade non abbiamo, soffrendo un problema di sottorganico strutturale), serve reinternalizzare le troppe attivit\u00e0 in appalto (sfalcio e sgombero neve), servono mezzi nuovi, serve un piano industriale del territorio per il territorio. Non serve una cessione di sovranit\u00e0 che nei prossimi anni rischia di costarci davvero troppo cara.\u00a0<\/span><\/p>\n<hr \/>\n<p>&nbsp;<\/p>\n<blockquote>\n<h3>UGO STEFANUTTI E: \u201cLE SORGENTI NASCOSTE DI DOLOMITIPRELUDIO\u201d<\/h3>\n<h3>di RENATO BONA<\/h3>\n<\/blockquote>\n<p>Il 16 marzo 1996, Ugo Stefanutti, autore di libri, studi e saggi che sono stati anche tradotti in varie lingue, mi faceva dono, con la dedica: \u201cA Renato Bona con vive congratulazioni per l\u2019ottimo Settegi Dolomiti\u201d &#8211; il settimanale bellunese che dirigevo \u2013 ndr.) del libro \u201cLe sorgenti nascoste Dolomitipreludio\u201d stampato nell\u2019aprile 1995 da \u201cLa Tipografica srl\u201d di Venezia per conto della Arnaldo Forni editore di Sala Bolognese. Si tratta di un poemetto lirico con tre disegni con prefazione di Francesco Semi e postfazione di Silvano De Marchi. Il primo scrive fra l\u2019altro: \u201cStefanutti ha individuato tra le alte cime delle Dolomiti le fonti misteriose di mille voci, ha tentato di penetrarne il \u2018ritmo ciclico\u2019, mentre va ricostruendo il miracolo della creazione artistica, unica attivit\u00e0 che ormai conti per lui \u2018nel flusso inesauribile di energia cosmica\u2019. Un connubio di solido materialismo ed aerea bellezza artistica (cos\u00ec l\u2019ha definito la critica) \u00e8 lo straordinario risultato di una tale ricerca che \u2018trasforma la materia in simboli\u2019 che si realizza (e qui \u00e8 la novit\u00e0 di Stefanutti, \u00e8 ci\u00f2 che lo distingue da tutti gli altri poeti di questo secolo) in una sintesi di creativit\u00e0, scaturita da un unico essenziale elemento, che \u00e8 l\u2019armonia del Tutto, sostanziato di verit\u00e0 e di certezza\u201d. Il secondo, premesso che \u201cLa montagna ha sempre incantato l\u2019uomo fin dalle sue origini con la maestosit\u00e0 e variet\u00e0 dei suoi spettacoli, colpendo la sua sensibilit\u00e0 estetica, a cui il poeta ha dato espressione adeguata, perch\u00e9 essa \u00e8 un elemento della natura, che \u00e8 il necessario polo dell\u2019interiorit\u00e0 del poeta\u201d propone una descrizione di pascolo montano con la suggestivit\u00e0 dei suoi fiori alpestri: \u2018In alto\/ nei macereti alpini\/ si affollano\/ le ambrette striscianti,\/ solitari sui pendii\/ gli anemoni avvampano\u201d e quella del graduale passaggio dalla pianura i colli, festanti di vigneti: \u2018Irruente la pianura\/ s\u2019incunea tra i colli\u201d con il dono di Bacco che viene esaltato in festosit\u00e0 di colori: \u2018grappoli dalla buccia dorata\/ si allargano in ventagli suntuosi\u201d. Spiega che \u201cNell\u2019ambito di questa poetica non poteva mancare il capitolo delle Dolomiti che lui, pur essendo uomo lagunare, per la vicinanza conosce e non cessa di ammirare. E tuttavia mai si ferma esclusivamente all\u2019apparente bellezza, agli spettacoli insoliti dei mutamenti diurni e stagionali, ma cerca di andare oltre il fenomeno per penetrarne la vita intima e misteriosa, per ricostruire la storia che si perde nella notte dei tempi: \u2018Scavare negli umori\/ di fiumi sotterranei,\/ captare gli accordi\/ di grotte insondabili,\/ decifrarne i motivi,\/ trasformarli nei simboli\/ del nostro fluire\u2019\u2026\u201d. E cos\u00ec conclude, De Marchi: \u201cUna poesia originale, questa di Ugo Stefanutti, che fa riflettere per la profondit\u00e0 del pensiero, che colpisce per la singolarit\u00e0 e vivezza delle immagini simboliche, per la misurata pronuncia dell\u2019espressione essenziale e precisa\u201d. Ed ora, in chiusura, dal sito <span role=\"gridcell\"><a class=\"oajrlxb2 g5ia77u1 qu0x051f esr5mh6w e9989ue4 r7d6kgcz rq0escxv nhd2j8a9 nc684nl6 p7hjln8o kvgmc6g5 cxmmr5t8 oygrvhab hcukyx3x jb3vyjys rz4wbd8a qt6c0cv9 a8nywdso i1ao9s8h oo483o9r f1sip0of lzcic4wl oo9gr5id gpro0wi8\" tabindex=\"0\" role=\"link\" href=\"https:\/\/l.facebook.com\/l.php?u=http%3A%2F%2Fliterary.it%2Fali%3Ffbclid%3DIwAR2iuez-kwhFlH8btd0k4NwYPXqju7oiho6OpMQ7yrt77xnahSK4RGI1Kx4&amp;h=AT0XvyjpRuCDXyCZ9yM9fQuoaEPUIpkxENEakHVB2to8oUx_PlAifkKtkqh0L0ufb9orvtMtvdf3g_bBqjK1JNSXIOxbTPPeIV_gsHXLUl-GyYrf-fHvfTXNHLlFqBmLdBc\" target=\"_blank\" rel=\"nofollow noopener\">literary.it\/ali<\/a><\/span>, un sintetico profilo di Ugo Stefanutti (Venezia 1924-2004): scrittore, poeta, scienziato, \u00e8 vissuto nella citt\u00e0 lagunare. La vasta produzione letteraria spazia negli ambiti di scienza, filosofia, storia, arte, secondo un metodo personale che denota l\u2019originalit\u00e0 del suo stile. Laureato in medicina nel 1951 con una tesi su \u201cCoscienza morale e psicopatologia\u201d il nostro viaggia a lungo in Europa, frequentando i maggiori istituti scientifici e umanistici, dove perfeziona la sua formazione e approfondisce le tematiche dei grandi movimenti spirituali e fra l\u2019altro conosce e familiarizza con personaggi illustri. Nel 1961 \u00e8 cofondatore del \u201cNotiziario dell\u2019Ordine dei Medici di Venezia\u201d, ne predispone e firma la copertina e per cinque volte scrive la \u201cPrefazione\u201d all\u2019Albo e ne disegna le copertine. Lo stesso anno inizia la consulenza storico-artistica alla Rivista dei Medici di Padova e coordina la Grande mostra storica in occasione del Congresso mondiale degli ospedali (Venezia, Scuola Grande di San Marco, 1961). Nel 1963 consegue la docenza universitaria in Storia della medicina. Come storico e scienziato ha pubblicato lavori fondamentali quali: La Scuola Grande di San Marco. Guida artistica dell\u2019Ospedale Civile di Venezia (1954); Le pitture anatomiche di Girolamo Fabrici d\u2019Acquapendente (1957) eccezionale capolavoro di arte e scienza, inedite da 400 anni e da lui pubblicate per la prima volta; Piante e animali nell\u2019opera di Ulisse Aldrovandi (1958), Documentazioni cronologiche per la storia della medicina, chirurgia e farmacia in Venezia dal 1258 al 1332 (1961). Ha fondato e diretto tre collane editoriali: due dedicate alla Storia veneziana e la terza alla Storia della medicina e della scienza, nelle quali sono apparse opere ricercatissime, di spessore monumentale. Come letterato e poeta \u00e8 autore di vari lavori: Citt\u00e0 dondolante (1969; nel 1999 terza edizione con patrocinio Unesco), Acque di una storia (1972, poesie a Venezia di: Selvatico, Fusinato, Nietzsche, Cardarelli, Pound, Valeri, Stefanutti), Neuroni della terra (1978), Negazione e possibilit\u00e0 (1979), Ippocrate, Seneca, Benn, Sachs, Eliot, Saint-John Perse (1969- 1979, traduzioni dal greco, latino, tedesco, inglese e francese), Fiaccole abbacinanti (1985), Notte di alta marea (1988), Noi uomini zattere di atomi (1992), Le sorgenti nascoste Dolomitipreludio (1995), Orizzonte degli eventi (19297). Veramente originali le sue \u201cPoesie grafiche\u201d, una nuova via al fare poesia, armonica fusione di versi e immagini nella stessa composizione, ad opera di un unico artista: Marmi quasi liquidi sopra una selva di palafitte (1974, 3 incisioni), Ignoriamo l\u2019essere frantumiamo l\u2019esistere (1978, 3 incisioni), Messaggi dalla preistoria (1978, 3 incisioni), Forma preesistita (1979, 2 incisioni), Nella luminosit\u00e0 dell\u2019assoluto (1983, 2 incisioni), Cavalli del mare (1984, 2 serigrafie) per citarne alcune. \u00c8 stato presidente dell\u2019Associazione scrittori italiani (Tre Venezie) e di giurie e premi letterari; membro titolare dell\u2019Ateneo Veneto, dell\u2019Unione mondiale medici scrittori (Unesco), dell\u2019Associazione internazionale di bibliofilia (Parigi). Premiato pi\u00f9 volte in Italia e all\u2019estero. Per ragioni di studio \u00e8 stato in relazione con le maggiori fondazioni e con grandi personalit\u00e0 della cultura: Karl Jaspers, Martin Heidegger, Carl Gustav Jung, Albert Sabin, Jonas Salk.<\/p>\n\n\t\t\t<style type='text\/css'>\n\t\t\t\t#gallery-5 {\n\t\t\t\t\tmargin: auto;\n\t\t\t\t}\n\t\t\t\t#gallery-5 .gallery-item {\n\t\t\t\t\tfloat: left;\n\t\t\t\t\tmargin-top: 10px;\n\t\t\t\t\ttext-align: center;\n\t\t\t\t\twidth: 16%;\n\t\t\t\t}\n\t\t\t\t#gallery-5 img {\n\t\t\t\t\tborder: 2px solid #cfcfcf;\n\t\t\t\t}\n\t\t\t\t#gallery-5 .gallery-caption {\n\t\t\t\t\tmargin-left: 0;\n\t\t\t\t}\n\t\t\t\t\/* see gallery_shortcode() in wp-includes\/media.php *\/\n\t\t\t<\/style>\n\t\t<div id='gallery-5' class='dt-gallery-container gallery galleryid-183487 gallery-columns-6 gallery-size-thumbnail'><dl class='gallery-item'>\n\t\t\t\t<dt class='gallery-icon portrait'>\n\t\t\t\t\t<a class=\"rollover rollover-zoom dt-pswp-item\" title=\"136964369_213038413784692_1950564022809275175_n\" data-dt-img-description=\"\" data-large_image_width=\"1507\" data-large_image_height=\"2048\"href='https:\/\/www.radiopiu.net\/wordpress\/wp-content\/uploads\/2021\/01\/136964369_213038413784692_1950564022809275175_n.jpg'><img loading=\"lazy\" decoding=\"async\" width=\"150\" height=\"150\" src=\"https:\/\/www.radiopiu.net\/wordpress\/wp-content\/uploads\/2021\/01\/136964369_213038413784692_1950564022809275175_n-150x150.jpg\" class=\"attachment-thumbnail size-thumbnail\" alt=\"\" \/><\/a>\n\t\t\t\t<\/dt><\/dl><dl class='gallery-item'>\n\t\t\t\t<dt class='gallery-icon portrait'>\n\t\t\t\t\t<a class=\"rollover rollover-zoom dt-pswp-item\" title=\"136088112_229915588589591_7432421293266064238_n\" data-dt-img-description=\"\" data-large_image_width=\"200\" data-large_image_height=\"291\"href='https:\/\/www.radiopiu.net\/wordpress\/wp-content\/uploads\/2021\/01\/136088112_229915588589591_7432421293266064238_n.jpg'><img loading=\"lazy\" decoding=\"async\" width=\"150\" height=\"150\" src=\"https:\/\/www.radiopiu.net\/wordpress\/wp-content\/uploads\/2021\/01\/136088112_229915588589591_7432421293266064238_n-150x150.jpg\" class=\"attachment-thumbnail size-thumbnail\" alt=\"\" \/><\/a>\n\t\t\t\t<\/dt><\/dl><dl class='gallery-item'>\n\t\t\t\t<dt class='gallery-icon landscape'>\n\t\t\t\t\t<a class=\"rollover rollover-zoom dt-pswp-item\" title=\"136327710_161471088686086_8861551471704206018_n\" data-dt-img-description=\"\" data-large_image_width=\"2048\" data-large_image_height=\"1537\"href='https:\/\/www.radiopiu.net\/wordpress\/wp-content\/uploads\/2021\/01\/136327710_161471088686086_8861551471704206018_n-1.jpg'><img loading=\"lazy\" decoding=\"async\" width=\"150\" height=\"150\" src=\"https:\/\/www.radiopiu.net\/wordpress\/wp-content\/uploads\/2021\/01\/136327710_161471088686086_8861551471704206018_n-1-150x150.jpg\" class=\"attachment-thumbnail size-thumbnail\" alt=\"\" \/><\/a>\n\t\t\t\t<\/dt><\/dl><dl class='gallery-item'>\n\t\t\t\t<dt class='gallery-icon portrait'>\n\t\t\t\t\t<a class=\"rollover rollover-zoom dt-pswp-item\" title=\"136177063_3097096307059055_1849105361770032050_n\" data-dt-img-description=\"\" data-large_image_width=\"1394\" data-large_image_height=\"2048\"href='https:\/\/www.radiopiu.net\/wordpress\/wp-content\/uploads\/2021\/01\/136177063_3097096307059055_1849105361770032050_n.jpg'><img loading=\"lazy\" decoding=\"async\" width=\"150\" height=\"150\" src=\"https:\/\/www.radiopiu.net\/wordpress\/wp-content\/uploads\/2021\/01\/136177063_3097096307059055_1849105361770032050_n-150x150.jpg\" class=\"attachment-thumbnail size-thumbnail\" alt=\"\" \/><\/a>\n\t\t\t\t<\/dt><\/dl><dl class='gallery-item'>\n\t\t\t\t<dt class='gallery-icon portrait'>\n\t\t\t\t\t<a class=\"rollover rollover-zoom dt-pswp-item\" title=\"137208582_441470060559058_2448989643458935298_n\" data-dt-img-description=\"\" data-large_image_width=\"1429\" data-large_image_height=\"2048\"href='https:\/\/www.radiopiu.net\/wordpress\/wp-content\/uploads\/2021\/01\/137208582_441470060559058_2448989643458935298_n.jpg'><img loading=\"lazy\" decoding=\"async\" width=\"150\" height=\"150\" src=\"https:\/\/www.radiopiu.net\/wordpress\/wp-content\/uploads\/2021\/01\/137208582_441470060559058_2448989643458935298_n-150x150.jpg\" class=\"attachment-thumbnail size-thumbnail\" alt=\"\" \/><\/a>\n\t\t\t\t<\/dt><\/dl><dl class='gallery-item'>\n\t\t\t\t<dt class='gallery-icon portrait'>\n\t\t\t\t\t<a class=\"rollover rollover-zoom dt-pswp-item\" title=\"136106662_1373067879848133_5770333031075308710_n\" data-dt-img-description=\"\" data-large_image_width=\"1455\" data-large_image_height=\"2048\"href='https:\/\/www.radiopiu.net\/wordpress\/wp-content\/uploads\/2021\/01\/136106662_1373067879848133_5770333031075308710_n.jpg'><img loading=\"lazy\" decoding=\"async\" width=\"150\" height=\"150\" src=\"https:\/\/www.radiopiu.net\/wordpress\/wp-content\/uploads\/2021\/01\/136106662_1373067879848133_5770333031075308710_n-150x150.jpg\" class=\"attachment-thumbnail size-thumbnail\" alt=\"\" \/><\/a>\n\t\t\t\t<\/dt><\/dl><br style=\"clear: both\" \/>\n\t\t\t<\/div>\n\n<p>&nbsp;<\/p>\n<p>NELLE FOTO (riproduzioni dal libro \u201cLe sorgenti nascoste Dolomitipreludio\u201d): la copertina della pubblicazione; un disegno con la figura dell\u2019autore: disegni dello stesso Stefanutti a corredo dei testi.<\/p>\n<p>&nbsp;<\/p>\n<hr \/>\n<p>&nbsp;<\/p>\n<blockquote>\n<h2>FANTASTICHE DOLOMITI, NUOVA STAGIONE. APPUNTAMENTO QUINDICINALE IL GIOVEDI ALLE 10.30 E 1900<\/h2>\n<\/blockquote>\n<h2><span style=\"color: #ff0000;\"><a href=\"https:\/\/www.radiopiu.net\/wordpress\/a-tamonich-due-colonnine-per-la-ricarica-dei-mezzi-elettrici\/auto-elettrica\/\" rel=\"attachment wp-att-167537\"><img loading=\"lazy\" decoding=\"async\" class=\"size-medium wp-image-167537 alignleft\" src=\"https:\/\/www.radiopiu.net\/wordpress\/wp-content\/uploads\/2020\/10\/AUTO-ELETTRICA-300x168.jpg\" alt=\"\" width=\"300\" height=\"168\" srcset=\"https:\/\/www.radiopiu.net\/wordpress\/wp-content\/uploads\/2020\/10\/AUTO-ELETTRICA-300x168.jpg 300w, https:\/\/www.radiopiu.net\/wordpress\/wp-content\/uploads\/2020\/10\/AUTO-ELETTRICA-1024x575.jpg 1024w, https:\/\/www.radiopiu.net\/wordpress\/wp-content\/uploads\/2020\/10\/AUTO-ELETTRICA-768x431.jpg 768w, https:\/\/www.radiopiu.net\/wordpress\/wp-content\/uploads\/2020\/10\/AUTO-ELETTRICA-1536x862.jpg 1536w, https:\/\/www.radiopiu.net\/wordpress\/wp-content\/uploads\/2020\/10\/AUTO-ELETTRICA.jpg 1920w\" sizes=\"auto, (max-width: 300px) 100vw, 300px\" \/><\/a>LA SETTIMA PUNTATA, la mobilit\u00e0 sostenibile<\/span><\/h2>\n<p><strong>OSPITE IL VICEPRESIDENTE EMILIANO BONANNI<\/strong><\/p>\n<audio class=\"wp-audio-shortcode\" id=\"audio-183487-3\" preload=\"none\" style=\"width: 100%;\" controls=\"controls\"><source type=\"audio\/mpeg\" src=\"https:\/\/www.radiopiu.net\/wordpress\/wp-content\/uploads\/2020\/10\/fantastiche-dolomiti-31.dicembre.mp3?_=3\" \/><a href=\"https:\/\/www.radiopiu.net\/wordpress\/wp-content\/uploads\/2020\/10\/fantastiche-dolomiti-31.dicembre.mp3\">https:\/\/www.radiopiu.net\/wordpress\/wp-content\/uploads\/2020\/10\/fantastiche-dolomiti-31.dicembre.mp3<\/a><\/audio>\n<p>&nbsp;<\/p>\n<h1>LA RACCOLTA COMPLETA<\/h1>\n<blockquote class=\"wp-embedded-content\" data-secret=\"iir8KpTD8L\"><p><a href=\"https:\/\/www.radiopiu.net\/wordpress\/https-wp-me-p63lo7-gyg\/\">FANTASTICHE DOLOMITI 7^ PUNTATA: IL QUINDICINALE APPUNTAMENTO ALLA RADIO<\/a><\/p><\/blockquote>\n<p><iframe loading=\"lazy\" class=\"wp-embedded-content\" sandbox=\"allow-scripts\" security=\"restricted\" style=\"position: absolute; clip: rect(1px, 1px, 1px, 1px);\" title=\"&#8220;FANTASTICHE DOLOMITI 7^ PUNTATA: IL QUINDICINALE APPUNTAMENTO ALLA RADIO&#8221; &#8212; Radio Pi\u00f9\" src=\"https:\/\/www.radiopiu.net\/wordpress\/https-wp-me-p63lo7-gyg\/embed\/#?secret=iir8KpTD8L\" data-secret=\"iir8KpTD8L\" width=\"600\" height=\"338\" frameborder=\"0\" marginwidth=\"0\" marginheight=\"0\" scrolling=\"no\"><\/iframe><\/p>\n<div class=\"mw-parser-output\">\n<p>&nbsp;<\/p>\n<\/div>\n<p>&nbsp;<\/p>\n<p>&nbsp;<\/p>\n<hr \/>\n<blockquote>\n<h2><\/h2>\n<h2>SALUTE E SOCIETA&#8217; IL LUNEDI ALLE 13.10 E ALLE 20.10, LA DOMENICA ALLE 10.30 A CURA DEL DOTTOR MARCO CARACCIOLO. QUINTA STAGIONE<\/h2>\n<\/blockquote>\n<p><strong><span style=\"color: #ff0000;\">LA PUNTATA DELLA SETTIMANA<\/span><\/strong><\/p>\n<p>Circa un paziente su cinque con carcinoma mammario risulta HER2- positivo, e questa positivit\u00e0 \u00e8 associata a una malattia aggressiva, un alto tasso di recidiva e un aumento della mortalit\u00e0. Trastuzumab deruxtecan, l\u2019anticorpo monoclonale coniugato anti-HER2 di Daiichi Sankyo e AstraZeneca, mostra un\u2019efficacia notevole e una risposta duratura nelle pazienti affette da carcinoma mammario metastatico HER-positivo, precedentemente trattate con due o pi\u00f9 regimi terapeutici. I risultati aggiornati dello studio di fase II DESTINY-Breast01 sono stati presentati durante il San Antonio Breast Cancer Symposium (SABCS) 2020. Pierfranco Conte, Ordinario di oncologia, Universit\u00e0 di Padova<\/p>\n<audio class=\"wp-audio-shortcode\" id=\"audio-183487-4\" preload=\"none\" style=\"width: 100%;\" controls=\"controls\"><source type=\"audio\/mpeg\" src=\"https:\/\/www.radiopiu.net\/wordpress\/wp-content\/uploads\/2021\/01\/SALUTE.mp3?_=4\" \/><a href=\"https:\/\/www.radiopiu.net\/wordpress\/wp-content\/uploads\/2021\/01\/SALUTE.mp3\">https:\/\/www.radiopiu.net\/wordpress\/wp-content\/uploads\/2021\/01\/SALUTE.mp3<\/a><\/audio>\n<p>&nbsp;<\/p>\n<h3>LA RACCOLTA COMPLETA<\/h3>\n<blockquote class=\"wp-embedded-content\" data-secret=\"kaIQaDLE2B\"><p><a href=\"https:\/\/www.radiopiu.net\/wordpress\/saluteesocieta\/\">Salute e Societ\u00e0<\/a><\/p><\/blockquote>\n<p><iframe loading=\"lazy\" class=\"wp-embedded-content\" sandbox=\"allow-scripts\" security=\"restricted\" style=\"position: absolute; clip: rect(1px, 1px, 1px, 1px);\" title=\"&#8220;Salute e Societ\u00e0&#8221; &#8212; Radio Pi\u00f9\" src=\"https:\/\/www.radiopiu.net\/wordpress\/saluteesocieta\/embed\/#?secret=kaIQaDLE2B\" data-secret=\"kaIQaDLE2B\" width=\"600\" height=\"338\" frameborder=\"0\" marginwidth=\"0\" marginheight=\"0\" scrolling=\"no\"><\/iframe><\/p>\n<hr \/>\n<h2><\/h2>\n<h2><span style=\"color: #ff0000;\"><a href=\"https:\/\/www.radiopiu.net\/wordpress\/giornale-radiopiu-05-gennaio-2021-direttore-mirko-mezzacasa\/133200401_100838761953611_1258544160541445132_o-2\/\" rel=\"attachment wp-att-183078\"><img loading=\"lazy\" decoding=\"async\" class=\" wp-image-183078 alignleft\" src=\"https:\/\/www.radiopiu.net\/wordpress\/wp-content\/uploads\/2021\/01\/133200401_100838761953611_1258544160541445132_o-1-300x157.jpg\" alt=\"\" width=\"192\" height=\"101\" srcset=\"https:\/\/www.radiopiu.net\/wordpress\/wp-content\/uploads\/2021\/01\/133200401_100838761953611_1258544160541445132_o-1-300x157.jpg 300w, https:\/\/www.radiopiu.net\/wordpress\/wp-content\/uploads\/2021\/01\/133200401_100838761953611_1258544160541445132_o-1.jpg 526w\" sizes=\"auto, (max-width: 192px) 100vw, 192px\" \/><\/a>GOCCE DI FILOSOFIA, CON CHIARA CAU, CON LISA DE LUCA. <\/span><\/h2>\n<h2><\/h2>\n<h2><span style=\"color: #ff0000;\">TUTTI I GIORNI DAL LUNEDI AL SABATO ALLE 6.55 E ALLE 18.55<\/span><\/h2>\n<p><strong>LA QUARTA\u00a0 PUNTATA<\/strong><\/p>\n<audio class=\"wp-audio-shortcode\" id=\"audio-183487-5\" preload=\"none\" style=\"width: 100%;\" controls=\"controls\"><source type=\"audio\/mpeg\" src=\"https:\/\/www.radiopiu.net\/wordpress\/wp-content\/uploads\/2021\/01\/FI4.mp3?_=5\" \/><a href=\"https:\/\/www.radiopiu.net\/wordpress\/wp-content\/uploads\/2021\/01\/FI4.mp3\">https:\/\/www.radiopiu.net\/wordpress\/wp-content\/uploads\/2021\/01\/FI4.mp3<\/a><\/audio>\n<p>&nbsp;<\/p>\n<h2>LA RACCOLTA COMPLETA<\/h2>\n<blockquote class=\"wp-embedded-content\" data-secret=\"G1KQusAa8S\"><p><a href=\"https:\/\/www.radiopiu.net\/wordpress\/gocce-filosofia\/\">Gocce di filosofia<\/a><\/p><\/blockquote>\n<p><iframe loading=\"lazy\" class=\"wp-embedded-content\" sandbox=\"allow-scripts\" security=\"restricted\" style=\"position: absolute; clip: rect(1px, 1px, 1px, 1px);\" title=\"&#8220;Gocce di filosofia&#8221; &#8212; Radio Pi\u00f9\" src=\"https:\/\/www.radiopiu.net\/wordpress\/gocce-filosofia\/embed\/#?secret=G1KQusAa8S\" data-secret=\"G1KQusAa8S\" width=\"600\" height=\"338\" frameborder=\"0\" marginwidth=\"0\" marginheight=\"0\" scrolling=\"no\"><\/iframe><\/p>\n<p>&nbsp;<\/p>\n<hr \/>\n<p>&nbsp;<\/p>\n<div class=\"im_message_wrap clearfix\">\n<div class=\"im_content_message_wrap im_message_out\">\n<h2><span style=\"color: #ff0000;\">IERI ALLA RADIO\u00a0 IN VIVO VERSO 2020-21<\/span><\/h2>\n<p><strong><span style=\"color: #0000ff;\">IN ONDA DAL LUNEDI AL VENERDI ALLE 7.10, 10.10, 18.50<\/span><\/strong><\/p>\n<blockquote class=\"wp-embedded-content\" data-secret=\"QvcAYq9LyP\"><p><a href=\"https:\/\/www.radiopiu.net\/wordpress\/in-questa-notte-di-adolfo-bortoluzzi\/\">IN QUESTA NOTTE di ADOLFO BORTOLUZZI<\/a><\/p><\/blockquote>\n<p><iframe loading=\"lazy\" class=\"wp-embedded-content\" sandbox=\"allow-scripts\" security=\"restricted\" style=\"position: absolute; clip: rect(1px, 1px, 1px, 1px);\" title=\"&#8220;IN QUESTA NOTTE di ADOLFO BORTOLUZZI&#8221; &#8212; Radio Pi\u00f9\" src=\"https:\/\/www.radiopiu.net\/wordpress\/in-questa-notte-di-adolfo-bortoluzzi\/embed\/#?secret=QvcAYq9LyP\" data-secret=\"QvcAYq9LyP\" width=\"600\" height=\"338\" frameborder=\"0\" marginwidth=\"0\" marginheight=\"0\" scrolling=\"no\"><\/iframe><\/p>\n<p><strong><span style=\"font-family: Verdana, sans-serif;\"><span style=\"font-size: medium;\">LA RACCOLTA COMPLETA, TUTTE LE COLLEZIONI<\/span><\/span><\/strong><\/p>\n<blockquote class=\"wp-embedded-content\" data-secret=\"11kSPYe0IH\"><p><a href=\"https:\/\/www.radiopiu.net\/wordpress\/in-vivo-verso\/\">In Vivo Verso<\/a><\/p><\/blockquote>\n<p><iframe loading=\"lazy\" class=\"wp-embedded-content\" sandbox=\"allow-scripts\" security=\"restricted\" style=\"position: absolute; clip: rect(1px, 1px, 1px, 1px);\" title=\"&#8220;In Vivo Verso&#8221; &#8212; Radio Pi\u00f9\" src=\"https:\/\/www.radiopiu.net\/wordpress\/in-vivo-verso\/embed\/#?secret=11kSPYe0IH\" data-secret=\"11kSPYe0IH\" width=\"600\" height=\"338\" frameborder=\"0\" marginwidth=\"0\" marginheight=\"0\" scrolling=\"no\"><\/iframe><\/p>\n<p>&nbsp;<\/p>\n<\/div>\n<\/div>\n<hr \/>\n<p>&nbsp;<\/p>\n<h2>007 IN CONDOTTA CON LA PROF. MARIA ROSA SALMAZO IL LUNEDI ALLE 10,30 E ALLE 19.00 LA DOMENICA ALLE 8 DEL MATTINO. NONA STAGIONE<\/h2>\n<h2>LA RACCOLTA COMPLETA<\/h2>\n<blockquote class=\"wp-embedded-content\" data-secret=\"otSFn07Kza\"><p><a href=\"https:\/\/www.radiopiu.net\/wordpress\/007incondotta-9\/\">007 in condotta<\/a><\/p><\/blockquote>\n<p><iframe loading=\"lazy\" class=\"wp-embedded-content\" sandbox=\"allow-scripts\" security=\"restricted\" style=\"position: absolute; clip: rect(1px, 1px, 1px, 1px);\" title=\"&#8220;007 in condotta&#8221; &#8212; Radio Pi\u00f9\" src=\"https:\/\/www.radiopiu.net\/wordpress\/007incondotta-9\/embed\/#?secret=otSFn07Kza\" data-secret=\"otSFn07Kza\" width=\"600\" height=\"338\" frameborder=\"0\" marginwidth=\"0\" marginheight=\"0\" scrolling=\"no\"><\/iframe><\/p>\n<p>&nbsp;<\/p>\n<p>&nbsp;<\/p>\n<p>&nbsp;<\/p>\n<hr \/>\n<p>&nbsp;<\/p>\n<blockquote>\n<h2><a href=\"https:\/\/www.radiopiu.net\/wordpress\/speciale-solidarieta-veneto\/solidarieta-veneto-3\/\" rel=\"attachment wp-att-134366\"><img loading=\"lazy\" decoding=\"async\" class=\"wp-image-134366 alignleft\" src=\"https:\/\/www.radiopiu.net\/wordpress\/wp-content\/uploads\/2020\/05\/solidariet\u00e0-veneto-300x210.jpg\" alt=\"\" width=\"102\" height=\"71\" srcset=\"https:\/\/www.radiopiu.net\/wordpress\/wp-content\/uploads\/2020\/05\/solidariet\u00e0-veneto-300x210.jpg 300w, https:\/\/www.radiopiu.net\/wordpress\/wp-content\/uploads\/2020\/05\/solidariet\u00e0-veneto-1024x717.jpg 1024w, https:\/\/www.radiopiu.net\/wordpress\/wp-content\/uploads\/2020\/05\/solidariet\u00e0-veneto-768x538.jpg 768w, https:\/\/www.radiopiu.net\/wordpress\/wp-content\/uploads\/2020\/05\/solidariet\u00e0-veneto.jpg 1373w\" sizes=\"auto, (max-width: 102px) 100vw, 102px\" \/><\/a>SOLIDARIETA&#8217; VENETO FONDO PENSIONE, IN ONDA IL PRIMO VENERDI DEL MESE ALLE 10.30 E ALLE 19.00 QUINTA STAGIONE<\/h2>\n<\/blockquote>\n<p><strong>AUDIO<\/strong><\/p>\n<audio class=\"wp-audio-shortcode\" id=\"audio-183487-6\" preload=\"none\" style=\"width: 100%;\" controls=\"controls\"><source type=\"audio\/mpeg\" src=\"https:\/\/www.radiopiu.net\/wordpress\/wp-content\/uploads\/2020\/10\/solidarieta-veneto-gennaio.mp3?_=6\" \/><a href=\"https:\/\/www.radiopiu.net\/wordpress\/wp-content\/uploads\/2020\/10\/solidarieta-veneto-gennaio.mp3\">https:\/\/www.radiopiu.net\/wordpress\/wp-content\/uploads\/2020\/10\/solidarieta-veneto-gennaio.mp3<\/a><\/audio>\n<p>&nbsp;<\/p>\n<blockquote>\n<h2>RACCOLTA COMPLETA<\/h2>\n<\/blockquote>\n<blockquote class=\"wp-embedded-content\" data-secret=\"pWXWfA3EAa\"><p><a href=\"https:\/\/www.radiopiu.net\/wordpress\/solidarieta-veneto\/\">Solidariet\u00e0 Veneto<\/a><\/p><\/blockquote>\n<p><iframe loading=\"lazy\" class=\"wp-embedded-content\" sandbox=\"allow-scripts\" security=\"restricted\" style=\"position: absolute; clip: rect(1px, 1px, 1px, 1px);\" title=\"&#8220;Solidariet\u00e0 Veneto&#8221; &#8212; Radio Pi\u00f9\" src=\"https:\/\/www.radiopiu.net\/wordpress\/solidarieta-veneto\/embed\/#?secret=pWXWfA3EAa\" data-secret=\"pWXWfA3EAa\" width=\"600\" height=\"338\" frameborder=\"0\" marginwidth=\"0\" marginheight=\"0\" scrolling=\"no\"><\/iframe><\/p>\n<p>&nbsp;<\/p>\n<p>&nbsp;<\/p>\n<hr \/>\n<p>&nbsp;<\/p>\n<h2><span style=\"color: #808000;\">DUE MINUTI UN LIBRO\u00a0 TUTTI I GIORNI ALLA RADIO ALLE 9.30 E ALLE 18. QUINTA STAGIONE\u00a0 \u00a0\u00a0<\/span><\/h2>\n<blockquote class=\"wp-embedded-content\" data-secret=\"rJvczZr6zR\"><p><a href=\"https:\/\/www.radiopiu.net\/wordpress\/nives\/\">NIVES<\/a><\/p><\/blockquote>\n<p><iframe loading=\"lazy\" class=\"wp-embedded-content\" sandbox=\"allow-scripts\" security=\"restricted\" style=\"position: absolute; clip: rect(1px, 1px, 1px, 1px);\" title=\"&#8220;NIVES&#8221; &#8212; Radio Pi\u00f9\" src=\"https:\/\/www.radiopiu.net\/wordpress\/nives\/embed\/#?secret=rJvczZr6zR\" data-secret=\"rJvczZr6zR\" width=\"600\" height=\"338\" frameborder=\"0\" marginwidth=\"0\" marginheight=\"0\" scrolling=\"no\"><\/iframe><\/p>\n<h2>LA RACCOLTA COMPLETA<\/h2>\n<blockquote class=\"wp-embedded-content\" data-secret=\"RbRDTPFz3W\"><p><a href=\"https:\/\/www.radiopiu.net\/wordpress\/due-minuti-un-libro\/\">Due minuti un libro<\/a><\/p><\/blockquote>\n<p><iframe loading=\"lazy\" class=\"wp-embedded-content\" sandbox=\"allow-scripts\" security=\"restricted\" style=\"position: absolute; clip: rect(1px, 1px, 1px, 1px);\" title=\"&#8220;Due minuti un libro&#8221; &#8212; Radio Pi\u00f9\" src=\"https:\/\/www.radiopiu.net\/wordpress\/due-minuti-un-libro\/embed\/#?secret=RbRDTPFz3W\" data-secret=\"RbRDTPFz3W\" width=\"600\" height=\"338\" frameborder=\"0\" marginwidth=\"0\" marginheight=\"0\" scrolling=\"no\"><\/iframe><\/p>\n<p>&nbsp;<\/p>\n<hr \/>\n<p>&nbsp;<\/p>\n<p>&nbsp;<\/p>\n<blockquote>\n<h2>CASSA SOLIDARIET\u00c0 LUXOTTICA<\/h2>\n<\/blockquote>\n<h3><strong><span style=\"color: #ff0000;\">IL NUMERO DI DICEMBRE CON PAOLO CHISSALE&#8217; E FABRIZIO CAMPEDEL<\/span><\/strong><\/h3>\n<audio class=\"wp-audio-shortcode\" id=\"audio-183487-7\" preload=\"none\" style=\"width: 100%;\" controls=\"controls\"><source type=\"audio\/mpeg\" src=\"https:\/\/www.radiopiu.net\/wordpress\/wp-content\/uploads\/2020\/12\/ca-sol-lux-dicvembre.mp3?_=7\" \/><a href=\"https:\/\/www.radiopiu.net\/wordpress\/wp-content\/uploads\/2020\/12\/ca-sol-lux-dicvembre.mp3\">https:\/\/www.radiopiu.net\/wordpress\/wp-content\/uploads\/2020\/12\/ca-sol-lux-dicvembre.mp3<\/a><\/audio>\n<blockquote>\n<h2>RACCOLTA COMPLETA<\/h2>\n<\/blockquote>\n<blockquote class=\"wp-embedded-content\" data-secret=\"cBjwtnhS8f\"><p><a href=\"https:\/\/www.radiopiu.net\/wordpress\/cassa-solidarieta-luxottica-puntata-del-16-ottobre-2020\/\">CASSA SOLIDARIET\u00c0 LUXOTTICA &#8211; PUNTATA DEL 20 NOVEMBRE 2020<\/a><\/p><\/blockquote>\n<p><iframe loading=\"lazy\" class=\"wp-embedded-content\" sandbox=\"allow-scripts\" security=\"restricted\" style=\"position: absolute; clip: rect(1px, 1px, 1px, 1px);\" title=\"&#8220;CASSA SOLIDARIET\u00c0 LUXOTTICA &#8211; PUNTATA DEL 20 NOVEMBRE 2020&#8221; &#8212; Radio Pi\u00f9\" src=\"https:\/\/www.radiopiu.net\/wordpress\/cassa-solidarieta-luxottica-puntata-del-16-ottobre-2020\/embed\/#?secret=cBjwtnhS8f\" data-secret=\"cBjwtnhS8f\" width=\"600\" height=\"338\" frameborder=\"0\" marginwidth=\"0\" marginheight=\"0\" scrolling=\"no\"><\/iframe><\/p>\n<p>&nbsp;<\/p>\n<p>&nbsp;<\/p>\n<div>\n<p>&nbsp;<\/p>\n<hr \/>\n<p>&nbsp;<\/p>\n<h2><span style=\"color: #800080;\"><strong>LA RASSEGNA STAMPA DA L&#8217;AMICO DEL POPOLO\u00a0<\/strong><\/span><\/h2>\n<p><strong>di Gianni Santomaso<\/strong><\/p>\n<p><strong>OSPITE: Maurizio Alfieri<\/strong><\/p>\n<audio class=\"wp-audio-shortcode\" id=\"audio-183487-8\" preload=\"none\" style=\"width: 100%;\" controls=\"controls\"><source type=\"audio\/mpeg\" src=\"https:\/\/www.radiopiu.net\/wordpress\/wp-content\/uploads\/2020\/12\/rassegna-sito-giani.mp3?_=8\" \/><a href=\"https:\/\/www.radiopiu.net\/wordpress\/wp-content\/uploads\/2020\/12\/rassegna-sito-giani.mp3\">https:\/\/www.radiopiu.net\/wordpress\/wp-content\/uploads\/2020\/12\/rassegna-sito-giani.mp3<\/a><\/audio>\n<h1 class=\"kvgmc6g5 cxmmr5t8 oygrvhab hcukyx3x c1et5uql\"><span style=\"color: #0000ff;\">RADIO PIU INFORMAZIONE il canale su TELEGRAM informazione di prima mano e in tempo reale. iscriviti ed aiutaci a farlo conoscere<\/span><\/h1>\n<p><strong>LA RACCOLTA COMPLETA<\/strong><\/p>\n<blockquote class=\"wp-embedded-content\" data-secret=\"j8GONW0Kjy\"><p><a href=\"https:\/\/www.radiopiu.net\/wordpress\/rassegna-stampa-di-gianni-santomaso\/\">Rassegna stampa da l&#8217;amico del popolo &#8211; di Gianni Santomaso<\/a><\/p><\/blockquote>\n<p><iframe loading=\"lazy\" class=\"wp-embedded-content\" sandbox=\"allow-scripts\" security=\"restricted\" style=\"position: absolute; clip: rect(1px, 1px, 1px, 1px);\" title=\"&#8220;Rassegna stampa da l&#8217;amico del popolo &#8211; di Gianni Santomaso&#8221; &#8212; Radio Pi\u00f9\" src=\"https:\/\/www.radiopiu.net\/wordpress\/rassegna-stampa-di-gianni-santomaso\/embed\/#?secret=j8GONW0Kjy\" data-secret=\"j8GONW0Kjy\" width=\"600\" height=\"338\" frameborder=\"0\" marginwidth=\"0\" marginheight=\"0\" scrolling=\"no\"><\/iframe><\/p>\n<p>&nbsp;<\/p>\n<p>&nbsp;<\/p>\n<p>&nbsp;<\/p>\n<hr \/>\n<p>&nbsp;<\/p>\n<p>&nbsp;<\/p>\n<div>\n<h2><span style=\"color: #33cccc;\">I RACCONTI DI PAOLO SOPPELSA il lunedi alle 9.30 e 18.30<\/span><\/h2>\n<blockquote class=\"wp-embedded-content\" data-secret=\"cXpAb75Dz4\"><p><a href=\"https:\/\/www.radiopiu.net\/wordpress\/i-racconti-di-paolo-soppelsa-cinquantaseiesima-puntata\/\">I RACCONTI DI PAOLO SOPPELSA CINQUANTASEIESIMA PUNTATA<\/a><\/p><\/blockquote>\n<p><iframe loading=\"lazy\" class=\"wp-embedded-content\" sandbox=\"allow-scripts\" security=\"restricted\" style=\"position: absolute; clip: rect(1px, 1px, 1px, 1px);\" title=\"&#8220;I RACCONTI DI PAOLO SOPPELSA CINQUANTASEIESIMA PUNTATA&#8221; &#8212; Radio Pi\u00f9\" src=\"https:\/\/www.radiopiu.net\/wordpress\/i-racconti-di-paolo-soppelsa-cinquantaseiesima-puntata\/embed\/#?secret=cXpAb75Dz4\" data-secret=\"cXpAb75Dz4\" width=\"600\" height=\"338\" frameborder=\"0\" marginwidth=\"0\" marginheight=\"0\" scrolling=\"no\"><\/iframe><\/p>\n<h2><span style=\"color: #33cccc;\"><strong>RACCOLTA COMPLETA<\/strong><\/span><\/h2>\n<blockquote class=\"wp-embedded-content\" data-secret=\"FEIYbX3u52\"><p><a href=\"https:\/\/www.radiopiu.net\/wordpress\/i-racconti-di-paolo-soppelsa\/\">I racconti di Paolo Soppelsa<\/a><\/p><\/blockquote>\n<p><iframe loading=\"lazy\" class=\"wp-embedded-content\" sandbox=\"allow-scripts\" security=\"restricted\" style=\"position: absolute; clip: rect(1px, 1px, 1px, 1px);\" title=\"&#8220;I racconti di Paolo Soppelsa&#8221; &#8212; Radio Pi\u00f9\" src=\"https:\/\/www.radiopiu.net\/wordpress\/i-racconti-di-paolo-soppelsa\/embed\/#?secret=FEIYbX3u52\" data-secret=\"FEIYbX3u52\" width=\"600\" height=\"338\" frameborder=\"0\" marginwidth=\"0\" marginheight=\"0\" scrolling=\"no\"><\/iframe><\/p>\n<\/div>\n<p>&nbsp;<\/p>\n<hr \/>\n<p>&nbsp;<\/p>\n<div>\n<h2><strong><a href=\"https:\/\/www.radiopiu.net\/wordpress\/giornale-radiopiu-06-gennaio-2021-direttore-mirko-mezzacasa\/135457219_1559721987549196_2659320420682225064_n\/\" rel=\"attachment wp-att-183329\"><img loading=\"lazy\" decoding=\"async\" class=\" wp-image-183329 alignleft\" src=\"https:\/\/www.radiopiu.net\/wordpress\/wp-content\/uploads\/2021\/01\/135457219_1559721987549196_2659320420682225064_n-300x199.jpg\" alt=\"\" width=\"221\" height=\"147\" srcset=\"https:\/\/www.radiopiu.net\/wordpress\/wp-content\/uploads\/2021\/01\/135457219_1559721987549196_2659320420682225064_n-300x199.jpg 300w, https:\/\/www.radiopiu.net\/wordpress\/wp-content\/uploads\/2021\/01\/135457219_1559721987549196_2659320420682225064_n-768x510.jpg 768w, https:\/\/www.radiopiu.net\/wordpress\/wp-content\/uploads\/2021\/01\/135457219_1559721987549196_2659320420682225064_n.jpg 800w\" sizes=\"auto, (max-width: 221px) 100vw, 221px\" \/><\/a><\/strong><\/h2>\n<h2><\/h2>\n<h2><strong>LE\u00a0 PUNTATE di Luisa Alchini di Leggermente Bellunesi, la domenica alle 11, il martedi alle 10.30 e alle 19.00<\/strong><\/h2>\n<p><strong><span style=\"color: #ff0000;\">LA PUNTATA DELLA SETTIMANA<\/span><\/strong><\/p>\n<audio class=\"wp-audio-shortcode\" id=\"audio-183487-9\" preload=\"none\" style=\"width: 100%;\" controls=\"controls\"><source type=\"audio\/mpeg\" src=\"https:\/\/www.radiopiu.net\/wordpress\/wp-content\/uploads\/2021\/01\/13legegrmentemaurocoronaLa-stampa.mp3?_=9\" \/><a href=\"https:\/\/www.radiopiu.net\/wordpress\/wp-content\/uploads\/2021\/01\/13legegrmentemaurocoronaLa-stampa.mp3\">https:\/\/www.radiopiu.net\/wordpress\/wp-content\/uploads\/2021\/01\/13legegrmentemaurocoronaLa-stampa.mp3<\/a><\/audio>\n<h2><strong style=\"font-size: 14px;\"><span style=\"color: #000000;\">RACCOLTA COMPLETA<\/span><\/strong><\/h2>\n<\/div>\n<blockquote class=\"wp-embedded-content\" data-secret=\"t4acPgAni7\"><p><a href=\"https:\/\/www.radiopiu.net\/wordpress\/leggermente-20\/\">LEGGERmente&#8230;Bellunesi<\/a><\/p><\/blockquote>\n<p><iframe loading=\"lazy\" class=\"wp-embedded-content\" sandbox=\"allow-scripts\" security=\"restricted\" style=\"position: absolute; clip: rect(1px, 1px, 1px, 1px);\" title=\"&#8220;LEGGERmente&#8230;Bellunesi&#8221; &#8212; Radio Pi\u00f9\" src=\"https:\/\/www.radiopiu.net\/wordpress\/leggermente-20\/embed\/#?secret=t4acPgAni7\" data-secret=\"t4acPgAni7\" width=\"600\" height=\"338\" frameborder=\"0\" marginwidth=\"0\" marginheight=\"0\" scrolling=\"no\"><\/iframe><\/p>\n<hr \/>\n<p>&nbsp;<\/p>\n<blockquote>\n<h3><a href=\"https:\/\/www.radiopiu.net\/wordpress\/almanacco-ladino-puntata-5-2020\/sn\/\" rel=\"attachment wp-att-180931\"><img loading=\"lazy\" decoding=\"async\" class=\"wp-image-180931 alignleft\" src=\"https:\/\/www.radiopiu.net\/wordpress\/wp-content\/uploads\/2020\/12\/sn-300x194.jpg\" alt=\"\" width=\"181\" height=\"117\" srcset=\"https:\/\/www.radiopiu.net\/wordpress\/wp-content\/uploads\/2020\/12\/sn-300x194.jpg 300w, https:\/\/www.radiopiu.net\/wordpress\/wp-content\/uploads\/2020\/12\/sn.jpg 626w\" sizes=\"auto, (max-width: 181px) 100vw, 181px\" \/><\/a>L&#8217;ALMANACCO LADINO CON L&#8217;ISTITUT CESA DE JAN QUINDICINALE APPUNTAMENTO. LA DOMENICA ALLE 9 IL LUNEDI ALLE 8.35 IL MARTEDI ALLE 12.35 IL MERCOLEDI ALLE 18.35. SECONDA STAGIONE.<\/h3>\n<\/blockquote>\n<p><strong><span style=\"color: #ff0000;\">LA PUNTATA DELLA SETTIMANA<\/span><\/strong><\/p>\n<audio class=\"wp-audio-shortcode\" id=\"audio-183487-10\" preload=\"none\" style=\"width: 100%;\" controls=\"controls\"><source type=\"audio\/mpeg\" src=\"https:\/\/www.radiopiu.net\/wordpress\/wp-content\/uploads\/2021\/01\/49\u00b0-Almanacco-Ladino_Ampezan-1.mp3?_=10\" \/><a href=\"https:\/\/www.radiopiu.net\/wordpress\/wp-content\/uploads\/2021\/01\/49\u00b0-Almanacco-Ladino_Ampezan-1.mp3\">https:\/\/www.radiopiu.net\/wordpress\/wp-content\/uploads\/2021\/01\/49\u00b0-Almanacco-Ladino_Ampezan-1.mp3<\/a><\/audio>\n<p>&nbsp;<\/p>\n<p><strong>RACCOLTA COMPLETA\u00a0<\/strong><\/p>\n<blockquote class=\"wp-embedded-content\" data-secret=\"kpv4TPNQsa\"><p><a href=\"https:\/\/www.radiopiu.net\/wordpress\/almanacco-ladino\/\">Almanacco Ladino<\/a><\/p><\/blockquote>\n<p><iframe loading=\"lazy\" class=\"wp-embedded-content\" sandbox=\"allow-scripts\" security=\"restricted\" style=\"position: absolute; clip: rect(1px, 1px, 1px, 1px);\" title=\"&#8220;Almanacco Ladino&#8221; &#8212; Radio Pi\u00f9\" src=\"https:\/\/www.radiopiu.net\/wordpress\/almanacco-ladino\/embed\/#?secret=kpv4TPNQsa\" data-secret=\"kpv4TPNQsa\" width=\"600\" height=\"338\" frameborder=\"0\" marginwidth=\"0\" marginheight=\"0\" scrolling=\"no\"><\/iframe><\/p>\n<p>&nbsp;<\/p>\n<\/div>\n<hr \/>\n<div>\n<h2><span style=\"color: #000080;\"><a class=\"dt-pswp-item\" href=\"https:\/\/www.radiopiu.net\/wordpress\/wp-content\/uploads\/2020\/10\/pp.jpg\" data-dt-img-description=\"\" data-large_image_width=\"640\" data-large_image_height=\"640\"><img loading=\"lazy\" decoding=\"async\" class=\"wp-image-163678 alignleft\" src=\"https:\/\/www.radiopiu.net\/wordpress\/wp-content\/uploads\/2020\/10\/pp-300x300.jpg\" alt=\"\" width=\"106\" height=\"106\" srcset=\"https:\/\/www.radiopiu.net\/wordpress\/wp-content\/uploads\/2020\/10\/pp-300x300.jpg 300w, https:\/\/www.radiopiu.net\/wordpress\/wp-content\/uploads\/2020\/10\/pp-150x150.jpg 150w, https:\/\/www.radiopiu.net\/wordpress\/wp-content\/uploads\/2020\/10\/pp-125x125.jpg 125w, https:\/\/www.radiopiu.net\/wordpress\/wp-content\/uploads\/2020\/10\/pp-200x200.jpg 200w, https:\/\/www.radiopiu.net\/wordpress\/wp-content\/uploads\/2020\/10\/pp-80x80.jpg 80w, https:\/\/www.radiopiu.net\/wordpress\/wp-content\/uploads\/2020\/10\/pp-480x480.jpg 480w, https:\/\/www.radiopiu.net\/wordpress\/wp-content\/uploads\/2020\/10\/pp.jpg 640w\" sizes=\"auto, (max-width: 106px) 100vw, 106px\" \/><\/a> <\/span><\/h2>\n<h2><span style=\"color: #000080;\">DON CESARE, IL PENSIERO DEL GIORNO. ALLA RADIO ALLE 7 DEL MATTINO E ALLE 19.30 DELLA SERA.\u00a0\u00a0<\/span><\/h2>\n<\/div>\n<p>&nbsp;<\/p>\n<p>&nbsp;<\/p>\n<audio class=\"wp-audio-shortcode\" id=\"audio-183487-11\" preload=\"none\" style=\"width: 100%;\" controls=\"controls\"><source type=\"audio\/mpeg\" src=\"https:\/\/www.radiopiu.net\/wordpress\/wp-content\/uploads\/2021\/01\/CESARE-4.mp3?_=11\" \/><a href=\"https:\/\/www.radiopiu.net\/wordpress\/wp-content\/uploads\/2021\/01\/CESARE-4.mp3\">https:\/\/www.radiopiu.net\/wordpress\/wp-content\/uploads\/2021\/01\/CESARE-4.mp3<\/a><\/audio>\n<p>&nbsp;<\/p>\n<hr \/>\n<p>&nbsp;<\/p>\n<div>\n<p class=\"photoswipe-wrapper\"><a class=\"dt-pswp-item pspw-wrap-ready\" href=\"https:\/\/i0.wp.com\/www.radiopiu.net\/wordpress\/wp-content\/uploads\/2018\/09\/viabilita.jpeg?ssl=1\" data-dt-img-description=\"\" data-large_image_width=\"800\" data-large_image_height=\"100\"><img loading=\"lazy\" decoding=\"async\" class=\"aligncenter wp-image-61954 size-full\" src=\"https:\/\/i0.wp.com\/www.radiopiu.net\/wordpress\/wp-content\/uploads\/2018\/09\/viabilita.jpeg?resize=800%2C100&amp;ssl=1\" sizes=\"auto, (max-width: 800px) 100vw, 800px\" srcset=\"https:\/\/i0.wp.com\/www.radiopiu.net\/wordpress\/wp-content\/uploads\/2018\/09\/viabilita.jpeg?w=800&amp;ssl=1 800w, https:\/\/i0.wp.com\/www.radiopiu.net\/wordpress\/wp-content\/uploads\/2018\/09\/viabilita.jpeg?resize=300%2C38&amp;ssl=1 300w, https:\/\/i0.wp.com\/www.radiopiu.net\/wordpress\/wp-content\/uploads\/2018\/09\/viabilita.jpeg?resize=768%2C96&amp;ssl=1 768w\" alt=\"\" width=\"800\" height=\"100\" \/><\/a><\/p>\n<\/div>\n<p>&nbsp;<\/p>\n<p><strong>SP 1 MADONNA DEL PIAVE <\/strong>senso unico alternato regolato da semaforo fino al 15 gennaio in comune di Quero Vas per realizzazione tombinatura<\/p>\n<p><strong>SP 42 CAVALLERA<\/strong> fino a revoca, chiusura della strada nell&#8217;abitato di Perarolo per attivazione emergenza frana &#8220;Busa del Cristo&#8221;<\/p>\n<p><strong>S.P.2 DELLA VALLE DEL MIS\u00a0<\/strong>Interdizione totale al traffico fino a revoca dal km 14,920 (localit\u00e0 Gona Bassa) al km 20,650 (localit\u00e0 Titele) per cedimento della carreggiata<\/p>\n<p><strong>S.P. 5 DI LAMOSANO<\/strong>\u00a0Interdizione totale fino a revoca per presenza di materiale e alberi in strada.<\/p>\n<p><strong>S.P. 251 DI VAL DI ZOLDO E VAL CELLINA\u00a0<\/strong>dalla localit\u00e0 Soffranco fino all&#8217;imbocco nord della galleria S. Giovanni interdizione totale al transito per cedimento della carreggiata<\/p>\n<p><strong>SP 3 DELLA VAL IMPERINA<\/strong> fino a revoca, senso unico alternato regolato a vista in localit\u00e0 Gona di Conedera di Rivamonte per cedimento della carreggiata stradale<\/p>\n<p>&nbsp;<\/p>\n<div>\n<p>&nbsp;<\/p>\n<hr \/>\n<p>&nbsp;<\/p>\n<p class=\"photoswipe-wrapper\"><a class=\"dt-pswp-item pspw-wrap-ready\" href=\"https:\/\/i0.wp.com\/www.radiopiu.net\/wordpress\/wp-content\/uploads\/2018\/09\/WhatsApp-Image-2018-09-20-at-16.04.06.jpeg?ssl=1\" data-dt-img-description=\"\" data-large_image_width=\"800\" data-large_image_height=\"100\"><img loading=\"lazy\" decoding=\"async\" class=\"aligncenter wp-image-61378 size-full jetpack-lazy-image jetpack-lazy-image--handled\" src=\"https:\/\/i0.wp.com\/www.radiopiu.net\/wordpress\/wp-content\/uploads\/2018\/09\/WhatsApp-Image-2018-09-20-at-16.04.06.jpeg?resize=800%2C100&amp;ssl=1\" sizes=\"auto, (max-width: 800px) 100vw, 800px\" srcset=\"https:\/\/i0.wp.com\/www.radiopiu.net\/wordpress\/wp-content\/uploads\/2018\/09\/WhatsApp-Image-2018-09-20-at-16.04.06.jpeg?w=800&amp;ssl=1 800w, https:\/\/i0.wp.com\/www.radiopiu.net\/wordpress\/wp-content\/uploads\/2018\/09\/WhatsApp-Image-2018-09-20-at-16.04.06.jpeg?resize=300%2C38&amp;ssl=1 300w, https:\/\/i0.wp.com\/www.radiopiu.net\/wordpress\/wp-content\/uploads\/2018\/09\/WhatsApp-Image-2018-09-20-at-16.04.06.jpeg?resize=768%2C96&amp;ssl=1 768w\" alt=\"\" width=\"800\" height=\"100\" data-lazy-loaded=\"1\" \/><\/a><\/p>\n<p>&nbsp;<\/p>\n<div>\n<div id=\"dolomitimeteo_div_testi\"><center><b>Venerdi 8<\/b><\/center><b>Tempo atteso: <\/b>Durante la notte sulle Dolomiti e fino al primo mattino sulle Prealpi nubi stratiformi alte, in rapido allontanamento verso sud-est. In giornata tempo ben soleggiato con cielo sereno, aria tersa e ottima visibilit\u00e0, salvo effimere nebbie mattutine in alcune depressioni prealpine (Valbelluna). Persistenza delle condizioni termiche invernali, anche a bassa quota, almeno nei settori innevati.<br \/>\n<b>Precipitazioni: <\/b>Assenti (0%).<br \/>\n<b>Temperature: <\/b>Minime in ripresa per ridotto irraggiamento notturno, ma con forti gelate notturne, anche se meno intense nelle valli dolomitiche e sugli altopiani prealpini; massime stazionarie in quota e in lieve calo nelle valli. Sono previste punte di 1\/3\u00b0C nei fondovalle prealpini e di -4\/-1\u00b0C a 1000\/1200 m. Su Prealpi a 1500 m min -7\u00b0C max -5\u00b0C, a 2000 m min -9\u00b0C max -8\u00b0C. Su Dolomiti a 2000 m min -10\u00b0C max -9\u00b0C, a 3000 m min -16\u00b0C max -15\u00b0C.<br \/>\n<b>Venti: <\/b>Nelle valli deboli di direzione variabile, in quota deboli da nord-ovest, a 5-10 km\/h a 2000 m e 10\/20 km\/h a 3000 m.<\/div>\n<\/div>\n<\/div>\n<hr \/>\n<p><center><b>Sabato 9<\/b><\/center><b>Tempo atteso: <\/b>Splendida mattinata con cielo sereno, aria tersa e ottima visibilit\u00e0 sulle Dolomiti, mentre le prime sottili velature giungeranno sulle Prealpi. Al pomeriggio maggiore presenza di nubi alte ovunque. L&#8217;atmosfera sar\u00e0 gelida tra la notte e le prime ore del giorno, lo rimarr\u00e0 anche in giornata, specie nei settori in ombra e in quota.<br \/>\n<b>Precipitazioni: <\/b>Assenti (0%).<br \/>\n<b>Temperature: <\/b>Senza notevoli variazioni, salvo lieve calo delle minime nelle valli, dove le gelate saranno intense in caso di cielo sereno di notte. Non escluso si possa osservare un lieve riazo termico sulle cime dolomitiche pi\u00f9 alte. Atmosfera invernale a tutte le quota. Sulle Prealpi a 1500 m min -9\u00b0C max -6\u00b0C, a 2000 m min -10\u00b0C max -8\u00b0C. Su Dolomiti a 2000 m min -11\u00b0C max -9\u00b0C, a 3000 m min -15\u00b0C max -14\u00b0C.<br \/>\n<b>Venti: <\/b>Nelle valli deboli di direzione variabile, in quota deboli da nord-ovest tra la notte e il mattino, poi da nord-est, a 5-10 km\/h sia a 2000 m che a 3000 m.<\/p>\n<hr \/>\n<p><center><b>Domenica 10<\/b><\/center>Cielo inizialmente velato da nubi alte, pi\u00f9 estese sulle Prealpi. Con il passare delle ore lento diradamento della suddetta sottile nuvolosit\u00e0 alta e cielo via via pi\u00f9 sereno a partire dalle Dolomiti. Il freddo si accentuer\u00e0 un po&#8217;, specie nei bassi strati atmosferici. Venti deboli di direzione variabile nelle valli; deboli\/moderati dai quadranti orientali in quota.<\/p>\n<hr \/>\n<p><center><b>Lunedi 11<\/b><\/center>Splendida giornata invernale con sole, cielo sereno, aria tersa e ottima visibilit\u00e0, salvo qualche effimera nebbia notturna in alcune depressioni prealpine. L&#8217;atmosfera sar\u00e0 gelida tra la notte e le prime ore del giorno (intense gelate fino a -5\/-8\u00b0C nei fondovalle prealpini e -9\/-16\u00b0C nelle valli dolomitiche, anche -18\/-20\u00b0C sugli altopiani prealpini sopra i 1000 m). In giornata, nei posti assolati il sole attenuer\u00e0 la sensazione di freddo, situazione termica differente nelle zone in ombra, dove l&#8217;ambiente rimarr\u00e0 gelido. Venti in quota deboli da nord-est; deboli di direzione variabile nelle valli. Previsore: R.L.Th.<\/p>\n<p>&nbsp;<\/p>\n<p>&nbsp;<\/p>\n<p>&nbsp;<\/p>\n<\/div>\n<hr \/>\n<p>&nbsp;<\/p>\n<p><a href=\"https:\/\/www.radiopiu.net\/wordpress\/giornale-radiopiu-15-settembre-2018-direttore-mirko-mezzacasa\/sport-7\/\" rel=\"attachment wp-att-60761\"><img loading=\"lazy\" decoding=\"async\" class=\"aligncenter wp-image-60761 size-full\" src=\"https:\/\/www.radiopiu.net\/wordpress\/wp-content\/uploads\/2018\/09\/sport.jpg\" alt=\"\" width=\"800\" height=\"100\" srcset=\"https:\/\/www.radiopiu.net\/wordpress\/wp-content\/uploads\/2018\/09\/sport.jpg 800w, https:\/\/www.radiopiu.net\/wordpress\/wp-content\/uploads\/2018\/09\/sport-300x38.jpg 300w, https:\/\/www.radiopiu.net\/wordpress\/wp-content\/uploads\/2018\/09\/sport-768x96.jpg 768w\" sizes=\"auto, (max-width: 800px) 100vw, 800px\" \/><\/a><\/p>\n<p>&nbsp;<\/p>\n<blockquote>\n<h3>LA PALLAVOLO BELLUNO PRONTA ALL&#8217;ESORDIO IN CAMPIONATO<\/h3>\n<\/blockquote>\n<p><strong><a href=\"https:\/\/www.radiopiu.net\/wordpress\/giornale-radiopiu-08-gennaio-2021-direttore-mirko-mezzacasa\/giovanni_candeago_riscaldamento\/\" rel=\"attachment wp-att-183528\"><img loading=\"lazy\" decoding=\"async\" class=\"size-medium wp-image-183528 alignleft\" src=\"https:\/\/www.radiopiu.net\/wordpress\/wp-content\/uploads\/2021\/01\/Giovanni_Candeago_riscaldamento-300x215.jpg\" alt=\"\" width=\"300\" height=\"215\" srcset=\"https:\/\/www.radiopiu.net\/wordpress\/wp-content\/uploads\/2021\/01\/Giovanni_Candeago_riscaldamento-300x215.jpg 300w, https:\/\/www.radiopiu.net\/wordpress\/wp-content\/uploads\/2021\/01\/Giovanni_Candeago_riscaldamento.jpg 748w\" sizes=\"auto, (max-width: 300px) 100vw, 300px\" \/><\/a>BELLUNO<\/strong> Si avvicina l\u2019esordio ufficiale. Anche per la Pallavolo Belluno, legata al marchio Da Rold Logistics. E impegnata nel campionato maschile di serie B: sabato 23 gennaio alle 18.30, i ragazzi di coach Diego Poletto saranno subito impegnati in trasferta contro il Volley Treviso. Il collettivo \u00e8 pronto. A cominciare da Giovanni Candeago: \u00ab<em>Abbiamo sfruttato al meglio il lungo periodo di preparazione &#8211; afferma lo schiacciatore -. La possibilit\u00e0 di allenarci regolarmente, senza restrizioni, si \u00e8 rivelata fondamentale. Siamo riusciti a lavorare bene e a limare qualche problematica. Anche se manca la controprova del confronto con gli avversar<\/em>i\u00bb. Confronto che, per\u00f2, \u00e8 alle porte. Covid permettendo: \u00ab<em>Non vediamo l\u2019ora di verificare i nostri progressi. Gli ultimi mesi non sono stati facili, soprattutto a livello mentale: tenere alta la concentrazione non \u00e8 cos\u00ec automatico, ma abbiamo cercato di incoraggiarci tra noi e di spingere sempre al massimo, durante le sedute in palestra. Siamo un gruppo unito. E vogliamo proseguire nel percorso di crescit<\/em>a\u00bb. Dopo aver studiato a lungo, sta per suonare la campanella. Tutti in aula &#8211; o meglio, sul parquet &#8211; per la verifica: \u00ab<em>Mi mancano parecchio la tensione dell\u2019avvicinamento alla gara, la componente agonistica, le sfaccettature pre e post partita. Certe sensazioni si vivono solo quando in palio ci sono i 3 punti<\/em>\u00bb. Fondamentale, inoltre, il lavoro di coach Diego Poletto: \u00ab<em>Un grande allenatore, ha saputo riprendere in maniera rapida ed efficace quanto costruito fino allo scorso febbraio. Lavora tanto sul piano mentale. E con ogni singolo giocatore. Perch\u00e9 la \u201ctesta\u201d pu\u00f2 incidere sia in allenamento, sia in partita<\/em>\u00bb. Peccato che, alla ripresa del campionato, il De Mas sar\u00e0 vuoto: \u00ab<em>Nel nostro palazzetto difficilmente perdevamo. Il pubblico bellunese \u00e8 un\u2019arma in pi\u00f9. Ma ora quest\u2019arma dobbiamo essere noi stessi. Nella speranza che gli appassionati di volley possano tornare quanto prima sugli spalti<\/em>\u00bb.<\/p>\n<p>&nbsp;<\/p>\n<p>&nbsp;<\/p>\n<blockquote>\n<h3><strong>CON LO SLALOM DEL GRAN PRIX NET INSURANCE, AL VIA L\u2019ATTIVIT\u00c0 \u00a0RAGAZZI ALLIEVI DEL COMITATO VENETO FISI<\/strong><\/h3>\n<\/blockquote>\n<p><strong>MONTE CROCE<\/strong> Mercoled\u00ec 7 gennaio a Passo Monte Croce Comelico ha preso avvio l\u2019attivit\u00e0 regionale del Veneto. La prova d\u2019esordio \u00e8 stata dedicata allo sci alpino e, nello specifico, a uno slalom della\u00a0 circoscrizione Belluno Alta del Grand Prix Ragazzi Allievi. La gara di Padola \u00e8 stata organizzata dall\u2019Unione sportiva Valpadola. L\u2019organizzazione, e in particolare il suo presidente, Nicola De Martin\u00a0ha voluto dedicare la giornata di ripartenza dell&#8217;attivit\u00e0\u00a0 alla memoria di Andrea Puicher Soravia, giovane tecnico scomparso alcune settimane fa che in Veneto ha svolto la propria attivit\u00e0 giovanile e che tre stagioni fa era stato chiamato proprio alla guida delle squadre regionali del comitato. A imporsi nella graduatoria per societ\u00e0 \u00e8 stato lo Sci club Cortina davanti a Sci club Drusci\u00e9 Cortina e Sci club 18. A livello individuale i successi sono andati a Lucia Vecellio Oliva (Sci club Cortina) ed Edoardo Baldo (Sci club Cortina) nella categoria Allievi, Lucia Sartorelli (Ski team Sorapiss) e Clemente Lorenzo Gandini (Sci club Cortina) nella categoria Ragazzi.<\/p>\n","protected":false},"excerpt":{"rendered":"<p>AGORDO&#8230; AL FREDDO PER RICEVERE QUESTO NOTIZIARIO DIRETTAMENTE SUL TUO CELLULARE ISCRIVITI AL CANALE TELEGRAM \u201cRADIO PIU\u00a0 INFORMAZIONE&#8221; ATTENZIONE: LA NUOVA APP PER IOS-IPHONE https:\/\/apps.apple.com\/it\/app\/radio-pi%C3%B9-emittente-agordina\/id1515939845 ATTENZIONE: LA NUOVA APP RADIO\u00a0 PER ANDROID https:\/\/play.google.com\/store\/apps\/details?id=net.radiopiu.iniko\u00a0\u00a0\u00a0 &nbsp; Anas ha riaperto al transito la strada statale 51 \u201cdi Alemagna\u201d a Fadalto, nel comune di Vittorio Veneto, in provincia di&hellip;<\/p>\n","protected":false},"author":4,"featured_media":183644,"comment_status":"closed","ping_status":"closed","sticky":false,"template":"","format":"standard","meta":{"_monsterinsights_skip_tracking":false,"_monsterinsights_sitenote_active":false,"_monsterinsights_sitenote_note":"","_monsterinsights_sitenote_category":0,"footnotes":""},"categories":[1,51,86,49],"tags":[],"class_list":["post-183487","post","type-post","status-publish","format-standard","has-post-thumbnail","hentry","category-senza-categoria","category-evidenza-top","category-gr","category-news-18","category-1","category-51","category-86","category-49","description-off"],"img_url":"https:\/\/www.radiopiu.net\/wordpress\/wp-content\/uploads\/2021\/01\/1d9d085d-e5c2-49f5-8f77-7a812ea8cd22.jpg","_links":{"self":[{"href":"https:\/\/www.radiopiu.net\/wordpress\/wp-json\/wp\/v2\/posts\/183487","targetHints":{"allow":["GET"]}}],"collection":[{"href":"https:\/\/www.radiopiu.net\/wordpress\/wp-json\/wp\/v2\/posts"}],"about":[{"href":"https:\/\/www.radiopiu.net\/wordpress\/wp-json\/wp\/v2\/types\/post"}],"author":[{"embeddable":true,"href":"https:\/\/www.radiopiu.net\/wordpress\/wp-json\/wp\/v2\/users\/4"}],"replies":[{"embeddable":true,"href":"https:\/\/www.radiopiu.net\/wordpress\/wp-json\/wp\/v2\/comments?post=183487"}],"version-history":[{"count":0,"href":"https:\/\/www.radiopiu.net\/wordpress\/wp-json\/wp\/v2\/posts\/183487\/revisions"}],"wp:featuredmedia":[{"embeddable":true,"href":"https:\/\/www.radiopiu.net\/wordpress\/wp-json\/wp\/v2\/media\/183644"}],"wp:attachment":[{"href":"https:\/\/www.radiopiu.net\/wordpress\/wp-json\/wp\/v2\/media?parent=183487"}],"wp:term":[{"taxonomy":"category","embeddable":true,"href":"https:\/\/www.radiopiu.net\/wordpress\/wp-json\/wp\/v2\/categories?post=183487"},{"taxonomy":"post_tag","embeddable":true,"href":"https:\/\/www.radiopiu.net\/wordpress\/wp-json\/wp\/v2\/tags?post=183487"}],"curies":[{"name":"wp","href":"https:\/\/api.w.org\/{rel}","templated":true}]}}