{"id":183495,"date":"2021-01-07T05:42:14","date_gmt":"2021-01-07T04:42:14","guid":{"rendered":"https:\/\/www.radiopiu.net\/wordpress\/?p=183495"},"modified":"2021-01-08T06:08:47","modified_gmt":"2021-01-08T05:08:47","slug":"agordo-i-proprietari-di-cani-vincono-il-trofeo-del-lancio-del-sacchetto-merdino","status":"publish","type":"post","link":"https:\/\/www.radiopiu.net\/wordpress\/agordo-i-proprietari-di-cani-vincono-il-trofeo-del-lancio-del-sacchetto-merdino\/","title":{"rendered":"AGORDO: I PROPRIETARI DI CANI VINCONO IL TROFEO DEL LANCIO DEL SACCHETTO MERDINO"},"content":{"rendered":"<blockquote>\n<h3>INTERVENGONO GLI ADDETTI ALLA RACCOLTA, ALTRA LEZIONE DI SCARSA EDUCAZIONE CIVICA<\/h3>\n<\/blockquote>\n<p><strong>AGORDO<\/strong> La scarsa educazione dei proprietari di cani, nell&#8217;impossibilit\u00e0 di raggiungere il contenitore dei sacchetti delle cacche dei propri cani si \u00e8 assistitito negli ultimi giorni al lancio del sacchetto verso il bersaglio, e cos\u00ec i puzzolenti sacchetti colorati sono finiti in mezzo alla neve costringendo gli addetti alla raccolta rifiuti a metterci le mani e risolvere una situazione quando sarebbe stato molto pi\u00f9 semplice portarsi appresso il sacchettino fino a casa.<\/p>\n<p>IERI AD AGORDO&#8230;prima e dopo il lancio<\/p>\n<p><a href=\"https:\/\/www.radiopiu.net\/wordpress\/giornale-radiopiu-07-gennaio-2021-direttore-mirko-mezzacasa\/136064159_318794569394683_9212304866674415213_n\/\" rel=\"attachment wp-att-183493\"><img loading=\"lazy\" decoding=\"async\" class=\"alignnone size-medium wp-image-183493\" src=\"https:\/\/www.radiopiu.net\/wordpress\/wp-content\/uploads\/2021\/01\/136064159_318794569394683_9212304866674415213_n-225x300.jpg\" alt=\"\" width=\"225\" height=\"300\" srcset=\"https:\/\/www.radiopiu.net\/wordpress\/wp-content\/uploads\/2021\/01\/136064159_318794569394683_9212304866674415213_n-225x300.jpg 225w, https:\/\/www.radiopiu.net\/wordpress\/wp-content\/uploads\/2021\/01\/136064159_318794569394683_9212304866674415213_n.jpg 480w\" sizes=\"auto, (max-width: 225px) 100vw, 225px\" \/><\/a><a href=\"https:\/\/www.radiopiu.net\/wordpress\/giornale-radiopiu-07-gennaio-2021-direttore-mirko-mezzacasa\/134670097_688812441780946_3994218254158382508_n\/\" rel=\"attachment wp-att-183494\"><img loading=\"lazy\" decoding=\"async\" class=\"alignnone size-medium wp-image-183494\" src=\"https:\/\/www.radiopiu.net\/wordpress\/wp-content\/uploads\/2021\/01\/134670097_688812441780946_3994218254158382508_n-225x300.jpg\" alt=\"\" width=\"225\" height=\"300\" srcset=\"https:\/\/www.radiopiu.net\/wordpress\/wp-content\/uploads\/2021\/01\/134670097_688812441780946_3994218254158382508_n-225x300.jpg 225w, https:\/\/www.radiopiu.net\/wordpress\/wp-content\/uploads\/2021\/01\/134670097_688812441780946_3994218254158382508_n.jpg 480w\" sizes=\"auto, (max-width: 225px) 100vw, 225px\" \/><\/a><\/p>\n<p>&nbsp;<\/p>\n","protected":false},"excerpt":{"rendered":"<p>INTERVENGONO GLI ADDETTI ALLA RACCOLTA, ALTRA LEZIONE DI SCARSA EDUCAZIONE CIVICA AGORDO La scarsa educazione dei proprietari di cani, nell&#8217;impossibilit\u00e0 di raggiungere il contenitore dei sacchetti delle cacche dei propri cani si \u00e8 assistitito negli ultimi giorni al lancio del sacchetto verso il bersaglio, e cos\u00ec i puzzolenti sacchetti colorati sono finiti in mezzo alla&hellip;<\/p>\n","protected":false},"author":4,"featured_media":183493,"comment_status":"closed","ping_status":"closed","sticky":false,"template":"","format":"standard","meta":{"_monsterinsights_skip_tracking":false,"_monsterinsights_sitenote_active":false,"_monsterinsights_sitenote_note":"","_monsterinsights_sitenote_category":0,"footnotes":""},"categories":[49],"tags":[],"class_list":["post-183495","post","type-post","status-publish","format-standard","has-post-thumbnail","hentry","category-news-18","category-49","description-off"],"img_url":"https:\/\/www.radiopiu.net\/wordpress\/wp-content\/uploads\/2021\/01\/136064159_318794569394683_9212304866674415213_n.jpg","_links":{"self":[{"href":"https:\/\/www.radiopiu.net\/wordpress\/wp-json\/wp\/v2\/posts\/183495","targetHints":{"allow":["GET"]}}],"collection":[{"href":"https:\/\/www.radiopiu.net\/wordpress\/wp-json\/wp\/v2\/posts"}],"about":[{"href":"https:\/\/www.radiopiu.net\/wordpress\/wp-json\/wp\/v2\/types\/post"}],"author":[{"embeddable":true,"href":"https:\/\/www.radiopiu.net\/wordpress\/wp-json\/wp\/v2\/users\/4"}],"replies":[{"embeddable":true,"href":"https:\/\/www.radiopiu.net\/wordpress\/wp-json\/wp\/v2\/comments?post=183495"}],"version-history":[{"count":0,"href":"https:\/\/www.radiopiu.net\/wordpress\/wp-json\/wp\/v2\/posts\/183495\/revisions"}],"wp:featuredmedia":[{"embeddable":true,"href":"https:\/\/www.radiopiu.net\/wordpress\/wp-json\/wp\/v2\/media\/183493"}],"wp:attachment":[{"href":"https:\/\/www.radiopiu.net\/wordpress\/wp-json\/wp\/v2\/media?parent=183495"}],"wp:term":[{"taxonomy":"category","embeddable":true,"href":"https:\/\/www.radiopiu.net\/wordpress\/wp-json\/wp\/v2\/categories?post=183495"},{"taxonomy":"post_tag","embeddable":true,"href":"https:\/\/www.radiopiu.net\/wordpress\/wp-json\/wp\/v2\/tags?post=183495"}],"curies":[{"name":"wp","href":"https:\/\/api.w.org\/{rel}","templated":true}]}}