{"id":183686,"date":"2021-01-08T12:54:11","date_gmt":"2021-01-08T11:54:11","guid":{"rendered":"https:\/\/www.radiopiu.net\/wordpress\/?p=183686"},"modified":"2021-01-08T14:44:46","modified_gmt":"2021-01-08T13:44:46","slug":"da-marghera-il-punto-stampa-di-zaia","status":"publish","type":"post","link":"https:\/\/www.radiopiu.net\/wordpress\/da-marghera-il-punto-stampa-di-zaia\/","title":{"rendered":"&#8220;ZONA ROSSA NO DI SICURO, GIALLO E ARANCIO NON SO&#8221;DA MARGHERA IL PUNTO STAMPA DI ZAIA"},"content":{"rendered":"<p><strong>VENEZIA<\/strong>\u00a0in diretta da Marghera il presidente del Veneto Luca zaia far\u00e0 il punto sull&#8217;emergenza Covid-19.<\/p>\n<p><strong>I NUMERI TAMPONI MOLECOLARI\u00a0 3431018 TAMPONI RAPIDI 2047164 (totale in 24 ore 50.235 tamponi incidenza dei positivi del 6,74%) POSITIVI 3388 nelle ultime 24 ore. POSITIVI TOTALE 280.719 POSITIVI ATTUALI 90.951 RICOVERATI TOTALI 3345 IN TERAPIA INTENSIVA 387 (-2) IN AREA CRITICA 2958 (-22) DECESSI 7263 (+106)\u00a0 DIMESSI 11.611<\/strong><\/p>\n<p><span style=\"color: #ff0000;\"><strong>SONO ARRIVATE 48250 DOSI DI VACCINO,\u00a0 RIMANE IN MAGAZZINO IL\u00a0 24,70% DELLE SCORTE.\u00a0 \u00a0&#8220;Adesso iniziamo ad accantonare vaccini che non faremo subito e ci serviranno per i richiami&#8221;<\/strong><\/span><\/p>\n<blockquote>\n<h2>LEGGI LA CONFERENZA STAMPA DI LUCA ZAIA<\/h2>\n<p><strong><em>E SE ARRIVIAMO IN ZONA ROSSA? Ci rimettiamo alla decisioni dell&#8217;Istituto Superiore di Sanit\u00e0 se qualcuno lo trasforma in politico noi ci chiamiamo fuori.<\/em><\/strong><\/p><\/blockquote>\n<p>Da tre giorni le curve hanno un minimo di piega, ma non ci sentiamo di dire che questa \u00e8 una direzione e se \u00e8 una direzione va mantenuta, come la dieta sta alla bilancia. Oggi ci saranno le classificazioni che ancora non conosciamo, domenica scorsa come Governatori siamo stati convocati dal Governo e ci \u00e8 stato comunicato il pericolo imminente della terza ondata. Vale la pena vedere cosa succede in Europa e nel mondo. Noi ci affidiamo all&#8217;Istituto Superiore della Sanit\u00e0 nazionale dove hanno per ogni Regione dossier settimanali e quotidiani dove addirittura il singolo postiivo \u00e8 inquadrato con il codice fiscale ed esiste un report settimanale per ogni Regione, ci rimettiamo a quello che accadr\u00e0 con un Rt attorno a 1,02 con icidenza alta, vedremo quale sar\u00e0 la classificazione. <span style=\"color: #ff0000;\"><strong>Ho ragione di pensare che non si parler\u00e0 di zona rossa ma non so se gialla o arancione.<\/strong> <\/span>Ricordo che abbiamo fatto 20 giorni di restrizioni in Veneto. <strong>RISTORI<\/strong> sono fondamentali al di l\u00e0 della colorazione della zona va ristorato chiunque abbia fatto un sacrificio per la comunit\u00e0 e su questo siamo pronti ad appoggiare gli imprenditori e soprattutto vigilare.<strong> Il PD CHEDE PER IL VENETO LA ZONA ROSSA, A GARANZIA DI RISTORI ACCETTA QUESTA SCELTA?<\/strong> Noi ci affidiamo agli scienziati, all&#8217;Istituto Superiore della Sanit\u00e0, questa non \u00e8 una scelta politica ma sanitaria.\u00a0 Se con la scuola ci siamo confrontati con la comunit\u00e0 scientifica, sar\u00e0 oggi\u00a0 l&#8217;Istituto Superiore della Sanit\u00e0 a decidere la colorazione della zona. Inutile che ad ogni attribuzione di zona ci sia qualcuno che poi chiedere ulteriori ordinanze. Prendiamo atto anche se dolorosamente si tutte le scelte scientifiche, ascoltiamo L&#8217;Istituto Superiore di Sanit\u00e0 non i politici. <strong>DALL&#8217;EMILIA ROMAGNA L&#8217;IPOTESI VACCINI DI NOTTE<\/strong> Noi siamo pronti, nell&#8217;ultima riunione ho anche proposto di arrivare almeno fino a mezzanotte, ci vogliono i vaccini per farlo pero&#8217;. Siamo pronti da tempo per l&#8217;h24 ma ci vogliono i vaccini, oggi ne facciamo 7000 al giorno perch\u00e9 non ne abbiamo di pi\u00f9. Se si blocca la partita AstraZeneca il problema \u00e8 risolto, avremo tanti vaccini e faremo sessioni a tutte le ore per poter vaccinare. I numeri di Moderna sono infatti molto limitati. <strong>HA PARLATO DI OTTO VARIANTI DEL VIRUS, DUE VENETE IL VACCINO E&#8217; EFFICACE?<\/strong> Le varianti venete al momento sono solo venete, non sappiamo la ricaduta dal punto di vista epidemiologico delle varianti. Il vero problema \u00e8 la mutazione inglese molto pi\u00f9 contagiosa. Il virus di oggi non \u00e8 quello di marzo. <strong>TERAPIE INTENSIVE\u00a0<\/strong> Rispondo a chi fa sempre polemiche, sono state tutte comunicate al Ministero con relativa planimetria, alcune attivate altre attivabili. <strong>MOLTI CITTADINI AIRE (all&#8217;estero ndr.) VORREBBERO VACCINARSI<\/strong> Nessuno lascia a terra nessuno, lo faranno quando sar\u00e0 il loro turno sono cittadini italiani e verranno vaccinati in Italia.<\/p>\n<p><strong>ASSESSORE MANUELA LANZARIN\u00a0<\/strong> Grazie ai medici di famiglia che eseguono i tamponi. Luned\u00ec punto sulla possibile continuazione dell&#8217;accordo, valuteremo il coinvolgimento dei dottori nella fase vaccinale, per questo serviranno dosi sufficienti e un vaccino che non necessita catena del freddo complicata come quella attuale. Un&#8217;ottantina di Farmacie hanno aderito per fare i tamponi (su 1400) anche da qui estrapoleremo i numeri<strong> LIBERA PROFESSIONE<\/strong> Per decidere se ripartire dobbiamo attendere ancora una settimana per capire l&#8217;andamento negli ospedali.<strong> I MEDICI PENSIONATI RIENTRANO NELLA PRIMA FASE DELLA VACCINAZIONE?<\/strong> Solo se coinvolti in ambito lavorativo o richiamati. Cio\u00e8 sono pensionati come tutte le altre persone pensionate.<\/p>\n<p>&nbsp;<\/p>\n<p><a href=\"https:\/\/www.facebook.com\/zaiaufficiale\/videos\/253781009496854\">https:\/\/www.facebook.com\/zaiaufficiale\/videos\/253781009496854<\/a><\/p>\n<p>&nbsp;<\/p>\n<p>&nbsp;<\/p>\n<p>&nbsp;<\/p>\n","protected":false},"excerpt":{"rendered":"<p>VENEZIA\u00a0in diretta da Marghera il presidente del Veneto Luca zaia far\u00e0 il punto sull&#8217;emergenza Covid-19. I NUMERI TAMPONI MOLECOLARI\u00a0 3431018 TAMPONI RAPIDI 2047164 (totale in 24 ore 50.235 tamponi incidenza dei positivi del 6,74%) POSITIVI 3388 nelle ultime 24 ore. POSITIVI TOTALE 280.719 POSITIVI ATTUALI 90.951 RICOVERATI TOTALI 3345 IN TERAPIA INTENSIVA 387 (-2) IN&hellip;<\/p>\n","protected":false},"author":4,"featured_media":178309,"comment_status":"closed","ping_status":"closed","sticky":false,"template":"","format":"standard","meta":{"_monsterinsights_skip_tracking":false,"_monsterinsights_sitenote_active":false,"_monsterinsights_sitenote_note":"","_monsterinsights_sitenote_category":0,"footnotes":""},"categories":[51,49],"tags":[],"class_list":["post-183686","post","type-post","status-publish","format-standard","has-post-thumbnail","hentry","category-evidenza-top","category-news-18","category-51","category-49","description-off"],"img_url":"https:\/\/www.radiopiu.net\/wordpress\/wp-content\/uploads\/2020\/12\/ZAIA-CONF-STAMPA.png","_links":{"self":[{"href":"https:\/\/www.radiopiu.net\/wordpress\/wp-json\/wp\/v2\/posts\/183686","targetHints":{"allow":["GET"]}}],"collection":[{"href":"https:\/\/www.radiopiu.net\/wordpress\/wp-json\/wp\/v2\/posts"}],"about":[{"href":"https:\/\/www.radiopiu.net\/wordpress\/wp-json\/wp\/v2\/types\/post"}],"author":[{"embeddable":true,"href":"https:\/\/www.radiopiu.net\/wordpress\/wp-json\/wp\/v2\/users\/4"}],"replies":[{"embeddable":true,"href":"https:\/\/www.radiopiu.net\/wordpress\/wp-json\/wp\/v2\/comments?post=183686"}],"version-history":[{"count":0,"href":"https:\/\/www.radiopiu.net\/wordpress\/wp-json\/wp\/v2\/posts\/183686\/revisions"}],"wp:featuredmedia":[{"embeddable":true,"href":"https:\/\/www.radiopiu.net\/wordpress\/wp-json\/wp\/v2\/media\/178309"}],"wp:attachment":[{"href":"https:\/\/www.radiopiu.net\/wordpress\/wp-json\/wp\/v2\/media?parent=183686"}],"wp:term":[{"taxonomy":"category","embeddable":true,"href":"https:\/\/www.radiopiu.net\/wordpress\/wp-json\/wp\/v2\/categories?post=183686"},{"taxonomy":"post_tag","embeddable":true,"href":"https:\/\/www.radiopiu.net\/wordpress\/wp-json\/wp\/v2\/tags?post=183686"}],"curies":[{"name":"wp","href":"https:\/\/api.w.org\/{rel}","templated":true}]}}