{"id":183695,"date":"2021-01-08T12:17:23","date_gmt":"2021-01-08T11:17:23","guid":{"rendered":"https:\/\/www.radiopiu.net\/wordpress\/?p=183695"},"modified":"2021-01-08T12:17:23","modified_gmt":"2021-01-08T11:17:23","slug":"presepi-sotto-le-stelle","status":"publish","type":"post","link":"https:\/\/www.radiopiu.net\/wordpress\/presepi-sotto-le-stelle\/","title":{"rendered":"PRESEPI SOTTO LE STELLE"},"content":{"rendered":"<p><strong>con la collaborazione di Gabriele Riva.<\/strong><\/p>\n<p><strong><img loading=\"lazy\" decoding=\"async\" class=\"alignleft\" src=\"https:\/\/www.radiopiu.net\/wordpress\/wp-content\/uploads\/2021\/01\/3DCAF830-401C-4A2B-833C-4F809BA6B1A3.jpeg\" width=\"155\" height=\"253\" \/>VOLTAGO<\/strong> Sono di Ivano Borghese e di Emy e Sophie Dalla Porta i due presepi premiati alla prima edizione di \u201cPresepi sotto le stelle\u201d, il concorso organizzato a Voltago Agordino per cercare le pi\u00f9 belle \u201cNativit\u00e0 fatte in casa\u201d del paese. Inizialmente al concorso erano stati ammessi solamente i presepi allestiti all\u2019esterno delle abitazioni, questo per permettere a tutti di poterle ammirare, girivagando per stradine e viiuzze alle pendici dell\u2019Agner. In seguito, con l\u2019emanazione delle nuove regole anti-Covid che ristringevano di molto la libera circolazione, soprattutto durante il periodo natalizio, si \u00e8 pensato di estendere il contest anche ai presepi preparati all\u2019interno delle case. A questa prima edizione sono giunte venti iscrizioni, che fanno ben sperare per il proseguo della manifestazione anche per l\u2019anno venturo, quando &#8211; lo speriamo tutti &#8211; ci sar\u00e0 massima libert\u00e0 di movimento e azione e, per questo, il concorso torner\u00e0 alla originaria versione, con la partecipazione delle sole Nativit\u00e0 allestite all\u2019esterno delle abitazioni, ovvero \u201csotto le stelle\u201d. Due le categorie in gara quest\u2019anno: quella relativa al presepe pi\u00f9 bello e quella per il presepe pi\u00f9 originale. Per la prima sezione si \u00e8 distinta la Nativit\u00e0 di Ivano Borghese con questa motivazione: \u201cIl presepe, nonostante le contenute dimensioni, esprime e condensa in s\u00e9 un forte valore artistico e simbolico. La grotta, infatti, \u00e8 stata ricavata e scolpita a mano da una radice di albero schiantato da Vaia. L\u2019effige del viso di Cristo sofferente, rispecchia il dolore subito dal bosco e da tutti noi, in quei giorni disastrosi. Questa \u201cmorte\u201d assume ancor pi\u00f9 valore e significato perch\u00e9 accostata alla scena della Nativit\u00e0 che, invece, dona vita e speranza al mondo intero\u201d. Per la categoria Originalit\u00e0 il presepe di Emy e Sophie Dalla Porta ha convinto la giuria, con questa motivazione: \u201cIl presepe \u00e8 stato allestito sui rami di un vecchio melo a cui &#8211; come la nascita di Cristo dona a noi vita e speranza &#8211; ha inferto nuova linfa vitale. Inoltre, i personaggi del presepe, molti dei quali fatti a mano, sono separati e ben distanziati gli uni dagli altri, come &#8211; ci dicono le autrici &#8211; da regole anti-Covid; quindi un presepe anche virus-free!\u201d. Per Ivano e per Emy e Sophie spetta un premio importante, ma anche per tutti gli altri partecipanti un bel diploma di partecipazione \u00e8 in attesa di essere ritirato presso lo J\u00e4ger Bar, di fronte alla chiesa parrocchiale. A loro e a tutti gli altri, speriamo tanti, l\u2019appuntamento \u00e8 per il Natale 2021, con altre, nuove, belle e originali creazioni per \u201cPresepi sotto le stelle\u201d.<\/p>\n\n\t\t\t<style type='text\/css'>\n\t\t\t\t#gallery-1 {\n\t\t\t\t\tmargin: auto;\n\t\t\t\t}\n\t\t\t\t#gallery-1 .gallery-item {\n\t\t\t\t\tfloat: left;\n\t\t\t\t\tmargin-top: 10px;\n\t\t\t\t\ttext-align: center;\n\t\t\t\t\twidth: 50%;\n\t\t\t\t}\n\t\t\t\t#gallery-1 img {\n\t\t\t\t\tborder: 2px solid #cfcfcf;\n\t\t\t\t}\n\t\t\t\t#gallery-1 .gallery-caption {\n\t\t\t\t\tmargin-left: 0;\n\t\t\t\t}\n\t\t\t\t\/* see gallery_shortcode() in wp-includes\/media.php *\/\n\t\t\t<\/style>\n\t\t<div id='gallery-1' class='dt-gallery-container gallery galleryid-183695 gallery-columns-2 gallery-size-medium'><dl class='gallery-item'>\n\t\t\t\t<dt class='gallery-icon landscape'>\n\t\t\t\t\t<a class=\"rollover rollover-zoom dt-pswp-item\" title=\"6E80F1B6-88D1-4496-8961-B41D9369C58C\" data-dt-img-description=\"\" data-large_image_width=\"2560\" data-large_image_height=\"1920\"href='https:\/\/www.radiopiu.net\/wordpress\/wp-content\/uploads\/2021\/01\/6E80F1B6-88D1-4496-8961-B41D9369C58C-scaled.jpeg'><img loading=\"lazy\" decoding=\"async\" width=\"300\" height=\"225\" src=\"https:\/\/www.radiopiu.net\/wordpress\/wp-content\/uploads\/2021\/01\/6E80F1B6-88D1-4496-8961-B41D9369C58C-300x225.jpeg\" class=\"attachment-medium size-medium\" alt=\"\" srcset=\"https:\/\/www.radiopiu.net\/wordpress\/wp-content\/uploads\/2021\/01\/6E80F1B6-88D1-4496-8961-B41D9369C58C-300x225.jpeg 300w, https:\/\/www.radiopiu.net\/wordpress\/wp-content\/uploads\/2021\/01\/6E80F1B6-88D1-4496-8961-B41D9369C58C-1024x768.jpeg 1024w, https:\/\/www.radiopiu.net\/wordpress\/wp-content\/uploads\/2021\/01\/6E80F1B6-88D1-4496-8961-B41D9369C58C-768x576.jpeg 768w, https:\/\/www.radiopiu.net\/wordpress\/wp-content\/uploads\/2021\/01\/6E80F1B6-88D1-4496-8961-B41D9369C58C-1536x1152.jpeg 1536w, https:\/\/www.radiopiu.net\/wordpress\/wp-content\/uploads\/2021\/01\/6E80F1B6-88D1-4496-8961-B41D9369C58C-2048x1536.jpeg 2048w\" sizes=\"auto, (max-width: 300px) 100vw, 300px\" \/><\/a>\n\t\t\t\t<\/dt><\/dl><dl class='gallery-item'>\n\t\t\t\t<dt class='gallery-icon landscape'>\n\t\t\t\t\t<a class=\"rollover rollover-zoom dt-pswp-item\" title=\"3950BB2C-EE01-480F-AB0C-61768A2203A9\" data-dt-img-description=\"\" data-large_image_width=\"2560\" data-large_image_height=\"1920\"href='https:\/\/www.radiopiu.net\/wordpress\/wp-content\/uploads\/2021\/01\/3950BB2C-EE01-480F-AB0C-61768A2203A9-scaled.jpeg'><img loading=\"lazy\" decoding=\"async\" width=\"300\" height=\"225\" src=\"https:\/\/www.radiopiu.net\/wordpress\/wp-content\/uploads\/2021\/01\/3950BB2C-EE01-480F-AB0C-61768A2203A9-300x225.jpeg\" class=\"attachment-medium size-medium\" alt=\"\" srcset=\"https:\/\/www.radiopiu.net\/wordpress\/wp-content\/uploads\/2021\/01\/3950BB2C-EE01-480F-AB0C-61768A2203A9-300x225.jpeg 300w, https:\/\/www.radiopiu.net\/wordpress\/wp-content\/uploads\/2021\/01\/3950BB2C-EE01-480F-AB0C-61768A2203A9-1024x768.jpeg 1024w, https:\/\/www.radiopiu.net\/wordpress\/wp-content\/uploads\/2021\/01\/3950BB2C-EE01-480F-AB0C-61768A2203A9-768x576.jpeg 768w, https:\/\/www.radiopiu.net\/wordpress\/wp-content\/uploads\/2021\/01\/3950BB2C-EE01-480F-AB0C-61768A2203A9-1536x1152.jpeg 1536w, https:\/\/www.radiopiu.net\/wordpress\/wp-content\/uploads\/2021\/01\/3950BB2C-EE01-480F-AB0C-61768A2203A9-2048x1536.jpeg 2048w\" sizes=\"auto, (max-width: 300px) 100vw, 300px\" \/><\/a>\n\t\t\t\t<\/dt><\/dl><br style=\"clear: both\" \/><dl class='gallery-item'>\n\t\t\t\t<dt class='gallery-icon landscape'>\n\t\t\t\t\t<a class=\"rollover rollover-zoom dt-pswp-item\" title=\"F0F887E5-369B-446C-ACD1-E0EFAC010649\" data-dt-img-description=\"\" data-large_image_width=\"1597\" data-large_image_height=\"1150\"href='https:\/\/www.radiopiu.net\/wordpress\/wp-content\/uploads\/2021\/01\/F0F887E5-369B-446C-ACD1-E0EFAC010649.jpeg'><img loading=\"lazy\" decoding=\"async\" width=\"300\" height=\"216\" src=\"https:\/\/www.radiopiu.net\/wordpress\/wp-content\/uploads\/2021\/01\/F0F887E5-369B-446C-ACD1-E0EFAC010649-300x216.jpeg\" class=\"attachment-medium size-medium\" alt=\"\" srcset=\"https:\/\/www.radiopiu.net\/wordpress\/wp-content\/uploads\/2021\/01\/F0F887E5-369B-446C-ACD1-E0EFAC010649-300x216.jpeg 300w, https:\/\/www.radiopiu.net\/wordpress\/wp-content\/uploads\/2021\/01\/F0F887E5-369B-446C-ACD1-E0EFAC010649-1024x737.jpeg 1024w, https:\/\/www.radiopiu.net\/wordpress\/wp-content\/uploads\/2021\/01\/F0F887E5-369B-446C-ACD1-E0EFAC010649-768x553.jpeg 768w, https:\/\/www.radiopiu.net\/wordpress\/wp-content\/uploads\/2021\/01\/F0F887E5-369B-446C-ACD1-E0EFAC010649-1536x1106.jpeg 1536w, https:\/\/www.radiopiu.net\/wordpress\/wp-content\/uploads\/2021\/01\/F0F887E5-369B-446C-ACD1-E0EFAC010649.jpeg 1597w\" sizes=\"auto, (max-width: 300px) 100vw, 300px\" \/><\/a>\n\t\t\t\t<\/dt><\/dl><dl class='gallery-item'>\n\t\t\t\t<dt class='gallery-icon landscape'>\n\t\t\t\t\t<a class=\"rollover rollover-zoom dt-pswp-item\" title=\"22DC7A49-2F51-4B67-A03D-EA748EE47D6E\" data-dt-img-description=\"\" data-large_image_width=\"1652\" data-large_image_height=\"1054\"href='https:\/\/www.radiopiu.net\/wordpress\/wp-content\/uploads\/2021\/01\/22DC7A49-2F51-4B67-A03D-EA748EE47D6E.jpeg'><img loading=\"lazy\" decoding=\"async\" width=\"300\" height=\"191\" src=\"https:\/\/www.radiopiu.net\/wordpress\/wp-content\/uploads\/2021\/01\/22DC7A49-2F51-4B67-A03D-EA748EE47D6E-300x191.jpeg\" class=\"attachment-medium size-medium\" alt=\"\" srcset=\"https:\/\/www.radiopiu.net\/wordpress\/wp-content\/uploads\/2021\/01\/22DC7A49-2F51-4B67-A03D-EA748EE47D6E-300x191.jpeg 300w, https:\/\/www.radiopiu.net\/wordpress\/wp-content\/uploads\/2021\/01\/22DC7A49-2F51-4B67-A03D-EA748EE47D6E-1024x653.jpeg 1024w, https:\/\/www.radiopiu.net\/wordpress\/wp-content\/uploads\/2021\/01\/22DC7A49-2F51-4B67-A03D-EA748EE47D6E-768x490.jpeg 768w, https:\/\/www.radiopiu.net\/wordpress\/wp-content\/uploads\/2021\/01\/22DC7A49-2F51-4B67-A03D-EA748EE47D6E-1536x980.jpeg 1536w, https:\/\/www.radiopiu.net\/wordpress\/wp-content\/uploads\/2021\/01\/22DC7A49-2F51-4B67-A03D-EA748EE47D6E.jpeg 1652w\" sizes=\"auto, (max-width: 300px) 100vw, 300px\" \/><\/a>\n\t\t\t\t<\/dt><\/dl><br style=\"clear: both\" \/>\n\t\t\t<\/div>\n\n","protected":false},"excerpt":{"rendered":"<p>con la collaborazione di Gabriele Riva. VOLTAGO Sono di Ivano Borghese e di Emy e Sophie Dalla Porta i due presepi premiati alla prima edizione di \u201cPresepi sotto le stelle\u201d, il concorso organizzato a Voltago Agordino per cercare le pi\u00f9 belle \u201cNativit\u00e0 fatte in casa\u201d del paese. Inizialmente al concorso erano stati ammessi solamente i&hellip;<\/p>\n","protected":false},"author":4,"featured_media":183698,"comment_status":"closed","ping_status":"closed","sticky":false,"template":"","format":"standard","meta":{"_monsterinsights_skip_tracking":false,"_monsterinsights_sitenote_active":false,"_monsterinsights_sitenote_note":"","_monsterinsights_sitenote_category":0,"footnotes":""},"categories":[104,49],"tags":[],"class_list":["post-183695","post","type-post","status-publish","format-standard","has-post-thumbnail","hentry","category-evidenza_3","category-news-18","category-104","category-49","description-off"],"img_url":"https:\/\/www.radiopiu.net\/wordpress\/wp-content\/uploads\/2021\/01\/3950BB2C-EE01-480F-AB0C-61768A2203A9-scaled.jpeg","_links":{"self":[{"href":"https:\/\/www.radiopiu.net\/wordpress\/wp-json\/wp\/v2\/posts\/183695","targetHints":{"allow":["GET"]}}],"collection":[{"href":"https:\/\/www.radiopiu.net\/wordpress\/wp-json\/wp\/v2\/posts"}],"about":[{"href":"https:\/\/www.radiopiu.net\/wordpress\/wp-json\/wp\/v2\/types\/post"}],"author":[{"embeddable":true,"href":"https:\/\/www.radiopiu.net\/wordpress\/wp-json\/wp\/v2\/users\/4"}],"replies":[{"embeddable":true,"href":"https:\/\/www.radiopiu.net\/wordpress\/wp-json\/wp\/v2\/comments?post=183695"}],"version-history":[{"count":0,"href":"https:\/\/www.radiopiu.net\/wordpress\/wp-json\/wp\/v2\/posts\/183695\/revisions"}],"wp:featuredmedia":[{"embeddable":true,"href":"https:\/\/www.radiopiu.net\/wordpress\/wp-json\/wp\/v2\/media\/183698"}],"wp:attachment":[{"href":"https:\/\/www.radiopiu.net\/wordpress\/wp-json\/wp\/v2\/media?parent=183695"}],"wp:term":[{"taxonomy":"category","embeddable":true,"href":"https:\/\/www.radiopiu.net\/wordpress\/wp-json\/wp\/v2\/categories?post=183695"},{"taxonomy":"post_tag","embeddable":true,"href":"https:\/\/www.radiopiu.net\/wordpress\/wp-json\/wp\/v2\/tags?post=183695"}],"curies":[{"name":"wp","href":"https:\/\/api.w.org\/{rel}","templated":true}]}}