{"id":183732,"date":"2021-01-08T15:17:31","date_gmt":"2021-01-08T14:17:31","guid":{"rendered":"https:\/\/www.radiopiu.net\/wordpress\/?p=183732"},"modified":"2021-01-08T15:34:44","modified_gmt":"2021-01-08T14:34:44","slug":"veneto-in-zona-arancione-per-bond-la-beffa-per-il-turismo-invernale","status":"publish","type":"post","link":"https:\/\/www.radiopiu.net\/wordpress\/veneto-in-zona-arancione-per-bond-la-beffa-per-il-turismo-invernale\/","title":{"rendered":"VENETO IN ZONA ARANCIONE, PER BOND &#8220;LA BEFFA PER IL TURISMO INVERNALE, INTERVENGA LA REGIONE&#8221;"},"content":{"rendered":"<p><strong><img decoding=\"async\" class=\"alignleft\" src=\"https:\/\/www.radiopiu.net\/wordpress\/wp-content\/uploads\/2021\/01\/images-1.jpg\" \/>ROMA<\/strong> Dal giallo all&#8217;arancio, da domenica con il nuovo DPCM\u00a0 il Veneto cambia colore, per Bond si tratta di una beffa e sollecita i ristori, subito \u00e8 ufficiale. Ordinanza firmata dal ministero della Salute e rimarr\u00e0 in vigore fino a venerd\u00ec 15, oggi ultima giornata in zona gialla. In zona arancione ci si pu\u00f2 muovere liberamente, senza autocertificazione, soltanto all&#8217;interno del proprio comune e rispettando il coprifuoco, che rimane valido dalle 22 alle 5. \u00c8 invece vietato spostarsi al di fuori del proprio comune e della propria regione salvo che per comprovate necessit\u00e0 e motivi di lavoro, studio e salute.\u00a0 Rimane la deroga che consente di spostarsi dai comuni con popolazione inferiore a 5mila abitanti per una distanza non superiore a 30 km, ma senza la possibilit\u00e0 di raggiungere i capoluoghi di provincia. Possibile, inoltre, uscire per &#8220;raggiungere i figli minorenni presso l\u2019altro genitore o comunque presso l\u2019affidatario, oppure per condurli presso di s\u00e9, sono consentiti anche tra Comuni di aree differenti&#8221;. Bar, pub, ristoranti, gelaterie, pasticcerie possono effettuare solo servizi d&#8217;asporto &#8211; fino alle 22 &#8211; e a domicilio, senza limiti di orario. Permane, di conseguenza, anche il divieto di consumare cibo e bevande nella adiacenze dei locali. A poter aprire in area arancione sono invece i negozi di tutti i tipi, compresi i centri di estetica e i centri commerciali, che per\u00f2 saranno chiusi nei giorni festivi e prefestivi. Invariata con la zona arancione la situazione dei trasporti pubblici, sui quali permane il limite di capienza del 50%. Stessa cosa per l&#8217;ambito sportivo e culturale: rimangono chiusi teatri, cinema, piscine e palestre. \u00c8 invece possibile fare sport all&#8217;aria aperta e in solitaria. <span style=\"color: #ff6600;\"><strong>Nella zona arancione l&#8217;autocertificazione serve per spostarsi nelle ore del coprifuoco, dalle 22 alle 5, o fuori dal proprio comune e dalla propria regione, per ragioni di lavoro, salute o necessit\u00e0 e urgenza.<\/strong><\/span><\/p>\n<p><img loading=\"lazy\" decoding=\"async\" class=\"alignleft\" src=\"https:\/\/www.radiopiu.net\/wordpress\/wp-content\/uploads\/2021\/01\/images-1.jpg\" width=\"161\" height=\"161\" \/>Per Dario Bond Deputato di Forza Italia\u00a0 il cambio di colorazione e l&#8217;arancione calato sul Veneto \u00e8\u00a0 una beffa e sollecita i ristori, subito. <em>\u00abAdesso pi\u00f9 che mai servono indennizzi autentici per il mondo del turismo invernale. Oppure una parte importante del Paese chiuder\u00e0 senza nessuna possibilit\u00e0 di riaprire. Questo significa che difficilmente il 18 gennaio potranno aprire gli impianti di risalita e lo sci non partir\u00e0. Un\u2019autentica beffa per la montagna veneta e bellunese che sperava almeno nell\u2019ultima parte di gennaio e nel mese di febbraio per poter recuperare la chiusura natalizia. Cos\u00ec non sar\u00e0, a quanto pare. Le categorie chiedano lo stesso trattamento che la Regione Piemonte ha riservato agli operatori del turismo invernale, per esempio erogando un bonus da 2mila euro a ogni maestro di sci, e riservando misure speciali per albergatori e filiera turistica&#8221;<\/em><\/p>\n","protected":false},"excerpt":{"rendered":"<p>ROMA Dal giallo all&#8217;arancio, da domenica con il nuovo DPCM\u00a0 il Veneto cambia colore, per Bond si tratta di una beffa e sollecita i ristori, subito \u00e8 ufficiale. Ordinanza firmata dal ministero della Salute e rimarr\u00e0 in vigore fino a venerd\u00ec 15, oggi ultima giornata in zona gialla. In zona arancione ci si pu\u00f2 muovere&hellip;<\/p>\n","protected":false},"author":4,"featured_media":183733,"comment_status":"closed","ping_status":"closed","sticky":false,"template":"","format":"standard","meta":{"_monsterinsights_skip_tracking":false,"_monsterinsights_sitenote_active":false,"_monsterinsights_sitenote_note":"","_monsterinsights_sitenote_category":0,"footnotes":""},"categories":[51,49],"tags":[],"class_list":["post-183732","post","type-post","status-publish","format-standard","has-post-thumbnail","hentry","category-evidenza-top","category-news-18","category-51","category-49","description-off"],"img_url":"https:\/\/www.radiopiu.net\/wordpress\/wp-content\/uploads\/2021\/01\/images-1.jpg","_links":{"self":[{"href":"https:\/\/www.radiopiu.net\/wordpress\/wp-json\/wp\/v2\/posts\/183732","targetHints":{"allow":["GET"]}}],"collection":[{"href":"https:\/\/www.radiopiu.net\/wordpress\/wp-json\/wp\/v2\/posts"}],"about":[{"href":"https:\/\/www.radiopiu.net\/wordpress\/wp-json\/wp\/v2\/types\/post"}],"author":[{"embeddable":true,"href":"https:\/\/www.radiopiu.net\/wordpress\/wp-json\/wp\/v2\/users\/4"}],"replies":[{"embeddable":true,"href":"https:\/\/www.radiopiu.net\/wordpress\/wp-json\/wp\/v2\/comments?post=183732"}],"version-history":[{"count":0,"href":"https:\/\/www.radiopiu.net\/wordpress\/wp-json\/wp\/v2\/posts\/183732\/revisions"}],"wp:featuredmedia":[{"embeddable":true,"href":"https:\/\/www.radiopiu.net\/wordpress\/wp-json\/wp\/v2\/media\/183733"}],"wp:attachment":[{"href":"https:\/\/www.radiopiu.net\/wordpress\/wp-json\/wp\/v2\/media?parent=183732"}],"wp:term":[{"taxonomy":"category","embeddable":true,"href":"https:\/\/www.radiopiu.net\/wordpress\/wp-json\/wp\/v2\/categories?post=183732"},{"taxonomy":"post_tag","embeddable":true,"href":"https:\/\/www.radiopiu.net\/wordpress\/wp-json\/wp\/v2\/tags?post=183732"}],"curies":[{"name":"wp","href":"https:\/\/api.w.org\/{rel}","templated":true}]}}