{"id":183744,"date":"2021-01-09T05:53:21","date_gmt":"2021-01-09T04:53:21","guid":{"rendered":"https:\/\/www.radiopiu.net\/wordpress\/?p=183744"},"modified":"2021-01-09T05:54:08","modified_gmt":"2021-01-09T04:54:08","slug":"il-treno-delle-dolomiti-aspetti-del-passato","status":"publish","type":"post","link":"https:\/\/www.radiopiu.net\/wordpress\/il-treno-delle-dolomiti-aspetti-del-passato\/","title":{"rendered":"IL TRENO DELLE DOLOMITI, ASPETTI DEL PASSATO"},"content":{"rendered":"<p>&nbsp;<\/p>\n<blockquote>\n<h3><b>Ricerche e storia a cura di Alessandro Savio<\/b><\/h3>\n<\/blockquote>\n<p align=\"JUSTIFY\">Nei mesi scorsi si \u00e8 tanto parlato del treno delle dolomiti con una ipotesi avanzata dalla Regione Veneto per raggiungere Cortina in occasione delle olimpiadi invernali previste nella Conca Ampezzana nel prossimo 2026. L\u2019idea nasce nella riattivazione della tratta Calalzo- Cortina con un nuovo percorso a basso impatto ambientale per ridurre il traffico automobilistico e dotare il comprensorio dolomitico di una mobilit\u00e0 locale simile ai trenini , della Val Venosta e della Pusteria. Sono state proposte due soluzioni per il tracciato , da Calalzo attraverso la Valle del Boite , oppure per la Valle di Ansiei. Una terza soluzione possibile suggerita dal Comitato Agordino sarebbe ipotizzare un tracciato da Belluno per la Val Cordevole attraverso Agordo-Alleghe-San Vito di Cadore e Cortina. Senza entrare nel merito sulla fattibilit\u00e0 dell\u2019intervento, sui costi , n\u00e9 sui vari tracciati e neanche sulla idea che possa essere un sogno o una utopia , che lasceremo valutare ai pi\u00f9 accreditati esperti, tecnici e politici , vorremmo segnalare alcuni aspetti del passato e soffermarci su un documento storico ritrovato in una soffitta di Taibon Agordino. Si tratta di una antica <a href=\"https:\/\/www.radiopiu.net\/wordpress\/il-treno-delle-dolomiti-aspetti-del-passato\/f3fce131-a0fa-43df-8074-6866ad798385-2\/\" rel=\"attachment wp-att-183747\"><img loading=\"lazy\" decoding=\"async\" class=\"size-medium wp-image-183747 alignleft\" src=\"https:\/\/www.radiopiu.net\/wordpress\/wp-content\/uploads\/2021\/01\/f3fce131-a0fa-43df-8074-6866ad798385-1-234x300.jpg\" alt=\"\" width=\"234\" height=\"300\" srcset=\"https:\/\/www.radiopiu.net\/wordpress\/wp-content\/uploads\/2021\/01\/f3fce131-a0fa-43df-8074-6866ad798385-1-234x300.jpg 234w, https:\/\/www.radiopiu.net\/wordpress\/wp-content\/uploads\/2021\/01\/f3fce131-a0fa-43df-8074-6866ad798385-1-768x983.jpg 768w, https:\/\/www.radiopiu.net\/wordpress\/wp-content\/uploads\/2021\/01\/f3fce131-a0fa-43df-8074-6866ad798385-1.jpg 800w\" sizes=\"auto, (max-width: 234px) 100vw, 234px\" \/><\/a>CARTA FERROVIARIA DEL TRENTINO E REGIONI LIMITROFE in scala 1.500.000 fatta stampare dalle due societ\u00e0 : UNIONE TRENTINA PER IMPRESE ELETTRICHE \u2013 Trento \u2013 e SOCIETA\u2019 ANONIMA PER LE FERROVIE NELLE ALPI DOLOMITICHE \u2013 Belluno-. La litografia edita dalla famosa tipografia Scottoni e Vitti di Trento non \u00e8 datata ma presumibilmente si colloca nel periodo dei primi anni del \u201c900 e sicuramente antecedente alla prima guerra mondiale visti i confini statali e regionali. Essa indica il programma ferroviario nelle Alpi Orientali previsto dalle societ\u00e0 sopraindicate e precisamente : &#8211; Ferrovia a vapore esistente a scartamento normale fino a Belluno per via Feltre ( inaugurata nel 1886) &#8211; Ferrovia a vapore in progetto a scartamento normale : Belluno- Pieve di Cadore -Ferrovia elettrica in avanzata istruttoria tecnico-finanziaria: Belluno-Agordo e Pieve di Cadore-Cortina-Dobbiaco -Ferrovia elettrica in progetto :Agordo-Alleghe-Falcade-Passo S.Pellegrino-Moena -Ferrovia elettrica in progetto : Cortina-Arabba-Passo Camplongo-Corvara-Passo Gardena-Ortisei-Chiusa -Ferrovia elettrica in progetto : Arabba-Passo Pordoi-Canazei-Moena Un piano ed un progetto strategico veramente ambizioso quello improntato dalle due Societ\u00e0 Trentina e Bellunese, in quanto era stato previsto (oltre cento anni fa) di raggiungere con il treno quelle che sono diventate le pi\u00f9 note localit\u00e0 turistiche di montagna (Cortina-Arabba-Canazei-Moena-Corvara-Ortisei) con collegamento sia dalla dorsale del Brennero che dalla pianura Veneta. Inoltre raggiungere nel contempo anche i passi dolomitici ,per risolvere in maniera futuristica l\u2019attuale problema del traffico automobilistico e dell\u2019inquinamento. Ovviamente le idee poi si scontrano con i costi di realizzazione , di mantenimento delle infrastrutture e della difficolt\u00e0 oggettiva per i tracciati e per le pendenze. Nulla per\u00f2 \u00e8 impossibile , basti pensare al trenino rosso del Bernina che \u00e8 diventato una attrattiva a livello mondiale. Dal documento si evince la priorit\u00e0 in avanzata istruttoria tecnico finanziaria delle tratte Bribano \u2013Agordo e Calalzo- Cortina,che in seguito sono state effettivamente realizzate. Come sappiamo il collegamento Bribano- Agordo fortemente voluto dalla societ\u00e0 Montecatini che gestiva le miniere di Valle Imperina fu realizzata per facilitare il trasporto del minerale , blenda,galena e soprattutto la calcopirite dalla quale veniva prodotto il rame utilizzato a Venezia per il rivestimento delle navi ed in un secondo periodo usata per le aziende chimiche. Il tratto di ferrovia a scartamento standard venne realizzato dalla S.A.I.F. Societ\u00e0 Anonima Industriale Ferroviaria. I lavori furono iniziati nel 1922 ed il nuovo tratto fu inaugurato con una grande cerimonia il 11 gennaio 1925, alla presenza di Notabili, autorit\u00e0 civili e religiose ed una grande folla di popolazione Agordina. Oltre che al trasporto delle merci fu importante anche per il trasporto dei passeggeri e per lo sviluppo economico e turistico della Val Cordevole. Il servizio venne definitivamente interrotto nel 1955 a causa della crisi dell\u2019estrazione del minerale di Valle Imperina e dell\u2019aumento del trasporto su gomma che prese il sopravvento sulle rotaie. Rimangono ancora alcune testimonianze come le gallerie dei Castei, alcuni \u201ccaselli\u201d delle varie stazioni di fermata e quel caratteristico edificio che ospita ancora al giorno d\u2019oggi il \u201cCaff\u00e8 alla Stazione\u201d situato in centro ad Agordo fra la sede delle Poste e la scuola elementare. Altra nota interessante a proposito di trasporto su rotaia in Agordino fu la \u201cDecauville\u201d, ferrovia a scartamento ridotto che nel periodo della Grande Guerra collegava Agordo con Caprile. Fu inventata dall\u2019ingegnere francese Paul Decauville (1846-1922).Tale ferrovia era caratterizzata da una estrema semplicit\u00e0 nelle operazioni di montaggio e smontaggio, un basso costo ed un minimo ingombro ( 60 cm tra le rotaie), inoltre il percorso doveva mantenere pendenze moderate e richiedeva minimi movimenti di terra o opere di sostegno. La trazione avveniva per mezzo di una piccola locomotiva con motore Disel e potenza di circa 20 Hp, e l\u2019aderenza dei dodici vagoncini veniva assicurata mediante spargimento di sabbia fine sulle rotaie immediatamente prima del passaggio delle ruote,distribuita in maniera semiautomatica da un carrello munito di tramoggia. La sabbia aveva una estrema importanza anche nella discesa per assicurare la frenata del piccolo convoglio che acquistava velocit\u00e0 per gravit\u00e0. La Decauville ebbe un ruolo fondamentale per il rifornimento di materiali e armamenti verso la prima linea del fronte durante la Grande Guerra. E quindi , dopo tutte queste considerazioni di carattere storico sui temi del passato , ma anche attuali, vedremo cosa ci riserver\u00e0 il futuro , se la ferrovia in Agordino sar\u00e0 solo un sogno oppure diventer\u00e0 realt\u00e0. Per il momento possiamo solo accontentarci di guardare queste cartoline d\u2019epoca della nostra collezione privata , e ricordare quando il treno in Agordo arrivava davvero.<\/p>\n<blockquote>\n<h2 align=\"JUSTIFY\">COLLEZIONE CARTOLINE D&#8217;EPOCA, ARCHIVIO ALESSANDRO SAVIO<\/h2>\n<\/blockquote>\n\n\t\t\t<style type='text\/css'>\n\t\t\t\t#gallery-1 {\n\t\t\t\t\tmargin: auto;\n\t\t\t\t}\n\t\t\t\t#gallery-1 .gallery-item {\n\t\t\t\t\tfloat: left;\n\t\t\t\t\tmargin-top: 10px;\n\t\t\t\t\ttext-align: center;\n\t\t\t\t\twidth: 25%;\n\t\t\t\t}\n\t\t\t\t#gallery-1 img {\n\t\t\t\t\tborder: 2px solid #cfcfcf;\n\t\t\t\t}\n\t\t\t\t#gallery-1 .gallery-caption {\n\t\t\t\t\tmargin-left: 0;\n\t\t\t\t}\n\t\t\t\t\/* see gallery_shortcode() in wp-includes\/media.php *\/\n\t\t\t<\/style>\n\t\t<div id='gallery-1' class='dt-gallery-container gallery galleryid-183744 gallery-columns-4 gallery-size-medium'><dl class='gallery-item'>\n\t\t\t\t<dt class='gallery-icon portrait'>\n\t\t\t\t\t<a class=\"rollover rollover-zoom dt-pswp-item\" title=\"f3fce131-a0fa-43df-8074-6866ad798385\" data-dt-img-description=\"\" data-large_image_width=\"800\" data-large_image_height=\"1024\"href='https:\/\/www.radiopiu.net\/wordpress\/wp-content\/uploads\/2021\/01\/f3fce131-a0fa-43df-8074-6866ad798385-1.jpg'><img loading=\"lazy\" decoding=\"async\" width=\"234\" height=\"300\" src=\"https:\/\/www.radiopiu.net\/wordpress\/wp-content\/uploads\/2021\/01\/f3fce131-a0fa-43df-8074-6866ad798385-1-234x300.jpg\" class=\"attachment-medium size-medium\" alt=\"\" srcset=\"https:\/\/www.radiopiu.net\/wordpress\/wp-content\/uploads\/2021\/01\/f3fce131-a0fa-43df-8074-6866ad798385-1-234x300.jpg 234w, https:\/\/www.radiopiu.net\/wordpress\/wp-content\/uploads\/2021\/01\/f3fce131-a0fa-43df-8074-6866ad798385-1-768x983.jpg 768w, https:\/\/www.radiopiu.net\/wordpress\/wp-content\/uploads\/2021\/01\/f3fce131-a0fa-43df-8074-6866ad798385-1.jpg 800w\" sizes=\"auto, (max-width: 234px) 100vw, 234px\" \/><\/a>\n\t\t\t\t<\/dt><\/dl><dl class='gallery-item'>\n\t\t\t\t<dt class='gallery-icon landscape'>\n\t\t\t\t\t<a class=\"rollover rollover-zoom dt-pswp-item\" title=\"d1a85416-11ed-4ae8-b426-e6670c0dd819\" data-dt-img-description=\"\" data-large_image_width=\"1024\" data-large_image_height=\"649\"href='https:\/\/www.radiopiu.net\/wordpress\/wp-content\/uploads\/2021\/01\/d1a85416-11ed-4ae8-b426-e6670c0dd819.jpg'><img loading=\"lazy\" decoding=\"async\" width=\"300\" height=\"190\" src=\"https:\/\/www.radiopiu.net\/wordpress\/wp-content\/uploads\/2021\/01\/d1a85416-11ed-4ae8-b426-e6670c0dd819-300x190.jpg\" class=\"attachment-medium size-medium\" alt=\"\" aria-describedby=\"gallery-1-183748\" srcset=\"https:\/\/www.radiopiu.net\/wordpress\/wp-content\/uploads\/2021\/01\/d1a85416-11ed-4ae8-b426-e6670c0dd819-300x190.jpg 300w, https:\/\/www.radiopiu.net\/wordpress\/wp-content\/uploads\/2021\/01\/d1a85416-11ed-4ae8-b426-e6670c0dd819-768x487.jpg 768w, https:\/\/www.radiopiu.net\/wordpress\/wp-content\/uploads\/2021\/01\/d1a85416-11ed-4ae8-b426-e6670c0dd819.jpg 1024w\" sizes=\"auto, (max-width: 300px) 100vw, 300px\" \/><\/a>\n\t\t\t\t<\/dt>\n\t\t\t\t\t<dd class='wp-caption-text gallery-caption' id='gallery-1-183748'>\n\t\t\t\t\tListolade Rotaie della ferrovia &#8220;Decauville&#8221;\n\t\t\t\t\t<\/dd><\/dl><dl class='gallery-item'>\n\t\t\t\t<dt class='gallery-icon landscape'>\n\t\t\t\t\t<a class=\"rollover rollover-zoom dt-pswp-item\" title=\"740c0ecc-e5c1-4a00-87a1-68e755e9b052\" data-dt-img-description=\"\" data-large_image_width=\"1024\" data-large_image_height=\"762\"href='https:\/\/www.radiopiu.net\/wordpress\/wp-content\/uploads\/2021\/01\/740c0ecc-e5c1-4a00-87a1-68e755e9b052.jpg'><img loading=\"lazy\" decoding=\"async\" width=\"300\" height=\"223\" src=\"https:\/\/www.radiopiu.net\/wordpress\/wp-content\/uploads\/2021\/01\/740c0ecc-e5c1-4a00-87a1-68e755e9b052-300x223.jpg\" class=\"attachment-medium size-medium\" alt=\"\" aria-describedby=\"gallery-1-183749\" srcset=\"https:\/\/www.radiopiu.net\/wordpress\/wp-content\/uploads\/2021\/01\/740c0ecc-e5c1-4a00-87a1-68e755e9b052-300x223.jpg 300w, https:\/\/www.radiopiu.net\/wordpress\/wp-content\/uploads\/2021\/01\/740c0ecc-e5c1-4a00-87a1-68e755e9b052-768x572.jpg 768w, https:\/\/www.radiopiu.net\/wordpress\/wp-content\/uploads\/2021\/01\/740c0ecc-e5c1-4a00-87a1-68e755e9b052.jpg 1024w\" sizes=\"auto, (max-width: 300px) 100vw, 300px\" \/><\/a>\n\t\t\t\t<\/dt>\n\t\t\t\t\t<dd class='wp-caption-text gallery-caption' id='gallery-1-183749'>\n\t\t\t\t\tAgordo stazione ferroviaria\n\t\t\t\t\t<\/dd><\/dl><dl class='gallery-item'>\n\t\t\t\t<dt class='gallery-icon landscape'>\n\t\t\t\t\t<a class=\"rollover rollover-zoom dt-pswp-item\" title=\"73ea4108-7678-48e2-aa44-771f8094fb78\" data-dt-img-description=\"\" data-large_image_width=\"1024\" data-large_image_height=\"750\"href='https:\/\/www.radiopiu.net\/wordpress\/wp-content\/uploads\/2021\/01\/73ea4108-7678-48e2-aa44-771f8094fb78.jpg'><img loading=\"lazy\" decoding=\"async\" width=\"300\" height=\"220\" src=\"https:\/\/www.radiopiu.net\/wordpress\/wp-content\/uploads\/2021\/01\/73ea4108-7678-48e2-aa44-771f8094fb78-300x220.jpg\" class=\"attachment-medium size-medium\" alt=\"\" aria-describedby=\"gallery-1-183750\" srcset=\"https:\/\/www.radiopiu.net\/wordpress\/wp-content\/uploads\/2021\/01\/73ea4108-7678-48e2-aa44-771f8094fb78-300x220.jpg 300w, https:\/\/www.radiopiu.net\/wordpress\/wp-content\/uploads\/2021\/01\/73ea4108-7678-48e2-aa44-771f8094fb78-768x563.jpg 768w, https:\/\/www.radiopiu.net\/wordpress\/wp-content\/uploads\/2021\/01\/73ea4108-7678-48e2-aa44-771f8094fb78.jpg 1024w\" sizes=\"auto, (max-width: 300px) 100vw, 300px\" \/><\/a>\n\t\t\t\t<\/dt>\n\t\t\t\t\t<dd class='wp-caption-text gallery-caption' id='gallery-1-183750'>\n\t\t\t\t\tAgordo stazione ferroviaria\n\t\t\t\t\t<\/dd><\/dl><br style=\"clear: both\" \/><dl class='gallery-item'>\n\t\t\t\t<dt class='gallery-icon landscape'>\n\t\t\t\t\t<a class=\"rollover rollover-zoom dt-pswp-item\" title=\"60e66f8e-d2ee-470a-b88a-a2cc0cceda4c\" data-dt-img-description=\"\" data-large_image_width=\"1024\" data-large_image_height=\"762\"href='https:\/\/www.radiopiu.net\/wordpress\/wp-content\/uploads\/2021\/01\/60e66f8e-d2ee-470a-b88a-a2cc0cceda4c-1.jpg'><img loading=\"lazy\" decoding=\"async\" width=\"300\" height=\"223\" src=\"https:\/\/www.radiopiu.net\/wordpress\/wp-content\/uploads\/2021\/01\/60e66f8e-d2ee-470a-b88a-a2cc0cceda4c-1-300x223.jpg\" class=\"attachment-medium size-medium\" alt=\"\" aria-describedby=\"gallery-1-183753\" srcset=\"https:\/\/www.radiopiu.net\/wordpress\/wp-content\/uploads\/2021\/01\/60e66f8e-d2ee-470a-b88a-a2cc0cceda4c-1-300x223.jpg 300w, https:\/\/www.radiopiu.net\/wordpress\/wp-content\/uploads\/2021\/01\/60e66f8e-d2ee-470a-b88a-a2cc0cceda4c-1-768x572.jpg 768w, https:\/\/www.radiopiu.net\/wordpress\/wp-content\/uploads\/2021\/01\/60e66f8e-d2ee-470a-b88a-a2cc0cceda4c-1.jpg 1024w\" sizes=\"auto, (max-width: 300px) 100vw, 300px\" \/><\/a>\n\t\t\t\t<\/dt>\n\t\t\t\t\t<dd class='wp-caption-text gallery-caption' id='gallery-1-183753'>\n\t\t\t\t\tAgordo Stazione attuale Viale Sommariva\n\t\t\t\t\t<\/dd><\/dl><dl class='gallery-item'>\n\t\t\t\t<dt class='gallery-icon landscape'>\n\t\t\t\t\t<a class=\"rollover rollover-zoom dt-pswp-item\" title=\"5e331f76-1e5d-409b-8036-78151bc04ac9\" data-dt-img-description=\"\" data-large_image_width=\"1024\" data-large_image_height=\"767\"href='https:\/\/www.radiopiu.net\/wordpress\/wp-content\/uploads\/2021\/01\/5e331f76-1e5d-409b-8036-78151bc04ac9.jpg'><img loading=\"lazy\" decoding=\"async\" width=\"300\" height=\"225\" src=\"https:\/\/www.radiopiu.net\/wordpress\/wp-content\/uploads\/2021\/01\/5e331f76-1e5d-409b-8036-78151bc04ac9-300x225.jpg\" class=\"attachment-medium size-medium\" alt=\"\" aria-describedby=\"gallery-1-183755\" srcset=\"https:\/\/www.radiopiu.net\/wordpress\/wp-content\/uploads\/2021\/01\/5e331f76-1e5d-409b-8036-78151bc04ac9-300x225.jpg 300w, https:\/\/www.radiopiu.net\/wordpress\/wp-content\/uploads\/2021\/01\/5e331f76-1e5d-409b-8036-78151bc04ac9-768x575.jpg 768w, https:\/\/www.radiopiu.net\/wordpress\/wp-content\/uploads\/2021\/01\/5e331f76-1e5d-409b-8036-78151bc04ac9.jpg 1024w\" sizes=\"auto, (max-width: 300px) 100vw, 300px\" \/><\/a>\n\t\t\t\t<\/dt>\n\t\t\t\t\t<dd class='wp-caption-text gallery-caption' id='gallery-1-183755'>\n\t\t\t\t\tAgordo Stazione attuale Viale Sommariva\n\t\t\t\t\t<\/dd><\/dl><dl class='gallery-item'>\n\t\t\t\t<dt class='gallery-icon landscape'>\n\t\t\t\t\t<a class=\"rollover rollover-zoom dt-pswp-item\" title=\"fce25d2d-0d9f-43b0-9936-9a09fd268f86\" data-dt-img-description=\"\" data-large_image_width=\"1024\" data-large_image_height=\"764\"href='https:\/\/www.radiopiu.net\/wordpress\/wp-content\/uploads\/2021\/01\/fce25d2d-0d9f-43b0-9936-9a09fd268f86.jpg'><img loading=\"lazy\" decoding=\"async\" width=\"300\" height=\"224\" src=\"https:\/\/www.radiopiu.net\/wordpress\/wp-content\/uploads\/2021\/01\/fce25d2d-0d9f-43b0-9936-9a09fd268f86-300x224.jpg\" class=\"attachment-medium size-medium\" alt=\"\" aria-describedby=\"gallery-1-183751\" srcset=\"https:\/\/www.radiopiu.net\/wordpress\/wp-content\/uploads\/2021\/01\/fce25d2d-0d9f-43b0-9936-9a09fd268f86-300x224.jpg 300w, https:\/\/www.radiopiu.net\/wordpress\/wp-content\/uploads\/2021\/01\/fce25d2d-0d9f-43b0-9936-9a09fd268f86-768x573.jpg 768w, https:\/\/www.radiopiu.net\/wordpress\/wp-content\/uploads\/2021\/01\/fce25d2d-0d9f-43b0-9936-9a09fd268f86.jpg 1024w\" sizes=\"auto, (max-width: 300px) 100vw, 300px\" \/><\/a>\n\t\t\t\t<\/dt>\n\t\t\t\t\t<dd class='wp-caption-text gallery-caption' id='gallery-1-183751'>\n\t\t\t\t\tAgordo Caff\u00e8 alla stazione\n\t\t\t\t\t<\/dd><\/dl><dl class='gallery-item'>\n\t\t\t\t<dt class='gallery-icon landscape'>\n\t\t\t\t\t<a class=\"rollover rollover-zoom dt-pswp-item\" title=\"01165521-4632-4790-97c6-e41c0029cf85\" data-dt-img-description=\"\" data-large_image_width=\"1024\" data-large_image_height=\"769\"href='https:\/\/www.radiopiu.net\/wordpress\/wp-content\/uploads\/2021\/01\/01165521-4632-4790-97c6-e41c0029cf85.jpg'><img loading=\"lazy\" decoding=\"async\" width=\"300\" height=\"225\" src=\"https:\/\/www.radiopiu.net\/wordpress\/wp-content\/uploads\/2021\/01\/01165521-4632-4790-97c6-e41c0029cf85-300x225.jpg\" class=\"attachment-medium size-medium\" alt=\"\" aria-describedby=\"gallery-1-183756\" srcset=\"https:\/\/www.radiopiu.net\/wordpress\/wp-content\/uploads\/2021\/01\/01165521-4632-4790-97c6-e41c0029cf85-300x225.jpg 300w, https:\/\/www.radiopiu.net\/wordpress\/wp-content\/uploads\/2021\/01\/01165521-4632-4790-97c6-e41c0029cf85-768x577.jpg 768w, https:\/\/www.radiopiu.net\/wordpress\/wp-content\/uploads\/2021\/01\/01165521-4632-4790-97c6-e41c0029cf85.jpg 1024w\" sizes=\"auto, (max-width: 300px) 100vw, 300px\" \/><\/a>\n\t\t\t\t<\/dt>\n\t\t\t\t\t<dd class='wp-caption-text gallery-caption' id='gallery-1-183756'>\n\t\t\t\t\tImbocco galleria Ponte Alto Nord\n\t\t\t\t\t<\/dd><\/dl><br style=\"clear: both\" \/><dl class='gallery-item'>\n\t\t\t\t<dt class='gallery-icon landscape'>\n\t\t\t\t\t<a class=\"rollover rollover-zoom dt-pswp-item\" title=\"445321af-2309-4f7a-99d5-2b0dc18c17c3\" data-dt-img-description=\"\" data-large_image_width=\"1024\" data-large_image_height=\"695\"href='https:\/\/www.radiopiu.net\/wordpress\/wp-content\/uploads\/2021\/01\/445321af-2309-4f7a-99d5-2b0dc18c17c3.jpg'><img loading=\"lazy\" decoding=\"async\" width=\"300\" height=\"204\" src=\"https:\/\/www.radiopiu.net\/wordpress\/wp-content\/uploads\/2021\/01\/445321af-2309-4f7a-99d5-2b0dc18c17c3-300x204.jpg\" class=\"attachment-medium size-medium\" alt=\"\" aria-describedby=\"gallery-1-183757\" srcset=\"https:\/\/www.radiopiu.net\/wordpress\/wp-content\/uploads\/2021\/01\/445321af-2309-4f7a-99d5-2b0dc18c17c3-300x204.jpg 300w, https:\/\/www.radiopiu.net\/wordpress\/wp-content\/uploads\/2021\/01\/445321af-2309-4f7a-99d5-2b0dc18c17c3-768x521.jpg 768w, https:\/\/www.radiopiu.net\/wordpress\/wp-content\/uploads\/2021\/01\/445321af-2309-4f7a-99d5-2b0dc18c17c3.jpg 1024w\" sizes=\"auto, (max-width: 300px) 100vw, 300px\" \/><\/a>\n\t\t\t\t<\/dt>\n\t\t\t\t\t<dd class='wp-caption-text gallery-caption' id='gallery-1-183757'>\n\t\t\t\t\t11.1.1925 Agordo inaugurazione ferrovia.        Il Vescovo di Belluno Giosu\u00e8 Cattarossi\n\t\t\t\t\t<\/dd><\/dl><dl class='gallery-item'>\n\t\t\t\t<dt class='gallery-icon landscape'>\n\t\t\t\t\t<a class=\"rollover rollover-zoom dt-pswp-item\" title=\"24535eec-b3cb-4dcf-b991-f355154d7858\" data-dt-img-description=\"\" data-large_image_width=\"1024\" data-large_image_height=\"740\"href='https:\/\/www.radiopiu.net\/wordpress\/wp-content\/uploads\/2021\/01\/24535eec-b3cb-4dcf-b991-f355154d7858.jpg'><img loading=\"lazy\" decoding=\"async\" width=\"300\" height=\"217\" src=\"https:\/\/www.radiopiu.net\/wordpress\/wp-content\/uploads\/2021\/01\/24535eec-b3cb-4dcf-b991-f355154d7858-300x217.jpg\" class=\"attachment-medium size-medium\" alt=\"\" aria-describedby=\"gallery-1-183758\" srcset=\"https:\/\/www.radiopiu.net\/wordpress\/wp-content\/uploads\/2021\/01\/24535eec-b3cb-4dcf-b991-f355154d7858-300x217.jpg 300w, https:\/\/www.radiopiu.net\/wordpress\/wp-content\/uploads\/2021\/01\/24535eec-b3cb-4dcf-b991-f355154d7858-768x555.jpg 768w, https:\/\/www.radiopiu.net\/wordpress\/wp-content\/uploads\/2021\/01\/24535eec-b3cb-4dcf-b991-f355154d7858.jpg 1024w\" sizes=\"auto, (max-width: 300px) 100vw, 300px\" \/><\/a>\n\t\t\t\t<\/dt>\n\t\t\t\t\t<dd class='wp-caption-text gallery-caption' id='gallery-1-183758'>\n\t\t\t\t\tNotabili e autorit\u00e0 all&#8217;inaugurazione\n\t\t\t\t\t<\/dd><\/dl><dl class='gallery-item'>\n\t\t\t\t<dt class='gallery-icon landscape'>\n\t\t\t\t\t<a class=\"rollover rollover-zoom dt-pswp-item\" title=\"66ef5d13-5614-4a11-8166-0c59b54cb0b3\" data-dt-img-description=\"\" data-large_image_width=\"1024\" data-large_image_height=\"737\"href='https:\/\/www.radiopiu.net\/wordpress\/wp-content\/uploads\/2021\/01\/66ef5d13-5614-4a11-8166-0c59b54cb0b3.jpg'><img loading=\"lazy\" decoding=\"async\" width=\"300\" height=\"216\" src=\"https:\/\/www.radiopiu.net\/wordpress\/wp-content\/uploads\/2021\/01\/66ef5d13-5614-4a11-8166-0c59b54cb0b3-300x216.jpg\" class=\"attachment-medium size-medium\" alt=\"\" aria-describedby=\"gallery-1-183759\" srcset=\"https:\/\/www.radiopiu.net\/wordpress\/wp-content\/uploads\/2021\/01\/66ef5d13-5614-4a11-8166-0c59b54cb0b3-300x216.jpg 300w, https:\/\/www.radiopiu.net\/wordpress\/wp-content\/uploads\/2021\/01\/66ef5d13-5614-4a11-8166-0c59b54cb0b3-768x553.jpg 768w, https:\/\/www.radiopiu.net\/wordpress\/wp-content\/uploads\/2021\/01\/66ef5d13-5614-4a11-8166-0c59b54cb0b3.jpg 1024w\" sizes=\"auto, (max-width: 300px) 100vw, 300px\" \/><\/a>\n\t\t\t\t<\/dt>\n\t\t\t\t\t<dd class='wp-caption-text gallery-caption' id='gallery-1-183759'>\n\t\t\t\t\tFolla sul Broi\n\t\t\t\t\t<\/dd><\/dl><dl class='gallery-item'>\n\t\t\t\t<dt class='gallery-icon landscape'>\n\t\t\t\t\t<a class=\"rollover rollover-zoom dt-pswp-item\" title=\"8c0de30e-d8a9-4602-a471-923eed31e373\" data-dt-img-description=\"\" data-large_image_width=\"1024\" data-large_image_height=\"778\"href='https:\/\/www.radiopiu.net\/wordpress\/wp-content\/uploads\/2021\/01\/8c0de30e-d8a9-4602-a471-923eed31e373.jpg'><img loading=\"lazy\" decoding=\"async\" width=\"300\" height=\"228\" src=\"https:\/\/www.radiopiu.net\/wordpress\/wp-content\/uploads\/2021\/01\/8c0de30e-d8a9-4602-a471-923eed31e373-300x228.jpg\" class=\"attachment-medium size-medium\" alt=\"\" aria-describedby=\"gallery-1-183760\" srcset=\"https:\/\/www.radiopiu.net\/wordpress\/wp-content\/uploads\/2021\/01\/8c0de30e-d8a9-4602-a471-923eed31e373-300x228.jpg 300w, https:\/\/www.radiopiu.net\/wordpress\/wp-content\/uploads\/2021\/01\/8c0de30e-d8a9-4602-a471-923eed31e373-768x584.jpg 768w, https:\/\/www.radiopiu.net\/wordpress\/wp-content\/uploads\/2021\/01\/8c0de30e-d8a9-4602-a471-923eed31e373.jpg 1024w\" sizes=\"auto, (max-width: 300px) 100vw, 300px\" \/><\/a>\n\t\t\t\t<\/dt>\n\t\t\t\t\t<dd class='wp-caption-text gallery-caption' id='gallery-1-183760'>\n\t\t\t\t\tL&#8217;arrivo del primo treno\n\t\t\t\t\t<\/dd><\/dl><br style=\"clear: both\" \/>\n\t\t\t<\/div>\n\n<p>&nbsp;<\/p>\n","protected":false},"excerpt":{"rendered":"<p>&nbsp; Ricerche e storia a cura di Alessandro Savio Nei mesi scorsi si \u00e8 tanto parlato del treno delle dolomiti con una ipotesi avanzata dalla Regione Veneto per raggiungere Cortina in occasione delle olimpiadi invernali previste nella Conca Ampezzana nel prossimo 2026. L\u2019idea nasce nella riattivazione della tratta Calalzo- Cortina con un nuovo percorso a&hellip;<\/p>\n","protected":false},"author":4,"featured_media":183759,"comment_status":"closed","ping_status":"closed","sticky":false,"template":"","format":"standard","meta":{"_monsterinsights_skip_tracking":false,"_monsterinsights_sitenote_active":false,"_monsterinsights_sitenote_note":"","_monsterinsights_sitenote_category":0,"footnotes":""},"categories":[104,49],"tags":[],"class_list":["post-183744","post","type-post","status-publish","format-standard","has-post-thumbnail","hentry","category-evidenza_3","category-news-18","category-104","category-49","description-off"],"img_url":"https:\/\/www.radiopiu.net\/wordpress\/wp-content\/uploads\/2021\/01\/66ef5d13-5614-4a11-8166-0c59b54cb0b3.jpg","_links":{"self":[{"href":"https:\/\/www.radiopiu.net\/wordpress\/wp-json\/wp\/v2\/posts\/183744","targetHints":{"allow":["GET"]}}],"collection":[{"href":"https:\/\/www.radiopiu.net\/wordpress\/wp-json\/wp\/v2\/posts"}],"about":[{"href":"https:\/\/www.radiopiu.net\/wordpress\/wp-json\/wp\/v2\/types\/post"}],"author":[{"embeddable":true,"href":"https:\/\/www.radiopiu.net\/wordpress\/wp-json\/wp\/v2\/users\/4"}],"replies":[{"embeddable":true,"href":"https:\/\/www.radiopiu.net\/wordpress\/wp-json\/wp\/v2\/comments?post=183744"}],"version-history":[{"count":0,"href":"https:\/\/www.radiopiu.net\/wordpress\/wp-json\/wp\/v2\/posts\/183744\/revisions"}],"wp:featuredmedia":[{"embeddable":true,"href":"https:\/\/www.radiopiu.net\/wordpress\/wp-json\/wp\/v2\/media\/183759"}],"wp:attachment":[{"href":"https:\/\/www.radiopiu.net\/wordpress\/wp-json\/wp\/v2\/media?parent=183744"}],"wp:term":[{"taxonomy":"category","embeddable":true,"href":"https:\/\/www.radiopiu.net\/wordpress\/wp-json\/wp\/v2\/categories?post=183744"},{"taxonomy":"post_tag","embeddable":true,"href":"https:\/\/www.radiopiu.net\/wordpress\/wp-json\/wp\/v2\/tags?post=183744"}],"curies":[{"name":"wp","href":"https:\/\/api.w.org\/{rel}","templated":true}]}}