{"id":183823,"date":"2021-01-08T19:25:47","date_gmt":"2021-01-08T18:25:47","guid":{"rendered":"https:\/\/www.radiopiu.net\/wordpress\/?p=183823"},"modified":"2021-01-08T19:26:07","modified_gmt":"2021-01-08T18:26:07","slug":"soccorsi-scialpinisti-in-difficolta","status":"publish","type":"post","link":"https:\/\/www.radiopiu.net\/wordpress\/soccorsi-scialpinisti-in-difficolta\/","title":{"rendered":"SOCCORSI SCIALPINISTI IN DIFFICOLT\u00c0\u00a0"},"content":{"rendered":"<p><strong><img loading=\"lazy\" decoding=\"async\" class=\"alignleft\" src=\"https:\/\/www.radiopiu.net\/wordpress\/wp-content\/uploads\/2021\/01\/salt_20210103_184327_536.jpg\" width=\"208\" height=\"156\" \/>CORTINA\u00a0<\/strong> \u00a0Alle 15.45 la Centrale del Suem ha allertato il Soccorso alpino di Cortina per due scialpinisti in difficolt\u00e0. Partiti alle 9 dal parcheggio del Lago di Pianozes, i due quarantenni italiani residenti in Germania, di cui uno alla prima esperienza con le pelli, erano diretti al Rifugio Palmieri passando per il Becco d&#8217;Ajal e rientro. Dopo un lungo giro per\u00f2, avevano rotto le pelli, si erano persi e non erano pi\u00f9 in grado di tornare indietro. Una squadra del Sagf \u00e8 partita da Pezi\u00e8 de Par\u00f9 e, sci ai piedi, li ha individuati dalle coordinate in localit\u00e0 Cason del Macaron e raggiunti in una mezz&#8217;ora, per poi riaccompagnarli al parcheggio.<\/p>\n","protected":false},"excerpt":{"rendered":"<p>CORTINA\u00a0 \u00a0Alle 15.45 la Centrale del Suem ha allertato il Soccorso alpino di Cortina per due scialpinisti in difficolt\u00e0. Partiti alle 9 dal parcheggio del Lago di Pianozes, i due quarantenni italiani residenti in Germania, di cui uno alla prima esperienza con le pelli, erano diretti al Rifugio Palmieri passando per il Becco d&#8217;Ajal e&hellip;<\/p>\n","protected":false},"author":4,"featured_media":182939,"comment_status":"closed","ping_status":"closed","sticky":false,"template":"","format":"standard","meta":{"_monsterinsights_skip_tracking":false,"_monsterinsights_sitenote_active":false,"_monsterinsights_sitenote_note":"","_monsterinsights_sitenote_category":0,"footnotes":""},"categories":[51,49],"tags":[],"class_list":["post-183823","post","type-post","status-publish","format-standard","has-post-thumbnail","hentry","category-evidenza-top","category-news-18","category-51","category-49","description-off"],"img_url":"https:\/\/www.radiopiu.net\/wordpress\/wp-content\/uploads\/2021\/01\/salt_20210103_184327_536.jpg","_links":{"self":[{"href":"https:\/\/www.radiopiu.net\/wordpress\/wp-json\/wp\/v2\/posts\/183823","targetHints":{"allow":["GET"]}}],"collection":[{"href":"https:\/\/www.radiopiu.net\/wordpress\/wp-json\/wp\/v2\/posts"}],"about":[{"href":"https:\/\/www.radiopiu.net\/wordpress\/wp-json\/wp\/v2\/types\/post"}],"author":[{"embeddable":true,"href":"https:\/\/www.radiopiu.net\/wordpress\/wp-json\/wp\/v2\/users\/4"}],"replies":[{"embeddable":true,"href":"https:\/\/www.radiopiu.net\/wordpress\/wp-json\/wp\/v2\/comments?post=183823"}],"version-history":[{"count":0,"href":"https:\/\/www.radiopiu.net\/wordpress\/wp-json\/wp\/v2\/posts\/183823\/revisions"}],"wp:featuredmedia":[{"embeddable":true,"href":"https:\/\/www.radiopiu.net\/wordpress\/wp-json\/wp\/v2\/media\/182939"}],"wp:attachment":[{"href":"https:\/\/www.radiopiu.net\/wordpress\/wp-json\/wp\/v2\/media?parent=183823"}],"wp:term":[{"taxonomy":"category","embeddable":true,"href":"https:\/\/www.radiopiu.net\/wordpress\/wp-json\/wp\/v2\/categories?post=183823"},{"taxonomy":"post_tag","embeddable":true,"href":"https:\/\/www.radiopiu.net\/wordpress\/wp-json\/wp\/v2\/tags?post=183823"}],"curies":[{"name":"wp","href":"https:\/\/api.w.org\/{rel}","templated":true}]}}