{"id":183838,"date":"2021-01-09T05:15:12","date_gmt":"2021-01-09T04:15:12","guid":{"rendered":"https:\/\/www.radiopiu.net\/wordpress\/?p=183838"},"modified":"2021-01-09T05:15:13","modified_gmt":"2021-01-09T04:15:13","slug":"embraco-acc-pronti-alla-protesta","status":"publish","type":"post","link":"https:\/\/www.radiopiu.net\/wordpress\/embraco-acc-pronti-alla-protesta\/","title":{"rendered":"EMBRACO-ACC, PRONTI ALLA PROTESTA\u00a0\u00a0"},"content":{"rendered":"<p>&nbsp;<\/p>\n<blockquote>\n<h2><\/h2>\n<\/blockquote>\n<p>Subito un confronto o qualcuno vuole\u00a0 giocare sulla pelle dei lavoratori? L\u2019Ugl \u00e8 pronta a portare i dipendenti in piazza senza una convocazione urgente da parte della sottosegreteria.<\/p>\n<blockquote><p><em>\u201cVogliamo che il Governo dia risposte concrete ai lavoratori dell\u2019ex sito Embraco di Chiavari, di proclami e impegni disattesi oramai ne abbiamo sentito in abbondanza. La sottosegretaria Todde tempestivamente informi anche l\u2019Ugl se veramente sussistono dei fatti rassicuranti e cosa veramente il Governo sta facendo per trovare una soluzione che porti in breve tempo risorse economiche ad ACC necessarie per evadere gli ordini gi\u00e0 acquisti per il 2021 che ad oggi sono oltre 2,2 milioni di compressori\u201d.<\/em><\/p><\/blockquote>\n<p><a href=\"https:\/\/www.radiopiu.net\/wordpress\/?attachment_id=183837\" rel=\"attachment wp-att-183837\"><img loading=\"lazy\" decoding=\"async\" class=\" wp-image-183837 alignleft\" src=\"https:\/\/www.radiopiu.net\/wordpress\/wp-content\/uploads\/2021\/01\/Antonio-SPERA-Segretario-Nazionale-UGL-Metalmeccanici-262x300.jpg\" alt=\"\" width=\"186\" height=\"213\" srcset=\"https:\/\/www.radiopiu.net\/wordpress\/wp-content\/uploads\/2021\/01\/Antonio-SPERA-Segretario-Nazionale-UGL-Metalmeccanici-262x300.jpg 262w, https:\/\/www.radiopiu.net\/wordpress\/wp-content\/uploads\/2021\/01\/Antonio-SPERA-Segretario-Nazionale-UGL-Metalmeccanici.jpg 569w\" sizes=\"auto, (max-width: 186px) 100vw, 186px\" \/><\/a>Duro \u00e8 il commento del Segretario Nazionale dell\u2019Ugl Metalmeccanici, Antonio Spera per il quale, \u201ci lavoratori vogliono trasparenza sull\u2019impegno del Mise nel sostenere la realizzazione del progetto industriale Italcomp. <em>&#8220;Abbiamo chiesto un incontro urgente al Ministro Patuanelli per sapere perch\u00e9 ancora sussistono tali ritardi sulle autorizzazioni ai due siti, che come, gi\u00e0 pi\u00f9 volte sostenuto dall\u2019Ugl, entrerebbero a far parte di una newco ma ancora si continua a creare confusione tra i rappresentanti dei lavoratori. Abbiamo sottoposto dei quesiti \u2013 tuona forte Spera \u2013 a tutela dei 300 dipendenti dell\u2019ACC di Mel e dei 400 dell\u2019Ex Embraco di Chieri ma si apprende solo che in sordina il Governo, ancora acconsente ai vari sotterfugi e disattese della Commissione europea invece di farsi garante verso la stessa&#8221;.<\/em> Spera reitera l\u2019invito ad essere coinvolti dal Governo ribadendo\u00a0 di non volersi trovare a gestire un altro fallimento, come anni fa, quando tutti sapevano, ma nessuno parlava. <em>&#8220;Basta perdere tempo prezioso. Non si scherzi, non vorremo che i giochi vengano fatti a discapito dei 400 lavoratori del sito di Chiavari, la sottosegretaria Todde chiarisca con un confronto con il sindacato e lavoratori, sgombrando le parole su troppe rassicurazioni che lasciano molti dubbi&#8221;<\/em>.<\/p>\n<p>&nbsp;<\/p>\n","protected":false},"excerpt":{"rendered":"<p>&nbsp; Subito un confronto o qualcuno vuole\u00a0 giocare sulla pelle dei lavoratori? L\u2019Ugl \u00e8 pronta a portare i dipendenti in piazza senza una convocazione urgente da parte della sottosegreteria. \u201cVogliamo che il Governo dia risposte concrete ai lavoratori dell\u2019ex sito Embraco di Chiavari, di proclami e impegni disattesi oramai ne abbiamo sentito in abbondanza. La&hellip;<\/p>\n","protected":false},"author":4,"featured_media":183837,"comment_status":"closed","ping_status":"closed","sticky":false,"template":"","format":"standard","meta":{"_monsterinsights_skip_tracking":false,"_monsterinsights_sitenote_active":false,"_monsterinsights_sitenote_note":"","_monsterinsights_sitenote_category":0,"footnotes":""},"categories":[51,49],"tags":[],"class_list":["post-183838","post","type-post","status-publish","format-standard","has-post-thumbnail","hentry","category-evidenza-top","category-news-18","category-51","category-49","description-off"],"img_url":"https:\/\/www.radiopiu.net\/wordpress\/wp-content\/uploads\/2021\/01\/Antonio-SPERA-Segretario-Nazionale-UGL-Metalmeccanici.jpg","_links":{"self":[{"href":"https:\/\/www.radiopiu.net\/wordpress\/wp-json\/wp\/v2\/posts\/183838","targetHints":{"allow":["GET"]}}],"collection":[{"href":"https:\/\/www.radiopiu.net\/wordpress\/wp-json\/wp\/v2\/posts"}],"about":[{"href":"https:\/\/www.radiopiu.net\/wordpress\/wp-json\/wp\/v2\/types\/post"}],"author":[{"embeddable":true,"href":"https:\/\/www.radiopiu.net\/wordpress\/wp-json\/wp\/v2\/users\/4"}],"replies":[{"embeddable":true,"href":"https:\/\/www.radiopiu.net\/wordpress\/wp-json\/wp\/v2\/comments?post=183838"}],"version-history":[{"count":0,"href":"https:\/\/www.radiopiu.net\/wordpress\/wp-json\/wp\/v2\/posts\/183838\/revisions"}],"wp:featuredmedia":[{"embeddable":true,"href":"https:\/\/www.radiopiu.net\/wordpress\/wp-json\/wp\/v2\/media\/183837"}],"wp:attachment":[{"href":"https:\/\/www.radiopiu.net\/wordpress\/wp-json\/wp\/v2\/media?parent=183838"}],"wp:term":[{"taxonomy":"category","embeddable":true,"href":"https:\/\/www.radiopiu.net\/wordpress\/wp-json\/wp\/v2\/categories?post=183838"},{"taxonomy":"post_tag","embeddable":true,"href":"https:\/\/www.radiopiu.net\/wordpress\/wp-json\/wp\/v2\/tags?post=183838"}],"curies":[{"name":"wp","href":"https:\/\/api.w.org\/{rel}","templated":true}]}}