{"id":183840,"date":"2021-01-09T05:34:39","date_gmt":"2021-01-09T04:34:39","guid":{"rendered":"https:\/\/www.radiopiu.net\/wordpress\/?p=183840"},"modified":"2021-01-09T05:34:39","modified_gmt":"2021-01-09T04:34:39","slug":"snobbano-il-divieto-bloccati-due-tir-sulla-251","status":"publish","type":"post","link":"https:\/\/www.radiopiu.net\/wordpress\/snobbano-il-divieto-bloccati-due-tir-sulla-251\/","title":{"rendered":"SNOBBANO IL DIVIETO, BLOCCATI DUE TIR SULLA 251"},"content":{"rendered":"<p><strong>VAL DI ZOLDO<\/strong> Ieri sera\u00a0 la polizia locale e i\u00a0 Carabinieri, hanno intercettato due Tir carichi che stavano per attraversare la frana tra Longarone e Val di Zoldo dove \u00e8 stato istituito il senso unico alternato e il divieto di transito ai mezzi pesanti. <em>&#8220;Ovviamente sono stati fermati e fatti retrocedere fino a Mezzocanale &#8211; spiega il sindaco Camillo De Pellegrin &#8211; il limite di peso \u00e8 segnalato, massimo\u00a0 24 tonellate. Un tir carico ne pesa circa 41. L\u2019intervento \u00e8 stato possibile grazie all\u2019avviso di un residente che scendendo verso Belluno li ha intercettati. \u00c8 fondamentale impedire il transito a veicoli con peso superiore a quello consentito! Ogni segnalazione di buon senso \u00e8 utile ad evitare che la strada possa subire ulteriori danni e restare nuovamente chiusa alla viabilit\u00e0&#8221;.\u00a0<\/em><\/p>\n\n\t\t\t<style type='text\/css'>\n\t\t\t\t#gallery-1 {\n\t\t\t\t\tmargin: auto;\n\t\t\t\t}\n\t\t\t\t#gallery-1 .gallery-item {\n\t\t\t\t\tfloat: left;\n\t\t\t\t\tmargin-top: 10px;\n\t\t\t\t\ttext-align: center;\n\t\t\t\t\twidth: 33%;\n\t\t\t\t}\n\t\t\t\t#gallery-1 img {\n\t\t\t\t\tborder: 2px solid #cfcfcf;\n\t\t\t\t}\n\t\t\t\t#gallery-1 .gallery-caption {\n\t\t\t\t\tmargin-left: 0;\n\t\t\t\t}\n\t\t\t\t\/* see gallery_shortcode() in wp-includes\/media.php *\/\n\t\t\t<\/style>\n\t\t<div id='gallery-1' class='dt-gallery-container gallery galleryid-183840 gallery-columns-3 gallery-size-thumbnail'><dl class='gallery-item'>\n\t\t\t\t<dt class='gallery-icon portrait'>\n\t\t\t\t\t<a class=\"rollover rollover-zoom dt-pswp-item\" title=\"136733283_3571263692986970_2967182385016685162_n\" data-dt-img-description=\"\" data-large_image_width=\"449\" data-large_image_height=\"600\"href='https:\/\/www.radiopiu.net\/wordpress\/wp-content\/uploads\/2021\/01\/136733283_3571263692986970_2967182385016685162_n.jpg'><img loading=\"lazy\" decoding=\"async\" width=\"150\" height=\"150\" src=\"https:\/\/www.radiopiu.net\/wordpress\/wp-content\/uploads\/2021\/01\/136733283_3571263692986970_2967182385016685162_n-150x150.jpg\" class=\"attachment-thumbnail size-thumbnail\" alt=\"\" \/><\/a>\n\t\t\t\t<\/dt><\/dl><dl class='gallery-item'>\n\t\t\t\t<dt class='gallery-icon portrait'>\n\t\t\t\t\t<a class=\"rollover rollover-zoom dt-pswp-item\" title=\"136486816_3571263889653617_6143303403423429164_n\" data-dt-img-description=\"\" data-large_image_width=\"718\" data-large_image_height=\"960\"href='https:\/\/www.radiopiu.net\/wordpress\/wp-content\/uploads\/2021\/01\/136486816_3571263889653617_6143303403423429164_n.jpg'><img loading=\"lazy\" decoding=\"async\" width=\"150\" height=\"150\" src=\"https:\/\/www.radiopiu.net\/wordpress\/wp-content\/uploads\/2021\/01\/136486816_3571263889653617_6143303403423429164_n-150x150.jpg\" class=\"attachment-thumbnail size-thumbnail\" alt=\"\" \/><\/a>\n\t\t\t\t<\/dt><\/dl><dl class='gallery-item'>\n\t\t\t\t<dt class='gallery-icon portrait'>\n\t\t\t\t\t<a class=\"rollover rollover-zoom dt-pswp-item\" title=\"136684622_3571263806320292_4456069140603883932_n\" data-dt-img-description=\"\" data-large_image_width=\"338\" data-large_image_height=\"600\"href='https:\/\/www.radiopiu.net\/wordpress\/wp-content\/uploads\/2021\/01\/136684622_3571263806320292_4456069140603883932_n.jpg'><img loading=\"lazy\" decoding=\"async\" width=\"150\" height=\"150\" src=\"https:\/\/www.radiopiu.net\/wordpress\/wp-content\/uploads\/2021\/01\/136684622_3571263806320292_4456069140603883932_n-150x150.jpg\" class=\"attachment-thumbnail size-thumbnail\" alt=\"\" \/><\/a>\n\t\t\t\t<\/dt><\/dl><br style=\"clear: both\" \/>\n\t\t\t<\/div>\n\n<p>&nbsp;<\/p>\n<p>&nbsp;<\/p>\n","protected":false},"excerpt":{"rendered":"<p>VAL DI ZOLDO Ieri sera\u00a0 la polizia locale e i\u00a0 Carabinieri, hanno intercettato due Tir carichi che stavano per attraversare la frana tra Longarone e Val di Zoldo dove \u00e8 stato istituito il senso unico alternato e il divieto di transito ai mezzi pesanti. &#8220;Ovviamente sono stati fermati e fatti retrocedere fino a Mezzocanale &#8211;&hellip;<\/p>\n","protected":false},"author":4,"featured_media":183841,"comment_status":"closed","ping_status":"closed","sticky":false,"template":"","format":"standard","meta":{"_monsterinsights_skip_tracking":false,"_monsterinsights_sitenote_active":false,"_monsterinsights_sitenote_note":"","_monsterinsights_sitenote_category":0,"footnotes":""},"categories":[51,49],"tags":[],"class_list":["post-183840","post","type-post","status-publish","format-standard","has-post-thumbnail","hentry","category-evidenza-top","category-news-18","category-51","category-49","description-off"],"img_url":"https:\/\/www.radiopiu.net\/wordpress\/wp-content\/uploads\/2021\/01\/136733283_3571263692986970_2967182385016685162_n.jpg","_links":{"self":[{"href":"https:\/\/www.radiopiu.net\/wordpress\/wp-json\/wp\/v2\/posts\/183840","targetHints":{"allow":["GET"]}}],"collection":[{"href":"https:\/\/www.radiopiu.net\/wordpress\/wp-json\/wp\/v2\/posts"}],"about":[{"href":"https:\/\/www.radiopiu.net\/wordpress\/wp-json\/wp\/v2\/types\/post"}],"author":[{"embeddable":true,"href":"https:\/\/www.radiopiu.net\/wordpress\/wp-json\/wp\/v2\/users\/4"}],"replies":[{"embeddable":true,"href":"https:\/\/www.radiopiu.net\/wordpress\/wp-json\/wp\/v2\/comments?post=183840"}],"version-history":[{"count":0,"href":"https:\/\/www.radiopiu.net\/wordpress\/wp-json\/wp\/v2\/posts\/183840\/revisions"}],"wp:featuredmedia":[{"embeddable":true,"href":"https:\/\/www.radiopiu.net\/wordpress\/wp-json\/wp\/v2\/media\/183841"}],"wp:attachment":[{"href":"https:\/\/www.radiopiu.net\/wordpress\/wp-json\/wp\/v2\/media?parent=183840"}],"wp:term":[{"taxonomy":"category","embeddable":true,"href":"https:\/\/www.radiopiu.net\/wordpress\/wp-json\/wp\/v2\/categories?post=183840"},{"taxonomy":"post_tag","embeddable":true,"href":"https:\/\/www.radiopiu.net\/wordpress\/wp-json\/wp\/v2\/tags?post=183840"}],"curies":[{"name":"wp","href":"https:\/\/api.w.org\/{rel}","templated":true}]}}