{"id":183908,"date":"2021-01-09T11:39:46","date_gmt":"2021-01-09T10:39:46","guid":{"rendered":"https:\/\/www.radiopiu.net\/wordpress\/?p=183908"},"modified":"2021-01-09T11:39:46","modified_gmt":"2021-01-09T10:39:46","slug":"ubriaco-e-fastidioso-colleziona-denunce-e-sanzioni","status":"publish","type":"post","link":"https:\/\/www.radiopiu.net\/wordpress\/ubriaco-e-fastidioso-colleziona-denunce-e-sanzioni\/","title":{"rendered":"UBRIACO E FASTIDIOSO, COLLEZIONA DENUNCE E SANZIONI"},"content":{"rendered":"<div class=\"im_history_wrap nano has-scrollbar active-scrollbar\">\n<div class=\"im_history_scrollable_wrap nano-content\" tabindex=\"-1\">\n<div class=\"im_history_scrollable\">\n<div class=\"im_history im_history_selectable\">\n<div class=\"im_history_messages im_history_messages_group\">\n<div class=\"im_history_messages_peer\">\n<div class=\"im_history_message_wrap\">\n<div class=\"im_message_outer_wrap hasselect\" data-msg-id=\"16658\">\n<div class=\"im_message_wrap clearfix\">\n<div class=\"im_content_message_wrap im_message_in\">\n<div class=\"im_message_body\">\n<div>\n<div class=\"im_message_text\" dir=\"auto\"><strong>BELLUNO<\/strong> Ubriaco, senza adeguata protezione al covid 19 ed ha pure resistito alle legittime richieste dei Carabinieri di Santa Giustina che lo hanno fermato per accertamenti. E&#8217; dunque scattata la denuncia in stato di libert\u00e0 per resistenza a pubblico ufficiale, interruzione di pubblico servizio e ubriachezza. A mettersi in seri guai un ventenne a bordo dell&#8217;autobus diretto a Feltre da Belluno \u00e8 stato richiamato da un passeggero poich\u00e9 non indossava correttamente la mascherina. Anzich\u00e8 provvedere il giovane ha inveito contro i passeggeri. Un Carabiniere del Comando di Belluno passeggero dell&#8217;autobus ha intuito il possibile evolversi della situazione ed ha chiesto l&#8217;interveto di una pattuglia. Anche durante le operazioni di identificazione il ragazzo ha continuato a dare in escandescenze, tirate le somme oltre alla denuncia \u00e8 scattata anche la sanzione amministrativa per l&#8217;uso scorretto delle protezioni anti covid.<\/div>\n<\/div>\n<\/div>\n<\/div>\n<\/div>\n<\/div>\n<\/div>\n<\/div>\n<\/div>\n<\/div>\n<\/div>\n<\/div>\n<\/div>\n","protected":false},"excerpt":{"rendered":"<p>BELLUNO Ubriaco, senza adeguata protezione al covid 19 ed ha pure resistito alle legittime richieste dei Carabinieri di Santa Giustina che lo hanno fermato per accertamenti. E&#8217; dunque scattata la denuncia in stato di libert\u00e0 per resistenza a pubblico ufficiale, interruzione di pubblico servizio e ubriachezza. A mettersi in seri guai un ventenne a bordo&hellip;<\/p>\n","protected":false},"author":4,"featured_media":174603,"comment_status":"closed","ping_status":"closed","sticky":false,"template":"","format":"standard","meta":{"_monsterinsights_skip_tracking":false,"_monsterinsights_sitenote_active":false,"_monsterinsights_sitenote_note":"","_monsterinsights_sitenote_category":0,"footnotes":""},"categories":[51,49],"tags":[],"class_list":["post-183908","post","type-post","status-publish","format-standard","has-post-thumbnail","hentry","category-evidenza-top","category-news-18","category-51","category-49","description-off"],"img_url":"https:\/\/www.radiopiu.net\/wordpress\/wp-content\/uploads\/2020\/11\/ff410afc-8b0c-46c0-a4de-45a8768c3343.jpg","_links":{"self":[{"href":"https:\/\/www.radiopiu.net\/wordpress\/wp-json\/wp\/v2\/posts\/183908","targetHints":{"allow":["GET"]}}],"collection":[{"href":"https:\/\/www.radiopiu.net\/wordpress\/wp-json\/wp\/v2\/posts"}],"about":[{"href":"https:\/\/www.radiopiu.net\/wordpress\/wp-json\/wp\/v2\/types\/post"}],"author":[{"embeddable":true,"href":"https:\/\/www.radiopiu.net\/wordpress\/wp-json\/wp\/v2\/users\/4"}],"replies":[{"embeddable":true,"href":"https:\/\/www.radiopiu.net\/wordpress\/wp-json\/wp\/v2\/comments?post=183908"}],"version-history":[{"count":0,"href":"https:\/\/www.radiopiu.net\/wordpress\/wp-json\/wp\/v2\/posts\/183908\/revisions"}],"wp:featuredmedia":[{"embeddable":true,"href":"https:\/\/www.radiopiu.net\/wordpress\/wp-json\/wp\/v2\/media\/174603"}],"wp:attachment":[{"href":"https:\/\/www.radiopiu.net\/wordpress\/wp-json\/wp\/v2\/media?parent=183908"}],"wp:term":[{"taxonomy":"category","embeddable":true,"href":"https:\/\/www.radiopiu.net\/wordpress\/wp-json\/wp\/v2\/categories?post=183908"},{"taxonomy":"post_tag","embeddable":true,"href":"https:\/\/www.radiopiu.net\/wordpress\/wp-json\/wp\/v2\/tags?post=183908"}],"curies":[{"name":"wp","href":"https:\/\/api.w.org\/{rel}","templated":true}]}}