{"id":183915,"date":"2021-01-09T14:44:19","date_gmt":"2021-01-09T13:44:19","guid":{"rendered":"https:\/\/www.radiopiu.net\/wordpress\/?p=183915"},"modified":"2021-01-10T07:30:39","modified_gmt":"2021-01-10T06:30:39","slug":"valanga-in-val-travenanzes","status":"publish","type":"post","link":"https:\/\/www.radiopiu.net\/wordpress\/valanga-in-val-travenanzes\/","title":{"rendered":"VALANGA IN VAL TRAVENANZES, RECUPERATO SENZA VITA UNO SCIALPINISTA"},"content":{"rendered":"<p><strong><a href=\"https:\/\/www.radiopiu.net\/wordpress\/valanga-in-val-travenanzes-un-probabile-coinvolto\/salt_20210109_141106_055\/\" rel=\"attachment wp-att-183933\"><img loading=\"lazy\" decoding=\"async\" class=\"size-medium wp-image-183933 alignleft\" src=\"https:\/\/www.radiopiu.net\/wordpress\/wp-content\/uploads\/2021\/01\/salt_20210109_141106_055-225x300.jpg\" alt=\"\" width=\"225\" height=\"300\" srcset=\"https:\/\/www.radiopiu.net\/wordpress\/wp-content\/uploads\/2021\/01\/salt_20210109_141106_055-225x300.jpg 225w, https:\/\/www.radiopiu.net\/wordpress\/wp-content\/uploads\/2021\/01\/salt_20210109_141106_055-768x1024.jpg 768w, https:\/\/www.radiopiu.net\/wordpress\/wp-content\/uploads\/2021\/01\/salt_20210109_141106_055-1152x1536.jpg 1152w, https:\/\/www.radiopiu.net\/wordpress\/wp-content\/uploads\/2021\/01\/salt_20210109_141106_055-1536x2048.jpg 1536w, https:\/\/www.radiopiu.net\/wordpress\/wp-content\/uploads\/2021\/01\/salt_20210109_141106_055.jpg 1773w\" sizes=\"auto, (max-width: 225px) 100vw, 225px\" \/><\/a>CORTINA\u00a0<\/strong>\u00c8 stato rinvenuto sotto 80 centimetri di neve il corpo senza vita dello sciatore altoatesino travolto questa mattina da una valanga sopra la Val Travenanzes. L&#8217;uomo, Paolo Pitscheider, 50 anni, di Badia (BZ), era partito assieme a due amici da Capanna Alpina. I tre avevano risalito il Valon de Campestrin, erano arrivati in cima al Monte Cavallo e Casale e volevano scendere verso la Val Travenanzes. Poco sotto la cima, dalle prime informazioni, i due compagni sono scesi uno alla volta e, quando \u00e8 stato il suo turno, lo sciatore \u00e8 rimasto un poco pi\u00f9 alto, ha preso un cumulo di neve ventata ed \u00e8 caduto prendendo velocit\u00e0 sul distacco, che lo ha trascinato per circa 900 metri nel vallone a fianco di quello da cui avrebbero dovuto scendere. Scattato l&#8217;allarme passate le 11, seguendo le coordinate girate dagli amici che erano arrivati a met\u00e0 valanga, bloccati per\u00f2 da salti di roccia, l&#8217;elicottero del Suem di Pieve di Cadore ha raggiunto la slavina, si \u00e8 portato alla fine e ha iniziato a risalire dal basso la superficie in ricognizione. Poco dopo l&#8217;Artva dell&#8217;eliambulanza ha captato il segnale dello scialpinista. Sbarcati nelle vicinanze, tecnico di elisoccorso e unit\u00e0 cinofila hanno completato la ricerca e individuato il punto in cui si trovava, iniziando il sondaggio e la successiva estrazione dalla neve, mentre l&#8217;elicottero andava a imbarcare due soccorritori di Cortina e due dei Carabinieri. Sbarcato anche il personale medico, non \u00e8 rimasto che constatare il decesso dell&#8217;uomo. L&#8217;elicottero ha caricato a bordo in hovering i due compagni per trasportarli a valle, per poi provvedere al recupero della salma. Attrezzatura e soccorritori sono stati riportati alla base dall&#8217;elicottero dell&#8217;Air service center convenzionato con il Soccorso alpino Dolomiti Bellunesi.<\/p>\n\n\t\t\t<style type='text\/css'>\n\t\t\t\t#gallery-1 {\n\t\t\t\t\tmargin: auto;\n\t\t\t\t}\n\t\t\t\t#gallery-1 .gallery-item {\n\t\t\t\t\tfloat: left;\n\t\t\t\t\tmargin-top: 10px;\n\t\t\t\t\ttext-align: center;\n\t\t\t\t\twidth: 33%;\n\t\t\t\t}\n\t\t\t\t#gallery-1 img {\n\t\t\t\t\tborder: 2px solid #cfcfcf;\n\t\t\t\t}\n\t\t\t\t#gallery-1 .gallery-caption {\n\t\t\t\t\tmargin-left: 0;\n\t\t\t\t}\n\t\t\t\t\/* see gallery_shortcode() in wp-includes\/media.php *\/\n\t\t\t<\/style>\n\t\t<div id='gallery-1' class='dt-gallery-container gallery galleryid-183915 gallery-columns-3 gallery-size-medium'><dl class='gallery-item'>\n\t\t\t\t<dt class='gallery-icon landscape'>\n\t\t\t\t\t<a class=\"rollover rollover-zoom dt-pswp-item\" title=\"salt_20210109_145649_044\" data-dt-img-description=\"\" data-large_image_width=\"2364\" data-large_image_height=\"1773\"href='https:\/\/www.radiopiu.net\/wordpress\/wp-content\/uploads\/2021\/01\/salt_20210109_145649_044.jpg'><img loading=\"lazy\" decoding=\"async\" width=\"300\" height=\"225\" src=\"https:\/\/www.radiopiu.net\/wordpress\/wp-content\/uploads\/2021\/01\/salt_20210109_145649_044-300x225.jpg\" class=\"attachment-medium size-medium\" alt=\"\" srcset=\"https:\/\/www.radiopiu.net\/wordpress\/wp-content\/uploads\/2021\/01\/salt_20210109_145649_044-300x225.jpg 300w, https:\/\/www.radiopiu.net\/wordpress\/wp-content\/uploads\/2021\/01\/salt_20210109_145649_044-1024x768.jpg 1024w, https:\/\/www.radiopiu.net\/wordpress\/wp-content\/uploads\/2021\/01\/salt_20210109_145649_044-768x576.jpg 768w, https:\/\/www.radiopiu.net\/wordpress\/wp-content\/uploads\/2021\/01\/salt_20210109_145649_044-1536x1152.jpg 1536w, https:\/\/www.radiopiu.net\/wordpress\/wp-content\/uploads\/2021\/01\/salt_20210109_145649_044-2048x1536.jpg 2048w\" sizes=\"auto, (max-width: 300px) 100vw, 300px\" \/><\/a>\n\t\t\t\t<\/dt><\/dl><dl class='gallery-item'>\n\t\t\t\t<dt class='gallery-icon landscape'>\n\t\t\t\t\t<a class=\"rollover rollover-zoom dt-pswp-item\" title=\"salt_20210109_145716_521\" data-dt-img-description=\"\" data-large_image_width=\"2364\" data-large_image_height=\"1773\"href='https:\/\/www.radiopiu.net\/wordpress\/wp-content\/uploads\/2021\/01\/salt_20210109_145716_521.jpg'><img loading=\"lazy\" decoding=\"async\" width=\"300\" height=\"225\" src=\"https:\/\/www.radiopiu.net\/wordpress\/wp-content\/uploads\/2021\/01\/salt_20210109_145716_521-300x225.jpg\" class=\"attachment-medium size-medium\" alt=\"\" srcset=\"https:\/\/www.radiopiu.net\/wordpress\/wp-content\/uploads\/2021\/01\/salt_20210109_145716_521-300x225.jpg 300w, https:\/\/www.radiopiu.net\/wordpress\/wp-content\/uploads\/2021\/01\/salt_20210109_145716_521-1024x768.jpg 1024w, https:\/\/www.radiopiu.net\/wordpress\/wp-content\/uploads\/2021\/01\/salt_20210109_145716_521-768x576.jpg 768w, https:\/\/www.radiopiu.net\/wordpress\/wp-content\/uploads\/2021\/01\/salt_20210109_145716_521-1536x1152.jpg 1536w, https:\/\/www.radiopiu.net\/wordpress\/wp-content\/uploads\/2021\/01\/salt_20210109_145716_521-2048x1536.jpg 2048w\" sizes=\"auto, (max-width: 300px) 100vw, 300px\" \/><\/a>\n\t\t\t\t<\/dt><\/dl><dl class='gallery-item'>\n\t\t\t\t<dt class='gallery-icon landscape'>\n\t\t\t\t\t<a class=\"rollover rollover-zoom dt-pswp-item\" title=\"salt_20210109_145705_830\" data-dt-img-description=\"\" data-large_image_width=\"2364\" data-large_image_height=\"1773\"href='https:\/\/www.radiopiu.net\/wordpress\/wp-content\/uploads\/2021\/01\/salt_20210109_145705_830.jpg'><img loading=\"lazy\" decoding=\"async\" width=\"300\" height=\"225\" src=\"https:\/\/www.radiopiu.net\/wordpress\/wp-content\/uploads\/2021\/01\/salt_20210109_145705_830-300x225.jpg\" class=\"attachment-medium size-medium\" alt=\"\" srcset=\"https:\/\/www.radiopiu.net\/wordpress\/wp-content\/uploads\/2021\/01\/salt_20210109_145705_830-300x225.jpg 300w, https:\/\/www.radiopiu.net\/wordpress\/wp-content\/uploads\/2021\/01\/salt_20210109_145705_830-1024x768.jpg 1024w, https:\/\/www.radiopiu.net\/wordpress\/wp-content\/uploads\/2021\/01\/salt_20210109_145705_830-768x576.jpg 768w, https:\/\/www.radiopiu.net\/wordpress\/wp-content\/uploads\/2021\/01\/salt_20210109_145705_830-1536x1152.jpg 1536w, https:\/\/www.radiopiu.net\/wordpress\/wp-content\/uploads\/2021\/01\/salt_20210109_145705_830-2048x1536.jpg 2048w\" sizes=\"auto, (max-width: 300px) 100vw, 300px\" \/><\/a>\n\t\t\t\t<\/dt><\/dl><br style=\"clear: both\" \/>\n\t\t\t<\/div>\n\n<p>&nbsp;<\/p>\n<p><em>. L&#8217;uomo \u00e8 stato descritto come un appassionato di montagna molto attento e scrupoloso, che non rischiava mai.<\/em><\/p>\n<blockquote>\n<h3><a href=\"https:\/\/www.radiopiu.net\/wordpress\/valanga-in-val-travenanzes\/137382473_901927147013556_2989604405611746293_n\/\" rel=\"attachment wp-att-184012\"><img loading=\"lazy\" decoding=\"async\" class=\"size-medium wp-image-184012 alignleft\" src=\"https:\/\/www.radiopiu.net\/wordpress\/wp-content\/uploads\/2021\/01\/137382473_901927147013556_2989604405611746293_n-222x300.jpg\" alt=\"\" width=\"222\" height=\"300\" srcset=\"https:\/\/www.radiopiu.net\/wordpress\/wp-content\/uploads\/2021\/01\/137382473_901927147013556_2989604405611746293_n-222x300.jpg 222w, https:\/\/www.radiopiu.net\/wordpress\/wp-content\/uploads\/2021\/01\/137382473_901927147013556_2989604405611746293_n.jpg 709w\" sizes=\"auto, (max-width: 222px) 100vw, 222px\" \/><\/a><\/h3>\n<h3><\/h3>\n<h3><\/h3>\n<h3>DAI COLLEGHI POMPIERI DI COLLE SANTA LUCIA<\/h3>\n<\/blockquote>\n<div dir=\"auto\">Riposa in pace collega Tutto il personale vuole porgere le pi\u00f9 sentite condoglianze alla famiglia e ai colleghi del Vigile del Fuoco Paolo Pitscheider, scomparso oggi in un tragico incidente sportivo in val di Travenanzes.<\/div>\n","protected":false},"excerpt":{"rendered":"<p>CORTINA\u00a0\u00c8 stato rinvenuto sotto 80 centimetri di neve il corpo senza vita dello sciatore altoatesino travolto questa mattina da una valanga sopra la Val Travenanzes. L&#8217;uomo, Paolo Pitscheider, 50 anni, di Badia (BZ), era partito assieme a due amici da Capanna Alpina. I tre avevano risalito il Valon de Campestrin, erano arrivati in cima al&hellip;<\/p>\n","protected":false},"author":4,"featured_media":183933,"comment_status":"closed","ping_status":"closed","sticky":false,"template":"","format":"standard","meta":{"_monsterinsights_skip_tracking":false,"_monsterinsights_sitenote_active":false,"_monsterinsights_sitenote_note":"","_monsterinsights_sitenote_category":0,"footnotes":""},"categories":[51,49],"tags":[],"class_list":["post-183915","post","type-post","status-publish","format-standard","has-post-thumbnail","hentry","category-evidenza-top","category-news-18","category-51","category-49","description-off"],"img_url":"https:\/\/www.radiopiu.net\/wordpress\/wp-content\/uploads\/2021\/01\/salt_20210109_141106_055.jpg","_links":{"self":[{"href":"https:\/\/www.radiopiu.net\/wordpress\/wp-json\/wp\/v2\/posts\/183915","targetHints":{"allow":["GET"]}}],"collection":[{"href":"https:\/\/www.radiopiu.net\/wordpress\/wp-json\/wp\/v2\/posts"}],"about":[{"href":"https:\/\/www.radiopiu.net\/wordpress\/wp-json\/wp\/v2\/types\/post"}],"author":[{"embeddable":true,"href":"https:\/\/www.radiopiu.net\/wordpress\/wp-json\/wp\/v2\/users\/4"}],"replies":[{"embeddable":true,"href":"https:\/\/www.radiopiu.net\/wordpress\/wp-json\/wp\/v2\/comments?post=183915"}],"version-history":[{"count":0,"href":"https:\/\/www.radiopiu.net\/wordpress\/wp-json\/wp\/v2\/posts\/183915\/revisions"}],"wp:featuredmedia":[{"embeddable":true,"href":"https:\/\/www.radiopiu.net\/wordpress\/wp-json\/wp\/v2\/media\/183933"}],"wp:attachment":[{"href":"https:\/\/www.radiopiu.net\/wordpress\/wp-json\/wp\/v2\/media?parent=183915"}],"wp:term":[{"taxonomy":"category","embeddable":true,"href":"https:\/\/www.radiopiu.net\/wordpress\/wp-json\/wp\/v2\/categories?post=183915"},{"taxonomy":"post_tag","embeddable":true,"href":"https:\/\/www.radiopiu.net\/wordpress\/wp-json\/wp\/v2\/tags?post=183915"}],"curies":[{"name":"wp","href":"https:\/\/api.w.org\/{rel}","templated":true}]}}