{"id":183946,"date":"2021-01-09T15:35:01","date_gmt":"2021-01-09T14:35:01","guid":{"rendered":"https:\/\/www.radiopiu.net\/wordpress\/?p=183946"},"modified":"2021-01-09T15:35:01","modified_gmt":"2021-01-09T14:35:01","slug":"regioni-in-zona-arancione-zaia-e-i-colleghi-presidenti-al-governo-immediata-quantificazione-e-messa-in-campo-dei-ristori-e-a-rischio-la-nostra-stessa-geografia-economica","status":"publish","type":"post","link":"https:\/\/www.radiopiu.net\/wordpress\/regioni-in-zona-arancione-zaia-e-i-colleghi-presidenti-al-governo-immediata-quantificazione-e-messa-in-campo-dei-ristori-e-a-rischio-la-nostra-stessa-geografia-economica\/","title":{"rendered":"REGIONI IN \u201cZONA ARANCIONE\u201d. ZAIA E I COLLEGHI PRESIDENTI AL GOVERNO: \u201cIMMEDIATA QUANTIFICAZIONE E MESSA IN CAMPO DEI RISTORI; \u00c8 A RISCHIO LA NOSTRA STESSA GEOGRAFIA ECONOMICA\u201d"},"content":{"rendered":"<p><strong><a href=\"https:\/\/www.radiopiu.net\/wordpress\/puntostampa27\/zaia-mascherina-2\/\" rel=\"attachment wp-att-175303\"><img loading=\"lazy\" decoding=\"async\" class=\"size-medium wp-image-175303 alignleft\" src=\"https:\/\/www.radiopiu.net\/wordpress\/wp-content\/uploads\/2020\/11\/ZAIA-MASCHERINA-300x166.png\" alt=\"\" width=\"300\" height=\"166\" \/><\/a>VENEZIA <\/strong>\u201c<em>Alla luce di questa situazione di profondissima crisi in cui si dibattono migliaia e migliaia di imprese dei nostri territori, siamo pertanto con la presente a chiedere che il Governo ci fornisca doverose e puntuali rassicurazioni circa un\u2019immediata messa in campo di ristori e della loro quantificazione, onde evitare ulteriori penalizzazioni a queste categorie e affinch\u00e9 venga scongiurato il rischio, assai concreto, che interi comparti vengano definitivamente cancellati dalla geografia economica delle nostre Regioni<\/em>\u201d. Con queste parole si conclude la lettera che, oggi, il Presidente della Regione del Veneto, Luca Zaia, ha inviato &#8211; insieme ai colleghi di Calabria, Emilia Romagna, Lombardia, Sicilia &#8211; al Presidente del Consiglio Conte e ai Ministri della Salute, dell\u2019Economia e Finanze, per gli Affari regionali e Autonomie, per i Rapporti con il Parlamento. Una lettera in cui, all\u2019indomani dell\u2019inserimento delle rispettive regioni in \u201czona arancione\u201d, i cinque Governatori non nascondono la grande preoccupazione che condividono con molti cittadini. \u201c<em>Nel prendere atto di questa decisione, &#8211; sottolineano &#8211; abbiamo piena consapevolezza che la stessa \u00e8 stata adottata in base ai dati elaborati dalle Autorit\u00e0 scientifiche e alle indicazioni della Cabina di Regia che si \u00e8 riunita l&#8217;8 gennaio, a fronte della preoccupante diffusione del virus Covid-19. Nel farlo, tuttavia, non si pu\u00f2 fare a meno di rimarcare quale ricaduta drammatica il provvedimento abbia su imprenditori e operatori impegnati in attivit\u00e0 produttive, commerciali, ricettive, turistiche, gastronomiche, sportive e ricreative<\/em>\u201d. Nel sollecitare il rapido intervento del Governo con i ristori, il Presidente Zaia, insieme agli altri Governatori, sottolinea: \u201c<em>Il provvedimento dell\u2019inserimento in zona arancione, impone, infatti, ulteriori restrizioni alla mobilit\u00e0 dei cittadini e alla normale conduzione delle attivit\u00e0 economiche dei tessuti produttivi, gi\u00e0 duramente messi alla prova e segnati da un punto di vista finanziario, economico e operativo da precedenti provvedimenti restrittivi e dal lungo lockdown primaverile<\/em>\u201d.<\/p>\n<p><strong>LA LETTERA<\/strong><\/p>\n<a href=\"https:\/\/www.radiopiu.net\/wordpress\/wp-content\/uploads\/2021\/01\/LETTERA-PRESIDENTI-ZONE-ARANCIONE_def_loghi.pdf\" class=\"pdfemb-viewer\" style=\"\" data-width=\"max\" data-height=\"max\" data-toolbar=\"top\" data-toolbar-fixed=\"on\">LETTERA PRESIDENTI ZONE ARANCIONE_def_loghi<\/a>\n","protected":false},"excerpt":{"rendered":"<p>VENEZIA \u201cAlla luce di questa situazione di profondissima crisi in cui si dibattono migliaia e migliaia di imprese dei nostri territori, siamo pertanto con la presente a chiedere che il Governo ci fornisca doverose e puntuali rassicurazioni circa un\u2019immediata messa in campo di ristori e della loro quantificazione, onde evitare ulteriori penalizzazioni a queste categorie&hellip;<\/p>\n","protected":false},"author":4,"featured_media":175303,"comment_status":"closed","ping_status":"closed","sticky":false,"template":"","format":"standard","meta":{"_monsterinsights_skip_tracking":false,"_monsterinsights_sitenote_active":false,"_monsterinsights_sitenote_note":"","_monsterinsights_sitenote_category":0,"footnotes":""},"categories":[49],"tags":[],"class_list":["post-183946","post","type-post","status-publish","format-standard","has-post-thumbnail","hentry","category-news-18","category-49","description-off"],"img_url":"https:\/\/www.radiopiu.net\/wordpress\/wp-content\/uploads\/2020\/11\/ZAIA-MASCHERINA-e1616680380412.png","_links":{"self":[{"href":"https:\/\/www.radiopiu.net\/wordpress\/wp-json\/wp\/v2\/posts\/183946","targetHints":{"allow":["GET"]}}],"collection":[{"href":"https:\/\/www.radiopiu.net\/wordpress\/wp-json\/wp\/v2\/posts"}],"about":[{"href":"https:\/\/www.radiopiu.net\/wordpress\/wp-json\/wp\/v2\/types\/post"}],"author":[{"embeddable":true,"href":"https:\/\/www.radiopiu.net\/wordpress\/wp-json\/wp\/v2\/users\/4"}],"replies":[{"embeddable":true,"href":"https:\/\/www.radiopiu.net\/wordpress\/wp-json\/wp\/v2\/comments?post=183946"}],"version-history":[{"count":0,"href":"https:\/\/www.radiopiu.net\/wordpress\/wp-json\/wp\/v2\/posts\/183946\/revisions"}],"wp:featuredmedia":[{"embeddable":true,"href":"https:\/\/www.radiopiu.net\/wordpress\/wp-json\/wp\/v2\/media\/175303"}],"wp:attachment":[{"href":"https:\/\/www.radiopiu.net\/wordpress\/wp-json\/wp\/v2\/media?parent=183946"}],"wp:term":[{"taxonomy":"category","embeddable":true,"href":"https:\/\/www.radiopiu.net\/wordpress\/wp-json\/wp\/v2\/categories?post=183946"},{"taxonomy":"post_tag","embeddable":true,"href":"https:\/\/www.radiopiu.net\/wordpress\/wp-json\/wp\/v2\/tags?post=183946"}],"curies":[{"name":"wp","href":"https:\/\/api.w.org\/{rel}","templated":true}]}}