{"id":183954,"date":"2021-01-09T16:41:31","date_gmt":"2021-01-09T15:41:31","guid":{"rendered":"https:\/\/www.radiopiu.net\/wordpress\/?p=183954"},"modified":"2021-01-09T16:41:33","modified_gmt":"2021-01-09T15:41:33","slug":"il-maestro-raffaele-de-giacometti-di-pedavena-vince-il-47-premio-internazionale-di-composizione-guido-darezzo","status":"publish","type":"post","link":"https:\/\/www.radiopiu.net\/wordpress\/il-maestro-raffaele-de-giacometti-di-pedavena-vince-il-47-premio-internazionale-di-composizione-guido-darezzo\/","title":{"rendered":"IL MAESTRO RAFFAELE DE GIACOMETTI DI PEDAVENA VINCE IL 47\u00b0 PREMIO INTERNAZIONALE DI COMPOSIZIONE \u201cGUIDO D\u2019AREZZO\u201d"},"content":{"rendered":"<p><em><a href=\"https:\/\/www.radiopiu.net\/wordpress\/il-maestro-raffaele-de-giacometti-di-pedavena-vince-il-47-premio-internazionale-di-composizione-guido-darezzo\/raffaele-de-giacometti\/\" rel=\"attachment wp-att-183957\"><img loading=\"lazy\" decoding=\"async\" class=\"size-medium wp-image-183957 alignleft\" src=\"https:\/\/www.radiopiu.net\/wordpress\/wp-content\/uploads\/2021\/01\/raffaele-de-giacometti-300x200.jpg\" alt=\"\" width=\"300\" height=\"200\" srcset=\"https:\/\/www.radiopiu.net\/wordpress\/wp-content\/uploads\/2021\/01\/raffaele-de-giacometti-300x200.jpg 300w, https:\/\/www.radiopiu.net\/wordpress\/wp-content\/uploads\/2021\/01\/raffaele-de-giacometti-1024x682.jpg 1024w, https:\/\/www.radiopiu.net\/wordpress\/wp-content\/uploads\/2021\/01\/raffaele-de-giacometti-768x512.jpg 768w, https:\/\/www.radiopiu.net\/wordpress\/wp-content\/uploads\/2021\/01\/raffaele-de-giacometti-1536x1023.jpg 1536w, https:\/\/www.radiopiu.net\/wordpress\/wp-content\/uploads\/2021\/01\/raffaele-de-giacometti.jpg 1996w\" sizes=\"auto, (max-width: 300px) 100vw, 300px\" \/><\/a>di<\/em> <strong>DINO BRIDDA<\/strong><\/p>\n<p>Parla feltrino il 47\u00b0 concorso internazionale di composizione \u201cGuido d\u2019Arezzo\u201d che \u00e8 un corollario integrativo e interattivo del celebre ed omonimo concorso internazionale di canto corale la cui prima edizione si tenne nel 1952. In quest\u2019ultima edizione si \u00e8 imposto il giovane compositore Raffaele De Giacometti con il brano \u201cOtra cancion\u201d che ha ottenuto il voto di 89,6\/100 da una qualificata giuria composta da nomi prestigiosi di musicisti di varie nazioni. De Giacometti ha studiato composizione al conservatorio \u201cA. Steffani\u201d di Castelfranco Veneto diplomandosi con il massimo dei voti. Ha al suo attivo numerosi master in direzione d\u2019orchestra per i quali ha ottenuto due borse di studio in Scozia. Nutrito \u00e8 il palmares di premi nazionali e internazionali per la composizione ricevuti a concorsi in Giappone, Finlandia, Repubblica Ceca, nonch\u00e9 a Trento e a Firenze. Va ricordato che egli si classific\u00f2 al terzo posto nell\u2019edizione 2012 del concorso aretino da lui vinto quest\u2019anno e che nel 2009 gli \u00e8 stato conferito un riconoscimento dal \u201cLion\u2019s Club\u201d di Feltre, mentre nel 2013 il Comune di Pedavena, suo paese di origine, gli ha reso omaggio per i successi ottenuti a livello nazionale e internazionale attraverso l\u2019organizzazione di un concerto monografico. Il catalogo delle sue composizioni include pi\u00f9 di cinquanta brani per organici differenti di musica vocale, corale, da camera, orchestrale, operistica ed elettroacustica che vengono eseguiti nei pi\u00f9 importanti festival e rassegne musicali mondiali. De Giacometti \u00e8 inoltre direttore di coro. Nel 2017 \u00e8 stato nominato direttore artistico e musicale del Cathures Choir di Glasgow, con il quale si propone di valorizzare principalmente il repertorio musicale rinascimentale e contemporaneo. Dal 2009 al 2015 \u00e8 stato direttore artistico e musicale della Schola Cantorum di Pedavena con la quale ha realizzato vari concerti e progetti musicali, tra cui la prima esecuzione assoluta del suo \u201cStabat Mater\u201d per soli, coro e orchestra in collaborazione con la VenetOrchestra. Attualmente egli \u00e8 docente di Teoria, Ritmica e Percezione Musicale al Conservatorio \u201cA. Casella\u201d dell&#8217;Aquila. Commentando la vittoria di De Giacometti ad Arezzo il maestro Manolo Da Rold, direttore della Corale Zumellese, ha sottolineato: \u00abTra gli autori di musica contemporanea De Giacometti si \u00e8 di certo conquistato una posizione di primo piano\u00bb.<\/p>\n","protected":false},"excerpt":{"rendered":"<p>di DINO BRIDDA Parla feltrino il 47\u00b0 concorso internazionale di composizione \u201cGuido d\u2019Arezzo\u201d che \u00e8 un corollario integrativo e interattivo del celebre ed omonimo concorso internazionale di canto corale la cui prima edizione si tenne nel 1952. In quest\u2019ultima edizione si \u00e8 imposto il giovane compositore Raffaele De Giacometti con il brano \u201cOtra cancion\u201d che&hellip;<\/p>\n","protected":false},"author":4,"featured_media":183957,"comment_status":"closed","ping_status":"closed","sticky":false,"template":"","format":"standard","meta":{"_monsterinsights_skip_tracking":false,"_monsterinsights_sitenote_active":false,"_monsterinsights_sitenote_note":"","_monsterinsights_sitenote_category":0,"footnotes":""},"categories":[49],"tags":[],"class_list":["post-183954","post","type-post","status-publish","format-standard","has-post-thumbnail","hentry","category-news-18","category-49","description-off"],"img_url":"https:\/\/www.radiopiu.net\/wordpress\/wp-content\/uploads\/2021\/01\/raffaele-de-giacometti.jpg","_links":{"self":[{"href":"https:\/\/www.radiopiu.net\/wordpress\/wp-json\/wp\/v2\/posts\/183954","targetHints":{"allow":["GET"]}}],"collection":[{"href":"https:\/\/www.radiopiu.net\/wordpress\/wp-json\/wp\/v2\/posts"}],"about":[{"href":"https:\/\/www.radiopiu.net\/wordpress\/wp-json\/wp\/v2\/types\/post"}],"author":[{"embeddable":true,"href":"https:\/\/www.radiopiu.net\/wordpress\/wp-json\/wp\/v2\/users\/4"}],"replies":[{"embeddable":true,"href":"https:\/\/www.radiopiu.net\/wordpress\/wp-json\/wp\/v2\/comments?post=183954"}],"version-history":[{"count":0,"href":"https:\/\/www.radiopiu.net\/wordpress\/wp-json\/wp\/v2\/posts\/183954\/revisions"}],"wp:featuredmedia":[{"embeddable":true,"href":"https:\/\/www.radiopiu.net\/wordpress\/wp-json\/wp\/v2\/media\/183957"}],"wp:attachment":[{"href":"https:\/\/www.radiopiu.net\/wordpress\/wp-json\/wp\/v2\/media?parent=183954"}],"wp:term":[{"taxonomy":"category","embeddable":true,"href":"https:\/\/www.radiopiu.net\/wordpress\/wp-json\/wp\/v2\/categories?post=183954"},{"taxonomy":"post_tag","embeddable":true,"href":"https:\/\/www.radiopiu.net\/wordpress\/wp-json\/wp\/v2\/tags?post=183954"}],"curies":[{"name":"wp","href":"https:\/\/api.w.org\/{rel}","templated":true}]}}