{"id":183990,"date":"2021-01-11T06:22:46","date_gmt":"2021-01-11T05:22:46","guid":{"rendered":"https:\/\/www.radiopiu.net\/wordpress\/?p=183990"},"modified":"2021-01-11T10:03:19","modified_gmt":"2021-01-11T09:03:19","slug":"giornale-radiopiu-11-gennaio-2021-direttore-mirko-mezzacasa","status":"publish","type":"post","link":"https:\/\/www.radiopiu.net\/wordpress\/giornale-radiopiu-11-gennaio-2021-direttore-mirko-mezzacasa\/","title":{"rendered":"GIORNALE RADIOPIU 11 GENNAIO 2021 DIRETTORE MIRKO MEZZACASA"},"content":{"rendered":"<h3>PER<strong> RICEVERE QUESTO NOTIZIARIO DIRETTAMENTE SUL TUO CELLULARE ISCRIVITI AL CANALE TELEGRAM <\/strong><strong>\u201cRADIO PIU\u00a0 INFORMAZIONE&#8221;\u00a0<\/strong><\/h3>\n<p><em>ATTENZIONE: LA NUOVA APP PER IOS-IPHONE<\/em><\/p>\n<div>\n<div><a href=\"https:\/\/apps.apple.com\/it\/app\/radio-pi%C3%B9-emittente-agordina\/id1515939845\">https:\/\/apps.apple.com\/it\/app\/radio-pi%C3%B9-emittente-agordina\/id1515939845<\/a><\/div>\n<\/div>\n<div><\/div>\n<div>\n<div dir=\"auto\"><em>ATTENZIONE: LA NUOVA APP RADIO\u00a0 PER ANDROID<\/em><\/div>\n<\/div>\n<p><a href=\"https:\/\/play.google.com\/store\/apps\/details?id=net.radiopiu.iniko\" target=\"_blank\" rel=\"noopener noreferrer\">https:\/\/play.google.com\/store\/apps\/details?id=net.radiopiu.iniko\u00a0<\/a><\/p>\n<p>&nbsp;<\/p>\n<blockquote>\n<h3>L&#8217;ANNIVERSARIO, 250 ANNI DA LA FRANA CHE PORTO&#8217; ALLA FORMAZIONE DEL LAGO DI ALLEGHE<\/h3>\n<h3><a href=\"https:\/\/www.radiopiu.net\/wordpress\/giornale-radiopiu-11-gennaio-2021-direttore-mirko-mezzacasa\/alleghe_albori\/\" rel=\"attachment wp-att-184150\"><img loading=\"lazy\" decoding=\"async\" class=\" wp-image-184150 alignleft\" src=\"https:\/\/www.radiopiu.net\/wordpress\/wp-content\/uploads\/2021\/01\/alleghe_albori-300x199.jpg\" alt=\"\" width=\"135\" height=\"159\" \/><\/a><strong>ALLEGHE<\/strong> Oggi alle 10,30 verr\u00e0 celebrata nella chiesa di Alleghe la messa a suffragio delle 52 vittime che 250 anni or sono persero la vita a seguito delle due frane del monte Piz.<\/h3>\n<\/blockquote>\n<p><strong>il sindaco Danilo De Toni<\/strong><\/p>\n<audio class=\"wp-audio-shortcode\" id=\"audio-183990-1\" preload=\"none\" style=\"width: 100%;\" controls=\"controls\"><source type=\"audio\/mpeg\" src=\"https:\/\/www.radiopiu.net\/wordpress\/wp-content\/uploads\/2021\/01\/danilo.mp3?_=1\" \/><a href=\"https:\/\/www.radiopiu.net\/wordpress\/wp-content\/uploads\/2021\/01\/danilo.mp3\">https:\/\/www.radiopiu.net\/wordpress\/wp-content\/uploads\/2021\/01\/danilo.mp3<\/a><\/audio>\n<p>foto: appartamenti-alleghe.it, cartoline del passato<\/p>\n<hr \/>\n<p>&nbsp;<\/p>\n<p>Il Veneto dopo oltre un mese di primato non \u00e8 pi\u00f9 la Regione pi\u00f9 contagiata l&#8217;Italia, da ieri superata nel numero di contagi dalla Lombardia. Ieri 1777 nuovi casi, 53 decessi ma cresce il numero dei ricoveri (+43) e in terapia intensiva (+13). La provincia pi\u00f9 colpita \u00e8 quella di Padova con 21.583 positivi, 3598 nel bellunese. La campagna vaccini prosegue, ieri sono stati invitati a porgere il braccio i sanitari del 118 compresi i volontari delle ambulanze da Arabba a Selva di Cadore, da Colle Santa Lucia alla Valle del Biois. In Regione sono state inoculate oltre 68mila dosi di vaccino (50mila operatori sanitari, 9000 ospiti delle case di riposo, 7500 dipendenti delle strutture residenziali per anziani), ieri 4744. Ieri in provincia altri 4 decessi e 108 positivi, 124 persone attualmente positive in meno rispetto a sabato e 230 guariti in pi\u00f9 che portano il totale dei negativizzati a 12.131. In ospedale ci sono 142 persone, 54 a Belluno e 35 a Feltre, 12 in terapia intensiva (7 a Belluno, 5 a Feltre), 34 i pazienti negli ospedali di comunit\u00e0 (5 Alano, 2 Auronzo, 16 Belluno, 11 Feltre).<\/p>\n<blockquote>\n<h3>SONO 4 I DECESSI DELLE ULTIME ORE IN ULSS 1 DOLOMITI, 108 I NUOVI POSITIVI. AL VIA LE VACCINAZIONI AGLI OVER 80<\/h3>\n<\/blockquote>\n<p><strong>BELLUNO\u00a0 <\/strong>Nelle ultime 24 ore sono decedute 4 persone covid positive: un uomo di 62 anni e un uomo di 77 anni ricoverati in Rianimazione a Belluno, una donna di 92 anni ricoverata in Geriatria a Belluno e un uomo di 64 anni ricoverato in Geriatria a Feltre. I nuovi positivi in Ulss 1 Dolomiti sono 108.<\/p>\n<p><strong>Ricoveri <\/strong><\/p>\n<p><em>(dato alle ore 17.00 fonte: Azienda Zero)<\/em><\/p>\n<p>Le persone attualmente POSITIVE ricoverate negli ospedali dell\u2019Ulss Dolomiti sono:<\/p>\n<table>\n<tbody>\n<tr>\n<td width=\"217\"><strong>\u00a0<\/strong><\/td>\n<td width=\"217\"><strong>Area NON CRITICA<\/strong><\/td>\n<td width=\"217\"><strong>Terapia Intensiva<\/strong><\/td>\n<\/tr>\n<tr>\n<td width=\"217\"><strong>Ospedale di Belluno <\/strong><\/td>\n<td width=\"217\">54<\/td>\n<td width=\"217\">7<\/td>\n<\/tr>\n<tr>\n<td width=\"217\"><strong>Ospedale di Feltre<\/strong><\/p>\n<p><strong>Ospedale di Agordo<\/strong><\/td>\n<td width=\"217\">35<\/p>\n<p>7<\/td>\n<td width=\"217\">5<\/td>\n<\/tr>\n<\/tbody>\n<\/table>\n<p>&nbsp;<\/p>\n<p>Le persone attualmente POSITIVE ricoverate in Ospedale di Comunit\u00e0 sono:<\/p>\n<table>\n<tbody>\n<tr>\n<td width=\"326\"><strong>\u00a0<\/strong><\/td>\n<td width=\"326\"><strong>pazienti attualmente positivi<\/strong><\/td>\n<\/tr>\n<tr>\n<td width=\"326\"><strong>Ospedale di Comunit\u00e0 ALANO<\/strong><\/td>\n<td width=\"326\">5<\/td>\n<\/tr>\n<tr>\n<td width=\"326\"><strong>Ospedale di Comunit\u00e0 AURONZO<\/strong><\/p>\n<p><strong>Ospedale di Comunit\u00e0 di BELLUNO\u00a0\u00a0\u00a0\u00a0\u00a0\u00a0\u00a0\u00a0\u00a0\u00a0\u00a0\u00a0\u00a0\u00a0\u00a0\u00a0\u00a0\u00a0\u00a0\u00a0\u00a0\u00a0\u00a0\u00a0\u00a0\u00a0\u00a0\u00a0\u00a0\u00a0\u00a0\u00a0\u00a0\u00a0\u00a0\u00a0\u00a0\u00a0\u00a0\u00a0 <\/strong><\/td>\n<td width=\"326\">2<\/p>\n<p>16<\/td>\n<\/tr>\n<tr>\n<td width=\"326\"><strong>Ospedale di Comunit\u00e0 di FELTRE<\/strong><\/td>\n<td width=\"326\">11<\/td>\n<\/tr>\n<\/tbody>\n<\/table>\n<p>&nbsp;<\/p>\n<p><strong>Da oggi <\/strong>\u00a0i drive-in tamponi dell\u2019Ulss Dolomiti saranno attivi nelle seguenti sedi ed orari: <strong>Belluno <\/strong><strong>Ospedale San Martino<\/strong> &#8211; dal luned\u00ec al sabato dalle 7.00 alle 19.00, <strong>Sagrogna<\/strong> <u>domenica<\/u> dalle 7.00 alle 19.00; <strong>Feltre <\/strong>Via delle Industrie \u2013 Peschiera (ex- Marangoni) dal luned\u00ec al sabato dalle 8.30 alle 12.30; <strong>Tai di Cadore <\/strong>Piazzale Dolomiti &#8211; <strong>marted\u00ec, gioved\u00ec, sabato<\/strong> \u2013 dalle 15.00 alle 17.00; <strong>Agordo <\/strong>Piazzale Tamonich \u2013 <strong>luned\u00ec, mercoled\u00ec, venerd\u00ec<\/strong> \u2013 dalle 15.00 alle 17.00. Oggi prende avvio la vaccinazione della popolazione over 80, sperimentando diverse modalit\u00e0 organizzative, anticipando quanto previsto.<\/p>\n<p>&nbsp;<\/p>\n<hr \/>\n<p>&nbsp;<\/p>\n<blockquote>\n<h3>\u00a0 UCCISO DELLA LEUCEMIA A 30 ANNI, IL RICORDO DEL SINDACO ROBERTO PADRIN<\/h3>\n<\/blockquote>\n<h3><a href=\"https:\/\/www.radiopiu.net\/wordpress\/giornale-radiopiu-11-gennaio-2021-direttore-mirko-mezzacasa\/136944489_10219239256793704_8539091940240817408_n\/\" rel=\"attachment wp-att-184154\"><img loading=\"lazy\" decoding=\"async\" class=\" wp-image-184154 alignleft\" src=\"https:\/\/www.radiopiu.net\/wordpress\/wp-content\/uploads\/2021\/01\/136944489_10219239256793704_8539091940240817408_n-235x300.jpg\" alt=\"\" width=\"141\" height=\"180\" srcset=\"https:\/\/www.radiopiu.net\/wordpress\/wp-content\/uploads\/2021\/01\/136944489_10219239256793704_8539091940240817408_n-235x300.jpg 235w, https:\/\/www.radiopiu.net\/wordpress\/wp-content\/uploads\/2021\/01\/136944489_10219239256793704_8539091940240817408_n.jpg 469w\" sizes=\"auto, (max-width: 141px) 100vw, 141px\" \/><\/a><\/h3>\n<p><strong>LONGARONE <\/strong>Ren\u00e8 Bez, \u00e8 scomparso ieri mattina dopo tre anni di malattia e di lotta contro la leucemia. Originario di Igne,\u00a0 viveva nel capoluogo, combatteva da tre anni contro la malattia. Il ricordo del sindaco di Longarone Roberto Padrin<\/p>\n<p><em>&#8220;Ciao caro Rene\u2019, avevi tanta voglia di vivere, ma una maledetta malattia ti ha portato via lasciandoci un grande vuoto. Non riusciremo mai a comprendere come possa un giovane ragazzo come te lasciarci in questo modo, ma sappi che ti abbiamo voluto un mondo di bene, la tua mamma, il pap\u00e0, l\u2019amico Giorgio, i parenti, i tuoi coscritti, gli amici. Noi ti ricordiamo cos\u00ec con quel tuo sorriso, con quella tua semplicit\u00e0 e forza che ti hanno aiutato a superare i momenti difficili della vita. Hai lottato come un leone fino all\u2019ultimo e ti porteremo sempre nel nostro cuore&#8221;<\/em><\/p>\n<blockquote>\n<h3><em>\u00a0<\/em><\/h3>\n<\/blockquote>\n<hr \/>\n<blockquote>\n<h3><\/h3>\n<h3>DONAZZAN: FUORI SUBITO. IL CENTRO SINISTRA CHIEDE LE DIMISSIONI PER APOLOGIA DEL FASCISMO<\/h3>\n<\/blockquote>\n<p><strong>VENEZIA <\/strong>&#8220;Faccetta nera, bell&#8217;abissina&#8221;. La vicentina Elena Donazzan, in tasca la tessera politica di Fratelli d&#8217;Italia,\u00a0 diversi mandati in passato e oggi con l&#8217;incarico di assessora all&#8217;istruzione della giunta regionale di Zaia, canta l&#8217;inno fascista in diretta con Cruciani, davanti all&#8217;indignazione di Parenzo alla &#8220;Zanzara&#8221;, il programma di Radio 24 in onda dalle 18.30 alle 20. 50. L&#8217;esibizione nella puntata andata in onda l&#8217; 8 gennaio. Il centrosinistra chiede le dimissioni e l&#8217;intervento della magistratura per apologia del fascismo.<\/p>\n<p>VIDEO CLICCA QUI <strong><span style=\"color: #0000ff;\"><a style=\"color: #0000ff;\" href=\"https:\/\/youtu.be\/XCSi43cqUI4\">CLICCA QUI\u00a0<\/a><\/span><\/strong><\/p>\n<p>&nbsp;<\/p>\n<p>&nbsp;<\/p>\n<hr \/>\n<p>&nbsp;<\/p>\n<blockquote>\n<h3>DA TAIBON, &#8220;FORZA MATHIAS&#8221;<\/h3>\n<\/blockquote>\n<p><strong><img loading=\"lazy\" decoding=\"async\" class=\"alignleft\" src=\"https:\/\/www.radiopiu.net\/wordpress\/wp-content\/uploads\/2021\/01\/33325b99-6448-4bd7-af12-3f32bbaee191.jpg\" width=\"262\" height=\"147\" \/>TAIBON<\/strong> Un giovane di 28 anni, Mathias Martini di Listolade con impiego\u00a0 nell&#8217;ufficio tecnico della Luxottica di\u00a0 Agordo,\u00a0 \u00e8 ricoverato in prognosi riservata all\u2019ospedale di Belluno in seguito alle ferite riportare nel grave incidente di sabato mattina\u00a0 in via Strapont. Da una prima ricostruzione dei Carabinieri di Gosaldo, chiamati sul posto,\u00a0 l\u2019uomo stava lavorando in compagnia di alcuni amici tritando dei ceppi di legna. Lo scivolone nella neve \u00e8 stato fatale, il piede \u00e8 finito nell\u2019apparato, fino all\u2019altezza della caviglia. Immediatamente soccorso \u00e8 stato portato in ospedale. Erano circa le 9. I soccorsi sono stati il pi\u00f9 possibile tempestivi e il ferito \u00e8 stato trasportato al San Martino\u00a0 e sottoposto ad intervento chirurgico. Non era solo Mathias, con lui altri amici altrettanto appassionati di lavori nel bosco abituati nei fine settimana a dedicarsi ai loro hobby. Loro sono stati i primi ad intervenire con importanti operazioni di primo soccorso per tamponare l&#8217;emorragia in attesa dei sanitari e dell&#8217;elicottero del Suem. Da Listolade al centro di Taibon s&#8217;\u00e8 alzato un &#8220;Forza Mathias&#8221;.<\/p>\n<p>&nbsp;<\/p>\n<p>&nbsp;<\/p>\n<hr \/>\n<p>&nbsp;<\/p>\n<blockquote>\n<h3>GIOVANE SCIALPINISTA S&#8217;INFORTUNA, ELITRASPORTATO A BELLUNO<\/h3>\n<\/blockquote>\n<p><strong><a href=\"https:\/\/www.radiopiu.net\/wordpress\/giovane-scialpinista-sinfortuna-elitrasportato-a-belluno\/salt_20210110_165321_295\/\" rel=\"attachment wp-att-184082\"><img loading=\"lazy\" decoding=\"async\" class=\" wp-image-184082 alignleft\" src=\"https:\/\/www.radiopiu.net\/wordpress\/wp-content\/uploads\/2021\/01\/salt_20210110_165321_295-300x225.jpg\" alt=\"\" width=\"189\" height=\"142\" srcset=\"https:\/\/www.radiopiu.net\/wordpress\/wp-content\/uploads\/2021\/01\/salt_20210110_165321_295-300x225.jpg 300w, https:\/\/www.radiopiu.net\/wordpress\/wp-content\/uploads\/2021\/01\/salt_20210110_165321_295-1024x768.jpg 1024w, https:\/\/www.radiopiu.net\/wordpress\/wp-content\/uploads\/2021\/01\/salt_20210110_165321_295-768x576.jpg 768w, https:\/\/www.radiopiu.net\/wordpress\/wp-content\/uploads\/2021\/01\/salt_20210110_165321_295.jpg 1280w\" sizes=\"auto, (max-width: 189px) 100vw, 189px\" \/><\/a>PIEVE DI CADORE<\/strong> Ieri attorno alle 15.40 la Centrale del Suem \u00e8 stata allertata per l&#8217;infortunio di un giovane scialpinista, avvenuto sotto la Cima Cadin di Vedorcia, sugli Spalti di Toro, non distante dal Rifugio Tita Barba. Scendendo con il padre e altre persone infatti un tredicenne di Pieve di Cadore (BL), aveva riportato un probabile trauma alla gamba e non era pi\u00f9 in grado di proseguire. L&#8217;elicottero del Suem di Pieve di Cadore si \u00e8 diretto sul posto, atterrando in uno spiazzo predisposto al momento dagli sciatori. Il ragazzo \u00e8 stato quindi preso in cura dall&#8217;equipe medica, imbarcato e trasportato all&#8217;ospedale di Belluno.<\/p>\n<p>&nbsp;<\/p>\n<p>&nbsp;<\/p>\n<hr \/>\n<p>&nbsp;<\/p>\n<blockquote>\n<h3>GIORNATA DI CONTROLLI SUL PASSO GIAU PER I CARABINIERI SQUADRA SOCCORSO ALPINO DI CORTINA<\/h3>\n<\/blockquote>\n<p><strong>PASSO GIAU<\/strong> Giornata di controlli per i Carabinieri della squadra Soccorso Alpino di Cortina. Gli uomini dell&#8217;arma hanno constatato che sul percorso da Forcella Giau a Mondeval gli appassionati di montagna agissero nel rispetto delle norme di sicurezza Anti-Covid evitando assembramenti e controllando il rispetto delle norme di sicurezza. Erano circa 90 gli escursionisti presenti sull&#8217;itinerario di cui una decina muniti di ciaspole.<\/p>\n\n\t\t\t<style type='text\/css'>\n\t\t\t\t#gallery-1 {\n\t\t\t\t\tmargin: auto;\n\t\t\t\t}\n\t\t\t\t#gallery-1 .gallery-item {\n\t\t\t\t\tfloat: left;\n\t\t\t\t\tmargin-top: 10px;\n\t\t\t\t\ttext-align: center;\n\t\t\t\t\twidth: 25%;\n\t\t\t\t}\n\t\t\t\t#gallery-1 img {\n\t\t\t\t\tborder: 2px solid #cfcfcf;\n\t\t\t\t}\n\t\t\t\t#gallery-1 .gallery-caption {\n\t\t\t\t\tmargin-left: 0;\n\t\t\t\t}\n\t\t\t\t\/* see gallery_shortcode() in wp-includes\/media.php *\/\n\t\t\t<\/style>\n\t\t<div id='gallery-1' class='dt-gallery-container gallery galleryid-183990 gallery-columns-4 gallery-size-medium'><dl class='gallery-item'>\n\t\t\t\t<dt class='gallery-icon portrait'>\n\t\t\t\t\t<a class=\"rollover rollover-zoom dt-pswp-item\" title=\"IMAGE 2021-01-10 19:30:17\" data-dt-img-description=\"\" data-large_image_width=\"768\" data-large_image_height=\"1024\"href='https:\/\/www.radiopiu.net\/wordpress\/wp-content\/uploads\/2021\/01\/IMAGE-2021-01-10-193017.jpg'><img loading=\"lazy\" decoding=\"async\" width=\"225\" height=\"300\" src=\"https:\/\/www.radiopiu.net\/wordpress\/wp-content\/uploads\/2021\/01\/IMAGE-2021-01-10-193017-225x300.jpg\" class=\"attachment-medium size-medium\" alt=\"\" srcset=\"https:\/\/www.radiopiu.net\/wordpress\/wp-content\/uploads\/2021\/01\/IMAGE-2021-01-10-193017-225x300.jpg 225w, https:\/\/www.radiopiu.net\/wordpress\/wp-content\/uploads\/2021\/01\/IMAGE-2021-01-10-193017.jpg 768w\" sizes=\"auto, (max-width: 225px) 100vw, 225px\" \/><\/a>\n\t\t\t\t<\/dt><\/dl><dl class='gallery-item'>\n\t\t\t\t<dt class='gallery-icon portrait'>\n\t\t\t\t\t<a class=\"rollover rollover-zoom dt-pswp-item\" title=\"IMAGE 2021-01-10 19:30:19\" data-dt-img-description=\"\" data-large_image_width=\"768\" data-large_image_height=\"1024\"href='https:\/\/www.radiopiu.net\/wordpress\/wp-content\/uploads\/2021\/01\/IMAGE-2021-01-10-193019.jpg'><img loading=\"lazy\" decoding=\"async\" width=\"225\" height=\"300\" src=\"https:\/\/www.radiopiu.net\/wordpress\/wp-content\/uploads\/2021\/01\/IMAGE-2021-01-10-193019-225x300.jpg\" class=\"attachment-medium size-medium\" alt=\"\" srcset=\"https:\/\/www.radiopiu.net\/wordpress\/wp-content\/uploads\/2021\/01\/IMAGE-2021-01-10-193019-225x300.jpg 225w, https:\/\/www.radiopiu.net\/wordpress\/wp-content\/uploads\/2021\/01\/IMAGE-2021-01-10-193019.jpg 768w\" sizes=\"auto, (max-width: 225px) 100vw, 225px\" \/><\/a>\n\t\t\t\t<\/dt><\/dl><dl class='gallery-item'>\n\t\t\t\t<dt class='gallery-icon portrait'>\n\t\t\t\t\t<a class=\"rollover rollover-zoom dt-pswp-item\" title=\"IMAGE 2021-01-10 19:30:23\" data-dt-img-description=\"\" data-large_image_width=\"768\" data-large_image_height=\"1024\"href='https:\/\/www.radiopiu.net\/wordpress\/wp-content\/uploads\/2021\/01\/IMAGE-2021-01-10-193023.jpg'><img loading=\"lazy\" decoding=\"async\" width=\"225\" height=\"300\" src=\"https:\/\/www.radiopiu.net\/wordpress\/wp-content\/uploads\/2021\/01\/IMAGE-2021-01-10-193023-225x300.jpg\" class=\"attachment-medium size-medium\" alt=\"\" srcset=\"https:\/\/www.radiopiu.net\/wordpress\/wp-content\/uploads\/2021\/01\/IMAGE-2021-01-10-193023-225x300.jpg 225w, https:\/\/www.radiopiu.net\/wordpress\/wp-content\/uploads\/2021\/01\/IMAGE-2021-01-10-193023.jpg 768w\" sizes=\"auto, (max-width: 225px) 100vw, 225px\" \/><\/a>\n\t\t\t\t<\/dt><\/dl><dl class='gallery-item'>\n\t\t\t\t<dt class='gallery-icon portrait'>\n\t\t\t\t\t<a class=\"rollover rollover-zoom dt-pswp-item\" title=\"IMAGE 2021-01-10 19:30:25\" data-dt-img-description=\"\" data-large_image_width=\"768\" data-large_image_height=\"1024\"href='https:\/\/www.radiopiu.net\/wordpress\/wp-content\/uploads\/2021\/01\/IMAGE-2021-01-10-193025.jpg'><img loading=\"lazy\" decoding=\"async\" width=\"225\" height=\"300\" src=\"https:\/\/www.radiopiu.net\/wordpress\/wp-content\/uploads\/2021\/01\/IMAGE-2021-01-10-193025-225x300.jpg\" class=\"attachment-medium size-medium\" alt=\"\" srcset=\"https:\/\/www.radiopiu.net\/wordpress\/wp-content\/uploads\/2021\/01\/IMAGE-2021-01-10-193025-225x300.jpg 225w, https:\/\/www.radiopiu.net\/wordpress\/wp-content\/uploads\/2021\/01\/IMAGE-2021-01-10-193025.jpg 768w\" sizes=\"auto, (max-width: 225px) 100vw, 225px\" \/><\/a>\n\t\t\t\t<\/dt><\/dl><br style=\"clear: both\" \/>\n\t\t\t<\/div>\n\n<p>&nbsp;<\/p>\n<hr \/>\n<p>&nbsp;<\/p>\n<blockquote>\n<h3>MALTRATTA LA MOGLIE: ARRESTATO E&#8217; GIA&#8217; SCARCERATO<\/h3>\n<\/blockquote>\n<p><strong><a href=\"https:\/\/www.radiopiu.net\/wordpress\/summer\/1200px-faloria_cortina_dampezzo_10\/\" rel=\"attachment wp-att-157928\"><img loading=\"lazy\" decoding=\"async\" class=\"wp-image-157928 alignleft\" src=\"https:\/\/www.radiopiu.net\/wordpress\/wp-content\/uploads\/2020\/08\/1200px-Faloria_Cortina_dAmpezzo_10-300x207.jpg\" alt=\"\" width=\"183\" height=\"126\" srcset=\"https:\/\/www.radiopiu.net\/wordpress\/wp-content\/uploads\/2020\/08\/1200px-Faloria_Cortina_dAmpezzo_10-300x207.jpg 300w, https:\/\/www.radiopiu.net\/wordpress\/wp-content\/uploads\/2020\/08\/1200px-Faloria_Cortina_dAmpezzo_10-1024x707.jpg 1024w, https:\/\/www.radiopiu.net\/wordpress\/wp-content\/uploads\/2020\/08\/1200px-Faloria_Cortina_dAmpezzo_10-768x531.jpg 768w, https:\/\/www.radiopiu.net\/wordpress\/wp-content\/uploads\/2020\/08\/1200px-Faloria_Cortina_dAmpezzo_10-640x442.jpg 640w, https:\/\/www.radiopiu.net\/wordpress\/wp-content\/uploads\/2020\/08\/1200px-Faloria_Cortina_dAmpezzo_10.jpg 1200w\" sizes=\"auto, (max-width: 183px) 100vw, 183px\" \/><\/a>CORTINA<\/strong> Senza piet\u00e0 contro la moglie, davanti ai figli minorenni. Un trentenne \u00e8 stato arrestato, all&#8217;ennesima lite ha messo le mani sul collo della moglie con la chiara intenzione di strozzarla. E&#8217; successo nella sera di capodanno e l&#8217;uomo originario dell&#8217;Est Europa ma da tempo residente in Cadore \u00e8 finito in carcere per lesioni e maltrattamenti in famiglia.<\/p>\n<blockquote><p>A Baldenich non c&#8217;\u00e8 rimasto molto visto che \u00e8 stato gi\u00e0 scarcerato ma non pu\u00f2 pi\u00f9 avvicinarci a moglie e figli, non fino alla conclusione del procedimento penale dove per i maltrattamenti in famiglia rischia fino a 7 anni di carcere. Ad addomesticare l&#8217;uomo a capodanno ci hanno pensato gli uomini del commissariato di Cortina allertati da un vicino. Quella sera l&#8217;uomo era rientrato a casa ubriaco proponendo la solita furia tra botte e insulti.<\/p><\/blockquote>\n<p>&nbsp;<\/p>\n<hr \/>\n<p>&nbsp;<\/p>\n<div class=\"page-title-head hgroup\">\n<blockquote>\n<h3 class=\"entry-title\">AD AGORDO LA DOMENICA DEI VIGILI DEL FUOCO\u2026 INIZIA COSI\u2019<\/h3>\n<\/blockquote>\n<\/div>\n<div class=\"page-title-breadcrumbs\">\n<p><strong>LA VALLE\u00a0<\/strong> Prima la tempesta vaia di due anni fa, poi le piogge, il vento, la neve degli ulitmi mesi con il territorio messo a dura prova, anche nel Comune di La Valle Agordina. Tra le conseguenze delle ondate di maltempo il pericolo creato dalle\u00a0 piante ad alto fusto, anche sopra la regionale 203 agordina lungo a strada che dalla frazione Noach porta all&#8217;intersezione con la regionale 203 agordijna in localit\u00e0 Le Campe.\u00a0 &#8220;In considerazione della posizione delle piante &#8220;a sbalzo&#8221; sopra strada, difficili da raggiungere in sicurezza &#8211; spiga il consigliere comunale Massimo Sommariva &#8211; abbiamo chiesto aiuto ai nostri vigili del fuoco. La risposta \u00e8 stata immediata,\u00a0 una squadra del distaccamento di Agordo, coordinata dal capo squadra esperto Grisenti,in poco tempo e con grande professionalit\u00e0 ha messo\u00a0 in sicurezza il tratto stradale&#8221;<\/p>\n<div style=\"width: 1200px;\" class=\"wp-video\"><video class=\"wp-video-shortcode\" id=\"video-183990-1\" width=\"1200\" height=\"675\" preload=\"metadata\" controls=\"controls\"><source type=\"video\/mp4\" src=\"https:\/\/www.radiopiu.net\/wordpress\/wp-content\/uploads\/2021\/01\/WhatsApp-Video-2021-01-10-at-10.08.10.mp4?_=1\" \/><a href=\"https:\/\/www.radiopiu.net\/wordpress\/wp-content\/uploads\/2021\/01\/WhatsApp-Video-2021-01-10-at-10.08.10.mp4\">https:\/\/www.radiopiu.net\/wordpress\/wp-content\/uploads\/2021\/01\/WhatsApp-Video-2021-01-10-at-10.08.10.mp4<\/a><\/video><\/div>\n<blockquote><p><em>.E&#8217; proprio vero quando hai bisogno&#8230;..e non sai come risolvere la situazione &#8230; arrivano i nostri. Un grazie da parte dell&#8217; amministratore comunale di La Valle Agordina ai vigili del fuoco che ogni giorno e specialmente in questo periodo sono sempre in prima linea.\u00a0<\/em><\/p><\/blockquote>\n\n\t\t\t<style type='text\/css'>\n\t\t\t\t#gallery-2 {\n\t\t\t\t\tmargin: auto;\n\t\t\t\t}\n\t\t\t\t#gallery-2 .gallery-item {\n\t\t\t\t\tfloat: left;\n\t\t\t\t\tmargin-top: 10px;\n\t\t\t\t\ttext-align: center;\n\t\t\t\t\twidth: 50%;\n\t\t\t\t}\n\t\t\t\t#gallery-2 img {\n\t\t\t\t\tborder: 2px solid #cfcfcf;\n\t\t\t\t}\n\t\t\t\t#gallery-2 .gallery-caption {\n\t\t\t\t\tmargin-left: 0;\n\t\t\t\t}\n\t\t\t\t\/* see gallery_shortcode() in wp-includes\/media.php *\/\n\t\t\t<\/style>\n\t\t<div id='gallery-2' class='dt-gallery-container gallery galleryid-183990 gallery-columns-2 gallery-size-large'><dl class='gallery-item'>\n\t\t\t\t<dt class='gallery-icon landscape'>\n\t\t\t\t\t<a class=\"rollover rollover-zoom dt-pswp-item\" title=\"11f9f40e-caa3-479b-b988-000d94ee1f69\" data-dt-img-description=\"\" data-large_image_width=\"1600\" data-large_image_height=\"1198\"href='https:\/\/www.radiopiu.net\/wordpress\/wp-content\/uploads\/2021\/01\/11f9f40e-caa3-479b-b988-000d94ee1f69.jpg'><img loading=\"lazy\" decoding=\"async\" width=\"1024\" height=\"767\" src=\"https:\/\/www.radiopiu.net\/wordpress\/wp-content\/uploads\/2021\/01\/11f9f40e-caa3-479b-b988-000d94ee1f69-1024x767.jpg\" class=\"attachment-large size-large\" alt=\"\" srcset=\"https:\/\/www.radiopiu.net\/wordpress\/wp-content\/uploads\/2021\/01\/11f9f40e-caa3-479b-b988-000d94ee1f69-1024x767.jpg 1024w, https:\/\/www.radiopiu.net\/wordpress\/wp-content\/uploads\/2021\/01\/11f9f40e-caa3-479b-b988-000d94ee1f69-300x225.jpg 300w, https:\/\/www.radiopiu.net\/wordpress\/wp-content\/uploads\/2021\/01\/11f9f40e-caa3-479b-b988-000d94ee1f69-768x575.jpg 768w, https:\/\/www.radiopiu.net\/wordpress\/wp-content\/uploads\/2021\/01\/11f9f40e-caa3-479b-b988-000d94ee1f69-1536x1150.jpg 1536w, https:\/\/www.radiopiu.net\/wordpress\/wp-content\/uploads\/2021\/01\/11f9f40e-caa3-479b-b988-000d94ee1f69.jpg 1600w\" sizes=\"auto, (max-width: 1024px) 100vw, 1024px\" \/><\/a>\n\t\t\t\t<\/dt><\/dl><dl class='gallery-item'>\n\t\t\t\t<dt class='gallery-icon landscape'>\n\t\t\t\t\t<a class=\"rollover rollover-zoom dt-pswp-item\" title=\"3d4f52f0-c4c6-4b76-9246-f8c4c9e3b79c\" data-dt-img-description=\"\" data-large_image_width=\"1280\" data-large_image_height=\"958\"href='https:\/\/www.radiopiu.net\/wordpress\/wp-content\/uploads\/2021\/01\/3d4f52f0-c4c6-4b76-9246-f8c4c9e3b79c.jpg'><img loading=\"lazy\" decoding=\"async\" width=\"1024\" height=\"766\" src=\"https:\/\/www.radiopiu.net\/wordpress\/wp-content\/uploads\/2021\/01\/3d4f52f0-c4c6-4b76-9246-f8c4c9e3b79c-1024x766.jpg\" class=\"attachment-large size-large\" alt=\"\" srcset=\"https:\/\/www.radiopiu.net\/wordpress\/wp-content\/uploads\/2021\/01\/3d4f52f0-c4c6-4b76-9246-f8c4c9e3b79c-1024x766.jpg 1024w, https:\/\/www.radiopiu.net\/wordpress\/wp-content\/uploads\/2021\/01\/3d4f52f0-c4c6-4b76-9246-f8c4c9e3b79c-300x225.jpg 300w, https:\/\/www.radiopiu.net\/wordpress\/wp-content\/uploads\/2021\/01\/3d4f52f0-c4c6-4b76-9246-f8c4c9e3b79c-768x575.jpg 768w, https:\/\/www.radiopiu.net\/wordpress\/wp-content\/uploads\/2021\/01\/3d4f52f0-c4c6-4b76-9246-f8c4c9e3b79c.jpg 1280w\" sizes=\"auto, (max-width: 1024px) 100vw, 1024px\" \/><\/a>\n\t\t\t\t<\/dt><\/dl><br style=\"clear: both\" \/>\n\t\t\t<\/div>\n\n<p>&nbsp;<\/p>\n<\/div>\n<p>&nbsp;<\/p>\n<hr \/>\n<p>&nbsp;<\/p>\n<blockquote>\n<h3>I POMPIERI DI COLLE SANTA LUCIA<\/h3>\n<\/blockquote>\n<p><strong>LIVINALLONGO<\/strong> Allertati dalla Sala Operativa del comando di Belluno in supporto ai permanenti di Agordo hanno rimosso la neve dal tetto della scuola materna di Arabba. Sul posto una squadra con il polisoccorso.<\/p>\n\n\t\t\t<style type='text\/css'>\n\t\t\t\t#gallery-3 {\n\t\t\t\t\tmargin: auto;\n\t\t\t\t}\n\t\t\t\t#gallery-3 .gallery-item {\n\t\t\t\t\tfloat: left;\n\t\t\t\t\tmargin-top: 10px;\n\t\t\t\t\ttext-align: center;\n\t\t\t\t\twidth: 50%;\n\t\t\t\t}\n\t\t\t\t#gallery-3 img {\n\t\t\t\t\tborder: 2px solid #cfcfcf;\n\t\t\t\t}\n\t\t\t\t#gallery-3 .gallery-caption {\n\t\t\t\t\tmargin-left: 0;\n\t\t\t\t}\n\t\t\t\t\/* see gallery_shortcode() in wp-includes\/media.php *\/\n\t\t\t<\/style>\n\t\t<div id='gallery-3' class='dt-gallery-container gallery galleryid-183990 gallery-columns-2 gallery-size-large'><dl class='gallery-item'>\n\t\t\t\t<dt class='gallery-icon portrait'>\n\t\t\t\t\t<a class=\"rollover rollover-zoom dt-pswp-item\" title=\"137565613_902416026964668_7294136559874317100_n\" data-dt-img-description=\"\" data-large_image_width=\"450\" data-large_image_height=\"600\"href='https:\/\/www.radiopiu.net\/wordpress\/wp-content\/uploads\/2021\/01\/137565613_902416026964668_7294136559874317100_n.jpg'><img loading=\"lazy\" decoding=\"async\" width=\"450\" height=\"600\" src=\"https:\/\/www.radiopiu.net\/wordpress\/wp-content\/uploads\/2021\/01\/137565613_902416026964668_7294136559874317100_n.jpg\" class=\"attachment-large size-large\" alt=\"\" srcset=\"https:\/\/www.radiopiu.net\/wordpress\/wp-content\/uploads\/2021\/01\/137565613_902416026964668_7294136559874317100_n.jpg 450w, https:\/\/www.radiopiu.net\/wordpress\/wp-content\/uploads\/2021\/01\/137565613_902416026964668_7294136559874317100_n-225x300.jpg 225w\" sizes=\"auto, (max-width: 450px) 100vw, 450px\" \/><\/a>\n\t\t\t\t<\/dt><\/dl><dl class='gallery-item'>\n\t\t\t\t<dt class='gallery-icon portrait'>\n\t\t\t\t\t<a class=\"rollover rollover-zoom dt-pswp-item\" title=\"137578243_902416056964665_1943603122102716466_n\" data-dt-img-description=\"\" data-large_image_width=\"480\" data-large_image_height=\"600\"href='https:\/\/www.radiopiu.net\/wordpress\/wp-content\/uploads\/2021\/01\/137578243_902416056964665_1943603122102716466_n.jpg'><img loading=\"lazy\" decoding=\"async\" width=\"480\" height=\"600\" src=\"https:\/\/www.radiopiu.net\/wordpress\/wp-content\/uploads\/2021\/01\/137578243_902416056964665_1943603122102716466_n.jpg\" class=\"attachment-large size-large\" alt=\"\" srcset=\"https:\/\/www.radiopiu.net\/wordpress\/wp-content\/uploads\/2021\/01\/137578243_902416056964665_1943603122102716466_n.jpg 480w, https:\/\/www.radiopiu.net\/wordpress\/wp-content\/uploads\/2021\/01\/137578243_902416056964665_1943603122102716466_n-240x300.jpg 240w\" sizes=\"auto, (max-width: 480px) 100vw, 480px\" \/><\/a>\n\t\t\t\t<\/dt><\/dl><br style=\"clear: both\" \/>\n\t\t\t<\/div>\n\n<p>&nbsp;<\/p>\n<hr \/>\n<p>&nbsp;<\/p>\n<blockquote>\n<h3>I POMPIERI DI CANALE D&#8217;AGORDO<\/h3>\n<p><strong>CANALE D&#8217;AGORDO<\/strong> Sono proseguite nel fine settimana le operazioni di pulizia degli idranti da San Tommaso alle frazioni di Falcade con la collaborazione della\u00a0 protezione civile a Vallada<\/p><\/blockquote>\n<div>\n<div class=\"\" dir=\"auto\">\n<div id=\"jsc_c_of\" class=\"ecm0bbzt hv4rvrfc ihqw7lf3 dati1w0a\" data-ad-comet-preview=\"message\" data-ad-preview=\"message\">\n<div class=\"j83agx80 cbu4d94t ew0dbk1b irj2b8pg\">\n<div class=\"qzhwtbm6 knvmm38d\">\n<div class=\"kvgmc6g5 cxmmr5t8 oygrvhab hcukyx3x c1et5uql ii04i59q\">\n<div dir=\"auto\">\n\n\t\t\t<style type='text\/css'>\n\t\t\t\t#gallery-4 {\n\t\t\t\t\tmargin: auto;\n\t\t\t\t}\n\t\t\t\t#gallery-4 .gallery-item {\n\t\t\t\t\tfloat: left;\n\t\t\t\t\tmargin-top: 10px;\n\t\t\t\t\ttext-align: center;\n\t\t\t\t\twidth: 33%;\n\t\t\t\t}\n\t\t\t\t#gallery-4 img {\n\t\t\t\t\tborder: 2px solid #cfcfcf;\n\t\t\t\t}\n\t\t\t\t#gallery-4 .gallery-caption {\n\t\t\t\t\tmargin-left: 0;\n\t\t\t\t}\n\t\t\t\t\/* see gallery_shortcode() in wp-includes\/media.php *\/\n\t\t\t<\/style>\n\t\t<div id='gallery-4' class='dt-gallery-container gallery galleryid-183990 gallery-columns-3 gallery-size-medium'><dl class='gallery-item'>\n\t\t\t\t<dt class='gallery-icon landscape'>\n\t\t\t\t\t<a class=\"rollover rollover-zoom dt-pswp-item\" title=\"137246840_244513733726630_3338544633517280271_o\" data-dt-img-description=\"\" data-large_image_width=\"593\" data-large_image_height=\"280\"href='https:\/\/www.radiopiu.net\/wordpress\/wp-content\/uploads\/2021\/01\/137246840_244513733726630_3338544633517280271_o.jpg'><img loading=\"lazy\" decoding=\"async\" width=\"300\" height=\"142\" src=\"https:\/\/www.radiopiu.net\/wordpress\/wp-content\/uploads\/2021\/01\/137246840_244513733726630_3338544633517280271_o-300x142.jpg\" class=\"attachment-medium size-medium\" alt=\"\" srcset=\"https:\/\/www.radiopiu.net\/wordpress\/wp-content\/uploads\/2021\/01\/137246840_244513733726630_3338544633517280271_o-300x142.jpg 300w, https:\/\/www.radiopiu.net\/wordpress\/wp-content\/uploads\/2021\/01\/137246840_244513733726630_3338544633517280271_o.jpg 593w\" sizes=\"auto, (max-width: 300px) 100vw, 300px\" \/><\/a>\n\t\t\t\t<\/dt><\/dl><dl class='gallery-item'>\n\t\t\t\t<dt class='gallery-icon landscape'>\n\t\t\t\t\t<a class=\"rollover rollover-zoom dt-pswp-item\" title=\"138032904_244513633726640_6262014492093798632_o\" data-dt-img-description=\"\" data-large_image_width=\"600\" data-large_image_height=\"259\"href='https:\/\/www.radiopiu.net\/wordpress\/wp-content\/uploads\/2021\/01\/138032904_244513633726640_6262014492093798632_o.jpg'><img loading=\"lazy\" decoding=\"async\" width=\"300\" height=\"130\" src=\"https:\/\/www.radiopiu.net\/wordpress\/wp-content\/uploads\/2021\/01\/138032904_244513633726640_6262014492093798632_o-300x130.jpg\" class=\"attachment-medium size-medium\" alt=\"\" srcset=\"https:\/\/www.radiopiu.net\/wordpress\/wp-content\/uploads\/2021\/01\/138032904_244513633726640_6262014492093798632_o-300x130.jpg 300w, https:\/\/www.radiopiu.net\/wordpress\/wp-content\/uploads\/2021\/01\/138032904_244513633726640_6262014492093798632_o.jpg 600w\" sizes=\"auto, (max-width: 300px) 100vw, 300px\" \/><\/a>\n\t\t\t\t<\/dt><\/dl><dl class='gallery-item'>\n\t\t\t\t<dt class='gallery-icon portrait'>\n\t\t\t\t\t<a class=\"rollover rollover-zoom dt-pswp-item\" title=\"137507779_244513683726635_1350357094144363998_o\" data-dt-img-description=\"\" data-large_image_width=\"280\" data-large_image_height=\"593\"href='https:\/\/www.radiopiu.net\/wordpress\/wp-content\/uploads\/2021\/01\/137507779_244513683726635_1350357094144363998_o.jpg'><img loading=\"lazy\" decoding=\"async\" width=\"142\" height=\"300\" src=\"https:\/\/www.radiopiu.net\/wordpress\/wp-content\/uploads\/2021\/01\/137507779_244513683726635_1350357094144363998_o-142x300.jpg\" class=\"attachment-medium size-medium\" alt=\"\" srcset=\"https:\/\/www.radiopiu.net\/wordpress\/wp-content\/uploads\/2021\/01\/137507779_244513683726635_1350357094144363998_o-142x300.jpg 142w, https:\/\/www.radiopiu.net\/wordpress\/wp-content\/uploads\/2021\/01\/137507779_244513683726635_1350357094144363998_o.jpg 280w\" sizes=\"auto, (max-width: 142px) 100vw, 142px\" \/><\/a>\n\t\t\t\t<\/dt><\/dl><br style=\"clear: both\" \/>\n\t\t\t<\/div>\n\n<\/div>\n<\/div>\n<\/div>\n<\/div>\n<\/div>\n<\/div>\n<div id=\"jsc_c_og\" class=\"l9j0dhe7\">\n<div class=\"l9j0dhe7\">\n<div class=\"l9j0dhe7\">\n<div class=\"l9j0dhe7\">\n<div class=\"ni8dbmo4 stjgntxs pmk7jnqg\">\n<div class=\"stjgntxs ni8dbmo4\">\n<div class=\"do00u71z ni8dbmo4 stjgntxs l9j0dhe7\">\n<div class=\"pmk7jnqg kr520xx4\"><\/div>\n<\/div>\n<div class=\"hzruof5a opwvks06 linmgsc8 kr520xx4 j9ispegn pmk7jnqg n7fi1qx3 rq0escxv i09qtzwb\">\n<hr \/>\n<\/div>\n<\/div>\n<div class=\"n00je7tq arfg74bv qs9ysxi8 k77z8yql i09qtzwb n7fi1qx3 b5wmifdl hzruof5a pmk7jnqg j9ispegn kr520xx4 c5ndavph art1omkt ot9fgl3s r9n4d945\" data-visualcompletion=\"ignore\"><\/div>\n<\/div>\n<\/div>\n<\/div>\n<\/div>\n<\/div>\n<\/div>\n<div>\n<div class=\"stjgntxs ni8dbmo4 l82x9zwi uo3d90p7 h905i5nu monazrh9\" data-visualcompletion=\"ignore-dynamic\">\n<div class=\"ozuftl9m tvfksri0\">\n<div class=\"rq0escxv l9j0dhe7 du4w35lb j83agx80 pfnyh3mw i1fnvgqd gs1a9yip owycx6da btwxx1t3 ph5uu5jm b3onmgus e5nlhep0 ecm0bbzt nkwizq5d roh60bw9 mysgfdmx hddg9phg\">\n<div class=\"rq0escxv l9j0dhe7 du4w35lb j83agx80 cbu4d94t g5gj957u d2edcug0 hpfvmrgz rj1gh0hx buofh1pr n8tt0mok hyh9befq iuny7tx3 ipjc6fyt\">\n<div class=\"oajrlxb2 gs1a9yip g5ia77u1 mtkw9kbi tlpljxtp qensuy8j ppp5ayq2 goun2846 ccm00jje s44p3ltw mk2mc5f4 rt8b4zig n8ej3o3l agehan2d sk4xxmp2 rq0escxv nhd2j8a9 pq6dq46d mg4g778l btwxx1t3 pfnyh3mw p7hjln8o kvgmc6g5 cxmmr5t8 oygrvhab hcukyx3x tgvbjcpo hpfvmrgz jb3vyjys rz4wbd8a qt6c0cv9 a8nywdso l9j0dhe7 i1ao9s8h esuyzwwr f1sip0of du4w35lb lzcic4wl abiwlrkh p8dawk7l\" tabindex=\"0\" role=\"button\" aria-label=\"Invia questo elemento ai tuoi amici o pubblicalo sul tuo diario.\">\n<div class=\"n00je7tq arfg74bv qs9ysxi8 k77z8yql i09qtzwb n7fi1qx3 b5wmifdl hzruof5a pmk7jnqg j9ispegn kr520xx4 c5ndavph art1omkt ot9fgl3s\" data-visualcompletion=\"ignore\">\n<blockquote>\n<h3>MANCANO GLI OPERAI COMUNALI. I SINDACI AGORDINI LANCIANO L&#8217;ALLARME<\/h3>\n<\/blockquote>\n<p><strong><a href=\"https:\/\/www.radiopiu.net\/wordpress\/dillo-a-radio-piu-chi-si-occupa-degli-operai-per-lo-sgombero-neve\/2a4fac63-f909-4d0f-b120-b96c2b45bf32-2\/\" rel=\"attachment wp-att-182660\"><img loading=\"lazy\" decoding=\"async\" class=\"size-medium wp-image-182660 alignleft\" src=\"https:\/\/www.radiopiu.net\/wordpress\/wp-content\/uploads\/2021\/01\/2a4fac63-f909-4d0f-b120-b96c2b45bf32-300x225.jpg\" alt=\"\" width=\"300\" height=\"225\" srcset=\"https:\/\/www.radiopiu.net\/wordpress\/wp-content\/uploads\/2021\/01\/2a4fac63-f909-4d0f-b120-b96c2b45bf32-300x225.jpg 300w, https:\/\/www.radiopiu.net\/wordpress\/wp-content\/uploads\/2021\/01\/2a4fac63-f909-4d0f-b120-b96c2b45bf32-1024x768.jpg 1024w, https:\/\/www.radiopiu.net\/wordpress\/wp-content\/uploads\/2021\/01\/2a4fac63-f909-4d0f-b120-b96c2b45bf32-768x576.jpg 768w, https:\/\/www.radiopiu.net\/wordpress\/wp-content\/uploads\/2021\/01\/2a4fac63-f909-4d0f-b120-b96c2b45bf32-1536x1152.jpg 1536w, https:\/\/www.radiopiu.net\/wordpress\/wp-content\/uploads\/2021\/01\/2a4fac63-f909-4d0f-b120-b96c2b45bf32.jpg 1600w\" sizes=\"auto, (max-width: 300px) 100vw, 300px\" \/><\/a>AGORDINO<\/strong><\/p>\n<p>di Gianni Santomaso<\/p>\n<audio class=\"wp-audio-shortcode\" id=\"audio-183990-2\" preload=\"none\" style=\"width: 100%;\" controls=\"controls\"><source type=\"audio\/mpeg\" src=\"https:\/\/www.radiopiu.net\/wordpress\/wp-content\/uploads\/2021\/01\/GIANNI-COMUNI-IN-DIFFICOLTA.mp3?_=2\" \/><a href=\"https:\/\/www.radiopiu.net\/wordpress\/wp-content\/uploads\/2021\/01\/GIANNI-COMUNI-IN-DIFFICOLTA.mp3\">https:\/\/www.radiopiu.net\/wordpress\/wp-content\/uploads\/2021\/01\/GIANNI-COMUNI-IN-DIFFICOLTA.mp3<\/a><\/audio>\n<p>&nbsp;<\/p>\n<\/div>\n<\/div>\n<\/div>\n<div class=\"rq0escxv l9j0dhe7 du4w35lb j83agx80 cbu4d94t pfnyh3mw d2edcug0 hpfvmrgz n8tt0mok hyh9befq iuny7tx3 ipjc6fyt\">\n<div><\/div>\n<\/div>\n<\/div>\n<\/div>\n<\/div>\n<\/div>\n<p>&nbsp;<\/p>\n<hr \/>\n<p>&nbsp;<\/p>\n<blockquote>\n<h3>SONO 357 I VACCINATI NEL V-DAY DEDICATO AGLI OPERATORI DEL 118<\/h3>\n<\/blockquote>\n<p><strong>BELLUNO <\/strong>Sono 357 i vaccinati effettuati ieri, in modalit\u00e0 Drive \u2013 in al San martino di Belluno a operatori e volontari della rete di emergenza urgenza 118. Vista la gran richiesta, erano state aumentate le dosi disponibili ed era stata attivata una seconda linea di vaccinazione. Tutto si \u00e8 svolto con regolarit\u00e0: dopo l\u2019anamnesi, sotto il controllo medico del direttore del Suem 118 Giulio Trill\u00f2 e dal medico del Dipartimento di Prevenzione Donatella Rizzato, sono state vaccinate contro il covid con il vaccino Pfizer Biontech 357 persone. Ecco la lista delle associazioni\/enti della rete 118 che hanno partecipato a questa prima seduta vaccinale: Babcock (piloti e tecnici della Base di Belluno), CNSAS (Tecnici Elisoccorso e Cinofili della Base di Belluno), Croce Bianca di Cortina, Croce Bianca di Livinallongo, Croce Verde Val Biois, Croce Verde Alleghe, Volontari Rocca Pietore, Croce Bianca Colle S. Lucia, Croce Bianca Val Fiorentina, Croce Verde Zoldo Alto, Volontari Forno di Zoldo, CRI Belluno, CRI Feltre, EVA Alpago, SEAS, Val Belluna Emergenza, Vol.A.<\/p>\n\n\t\t\t<style type='text\/css'>\n\t\t\t\t#gallery-5 {\n\t\t\t\t\tmargin: auto;\n\t\t\t\t}\n\t\t\t\t#gallery-5 .gallery-item {\n\t\t\t\t\tfloat: left;\n\t\t\t\t\tmargin-top: 10px;\n\t\t\t\t\ttext-align: center;\n\t\t\t\t\twidth: 33%;\n\t\t\t\t}\n\t\t\t\t#gallery-5 img {\n\t\t\t\t\tborder: 2px solid #cfcfcf;\n\t\t\t\t}\n\t\t\t\t#gallery-5 .gallery-caption {\n\t\t\t\t\tmargin-left: 0;\n\t\t\t\t}\n\t\t\t\t\/* see gallery_shortcode() in wp-includes\/media.php *\/\n\t\t\t<\/style>\n\t\t<div id='gallery-5' class='dt-gallery-container gallery galleryid-183990 gallery-columns-3 gallery-size-medium'><dl class='gallery-item'>\n\t\t\t\t<dt class='gallery-icon portrait'>\n\t\t\t\t\t<a class=\"rollover rollover-zoom dt-pswp-item\" title=\"ssss\" data-dt-img-description=\"\" data-large_image_width=\"1200\" data-large_image_height=\"1600\"href='https:\/\/www.radiopiu.net\/wordpress\/wp-content\/uploads\/2021\/01\/ssss.jpg'><img loading=\"lazy\" decoding=\"async\" width=\"225\" height=\"300\" src=\"https:\/\/www.radiopiu.net\/wordpress\/wp-content\/uploads\/2021\/01\/ssss-225x300.jpg\" class=\"attachment-medium size-medium\" alt=\"\" srcset=\"https:\/\/www.radiopiu.net\/wordpress\/wp-content\/uploads\/2021\/01\/ssss-225x300.jpg 225w, https:\/\/www.radiopiu.net\/wordpress\/wp-content\/uploads\/2021\/01\/ssss-768x1024.jpg 768w, https:\/\/www.radiopiu.net\/wordpress\/wp-content\/uploads\/2021\/01\/ssss-1152x1536.jpg 1152w, https:\/\/www.radiopiu.net\/wordpress\/wp-content\/uploads\/2021\/01\/ssss.jpg 1200w\" sizes=\"auto, (max-width: 225px) 100vw, 225px\" \/><\/a>\n\t\t\t\t<\/dt><\/dl><dl class='gallery-item'>\n\t\t\t\t<dt class='gallery-icon landscape'>\n\t\t\t\t\t<a class=\"rollover rollover-zoom dt-pswp-item\" title=\"aaaa\" data-dt-img-description=\"\" data-large_image_width=\"1600\" data-large_image_height=\"1200\"href='https:\/\/www.radiopiu.net\/wordpress\/wp-content\/uploads\/2021\/01\/aaaa.jpg'><img loading=\"lazy\" decoding=\"async\" width=\"300\" height=\"225\" src=\"https:\/\/www.radiopiu.net\/wordpress\/wp-content\/uploads\/2021\/01\/aaaa-300x225.jpg\" class=\"attachment-medium size-medium\" alt=\"\" srcset=\"https:\/\/www.radiopiu.net\/wordpress\/wp-content\/uploads\/2021\/01\/aaaa-300x225.jpg 300w, https:\/\/www.radiopiu.net\/wordpress\/wp-content\/uploads\/2021\/01\/aaaa-1024x768.jpg 1024w, https:\/\/www.radiopiu.net\/wordpress\/wp-content\/uploads\/2021\/01\/aaaa-768x576.jpg 768w, https:\/\/www.radiopiu.net\/wordpress\/wp-content\/uploads\/2021\/01\/aaaa-1536x1152.jpg 1536w, https:\/\/www.radiopiu.net\/wordpress\/wp-content\/uploads\/2021\/01\/aaaa.jpg 1600w\" sizes=\"auto, (max-width: 300px) 100vw, 300px\" \/><\/a>\n\t\t\t\t<\/dt><\/dl><dl class='gallery-item'>\n\t\t\t\t<dt class='gallery-icon portrait'>\n\t\t\t\t\t<a class=\"rollover rollover-zoom dt-pswp-item\" title=\"IMG-20210110-WA0012\" data-dt-img-description=\"\" data-large_image_width=\"1200\" data-large_image_height=\"1600\"href='https:\/\/www.radiopiu.net\/wordpress\/wp-content\/uploads\/2021\/01\/IMG-20210110-WA0012.jpg'><img loading=\"lazy\" decoding=\"async\" width=\"225\" height=\"300\" src=\"https:\/\/www.radiopiu.net\/wordpress\/wp-content\/uploads\/2021\/01\/IMG-20210110-WA0012-225x300.jpg\" class=\"attachment-medium size-medium\" alt=\"\" srcset=\"https:\/\/www.radiopiu.net\/wordpress\/wp-content\/uploads\/2021\/01\/IMG-20210110-WA0012-225x300.jpg 225w, https:\/\/www.radiopiu.net\/wordpress\/wp-content\/uploads\/2021\/01\/IMG-20210110-WA0012-768x1024.jpg 768w, https:\/\/www.radiopiu.net\/wordpress\/wp-content\/uploads\/2021\/01\/IMG-20210110-WA0012-1152x1536.jpg 1152w, https:\/\/www.radiopiu.net\/wordpress\/wp-content\/uploads\/2021\/01\/IMG-20210110-WA0012.jpg 1200w\" sizes=\"auto, (max-width: 225px) 100vw, 225px\" \/><\/a>\n\t\t\t\t<\/dt><\/dl><br style=\"clear: both\" \/>\n\t\t\t<\/div>\n\n<p>&nbsp;<\/p>\n<hr \/>\n<p>&nbsp;<\/p>\n<div class=\"page-title-head hgroup\">\n<blockquote>\n<h3 class=\"entry-title\">QUANDO IL VACCINO SALE IN QUOTA<\/h3>\n<\/blockquote>\n<\/div>\n<p class=\"page-title-breadcrumbs\"><strong><img loading=\"lazy\" decoding=\"async\" class=\"alignleft\" src=\"https:\/\/www.radiopiu.net\/wordpress\/wp-content\/uploads\/2021\/01\/7c6834a0-080c-48d6-b0aa-ac921727d368-300x300.jpg\" width=\"52\" height=\"52\" \/>LIVINALLONGO<\/strong> I volontari della Croce Bianca Bolzano (Sezione di Fodom) hanno effettuato ieri il vaccino anti covid-19. I volontari ringraziano l\u2019Ulss Dolomiti e in particolare il Primario del Suem 118 Giulio Trill\u00f2 per l\u2019attenzione e l\u2019opportunit\u00e0\u00a0 riservata ai\u00a0 volontari.<\/p>\n<p>&nbsp;<\/p>\n<p>&nbsp;<\/p>\n<hr \/>\n<p>&nbsp;<\/p>\n<blockquote>\n<h3>IL PRESEPE DELLA PRO LOCO DI RIVAMONTE SOMMERSO DALLA MONTAGNA DI NEVE<\/h3>\n<\/blockquote>\n<p><strong>RIVAMONTE<\/strong><\/p>\n<p>di Gianni Santomaso<\/p>\n<audio class=\"wp-audio-shortcode\" id=\"audio-183990-3\" preload=\"none\" style=\"width: 100%;\" controls=\"controls\"><source type=\"audio\/mpeg\" src=\"https:\/\/www.radiopiu.net\/wordpress\/wp-content\/uploads\/2021\/01\/GIANNI-PRESEPIO-RIVAMONTE.mp3?_=3\" \/><a href=\"https:\/\/www.radiopiu.net\/wordpress\/wp-content\/uploads\/2021\/01\/GIANNI-PRESEPIO-RIVAMONTE.mp3\">https:\/\/www.radiopiu.net\/wordpress\/wp-content\/uploads\/2021\/01\/GIANNI-PRESEPIO-RIVAMONTE.mp3<\/a><\/audio>\n<p>&nbsp;<\/p>\n\n\t\t\t<style type='text\/css'>\n\t\t\t\t#gallery-6 {\n\t\t\t\t\tmargin: auto;\n\t\t\t\t}\n\t\t\t\t#gallery-6 .gallery-item {\n\t\t\t\t\tfloat: left;\n\t\t\t\t\tmargin-top: 10px;\n\t\t\t\t\ttext-align: center;\n\t\t\t\t\twidth: 33%;\n\t\t\t\t}\n\t\t\t\t#gallery-6 img {\n\t\t\t\t\tborder: 2px solid #cfcfcf;\n\t\t\t\t}\n\t\t\t\t#gallery-6 .gallery-caption {\n\t\t\t\t\tmargin-left: 0;\n\t\t\t\t}\n\t\t\t\t\/* see gallery_shortcode() in wp-includes\/media.php *\/\n\t\t\t<\/style>\n\t\t<div id='gallery-6' class='dt-gallery-container gallery galleryid-183990 gallery-columns-3 gallery-size-medium'><dl class='gallery-item'>\n\t\t\t\t<dt class='gallery-icon landscape'>\n\t\t\t\t\t<a class=\"rollover rollover-zoom dt-pswp-item\" title=\"5d5480b2-71b3-4cde-81cb-66e0521c7ca8\" data-dt-img-description=\"\" data-large_image_width=\"1600\" data-large_image_height=\"1200\"href='https:\/\/www.radiopiu.net\/wordpress\/wp-content\/uploads\/2021\/01\/5d5480b2-71b3-4cde-81cb-66e0521c7ca8.jpg'><img loading=\"lazy\" decoding=\"async\" width=\"300\" height=\"225\" src=\"https:\/\/www.radiopiu.net\/wordpress\/wp-content\/uploads\/2021\/01\/5d5480b2-71b3-4cde-81cb-66e0521c7ca8-300x225.jpg\" class=\"attachment-medium size-medium\" alt=\"\" aria-describedby=\"gallery-6-184137\" srcset=\"https:\/\/www.radiopiu.net\/wordpress\/wp-content\/uploads\/2021\/01\/5d5480b2-71b3-4cde-81cb-66e0521c7ca8-300x225.jpg 300w, https:\/\/www.radiopiu.net\/wordpress\/wp-content\/uploads\/2021\/01\/5d5480b2-71b3-4cde-81cb-66e0521c7ca8-1024x768.jpg 1024w, https:\/\/www.radiopiu.net\/wordpress\/wp-content\/uploads\/2021\/01\/5d5480b2-71b3-4cde-81cb-66e0521c7ca8-768x576.jpg 768w, https:\/\/www.radiopiu.net\/wordpress\/wp-content\/uploads\/2021\/01\/5d5480b2-71b3-4cde-81cb-66e0521c7ca8-1536x1152.jpg 1536w, https:\/\/www.radiopiu.net\/wordpress\/wp-content\/uploads\/2021\/01\/5d5480b2-71b3-4cde-81cb-66e0521c7ca8.jpg 1600w\" sizes=\"auto, (max-width: 300px) 100vw, 300px\" \/><\/a>\n\t\t\t\t<\/dt>\n\t\t\t\t\t<dd class='wp-caption-text gallery-caption' id='gallery-6-184137'>\n\t\t\t\t\tIL PRESEPIO COME SI PRESENTAVA\n\t\t\t\t\t<\/dd><\/dl><dl class='gallery-item'>\n\t\t\t\t<dt class='gallery-icon landscape'>\n\t\t\t\t\t<a class=\"rollover rollover-zoom dt-pswp-item\" title=\"7c21a3a1-4b4d-445b-849b-38e4ed50b5c3\" data-dt-img-description=\"\" data-large_image_width=\"1600\" data-large_image_height=\"1200\"href='https:\/\/www.radiopiu.net\/wordpress\/wp-content\/uploads\/2021\/01\/7c21a3a1-4b4d-445b-849b-38e4ed50b5c3.jpg'><img loading=\"lazy\" decoding=\"async\" width=\"300\" height=\"225\" src=\"https:\/\/www.radiopiu.net\/wordpress\/wp-content\/uploads\/2021\/01\/7c21a3a1-4b4d-445b-849b-38e4ed50b5c3-300x225.jpg\" class=\"attachment-medium size-medium\" alt=\"\" aria-describedby=\"gallery-6-184136\" srcset=\"https:\/\/www.radiopiu.net\/wordpress\/wp-content\/uploads\/2021\/01\/7c21a3a1-4b4d-445b-849b-38e4ed50b5c3-300x225.jpg 300w, https:\/\/www.radiopiu.net\/wordpress\/wp-content\/uploads\/2021\/01\/7c21a3a1-4b4d-445b-849b-38e4ed50b5c3-1024x768.jpg 1024w, https:\/\/www.radiopiu.net\/wordpress\/wp-content\/uploads\/2021\/01\/7c21a3a1-4b4d-445b-849b-38e4ed50b5c3-768x576.jpg 768w, https:\/\/www.radiopiu.net\/wordpress\/wp-content\/uploads\/2021\/01\/7c21a3a1-4b4d-445b-849b-38e4ed50b5c3-1536x1152.jpg 1536w, https:\/\/www.radiopiu.net\/wordpress\/wp-content\/uploads\/2021\/01\/7c21a3a1-4b4d-445b-849b-38e4ed50b5c3.jpg 1600w\" sizes=\"auto, (max-width: 300px) 100vw, 300px\" \/><\/a>\n\t\t\t\t<\/dt>\n\t\t\t\t\t<dd class='wp-caption-text gallery-caption' id='gallery-6-184136'>\n\t\t\t\t\tORA IN NOTTURNA&#8230;\n\t\t\t\t\t<\/dd><\/dl><dl class='gallery-item'>\n\t\t\t\t<dt class='gallery-icon landscape'>\n\t\t\t\t\t<a class=\"rollover rollover-zoom dt-pswp-item\" title=\"3e448150-f983-48d6-8794-16b55688be48\" data-dt-img-description=\"\" data-large_image_width=\"1600\" data-large_image_height=\"1200\"href='https:\/\/www.radiopiu.net\/wordpress\/wp-content\/uploads\/2021\/01\/3e448150-f983-48d6-8794-16b55688be48.jpg'><img loading=\"lazy\" decoding=\"async\" width=\"300\" height=\"225\" src=\"https:\/\/www.radiopiu.net\/wordpress\/wp-content\/uploads\/2021\/01\/3e448150-f983-48d6-8794-16b55688be48-300x225.jpg\" class=\"attachment-medium size-medium\" alt=\"\" aria-describedby=\"gallery-6-184138\" srcset=\"https:\/\/www.radiopiu.net\/wordpress\/wp-content\/uploads\/2021\/01\/3e448150-f983-48d6-8794-16b55688be48-300x225.jpg 300w, https:\/\/www.radiopiu.net\/wordpress\/wp-content\/uploads\/2021\/01\/3e448150-f983-48d6-8794-16b55688be48-1024x768.jpg 1024w, https:\/\/www.radiopiu.net\/wordpress\/wp-content\/uploads\/2021\/01\/3e448150-f983-48d6-8794-16b55688be48-768x576.jpg 768w, https:\/\/www.radiopiu.net\/wordpress\/wp-content\/uploads\/2021\/01\/3e448150-f983-48d6-8794-16b55688be48-1536x1152.jpg 1536w, https:\/\/www.radiopiu.net\/wordpress\/wp-content\/uploads\/2021\/01\/3e448150-f983-48d6-8794-16b55688be48.jpg 1600w\" sizes=\"auto, (max-width: 300px) 100vw, 300px\" \/><\/a>\n\t\t\t\t<\/dt>\n\t\t\t\t\t<dd class='wp-caption-text gallery-caption' id='gallery-6-184138'>\n\t\t\t\t\tORA DI GIORNO&#8230;\n\t\t\t\t\t<\/dd><\/dl><br style=\"clear: both\" \/>\n\t\t\t<\/div>\n\n<p>&nbsp;<\/p>\n<hr \/>\n<p>&nbsp;<\/p>\n<blockquote class=\"wp-embedded-content\" data-secret=\"5Ct1qu2tZ3\"><p><a href=\"https:\/\/www.radiopiu.net\/wordpress\/agg-gen10\/\">CORONAVIRUS: AGGIORNAMENTO NAZIONALE 10 GENNAIO 2021<\/a><\/p><\/blockquote>\n<p><iframe loading=\"lazy\" class=\"wp-embedded-content\" sandbox=\"allow-scripts\" security=\"restricted\" style=\"position: absolute; clip: rect(1px, 1px, 1px, 1px);\" title=\"&#8220;CORONAVIRUS: AGGIORNAMENTO NAZIONALE 10 GENNAIO 2021&#8221; &#8212; Radio Pi\u00f9\" src=\"https:\/\/www.radiopiu.net\/wordpress\/agg-gen10\/embed\/#?secret=5Ct1qu2tZ3\" data-secret=\"5Ct1qu2tZ3\" width=\"600\" height=\"338\" frameborder=\"0\" marginwidth=\"0\" marginheight=\"0\" scrolling=\"no\"><\/iframe><\/p>\n<p>&nbsp;<\/p>\n<hr \/>\n<p>&nbsp;<\/p>\n<blockquote class=\"wp-embedded-content\" data-secret=\"iFIKYgE4Kt\"><p><a href=\"https:\/\/www.radiopiu.net\/wordpress\/sono-1777-i-nuovi-positivi-in-veneto-delle-ultime-24-ore-ricoveri-in-deciso-aumento-53-decessi-a-belluno-i-negativizzati-doppiano-le-nuove-positvita\/\">SONO 1777 I NUOVI POSITIVI IN VENETO DELLE ULTIME 24 ORE. RICOVERI IN DECISO AUMENTO, 53 DECESSI. A BELLUNO I NEGATIVIZZATI DOPPIANO LE NUOVE POSITVITA&#8217;<\/a><\/p><\/blockquote>\n<p><iframe loading=\"lazy\" class=\"wp-embedded-content\" sandbox=\"allow-scripts\" security=\"restricted\" style=\"position: absolute; clip: rect(1px, 1px, 1px, 1px);\" title=\"&#8220;SONO 1777 I NUOVI POSITIVI IN VENETO DELLE ULTIME 24 ORE. RICOVERI IN DECISO AUMENTO, 53 DECESSI. A BELLUNO I NEGATIVIZZATI DOPPIANO LE NUOVE POSITVITA&#8217;&#8221; &#8212; Radio Pi\u00f9\" src=\"https:\/\/www.radiopiu.net\/wordpress\/sono-1777-i-nuovi-positivi-in-veneto-delle-ultime-24-ore-ricoveri-in-deciso-aumento-53-decessi-a-belluno-i-negativizzati-doppiano-le-nuove-positvita\/embed\/#?secret=iFIKYgE4Kt\" data-secret=\"iFIKYgE4Kt\" width=\"600\" height=\"338\" frameborder=\"0\" marginwidth=\"0\" marginheight=\"0\" scrolling=\"no\"><\/iframe><\/p>\n<p>&nbsp;<\/p>\n<hr \/>\n<p>&nbsp;<\/p>\n<blockquote>\n<h3>I GRAFICI DI TIZIANO DE COL<\/h3>\n<\/blockquote>\n\n\t\t\t<style type='text\/css'>\n\t\t\t\t#gallery-7 {\n\t\t\t\t\tmargin: auto;\n\t\t\t\t}\n\t\t\t\t#gallery-7 .gallery-item {\n\t\t\t\t\tfloat: left;\n\t\t\t\t\tmargin-top: 10px;\n\t\t\t\t\ttext-align: center;\n\t\t\t\t\twidth: 25%;\n\t\t\t\t}\n\t\t\t\t#gallery-7 img {\n\t\t\t\t\tborder: 2px solid #cfcfcf;\n\t\t\t\t}\n\t\t\t\t#gallery-7 .gallery-caption {\n\t\t\t\t\tmargin-left: 0;\n\t\t\t\t}\n\t\t\t\t\/* see gallery_shortcode() in wp-includes\/media.php *\/\n\t\t\t<\/style>\n\t\t<div id='gallery-7' class='dt-gallery-container gallery galleryid-183990 gallery-columns-4 gallery-size-medium'><dl class='gallery-item'>\n\t\t\t\t<dt class='gallery-icon landscape'>\n\t\t\t\t\t<a class=\"rollover rollover-zoom dt-pswp-item\" title=\"71cf5c0f-8abf-413c-bef2-f48582e7b34d\" data-dt-img-description=\"\" data-large_image_width=\"584\" data-large_image_height=\"348\"href='https:\/\/www.radiopiu.net\/wordpress\/wp-content\/uploads\/2021\/01\/71cf5c0f-8abf-413c-bef2-f48582e7b34d.jpg'><img loading=\"lazy\" decoding=\"async\" width=\"300\" height=\"179\" src=\"https:\/\/www.radiopiu.net\/wordpress\/wp-content\/uploads\/2021\/01\/71cf5c0f-8abf-413c-bef2-f48582e7b34d-300x179.jpg\" class=\"attachment-medium size-medium\" alt=\"\" srcset=\"https:\/\/www.radiopiu.net\/wordpress\/wp-content\/uploads\/2021\/01\/71cf5c0f-8abf-413c-bef2-f48582e7b34d-300x179.jpg 300w, https:\/\/www.radiopiu.net\/wordpress\/wp-content\/uploads\/2021\/01\/71cf5c0f-8abf-413c-bef2-f48582e7b34d.jpg 584w\" sizes=\"auto, (max-width: 300px) 100vw, 300px\" \/><\/a>\n\t\t\t\t<\/dt><\/dl><dl class='gallery-item'>\n\t\t\t\t<dt class='gallery-icon landscape'>\n\t\t\t\t\t<a class=\"rollover rollover-zoom dt-pswp-item\" title=\"17f79d50-6452-4626-807f-e2bcc9ca1fe3\" data-dt-img-description=\"\" data-large_image_width=\"600\" data-large_image_height=\"354\"href='https:\/\/www.radiopiu.net\/wordpress\/wp-content\/uploads\/2021\/01\/17f79d50-6452-4626-807f-e2bcc9ca1fe3.jpg'><img loading=\"lazy\" decoding=\"async\" width=\"300\" height=\"177\" src=\"https:\/\/www.radiopiu.net\/wordpress\/wp-content\/uploads\/2021\/01\/17f79d50-6452-4626-807f-e2bcc9ca1fe3-300x177.jpg\" class=\"attachment-medium size-medium\" alt=\"\" srcset=\"https:\/\/www.radiopiu.net\/wordpress\/wp-content\/uploads\/2021\/01\/17f79d50-6452-4626-807f-e2bcc9ca1fe3-300x177.jpg 300w, https:\/\/www.radiopiu.net\/wordpress\/wp-content\/uploads\/2021\/01\/17f79d50-6452-4626-807f-e2bcc9ca1fe3.jpg 600w\" sizes=\"auto, (max-width: 300px) 100vw, 300px\" \/><\/a>\n\t\t\t\t<\/dt><\/dl><dl class='gallery-item'>\n\t\t\t\t<dt class='gallery-icon landscape'>\n\t\t\t\t\t<a class=\"rollover rollover-zoom dt-pswp-item\" title=\"cb1fa785-7250-4f89-ba15-bb479d62f202\" data-dt-img-description=\"\" data-large_image_width=\"598\" data-large_image_height=\"354\"href='https:\/\/www.radiopiu.net\/wordpress\/wp-content\/uploads\/2021\/01\/cb1fa785-7250-4f89-ba15-bb479d62f202.jpg'><img loading=\"lazy\" decoding=\"async\" width=\"300\" height=\"178\" src=\"https:\/\/www.radiopiu.net\/wordpress\/wp-content\/uploads\/2021\/01\/cb1fa785-7250-4f89-ba15-bb479d62f202-300x178.jpg\" class=\"attachment-medium size-medium\" alt=\"\" srcset=\"https:\/\/www.radiopiu.net\/wordpress\/wp-content\/uploads\/2021\/01\/cb1fa785-7250-4f89-ba15-bb479d62f202-300x178.jpg 300w, https:\/\/www.radiopiu.net\/wordpress\/wp-content\/uploads\/2021\/01\/cb1fa785-7250-4f89-ba15-bb479d62f202.jpg 598w\" sizes=\"auto, (max-width: 300px) 100vw, 300px\" \/><\/a>\n\t\t\t\t<\/dt><\/dl><dl class='gallery-item'>\n\t\t\t\t<dt class='gallery-icon landscape'>\n\t\t\t\t\t<a class=\"rollover rollover-zoom dt-pswp-item\" title=\"b1689e02-4a8a-4052-8a61-e06fae20d8eb\" data-dt-img-description=\"\" data-large_image_width=\"602\" data-large_image_height=\"356\"href='https:\/\/www.radiopiu.net\/wordpress\/wp-content\/uploads\/2021\/01\/b1689e02-4a8a-4052-8a61-e06fae20d8eb.jpg'><img loading=\"lazy\" decoding=\"async\" width=\"300\" height=\"177\" src=\"https:\/\/www.radiopiu.net\/wordpress\/wp-content\/uploads\/2021\/01\/b1689e02-4a8a-4052-8a61-e06fae20d8eb-300x177.jpg\" class=\"attachment-medium size-medium\" alt=\"\" srcset=\"https:\/\/www.radiopiu.net\/wordpress\/wp-content\/uploads\/2021\/01\/b1689e02-4a8a-4052-8a61-e06fae20d8eb-300x177.jpg 300w, https:\/\/www.radiopiu.net\/wordpress\/wp-content\/uploads\/2021\/01\/b1689e02-4a8a-4052-8a61-e06fae20d8eb.jpg 602w\" sizes=\"auto, (max-width: 300px) 100vw, 300px\" \/><\/a>\n\t\t\t\t<\/dt><\/dl><br style=\"clear: both\" \/>\n\t\t\t<\/div>\n\n<p>&nbsp;<\/p>\n<hr \/>\n<p>&nbsp;<\/p>\n<blockquote>\n<h3>L&#8217;AGGIORNAMENTO SULLA SOMMINISTRAZIONE DEI VACCINI ANTI-COVID<\/h3>\n<\/blockquote>\n<a href=\"https:\/\/www.radiopiu.net\/wordpress\/wp-content\/uploads\/2021\/01\/2021.01.10_Report-ore-18.30.pdf\" class=\"pdfemb-viewer\" style=\"\" data-width=\"max\" data-height=\"max\" data-toolbar=\"top\" data-toolbar-fixed=\"on\">2021.01.10_Report ore 18.30<\/a>\n<p>&nbsp;<\/p>\n<hr \/>\n<p>&nbsp;<\/p>\n<blockquote>\n<h3>COVID-19. CISL VENETO CHIEDE TAVOLO SU SICUREZZA POSTI LAVORO E CAMPAGNA VACCINAZIONE. ZAIA, \u201cRIATTIVEREMO TAVOLI PER CONDURRE LA BATTAGLIA INSIEME\u201d<\/h3>\n<\/blockquote>\n<p><strong><a href=\"https:\/\/www.radiopiu.net\/wordpress\/mercato-del-lavoro-in-provincia-di-belluno\/lavoro\/\" rel=\"attachment wp-att-49672\"><img loading=\"lazy\" decoding=\"async\" class=\"size-medium wp-image-49672 alignleft\" src=\"https:\/\/www.radiopiu.net\/wordpress\/wp-content\/uploads\/2018\/05\/lavoro-300x169.jpg\" alt=\"\" width=\"300\" height=\"169\" srcset=\"https:\/\/www.radiopiu.net\/wordpress\/wp-content\/uploads\/2018\/05\/lavoro-300x169.jpg 300w, https:\/\/www.radiopiu.net\/wordpress\/wp-content\/uploads\/2018\/05\/lavoro-768x432.jpg 768w, https:\/\/www.radiopiu.net\/wordpress\/wp-content\/uploads\/2018\/05\/lavoro-1024x576.jpg 1024w, https:\/\/www.radiopiu.net\/wordpress\/wp-content\/uploads\/2018\/05\/lavoro.jpg 1280w\" sizes=\"auto, (max-width: 300px) 100vw, 300px\" \/><\/a>VENEZIA <\/strong>\u201c<em>Ritengo che stiamo combattendo una battaglia comune. L\u2019obbiettivo non \u00e8 quello di fare polemiche ma di fare in modo che si ammalino il minor numero possibile di persone. La proposta che la Cisl ci pone \u00e8 perfettamente su questa linea; accolgo la richiesta e, ben volentieri, do corso a quanto \u00e8 in mio potere per riattivare i tavoli che erano gi\u00e0 stati aperti in primavera<\/em>\u201d. Cos\u00ec il Presidente della Regione del Veneto, Luca Zaia, risponde al segretario della Cisl del Veneto, Gianfranco Refosco, che chiede l\u2019attivazione di un\u00a0\u00a0 tavolo di concertazione regionale al fine di aggiornare i protocolli di sicurezza nei posti di lavoro e procedere ad una campagna informativa a sostegno della vaccinazione. \u201c<em>Penso vada reso merito a chi pone la questione della vaccinazione, dimostrando molto senso di responsabilit\u00e0 \u2013 aggiunge il Governatore -. Dobbiamo, infatti, lavorare tutti insieme per venire fuori da questo incubo il pi\u00f9 velocemente possibile. Sono gi\u00e0 troppe le ricadute negative sotto il profilo occupazionale. Siamo entrati in questa triste vicenda il 21 febbraio che eravamo la regione con la minor disoccupazione in Italia, pari al 6,6%. Oggi ci ritroviamo con 65.000 posti di lavoro persi e non sappiamo ancora quanti ne verranno messi in discussione quando sar\u00e0 sbloccata la possibilit\u00e0 di licenziare. Posso soltanto comprendere lo spirito della richiesta del sindacato perch\u00e9, come ho detto, la battaglia \u00e8 comune e bisogna condurla insieme<\/em>\u201d.<\/p>\n<p>&nbsp;<\/p>\n<p>&nbsp;<\/p>\n<hr \/>\n<p>&nbsp;<\/p>\n<blockquote>\n<h3>IL MINISTRO FEDERICO D&#8217;INCA&#8217; PARLA DEI RISTORI E LO SCOSTAMENTO DI BILANCIO<\/h3>\n<\/blockquote>\n<p><strong><a href=\"https:\/\/www.radiopiu.net\/wordpress\/giornale-radiopiu-23-aprile-2020-direttore-mirko-mezzacasa\/federico-dinca-3\/\" rel=\"attachment wp-att-132319\"><img loading=\"lazy\" decoding=\"async\" class=\" wp-image-132319 alignleft\" src=\"https:\/\/www.radiopiu.net\/wordpress\/wp-content\/uploads\/2020\/04\/FEDERICO-DINCA-237x300.png\" alt=\"\" width=\"219\" height=\"277\" srcset=\"https:\/\/www.radiopiu.net\/wordpress\/wp-content\/uploads\/2020\/04\/FEDERICO-DINCA-237x300.png 237w, https:\/\/www.radiopiu.net\/wordpress\/wp-content\/uploads\/2020\/04\/FEDERICO-DINCA-808x1024.png 808w, https:\/\/www.radiopiu.net\/wordpress\/wp-content\/uploads\/2020\/04\/FEDERICO-DINCA-768x973.png 768w, https:\/\/www.radiopiu.net\/wordpress\/wp-content\/uploads\/2020\/04\/FEDERICO-DINCA.png 1018w\" sizes=\"auto, (max-width: 219px) 100vw, 219px\" \/><\/a>ROMA <\/strong>&#8220;<em>C\u2019\u00e8 una parte del Paese, quella che produce e che ha subito notevoli danni a causa dei cali di fatturato legati alle misure di contenimento della pandemia, che vuole delle legittime risposte. E questo \u00e8 quello che tutti noi dobbiamo impegnarci a fare, invece di perdere tempo prezioso a risolvere beghe politiche incomprensibili e inattuali. Serve un nuovo scostamento di bilancio e serve il prima possibile per poter erogare nuovi ristori alle categorie in difficolt\u00e0 come, ad esempio, ai gestori di impianti sciistici e agli operatori della montagna, agli alberghi, bar e ristoranti, alle realt\u00e0 imprenditoriali che vivono di turismo e che quest\u2019anno sono state molto penalizzate. Serve chiudere la partita del <a class=\"oajrlxb2 g5ia77u1 qu0x051f esr5mh6w e9989ue4 r7d6kgcz rq0escxv nhd2j8a9 nc684nl6 p7hjln8o kvgmc6g5 cxmmr5t8 oygrvhab hcukyx3x jb3vyjys rz4wbd8a qt6c0cv9 a8nywdso i1ao9s8h esuyzwwr f1sip0of lzcic4wl q66pz984 gpro0wi8 b1v8xokw\" tabindex=\"0\" role=\"link\" href=\"https:\/\/www.facebook.com\/hashtag\/recoveryplan?__eep__=6&amp;__cft__[0]=AZUtqzR5P0lqddN1qYo5hRxAkF6xGcvC5k5yX0hQkADUQ9hefeOJMuvCaT6mgNikTgdSkZa5pvNgNZk4VmWsxxMN_cv8YEzu3-SeNRBmXVOH5HmWkXB2Dl8OqEWSuvl-69BX4l3soH3JfkkicQ9NVTci&amp;__tn__=*NK-R\">#RecoveryPlan<\/a> per far arrivare il prima possibile i 209 miliardi dell\u2019Europa e far ripartire il Paese. Come gi\u00e0 successo in passato, per gli scostamenti di bilancio serve la collaborazione di tutti perch\u00e9, come dico da sempre, aiutare i nostri concittadini non \u00e8 un\u2019attivit\u00e0 che ha un colore politico. Ci sar\u00e0 un tempo in cui potremo occuparci della politica dei partiti, ma adesso servono unit\u00e0 e collaborazione per dare delle risposte concrete&#8221;<\/em>. Queste le parole del Ministro D&#8217;Inc\u00e0 su Facebook<\/p>\n<p>&nbsp;<\/p>\n<p>&nbsp;<\/p>\n<hr \/>\n<p>&nbsp;<\/p>\n<blockquote>\n<h3>VOCE ALLE PREOCCUPAZIONI DEGLI ADDETTI ALLA RICETTIVITA&#8217; NELLA &#8220;GUERRA&#8221; SOCIALE ED ECONOMICA<\/h3>\n<\/blockquote>\n<p><strong><a href=\"https:\/\/www.radiopiu.net\/wordpress\/dal-passo-campolongo-silvia-de-dorigo-delmonego-le-prospettive-per-il-natale\/silvia-de-dorigo-delmonego\/\" rel=\"attachment wp-att-178722\"><img loading=\"lazy\" decoding=\"async\" class=\"size-medium wp-image-178722 alignleft\" src=\"https:\/\/www.radiopiu.net\/wordpress\/wp-content\/uploads\/2020\/12\/SILVIA-DE-DORIGO-DELMONEGO-300x300.jpg\" alt=\"\" width=\"300\" height=\"300\" srcset=\"https:\/\/www.radiopiu.net\/wordpress\/wp-content\/uploads\/2020\/12\/SILVIA-DE-DORIGO-DELMONEGO-300x300.jpg 300w, https:\/\/www.radiopiu.net\/wordpress\/wp-content\/uploads\/2020\/12\/SILVIA-DE-DORIGO-DELMONEGO-150x150.jpg 150w, https:\/\/www.radiopiu.net\/wordpress\/wp-content\/uploads\/2020\/12\/SILVIA-DE-DORIGO-DELMONEGO.jpg 549w\" sizes=\"auto, (max-width: 300px) 100vw, 300px\" \/><\/a>LIVINALLONGO <\/strong>Silvia De Dorigo Del Monego esprime i problemi degli albergatori in questo periodo di pandemia.<\/p>\n<audio class=\"wp-audio-shortcode\" id=\"audio-183990-4\" preload=\"none\" style=\"width: 100%;\" controls=\"controls\"><source type=\"audio\/mpeg\" src=\"https:\/\/www.radiopiu.net\/wordpress\/wp-content\/uploads\/2021\/01\/SILVIA-DE-DORIGO-DEL-MONEGO.mp3?_=4\" \/><a href=\"https:\/\/www.radiopiu.net\/wordpress\/wp-content\/uploads\/2021\/01\/SILVIA-DE-DORIGO-DEL-MONEGO.mp3\">https:\/\/www.radiopiu.net\/wordpress\/wp-content\/uploads\/2021\/01\/SILVIA-DE-DORIGO-DEL-MONEGO.mp3<\/a><\/audio>\n<p>&nbsp;<\/p>\n<hr \/>\n<p>&nbsp;<\/p>\n<blockquote>\n<h3>FRATELLI D&#8217;ITALIA PROMUOVE UN&#8217;AZIONE GIUDIZIARIA DEI PUBBLICI ESERCIZI CONTRO LE CHIUSURE OBBLIGATE DAI DPCM<\/h3>\n<\/blockquote>\n<p><strong><a href=\"https:\/\/www.radiopiu.net\/wordpress\/la-spuntano-le-regioni\/ristorante\/\" rel=\"attachment wp-att-137077\"><img loading=\"lazy\" decoding=\"async\" class=\"size-medium wp-image-137077 alignleft\" src=\"https:\/\/www.radiopiu.net\/wordpress\/wp-content\/uploads\/2020\/05\/ristorante-300x200.jpg\" alt=\"\" width=\"300\" height=\"200\" srcset=\"https:\/\/www.radiopiu.net\/wordpress\/wp-content\/uploads\/2020\/05\/ristorante-300x200.jpg 300w, https:\/\/www.radiopiu.net\/wordpress\/wp-content\/uploads\/2020\/05\/ristorante-1024x683.jpg 1024w, https:\/\/www.radiopiu.net\/wordpress\/wp-content\/uploads\/2020\/05\/ristorante-768x512.jpg 768w, https:\/\/www.radiopiu.net\/wordpress\/wp-content\/uploads\/2020\/05\/ristorante-1536x1024.jpg 1536w, https:\/\/www.radiopiu.net\/wordpress\/wp-content\/uploads\/2020\/05\/ristorante.jpg 1920w\" sizes=\"auto, (max-width: 300px) 100vw, 300px\" \/><\/a>VENEZIA <\/strong>Sono gi\u00e0 centinaia le adesioni all&#8217;azione collettiva di risarcimento promossa da Fratelli d&#8217;Italia a sostegno dei gestori di ristoranti, bar e pubblici esercizi costretti alla chiusura dai vari DPCM. Con questa azione, FdI intende sostenere sul fronte logistico e procedurale tutto quel mondo economico che, come denunciano il senatore Luca De Carlo e il deputato Marco Osnato, \u201c\u00e8 stato ingiustamente messo in ginocchio dai provvedimenti del Governo che si sono susseguiti durante l&#8217;emergenza sanitaria da Covid-19. \u201c<em>Oltre ad aver evidenziato diverse criticit\u00e0 costituzionali, come gi\u00e0 rilevato da diverse corti\u201d, sottolinea infatti Osnato \u201ci vari DPCM hanno interpretato in maniera troppo restrittiva le indicazioni del Comitato Tecnico Scientifico, che mai nei suoi verbali ha chiesto la serrata serale dei locali, sottolineando invece le necessit\u00e0 di distanziamento e di adeguate misure di igiene, per le quali i ristoratori sono subito intervenuti anche con importanti investimenti resi inutili dall&#8217;imposizione delle chiusure<\/em>\u201d. \u201c<em>Fin dall&#8217;inizio della pandemia, siamo stati vicini alle categorie economiche colpite dalle chiusure e da una crisi senza precedenti\u201d, aggiunge De Carlo. \u201cOra, con questa azione, per la quale FdI si assumer\u00e0 interamente le spese, vogliamo sostenere chi \u00e8 stato ingiustamente colpito senza alcuna evidenza scientifica<\/em>\u201d. De Carlo e Osnato rimarcano poi come l&#8217;azione politica fatta da Fratelli d&#8217;Italia in Parlamento non sia stata recepita dal Governo: \u201c<em>Abbiamo presentato centinaia di emendamenti e di proposte, in aula e in commissione, tutte puntualmente bocciate. A questo punto, ci troviamo costretti a passare all&#8217;azione giudiziaria<\/em>\u201d.<\/p>\n<p>&nbsp;<\/p>\n<p>&nbsp;<\/p>\n<hr \/>\n<p>&nbsp;<\/p>\n<blockquote>\n<h3>VENETO IN ZONA ARANCIONE: CONTINUA LA SOFFERENZA DELLE ATTIVITA&#8217; COMMERCIALI<\/h3>\n<\/blockquote>\n<p><strong><a href=\"https:\/\/www.radiopiu.net\/wordpress\/giornale-radiopiu-15-02-2017-direttore-mirko-mezzacasa\/confartigianato-imprese-belluno\/\" rel=\"attachment wp-att-28523\"><img loading=\"lazy\" decoding=\"async\" class=\"size-full wp-image-28523 alignleft\" src=\"https:\/\/www.radiopiu.net\/wordpress\/wp-content\/uploads\/2017\/02\/confartigianato-imprese-belluno.jpg\" alt=\"\" width=\"170\" height=\"79\" \/><\/a>BELLUNO <\/strong><span class=\"s1\">Il Veneto finisce in \u201czona arancione\u201d e per le attivit\u00e0 economiche continua l\u2019agonia. Di fatto moltissime categorie proseguono nella paralisi lavorativa gi\u00e0 registrata a dicembre e durante le festivit\u00e0. \u00ab<em>Il grido di allarme che riceviamo dai nostri associati \u00e8 fortissimo e le imprese artigiane stanno faticando a reggere l\u2019urto delle nuove restrizioni<\/em>\u00bb afferma la presidente di Confartigianato Belluno, Claudia Scarzanella. \u00ab<em>Serve un\u2019erogazione rapida dei ristori pi\u00f9 volte annunciati, altrimenti c\u2019\u00e8 il rischio di arrivare a chiusure a raffica, con la conseguenza di una desertificazione economica e imprenditoriale destinata a colpire soprattutto le aree pi\u00f9 fragili e marginali della nostra montagna, con ricadute inevitabili sullo spopolamento e sulla demografia delle \u201cterre alte\u201d<\/em>\u00bb. <\/span><span class=\"s1\">Gli uffici di Confartigianato Belluno stanno seguendo da mesi l\u2019evolversi della situazione. Anche con interventi mirati ad agevolare le imprese associate. \u00ab<em>Tra le iniziative messe in campo, ricordo soprattutto le pressioni mosse a livello nazionale, con la struttura di Confartigianato, per posticipare a febbraio 2021 l\u2019avvio della lotteria degli scontrini, che costringe bar, ristoranti e attivit\u00e0 a ulteriori adempimenti burocratici &#8211; spiega il direttore di Confartigianato Belluno, Michele Basso -. A livello locale, invece, abbiamo ottenuto dalla Provincia un contributo di 100mila euro per bus operator e Ncc, con la garanzia di un tavolo in cui discutere le strategie future di sinergia tra pubblico e privato nel settore dei trasporti. In questo momento, la nuova \u201czona arancione\u201d sta mettendo in seria difficolt\u00e0 l\u2019organizzazione aziendale e la tenuta psicologica degli imprenditori. Tra i settori maggiormente colpiti registriamo bar, pasticcerie, ristoranti, ma anche le palestre che sono chiuse ormai da mesi, e tutto quello che ruota attorno al turismo. Per questo chiediamo che i ristori siano puntuali e sostanziosi, ma soprattutto calibrati sulle reali difficolt\u00e0. Che si misurano con i numeri, quindi col calo di fatturato e non a comparti stagni per categorie. Credo sia importante un metodo del genere per garantire la sopravvivenza delle attivit\u00e0<\/em>\u00bb. <\/span><span class=\"s1\">\u00ab<em>\u00c8 importante anche che la campagna vaccinale, su cui crediamo molto per poter ripartire presto e in sicurezza, riguardi anche le imprese e i lavoratori, che non devono essere messi in coda &#8211; aggiunge la presidente Scarzanella -. Venga data la possibilit\u00e0 agli artigiani di essere vaccinati in tempi rapidi, per poter garantire quei servizi sul territorio che le nostre attivit\u00e0 da sempre assicurano. Nel frattempo, rinnoviamo l\u2019appello ai bellunesi ad acquistare locale e artigiano anche dopo le festivit\u00e0: un piccolo aiuto non solo per le imprese, ma per tutto il territorio<\/em>\u00bb.<\/span><\/p>\n<p>&nbsp;<\/p>\n<p>&nbsp;<\/p>\n<hr \/>\n<p>&nbsp;<\/p>\n<blockquote>\n<h3 class=\"p1\"><span class=\"s1\">COVID, BOND (FI): \u00abPERCH\u00c9 NON SI \u00c8 COSTRUITO UN MODELLO DIFFERENZIATO PER LA MONTAGNA?\u00bb<\/span><\/h3>\n<\/blockquote>\n<p class=\"p1\"><span class=\"s1\"><strong><a href=\"https:\/\/www.radiopiu.net\/wordpress\/giornale-radiopiu-20-maggio-2020-direttore-mirko-mezzacasa\/dario-bond-11\/\" rel=\"attachment wp-att-138833\"><img loading=\"lazy\" decoding=\"async\" class=\"size-full wp-image-138833 alignleft\" src=\"https:\/\/www.radiopiu.net\/wordpress\/wp-content\/uploads\/2020\/05\/Dario-Bond.jpg\" alt=\"\" width=\"165\" height=\"228\" \/><\/a>ROMA<\/strong> \u00ab<em>Se la ratio \u00e8 quella di evitare gli assembramenti, la montagna \u00e8 stata penalizzata oltremisura. Si poteva tranquillamente pensare un modello differenziato per le zone con bassa concentrazione di popolazione<\/em>\u00bb. Lo dice in una nota il deputato di Forza Italia Dario Bond. <\/span><span class=\"s1\">\u00ab<em>Anche in questa domenica da zona arancione vediamo che molti escursionisti e scialpinisti hanno scelto di farsi un giro in montagna sulle Dolomiti e sulle Prealpi bellunesi. Una giornata all\u2019aria aperta, lontano dai luoghi dell\u2019assembramento cittadino, per ritemprarsi. Nessun assembramento e nessun rischio di contagio; di sicuro, meno rischi rispetto al fare la spesa al supermercato o nei centri commerciali. Allora perch\u00e9 non si \u00e8 costruito un modello differenziato? In un emendamento presentato il 10 dicembre l\u2019avevo previsto e chiesto, per tutta la montagna italiana. Del resto, gli escursionisti non mancheranno neanche nei prossimi fine settimana. Ma intanto bar, ristoranti e attivit\u00e0 sono costretti a rimanere chiusi, perdendo cos\u00ec un\u2019occasione importante per recuperare almeno parte del fatturato andato perso nelle ultime settimane<\/em>\u00bb.<\/span><\/p>\n<p>&nbsp;<\/p>\n<p>&nbsp;<\/p>\n<hr \/>\n<p>&nbsp;<\/p>\n<blockquote>\n<h3>FERROVIA: LA FELTRE &#8211; PRIMOLANO RIMANE TRA LE PRIORITA&#8217;<\/h3>\n<\/blockquote>\n<p><strong><a href=\"https:\/\/www.radiopiu.net\/wordpress\/giornale-radiopiu-05-gennaio-2019-direttore-mirko-mezzacasa\/download-479\/\" rel=\"attachment wp-att-71362\"><img loading=\"lazy\" decoding=\"async\" class=\"size-full wp-image-71362 alignleft\" src=\"https:\/\/www.radiopiu.net\/wordpress\/wp-content\/uploads\/2019\/01\/download-2.jpg\" alt=\"\" width=\"183\" height=\"276\" \/><\/a>BELLUNO <\/strong>\u00ab<em>Il collegamento ferroviario Feltre-Primolano resta una delle priorit\u00e0 per la Provincia di Belluno. Spiace constatare che non sia cos\u00ec anche per Trento. Da parte nostra continueremo a portare avanti il progetto in tutte le sedi opportune<\/em>\u00bb. \u00c8 quanto afferma il consigliere provinciale delegato alla mobilit\u00e0 Dario Scopel, alla lettura della risposta a un\u2019interrogazione avanzata nel consiglio provinciale trentino dell\u2019ottobre 2019. Una risposta in cui Maurizio Fugatti (presidente della Provincia autonoma) dice chiaramente che il collegamento ferroviario Feltre-Primolano \u00e8 stato oggetto di un\u2019istruttoria di Rfi, \u00ab<em>ma la priorit\u00e0 &#8211; a quanto pare &#8211; rimane la Rovereto-Riva del Garda<\/em>\u00bb. \u00ab<em>Una Provincia come quella di Trento, in cui le infrastrutture non mancano, pu\u00f2 benissimo considerare secondario il collegamento Feltre-Primolano. Da parte nostra invece, da parte di un territorio che deve scontare un certo isolamento e la mancanza di collegamenti, la Feltre-Primolano rappresenta una delle priorit\u00e0 per la parte bassa del nostro territorio. Penso soprattutto alla possibilit\u00e0 dei pendolari e degli studenti rivolti verso Trento. Ma penso anche allo sviluppo dell\u2019anello delle Dolomiti e agli scenari che potrebbero aprirsi a ridosso delle Olimpiadi. Abbiamo la necessit\u00e0 di portare avanti questo progetto ed \u00e8 quello che faremo. Come stiamo lavorando per l\u2019inserimento nella programmazione di qualche treno veloce. Con l\u2019elettrificazione non sarebbe male avere una freccia, via Feltre, che ci permetta di raggiungere in tempi rapidi Padova e la pianura<\/em>\u00bb.<\/p>\n<p>&nbsp;<\/p>\n<p>&nbsp;<\/p>\n<hr \/>\n<p>&nbsp;<\/p>\n<blockquote>\n<h3>COVID, CON AUTONOMI TRATTATI COME STATALI, AI PRIMI SPETTEREBBERO 250 MILIARDI: RISORSE PARI A QUELLE PREVISTE DAL RECOVERY PLAN E DALLA FINANZIARIA 2021<\/h3>\n<\/blockquote>\n<p><a class=\"dt-pswp-item\" href=\"https:\/\/www.radiopiu.net\/wordpress\/wp-content\/uploads\/2021\/01\/Schermata-2021-01-09-alle-11.54.24.png\" data-dt-img-description=\"\" data-large_image_width=\"1280\" data-large_image_height=\"736\"><img loading=\"lazy\" decoding=\"async\" class=\"alignleft size-medium wp-image-183912\" src=\"https:\/\/www.radiopiu.net\/wordpress\/wp-content\/uploads\/2021\/01\/Schermata-2021-01-09-alle-11.54.24-300x173.png\" alt=\"\" width=\"300\" height=\"173\" srcset=\"https:\/\/www.radiopiu.net\/wordpress\/wp-content\/uploads\/2021\/01\/Schermata-2021-01-09-alle-11.54.24-300x173.png 300w, https:\/\/www.radiopiu.net\/wordpress\/wp-content\/uploads\/2021\/01\/Schermata-2021-01-09-alle-11.54.24-1024x589.png 1024w, https:\/\/www.radiopiu.net\/wordpress\/wp-content\/uploads\/2021\/01\/Schermata-2021-01-09-alle-11.54.24-768x442.png 768w, https:\/\/www.radiopiu.net\/wordpress\/wp-content\/uploads\/2021\/01\/Schermata-2021-01-09-alle-11.54.24.png 1280w\" sizes=\"auto, (max-width: 300px) 100vw, 300px\" \/><\/a>Con la legge di Bilancio 2021 \u00e8 salito a 3,8 miliardi l\u2019importo a disposizione del fondo per il nuovo contratto di lavoro degli statali. Considerando gli effetti che questa decisione avr\u00e0 anche sui dipendenti delle amministrazioni periferiche, si raggiunge una disponibilit\u00e0 di spesa complessiva pari a 6,7 miliardi di euro: il 26 per cento in pi\u00f9 di quanto erogato a tutti i lavoratori del pubblico impiego nell\u2019ultimo rinnovo firmato nel 2018.<\/p>\n<p>Ebbene, se, con lo stesso \u201cslancio\u201d, fossero riconosciute alle attivit\u00e0 economiche che sono state costrette a chiudere per decreto o per DPCM sia le perdite di fatturato registrate l\u2019anno scorso sia un contributo aggiuntivo del 26 per cento, lo Stato dovrebbe conferire a questi imprenditori colpiti dal Covid poco pi\u00f9 di 250 miliardi di euro: un importo che sfiora la somma degli stanziamenti previsti dal Recovery plan e dalla legge di Bilancio per il 2021. La provocazione \u00e8 sollevata dalla CGIA.<\/p>\n<p>Ricordiamo che, fino ad oggi, a causa della pandemia, tutte le attivit\u00e0 economiche hanno ottenuto dall\u2019esecutivo &#8211; al netto delle agevolazioni in materia di credito e dell\u2019effetto dello slittamento di alcune scadenze fiscali &#8211; solo 29 miliardi di euro di aiuti diretti.<br \/>\nIntendiamoci, qualcuno potrebbe giudicare questa comparazione tra dipendenti pubblici e lavoratori autonomi insensata e, soprattutto, irriverente nei confronti dei primi che sono in attesa del rinnovo del contratto. Obiezioni, queste ultime, in parte condivisibili. Tuttavia, con questa forzatura vogliamo mettere in luce come una parte importante dell\u2019economia italiana &#8211; costituita da almeno 5 milioni di artigiani, commercianti, esercenti, albergatori e lavoratori autonomi &#8211; abbia subito perdite consistenti a causa delle chiusure imposte per decreto dal governo, non abbia beneficiato di indennizzi adeguati, sebbene da sempre non possono contare su alcun ammortizzatore sociale.<\/p>\n<p>A differenza dei lavoratori del pubblico impiego che, invece, di fronte a questa crisi economica senza precedenti non hanno corso alcun pericolo di perdere n\u00e9 il posto di lavoro n\u00e9 una parte del proprio reddito. Senza contare che tra i lavoratori della Pubblica Amministrazione \u00e8 stata molto elevata la quota di coloro che in questi mesi di Covid ha potuto sperimentare lo smart working, riuscendo a conciliare meglio il lavoro con gli impegni familiari e il tempo libero, beneficiando anche dell\u2019azzeramento dei costi di trasporto e di quelli legati alla pausa pranzo.<\/p>\n<p>\u201cLe crisi economiche \u2013 esordisce il coordinatore dell\u2019Ufficio studi Paolo Zabeo &#8211; non sono mai democratiche. Anche questa volta, infatti, a pagare il conto pi\u00f9 salato saranno le persone pi\u00f9 fragili, come le donne e i giovani. E se questi ultimi sono anche titolari di una partita Iva, i disagi aumentano esponenzialmente. Per questo motivo \u00e8 giunto il momento di creare una rete di protezione sociale finalmente universale che coinvolga tutti: lavoratori autonomi e lavoratori dipendenti sia del pubblico che del privato. Sia chiaro, questa strada va perseguita senza togliere le garanzie gi\u00e0 acquisite dai lavoratori subordinati, ma allargando le tutele anche a coloro che ne sono attualmente sprovvisti, utilizzando, in prima battuta, le risorse che spenderemo per il cashback. Un provvedimento, questo, che assume sempre pi\u00f9 i contorni di una vera iattura. Nei prossimi 2 anni, infatti, coster\u00e0 alle casse dello Stato quasi 5 miliardi di euro che scandalosamente regaleremo alle persone pi\u00f9 ricche. Risorse, invece, che sarebbero da utilizzare per sostenere le tante partite Iva che a causa del Covid e delle chiusure imposte per decreto rischiano di abbassare definitivamente la saracinesca\u201d.<br \/>\n\u201cE\u2019 comunque doveroso sottolineare \u2013 afferma il segretario Renato Mason \u2013 che con la legge di Bilancio per l\u2019anno in corso il Governo ha cominciato a fare qualche piccolo passo nella giusta direzione, anche se siamo ancora in una fase embrionale e del tutto insufficiente. Sebbene in misura ancora troppo timida e incerta, comincia a prendere forma un welfare pi\u00f9 equo e solidale che estende i suoi effetti anche al popolo delle partite Iva. Un sistema che poggia sull\u2019esonero parziale dei contributi Inps dovuti dai lavoratori autonomi e dai liberi professionisti, finanziato tuttavia da un fondo di copertura pari a un solo miliardo di euro, e sull\u2019introduzione dell\u2019identit\u00e0 straordinaria di continuit\u00e0 reddituale e operativa, vale a dire una specie di cassaintegrazione a sostegno del reddito dei professionisti iscritti alla gestione separata Inps. La strada \u00e8 stata tracciata, ora bisogna proseguire su questo versante investendo pi\u00f9 risorse e con maggiore determinazione, perch\u00e9 non \u00e8 pi\u00f9 accettabile, come ha dimostrato questa crisi pandemica, che alcuni lavoratori siano pressoch\u00e9 immuni da qualsiasi rischio e altri non possano usufruire di alcun ammortizzatore sociale in caso di difficolt\u00e0\u201d.<\/p>\n<p>L\u2019Ufficio studi della CGIA, infine, segnala che l\u2019ultimo contratto siglato dai dipendenti pubblici \u00e8 stato firmato nel 2018 ed ha interessato il triennio 2016-2018. L\u2019accordo \u00e8 arrivato dopo quasi un decennio di blocco degli stipendi imposto per legge. Analizzando l\u2019andamento della retribuzione lorda media nel pubblico impiego, si evince, che tra il 2010 e il 2019 l\u2019incremento \u00e8 stato del 4 per cento (l\u2019inflazione, invece, nello stesso periodo \u00e8 salita del 10,5 per cento). Se in questo decennio gli aumenti contrattuali a causa del blocco non hanno subito aumenti significativi, nel quindicennio precedente (1995-2009) l\u2019innalzamento della spesa fu esponenziale: +72 per cento contro una crescita media dell\u2019inflazione del 40 per cento. A seguito di questa impennata dei costi delle retribuzioni dei lavoratori del pubblico impiego, il Governo Berlusconi IV e successivamente anche gli esecutivi Monti, Letta e Renzi decisero di sterilizzarne gli aumenti per quasi 10 anni, con l\u2019obbiettivo, in parte raggiunto, di frenare la spesa pubblica di natura corrente.<\/p>\n<p>&nbsp;<\/p>\n<p>&nbsp;<\/p>\n<hr \/>\n<p>&nbsp;<\/p>\n<blockquote>\n<h3>IL MAESTRO RAFFAELE DE GIACOMETTI DI PEDAVENA VINCE IL 47\u00b0 PREMIO INTERNAZIONALE DI COMPOSIZIONE \u201cGUIDO D\u2019AREZZO\u201d<\/h3>\n<\/blockquote>\n<p><em><a href=\"https:\/\/www.radiopiu.net\/wordpress\/il-maestro-raffaele-de-giacometti-di-pedavena-vince-il-47-premio-internazionale-di-composizione-guido-darezzo\/raffaele-de-giacometti\/\" rel=\"attachment wp-att-183957\"><img loading=\"lazy\" decoding=\"async\" class=\"size-medium wp-image-183957 alignleft\" src=\"https:\/\/www.radiopiu.net\/wordpress\/wp-content\/uploads\/2021\/01\/raffaele-de-giacometti-300x200.jpg\" alt=\"\" width=\"300\" height=\"200\" srcset=\"https:\/\/www.radiopiu.net\/wordpress\/wp-content\/uploads\/2021\/01\/raffaele-de-giacometti-300x200.jpg 300w, https:\/\/www.radiopiu.net\/wordpress\/wp-content\/uploads\/2021\/01\/raffaele-de-giacometti-1024x682.jpg 1024w, https:\/\/www.radiopiu.net\/wordpress\/wp-content\/uploads\/2021\/01\/raffaele-de-giacometti-768x512.jpg 768w, https:\/\/www.radiopiu.net\/wordpress\/wp-content\/uploads\/2021\/01\/raffaele-de-giacometti-1536x1023.jpg 1536w, https:\/\/www.radiopiu.net\/wordpress\/wp-content\/uploads\/2021\/01\/raffaele-de-giacometti.jpg 1996w\" sizes=\"auto, (max-width: 300px) 100vw, 300px\" \/><\/a>di<\/em> <strong>DINO BRIDDA<\/strong><\/p>\n<p>Parla feltrino il 47\u00b0 concorso internazionale di composizione \u201cGuido d\u2019Arezzo\u201d che \u00e8 un corollario integrativo e interattivo del celebre ed omonimo concorso internazionale di canto corale la cui prima edizione si tenne nel 1952. In quest\u2019ultima edizione si \u00e8 imposto il giovane compositore Raffaele De Giacometti con il brano \u201cOtra cancion\u201d che ha ottenuto il voto di 89,6\/100 da una qualificata giuria composta da nomi prestigiosi di musicisti di varie nazioni. De Giacometti ha studiato composizione al conservatorio \u201cA. Steffani\u201d di Castelfranco Veneto diplomandosi con il massimo dei voti. Ha al suo attivo numerosi master in direzione d\u2019orchestra per i quali ha ottenuto due borse di studio in Scozia. Nutrito \u00e8 il palmares di premi nazionali e internazionali per la composizione ricevuti a concorsi in Giappone, Finlandia, Repubblica Ceca, nonch\u00e9 a Trento e a Firenze. Va ricordato che egli si classific\u00f2 al terzo posto nell\u2019edizione 2012 del concorso aretino da lui vinto quest\u2019anno e che nel 2009 gli \u00e8 stato conferito un riconoscimento dal \u201cLion\u2019s Club\u201d di Feltre, mentre nel 2013 il Comune di Pedavena, suo paese di origine, gli ha reso omaggio per i successi ottenuti a livello nazionale e internazionale attraverso l\u2019organizzazione di un concerto monografico. Il catalogo delle sue composizioni include pi\u00f9 di cinquanta brani per organici differenti di musica vocale, corale, da camera, orchestrale, operistica ed elettroacustica che vengono eseguiti nei pi\u00f9 importanti festival e rassegne musicali mondiali. De Giacometti \u00e8 inoltre direttore di coro. Nel 2017 \u00e8 stato nominato direttore artistico e musicale del Cathures Choir di Glasgow, con il quale si propone di valorizzare principalmente il repertorio musicale rinascimentale e contemporaneo. Dal 2009 al 2015 \u00e8 stato direttore artistico e musicale della Schola Cantorum di Pedavena con la quale ha realizzato vari concerti e progetti musicali, tra cui la prima esecuzione assoluta del suo \u201cStabat Mater\u201d per soli, coro e orchestra in collaborazione con la VenetOrchestra. Attualmente egli \u00e8 docente di Teoria, Ritmica e Percezione Musicale al Conservatorio \u201cA. Casella\u201d dell&#8217;Aquila. Commentando la vittoria di De Giacometti ad Arezzo il maestro Manolo Da Rold, direttore della Corale Zumellese, ha sottolineato: \u00abTra gli autori di musica contemporanea De Giacometti si \u00e8 di certo conquistato una posizione di primo piano\u00bb.<\/p>\n<p>&nbsp;<\/p>\n<p>&nbsp;<\/p>\n<hr \/>\n<p>&nbsp;<\/p>\n<blockquote>\n<h3>IL FENOMENO MIGRATORIO A SEDICO IN \u201cRICORDANDO, STORIA E IMMAGINI\u201d<\/h3>\n<\/blockquote>\n<p><strong>di Renato Bona<\/strong><\/p>\n<p>Per chi come noi ha sempre avuto a cuore i problemi degli emigranti nel ricordo di una carissima zia materna: Emi Bondioli, ed \u00e8 stato anche dirigente della \u201cBellunesi nel mondo\u201d, \u00e8 risultato decisamente prezioso il contributo del pubblicista prof. Egidio Pasuch che nel libro \u201cRicordando. Storia e immagini del comune di Sedico\u201d, ha curato il capitolo intitolato \u201cIl fenomeno migratorio a Sedico\u201d. Il volume, edito nel marzo 1986 per i tipi della tipografia Piave, dall\u2019Istituto bellunese di ricerche sociali e culturali presieduto dal prof. don Sergio Sacco \u00e8 iniziativa apprezzata del Comune di Sedico, all\u2019epoca guidato dal sindaco Sergio De Cian, e della Biblioteca civica, ed ha goduto del contributo di Cassa di Risparmio di Verona, Vicenza e Belluno, Regione Veneto e Comunit\u00e0 Montana Bellunese. Hanno collaborato alla realizzazione &#8211; che seguiva l\u2019allestimento nell\u2019autunno 1984 della mostra fotografica \u201cRicordando\u201d su aspetti della vita nel comune di Sedico tra Ottocento e Novecento &#8211; oltre agli autori dei singoli capitoli, Dolores Cortina e Farzia Taglietti, componenti del Comitato della Biblioteca. Pasuch esordisce affermando che una storia dell\u2019emigrazione in comune di Sedico nasce condizionata da difficolt\u00e0 enormi nel quantificare il fenomeno pur se esistono alcuni dati approssimativi e condizionati da incertezze e distinguo, e tuttavia ci\u00f2 che le fonti e l\u2019occasione consentono \u00e8 la ricerca in sede comunale di un riscontro o di una serie di riscontri a quello che \u00e8 il fenomeno migratorio nel Veneto e nel Bellunese. Analizza quindi il fenomeno dell\u2019emigrazione nella montagna veneta, poi quello specifico dell\u2019emigrazione nella Val Belluna ricordando che \u201cFu l\u2019America ad abbagliare i primi emigranti che decisero di lasciare definitivamente la patria. Ma non per questo venne a mancare il peso comunque rilevante, seppur di gran lunga inferiore a quello di altri distretti dell\u2019emigrazione\u201d. Infatti: \u201cFin dalla prima guerra mondiale l\u2019emigrazione, quasi sempre temporanea, si diresse soprattutto verso Austria, Germania, Svizzera e Lussemburgo. La guerra ridusse notevolmente le proporzioni dell\u2019emigrazione temporanea che divenne insignificante, negli anni del conflitto, ma che riassunse subito dopo quote elevate. Nuove furono questa volta le mete: Francia e Belgio avevano una domanda di manodopera molto elevata, dati i danni apportati dal conflitto. E l\u2019emigrazione parl\u00f2 per qualche anno soprattutto francese\u201d. Segue la \u201cfotografia\u201d dell\u2019emigrazione da Sedico prima della Grande guerra (secondo dati forniti dall\u2019Errera e relativi al 1869 vi erano a Sedico, all\u2019indomani dell\u2019unit\u00e0, 232 emigranti su una popolazione di circa 3700 abitanti, la massima parte dei quali dediti al lavoro dei campi dal momento che i primi stabilimenti \u201cindustriali\u201d non erano in grado di dare lavoro che a poche decine di operai e altre attivit\u00e0 artigianali o industriali di rilievo Sedico non poteva vantarne. L\u2019emigrazione sedicense pertanto ritrova le sue cause negli stessi fattori che determinarono il fenomeno in ambiti pi\u00f9 vasti. Una curiosit\u00e0: \u201cNei registri parrocchiali la prima partenza alla volta di un paese americano risale al 1876. Il 30 settembre di quell\u2019anno infatti partirono per il Venezuela Giovanni Battista Bristot assieme alla famiglia di Giacomo Cugnago, coloni di Bribano\u2026\u201d. Ed eccoci &#8211; sempre sulla base di quanto scritto da Egidio Pasuch &#8211; all\u2019emigrazione nel primo dopoguerra: \u201cUn quadro piuttosto originale della realt\u00e0 sedicense \u00e8 offerto dagli articoli e dalle rubriche che don Luigi Fiori, parroco di Sedico, pubblic\u00f2 piuttosto frequentemente a partire dal 1925 sul \u2018Bollettino parrocchiale\u2019\u201d scrivendo fra l\u2019altro: \u201cSono contento che la buona parola possa arrivare ai tanti parrocchiani dispersi nelle terre infuocate della Libia, sulle montagne gelate della Svizzera, nei paesi devastati della Francia ed oltre Oceano\u2026 Lontani come saranno molti dalle chiese, leggeranno volentieri sul \u2018Bollettino\u2019 un pensiero religioso che verr\u00e0 a sollevare il loro spirito\u2026 vada il mio saluto e l\u2019augurio che possano ritornare in seno alle loro famiglie con un giusto compenso delle loro fatiche\u201d. Emerge ad ogni modo che \u201cL\u2019emigrazione non era, come qualcuno allora sosteneva, una scelta di comodo dettata dal desiderio di guadagni. E\u2019 questa la stagione (febbraio) in cui anche tante ragazze corrono nelle citt\u00e0 per collocarsi a servizio in qualche famiglia. Uno spettacolo, questo, che sembrava al parroco per lo meno particolarmente triste \u2018perch\u00e9 si sa a quali pericoli sono esposte nella loro inesperienza e quanto cambiate (raramente in meglio) ritornano dopo qualche anno\u2019\u201d. L\u2019autore, in conclusione ricorda che: \u201cNella Relazione sulla struttura e sull\u2019andamento demografico della provincia di Belluno nel 1931 un primo dato risulta con una certa evidenza: il calo della popolazione residente in comune di Sedico tra il 1921 ed il 1931. Gli abitanti nel 1921 erano 6.772; quelli del 1931 erano 6.505. Un calo di ben 267 unit\u00e0 che il Consiglio dell\u2019economato corporativo spiegava con l\u2019emigrazione che la crisi del dopoguerra aveva incrementato) che andava trasformandosi sempre pi\u00f9 in permanente\u201d. Ed \u00e8 per porre fine a questo esodo dalla provincia che \u201cIl Governo aveva preso dei provvedimenti concretizzatisi in un piano di intervento del 1927 che prevedeva rimboschimenti, sistemazioni di bacini montani, miglioramento di pascoli e potenziamento del turismo. Ma pi\u00f9 di questi provvedimenti pot\u00e9 la crisi stessa che colp\u00ec prima gli Stati Uniti e poi, di conseguenza, l\u2019Europa ancora alle prese con i debiti contratti per la ricostruzione\u201d.<\/p>\n\n\t\t\t<style type='text\/css'>\n\t\t\t\t#gallery-8 {\n\t\t\t\t\tmargin: auto;\n\t\t\t\t}\n\t\t\t\t#gallery-8 .gallery-item {\n\t\t\t\t\tfloat: left;\n\t\t\t\t\tmargin-top: 10px;\n\t\t\t\t\ttext-align: center;\n\t\t\t\t\twidth: 14%;\n\t\t\t\t}\n\t\t\t\t#gallery-8 img {\n\t\t\t\t\tborder: 2px solid #cfcfcf;\n\t\t\t\t}\n\t\t\t\t#gallery-8 .gallery-caption {\n\t\t\t\t\tmargin-left: 0;\n\t\t\t\t}\n\t\t\t\t\/* see gallery_shortcode() in wp-includes\/media.php *\/\n\t\t\t<\/style>\n\t\t<div id='gallery-8' class='dt-gallery-container gallery galleryid-183990 gallery-columns-7 gallery-size-thumbnail'><dl class='gallery-item'>\n\t\t\t\t<dt class='gallery-icon portrait'>\n\t\t\t\t\t<a class=\"rollover rollover-zoom dt-pswp-item\" title=\"137589874_1169761940088550_7059388265889031525_n\" data-dt-img-description=\"\" data-large_image_width=\"1744\" data-large_image_height=\"2560\"href='https:\/\/www.radiopiu.net\/wordpress\/wp-content\/uploads\/2021\/01\/137589874_1169761940088550_7059388265889031525_n-scaled.jpg'><img loading=\"lazy\" decoding=\"async\" width=\"150\" height=\"150\" src=\"https:\/\/www.radiopiu.net\/wordpress\/wp-content\/uploads\/2021\/01\/137589874_1169761940088550_7059388265889031525_n-150x150.jpg\" class=\"attachment-thumbnail size-thumbnail\" alt=\"\" \/><\/a>\n\t\t\t\t<\/dt><\/dl><dl class='gallery-item'>\n\t\t\t\t<dt class='gallery-icon landscape'>\n\t\t\t\t\t<a class=\"rollover rollover-zoom dt-pswp-item\" title=\"137560877_248966863307167_624137349683048786_n\" data-dt-img-description=\"\" data-large_image_width=\"2560\" data-large_image_height=\"1653\"href='https:\/\/www.radiopiu.net\/wordpress\/wp-content\/uploads\/2021\/01\/137560877_248966863307167_624137349683048786_n-scaled.jpg'><img loading=\"lazy\" decoding=\"async\" width=\"150\" height=\"150\" src=\"https:\/\/www.radiopiu.net\/wordpress\/wp-content\/uploads\/2021\/01\/137560877_248966863307167_624137349683048786_n-150x150.jpg\" class=\"attachment-thumbnail size-thumbnail\" alt=\"\" \/><\/a>\n\t\t\t\t<\/dt><\/dl><dl class='gallery-item'>\n\t\t\t\t<dt class='gallery-icon landscape'>\n\t\t\t\t\t<a class=\"rollover rollover-zoom dt-pswp-item\" title=\"138061549_2855540734763070_1872972171290818207_n\" data-dt-img-description=\"\" data-large_image_width=\"2560\" data-large_image_height=\"1499\"href='https:\/\/www.radiopiu.net\/wordpress\/wp-content\/uploads\/2021\/01\/138061549_2855540734763070_1872972171290818207_n-scaled.jpg'><img loading=\"lazy\" decoding=\"async\" width=\"150\" height=\"150\" src=\"https:\/\/www.radiopiu.net\/wordpress\/wp-content\/uploads\/2021\/01\/138061549_2855540734763070_1872972171290818207_n-150x150.jpg\" class=\"attachment-thumbnail size-thumbnail\" alt=\"\" \/><\/a>\n\t\t\t\t<\/dt><\/dl><dl class='gallery-item'>\n\t\t\t\t<dt class='gallery-icon landscape'>\n\t\t\t\t\t<a class=\"rollover rollover-zoom dt-pswp-item\" title=\"137585715_2909820495956731_1880379647462079101_n\" data-dt-img-description=\"\" data-large_image_width=\"2560\" data-large_image_height=\"1422\"href='https:\/\/www.radiopiu.net\/wordpress\/wp-content\/uploads\/2021\/01\/137585715_2909820495956731_1880379647462079101_n-scaled.jpg'><img loading=\"lazy\" decoding=\"async\" width=\"150\" height=\"150\" src=\"https:\/\/www.radiopiu.net\/wordpress\/wp-content\/uploads\/2021\/01\/137585715_2909820495956731_1880379647462079101_n-150x150.jpg\" class=\"attachment-thumbnail size-thumbnail\" alt=\"\" \/><\/a>\n\t\t\t\t<\/dt><\/dl><dl class='gallery-item'>\n\t\t\t\t<dt class='gallery-icon landscape'>\n\t\t\t\t\t<a class=\"rollover rollover-zoom dt-pswp-item\" title=\"137626748_395648245055379_5336251663679708558_n\" data-dt-img-description=\"\" data-large_image_width=\"2560\" data-large_image_height=\"1642\"href='https:\/\/www.radiopiu.net\/wordpress\/wp-content\/uploads\/2021\/01\/137626748_395648245055379_5336251663679708558_n-scaled.jpg'><img loading=\"lazy\" decoding=\"async\" width=\"150\" height=\"150\" src=\"https:\/\/www.radiopiu.net\/wordpress\/wp-content\/uploads\/2021\/01\/137626748_395648245055379_5336251663679708558_n-150x150.jpg\" class=\"attachment-thumbnail size-thumbnail\" alt=\"\" \/><\/a>\n\t\t\t\t<\/dt><\/dl><dl class='gallery-item'>\n\t\t\t\t<dt class='gallery-icon landscape'>\n\t\t\t\t\t<a class=\"rollover rollover-zoom dt-pswp-item\" title=\"137523902_404257834018636_1085142366585710701_n\" data-dt-img-description=\"\" data-large_image_width=\"2560\" data-large_image_height=\"1662\"href='https:\/\/www.radiopiu.net\/wordpress\/wp-content\/uploads\/2021\/01\/137523902_404257834018636_1085142366585710701_n-scaled.jpg'><img loading=\"lazy\" decoding=\"async\" width=\"150\" height=\"150\" src=\"https:\/\/www.radiopiu.net\/wordpress\/wp-content\/uploads\/2021\/01\/137523902_404257834018636_1085142366585710701_n-150x150.jpg\" class=\"attachment-thumbnail size-thumbnail\" alt=\"\" \/><\/a>\n\t\t\t\t<\/dt><\/dl><dl class='gallery-item'>\n\t\t\t\t<dt class='gallery-icon landscape'>\n\t\t\t\t\t<a class=\"rollover rollover-zoom dt-pswp-item\" title=\"138047906_408146243580975_7625151433369526897_n\" data-dt-img-description=\"\" data-large_image_width=\"2560\" data-large_image_height=\"1626\"href='https:\/\/www.radiopiu.net\/wordpress\/wp-content\/uploads\/2021\/01\/138047906_408146243580975_7625151433369526897_n-scaled.jpg'><img loading=\"lazy\" decoding=\"async\" width=\"150\" height=\"150\" src=\"https:\/\/www.radiopiu.net\/wordpress\/wp-content\/uploads\/2021\/01\/138047906_408146243580975_7625151433369526897_n-150x150.jpg\" class=\"attachment-thumbnail size-thumbnail\" alt=\"\" \/><\/a>\n\t\t\t\t<\/dt><\/dl><br style=\"clear: both\" \/><dl class='gallery-item'>\n\t\t\t\t<dt class='gallery-icon portrait'>\n\t\t\t\t\t<a class=\"rollover rollover-zoom dt-pswp-item\" title=\"137706528_426072208517598_1774295012544466054_n\" data-dt-img-description=\"\" data-large_image_width=\"1851\" data-large_image_height=\"2560\"href='https:\/\/www.radiopiu.net\/wordpress\/wp-content\/uploads\/2021\/01\/137706528_426072208517598_1774295012544466054_n-scaled.jpg'><img loading=\"lazy\" decoding=\"async\" width=\"150\" height=\"150\" src=\"https:\/\/www.radiopiu.net\/wordpress\/wp-content\/uploads\/2021\/01\/137706528_426072208517598_1774295012544466054_n-150x150.jpg\" class=\"attachment-thumbnail size-thumbnail\" alt=\"\" \/><\/a>\n\t\t\t\t<\/dt><\/dl><dl class='gallery-item'>\n\t\t\t\t<dt class='gallery-icon portrait'>\n\t\t\t\t\t<a class=\"rollover rollover-zoom dt-pswp-item\" title=\"138036869_459852481848272_8530390525834314816_n\" data-dt-img-description=\"\" data-large_image_width=\"1905\" data-large_image_height=\"2138\"href='https:\/\/www.radiopiu.net\/wordpress\/wp-content\/uploads\/2021\/01\/138036869_459852481848272_8530390525834314816_n.jpg'><img loading=\"lazy\" decoding=\"async\" width=\"150\" height=\"150\" src=\"https:\/\/www.radiopiu.net\/wordpress\/wp-content\/uploads\/2021\/01\/138036869_459852481848272_8530390525834314816_n-150x150.jpg\" class=\"attachment-thumbnail size-thumbnail\" alt=\"\" \/><\/a>\n\t\t\t\t<\/dt><\/dl><dl class='gallery-item'>\n\t\t\t\t<dt class='gallery-icon landscape'>\n\t\t\t\t\t<a class=\"rollover rollover-zoom dt-pswp-item\" title=\"138141372_688622855158676_4869441605696454616_n\" data-dt-img-description=\"\" data-large_image_width=\"2560\" data-large_image_height=\"1483\"href='https:\/\/www.radiopiu.net\/wordpress\/wp-content\/uploads\/2021\/01\/138141372_688622855158676_4869441605696454616_n-scaled.jpg'><img loading=\"lazy\" decoding=\"async\" width=\"150\" height=\"150\" src=\"https:\/\/www.radiopiu.net\/wordpress\/wp-content\/uploads\/2021\/01\/138141372_688622855158676_4869441605696454616_n-150x150.jpg\" class=\"attachment-thumbnail size-thumbnail\" alt=\"\" \/><\/a>\n\t\t\t\t<\/dt><\/dl><dl class='gallery-item'>\n\t\t\t\t<dt class='gallery-icon landscape'>\n\t\t\t\t\t<a class=\"rollover rollover-zoom dt-pswp-item\" title=\"137588633_690897511590535_6654526188442611826_n\" data-dt-img-description=\"\" data-large_image_width=\"2560\" data-large_image_height=\"1730\"href='https:\/\/www.radiopiu.net\/wordpress\/wp-content\/uploads\/2021\/01\/137588633_690897511590535_6654526188442611826_n-scaled.jpg'><img loading=\"lazy\" decoding=\"async\" width=\"150\" height=\"150\" src=\"https:\/\/www.radiopiu.net\/wordpress\/wp-content\/uploads\/2021\/01\/137588633_690897511590535_6654526188442611826_n-150x150.jpg\" class=\"attachment-thumbnail size-thumbnail\" alt=\"\" \/><\/a>\n\t\t\t\t<\/dt><\/dl><dl class='gallery-item'>\n\t\t\t\t<dt class='gallery-icon landscape'>\n\t\t\t\t\t<a class=\"rollover rollover-zoom dt-pswp-item\" title=\"137366462_800198307198958_7498702372005341861_n\" data-dt-img-description=\"\" data-large_image_width=\"2560\" data-large_image_height=\"1576\"href='https:\/\/www.radiopiu.net\/wordpress\/wp-content\/uploads\/2021\/01\/137366462_800198307198958_7498702372005341861_n-scaled.jpg'><img loading=\"lazy\" decoding=\"async\" width=\"150\" height=\"150\" src=\"https:\/\/www.radiopiu.net\/wordpress\/wp-content\/uploads\/2021\/01\/137366462_800198307198958_7498702372005341861_n-150x150.jpg\" class=\"attachment-thumbnail size-thumbnail\" alt=\"\" \/><\/a>\n\t\t\t\t<\/dt><\/dl><dl class='gallery-item'>\n\t\t\t\t<dt class='gallery-icon portrait'>\n\t\t\t\t\t<a class=\"rollover rollover-zoom dt-pswp-item\" title=\"137631527_874450913299993_2016199526832469692_n\" data-dt-img-description=\"\" data-large_image_width=\"1796\" data-large_image_height=\"2560\"href='https:\/\/www.radiopiu.net\/wordpress\/wp-content\/uploads\/2021\/01\/137631527_874450913299993_2016199526832469692_n-scaled.jpg'><img loading=\"lazy\" decoding=\"async\" width=\"150\" height=\"150\" src=\"https:\/\/www.radiopiu.net\/wordpress\/wp-content\/uploads\/2021\/01\/137631527_874450913299993_2016199526832469692_n-150x150.jpg\" class=\"attachment-thumbnail size-thumbnail\" alt=\"\" \/><\/a>\n\t\t\t\t<\/dt><\/dl>\n\t\t\t\t<br style='clear: both' \/>\n\t\t\t<\/div>\n\n<p>NELLE FOTO (riproduzioni dal libro di Ibrsc: \u201cRicordando\u201d): la copertina della pubblicazione; emigranti in Venezuela nel 1894; connazionali rimpatriati dalla Svizzera allo scoppio della Grande Guerra; sedicensi a Jalta nel 1929; anche la balia era una emigrante; immagine di fine \u2018800: eleganza dell\u2019abito e originalit\u00e0 dei gioielli; due gruppi di italiani in Libia; e tre di emigranti in Francia; ancora una balia: il parroco don Luigi Fiori con le ragazze della prima comunione nel 1930.<\/p>\n<p>&nbsp;<\/p>\n<p>&nbsp;<\/p>\n<hr \/>\n<p>&nbsp;<\/p>\n<div dir=\"auto\">\n<blockquote>\n<h2>FANTASTICHE DOLOMITI, NUOVA STAGIONE. APPUNTAMENTO QUINDICINALE IL GIOVEDI ALLE 10.30 E 19.00<\/h2>\n<\/blockquote>\n<h1>LA RACCOLTA COMPLETA<\/h1>\n<blockquote class=\"wp-embedded-content\" data-secret=\"ZlYIrcuBBK\"><p><a href=\"https:\/\/www.radiopiu.net\/wordpress\/https-wp-me-p63lo7-gyg\/\">FANTASTICHE DOLOMITI 7^ PUNTATA: IL QUINDICINALE APPUNTAMENTO ALLA RADIO<\/a><\/p><\/blockquote>\n<p><iframe loading=\"lazy\" class=\"wp-embedded-content\" sandbox=\"allow-scripts\" security=\"restricted\" style=\"position: absolute; clip: rect(1px, 1px, 1px, 1px);\" title=\"&#8220;FANTASTICHE DOLOMITI 7^ PUNTATA: IL QUINDICINALE APPUNTAMENTO ALLA RADIO&#8221; &#8212; Radio Pi\u00f9\" src=\"https:\/\/www.radiopiu.net\/wordpress\/https-wp-me-p63lo7-gyg\/embed\/#?secret=ZlYIrcuBBK\" data-secret=\"ZlYIrcuBBK\" width=\"600\" height=\"338\" frameborder=\"0\" marginwidth=\"0\" marginheight=\"0\" scrolling=\"no\"><\/iframe><\/p>\n<div class=\"mw-parser-output\">\n<p>&nbsp;<\/p>\n<\/div>\n<p>&nbsp;<\/p>\n<p>&nbsp;<\/p>\n<hr \/>\n<blockquote>\n<h2><\/h2>\n<h2>SALUTE E SOCIETA&#8217; IL LUNEDI ALLE 13.10 E ALLE 20.10, LA DOMENICA ALLE 10.30 A CURA DEL DOTTOR MARCO CARACCIOLO. QUINTA STAGIONE<\/h2>\n<\/blockquote>\n<p><strong><span style=\"color: #ff0000;\">LA PUNTATA DELLA SETTIMANA<\/span><\/strong><\/p>\n<p>Circa un paziente su cinque con carcinoma mammario risulta HER2- positivo, e questa positivit\u00e0 \u00e8 associata a una malattia aggressiva, un alto tasso di recidiva e un aumento della mortalit\u00e0. Trastuzumab deruxtecan, l\u2019anticorpo monoclonale coniugato anti-HER2 di Daiichi Sankyo e AstraZeneca, mostra un\u2019efficacia notevole e una risposta duratura nelle pazienti affette da carcinoma mammario metastatico HER-positivo, precedentemente trattate con due o pi\u00f9 regimi terapeutici. I risultati aggiornati dello studio di fase II DESTINY-Breast01 sono stati presentati durante il San Antonio Breast Cancer Symposium (SABCS) 2020. Pierfranco Conte, Ordinario di oncologia, Universit\u00e0 di Padova<\/p>\n<audio class=\"wp-audio-shortcode\" id=\"audio-183990-5\" preload=\"none\" style=\"width: 100%;\" controls=\"controls\"><source type=\"audio\/mpeg\" src=\"https:\/\/www.radiopiu.net\/wordpress\/wp-content\/uploads\/2021\/01\/SALUTE.mp3?_=5\" \/><a href=\"https:\/\/www.radiopiu.net\/wordpress\/wp-content\/uploads\/2021\/01\/SALUTE.mp3\">https:\/\/www.radiopiu.net\/wordpress\/wp-content\/uploads\/2021\/01\/SALUTE.mp3<\/a><\/audio>\n<p>&nbsp;<\/p>\n<h3>LA RACCOLTA COMPLETA<\/h3>\n<blockquote class=\"wp-embedded-content\" data-secret=\"yUALlRkWpp\"><p><a href=\"https:\/\/www.radiopiu.net\/wordpress\/saluteesocieta\/\">Salute e Societ\u00e0<\/a><\/p><\/blockquote>\n<p><iframe loading=\"lazy\" class=\"wp-embedded-content\" sandbox=\"allow-scripts\" security=\"restricted\" style=\"position: absolute; clip: rect(1px, 1px, 1px, 1px);\" title=\"&#8220;Salute e Societ\u00e0&#8221; &#8212; Radio Pi\u00f9\" src=\"https:\/\/www.radiopiu.net\/wordpress\/saluteesocieta\/embed\/#?secret=yUALlRkWpp\" data-secret=\"yUALlRkWpp\" width=\"600\" height=\"338\" frameborder=\"0\" marginwidth=\"0\" marginheight=\"0\" scrolling=\"no\"><\/iframe><\/p>\n<hr \/>\n<h2><\/h2>\n<h2><span style=\"color: #ff0000;\"><a href=\"https:\/\/www.radiopiu.net\/wordpress\/giornale-radiopiu-05-gennaio-2021-direttore-mirko-mezzacasa\/133200401_100838761953611_1258544160541445132_o-2\/\" rel=\"attachment wp-att-183078\"><img loading=\"lazy\" decoding=\"async\" class=\" wp-image-183078 alignleft\" src=\"https:\/\/www.radiopiu.net\/wordpress\/wp-content\/uploads\/2021\/01\/133200401_100838761953611_1258544160541445132_o-1-300x157.jpg\" alt=\"\" width=\"192\" height=\"101\" srcset=\"https:\/\/www.radiopiu.net\/wordpress\/wp-content\/uploads\/2021\/01\/133200401_100838761953611_1258544160541445132_o-1-300x157.jpg 300w, https:\/\/www.radiopiu.net\/wordpress\/wp-content\/uploads\/2021\/01\/133200401_100838761953611_1258544160541445132_o-1.jpg 526w\" sizes=\"auto, (max-width: 192px) 100vw, 192px\" \/><\/a>GOCCE DI FILOSOFIA, CON CHIARA CAU, CON LISA DE LUCA. <\/span><\/h2>\n<h2><\/h2>\n<h2><span style=\"color: #ff0000;\">TUTTI I GIORNI DAL LUNEDI AL VENERDI ALLE 6.55 E ALLE 18.55<\/span><\/h2>\n<h2>LA RACCOLTA COMPLETA<\/h2>\n<blockquote class=\"wp-embedded-content\" data-secret=\"jnbnITN9P7\"><p><a href=\"https:\/\/www.radiopiu.net\/wordpress\/gocce-filosofia\/\">Gocce di filosofia<\/a><\/p><\/blockquote>\n<p><iframe loading=\"lazy\" class=\"wp-embedded-content\" sandbox=\"allow-scripts\" security=\"restricted\" style=\"position: absolute; clip: rect(1px, 1px, 1px, 1px);\" title=\"&#8220;Gocce di filosofia&#8221; &#8212; Radio Pi\u00f9\" src=\"https:\/\/www.radiopiu.net\/wordpress\/gocce-filosofia\/embed\/#?secret=jnbnITN9P7\" data-secret=\"jnbnITN9P7\" width=\"600\" height=\"338\" frameborder=\"0\" marginwidth=\"0\" marginheight=\"0\" scrolling=\"no\"><\/iframe><\/p>\n<p>&nbsp;<\/p>\n<hr \/>\n<p>&nbsp;<\/p>\n<div class=\"im_message_wrap clearfix\">\n<div class=\"im_content_message_wrap im_message_out\">\n<h2><span style=\"color: #ff0000;\">IERI ALLA RADIO\u00a0 IN VIVO VERSO 2020-21<\/span><\/h2>\n<p><strong><span style=\"color: #0000ff;\">IN ONDA DAL LUNEDI AL VENERDI ALLE 7.10, 10.10, 18.50\u00a0<\/span><\/strong><\/p>\n<p><strong><span style=\"font-family: Verdana, sans-serif;\"><span style=\"font-size: medium;\">LA RACCOLTA COMPLETA, TUTTE LE COLLEZIONI<\/span><\/span><\/strong><\/p>\n<blockquote class=\"wp-embedded-content\" data-secret=\"mpGsGTWiho\"><p><a href=\"https:\/\/www.radiopiu.net\/wordpress\/in-vivo-verso\/\">In Vivo Verso<\/a><\/p><\/blockquote>\n<p><iframe loading=\"lazy\" class=\"wp-embedded-content\" sandbox=\"allow-scripts\" security=\"restricted\" style=\"position: absolute; clip: rect(1px, 1px, 1px, 1px);\" title=\"&#8220;In Vivo Verso&#8221; &#8212; Radio Pi\u00f9\" src=\"https:\/\/www.radiopiu.net\/wordpress\/in-vivo-verso\/embed\/#?secret=mpGsGTWiho\" data-secret=\"mpGsGTWiho\" width=\"600\" height=\"338\" frameborder=\"0\" marginwidth=\"0\" marginheight=\"0\" scrolling=\"no\"><\/iframe><\/p>\n<p>&nbsp;<\/p>\n<\/div>\n<\/div>\n<hr \/>\n<p>&nbsp;<\/p>\n<h2>007 IN CONDOTTA CON LA PROF. MARIA ROSA SALMAZO IL LUNEDI ALLE 10,30 E ALLE 19.00 LA DOMENICA ALLE 8 DEL MATTINO. NONA STAGIONE<\/h2>\n<h2>LA RACCOLTA COMPLETA<\/h2>\n<blockquote class=\"wp-embedded-content\" data-secret=\"IwWn3ouzWZ\"><p><a href=\"https:\/\/www.radiopiu.net\/wordpress\/007incondotta-9\/\">007 in condotta<\/a><\/p><\/blockquote>\n<p><iframe loading=\"lazy\" class=\"wp-embedded-content\" sandbox=\"allow-scripts\" security=\"restricted\" style=\"position: absolute; clip: rect(1px, 1px, 1px, 1px);\" title=\"&#8220;007 in condotta&#8221; &#8212; Radio Pi\u00f9\" src=\"https:\/\/www.radiopiu.net\/wordpress\/007incondotta-9\/embed\/#?secret=IwWn3ouzWZ\" data-secret=\"IwWn3ouzWZ\" width=\"600\" height=\"338\" frameborder=\"0\" marginwidth=\"0\" marginheight=\"0\" scrolling=\"no\"><\/iframe><\/p>\n<p>&nbsp;<\/p>\n<p>&nbsp;<\/p>\n<p>&nbsp;<\/p>\n<hr \/>\n<p>&nbsp;<\/p>\n<blockquote>\n<h2><a href=\"https:\/\/www.radiopiu.net\/wordpress\/speciale-solidarieta-veneto\/solidarieta-veneto-3\/\" rel=\"attachment wp-att-134366\"><img loading=\"lazy\" decoding=\"async\" class=\"wp-image-134366 alignleft\" src=\"https:\/\/www.radiopiu.net\/wordpress\/wp-content\/uploads\/2020\/05\/solidariet\u00e0-veneto-300x210.jpg\" alt=\"\" width=\"102\" height=\"71\" srcset=\"https:\/\/www.radiopiu.net\/wordpress\/wp-content\/uploads\/2020\/05\/solidariet\u00e0-veneto-300x210.jpg 300w, https:\/\/www.radiopiu.net\/wordpress\/wp-content\/uploads\/2020\/05\/solidariet\u00e0-veneto-1024x717.jpg 1024w, https:\/\/www.radiopiu.net\/wordpress\/wp-content\/uploads\/2020\/05\/solidariet\u00e0-veneto-768x538.jpg 768w, https:\/\/www.radiopiu.net\/wordpress\/wp-content\/uploads\/2020\/05\/solidariet\u00e0-veneto.jpg 1373w\" sizes=\"auto, (max-width: 102px) 100vw, 102px\" \/><\/a>SOLIDARIETA&#8217; VENETO FONDO PENSIONE, IN ONDA IL PRIMO VENERDI DEL MESE ALLE 10.30 E ALLE 19.00 QUINTA STAGIONE<\/h2>\n<\/blockquote>\n<p><strong>AUDIO<\/strong><\/p>\n<audio class=\"wp-audio-shortcode\" id=\"audio-183990-6\" preload=\"none\" style=\"width: 100%;\" controls=\"controls\"><source type=\"audio\/mpeg\" src=\"https:\/\/www.radiopiu.net\/wordpress\/wp-content\/uploads\/2020\/10\/solidarieta-veneto-gennaio.mp3?_=6\" \/><a href=\"https:\/\/www.radiopiu.net\/wordpress\/wp-content\/uploads\/2020\/10\/solidarieta-veneto-gennaio.mp3\">https:\/\/www.radiopiu.net\/wordpress\/wp-content\/uploads\/2020\/10\/solidarieta-veneto-gennaio.mp3<\/a><\/audio>\n<p>&nbsp;<\/p>\n<blockquote>\n<h2>RACCOLTA COMPLETA<\/h2>\n<\/blockquote>\n<blockquote class=\"wp-embedded-content\" data-secret=\"fz30WUhiEU\"><p><a href=\"https:\/\/www.radiopiu.net\/wordpress\/solidarieta-veneto\/\">Solidariet\u00e0 Veneto<\/a><\/p><\/blockquote>\n<p><iframe loading=\"lazy\" class=\"wp-embedded-content\" sandbox=\"allow-scripts\" security=\"restricted\" style=\"position: absolute; clip: rect(1px, 1px, 1px, 1px);\" title=\"&#8220;Solidariet\u00e0 Veneto&#8221; &#8212; Radio Pi\u00f9\" src=\"https:\/\/www.radiopiu.net\/wordpress\/solidarieta-veneto\/embed\/#?secret=fz30WUhiEU\" data-secret=\"fz30WUhiEU\" width=\"600\" height=\"338\" frameborder=\"0\" marginwidth=\"0\" marginheight=\"0\" scrolling=\"no\"><\/iframe><\/p>\n<p>&nbsp;<\/p>\n<p>&nbsp;<\/p>\n<hr \/>\n<p>&nbsp;<\/p>\n<h2><span style=\"color: #808000;\">DUE MINUTI UN LIBRO\u00a0 TUTTI I GIORNI ALLA RADIO ALLE 9.30 E ALLE 18. QUINTA STAGIONE\u00a0 \u00a0 \u00a0<\/span><\/h2>\n<h2>LA RACCOLTA COMPLETA<\/h2>\n<blockquote class=\"wp-embedded-content\" data-secret=\"YKryKOaphc\"><p><a href=\"https:\/\/www.radiopiu.net\/wordpress\/due-minuti-un-libro\/\">Due minuti un libro<\/a><\/p><\/blockquote>\n<p><iframe loading=\"lazy\" class=\"wp-embedded-content\" sandbox=\"allow-scripts\" security=\"restricted\" style=\"position: absolute; clip: rect(1px, 1px, 1px, 1px);\" title=\"&#8220;Due minuti un libro&#8221; &#8212; Radio Pi\u00f9\" src=\"https:\/\/www.radiopiu.net\/wordpress\/due-minuti-un-libro\/embed\/#?secret=YKryKOaphc\" data-secret=\"YKryKOaphc\" width=\"600\" height=\"338\" frameborder=\"0\" marginwidth=\"0\" marginheight=\"0\" scrolling=\"no\"><\/iframe><\/p>\n<p>&nbsp;<\/p>\n<hr \/>\n<p>&nbsp;<\/p>\n<p>&nbsp;<\/p>\n<blockquote>\n<h2>CASSA SOLIDARIET\u00c0 LUXOTTICA<\/h2>\n<\/blockquote>\n<h3><strong><span style=\"color: #ff0000;\">IL NUMERO DI DICEMBRE CON PAOLO CHISSALE&#8217; E FABRIZIO CAMPEDEL<\/span><\/strong><\/h3>\n<audio class=\"wp-audio-shortcode\" id=\"audio-183990-7\" preload=\"none\" style=\"width: 100%;\" controls=\"controls\"><source type=\"audio\/mpeg\" src=\"https:\/\/www.radiopiu.net\/wordpress\/wp-content\/uploads\/2020\/12\/ca-sol-lux-dicvembre.mp3?_=7\" \/><a href=\"https:\/\/www.radiopiu.net\/wordpress\/wp-content\/uploads\/2020\/12\/ca-sol-lux-dicvembre.mp3\">https:\/\/www.radiopiu.net\/wordpress\/wp-content\/uploads\/2020\/12\/ca-sol-lux-dicvembre.mp3<\/a><\/audio>\n<blockquote>\n<h2>RACCOLTA COMPLETA<\/h2>\n<\/blockquote>\n<blockquote class=\"wp-embedded-content\" data-secret=\"LuAIsA0sLi\"><p><a href=\"https:\/\/www.radiopiu.net\/wordpress\/cassa-solidarieta-luxottica-puntata-del-16-ottobre-2020\/\">CASSA SOLIDARIET\u00c0 LUXOTTICA &#8211; PUNTATA DEL 20 NOVEMBRE 2020<\/a><\/p><\/blockquote>\n<p><iframe loading=\"lazy\" class=\"wp-embedded-content\" sandbox=\"allow-scripts\" security=\"restricted\" style=\"position: absolute; clip: rect(1px, 1px, 1px, 1px);\" title=\"&#8220;CASSA SOLIDARIET\u00c0 LUXOTTICA &#8211; PUNTATA DEL 20 NOVEMBRE 2020&#8221; &#8212; Radio Pi\u00f9\" src=\"https:\/\/www.radiopiu.net\/wordpress\/cassa-solidarieta-luxottica-puntata-del-16-ottobre-2020\/embed\/#?secret=LuAIsA0sLi\" data-secret=\"LuAIsA0sLi\" width=\"600\" height=\"338\" frameborder=\"0\" marginwidth=\"0\" marginheight=\"0\" scrolling=\"no\"><\/iframe><\/p>\n<p>&nbsp;<\/p>\n<p>&nbsp;<\/p>\n<div>\n<p>&nbsp;<\/p>\n<hr \/>\n<p>&nbsp;<\/p>\n<h2><span style=\"color: #800080;\"><strong>LA RASSEGNA STAMPA DA L&#8217;AMICO DEL POPOLO\u00a0<\/strong><\/span><\/h2>\n<p><strong><a href=\"https:\/\/www.radiopiu.net\/wordpress\/la-rassegna-stampa-da-lamico-del-popolo-09-gennaio-2021\/loris-serafini-3\/\" rel=\"attachment wp-att-183881\"><img loading=\"lazy\" decoding=\"async\" class=\"size-medium wp-image-183881 alignleft\" src=\"https:\/\/www.radiopiu.net\/wordpress\/wp-content\/uploads\/2021\/01\/loris-serafini-300x225.jpg\" alt=\"\" width=\"300\" height=\"225\" srcset=\"https:\/\/www.radiopiu.net\/wordpress\/wp-content\/uploads\/2021\/01\/loris-serafini-300x225.jpg 300w, https:\/\/www.radiopiu.net\/wordpress\/wp-content\/uploads\/2021\/01\/loris-serafini-1024x768.jpg 1024w, https:\/\/www.radiopiu.net\/wordpress\/wp-content\/uploads\/2021\/01\/loris-serafini-768x576.jpg 768w, https:\/\/www.radiopiu.net\/wordpress\/wp-content\/uploads\/2021\/01\/loris-serafini.jpg 1440w\" sizes=\"auto, (max-width: 300px) 100vw, 300px\" \/><\/a>di Gianni Santomaso<\/strong><\/p>\n<p>OSPITE: Loris Serafini &#8211; direttore del Museo Albino Luciani<\/p>\n<audio class=\"wp-audio-shortcode\" id=\"audio-183990-8\" preload=\"none\" style=\"width: 100%;\" controls=\"controls\"><source type=\"audio\/mpeg\" src=\"https:\/\/www.radiopiu.net\/wordpress\/wp-content\/uploads\/2021\/01\/RASSEGNA-GIANNI.mp3?_=8\" \/><a href=\"https:\/\/www.radiopiu.net\/wordpress\/wp-content\/uploads\/2021\/01\/RASSEGNA-GIANNI.mp3\">https:\/\/www.radiopiu.net\/wordpress\/wp-content\/uploads\/2021\/01\/RASSEGNA-GIANNI.mp3<\/a><\/audio>\n<p>&nbsp;<\/p>\n<h1 class=\"kvgmc6g5 cxmmr5t8 oygrvhab hcukyx3x c1et5uql\"><span style=\"color: #0000ff;\">RADIO PIU INFORMAZIONE il canale su TELEGRAM informazione di prima mano e in tempo reale. iscriviti ed aiutaci a farlo conoscere<\/span><\/h1>\n<p><strong>LA RACCOLTA COMPLETA<\/strong><\/p>\n<blockquote class=\"wp-embedded-content\" data-secret=\"AnSs0zQY2f\"><p><a href=\"https:\/\/www.radiopiu.net\/wordpress\/rassegna-stampa-di-gianni-santomaso\/\">Rassegna stampa da l&#8217;amico del popolo &#8211; di Gianni Santomaso<\/a><\/p><\/blockquote>\n<p><iframe loading=\"lazy\" class=\"wp-embedded-content\" sandbox=\"allow-scripts\" security=\"restricted\" style=\"position: absolute; clip: rect(1px, 1px, 1px, 1px);\" title=\"&#8220;Rassegna stampa da l&#8217;amico del popolo &#8211; di Gianni Santomaso&#8221; &#8212; Radio Pi\u00f9\" src=\"https:\/\/www.radiopiu.net\/wordpress\/rassegna-stampa-di-gianni-santomaso\/embed\/#?secret=AnSs0zQY2f\" data-secret=\"AnSs0zQY2f\" width=\"600\" height=\"338\" frameborder=\"0\" marginwidth=\"0\" marginheight=\"0\" scrolling=\"no\"><\/iframe><\/p>\n<p>&nbsp;<\/p>\n<p>&nbsp;<\/p>\n<p>&nbsp;<\/p>\n<hr \/>\n<p>&nbsp;<\/p>\n<p>&nbsp;<\/p>\n<div>\n<h2><span style=\"color: #33cccc;\">I RACCONTI DI PAOLO SOPPELSA il lunedi alle 9.30 e 18.30<\/span><\/h2>\n<blockquote class=\"wp-embedded-content\" data-secret=\"Ec3sHBomQF\"><p><a href=\"https:\/\/www.radiopiu.net\/wordpress\/i-racconti-di-paolo-soppelsa-cinquantaseiesima-puntata\/\">I RACCONTI DI PAOLO SOPPELSA CINQUANTASEIESIMA PUNTATA<\/a><\/p><\/blockquote>\n<p><iframe loading=\"lazy\" class=\"wp-embedded-content\" sandbox=\"allow-scripts\" security=\"restricted\" style=\"position: absolute; clip: rect(1px, 1px, 1px, 1px);\" title=\"&#8220;I RACCONTI DI PAOLO SOPPELSA CINQUANTASEIESIMA PUNTATA&#8221; &#8212; Radio Pi\u00f9\" src=\"https:\/\/www.radiopiu.net\/wordpress\/i-racconti-di-paolo-soppelsa-cinquantaseiesima-puntata\/embed\/#?secret=Ec3sHBomQF\" data-secret=\"Ec3sHBomQF\" width=\"600\" height=\"338\" frameborder=\"0\" marginwidth=\"0\" marginheight=\"0\" scrolling=\"no\"><\/iframe><\/p>\n<h2><span style=\"color: #33cccc;\"><strong>RACCOLTA COMPLETA<\/strong><\/span><\/h2>\n<blockquote class=\"wp-embedded-content\" data-secret=\"PnEuBm2F1i\"><p><a href=\"https:\/\/www.radiopiu.net\/wordpress\/i-racconti-di-paolo-soppelsa\/\">I racconti di Paolo Soppelsa<\/a><\/p><\/blockquote>\n<p><iframe loading=\"lazy\" class=\"wp-embedded-content\" sandbox=\"allow-scripts\" security=\"restricted\" style=\"position: absolute; clip: rect(1px, 1px, 1px, 1px);\" title=\"&#8220;I racconti di Paolo Soppelsa&#8221; &#8212; Radio Pi\u00f9\" src=\"https:\/\/www.radiopiu.net\/wordpress\/i-racconti-di-paolo-soppelsa\/embed\/#?secret=PnEuBm2F1i\" data-secret=\"PnEuBm2F1i\" width=\"600\" height=\"338\" frameborder=\"0\" marginwidth=\"0\" marginheight=\"0\" scrolling=\"no\"><\/iframe><\/p>\n<\/div>\n<p>&nbsp;<\/p>\n<hr \/>\n<p>&nbsp;<\/p>\n<div>\n<h2><strong><a href=\"https:\/\/www.radiopiu.net\/wordpress\/giornale-radiopiu-06-gennaio-2021-direttore-mirko-mezzacasa\/135457219_1559721987549196_2659320420682225064_n\/\" rel=\"attachment wp-att-183329\"><img loading=\"lazy\" decoding=\"async\" class=\" wp-image-183329 alignleft\" src=\"https:\/\/www.radiopiu.net\/wordpress\/wp-content\/uploads\/2021\/01\/135457219_1559721987549196_2659320420682225064_n-300x199.jpg\" alt=\"\" width=\"221\" height=\"147\" srcset=\"https:\/\/www.radiopiu.net\/wordpress\/wp-content\/uploads\/2021\/01\/135457219_1559721987549196_2659320420682225064_n-300x199.jpg 300w, https:\/\/www.radiopiu.net\/wordpress\/wp-content\/uploads\/2021\/01\/135457219_1559721987549196_2659320420682225064_n-768x510.jpg 768w, https:\/\/www.radiopiu.net\/wordpress\/wp-content\/uploads\/2021\/01\/135457219_1559721987549196_2659320420682225064_n.jpg 800w\" sizes=\"auto, (max-width: 221px) 100vw, 221px\" \/><\/a><\/strong><\/h2>\n<h2><\/h2>\n<h2><strong>LE\u00a0 PUNTATE di Luisa Alchini di Leggermente Bellunesi, la domenica alle 11, il martedi alle 10.30 e alle 19.00<\/strong><\/h2>\n<p><strong><span style=\"color: #ff0000;\">LA PUNTATA DELLA SETTIMANA<\/span><\/strong><\/p>\n<audio class=\"wp-audio-shortcode\" id=\"audio-183990-9\" preload=\"none\" style=\"width: 100%;\" controls=\"controls\"><source type=\"audio\/mpeg\" src=\"https:\/\/www.radiopiu.net\/wordpress\/wp-content\/uploads\/2021\/01\/13legegrmentemaurocoronaLa-stampa.mp3?_=9\" \/><a href=\"https:\/\/www.radiopiu.net\/wordpress\/wp-content\/uploads\/2021\/01\/13legegrmentemaurocoronaLa-stampa.mp3\">https:\/\/www.radiopiu.net\/wordpress\/wp-content\/uploads\/2021\/01\/13legegrmentemaurocoronaLa-stampa.mp3<\/a><\/audio>\n<h2><strong style=\"font-size: 14px;\"><span style=\"color: #000000;\">RACCOLTA COMPLETA<\/span><\/strong><\/h2>\n<\/div>\n<blockquote class=\"wp-embedded-content\" data-secret=\"bw5t4VuXyr\"><p><a href=\"https:\/\/www.radiopiu.net\/wordpress\/leggermente-20\/\">LEGGERmente&#8230;Bellunesi<\/a><\/p><\/blockquote>\n<p><iframe loading=\"lazy\" class=\"wp-embedded-content\" sandbox=\"allow-scripts\" security=\"restricted\" style=\"position: absolute; clip: rect(1px, 1px, 1px, 1px);\" title=\"&#8220;LEGGERmente&#8230;Bellunesi&#8221; &#8212; Radio Pi\u00f9\" src=\"https:\/\/www.radiopiu.net\/wordpress\/leggermente-20\/embed\/#?secret=bw5t4VuXyr\" data-secret=\"bw5t4VuXyr\" width=\"600\" height=\"338\" frameborder=\"0\" marginwidth=\"0\" marginheight=\"0\" scrolling=\"no\"><\/iframe><\/p>\n<hr \/>\n<p>&nbsp;<\/p>\n<blockquote>\n<h3><a href=\"https:\/\/www.radiopiu.net\/wordpress\/almanacco-ladino-puntata-5-2020\/sn\/\" rel=\"attachment wp-att-180931\"><img loading=\"lazy\" decoding=\"async\" class=\"wp-image-180931 alignleft\" src=\"https:\/\/www.radiopiu.net\/wordpress\/wp-content\/uploads\/2020\/12\/sn-300x194.jpg\" alt=\"\" width=\"181\" height=\"117\" srcset=\"https:\/\/www.radiopiu.net\/wordpress\/wp-content\/uploads\/2020\/12\/sn-300x194.jpg 300w, https:\/\/www.radiopiu.net\/wordpress\/wp-content\/uploads\/2020\/12\/sn.jpg 626w\" sizes=\"auto, (max-width: 181px) 100vw, 181px\" \/><\/a>L&#8217;ALMANACCO LADINO CON L&#8217;ISTITUT CESA DE JAN QUINDICINALE APPUNTAMENTO. LA DOMENICA ALLE 9 IL LUNEDI ALLE 8.35 IL MARTEDI ALLE 12.35 IL MERCOLEDI ALLE 18.35. SECONDA STAGIONE.<\/h3>\n<\/blockquote>\n<p>&nbsp;<\/p>\n<p>&nbsp;<\/p>\n<p>&nbsp;<\/p>\n<p><strong>RACCOLTA COMPLETA\u00a0<\/strong><\/p>\n<blockquote class=\"wp-embedded-content\" data-secret=\"NXy5mKmm2o\"><p><a href=\"https:\/\/www.radiopiu.net\/wordpress\/almanacco-ladino\/\">Almanacco Ladino<\/a><\/p><\/blockquote>\n<p><iframe loading=\"lazy\" class=\"wp-embedded-content\" sandbox=\"allow-scripts\" security=\"restricted\" style=\"position: absolute; clip: rect(1px, 1px, 1px, 1px);\" title=\"&#8220;Almanacco Ladino&#8221; &#8212; Radio Pi\u00f9\" src=\"https:\/\/www.radiopiu.net\/wordpress\/almanacco-ladino\/embed\/#?secret=NXy5mKmm2o\" data-secret=\"NXy5mKmm2o\" width=\"600\" height=\"338\" frameborder=\"0\" marginwidth=\"0\" marginheight=\"0\" scrolling=\"no\"><\/iframe><\/p>\n<p>&nbsp;<\/p>\n<\/div>\n<hr \/>\n<div>\n<h2><span style=\"color: #000080;\"><a class=\"dt-pswp-item\" href=\"https:\/\/www.radiopiu.net\/wordpress\/wp-content\/uploads\/2020\/10\/pp.jpg\" data-dt-img-description=\"\" data-large_image_width=\"640\" data-large_image_height=\"640\"><img loading=\"lazy\" decoding=\"async\" class=\"wp-image-163678 alignleft\" src=\"https:\/\/www.radiopiu.net\/wordpress\/wp-content\/uploads\/2020\/10\/pp-300x300.jpg\" alt=\"\" width=\"106\" height=\"106\" srcset=\"https:\/\/www.radiopiu.net\/wordpress\/wp-content\/uploads\/2020\/10\/pp-300x300.jpg 300w, https:\/\/www.radiopiu.net\/wordpress\/wp-content\/uploads\/2020\/10\/pp-150x150.jpg 150w, https:\/\/www.radiopiu.net\/wordpress\/wp-content\/uploads\/2020\/10\/pp-125x125.jpg 125w, https:\/\/www.radiopiu.net\/wordpress\/wp-content\/uploads\/2020\/10\/pp-200x200.jpg 200w, https:\/\/www.radiopiu.net\/wordpress\/wp-content\/uploads\/2020\/10\/pp-80x80.jpg 80w, https:\/\/www.radiopiu.net\/wordpress\/wp-content\/uploads\/2020\/10\/pp-480x480.jpg 480w, https:\/\/www.radiopiu.net\/wordpress\/wp-content\/uploads\/2020\/10\/pp.jpg 640w\" sizes=\"auto, (max-width: 106px) 100vw, 106px\" \/><\/a> <\/span><\/h2>\n<h2><span style=\"color: #000080;\">DON CESARE, IL PENSIERO DEL GIORNO. ALLA RADIO ALLE 7 DEL MATTINO E ALLE 19.30 DELLA SERA.\u00a0\u00a0<\/span><\/h2>\n<\/div>\n<p>&nbsp;<\/p>\n<audio class=\"wp-audio-shortcode\" id=\"audio-183990-10\" preload=\"none\" style=\"width: 100%;\" controls=\"controls\"><source type=\"audio\/mpeg\" src=\"https:\/\/www.radiopiu.net\/wordpress\/wp-content\/uploads\/2021\/01\/CESARE-6.mp3?_=10\" \/><a href=\"https:\/\/www.radiopiu.net\/wordpress\/wp-content\/uploads\/2021\/01\/CESARE-6.mp3\">https:\/\/www.radiopiu.net\/wordpress\/wp-content\/uploads\/2021\/01\/CESARE-6.mp3<\/a><\/audio>\n<p>&nbsp;<\/p>\n<hr \/>\n<p>&nbsp;<\/p>\n<div>\n<p class=\"photoswipe-wrapper\"><a class=\"dt-pswp-item pspw-wrap-ready\" href=\"https:\/\/i0.wp.com\/www.radiopiu.net\/wordpress\/wp-content\/uploads\/2018\/09\/viabilita.jpeg?ssl=1\" data-dt-img-description=\"\" data-large_image_width=\"800\" data-large_image_height=\"100\"><img loading=\"lazy\" decoding=\"async\" class=\"aligncenter wp-image-61954 size-full\" src=\"https:\/\/i0.wp.com\/www.radiopiu.net\/wordpress\/wp-content\/uploads\/2018\/09\/viabilita.jpeg?resize=800%2C100&amp;ssl=1\" sizes=\"auto, (max-width: 800px) 100vw, 800px\" srcset=\"https:\/\/i0.wp.com\/www.radiopiu.net\/wordpress\/wp-content\/uploads\/2018\/09\/viabilita.jpeg?w=800&amp;ssl=1 800w, https:\/\/i0.wp.com\/www.radiopiu.net\/wordpress\/wp-content\/uploads\/2018\/09\/viabilita.jpeg?resize=300%2C38&amp;ssl=1 300w, https:\/\/i0.wp.com\/www.radiopiu.net\/wordpress\/wp-content\/uploads\/2018\/09\/viabilita.jpeg?resize=768%2C96&amp;ssl=1 768w\" alt=\"\" width=\"800\" height=\"100\" \/><\/a><\/p>\n<\/div>\n<p>&nbsp;<\/p>\n<p><strong>SP 1 MADONNA DEL PIAVE <\/strong>senso unico alternato regolato da semaforo fino al 15 gennaio in comune di Quero Vas per realizzazione tombinatura<\/p>\n<p><strong>SP 42 CAVALLERA<\/strong> fino a revoca, chiusura della strada nell&#8217;abitato di Perarolo per attivazione emergenza frana &#8220;Busa del Cristo&#8221;<\/p>\n<p><strong>S.P.2 DELLA VALLE DEL MIS\u00a0<\/strong>Interdizione totale al traffico fino a revoca dal km 14,920 (localit\u00e0 Gona Bassa) al km 20,650 (localit\u00e0 Titele) per cedimento della carreggiata<\/p>\n<p><strong>S.P. 5 DI LAMOSANO<\/strong>\u00a0Interdizione totale fino a revoca per presenza di materiale e alberi in strada.<\/p>\n<p><strong>S.P. 251 DI VAL DI ZOLDO E VAL CELLINA\u00a0<\/strong>dalla localit\u00e0 Soffranco fino all&#8217;imbocco nord della galleria S. Giovanni interdizione totale al transito per cedimento della carreggiata<\/p>\n<p><strong>SP 3 DELLA VAL IMPERINA<\/strong> fino a revoca, senso unico alternato regolato a vista in localit\u00e0 Gona di Conedera di Rivamonte per cedimento della carreggiata stradale<\/p>\n<p>&nbsp;<\/p>\n<div>\n<p>&nbsp;<\/p>\n<p>&nbsp;<\/p>\n<hr \/>\n<p>&nbsp;<\/p>\n<p class=\"photoswipe-wrapper\"><a class=\"dt-pswp-item pspw-wrap-ready\" href=\"https:\/\/i0.wp.com\/www.radiopiu.net\/wordpress\/wp-content\/uploads\/2018\/09\/WhatsApp-Image-2018-09-20-at-16.04.06.jpeg?ssl=1\" data-dt-img-description=\"\" data-large_image_width=\"800\" data-large_image_height=\"100\"><img loading=\"lazy\" decoding=\"async\" class=\"aligncenter wp-image-61378 size-full jetpack-lazy-image jetpack-lazy-image--handled\" src=\"https:\/\/i0.wp.com\/www.radiopiu.net\/wordpress\/wp-content\/uploads\/2018\/09\/WhatsApp-Image-2018-09-20-at-16.04.06.jpeg?resize=800%2C100&amp;ssl=1\" sizes=\"auto, (max-width: 800px) 100vw, 800px\" srcset=\"https:\/\/i0.wp.com\/www.radiopiu.net\/wordpress\/wp-content\/uploads\/2018\/09\/WhatsApp-Image-2018-09-20-at-16.04.06.jpeg?w=800&amp;ssl=1 800w, https:\/\/i0.wp.com\/www.radiopiu.net\/wordpress\/wp-content\/uploads\/2018\/09\/WhatsApp-Image-2018-09-20-at-16.04.06.jpeg?resize=300%2C38&amp;ssl=1 300w, https:\/\/i0.wp.com\/www.radiopiu.net\/wordpress\/wp-content\/uploads\/2018\/09\/WhatsApp-Image-2018-09-20-at-16.04.06.jpeg?resize=768%2C96&amp;ssl=1 768w\" alt=\"\" width=\"800\" height=\"100\" data-lazy-loaded=\"1\" \/><\/a><\/p>\n<p>&nbsp;<\/p>\n<div>\n<div id=\"dolomitimeteo_div_testi\"><\/div>\n<\/div>\n<\/div>\n<\/div>\n<p><center><b>Lunedi 11<\/b><\/center><b>Tempo atteso: <\/b>Giornata fredda e ben soleggiata soprattutto in quota e nelle valli orientate in modo favorevole al soleggiamento, con cielo sereno ovunque, aria tersa e ottima visibilit\u00e0, salvo qualche temporanea foschia notturna in alcune locali depressioni prealpine.<br \/>\n<b>Precipitazioni: <\/b>Assenti.<br \/>\n<b>Temperature: <\/b>Minime in diminuzione anche sensibile, massime generalmente stazionarie o in lieve aumento. Previste intense gelate fino a -7\u00b0\/-11\u00b0C nei fondovalle prealpini e tra i -12\u00b0 e i -18\u00b0C nelle valli e altipiani con picchi di -20\u00b0\/-22\u00b0C sugli altopiani prealpini sopra i 1000\/1200 m. In giornata, nei posti pi\u00f9 soleggiati, temporanea attenuazione della sensazione di freddo, ma con temperature inferiori allo zero anche di giorno in molte zone anche nelle conche prealpine, specie nelle zone in ombra. Su Prealpi a 1500 m min -9\u00b0C max -2\u00b0C, a 2000 m min -12\u00b0C max -4\u00b0C. Su Dolomiti a 2000 m min -13\u00b0C max -5\u00b0C, a 3000 m min -16\u00b0C max -10\u00b0C.<br \/>\n<b>Venti: <\/b>Nelle valli deboli di direzione variabile, in quota moderati o tesi specie sulle vette prealpine ancora da nord-est, a 15-20 km\/h a 2000 m, a 35-45 km\/h a 3000 m.<\/p>\n<hr \/>\n<p><center><b>Martedi 12<\/b><\/center><b>Tempo atteso: <\/b>Al mattino ancora ben soleggiato con cielo sereno e ottima visibilit\u00e0 su gran parte delle zone montane, salvo locali e temporanee foschie in alcune conche prealpine. Nel corso del pomeriggio da poco a parzialmente nuvoloso per graduale aumento della nuvolosit\u00e0 alta da nord.<br \/>\n<b>Precipitazioni: <\/b>Assenti.<br \/>\n<b>Temperature: <\/b>Giornata ancora dalle caratteristiche prettamente invernali ma con temperature in aumento, specie le minime, su valori ancora al di sotto della norma con persistenza di una lieve\/moderata inversione termica nelle ore pi\u00f9 fredde. Su Prealpi a 1500 m min -5\u00b0C max 2\u00b0C, a 2000 m min -6\u00b0C max 0\u00b0C. Su Dolomiti a 2000 m min -8\u00b0C max -2\u00b0C, a 3000 m min -13\u00b0C max -7\u00b0C.<br \/>\n<b>Venti: <\/b>Nelle valli deboli di direzione variabile, in quota moderati, inizialmente moderati ancora da nord-est, tendenti ad orientarsi da nord-ovest e a divenire tesi a fine giornata, a 10-20 km\/h a 2000 m, a 25-35 km\/h a 3000 m.<\/p>\n<hr \/>\n<p><center><b>Mercoledi 13<\/b><\/center>Giornata pi\u00f9 nuvolosa rispetto a quelle precedenti, specie sul settore dolomitico dove non si esclude qualche occasionale fiocco di neve sulle Dolomiti settentrionali al mattino. Temperature minime in generale aumento nelle valli, in diminuzione in quota, massime in lieve o contenuto calo con clima ancora freddo a tutte le quote, esaltato anche dal rinforzo dei venti fino a divenire anche forti in alta montagna dai quadranti settentrionali e dal possibile moderato rinforzo del Foehn in alcune valli.<\/p>\n<hr \/>\n<p><center><b>Giovedi 14<\/b><\/center>Tempo soleggiato o parzialmente soleggiato sulle zone prealpine ma senza precipitazioni, pi\u00f9 variabile invece sulle Dolomiti con alternanza di parziali schiarite e di annuvolamenti anche consistenti associati a possibili brevi e modeste nevicate intermittenti fino a fondovalle, specie sulle zone pi\u00f9 settentrionali. Temperature in aumento specie le massime. Venti tesi o forti in quota da nord-ovest, con qualche episodio di Foehn in alcune valli. Previsore M.Padoan<\/p>\n<p>&nbsp;<\/p>\n<p>&nbsp;<\/p>\n<hr \/>\n<p>&nbsp;<\/p>\n<p><a href=\"https:\/\/www.radiopiu.net\/wordpress\/giornale-radiopiu-15-settembre-2018-direttore-mirko-mezzacasa\/sport-7\/\" rel=\"attachment wp-att-60761\"><img loading=\"lazy\" decoding=\"async\" class=\"aligncenter wp-image-60761 size-full\" src=\"https:\/\/www.radiopiu.net\/wordpress\/wp-content\/uploads\/2018\/09\/sport.jpg\" alt=\"\" width=\"800\" height=\"100\" srcset=\"https:\/\/www.radiopiu.net\/wordpress\/wp-content\/uploads\/2018\/09\/sport.jpg 800w, https:\/\/www.radiopiu.net\/wordpress\/wp-content\/uploads\/2018\/09\/sport-300x38.jpg 300w, https:\/\/www.radiopiu.net\/wordpress\/wp-content\/uploads\/2018\/09\/sport-768x96.jpg 768w\" sizes=\"auto, (max-width: 800px) 100vw, 800px\" \/><\/a><\/p>\n<p>&nbsp;<\/p>\n<div dir=\"auto\">\n<blockquote>\n<h3>L&#8217;ALLEGHE PERDE ALL&#8217;OVERTIME CONTRO IL VARESE<\/h3>\n<\/blockquote>\n<p><strong>SIRO DE BIASIO INTERVISTA IL &#8220;CAPITANO&#8221; MANUEL DE TONI\u00a0\u00a0<\/strong><\/p>\n<audio class=\"wp-audio-shortcode\" id=\"audio-183990-11\" preload=\"none\" style=\"width: 100%;\" controls=\"controls\"><source type=\"audio\/mpeg\" src=\"https:\/\/www.radiopiu.net\/wordpress\/wp-content\/uploads\/2021\/01\/SPECIALE-HOCKEY-AL-PUNTO-GIUSTO.mp3?_=11\" \/><a href=\"https:\/\/www.radiopiu.net\/wordpress\/wp-content\/uploads\/2021\/01\/SPECIALE-HOCKEY-AL-PUNTO-GIUSTO.mp3\">https:\/\/www.radiopiu.net\/wordpress\/wp-content\/uploads\/2021\/01\/SPECIALE-HOCKEY-AL-PUNTO-GIUSTO.mp3<\/a><\/audio>\n<p>&nbsp;<\/p>\n<p class=\"p1\"><strong><a href=\"https:\/\/www.radiopiu.net\/wordpress\/il-calendario-ufficiale-dellitalian-hockey-league\/logo-alleghe-hockey\/\" rel=\"attachment wp-att-95699\"><img loading=\"lazy\" decoding=\"async\" class=\"size-medium wp-image-95699 alignleft\" src=\"https:\/\/www.radiopiu.net\/wordpress\/wp-content\/uploads\/2019\/08\/logo-alleghe-hockey-300x281.png\" alt=\"\" width=\"300\" height=\"281\" srcset=\"https:\/\/www.radiopiu.net\/wordpress\/wp-content\/uploads\/2019\/08\/logo-alleghe-hockey-300x281.png 300w, https:\/\/www.radiopiu.net\/wordpress\/wp-content\/uploads\/2019\/08\/logo-alleghe-hockey.png 547w\" sizes=\"auto, (max-width: 300px) 100vw, 300px\" \/><\/a>ALLEGHE &#8211; VARESE 2-3 dot<\/strong><\/p>\n<p class=\"p1\">PARZIALI: 1-0, 1-1, 0-1, 0-1<\/p>\n<p class=\"p1\">GOL: pt. 3\u201901\u201d Giolai. st. 13\u201940\u201d De Toni, 16\u201934\u201d Raimondi. tt. 15\u201943\u201d Piroso. ot.4\u201910\u201d Vanetti<\/p>\n<p class=\"p1\"><strong>ALLEGHE<\/strong> Che beffa per l\u2019Alleghe che perde all\u2019overtime contro un Varese sornione che sfrutta 3 powerplay per porare a casa 2 punti. Una sconfitta a testa alta con gli agordini che continuano a far vedere di che pasta sono fatti. Buona la prestazione di Kiviranta che metto lo zampino su entrambi i gol alleghesi grazie a due assist d\u2019oro. Partono bene i biancorossi. Subito all\u2019attacco gli agordini che sbloccano il punteggio dopo 3\u2019. Assist d\u2019oro di Kiviranta e slap vincente di Giolai. Sembra avere una marcia in pi\u00f9 l\u2019Alleghe che continua a premere alla ricerca del raddoppio. I lombardi provano a rispondere ma la difesa di casa \u00e8 attenta. Match avvincente con buone azioni da entrambe le parti. Nel finale di tempo le civette tornano a premere ma il gol viene solo sfiorato. Secondo tempo combattuto, le due formazioni se la giocano con i portieri tenuti in attivit\u00e0. Lorenzo Dall\u2019Agnol ci prova ma il disco passa di poco a lato. Subito dopo anche Kiviranta colpisce il palo. Seconda rete agordina che non vuole arrivare e alleghesi che subiscono la prima penalit\u00e0 della serata. Stessa cosa succede al Varese poco dopo ma gli agordini non riescono ad approfittare. Nel momento di difficolt\u00e0 della squadra di Alleghe arriva il raddoppio. Ancora una volta \u00e8 Kiviranta che serve ottimamente De Toni il quale al volo non sbaglia e buca la porta lombarda. Varese che reagisce subito ma l\u2019Alleghe non molla e sfiora la terza rete con De Toni. Ospiti che accorciano le distanze in superiorit\u00e0 numerica in pochi istanti, tiro di Schina e tappin vincente di Raimondi. Terzo drittel ancora di firma agordina. Affondo dei padroni di casa che dura poco, i lombardi prendono coraggio e prendono d\u2019assedio la porta difesa da Scola. Ospiti che pareggiano i conti, ancora una volta in superiorit\u00e0 numerica. \u00c8 Piroso che spedisce il disco sotto alla traversa. Finale di gara con l\u2019Alleghe che le prova tutte pur di incamerare i 3 punti ma si va all\u2019overtime dove la squadra di Matikainen sfiora il gol. Fatale una doppia penalit\u00e0 per l\u2019Alleghe che regala a Vanetti il gol decisivo che consegna il gol che vale il punto supplementare in classifica.<\/p>\n<\/div>\n","protected":false},"excerpt":{"rendered":"<p>PER RICEVERE QUESTO NOTIZIARIO DIRETTAMENTE SUL TUO CELLULARE ISCRIVITI AL CANALE TELEGRAM \u201cRADIO PIU\u00a0 INFORMAZIONE&#8221;\u00a0 ATTENZIONE: LA NUOVA APP PER IOS-IPHONE https:\/\/apps.apple.com\/it\/app\/radio-pi%C3%B9-emittente-agordina\/id1515939845 ATTENZIONE: LA NUOVA APP RADIO\u00a0 PER ANDROID https:\/\/play.google.com\/store\/apps\/details?id=net.radiopiu.iniko\u00a0 &nbsp; L&#8217;ANNIVERSARIO, 250 ANNI DA LA FRANA CHE PORTO&#8217; ALLA FORMAZIONE DEL LAGO DI ALLEGHE ALLEGHE Oggi alle 10,30 verr\u00e0 celebrata nella chiesa di Alleghe&hellip;<\/p>\n","protected":false},"author":4,"featured_media":184082,"comment_status":"closed","ping_status":"closed","sticky":false,"template":"","format":"standard","meta":{"_monsterinsights_skip_tracking":false,"_monsterinsights_sitenote_active":false,"_monsterinsights_sitenote_note":"","_monsterinsights_sitenote_category":0,"footnotes":""},"categories":[1,51,86,49],"tags":[],"class_list":["post-183990","post","type-post","status-publish","format-standard","has-post-thumbnail","hentry","category-senza-categoria","category-evidenza-top","category-gr","category-news-18","category-1","category-51","category-86","category-49","description-off"],"img_url":"https:\/\/www.radiopiu.net\/wordpress\/wp-content\/uploads\/2021\/01\/salt_20210110_165321_295.jpg","_links":{"self":[{"href":"https:\/\/www.radiopiu.net\/wordpress\/wp-json\/wp\/v2\/posts\/183990","targetHints":{"allow":["GET"]}}],"collection":[{"href":"https:\/\/www.radiopiu.net\/wordpress\/wp-json\/wp\/v2\/posts"}],"about":[{"href":"https:\/\/www.radiopiu.net\/wordpress\/wp-json\/wp\/v2\/types\/post"}],"author":[{"embeddable":true,"href":"https:\/\/www.radiopiu.net\/wordpress\/wp-json\/wp\/v2\/users\/4"}],"replies":[{"embeddable":true,"href":"https:\/\/www.radiopiu.net\/wordpress\/wp-json\/wp\/v2\/comments?post=183990"}],"version-history":[{"count":0,"href":"https:\/\/www.radiopiu.net\/wordpress\/wp-json\/wp\/v2\/posts\/183990\/revisions"}],"wp:featuredmedia":[{"embeddable":true,"href":"https:\/\/www.radiopiu.net\/wordpress\/wp-json\/wp\/v2\/media\/184082"}],"wp:attachment":[{"href":"https:\/\/www.radiopiu.net\/wordpress\/wp-json\/wp\/v2\/media?parent=183990"}],"wp:term":[{"taxonomy":"category","embeddable":true,"href":"https:\/\/www.radiopiu.net\/wordpress\/wp-json\/wp\/v2\/categories?post=183990"},{"taxonomy":"post_tag","embeddable":true,"href":"https:\/\/www.radiopiu.net\/wordpress\/wp-json\/wp\/v2\/tags?post=183990"}],"curies":[{"name":"wp","href":"https:\/\/api.w.org\/{rel}","templated":true}]}}