{"id":184060,"date":"2021-01-10T23:59:26","date_gmt":"2021-01-10T22:59:26","guid":{"rendered":"https:\/\/www.radiopiu.net\/wordpress\/?p=184060"},"modified":"2021-01-11T06:09:49","modified_gmt":"2021-01-11T05:09:49","slug":"il-fenomeno-migratorio-a-sedico-in-ricordando-storia-e-immagini","status":"publish","type":"post","link":"https:\/\/www.radiopiu.net\/wordpress\/il-fenomeno-migratorio-a-sedico-in-ricordando-storia-e-immagini\/","title":{"rendered":"IL FENOMENO MIGRATORIO A SEDICO IN \u201cRICORDANDO, STORIA E IMMAGINI\u201d"},"content":{"rendered":"<p><strong>di Renato Bona<\/strong><\/p>\n<p>Per chi come noi ha sempre avuto a cuore i problemi degli emigranti nel ricordo di una carissima zia materna: Emi Bondioli, ed \u00e8 stato anche dirigente della \u201cBellunesi nel mondo\u201d, \u00e8 risultato decisamente prezioso il contributo del pubblicista prof. Egidio Pasuch che nel libro \u201cRicordando. Storia e immagini del comune di Sedico\u201d, ha curato il capitolo intitolato \u201cIl fenomeno migratorio a Sedico\u201d. Il volume, edito nel marzo 1986 per i tipi della tipografia Piave, dall\u2019Istituto bellunese di ricerche sociali e culturali presieduto dal prof. don Sergio Sacco \u00e8 iniziativa apprezzata del Comune di Sedico, all\u2019epoca guidato dal sindaco Sergio De Cian, e della Biblioteca civica, ed ha goduto del contributo di Cassa di Risparmio di Verona, Vicenza e Belluno, Regione Veneto e Comunit\u00e0 Montana Bellunese. Hanno collaborato alla realizzazione &#8211; che seguiva l\u2019allestimento nell\u2019autunno 1984 della mostra fotografica \u201cRicordando\u201d su aspetti della vita nel comune di Sedico tra Ottocento e Novecento &#8211; oltre agli autori dei singoli capitoli, Dolores Cortina e Farzia Taglietti, componenti del Comitato della Biblioteca. Pasuch esordisce affermando che una storia dell\u2019emigrazione in comune di Sedico nasce condizionata da difficolt\u00e0 enormi nel quantificare il fenomeno pur se esistono alcuni dati approssimativi e condizionati da incertezze e distinguo, e tuttavia ci\u00f2 che le fonti e l\u2019occasione consentono \u00e8 la ricerca in sede comunale di un riscontro o di una serie di riscontri a quello che \u00e8 il fenomeno migratorio nel Veneto e nel Bellunese. Analizza quindi il fenomeno dell\u2019emigrazione nella montagna veneta, poi quello specifico dell\u2019emigrazione nella Val Belluna ricordando che \u201cFu l\u2019America ad abbagliare i primi emigranti che decisero di lasciare definitivamente la patria. Ma non per questo venne a mancare il peso comunque rilevante, seppur di gran lunga inferiore a quello di altri distretti dell\u2019emigrazione\u201d. Infatti: \u201cFin dalla prima guerra mondiale l\u2019emigrazione, quasi sempre temporanea, si diresse soprattutto verso Austria, Germania, Svizzera e Lussemburgo. La guerra ridusse notevolmente le proporzioni dell\u2019emigrazione temporanea che divenne insignificante, negli anni del conflitto, ma che riassunse subito dopo quote elevate. Nuove furono questa volta le mete: Francia e Belgio avevano una domanda di manodopera molto elevata, dati i danni apportati dal conflitto. E l\u2019emigrazione parl\u00f2 per qualche anno soprattutto francese\u201d. Segue la \u201cfotografia\u201d dell\u2019emigrazione da Sedico prima della Grande guerra (secondo dati forniti dall\u2019Errera e relativi al 1869 vi erano a Sedico, all\u2019indomani dell\u2019unit\u00e0, 232 emigranti su una popolazione di circa 3700 abitanti, la massima parte dei quali dediti al lavoro dei campi dal momento che i primi stabilimenti \u201cindustriali\u201d non erano in grado di dare lavoro che a poche decine di operai e altre attivit\u00e0 artigianali o industriali di rilievo Sedico non poteva vantarne. L\u2019emigrazione sedicense pertanto ritrova le sue cause negli stessi fattori che determinarono il fenomeno in ambiti pi\u00f9 vasti. Una curiosit\u00e0: \u201cNei registri parrocchiali la prima partenza alla volta di un paese americano risale al 1876. Il 30 settembre di quell\u2019anno infatti partirono per il Venezuela Giovanni Battista Bristot assieme alla famiglia di Giacomo Cugnago, coloni di Bribano\u2026\u201d. Ed eccoci &#8211; sempre sulla base di quanto scritto da Egidio Pasuch &#8211; all\u2019emigrazione nel primo dopoguerra: \u201cUn quadro piuttosto originale della realt\u00e0 sedicense \u00e8 offerto dagli articoli e dalle rubriche che don Luigi Fiori, parroco di Sedico, pubblic\u00f2 piuttosto frequentemente a partire dal 1925 sul \u2018Bollettino parrocchiale\u2019\u201d scrivendo fra l\u2019altro: \u201cSono contento che la buona parola possa arrivare ai tanti parrocchiani dispersi nelle terre infuocate della Libia, sulle montagne gelate della Svizzera, nei paesi devastati della Francia ed oltre Oceano\u2026 Lontani come saranno molti dalle chiese, leggeranno volentieri sul \u2018Bollettino\u2019 un pensiero religioso che verr\u00e0 a sollevare il loro spirito\u2026 vada il mio saluto e l\u2019augurio che possano ritornare in seno alle loro famiglie con un giusto compenso delle loro fatiche\u201d. Emerge ad ogni modo che \u201cL\u2019emigrazione non era, come qualcuno allora sosteneva, una scelta di comodo dettata dal desiderio di guadagni. E\u2019 questa la stagione (febbraio) in cui anche tante ragazze corrono nelle citt\u00e0 per collocarsi a servizio in qualche famiglia. Uno spettacolo, questo, che sembrava al parroco per lo meno particolarmente triste \u2018perch\u00e9 si sa a quali pericoli sono esposte nella loro inesperienza e quanto cambiate (raramente in meglio) ritornano dopo qualche anno\u2019\u201d. L\u2019autore, in conclusione ricorda che: \u201cNella Relazione sulla struttura e sull\u2019andamento demografico della provincia di Belluno nel 1931 un primo dato risulta con una certa evidenza: il calo della popolazione residente in comune di Sedico tra il 1921 ed il 1931. Gli abitanti nel 1921 erano 6.772; quelli del 1931 erano 6.505. Un calo di ben 267 unit\u00e0 che il Consiglio dell\u2019economato corporativo spiegava con l\u2019emigrazione che la crisi del dopoguerra aveva incrementato) che andava trasformandosi sempre pi\u00f9 in permanente\u201d. Ed \u00e8 per porre fine a questo esodo dalla provincia che \u201cIl Governo aveva preso dei provvedimenti concretizzatisi in un piano di intervento del 1927 che prevedeva rimboschimenti, sistemazioni di bacini montani, miglioramento di pascoli e potenziamento del turismo. Ma pi\u00f9 di questi provvedimenti pot\u00e9 la crisi stessa che colp\u00ec prima gli Stati Uniti e poi, di conseguenza, l\u2019Europa ancora alle prese con i debiti contratti per la ricostruzione\u201d.<\/p>\n\n\t\t\t<style type='text\/css'>\n\t\t\t\t#gallery-1 {\n\t\t\t\t\tmargin: auto;\n\t\t\t\t}\n\t\t\t\t#gallery-1 .gallery-item {\n\t\t\t\t\tfloat: left;\n\t\t\t\t\tmargin-top: 10px;\n\t\t\t\t\ttext-align: center;\n\t\t\t\t\twidth: 14%;\n\t\t\t\t}\n\t\t\t\t#gallery-1 img {\n\t\t\t\t\tborder: 2px solid #cfcfcf;\n\t\t\t\t}\n\t\t\t\t#gallery-1 .gallery-caption {\n\t\t\t\t\tmargin-left: 0;\n\t\t\t\t}\n\t\t\t\t\/* see gallery_shortcode() in wp-includes\/media.php *\/\n\t\t\t<\/style>\n\t\t<div id='gallery-1' class='dt-gallery-container gallery galleryid-184060 gallery-columns-7 gallery-size-thumbnail'><dl class='gallery-item'>\n\t\t\t\t<dt class='gallery-icon portrait'>\n\t\t\t\t\t<a class=\"rollover rollover-zoom dt-pswp-item\" title=\"137589874_1169761940088550_7059388265889031525_n\" data-dt-img-description=\"\" data-large_image_width=\"1744\" data-large_image_height=\"2560\"href='https:\/\/www.radiopiu.net\/wordpress\/wp-content\/uploads\/2021\/01\/137589874_1169761940088550_7059388265889031525_n-scaled.jpg'><img loading=\"lazy\" decoding=\"async\" width=\"150\" height=\"150\" src=\"https:\/\/www.radiopiu.net\/wordpress\/wp-content\/uploads\/2021\/01\/137589874_1169761940088550_7059388265889031525_n-150x150.jpg\" class=\"attachment-thumbnail size-thumbnail\" alt=\"\" \/><\/a>\n\t\t\t\t<\/dt><\/dl><dl class='gallery-item'>\n\t\t\t\t<dt class='gallery-icon landscape'>\n\t\t\t\t\t<a class=\"rollover rollover-zoom dt-pswp-item\" title=\"137560877_248966863307167_624137349683048786_n\" data-dt-img-description=\"\" data-large_image_width=\"2560\" data-large_image_height=\"1653\"href='https:\/\/www.radiopiu.net\/wordpress\/wp-content\/uploads\/2021\/01\/137560877_248966863307167_624137349683048786_n-scaled.jpg'><img loading=\"lazy\" decoding=\"async\" width=\"150\" height=\"150\" src=\"https:\/\/www.radiopiu.net\/wordpress\/wp-content\/uploads\/2021\/01\/137560877_248966863307167_624137349683048786_n-150x150.jpg\" class=\"attachment-thumbnail size-thumbnail\" alt=\"\" \/><\/a>\n\t\t\t\t<\/dt><\/dl><dl class='gallery-item'>\n\t\t\t\t<dt class='gallery-icon landscape'>\n\t\t\t\t\t<a class=\"rollover rollover-zoom dt-pswp-item\" title=\"138061549_2855540734763070_1872972171290818207_n\" data-dt-img-description=\"\" data-large_image_width=\"2560\" data-large_image_height=\"1499\"href='https:\/\/www.radiopiu.net\/wordpress\/wp-content\/uploads\/2021\/01\/138061549_2855540734763070_1872972171290818207_n-scaled.jpg'><img loading=\"lazy\" decoding=\"async\" width=\"150\" height=\"150\" src=\"https:\/\/www.radiopiu.net\/wordpress\/wp-content\/uploads\/2021\/01\/138061549_2855540734763070_1872972171290818207_n-150x150.jpg\" class=\"attachment-thumbnail size-thumbnail\" alt=\"\" \/><\/a>\n\t\t\t\t<\/dt><\/dl><dl class='gallery-item'>\n\t\t\t\t<dt class='gallery-icon landscape'>\n\t\t\t\t\t<a class=\"rollover rollover-zoom dt-pswp-item\" title=\"137585715_2909820495956731_1880379647462079101_n\" data-dt-img-description=\"\" data-large_image_width=\"2560\" data-large_image_height=\"1422\"href='https:\/\/www.radiopiu.net\/wordpress\/wp-content\/uploads\/2021\/01\/137585715_2909820495956731_1880379647462079101_n-scaled.jpg'><img loading=\"lazy\" decoding=\"async\" width=\"150\" height=\"150\" src=\"https:\/\/www.radiopiu.net\/wordpress\/wp-content\/uploads\/2021\/01\/137585715_2909820495956731_1880379647462079101_n-150x150.jpg\" class=\"attachment-thumbnail size-thumbnail\" alt=\"\" \/><\/a>\n\t\t\t\t<\/dt><\/dl><dl class='gallery-item'>\n\t\t\t\t<dt class='gallery-icon landscape'>\n\t\t\t\t\t<a class=\"rollover rollover-zoom dt-pswp-item\" title=\"137626748_395648245055379_5336251663679708558_n\" data-dt-img-description=\"\" data-large_image_width=\"2560\" data-large_image_height=\"1642\"href='https:\/\/www.radiopiu.net\/wordpress\/wp-content\/uploads\/2021\/01\/137626748_395648245055379_5336251663679708558_n-scaled.jpg'><img loading=\"lazy\" decoding=\"async\" width=\"150\" height=\"150\" src=\"https:\/\/www.radiopiu.net\/wordpress\/wp-content\/uploads\/2021\/01\/137626748_395648245055379_5336251663679708558_n-150x150.jpg\" class=\"attachment-thumbnail size-thumbnail\" alt=\"\" \/><\/a>\n\t\t\t\t<\/dt><\/dl><dl class='gallery-item'>\n\t\t\t\t<dt class='gallery-icon landscape'>\n\t\t\t\t\t<a class=\"rollover rollover-zoom dt-pswp-item\" title=\"137523902_404257834018636_1085142366585710701_n\" data-dt-img-description=\"\" data-large_image_width=\"2560\" data-large_image_height=\"1662\"href='https:\/\/www.radiopiu.net\/wordpress\/wp-content\/uploads\/2021\/01\/137523902_404257834018636_1085142366585710701_n-scaled.jpg'><img loading=\"lazy\" decoding=\"async\" width=\"150\" height=\"150\" src=\"https:\/\/www.radiopiu.net\/wordpress\/wp-content\/uploads\/2021\/01\/137523902_404257834018636_1085142366585710701_n-150x150.jpg\" class=\"attachment-thumbnail size-thumbnail\" alt=\"\" \/><\/a>\n\t\t\t\t<\/dt><\/dl><dl class='gallery-item'>\n\t\t\t\t<dt class='gallery-icon landscape'>\n\t\t\t\t\t<a class=\"rollover rollover-zoom dt-pswp-item\" title=\"138047906_408146243580975_7625151433369526897_n\" data-dt-img-description=\"\" data-large_image_width=\"2560\" data-large_image_height=\"1626\"href='https:\/\/www.radiopiu.net\/wordpress\/wp-content\/uploads\/2021\/01\/138047906_408146243580975_7625151433369526897_n-scaled.jpg'><img loading=\"lazy\" decoding=\"async\" width=\"150\" height=\"150\" src=\"https:\/\/www.radiopiu.net\/wordpress\/wp-content\/uploads\/2021\/01\/138047906_408146243580975_7625151433369526897_n-150x150.jpg\" class=\"attachment-thumbnail size-thumbnail\" alt=\"\" \/><\/a>\n\t\t\t\t<\/dt><\/dl><br style=\"clear: both\" \/><dl class='gallery-item'>\n\t\t\t\t<dt class='gallery-icon portrait'>\n\t\t\t\t\t<a class=\"rollover rollover-zoom dt-pswp-item\" title=\"137706528_426072208517598_1774295012544466054_n\" data-dt-img-description=\"\" data-large_image_width=\"1851\" data-large_image_height=\"2560\"href='https:\/\/www.radiopiu.net\/wordpress\/wp-content\/uploads\/2021\/01\/137706528_426072208517598_1774295012544466054_n-scaled.jpg'><img loading=\"lazy\" decoding=\"async\" width=\"150\" height=\"150\" src=\"https:\/\/www.radiopiu.net\/wordpress\/wp-content\/uploads\/2021\/01\/137706528_426072208517598_1774295012544466054_n-150x150.jpg\" class=\"attachment-thumbnail size-thumbnail\" alt=\"\" \/><\/a>\n\t\t\t\t<\/dt><\/dl><dl class='gallery-item'>\n\t\t\t\t<dt class='gallery-icon portrait'>\n\t\t\t\t\t<a class=\"rollover rollover-zoom dt-pswp-item\" title=\"138036869_459852481848272_8530390525834314816_n\" data-dt-img-description=\"\" data-large_image_width=\"1905\" data-large_image_height=\"2138\"href='https:\/\/www.radiopiu.net\/wordpress\/wp-content\/uploads\/2021\/01\/138036869_459852481848272_8530390525834314816_n.jpg'><img loading=\"lazy\" decoding=\"async\" width=\"150\" height=\"150\" src=\"https:\/\/www.radiopiu.net\/wordpress\/wp-content\/uploads\/2021\/01\/138036869_459852481848272_8530390525834314816_n-150x150.jpg\" class=\"attachment-thumbnail size-thumbnail\" alt=\"\" \/><\/a>\n\t\t\t\t<\/dt><\/dl><dl class='gallery-item'>\n\t\t\t\t<dt class='gallery-icon landscape'>\n\t\t\t\t\t<a class=\"rollover rollover-zoom dt-pswp-item\" title=\"138141372_688622855158676_4869441605696454616_n\" data-dt-img-description=\"\" data-large_image_width=\"2560\" data-large_image_height=\"1483\"href='https:\/\/www.radiopiu.net\/wordpress\/wp-content\/uploads\/2021\/01\/138141372_688622855158676_4869441605696454616_n-scaled.jpg'><img loading=\"lazy\" decoding=\"async\" width=\"150\" height=\"150\" src=\"https:\/\/www.radiopiu.net\/wordpress\/wp-content\/uploads\/2021\/01\/138141372_688622855158676_4869441605696454616_n-150x150.jpg\" class=\"attachment-thumbnail size-thumbnail\" alt=\"\" \/><\/a>\n\t\t\t\t<\/dt><\/dl><dl class='gallery-item'>\n\t\t\t\t<dt class='gallery-icon landscape'>\n\t\t\t\t\t<a class=\"rollover rollover-zoom dt-pswp-item\" title=\"137588633_690897511590535_6654526188442611826_n\" data-dt-img-description=\"\" data-large_image_width=\"2560\" data-large_image_height=\"1730\"href='https:\/\/www.radiopiu.net\/wordpress\/wp-content\/uploads\/2021\/01\/137588633_690897511590535_6654526188442611826_n-scaled.jpg'><img loading=\"lazy\" decoding=\"async\" width=\"150\" height=\"150\" src=\"https:\/\/www.radiopiu.net\/wordpress\/wp-content\/uploads\/2021\/01\/137588633_690897511590535_6654526188442611826_n-150x150.jpg\" class=\"attachment-thumbnail size-thumbnail\" alt=\"\" \/><\/a>\n\t\t\t\t<\/dt><\/dl><dl class='gallery-item'>\n\t\t\t\t<dt class='gallery-icon landscape'>\n\t\t\t\t\t<a class=\"rollover rollover-zoom dt-pswp-item\" title=\"137366462_800198307198958_7498702372005341861_n\" data-dt-img-description=\"\" data-large_image_width=\"2560\" data-large_image_height=\"1576\"href='https:\/\/www.radiopiu.net\/wordpress\/wp-content\/uploads\/2021\/01\/137366462_800198307198958_7498702372005341861_n-scaled.jpg'><img loading=\"lazy\" decoding=\"async\" width=\"150\" height=\"150\" src=\"https:\/\/www.radiopiu.net\/wordpress\/wp-content\/uploads\/2021\/01\/137366462_800198307198958_7498702372005341861_n-150x150.jpg\" class=\"attachment-thumbnail size-thumbnail\" alt=\"\" \/><\/a>\n\t\t\t\t<\/dt><\/dl><dl class='gallery-item'>\n\t\t\t\t<dt class='gallery-icon portrait'>\n\t\t\t\t\t<a class=\"rollover rollover-zoom dt-pswp-item\" title=\"137631527_874450913299993_2016199526832469692_n\" data-dt-img-description=\"\" data-large_image_width=\"1796\" data-large_image_height=\"2560\"href='https:\/\/www.radiopiu.net\/wordpress\/wp-content\/uploads\/2021\/01\/137631527_874450913299993_2016199526832469692_n-scaled.jpg'><img loading=\"lazy\" decoding=\"async\" width=\"150\" height=\"150\" src=\"https:\/\/www.radiopiu.net\/wordpress\/wp-content\/uploads\/2021\/01\/137631527_874450913299993_2016199526832469692_n-150x150.jpg\" class=\"attachment-thumbnail size-thumbnail\" alt=\"\" \/><\/a>\n\t\t\t\t<\/dt><\/dl>\n\t\t\t\t<br style='clear: both' \/>\n\t\t\t<\/div>\n\n<p>NELLE FOTO (riproduzioni dal libro di Ibrsc: \u201cRicordando\u201d): la copertina della pubblicazione; emigranti in Venezuela nel 1894; connazionali rimpatriati dalla Svizzera allo scoppio della Grande Guerra; sedicensi a Jalta nel 1929; anche la balia era una emigrante; immagine di fine \u2018800: eleganza dell\u2019abito e originalit\u00e0 dei gioielli; due gruppi di italiani in Libia; e tre di emigranti in Francia; ancora una balia: il parroco don Luigi Fiori con le ragazze della prima comunione nel 1930.<\/p>\n","protected":false},"excerpt":{"rendered":"<p>di Renato Bona Per chi come noi ha sempre avuto a cuore i problemi degli emigranti nel ricordo di una carissima zia materna: Emi Bondioli, ed \u00e8 stato anche dirigente della \u201cBellunesi nel mondo\u201d, \u00e8 risultato decisamente prezioso il contributo del pubblicista prof. Egidio Pasuch che nel libro \u201cRicordando. Storia e immagini del comune di&hellip;<\/p>\n","protected":false},"author":4,"featured_media":184064,"comment_status":"closed","ping_status":"closed","sticky":false,"template":"","format":"standard","meta":{"_monsterinsights_skip_tracking":false,"_monsterinsights_sitenote_active":false,"_monsterinsights_sitenote_note":"","_monsterinsights_sitenote_category":0,"footnotes":""},"categories":[104,49],"tags":[],"class_list":["post-184060","post","type-post","status-publish","format-standard","has-post-thumbnail","hentry","category-evidenza_3","category-news-18","category-104","category-49","description-off"],"img_url":"https:\/\/www.radiopiu.net\/wordpress\/wp-content\/uploads\/2021\/01\/137585715_2909820495956731_1880379647462079101_n-scaled.jpg","_links":{"self":[{"href":"https:\/\/www.radiopiu.net\/wordpress\/wp-json\/wp\/v2\/posts\/184060","targetHints":{"allow":["GET"]}}],"collection":[{"href":"https:\/\/www.radiopiu.net\/wordpress\/wp-json\/wp\/v2\/posts"}],"about":[{"href":"https:\/\/www.radiopiu.net\/wordpress\/wp-json\/wp\/v2\/types\/post"}],"author":[{"embeddable":true,"href":"https:\/\/www.radiopiu.net\/wordpress\/wp-json\/wp\/v2\/users\/4"}],"replies":[{"embeddable":true,"href":"https:\/\/www.radiopiu.net\/wordpress\/wp-json\/wp\/v2\/comments?post=184060"}],"version-history":[{"count":0,"href":"https:\/\/www.radiopiu.net\/wordpress\/wp-json\/wp\/v2\/posts\/184060\/revisions"}],"wp:featuredmedia":[{"embeddable":true,"href":"https:\/\/www.radiopiu.net\/wordpress\/wp-json\/wp\/v2\/media\/184064"}],"wp:attachment":[{"href":"https:\/\/www.radiopiu.net\/wordpress\/wp-json\/wp\/v2\/media?parent=184060"}],"wp:term":[{"taxonomy":"category","embeddable":true,"href":"https:\/\/www.radiopiu.net\/wordpress\/wp-json\/wp\/v2\/categories?post=184060"},{"taxonomy":"post_tag","embeddable":true,"href":"https:\/\/www.radiopiu.net\/wordpress\/wp-json\/wp\/v2\/tags?post=184060"}],"curies":[{"name":"wp","href":"https:\/\/api.w.org\/{rel}","templated":true}]}}