{"id":184188,"date":"2021-01-11T09:18:18","date_gmt":"2021-01-11T08:18:18","guid":{"rendered":"https:\/\/www.radiopiu.net\/wordpress\/?p=184188"},"modified":"2021-01-11T09:18:18","modified_gmt":"2021-01-11T08:18:18","slug":"maltratta-la-moglie-arrestato-e-gia-scarcerato","status":"publish","type":"post","link":"https:\/\/www.radiopiu.net\/wordpress\/maltratta-la-moglie-arrestato-e-gia-scarcerato\/","title":{"rendered":"MALTRATTA LA MOGLIE: ARRESTATO E&#8217; GIA&#8217; SCARCERATO"},"content":{"rendered":"<blockquote>\n<h3><\/h3>\n<\/blockquote>\n<p><strong><a href=\"https:\/\/www.radiopiu.net\/wordpress\/summer\/1200px-faloria_cortina_dampezzo_10\/\" rel=\"attachment wp-att-157928\"><img loading=\"lazy\" decoding=\"async\" class=\"wp-image-157928 alignleft\" src=\"https:\/\/www.radiopiu.net\/wordpress\/wp-content\/uploads\/2020\/08\/1200px-Faloria_Cortina_dAmpezzo_10-300x207.jpg\" alt=\"\" width=\"183\" height=\"126\" srcset=\"https:\/\/www.radiopiu.net\/wordpress\/wp-content\/uploads\/2020\/08\/1200px-Faloria_Cortina_dAmpezzo_10-300x207.jpg 300w, https:\/\/www.radiopiu.net\/wordpress\/wp-content\/uploads\/2020\/08\/1200px-Faloria_Cortina_dAmpezzo_10-1024x707.jpg 1024w, https:\/\/www.radiopiu.net\/wordpress\/wp-content\/uploads\/2020\/08\/1200px-Faloria_Cortina_dAmpezzo_10-768x531.jpg 768w, https:\/\/www.radiopiu.net\/wordpress\/wp-content\/uploads\/2020\/08\/1200px-Faloria_Cortina_dAmpezzo_10-640x442.jpg 640w, https:\/\/www.radiopiu.net\/wordpress\/wp-content\/uploads\/2020\/08\/1200px-Faloria_Cortina_dAmpezzo_10.jpg 1200w\" sizes=\"auto, (max-width: 183px) 100vw, 183px\" \/><\/a>CORTINA<\/strong> Senza piet\u00e0 contro la moglie, davanti ai figli minorenni. Un trentenne \u00e8 stato arrestato, all&#8217;ennesima lite ha messo le mani sul collo della moglie con la chiara intenzione di strozzarla. E&#8217; successo nella sera di capodanno e l&#8217;uomo originario dell&#8217;Est Europa ma da tempo residente in Cadore \u00e8 finito in carcere per lesioni e maltrattamenti in famiglia.<\/p>\n<blockquote><p>A Baldenich non c&#8217;\u00e8 rimasto molto visto che \u00e8 stato gi\u00e0 scarcerato ma non pu\u00f2 pi\u00f9 avvicinarci a moglie e figli, non fino alla conclusione del procedimento penale dove per i maltrattamenti in famiglia rischia fino a 7 anni di carcere. Ad addomesticare l&#8217;uomo a capodanno ci hanno pensato gli uomini del commissariato di Cortina allertati da un vicino. Quella sera l&#8217;uomo era rientrato a casa ubriaco proponendo la solita furia tra botte e insulti.<\/p><\/blockquote>\n","protected":false},"excerpt":{"rendered":"<p>CORTINA Senza piet\u00e0 contro la moglie, davanti ai figli minorenni. Un trentenne \u00e8 stato arrestato, all&#8217;ennesima lite ha messo le mani sul collo della moglie con la chiara intenzione di strozzarla. E&#8217; successo nella sera di capodanno e l&#8217;uomo originario dell&#8217;Est Europa ma da tempo residente in Cadore \u00e8 finito in carcere per lesioni e&hellip;<\/p>\n","protected":false},"author":1,"featured_media":184189,"comment_status":"closed","ping_status":"closed","sticky":false,"template":"","format":"standard","meta":{"_monsterinsights_skip_tracking":false,"_monsterinsights_sitenote_active":false,"_monsterinsights_sitenote_note":"","_monsterinsights_sitenote_category":0,"footnotes":""},"categories":[51,49],"tags":[],"class_list":["post-184188","post","type-post","status-publish","format-standard","has-post-thumbnail","hentry","category-evidenza-top","category-news-18","category-51","category-49","description-off"],"img_url":"https:\/\/www.radiopiu.net\/wordpress\/wp-content\/uploads\/2021\/01\/download-9.jpg","_links":{"self":[{"href":"https:\/\/www.radiopiu.net\/wordpress\/wp-json\/wp\/v2\/posts\/184188","targetHints":{"allow":["GET"]}}],"collection":[{"href":"https:\/\/www.radiopiu.net\/wordpress\/wp-json\/wp\/v2\/posts"}],"about":[{"href":"https:\/\/www.radiopiu.net\/wordpress\/wp-json\/wp\/v2\/types\/post"}],"author":[{"embeddable":true,"href":"https:\/\/www.radiopiu.net\/wordpress\/wp-json\/wp\/v2\/users\/1"}],"replies":[{"embeddable":true,"href":"https:\/\/www.radiopiu.net\/wordpress\/wp-json\/wp\/v2\/comments?post=184188"}],"version-history":[{"count":0,"href":"https:\/\/www.radiopiu.net\/wordpress\/wp-json\/wp\/v2\/posts\/184188\/revisions"}],"wp:featuredmedia":[{"embeddable":true,"href":"https:\/\/www.radiopiu.net\/wordpress\/wp-json\/wp\/v2\/media\/184189"}],"wp:attachment":[{"href":"https:\/\/www.radiopiu.net\/wordpress\/wp-json\/wp\/v2\/media?parent=184188"}],"wp:term":[{"taxonomy":"category","embeddable":true,"href":"https:\/\/www.radiopiu.net\/wordpress\/wp-json\/wp\/v2\/categories?post=184188"},{"taxonomy":"post_tag","embeddable":true,"href":"https:\/\/www.radiopiu.net\/wordpress\/wp-json\/wp\/v2\/tags?post=184188"}],"curies":[{"name":"wp","href":"https:\/\/api.w.org\/{rel}","templated":true}]}}