{"id":184291,"date":"2021-01-11T20:41:12","date_gmt":"2021-01-11T19:41:12","guid":{"rendered":"https:\/\/www.radiopiu.net\/wordpress\/?p=184291"},"modified":"2021-01-12T06:09:02","modified_gmt":"2021-01-12T05:09:02","slug":"a-tiziana-ho-imparato-a-starti-accanto","status":"publish","type":"post","link":"https:\/\/www.radiopiu.net\/wordpress\/a-tiziana-ho-imparato-a-starti-accanto\/","title":{"rendered":"A TIZIANA&#8230; HO IMPARATO A STARTI ACCANTO"},"content":{"rendered":"<p align=\"JUSTIFY\"><strong>Cara Tiziana,<\/strong><\/p>\n<p align=\"JUSTIFY\">non \u00e8 facile, in alcuni momenti esprimere a parole il ricordo e i sentimenti che ti legano ad una persona speciale e grande come sei tu. Ti ho vista, ti ho incontrato e ho cercato la tua amicizia in punta di piedi, con discrezione e con grande emozione. Ti ringrazio per avermi dato questa possibilit\u00e0 perch\u00e9 da te, dal tuo esempio, dalle tue parole e soprattutto dal tuo sorriso, ho ricevuto un insegnamento di vita che supera gli altri, ricco di umanit\u00e0 e serenit\u00e0. Ho imparato a starti accanto qualche momento, a vedere una ragazza che, pur nella malattia, nella sofferenza quotidiana e nel dolore, trova il coraggio di sorridere e di stringere la mano e far capire quanto sia importante trovare uno spiraglio di luce per poter sognare ancora. Ogni tuo piccolo gesto \u00e8 un grande insegnamento di vita che ci aiuta a farci diventare delle persone migliori, capaci di dare e di amare e sono certa che Il Signore ci accompagna in questo cammino. Mi sei mancata tanto in questo periodo, come mi manca tanto la mia mamma. Te lo dico con il cuore perch\u00e9 \u00e8 proprio difficile accettare la distanza dai propri cari e sentirti impotente di fronte ad un male invisibile che ha oltrepassato ogni confine nel mondo. Ma guardiamo anche l\u2019arcobaleno che tutti i bimbi hanno disegnato e messo alla finestra, perch\u00e9 andr\u00e0 tutto bene. Ti ho vista in fotografia e mi sono scese le lacrime, ma non sei mai sola, ci sono delle persone fantastiche con te che ti curano, ti coccolano e ti fanno sentire parte di un\u2019unica famiglia con a capo sempre il tuo pap\u00e0. Ti penso spesso come se fossi mia figlia e, spero di poter salire presto a salutarti e rimanere pi\u00f9 tempo con te. Ricordati che ti voglio un sacco di bene perch\u00e9.. ho cercato di dirtelo in queste righe.. Se hai bisogno di qualcosa .. sono qui.. fammelo sapere.. Un \u201cBATTI CINQUE\u201d in segno di sincera amicizia, un forte abbraccio e i \u201cTRE BACI \u201calla francese.<\/p>\n<p align=\"JUSTIFY\"><strong>Ciao Tiziana, stammi bene T.V.B. con affetto.<\/strong><\/p>\n<blockquote class=\"wp-embedded-content\" data-secret=\"iS11kmgw3f\"><p><a href=\"https:\/\/www.radiopiu.net\/wordpress\/si-e-spento-il-sorriso-di-tiziana-nel-misterioso-intreccio-della-vita\/\">SI E&#8217; SPENTO IL SORRISO DI TIZIANA NEL MISTERIOSO INTRECCIO DELLA VITA<\/a><\/p><\/blockquote>\n<p><iframe loading=\"lazy\" class=\"wp-embedded-content\" sandbox=\"allow-scripts\" security=\"restricted\" style=\"position: absolute; clip: rect(1px, 1px, 1px, 1px);\" title=\"&#8220;SI E&#8217; SPENTO IL SORRISO DI TIZIANA NEL MISTERIOSO INTRECCIO DELLA VITA&#8221; &#8212; Radio Pi\u00f9\" src=\"https:\/\/www.radiopiu.net\/wordpress\/si-e-spento-il-sorriso-di-tiziana-nel-misterioso-intreccio-della-vita\/embed\/#?secret=iS11kmgw3f\" data-secret=\"iS11kmgw3f\" width=\"600\" height=\"338\" frameborder=\"0\" marginwidth=\"0\" marginheight=\"0\" scrolling=\"no\"><\/iframe><\/p>\n","protected":false},"excerpt":{"rendered":"<p>Cara Tiziana, non \u00e8 facile, in alcuni momenti esprimere a parole il ricordo e i sentimenti che ti legano ad una persona speciale e grande come sei tu. Ti ho vista, ti ho incontrato e ho cercato la tua amicizia in punta di piedi, con discrezione e con grande emozione. Ti ringrazio per avermi dato&hellip;<\/p>\n","protected":false},"author":4,"featured_media":75492,"comment_status":"closed","ping_status":"closed","sticky":false,"template":"","format":"standard","meta":{"_monsterinsights_skip_tracking":false,"_monsterinsights_sitenote_active":false,"_monsterinsights_sitenote_note":"","_monsterinsights_sitenote_category":0,"footnotes":""},"categories":[51,49],"tags":[],"class_list":["post-184291","post","type-post","status-publish","format-standard","has-post-thumbnail","hentry","category-evidenza-top","category-news-18","category-51","category-49","description-off"],"img_url":"https:\/\/www.radiopiu.net\/wordpress\/wp-content\/uploads\/2019\/02\/lutto-simbolo.jpg","_links":{"self":[{"href":"https:\/\/www.radiopiu.net\/wordpress\/wp-json\/wp\/v2\/posts\/184291","targetHints":{"allow":["GET"]}}],"collection":[{"href":"https:\/\/www.radiopiu.net\/wordpress\/wp-json\/wp\/v2\/posts"}],"about":[{"href":"https:\/\/www.radiopiu.net\/wordpress\/wp-json\/wp\/v2\/types\/post"}],"author":[{"embeddable":true,"href":"https:\/\/www.radiopiu.net\/wordpress\/wp-json\/wp\/v2\/users\/4"}],"replies":[{"embeddable":true,"href":"https:\/\/www.radiopiu.net\/wordpress\/wp-json\/wp\/v2\/comments?post=184291"}],"version-history":[{"count":0,"href":"https:\/\/www.radiopiu.net\/wordpress\/wp-json\/wp\/v2\/posts\/184291\/revisions"}],"wp:featuredmedia":[{"embeddable":true,"href":"https:\/\/www.radiopiu.net\/wordpress\/wp-json\/wp\/v2\/media\/75492"}],"wp:attachment":[{"href":"https:\/\/www.radiopiu.net\/wordpress\/wp-json\/wp\/v2\/media?parent=184291"}],"wp:term":[{"taxonomy":"category","embeddable":true,"href":"https:\/\/www.radiopiu.net\/wordpress\/wp-json\/wp\/v2\/categories?post=184291"},{"taxonomy":"post_tag","embeddable":true,"href":"https:\/\/www.radiopiu.net\/wordpress\/wp-json\/wp\/v2\/tags?post=184291"}],"curies":[{"name":"wp","href":"https:\/\/api.w.org\/{rel}","templated":true}]}}