{"id":184330,"date":"2021-01-13T05:54:33","date_gmt":"2021-01-13T04:54:33","guid":{"rendered":"https:\/\/www.radiopiu.net\/wordpress\/?p=184330"},"modified":"2021-01-13T09:17:12","modified_gmt":"2021-01-13T08:17:12","slug":"giornale-radiopiu-13-gennaio-2021-direttore-mirko-mezzacasa","status":"publish","type":"post","link":"https:\/\/www.radiopiu.net\/wordpress\/giornale-radiopiu-13-gennaio-2021-direttore-mirko-mezzacasa\/","title":{"rendered":"GIORNALE RADIOPIU 13 GENNAIO 2021 DIRETTORE MIRKO MEZZACASA"},"content":{"rendered":"<h3>PER<strong> RICEVERE QUESTO NOTIZIARIO DIRETTAMENTE SUL TUO CELLULARE ISCRIVITI AL CANALE TELEGRAM <\/strong><strong>\u201cRADIO PIU\u00a0 INFORMAZIONE&#8221;\u00a0<\/strong><\/h3>\n<p><em>ATTENZIONE: LA NUOVA APP PER IOS-IPHONE<\/em><\/p>\n<div>\n<div><a href=\"https:\/\/apps.apple.com\/it\/app\/radio-pi%C3%B9-emittente-agordina\/id1515939845\">https:\/\/apps.apple.com\/it\/app\/radio-pi%C3%B9-emittente-agordina\/id1515939845<\/a><\/div>\n<\/div>\n<div><\/div>\n<div>\n<div dir=\"auto\"><em>ATTENZIONE: LA NUOVA APP RADIO\u00a0 PER ANDROID<\/em><\/div>\n<\/div>\n<p><a href=\"https:\/\/play.google.com\/store\/apps\/details?id=net.radiopiu.iniko\" target=\"_blank\" rel=\"noopener noreferrer\">https:\/\/play.google.com\/store\/apps\/details?id=net.radiopiu.iniko\u00a0<\/a><\/p>\n<p>&nbsp;<\/p>\n<hr \/>\n<p>&nbsp;<\/p>\n<h2 style=\"text-align: center;\">L&#8217;INIZIATIVA DI ATTIVAMENTE AGORDINO<\/h2>\n<p><strong>&#x2744;&#xfe0f;PISTA DA FONDO A TAIBON AGORDINO&#x2744;&#xfe0f;<\/strong><br \/>\n<strong>TAIBON<\/strong> La pista da fondo \u00e8 sulla piana di fronte al campo sintetico. \u00c8 stata battuta anche la strada fino a Pont e la strada fino a Fason per sci alpino e ciaspe. Tutto con la collaborazione delle associazioni del paese\u00a0 il Comune e il grande lavoro di Orazio, Genio e i loro collaboratori\u00a0 volontari sempre disponibili<\/p>\n\n\t\t\t<style type='text\/css'>\n\t\t\t\t#gallery-1 {\n\t\t\t\t\tmargin: auto;\n\t\t\t\t}\n\t\t\t\t#gallery-1 .gallery-item {\n\t\t\t\t\tfloat: left;\n\t\t\t\t\tmargin-top: 10px;\n\t\t\t\t\ttext-align: center;\n\t\t\t\t\twidth: 50%;\n\t\t\t\t}\n\t\t\t\t#gallery-1 img {\n\t\t\t\t\tborder: 2px solid #cfcfcf;\n\t\t\t\t}\n\t\t\t\t#gallery-1 .gallery-caption {\n\t\t\t\t\tmargin-left: 0;\n\t\t\t\t}\n\t\t\t\t\/* see gallery_shortcode() in wp-includes\/media.php *\/\n\t\t\t<\/style>\n\t\t<div id='gallery-1' class='dt-gallery-container gallery galleryid-184330 gallery-columns-2 gallery-size-medium'><dl class='gallery-item'>\n\t\t\t\t<dt class='gallery-icon landscape'>\n\t\t\t\t\t<a class=\"rollover rollover-zoom dt-pswp-item\" title=\"49625efb-c22e-4cf6-a548-49bb309b2856\" data-dt-img-description=\"\" data-large_image_width=\"600\" data-large_image_height=\"450\"href='https:\/\/www.radiopiu.net\/wordpress\/wp-content\/uploads\/2021\/01\/49625efb-c22e-4cf6-a548-49bb309b2856.jpg'><img loading=\"lazy\" decoding=\"async\" width=\"300\" height=\"225\" src=\"https:\/\/www.radiopiu.net\/wordpress\/wp-content\/uploads\/2021\/01\/49625efb-c22e-4cf6-a548-49bb309b2856-300x225.jpg\" class=\"attachment-medium size-medium\" alt=\"\" srcset=\"https:\/\/www.radiopiu.net\/wordpress\/wp-content\/uploads\/2021\/01\/49625efb-c22e-4cf6-a548-49bb309b2856-300x225.jpg 300w, https:\/\/www.radiopiu.net\/wordpress\/wp-content\/uploads\/2021\/01\/49625efb-c22e-4cf6-a548-49bb309b2856.jpg 600w\" sizes=\"auto, (max-width: 300px) 100vw, 300px\" \/><\/a>\n\t\t\t\t<\/dt><\/dl><dl class='gallery-item'>\n\t\t\t\t<dt class='gallery-icon landscape'>\n\t\t\t\t\t<a class=\"rollover rollover-zoom dt-pswp-item\" title=\"a33cd9a3-757e-4261-a4aa-3a32a65a4305\" data-dt-img-description=\"\" data-large_image_width=\"600\" data-large_image_height=\"450\"href='https:\/\/www.radiopiu.net\/wordpress\/wp-content\/uploads\/2021\/01\/a33cd9a3-757e-4261-a4aa-3a32a65a4305.jpg'><img loading=\"lazy\" decoding=\"async\" width=\"300\" height=\"225\" src=\"https:\/\/www.radiopiu.net\/wordpress\/wp-content\/uploads\/2021\/01\/a33cd9a3-757e-4261-a4aa-3a32a65a4305-300x225.jpg\" class=\"attachment-medium size-medium\" alt=\"\" srcset=\"https:\/\/www.radiopiu.net\/wordpress\/wp-content\/uploads\/2021\/01\/a33cd9a3-757e-4261-a4aa-3a32a65a4305-300x225.jpg 300w, https:\/\/www.radiopiu.net\/wordpress\/wp-content\/uploads\/2021\/01\/a33cd9a3-757e-4261-a4aa-3a32a65a4305.jpg 600w\" sizes=\"auto, (max-width: 300px) 100vw, 300px\" \/><\/a>\n\t\t\t\t<\/dt><\/dl><br style=\"clear: both\" \/>\n\t\t\t<\/div>\n\n<p>&nbsp;<\/p>\n<hr \/>\n<p>&nbsp;<\/p>\n<blockquote class=\"wp-embedded-content\" data-secret=\"U0VhRRJOqK\"><p><a href=\"https:\/\/www.radiopiu.net\/wordpress\/il-monitoraggio-anticovid-della-prefettura-15-sanzioni-in-una-settimana\/\">IL MONITORAGGIO ANTICOVID DELLA PREFETTURA: 15 SANZIONI IN UNA SETTIMANA<\/a><\/p><\/blockquote>\n<p><iframe loading=\"lazy\" class=\"wp-embedded-content\" sandbox=\"allow-scripts\" security=\"restricted\" style=\"position: absolute; clip: rect(1px, 1px, 1px, 1px);\" title=\"&#8220;IL MONITORAGGIO ANTICOVID DELLA PREFETTURA: 15 SANZIONI IN UNA SETTIMANA&#8221; &#8212; Radio Pi\u00f9\" src=\"https:\/\/www.radiopiu.net\/wordpress\/il-monitoraggio-anticovid-della-prefettura-15-sanzioni-in-una-settimana\/embed\/#?secret=U0VhRRJOqK\" data-secret=\"U0VhRRJOqK\" width=\"600\" height=\"338\" frameborder=\"0\" marginwidth=\"0\" marginheight=\"0\" scrolling=\"no\"><\/iframe><\/p>\n<p>&nbsp;<\/p>\n<p>&nbsp;<\/p>\n<hr \/>\n<p>&nbsp;<\/p>\n<blockquote>\n<h3>LA FATICA, IL PESO DEL DOLORE. A TIZIANA DI DON FABIANO DEL FAVERO<\/h3>\n<\/blockquote>\n<p><strong><a href=\"https:\/\/www.radiopiu.net\/wordpress\/la-fatica-il-peso-del-dolore-a-tiziana-di-don-fabiano-del-favero\/acfca1ea-46df-4a32-b08d-0130d3516d69\/\" rel=\"attachment wp-att-184530\"><img loading=\"lazy\" decoding=\"async\" class=\"size-medium wp-image-184530 alignleft\" src=\"https:\/\/www.radiopiu.net\/wordpress\/wp-content\/uploads\/2021\/01\/acfca1ea-46df-4a32-b08d-0130d3516d69-300x300.jpg\" alt=\"\" width=\"300\" height=\"300\" srcset=\"https:\/\/www.radiopiu.net\/wordpress\/wp-content\/uploads\/2021\/01\/acfca1ea-46df-4a32-b08d-0130d3516d69-300x300.jpg 300w, https:\/\/www.radiopiu.net\/wordpress\/wp-content\/uploads\/2021\/01\/acfca1ea-46df-4a32-b08d-0130d3516d69-1024x1024.jpg 1024w, https:\/\/www.radiopiu.net\/wordpress\/wp-content\/uploads\/2021\/01\/acfca1ea-46df-4a32-b08d-0130d3516d69-150x150.jpg 150w, https:\/\/www.radiopiu.net\/wordpress\/wp-content\/uploads\/2021\/01\/acfca1ea-46df-4a32-b08d-0130d3516d69-768x768.jpg 768w, https:\/\/www.radiopiu.net\/wordpress\/wp-content\/uploads\/2021\/01\/acfca1ea-46df-4a32-b08d-0130d3516d69-1536x1536.jpg 1536w, https:\/\/www.radiopiu.net\/wordpress\/wp-content\/uploads\/2021\/01\/acfca1ea-46df-4a32-b08d-0130d3516d69.jpg 1600w\" sizes=\"auto, (max-width: 300px) 100vw, 300px\" \/><\/a>DON FABIANO DEL FAVERO, PARROCO DI VOLTAGO, GOSALDO E RIVAMONTE<\/strong><\/p>\n<audio class=\"wp-audio-shortcode\" id=\"audio-184330-1\" preload=\"none\" style=\"width: 100%;\" controls=\"controls\"><source type=\"audio\/mpeg\" src=\"https:\/\/www.radiopiu.net\/wordpress\/wp-content\/uploads\/2021\/01\/DON-FABIANO-TIZIANA.mp3?_=1\" \/><a href=\"https:\/\/www.radiopiu.net\/wordpress\/wp-content\/uploads\/2021\/01\/DON-FABIANO-TIZIANA.mp3\">https:\/\/www.radiopiu.net\/wordpress\/wp-content\/uploads\/2021\/01\/DON-FABIANO-TIZIANA.mp3<\/a><\/audio>\n<p>&nbsp;<\/p>\n<hr \/>\n<p>&nbsp;<\/p>\n<blockquote>\n<h2>CON ELIO LOTTO SE NE VA UN PEZZO DI STORIA DELL&#8217;AGORDINA CALCIO<\/h2>\n<\/blockquote>\n<p><strong>di Mario Scussel<\/strong><\/p>\n<blockquote>\n<div dir=\"auto\"><em>Oggi vogliamo ricordare con grande affetto Elio, inviando un grosso abbraccio a Daniele, Paola e a tutti i parenti per la scomparsa del nostro ex Presidente. Anche Elio se ne andato in punta di piedi lasciando un ricordo indelebile nella storia della Societ\u00e0. <\/em><em>Persona che ha dedicato passione e tempo negli anni 80 per l&#8217;U.S. Agordina creando un gruppo affiatato e riscuotendo rispetto e consensi per il lavoro svolto in ambito sportivo. I tuoi ragazzi e tifosi ti salutano. R.I.P. ciao Elio<\/em><\/div>\n<p>&nbsp;<\/p><\/blockquote>\n\n\t\t\t<style type='text\/css'>\n\t\t\t\t#gallery-2 {\n\t\t\t\t\tmargin: auto;\n\t\t\t\t}\n\t\t\t\t#gallery-2 .gallery-item {\n\t\t\t\t\tfloat: left;\n\t\t\t\t\tmargin-top: 10px;\n\t\t\t\t\ttext-align: center;\n\t\t\t\t\twidth: 50%;\n\t\t\t\t}\n\t\t\t\t#gallery-2 img {\n\t\t\t\t\tborder: 2px solid #cfcfcf;\n\t\t\t\t}\n\t\t\t\t#gallery-2 .gallery-caption {\n\t\t\t\t\tmargin-left: 0;\n\t\t\t\t}\n\t\t\t\t\/* see gallery_shortcode() in wp-includes\/media.php *\/\n\t\t\t<\/style>\n\t\t<div id='gallery-2' class='dt-gallery-container gallery galleryid-184330 gallery-columns-2 gallery-size-full'><dl class='gallery-item'>\n\t\t\t\t<dt class='gallery-icon landscape'>\n\t\t\t\t\t<a class=\"rollover rollover-zoom dt-pswp-item\" title=\"138329325_10221475989306597_6139078136585627760_n\" data-dt-img-description=\"\" data-large_image_width=\"600\" data-large_image_height=\"393\"href='https:\/\/www.radiopiu.net\/wordpress\/wp-content\/uploads\/2021\/01\/138329325_10221475989306597_6139078136585627760_n.jpg'><img loading=\"lazy\" decoding=\"async\" width=\"600\" height=\"393\" src=\"https:\/\/www.radiopiu.net\/wordpress\/wp-content\/uploads\/2021\/01\/138329325_10221475989306597_6139078136585627760_n.jpg\" class=\"attachment-full size-full\" alt=\"\" srcset=\"https:\/\/www.radiopiu.net\/wordpress\/wp-content\/uploads\/2021\/01\/138329325_10221475989306597_6139078136585627760_n.jpg 600w, https:\/\/www.radiopiu.net\/wordpress\/wp-content\/uploads\/2021\/01\/138329325_10221475989306597_6139078136585627760_n-300x197.jpg 300w\" sizes=\"auto, (max-width: 600px) 100vw, 600px\" \/><\/a>\n\t\t\t\t<\/dt><\/dl><dl class='gallery-item'>\n\t\t\t\t<dt class='gallery-icon landscape'>\n\t\t\t\t\t<a class=\"rollover rollover-zoom dt-pswp-item\" title=\"138081807_10221475989586604_6218179036096567172_o\" data-dt-img-description=\"\" data-large_image_width=\"600\" data-large_image_height=\"376\"href='https:\/\/www.radiopiu.net\/wordpress\/wp-content\/uploads\/2021\/01\/138081807_10221475989586604_6218179036096567172_o.jpg'><img loading=\"lazy\" decoding=\"async\" width=\"600\" height=\"376\" src=\"https:\/\/www.radiopiu.net\/wordpress\/wp-content\/uploads\/2021\/01\/138081807_10221475989586604_6218179036096567172_o.jpg\" class=\"attachment-full size-full\" alt=\"\" srcset=\"https:\/\/www.radiopiu.net\/wordpress\/wp-content\/uploads\/2021\/01\/138081807_10221475989586604_6218179036096567172_o.jpg 600w, https:\/\/www.radiopiu.net\/wordpress\/wp-content\/uploads\/2021\/01\/138081807_10221475989586604_6218179036096567172_o-300x188.jpg 300w\" sizes=\"auto, (max-width: 600px) 100vw, 600px\" \/><\/a>\n\t\t\t\t<\/dt><\/dl><br style=\"clear: both\" \/>\n\t\t\t<\/div>\n\n<p>&nbsp;<\/p>\n<hr \/>\n<p>&nbsp;<\/p>\n<blockquote>\n<h3>IN ATTESA DEL PRELIEVO COMBATTENDO IL GELO<\/h3>\n<\/blockquote>\n<p><strong><a href=\"https:\/\/www.radiopiu.net\/wordpress\/giornale-radio-piu-14-10-direttore-mirko-mezzacasa\/entrata-agordo-300x225\/\" rel=\"attachment wp-att-11952\"><img loading=\"lazy\" decoding=\"async\" class=\"size-medium wp-image-11952 alignleft\" src=\"https:\/\/www.radiopiu.net\/wordpress\/wp-content\/uploads\/2015\/10\/Entrata-Agordo-300x225-300x225.jpg\" alt=\"\" width=\"300\" height=\"225\" \/><\/a>BELLUNO<\/strong> Segnalavamo ieri mattina la problematica al centro prelievi di Agordo dove i pazienti sono costretti ad attendere all&#8217;esterno della struttura ospedaliera, difronte al Pronto Soccorso dove non sono previsti parcheggi a sufficienza, quindi al freddo e con temperature come quelle di questi giorni (dai 13 ai 15 gradi sotto lo zero). Dalla Ulss1 di Belluno il problema \u00e8 stato subito compreso e gi\u00e0 dai prossimi giorni sar\u00e0 risolto, tra l&#8217;altro l&#8217;ospedale sar\u00e0 presto oggetto di importanti lavori proprio in zona Pronto Soccorso con la ristrutturazione possibile grazie ai fondi dei Comuni di Confine. Questa infatti la pronta risposta dell&#8217;azienda ospedaliera che si dimostra vicino alle esigenze in questo caso degli agordini.<\/p>\n<blockquote><p>&#8220;<em>In merito alla segnalazione circa la mancanza di un riparo all\u2019esterno del Laboratorio analisi di Agordo, l\u2019ulss Dolomiti si impegna a trovare una soluzione attraverso l\u2019installazione di due funghi riscaldanti nei pressi dell\u2019ingresso oggetto della segnalazione gi\u00e0 dai prossimi giorni. Si ricorda, peraltro, l\u2019importanza di arrivare all\u2019appuntamento per il prelievo senza troppo anticipo per evitare assembramenti e garantire il rispetto delle norme covid, evitando attese all\u2019esterno&#8221;.<\/em><\/p><\/blockquote>\n<p><em><strong>\u00a0DI GIANNI SANTOMASO<\/strong><\/em><\/p>\n<audio class=\"wp-audio-shortcode\" id=\"audio-184330-2\" preload=\"none\" style=\"width: 100%;\" controls=\"controls\"><source type=\"audio\/mpeg\" src=\"https:\/\/www.radiopiu.net\/wordpress\/wp-content\/uploads\/2021\/01\/GIANNI-CENTRO-PRELIEVI-AL-GELO.mp3?_=2\" \/><a href=\"https:\/\/www.radiopiu.net\/wordpress\/wp-content\/uploads\/2021\/01\/GIANNI-CENTRO-PRELIEVI-AL-GELO.mp3\">https:\/\/www.radiopiu.net\/wordpress\/wp-content\/uploads\/2021\/01\/GIANNI-CENTRO-PRELIEVI-AL-GELO.mp3<\/a><\/audio>\n<p>&nbsp;<\/p>\n<hr \/>\n<p>&nbsp;<\/p>\n<blockquote>\n<h3>ANCORA TURNI SCOPERTI ALLA CROCE VERDE VAL BIOIS<\/h3>\n<\/blockquote>\n<p><strong>FALCADE<\/strong> Con grande rammarico il presidente della Croce Verde Val Biois Stefano Murer comunica che alla data attuale non sono in grado di reperire equipaggio per i seguenti servizi: luned\u00ec 18 gennaio dalle 6 alle\u00a0 20. Sabato 30 gennaio dalle\u00a0 6 alle 20. Nel caso ci siano disponibilit\u00e0 di volontari per detti servizi sar\u00e0 comunicato.<\/p>\n<p>&nbsp;<\/p>\n<hr \/>\n<p>&nbsp;<\/p>\n<blockquote>\n<h3>ALBANESE ARRESTATO A BELLUNO PER TRAFFICO DI DROGA<\/h3>\n<\/blockquote>\n<p><strong>BELLUNO<\/strong> Nell&#8217;operazione Trexit condotta nel Nord Italia ha partecipato anche la Questura di Belluno coordinata da Jacopo Ballarini. In Italia sono state eseguite 29 misure cautelari, una notificata anche ad un albanese gi\u00e0 detenuto in carcere a Baldenich, a lui vengono addebitate diverse cessioni di cocaina.<\/p>\n<p>&nbsp;<\/p>\n<p>&nbsp;<\/p>\n<hr \/>\n<p>&nbsp;<\/p>\n<blockquote>\n<h3>PRINCIPIO D&#8217;INCENDIO A BELLUNO IN UNA CASA IN LEGNO<\/h3>\n<\/blockquote>\n<p><strong>BELLUNO<\/strong> Principio di incendio in via Agordo dove una famiglia ha tentato di scongelare i tubi dell&#8217;acqua con un phon, ieri sera alle 17.30 l&#8217;operazione ha causato un incendio, immediato l&#8217;intervento dei vigili del fuoco. Nessuna persona coinvolta e dopo tre ore di lavoro i vigili del fuoco hanno non solo evitato il peggio ma anche reso l&#8217;abitazione di nuovo abitabile anche se senz&#8217;acqua.<\/p>\n<p>&nbsp;<\/p>\n<p>&nbsp;<\/p>\n<hr \/>\n<p>&nbsp;<\/p>\n<blockquote>\n<h3>IL SINDACO ZOLDANO CHIEDE ATTENZIONE PER LA\u00a0 PROVINCIALE 251<\/h3>\n<\/blockquote>\n<p><strong>VAL DI ZOLDO<\/strong> A seguito della riapertura a senso unico alternato della s.p. 251 il sindaco Camillo De Pellegrin ha ritenuto opportuno rivolgersi immediatamente, a nome della Comunit\u00e0, alle Autorit\u00e0 competenti per chiedere la giusta attenzione in merito al problema della precariet\u00e0 e pericolosit\u00e0 di tale tratto stradale noto ormai da decenni.<\/p>\n<p><strong>IL SINDACO<\/strong><\/p>\n<blockquote><p><em><a href=\"https:\/\/www.radiopiu.net\/wordpress\/giornale-radiopiu-13-gennaio-2021-direttore-mirko-mezzacasa\/28056423_1570743069705719_9091845138820201561_n\/\" rel=\"attachment wp-att-184560\"><img loading=\"lazy\" decoding=\"async\" class=\" wp-image-184560 alignleft\" src=\"https:\/\/www.radiopiu.net\/wordpress\/wp-content\/uploads\/2021\/01\/28056423_1570743069705719_9091845138820201561_n-300x300.jpg\" alt=\"\" width=\"167\" height=\"167\" srcset=\"https:\/\/www.radiopiu.net\/wordpress\/wp-content\/uploads\/2021\/01\/28056423_1570743069705719_9091845138820201561_n-300x300.jpg 300w, https:\/\/www.radiopiu.net\/wordpress\/wp-content\/uploads\/2021\/01\/28056423_1570743069705719_9091845138820201561_n-150x150.jpg 150w, https:\/\/www.radiopiu.net\/wordpress\/wp-content\/uploads\/2021\/01\/28056423_1570743069705719_9091845138820201561_n-768x767.jpg 768w, https:\/\/www.radiopiu.net\/wordpress\/wp-content\/uploads\/2021\/01\/28056423_1570743069705719_9091845138820201561_n.jpg 960w\" sizes=\"auto, (max-width: 167px) 100vw, 167px\" \/><\/a>\u00a0\u00abin prospettiva \u00e8 quanto mai necessario garantire collegamenti intervallivi sicuri. I collegamenti alternativi alla val di Zoldo sono i passi Duran, Cibiana e Staulanza che, in caso di abbondanti nevicate, rischiano la chiusura a causa di slavine e caduta alberi. Rifornimenti, mezzi d&#8217;opera e di soccorso sono giunti con difficolt\u00e0, pendolari e cittadini sono stati costretti ad intraprendere interminabili e pericolosi viaggi o a dover addirittura rinunciare a recarsi al lavoro. Per garantire soccorsi tempestivi, nonostante non vi fossero deroghe all&#8217;ordinanza di chiusura, le ambulanze sono state scortate giorno e notte dal Comune di Val di Zoldo lungo il tratto della strada provinciale interdetto alla circolazione. Nonostante l&#8217;ottimo lavoro di Veneto Strade e delle ditte incaricate, a causa della complessit\u00e0 del danno l&#8217;unica corsia utilizzabile al momento non pu\u00f2 essere percorsa da mezzi con portata superiore alle 24 tonnellate. Ci\u00f2 comporta ulteriori disagi che si protrarranno inevitabilmente per mesi. \u00c8 evidente che per poter garantire un futuro alla valle, questa situazione debba trovare una soluzione definitiva. Da molti anni non sono stati eseguiti interventi strutturali\u00bb.<\/em><\/p><\/blockquote>\n<a href=\"https:\/\/www.radiopiu.net\/wordpress\/wp-content\/uploads\/2021\/01\/sp251-1.pdf\" class=\"pdfemb-viewer\" style=\"\" data-width=\"max\" data-height=\"max\" data-toolbar=\"top\" data-toolbar-fixed=\"on\">sp251-1<\/a>\n<p>&nbsp;<\/p>\n<hr \/>\n<p>&nbsp;<\/p>\n<blockquote>\n<h3>ANCORA UN LUTTO NEL MONDO DEI GELATIERI<\/h3>\n<\/blockquote>\n<p><strong>BELLUNO<\/strong>\u00a0 A Buenos Aires \u00e8 morto Federico Bortolot a\u00a0 84 anni. Aveva contratto il Coronavirus. Bortolot era il titolare della famosa gelateria &#8220;Il Piave&#8221;, orgoglio del gelato bellunese in Argentina.\u00a0<em> \u00abLe nostre pi\u00f9 sentite condoglianze alla figlie Sandra e Gabriela e ai nipoti Carolina, Lucila, Federico e Morena\u00bb,<\/em> sono le parole del presidente dell&#8217;Associazione Bellunesi nel mondo Oscar De Bona.<\/p>\n<p>IL MESSAG<a href=\"https:\/\/www.radiopiu.net\/wordpress\/giornale-radiopiu-13-gennaio-2021-direttore-mirko-mezzacasa\/137573590_3513662648740440_7002385871512590053_o\/\" rel=\"attachment wp-att-184561\"><img loading=\"lazy\" decoding=\"async\" class=\" wp-image-184561 alignleft\" src=\"https:\/\/www.radiopiu.net\/wordpress\/wp-content\/uploads\/2021\/01\/137573590_3513662648740440_7002385871512590053_o-300x184.jpg\" alt=\"\" width=\"283\" height=\"174\" srcset=\"https:\/\/www.radiopiu.net\/wordpress\/wp-content\/uploads\/2021\/01\/137573590_3513662648740440_7002385871512590053_o-300x184.jpg 300w, https:\/\/www.radiopiu.net\/wordpress\/wp-content\/uploads\/2021\/01\/137573590_3513662648740440_7002385871512590053_o.jpg 600w\" sizes=\"auto, (max-width: 283px) 100vw, 283px\" \/><\/a>GIO DA LONGARONE-MOSTRA INTERNAZIONALE DEL GELATO<\/p>\n<div class=\"kvgmc6g5 cxmmr5t8 oygrvhab hcukyx3x c1et5uql ii04i59q\">\n<div dir=\"auto\"><em>Ci ha lasciato Federico Bortolot, un&#8217;icona del nostro gelato artigianale in Argentina, un grande amico di Longarone Fiere e della MIG. E non mancava di dare una mano e di condividere con noi momenti importanti, come quelli ritratti in questa foto. <\/em><em>Da parte di tutto il Consiglio di Amministrazione di Longarone Fiere e dello staff vanno le pi\u00f9 sentite condoglianze rivolte alla famiglia e ai colleghi. Federico \u00e8 andato avanti, ma il suo sorriso e il suo spirito indomito sono ancora con noi.<\/em><\/div>\n<\/div>\n<p>&nbsp;<\/p>\n<hr \/>\n<p>&nbsp;<\/p>\n<blockquote>\n<h2>NO AI TEST RAPIDI, LO CHIEDONO I MEDICI ALLA REGIONE TRAMITE LO STUDIO LEGALE<\/h2>\n<\/blockquote>\n<p>Medici del Veneto contro i test rapidi con il chiaro invito alla Regione ad eseguire solo tamponi molecolari. E&#8217; partita anche la diffida a firma dell&#8217;avvocato Federico Pagetta. Zaia chiede pi\u00f9 dosi di vaccino, la terza ondata preoccupa ed a proposito di vaccinazione, in due giorni\u00a0 a Belluno sono state inoculate 400 dosi ad altrettanti anziani di Cavarzano. Ieri in Regione altre 139 vittime (totale 7667) ma scende il numero dei contagi (1838). Le tante vittime non sono comunque riferite alle ultime 24 ore, piuttosto tengono conto dei conteggi del fine settimana. Aumentano i ricoveri in area medica +43 per un totale di 3029, meglio in terapia intensiva -27 (367, l&#8217;apice \u00e8 stato raggiunto con 401 posti letto occupati). Scende a 82782 il numero delle persone attualmente positive, 3201 nel bellunese, a inizio anno erano 1300 in pi\u00f9, sale il numero dei guariti 12665. Anche ieri 3 decessi negli ospedali bellunesi che portano il totale a 468.<\/p>\n<blockquote>\n<h3>TRE DECESSI IN 24 ORE IN ULSS 1 DOLOMITI. 81 NUOVE POSITIVITA&#8217;<\/h3>\n<\/blockquote>\n<p><strong>BELLUNO <\/strong>Nelle ultime 24 ore sono decedute 3 persone covid positive: un uomo di 76 anni ricoverato in Rianimazione a Feltre, un uomo di 72 anni ricoverato in Rianimazione a Belluno e un uomo di 61 anni ricoverato in Pneumologia Covid a Belluno. Sono 81 i nuovi positivi in Ulss 1 Dolomiti.<\/p>\n<p><strong>Ricoveri <\/strong><\/p>\n<p><em>(dato alle ore 17.00 fonte: Azienda Zero)<\/em><\/p>\n<p>Le persone attualmente POSITIVE ricoverate negli ospedali dell\u2019Ulss Dolomiti sono:<\/p>\n<table>\n<tbody>\n<tr>\n<td width=\"217\"><strong>\u00a0<\/strong><\/td>\n<td width=\"217\"><strong>Area NON CRITICA<\/strong><\/td>\n<td width=\"217\"><strong>Terapia Intensiva<\/strong><\/td>\n<\/tr>\n<tr>\n<td width=\"217\"><strong>Ospedale di Belluno <\/strong><\/td>\n<td width=\"217\">48<\/td>\n<td width=\"217\">5<\/td>\n<\/tr>\n<tr>\n<td width=\"217\"><strong>Ospedale di Feltre<\/strong><\/p>\n<p><strong>Ospedale di Agordo<\/strong><\/td>\n<td width=\"217\">34<\/p>\n<p>6<\/td>\n<td width=\"217\">3<\/td>\n<\/tr>\n<\/tbody>\n<\/table>\n<p>&nbsp;<\/p>\n<p>Le persone attualmente POSITIVE ricoverate in Ospedale di Comunit\u00e0 sono:<\/p>\n<table>\n<tbody>\n<tr>\n<td width=\"326\"><strong>\u00a0<\/strong><\/td>\n<td width=\"326\"><strong>pazienti attualmente positivi<\/strong><\/td>\n<\/tr>\n<tr>\n<td width=\"326\"><strong>Ospedale di Comunit\u00e0 ALANO<\/strong><\/td>\n<td width=\"326\">4<\/td>\n<\/tr>\n<tr>\n<td width=\"326\"><strong>Ospedale di Comunit\u00e0 AURONZO<\/strong><\/p>\n<p><strong>Ospedale di Comunit\u00e0 di BELLUNO\u00a0\u00a0\u00a0\u00a0\u00a0\u00a0\u00a0\u00a0\u00a0\u00a0\u00a0\u00a0\u00a0\u00a0\u00a0\u00a0\u00a0\u00a0\u00a0\u00a0\u00a0\u00a0\u00a0\u00a0\u00a0\u00a0\u00a0\u00a0\u00a0\u00a0\u00a0\u00a0\u00a0\u00a0\u00a0\u00a0\u00a0\u00a0\u00a0\u00a0 <\/strong><\/td>\n<td width=\"326\">1<\/p>\n<p>12<\/td>\n<\/tr>\n<tr>\n<td width=\"326\"><strong>Ospedale di Comunit\u00e0 di FELTRE<\/strong><\/td>\n<td width=\"326\">10<\/td>\n<\/tr>\n<\/tbody>\n<\/table>\n<p>&nbsp;<\/p>\n<hr \/>\n<p>&nbsp;<\/p>\n<blockquote>\n<h3>ANDAMENTO EPIDEMIOLOGICO, I SINDACI INFORMANO<\/h3>\n<\/blockquote>\n<p><strong>LA VALLE AGORDINA <\/strong>15 positivi 10 isolamento , <strong>TAIBON<\/strong> 25 positivi (-8) 11 isolamento (0), <strong>SAN TOMASO<\/strong> 13 positivi 8 isolamento. <strong>FALCADE<\/strong> 63 positivi (-19) 42 isolamento (0) <strong>CENCENIGHE<\/strong> 41 positivi, 34 isolamento <strong>ALLEGHE<\/strong> 10 positivi, 7 isolamento <strong>LIVINALLONGO<\/strong> 3 positivi 0 isolamento <strong>AGORDO<\/strong> 79\u00a0 positivi (-6) 57\u00a0 (-10) isolamento <strong>ROCCA PIETORE <\/strong>15 positivi\u00a0 (+1)\u00a0 20 isolamento (0) <strong>COLLE SANTA LUCIA<\/strong> 2 positivi\u00a0 (0) 1 isolamento (0)<\/p>\n<p>&nbsp;<\/p>\n<p>&nbsp;<\/p>\n<hr \/>\n<p>&nbsp;<\/p>\n<blockquote>\n<h3>\u00a0VACCINAZIONE ULTRA 80ENNI MEDICINA DI GRUPPO DI CAVARZANO<\/h3>\n<\/blockquote>\n<p><strong><a href=\"https:\/\/www.radiopiu.net\/wordpress\/sperimentazione-vaccinazione-ultra-80enni-medicina-di-gruppo-di-cavarzano\/img_20210111_114250\/\" rel=\"attachment wp-att-184503\"><img loading=\"lazy\" decoding=\"async\" class=\"size-medium wp-image-184503 alignleft\" src=\"https:\/\/www.radiopiu.net\/wordpress\/wp-content\/uploads\/2021\/01\/IMG_20210111_114250-300x300.jpg\" alt=\"\" width=\"300\" height=\"300\" srcset=\"https:\/\/www.radiopiu.net\/wordpress\/wp-content\/uploads\/2021\/01\/IMG_20210111_114250-300x300.jpg 300w, https:\/\/www.radiopiu.net\/wordpress\/wp-content\/uploads\/2021\/01\/IMG_20210111_114250-1024x1024.jpg 1024w, https:\/\/www.radiopiu.net\/wordpress\/wp-content\/uploads\/2021\/01\/IMG_20210111_114250-150x150.jpg 150w, https:\/\/www.radiopiu.net\/wordpress\/wp-content\/uploads\/2021\/01\/IMG_20210111_114250-768x768.jpg 768w, https:\/\/www.radiopiu.net\/wordpress\/wp-content\/uploads\/2021\/01\/IMG_20210111_114250-1536x1536.jpg 1536w, https:\/\/www.radiopiu.net\/wordpress\/wp-content\/uploads\/2021\/01\/IMG_20210111_114250-2048x2048.jpg 2048w\" sizes=\"auto, (max-width: 300px) 100vw, 300px\" \/><\/a>BELLUNO\u00a0 <\/strong>A seguito di una straordinaria disponibilit\u00e0 di vaccino covid pronto per l\u2019uso sabato scorso \u00e8 stata rapidamente organizzata una sperimentazione della vaccinazione di un piccolo gruppo di soggetti ultraottantenni, categoria prevista con elevata priorit\u00e0 dal piano di vaccinazione. Il progetto sperimentale pilota aveva la finalit\u00e0 di verificare le modalit\u00e0 organizzative e operative per gestire le vaccinazioni della fascia d\u2019et\u00e0 over 80 attraverso l\u2019opera delle Medicine di Gruppo Integrate. Tale sperimentazione era funzionale a dare utili informazioni e riscontri per lo sviluppo del piano vaccinale covid 19. La sperimentazione \u00e8 stata condotta, anche in relazione alla vicinanza con l\u2019ospedale, dai Medici di famiglia della Medicina di Gruppo Integrata di Cavarzano, in un locale messo a disposizione dalla parrocchia. I soggetti da vaccinare sono stati selezionati e chiamati dal personale della Medicina di Gruppo Integrata con due tornate pomeridiane di vaccinazioni. Complessivamente sono state vaccinate 400 persone con elevato tasso di accettazione della proposta e assenza di significative reazioni avverse post vaccinali. La sperimentazione organizzativa si \u00e8 conclusa con acquisizione delle informazioni attese che verranno trasposte nell\u2019aggiornamento del piano vaccinale in essere . Il modello organizzativo adottato sar\u00e0 applicabile quando le dotazioni vaccinali consentiranno di passare ad ulteriori fasce come quella degli over 80, secondo le direttive nazionali e regionali.<\/p>\n<p>&nbsp;<\/p>\n<p>&nbsp;<\/p>\n<hr \/>\n<p>&nbsp;<\/p>\n<blockquote>\n<h3>I VIGILI DEL FUOCO RECUPERANO UN CERVO SENZA VITA SUL LAGO DI AURONZO DI CADORE<\/h3>\n<\/blockquote>\n<p><strong>AURONZO DI CADORE<\/strong> I Vigili del Fuoco sono intervenuti sul lago di Auronzo di Cadore per recuperare un cervo morto rimasto sulla superficie ghiacciata dello specchio d\u2019acqua. I pompieri arrivati da Belluno con il personale SAF (speleo alpino fluviale) coadiuvati dai volontari di Auronzo hanno raggiunto l\u2019animale, l\u2019hanno legato per poi recuperarlo ed essere portato via.<\/p>\n<p><strong>IL VIDEO DEL RECUPERO<\/strong><\/p>\n<div style=\"width: 1200px;\" class=\"wp-video\"><video class=\"wp-video-shortcode\" id=\"video-184330-1\" width=\"1200\" height=\"675\" preload=\"metadata\" controls=\"controls\"><source type=\"video\/mp4\" src=\"https:\/\/www.radiopiu.net\/wordpress\/wp-content\/uploads\/2021\/01\/VIGILI-FUOCO-CERVO-OK.mp4?_=1\" \/><a href=\"https:\/\/www.radiopiu.net\/wordpress\/wp-content\/uploads\/2021\/01\/VIGILI-FUOCO-CERVO-OK.mp4\">https:\/\/www.radiopiu.net\/wordpress\/wp-content\/uploads\/2021\/01\/VIGILI-FUOCO-CERVO-OK.mp4<\/a><\/video><\/div>\n<p>&nbsp;<\/p>\n<p><strong>LE FOTO<\/strong><\/p>\n\n\t\t\t<style type='text\/css'>\n\t\t\t\t#gallery-3 {\n\t\t\t\t\tmargin: auto;\n\t\t\t\t}\n\t\t\t\t#gallery-3 .gallery-item {\n\t\t\t\t\tfloat: left;\n\t\t\t\t\tmargin-top: 10px;\n\t\t\t\t\ttext-align: center;\n\t\t\t\t\twidth: 33%;\n\t\t\t\t}\n\t\t\t\t#gallery-3 img {\n\t\t\t\t\tborder: 2px solid #cfcfcf;\n\t\t\t\t}\n\t\t\t\t#gallery-3 .gallery-caption {\n\t\t\t\t\tmargin-left: 0;\n\t\t\t\t}\n\t\t\t\t\/* see gallery_shortcode() in wp-includes\/media.php *\/\n\t\t\t<\/style>\n\t\t<div id='gallery-3' class='dt-gallery-container gallery galleryid-184330 gallery-columns-3 gallery-size-medium'><dl class='gallery-item'>\n\t\t\t\t<dt class='gallery-icon landscape'>\n\t\t\t\t\t<a class=\"rollover rollover-zoom dt-pswp-item\" title=\"adc4a0a9-29fd-4736-b9ed-3273e6b61973\" data-dt-img-description=\"\" data-large_image_width=\"1280\" data-large_image_height=\"792\"href='https:\/\/www.radiopiu.net\/wordpress\/wp-content\/uploads\/2021\/01\/adc4a0a9-29fd-4736-b9ed-3273e6b61973.jpg'><img loading=\"lazy\" decoding=\"async\" width=\"300\" height=\"186\" src=\"https:\/\/www.radiopiu.net\/wordpress\/wp-content\/uploads\/2021\/01\/adc4a0a9-29fd-4736-b9ed-3273e6b61973-300x186.jpg\" class=\"attachment-medium size-medium\" alt=\"\" srcset=\"https:\/\/www.radiopiu.net\/wordpress\/wp-content\/uploads\/2021\/01\/adc4a0a9-29fd-4736-b9ed-3273e6b61973-300x186.jpg 300w, https:\/\/www.radiopiu.net\/wordpress\/wp-content\/uploads\/2021\/01\/adc4a0a9-29fd-4736-b9ed-3273e6b61973-1024x634.jpg 1024w, https:\/\/www.radiopiu.net\/wordpress\/wp-content\/uploads\/2021\/01\/adc4a0a9-29fd-4736-b9ed-3273e6b61973-768x475.jpg 768w, https:\/\/www.radiopiu.net\/wordpress\/wp-content\/uploads\/2021\/01\/adc4a0a9-29fd-4736-b9ed-3273e6b61973.jpg 1280w\" sizes=\"auto, (max-width: 300px) 100vw, 300px\" \/><\/a>\n\t\t\t\t<\/dt><\/dl><dl class='gallery-item'>\n\t\t\t\t<dt class='gallery-icon landscape'>\n\t\t\t\t\t<a class=\"rollover rollover-zoom dt-pswp-item\" title=\"30856f0d-8da5-4425-b651-fb40001a598a\" data-dt-img-description=\"\" data-large_image_width=\"1280\" data-large_image_height=\"720\"href='https:\/\/www.radiopiu.net\/wordpress\/wp-content\/uploads\/2021\/01\/30856f0d-8da5-4425-b651-fb40001a598a.jpg'><img loading=\"lazy\" decoding=\"async\" width=\"300\" height=\"169\" src=\"https:\/\/www.radiopiu.net\/wordpress\/wp-content\/uploads\/2021\/01\/30856f0d-8da5-4425-b651-fb40001a598a-300x169.jpg\" class=\"attachment-medium size-medium\" alt=\"\" srcset=\"https:\/\/www.radiopiu.net\/wordpress\/wp-content\/uploads\/2021\/01\/30856f0d-8da5-4425-b651-fb40001a598a-300x169.jpg 300w, https:\/\/www.radiopiu.net\/wordpress\/wp-content\/uploads\/2021\/01\/30856f0d-8da5-4425-b651-fb40001a598a-1024x576.jpg 1024w, https:\/\/www.radiopiu.net\/wordpress\/wp-content\/uploads\/2021\/01\/30856f0d-8da5-4425-b651-fb40001a598a-768x432.jpg 768w, https:\/\/www.radiopiu.net\/wordpress\/wp-content\/uploads\/2021\/01\/30856f0d-8da5-4425-b651-fb40001a598a.jpg 1280w\" sizes=\"auto, (max-width: 300px) 100vw, 300px\" \/><\/a>\n\t\t\t\t<\/dt><\/dl><dl class='gallery-item'>\n\t\t\t\t<dt class='gallery-icon landscape'>\n\t\t\t\t\t<a class=\"rollover rollover-zoom dt-pswp-item\" title=\"0dad3829-a0a6-4778-be75-157b0ac91b6a\" data-dt-img-description=\"\" data-large_image_width=\"1280\" data-large_image_height=\"720\"href='https:\/\/www.radiopiu.net\/wordpress\/wp-content\/uploads\/2021\/01\/0dad3829-a0a6-4778-be75-157b0ac91b6a.jpg'><img loading=\"lazy\" decoding=\"async\" width=\"300\" height=\"169\" src=\"https:\/\/www.radiopiu.net\/wordpress\/wp-content\/uploads\/2021\/01\/0dad3829-a0a6-4778-be75-157b0ac91b6a-300x169.jpg\" class=\"attachment-medium size-medium\" alt=\"\" srcset=\"https:\/\/www.radiopiu.net\/wordpress\/wp-content\/uploads\/2021\/01\/0dad3829-a0a6-4778-be75-157b0ac91b6a-300x169.jpg 300w, https:\/\/www.radiopiu.net\/wordpress\/wp-content\/uploads\/2021\/01\/0dad3829-a0a6-4778-be75-157b0ac91b6a-1024x576.jpg 1024w, https:\/\/www.radiopiu.net\/wordpress\/wp-content\/uploads\/2021\/01\/0dad3829-a0a6-4778-be75-157b0ac91b6a-768x432.jpg 768w, https:\/\/www.radiopiu.net\/wordpress\/wp-content\/uploads\/2021\/01\/0dad3829-a0a6-4778-be75-157b0ac91b6a.jpg 1280w\" sizes=\"auto, (max-width: 300px) 100vw, 300px\" \/><\/a>\n\t\t\t\t<\/dt><\/dl><br style=\"clear: both\" \/>\n\t\t\t<\/div>\n\n<p>&nbsp;<\/p>\n<hr \/>\n<p>&nbsp;<\/p>\n<blockquote>\n<h3>IL LUPO UCCIDE DUE CERVE A CENCENIGHE<\/h3>\n<\/blockquote>\n<p><a href=\"https:\/\/www.radiopiu.net\/wordpress\/il-lupo-in-valle-del-biois-matteo-biasetto-ne-documenta-la-presenza\/lupo-2\/\" rel=\"attachment wp-att-137939\"><img loading=\"lazy\" decoding=\"async\" class=\"size-medium wp-image-137939 alignleft\" src=\"https:\/\/www.radiopiu.net\/wordpress\/wp-content\/uploads\/2020\/05\/LUPO-300x199.jpg\" alt=\"\" width=\"300\" height=\"199\" srcset=\"https:\/\/www.radiopiu.net\/wordpress\/wp-content\/uploads\/2020\/05\/LUPO-300x199.jpg 300w, https:\/\/www.radiopiu.net\/wordpress\/wp-content\/uploads\/2020\/05\/LUPO-1024x678.jpg 1024w, https:\/\/www.radiopiu.net\/wordpress\/wp-content\/uploads\/2020\/05\/LUPO-768x508.jpg 768w, https:\/\/www.radiopiu.net\/wordpress\/wp-content\/uploads\/2020\/05\/LUPO-1536x1017.jpg 1536w, https:\/\/www.radiopiu.net\/wordpress\/wp-content\/uploads\/2020\/05\/LUPO.jpg 1920w\" sizes=\"auto, (max-width: 300px) 100vw, 300px\" \/><\/a><strong>di Luisa Manfroi<\/strong><\/p>\n<p><strong>CENCENIGHE<\/strong> Due cerve uccise e la presenza inequivocabile del lupo. \u00c8 quanto hanno potuto constatare i Carabinieri Forestali e la Polizia provinciale arrivati sul posto del ritrovamento in zona Pal\u00f9, a Cencenighe, nella mattinata di luned\u00ec. Evidenti le tracce lasciate dal predatore che ha assalito il gruppo di cerve solite a scendere dal bosco e a restare in prossimit\u00e0 delle abitazioni. I due animali sono stati trovati a un centinaio di metri uno dall&#8217;altro. Il lupo, la cui presenza in Agordino\u00a0 non \u00e8 da tempo pi\u00f9\u00a0 una novit\u00e0, non ha potuto consumare le prede come sarebbe stata sua intenzione poich\u00e9, con molta probabilit\u00e0, \u00e8 stato disturbato. Per sua natura lui si adatta a tutte le zone ma, evidentemente, quando la neve \u00e8 abbondante si trova in difficolt\u00e0 ed \u00e8 spinto a scendere di quota.<\/p>\n<p>&nbsp;<\/p>\n<p>&nbsp;<\/p>\n<hr \/>\n<p>&nbsp;<\/p>\n<blockquote>\n<h3>PROROGATO L&#8217;ACCORDO COLLETTIVO DI OTTOBRE. SI POTRA&#8217; FARE RICHIESTA DI PREPENSIONAMENTO FINO AL 31 MARZO PROSSIMO<\/h3>\n<\/blockquote>\n<p><strong><a href=\"https:\/\/www.radiopiu.net\/wordpress\/giornale-radiopiu-01-agosto-2020-direttore-mirko-mezzacasa\/814ace46-a8a2-4c2d-a100-4d87aa509ef3\/\" rel=\"attachment wp-att-152483\"><img loading=\"lazy\" decoding=\"async\" class=\"size-medium wp-image-152483 alignleft\" src=\"https:\/\/www.radiopiu.net\/wordpress\/wp-content\/uploads\/2020\/07\/814ace46-a8a2-4c2d-a100-4d87aa509ef3-300x225.jpg\" alt=\"\" width=\"300\" height=\"225\" srcset=\"https:\/\/www.radiopiu.net\/wordpress\/wp-content\/uploads\/2020\/07\/814ace46-a8a2-4c2d-a100-4d87aa509ef3-300x225.jpg 300w, https:\/\/www.radiopiu.net\/wordpress\/wp-content\/uploads\/2020\/07\/814ace46-a8a2-4c2d-a100-4d87aa509ef3-1024x768.jpg 1024w, https:\/\/www.radiopiu.net\/wordpress\/wp-content\/uploads\/2020\/07\/814ace46-a8a2-4c2d-a100-4d87aa509ef3-768x576.jpg 768w, https:\/\/www.radiopiu.net\/wordpress\/wp-content\/uploads\/2020\/07\/814ace46-a8a2-4c2d-a100-4d87aa509ef3-1536x1152.jpg 1536w, https:\/\/www.radiopiu.net\/wordpress\/wp-content\/uploads\/2020\/07\/814ace46-a8a2-4c2d-a100-4d87aa509ef3.jpg 1560w\" sizes=\"auto, (max-width: 300px) 100vw, 300px\" \/><\/a>AGORDO<\/strong> Le segreteria Nazionali hanno firmato la proroga sulle uscite volontarie dall&#8217;ambito lavorativo fino al 31 marzo 2021. L&#8217;accordo \u00e8 stato firmato dalle parti. Le organizzazioni sindacali in accordo con l&#8217;azienda hanno prorogato l&#8217;accordo del 23 ottobre 2020 fino al 31 marzo 2021, vige il divieto di licenziamento fino a tale data, prorogata parallelamente la possibilit\u00e0 di gestire, mediante accordo collettivo, le risoluzioni incentivate dei rapporti di lavoro con diritto di accesso alla Naspi (vecchi disoccupazione). Conseguentemente i dipendenti Luxottica potranno aderire all&#8217;accordo fino al 31 marzo, i rapporti di lavoro risolti nell&#8217;ambito dell&#8217;accordo dovranno cessare entro il 31 marzo. Si tratta dell&#8217;uscita anticipata da finalizzare con il pensionamento entro 24 mesi. L\u2019azienda potr\u00e0 valutare anche le richieste dei lavoratori che non hanno la possibilit\u00e0 di accedere alla pensione corrispondendo un incentivo decurtato del 30 per cento, con eccezione dei lavoratori possessori di 104 o gravi patologie. Le sigle sindacali sono a disposizione per qualsiasi chiarimento e per aiutare i dipendenti nella compilazione dei moduli necessari per aderire all&#8217;accordo.<\/p>\n<p>&nbsp;<\/p>\n<p>&nbsp;<\/p>\n<hr \/>\n<p>&nbsp;<\/p>\n<blockquote>\n<h3>IL FATICOSO FINE SETTIMANA DELLE SQUADRE DI PROTEZIONE CIVILE, ANA E SOCCORSO ALPINO A ROCCA PIETORE<\/h3>\n<\/blockquote>\n<p><strong>ROCCA PIETORE<\/strong> Fine settimana di faticoso lavoro per le squadre della Protezione Civile, dell&#8217;A.N.A e del Soccorso Alpino che hanno operato sui tetti degli edifici pubblici del Comune di Rocca Pietore. Avere le strutture comunali in sicurezza in previsione di future nevicate mette l&#8217;amministrazione in condizione di tranquillit\u00e0, sapendo che esse devono rimanere operative in caso di possibili emergenze. &#8220;<em>\u00c8 ormai consolidata l&#8217;amicizia e la stima che a Rocca tutti sentiamo per questi volontari i quali purtroppo <\/em>&#8211; dice il sindaco Andrea De Bernardin-\u00a0<em> sono ormai di casa sul nostro territorio, da quel famoso inverno 2014 in poi, a causa delle numerose calamit\u00e0 che ci sono accadute&#8221;<\/em><\/p>\n<p><strong>IL SINDACO DI ROCCA PIETORE ANDREA DE BERNARDIN<\/strong><\/p>\n<audio class=\"wp-audio-shortcode\" id=\"audio-184330-3\" preload=\"none\" style=\"width: 100%;\" controls=\"controls\"><source type=\"audio\/mpeg\" src=\"https:\/\/www.radiopiu.net\/wordpress\/wp-content\/uploads\/2021\/01\/DE-BERNARDIN-FINE-SETTIMANA-PROT-CIVILE.mp3?_=3\" \/><a href=\"https:\/\/www.radiopiu.net\/wordpress\/wp-content\/uploads\/2021\/01\/DE-BERNARDIN-FINE-SETTIMANA-PROT-CIVILE.mp3\">https:\/\/www.radiopiu.net\/wordpress\/wp-content\/uploads\/2021\/01\/DE-BERNARDIN-FINE-SETTIMANA-PROT-CIVILE.mp3<\/a><\/audio>\n<p>&nbsp;<\/p>\n<p><strong>LE FOTO DEL FINE SETTIMANA<\/strong><\/p>\n\n\t\t\t<style type='text\/css'>\n\t\t\t\t#gallery-4 {\n\t\t\t\t\tmargin: auto;\n\t\t\t\t}\n\t\t\t\t#gallery-4 .gallery-item {\n\t\t\t\t\tfloat: left;\n\t\t\t\t\tmargin-top: 10px;\n\t\t\t\t\ttext-align: center;\n\t\t\t\t\twidth: 12%;\n\t\t\t\t}\n\t\t\t\t#gallery-4 img {\n\t\t\t\t\tborder: 2px solid #cfcfcf;\n\t\t\t\t}\n\t\t\t\t#gallery-4 .gallery-caption {\n\t\t\t\t\tmargin-left: 0;\n\t\t\t\t}\n\t\t\t\t\/* see gallery_shortcode() in wp-includes\/media.php *\/\n\t\t\t<\/style>\n\t\t<div id='gallery-4' class='dt-gallery-container gallery galleryid-184330 gallery-columns-8 gallery-size-thumbnail'><dl class='gallery-item'>\n\t\t\t\t<dt class='gallery-icon landscape'>\n\t\t\t\t\t<a class=\"rollover rollover-zoom dt-pswp-item\" title=\"5852a05d-1c8a-4597-abb9-8cf55eaf46b2\" data-dt-img-description=\"\" data-large_image_width=\"1599\" data-large_image_height=\"899\"href='https:\/\/www.radiopiu.net\/wordpress\/wp-content\/uploads\/2021\/01\/5852a05d-1c8a-4597-abb9-8cf55eaf46b2.jpg'><img loading=\"lazy\" decoding=\"async\" width=\"150\" height=\"150\" src=\"https:\/\/www.radiopiu.net\/wordpress\/wp-content\/uploads\/2021\/01\/5852a05d-1c8a-4597-abb9-8cf55eaf46b2-150x150.jpg\" class=\"attachment-thumbnail size-thumbnail\" alt=\"\" \/><\/a>\n\t\t\t\t<\/dt><\/dl><dl class='gallery-item'>\n\t\t\t\t<dt class='gallery-icon landscape'>\n\t\t\t\t\t<a class=\"rollover rollover-zoom dt-pswp-item\" title=\"d2472a47-2328-4552-9567-b98634841f5a\" data-dt-img-description=\"\" data-large_image_width=\"1599\" data-large_image_height=\"1200\"href='https:\/\/www.radiopiu.net\/wordpress\/wp-content\/uploads\/2021\/01\/d2472a47-2328-4552-9567-b98634841f5a.jpg'><img loading=\"lazy\" decoding=\"async\" width=\"150\" height=\"150\" src=\"https:\/\/www.radiopiu.net\/wordpress\/wp-content\/uploads\/2021\/01\/d2472a47-2328-4552-9567-b98634841f5a-150x150.jpg\" class=\"attachment-thumbnail size-thumbnail\" alt=\"\" \/><\/a>\n\t\t\t\t<\/dt><\/dl><dl class='gallery-item'>\n\t\t\t\t<dt class='gallery-icon portrait'>\n\t\t\t\t\t<a class=\"rollover rollover-zoom dt-pswp-item\" title=\"de0c7911-8228-4d04-9aa2-e7e9ec2e212b\" data-dt-img-description=\"\" data-large_image_width=\"738\" data-large_image_height=\"1600\"href='https:\/\/www.radiopiu.net\/wordpress\/wp-content\/uploads\/2021\/01\/de0c7911-8228-4d04-9aa2-e7e9ec2e212b.jpg'><img loading=\"lazy\" decoding=\"async\" width=\"150\" height=\"150\" src=\"https:\/\/www.radiopiu.net\/wordpress\/wp-content\/uploads\/2021\/01\/de0c7911-8228-4d04-9aa2-e7e9ec2e212b-150x150.jpg\" class=\"attachment-thumbnail size-thumbnail\" alt=\"\" \/><\/a>\n\t\t\t\t<\/dt><\/dl><dl class='gallery-item'>\n\t\t\t\t<dt class='gallery-icon portrait'>\n\t\t\t\t\t<a class=\"rollover rollover-zoom dt-pswp-item\" title=\"bfbd10a7-2ddc-4efe-98f9-245229d10b96\" data-dt-img-description=\"\" data-large_image_width=\"930\" data-large_image_height=\"2016\"href='https:\/\/www.radiopiu.net\/wordpress\/wp-content\/uploads\/2021\/01\/bfbd10a7-2ddc-4efe-98f9-245229d10b96.jpg'><img loading=\"lazy\" decoding=\"async\" width=\"150\" height=\"150\" src=\"https:\/\/www.radiopiu.net\/wordpress\/wp-content\/uploads\/2021\/01\/bfbd10a7-2ddc-4efe-98f9-245229d10b96-150x150.jpg\" class=\"attachment-thumbnail size-thumbnail\" alt=\"\" \/><\/a>\n\t\t\t\t<\/dt><\/dl><dl class='gallery-item'>\n\t\t\t\t<dt class='gallery-icon landscape'>\n\t\t\t\t\t<a class=\"rollover rollover-zoom dt-pswp-item\" title=\"64253a0e-58f4-4835-9d67-6f7d9a87f1ec\" data-dt-img-description=\"\" data-large_image_width=\"1599\" data-large_image_height=\"1200\"href='https:\/\/www.radiopiu.net\/wordpress\/wp-content\/uploads\/2021\/01\/64253a0e-58f4-4835-9d67-6f7d9a87f1ec.jpg'><img loading=\"lazy\" decoding=\"async\" width=\"150\" height=\"150\" src=\"https:\/\/www.radiopiu.net\/wordpress\/wp-content\/uploads\/2021\/01\/64253a0e-58f4-4835-9d67-6f7d9a87f1ec-150x150.jpg\" class=\"attachment-thumbnail size-thumbnail\" alt=\"\" \/><\/a>\n\t\t\t\t<\/dt><\/dl><dl class='gallery-item'>\n\t\t\t\t<dt class='gallery-icon portrait'>\n\t\t\t\t\t<a class=\"rollover rollover-zoom dt-pswp-item\" title=\"9b6cb4e8-0903-4f0d-903f-8a0326b520f6\" data-dt-img-description=\"\" data-large_image_width=\"943\" data-large_image_height=\"2048\"href='https:\/\/www.radiopiu.net\/wordpress\/wp-content\/uploads\/2021\/01\/9b6cb4e8-0903-4f0d-903f-8a0326b520f6.jpg'><img loading=\"lazy\" decoding=\"async\" width=\"150\" height=\"150\" src=\"https:\/\/www.radiopiu.net\/wordpress\/wp-content\/uploads\/2021\/01\/9b6cb4e8-0903-4f0d-903f-8a0326b520f6-150x150.jpg\" class=\"attachment-thumbnail size-thumbnail\" alt=\"\" \/><\/a>\n\t\t\t\t<\/dt><\/dl><dl class='gallery-item'>\n\t\t\t\t<dt class='gallery-icon portrait'>\n\t\t\t\t\t<a class=\"rollover rollover-zoom dt-pswp-item\" title=\"f034b9e4-9384-4c88-b867-82cf948da465\" data-dt-img-description=\"\" data-large_image_width=\"930\" data-large_image_height=\"2016\"href='https:\/\/www.radiopiu.net\/wordpress\/wp-content\/uploads\/2021\/01\/f034b9e4-9384-4c88-b867-82cf948da465.jpg'><img loading=\"lazy\" decoding=\"async\" width=\"150\" height=\"150\" src=\"https:\/\/www.radiopiu.net\/wordpress\/wp-content\/uploads\/2021\/01\/f034b9e4-9384-4c88-b867-82cf948da465-150x150.jpg\" class=\"attachment-thumbnail size-thumbnail\" alt=\"\" \/><\/a>\n\t\t\t\t<\/dt><\/dl><dl class='gallery-item'>\n\t\t\t\t<dt class='gallery-icon portrait'>\n\t\t\t\t\t<a class=\"rollover rollover-zoom dt-pswp-item\" title=\"2e43b76d-0428-46bb-8c2b-07af8f2d4a36\" data-dt-img-description=\"\" data-large_image_width=\"777\" data-large_image_height=\"1600\"href='https:\/\/www.radiopiu.net\/wordpress\/wp-content\/uploads\/2021\/01\/2e43b76d-0428-46bb-8c2b-07af8f2d4a36.jpg'><img loading=\"lazy\" decoding=\"async\" width=\"150\" height=\"150\" src=\"https:\/\/www.radiopiu.net\/wordpress\/wp-content\/uploads\/2021\/01\/2e43b76d-0428-46bb-8c2b-07af8f2d4a36-150x150.jpg\" class=\"attachment-thumbnail size-thumbnail\" alt=\"\" \/><\/a>\n\t\t\t\t<\/dt><\/dl><br style=\"clear: both\" \/><dl class='gallery-item'>\n\t\t\t\t<dt class='gallery-icon landscape'>\n\t\t\t\t\t<a class=\"rollover rollover-zoom dt-pswp-item\" title=\"cc5eac94-1341-4f50-a34f-caad6310e4f9\" data-dt-img-description=\"\" data-large_image_width=\"1599\" data-large_image_height=\"1200\"href='https:\/\/www.radiopiu.net\/wordpress\/wp-content\/uploads\/2021\/01\/cc5eac94-1341-4f50-a34f-caad6310e4f9.jpg'><img loading=\"lazy\" decoding=\"async\" width=\"150\" height=\"150\" src=\"https:\/\/www.radiopiu.net\/wordpress\/wp-content\/uploads\/2021\/01\/cc5eac94-1341-4f50-a34f-caad6310e4f9-150x150.jpg\" class=\"attachment-thumbnail size-thumbnail\" alt=\"\" \/><\/a>\n\t\t\t\t<\/dt><\/dl><dl class='gallery-item'>\n\t\t\t\t<dt class='gallery-icon portrait'>\n\t\t\t\t\t<a class=\"rollover rollover-zoom dt-pswp-item\" title=\"66eea1b2-246c-42b9-8cf1-66e14e1e9671\" data-dt-img-description=\"\" data-large_image_width=\"777\" data-large_image_height=\"1600\"href='https:\/\/www.radiopiu.net\/wordpress\/wp-content\/uploads\/2021\/01\/66eea1b2-246c-42b9-8cf1-66e14e1e9671.jpg'><img loading=\"lazy\" decoding=\"async\" width=\"150\" height=\"150\" src=\"https:\/\/www.radiopiu.net\/wordpress\/wp-content\/uploads\/2021\/01\/66eea1b2-246c-42b9-8cf1-66e14e1e9671-150x150.jpg\" class=\"attachment-thumbnail size-thumbnail\" alt=\"\" \/><\/a>\n\t\t\t\t<\/dt><\/dl><dl class='gallery-item'>\n\t\t\t\t<dt class='gallery-icon landscape'>\n\t\t\t\t\t<a class=\"rollover rollover-zoom dt-pswp-item\" title=\"06c81518-7282-471e-a788-cc53fdbdacb4\" data-dt-img-description=\"\" data-large_image_width=\"1599\" data-large_image_height=\"1200\"href='https:\/\/www.radiopiu.net\/wordpress\/wp-content\/uploads\/2021\/01\/06c81518-7282-471e-a788-cc53fdbdacb4.jpg'><img loading=\"lazy\" decoding=\"async\" width=\"150\" height=\"150\" src=\"https:\/\/www.radiopiu.net\/wordpress\/wp-content\/uploads\/2021\/01\/06c81518-7282-471e-a788-cc53fdbdacb4-150x150.jpg\" class=\"attachment-thumbnail size-thumbnail\" alt=\"\" \/><\/a>\n\t\t\t\t<\/dt><\/dl><dl class='gallery-item'>\n\t\t\t\t<dt class='gallery-icon landscape'>\n\t\t\t\t\t<a class=\"rollover rollover-zoom dt-pswp-item\" title=\"ea6bb75d-7175-4373-96dd-b07c8af056f7\" data-dt-img-description=\"\" data-large_image_width=\"1599\" data-large_image_height=\"1200\"href='https:\/\/www.radiopiu.net\/wordpress\/wp-content\/uploads\/2021\/01\/ea6bb75d-7175-4373-96dd-b07c8af056f7.jpg'><img loading=\"lazy\" decoding=\"async\" width=\"150\" height=\"150\" src=\"https:\/\/www.radiopiu.net\/wordpress\/wp-content\/uploads\/2021\/01\/ea6bb75d-7175-4373-96dd-b07c8af056f7-150x150.jpg\" class=\"attachment-thumbnail size-thumbnail\" alt=\"\" \/><\/a>\n\t\t\t\t<\/dt><\/dl><dl class='gallery-item'>\n\t\t\t\t<dt class='gallery-icon portrait'>\n\t\t\t\t\t<a class=\"rollover rollover-zoom dt-pswp-item\" title=\"f837e060-960e-4d14-b764-2b0b5d6d675b\" data-dt-img-description=\"\" data-large_image_width=\"1200\" data-large_image_height=\"1599\"href='https:\/\/www.radiopiu.net\/wordpress\/wp-content\/uploads\/2021\/01\/f837e060-960e-4d14-b764-2b0b5d6d675b.jpg'><img loading=\"lazy\" decoding=\"async\" width=\"150\" height=\"150\" src=\"https:\/\/www.radiopiu.net\/wordpress\/wp-content\/uploads\/2021\/01\/f837e060-960e-4d14-b764-2b0b5d6d675b-150x150.jpg\" class=\"attachment-thumbnail size-thumbnail\" alt=\"\" \/><\/a>\n\t\t\t\t<\/dt><\/dl><dl class='gallery-item'>\n\t\t\t\t<dt class='gallery-icon portrait'>\n\t\t\t\t\t<a class=\"rollover rollover-zoom dt-pswp-item\" title=\"39ab5901-1588-42e7-b6fb-741986f3d1f6\" data-dt-img-description=\"\" data-large_image_width=\"738\" data-large_image_height=\"1600\"href='https:\/\/www.radiopiu.net\/wordpress\/wp-content\/uploads\/2021\/01\/39ab5901-1588-42e7-b6fb-741986f3d1f6.jpg'><img loading=\"lazy\" decoding=\"async\" width=\"150\" height=\"150\" src=\"https:\/\/www.radiopiu.net\/wordpress\/wp-content\/uploads\/2021\/01\/39ab5901-1588-42e7-b6fb-741986f3d1f6-150x150.jpg\" class=\"attachment-thumbnail size-thumbnail\" alt=\"\" \/><\/a>\n\t\t\t\t<\/dt><\/dl><dl class='gallery-item'>\n\t\t\t\t<dt class='gallery-icon portrait'>\n\t\t\t\t\t<a class=\"rollover rollover-zoom dt-pswp-item\" title=\"0a0ee8ec-d0f6-48f9-b5e1-7eb79ef0f7e4\" data-dt-img-description=\"\" data-large_image_width=\"777\" data-large_image_height=\"1600\"href='https:\/\/www.radiopiu.net\/wordpress\/wp-content\/uploads\/2021\/01\/0a0ee8ec-d0f6-48f9-b5e1-7eb79ef0f7e4.jpg'><img loading=\"lazy\" decoding=\"async\" width=\"150\" height=\"150\" src=\"https:\/\/www.radiopiu.net\/wordpress\/wp-content\/uploads\/2021\/01\/0a0ee8ec-d0f6-48f9-b5e1-7eb79ef0f7e4-150x150.jpg\" class=\"attachment-thumbnail size-thumbnail\" alt=\"\" \/><\/a>\n\t\t\t\t<\/dt><\/dl><dl class='gallery-item'>\n\t\t\t\t<dt class='gallery-icon portrait'>\n\t\t\t\t\t<a class=\"rollover rollover-zoom dt-pswp-item\" title=\"0c5c56b2-b83f-496e-af66-197febca19ba\" data-dt-img-description=\"\" data-large_image_width=\"738\" data-large_image_height=\"1600\"href='https:\/\/www.radiopiu.net\/wordpress\/wp-content\/uploads\/2021\/01\/0c5c56b2-b83f-496e-af66-197febca19ba.jpg'><img loading=\"lazy\" decoding=\"async\" width=\"150\" height=\"150\" src=\"https:\/\/www.radiopiu.net\/wordpress\/wp-content\/uploads\/2021\/01\/0c5c56b2-b83f-496e-af66-197febca19ba-150x150.jpg\" class=\"attachment-thumbnail size-thumbnail\" alt=\"\" \/><\/a>\n\t\t\t\t<\/dt><\/dl><br style=\"clear: both\" \/>\n\t\t\t<\/div>\n\n<p>&nbsp;<\/p>\n<p><em><strong>DAL CORRIERE DELLE ALPI IL SERVIZIO DI GIANNI SANTOMASO<\/strong><\/em><\/p>\n<audio class=\"wp-audio-shortcode\" id=\"audio-184330-4\" preload=\"none\" style=\"width: 100%;\" controls=\"controls\"><source type=\"audio\/mpeg\" src=\"https:\/\/www.radiopiu.net\/wordpress\/wp-content\/uploads\/2021\/01\/GIANNI-FINE-SETTIMANA-ROCCA-PROT-CIVILE.mp3?_=4\" \/><a href=\"https:\/\/www.radiopiu.net\/wordpress\/wp-content\/uploads\/2021\/01\/GIANNI-FINE-SETTIMANA-ROCCA-PROT-CIVILE.mp3\">https:\/\/www.radiopiu.net\/wordpress\/wp-content\/uploads\/2021\/01\/GIANNI-FINE-SETTIMANA-ROCCA-PROT-CIVILE.mp3<\/a><\/audio>\n<p>&nbsp;<\/p>\n<hr \/>\n<p>&nbsp;<\/p>\n<blockquote>\n<h3>LO SLALOM TRA GLI ESCREMENTI DI CANI SULLA PASSEGGIATA DA ALLEGHE A CAPRILE<\/h3>\n<\/blockquote>\n<p><strong>ALLEGHE<\/strong><\/p>\n<p>di Gianni Santomaso<\/p>\n<audio class=\"wp-audio-shortcode\" id=\"audio-184330-5\" preload=\"none\" style=\"width: 100%;\" controls=\"controls\"><source type=\"audio\/mpeg\" src=\"https:\/\/www.radiopiu.net\/wordpress\/wp-content\/uploads\/2021\/01\/GIANNI-ESCREMENTI-CANI.mp3?_=5\" \/><a href=\"https:\/\/www.radiopiu.net\/wordpress\/wp-content\/uploads\/2021\/01\/GIANNI-ESCREMENTI-CANI.mp3\">https:\/\/www.radiopiu.net\/wordpress\/wp-content\/uploads\/2021\/01\/GIANNI-ESCREMENTI-CANI.mp3<\/a><\/audio>\n<p>&nbsp;<\/p>\n<p><strong>LA RACCOLTA FOTOGRAFICA DEGLI ESCREMENTI<\/strong><\/p>\n\n\t\t\t<style type='text\/css'>\n\t\t\t\t#gallery-5 {\n\t\t\t\t\tmargin: auto;\n\t\t\t\t}\n\t\t\t\t#gallery-5 .gallery-item {\n\t\t\t\t\tfloat: left;\n\t\t\t\t\tmargin-top: 10px;\n\t\t\t\t\ttext-align: center;\n\t\t\t\t\twidth: 11%;\n\t\t\t\t}\n\t\t\t\t#gallery-5 img {\n\t\t\t\t\tborder: 2px solid #cfcfcf;\n\t\t\t\t}\n\t\t\t\t#gallery-5 .gallery-caption {\n\t\t\t\t\tmargin-left: 0;\n\t\t\t\t}\n\t\t\t\t\/* see gallery_shortcode() in wp-includes\/media.php *\/\n\t\t\t<\/style>\n\t\t<div id='gallery-5' class='dt-gallery-container gallery galleryid-184330 gallery-columns-9 gallery-size-thumbnail'><dl class='gallery-item'>\n\t\t\t\t<dt class='gallery-icon portrait'>\n\t\t\t\t\t<a class=\"rollover rollover-zoom dt-pswp-item\" title=\"7d87fd38-1ced-40c4-ab4c-7cd7088d29b7\" data-dt-img-description=\"\" data-large_image_width=\"768\" data-large_image_height=\"1024\"href='https:\/\/www.radiopiu.net\/wordpress\/wp-content\/uploads\/2021\/01\/7d87fd38-1ced-40c4-ab4c-7cd7088d29b7.jpg'><img loading=\"lazy\" decoding=\"async\" width=\"150\" height=\"150\" src=\"https:\/\/www.radiopiu.net\/wordpress\/wp-content\/uploads\/2021\/01\/7d87fd38-1ced-40c4-ab4c-7cd7088d29b7-150x150.jpg\" class=\"attachment-thumbnail size-thumbnail\" alt=\"\" \/><\/a>\n\t\t\t\t<\/dt><\/dl><dl class='gallery-item'>\n\t\t\t\t<dt class='gallery-icon portrait'>\n\t\t\t\t\t<a class=\"rollover rollover-zoom dt-pswp-item\" title=\"6a80d8cd-fcd0-435e-b183-438fe668f437\" data-dt-img-description=\"\" data-large_image_width=\"768\" data-large_image_height=\"1024\"href='https:\/\/www.radiopiu.net\/wordpress\/wp-content\/uploads\/2021\/01\/6a80d8cd-fcd0-435e-b183-438fe668f437.jpg'><img loading=\"lazy\" decoding=\"async\" width=\"150\" height=\"150\" src=\"https:\/\/www.radiopiu.net\/wordpress\/wp-content\/uploads\/2021\/01\/6a80d8cd-fcd0-435e-b183-438fe668f437-150x150.jpg\" class=\"attachment-thumbnail size-thumbnail\" alt=\"\" \/><\/a>\n\t\t\t\t<\/dt><\/dl><dl class='gallery-item'>\n\t\t\t\t<dt class='gallery-icon portrait'>\n\t\t\t\t\t<a class=\"rollover rollover-zoom dt-pswp-item\" title=\"c8c113ad-fe17-4a57-a830-20b008e4fd01\" data-dt-img-description=\"\" data-large_image_width=\"768\" data-large_image_height=\"1024\"href='https:\/\/www.radiopiu.net\/wordpress\/wp-content\/uploads\/2021\/01\/c8c113ad-fe17-4a57-a830-20b008e4fd01.jpg'><img loading=\"lazy\" decoding=\"async\" width=\"150\" height=\"150\" src=\"https:\/\/www.radiopiu.net\/wordpress\/wp-content\/uploads\/2021\/01\/c8c113ad-fe17-4a57-a830-20b008e4fd01-150x150.jpg\" class=\"attachment-thumbnail size-thumbnail\" alt=\"\" \/><\/a>\n\t\t\t\t<\/dt><\/dl><dl class='gallery-item'>\n\t\t\t\t<dt class='gallery-icon portrait'>\n\t\t\t\t\t<a class=\"rollover rollover-zoom dt-pswp-item\" title=\"250a5c89-2492-4a50-a28c-1f1bbcfe341e\" data-dt-img-description=\"\" data-large_image_width=\"768\" data-large_image_height=\"1024\"href='https:\/\/www.radiopiu.net\/wordpress\/wp-content\/uploads\/2021\/01\/250a5c89-2492-4a50-a28c-1f1bbcfe341e.jpg'><img loading=\"lazy\" decoding=\"async\" width=\"150\" height=\"150\" src=\"https:\/\/www.radiopiu.net\/wordpress\/wp-content\/uploads\/2021\/01\/250a5c89-2492-4a50-a28c-1f1bbcfe341e-150x150.jpg\" class=\"attachment-thumbnail size-thumbnail\" alt=\"\" \/><\/a>\n\t\t\t\t<\/dt><\/dl><dl class='gallery-item'>\n\t\t\t\t<dt class='gallery-icon portrait'>\n\t\t\t\t\t<a class=\"rollover rollover-zoom dt-pswp-item\" title=\"5007bfb6-b4d5-4e18-865b-d76e1cb5ef8e\" data-dt-img-description=\"\" data-large_image_width=\"768\" data-large_image_height=\"1024\"href='https:\/\/www.radiopiu.net\/wordpress\/wp-content\/uploads\/2021\/01\/5007bfb6-b4d5-4e18-865b-d76e1cb5ef8e.jpg'><img loading=\"lazy\" decoding=\"async\" width=\"150\" height=\"150\" src=\"https:\/\/www.radiopiu.net\/wordpress\/wp-content\/uploads\/2021\/01\/5007bfb6-b4d5-4e18-865b-d76e1cb5ef8e-150x150.jpg\" class=\"attachment-thumbnail size-thumbnail\" alt=\"\" \/><\/a>\n\t\t\t\t<\/dt><\/dl><dl class='gallery-item'>\n\t\t\t\t<dt class='gallery-icon portrait'>\n\t\t\t\t\t<a class=\"rollover rollover-zoom dt-pswp-item\" title=\"3cb8bbcf-1130-46ed-a9e5-3b71561feed1\" data-dt-img-description=\"\" data-large_image_width=\"768\" data-large_image_height=\"1024\"href='https:\/\/www.radiopiu.net\/wordpress\/wp-content\/uploads\/2021\/01\/3cb8bbcf-1130-46ed-a9e5-3b71561feed1.jpg'><img loading=\"lazy\" decoding=\"async\" width=\"150\" height=\"150\" src=\"https:\/\/www.radiopiu.net\/wordpress\/wp-content\/uploads\/2021\/01\/3cb8bbcf-1130-46ed-a9e5-3b71561feed1-150x150.jpg\" class=\"attachment-thumbnail size-thumbnail\" alt=\"\" \/><\/a>\n\t\t\t\t<\/dt><\/dl><dl class='gallery-item'>\n\t\t\t\t<dt class='gallery-icon landscape'>\n\t\t\t\t\t<a class=\"rollover rollover-zoom dt-pswp-item\" title=\"3c0b4294-19aa-44e9-895c-8af04572e7ac\" data-dt-img-description=\"\" data-large_image_width=\"1024\" data-large_image_height=\"768\"href='https:\/\/www.radiopiu.net\/wordpress\/wp-content\/uploads\/2021\/01\/3c0b4294-19aa-44e9-895c-8af04572e7ac.jpg'><img loading=\"lazy\" decoding=\"async\" width=\"150\" height=\"150\" src=\"https:\/\/www.radiopiu.net\/wordpress\/wp-content\/uploads\/2021\/01\/3c0b4294-19aa-44e9-895c-8af04572e7ac-150x150.jpg\" class=\"attachment-thumbnail size-thumbnail\" alt=\"\" \/><\/a>\n\t\t\t\t<\/dt><\/dl><dl class='gallery-item'>\n\t\t\t\t<dt class='gallery-icon portrait'>\n\t\t\t\t\t<a class=\"rollover rollover-zoom dt-pswp-item\" title=\"1ba507b8-8f00-4e5d-be25-0adeee6e0f57\" data-dt-img-description=\"\" data-large_image_width=\"768\" data-large_image_height=\"1024\"href='https:\/\/www.radiopiu.net\/wordpress\/wp-content\/uploads\/2021\/01\/1ba507b8-8f00-4e5d-be25-0adeee6e0f57.jpg'><img loading=\"lazy\" decoding=\"async\" width=\"150\" height=\"150\" src=\"https:\/\/www.radiopiu.net\/wordpress\/wp-content\/uploads\/2021\/01\/1ba507b8-8f00-4e5d-be25-0adeee6e0f57-150x150.jpg\" class=\"attachment-thumbnail size-thumbnail\" alt=\"\" \/><\/a>\n\t\t\t\t<\/dt><\/dl><dl class='gallery-item'>\n\t\t\t\t<dt class='gallery-icon landscape'>\n\t\t\t\t\t<a class=\"rollover rollover-zoom dt-pswp-item\" title=\"ebfaccbc-3b2f-4ea6-a277-291f66b50423\" data-dt-img-description=\"\" data-large_image_width=\"1024\" data-large_image_height=\"768\"href='https:\/\/www.radiopiu.net\/wordpress\/wp-content\/uploads\/2021\/01\/ebfaccbc-3b2f-4ea6-a277-291f66b50423.jpg'><img loading=\"lazy\" decoding=\"async\" width=\"150\" height=\"150\" src=\"https:\/\/www.radiopiu.net\/wordpress\/wp-content\/uploads\/2021\/01\/ebfaccbc-3b2f-4ea6-a277-291f66b50423-150x150.jpg\" class=\"attachment-thumbnail size-thumbnail\" alt=\"\" \/><\/a>\n\t\t\t\t<\/dt><\/dl><br style=\"clear: both\" \/><dl class='gallery-item'>\n\t\t\t\t<dt class='gallery-icon portrait'>\n\t\t\t\t\t<a class=\"rollover rollover-zoom dt-pswp-item\" title=\"847040db-0acf-4ef5-80ac-310f1a5b2e8d\" data-dt-img-description=\"\" data-large_image_width=\"768\" data-large_image_height=\"1024\"href='https:\/\/www.radiopiu.net\/wordpress\/wp-content\/uploads\/2021\/01\/847040db-0acf-4ef5-80ac-310f1a5b2e8d.jpg'><img loading=\"lazy\" decoding=\"async\" width=\"150\" height=\"150\" src=\"https:\/\/www.radiopiu.net\/wordpress\/wp-content\/uploads\/2021\/01\/847040db-0acf-4ef5-80ac-310f1a5b2e8d-150x150.jpg\" class=\"attachment-thumbnail size-thumbnail\" alt=\"\" \/><\/a>\n\t\t\t\t<\/dt><\/dl><dl class='gallery-item'>\n\t\t\t\t<dt class='gallery-icon portrait'>\n\t\t\t\t\t<a class=\"rollover rollover-zoom dt-pswp-item\" title=\"54e5e233-78f4-455e-b0d8-97f51ada45bd\" data-dt-img-description=\"\" data-large_image_width=\"768\" data-large_image_height=\"1024\"href='https:\/\/www.radiopiu.net\/wordpress\/wp-content\/uploads\/2021\/01\/54e5e233-78f4-455e-b0d8-97f51ada45bd.jpg'><img loading=\"lazy\" decoding=\"async\" width=\"150\" height=\"150\" src=\"https:\/\/www.radiopiu.net\/wordpress\/wp-content\/uploads\/2021\/01\/54e5e233-78f4-455e-b0d8-97f51ada45bd-150x150.jpg\" class=\"attachment-thumbnail size-thumbnail\" alt=\"\" \/><\/a>\n\t\t\t\t<\/dt><\/dl><dl class='gallery-item'>\n\t\t\t\t<dt class='gallery-icon portrait'>\n\t\t\t\t\t<a class=\"rollover rollover-zoom dt-pswp-item\" title=\"5c8680da-74d1-4df4-b511-028fd8af065a\" data-dt-img-description=\"\" data-large_image_width=\"768\" data-large_image_height=\"1024\"href='https:\/\/www.radiopiu.net\/wordpress\/wp-content\/uploads\/2021\/01\/5c8680da-74d1-4df4-b511-028fd8af065a.jpg'><img loading=\"lazy\" decoding=\"async\" width=\"150\" height=\"150\" src=\"https:\/\/www.radiopiu.net\/wordpress\/wp-content\/uploads\/2021\/01\/5c8680da-74d1-4df4-b511-028fd8af065a-150x150.jpg\" class=\"attachment-thumbnail size-thumbnail\" alt=\"\" \/><\/a>\n\t\t\t\t<\/dt><\/dl><dl class='gallery-item'>\n\t\t\t\t<dt class='gallery-icon portrait'>\n\t\t\t\t\t<a class=\"rollover rollover-zoom dt-pswp-item\" title=\"2f310685-ea86-480c-986e-552f0032e9eb\" data-dt-img-description=\"\" data-large_image_width=\"1536\" data-large_image_height=\"2048\"href='https:\/\/www.radiopiu.net\/wordpress\/wp-content\/uploads\/2021\/01\/2f310685-ea86-480c-986e-552f0032e9eb.jpg'><img loading=\"lazy\" decoding=\"async\" width=\"150\" height=\"150\" src=\"https:\/\/www.radiopiu.net\/wordpress\/wp-content\/uploads\/2021\/01\/2f310685-ea86-480c-986e-552f0032e9eb-150x150.jpg\" class=\"attachment-thumbnail size-thumbnail\" alt=\"\" \/><\/a>\n\t\t\t\t<\/dt><\/dl><dl class='gallery-item'>\n\t\t\t\t<dt class='gallery-icon portrait'>\n\t\t\t\t\t<a class=\"rollover rollover-zoom dt-pswp-item\" title=\"ffb71671-35f2-4908-ada8-e3b5247ac61c\" data-dt-img-description=\"\" data-large_image_width=\"1536\" data-large_image_height=\"2048\"href='https:\/\/www.radiopiu.net\/wordpress\/wp-content\/uploads\/2021\/01\/ffb71671-35f2-4908-ada8-e3b5247ac61c.jpg'><img loading=\"lazy\" decoding=\"async\" width=\"150\" height=\"150\" src=\"https:\/\/www.radiopiu.net\/wordpress\/wp-content\/uploads\/2021\/01\/ffb71671-35f2-4908-ada8-e3b5247ac61c-150x150.jpg\" class=\"attachment-thumbnail size-thumbnail\" alt=\"\" \/><\/a>\n\t\t\t\t<\/dt><\/dl><dl class='gallery-item'>\n\t\t\t\t<dt class='gallery-icon portrait'>\n\t\t\t\t\t<a class=\"rollover rollover-zoom dt-pswp-item\" title=\"9b3438c0-e595-4c49-921c-3c73cbe81af9\" data-dt-img-description=\"\" data-large_image_width=\"1536\" data-large_image_height=\"2048\"href='https:\/\/www.radiopiu.net\/wordpress\/wp-content\/uploads\/2021\/01\/9b3438c0-e595-4c49-921c-3c73cbe81af9.jpg'><img loading=\"lazy\" decoding=\"async\" width=\"150\" height=\"150\" src=\"https:\/\/www.radiopiu.net\/wordpress\/wp-content\/uploads\/2021\/01\/9b3438c0-e595-4c49-921c-3c73cbe81af9-150x150.jpg\" class=\"attachment-thumbnail size-thumbnail\" alt=\"\" \/><\/a>\n\t\t\t\t<\/dt><\/dl><dl class='gallery-item'>\n\t\t\t\t<dt class='gallery-icon portrait'>\n\t\t\t\t\t<a class=\"rollover rollover-zoom dt-pswp-item\" title=\"980354c7-abc6-4be6-88e6-bbd1dce13a01\" data-dt-img-description=\"\" data-large_image_width=\"1536\" data-large_image_height=\"2048\"href='https:\/\/www.radiopiu.net\/wordpress\/wp-content\/uploads\/2021\/01\/980354c7-abc6-4be6-88e6-bbd1dce13a01.jpg'><img loading=\"lazy\" decoding=\"async\" width=\"150\" height=\"150\" src=\"https:\/\/www.radiopiu.net\/wordpress\/wp-content\/uploads\/2021\/01\/980354c7-abc6-4be6-88e6-bbd1dce13a01-150x150.jpg\" class=\"attachment-thumbnail size-thumbnail\" alt=\"\" \/><\/a>\n\t\t\t\t<\/dt><\/dl><dl class='gallery-item'>\n\t\t\t\t<dt class='gallery-icon portrait'>\n\t\t\t\t\t<a class=\"rollover rollover-zoom dt-pswp-item\" title=\"eb9129e1-b107-4efd-8ff0-e1859ad3fecc\" data-dt-img-description=\"\" data-large_image_width=\"1536\" data-large_image_height=\"2048\"href='https:\/\/www.radiopiu.net\/wordpress\/wp-content\/uploads\/2021\/01\/eb9129e1-b107-4efd-8ff0-e1859ad3fecc.jpg'><img loading=\"lazy\" decoding=\"async\" width=\"150\" height=\"150\" src=\"https:\/\/www.radiopiu.net\/wordpress\/wp-content\/uploads\/2021\/01\/eb9129e1-b107-4efd-8ff0-e1859ad3fecc-150x150.jpg\" class=\"attachment-thumbnail size-thumbnail\" alt=\"\" \/><\/a>\n\t\t\t\t<\/dt><\/dl>\n\t\t\t\t<br style='clear: both' \/>\n\t\t\t<\/div>\n\n<p>&nbsp;<\/p>\n<hr \/>\n<p>&nbsp;<\/p>\n<blockquote>\n<h3>INAUGURATO IL NUOVO POSTAMAT A GOSALDO<\/h3>\n<\/blockquote>\n<p><strong><a href=\"https:\/\/www.radiopiu.net\/wordpress\/inaugurato-il-nuovo-postamat-a-gosaldo\/postamat-gosaldo\/\" rel=\"attachment wp-att-184499\"><img loading=\"lazy\" decoding=\"async\" class=\"size-medium wp-image-184499 alignleft\" src=\"https:\/\/www.radiopiu.net\/wordpress\/wp-content\/uploads\/2021\/01\/POSTAMAT-GOSALDO-300x225.jpg\" alt=\"\" width=\"300\" height=\"225\" srcset=\"https:\/\/www.radiopiu.net\/wordpress\/wp-content\/uploads\/2021\/01\/POSTAMAT-GOSALDO-300x225.jpg 300w, https:\/\/www.radiopiu.net\/wordpress\/wp-content\/uploads\/2021\/01\/POSTAMAT-GOSALDO-1024x768.jpg 1024w, https:\/\/www.radiopiu.net\/wordpress\/wp-content\/uploads\/2021\/01\/POSTAMAT-GOSALDO-768x576.jpg 768w, https:\/\/www.radiopiu.net\/wordpress\/wp-content\/uploads\/2021\/01\/POSTAMAT-GOSALDO-1536x1152.jpg 1536w, https:\/\/www.radiopiu.net\/wordpress\/wp-content\/uploads\/2021\/01\/POSTAMAT-GOSALDO.jpg 1600w\" sizes=\"auto, (max-width: 300px) 100vw, 300px\" \/><\/a>GOSALDO<\/strong><\/p>\n<p>di Gianni Santomaso<\/p>\n<audio class=\"wp-audio-shortcode\" id=\"audio-184330-6\" preload=\"none\" style=\"width: 100%;\" controls=\"controls\"><source type=\"audio\/mpeg\" src=\"https:\/\/www.radiopiu.net\/wordpress\/wp-content\/uploads\/2021\/01\/GIANNI-POSTAMAT-GOSALDO.mp3?_=6\" \/><a href=\"https:\/\/www.radiopiu.net\/wordpress\/wp-content\/uploads\/2021\/01\/GIANNI-POSTAMAT-GOSALDO.mp3\">https:\/\/www.radiopiu.net\/wordpress\/wp-content\/uploads\/2021\/01\/GIANNI-POSTAMAT-GOSALDO.mp3<\/a><\/audio>\n<p>&nbsp;<\/p>\n<hr \/>\n<p>&nbsp;<\/p>\n<blockquote class=\"wp-embedded-content\" data-secret=\"DdmMkaKfdi\"><p><a href=\"https:\/\/www.radiopiu.net\/wordpress\/agg-gen12\/\">CORONAVIRUS: AGGIORNAMENTO NAZIONALE 12 GENNAIO 2021<\/a><\/p><\/blockquote>\n<p><iframe loading=\"lazy\" class=\"wp-embedded-content\" sandbox=\"allow-scripts\" security=\"restricted\" style=\"position: absolute; clip: rect(1px, 1px, 1px, 1px);\" title=\"&#8220;CORONAVIRUS: AGGIORNAMENTO NAZIONALE 12 GENNAIO 2021&#8221; &#8212; Radio Pi\u00f9\" src=\"https:\/\/www.radiopiu.net\/wordpress\/agg-gen12\/embed\/#?secret=DdmMkaKfdi\" data-secret=\"DdmMkaKfdi\" width=\"600\" height=\"338\" frameborder=\"0\" marginwidth=\"0\" marginheight=\"0\" scrolling=\"no\"><\/iframe><\/p>\n<p>&nbsp;<\/p>\n<hr \/>\n<p>&nbsp;<\/p>\n<blockquote class=\"wp-embedded-content\" data-secret=\"QAQPBNFT5O\"><p><a href=\"https:\/\/www.radiopiu.net\/wordpress\/nelle-ultime-24-ore-i-negativizzati-4677-doppiano-i-nuovi-positivi-1838-in-veneto-139-decessi-ricoveri-in-aumento-in-area-non-critica-in-calo-le-terapie-intensive\/\">NELLE ULTIME 24 ORE I NEGATIVIZZATI (4677) DOPPIANO I NUOVI POSITIVI (1838). IN VENETO 139 DECESSI, RICOVERI IN AUMENTO IN AREA NON CRITICA, IN CALO LE TERAPIE INTENSIVE<\/a><\/p><\/blockquote>\n<p><iframe loading=\"lazy\" class=\"wp-embedded-content\" sandbox=\"allow-scripts\" security=\"restricted\" style=\"position: absolute; clip: rect(1px, 1px, 1px, 1px);\" title=\"&#8220;NELLE ULTIME 24 ORE I NEGATIVIZZATI (4677) DOPPIANO I NUOVI POSITIVI (1838). IN VENETO 139 DECESSI, RICOVERI IN AUMENTO IN AREA NON CRITICA, IN CALO LE TERAPIE INTENSIVE&#8221; &#8212; Radio Pi\u00f9\" src=\"https:\/\/www.radiopiu.net\/wordpress\/nelle-ultime-24-ore-i-negativizzati-4677-doppiano-i-nuovi-positivi-1838-in-veneto-139-decessi-ricoveri-in-aumento-in-area-non-critica-in-calo-le-terapie-intensive\/embed\/#?secret=QAQPBNFT5O\" data-secret=\"QAQPBNFT5O\" width=\"600\" height=\"338\" frameborder=\"0\" marginwidth=\"0\" marginheight=\"0\" scrolling=\"no\"><\/iframe><\/p>\n<p>&nbsp;<\/p>\n<hr \/>\n<p>&nbsp;<\/p>\n<blockquote>\n<h3>I GRAFICI DI TIZIANO DE COL<\/h3>\n<\/blockquote>\n\n\t\t\t<style type='text\/css'>\n\t\t\t\t#gallery-6 {\n\t\t\t\t\tmargin: auto;\n\t\t\t\t}\n\t\t\t\t#gallery-6 .gallery-item {\n\t\t\t\t\tfloat: left;\n\t\t\t\t\tmargin-top: 10px;\n\t\t\t\t\ttext-align: center;\n\t\t\t\t\twidth: 25%;\n\t\t\t\t}\n\t\t\t\t#gallery-6 img {\n\t\t\t\t\tborder: 2px solid #cfcfcf;\n\t\t\t\t}\n\t\t\t\t#gallery-6 .gallery-caption {\n\t\t\t\t\tmargin-left: 0;\n\t\t\t\t}\n\t\t\t\t\/* see gallery_shortcode() in wp-includes\/media.php *\/\n\t\t\t<\/style>\n\t\t<div id='gallery-6' class='dt-gallery-container gallery galleryid-184330 gallery-columns-4 gallery-size-medium'><dl class='gallery-item'>\n\t\t\t\t<dt class='gallery-icon landscape'>\n\t\t\t\t\t<a class=\"rollover rollover-zoom dt-pswp-item\" title=\"cbf87089-9979-4cab-a85e-d19ceb022f5f\" data-dt-img-description=\"\" data-large_image_width=\"584\" data-large_image_height=\"350\"href='https:\/\/www.radiopiu.net\/wordpress\/wp-content\/uploads\/2021\/01\/cbf87089-9979-4cab-a85e-d19ceb022f5f.jpg'><img loading=\"lazy\" decoding=\"async\" width=\"300\" height=\"180\" src=\"https:\/\/www.radiopiu.net\/wordpress\/wp-content\/uploads\/2021\/01\/cbf87089-9979-4cab-a85e-d19ceb022f5f-300x180.jpg\" class=\"attachment-medium size-medium\" alt=\"\" srcset=\"https:\/\/www.radiopiu.net\/wordpress\/wp-content\/uploads\/2021\/01\/cbf87089-9979-4cab-a85e-d19ceb022f5f-300x180.jpg 300w, https:\/\/www.radiopiu.net\/wordpress\/wp-content\/uploads\/2021\/01\/cbf87089-9979-4cab-a85e-d19ceb022f5f.jpg 584w\" sizes=\"auto, (max-width: 300px) 100vw, 300px\" \/><\/a>\n\t\t\t\t<\/dt><\/dl><dl class='gallery-item'>\n\t\t\t\t<dt class='gallery-icon landscape'>\n\t\t\t\t\t<a class=\"rollover rollover-zoom dt-pswp-item\" title=\"906f3345-0889-417b-8de5-f5a1d260b460\" data-dt-img-description=\"\" data-large_image_width=\"598\" data-large_image_height=\"352\"href='https:\/\/www.radiopiu.net\/wordpress\/wp-content\/uploads\/2021\/01\/906f3345-0889-417b-8de5-f5a1d260b460.jpg'><img loading=\"lazy\" decoding=\"async\" width=\"300\" height=\"177\" src=\"https:\/\/www.radiopiu.net\/wordpress\/wp-content\/uploads\/2021\/01\/906f3345-0889-417b-8de5-f5a1d260b460-300x177.jpg\" class=\"attachment-medium size-medium\" alt=\"\" srcset=\"https:\/\/www.radiopiu.net\/wordpress\/wp-content\/uploads\/2021\/01\/906f3345-0889-417b-8de5-f5a1d260b460-300x177.jpg 300w, https:\/\/www.radiopiu.net\/wordpress\/wp-content\/uploads\/2021\/01\/906f3345-0889-417b-8de5-f5a1d260b460.jpg 598w\" sizes=\"auto, (max-width: 300px) 100vw, 300px\" \/><\/a>\n\t\t\t\t<\/dt><\/dl><dl class='gallery-item'>\n\t\t\t\t<dt class='gallery-icon landscape'>\n\t\t\t\t\t<a class=\"rollover rollover-zoom dt-pswp-item\" title=\"c6bcf848-a444-43c2-ba85-0f19151f8cf1\" data-dt-img-description=\"\" data-large_image_width=\"596\" data-large_image_height=\"354\"href='https:\/\/www.radiopiu.net\/wordpress\/wp-content\/uploads\/2021\/01\/c6bcf848-a444-43c2-ba85-0f19151f8cf1.jpg'><img loading=\"lazy\" decoding=\"async\" width=\"300\" height=\"178\" src=\"https:\/\/www.radiopiu.net\/wordpress\/wp-content\/uploads\/2021\/01\/c6bcf848-a444-43c2-ba85-0f19151f8cf1-300x178.jpg\" class=\"attachment-medium size-medium\" alt=\"\" srcset=\"https:\/\/www.radiopiu.net\/wordpress\/wp-content\/uploads\/2021\/01\/c6bcf848-a444-43c2-ba85-0f19151f8cf1-300x178.jpg 300w, https:\/\/www.radiopiu.net\/wordpress\/wp-content\/uploads\/2021\/01\/c6bcf848-a444-43c2-ba85-0f19151f8cf1.jpg 596w\" sizes=\"auto, (max-width: 300px) 100vw, 300px\" \/><\/a>\n\t\t\t\t<\/dt><\/dl><dl class='gallery-item'>\n\t\t\t\t<dt class='gallery-icon landscape'>\n\t\t\t\t\t<a class=\"rollover rollover-zoom dt-pswp-item\" title=\"aa38a65c-84ef-41fb-807a-b36c947ae9c8\" data-dt-img-description=\"\" data-large_image_width=\"590\" data-large_image_height=\"355\"href='https:\/\/www.radiopiu.net\/wordpress\/wp-content\/uploads\/2021\/01\/aa38a65c-84ef-41fb-807a-b36c947ae9c8.jpg'><img loading=\"lazy\" decoding=\"async\" width=\"300\" height=\"181\" src=\"https:\/\/www.radiopiu.net\/wordpress\/wp-content\/uploads\/2021\/01\/aa38a65c-84ef-41fb-807a-b36c947ae9c8-300x181.jpg\" class=\"attachment-medium size-medium\" alt=\"\" srcset=\"https:\/\/www.radiopiu.net\/wordpress\/wp-content\/uploads\/2021\/01\/aa38a65c-84ef-41fb-807a-b36c947ae9c8-300x181.jpg 300w, https:\/\/www.radiopiu.net\/wordpress\/wp-content\/uploads\/2021\/01\/aa38a65c-84ef-41fb-807a-b36c947ae9c8.jpg 590w\" sizes=\"auto, (max-width: 300px) 100vw, 300px\" \/><\/a>\n\t\t\t\t<\/dt><\/dl><br style=\"clear: both\" \/>\n\t\t\t<\/div>\n\n<p>&nbsp;<\/p>\n<hr \/>\n<p>&nbsp;<\/p>\n<blockquote>\n<h2>I GIORNI DEL VACCINO, I NUMERI DELLA PANDEMIA- PARLA ZAIA<\/h2>\n<\/blockquote>\n<p><span style=\"color: #ff0000;\"><strong>VACCINI: 96,30% DEL MAGAZZINO OVVERO 74.471 VENETI VACCINATI<\/strong><\/span><\/p>\n<blockquote>\n<h2>LEGGI LA CONFERENZA STAMPA DI LUCA ZAIA<\/h2>\n<\/blockquote>\n<p><em>Quando il covid distrugge una famiglia, un decesso (40 anni) e due persone in terapia intensiva (50 anni). Con i magazzini pieni entro l&#8217;estate tutti i veneti sarebbero vaccinati, in quattro mesi facciamo tutto, ma servono vaccini. Con la fornitura attuale questo obiettivo non \u00e8 raggiungibile. Restrizioni potrebbero scattare, in modo differenziato, a seconda del livello di rischio, ma ogni decisione deve essere supportata da ristori alla tedesca<\/em><\/p>\n<p>Oggi 342 terapie intensive dopo aver raggiunto 401 postazioni, ad oggi 97 letti di terapia intensiva liberi. Considerazioni: nei dati nazionali i numeri crescono nelle regioni e le curve non sono certo verso il basso. Forse per noi c&#8217;e&#8217; una direzione in calo dopo aver passato l&#8217;onda importante quando altri non ce l&#8217;avevano, puo&#8217; essere ci sia un&#8217;inversione di tendenza repentina e si torni su. Per percentuale di malati sulla popolazione siamo la sesta regione in Italia, ce ne sono 5 di Regioni messe &#8220;peggio&#8221; il virus si sta veramente facendo sentire e in realt\u00e0 dove ci sono state restrizioni che noi non abbiamo avuto. Non sappiamo se quanto visto in Germania e Gran Bretagna si trasferir\u00e0 anche in Italia, siamo attenti e preoccupati. Non stiamo facendo terrorismo ma informando il Veneto. Ad aprile ne siamo usciti velocemente, in tre mesi, ora si va avanti dai primi di ottobre e sono gi\u00e0 quattro mesi. Contiamo molto sulle vaccinazione, pi\u00f9 ce ne danno e pi\u00f9 veloci saremo nelle operazioni. Abbiamo avuto anche ieri la segnalazione di una famiglia con due cinquantenni in terapia intensiva e un quarantenne morto. Ho chiesto i tamponi dei tre cittadini per fare la sequenza, non \u00e8 normale.\u00a0 Se scegliessimo il &#8220;liberi tutti&#8221; avremmo due problemi, tutelare i pi\u00f9 fragili, la sanit\u00e0 andrebbe in tilt. E non esiste sanit\u00e0 al mondo che non andrebbe in tilt, e i cittadini rischierebbero di trovare le porte chiuse negli ospedali, non \u00e8 il nostro caso comunque.\u00a0 Il tema dell&#8217;economia: ho difeso il diritto all&#8217;impresa e all&#8217;occupazione, anche con ordinanze. Abbiamo chiesto i ristori, comprendo la disperazione e la rabbia di molti che vorrebbero poter aprire le attivit\u00e0, il punto di equilibrio sono ristori solidi alla tedesca.\u00a0 Avremo un nuovo incontro con il Governo per il Dpcm, il ministro ieri ha parlato dell&#8217;introduzione di un valore &#8220;a rischio alto&#8221;. Arriveranno a breve le prime micro dosi di Moderna, ce ne toccheranno 8mila circa, a febbraio 600mila e poi dicono un milione al mese. AstraZenica ci permetterebbe di fare una vaccinazione di massa su pi\u00f9 fronti. Potremmo recuperare sei mesi sulla tabella di marcia perch\u00e9 \u00e8 un vaccino che si gestisce con pi\u00f9 facilit\u00e0.<\/p>\n<a href=\"https:\/\/www.radiopiu.net\/wordpress\/wp-content\/uploads\/2021\/01\/TI-12-GEN.pdf\" class=\"pdfemb-viewer\" style=\"\" data-width=\"max\" data-height=\"max\" data-toolbar=\"top\" data-toolbar-fixed=\"on\">TI 12 GEN<\/a>\n<h2><span style=\"color: #ff0000;\">DOMANDE<\/span><\/h2>\n<p><strong> UN GRUPPO DI RISTORATORI (50MILA ADESIONI) IN SEGNO DI PROTESTA VOGLIONO FARE UN PRANZO E UNA CENA APERTA A TUTTI<\/strong> Non ne so nulla. <strong>L&#8217;ALGORITMO COSA SEGNALA<\/strong> Ho visto un po&#8217; di dati, c&#8217;e&#8217; un calo di ricoveri, la curva delle dimissioni da un po&#8217; di giorni \u00e8 maggiore di quella dei ricoveri. Se abbassiamo la guardia un istante e torniano su. Qualcuno pensa sia ancora una farsa e mi dispiace. Se non ci fosse una sanit\u00e0 come quella in Veneto ben organizzata ci sarebbero pazienti a &#8220;terra&#8221; non presi in carico. <strong>INIZIATIVA DI UN IMPRENDITORE DI PESARO DI RIAPRIRE CONTRO LE RESTRIZIONI BAR E RISTORANTI<\/strong> Capisco la loro disperazione, se avessero i ristori sul fatturato nessuno sarebbe qui a parlare di riaperture. Che il Governo mandi i ristori. <strong>NESSUNO LI HA RICEVUTI DA MARZO<\/strong> Ne abbiamo parlato 1000 volte.<strong> VACCINI, IL PERSONALE ESTERNO PER LE AZIENDE SANITARIE (PULIZIE-VIGILANZA ETC..) SARA&#8217; VACCINATO SUBITO O DOPO?<\/strong> Vacciniamo anche gli esterni che lavorano nella sanit\u00e0. La priorit\u00e0 \u00e8 dato dall&#8217;esposizione al rischio. <strong>RISTORI E CRISI DI GOVERNO IN ATTO VI E&#8217; STATA DATA UNA PROSPETTIVA?<\/strong> Ci hanno detto che il timing \u00e8 immediato con il DPCM. Se il ristoratore minaccia di aprire significa che \u00e8 un grido di allarme, se arrivasse il ristoro non si sarebbe questo problema. Il tema dei ristori \u00e8 fondamentale.<\/p>\n<blockquote>\n<h2>L&#8217;ASSESSORE MANUELA LANZARIN<\/h2>\n<\/blockquote>\n<p>Ieri incontro con i medici di medicina generale, abbiamo deciso di rinviare a un tavolo specifico sulla vaccinazione: saranno coinvolti e ci sar\u00e0 un accordo. Non sappiamo se ci sar\u00e0 anche un accordo nazionale.\u00a0 Serve per\u00f2 un vaccino che non abbia bisogno della catena del freddo e che possa essere somministrato da loro, ma anche nelle farmacie, da specializzandi,\u00a0 medici in pensione. Il contingente\u00a0 dovrebbe arrivare dal bando nazionale di Arcuri. Hanno risposto 19mila medici e 4mila infermieri, disponibili da marzo. <strong>DAI MEDICI DI MEDICINA GENERALE ADESIONE AL 90%:<\/strong> 171.000 tamponi fatti,\u00a0 L&#8217;85% ha dato esito esito negativo. <strong>IN FARMACIA<\/strong> 200 adesioni\u00a0 su 1440,\u00a0 sono stati eseguiti (senza ricetta e a 26 euro) 4023 tamponi,\u00a0 268\u00a0 positivi e 3751\u00a0 negativi.<\/p>\n<p>&nbsp;<\/p>\n<p><a href=\"https:\/\/www.facebook.com\/zaiaufficiale\/videos\/863282987848405\">https:\/\/www.facebook.com\/zaiaufficiale\/videos\/863282987848405<\/a><\/p>\n<p>&nbsp;<\/p>\n<p>&nbsp;<\/p>\n<p>&nbsp;<\/p>\n<hr \/>\n<p>&nbsp;<\/p>\n<blockquote>\n<h3>TEST RAPIDI COVID-19 NELLE FARMACIE VENETE: \u00a0UNA SCELTA DI LIBERTA\u2019 ED UN SERVIZIO IN PIU\u2019 ALLA COMUNITA\u2019<\/h3>\n<\/blockquote>\n<p><strong><a href=\"https:\/\/www.radiopiu.net\/wordpress\/giornale-radiopiu-24-dicembre-2020-direttore-mirko-mezzacasa\/andrea-bellon-presidente-federfarma-veneto-1\/\" rel=\"attachment wp-att-181370\"><img loading=\"lazy\" decoding=\"async\" class=\"size-medium wp-image-181370 alignleft\" src=\"https:\/\/www.radiopiu.net\/wordpress\/wp-content\/uploads\/2020\/12\/Andrea-Bellon-presidente-Federfarma-Veneto-1-214x300.jpg\" alt=\"\" width=\"214\" height=\"300\" srcset=\"https:\/\/www.radiopiu.net\/wordpress\/wp-content\/uploads\/2020\/12\/Andrea-Bellon-presidente-Federfarma-Veneto-1-214x300.jpg 214w, https:\/\/www.radiopiu.net\/wordpress\/wp-content\/uploads\/2020\/12\/Andrea-Bellon-presidente-Federfarma-Veneto-1-730x1024.jpg 730w, https:\/\/www.radiopiu.net\/wordpress\/wp-content\/uploads\/2020\/12\/Andrea-Bellon-presidente-Federfarma-Veneto-1-768x1078.jpg 768w, https:\/\/www.radiopiu.net\/wordpress\/wp-content\/uploads\/2020\/12\/Andrea-Bellon-presidente-Federfarma-Veneto-1.jpg 838w\" sizes=\"auto, (max-width: 214px) 100vw, 214px\" \/><\/a>VENEZIA <\/strong>Le farmacie venete non intendono sovrapporsi a nessun\u2019altra categoria professionale della Sanit\u00e0; del resto, il presidio e la funzione che svolgono quotidianamente sono chiari ed evidenti. Con la stessa attenzione e disponibilit\u00e0, i Farmacisti veneti si sono offerti di integrare le strutture pubbliche e private gi\u00e0 impegnate nella campagna di tracciamento dei Veneti positivi al Covid-19 mettendo a disposizione la rete delle quasi 1200 farmacie aderenti a FederFarma investendo del proprio per attrezzare i locali, inserire personale qualificato all\u2019uso dei tamponi, ampliare gli orari a disposizione del pubblico e garantire alla popolazione ed all\u2019Amministrazione regionale il numero pi\u00f9 alto di test effettuati. \u00ab<em>I Farmacisti vogliono offrire un\u2019opportunit\u00e0 in pi\u00f9 ai propri Concittadini \u2013 sottolinea Andrea Bellon, presidente di FederFarma Veneto -: noi ci rivolgiamo a quei Veneti che sono asintomatici, che non troverebbero spazio nel sistema di medicina generale che deve dare giustamente la priorit\u00e0 ai cittadini che presentano gi\u00e0 i sintomi della malattia. Ma la domanda di fare un test velocemente, nella massima sicurezza, dal tracciamento garantito, va soddisfatta comunque. Pensiamo a chi deve programmare viaggi o incontri d\u2019affari o che deve recarsi in visita ad un genitore anziano: fare il test permette di muoversi e vivere con maggiore tranquillit\u00e0. Sia personale che collettiva. Questo test, inoltre, viene fatto non a carico della fiscalit\u00e0 generale, ma a\u00a0 carico dei singoli utilizzatori, attraverso un fee calmierato stabilito di concerto con la Regione che va a coprire le spese che le Farmacie sostengono per poter garantire un servizio efficiente e sicur<\/em>o\u00bb. \u00ab<em>Si tratta di una scelta di libert\u00e0 \u2013 rimarca a sua volta Federico Realdon, presidente dell\u2019Ordine dei Farmacisti di Verona \u2013 che vuole soltanto aumentare la sicurezza collettiva, alzando il livello del servizio e le possibilit\u00e0 di accesso. Fa parte dei nostri \u201cdoveri\u201d verso la Comunit\u00e0. I Farmacisti non tolgono spazio e ruolo a nessuno n\u00e9 intendono farlo: questo \u00e8 sempre stato lo spirito di questa iniziativa e cos\u00ec rester\u00e0<\/em>\u00bb.<\/p>\n<p>&nbsp;<\/p>\n<p>&nbsp;<\/p>\n<hr \/>\n<p>&nbsp;<\/p>\n<blockquote>\n<h3>IMPIANTI DI RISALITA E STAZIONI DI SCI, UNCEM: RISTORI, TEMPI CERTI PER APERTURA, MA ANCHE MIGLIORE ANALISI DEL RISCHIO CONTAGIO<\/h3>\n<\/blockquote>\n<p><strong><a href=\"https:\/\/www.radiopiu.net\/wordpress\/giornale-radiopiu-28-aprile-2020-direttore-mirko-mezzacasa\/uncem-2\/\" rel=\"attachment wp-att-133399\"><img loading=\"lazy\" decoding=\"async\" class=\"wp-image-133399 alignleft\" src=\"https:\/\/www.radiopiu.net\/wordpress\/wp-content\/uploads\/2020\/04\/UNCEM-300x300.jpg\" alt=\"\" width=\"141\" height=\"141\" srcset=\"https:\/\/www.radiopiu.net\/wordpress\/wp-content\/uploads\/2020\/04\/UNCEM-300x300.jpg 300w, https:\/\/www.radiopiu.net\/wordpress\/wp-content\/uploads\/2020\/04\/UNCEM-150x150.jpg 150w, https:\/\/www.radiopiu.net\/wordpress\/wp-content\/uploads\/2020\/04\/UNCEM.jpg 500w\" sizes=\"auto, (max-width: 141px) 100vw, 141px\" \/><\/a>ROMA\u00a0<\/strong> <em>&#8220;Data certa di apertura, che vada oltre i colori delle regioni, gialle o arancioni, e ristori efficaci per le societ\u00e0 che gestiscono gli impianti di risalita, pubbliche e private&#8221;.<\/em> Uncem si unisce alle richieste e alle proposte delle Regioni al Governo che sta lavorando su questo fronte con il Ministro Boccia in testa. Per il presidente Marco Bussone occorre individuare aiuti alle imprese e ai lavoratori in linea tra gli Stati europei, in particolare Francia e Spagna, notificando insieme, con un modello univoco, gli aiuti di stato a Bruxelles. Questo permetterebbe di avere un sistema di aiuti comune nel sistema alpino europeo. \u00c8 necessario per i gestori degli impianti di risalita avere certezze delle regole di apertura e delle modalit\u00e0 di gestione dei flussi di fruitori degli impianti e delle poste.<\/p>\n<p>&nbsp;<\/p>\n<hr \/>\n<p>&nbsp;<\/p>\n<blockquote>\n<h3>TURISMO MONTANO IN GINOCCHIO.\u00a0 CANER: \u201cCHIEDIAMO A GOVERNO RISTORI SICURI, RAPIDI E CERTEZZE SULL\u2019EVENTUALE DATA DI RIAPERTURA\u201d<\/h3>\n<\/blockquote>\n<p><strong><a href=\"https:\/\/www.radiopiu.net\/wordpress\/giornale-radiopiu-05-giugno-2020-direttore-mirko-mezzacasa\/caner-9\/\" rel=\"attachment wp-att-142390\"><img loading=\"lazy\" decoding=\"async\" class=\" wp-image-142390 alignleft\" src=\"https:\/\/www.radiopiu.net\/wordpress\/wp-content\/uploads\/2020\/06\/CANER-225x300.jpg\" alt=\"\" width=\"155\" height=\"207\" srcset=\"https:\/\/www.radiopiu.net\/wordpress\/wp-content\/uploads\/2020\/06\/CANER-225x300.jpg 225w, https:\/\/www.radiopiu.net\/wordpress\/wp-content\/uploads\/2020\/06\/CANER-768x1024.jpg 768w, https:\/\/www.radiopiu.net\/wordpress\/wp-content\/uploads\/2020\/06\/CANER-1152x1536.jpg 1152w, https:\/\/www.radiopiu.net\/wordpress\/wp-content\/uploads\/2020\/06\/CANER-1536x2048.jpg 1536w, https:\/\/www.radiopiu.net\/wordpress\/wp-content\/uploads\/2020\/06\/CANER-scaled.jpg 1920w\" sizes=\"auto, (max-width: 155px) 100vw, 155px\" \/><\/a>VENEZIA<\/strong>\u00a0 <em>\u201cNel corso dell\u2019incontro tra i rappresentanti delle Regioni alpine \u00e8 emersa l\u2019ipotesi che il Governo intenda rinviare ulteriormente l\u2019apertura degli impianti sciistici, che l\u2019ordinanza del ministro Speranza ha fissato al prossimo 18 gennaio. In ogni caso, un nuovo rinvio impone ancor pi\u00f9 allo Stato di assumere impegni seri nei confronti del settore, tali da garantire ristori certi, immediati e proporzionati alle perdite subite\u201d. <\/em>Cos\u00ec l\u2019assessore della Regione del Veneto, Federico Caner, riassume l\u2019incontro in videoconferenza della Commissione Turismo della Conferenza delle Regioni e Province Autonome, svoltasi per fare il punto della situazione. <em>\u201cPer comprendere il danno che lo stop ulteriore al settore potrebbe determinare \u2013 prosegue Caner \u2013 \u00e8 sufficiente ricordare che da soli gli impianti di risalita producono un indotto di 60 milioni di euro, mentre l\u2019intero indotto turistico invernale vale circa 1 miliardo di euro\u201d. <\/em>Nel corso della riunione \u00e8 stato approvato anche il protocollo che ora dovr\u00e0 ottenere il via libera del Comitato Tecnico Scientifico per lo svolgimento in sicurezza delle attivit\u00e0 sciistiche.<\/p>\n<p>&nbsp;<\/p>\n<hr \/>\n<p>&nbsp;<\/p>\n<blockquote>\n<h3>TROPPE IMPRESE IN VENDITA NEL VENETO, RISCHIO ALTO<\/h3>\n<\/blockquote>\n<p><strong>\u00a0fonte \u00abAgenzia DIRE\u00bb <\/strong><\/p>\n<p><strong><a href=\"https:\/\/www.radiopiu.net\/wordpress\/giornale-radiopiu-13-gennaio-2021-direttore-mirko-mezzacasa\/d906eb92ee1b97703eab38b4f6792aaf07e0412622509faf861f3793c9c24647\/\" rel=\"attachment wp-att-184418\"><img loading=\"lazy\" decoding=\"async\" class=\" wp-image-184418 alignleft\" src=\"https:\/\/www.radiopiu.net\/wordpress\/wp-content\/uploads\/2021\/01\/d906eb92ee1b97703eab38b4f6792aaf07e0412622509faf861f3793c9c24647-285x300.jpg\" alt=\"\" width=\"143\" height=\"151\" srcset=\"https:\/\/www.radiopiu.net\/wordpress\/wp-content\/uploads\/2021\/01\/d906eb92ee1b97703eab38b4f6792aaf07e0412622509faf861f3793c9c24647-285x300.jpg 285w, https:\/\/www.radiopiu.net\/wordpress\/wp-content\/uploads\/2021\/01\/d906eb92ee1b97703eab38b4f6792aaf07e0412622509faf861f3793c9c24647.jpg 380w\" sizes=\"auto, (max-width: 143px) 100vw, 143px\" \/><\/a>VENEZIA<\/strong>\u00a0 <em>\u00a0 &#8220;La situazione delle imprese commerciali in Veneto e&#8217; tragica, e cio&#8217; la rende &#8220;molto appettibile per certi soggetti che illegalmente possono aggredire il mercato, sapendo di avere di fronte imprenditori stanchi, snervati e in difficolta&#8217;&#8221;.<\/em> Lo spiega alla &#8216;Dire&#8217; Patrizio Bertin, presidente di Confcommercio Veneto, evidenziando che il rischio e&#8217; alto perche&#8217; &#8220;oggi fare impresa vuol dire avere solo preoccupazioni&#8221; e cosi&#8217; capita che <em>&#8220;Davanti ad una offerta gli imprenditori sono disposti a lasciare, accordandosi magari per mantenere un posto di lavoro all&#8217;interno dell&#8217;impresa&#8221;. Quindi &#8220;ci sono molte <\/em><em>persone che vogliono vendere i loro negozi, c&#8217;e&#8217; piu&#8217; offerta che domanda&#8221;. E questo apre le porte a fenomeni pericolosi. &#8220;Le imprese sono vulnerabili, noi come associazione stiamo tenendo le antenne alte ma non possiamo dire che c&#8217;e&#8217; qualcosa di illegale se qualcuno ha la disponibilita&#8217; e acquista una attivita, quindi &#8220;il governo dovrebbe correre ai ripari anche per questa emergenza che si sovrappone alle tante situazioni di pericolo che abbiamo tenerci in queste condizioni vuol dire renderci vulnerabili<\/em>&#8220;. Bisogna fare presto, conclude Bertin. <em>&#8220;Quando parte una valanga e&#8217; impossibile da fermare&#8230; Bisogna agire a priori, intervenire subito. Il governo deve capire che quando firma un decreto che prevede misure restrittive deve far arrivare i soldi nei conti correnti delle imprese il giorno prima delle chiusure. Deve darci ossigeno per darci la speranza di poter resistere&#8221;.<\/em><\/p>\n<p>&nbsp;<\/p>\n<hr \/>\n<p>&nbsp;<\/p>\n<blockquote>\n<h3>IMMOBILISMO DELLA PROVINCIA. PADRIN RISPONDE AL SENATORE SAVIANE<\/h3>\n<\/blockquote>\n<p><strong><a href=\"https:\/\/www.radiopiu.net\/wordpress\/padrin-la-fase-2-ci-veda-uniti-nel-programmare-la-ripartenza-torneremo-alla-normalita\/padrin-63\/\" rel=\"attachment wp-att-134835\"><img loading=\"lazy\" decoding=\"async\" class=\"size-medium wp-image-134835 alignleft\" src=\"https:\/\/www.radiopiu.net\/wordpress\/wp-content\/uploads\/2020\/05\/PADRIN-200x300.jpg\" alt=\"\" width=\"200\" height=\"300\" srcset=\"https:\/\/www.radiopiu.net\/wordpress\/wp-content\/uploads\/2020\/05\/PADRIN-200x300.jpg 200w, https:\/\/www.radiopiu.net\/wordpress\/wp-content\/uploads\/2020\/05\/PADRIN-683x1024.jpg 683w, https:\/\/www.radiopiu.net\/wordpress\/wp-content\/uploads\/2020\/05\/PADRIN-768x1152.jpg 768w, https:\/\/www.radiopiu.net\/wordpress\/wp-content\/uploads\/2020\/05\/PADRIN.jpg 945w\" sizes=\"auto, (max-width: 200px) 100vw, 200px\" \/><\/a>BELLUNO <\/strong>\u00ab<em>La Provincia non alza la voce perch\u00e9 preferisce lavorare quotidianamente sul territorio e per il territorio<\/em>\u00bb. \u00c8 la risposta del presidente Roberto Padrin all\u2019intervento del senatore leghista Paolo Saviane, che attraverso una nota stampa aveva accusato il governo di immobilismo nei confronti della montagna, tirando in ballo anche Palazzo Piloni. \u00ab<em>Ringrazio il senatore Saviane, perch\u00e9 il suo intervento ci d\u00e0 l\u2019occasione per ritornare su tutte le iniziative varate recentemente dalla Provincia, grazie al grande supporto di tutto il consiglio provinciale, a favore del territorio e della ripartenza post-Covid<\/em>\u00bb afferma il presidente Padrin. \u00ab<em>La Provincia non si \u00e8 fermata a lamentare la situazione drammatica che sta vivendo il territorio, su cui oltre alle conseguenze della pandemia stanno gravando le emergenze maltempo &#8211; ultima quella di inizio anno, che ha colpito soprattutto Comelico, Alto Cadore e Alto Agordino. Complessivamente, tra cofinanziamento provinciale e utilizzo d\u2019area vasta del Fondo Comuni confinanti, abbiamo varato un pacchetto da oltre 10 milioni di euro. Con 500mila euro a sostegno degli impianti di risalita individuati come motore del turismo invernale. Con 1 milione di euro per due progetti di Dolomitibus. Con un cofinanziamento da quasi 500mila euro all\u2019Ulss per lo sviluppo della telemedicina. Con 3 milioni di euro complessivi per dotare le scuole di spazi idonei e infrastrutture digitali. E con altre progettualit\u00e0. Certo, avremmo potuto fare di pi\u00f9, se avessimo le risorse che servono al nostro territorio, sia economiche che umane. Proprio per questo abbiamo portato la questione all\u2019attenzione del ministro D\u2019Inc\u00e0, in un recente incontro a Roma. Spiace constatare che il lavoro per il territorio venga connotato politicamente, anche quando i problemi e le criticit\u00e0 da risolvere richiederebbero un gioco di squadra che non bada al colore della casacca. Anzi, colgo proprio l\u2019occasione per chiedere al senatore Saviane un aiuto, dalle stanze romane, per il territorio in cui \u00e8 stato eletto. Lancio l\u2019invito: lavoriamo insieme, per il Bellunese e per tutti i bellunesi, nessuno escluso<\/em>\u00bb.<\/p>\n<p>&nbsp;<\/p>\n<p>&nbsp;<\/p>\n<hr \/>\n<p>&nbsp;<\/p>\n<blockquote>\n<h3>RECOVERY PLAN, ANCI GIOVANI VENETO: &#8220;SERVONO PIU&#8217; RISORSE PER I GIOVANI<\/h3>\n<\/blockquote>\n<p><strong><a href=\"https:\/\/www.radiopiu.net\/wordpress\/giornale-radiopiu-13-gennaio-2021-direttore-mirko-mezzacasa\/anci-giovani\/\" rel=\"attachment wp-att-184461\"><img loading=\"lazy\" decoding=\"async\" class=\"size-medium wp-image-184461 alignleft\" src=\"https:\/\/www.radiopiu.net\/wordpress\/wp-content\/uploads\/2021\/01\/ANCI-GIOVANI-300x194.png\" alt=\"\" width=\"300\" height=\"194\" srcset=\"https:\/\/www.radiopiu.net\/wordpress\/wp-content\/uploads\/2021\/01\/ANCI-GIOVANI-300x194.png 300w, https:\/\/www.radiopiu.net\/wordpress\/wp-content\/uploads\/2021\/01\/ANCI-GIOVANI.png 476w\" sizes=\"auto, (max-width: 300px) 100vw, 300px\" \/><\/a>PADOVA<\/strong> Poche risorse per i giovani e per le politiche giovanili nel Recovery Plan: questa la denuncia dei rappresentanti di ANCI Giovani Veneto che nel primo pomeriggio di oggi si sono confrontati in videoconferenza con il loro Coordinatore Nazionale Luca Baroncini, Sindaco di Montecatini Terme. Il Coordinatore veneto, Roberto Bazzarello, e la vicecoordinatrice Yuki d\u2019Emilia \u2013 Assessora al Turismo del Comune di Belluno \u2013 hanno portato sul tavolo tematiche condivise dai giovani tra le quali, la possibilita\u0300 di incentivi alle assunzioni a tempo indeterminato degli Under-35, un bonus per le aziende che assumano laureandi; incentivi ed esenzioni fiscali per start up e imprese fondate da giovani; sostegno all\u2019emancipazione giovanile, attraverso il social housing e operazioni di rigenerazione urbana per il recupero di immobili dismessi da destinare ad abitazioni con affitti ridotti per i giovani; strumenti per conciliare al meglio i tempi di lavoro e famiglia, con indennita\u0300 di maternita\u0300 e paternita\u0300 anche per i lavoratori autonomi e asili nido gratuiti; il finanziamento, attraverso i comuni, di iniziative territoriali per le politiche giovanili, come il sostegno alle consulte giovanili o la realizzazione di luoghi di aggregazione e di cultura, anche per contrastare fenomeni come l&#8217;abbandono scolastico che nell&#8217;ultimo anno ha visto una pericolosa crescita.<\/p>\n<p>&nbsp;<\/p>\n<p>&nbsp;<\/p>\n<hr \/>\n<p>&nbsp;<\/p>\n<blockquote>\n<h3>IL REPORT SULL&#8217;ATTIVITA&#8217; DI ELISOCCORSO NEL 2020<\/h3>\n<\/blockquote>\n<p><strong>BELLUNO\u00a0 <\/strong>Ecco il bilancio delle attivit\u00e0 di elisoccorso nel 2020 a confronto col 2019:<\/p>\n<table width=\"643\">\n<tbody>\n<tr>\n<td colspan=\"2\" width=\"264\"><\/td>\n<td width=\"189\"><strong>2019<\/strong><\/td>\n<td width=\"189\"><strong>2020<\/strong><\/td>\n<\/tr>\n<tr>\n<td colspan=\"2\" width=\"264\">Totale missioni<\/td>\n<td width=\"189\">696<\/td>\n<td width=\"189\">675<\/td>\n<\/tr>\n<tr>\n<td rowspan=\"3\" width=\"107\">Tipo missione<\/td>\n<td width=\"157\">Primari<\/td>\n<td width=\"189\">556<\/td>\n<td width=\"189\">532<\/td>\n<\/tr>\n<tr>\n<td width=\"157\">Secondari<\/td>\n<td width=\"189\">85<\/td>\n<td width=\"189\">99<\/td>\n<\/tr>\n<tr>\n<td width=\"157\">Addestramento<\/td>\n<td width=\"189\">55<\/td>\n<td width=\"189\">44<\/td>\n<\/tr>\n<tr>\n<td colspan=\"2\" width=\"264\"><\/td>\n<td width=\"189\"><\/td>\n<td width=\"189\"><\/td>\n<\/tr>\n<tr>\n<td rowspan=\"4\" width=\"107\">Pazienti<\/td>\n<td width=\"157\">Illesi<\/td>\n<td width=\"189\">43<\/td>\n<td width=\"189\">50<\/td>\n<\/tr>\n<tr>\n<td width=\"157\">Elitrasportati a Belluno<\/td>\n<td width=\"189\">325<\/td>\n<td width=\"189\">322<\/td>\n<\/tr>\n<tr>\n<td width=\"157\">Elitrasportati a Treviso<\/td>\n<td width=\"189\">86<\/td>\n<td width=\"189\">102<\/td>\n<\/tr>\n<tr>\n<td width=\"157\">Elitrasportati a Fuori Regione<\/td>\n<td width=\"189\">22<\/td>\n<td width=\"189\">13<\/td>\n<\/tr>\n<\/tbody>\n<\/table>\n<p>&nbsp;<\/p>\n<p><a href=\"https:\/\/www.radiopiu.net\/wordpress\/il-report-sullattivita-di-elisoccorso-nel-2020\/img_20210108_121831\/\" rel=\"attachment wp-att-184508\"><img loading=\"lazy\" decoding=\"async\" class=\"size-medium wp-image-184508 alignleft\" src=\"https:\/\/www.radiopiu.net\/wordpress\/wp-content\/uploads\/2021\/01\/IMG_20210108_121831-300x300.jpg\" alt=\"\" width=\"300\" height=\"300\" srcset=\"https:\/\/www.radiopiu.net\/wordpress\/wp-content\/uploads\/2021\/01\/IMG_20210108_121831-300x300.jpg 300w, https:\/\/www.radiopiu.net\/wordpress\/wp-content\/uploads\/2021\/01\/IMG_20210108_121831-1024x1024.jpg 1024w, https:\/\/www.radiopiu.net\/wordpress\/wp-content\/uploads\/2021\/01\/IMG_20210108_121831-150x150.jpg 150w, https:\/\/www.radiopiu.net\/wordpress\/wp-content\/uploads\/2021\/01\/IMG_20210108_121831-768x768.jpg 768w, https:\/\/www.radiopiu.net\/wordpress\/wp-content\/uploads\/2021\/01\/IMG_20210108_121831-1536x1536.jpg 1536w, https:\/\/www.radiopiu.net\/wordpress\/wp-content\/uploads\/2021\/01\/IMG_20210108_121831-2048x2048.jpg 2048w\" sizes=\"auto, (max-width: 300px) 100vw, 300px\" \/><\/a>\u00ab<em>I dati complessivi sull\u2019attivit\u00e0 dell\u2019Elisoccorso della Provincia di Belluno mostrano che, nonostante il 2020 sia stato un anno decisamente particolare a causa della pandemia da COVID-19, i livelli di attivit\u00e0 sono stati sostanzialmente sovrapponibili a quelli dell\u2019anno precedente. <\/em><em>In particolare, \u00e8 risultato quasi equivalente il numero globale di missioni effettuate, nonostante nei mesi di \u201clockdown\u201d l\u2019attivit\u00e0 si sia praticamente azzerata, con sole 21 missioni in meno rispetto all\u2019anno precedente<\/em>\u00bb, spiega il direttore del SUEM 118 Giulio Trill\u00f2. \u00ab<em>\u00c8 quasi equivalente al 2019 anche la proporzione sul tipo di missioni effettuate, con circa il 75% di missioni primarie, un 15% di trasporti secondari tra ospedali, e un 10% di attivit\u00e0 addestrativa. <\/em><em>\u00c8 altres\u00ec simile la destinazione dei pazienti soccorsi, con l\u2019Ospedale \u201cS. Martino\u201d di Belluno a fare la parte del leone sull\u2019accoglimento dei pazienti soccorsi da \u201cFalco\u201d, mentre resta stabile, ma sempre significativo, il numero dei cosiddetti \u201cillesi\u201d: persone cio\u00e8 che vengono solo recuperate utilizzando l\u2019elisoccorso ma che non presentano ferite o lesioni che necessitino di ricovero o medicazione in ambito ospedaliero<\/em>\u00bb, continua Trill\u00f2. Proseguono, intanto, i lavori a Pieve di Cadore per la nuova base HEMS. In questi giorni \u00e8 stato liberato l\u2019accesso al cantiere dalla copiosa neve presente. I lavori alla base HEMS di Pieve di Cadore, che sar\u00e0 dotata dei pi\u00f9 moderni standard di sicurezza e funzionalit\u00e0, avviati a fine agosto per un investimento di oltre 3 milioni di euro. A febbraio, invece, il Consiglio di Stato si dovrebbe esprimere sull\u2019appello interposto a seguito della sentenza n.102\/2020 pubblicata il 13\/10 del TAR Veneto che ha respinto per inammissibilit\u00e0 e per infondatezza il ricorso promosso dalla ditta Elifriulia srl nei confronti dell&#8217;aggiudicazione della gara, indetta da Azienda Zero, per il servizio di elisoccorso condannando il ricorrente al rimborso delle spese.<\/p>\n<p>&nbsp;<\/p>\n<p>&nbsp;<\/p>\n<hr \/>\n<p>&nbsp;<\/p>\n<blockquote>\n<h3><strong><a href=\"https:\/\/www.radiopiu.net\/wordpress\/giornale-radiopiu-12-gennaio-2021-direttore-mirko-mezzacasa\/locandina-scu-1\/\" rel=\"attachment wp-att-184265\"><img loading=\"lazy\" decoding=\"async\" class=\"wp-image-184265 alignleft\" src=\"https:\/\/www.radiopiu.net\/wordpress\/wp-content\/uploads\/2021\/01\/LOCANDINA-SCU-1-212x300.png\" alt=\"\" width=\"158\" height=\"224\" srcset=\"https:\/\/www.radiopiu.net\/wordpress\/wp-content\/uploads\/2021\/01\/LOCANDINA-SCU-1-212x300.png 212w, https:\/\/www.radiopiu.net\/wordpress\/wp-content\/uploads\/2021\/01\/LOCANDINA-SCU-1-724x1024.png 724w, https:\/\/www.radiopiu.net\/wordpress\/wp-content\/uploads\/2021\/01\/LOCANDINA-SCU-1-768x1086.png 768w, https:\/\/www.radiopiu.net\/wordpress\/wp-content\/uploads\/2021\/01\/LOCANDINA-SCU-1-1086x1536.png 1086w, https:\/\/www.radiopiu.net\/wordpress\/wp-content\/uploads\/2021\/01\/LOCANDINA-SCU-1-1448x2048.png 1448w, https:\/\/www.radiopiu.net\/wordpress\/wp-content\/uploads\/2021\/01\/LOCANDINA-SCU-1.png 1587w\" sizes=\"auto, (max-width: 158px) 100vw, 158px\" \/><\/a><\/strong>APERTURA BANDO PER IL SERVIZIO CIVILE UNIVERSALE<\/h3>\n<\/blockquote>\n<p><strong>BELLUNO<\/strong> L\u2019Unione Montana Feltrina apre al Bando 2020 per iscriversi al Servizio Civile Universale relativo alla provincia di Belluno.\u00a0 C\u2019\u00e8 tempo fino all\u20198 febbraio 2021 alle\u00a0 14 per iscriversi. Il Servizio Civile Universale \u00e8 la scelta volontaria per 12 mesi, \u00a0occasione di formazione e di crescita personale e professionale per i giovani. L\u2019Unione Montana Feltrina in accordo con Comuni ed Enti aderenti propone 6 progetti per un totale di 74 posti disponibili. Gli ambiti dei progetti sono: \u00b7Assistenza, Cultura, Protezione Civile. Impegno di 25 ore alla settimana (1145 ore complessive) con la possibilit\u00e0 di usufruire di ferie e malattia retribuita. A ciascun volontario lo Stato corrisponder\u00e0 un&#8217;indennit\u00e0 di servizio pari ad \u20ac 439,50 mensili. Ulteriori informazioni sul sito www.feltrino.bl.it.<\/p>\n<p>&nbsp;<\/p>\n<hr \/>\n<p>&nbsp;<\/p>\n<blockquote>\n<h2>SERVIZIO CIVILE IN CADORE<\/h2>\n<\/blockquote>\n<p><strong><a href=\"https:\/\/www.radiopiu.net\/wordpress\/giornale-radiopiu-13-gennaio-2021-direttore-mirko-mezzacasa\/download-1078\/\" rel=\"attachment wp-att-184402\"><img loading=\"lazy\" decoding=\"async\" class=\" wp-image-184402 alignleft\" src=\"https:\/\/www.radiopiu.net\/wordpress\/wp-content\/uploads\/2021\/01\/download-13.jpg\" alt=\"\" width=\"223\" height=\"167\" \/><\/a>CALALZO<\/strong> Un anno di lavoro al Comune di Calalzo di Cadore per due giovani, all&#8217;ufficio tecnico o al settore cultura: questa l&#8217;offerta lavorativa che il comune cadorino pu\u00f2 lanciare grazie al bando per il Servizio Civile Universale proposto dall&#8217;Unione Montana Feltrina. Il bando interessa i ragazzi dai 18 ai 28 anni; l&#8217;incarico durer\u00e0 un anno, con avvio in primavera. \u00c8 possibile candidarsi \u2013 termine ultimo, le 14 dell&#8217;8 febbraio 2021 \u2013 solamente online tramite la piattaforma Domande on Line (DOL), alla quale si pu\u00f2 accedere solamente con SPID. Si potr\u00e0 presentare una sola domanda.<\/p>\n<blockquote>\n<div><em>\u201cCredo che si tratti di un&#8217;opportunit\u00e0 importante per avvicinare i giovani alle istituzioni, al mondo dell&#8217;amministrazione locale e del suo funzionamento, perch\u00e9 se ne innamorino\u201d, sottolinea il sindaco, Luca De Carlo. \u201cVedere \u201cda dentro\u201d queste realt\u00e0 aiuta a capire la macchina amministrativa e il suo rapporto con il territorio: penso al lavoro dell&#8217;ufficio tecnico e della protezione civile, fondamentale in un comune di montagna dove interventi per la neve o per il dissesto sono frequenti, o a quello nell&#8217;ambito culturale, uno dei settori penalizzati in questo lungo periodo di emergenza sanitaria. Capire cosa pu\u00f2 fare un comune in questi ambiti, e come lo pu\u00f2 fare, credo sia interessante e importante per dare ai giovani maggior consapevolezza dell&#8217;importanza degli enti locali. Da parte nostra, poi, poter contare su forze nuove e fresche sar\u00e0 uno stimolo in pi\u00f9 che ci consentir\u00e0 anche di erogare sempre pi\u00f9 servizi\u201d.<\/em><\/div>\n<\/blockquote>\n<p>&nbsp;<\/p>\n<hr \/>\n<p>&nbsp;<\/p>\n<blockquote>\n<h2>UN POSTO ANCHE AL DIPARTIMENTO PREVENZIONE DELL&#8217;ULSS1<\/h2>\n<\/blockquote>\n<p><strong><a href=\"https:\/\/www.radiopiu.net\/wordpress\/aggiornamenti-organizzativi-ulss-1-dolomiti-del-9-marzo-2020-la-situazione-dei-servizi-rimane-invariata\/ulss-1-dolomiti-logo\/\" rel=\"attachment wp-att-121256\"><img loading=\"lazy\" decoding=\"async\" class=\"wp-image-121256 alignleft\" src=\"https:\/\/www.radiopiu.net\/wordpress\/wp-content\/uploads\/2020\/03\/ULSS-1-DOLOMITI-LOGO.jpg\" alt=\"\" width=\"174\" height=\"128\" \/><\/a>BELLUNO<\/strong> L\u2019Ulss Dolomiti ha aderito a uno dei progetti proposti dall\u2019Unione Montana Feltrina in accordo con Comuni ed altri Enti. Nell\u2019ambito del progetto \u201cadulti testimoni del presente\u201d c\u2019\u00e8 la possibilit\u00e0 di presentare domanda anche per un posto di servizio civile in Ulss Dolomiti, al Dipartimento di Prevenzione, per l\u2019affiancamento alla realizzazione e coordinamento delle attivit\u00e0 di promozione alla salute in collaborazione con Enti e Associazioni del territorio, rivolte alla popolazione. Il termine per la presentazione delle domande \u00e8 fissato per le ore 14.00 dell\u20198 febbraio 2021 Per maggiori informazioni: Sito Unione Montana Feltrina; https:\/\/www.feltrino.bl.it\/ Pagina Facebook servizio Civile https:\/\/www.facebook.com\/serviziocivile.bellunese<\/p>\n<p>&nbsp;<\/p>\n<p>&nbsp;<\/p>\n<hr \/>\n<p>&nbsp;<\/p>\n<blockquote>\n<h2>DA TRICHIANA IL DOLCE PENSIERO PER I BAMBINI<\/h2>\n<\/blockquote>\n<p><a href=\"https:\/\/www.radiopiu.net\/wordpress\/giornale-radiopiu-13-gennaio-2021-direttore-mirko-mezzacasa\/img-20210111-wa0006\/\" rel=\"attachment wp-att-184417\"><img loading=\"lazy\" decoding=\"async\" class=\" wp-image-184417 alignleft\" src=\"https:\/\/www.radiopiu.net\/wordpress\/wp-content\/uploads\/2021\/01\/IMG-20210111-WA0006-138x300.jpg\" alt=\"\" width=\"91\" height=\"198\" srcset=\"https:\/\/www.radiopiu.net\/wordpress\/wp-content\/uploads\/2021\/01\/IMG-20210111-WA0006-138x300.jpg 138w, https:\/\/www.radiopiu.net\/wordpress\/wp-content\/uploads\/2021\/01\/IMG-20210111-WA0006-473x1024.jpg 473w, https:\/\/www.radiopiu.net\/wordpress\/wp-content\/uploads\/2021\/01\/IMG-20210111-WA0006-709x1536.jpg 709w, https:\/\/www.radiopiu.net\/wordpress\/wp-content\/uploads\/2021\/01\/IMG-20210111-WA0006.jpg 738w\" sizes=\"auto, (max-width: 91px) 100vw, 91px\" \/><\/a><strong>TRICHIANA<\/strong> La Pro Loco di Trichiana ha donato dei lecca lecca per i bambini che devono sottoporsi al tampone. I dolcetti sono stati distribuiti al Pronto Soccorso , alla pediatria e al drive in di Feltre. La dolce donazione \u00e8 stata sostenuta dalla pro loco di Trichiana con il contributo del Coro polifonico di Trichiana, ABVS Trichiana, l\u2019associazione culturale Castle of Fantasy, associazione culturale Le Fregole, Gruppo Frazionale Carfagnel, Gruppo Nate, Gruppo Tortalti. L\u2019Ulss ringrazia per il gradito pensiero per i pi\u00f9 piccoli, un piccolo gesto che testimonia una grande attenzione.<\/p>\n<p>&nbsp;<\/p>\n<p>&nbsp;<\/p>\n<p>&nbsp;<\/p>\n<hr \/>\n<p>&nbsp;<\/p>\n<blockquote>\n<h3>\u00a0DILLO A RADIO PIU&#8230; Dopo i post di\u00a0 Roccon e Donazzan<\/h3>\n<\/blockquote>\n<p>Riceviamo e volentieri pubblichiamo<\/p>\n<p><strong>di Caterina De Biasio\u00a0<\/strong><\/p>\n<blockquote><p><em>Ho visto il sondaggio* riguardante l&#8217;assessore Elena\u00a0 Donazzan e l\u2019articolo col post del consigliere comunale Franco Roccon. Certo che dovrebbero dimettersi e so che non succeder\u00e0 ma \u00e8 gente pagata con i nostri soldi ,c\u2019\u00e8 il reato di apologia del fascismo da una parte: bell\u2019esempio per la scuola.\u00a0 Il Signor Roccon evidentemente ama le donne della sua parte politica ,non le donne.\u00a0<\/em><\/p><\/blockquote>\n<p><em>sondaggio*\u00a0<\/em>e&#8217; stato pubblicato nel gruppo facebook RADIO PIU EMITTENTE AGORDINA\u00a0 https:\/\/www.facebook.com\/groups\/radiopiu<\/p>\n<p><span class=\"d2edcug0 hpfvmrgz qv66sw1b c1et5uql rrkovp55 a8c37x1j keod5gw0 nxhoafnm aigsh9s9 d3f4x2em fe6kdd0r mau55g9w c8b282yb iv3no6db jq4qci2q a3bd9o3v knj5qynh oo9gr5id hzawbc8m\" dir=\"auto\">ELENA DONAZZAN CANTA &#8220;FACCETTA NERA&#8221; ALLA RADIO, C&#8217;E&#8217; CHI CHIEDE LE DIMISSIONI DELL&#8217;ASSESSORE ALL&#8217;ISTRUZIONE. SE TU FOSSI IL PRESIDENTE ZAIA CHE FARESTI?\u00a0<\/span><\/p>\n<ol>\n<li>Non mi interessa 75%<\/li>\n<li>ritireri le deleghe invitandola ad andare a Sanremo 21%<\/li>\n<li>faccio spallucce, bastano le scuse 4%<\/li>\n<\/ol>\n<p>&nbsp;<\/p>\n<hr \/>\n<p>&nbsp;<\/p>\n<blockquote>\n<h3>ACC &#8220;SI FACCIA PRESTO CON IL PRESTITO PONTE&#8221; DICE BOND.<\/h3>\n<\/blockquote>\n<p><strong><a href=\"https:\/\/www.radiopiu.net\/wordpress\/giornale-radiopiu-21-settembre-2019-direttore-mirko-mezzacasa\/stabilimento-wanbao-di-mel-donazzan-dopo-il-primo-traguardo-di-oggi-chiederemo-rassicurazioni-sul-mantenimento-della-produzione\/\" rel=\"attachment wp-att-99385\"><img loading=\"lazy\" decoding=\"async\" class=\" wp-image-99385 alignleft\" src=\"https:\/\/www.radiopiu.net\/wordpress\/wp-content\/uploads\/2019\/09\/STABILIMENTO-WANBAO-DI-MEL.-DONAZZAN-\u201cDOPO-IL-PRIMO-TRAGUARDO-DI-OGGI-CHIEDEREMO-RASSICURAZIONI-SUL-MANTENIMENTO-DELLA-PRODUZIONE-300x225.jpg\" alt=\"\" width=\"215\" height=\"161\" srcset=\"https:\/\/www.radiopiu.net\/wordpress\/wp-content\/uploads\/2019\/09\/STABILIMENTO-WANBAO-DI-MEL.-DONAZZAN-\u201cDOPO-IL-PRIMO-TRAGUARDO-DI-OGGI-CHIEDEREMO-RASSICURAZIONI-SUL-MANTENIMENTO-DELLA-PRODUZIONE-300x225.jpg 300w, https:\/\/www.radiopiu.net\/wordpress\/wp-content\/uploads\/2019\/09\/STABILIMENTO-WANBAO-DI-MEL.-DONAZZAN-\u201cDOPO-IL-PRIMO-TRAGUARDO-DI-OGGI-CHIEDEREMO-RASSICURAZIONI-SUL-MANTENIMENTO-DELLA-PRODUZIONE-768x576.jpg 768w, https:\/\/www.radiopiu.net\/wordpress\/wp-content\/uploads\/2019\/09\/STABILIMENTO-WANBAO-DI-MEL.-DONAZZAN-\u201cDOPO-IL-PRIMO-TRAGUARDO-DI-OGGI-CHIEDEREMO-RASSICURAZIONI-SUL-MANTENIMENTO-DELLA-PRODUZIONE-1024x768.jpg 1024w, https:\/\/www.radiopiu.net\/wordpress\/wp-content\/uploads\/2019\/09\/STABILIMENTO-WANBAO-DI-MEL.-DONAZZAN-\u201cDOPO-IL-PRIMO-TRAGUARDO-DI-OGGI-CHIEDEREMO-RASSICURAZIONI-SUL-MANTENIMENTO-DELLA-PRODUZIONE.jpg 1600w\" sizes=\"auto, (max-width: 215px) 100vw, 215px\" \/><\/a>ROMA<\/strong> <em>\u00abIl sistema ItalComp \u00e8 strategico per l\u2019Italia. Apprezzo l\u2019impegno profuso da Comuni, Regione, Parlamento, governo e mondo sindacale per salvare e rilanciare un polo produttivo storico e importante come Acc. Ma adesso pi\u00f9 che mai \u00e8 necessario velocizzare le pratiche per il prestito-ponte. Serve un\u2019iniezione di liquidit\u00e0 per dare seguito al grande lavoro messo in campo dal commissario Castro, che ringrazio, e dalle maestranze di Mel\u00bb.<\/em> Cos\u00ec in una nota il deputato di Forza Italia Dario Bond, che\u00a0 ha presentato una interpellanza a risposta immediata al vice ministro dello sviluppo economico Stefano Buffagni. <em>\u00abSono fiducioso che il governo trover\u00e0 una soluzione\u00bb conclude Bond. \u00abIl governo deve intervenire per salvare questa realt\u00e0. E l\u2019impegno garantito dal vice ministro Buffagni va nella direzione giusta\u00bb.<\/em><\/p>\n<p><strong>DARIO BOND<\/strong><\/p>\n<audio class=\"wp-audio-shortcode\" id=\"audio-184330-7\" preload=\"none\" style=\"width: 100%;\" controls=\"controls\"><source type=\"audio\/mpeg\" src=\"https:\/\/www.radiopiu.net\/wordpress\/wp-content\/uploads\/2021\/01\/BOND-ACC.mp3?_=7\" \/><a href=\"https:\/\/www.radiopiu.net\/wordpress\/wp-content\/uploads\/2021\/01\/BOND-ACC.mp3\">https:\/\/www.radiopiu.net\/wordpress\/wp-content\/uploads\/2021\/01\/BOND-ACC.mp3<\/a><\/audio>\n<p>&nbsp;<\/p>\n<hr \/>\n<p>&nbsp;<\/p>\n<h2><span style=\"color: #ff0000;\">L&#8217;OPINIONE\u00a0<\/span><\/h2>\n<blockquote>\n<h2>IL NON RISPETTO DELLE PERSONE<\/h2>\n<\/blockquote>\n<p><strong>di Lucia Farenzena\u00a0<\/strong><\/p>\n<p>https:\/\/www.facebook.com\/lucia.farenzena\/videos\/10158984572994494<\/p>\n<p>&nbsp;<\/p>\n<p>&nbsp;<\/p>\n<hr \/>\n<h2><span style=\"color: #ff0000;\">L&#8217;OPINIONE<\/span><\/h2>\n<blockquote>\n<h3>PREOCCUPANTE DEGRADO POLITICO<\/h3>\n<\/blockquote>\n<p><strong>di Franco Piacentini<\/strong><\/p>\n<blockquote><p>Da pi\u00f9 settimane assistiamo allo squallido spettacolo messo in scena da alcuni politici per rappresentare, sul palcoscenico\u00a0 istituzionale, le proprie (soprattutto personali) aspirazioni di potere, volgarmente caratterizzate come: il mercato delle vacche e la smania per la &#8220;carega&#8221; (sedia) del comando ad ogni costo. Da giorni \u00e8\u00a0 in movimento la penosa altalena politica : crisi di governo s\u00ec o no !? rimpasto governativo s\u00ec o no !? Con questo irresponsabile andazzo politico, il Paese va alla deriva. La drammatica pandemia, purtroppo, da alcuni inqualificabili politici, per logiche di potere, viene sottovalutata collocandola ai margini dell&#8217; emergenza sociosanitaria. Tutto il Paese, invece, dovrebbe (deve) fare fronte comune, sostenuto da una politica con cuore e anima, seguendo e applicando seriamente gli inviti e gli appelli del Presidente della Repubblica e del Santo Padre.<\/p><\/blockquote>\n<p>&nbsp;<\/p>\n<p>&nbsp;<\/p>\n<hr \/>\n<p>&nbsp;<\/p>\n<blockquote>\n<h3>SU INSTAGRAM PIU&#8217; DI 460 MILA LIKE A SOTTOGUDA<\/h3>\n<\/blockquote>\n<p style=\"text-align: center;\"><strong>ROCCA PIETORE <\/strong>Instagram ufficiale dei Borghi pi\u00f9 Belli d\u2019Italia con le visualizzazioni alle ultime foto. SOTTOGUDA quinta con 460.000 visualizzazioni.<a class=\"dt-pswp-item\" href=\"https:\/\/www.radiopiu.net\/wordpress\/wp-content\/uploads\/2021\/01\/2462f125-b428-435d-948f-26847168254b.jpg\" data-dt-img-description=\"\" data-large_image_width=\"610\" data-large_image_height=\"1024\"><img loading=\"lazy\" decoding=\"async\" class=\"alignnone size-medium wp-image-184578\" src=\"https:\/\/www.radiopiu.net\/wordpress\/wp-content\/uploads\/2021\/01\/2462f125-b428-435d-948f-26847168254b-179x300.jpg\" alt=\"\" width=\"179\" height=\"300\" srcset=\"https:\/\/www.radiopiu.net\/wordpress\/wp-content\/uploads\/2021\/01\/2462f125-b428-435d-948f-26847168254b-179x300.jpg 179w, https:\/\/www.radiopiu.net\/wordpress\/wp-content\/uploads\/2021\/01\/2462f125-b428-435d-948f-26847168254b.jpg 610w\" sizes=\"auto, (max-width: 179px) 100vw, 179px\" \/><\/a><\/p>\n<p>&nbsp;<\/p>\n<hr \/>\n<p>&nbsp;<\/p>\n<blockquote>\n<h3>CO WORKING A SELVA DI CADORE, UN ESEMPIO DEL LAVORARE E VIVERE AD ALTA QUOTA<\/h3>\n<\/blockquote>\n<h2><span style=\"color: #ff0000;\">IERI ALLA RADIO\u00a0\u00a0<\/span><\/h2>\n<h3 class=\"widget-title\">Home &amp; Hospitality<\/h3>\n<div class=\"textwidget\">\n<p><img loading=\"lazy\" decoding=\"async\" class=\"alignleft\" src=\"https:\/\/www.radiopiu.net\/wordpress\/wp-content\/uploads\/2021\/01\/download-11.jpg\" width=\"195\" height=\"109\" \/>A Selva di Cadore: lavanderia, ufficio coworking, negozio prodotti delle Dolomiti; nelle vicinanze il Museo, la farmacia, ristorante pizzeria, bar gelateria,la Coop San Vito, ufficio turistico. Un centro commerciale e culturale \u201cdiffuso\u201d.\u00a0 <strong>Contatti<\/strong> Home &amp; Hospitality Via 4 Novembre, 29 32020 Selva di Cadore (BL) Tel. 351 88 98 718 E-mail: homehospitality20@gmail.com. <strong>Orario apertura <\/strong>Lavanderia 7.00-22.00 Negozio 9.00-13.00 bassa stagione 9.00-13.00 &#8211; 15.00-19.00 alta stagione<\/p>\n<\/div>\n<p><strong>di CLAUDIO FONTANIVE\u00a0<\/strong><\/p>\n<audio class=\"wp-audio-shortcode\" id=\"audio-184330-8\" preload=\"none\" style=\"width: 100%;\" controls=\"controls\"><source type=\"audio\/mpeg\" src=\"https:\/\/www.radiopiu.net\/wordpress\/wp-content\/uploads\/2021\/01\/co-working-lavoratore-tedesco-romanelli.mp3?_=8\" \/><a href=\"https:\/\/www.radiopiu.net\/wordpress\/wp-content\/uploads\/2021\/01\/co-working-lavoratore-tedesco-romanelli.mp3\">https:\/\/www.radiopiu.net\/wordpress\/wp-content\/uploads\/2021\/01\/co-working-lavoratore-tedesco-romanelli.mp3<\/a><\/audio>\n<p>&nbsp;<\/p>\n<p>&nbsp;<\/p>\n<hr \/>\n<p>&nbsp;<\/p>\n<blockquote>\n<h3>CALENDARIO INTERDIOCESANO PER LA PACE SCANDITO DA UN \u201cCAMMINO DISARMANTE\u201d<\/h3>\n<\/blockquote>\n<p><strong>di Renato Bona<\/strong><\/p>\n<p>A firma di don Giuseppe Bratti, direttore dell\u2019Ufficio diocesano di Pastorale dell\u2019ecumenismo e del dialogo interreligioso, preside del liceo \u201cLollino\u201d, e vicario parrocchiale di Santa Giustina, nel sito diocesano chiesabellunofeltre vi \u00e8 un importante annuncio: la Diocesi di Belluno-Feltre \u00e8 inserita nel \u201cCalendario interdiocesano per la pace\u201d con altre diocesi del Nordest. L\u2019iniziativa \u00e8 rivolta oltre che a Belluno-Feltre, alle diocesi di Concordia-Pordenone, Padova, Treviso, Vicenza, Vittorio Veneto e Trento che \u2013 scrive Bratti \u2013 hanno orchestrato per la Giornata mondiale della pace del 1. gennaio, e per l\u2019intero mese, il calendario interdiocesano per la pace, scandito da un \u2018cammino disarmante\u2019. Oltre alle Chiese locali, l\u2019elenco dei soggetti organizzatori si apre a ventaglio dall\u2019Azione cattolica agli Scout passando per le Acli, il Movimento dei Focolari, l\u2019associazione Comunit\u00e0 Giovanni XXIII, Sant\u2019Egidio, Beati costruttori di pace, solo per citarne alcune\u201d. Dunque, cancellate dalle singole agende diocesane veglie e marce per la pace, in conseguenza della normativa che regola il drammatico fenomeno mondiale della pandemia, \u201cgli organizzatori non si sono persi d\u2019animo e si sono rivolti ai social quale mezzo per mettersi in contatto. Pertanto sar\u00e0 on-line la pagina Facebook sulla quale verranno trasmesse in diretta, come su altri social, le celebrazioni e le altre iniziative. Partita con \u201cUnire\u201d, venerd\u00ec 1 gennaio, nella Giornata mondiale di preghiera, promuovendo un messaggio ed iniziative di pace, l\u2019iniziativa \u00e8 proseguita sabato 9 con il secondo \u201cpasso\u201d intitolato \u201cPregare\u201d : veglia di preghiera \u201cArmati di pace\u201d della Diocesi di Vittorio Veneto. I prossimi appuntamenti: domenica 17, inizio alle 17, col passo intitolato \u201cConoscere\u201d: una tavola rotonda della Diocesi di Padova, con interventi di Lisa Clark, copresidente dell\u2019International Peace Bureau; Francesco Vignarca, coordinatore delle Campagne di rete italiane \u201cPace e disarmo\u201d, Carlo Cefaloni, redattore di \u201cCitt\u00e0 nuova\u201d e padre Mario Menin, direttore di \u201cMissione oggi\u201d. Saranno presentate esperienze di pace dalle varie diocesi. Mercoled\u00ec 20 dalle 20,30, toccher\u00e0 ad \u201cAscoltare\u201d, un Webinar (seminario interattivo tenuto su internet &#8211; ndr.) della diocesi di Treviso, intitolato \u201cUrla e silenzi di guerra\u201d e condotto da Nello Scavo, firma di \u201cAvvenire\u201d. E siamo a venerd\u00ec 22 (il via alle 12) con il caratterizzante quinto passo: \u201cSperare\u201d, in diretta da Aviano, Diocesi di Concordia-Pordenone, che si intitola \u201cPace al decollo\u201d ed auspica che la pace possa prendere il volo, in un luogo dove a decollare sono tuttora le aeromobili militari dell\u2019Usaf, l\u2019aeronautica militare statunitense. Viene ricordato che la base militare di Aviano come quella di Ghedi in provincia di Brescia, custodisce in Italia ben 40 testate nucleari, versioni aggiornate rispetto alle bombe sganciate nel 1945, seconda guerra mondiale, su Hiroshima e Nagasaki. Arriviamo a mercoled\u00ec 27 quando, a partire dalle 20,30, si affronter\u00e0 il sesto passo intitolato \u201cDialogare\u201d, curato dalla Diocesi di Treviso; previste le testimonianze dal Libano di padre Michel Abboud, presidente della Caritas nazionale libanese, e dalla Turchia di monsignor Paolo Bizzeti, vicario apostolico dell\u2019Anatolia. Ancora don Bratti a ricordare che tutti questi incontri sono organizzati sulla falsariga del messaggio di Papa Francesco per la Giornata mondiale della pace: \u201cLa cultura della cura come percorso di pace\u201d. Con il Pontefice che dichiara di proporre la cultura della cura come antidoto alla cultura dell\u2019indifferenza, dello scarto e dello scontro, oggi prevalente. A sottolineare che \u201cDalla dottrina sociale della Chiesa il Papa prende quelle azioni che costituiscono \u2018la grammatica della cura\u2019 e sono: la promozione della dignit\u00e0 di ogni persona umana, la solidariet\u00e0 con i poveri e gli indifesi, la sollecitudine per il bene comune, la salvaguardia del creato\u201d. L\u2019appello di Papa Francesco si rivolge anche \u201ca quanti sono impegnati al servizio delle popolazioni, nelle organizzazioni internazionali, governative e non governative, aventi una missione educativa e a tutti coloro che, a vario titolo, operano nel campo dell\u2019educazione e della ricerca\u201d, perch\u00e9 \u201cla pace nel mondo ha come passaggio obbligato l\u2019eliminazione dalla faccia della terra delle armi nucleari\u201d e dunque \u201cl\u2019obiettivo finale della totale eliminazione delle armi nucleari diventa sia una sfida che un imperativo morale e umanitario\u201d. E conclude: \u201cCon il denaro che si impiega nelle armi e in altre spese militari creiamo un fondo mondiale che possa finalmente porre fine alla fame e favorire lo sviluppo nei Paesi pi\u00f9 poveri\u201d. Al Papa e al suo messaggio \u201cLa cultura della cura\u201d aveva fatto riferimento anche il vescovo di Belluno-Feltre, monsignor Renato Marangoni, nella duplice celebrazione, nel capoluogo e a Feltre, per la \u201cGiornata mondiale della pace\u201d, affermando che \u201cAnche noi vogliamo crescere nella cultura della cura vicendevole gli uni verso gli altri. E\u2019 questo il percorso di pace, il cammino di salvezza che possiamo percorrere, cultura della cura per debellare quella dell\u2019indifferenza, dello scarto e dello scontro oggi spesso prevalente\u201d.<\/p>\n\n\t\t\t<style type='text\/css'>\n\t\t\t\t#gallery-7 {\n\t\t\t\t\tmargin: auto;\n\t\t\t\t}\n\t\t\t\t#gallery-7 .gallery-item {\n\t\t\t\t\tfloat: left;\n\t\t\t\t\tmargin-top: 10px;\n\t\t\t\t\ttext-align: center;\n\t\t\t\t\twidth: 25%;\n\t\t\t\t}\n\t\t\t\t#gallery-7 img {\n\t\t\t\t\tborder: 2px solid #cfcfcf;\n\t\t\t\t}\n\t\t\t\t#gallery-7 .gallery-caption {\n\t\t\t\t\tmargin-left: 0;\n\t\t\t\t}\n\t\t\t\t\/* see gallery_shortcode() in wp-includes\/media.php *\/\n\t\t\t<\/style>\n\t\t<div id='gallery-7' class='dt-gallery-container gallery galleryid-184330 gallery-columns-4 gallery-size-thumbnail'><dl class='gallery-item'>\n\t\t\t\t<dt class='gallery-icon landscape'>\n\t\t\t\t\t<a class=\"rollover rollover-zoom dt-pswp-item\" title=\"121290806_2734241473514403_6431080360974017260_n\" data-dt-img-description=\"\" data-large_image_width=\"1920\" data-large_image_height=\"1139\"href='https:\/\/www.radiopiu.net\/wordpress\/wp-content\/uploads\/2021\/01\/121290806_2734241473514403_6431080360974017260_n.jpg'><img loading=\"lazy\" decoding=\"async\" width=\"150\" height=\"150\" src=\"https:\/\/www.radiopiu.net\/wordpress\/wp-content\/uploads\/2021\/01\/121290806_2734241473514403_6431080360974017260_n-150x150.jpg\" class=\"attachment-thumbnail size-thumbnail\" alt=\"\" \/><\/a>\n\t\t\t\t<\/dt><\/dl><dl class='gallery-item'>\n\t\t\t\t<dt class='gallery-icon landscape'>\n\t\t\t\t\t<a class=\"rollover rollover-zoom dt-pswp-item\" title=\"138541439_2807310332870474_9087096322250887087_n\" data-dt-img-description=\"\" data-large_image_width=\"799\" data-large_image_height=\"390\"href='https:\/\/www.radiopiu.net\/wordpress\/wp-content\/uploads\/2021\/01\/138541439_2807310332870474_9087096322250887087_n.png'><img loading=\"lazy\" decoding=\"async\" width=\"150\" height=\"150\" src=\"https:\/\/www.radiopiu.net\/wordpress\/wp-content\/uploads\/2021\/01\/138541439_2807310332870474_9087096322250887087_n-150x150.png\" class=\"attachment-thumbnail size-thumbnail\" alt=\"\" \/><\/a>\n\t\t\t\t<\/dt><\/dl><dl class='gallery-item'>\n\t\t\t\t<dt class='gallery-icon landscape'>\n\t\t\t\t\t<a class=\"rollover rollover-zoom dt-pswp-item\" title=\"138350490_3489966791131407_1650484142362874734_n\" data-dt-img-description=\"\" data-large_image_width=\"310\" data-large_image_height=\"217\"href='https:\/\/www.radiopiu.net\/wordpress\/wp-content\/uploads\/2021\/01\/138350490_3489966791131407_1650484142362874734_n.jpg'><img loading=\"lazy\" decoding=\"async\" width=\"150\" height=\"150\" src=\"https:\/\/www.radiopiu.net\/wordpress\/wp-content\/uploads\/2021\/01\/138350490_3489966791131407_1650484142362874734_n-150x150.jpg\" class=\"attachment-thumbnail size-thumbnail\" alt=\"\" \/><\/a>\n\t\t\t\t<\/dt><\/dl><dl class='gallery-item'>\n\t\t\t\t<dt class='gallery-icon landscape'>\n\t\t\t\t\t<a class=\"rollover rollover-zoom dt-pswp-item\" title=\"138587060_396243374779261_6788533685748089856_n\" data-dt-img-description=\"\" data-large_image_width=\"207\" data-large_image_height=\"183\"href='https:\/\/www.radiopiu.net\/wordpress\/wp-content\/uploads\/2021\/01\/138587060_396243374779261_6788533685748089856_n.jpg'><img loading=\"lazy\" decoding=\"async\" width=\"150\" height=\"150\" src=\"https:\/\/www.radiopiu.net\/wordpress\/wp-content\/uploads\/2021\/01\/138587060_396243374779261_6788533685748089856_n-150x150.jpg\" class=\"attachment-thumbnail size-thumbnail\" alt=\"\" \/><\/a>\n\t\t\t\t<\/dt><\/dl><br style=\"clear: both\" \/><dl class='gallery-item'>\n\t\t\t\t<dt class='gallery-icon landscape'>\n\t\t\t\t\t<a class=\"rollover rollover-zoom dt-pswp-item\" title=\"138441735_410767183312347_6040283493286806842_n\" data-dt-img-description=\"\" data-large_image_width=\"225\" data-large_image_height=\"225\"href='https:\/\/www.radiopiu.net\/wordpress\/wp-content\/uploads\/2021\/01\/138441735_410767183312347_6040283493286806842_n.jpg'><img loading=\"lazy\" decoding=\"async\" width=\"150\" height=\"150\" src=\"https:\/\/www.radiopiu.net\/wordpress\/wp-content\/uploads\/2021\/01\/138441735_410767183312347_6040283493286806842_n-150x150.jpg\" class=\"attachment-thumbnail size-thumbnail\" alt=\"\" srcset=\"https:\/\/www.radiopiu.net\/wordpress\/wp-content\/uploads\/2021\/01\/138441735_410767183312347_6040283493286806842_n-150x150.jpg 150w, https:\/\/www.radiopiu.net\/wordpress\/wp-content\/uploads\/2021\/01\/138441735_410767183312347_6040283493286806842_n.jpg 225w\" sizes=\"auto, (max-width: 150px) 100vw, 150px\" \/><\/a>\n\t\t\t\t<\/dt><\/dl><dl class='gallery-item'>\n\t\t\t\t<dt class='gallery-icon portrait'>\n\t\t\t\t\t<a class=\"rollover rollover-zoom dt-pswp-item\" title=\"139018228_427890701786337_890604408081563750_n\" data-dt-img-description=\"\" data-large_image_width=\"214\" data-large_image_height=\"236\"href='https:\/\/www.radiopiu.net\/wordpress\/wp-content\/uploads\/2021\/01\/139018228_427890701786337_890604408081563750_n.jpg'><img loading=\"lazy\" decoding=\"async\" width=\"150\" height=\"150\" src=\"https:\/\/www.radiopiu.net\/wordpress\/wp-content\/uploads\/2021\/01\/139018228_427890701786337_890604408081563750_n-150x150.jpg\" class=\"attachment-thumbnail size-thumbnail\" alt=\"\" \/><\/a>\n\t\t\t\t<\/dt><\/dl><dl class='gallery-item'>\n\t\t\t\t<dt class='gallery-icon landscape'>\n\t\t\t\t\t<a class=\"rollover rollover-zoom dt-pswp-item\" title=\"138448809_460107972061352_5466861728293279282_n\" data-dt-img-description=\"\" data-large_image_width=\"310\" data-large_image_height=\"210\"href='https:\/\/www.radiopiu.net\/wordpress\/wp-content\/uploads\/2021\/01\/138448809_460107972061352_5466861728293279282_n.jpg'><img loading=\"lazy\" decoding=\"async\" width=\"150\" height=\"150\" src=\"https:\/\/www.radiopiu.net\/wordpress\/wp-content\/uploads\/2021\/01\/138448809_460107972061352_5466861728293279282_n-150x150.jpg\" class=\"attachment-thumbnail size-thumbnail\" alt=\"\" \/><\/a>\n\t\t\t\t<\/dt><\/dl><dl class='gallery-item'>\n\t\t\t\t<dt class='gallery-icon landscape'>\n\t\t\t\t\t<a class=\"rollover rollover-zoom dt-pswp-item\" title=\"138205840_881775382568587_5529418608752011998_n\" data-dt-img-description=\"\" data-large_image_width=\"514\" data-large_image_height=\"397\"href='https:\/\/www.radiopiu.net\/wordpress\/wp-content\/uploads\/2021\/01\/138205840_881775382568587_5529418608752011998_n.jpg'><img loading=\"lazy\" decoding=\"async\" width=\"150\" height=\"150\" src=\"https:\/\/www.radiopiu.net\/wordpress\/wp-content\/uploads\/2021\/01\/138205840_881775382568587_5529418608752011998_n-150x150.jpg\" class=\"attachment-thumbnail size-thumbnail\" alt=\"\" \/><\/a>\n\t\t\t\t<\/dt><\/dl><br style=\"clear: both\" \/>\n\t\t\t<\/div>\n\n<p>NELLE FOTO (sito chiesabellunofeltre; Wikipedia; ): L\u2019annuncio delle iniziative interdiocesane per la pace nel mondo; il vescovo di Belluno-Feltre monsignor Renato Marangoni alla celebrazione di Feltre; don Giuseppe Bratti che sul sito diocesano ha annunciato il \u201cCalendario per la pace\u201d; foto aeree dei due funghi atomici delle due citt\u00e0 giapponesi di Hiroshima e Nagasaki durante i bombardamenti del 6 e 9 agosto 1945; Urakami Tenshudo: cattedrale cattolica di Nagasaki semidistrutta e con la cupola rovesciata; cos\u00ec Hiroshima dopo i bombardamenti; padre Michel Abboud; monsignor Paolo Bizzeti.<\/p>\n<p>&nbsp;<\/p>\n<p>&nbsp;<\/p>\n<hr \/>\n<p>&nbsp;<\/p>\n<div dir=\"auto\">\n<blockquote>\n<h2>FANTASTICHE DOLOMITI, NUOVA STAGIONE. APPUNTAMENTO QUINDICINALE IL GIOVEDI ALLE 10.30 E 19.00<\/h2>\n<\/blockquote>\n<h1>LA RACCOLTA COMPLETA<\/h1>\n<blockquote class=\"wp-embedded-content\" data-secret=\"lkCdhnW0Xv\"><p><a href=\"https:\/\/www.radiopiu.net\/wordpress\/https-wp-me-p63lo7-gyg\/\">FANTASTICHE DOLOMITI 7^ PUNTATA: IL QUINDICINALE APPUNTAMENTO ALLA RADIO<\/a><\/p><\/blockquote>\n<p><iframe loading=\"lazy\" class=\"wp-embedded-content\" sandbox=\"allow-scripts\" security=\"restricted\" style=\"position: absolute; clip: rect(1px, 1px, 1px, 1px);\" title=\"&#8220;FANTASTICHE DOLOMITI 7^ PUNTATA: IL QUINDICINALE APPUNTAMENTO ALLA RADIO&#8221; &#8212; Radio Pi\u00f9\" src=\"https:\/\/www.radiopiu.net\/wordpress\/https-wp-me-p63lo7-gyg\/embed\/#?secret=lkCdhnW0Xv\" data-secret=\"lkCdhnW0Xv\" width=\"600\" height=\"338\" frameborder=\"0\" marginwidth=\"0\" marginheight=\"0\" scrolling=\"no\"><\/iframe><\/p>\n<div class=\"mw-parser-output\">\n<p>&nbsp;<\/p>\n<\/div>\n<p>&nbsp;<\/p>\n<p>&nbsp;<\/p>\n<hr \/>\n<blockquote>\n<h2><\/h2>\n<h2>SALUTE E SOCIETA&#8217; IL LUNEDI ALLE 13.10 E ALLE 20.10, LA DOMENICA ALLE 10.30 A CURA DEL DOTTOR MARCO CARACCIOLO. QUINTA STAGIONE<\/h2>\n<\/blockquote>\n<p><strong><span style=\"color: #ff0000;\">LA PUNTATA DELLA SETTIMANA\u00a0<\/span><\/strong><\/p>\n<p>in questa edizione: In Italia circa 3mila persone sono affette da ipertensione arteriosa polmonare, una malattia rara difficile da diagnosticare. Riconoscerla precocemente e agire subito \u00e8 essenziale per prevenire complicazioni. Per questo nasce la campagna \u201cLa vita in un respiro\u201d, promossa da Janssen Italia in collaborazione con AIPI (Associazione Ipertensione Polmonare Italiana). Nazzareno Gali\u00e8, Direttore della Cardiologia al Policlinico Sant\u2019Orsola, Universit\u00e0 di Bologna, Coordinatore delle Linee Guida Internazionali sull\u2019Ipertensione Polmonare e responsabile Comitato Scientifico AIPI<br \/>\nLoredana Bergamini, Direttore Medico di Janssen Italia Carolina Kostner, Pattinatrice artistica, Testimonial di \u201cLa Vita in un respiro\u201d<\/p>\n<audio class=\"wp-audio-shortcode\" id=\"audio-184330-9\" preload=\"none\" style=\"width: 100%;\" controls=\"controls\"><source type=\"audio\/mpeg\" src=\"https:\/\/www.radiopiu.net\/wordpress\/wp-content\/uploads\/2021\/01\/cs_210111.mp3?_=9\" \/><a href=\"https:\/\/www.radiopiu.net\/wordpress\/wp-content\/uploads\/2021\/01\/cs_210111.mp3\">https:\/\/www.radiopiu.net\/wordpress\/wp-content\/uploads\/2021\/01\/cs_210111.mp3<\/a><\/audio>\n<h3>LA RACCOLTA COMPLETA<\/h3>\n<blockquote class=\"wp-embedded-content\" data-secret=\"NPQbxfTVM3\"><p><a href=\"https:\/\/www.radiopiu.net\/wordpress\/saluteesocieta\/\">Salute e Societ\u00e0<\/a><\/p><\/blockquote>\n<p><iframe loading=\"lazy\" class=\"wp-embedded-content\" sandbox=\"allow-scripts\" security=\"restricted\" style=\"position: absolute; clip: rect(1px, 1px, 1px, 1px);\" title=\"&#8220;Salute e Societ\u00e0&#8221; &#8212; Radio Pi\u00f9\" src=\"https:\/\/www.radiopiu.net\/wordpress\/saluteesocieta\/embed\/#?secret=NPQbxfTVM3\" data-secret=\"NPQbxfTVM3\" width=\"600\" height=\"338\" frameborder=\"0\" marginwidth=\"0\" marginheight=\"0\" scrolling=\"no\"><\/iframe><\/p>\n<hr \/>\n<h2><\/h2>\n<h2><span style=\"color: #ff0000;\"><a href=\"https:\/\/www.radiopiu.net\/wordpress\/giornale-radiopiu-05-gennaio-2021-direttore-mirko-mezzacasa\/133200401_100838761953611_1258544160541445132_o-2\/\" rel=\"attachment wp-att-183078\"><img loading=\"lazy\" decoding=\"async\" class=\" wp-image-183078 alignleft\" src=\"https:\/\/www.radiopiu.net\/wordpress\/wp-content\/uploads\/2021\/01\/133200401_100838761953611_1258544160541445132_o-1-300x157.jpg\" alt=\"\" width=\"192\" height=\"101\" srcset=\"https:\/\/www.radiopiu.net\/wordpress\/wp-content\/uploads\/2021\/01\/133200401_100838761953611_1258544160541445132_o-1-300x157.jpg 300w, https:\/\/www.radiopiu.net\/wordpress\/wp-content\/uploads\/2021\/01\/133200401_100838761953611_1258544160541445132_o-1.jpg 526w\" sizes=\"auto, (max-width: 192px) 100vw, 192px\" \/><\/a>GOCCE DI FILOSOFIA, CON CHIARA CAU, CON LISA DE LUCA. <\/span><\/h2>\n<h2><\/h2>\n<h2><span style=\"color: #ff0000;\">TUTTI I GIORNI DAL LUNEDI AL VENERDI ALLE 6.55 E ALLE 18.55<\/span><\/h2>\n<p><strong>LA PUNTATA DI IERI, N.07<\/strong><\/p>\n<audio class=\"wp-audio-shortcode\" id=\"audio-184330-10\" preload=\"none\" style=\"width: 100%;\" controls=\"controls\"><source type=\"audio\/mpeg\" src=\"https:\/\/www.radiopiu.net\/wordpress\/wp-content\/uploads\/2020\/10\/FI2.mp3?_=10\" \/><a href=\"https:\/\/www.radiopiu.net\/wordpress\/wp-content\/uploads\/2020\/10\/FI2.mp3\">https:\/\/www.radiopiu.net\/wordpress\/wp-content\/uploads\/2020\/10\/FI2.mp3<\/a><\/audio>\n<p>&nbsp;<\/p>\n<h3>LA RACCOLTA COMPLETA<\/h3>\n<blockquote class=\"wp-embedded-content\" data-secret=\"OMvlqB9E7c\"><p><a href=\"https:\/\/www.radiopiu.net\/wordpress\/gocce-filosofia\/\">Gocce di filosofia<\/a><\/p><\/blockquote>\n<p><iframe loading=\"lazy\" class=\"wp-embedded-content\" sandbox=\"allow-scripts\" security=\"restricted\" style=\"position: absolute; clip: rect(1px, 1px, 1px, 1px);\" title=\"&#8220;Gocce di filosofia&#8221; &#8212; Radio Pi\u00f9\" src=\"https:\/\/www.radiopiu.net\/wordpress\/gocce-filosofia\/embed\/#?secret=OMvlqB9E7c\" data-secret=\"OMvlqB9E7c\" width=\"600\" height=\"338\" frameborder=\"0\" marginwidth=\"0\" marginheight=\"0\" scrolling=\"no\"><\/iframe><\/p>\n<p>&nbsp;<\/p>\n<hr \/>\n<p>&nbsp;<\/p>\n<div class=\"im_message_wrap clearfix\">\n<div class=\"im_content_message_wrap im_message_out\">\n<h2><span style=\"color: #ff0000;\">IERI ALLA RADIO\u00a0 IN VIVO VERSO 2020-21<\/span><\/h2>\n<p><strong><span style=\"color: #0000ff;\">IN ONDA DAL LUNEDI AL VENERDI ALLE 7.10, 10.10, 18.50\u00a0<\/span><\/strong><\/p>\n<blockquote class=\"wp-embedded-content\" data-secret=\"sLBErwI4Yk\"><p><a href=\"https:\/\/www.radiopiu.net\/wordpress\/nuvole-ferme-di-paolo-caianello\/\">NUVOLE FERME di PAOLO CAIANELLO<\/a><\/p><\/blockquote>\n<p><iframe loading=\"lazy\" class=\"wp-embedded-content\" sandbox=\"allow-scripts\" security=\"restricted\" style=\"position: absolute; clip: rect(1px, 1px, 1px, 1px);\" title=\"&#8220;NUVOLE FERME di PAOLO CAIANELLO&#8221; &#8212; Radio Pi\u00f9\" src=\"https:\/\/www.radiopiu.net\/wordpress\/nuvole-ferme-di-paolo-caianello\/embed\/#?secret=sLBErwI4Yk\" data-secret=\"sLBErwI4Yk\" width=\"600\" height=\"338\" frameborder=\"0\" marginwidth=\"0\" marginheight=\"0\" scrolling=\"no\"><\/iframe><\/p>\n<p><strong><span style=\"font-family: Verdana, sans-serif;\"><span style=\"font-size: medium;\">LA RACCOLTA COMPLETA, TUTTE LE COLLEZIONI<\/span><\/span><\/strong><\/p>\n<blockquote class=\"wp-embedded-content\" data-secret=\"r2Rc1brQ1H\"><p><a href=\"https:\/\/www.radiopiu.net\/wordpress\/in-vivo-verso\/\">In Vivo Verso<\/a><\/p><\/blockquote>\n<p><iframe loading=\"lazy\" class=\"wp-embedded-content\" sandbox=\"allow-scripts\" security=\"restricted\" style=\"position: absolute; clip: rect(1px, 1px, 1px, 1px);\" title=\"&#8220;In Vivo Verso&#8221; &#8212; Radio Pi\u00f9\" src=\"https:\/\/www.radiopiu.net\/wordpress\/in-vivo-verso\/embed\/#?secret=r2Rc1brQ1H\" data-secret=\"r2Rc1brQ1H\" width=\"600\" height=\"338\" frameborder=\"0\" marginwidth=\"0\" marginheight=\"0\" scrolling=\"no\"><\/iframe><\/p>\n<p>&nbsp;<\/p>\n<\/div>\n<\/div>\n<hr \/>\n<p>&nbsp;<\/p>\n<h2>007 IN CONDOTTA CON LA PROF. MARIA ROSA SALMAZO IL LUNEDI ALLE 10,30 E ALLE 19.00 LA DOMENICA ALLE 8 DEL MATTINO. NONA STAGIONE<\/h2>\n<p><span style=\"color: #ff0000;\"><strong>LA PUNTATA DELLA SETTIMANA <\/strong><\/span><\/p>\n<p><strong>&#8220;RITORNO A SCUOLA&#8230;. INCERTO&#8221;.<\/strong><\/p>\n<audio class=\"wp-audio-shortcode\" id=\"audio-184330-11\" preload=\"none\" style=\"width: 100%;\" controls=\"controls\"><source type=\"audio\/mpeg\" src=\"https:\/\/www.radiopiu.net\/wordpress\/wp-content\/uploads\/2020\/10\/007-condotta-11.mp3?_=11\" \/><a href=\"https:\/\/www.radiopiu.net\/wordpress\/wp-content\/uploads\/2020\/10\/007-condotta-11.mp3\">https:\/\/www.radiopiu.net\/wordpress\/wp-content\/uploads\/2020\/10\/007-condotta-11.mp3<\/a><\/audio>\n<h2>LA RACCOLTA COMPLETA<\/h2>\n<blockquote class=\"wp-embedded-content\" data-secret=\"YSi8Hr4BHa\"><p><a href=\"https:\/\/www.radiopiu.net\/wordpress\/007incondotta-9\/\">007 in condotta<\/a><\/p><\/blockquote>\n<p><iframe loading=\"lazy\" class=\"wp-embedded-content\" sandbox=\"allow-scripts\" security=\"restricted\" style=\"position: absolute; clip: rect(1px, 1px, 1px, 1px);\" title=\"&#8220;007 in condotta&#8221; &#8212; Radio Pi\u00f9\" src=\"https:\/\/www.radiopiu.net\/wordpress\/007incondotta-9\/embed\/#?secret=YSi8Hr4BHa\" data-secret=\"YSi8Hr4BHa\" width=\"600\" height=\"338\" frameborder=\"0\" marginwidth=\"0\" marginheight=\"0\" scrolling=\"no\"><\/iframe><\/p>\n<p>&nbsp;<\/p>\n<p>&nbsp;<\/p>\n<p>&nbsp;<\/p>\n<hr \/>\n<p>&nbsp;<\/p>\n<blockquote>\n<h2><a href=\"https:\/\/www.radiopiu.net\/wordpress\/speciale-solidarieta-veneto\/solidarieta-veneto-3\/\" rel=\"attachment wp-att-134366\"><img loading=\"lazy\" decoding=\"async\" class=\"wp-image-134366 alignleft\" src=\"https:\/\/www.radiopiu.net\/wordpress\/wp-content\/uploads\/2020\/05\/solidariet\u00e0-veneto-300x210.jpg\" alt=\"\" width=\"102\" height=\"71\" srcset=\"https:\/\/www.radiopiu.net\/wordpress\/wp-content\/uploads\/2020\/05\/solidariet\u00e0-veneto-300x210.jpg 300w, https:\/\/www.radiopiu.net\/wordpress\/wp-content\/uploads\/2020\/05\/solidariet\u00e0-veneto-1024x717.jpg 1024w, https:\/\/www.radiopiu.net\/wordpress\/wp-content\/uploads\/2020\/05\/solidariet\u00e0-veneto-768x538.jpg 768w, https:\/\/www.radiopiu.net\/wordpress\/wp-content\/uploads\/2020\/05\/solidariet\u00e0-veneto.jpg 1373w\" sizes=\"auto, (max-width: 102px) 100vw, 102px\" \/><\/a>SOLIDARIETA&#8217; VENETO FONDO PENSIONE, IN ONDA IL PRIMO VENERDI DEL MESE ALLE 10.30 E ALLE 19.00 QUINTA STAGIONE<\/h2>\n<\/blockquote>\n<p><strong>AUDIO<\/strong><\/p>\n<audio class=\"wp-audio-shortcode\" id=\"audio-184330-12\" preload=\"none\" style=\"width: 100%;\" controls=\"controls\"><source type=\"audio\/mpeg\" src=\"https:\/\/www.radiopiu.net\/wordpress\/wp-content\/uploads\/2020\/10\/solidarieta-veneto-gennaio.mp3?_=12\" \/><a href=\"https:\/\/www.radiopiu.net\/wordpress\/wp-content\/uploads\/2020\/10\/solidarieta-veneto-gennaio.mp3\">https:\/\/www.radiopiu.net\/wordpress\/wp-content\/uploads\/2020\/10\/solidarieta-veneto-gennaio.mp3<\/a><\/audio>\n<p>&nbsp;<\/p>\n<blockquote>\n<h2>RACCOLTA COMPLETA<\/h2>\n<\/blockquote>\n<blockquote class=\"wp-embedded-content\" data-secret=\"Tpc8eqwnW7\"><p><a href=\"https:\/\/www.radiopiu.net\/wordpress\/solidarieta-veneto\/\">Solidariet\u00e0 Veneto<\/a><\/p><\/blockquote>\n<p><iframe loading=\"lazy\" class=\"wp-embedded-content\" sandbox=\"allow-scripts\" security=\"restricted\" style=\"position: absolute; clip: rect(1px, 1px, 1px, 1px);\" title=\"&#8220;Solidariet\u00e0 Veneto&#8221; &#8212; Radio Pi\u00f9\" src=\"https:\/\/www.radiopiu.net\/wordpress\/solidarieta-veneto\/embed\/#?secret=Tpc8eqwnW7\" data-secret=\"Tpc8eqwnW7\" width=\"600\" height=\"338\" frameborder=\"0\" marginwidth=\"0\" marginheight=\"0\" scrolling=\"no\"><\/iframe><\/p>\n<p>&nbsp;<\/p>\n<p>&nbsp;<\/p>\n<hr \/>\n<p>&nbsp;<\/p>\n<h2><span style=\"color: #808000;\">DUE MINUTI UN LIBRO\u00a0 TUTTI I GIORNI ALLA RADIO ALLE 9.30 E ALLE 18. QUINTA STAGIONE\u00a0 \u00a0 \u00a0\u00a0<\/span><\/h2>\n<blockquote class=\"wp-embedded-content\" data-secret=\"BVsbtUIO1u\"><p><a href=\"https:\/\/www.radiopiu.net\/wordpress\/storia-di-un-cane-e-delluomo-a-cui-ha-cambiato-la-vita\/\">STORIA DI UN CANE E DELL&#8217;UOMO A CUI HA CAMBIATO LA VITA<\/a><\/p><\/blockquote>\n<p><iframe loading=\"lazy\" class=\"wp-embedded-content\" sandbox=\"allow-scripts\" security=\"restricted\" style=\"position: absolute; clip: rect(1px, 1px, 1px, 1px);\" title=\"&#8220;STORIA DI UN CANE E DELL&#8217;UOMO A CUI HA CAMBIATO LA VITA&#8221; &#8212; Radio Pi\u00f9\" src=\"https:\/\/www.radiopiu.net\/wordpress\/storia-di-un-cane-e-delluomo-a-cui-ha-cambiato-la-vita\/embed\/#?secret=BVsbtUIO1u\" data-secret=\"BVsbtUIO1u\" width=\"600\" height=\"338\" frameborder=\"0\" marginwidth=\"0\" marginheight=\"0\" scrolling=\"no\"><\/iframe><\/p>\n<h2>LA RACCOLTA COMPLETA<\/h2>\n<blockquote class=\"wp-embedded-content\" data-secret=\"2q6ur3mHSL\"><p><a href=\"https:\/\/www.radiopiu.net\/wordpress\/due-minuti-un-libro\/\">Due minuti un libro<\/a><\/p><\/blockquote>\n<p><iframe loading=\"lazy\" class=\"wp-embedded-content\" sandbox=\"allow-scripts\" security=\"restricted\" style=\"position: absolute; clip: rect(1px, 1px, 1px, 1px);\" title=\"&#8220;Due minuti un libro&#8221; &#8212; Radio Pi\u00f9\" src=\"https:\/\/www.radiopiu.net\/wordpress\/due-minuti-un-libro\/embed\/#?secret=2q6ur3mHSL\" data-secret=\"2q6ur3mHSL\" width=\"600\" height=\"338\" frameborder=\"0\" marginwidth=\"0\" marginheight=\"0\" scrolling=\"no\"><\/iframe><\/p>\n<p>&nbsp;<\/p>\n<hr \/>\n<p>&nbsp;<\/p>\n<p>&nbsp;<\/p>\n<blockquote>\n<h2>CASSA SOLIDARIET\u00c0 LUXOTTICA<\/h2>\n<\/blockquote>\n<h3><strong><span style=\"color: #ff0000;\">IL NUMERO DI DICEMBRE CON PAOLO CHISSALE&#8217; E FABRIZIO CAMPEDEL<\/span><\/strong><\/h3>\n<audio class=\"wp-audio-shortcode\" id=\"audio-184330-13\" preload=\"none\" style=\"width: 100%;\" controls=\"controls\"><source type=\"audio\/mpeg\" src=\"https:\/\/www.radiopiu.net\/wordpress\/wp-content\/uploads\/2020\/12\/ca-sol-lux-dicvembre.mp3?_=13\" \/><a href=\"https:\/\/www.radiopiu.net\/wordpress\/wp-content\/uploads\/2020\/12\/ca-sol-lux-dicvembre.mp3\">https:\/\/www.radiopiu.net\/wordpress\/wp-content\/uploads\/2020\/12\/ca-sol-lux-dicvembre.mp3<\/a><\/audio>\n<blockquote>\n<h2>RACCOLTA COMPLETA<\/h2>\n<\/blockquote>\n<blockquote class=\"wp-embedded-content\" data-secret=\"W2vrk4kZgK\"><p><a href=\"https:\/\/www.radiopiu.net\/wordpress\/cassa-solidarieta-luxottica-puntata-del-16-ottobre-2020\/\">CASSA SOLIDARIET\u00c0 LUXOTTICA &#8211; PUNTATA DEL 20 NOVEMBRE 2020<\/a><\/p><\/blockquote>\n<p><iframe loading=\"lazy\" class=\"wp-embedded-content\" sandbox=\"allow-scripts\" security=\"restricted\" style=\"position: absolute; clip: rect(1px, 1px, 1px, 1px);\" title=\"&#8220;CASSA SOLIDARIET\u00c0 LUXOTTICA &#8211; PUNTATA DEL 20 NOVEMBRE 2020&#8221; &#8212; Radio Pi\u00f9\" src=\"https:\/\/www.radiopiu.net\/wordpress\/cassa-solidarieta-luxottica-puntata-del-16-ottobre-2020\/embed\/#?secret=W2vrk4kZgK\" data-secret=\"W2vrk4kZgK\" width=\"600\" height=\"338\" frameborder=\"0\" marginwidth=\"0\" marginheight=\"0\" scrolling=\"no\"><\/iframe><\/p>\n<p>&nbsp;<\/p>\n<p>&nbsp;<\/p>\n<div>\n<p>&nbsp;<\/p>\n<hr \/>\n<p>&nbsp;<\/p>\n<h2><span style=\"color: #800080;\"><strong>LA RASSEGNA STAMPA DA L&#8217;AMICO DEL POPOLO\u00a0<\/strong><\/span><\/h2>\n<h1 class=\"kvgmc6g5 cxmmr5t8 oygrvhab hcukyx3x c1et5uql\"><span style=\"color: #0000ff;\">RADIO PIU INFORMAZIONE il canale su TELEGRAM informazione di prima mano e in tempo reale. iscriviti ed aiutaci a farlo conoscere\u00a0<\/span><\/h1>\n<p>LA PUNTATA DELLA SETTIMANA, OSPITE LORIS SERAFINI<\/p>\n<audio class=\"wp-audio-shortcode\" id=\"audio-184330-14\" preload=\"none\" style=\"width: 100%;\" controls=\"controls\"><source type=\"audio\/mpeg\" src=\"https:\/\/www.radiopiu.net\/wordpress\/wp-content\/uploads\/2021\/01\/RASSEGNA-GIANNI.mp3?_=14\" \/><a href=\"https:\/\/www.radiopiu.net\/wordpress\/wp-content\/uploads\/2021\/01\/RASSEGNA-GIANNI.mp3\">https:\/\/www.radiopiu.net\/wordpress\/wp-content\/uploads\/2021\/01\/RASSEGNA-GIANNI.mp3<\/a><\/audio>\n<p><strong>LA RACCOLTA COMPLETA<\/strong><\/p>\n<blockquote class=\"wp-embedded-content\" data-secret=\"P1DNvzpirO\"><p><a href=\"https:\/\/www.radiopiu.net\/wordpress\/rassegna-stampa-di-gianni-santomaso\/\">Rassegna stampa da l&#8217;amico del popolo &#8211; di Gianni Santomaso<\/a><\/p><\/blockquote>\n<p><iframe loading=\"lazy\" class=\"wp-embedded-content\" sandbox=\"allow-scripts\" security=\"restricted\" style=\"position: absolute; clip: rect(1px, 1px, 1px, 1px);\" title=\"&#8220;Rassegna stampa da l&#8217;amico del popolo &#8211; di Gianni Santomaso&#8221; &#8212; Radio Pi\u00f9\" src=\"https:\/\/www.radiopiu.net\/wordpress\/rassegna-stampa-di-gianni-santomaso\/embed\/#?secret=P1DNvzpirO\" data-secret=\"P1DNvzpirO\" width=\"600\" height=\"338\" frameborder=\"0\" marginwidth=\"0\" marginheight=\"0\" scrolling=\"no\"><\/iframe><\/p>\n<p>&nbsp;<\/p>\n<p>&nbsp;<\/p>\n<hr \/>\n<p>&nbsp;<\/p>\n<p>&nbsp;<\/p>\n<div>\n<h2><span style=\"color: #33cccc;\">I RACCONTI DI PAOLO SOPPELSA il lunedi alle 9.30 e 18.30<\/span><\/h2>\n<blockquote class=\"wp-embedded-content\" data-secret=\"4dLWPyIi6Z\"><p><a href=\"https:\/\/www.radiopiu.net\/wordpress\/i-racconti-di-paolo-soppelsa-cinquantasettesima-puntata\/\">I RACCONTI DI PAOLO SOPPELSA CINQUANTASETTESIMA PUNTATA<\/a><\/p><\/blockquote>\n<p><iframe loading=\"lazy\" class=\"wp-embedded-content\" sandbox=\"allow-scripts\" security=\"restricted\" style=\"position: absolute; clip: rect(1px, 1px, 1px, 1px);\" title=\"&#8220;I RACCONTI DI PAOLO SOPPELSA CINQUANTASETTESIMA PUNTATA&#8221; &#8212; Radio Pi\u00f9\" src=\"https:\/\/www.radiopiu.net\/wordpress\/i-racconti-di-paolo-soppelsa-cinquantasettesima-puntata\/embed\/#?secret=4dLWPyIi6Z\" data-secret=\"4dLWPyIi6Z\" width=\"600\" height=\"338\" frameborder=\"0\" marginwidth=\"0\" marginheight=\"0\" scrolling=\"no\"><\/iframe><\/p>\n<h2><span style=\"color: #33cccc;\"><strong>RACCOLTA COMPLETA<\/strong><\/span><\/h2>\n<blockquote class=\"wp-embedded-content\" data-secret=\"g7wbITvNry\"><p><a href=\"https:\/\/www.radiopiu.net\/wordpress\/i-racconti-di-paolo-soppelsa\/\">I racconti di Paolo Soppelsa<\/a><\/p><\/blockquote>\n<p><iframe loading=\"lazy\" class=\"wp-embedded-content\" sandbox=\"allow-scripts\" security=\"restricted\" style=\"position: absolute; clip: rect(1px, 1px, 1px, 1px);\" title=\"&#8220;I racconti di Paolo Soppelsa&#8221; &#8212; Radio Pi\u00f9\" src=\"https:\/\/www.radiopiu.net\/wordpress\/i-racconti-di-paolo-soppelsa\/embed\/#?secret=g7wbITvNry\" data-secret=\"g7wbITvNry\" width=\"600\" height=\"338\" frameborder=\"0\" marginwidth=\"0\" marginheight=\"0\" scrolling=\"no\"><\/iframe><\/p>\n<\/div>\n<p>&nbsp;<\/p>\n<hr \/>\n<p>&nbsp;<\/p>\n<div>\n<h2><a href=\"https:\/\/www.radiopiu.net\/wordpress\/giornale-radiopiu-13-gennaio-2021-direttore-mirko-mezzacasa\/137677866_1564759040378824_7049856006923818399_o\/\" rel=\"attachment wp-att-184381\"><img loading=\"lazy\" decoding=\"async\" class=\" wp-image-184381 alignleft\" src=\"https:\/\/www.radiopiu.net\/wordpress\/wp-content\/uploads\/2021\/01\/137677866_1564759040378824_7049856006923818399_o-203x300.jpg\" alt=\"\" width=\"83\" height=\"123\" srcset=\"https:\/\/www.radiopiu.net\/wordpress\/wp-content\/uploads\/2021\/01\/137677866_1564759040378824_7049856006923818399_o-203x300.jpg 203w, https:\/\/www.radiopiu.net\/wordpress\/wp-content\/uploads\/2021\/01\/137677866_1564759040378824_7049856006923818399_o.jpg 526w\" sizes=\"auto, (max-width: 83px) 100vw, 83px\" \/><\/a><\/h2>\n<h2><\/h2>\n<h2><strong>LE\u00a0 PUNTATE di Luisa Alchini di Leggermente Bellunesi, la domenica alle 11, <span style=\"color: #0000ff;\">IL MARTEDI IN PRIMA EDIZIONE\u00a0<\/span> alle 10.30 e alle 19.00<\/strong><\/h2>\n<p><strong>LA PUNTATA DELLA SETTIMANA\u00a0<\/strong> Elisa Orzes Grillone :scrittrice, poetessa e pittrice nata a Cencenighe<\/p>\n<audio class=\"wp-audio-shortcode\" id=\"audio-184330-15\" preload=\"none\" style=\"width: 100%;\" controls=\"controls\"><source type=\"audio\/mpeg\" src=\"https:\/\/www.radiopiu.net\/wordpress\/wp-content\/uploads\/2021\/01\/14leggermenteelisaorzesgrillone2021.mp3?_=15\" \/><a href=\"https:\/\/www.radiopiu.net\/wordpress\/wp-content\/uploads\/2021\/01\/14leggermenteelisaorzesgrillone2021.mp3\">https:\/\/www.radiopiu.net\/wordpress\/wp-content\/uploads\/2021\/01\/14leggermenteelisaorzesgrillone2021.mp3<\/a><\/audio>\n<h2><strong style=\"font-size: 14px;\"><span style=\"color: #000000;\">RACCOLTA COMPLETA<\/span><\/strong><\/h2>\n<\/div>\n<blockquote class=\"wp-embedded-content\" data-secret=\"RQp3bstM9f\"><p><a href=\"https:\/\/www.radiopiu.net\/wordpress\/leggermente-20\/\">LEGGERmente&#8230;Bellunesi<\/a><\/p><\/blockquote>\n<p><iframe loading=\"lazy\" class=\"wp-embedded-content\" sandbox=\"allow-scripts\" security=\"restricted\" style=\"position: absolute; clip: rect(1px, 1px, 1px, 1px);\" title=\"&#8220;LEGGERmente&#8230;Bellunesi&#8221; &#8212; Radio Pi\u00f9\" src=\"https:\/\/www.radiopiu.net\/wordpress\/leggermente-20\/embed\/#?secret=RQp3bstM9f\" data-secret=\"RQp3bstM9f\" width=\"600\" height=\"338\" frameborder=\"0\" marginwidth=\"0\" marginheight=\"0\" scrolling=\"no\"><\/iframe><\/p>\n<hr \/>\n<p>&nbsp;<\/p>\n<blockquote>\n<h3><a href=\"https:\/\/www.radiopiu.net\/wordpress\/almanacco-ladino-puntata-5-2020\/sn\/\" rel=\"attachment wp-att-180931\"><img loading=\"lazy\" decoding=\"async\" class=\"wp-image-180931 alignleft\" src=\"https:\/\/www.radiopiu.net\/wordpress\/wp-content\/uploads\/2020\/12\/sn-300x194.jpg\" alt=\"\" width=\"181\" height=\"117\" srcset=\"https:\/\/www.radiopiu.net\/wordpress\/wp-content\/uploads\/2020\/12\/sn-300x194.jpg 300w, https:\/\/www.radiopiu.net\/wordpress\/wp-content\/uploads\/2020\/12\/sn.jpg 626w\" sizes=\"auto, (max-width: 181px) 100vw, 181px\" \/><\/a>L&#8217;ALMANACCO LADINO CON L&#8217;ISTITUT CESA DE JAN QUINDICINALE APPUNTAMENTO. LA DOMENICA ALLE 9 IL LUNEDI ALLE 8.35 IL MARTEDI ALLE 12.35 IL MERCOLEDI ALLE 18.35. SECONDA STAGIONE.<\/h3>\n<\/blockquote>\n<p><strong>RACCOLTA COMPLETA\u00a0<\/strong><\/p>\n<blockquote class=\"wp-embedded-content\" data-secret=\"QjRzyxUaCJ\"><p><a href=\"https:\/\/www.radiopiu.net\/wordpress\/almanacco-ladino\/\">Almanacco Ladino<\/a><\/p><\/blockquote>\n<p><iframe loading=\"lazy\" class=\"wp-embedded-content\" sandbox=\"allow-scripts\" security=\"restricted\" style=\"position: absolute; clip: rect(1px, 1px, 1px, 1px);\" title=\"&#8220;Almanacco Ladino&#8221; &#8212; Radio Pi\u00f9\" src=\"https:\/\/www.radiopiu.net\/wordpress\/almanacco-ladino\/embed\/#?secret=QjRzyxUaCJ\" data-secret=\"QjRzyxUaCJ\" width=\"600\" height=\"338\" frameborder=\"0\" marginwidth=\"0\" marginheight=\"0\" scrolling=\"no\"><\/iframe><\/p>\n<p>&nbsp;<\/p>\n<\/div>\n<hr \/>\n<div>\n<h2><span style=\"color: #000080;\"><a class=\"dt-pswp-item\" href=\"https:\/\/www.radiopiu.net\/wordpress\/wp-content\/uploads\/2020\/10\/pp.jpg\" data-dt-img-description=\"\" data-large_image_width=\"640\" data-large_image_height=\"640\"><img loading=\"lazy\" decoding=\"async\" class=\"wp-image-163678 alignleft\" src=\"https:\/\/www.radiopiu.net\/wordpress\/wp-content\/uploads\/2020\/10\/pp-300x300.jpg\" alt=\"\" width=\"106\" height=\"106\" srcset=\"https:\/\/www.radiopiu.net\/wordpress\/wp-content\/uploads\/2020\/10\/pp-300x300.jpg 300w, https:\/\/www.radiopiu.net\/wordpress\/wp-content\/uploads\/2020\/10\/pp-150x150.jpg 150w, https:\/\/www.radiopiu.net\/wordpress\/wp-content\/uploads\/2020\/10\/pp-125x125.jpg 125w, https:\/\/www.radiopiu.net\/wordpress\/wp-content\/uploads\/2020\/10\/pp-200x200.jpg 200w, https:\/\/www.radiopiu.net\/wordpress\/wp-content\/uploads\/2020\/10\/pp-80x80.jpg 80w, https:\/\/www.radiopiu.net\/wordpress\/wp-content\/uploads\/2020\/10\/pp-480x480.jpg 480w, https:\/\/www.radiopiu.net\/wordpress\/wp-content\/uploads\/2020\/10\/pp.jpg 640w\" sizes=\"auto, (max-width: 106px) 100vw, 106px\" \/><\/a> <\/span><\/h2>\n<h2><span style=\"color: #000080;\">DON CESARE, IL PENSIERO DEL GIORNO. ALLA RADIO ALLE 7 DEL MATTINO E ALLE 19.30 DELLA SERA.\u00a0\u00a0<\/span><\/h2>\n<\/div>\n<p>&nbsp;<\/p>\n<p>&nbsp;<\/p>\n<audio class=\"wp-audio-shortcode\" id=\"audio-184330-16\" preload=\"none\" style=\"width: 100%;\" controls=\"controls\"><source type=\"audio\/mpeg\" src=\"https:\/\/www.radiopiu.net\/wordpress\/wp-content\/uploads\/2021\/01\/CESARE-8.mp3?_=16\" \/><a href=\"https:\/\/www.radiopiu.net\/wordpress\/wp-content\/uploads\/2021\/01\/CESARE-8.mp3\">https:\/\/www.radiopiu.net\/wordpress\/wp-content\/uploads\/2021\/01\/CESARE-8.mp3<\/a><\/audio>\n<p>&nbsp;<\/p>\n<hr \/>\n<p>&nbsp;<\/p>\n<div>\n<p class=\"photoswipe-wrapper\"><a class=\"dt-pswp-item pspw-wrap-ready\" href=\"https:\/\/i0.wp.com\/www.radiopiu.net\/wordpress\/wp-content\/uploads\/2018\/09\/viabilita.jpeg?ssl=1\" data-dt-img-description=\"\" data-large_image_width=\"800\" data-large_image_height=\"100\"><img loading=\"lazy\" decoding=\"async\" class=\"aligncenter wp-image-61954 size-full\" src=\"https:\/\/i0.wp.com\/www.radiopiu.net\/wordpress\/wp-content\/uploads\/2018\/09\/viabilita.jpeg?resize=800%2C100&amp;ssl=1\" sizes=\"auto, (max-width: 800px) 100vw, 800px\" srcset=\"https:\/\/i0.wp.com\/www.radiopiu.net\/wordpress\/wp-content\/uploads\/2018\/09\/viabilita.jpeg?w=800&amp;ssl=1 800w, https:\/\/i0.wp.com\/www.radiopiu.net\/wordpress\/wp-content\/uploads\/2018\/09\/viabilita.jpeg?resize=300%2C38&amp;ssl=1 300w, https:\/\/i0.wp.com\/www.radiopiu.net\/wordpress\/wp-content\/uploads\/2018\/09\/viabilita.jpeg?resize=768%2C96&amp;ssl=1 768w\" alt=\"\" width=\"800\" height=\"100\" \/><\/a><\/p>\n<\/div>\n<p>&nbsp;<\/p>\n<p><strong>SP 1 MADONNA DEL PIAVE <\/strong>senso unico alternato regolato da semaforo fino al 15 gennaio in comune di Quero Vas per realizzazione tombinatura<\/p>\n<p><strong>SP 42 CAVALLERA<\/strong> fino a revoca, chiusura della strada nell&#8217;abitato di Perarolo per attivazione emergenza frana &#8220;Busa del Cristo&#8221;<\/p>\n<p><strong>S.P.2 DELLA VALLE DEL MIS\u00a0<\/strong>Interdizione totale al traffico fino a revoca dal km 14,920 (localit\u00e0 Gona Bassa) al km 20,650 (localit\u00e0 Titele) per cedimento della carreggiata<\/p>\n<p><strong>S.P. 5 DI LAMOSANO<\/strong>\u00a0Interdizione totale fino a revoca per presenza di materiale e alberi in strada.<\/p>\n<p><strong>S.P. 251 DI VAL DI ZOLDO E VAL CELLINA\u00a0<\/strong>dalla localit\u00e0 Soffranco fino all&#8217;imbocco nord della galleria S. Giovanni interdizione totale al transito per cedimento della carreggiata<\/p>\n<p><strong>SP 3 DELLA VAL IMPERINA<\/strong> fino a revoca, senso unico alternato regolato a vista in localit\u00e0 Gona di Conedera di Rivamonte per cedimento della carreggiata stradale<\/p>\n<p>&nbsp;<\/p>\n<div>\n<hr \/>\n<p>&nbsp;<\/p>\n<blockquote>\n<h3>ANCHE IERI&#8230;MA CHE FREDDO CHE FA<\/h3>\n<\/blockquote>\n<div class=\"gmail_attr\" dir=\"ltr\"><\/div>\n<div dir=\"ltr\">\n<div class=\"gmail_quote\">\n<div class=\"gmail_attr\" dir=\"ltr\"><em><span class=\"gmail_default\"><u>Fra i paesi, i valori pi\u00f9 significativi sono stati misurati a: <\/u><\/span><\/em>Asiago &#8211;<b>19.<span class=\"gmail_default\">7<\/span>\u00b0C<\/b>\u00a0 <em><span class=\"gmail_default\">Santo Stefano di Cadore\u00a0<b>-18.8\u00b0C <\/b><\/span><\/em><em><span class=\"gmail_default\">Feltre\u00a0<b>-12.1\u00b0C <\/b><\/span><\/em><em><strong><span class=\"gmail_default\">\u00a0<\/span><\/strong><\/em><span class=\"gmail_default\"><u>Per altri paesi e citt\u00e0 della regione si veda questa tabella:<\/u><b><u> \u00a0<\/u>\u00a0\u00a0<\/b><\/span><em><strong><a href=\"http:\/\/www.arpa.veneto.it\/bollettini\/meteo\/h24\/minmaxoggi\/minmaxodierne.htm\" target=\"_blank\" rel=\"noopener\">http:\/\/www.arpa.veneto.it\/bollettini\/meteo\/h24\/minmaxoggi\/minmaxodierne.htm<\/a><\/strong><\/em><\/div>\n<div dir=\"ltr\">\n<div>\n<div><\/div>\n<\/div>\n<div class=\"gmail_quote\">\n<div dir=\"ltr\">\n<div class=\"gmail_quote\">\n<div class=\"gmail_attr\" dir=\"ltr\"><u><span class=\"gmail_default\">Si segnalano inoltre\u00a0le t<\/span>emperature minime nelle\u00a0<span class=\"gmail_default\">localit\u00e0<\/span>\u00a0normalmente pi\u00f9 fredde<span class=\"gmail_default\">:<b> <\/b><\/span><\/u>Val Visdende (BL-1240 m)\u00a0<strong>&#8211;<span class=\"gmail_default\">20.9<\/span>\u00b0C <\/strong>Passo Cimabanche (BL-1530 m)\u00a0<strong>&#8211;<span class=\"gmail_default\">22.0\u00b0C <\/span><\/strong><span class=\"gmail_default\">Passo Pordoi (BL-2154 m)\u00a0<b>-8.8\u00b0C <\/b><\/span>Marmolada (BL-3256 m)\u00a0<strong><span class=\"gmail_default\">-14.9\u00b0C <\/span><\/strong>Pian Cansiglio (BL-<span class=\"gmail_default\">\u00a01003 m<\/span>)\u00a0\u00a0<strong>&#8211;<span class=\"gmail_default\">24.9<\/span>\u00b0C<\/strong>\u00a0 \u00a0Piana di Marcesina (VI-1310 m)\u00a0<strong>&#8211;<span class=\"gmail_default\">24.4<\/span>\u00b0C <\/strong>Dolina Campoluzzo (VI-1768 m)\u00a0<span class=\"gmail_default\">-38.2\u00b0C <\/span><i>Questo dato va considerato come semplice curiosit\u00e0<span class=\"gmail_default\">, perch\u00e8 dovuto ad un particolare microclima<\/span>\u00a0(registrato sul fondo di una conca, in una sperduta zona di montagna)\u00a0<\/i><\/div>\n<div dir=\"ltr\">\n<p><em><strong>Record (temperature minime assolute) negli ultimi 35 anni nelle localit\u00e0 considerate\u00a0<\/strong><\/em><em>Pian Cansiglio -29.5\u00b0C (1 marzo 2005) <\/em><em>Val Visdende -26.4\u00b0C (1 marzo 2005) <\/em><em>Passo Cimabanche -30\u00b0C (7 gennaio 1985) <\/em><em>Passo Pordoi -26.2\u00b0C (6 gennaio 1985) <\/em><em>Marmolada -30.4\u00b0C (30 gennaio 1999)<\/em><em>Piana di Marcesina -32.0\u00b0C (1 marzo 2005) <\/em><em>Dolina Campoluzzo -44.1\u00b0C (26 febbraio 2018)<\/em><\/p>\n<\/div>\n<\/div>\n<\/div>\n<\/div>\n<\/div>\n<\/div>\n<\/div>\n<p>&nbsp;<\/p>\n<hr \/>\n<p>&nbsp;<\/p>\n<p class=\"photoswipe-wrapper\"><a class=\"dt-pswp-item pspw-wrap-ready\" href=\"https:\/\/i0.wp.com\/www.radiopiu.net\/wordpress\/wp-content\/uploads\/2018\/09\/WhatsApp-Image-2018-09-20-at-16.04.06.jpeg?ssl=1\" data-dt-img-description=\"\" data-large_image_width=\"800\" data-large_image_height=\"100\"><img loading=\"lazy\" decoding=\"async\" class=\"aligncenter wp-image-61378 size-full jetpack-lazy-image jetpack-lazy-image--handled\" src=\"https:\/\/i0.wp.com\/www.radiopiu.net\/wordpress\/wp-content\/uploads\/2018\/09\/WhatsApp-Image-2018-09-20-at-16.04.06.jpeg?resize=800%2C100&amp;ssl=1\" sizes=\"auto, (max-width: 800px) 100vw, 800px\" srcset=\"https:\/\/i0.wp.com\/www.radiopiu.net\/wordpress\/wp-content\/uploads\/2018\/09\/WhatsApp-Image-2018-09-20-at-16.04.06.jpeg?w=800&amp;ssl=1 800w, https:\/\/i0.wp.com\/www.radiopiu.net\/wordpress\/wp-content\/uploads\/2018\/09\/WhatsApp-Image-2018-09-20-at-16.04.06.jpeg?resize=300%2C38&amp;ssl=1 300w, https:\/\/i0.wp.com\/www.radiopiu.net\/wordpress\/wp-content\/uploads\/2018\/09\/WhatsApp-Image-2018-09-20-at-16.04.06.jpeg?resize=768%2C96&amp;ssl=1 768w\" alt=\"\" width=\"800\" height=\"100\" data-lazy-loaded=\"1\" \/><\/a><\/p>\n<p>&nbsp;<\/p>\n<div>\n<div id=\"dolomitimeteo_div_testi\"><center><b>Mercoledi 13<\/b><\/center><b>Tempo atteso: <\/b>Sole e cielo sereno per gran parte della giornata. Solo in serata ci saranno annuvolamenti irregolari sulle Dolomiti settentrionali, ma generalmente senza fenomeni o quasi. Il contesto termico diurno cambier\u00e0 nelle valli per ingresso di episodi di Foehn, ma senza erodere ovunque il cuscino d&#8217;aria fredda. Al contrario il freddo torner\u00e0 a accentuarsi in quota, assieme a un crescente effetto wind chill.<br \/>\n<b>Precipitazioni: <\/b>In giornata assenti ovunque(0%), in tarda serata non esclusa de tutto un po&#8217; di neve burrascosa sulle cime dolomitiche pi\u00f9 settentrionali (10%).<br \/>\n<b>Temperature: <\/b>Minime in diminuzione in alta quota, dove saranno osservate alla sera; in lieve rialzo sotto i 1800 m, ma le gelate saranno ancora intense; massime in calo in quota con crescente effetto wind chill; in aumento nelle valli, specie in quelle interessate da favonio. Previste punte di 4\/6\u00b0C nei fondovalle prealpini, ma anche 0\/2\u00b0C qualora il Foehn non entrasse, e di 0\/3\u00b0C sui 1000\/1200 m, valori pi\u00f9 bassi nei settori in ombra alle stesse quote. Su Prealpi a 1500 m min -5\u00b0C max -2\u00b0C, a 2000 m min -8\u00b0C max -5\u00b0C. Su Dolomiti a 2000 m min -10\u00b0C max -6\u00b0C, a 3000 m min -16\u00b0C max -11\u00b0C.<br \/>\n<b>Venti: <\/b>Nelle valli inizialmente deboli, poi qualche rinforzo per prime sporadiche raffiche di Foehn entro la sera, specie nei settori esposti ai quadranti settentrionali; in quota tesi, in rinforzo fino a forti da nord-ovest a fine giornata, a 20-35 km\/h a 2000 m, a 30-65 km\/h a 3000 m<\/p>\n<hr \/>\n<p><center><b>Giovedi 14<\/b><\/center><b>Tempo atteso: <\/b>Nottetempo un po&#8217; di neve burrascosa sulle Dolomiti centro-settentrionali. All&#8217;alba, sempre sulle Dolomiti pi\u00f9 settentrionali, qualche residuo annuvolamento, altrove cielo sereno. In giornata il sole torner\u00e0 a brillare ovunque con cielo sereno, aria nitida e ottima visibilit\u00e0. Atmosfera particolarmente gelida e ventosa in quota, assai arieggiata per episodi di Foehn nelle valli, assieme a sbalzi termici.<br \/>\n<b>Precipitazioni: <\/b>Nella notte sulle Dolomiti settentrionali probabile neve burrascosa (50\/60%) con qualche cm di neve sopra i 1500 m, tracce sotto tale quota. In giornata fenomeni assenti ovunque (0%).<br \/>\n<b>Temperature: <\/b>In quota in generale calo con minime osservate tra la tarda mattinata e il primo pomeriggio; nelle valli aumenti, anche sensibili, legati agli episodi di Foehn, pi\u00f9 probabili nelle valli dolomitiche e sulle dorsali prealpine, che non nelle depressioni prealpine, dove il Foehn non entrer\u00e0 ovunque. Su Prealpi a 1500 m min -6\u00b0C max -3\u00b0C, a 2000 m min -9\u00b0C max -6\u00b0C. Su Dolomiti a 2000 m min -12\u00b0C max -8\u00b0C, a 3000 m min -18\u00b0C max -13\u00b0C.<br \/>\n<b>Venti: <\/b>Nelle valli moderati dai quadranti settentrionali con forti ed improvvise raffiche di Foehn; in quota forti, a tratti molto forti, da nord nord-ovest, a 30-60 km\/h a 2000 m, a 70-85 km\/h a 3000 m, con raffiche oltre i 100\/120 km\/h.<\/p>\n<hr \/>\n<p><center><b>Venerdi 15<\/b><\/center>Stupenda giornata invernale con sole, cielo sereno e aria limpida ovunque. Le temperature torneranno a diminuire nelle valli, specie nei settori dove il Foehn spirava il giorno precedente, e saranno senza notevoli variazioni in quota. Venti settentrionali deboli\/moderati fin sui 2000 m, tesi alle quote pi\u00f9 alte; deboli di direzione variabile nelle valli.<\/p>\n<hr \/>\n<p><center><b>Sabato 16<\/b><\/center>Altra stupenda giornata invernale con sole, cielo sereno e aria limpida ovunque. Arrivo di nubi alte alla sera. Le temperature saranno in ulteriore diminuzione nelle valli con ristabilirsi dell&#8217;ambiente gelido, quasi paragonabile all&#8217;inizio della settimana, mentre inizieranno a salire in alta quota. Venti settentrionali moderati\/tesi fino sui 2000\/2400 m, forti alle quote pi\u00f9 alte; deboli di direzione variabile nelle valli. Previsore:R.L.Th.<\/p>\n<\/div>\n<\/div>\n<\/div>\n<\/div>\n<p>&nbsp;<\/p>\n<p>&nbsp;<\/p>\n<p><a href=\"https:\/\/www.radiopiu.net\/wordpress\/giornale-radiopiu-15-settembre-2018-direttore-mirko-mezzacasa\/sport-7\/\" rel=\"attachment wp-att-60761\"><img loading=\"lazy\" decoding=\"async\" class=\"aligncenter wp-image-60761 size-full\" src=\"https:\/\/www.radiopiu.net\/wordpress\/wp-content\/uploads\/2018\/09\/sport.jpg\" alt=\"\" width=\"800\" height=\"100\" srcset=\"https:\/\/www.radiopiu.net\/wordpress\/wp-content\/uploads\/2018\/09\/sport.jpg 800w, https:\/\/www.radiopiu.net\/wordpress\/wp-content\/uploads\/2018\/09\/sport-300x38.jpg 300w, https:\/\/www.radiopiu.net\/wordpress\/wp-content\/uploads\/2018\/09\/sport-768x96.jpg 768w\" sizes=\"auto, (max-width: 800px) 100vw, 800px\" \/><\/a><\/p>\n<p>&nbsp;<\/p>\n<blockquote>\n<h2>TRANSCIVETTA 2021,POSTICIPO APERTURA ISCRIZIONI<\/h2>\n<\/blockquote>\n<p><strong><a href=\"https:\/\/www.radiopiu.net\/wordpress\/la-39-edizione-della-transcivetta-karpos-va-alla-coppia-cagnati-moia\/trans2019-podio-maschile\/\" rel=\"attachment wp-att-92428\"><img loading=\"lazy\" decoding=\"async\" class=\" wp-image-92428 alignleft\" src=\"https:\/\/www.radiopiu.net\/wordpress\/wp-content\/uploads\/2019\/07\/trans2019-podio-maschile-300x225.jpeg\" alt=\"\" width=\"184\" height=\"138\" srcset=\"https:\/\/www.radiopiu.net\/wordpress\/wp-content\/uploads\/2019\/07\/trans2019-podio-maschile-300x225.jpeg 300w, https:\/\/www.radiopiu.net\/wordpress\/wp-content\/uploads\/2019\/07\/trans2019-podio-maschile-768x576.jpeg 768w, https:\/\/www.radiopiu.net\/wordpress\/wp-content\/uploads\/2019\/07\/trans2019-podio-maschile-1024x768.jpeg 1024w, https:\/\/www.radiopiu.net\/wordpress\/wp-content\/uploads\/2019\/07\/trans2019-podio-maschile.jpeg 1600w\" sizes=\"auto, (max-width: 184px) 100vw, 184px\" \/><\/a>ALLEGHE<\/strong> <span style=\"font-family: verdana, sans-serif;\">ll comitato organizzatore della Transcivetta comunica che le iscrizioni alla <a href=\"http:\/\/40.ma\">40.ma<\/a> edizione slittano di qualche settimana rispetto alla data tradizionale di met\u00e0 gennaio.\u00a0 La data della manifestazione, comunque, \u00e8 confermata per domenica 18 luglio 2021. <\/span><span style=\"font-family: verdana, sans-serif;\">\u00a0L\u2019intento \u00e8 di attendere l\u2019evoluzione della situazione sanitaria e delle normative relative al contenimento del Covid-19 per modulare al meglio sia il percorso di avvicinamento alla gara sia la modalit\u00e0\u00a0 di partecipazione all\u2019evento. <\/span><span style=\"font-family: verdana, sans-serif;\">Si ricorda che per coloro che si fossero iscritti all\u2019edizione 2020 e non avessero richiesto il rimborso, \u00e8 confermata l\u2019iscrizione per il 2021.\u00a0<\/span><\/p>\n<p>&nbsp;<\/p>\n<hr \/>\n<p>&nbsp;<\/p>\n<blockquote>\n<h3>AL VIA IL CAMPIONATO DI B2, SABATO 23 AL DE MAS<\/h3>\n<\/blockquote>\n<p><em><a href=\"https:\/\/www.radiopiu.net\/wordpress\/giornale-radiopiu-13-gennaio-2021-direttore-mirko-mezzacasa\/martina_fantinel-orizz-1\/\" rel=\"attachment wp-att-184403\"><img loading=\"lazy\" decoding=\"async\" class=\" wp-image-184403 alignleft\" src=\"https:\/\/www.radiopiu.net\/wordpress\/wp-content\/uploads\/2021\/01\/Martina_Fantinel-orizz-1-300x200.jpg\" alt=\"\" width=\"201\" height=\"134\" srcset=\"https:\/\/www.radiopiu.net\/wordpress\/wp-content\/uploads\/2021\/01\/Martina_Fantinel-orizz-1-300x200.jpg 300w, https:\/\/www.radiopiu.net\/wordpress\/wp-content\/uploads\/2021\/01\/Martina_Fantinel-orizz-1-1024x683.jpg 1024w, https:\/\/www.radiopiu.net\/wordpress\/wp-content\/uploads\/2021\/01\/Martina_Fantinel-orizz-1-768x512.jpg 768w, https:\/\/www.radiopiu.net\/wordpress\/wp-content\/uploads\/2021\/01\/Martina_Fantinel-orizz-1-1536x1024.jpg 1536w, https:\/\/www.radiopiu.net\/wordpress\/wp-content\/uploads\/2021\/01\/Martina_Fantinel-orizz-1.jpg 1795w\" sizes=\"auto, (max-width: 201px) 100vw, 201px\" \/><\/a><\/em><strong>BELLUNO <\/strong><em>\u00abLa pallavolo \u00e8 ricamata sulla mia pelle. Ogni anno intreccio una sfida con me stessa, per capire se riuscir\u00f2 a terminare la stagione senza aver mai saltato neppure un allenamento\u00bb<\/em>.\u00a0 Lo dice Martina Fantinel: colonna portante della Pallavolo Belluno.\u00a0 Una colonna che, a dieci giorni dal debutto nel campionato femminile di B2, traccia il punto della situazione: <em>\u00abIo e Ilaria Garzaro siamo le pi\u00f9 \u201cvecchie\u201d, all\u2019interno di un gruppo giovanissimo, ma ricco di ragazze con la testa sulle spalle. Molte erano gi\u00e0 nell\u2019ingranaggio dello scorsa annata e hanno capito come funziona la macchina. Si stanno impegnando al massimo, sono sempre presenti a ogni allenamento. E non mollano mai. Tanto di cappello\u00bb.\u00a0 <\/em>Sabato 23 (ore 18), il sestetto di Dario Pavei far\u00e0 il suo esordio al De Mas contro il Conegliano Volley.<\/p>\n<p>&nbsp;<\/p>\n","protected":false},"excerpt":{"rendered":"<p>PER RICEVERE QUESTO NOTIZIARIO DIRETTAMENTE SUL TUO CELLULARE ISCRIVITI AL CANALE TELEGRAM \u201cRADIO PIU\u00a0 INFORMAZIONE&#8221;\u00a0 ATTENZIONE: LA NUOVA APP PER IOS-IPHONE https:\/\/apps.apple.com\/it\/app\/radio-pi%C3%B9-emittente-agordina\/id1515939845 ATTENZIONE: LA NUOVA APP RADIO\u00a0 PER ANDROID https:\/\/play.google.com\/store\/apps\/details?id=net.radiopiu.iniko\u00a0 &nbsp; &nbsp; L&#8217;INIZIATIVA DI ATTIVAMENTE AGORDINO &#x2744;&#xfe0f;PISTA DA FONDO A TAIBON AGORDINO&#x2744;&#xfe0f; TAIBON La pista da fondo \u00e8 sulla piana di fronte al campo sintetico.&hellip;<\/p>\n","protected":false},"author":4,"featured_media":184533,"comment_status":"closed","ping_status":"closed","sticky":false,"template":"","format":"standard","meta":{"_monsterinsights_skip_tracking":false,"_monsterinsights_sitenote_active":false,"_monsterinsights_sitenote_note":"","_monsterinsights_sitenote_category":0,"footnotes":""},"categories":[1,51,86,49],"tags":[],"class_list":["post-184330","post","type-post","status-publish","format-standard","has-post-thumbnail","hentry","category-senza-categoria","category-evidenza-top","category-gr","category-news-18","category-1","category-51","category-86","category-49","description-off"],"img_url":"https:\/\/www.radiopiu.net\/wordpress\/wp-content\/uploads\/2021\/01\/49625efb-c22e-4cf6-a548-49bb309b2856.jpg","_links":{"self":[{"href":"https:\/\/www.radiopiu.net\/wordpress\/wp-json\/wp\/v2\/posts\/184330","targetHints":{"allow":["GET"]}}],"collection":[{"href":"https:\/\/www.radiopiu.net\/wordpress\/wp-json\/wp\/v2\/posts"}],"about":[{"href":"https:\/\/www.radiopiu.net\/wordpress\/wp-json\/wp\/v2\/types\/post"}],"author":[{"embeddable":true,"href":"https:\/\/www.radiopiu.net\/wordpress\/wp-json\/wp\/v2\/users\/4"}],"replies":[{"embeddable":true,"href":"https:\/\/www.radiopiu.net\/wordpress\/wp-json\/wp\/v2\/comments?post=184330"}],"version-history":[{"count":0,"href":"https:\/\/www.radiopiu.net\/wordpress\/wp-json\/wp\/v2\/posts\/184330\/revisions"}],"wp:featuredmedia":[{"embeddable":true,"href":"https:\/\/www.radiopiu.net\/wordpress\/wp-json\/wp\/v2\/media\/184533"}],"wp:attachment":[{"href":"https:\/\/www.radiopiu.net\/wordpress\/wp-json\/wp\/v2\/media?parent=184330"}],"wp:term":[{"taxonomy":"category","embeddable":true,"href":"https:\/\/www.radiopiu.net\/wordpress\/wp-json\/wp\/v2\/categories?post=184330"},{"taxonomy":"post_tag","embeddable":true,"href":"https:\/\/www.radiopiu.net\/wordpress\/wp-json\/wp\/v2\/tags?post=184330"}],"curies":[{"name":"wp","href":"https:\/\/api.w.org\/{rel}","templated":true}]}}