{"id":184396,"date":"2021-01-12T12:25:32","date_gmt":"2021-01-12T11:25:32","guid":{"rendered":"https:\/\/www.radiopiu.net\/wordpress\/?p=184396"},"modified":"2021-01-12T13:24:41","modified_gmt":"2021-01-12T12:24:41","slug":"184396-2","status":"publish","type":"post","link":"https:\/\/www.radiopiu.net\/wordpress\/184396-2\/","title":{"rendered":"I GIORNI DEL VACCINO, I NUMERI DELLA PANDEMIA- PARLA ZAIA"},"content":{"rendered":"<p><strong>VENEZIA<\/strong>\u00a0Da Marghera punto stampa-aggiornamento covid19 con il Presidente della Regione Luca Zaia<\/p>\n<p>&nbsp;<\/p>\n<p><strong>I NUMERI<\/strong> TAMPONI MOLECOLARI 3.493.231 TAMPONI RAPIDI\u00a0 2.141.512 (52MILA TAMPONI,\u00a0 POSITIVI 2134 INCIDENZA DEL 4% MEDIA NAZIONALE 14%.\u00a0 POSITIVI ATTUALI 289835 RICOVERATI TOTALI\u00a0 3419 TERAPIA INTENSIVA\u00a0 391 (+2)\u00a0 AREA NON CRITICA 3028 (+34) DECESSI 7593 +166 recupero fine settimana DIMESSI 12.031.<\/p>\n<p><span style=\"color: #ff0000;\"><strong>VACCINI: 96,30% DEL MAGAZZINO OVVERO 74.471 VENETI VACCINATI<\/strong><\/span><\/p>\n<blockquote>\n<h2>LEGGI LA CONFERENZA STAMPA DI LUCA ZAIA<\/h2>\n<\/blockquote>\n<p><em>Quando il covid distrugge una famiglia, un decesso (40 anni) e due persone in terapia intensiva (50 anni). Con i magazzini pieni entro l&#8217;estate tutti i veneti sarebbero vaccinati, in quattro mesi facciamo tutto, ma servono vaccini. Con la fornitura attuale questo obiettivo non \u00e8 raggiungibile. Restrizioni potrebbero scattare, in modo differenziato, a seconda del livello di rischio, ma ogni decisione deve essere supportata da ristori alla tedesca<\/em><\/p>\n<p>Oggi 342 terapie intensive dopo aver raggiunto 401 postazioni, ad oggi 97 letti di terapia intensiva liberi. Considerazioni: nei dati nazionali i numeri crescono nelle regioni e le curve non sono certo verso il basso. Forse per noi c&#8217;e&#8217; una direzione in calo dopo aver passato l&#8217;onda importante quando altri non ce l&#8217;avevano, puo&#8217; essere ci sia un&#8217;inversione di tendenza repentina e si torni su. Per percentuale di malati sulla popolazione siamo la sesta regione in Italia, ce ne sono 5 di Regioni messe &#8220;peggio&#8221; il virus si sta veramente facendo sentire e in realt\u00e0 dove ci sono state restrizioni che noi non abbiamo avuto. Non sappiamo se quanto visto in Germania e Gran Bretagna si trasferir\u00e0 anche in Italia, siamo attenti e preoccupati. Non stiamo facendo terrorismo ma informando il Veneto. Ad aprile ne siamo usciti velocemente, in tre mesi, ora si va avanti dai primi di ottobre e sono gi\u00e0 quattro mesi. Contiamo molto sulle vaccinazione, pi\u00f9 ce ne danno e pi\u00f9 veloci saremo nelle operazioni. Abbiamo avuto anche ieri la segnalazione di una famiglia con due cinquantenni in terapia intensiva e un quarantenne morto. Ho chiesto i tamponi dei tre cittadini per fare la sequenza, non \u00e8 normale.\u00a0 Se scegliessimo il &#8220;liberi tutti&#8221; avremmo due problemi, tutelare i pi\u00f9 fragili, la sanit\u00e0 andrebbe in tilt. E non esiste sanit\u00e0 al mondo che non andrebbe in tilt, e i cittadini rischierebbero di trovare le porte chiuse negli ospedali, non \u00e8 il nostro caso comunque.\u00a0 Il tema dell&#8217;economia: ho difeso il diritto all&#8217;impresa e all&#8217;occupazione, anche con ordinanze. Abbiamo chiesto i ristori, comprendo la disperazione e la rabbia di molti che vorrebbero poter aprire le attivit\u00e0, il punto di equilibrio sono ristori solidi alla tedesca.\u00a0 Avremo un nuovo incontro con il Governo per il Dpcm, il ministro ieri ha parlato dell&#8217;introduzione di un valore &#8220;a rischio alto&#8221;. Arriveranno a breve le prime micro dosi di Moderna, ce ne toccheranno 8mila circa, a febbraio 600mila e poi dicono un milione al mese. AstraZenica ci permetterebbe di fare una vaccinazione di massa su pi\u00f9 fronti. Potremmo recuperare sei mesi sulla tabella di marcia perch\u00e9 \u00e8 un vaccino che si gestisce con pi\u00f9 facilit\u00e0.<\/p>\n<a href=\"https:\/\/www.radiopiu.net\/wordpress\/wp-content\/uploads\/2021\/01\/TI-12-GEN.pdf\" class=\"pdfemb-viewer\" style=\"\" data-width=\"max\" data-height=\"max\" data-toolbar=\"top\" data-toolbar-fixed=\"on\">TI 12 GEN<\/a>\n<h2><span style=\"color: #ff0000;\">DOMANDE<\/span><\/h2>\n<p><strong> UN GRUPPO DI RISTORATORI (50MILA ADESIONI) IN SEGNO DI PROTESTA VOGLIONO FARE UN PRANZO E UNA CENA APERTA A TUTTI<\/strong> Non ne so nulla. <strong>L&#8217;ALGORITMO COSA SEGNALA<\/strong> Ho visto un po&#8217; di dati, c&#8217;e&#8217; un calo di ricoveri, la curva delle dimissioni da un po&#8217; di giorni \u00e8 maggiore di quella dei ricoveri. Se abbassiamo la guardia un istante e torniano su. Qualcuno pensa sia ancora una farsa e mi dispiace. Se non ci fosse una sanit\u00e0 come quella in Veneto ben organizzata ci sarebbero pazienti a &#8220;terra&#8221; non presi in carico. <strong>INIZIATIVA DI UN IMPRENDITORE DI PESARO DI RIAPRIRE CONTRO LE RESTRIZIONI BAR E RISTORANTI<\/strong> Capisco la loro disperazione, se avessero i ristori sul fatturato nessuno sarebbe qui a parlare di riaperture. Che il Governo mandi i ristori. <strong>NESSUNO LI HA RICEVUTI DA MARZO<\/strong> Ne abbiamo parlato 1000 volte.<strong> VACCINI, IL PERSONALE ESTERNO PER LE AZIENDE SANITARIE (PULIZIE-VIGILANZA ETC..) SARA&#8217; VACCINATO SUBITO O DOPO?<\/strong> Vacciniamo anche gli esterni che lavorano nella sanit\u00e0. La priorit\u00e0 \u00e8 dato dall&#8217;esposizione al rischio. <strong>RISTORI E CRISI DI GOVERNO IN ATTO VI E&#8217; STATA DATA UNA PROSPETTIVA?<\/strong> Ci hanno detto che il timing \u00e8 immediato con il DPCM. Se il ristoratore minaccia di aprire significa che \u00e8 un grido di allarme, se arrivasse il ristoro non si sarebbe questo problema. Il tema dei ristori \u00e8 fondamentale.<\/p>\n<blockquote>\n<h2>L&#8217;ASSESSORE MANUELA LANZARIN<\/h2>\n<\/blockquote>\n<p>Ieri incontro con i medici di medicina generale, abbiamo deciso di rinviare a un tavolo specifico sulla vaccinazione: saranno coinvolti e ci sar\u00e0 un accordo. Non sappiamo se ci sar\u00e0 anche un accordo nazionale.\u00a0 Serve per\u00f2 un vaccino che non abbia bisogno della catena del freddo e che possa essere somministrato da loro, ma anche nelle farmacie, da specializzandi,\u00a0 medici in pensione e il contingente che ci dovrebbe arrivare dal bando nazionale di Arcuri. Hanno risposto 19mila medici e 4mila infermieri, disponibili da marzo. <strong>DAI MEDICI DI MEDICINA GENERALE ADESIONE AL 90%:<\/strong> 171.000 tamponi fatti,\u00a0 L&#8217;85% ha dato esito esito negativo. IN FARMACIA 200 hanno aderito su 1440,\u00a0 sono stati eseguiti (senza ricetta e a 26 euro) 4023 tamponi,\u00a0 268\u00a0 positivi e 3751\u00a0 negativi.<\/p>\n<p>&nbsp;<\/p>\n<p><a href=\"https:\/\/www.facebook.com\/zaiaufficiale\/videos\/863282987848405\">https:\/\/www.facebook.com\/zaiaufficiale\/videos\/863282987848405<\/a><\/p>\n<p>&nbsp;<\/p>\n<p>&nbsp;<\/p>\n","protected":false},"excerpt":{"rendered":"<p>VENEZIA\u00a0Da Marghera punto stampa-aggiornamento covid19 con il Presidente della Regione Luca Zaia &nbsp; I NUMERI TAMPONI MOLECOLARI 3.493.231 TAMPONI RAPIDI\u00a0 2.141.512 (52MILA TAMPONI,\u00a0 POSITIVI 2134 INCIDENZA DEL 4% MEDIA NAZIONALE 14%.\u00a0 POSITIVI ATTUALI 289835 RICOVERATI TOTALI\u00a0 3419 TERAPIA INTENSIVA\u00a0 391 (+2)\u00a0 AREA NON CRITICA 3028 (+34) DECESSI 7593 +166 recupero fine settimana DIMESSI 12.031. VACCINI:&hellip;<\/p>\n","protected":false},"author":4,"featured_media":115617,"comment_status":"closed","ping_status":"closed","sticky":false,"template":"","format":"standard","meta":{"_monsterinsights_skip_tracking":false,"_monsterinsights_sitenote_active":false,"_monsterinsights_sitenote_note":"","_monsterinsights_sitenote_category":0,"footnotes":""},"categories":[51,49],"tags":[],"class_list":["post-184396","post","type-post","status-publish","format-standard","has-post-thumbnail","hentry","category-evidenza-top","category-news-18","category-51","category-49","description-off"],"img_url":"https:\/\/www.radiopiu.net\/wordpress\/wp-content\/uploads\/2020\/02\/01-02-2020-MARGINE-PRESIDENTE-ZAIA-mov-image.jpg","_links":{"self":[{"href":"https:\/\/www.radiopiu.net\/wordpress\/wp-json\/wp\/v2\/posts\/184396","targetHints":{"allow":["GET"]}}],"collection":[{"href":"https:\/\/www.radiopiu.net\/wordpress\/wp-json\/wp\/v2\/posts"}],"about":[{"href":"https:\/\/www.radiopiu.net\/wordpress\/wp-json\/wp\/v2\/types\/post"}],"author":[{"embeddable":true,"href":"https:\/\/www.radiopiu.net\/wordpress\/wp-json\/wp\/v2\/users\/4"}],"replies":[{"embeddable":true,"href":"https:\/\/www.radiopiu.net\/wordpress\/wp-json\/wp\/v2\/comments?post=184396"}],"version-history":[{"count":0,"href":"https:\/\/www.radiopiu.net\/wordpress\/wp-json\/wp\/v2\/posts\/184396\/revisions"}],"wp:featuredmedia":[{"embeddable":true,"href":"https:\/\/www.radiopiu.net\/wordpress\/wp-json\/wp\/v2\/media\/115617"}],"wp:attachment":[{"href":"https:\/\/www.radiopiu.net\/wordpress\/wp-json\/wp\/v2\/media?parent=184396"}],"wp:term":[{"taxonomy":"category","embeddable":true,"href":"https:\/\/www.radiopiu.net\/wordpress\/wp-json\/wp\/v2\/categories?post=184396"},{"taxonomy":"post_tag","embeddable":true,"href":"https:\/\/www.radiopiu.net\/wordpress\/wp-json\/wp\/v2\/tags?post=184396"}],"curies":[{"name":"wp","href":"https:\/\/api.w.org\/{rel}","templated":true}]}}