{"id":184507,"date":"2021-01-12T18:37:32","date_gmt":"2021-01-12T17:37:32","guid":{"rendered":"https:\/\/www.radiopiu.net\/wordpress\/?p=184507"},"modified":"2021-01-13T06:02:59","modified_gmt":"2021-01-13T05:02:59","slug":"il-report-sullattivita-di-elisoccorso-nel-2020","status":"publish","type":"post","link":"https:\/\/www.radiopiu.net\/wordpress\/il-report-sullattivita-di-elisoccorso-nel-2020\/","title":{"rendered":"IL REPORT SULL&#8217;ATTIVITA&#8217; DI ELISOCCORSO NEL 2020"},"content":{"rendered":"<p><strong>BELLUNO\u00a0 <\/strong>Ecco il bilancio delle attivit\u00e0 di elisoccorso nel 2020 a confronto col 2019:<\/p>\n<table width=\"643\">\n<tbody>\n<tr>\n<td colspan=\"2\" width=\"264\">&nbsp;<\/td>\n<td width=\"189\"><strong>2019<\/strong><\/td>\n<td width=\"189\"><strong>2020<\/strong><\/td>\n<\/tr>\n<tr>\n<td colspan=\"2\" width=\"264\">Totale missioni<\/td>\n<td width=\"189\">696<\/td>\n<td width=\"189\">675<\/td>\n<\/tr>\n<tr>\n<td rowspan=\"3\" width=\"107\">Tipo missione<\/td>\n<td width=\"157\">Primari<\/td>\n<td width=\"189\">556<\/td>\n<td width=\"189\">532<\/td>\n<\/tr>\n<tr>\n<td width=\"157\">Secondari<\/td>\n<td width=\"189\">85<\/td>\n<td width=\"189\">99<\/td>\n<\/tr>\n<tr>\n<td width=\"157\">Addestramento<\/td>\n<td width=\"189\">55<\/td>\n<td width=\"189\">44<\/td>\n<\/tr>\n<tr>\n<td colspan=\"2\" width=\"264\">&nbsp;<\/td>\n<td width=\"189\">&nbsp;<\/td>\n<td width=\"189\">&nbsp;<\/td>\n<\/tr>\n<tr>\n<td rowspan=\"4\" width=\"107\">Pazienti<\/td>\n<td width=\"157\">Illesi<\/td>\n<td width=\"189\">43<\/td>\n<td width=\"189\">50<\/td>\n<\/tr>\n<tr>\n<td width=\"157\">Elitrasportati a Belluno<\/td>\n<td width=\"189\">325<\/td>\n<td width=\"189\">322<\/td>\n<\/tr>\n<tr>\n<td width=\"157\">Elitrasportati a Treviso<\/td>\n<td width=\"189\">86<\/td>\n<td width=\"189\">102<\/td>\n<\/tr>\n<tr>\n<td width=\"157\">Elitrasportati a Fuori Regione<\/td>\n<td width=\"189\">22<\/td>\n<td width=\"189\">13<\/td>\n<\/tr>\n<\/tbody>\n<\/table>\n<p>&nbsp;<\/p>\n<p><a href=\"https:\/\/www.radiopiu.net\/wordpress\/il-report-sullattivita-di-elisoccorso-nel-2020\/img_20210108_121831\/\" rel=\"attachment wp-att-184508\"><img loading=\"lazy\" decoding=\"async\" class=\"size-medium wp-image-184508 alignleft\" src=\"https:\/\/www.radiopiu.net\/wordpress\/wp-content\/uploads\/2021\/01\/IMG_20210108_121831-300x300.jpg\" alt=\"\" width=\"300\" height=\"300\" srcset=\"https:\/\/www.radiopiu.net\/wordpress\/wp-content\/uploads\/2021\/01\/IMG_20210108_121831-300x300.jpg 300w, https:\/\/www.radiopiu.net\/wordpress\/wp-content\/uploads\/2021\/01\/IMG_20210108_121831-1024x1024.jpg 1024w, https:\/\/www.radiopiu.net\/wordpress\/wp-content\/uploads\/2021\/01\/IMG_20210108_121831-150x150.jpg 150w, https:\/\/www.radiopiu.net\/wordpress\/wp-content\/uploads\/2021\/01\/IMG_20210108_121831-768x768.jpg 768w, https:\/\/www.radiopiu.net\/wordpress\/wp-content\/uploads\/2021\/01\/IMG_20210108_121831-1536x1536.jpg 1536w, https:\/\/www.radiopiu.net\/wordpress\/wp-content\/uploads\/2021\/01\/IMG_20210108_121831-2048x2048.jpg 2048w\" sizes=\"auto, (max-width: 300px) 100vw, 300px\" \/><\/a>\u00ab<em>I dati complessivi sull\u2019attivit\u00e0 dell\u2019Elisoccorso della Provincia di Belluno mostrano che, nonostante il 2020 sia stato un anno decisamente particolare a causa della pandemia da COVID-19, i livelli di attivit\u00e0 sono stati sostanzialmente sovrapponibili a quelli dell\u2019anno precedente. <\/em><em>In particolare, \u00e8 risultato quasi equivalente il numero globale di missioni effettuate, nonostante nei mesi di \u201clockdown\u201d l\u2019attivit\u00e0 si sia praticamente azzerata, con sole 21 missioni in meno rispetto all\u2019anno precedente<\/em>\u00bb, spiega il direttore del SUEM 118 Giulio Trill\u00f2. \u00ab<em>\u00c8 quasi equivalente al 2019 anche la proporzione sul tipo di missioni effettuate, con circa il 75% di missioni primarie, un 15% di trasporti secondari tra ospedali, e un 10% di attivit\u00e0 addestrativa. <\/em><em>\u00c8 altres\u00ec simile la destinazione dei pazienti soccorsi, con l\u2019Ospedale \u201cS. Martino\u201d di Belluno a fare la parte del leone sull\u2019accoglimento dei pazienti soccorsi da \u201cFalco\u201d, mentre resta stabile, ma sempre significativo, il numero dei cosiddetti \u201cillesi\u201d: persone cio\u00e8 che vengono solo recuperate utilizzando l\u2019elisoccorso ma che non presentano ferite o lesioni che necessitino di ricovero o medicazione in ambito ospedaliero<\/em>\u00bb, continua Trill\u00f2. Proseguono, intanto, i lavori a Pieve di Cadore per la nuova base HEMS. In questi giorni \u00e8 stato liberato l\u2019accesso al cantiere dalla copiosa neve presente. I lavori alla base HEMS di Pieve di Cadore, che sar\u00e0 dotata dei pi\u00f9 moderni standard di sicurezza e funzionalit\u00e0, avviati a fine agosto per un investimento di oltre 3 milioni di euro. A febbraio, invece, il Consiglio di Stato si dovrebbe esprimere sull\u2019appello interposto a seguito della sentenza n.102\/2020 pubblicata il 13\/10 del TAR Veneto che ha respinto per inammissibilit\u00e0 e per infondatezza il ricorso promosso dalla ditta Elifriulia srl nei confronti dell&#8217;aggiudicazione della gara, indetta da Azienda Zero, per il servizio di elisoccorso condannando il ricorrente al rimborso delle spese.<\/p>\n","protected":false},"excerpt":{"rendered":"<p>BELLUNO\u00a0 Ecco il bilancio delle attivit\u00e0 di elisoccorso nel 2020 a confronto col 2019: &nbsp; 2019 2020 Totale missioni 696 675 Tipo missione Primari 556 532 Secondari 85 99 Addestramento 55 44 &nbsp; &nbsp; &nbsp; Pazienti Illesi 43 50 Elitrasportati a Belluno 325 322 Elitrasportati a Treviso 86 102 Elitrasportati a Fuori Regione 22 13&hellip;<\/p>\n","protected":false},"author":4,"featured_media":184508,"comment_status":"closed","ping_status":"closed","sticky":false,"template":"","format":"standard","meta":{"_monsterinsights_skip_tracking":false,"_monsterinsights_sitenote_active":false,"_monsterinsights_sitenote_note":"","_monsterinsights_sitenote_category":0,"footnotes":""},"categories":[51,49],"tags":[],"class_list":["post-184507","post","type-post","status-publish","format-standard","has-post-thumbnail","hentry","category-evidenza-top","category-news-18","category-51","category-49","description-off"],"img_url":"https:\/\/www.radiopiu.net\/wordpress\/wp-content\/uploads\/2021\/01\/IMG_20210108_121831-scaled.jpg","_links":{"self":[{"href":"https:\/\/www.radiopiu.net\/wordpress\/wp-json\/wp\/v2\/posts\/184507","targetHints":{"allow":["GET"]}}],"collection":[{"href":"https:\/\/www.radiopiu.net\/wordpress\/wp-json\/wp\/v2\/posts"}],"about":[{"href":"https:\/\/www.radiopiu.net\/wordpress\/wp-json\/wp\/v2\/types\/post"}],"author":[{"embeddable":true,"href":"https:\/\/www.radiopiu.net\/wordpress\/wp-json\/wp\/v2\/users\/4"}],"replies":[{"embeddable":true,"href":"https:\/\/www.radiopiu.net\/wordpress\/wp-json\/wp\/v2\/comments?post=184507"}],"version-history":[{"count":0,"href":"https:\/\/www.radiopiu.net\/wordpress\/wp-json\/wp\/v2\/posts\/184507\/revisions"}],"wp:featuredmedia":[{"embeddable":true,"href":"https:\/\/www.radiopiu.net\/wordpress\/wp-json\/wp\/v2\/media\/184508"}],"wp:attachment":[{"href":"https:\/\/www.radiopiu.net\/wordpress\/wp-json\/wp\/v2\/media?parent=184507"}],"wp:term":[{"taxonomy":"category","embeddable":true,"href":"https:\/\/www.radiopiu.net\/wordpress\/wp-json\/wp\/v2\/categories?post=184507"},{"taxonomy":"post_tag","embeddable":true,"href":"https:\/\/www.radiopiu.net\/wordpress\/wp-json\/wp\/v2\/tags?post=184507"}],"curies":[{"name":"wp","href":"https:\/\/api.w.org\/{rel}","templated":true}]}}