{"id":184550,"date":"2021-01-14T06:03:26","date_gmt":"2021-01-14T05:03:26","guid":{"rendered":"https:\/\/www.radiopiu.net\/wordpress\/?p=184550"},"modified":"2021-01-14T10:21:26","modified_gmt":"2021-01-14T09:21:26","slug":"giornale-radiopiu-14-gennaio-2021-direttore-mirko-mezzacasa","status":"publish","type":"post","link":"https:\/\/www.radiopiu.net\/wordpress\/giornale-radiopiu-14-gennaio-2021-direttore-mirko-mezzacasa\/","title":{"rendered":"GIORNALE RADIOPIU 14 GENNAIO 2021 DIRETTORE MIRKO MEZZACASA"},"content":{"rendered":"<h3>PER<strong> RICEVERE QUESTO NOTIZIARIO DIRETTAMENTE SUL TUO CELLULARE ISCRIVITI AL CANALE TELEGRAM <\/strong><strong>\u201cRADIO PIU\u00a0 INFORMAZIONE&#8221;\u00a0<\/strong><\/h3>\n<p><em>ATTENZIONE: LA NUOVA APP PER IOS-IPHONE<\/em><\/p>\n<div>\n<div><a href=\"https:\/\/apps.apple.com\/it\/app\/radio-pi%C3%B9-emittente-agordina\/id1515939845\">https:\/\/apps.apple.com\/it\/app\/radio-pi%C3%B9-emittente-agordina\/id1515939845<\/a><\/div>\n<\/div>\n<div><\/div>\n<div>\n<div dir=\"auto\"><em>ATTENZIONE: LA NUOVA APP RADIO\u00a0 PER ANDROID<\/em><\/div>\n<\/div>\n<p><a href=\"https:\/\/play.google.com\/store\/apps\/details?id=net.radiopiu.iniko\" target=\"_blank\" rel=\"noopener noreferrer\">https:\/\/play.google.com\/store\/apps\/details?id=net.radiopiu.iniko\u00a0\u00a0<\/a><\/p>\n<p>&nbsp;<\/p>\n<p><strong><span style=\"color: #ff0000;\">FALCADE<\/span> SUL TERRITORIO COMUNALE DI FALCADE E&#8217; POSSIBILE LA PRATICA DELLO SCI ALPINISMO E CIASPE, IL SINDACO MICHELE COSTA HA INFATTI REVOCATO L&#8217;ORDINANZA DEL 4 GENNAIO &#8220;DIVIETO DELLA PRATICA DELLO SCI ED ALTRE DISCIPLINE IN SPAZI APERTI IN QUOTA&#8221;.\u00a0<\/strong><\/p>\n<p><strong><span style=\"color: #ff0000;\">AGORDO<\/span> VISTE LE PERMANENTI LIMITAZIONI CAUSA PANDEMIA LA SEDE DEL CAI DI AGORDO RIMANE CHIUSA, GLI INTERESSATI POTRANNO RINNOVARE LA TESSERA MEDIANTE BONIFICO IL BOLLINO VERRA&#8217; INVIATO A DOMICILIO (: IBAN IT09M0814088260000006056188 della Cassa Rurale delle Dolomiti). LA SEDE RIAPRIRA&#8217; SOLO QUANDO ANCHE L&#8217;AGORDINO USCIRA&#8217; DALLA ZONA ARANCIONE. <\/strong><em>La Presidente Anna Magro: &#8220;Malgrado la nostra buona volont\u00e0, siamo costretti ad adeguarci alla situazione epidemiologica e quindi a rivedere l&#8217;apertura della sede e le modalit\u00e0 di rinnovo del tesseramento.Ci scusiamo con i Soci, con l&#8217;impegno di comunicare tempestivamente eventuali prossime aperture&#8221;.\u00a0\u00a0<\/em><\/p>\n<hr \/>\n<h3><\/h3>\n<h3>TAIBON: IL LUPO TORNA IN VALLE DI SAN LUCANO<\/h3>\n<p><strong>FOTO FIORE BULF\u00a0<\/strong><\/p>\n<p><strong>TAIBON<\/strong> La storia racconta di un tempo quando il lupo venne definitivamente eliminato dalla superficie del territorio. La storia racconta che furono i cacciatori di Taibon in Valle di San Lucano ad eliminare il predatore, ricordi verbali ma anche fotografici hanno sempre fatto discutere e ricordare in paese. Oggi il lupo \u00e8 di nuovo presente sul territorio, non ancora avvistato, fotografato, ma le tracce del suo passaggio sono evidenti negli scatti di Fiore Bulf di Taibon che la valle la conosce molto bene.<\/p>\n\n\t\t\t<style type='text\/css'>\n\t\t\t\t#gallery-1 {\n\t\t\t\t\tmargin: auto;\n\t\t\t\t}\n\t\t\t\t#gallery-1 .gallery-item {\n\t\t\t\t\tfloat: left;\n\t\t\t\t\tmargin-top: 10px;\n\t\t\t\t\ttext-align: center;\n\t\t\t\t\twidth: 25%;\n\t\t\t\t}\n\t\t\t\t#gallery-1 img {\n\t\t\t\t\tborder: 2px solid #cfcfcf;\n\t\t\t\t}\n\t\t\t\t#gallery-1 .gallery-caption {\n\t\t\t\t\tmargin-left: 0;\n\t\t\t\t}\n\t\t\t\t\/* see gallery_shortcode() in wp-includes\/media.php *\/\n\t\t\t<\/style>\n\t\t<div id='gallery-1' class='dt-gallery-container gallery galleryid-184550 gallery-columns-4 gallery-size-thumbnail'><dl class='gallery-item'>\n\t\t\t\t<dt class='gallery-icon portrait'>\n\t\t\t\t\t<a class=\"rollover rollover-zoom dt-pswp-item\" title=\"718ba7e1-24d2-4cf7-92be-e3858986e562\" data-dt-img-description=\"\" data-large_image_width=\"739\" data-large_image_height=\"1600\"href='https:\/\/www.radiopiu.net\/wordpress\/wp-content\/uploads\/2021\/01\/718ba7e1-24d2-4cf7-92be-e3858986e562.jpg'><img loading=\"lazy\" decoding=\"async\" width=\"150\" height=\"150\" src=\"https:\/\/www.radiopiu.net\/wordpress\/wp-content\/uploads\/2021\/01\/718ba7e1-24d2-4cf7-92be-e3858986e562-150x150.jpg\" class=\"attachment-thumbnail size-thumbnail\" alt=\"\" \/><\/a>\n\t\t\t\t<\/dt><\/dl><dl class='gallery-item'>\n\t\t\t\t<dt class='gallery-icon portrait'>\n\t\t\t\t\t<a class=\"rollover rollover-zoom dt-pswp-item\" title=\"bdac5ff5-56df-4e4d-9c88-6c5939f4c3f1\" data-dt-img-description=\"\" data-large_image_width=\"739\" data-large_image_height=\"1600\"href='https:\/\/www.radiopiu.net\/wordpress\/wp-content\/uploads\/2021\/01\/bdac5ff5-56df-4e4d-9c88-6c5939f4c3f1.jpg'><img loading=\"lazy\" decoding=\"async\" width=\"150\" height=\"150\" src=\"https:\/\/www.radiopiu.net\/wordpress\/wp-content\/uploads\/2021\/01\/bdac5ff5-56df-4e4d-9c88-6c5939f4c3f1-150x150.jpg\" class=\"attachment-thumbnail size-thumbnail\" alt=\"\" \/><\/a>\n\t\t\t\t<\/dt><\/dl><dl class='gallery-item'>\n\t\t\t\t<dt class='gallery-icon portrait'>\n\t\t\t\t\t<a class=\"rollover rollover-zoom dt-pswp-item\" title=\"318147ef-a6ec-4dbd-baec-181803f61fe4\" data-dt-img-description=\"\" data-large_image_width=\"739\" data-large_image_height=\"1600\"href='https:\/\/www.radiopiu.net\/wordpress\/wp-content\/uploads\/2021\/01\/318147ef-a6ec-4dbd-baec-181803f61fe4.jpg'><img loading=\"lazy\" decoding=\"async\" width=\"150\" height=\"150\" src=\"https:\/\/www.radiopiu.net\/wordpress\/wp-content\/uploads\/2021\/01\/318147ef-a6ec-4dbd-baec-181803f61fe4-150x150.jpg\" class=\"attachment-thumbnail size-thumbnail\" alt=\"\" \/><\/a>\n\t\t\t\t<\/dt><\/dl><dl class='gallery-item'>\n\t\t\t\t<dt class='gallery-icon portrait'>\n\t\t\t\t\t<a class=\"rollover rollover-zoom dt-pswp-item\" title=\"e3f0ec7a-e9c0-430a-8d49-85322df6488d\" data-dt-img-description=\"\" data-large_image_width=\"739\" data-large_image_height=\"1600\"href='https:\/\/www.radiopiu.net\/wordpress\/wp-content\/uploads\/2021\/01\/e3f0ec7a-e9c0-430a-8d49-85322df6488d.jpg'><img loading=\"lazy\" decoding=\"async\" width=\"150\" height=\"150\" src=\"https:\/\/www.radiopiu.net\/wordpress\/wp-content\/uploads\/2021\/01\/e3f0ec7a-e9c0-430a-8d49-85322df6488d-150x150.jpg\" class=\"attachment-thumbnail size-thumbnail\" alt=\"\" \/><\/a>\n\t\t\t\t<\/dt><\/dl><br style=\"clear: both\" \/>\n\t\t\t<\/div>\n\n<p>&nbsp;<\/p>\n<p>&nbsp;<\/p>\n<hr \/>\n<p><strong><span style=\"color: #ff0000;\">\u00a0 \u00a0DELLA SERIE IN CHE MANI SIAMO<\/span><\/strong><\/p>\n<blockquote>\n<h3>ITALIA NEL PANICO MENTRE LA POLITICA LITIGA PREANNUNCIANDO LA CRISI. SALVINI VORREBBE ADDIRITTURA LE ELEZIONI MA ZAIA SI SMARCA &#8220;SAREBBE TRAUMATICO E TRAGICO&#8221;. INTANTO I RISTORI TARDANO.<\/h3>\n<\/blockquote>\n<p>Pur con le curve in discesa da 15 giorni il Veneto \u00e8 classificato in zona arancione a rischio alto, i segnali sono confortanti soprattutto guardando al dato sull&#8217;incidenza dei positivi suoi tamponi ieri al 3,48% rispetto al dato nazionale da giorni in doppia cifra tra 10 e 13%. Il tasso di occupazione delle terapie intensive rimane sopra la soglia di guardia, ma i ricoveri scendono giorno per giorno. Ieri 47 decessi, molto meno rispetto ai 139 del giorno prima dato falsato dagli allineamenti del fine settimana. Da febbraio le vittime sono ormai 7714, in ospedale ci sono 2951 malati, 78 in meno nei reparti non critici, 9 in meno in terapia intensiva. Prosegue la vaccinazione anti covid, ieri sono arrivati in Veneto anche i vaccini Moderna, nella RSA solo il 20% degli operatori ha rifiutato il vaccino. Un&#8217;altra data per la riapertura delle piste da sci, o meglio il 18 gennaio potrebbero aprire solo le piste e nemmeno tutte della Provincia Autonoma di Bolzano con il Superski bloccato al confine con le Regioni Veneto e Trentino dove gi\u00e0 si parla della riapertura ma solo dal 18 febbraio. Non si capisce pi\u00f9 nulla, la confusione regna sovrana per l&#8217;ennesima volta si cambia data con continui rinvii da Natale alla Befana, dal 7 al 18 gennaio e adesso un&#8217;altro rinvio di un mese mentre i politici si azzuffano tra crisi di Governo ed elezioni anticipate con l&#8217;argomento ristori che slitta alle calende greche. Per gli incravattati romani pare non contino molto i numeri: 70 milioni di fatturato e l&#8217;indotto moltiplicato per sette con il 60% degli stagionali senza cassa integrazione a casa senza lavoro e il Governo ancora nicchia, discute, litiga. Il decreto ristori salvo ristori potrebbe portare sulle Dolomiti 80 milioni anche se sulla cifra non ha le idee chiare nemmeno il deputato Roger De Menech del Pd, partito di Governo<em> &#8220;E&#8217; ancora presto per dire la cifra<\/em>&#8221; afferma infatti il politico di Ponte nelle Alpi <em>&#8220;stiamo comunque lavorando perch\u00e9 la soddisfazione sia maggiore delle attese&#8221;.\u00a0<\/em><\/p>\n<blockquote>\n<h3>TRE DECESSI NELLE ULTIME 24 ORE IN ULSS 1 DOLOMITI. REGISTRATE 73 NUOVE POSITIVITA&#8217;<\/h3>\n<\/blockquote>\n<p><strong>BELLUNO <\/strong>Nelle ultime 24 ore sono decedute 3 persone covid positive: una donna di 91 anni ricoverata in Medicina ad Agordo, un uomo di 75 anni ricoverato in Rianimazione a Belluno, un uomo di 79 anni ricoverato in Geriatria a Belluno. In Ulss 1 Dolomiti si sono registrate 73 nuove positivit\u00e0.<\/p>\n<p><strong>Ricoveri <\/strong><\/p>\n<p><em>(dato alle ore 17.00 fonte: Azienda Zero)<\/em><\/p>\n<p>Le persone attualmente POSITIVE ricoverate negli ospedali dell\u2019Ulss Dolomiti sono:<\/p>\n<table>\n<tbody>\n<tr>\n<td width=\"217\"><strong>\u00a0<\/strong><\/td>\n<td width=\"217\"><strong>Area NON CRITICA<\/strong><\/td>\n<td width=\"217\"><strong>Terapia Intensiva<\/strong><\/td>\n<\/tr>\n<tr>\n<td width=\"217\"><strong>Ospedale di Belluno <\/strong><\/td>\n<td width=\"217\">49<\/td>\n<td width=\"217\">3<\/td>\n<\/tr>\n<tr>\n<td width=\"217\"><strong>Ospedale di Feltre<\/strong><\/p>\n<p><strong>Ospedale di Agordo<\/strong><\/td>\n<td width=\"217\">38<\/p>\n<p>6<\/td>\n<td width=\"217\">2<\/td>\n<\/tr>\n<\/tbody>\n<\/table>\n<p>&nbsp;<\/p>\n<p>Le persone attualmente POSITIVE ricoverate in Ospedale di Comunit\u00e0 sono:<\/p>\n<table>\n<tbody>\n<tr>\n<td width=\"326\"><strong>\u00a0<\/strong><\/td>\n<td width=\"326\"><strong>pazienti attualmente positivi<\/strong><\/td>\n<\/tr>\n<tr>\n<td width=\"326\"><strong>Ospedale di Comunit\u00e0 ALANO<\/strong><\/td>\n<td width=\"326\">3<\/td>\n<\/tr>\n<tr>\n<td width=\"326\"><strong>Ospedale di Comunit\u00e0 AURONZO<\/strong><\/p>\n<p><strong>Ospedale di Comunit\u00e0 di BELLUNO\u00a0\u00a0\u00a0\u00a0\u00a0\u00a0\u00a0\u00a0\u00a0\u00a0\u00a0\u00a0\u00a0\u00a0\u00a0\u00a0\u00a0\u00a0\u00a0\u00a0\u00a0\u00a0\u00a0\u00a0\u00a0\u00a0\u00a0\u00a0\u00a0\u00a0\u00a0\u00a0\u00a0\u00a0\u00a0\u00a0\u00a0\u00a0\u00a0\u00a0 <\/strong><\/td>\n<td width=\"326\">1<\/p>\n<p>12<\/td>\n<\/tr>\n<tr>\n<td width=\"326\"><strong>Ospedale di Comunit\u00e0 di FELTRE<\/strong><\/td>\n<td width=\"326\">9<\/td>\n<\/tr>\n<\/tbody>\n<\/table>\n<p>&nbsp;<\/p>\n<hr \/>\n<p>&nbsp;<\/p>\n<blockquote>\n<h3>I COMUNI AGORDINI HANNO INOLTRATO LE RICHIESTE PER I FONDI POST VAIA 2021<\/h3>\n<\/blockquote>\n<p><strong><a href=\"https:\/\/www.radiopiu.net\/wordpress\/i-comuni-agordini-hanno-inoltrato-le-richieste-per-i-fondi-post-vaia-2021\/img_20181102_085152-scaled\/\" rel=\"attachment wp-att-184703\"><img loading=\"lazy\" decoding=\"async\" class=\"size-medium wp-image-184703 alignleft\" src=\"https:\/\/www.radiopiu.net\/wordpress\/wp-content\/uploads\/2021\/01\/IMG_20181102_085152-scaled-1-300x180.jpg\" alt=\"\" width=\"300\" height=\"180\" srcset=\"https:\/\/www.radiopiu.net\/wordpress\/wp-content\/uploads\/2021\/01\/IMG_20181102_085152-scaled-1-300x180.jpg 300w, https:\/\/www.radiopiu.net\/wordpress\/wp-content\/uploads\/2021\/01\/IMG_20181102_085152-scaled-1-1024x614.jpg 1024w, https:\/\/www.radiopiu.net\/wordpress\/wp-content\/uploads\/2021\/01\/IMG_20181102_085152-scaled-1-768x461.jpg 768w, https:\/\/www.radiopiu.net\/wordpress\/wp-content\/uploads\/2021\/01\/IMG_20181102_085152-scaled-1-1536x922.jpg 1536w, https:\/\/www.radiopiu.net\/wordpress\/wp-content\/uploads\/2021\/01\/IMG_20181102_085152-scaled-1-2048x1229.jpg 2048w\" sizes=\"auto, (max-width: 300px) 100vw, 300px\" \/><\/a>AGORDINO<\/strong><\/p>\n<p>di Gianni Santomaso<\/p>\n<audio class=\"wp-audio-shortcode\" id=\"audio-184550-1\" preload=\"none\" style=\"width: 100%;\" controls=\"controls\"><source type=\"audio\/mpeg\" src=\"https:\/\/www.radiopiu.net\/wordpress\/wp-content\/uploads\/2021\/01\/GIANNI-FONDI-POST-VAIA-AGORDINO.mp3?_=1\" \/><a href=\"https:\/\/www.radiopiu.net\/wordpress\/wp-content\/uploads\/2021\/01\/GIANNI-FONDI-POST-VAIA-AGORDINO.mp3\">https:\/\/www.radiopiu.net\/wordpress\/wp-content\/uploads\/2021\/01\/GIANNI-FONDI-POST-VAIA-AGORDINO.mp3<\/a><\/audio>\n<p>&nbsp;<\/p>\n<p><strong>LE RICHIESTE DEL COMUNE DI TAIBON<\/strong><\/p>\n<audio class=\"wp-audio-shortcode\" id=\"audio-184550-2\" preload=\"none\" style=\"width: 100%;\" controls=\"controls\"><source type=\"audio\/mpeg\" src=\"https:\/\/www.radiopiu.net\/wordpress\/wp-content\/uploads\/2021\/01\/GIANNI-FONDI-POST-VAIA-TAIBON.mp3?_=2\" \/><a href=\"https:\/\/www.radiopiu.net\/wordpress\/wp-content\/uploads\/2021\/01\/GIANNI-FONDI-POST-VAIA-TAIBON.mp3\">https:\/\/www.radiopiu.net\/wordpress\/wp-content\/uploads\/2021\/01\/GIANNI-FONDI-POST-VAIA-TAIBON.mp3<\/a><\/audio>\n<p>&nbsp;<\/p>\n<hr \/>\n<p>&nbsp;<\/p>\n<blockquote>\n<h3>STATO DI ATTENZIONE PER VENTO FORTE SULLA MONTAGNA VENETA<\/h3>\n<\/blockquote>\n<p><strong><a href=\"https:\/\/www.radiopiu.net\/wordpress\/stato-di-attenzione-per-vento-forte-sulla-montagna-veneta\/vento-montagna\/\" rel=\"attachment wp-att-184646\"><img loading=\"lazy\" decoding=\"async\" class=\" wp-image-184646 alignleft\" src=\"https:\/\/www.radiopiu.net\/wordpress\/wp-content\/uploads\/2021\/01\/VENTO-MONTAGNA-300x200.jpg\" alt=\"\" width=\"186\" height=\"124\" srcset=\"https:\/\/www.radiopiu.net\/wordpress\/wp-content\/uploads\/2021\/01\/VENTO-MONTAGNA-300x200.jpg 300w, https:\/\/www.radiopiu.net\/wordpress\/wp-content\/uploads\/2021\/01\/VENTO-MONTAGNA-1024x682.jpg 1024w, https:\/\/www.radiopiu.net\/wordpress\/wp-content\/uploads\/2021\/01\/VENTO-MONTAGNA-768x512.jpg 768w, https:\/\/www.radiopiu.net\/wordpress\/wp-content\/uploads\/2021\/01\/VENTO-MONTAGNA-1536x1023.jpg 1536w, https:\/\/www.radiopiu.net\/wordpress\/wp-content\/uploads\/2021\/01\/VENTO-MONTAGNA.jpg 1920w\" sizes=\"auto, (max-width: 186px) 100vw, 186px\" \/><\/a>VENEZIA\u00a0 <\/strong>In Veneto, le condizioni del tempo proseguono nel segno della sostanziale stabilit\u00e0 ma saranno caratterizzate dalla presenza di forti venti sulle zone montane. Alla luce di questa situazione, il Centro Funzionale Decentrato della Protezione Civile della Regione ha dichiarato lo Stato di Attenzione per vento forte su tutta l\u2019area montana, da riconfigurare in Preallarme o Allarme a seconda della forza del vento a livello locale. L\u2019allerta si conclude alle 20 di oggi.<\/p>\n<p>&nbsp;<\/p>\n<p>&nbsp;<\/p>\n<p>&nbsp;<\/p>\n<hr \/>\n<p>&nbsp;<\/p>\n<blockquote>\n<h3>AGORDO PORGE L&#8217;ULTIMO SALUTO AD ELIO LOTTO<\/h3>\n<\/blockquote>\n<p><strong><a href=\"https:\/\/www.radiopiu.net\/wordpress\/agordo-porge-lultimo-saluto-ad-elio-lotto\/elio-lotto\/\" rel=\"attachment wp-att-184692\"><img loading=\"lazy\" decoding=\"async\" class=\" wp-image-184692 alignleft\" src=\"https:\/\/www.radiopiu.net\/wordpress\/wp-content\/uploads\/2021\/01\/ELIO-LOTTO-274x300.png\" alt=\"\" width=\"132\" height=\"145\" srcset=\"https:\/\/www.radiopiu.net\/wordpress\/wp-content\/uploads\/2021\/01\/ELIO-LOTTO-274x300.png 274w, https:\/\/www.radiopiu.net\/wordpress\/wp-content\/uploads\/2021\/01\/ELIO-LOTTO.png 382w\" sizes=\"auto, (max-width: 132px) 100vw, 132px\" \/><\/a>AGORDO<\/strong><\/p>\n<p>di Gianni Santomaso<\/p>\n<audio class=\"wp-audio-shortcode\" id=\"audio-184550-3\" preload=\"none\" style=\"width: 100%;\" controls=\"controls\"><source type=\"audio\/mpeg\" src=\"https:\/\/www.radiopiu.net\/wordpress\/wp-content\/uploads\/2021\/01\/GIANNI-ELIO-LOTTO.mp3?_=3\" \/><a href=\"https:\/\/www.radiopiu.net\/wordpress\/wp-content\/uploads\/2021\/01\/GIANNI-ELIO-LOTTO.mp3\">https:\/\/www.radiopiu.net\/wordpress\/wp-content\/uploads\/2021\/01\/GIANNI-ELIO-LOTTO.mp3<\/a><\/audio>\n<p>&nbsp;<\/p>\n<hr \/>\n<p>&nbsp;<\/p>\n<blockquote>\n<h3>IL SOCCORSO ALPINO CERCA UNO SCI ALPINISTA A PASSO PORDOI, VERSANTE VAL DI FASSA. IMPEGNATI ANCHE GLI UOMINI FODOM<\/h3>\n<p><strong>ultim&#8217;ora: \u00e8 stato individuato nella notte il corpo<\/strong><\/p><\/blockquote>\n<p><strong><a href=\"https:\/\/www.radiopiu.net\/wordpress\/giornale-radiopiu-14-gennaio-2021-direttore-mirko-mezzacasa\/safe_image-14\/\" rel=\"attachment wp-att-184743\"><img loading=\"lazy\" decoding=\"async\" class=\" wp-image-184743 alignleft\" src=\"https:\/\/www.radiopiu.net\/wordpress\/wp-content\/uploads\/2021\/01\/safe_image-300x156.jpg\" alt=\"\" width=\"212\" height=\"110\" srcset=\"https:\/\/www.radiopiu.net\/wordpress\/wp-content\/uploads\/2021\/01\/safe_image-300x156.jpg 300w, https:\/\/www.radiopiu.net\/wordpress\/wp-content\/uploads\/2021\/01\/safe_image.jpg 490w\" sizes=\"auto, (max-width: 212px) 100vw, 212px\" \/><\/a>VAL DI FASSA<\/strong> Era scomparso tra le nevi di Passo Pordoi, da ieri decine di uomini e donne erano alla ricerca delle tracce di\u00a0 Etienne Bernard,\u00a0 27 anni di Campitello, escursionista esperto e\u00a0 maestro si sci. L&#8217;allarme ieri sera alle 17. Allertati anche\u00a0 gli \u00a0uomini della stazione di Livinallongo. Dalle 17.30\u00a0 \u00e8 intervenuto anche\u00a0 l&#8217;elicottero verso la forcella Pordoi e il Piz Bo\u00e9.<\/p>\n<p>&nbsp;<\/p>\n<p><strong>dalla rassegna stampa delle otto<\/strong><\/p>\n<blockquote><p>E\u2019 stato trovato nella notte il corpo senza vita di Etienne Bernard. Le squadre del Soccorso Alpino, che per tutta la notte hanno perlustrato la zona, hanno purtroppo dovuto constatare che le speranze erano finite. Il 27enne di Campitello, climber, maestro di sci, guida alpina, era salito ieri al passo Pordoi con la sua auto, per dedicarsi ad un\u2019escursione scialpinistica, ma non \u00e8 pi\u00f9 rientrato a valle. In serata il segnale del telefono cellulare del ventisettenne ha permesso ai soccorritori di individuare il punto in cui si trovava tra la forcella Pordoi e il Sass de Forcia: pare volesse affrontare il canalone di Torre Roma. Una squadra di soccorritori \u00e8 cos\u00ec partita per raggiungerlo via terra, affrontando anche il freddo intenso che in zona tocca i venti gradi sotto zero. E nella notte la tragica conferma.<\/p><\/blockquote>\n<p><span style=\"color: #ff0000;\"><strong>IL RICORDO IN UN VIDEO REALIZZATO IN VAL DI FASSA CON IL &#8220;SOLDATO&#8221; ETIENNE BERNARD\u00a0<\/strong><\/span><\/p>\n<div style=\"width: 432px;\" class=\"wp-video\"><video class=\"wp-video-shortcode\" id=\"video-184550-1\" width=\"432\" height=\"240\" preload=\"metadata\" controls=\"controls\"><source type=\"video\/mp4\" src=\"https:\/\/www.radiopiu.net\/wordpress\/wp-content\/uploads\/2021\/01\/WhatsApp-Video-2021-01-14-at-09.21.56.mp4?_=1\" \/><a href=\"https:\/\/www.radiopiu.net\/wordpress\/wp-content\/uploads\/2021\/01\/WhatsApp-Video-2021-01-14-at-09.21.56.mp4\">https:\/\/www.radiopiu.net\/wordpress\/wp-content\/uploads\/2021\/01\/WhatsApp-Video-2021-01-14-at-09.21.56.mp4<\/a><\/video><\/div>\n<hr \/>\n<blockquote>\n<h3><\/h3>\n<h3>NESSUNO FERITO NELLO SCONTRO A TRE<\/h3>\n<\/blockquote>\n<p><strong>BORCA DI CADORE<\/strong> Nessun ferito nella carambola a tre. Sulla Dacia una donna di 49 anni di Cibiana di Cadore, a bordo dell&#8217;Opel Vivaro un 26enne bellunese e sulla Fiat 16 una donna di 48 anni sempre di Belluno. La donna al volante della Dacia ha perso il controllo del mezzo in curva andando ad urtare gli altri due mezzi. Il furgone trasportava dei ragazzi\u00a0 di ritorno dalle piste di sci<\/p>\n\n\t\t\t<style type='text\/css'>\n\t\t\t\t#gallery-2 {\n\t\t\t\t\tmargin: auto;\n\t\t\t\t}\n\t\t\t\t#gallery-2 .gallery-item {\n\t\t\t\t\tfloat: left;\n\t\t\t\t\tmargin-top: 10px;\n\t\t\t\t\ttext-align: center;\n\t\t\t\t\twidth: 50%;\n\t\t\t\t}\n\t\t\t\t#gallery-2 img {\n\t\t\t\t\tborder: 2px solid #cfcfcf;\n\t\t\t\t}\n\t\t\t\t#gallery-2 .gallery-caption {\n\t\t\t\t\tmargin-left: 0;\n\t\t\t\t}\n\t\t\t\t\/* see gallery_shortcode() in wp-includes\/media.php *\/\n\t\t\t<\/style>\n\t\t<div id='gallery-2' class='dt-gallery-container gallery galleryid-184550 gallery-columns-2 gallery-size-full'><dl class='gallery-item'>\n\t\t\t\t<dt class='gallery-icon landscape'>\n\t\t\t\t\t<a class=\"rollover rollover-zoom dt-pswp-item\" title=\"afcf1d10-08df-4843-9927-f42d63647f0d\" data-dt-img-description=\"\" data-large_image_width=\"320\" data-large_image_height=\"240\"href='https:\/\/www.radiopiu.net\/wordpress\/wp-content\/uploads\/2021\/01\/afcf1d10-08df-4843-9927-f42d63647f0d.jpg'><img loading=\"lazy\" decoding=\"async\" width=\"320\" height=\"240\" src=\"https:\/\/www.radiopiu.net\/wordpress\/wp-content\/uploads\/2021\/01\/afcf1d10-08df-4843-9927-f42d63647f0d.jpg\" class=\"attachment-full size-full\" alt=\"\" srcset=\"https:\/\/www.radiopiu.net\/wordpress\/wp-content\/uploads\/2021\/01\/afcf1d10-08df-4843-9927-f42d63647f0d.jpg 320w, https:\/\/www.radiopiu.net\/wordpress\/wp-content\/uploads\/2021\/01\/afcf1d10-08df-4843-9927-f42d63647f0d-300x225.jpg 300w\" sizes=\"auto, (max-width: 320px) 100vw, 320px\" \/><\/a>\n\t\t\t\t<\/dt><\/dl><dl class='gallery-item'>\n\t\t\t\t<dt class='gallery-icon landscape'>\n\t\t\t\t\t<a class=\"rollover rollover-zoom dt-pswp-item\" title=\"2b271627-a49e-4795-b67e-aae63f3df7c4\" data-dt-img-description=\"\" data-large_image_width=\"320\" data-large_image_height=\"240\"href='https:\/\/www.radiopiu.net\/wordpress\/wp-content\/uploads\/2021\/01\/2b271627-a49e-4795-b67e-aae63f3df7c4.jpg'><img loading=\"lazy\" decoding=\"async\" width=\"320\" height=\"240\" src=\"https:\/\/www.radiopiu.net\/wordpress\/wp-content\/uploads\/2021\/01\/2b271627-a49e-4795-b67e-aae63f3df7c4.jpg\" class=\"attachment-full size-full\" alt=\"\" srcset=\"https:\/\/www.radiopiu.net\/wordpress\/wp-content\/uploads\/2021\/01\/2b271627-a49e-4795-b67e-aae63f3df7c4.jpg 320w, https:\/\/www.radiopiu.net\/wordpress\/wp-content\/uploads\/2021\/01\/2b271627-a49e-4795-b67e-aae63f3df7c4-300x225.jpg 300w\" sizes=\"auto, (max-width: 320px) 100vw, 320px\" \/><\/a>\n\t\t\t\t<\/dt><\/dl><br style=\"clear: both\" \/>\n\t\t\t<\/div>\n\n<p>&nbsp;<\/p>\n<hr \/>\n<p>&nbsp;<\/p>\n<blockquote>\n<h3>5G &#8220;EVIDENZE SCIENTIFICHE NON DIBATTITI IN RETE&#8230;&#8221; LO CHIEDE IL DIRETTORE DI CONFINDUSTRIA BELLUNO<\/h3>\n<\/blockquote>\n<p><strong><img loading=\"lazy\" decoding=\"async\" class=\"alignleft\" src=\"https:\/\/www.radiopiu.net\/wordpress\/wp-content\/uploads\/2021\/01\/download-15.jpg\" width=\"141\" height=\"141\" \/>BELLUNO<\/strong> Dalla sede di Confindustria parla il direttore Andrea Ferrazzi, una replica al comitato &#8220;No antenne&#8221; di Pedavena sulla materia del 5G. Per Ferrazzi non \u00e8 possibile che chi amministra continui ad ignorare i dati reali. De Nato da Pedavena chiede una moratoria sulle installazioni per Ferrazzi nulla di nuovo. <em>&#8220;C&#8217;era da aspettarselo che quelli del NO a tutto avviassero una campagna di disinformazione&#8230;&#8221;<\/em><\/p>\n<p><strong>AUDIO<\/strong><\/p>\n<audio class=\"wp-audio-shortcode\" id=\"audio-184550-4\" preload=\"none\" style=\"width: 100%;\" controls=\"controls\"><source type=\"audio\/mpeg\" src=\"https:\/\/www.radiopiu.net\/wordpress\/wp-content\/uploads\/2021\/01\/FERRAZZZI.mp3?_=4\" \/><a href=\"https:\/\/www.radiopiu.net\/wordpress\/wp-content\/uploads\/2021\/01\/FERRAZZZI.mp3\">https:\/\/www.radiopiu.net\/wordpress\/wp-content\/uploads\/2021\/01\/FERRAZZZI.mp3<\/a><\/audio>\n<p>&nbsp;<\/p>\n<p>&nbsp;<\/p>\n<hr \/>\n<p>&nbsp;<\/p>\n<blockquote>\n<h3>RINNOVO DI CAPI E VICECAPOSTAZIONE DEL SOCCORSO ALPINO E SPELEOLOGICO VENETO<\/h3>\n<\/blockquote>\n<p><strong><a href=\"https:\/\/www.radiopiu.net\/wordpress\/rinnovo-di-capi-e-vicecapostazione-del-soccorso-alpino-e-speleologico-veneto\/monte-cornetto-27-06-20\/\" rel=\"attachment wp-att-184651\"><img loading=\"lazy\" decoding=\"async\" class=\"size-medium wp-image-184651 alignleft\" src=\"https:\/\/www.radiopiu.net\/wordpress\/wp-content\/uploads\/2021\/01\/Monte-Cornetto-27-06-20-225x300.jpg\" alt=\"\" width=\"225\" height=\"300\" srcset=\"https:\/\/www.radiopiu.net\/wordpress\/wp-content\/uploads\/2021\/01\/Monte-Cornetto-27-06-20-225x300.jpg 225w, https:\/\/www.radiopiu.net\/wordpress\/wp-content\/uploads\/2021\/01\/Monte-Cornetto-27-06-20-768x1024.jpg 768w, https:\/\/www.radiopiu.net\/wordpress\/wp-content\/uploads\/2021\/01\/Monte-Cornetto-27-06-20-1152x1536.jpg 1152w, https:\/\/www.radiopiu.net\/wordpress\/wp-content\/uploads\/2021\/01\/Monte-Cornetto-27-06-20.jpg 1200w\" sizes=\"auto, (max-width: 225px) 100vw, 225px\" \/><\/a>BELLUNO <\/strong>Rinnovati i capi e i vicecapostazione del Soccorso alpino e speleologico Veneto, che resteranno in carica per il triennio 2021\/2023.\u00a0 Molte le riconferme, alcuni capi storici lasciano i vertici di Stazione, tanti i nuovi ingressi. Queste le nomine nella II Delegazione Dolomiti Bellunesi. Per il Bellunese, nella Stazione di Agordo confermato il capo Diego Favero, suo vice, al posto di Elvis De Nardin, Paolo Mazzucco; confermati ad Alleghe Alessandro Rudatis e Simone Chenet. In Alpago, resta capo Vittorio Stoka e a Federico Pedol, vicecapo uscente, subentra Christian De Pra; ad Auronzo di Cadore, dopo 13 anni ai vertici di Stazione, Giuseppe Zandegiacomo Sampogna lascia il posto al suo vice Franco Zandegiacomo Mistrotione, che sar\u00e0 affiancato da Michele Crolla. Nella Stazione di Belluno Gianpaolo Sani prende il posto di Alessandro Zanon, con lui Alessandro Raccanello, gi\u00e0 vicecapostazione, che sostituisce Marco Bonanni; per il Centro Cadore confermato il capo Maurizio Bergamo, nominato il nuovo vice Alessandro Valmassoni invece di Giacomo Schenardi. A Cortina d\u2019Ampezzo dopo 14 anni il capo Mauro Dapoz lascia il comando al suo storico vice Roberto Santuz, che lavorer\u00e0 assieme a Carlo Alver\u00e0. A Feltre a Marcello Broccon subentra il vice Franco Casanova, nuova nomina per Michele Rech. Conferma a Livinallongo del Col di Lana per Giorgio Sorarui e Marino Zorz. A Longarone, al capo Piero Busato, dopo 7 anni subentra il vice Matteo Da Cas, con la nomina al suo posto di Ferruccio Barel. Il Soccorso alpino di Pieve di Cadore ha eletto, dopo Federico Zanettin, il suo vice Giuliano Baracco, vicecapo Marco Da Col, che \u00e8 stato a lungo capostazione. A San Vito di Cadore resta Nicola Cherubin, che sar\u00e0 affiancato dal neoeletto Ugo Brugiolo, subentrante a Valter Zambon. Cambio in Val Biois, Salvatore &#8216;Tibe&#8217; Zamatteo lascia il posto al vice Fabrizio Scola, neoeletto vice Gianpietro Fenti. Cecilia De Filippo e Gino De Zolt mantengono il loro ruolo in Val Comelico, cos\u00ec come rimane tutto invariato in Val Fiorentina con Sebastiano Pallua e Daigoro Antoni Costa. La Val Pettorina riconferma Alessandro Darman e Francesco Fersuoch e la Val di Zoldo Giovanni De Rocco e Luisa Dezaiacomo. Nella VI Delegazione Speleologica, conferme nella Stazioni Veneto Orientale, capo Andrea Pirovano, vice Omar Canei<\/p>\n<p>&nbsp;<\/p>\n<hr \/>\n<p>&nbsp;<\/p>\n<blockquote>\n<h3>UN NUOVO MEZZO PER I VOLONTARI DI GOSALDO<\/h3>\n<\/blockquote>\n<p><a href=\"https:\/\/www.radiopiu.net\/wordpress\/giornale-radiopiu-14-gennaio-2021-direttore-mirko-mezzacasa\/download-1082\/\" rel=\"attachment wp-att-184740\"><img loading=\"lazy\" decoding=\"async\" class=\" wp-image-184740 alignleft\" src=\"https:\/\/www.radiopiu.net\/wordpress\/wp-content\/uploads\/2021\/01\/download-17-300x141.jpg\" alt=\"\" width=\"232\" height=\"109\" srcset=\"https:\/\/www.radiopiu.net\/wordpress\/wp-content\/uploads\/2021\/01\/download-17-300x141.jpg 300w, https:\/\/www.radiopiu.net\/wordpress\/wp-content\/uploads\/2021\/01\/download-17.jpg 327w\" sizes=\"auto, (max-width: 232px) 100vw, 232px\" \/><\/a><strong>GOSALDO<\/strong> Nella memoria e non solo dei gosaldini il Combi rovesciata sul greto del torrente in Val de le Eghe. La foto simbolo dell&#8217;emergenza di inizio dicembre.\u00a0 Nei giorni in cui il Comando reintegra il parco mezzi la decisione: uno dei mezzi dismessi, rinnovato e revisionato, va in\u00a0 dotazione alle squadre volontari di Gosaldo a conferma dell&#8217;interazione tra i duecento vigili del fuoco permanenti\u00a0 e i distaccamenti di vigili del fuoco volontari<\/p>\n<p>&nbsp;<\/p>\n<hr \/>\n<p>&nbsp;<\/p>\n<blockquote>\n<h3>&#8220;FELTRINO COMUNITA&#8217; EDUCANTE&#8221; IL PROGETTO DEDICATO AI RAGAZZI CON DSA<\/h3>\n<\/blockquote>\n<p><strong><a href=\"https:\/\/www.radiopiu.net\/wordpress\/feltrino-comunita-educante-il-progetto-dedicato-ai-ragazzi-con-dsa\/c20bdd1f-4107-472d-b561-ae0c19d175c2\/\" rel=\"attachment wp-att-184602\"><img loading=\"lazy\" decoding=\"async\" class=\" wp-image-184602 alignleft\" src=\"https:\/\/www.radiopiu.net\/wordpress\/wp-content\/uploads\/2021\/01\/c20bdd1f-4107-472d-b561-ae0c19d175c2-300x169.jpg\" alt=\"\" width=\"249\" height=\"140\" srcset=\"https:\/\/www.radiopiu.net\/wordpress\/wp-content\/uploads\/2021\/01\/c20bdd1f-4107-472d-b561-ae0c19d175c2-300x169.jpg 300w, https:\/\/www.radiopiu.net\/wordpress\/wp-content\/uploads\/2021\/01\/c20bdd1f-4107-472d-b561-ae0c19d175c2-1024x576.jpg 1024w, https:\/\/www.radiopiu.net\/wordpress\/wp-content\/uploads\/2021\/01\/c20bdd1f-4107-472d-b561-ae0c19d175c2-768x432.jpg 768w, https:\/\/www.radiopiu.net\/wordpress\/wp-content\/uploads\/2021\/01\/c20bdd1f-4107-472d-b561-ae0c19d175c2-1536x864.jpg 1536w, https:\/\/www.radiopiu.net\/wordpress\/wp-content\/uploads\/2021\/01\/c20bdd1f-4107-472d-b561-ae0c19d175c2.jpg 2048w\" sizes=\"auto, (max-width: 249px) 100vw, 249px\" \/><\/a>FELTRE<\/strong> Il Servizio Et\u00e0 Evolutiva del Distretto di Feltre dell&#8217;ULSS 1 \u201cDolomiti\u201d tra il primo maggio 2018 e il 30 settembre 2019 ha rilasciato 260 certificazioni per disturbo specifico di apprendimento (DSA); la richiesta di trattamento logopedico \u00e8\u00a0 in costante aumento. I bambini delle nuove generazioni sono peraltro \u201cnati con la tecnologia\u201d,\u00a0 i programmi informatici riabilitativi diventano quindi per i ragazzi con disturbi dell&#8217;apprendimento uno strumento, oltre che pi\u00f9 facilmente assimilabile, di assoluta importanza. Il Comune di Feltre, in collaborazione con il servizio specialistico dell&#8217;Azienda ULSS 1 \u201cDolomiti\u201d, ha deciso di avviare il programma \u201cAnastasis\u201d. Si tratta di un approccio alla problematica rivoluzionario,\u00a0 consente un trattamento riabilitativo a domicilio pi\u00f9 intensivo. Il progetto favorisce inoltre un intervento di tipo globale con tutti gli attori coinvolti (bambino, famiglia, clinico). Molteplici i benefici che derivano da questa metodologia,\u00a0 potranno essere raggiunti anche quei bambini che al momento attuale sono esclusi dalla logopedia, perch\u00e9 i genitori hanno problemi di trasporto o difficolt\u00e0 legate al lavoro, che impediscono loro di accompagnare i figli in Servizio.\u00a0 Sar\u00e0\u00a0 possibile proseguire i trattamenti anche durante le fasi di distanziamento obbligatorio, senza uscire di casa. Il servizio sar\u00e0 attivato a seguito di un percorso di formazione dedicato agli operatori.<\/p>\n<p><strong>L&#8217;assessore alle politiche giovanili e della famiglia del Comune di Feltre Giorgia Li Castri,<\/strong><\/p>\n<audio class=\"wp-audio-shortcode\" id=\"audio-184550-5\" preload=\"none\" style=\"width: 100%;\" controls=\"controls\"><source type=\"audio\/mpeg\" src=\"https:\/\/www.radiopiu.net\/wordpress\/wp-content\/uploads\/2021\/01\/Audio-Li-Castri-su-progetto-formazione-digitale-ragazzi-DSA.mp3?_=5\" \/><a href=\"https:\/\/www.radiopiu.net\/wordpress\/wp-content\/uploads\/2021\/01\/Audio-Li-Castri-su-progetto-formazione-digitale-ragazzi-DSA.mp3\">https:\/\/www.radiopiu.net\/wordpress\/wp-content\/uploads\/2021\/01\/Audio-Li-Castri-su-progetto-formazione-digitale-ragazzi-DSA.mp3<\/a><\/audio>\n<p>&nbsp;<\/p>\n<hr \/>\n<blockquote>\n<h3>ANDAMENTO EPIDEMIOLOGICO, I SINDACI INFORMANO<\/h3>\n<\/blockquote>\n<p><strong>LA VALLE AGORDINA <\/strong>15 positivi 10 isolamento , <span style=\"color: #ff0000;\"><strong>TAIBON<\/strong><\/span> 20 positivi (-3) 13 isolamento (+2), <span style=\"color: #ff0000;\"><strong>SAN TOMASO<\/strong><\/span> 12 positivi (-1) 7 isolamento (-1).<span style=\"color: #ff0000;\"> <strong>FALCADE<\/strong><\/span> 53 positivi (-10) 33 isolamento (-9) <span style=\"color: #ff0000;\"><strong>CENCENIGHE<\/strong><\/span> 29 positivi (da lunedi -12), 34 isolamento <span style=\"color: #ff0000;\"><strong>ALLEGHE<\/strong><\/span> 7 positivi (-3) , 5 isolamento (-2) <strong>LIVINALLONGO<\/strong> 3 positivi 0 isolamento <span style=\"color: #ff0000;\"><strong>AGORDO<\/strong><\/span> 78\u00a0 positivi (-1) 56\u00a0 (-1) isolamento <strong><span style=\"color: #ff0000;\">ROCCA PIETORE<\/span> <\/strong>11 positivi\u00a0 (-2)\u00a0 18 isolamento (-2) <span style=\"color: #ff0000;\"><strong>COLLE SANTA LUCIA<\/strong> <\/span>2 positivi\u00a0 (0) 1 isolamento (0)<strong> <span style=\"color: #ff0000;\">CANALE D&#8217;AGORDO<\/span><\/strong> 51 (-13 da sabato) positivi 28 isolamento (-6 da sabato).<\/p>\n<blockquote>\n<h3>I GRAFICI DI TIZIANO DE COL, SITUAZIONE EPIDEMIOLOGICA NELL&#8217;AGORDINO<\/h3>\n<\/blockquote>\n\n\t\t\t<style type='text\/css'>\n\t\t\t\t#gallery-3 {\n\t\t\t\t\tmargin: auto;\n\t\t\t\t}\n\t\t\t\t#gallery-3 .gallery-item {\n\t\t\t\t\tfloat: left;\n\t\t\t\t\tmargin-top: 10px;\n\t\t\t\t\ttext-align: center;\n\t\t\t\t\twidth: 50%;\n\t\t\t\t}\n\t\t\t\t#gallery-3 img {\n\t\t\t\t\tborder: 2px solid #cfcfcf;\n\t\t\t\t}\n\t\t\t\t#gallery-3 .gallery-caption {\n\t\t\t\t\tmargin-left: 0;\n\t\t\t\t}\n\t\t\t\t\/* see gallery_shortcode() in wp-includes\/media.php *\/\n\t\t\t<\/style>\n\t\t<div id='gallery-3' class='dt-gallery-container gallery galleryid-184550 gallery-columns-2 gallery-size-full'><dl class='gallery-item'>\n\t\t\t\t<dt class='gallery-icon landscape'>\n\t\t\t\t\t<a class=\"rollover rollover-zoom dt-pswp-item\" title=\"ceb6f856-944e-44b1-a6cc-80596f714986\" data-dt-img-description=\"\" data-large_image_width=\"606\" data-large_image_height=\"357\"href='https:\/\/www.radiopiu.net\/wordpress\/wp-content\/uploads\/2021\/01\/ceb6f856-944e-44b1-a6cc-80596f714986.jpg'><img loading=\"lazy\" decoding=\"async\" width=\"606\" height=\"357\" src=\"https:\/\/www.radiopiu.net\/wordpress\/wp-content\/uploads\/2021\/01\/ceb6f856-944e-44b1-a6cc-80596f714986.jpg\" class=\"attachment-full size-full\" alt=\"\" srcset=\"https:\/\/www.radiopiu.net\/wordpress\/wp-content\/uploads\/2021\/01\/ceb6f856-944e-44b1-a6cc-80596f714986.jpg 606w, https:\/\/www.radiopiu.net\/wordpress\/wp-content\/uploads\/2021\/01\/ceb6f856-944e-44b1-a6cc-80596f714986-300x177.jpg 300w\" sizes=\"auto, (max-width: 606px) 100vw, 606px\" \/><\/a>\n\t\t\t\t<\/dt><\/dl><dl class='gallery-item'>\n\t\t\t\t<dt class='gallery-icon landscape'>\n\t\t\t\t\t<a class=\"rollover rollover-zoom dt-pswp-item\" title=\"b2804730-2ce4-48fb-9003-e3a41421f091\" data-dt-img-description=\"\" data-large_image_width=\"688\" data-large_image_height=\"355\"href='https:\/\/www.radiopiu.net\/wordpress\/wp-content\/uploads\/2021\/01\/b2804730-2ce4-48fb-9003-e3a41421f091.jpg'><img loading=\"lazy\" decoding=\"async\" width=\"688\" height=\"355\" src=\"https:\/\/www.radiopiu.net\/wordpress\/wp-content\/uploads\/2021\/01\/b2804730-2ce4-48fb-9003-e3a41421f091.jpg\" class=\"attachment-full size-full\" alt=\"\" srcset=\"https:\/\/www.radiopiu.net\/wordpress\/wp-content\/uploads\/2021\/01\/b2804730-2ce4-48fb-9003-e3a41421f091.jpg 688w, https:\/\/www.radiopiu.net\/wordpress\/wp-content\/uploads\/2021\/01\/b2804730-2ce4-48fb-9003-e3a41421f091-300x155.jpg 300w\" sizes=\"auto, (max-width: 688px) 100vw, 688px\" \/><\/a>\n\t\t\t\t<\/dt><\/dl><br style=\"clear: both\" \/>\n\t\t\t<\/div>\n\n<hr \/>\n<p>&nbsp;<\/p>\n<blockquote>\n<h3>ARRIVATE ALL&#8217;OSPEDALE DELL&#8217;ANGELO LE PRIME 7800 DOSI DEL VACCINO MODERNA<\/h3>\n<\/blockquote>\n<p><strong>VENEZIA\u00a0<\/strong>Un primo carico di 7.800 dosi di vaccino Moderna scortate dall\u2019Arma dei Carabinieri \u00e8 arrivato ieri alle ore 15.35 nel sito di stoccaggio dell\u2019Ulss 3 Serenissima, all\u2019ospedale dell\u2019Angelo di Mestre tramite corriere espresso. I 780 flaconcini, contenenti dieci dosi ciascuno al loro interno, sono ora custoditi nel freezer dedicato che si trova nella farmacia ospedaliera dell\u2019Angelo. Le dosi sono conservate a una temperatura di meno 20 gradi centigradi.<\/p>\n\n\t\t\t<style type='text\/css'>\n\t\t\t\t#gallery-4 {\n\t\t\t\t\tmargin: auto;\n\t\t\t\t}\n\t\t\t\t#gallery-4 .gallery-item {\n\t\t\t\t\tfloat: left;\n\t\t\t\t\tmargin-top: 10px;\n\t\t\t\t\ttext-align: center;\n\t\t\t\t\twidth: 33%;\n\t\t\t\t}\n\t\t\t\t#gallery-4 img {\n\t\t\t\t\tborder: 2px solid #cfcfcf;\n\t\t\t\t}\n\t\t\t\t#gallery-4 .gallery-caption {\n\t\t\t\t\tmargin-left: 0;\n\t\t\t\t}\n\t\t\t\t\/* see gallery_shortcode() in wp-includes\/media.php *\/\n\t\t\t<\/style>\n\t\t<div id='gallery-4' class='dt-gallery-container gallery galleryid-184550 gallery-columns-3 gallery-size-thumbnail'><dl class='gallery-item'>\n\t\t\t\t<dt class='gallery-icon landscape'>\n\t\t\t\t\t<a class=\"rollover rollover-zoom dt-pswp-item\" title=\"d273e5e2-2636-4cf0-9125-7ae69199db83\" data-dt-img-description=\"\" data-large_image_width=\"1600\" data-large_image_height=\"757\"href='https:\/\/www.radiopiu.net\/wordpress\/wp-content\/uploads\/2021\/01\/d273e5e2-2636-4cf0-9125-7ae69199db83.jpg'><img loading=\"lazy\" decoding=\"async\" width=\"150\" height=\"150\" src=\"https:\/\/www.radiopiu.net\/wordpress\/wp-content\/uploads\/2021\/01\/d273e5e2-2636-4cf0-9125-7ae69199db83-150x150.jpg\" class=\"attachment-thumbnail size-thumbnail\" alt=\"\" \/><\/a>\n\t\t\t\t<\/dt><\/dl><dl class='gallery-item'>\n\t\t\t\t<dt class='gallery-icon landscape'>\n\t\t\t\t\t<a class=\"rollover rollover-zoom dt-pswp-item\" title=\"015036d1-0159-4b81-b85b-25259da060e2\" data-dt-img-description=\"\" data-large_image_width=\"1600\" data-large_image_height=\"757\"href='https:\/\/www.radiopiu.net\/wordpress\/wp-content\/uploads\/2021\/01\/015036d1-0159-4b81-b85b-25259da060e2.jpg'><img loading=\"lazy\" decoding=\"async\" width=\"150\" height=\"150\" src=\"https:\/\/www.radiopiu.net\/wordpress\/wp-content\/uploads\/2021\/01\/015036d1-0159-4b81-b85b-25259da060e2-150x150.jpg\" class=\"attachment-thumbnail size-thumbnail\" alt=\"\" \/><\/a>\n\t\t\t\t<\/dt><\/dl><dl class='gallery-item'>\n\t\t\t\t<dt class='gallery-icon portrait'>\n\t\t\t\t\t<a class=\"rollover rollover-zoom dt-pswp-item\" title=\"60c47cc6-fb7f-4fcf-8ce9-3b4b86a9b036\" data-dt-img-description=\"\" data-large_image_width=\"757\" data-large_image_height=\"1600\"href='https:\/\/www.radiopiu.net\/wordpress\/wp-content\/uploads\/2021\/01\/60c47cc6-fb7f-4fcf-8ce9-3b4b86a9b036.jpg'><img loading=\"lazy\" decoding=\"async\" width=\"150\" height=\"150\" src=\"https:\/\/www.radiopiu.net\/wordpress\/wp-content\/uploads\/2021\/01\/60c47cc6-fb7f-4fcf-8ce9-3b4b86a9b036-150x150.jpg\" class=\"attachment-thumbnail size-thumbnail\" alt=\"\" \/><\/a>\n\t\t\t\t<\/dt><\/dl><br style=\"clear: both\" \/>\n\t\t\t<\/div>\n\n<a href=\"https:\/\/www.radiopiu.net\/wordpress\/wp-content\/uploads\/2021\/01\/2021.01.13_Report-ore-18.30.pdf\" class=\"pdfemb-viewer\" style=\"\" data-width=\"max\" data-height=\"max\" data-toolbar=\"top\" data-toolbar-fixed=\"on\">2021.01.13_Report ore 18.30<\/a>\n<p>&nbsp;<\/p>\n<p>&nbsp;<\/p>\n<hr \/>\n<p>&nbsp;<\/p>\n<blockquote class=\"wp-embedded-content\" data-secret=\"ykRnoI2A3N\"><p><a href=\"https:\/\/www.radiopiu.net\/wordpress\/agg-gen13\/\">CORONAVIRUS: AGGIORNAMENTO NAZIONALE 13 GENNAIO 2021<\/a><\/p><\/blockquote>\n<p><iframe loading=\"lazy\" class=\"wp-embedded-content\" sandbox=\"allow-scripts\" security=\"restricted\" style=\"position: absolute; clip: rect(1px, 1px, 1px, 1px);\" title=\"&#8220;CORONAVIRUS: AGGIORNAMENTO NAZIONALE 13 GENNAIO 2021&#8221; &#8212; Radio Pi\u00f9\" src=\"https:\/\/www.radiopiu.net\/wordpress\/agg-gen13\/embed\/#?secret=ykRnoI2A3N\" data-secret=\"ykRnoI2A3N\" width=\"600\" height=\"338\" frameborder=\"0\" marginwidth=\"0\" marginheight=\"0\" scrolling=\"no\"><\/iframe><\/p>\n<p>&nbsp;<\/p>\n<hr \/>\n<p>&nbsp;<\/p>\n<blockquote class=\"wp-embedded-content\" data-secret=\"rDoo559SqS\"><p><a href=\"https:\/\/www.radiopiu.net\/wordpress\/nelle-ultime-24-ore-2004-nuovi-positivi-in-veneto-piu-di-4-mila-negativizzati-e-47-decessi-a-belluno-73-nuove-positivita\/\">NELLE ULTIME 24 ORE 2004 NUOVI POSITIVI IN VENETO. PIU&#8217; DI 4 MILA NEGATIVIZZATI E 47 DECESSI. A BELLUNO 73 NUOVE POSITIVITA&#8217;<\/a><\/p><\/blockquote>\n<p><iframe loading=\"lazy\" class=\"wp-embedded-content\" sandbox=\"allow-scripts\" security=\"restricted\" style=\"position: absolute; clip: rect(1px, 1px, 1px, 1px);\" title=\"&#8220;NELLE ULTIME 24 ORE 2004 NUOVI POSITIVI IN VENETO. PIU&#8217; DI 4 MILA NEGATIVIZZATI E 47 DECESSI. A BELLUNO 73 NUOVE POSITIVITA&#8217;&#8221; &#8212; Radio Pi\u00f9\" src=\"https:\/\/www.radiopiu.net\/wordpress\/nelle-ultime-24-ore-2004-nuovi-positivi-in-veneto-piu-di-4-mila-negativizzati-e-47-decessi-a-belluno-73-nuove-positivita\/embed\/#?secret=rDoo559SqS\" data-secret=\"rDoo559SqS\" width=\"600\" height=\"338\" frameborder=\"0\" marginwidth=\"0\" marginheight=\"0\" scrolling=\"no\"><\/iframe><\/p>\n<p>&nbsp;<\/p>\n<hr \/>\n<p>&nbsp;<\/p>\n<blockquote>\n<h3>I GRAFICI DI TIZIANO DE COL<\/h3>\n<\/blockquote>\n\n\t\t\t<style type='text\/css'>\n\t\t\t\t#gallery-5 {\n\t\t\t\t\tmargin: auto;\n\t\t\t\t}\n\t\t\t\t#gallery-5 .gallery-item {\n\t\t\t\t\tfloat: left;\n\t\t\t\t\tmargin-top: 10px;\n\t\t\t\t\ttext-align: center;\n\t\t\t\t\twidth: 25%;\n\t\t\t\t}\n\t\t\t\t#gallery-5 img {\n\t\t\t\t\tborder: 2px solid #cfcfcf;\n\t\t\t\t}\n\t\t\t\t#gallery-5 .gallery-caption {\n\t\t\t\t\tmargin-left: 0;\n\t\t\t\t}\n\t\t\t\t\/* see gallery_shortcode() in wp-includes\/media.php *\/\n\t\t\t<\/style>\n\t\t<div id='gallery-5' class='dt-gallery-container gallery galleryid-184550 gallery-columns-4 gallery-size-medium'><dl class='gallery-item'>\n\t\t\t\t<dt class='gallery-icon landscape'>\n\t\t\t\t\t<a class=\"rollover rollover-zoom dt-pswp-item\" title=\"211f9cc9-4edc-4265-b44c-05f5e03d8b40\" data-dt-img-description=\"\" data-large_image_width=\"584\" data-large_image_height=\"351\"href='https:\/\/www.radiopiu.net\/wordpress\/wp-content\/uploads\/2021\/01\/211f9cc9-4edc-4265-b44c-05f5e03d8b40.jpg'><img loading=\"lazy\" decoding=\"async\" width=\"300\" height=\"180\" src=\"https:\/\/www.radiopiu.net\/wordpress\/wp-content\/uploads\/2021\/01\/211f9cc9-4edc-4265-b44c-05f5e03d8b40-300x180.jpg\" class=\"attachment-medium size-medium\" alt=\"\" srcset=\"https:\/\/www.radiopiu.net\/wordpress\/wp-content\/uploads\/2021\/01\/211f9cc9-4edc-4265-b44c-05f5e03d8b40-300x180.jpg 300w, https:\/\/www.radiopiu.net\/wordpress\/wp-content\/uploads\/2021\/01\/211f9cc9-4edc-4265-b44c-05f5e03d8b40.jpg 584w\" sizes=\"auto, (max-width: 300px) 100vw, 300px\" \/><\/a>\n\t\t\t\t<\/dt><\/dl><dl class='gallery-item'>\n\t\t\t\t<dt class='gallery-icon landscape'>\n\t\t\t\t\t<a class=\"rollover rollover-zoom dt-pswp-item\" title=\"74d04d66-f104-47b1-935b-7786724c409d\" data-dt-img-description=\"\" data-large_image_width=\"606\" data-large_image_height=\"356\"href='https:\/\/www.radiopiu.net\/wordpress\/wp-content\/uploads\/2021\/01\/74d04d66-f104-47b1-935b-7786724c409d.jpg'><img loading=\"lazy\" decoding=\"async\" width=\"300\" height=\"176\" src=\"https:\/\/www.radiopiu.net\/wordpress\/wp-content\/uploads\/2021\/01\/74d04d66-f104-47b1-935b-7786724c409d-300x176.jpg\" class=\"attachment-medium size-medium\" alt=\"\" srcset=\"https:\/\/www.radiopiu.net\/wordpress\/wp-content\/uploads\/2021\/01\/74d04d66-f104-47b1-935b-7786724c409d-300x176.jpg 300w, https:\/\/www.radiopiu.net\/wordpress\/wp-content\/uploads\/2021\/01\/74d04d66-f104-47b1-935b-7786724c409d.jpg 606w\" sizes=\"auto, (max-width: 300px) 100vw, 300px\" \/><\/a>\n\t\t\t\t<\/dt><\/dl><dl class='gallery-item'>\n\t\t\t\t<dt class='gallery-icon landscape'>\n\t\t\t\t\t<a class=\"rollover rollover-zoom dt-pswp-item\" title=\"7bd15107-30ea-4f66-ad46-ec324a46e4c5\" data-dt-img-description=\"\" data-large_image_width=\"600\" data-large_image_height=\"353\"href='https:\/\/www.radiopiu.net\/wordpress\/wp-content\/uploads\/2021\/01\/7bd15107-30ea-4f66-ad46-ec324a46e4c5.jpg'><img loading=\"lazy\" decoding=\"async\" width=\"300\" height=\"177\" src=\"https:\/\/www.radiopiu.net\/wordpress\/wp-content\/uploads\/2021\/01\/7bd15107-30ea-4f66-ad46-ec324a46e4c5-300x177.jpg\" class=\"attachment-medium size-medium\" alt=\"\" srcset=\"https:\/\/www.radiopiu.net\/wordpress\/wp-content\/uploads\/2021\/01\/7bd15107-30ea-4f66-ad46-ec324a46e4c5-300x177.jpg 300w, https:\/\/www.radiopiu.net\/wordpress\/wp-content\/uploads\/2021\/01\/7bd15107-30ea-4f66-ad46-ec324a46e4c5.jpg 600w\" sizes=\"auto, (max-width: 300px) 100vw, 300px\" \/><\/a>\n\t\t\t\t<\/dt><\/dl><dl class='gallery-item'>\n\t\t\t\t<dt class='gallery-icon landscape'>\n\t\t\t\t\t<a class=\"rollover rollover-zoom dt-pswp-item\" title=\"5505ff88-cb50-492c-b498-b0ea73bd18d8\" data-dt-img-description=\"\" data-large_image_width=\"592\" data-large_image_height=\"357\"href='https:\/\/www.radiopiu.net\/wordpress\/wp-content\/uploads\/2021\/01\/5505ff88-cb50-492c-b498-b0ea73bd18d8.jpg'><img loading=\"lazy\" decoding=\"async\" width=\"300\" height=\"181\" src=\"https:\/\/www.radiopiu.net\/wordpress\/wp-content\/uploads\/2021\/01\/5505ff88-cb50-492c-b498-b0ea73bd18d8-300x181.jpg\" class=\"attachment-medium size-medium\" alt=\"\" srcset=\"https:\/\/www.radiopiu.net\/wordpress\/wp-content\/uploads\/2021\/01\/5505ff88-cb50-492c-b498-b0ea73bd18d8-300x181.jpg 300w, https:\/\/www.radiopiu.net\/wordpress\/wp-content\/uploads\/2021\/01\/5505ff88-cb50-492c-b498-b0ea73bd18d8.jpg 592w\" sizes=\"auto, (max-width: 300px) 100vw, 300px\" \/><\/a>\n\t\t\t\t<\/dt><\/dl><br style=\"clear: both\" \/>\n\t\t\t<\/div>\n\n<p>&nbsp;<\/p>\n<p>&nbsp;<\/p>\n<hr \/>\n<p>&nbsp;<\/p>\n<blockquote>\n<h3 style=\"text-align: left;\">PER IL 13\u00b0 GIORNO RICOVERI IN CALO COSI&#8217; COME IL CALO DI INCIDENZA POSITIVI-TAMPONIDA VENEZIA PUNTO STAMPA, AGGIORNAMENTO COVID 19 &#8220;capisco chi protesta ma che la protesta non si trasformi in contagio&#8221;.<\/h3>\n<\/blockquote>\n<p><strong>VENEZIA<\/strong> Punto stampa con il Governatore Luca Zaia. Audio, video e testo in diretta.<\/p>\n<p><strong>I NUMERI <\/strong>TAMPONI MOLECOLARI 3 512 186\u00a0 TAMPONI RAPIDI 2.176.000 TOTALE TAMPONI IERI 54.121 INCIDENZA 3,48% media nazionale oltre il 10% POSITIVI 1884 POSITIVI ATTUALI 81.970 DALL&#8217;INIZIO 291.719 RICOVERATI 3348 IN AREA NON CRITICA\u00a0 2988 (-40) IN TERAPIA INTENSIVA 360 (-31)\u00a0 DECESSI 7684 (+91) DIMESSI 12.230<\/p>\n<p><strong><span style=\"color: #ff0000;\">SITUAZIONE VACCINI 81.998 DOSI IN CARICO, 70,15% IN MAGAZZINO. I vaccini della moderna,\u00a0 7800 dosi,\u00a0 arrivano oggi e verranno distribuiti in percentuale alla popolazione over 80<\/span><\/strong><\/p>\n<p>&nbsp;<\/p>\n<blockquote>\n<h2>LEGGI LA CONFERENZA STAMPA DI LUCA ZAIA<\/h2>\n<\/blockquote>\n<p><em>Venerdi la protesta #ioapro,\u00a0 va reso merito che chi la propone non si \u00e8 fatto\u00a0 strumentalizzare politicamente, stiamo parlando di un problema che comunque non esisterebbe se ci fossero i ristori.\u00a0 Crisi di Governo, elezioni subito? Io credo che il popolo debba essere sempre al centro delle scelte, la verit\u00e0 \u00e8 che in un momento come questo affrontare una campagna elettorale \u00e8 traumatico. In reparto abbiamo toccato anche i 2700 ricoverati oggi sono 2500.\u00a0 Abbiamo accantonato il 60% della fornitura dei vaccini di ieri (40mila) per dare il via ai richiami con puntualit\u00e0 lunedi.<\/em><\/p>\n<p>Stiamo continuando con la sequenzazione del virus per capire dove stiamo andando, siamo stanchi di sentire che il mondo intero risolva il problema, se qualcuno ha soluzioni le metta per iscritto. Importante comunque\u00a0 non abbassare la guardia, \u00e8 vero che sono 13 giorni di calo ma il cambio di rotta pu\u00f2 avvenire in ogni istante, l&#8217;esempio \u00e8 la\u00a0 Germania in lockdown da met\u00e0 dicembre e ancora in picco nella pandemia, ma vedo anche regioni che hanno fatto restrizioni dove il contagio \u00e8 ripreso. Nessuno \u00e8 fuori pericolo, \u00e8 sbagliato pensare che sia finita. Noi non lasciamo comunque a terra nessun paziente. Nessuno ci ha o vi ha mai contattato dicendo che non \u00e8 stato preso in cura, grazie a chi opera nella sanit\u00e0 e un pensiero a chi soffre nelle attivit\u00e0 produttive e non sono certo scandalizzato per le proteste. Mi metto nei panni degli operatori e capisco i loro problemi e le loro proteste visto che i ristori non ci sono in tempo reale. Spero si risolva presto questa partita come da garanzie del Governo che ha detto che far\u00e0 in tempo reale DPCM e ristori, \u00e8 fondamentale dare i soldi agli operatori che chiedono solo di tenere in vita le loro aziende, pagare i lavoratori e pensare di ripartire. Molte aziende infatti, purtroppo, non riapriranno. Chiedo e auspico che qualsiasi forma di protesta sia rispettosa delle regole della sanit\u00e0 ma so che i veneti lo faranno. Lo dico anche a chi viene sotto a casa mia a protestare anche se potrebbero andare da un&#8217;altra parte. Che la protesta non si trasformi in contagio.<\/p>\n<h3>DOMANDE<\/h3>\n<p><strong>LA PROTESTA IO APRO ANNUNCIATA PER VENERDI DAI RISTORATORI, DIFFICILE IL RISPETTO DELLE REGOLE SULLA SANITA&#8217; CHE VIETANO DI ENTRARE NEI LOCALI\u00a0<\/strong> Deve essere evitata la lotta tra guardia e ladri, con il buonsenso bisogna capire il momento di difficolt\u00e0. Troppo facile fare le scelte con il portafoglio degli altri. Non ci sono strumentazioni politiche ma parte dalla base. E&#8217; fondamentale ricordare la necessit\u00e0 di protestare nel rispetto del distanziamento. Il problema \u00e8 comunque legato ai ristori, con quelli non ci sarebbero proteste.<strong> SEGNALI DI CRISI DI GOVERNO<\/strong> Sono un inguaribile sostenitore del fatto che il popolo debba essere al centro delle scelte, cioe&#8217; andando a votare, ma in un momento come questo pensare ad una campagna elettorale \u00e8 traumatico. C&#8217;\u00e8 chi ha posto una questione facendo partire la crisi di Governo, i torni di alcuni Ministri mi fanno capire che la fiducia sia cessata, \u00e8 un&#8217;agonia trascinata con due possibilit\u00e0: o Conte fa il terzo Governo con una nuova maggioranza oppure si sar\u00e0 un cambio al vertice con un nuovo Presidente, vedo l&#8217;ipotesi elezioni molto remota, ma sono posizioni personali di uno che si occupa di covid e non di poltrone.<strong> SPERANZA ALLA CAMERA HA ANTICIPATO IL DPCM CHE SARA&#8217; VARATO QUESTA SERA, 12 REGIONI A RISCHIO ELEVATO DOV&#8217;E&#8217; IL VENETO?<\/strong> Non lo so, credo che gli indicatori ci mettano a rischio elevato. Il vero tema \u00e8 che l&#8217;istituto per la sanit\u00e0 basi le decisioni su dati omogenei. Il vero dato \u00e8 l&#8217;ospedalizzazione su 100mila abitanti. Abbiamo una regione la sesta in Italia per ospedalizzazione. Ci sono 5 Regioni messe peggio ma nessuno ne parla.<strong> TREDICESIMO GIORNO CON I RICOVERI IN CALO, MA NON E&#8217; CHE SIANO I MORTI GIORNALIERI?<\/strong> No si stanno invertendo le curve di ingressi e dimissioni, abbiamo meno carico di prima. Esiste uno studio sulle dimissioni dei pazienti, noi abbiamo un dato degli ingressi e delle uscite tanto in area critica che in terapia intensiva <strong>COME VA CON IL VACCINO VOLONTARIO? <\/strong>fra gli operatori sanitari c&#8217;\u00e8 un&#8217;adesione del 90%, abbiamo qualche problema in pi\u00f9 nelle Rsa,\u00a0 rifiutare il vaccino rimane un\u00a0 diritto. <strong>TERZA ONDATA?<\/strong>\u00a0 La terza ondata c&#8217;\u00e8 ed \u00e8 in corso, in ritardo rispetto all&#8217;Europa. Domani mattina alle 9.30 previsto un nuovo incontro fra Regioni e Roma sulle ultime proposte di Speranza sulle misure anti Covid e sui parametri <strong>MONTAGNA IN GINOCCHIO\u00a0<\/strong> E&#8217; vero perch\u00e9 rappresenta un&#8217;isola felice in un momento difficile da vivere. Con Vaia abbiamo visto cosa significa avere i cittadini. La stagione \u00e8 comunque messa in discussione. Se ci fossero i ristori quanto meno tamponiamo. <strong>APERTURE IMPIANTI CON LINEE GUIDA E&#8217; UNA SOLUZIONE?<\/strong> c&#8217;\u00e8 una proposta di settimane fa, dovremo capire le indicazioni dell&#8217;istituto sanitario, il DPCM potrebbe valutare un proroga se si arriva a marzo la stagione \u00e8 finita.<strong> DIFFIDA DELLA NAO AD USARE I TAMPONI RAPIDI<\/strong> Mi sono reso conto che c&#8217;\u00e8 una leggenda metropolitana che \u00e8 la politica che decide e questo ci offende e offende i tecnici. I piani di sanit\u00e0 pubblica non li fa certo la politica non avendo professionalit\u00e0, competenza e leggittimazione giuridica. Da oggi mi rifiuto di rispondere a queste domande, lo facciano i tecnici.<strong> I RISTORATORI RINGRAZIANO E CHIEDONO SE VENERDI ANDRA&#8217; A CENA DA QUALCHE PARTE<\/strong> Non lo faccio per una questione di non rispetto, non l&#8217;ho mai fatto con nessuno perch\u00e9 si presta a polemiche. Loro hanno la mia comprensione. Il mio ruolo istituzionale \u00e8 fondamentale per dire che devono essere ascoltati, sono al loro fianco fermo restando che sono persone per bene come quando abbiamo fatto le linee guida per l&#8217;apertura dei ristoranti, lontani da strumentalizzazioni politiche e dai &#8220;polemisti&#8221;.<\/p>\n<blockquote>\n<h3>DOTTOR FLOR DIRETTORE SANITA&#8217; VENETO<\/h3>\n<\/blockquote>\n<p><em>Limite massimo occupazioni il 31 dicembre con 663 posti letto occupati in terapia intensiva, oggi sono 610 sono calati giorno per giorno, sono 91 i posti letto ad oggi disponibili, fino a venerdi non tocchiamo nulla poi valuteremo la situazione se \u00e8 il caso o meno di aumentare i posti letto. Il tasso di occupazione dipende dagli ingressi e dalle uscite, registriamo negli ultimi giorni un minor numero di ricoveri ospedalieri e in terapia intensiva.<\/em><\/p>\n<p><strong>La nuova querelle sui tamponi rapidi, l&#8217;ultima diffida alla Regione.\u00a0 <\/strong>La Nao ha presentato una diffida sull&#8217;uso di un tipo di tampone di terza generazione che il Veneto, comunque, non ha mai utilizzato<strong>.<\/strong>Ho le sensazione che diciamo delle cose che non vengono capite eppure non sono difficili. La Regione che fa pi\u00f9 tamponi molecolari sui 100 mila abitanti ad esempio \u00e8 il Veneto, lo dicono i dati pubblicati giornalmente dal Ministero della Salute. Di gran lunga pi\u00f9 di ogni altra regione, ieri e anche oggi. Nessuno ha fatto tanti tamponi molecolari come il Veneto. La settimana scorsa abbiamo chiesto a tutte le aziende il massimo di tamponi che sono in grado di fare e refertare, ebbene dai 19 ai 21 mila. La risposta che mi sento di dare a tutti ne ruolo che ricopro \u00e8 che il Veneto ha aumentato la sua capacit\u00e0 di tamponi molecolari, a marzo se ne facevano 7000 anche ad aprile, oggi 17 mila. Abbiamo 3 milioni e mezzo di tamponi molecolari refertati che ci venga riconosciuto. Li facciamo come da indicazioni ministeriali e a livello internazionale a tutti i pazienti prima del ricovero. Noi abbiamo sempre fatto i tamponi molecolari.\u00a0 I test rapidi li usiamo per screening, come indicato. I tamponi molecolari vengono usati per diagnosi (anche di conferma ai test rapidi) e i test rapidi per screening (ad esempio in aeroporto). L&#8217;alternativa ai tamponi rapidi \u00e8 il nulla.<strong> SITUAZIONE OSPEDALIERA<\/strong> Attualmente abbiamo attivi 700 posti di terapia intensiva, stamani 91 erano liberi, 610 sono quindi occupati, 334 sono con pazienti Covid positivi. Il limite massimo di occupazione dei 700 posti lo abbiamo avuto con 663 posti letto occupati il 31 gennaio. Da allora il tasso di occupazione delle terapie intensive \u00e8 sempre calato. <strong>SITUAZIONE VACCINI<\/strong> Ieri la terza fornitura da 40mila dosi che somministreremo entro venerdi, le altre le teniamo accantonate per il richiamo previsto da lunedi, per essere puntuali li abbiamo accantonati. Il 60% della fornitura di ieri servir\u00e0 per i richiami. Oggi riunione con le aziende per le modalit\u00e0 di primo utilizzo delle 800 dosi del vaccino Moderna.<\/p>\n<p>&nbsp;<\/p>\n<p><a href=\"https:\/\/www.facebook.com\/zaiaufficiale\/videos\/487089278943742\">https:\/\/www.facebook.com\/zaiaufficiale\/videos\/487089278943742<\/a><\/p>\n<p>&nbsp;<\/p>\n<p>&nbsp;<\/p>\n<hr \/>\n<p>&nbsp;<\/p>\n<blockquote>\n<h3>L&#8217;AFFONDO DELLA LOTTO &#8220;COSA FA LA REGIONE OLTRE A LAMENTARSI?&#8221;<\/h3>\n<\/blockquote>\n<blockquote><p><strong>\u00abDalla Regione invece, solo lagne e polemiche\u00bb.<\/strong><\/p><\/blockquote>\n<p><strong>BELLUNO<\/strong> &#8220;Dallo Stato sono arrivati 12 miliardi di euro per i ristori ai commercianti quanti ne ha messi la Regione?&#8221;. L&#8217;interrogativo porta la firma di Monica Lotto, segretaria provinciale del Partito Democratico, il destinatario \u00e8 invece il\u00a0senatore Paolo Saviane <em>&#8220;Quanti miliardi ha messo la Regione Veneto? Non si capisce perch\u00e9 se da un lato si chiede autonomia, dall\u2019altro si batte cassa, un po\u2019 come i giovani indolenti che vogliono andare ad vivere da soli, ma l\u2019affitto glielo devono pagare i genitori\u00bb.\u00a0<\/em>Per la segretaria provinciale la zona gialla non ha dato risultati eccellenti con baristi e ristoratori costretti a rimanere aperti con forte calo della domanda oltre l&#8217;80% e non percepiranno nemmeno il ristoro.\u00a0 \u00a0<em>&#8220;La Regione e il suo presidente &#8211; dice la Lotto &#8211; si sono incaponiti nel mantenere la zona gialla durante la seconda ondata, con il risultato, tutt\u2019altro che eccellente&#8221;<\/em> A proposito degli impianti da sci per Monica Lotto in queste condizioni (zona arancione) la <a href=\"https:\/\/www.radiopiu.net\/wordpress\/giornale-radiopiu-25-giugno-2020-direttore-mirko-mezzacasa\/download-855\/\" rel=\"attachment wp-att-146218\"><img loading=\"lazy\" decoding=\"async\" class=\"size-full wp-image-146218 alignleft\" src=\"https:\/\/www.radiopiu.net\/wordpress\/wp-content\/uploads\/2020\/06\/download-26.jpg\" alt=\"\" width=\"225\" height=\"225\" srcset=\"https:\/\/www.radiopiu.net\/wordpress\/wp-content\/uploads\/2020\/06\/download-26.jpg 225w, https:\/\/www.radiopiu.net\/wordpress\/wp-content\/uploads\/2020\/06\/download-26-150x150.jpg 150w\" sizes=\"auto, (max-width: 225px) 100vw, 225px\" \/><\/a>riapertura sarebbe un errore <em>&#8220;Se gli spostamenti alle persone sono impediti tra le regioni le piste da sci saranno senza sciatori con i gestori degli impianti costretti ad affrontare spese abnormi con una frazione minima dei ricavi abituali\u00bb.<\/em> Negli auspici della segretaria piddina un progetto della Regione Veneto per la montagna reso concreto da azioni&#8221;.<\/p>\n<blockquote>\n<div>Dai dati in possesso della segretaria Monica Lotto si evince che &#8220;<em>per la Provincia di Belluno i decreti Ristori e Rilancio hanno portato 32,2 milioni di euro. Ai quali sommare i circa 10 milioni del decreto Natale. Molti Comuni si sono attivati con misure specifiche e contributi a favore dei propri cittadini e delle proprie attivit\u00e0 economiche&#8221;.<\/em><\/div>\n<\/blockquote>\n<p>&nbsp;<\/p>\n<p>&nbsp;<\/p>\n<hr \/>\n<p>&nbsp;<\/p>\n<blockquote>\n<h3>IL CONTRACCOLPO SUI GIOVANI FERMATI DAL COVID SARA&#8217; IMPORTANTE<\/h3>\n<\/blockquote>\n<h3><em><a href=\"https:\/\/www.radiopiu.net\/wordpress\/il-contraccolpo-sui-giovani-fermati-dal-covid-sara-importante\/flavio_roda\/\" rel=\"attachment wp-att-184672\"><img loading=\"lazy\" decoding=\"async\" class=\"size-medium wp-image-184672 alignleft\" src=\"https:\/\/www.radiopiu.net\/wordpress\/wp-content\/uploads\/2021\/01\/flavio_roda-300x213.png\" alt=\"\" width=\"300\" height=\"213\" srcset=\"https:\/\/www.radiopiu.net\/wordpress\/wp-content\/uploads\/2021\/01\/flavio_roda-300x213.png 300w, https:\/\/www.radiopiu.net\/wordpress\/wp-content\/uploads\/2021\/01\/flavio_roda.png 682w\" sizes=\"auto, (max-width: 300px) 100vw, 300px\" \/><\/a>INTERVISTA A FLAVIO RODA PRESIDENTE DELLA FISI<\/em><\/h3>\n<h3><em>di Claudio Fontanive<\/em><\/h3>\n<p>(FOTO fondoitalia.it)<\/p>\n<audio class=\"wp-audio-shortcode\" id=\"audio-184550-6\" preload=\"none\" style=\"width: 100%;\" controls=\"controls\"><source type=\"audio\/mpeg\" src=\"https:\/\/www.radiopiu.net\/wordpress\/wp-content\/uploads\/2021\/01\/flavio-roda.mp3?_=6\" \/><a href=\"https:\/\/www.radiopiu.net\/wordpress\/wp-content\/uploads\/2021\/01\/flavio-roda.mp3\">https:\/\/www.radiopiu.net\/wordpress\/wp-content\/uploads\/2021\/01\/flavio-roda.mp3<\/a><\/audio>\n<p>&nbsp;<\/p>\n<hr \/>\n<p>&nbsp;<\/p>\n<blockquote>\n<h3>OLTRE 6 MILIONI E MEZZO DI EURO PER FINANZIAMENTI A PROGETTI DI VOLONTARIATO, PROMOZIONE SOCIALE E ONLUS<\/h3>\n<\/blockquote>\n<p><strong><a href=\"https:\/\/www.radiopiu.net\/wordpress\/manuela-lanzarin-parla-dei-test-nelle-imprese\/lanzarin-6\/\" rel=\"attachment wp-att-136601\"><img loading=\"lazy\" decoding=\"async\" class=\"size-medium wp-image-136601 alignleft\" src=\"https:\/\/www.radiopiu.net\/wordpress\/wp-content\/uploads\/2020\/05\/LANZARIN-300x225.jpg\" alt=\"\" width=\"300\" height=\"225\" srcset=\"https:\/\/www.radiopiu.net\/wordpress\/wp-content\/uploads\/2020\/05\/LANZARIN-300x225.jpg 300w, https:\/\/www.radiopiu.net\/wordpress\/wp-content\/uploads\/2020\/05\/LANZARIN-768x576.jpg 768w, https:\/\/www.radiopiu.net\/wordpress\/wp-content\/uploads\/2020\/05\/LANZARIN.jpg 960w\" sizes=\"auto, (max-width: 300px) 100vw, 300px\" \/><\/a>VENEZIA <\/strong>La Giunta regionale del Veneto, su proposta dell\u2019assessore alla Sanit\u00e0 ed ai Servizi sociali, Manuela Lanzarin, ha approvato la delibera in cui si vara un finanziamento a progetti promossi da organizzazioni di volontariato, associazioni di promozione sociale e fondazioni Onlus. Il provvedimento, con particolare riferimento alla situazione creatasi con la pandemia in corso, mette in campo 6.570.036 euro complessivi (provenienti con specifica legge dall\u2019apposito fondo creato presso il Ministero delle Politiche Sociali).\u00a0 Di questi, il documento destina 4.335.449 di euro a nuovi progetti e fissa i criteri e le modalit\u00e0 con cui potranno accedervi le organizzazioni interessate. Contemporaneamente stabilisce che 2.234.587 euro vengano impiegati per lo scorrimento della graduatoria dei soggetti che hanno partecipato ad analogo avviso emanato a luglio 2020. L&#8217;atto della Giunta sottolinea come l\u2019avviso pubblico ha lo scopo di sviluppare progetti di welfare di comunit\u00e0 e territori inclusivi. A tal fine individua sei indirizzi di priorit\u00e0: Servizio sperimentale di mobilit\u00e0; Rete di assistenza sociale a domicilio, Cultura della donazione di sangue, organi, tessuti e cellule; Promuovere, diffondere e praticare la cultura del volontariato e dei beni comuni; Formazione degli enti del Terzo settore; Mappare gli enti del Terzo settore. Possono accedere al bando le organizzazioni iscritte ai registri di settore, al registro nazionale della promozione sociale o all\u2019anagrafe delle Onlus, con una sola proposta progettuale che dovr\u00e0 avere durata non inferiore ai 12 mesi e dovr\u00e0 essere completata entro il 30 luglio 2022 (con rendicontazione entro il 30 settembre dello stesso anno).\u00a0\u00a0I progetti, per essere ammessi, dovranno tenere conto della programmazione di zona ed essere sviluppati nel quadro della Strategia regionale dello sviluppo sostenibile; potranno essere dimensionati a valenza regionale, interprovinciale o locale (provinciale, comunale o di quartiere) e sulla base di questa scala sar\u00e0 attribuito il valore, secondo precisi parametri.\u00a0 Non potranno accedere al finanziamento i progetti che siano la mera prosecuzione o riproposizione di azioni gi\u00e0 finanziate con avvisi precedenti. La scadenza per la presentazione delle istanze di finanziamento \u00e8 fissata alle ore 12.00 del 1 marzo 2021. L&#8217;avviso pubblico sar\u00e0 pubblicato nella sezione &#8220;Bandi-Avvisi-Concorsi&#8221; del sito web regionale a partire dal 15 gennaio ed il provvedimento sar\u00e0 disponibile anche nel Bollettino Ufficiale della Regione del Veneto<\/p>\n<p>&nbsp;<\/p>\n<p>&nbsp;<\/p>\n<hr \/>\n<p>&nbsp;<\/p>\n<blockquote>\n<h3 class=\"p1\"><span class=\"s1\">MARTED\u00cc IL CASO DONAZZAN APPRODA IN CONSIGLIO CON UNA MOZIONE DI RISERVE DELLA MINORANZA: GRUPPO PD: \u201cZAIA SI ESPRIMA UFFICIALMENTE E PRENDA PROVVEDIMENTI\u201d<\/span><\/h3>\n<\/blockquote>\n<p class=\"p1\"><span class=\"s1\"><strong><a href=\"https:\/\/www.radiopiu.net\/wordpress\/giornale-radiopiu-del-29-novembre-2018-direttore-mirko-mezzacasa\/pd\/\" rel=\"attachment wp-att-67744\"><img loading=\"lazy\" decoding=\"async\" class=\"size-full wp-image-67744 alignleft\" src=\"https:\/\/www.radiopiu.net\/wordpress\/wp-content\/uploads\/2018\/11\/PD.png\" alt=\"\" width=\"226\" height=\"182\" \/><\/a>VENEZIA<\/strong> \u201c<em>La becera uscita dell\u2019assessore Donazzan non pu\u00f2 essere liquidata con delle scuse piene di \u2018se\u2019 e di \u2018ma\u2019. Intonare Faccetta nera in un programma radiofonico e ribadire le presunte \u2018cose buone\u2019 del regime fascista sono comportamenti inaccettabili per chi ricopre un ruolo istituzionale e in contrasto con la nostra Costituzione nata dalla Resistenza. Per questo abbiamo presentato una mozione di riserve: in caso di approvazione, Zaia entro 15 giorni dovr\u00e0 comunicare al Consiglio regionale, entro le proprie determinazioni. \u00c8 un atto doveroso, si parli di satira e goliardia perch\u00e9 \u00e8 un insulto all\u2019intelligenza dei veneti<\/em>\u201d. A dichiararlo sono i consiglieri regionali del Partito Democratico con il capogruppo Giacomo Possamai e i colleghi Anna Maria Bigon, Vanessa Camani, Jonatan Montanariello, Andrea Zanoni e Francesca Zottis, a proposito della mozione formalizzata, primo firmatario lo speaker dell\u2019opposizione Arturo Lorenzoni ma sottoscritta da tutte le forze di minoranza che gi\u00e0 avevano sollecitato il ritiro delle deleghe: Partito Democratico, Veneto che Vogliamo, Movimento Cinque Stelle ed Europa Verde. Cos\u00ec il caso dell\u2019assessore all\u2019Istruzione approder\u00e0 marted\u00ec prossimo in Consiglio, primo punto all\u2019ordine del giorno, grazie allo strumento previsto dall\u2019articolo 128 del regolamento.\u00a0<\/span><\/p>\n<p>&nbsp;<\/p>\n<p>&nbsp;<\/p>\n<hr \/>\n<p>&nbsp;<\/p>\n<blockquote>\n<h3>CACCIA: NO A POSIZIONE IDEOLOGICHE, LA MOBILITA&#8217; IN ZONA ARANCIONE E&#8217; DIVERSA DALLE DEROGHE<\/h3>\n<\/blockquote>\n<p><strong>VENEZIA<\/strong> In una nota Jonatan Montanariello e Francesca Zottis, rappresentanti del PD nella commissione consiliare regionale Ambiente e Caccia dichiarano:\u00a0<em>\u201cIl tema della caccia va affrontato nell\u2019ottica di un legislatore e quindi in maniera laica, non ideologica. In merito alle posizioni del collega Andrea Zanoni, che non \u00e8 membro della commissione Ambiente e Caccia, rispettabilissime e che ogni consigliere ha il diritto di avere, vogliamo per\u00f2 specificare che non \u00e8 la linea del gruppo del Partito Democratico Veneto. Noi siamo contro ogni deroga nelle zone con mobilit\u00e0 limitata a causa della pandemia, ma la possibilit\u00e0 di spostarsi negli Atc, seppur fuori dal Comune di residenza, \u00e8 una cosa ben diversa. Siamo coerenti, sono le stesse scelte del Partito Democratico in Emilia Romagna e Toscana, dove governa la Regione\u201d<\/em>.<\/p>\n<p>&nbsp;<\/p>\n<hr \/>\n<p>&nbsp;<\/p>\n<blockquote>\n<h3>DOGLIONI DALLA CONFCOMMERCIO: &#8220;RESPONSABILITA&#8217; NON SALTI NEL BUIO&#8221;<\/h3>\n<\/blockquote>\n<p><strong>BELLUNO<\/strong> <em>\u00abUna crisi di Governo ora rappresenterebbe, a mio avviso, un atto di irresponsabilit\u00e0 verso il tessuto economico del paese\u00bb cos\u00ec, Paolo Doglioni, presidente di Confcommercio Belluno, bolla l&#8217;ipotesi di crisi. \u00abNon possiamo permetterci \u2013 continua Doglioni &#8211; di tralasciare le esigenze di un&#8217;economia che sta agonizzando&#8221; <\/em>Da mesi Confcommercio, a tutti i livelli, grida il dolore delle imprese e chiede provvedimenti certi a sostegno delle stesse mettendo sempre e comunque in cima la problematica sanitaria che purtroppo \u00e8 sempre grave. &#8220;<em>D&#8217;altra parte per\u00f2, a fronte di qualche, e quasi sempre inadeguato ristoro, invece che andare nella direzione della soluzione dei problemi il paese rischia di entrare in un \u201cimpasse\u201d governativo che sarebbe il colpo di grazia per l&#8217;intero sistema\u00bb.\u00a0<\/em><\/p>\n<p>&nbsp;<\/p>\n<hr \/>\n<p>&nbsp;<\/p>\n<blockquote>\n<h3>PROVINCIALE 251, SITUAZIONE CHE VA RISOLTA SENZA RIMPALLI<\/h3>\n<\/blockquote>\n<p><strong><img decoding=\"async\" class=\"alignleft\" src=\"https:\/\/www.radiopiu.net\/wordpress\/wp-content\/uploads\/2021\/01\/download-16.jpg\" \/>ROMA<\/strong><em> \u201cLa situazione della Sp251 in Val di Zoldo va risolta definitivamente con interventi strutturali. I residenti non possono ancora patire ulteriori disagi per chiss\u00e0 quanto, \u00e8 un tema che deve diventare una priorit\u00e0: basta rimpalli tra enti che per troppo tempo ha portato a una sottovalutazione dei problemi. Chiediamo immediatamente un tavolo congiunto tra Governo, Regione e Provincia in cui ognuno faccia la propria parte\u201d<\/em>. Il sollecito arriva, tramite una nota unitaria, dalla consigliera regionale del Partito Democratico Francesca Zottis e dal parlamentare bellunese dem Roger De Menech, a proposito della riapertura alla viabilit\u00e0 della strada, dopo la frana che ha spazzato via una carreggiata lo scorso dicembre. \u201c<em>Servono interventi immediati per la messa in sicurezza che diano delle certezze, per non trovarci ogni volta da capo; lavori attesi da anni. Stiamo parlando di una valle importante che comprende il comprensorio sciistico del Civetta, oltre al monte Pelmo e altre bellezze naturali inestimabili; la Sp 251 \u00e8 la via pi\u00f9 sicura per raggiungerla, cos\u00ec come per collegarsi con il Cadore e l\u2019Agordino.\u00a0 Le alternative sono pi\u00f9 tortuose e pericolose, con tempi di percorrenza insostenibili: c\u2019\u00e8 anche chi ha dovuto rinunciare a recarsi al lavoro. La politica si assuma la responsabilit\u00e0 del futuro delle \u2018terre alte\u2019 e di chi le abita: in questi giorni i residenti della Val di Zoldo hanno dovuto fare i conti con l\u2019interruzione della viabilit\u00e0, delle linee elettriche e telefoniche. Lo spopolamento dei territori montani \u00e8 gi\u00e0 sufficientemente grave, se non si agisce sui servizi fondamentali il declino rischia di diventare irreversibile\u201d<\/em>.<\/p>\n<p>&nbsp;<\/p>\n<hr \/>\n<p>&nbsp;<\/p>\n<blockquote>\n<h3>LA PANDEMIA CANCELLA PRANZO E FESTA DI SANT&#8217;ANTONIO.<\/h3>\n<\/blockquote>\n<p><strong><a href=\"https:\/\/www.radiopiu.net\/wordpress\/ultime-notizie-disagio-idrico-ad-agordo\/park-nof-filo\/\" rel=\"attachment wp-att-52828\"><img loading=\"lazy\" decoding=\"async\" class=\" wp-image-52828 alignleft\" src=\"https:\/\/www.radiopiu.net\/wordpress\/wp-content\/uploads\/2018\/07\/PARK-NOF-FILO-300x196.jpg\" alt=\"\" width=\"231\" height=\"151\" srcset=\"https:\/\/www.radiopiu.net\/wordpress\/wp-content\/uploads\/2018\/07\/PARK-NOF-FILO-300x196.jpg 300w, https:\/\/www.radiopiu.net\/wordpress\/wp-content\/uploads\/2018\/07\/PARK-NOF-FILO-768x502.jpg 768w, https:\/\/www.radiopiu.net\/wordpress\/wp-content\/uploads\/2018\/07\/PARK-NOF-FILO.jpg 970w\" sizes=\"auto, (max-width: 231px) 100vw, 231px\" \/><\/a>CENCENIGHE<\/strong> I ragazzi pi\u00f9 giovani hanno dovuto rinunciare a cantare San Martino, i pi\u00f9 grandi alle feste al Nof Filo&#8217; di Cencenighe, la comunit\u00e0 \u00e8 stata obbligata dalla pandemia a perdere momenti importanti, i ricordi della tradizione come Sant&#8217;Andrea, la Befana, le feste per i nonni ed altro ancora. Alla lunga lista di eventi cancellati si aggiunge purtroppo anche la festa si Sant&#8217;ANTONIO, il patrono, prevista per domenica<br \/>\n<strong>IL SINDACO MAURO SOPPELSA<\/strong><\/p>\n<audio class=\"wp-audio-shortcode\" id=\"audio-184550-7\" preload=\"none\" style=\"width: 100%;\" controls=\"controls\"><source type=\"audio\/mpeg\" src=\"https:\/\/www.radiopiu.net\/wordpress\/wp-content\/uploads\/2021\/01\/MAURO.mp3?_=7\" \/><a href=\"https:\/\/www.radiopiu.net\/wordpress\/wp-content\/uploads\/2021\/01\/MAURO.mp3\">https:\/\/www.radiopiu.net\/wordpress\/wp-content\/uploads\/2021\/01\/MAURO.mp3<\/a><\/audio>\n<p>&nbsp;<\/p>\n<hr \/>\n<blockquote>\n<h3><\/h3>\n<h3>PASQUA SENZA SAGRA, LE ASSOCIAZIONI FERMATE PER IL SECONDO ANNO DAL COVID<\/h3>\n<\/blockquote>\n<p><strong><img loading=\"lazy\" decoding=\"async\" class=\"alignleft\" src=\"https:\/\/www.radiopiu.net\/wordpress\/wp-content\/uploads\/2018\/03\/sagra.jpg\" width=\"190\" height=\"142\" \/>TAIBON<\/strong> Per il secondo anno consecutivo solo ed esclusivamente causa covid19 e relative restrizioni, la Sagra de Pasca \u00e8 stata annullata. Inevitabile per l&#8217;incertezza del periodo, come a febbraio dello scorso anno quando con la macchina organizzativa a pieni giri \u00e8 arrivato&#8230;il virus. Un&#8217;altra scelta sofferta per il Gruppo Sportivo Taibon, Proloco, Associazione Donatori del Sangue di nuovo costretti allo stop. Tutto rinviato al 2022, compresa la lotteria che quest&#8217;anno non sar\u00e0 organizzata.<\/p>\n<p>&nbsp;<\/p>\n<p>&nbsp;<\/p>\n<hr \/>\n<p>&nbsp;<\/p>\n<blockquote>\n<h3>L&#8217;INDAGINE DEL TERZO SETTORE: ALLE RADICI DELLA SOLIDARIETA&#8217;<\/h3>\n<\/blockquote>\n<p><strong><a href=\"https:\/\/www.radiopiu.net\/wordpress\/giornale-radiopiu-14-gennaio-2021-direttore-mirko-mezzacasa\/02-da-sinistra-diego-cason-e-nicola-de-toffol\/\" rel=\"attachment wp-att-184620\"><img loading=\"lazy\" decoding=\"async\" class=\" wp-image-184620 alignleft\" src=\"https:\/\/www.radiopiu.net\/wordpress\/wp-content\/uploads\/2021\/01\/02-Da-sinistra-Diego-Cason-e-Nicola-De-Toffol-300x225.jpg\" alt=\"\" width=\"219\" height=\"164\" srcset=\"https:\/\/www.radiopiu.net\/wordpress\/wp-content\/uploads\/2021\/01\/02-Da-sinistra-Diego-Cason-e-Nicola-De-Toffol-300x225.jpg 300w, https:\/\/www.radiopiu.net\/wordpress\/wp-content\/uploads\/2021\/01\/02-Da-sinistra-Diego-Cason-e-Nicola-De-Toffol-1024x768.jpg 1024w, https:\/\/www.radiopiu.net\/wordpress\/wp-content\/uploads\/2021\/01\/02-Da-sinistra-Diego-Cason-e-Nicola-De-Toffol-768x576.jpg 768w, https:\/\/www.radiopiu.net\/wordpress\/wp-content\/uploads\/2021\/01\/02-Da-sinistra-Diego-Cason-e-Nicola-De-Toffol-1536x1152.jpg 1536w, https:\/\/www.radiopiu.net\/wordpress\/wp-content\/uploads\/2021\/01\/02-Da-sinistra-Diego-Cason-e-Nicola-De-Toffol-2048x1536.jpg 2048w\" sizes=\"auto, (max-width: 219px) 100vw, 219px\" \/><\/a>BELLUNO<\/strong> \u00c8 disponibile l\u2019inedita pubblicazione \u201cAlle radici della solidariet\u00e0. Indagine sul Terzo settore in provincia di Belluno\u201d. Lo studio, curato da Diego Cason e Nicola De Toffol, appare nella collana \u201cQuaderni Osservatorio bellunese\u201d dell&#8217;Isbrec ed \u00e8 il frutto dei risultati di un\u2019indagine compiuta dal Csv Belluno sottoponendo al mondo del Terzo settore provinciale un questionario on-line. <em>\u00abLa ragione, per la quale questa inchiesta si \u00e8 resa necessaria, \u00e8 molto semplice: il Codice del Terzo settore ha modificato il ruolo e le funzioni dei Centri di servizio per il volontariato, estendendo le loro responsabilit\u00e0 e i loro ambiti di intervento\u00bb spiegano i curatori. \u00abSi \u00e8 subito osservato che alcuni degli Enti del Terzo settore (Ets) sono \u201csconosciuti\u201d al Csv di Belluno perch\u00e9 una parte degli stessi non ha mai usufruito dei servizi offerti dal Centro; la prima cosa da fare, dunque, era individuarli, e questo \u00e8 stato uno degli scopi dell\u2019inchiesta\u00bb. <\/em>La ricerca ha visto la raccolta di 175 risposte provenienti da 40 diversi comuni della provincia di Belluno, i dati raccolti assumono una rilevanza statistica pari in media al 33%. Per informazioni sulla disponibilit\u00e0 del volume contattare il Centro documentazione \u201cAnna B\u00e4rlocher\u201d del Csv di Belluno all&#8217;indirizzo\u00a0cendoc@csvbelluno.it\u00a0o al numero di telefono 0437 950374.<\/p>\n<p><strong>DIEGO CASON<\/strong><\/p>\n<audio class=\"wp-audio-shortcode\" id=\"audio-184550-8\" preload=\"none\" style=\"width: 100%;\" controls=\"controls\"><source type=\"audio\/mpeg\" src=\"https:\/\/www.radiopiu.net\/wordpress\/wp-content\/uploads\/2021\/01\/DIEGO-CASON.mp3?_=8\" \/><a href=\"https:\/\/www.radiopiu.net\/wordpress\/wp-content\/uploads\/2021\/01\/DIEGO-CASON.mp3\">https:\/\/www.radiopiu.net\/wordpress\/wp-content\/uploads\/2021\/01\/DIEGO-CASON.mp3<\/a><\/audio>\n<p>&nbsp;<\/p>\n<hr \/>\n<p>&nbsp;<\/p>\n<blockquote>\n<h3>DOMANI LA CONFERENZA STAMPA DELLA PROVINCIA SUL BANDO ESERCIZI DI VICINATO<\/h3>\n<\/blockquote>\n<p><strong>BELLUNO <\/strong>\u00c8 stata convocata per domani alle 11, una conferenza stampa durante la quale saranno presentati gli esiti del &#8220;Bando esercizi di vicinato &#8211; seconda edizione&#8221; promosso da Provincia e Fondo Comuni confinanti. Interverranno: il presidente della Provincia Roberto Padrin, i consiglieri delegati Serenella Bogana e Paolo Perenzin, il presidente del Comitato paritetico Fcc, on. Roger De Menech, il presidente della Camera di Commercio Belluno-Treviso, Mario Pozza e il presidente di Ascom-Confcommercio Belluno, Paolo Doglioni<\/p>\n<p>&nbsp;<\/p>\n<p>&nbsp;<\/p>\n<hr \/>\n<p>&nbsp;<\/p>\n<blockquote>\n<h3>PIANO NAZIONALE RIPRESA E RESILIENZA, UNCEM: MONTAGNA, BORGHI, GREEN COMMUNITIES FORESTE DEVONO ESSERE AL CENTRO DEL PNRR. DEFINIRE IN PARLAMENTO RUOLO DEI TERRITORI E DEGLI ENTI LOCALI<\/h3>\n<\/blockquote>\n<p><strong><a href=\"https:\/\/www.radiopiu.net\/wordpress\/giornale-radiopiu-06-novembre-2020-direttore-mirko-mezzacasa\/logouncem_no_scritta-wdtr\/\" rel=\"attachment wp-att-170846\"><img loading=\"lazy\" decoding=\"async\" class=\" wp-image-170846 alignleft\" src=\"https:\/\/www.radiopiu.net\/wordpress\/wp-content\/uploads\/2020\/11\/logoUNCEM_no_scritta-wdtr-300x300.jpg\" alt=\"\" width=\"195\" height=\"195\" srcset=\"https:\/\/www.radiopiu.net\/wordpress\/wp-content\/uploads\/2020\/11\/logoUNCEM_no_scritta-wdtr-300x300.jpg 300w, https:\/\/www.radiopiu.net\/wordpress\/wp-content\/uploads\/2020\/11\/logoUNCEM_no_scritta-wdtr-150x150.jpg 150w, https:\/\/www.radiopiu.net\/wordpress\/wp-content\/uploads\/2020\/11\/logoUNCEM_no_scritta-wdtr.jpg 640w\" sizes=\"auto, (max-width: 195px) 100vw, 195px\" \/><\/a>ROMA<\/strong> &#8220;<em>La transizione green del Paese si fa solo coinvolgendo i territori, le aree montane del Paese, gli Enti locali. Per questo \u00e8 necessario che nel Piano nazionale Ripresa e Resilienza vengano introdotte misure per le aree montane, le foreste, le green communities e i borghi. Perch\u00e9 occorre valorizzare le filiere vere del Paese, che per il green non sono solo acciaio e cemento. Le aree montane e i territori italiani devono avere una centralit\u00e0 nel PNRR non come comparto o categoria di investimento, bens\u00ec come chiave di lettura di tutte le misure e le componenti introdotte nel PNRR varato ieri sera dal Consiglio dei Ministri. Uncem non chiede pezzi di 220 miliardi di euro, non fa elenchi della spesa. Tutte le missioni e le componenti devono essere attuate sui territori, con un preciso ruolo degli Enti locali che il Parlamento, il Governo, con il Comitato interministeriali Affari europei dovranno definire. La Montagna \u00e8 trasversale all&#8217;intero Piano, come lo sono i territori, le comunit\u00e0. Su questo lavoreremo con Governo, CIAE e Parlamento. Affinch\u00e9 per sanit\u00e0, innovazione, green in primo luogo vi sia una chiave di lettura territoriale con una presenza forte dello Stato volta al superamento delle sperequazioni<\/em>&#8220;. Lo afferma Marco Bussone, Presidente nazionale Uncem.<\/p>\n<p>&nbsp;<\/p>\n<p>&nbsp;<\/p>\n<hr \/>\n<p>&nbsp;<\/p>\n<blockquote>\n<h3>I VIGILI DEL FUOCO DI AGORDO RIMUOVO LA NEVE DAL CAMPANILE DELLA CHIESA DI TAIBON<\/h3>\n<\/blockquote>\n<p><strong>TAIBON<\/strong><\/p>\n<p>di Gianni Santomaso<\/p>\n<audio class=\"wp-audio-shortcode\" id=\"audio-184550-9\" preload=\"none\" style=\"width: 100%;\" controls=\"controls\"><source type=\"audio\/mpeg\" src=\"https:\/\/www.radiopiu.net\/wordpress\/wp-content\/uploads\/2021\/01\/GIANNI-VIGILI-FUOCO-TAIBON.mp3?_=9\" \/><a href=\"https:\/\/www.radiopiu.net\/wordpress\/wp-content\/uploads\/2021\/01\/GIANNI-VIGILI-FUOCO-TAIBON.mp3\">https:\/\/www.radiopiu.net\/wordpress\/wp-content\/uploads\/2021\/01\/GIANNI-VIGILI-FUOCO-TAIBON.mp3<\/a><\/audio>\n<p>&nbsp;<\/p>\n<p><strong>LE FOTO DELL&#8217;INTERVENTO<\/strong><\/p>\n\n\t\t\t<style type='text\/css'>\n\t\t\t\t#gallery-6 {\n\t\t\t\t\tmargin: auto;\n\t\t\t\t}\n\t\t\t\t#gallery-6 .gallery-item {\n\t\t\t\t\tfloat: left;\n\t\t\t\t\tmargin-top: 10px;\n\t\t\t\t\ttext-align: center;\n\t\t\t\t\twidth: 25%;\n\t\t\t\t}\n\t\t\t\t#gallery-6 img {\n\t\t\t\t\tborder: 2px solid #cfcfcf;\n\t\t\t\t}\n\t\t\t\t#gallery-6 .gallery-caption {\n\t\t\t\t\tmargin-left: 0;\n\t\t\t\t}\n\t\t\t\t\/* see gallery_shortcode() in wp-includes\/media.php *\/\n\t\t\t<\/style>\n\t\t<div id='gallery-6' class='dt-gallery-container gallery galleryid-184550 gallery-columns-4 gallery-size-medium'><dl class='gallery-item'>\n\t\t\t\t<dt class='gallery-icon portrait'>\n\t\t\t\t\t<a class=\"rollover rollover-zoom dt-pswp-item\" title=\"071ea642-7367-497e-ac91-f725239d3030\" data-dt-img-description=\"\" data-large_image_width=\"899\" data-large_image_height=\"1599\"href='https:\/\/www.radiopiu.net\/wordpress\/wp-content\/uploads\/2021\/01\/071ea642-7367-497e-ac91-f725239d3030.jpg'><img loading=\"lazy\" decoding=\"async\" width=\"169\" height=\"300\" src=\"https:\/\/www.radiopiu.net\/wordpress\/wp-content\/uploads\/2021\/01\/071ea642-7367-497e-ac91-f725239d3030-169x300.jpg\" class=\"attachment-medium size-medium\" alt=\"\" srcset=\"https:\/\/www.radiopiu.net\/wordpress\/wp-content\/uploads\/2021\/01\/071ea642-7367-497e-ac91-f725239d3030-169x300.jpg 169w, https:\/\/www.radiopiu.net\/wordpress\/wp-content\/uploads\/2021\/01\/071ea642-7367-497e-ac91-f725239d3030-576x1024.jpg 576w, https:\/\/www.radiopiu.net\/wordpress\/wp-content\/uploads\/2021\/01\/071ea642-7367-497e-ac91-f725239d3030-768x1366.jpg 768w, https:\/\/www.radiopiu.net\/wordpress\/wp-content\/uploads\/2021\/01\/071ea642-7367-497e-ac91-f725239d3030-864x1536.jpg 864w, https:\/\/www.radiopiu.net\/wordpress\/wp-content\/uploads\/2021\/01\/071ea642-7367-497e-ac91-f725239d3030.jpg 899w\" sizes=\"auto, (max-width: 169px) 100vw, 169px\" \/><\/a>\n\t\t\t\t<\/dt><\/dl><dl class='gallery-item'>\n\t\t\t\t<dt class='gallery-icon portrait'>\n\t\t\t\t\t<a class=\"rollover rollover-zoom dt-pswp-item\" title=\"708f6b6a-6a09-40cd-ac46-bad20a24c96a\" data-dt-img-description=\"\" data-large_image_width=\"1200\" data-large_image_height=\"1600\"href='https:\/\/www.radiopiu.net\/wordpress\/wp-content\/uploads\/2021\/01\/708f6b6a-6a09-40cd-ac46-bad20a24c96a.jpg'><img loading=\"lazy\" decoding=\"async\" width=\"225\" height=\"300\" src=\"https:\/\/www.radiopiu.net\/wordpress\/wp-content\/uploads\/2021\/01\/708f6b6a-6a09-40cd-ac46-bad20a24c96a-225x300.jpg\" class=\"attachment-medium size-medium\" alt=\"\" srcset=\"https:\/\/www.radiopiu.net\/wordpress\/wp-content\/uploads\/2021\/01\/708f6b6a-6a09-40cd-ac46-bad20a24c96a-225x300.jpg 225w, https:\/\/www.radiopiu.net\/wordpress\/wp-content\/uploads\/2021\/01\/708f6b6a-6a09-40cd-ac46-bad20a24c96a-768x1024.jpg 768w, https:\/\/www.radiopiu.net\/wordpress\/wp-content\/uploads\/2021\/01\/708f6b6a-6a09-40cd-ac46-bad20a24c96a-1152x1536.jpg 1152w, https:\/\/www.radiopiu.net\/wordpress\/wp-content\/uploads\/2021\/01\/708f6b6a-6a09-40cd-ac46-bad20a24c96a.jpg 1200w\" sizes=\"auto, (max-width: 225px) 100vw, 225px\" \/><\/a>\n\t\t\t\t<\/dt><\/dl><dl class='gallery-item'>\n\t\t\t\t<dt class='gallery-icon portrait'>\n\t\t\t\t\t<a class=\"rollover rollover-zoom dt-pswp-item\" title=\"2187d634-f4f9-4425-8049-a1c3bcfb8fb4\" data-dt-img-description=\"\" data-large_image_width=\"1200\" data-large_image_height=\"1600\"href='https:\/\/www.radiopiu.net\/wordpress\/wp-content\/uploads\/2021\/01\/2187d634-f4f9-4425-8049-a1c3bcfb8fb4.jpg'><img loading=\"lazy\" decoding=\"async\" width=\"225\" height=\"300\" src=\"https:\/\/www.radiopiu.net\/wordpress\/wp-content\/uploads\/2021\/01\/2187d634-f4f9-4425-8049-a1c3bcfb8fb4-225x300.jpg\" class=\"attachment-medium size-medium\" alt=\"\" srcset=\"https:\/\/www.radiopiu.net\/wordpress\/wp-content\/uploads\/2021\/01\/2187d634-f4f9-4425-8049-a1c3bcfb8fb4-225x300.jpg 225w, https:\/\/www.radiopiu.net\/wordpress\/wp-content\/uploads\/2021\/01\/2187d634-f4f9-4425-8049-a1c3bcfb8fb4-768x1024.jpg 768w, https:\/\/www.radiopiu.net\/wordpress\/wp-content\/uploads\/2021\/01\/2187d634-f4f9-4425-8049-a1c3bcfb8fb4-1152x1536.jpg 1152w, https:\/\/www.radiopiu.net\/wordpress\/wp-content\/uploads\/2021\/01\/2187d634-f4f9-4425-8049-a1c3bcfb8fb4.jpg 1200w\" sizes=\"auto, (max-width: 225px) 100vw, 225px\" \/><\/a>\n\t\t\t\t<\/dt><\/dl><dl class='gallery-item'>\n\t\t\t\t<dt class='gallery-icon portrait'>\n\t\t\t\t\t<a class=\"rollover rollover-zoom dt-pswp-item\" title=\"9a192742-e747-4ee8-b637-b28d72ab5c96\" data-dt-img-description=\"\" data-large_image_width=\"1200\" data-large_image_height=\"1600\"href='https:\/\/www.radiopiu.net\/wordpress\/wp-content\/uploads\/2021\/01\/9a192742-e747-4ee8-b637-b28d72ab5c96.jpg'><img loading=\"lazy\" decoding=\"async\" width=\"225\" height=\"300\" src=\"https:\/\/www.radiopiu.net\/wordpress\/wp-content\/uploads\/2021\/01\/9a192742-e747-4ee8-b637-b28d72ab5c96-225x300.jpg\" class=\"attachment-medium size-medium\" alt=\"\" srcset=\"https:\/\/www.radiopiu.net\/wordpress\/wp-content\/uploads\/2021\/01\/9a192742-e747-4ee8-b637-b28d72ab5c96-225x300.jpg 225w, https:\/\/www.radiopiu.net\/wordpress\/wp-content\/uploads\/2021\/01\/9a192742-e747-4ee8-b637-b28d72ab5c96-768x1024.jpg 768w, https:\/\/www.radiopiu.net\/wordpress\/wp-content\/uploads\/2021\/01\/9a192742-e747-4ee8-b637-b28d72ab5c96-1152x1536.jpg 1152w, https:\/\/www.radiopiu.net\/wordpress\/wp-content\/uploads\/2021\/01\/9a192742-e747-4ee8-b637-b28d72ab5c96.jpg 1200w\" sizes=\"auto, (max-width: 225px) 100vw, 225px\" \/><\/a>\n\t\t\t\t<\/dt><\/dl><br style=\"clear: both\" \/>\n\t\t\t<\/div>\n\n<p>&nbsp;<\/p>\n<hr \/>\n<p>&nbsp;<\/p>\n<h2><span style=\"color: #ff0000;\">IERI ALLA RADIO<\/span><\/h2>\n<p><strong><img loading=\"lazy\" decoding=\"async\" class=\"alignleft\" src=\"https:\/\/www.radiopiu.net\/wordpress\/wp-content\/uploads\/2020\/04\/FEMCA-CISL.png\" width=\"125\" height=\"125\" \/> <\/strong><\/p>\n<p><strong>\u00a0<\/strong><\/p>\n<p><strong>CISL LA VOCE DEI LAVORATORI, CON PAOLO CHISSALE&#8217;<\/strong><\/p>\n<p><strong>AUDIO\u00a0<\/strong><\/p>\n<audio class=\"wp-audio-shortcode\" id=\"audio-184550-10\" preload=\"none\" style=\"width: 100%;\" controls=\"controls\"><source type=\"audio\/mpeg\" src=\"https:\/\/www.radiopiu.net\/wordpress\/wp-content\/uploads\/2021\/01\/CISL.mp3?_=10\" \/><a href=\"https:\/\/www.radiopiu.net\/wordpress\/wp-content\/uploads\/2021\/01\/CISL.mp3\">https:\/\/www.radiopiu.net\/wordpress\/wp-content\/uploads\/2021\/01\/CISL.mp3<\/a><\/audio>\n<p>&nbsp;<\/p>\n<p>&nbsp;<\/p>\n<hr \/>\n<p>&nbsp;<\/p>\n<h2><span style=\"color: #ff0000;\">IERI ALLA RADIO\u00a0<\/span><\/h2>\n<blockquote>\n<h3><a href=\"https:\/\/www.radiopiu.net\/wordpress\/giornale-radiopiu-29-gennaio-2019-direttore-mirko-mezzacasa\/falcade-25-gen-2019\/\" rel=\"attachment wp-att-74620\"><img loading=\"lazy\" decoding=\"async\" class=\"wp-image-74620 alignleft\" src=\"https:\/\/www.radiopiu.net\/wordpress\/wp-content\/uploads\/2019\/01\/falcade-25-gen-2019-300x200.jpg\" alt=\"\" width=\"188\" height=\"125\" srcset=\"https:\/\/www.radiopiu.net\/wordpress\/wp-content\/uploads\/2019\/01\/falcade-25-gen-2019-300x200.jpg 300w, https:\/\/www.radiopiu.net\/wordpress\/wp-content\/uploads\/2019\/01\/falcade-25-gen-2019-768x512.jpg 768w, https:\/\/www.radiopiu.net\/wordpress\/wp-content\/uploads\/2019\/01\/falcade-25-gen-2019-1024x683.jpg 1024w\" sizes=\"auto, (max-width: 188px) 100vw, 188px\" \/><\/a>SCI DI FONDO SULLA PIANA DI FALCADE, PISTA MAGNIFICA E TANTE NOVITA&#8217;<\/h3>\n<\/blockquote>\n<p><strong>FALCADE<\/strong> Ospiti, Matteo Cagnati presidente Sci Club Val Biois e Manuel Andrich.<\/p>\n<audio class=\"wp-audio-shortcode\" id=\"audio-184550-11\" preload=\"none\" style=\"width: 100%;\" controls=\"controls\"><source type=\"audio\/mpeg\" src=\"https:\/\/www.radiopiu.net\/wordpress\/wp-content\/uploads\/2021\/01\/matteo-cagnati-manuel-andrich.mp3?_=11\" \/><a href=\"https:\/\/www.radiopiu.net\/wordpress\/wp-content\/uploads\/2021\/01\/matteo-cagnati-manuel-andrich.mp3\">https:\/\/www.radiopiu.net\/wordpress\/wp-content\/uploads\/2021\/01\/matteo-cagnati-manuel-andrich.mp3<\/a><\/audio>\n<p>&nbsp;<\/p>\n<hr \/>\n<p>&nbsp;<\/p>\n<blockquote>\n<h3>CONOSCIAMO LA CORALE DI LIMANA<\/h3>\n<\/blockquote>\n<p><strong>interviste di Silvia Baldo\u00a0<\/strong><br \/>\n<strong>CESARE\u00a0\u00a0<\/strong><\/p>\n<p><iframe loading=\"lazy\" title=\"WhatsApp Video 2021 01 14 at 05 48 26\" width=\"1200\" height=\"675\" src=\"https:\/\/www.youtube.com\/embed\/eC01ixRdW3I?feature=oembed\" frameborder=\"0\" allow=\"accelerometer; autoplay; clipboard-write; encrypted-media; gyroscope; picture-in-picture\" allowfullscreen><\/iframe><\/p>\n<p>&nbsp;<\/p>\n<p><strong>interviste di Silvia Baldo\u00a0<\/strong><br \/>\n<strong>MANUELA<\/strong><\/p>\n<p><iframe loading=\"lazy\" title=\"WhatsApp Video 2021 01 14 at 05 47 49\" width=\"1200\" height=\"675\" src=\"https:\/\/www.youtube.com\/embed\/63OSARmAsJg?feature=oembed\" frameborder=\"0\" allow=\"accelerometer; autoplay; clipboard-write; encrypted-media; gyroscope; picture-in-picture\" allowfullscreen><\/iframe><\/p>\n<p>&nbsp;<\/p>\n<hr \/>\n<blockquote>\n<h3><\/h3>\n<\/blockquote>\n<h3><\/h3>\n<blockquote class=\"wp-embedded-content\" data-secret=\"dcGDBr18tH\"><p><a href=\"https:\/\/www.radiopiu.net\/wordpress\/una-comunita-e-le-sue-bandiere-una-realta-di-confine-caprile\/\">\u201cUNA COMUNITA\u2019 E LE SUE BANDIERE UNA REALT\u00c0 DI CONFINE: CAPRILE\u201d<\/a><\/p><\/blockquote>\n<p><iframe loading=\"lazy\" class=\"wp-embedded-content\" sandbox=\"allow-scripts\" security=\"restricted\" style=\"position: absolute; clip: rect(1px, 1px, 1px, 1px);\" title=\"&#8220;\u201cUNA COMUNITA\u2019 E LE SUE BANDIERE UNA REALT\u00c0 DI CONFINE: CAPRILE\u201d&#8221; &#8212; Radio Pi\u00f9\" src=\"https:\/\/www.radiopiu.net\/wordpress\/una-comunita-e-le-sue-bandiere-una-realta-di-confine-caprile\/embed\/#?secret=dcGDBr18tH\" data-secret=\"dcGDBr18tH\" width=\"600\" height=\"338\" frameborder=\"0\" marginwidth=\"0\" marginheight=\"0\" scrolling=\"no\"><\/iframe><\/p>\n<blockquote>\n<h3><\/h3>\n<\/blockquote>\n<hr \/>\n<h3><\/h3>\n<blockquote>\n<h3>AUSILIO di JOHN FRANCIS DELLA PIETRA<\/h3>\n<\/blockquote>\n<p><strong>AUDIO\u00a0\u00a0<\/strong><\/p>\n<audio class=\"wp-audio-shortcode\" id=\"audio-184550-12\" preload=\"none\" style=\"width: 100%;\" controls=\"controls\"><source type=\"audio\/mpeg\" src=\"https:\/\/www.radiopiu.net\/wordpress\/wp-content\/uploads\/2021\/01\/JOHN.mp3?_=12\" \/><a href=\"https:\/\/www.radiopiu.net\/wordpress\/wp-content\/uploads\/2021\/01\/JOHN.mp3\">https:\/\/www.radiopiu.net\/wordpress\/wp-content\/uploads\/2021\/01\/JOHN.mp3<\/a><\/audio>\n<p><a href=\"https:\/\/www.radiopiu.net\/wordpress\/giornale-radiopiu-14-gennaio-2021-direttore-mirko-mezzacasa\/be51a94f-dc65-41bf-9a88-341d1d8a7334\/\" rel=\"attachment wp-att-184732\"><img loading=\"lazy\" decoding=\"async\" class=\" wp-image-184732 alignleft\" src=\"https:\/\/www.radiopiu.net\/wordpress\/wp-content\/uploads\/2021\/01\/be51a94f-dc65-41bf-9a88-341d1d8a7334-300x262.jpg\" alt=\"\" width=\"268\" height=\"234\" srcset=\"https:\/\/www.radiopiu.net\/wordpress\/wp-content\/uploads\/2021\/01\/be51a94f-dc65-41bf-9a88-341d1d8a7334-300x262.jpg 300w, https:\/\/www.radiopiu.net\/wordpress\/wp-content\/uploads\/2021\/01\/be51a94f-dc65-41bf-9a88-341d1d8a7334-1024x896.jpg 1024w, https:\/\/www.radiopiu.net\/wordpress\/wp-content\/uploads\/2021\/01\/be51a94f-dc65-41bf-9a88-341d1d8a7334-768x672.jpg 768w, https:\/\/www.radiopiu.net\/wordpress\/wp-content\/uploads\/2021\/01\/be51a94f-dc65-41bf-9a88-341d1d8a7334.jpg 1399w\" sizes=\"auto, (max-width: 268px) 100vw, 268px\" \/><\/a>Il giorno sta per finire<br \/>\nMa mi pare abbia ancora qualcosa da dire<br \/>\nCos\u00ec calzo senza fretta un paio di sci<br \/>\nLa neve ha risentito un po&#8217; del del calore<br \/>\nD un invernale breve sole<br \/>\nMa mi sostiene lo stesso<br \/>\nPiccole scie son le tracce che rimangono dietro di me<br \/>\nIl vento s \u00e8 calmato<br \/>\nLe sue folate avevano scosso il biancore dagl alberi innevati<br \/>\nLass\u00f9 in alto le raffiche<br \/>\nHan frustrato tutto il d\u00ec le rare povere nuvole<br \/>\nS \u00e8 fatto silenzio ora<br \/>\nPercepisco un attimo di quiete di pace<br \/>\nContinuo ad incedere pian piano<br \/>\nGuardandomi e girandomi d intorno<br \/>\nSta tramontando<br \/>\nFulgidi riflessi accendon sol le cime pi\u00f9 alte<br \/>\nUn fugace saluto<br \/>\nOrmai ricalco le mie orme<br \/>\nE mi sovviene quelle antiche<br \/>\nTi tanti nostri avi<br \/>\nNon son pi\u00f9 solo adesso<br \/>\nLi sento che librano sopra di me<br \/>\nL impercettibile fruscio della mia scivolata<br \/>\nSi confonde col lor battito d ale<br \/>\nLe montagne rabbuiscono il viso<br \/>\nAl calar del crepuscolo<br \/>\nSolo la dietro quella glaciale forcella<br \/>\nL ultima luminescenza<br \/>\nTarda a spegnersi<br \/>\n\u00c8 buio ma non mi fermo<br \/>\nLa via \u00e8 sicura lo sento<br \/>\nIl villaggio sembra animarsi<br \/>\nUna ad una le case s illuminano di calda luce<br \/>\nDai comignoli un filo di fumo<br \/>\nAsserisce che v \u00e8 tepore e calore<br \/>\nVita<br \/>\nL oscurit\u00e0 s \u00e8 fatta pi\u00f9 fitta<br \/>\nMa non dentro il mio animo<br \/>\nFlebilmente dapprima appaiono minuscole stelle<br \/>\nPoi prendono forza<br \/>\nAmmiccano dolcemente<br \/>\nOra ne distinguo il riflesso<br \/>\nGiallo arancio azzurrino argentato<br \/>\nChe meraviglia<br \/>\nBrillano come di<br \/>\n&#8230;speranza&#8230;<br \/>\nEcco comprendo tardivamente<br \/>\n\u00c8 l aiuto che cercavo<br \/>\nLa lezione sempiterna<br \/>\nDella natura<br \/>\nChe ci concede il suo<br \/>\n&#8230;Ausilio&#8230;<\/p>\n<p>&nbsp;<\/p>\n<p>&nbsp;<\/p>\n<hr \/>\n<p>&nbsp;<\/p>\n<div dir=\"auto\">\n<blockquote>\n<h2>FANTASTICHE DOLOMITI, NUOVA STAGIONE. APPUNTAMENTO QUINDICINALE IL GIOVEDI ALLE 10.30 E 19.00<\/h2>\n<\/blockquote>\n<h1>LA RACCOLTA COMPLETA<\/h1>\n<blockquote class=\"wp-embedded-content\" data-secret=\"bWra4L6Ril\"><p><a href=\"https:\/\/www.radiopiu.net\/wordpress\/https-wp-me-p63lo7-gyg\/\">FANTASTICHE DOLOMITI 7^ PUNTATA: IL QUINDICINALE APPUNTAMENTO ALLA RADIO<\/a><\/p><\/blockquote>\n<p><iframe loading=\"lazy\" class=\"wp-embedded-content\" sandbox=\"allow-scripts\" security=\"restricted\" style=\"position: absolute; clip: rect(1px, 1px, 1px, 1px);\" title=\"&#8220;FANTASTICHE DOLOMITI 7^ PUNTATA: IL QUINDICINALE APPUNTAMENTO ALLA RADIO&#8221; &#8212; Radio Pi\u00f9\" src=\"https:\/\/www.radiopiu.net\/wordpress\/https-wp-me-p63lo7-gyg\/embed\/#?secret=bWra4L6Ril\" data-secret=\"bWra4L6Ril\" width=\"600\" height=\"338\" frameborder=\"0\" marginwidth=\"0\" marginheight=\"0\" scrolling=\"no\"><\/iframe><\/p>\n<div class=\"mw-parser-output\">\n<p>&nbsp;<\/p>\n<\/div>\n<p>&nbsp;<\/p>\n<p>&nbsp;<\/p>\n<hr \/>\n<blockquote>\n<h2><\/h2>\n<h2>SALUTE E SOCIETA&#8217; IL LUNEDI ALLE 13.10 E ALLE 20.10, LA DOMENICA ALLE 10.30 A CURA DEL DOTTOR MARCO CARACCIOLO. QUINTA STAGIONE<\/h2>\n<\/blockquote>\n<p><strong><span style=\"color: #ff0000;\">LA PUNTATA DELLA SETTIMANA\u00a0<\/span><\/strong><\/p>\n<p>in questa edizione: In Italia circa 3mila persone sono affette da ipertensione arteriosa polmonare, una malattia rara difficile da diagnosticare. Riconoscerla precocemente e agire subito \u00e8 essenziale per prevenire complicazioni. Per questo nasce la campagna \u201cLa vita in un respiro\u201d, promossa da Janssen Italia in collaborazione con AIPI (Associazione Ipertensione Polmonare Italiana). Nazzareno Gali\u00e8, Direttore della Cardiologia al Policlinico Sant\u2019Orsola, Universit\u00e0 di Bologna, Coordinatore delle Linee Guida Internazionali sull\u2019Ipertensione Polmonare e responsabile Comitato Scientifico AIPI Loredana Bergamini, Direttore Medico di Janssen Italia Carolina Kostner, Pattinatrice artistica, Testimonial di \u201cLa Vita in un respiro\u201d<\/p>\n<audio class=\"wp-audio-shortcode\" id=\"audio-184550-13\" preload=\"none\" style=\"width: 100%;\" controls=\"controls\"><source type=\"audio\/mpeg\" src=\"https:\/\/www.radiopiu.net\/wordpress\/wp-content\/uploads\/2021\/01\/cs_210111.mp3?_=13\" \/><a href=\"https:\/\/www.radiopiu.net\/wordpress\/wp-content\/uploads\/2021\/01\/cs_210111.mp3\">https:\/\/www.radiopiu.net\/wordpress\/wp-content\/uploads\/2021\/01\/cs_210111.mp3<\/a><\/audio>\n<h3>LA RACCOLTA COMPLETA<\/h3>\n<blockquote class=\"wp-embedded-content\" data-secret=\"JxCyJoe3PO\"><p><a href=\"https:\/\/www.radiopiu.net\/wordpress\/saluteesocieta\/\">Salute e Societ\u00e0<\/a><\/p><\/blockquote>\n<p><iframe loading=\"lazy\" class=\"wp-embedded-content\" sandbox=\"allow-scripts\" security=\"restricted\" style=\"position: absolute; clip: rect(1px, 1px, 1px, 1px);\" title=\"&#8220;Salute e Societ\u00e0&#8221; &#8212; Radio Pi\u00f9\" src=\"https:\/\/www.radiopiu.net\/wordpress\/saluteesocieta\/embed\/#?secret=JxCyJoe3PO\" data-secret=\"JxCyJoe3PO\" width=\"600\" height=\"338\" frameborder=\"0\" marginwidth=\"0\" marginheight=\"0\" scrolling=\"no\"><\/iframe><\/p>\n<hr \/>\n<h2><\/h2>\n<h2><span style=\"color: #ff0000;\"><a href=\"https:\/\/www.radiopiu.net\/wordpress\/giornale-radiopiu-05-gennaio-2021-direttore-mirko-mezzacasa\/133200401_100838761953611_1258544160541445132_o-2\/\" rel=\"attachment wp-att-183078\"><img loading=\"lazy\" decoding=\"async\" class=\" wp-image-183078 alignleft\" src=\"https:\/\/www.radiopiu.net\/wordpress\/wp-content\/uploads\/2021\/01\/133200401_100838761953611_1258544160541445132_o-1-300x157.jpg\" alt=\"\" width=\"192\" height=\"101\" srcset=\"https:\/\/www.radiopiu.net\/wordpress\/wp-content\/uploads\/2021\/01\/133200401_100838761953611_1258544160541445132_o-1-300x157.jpg 300w, https:\/\/www.radiopiu.net\/wordpress\/wp-content\/uploads\/2021\/01\/133200401_100838761953611_1258544160541445132_o-1.jpg 526w\" sizes=\"auto, (max-width: 192px) 100vw, 192px\" \/><\/a>GOCCE DI FILOSOFIA, CON CHIARA CAU, CON LISA DE LUCA. <\/span><\/h2>\n<h2><\/h2>\n<h2><span style=\"color: #ff0000;\">TUTTI I GIORNI DAL LUNEDI AL VENERDI ALLE 6.55 E ALLE 18.55<\/span><\/h2>\n<p><strong>LA PUNTATA DI IERI, N.08\u00a0\u00a0<\/strong><\/p>\n<audio class=\"wp-audio-shortcode\" id=\"audio-184550-14\" preload=\"none\" style=\"width: 100%;\" controls=\"controls\"><source type=\"audio\/mpeg\" src=\"https:\/\/www.radiopiu.net\/wordpress\/wp-content\/uploads\/2020\/10\/FI3.mp3?_=14\" \/><a href=\"https:\/\/www.radiopiu.net\/wordpress\/wp-content\/uploads\/2020\/10\/FI3.mp3\">https:\/\/www.radiopiu.net\/wordpress\/wp-content\/uploads\/2020\/10\/FI3.mp3<\/a><\/audio>\n<p>&nbsp;<\/p>\n<h3>LA RACCOLTA COMPLETA<\/h3>\n<blockquote class=\"wp-embedded-content\" data-secret=\"TXB0AV6QeV\"><p><a href=\"https:\/\/www.radiopiu.net\/wordpress\/gocce-filosofia\/\">Gocce di filosofia<\/a><\/p><\/blockquote>\n<p><iframe loading=\"lazy\" class=\"wp-embedded-content\" sandbox=\"allow-scripts\" security=\"restricted\" style=\"position: absolute; clip: rect(1px, 1px, 1px, 1px);\" title=\"&#8220;Gocce di filosofia&#8221; &#8212; Radio Pi\u00f9\" src=\"https:\/\/www.radiopiu.net\/wordpress\/gocce-filosofia\/embed\/#?secret=TXB0AV6QeV\" data-secret=\"TXB0AV6QeV\" width=\"600\" height=\"338\" frameborder=\"0\" marginwidth=\"0\" marginheight=\"0\" scrolling=\"no\"><\/iframe><\/p>\n<p>&nbsp;<\/p>\n<hr \/>\n<p>&nbsp;<\/p>\n<div class=\"im_message_wrap clearfix\">\n<div class=\"im_content_message_wrap im_message_out\">\n<h2><span style=\"color: #ff0000;\">IERI ALLA RADIO\u00a0 IN VIVO VERSO 2020-21<\/span><\/h2>\n<p><strong><span style=\"color: #0000ff;\">IN ONDA DAL LUNEDI AL VENERDI ALLE 7.10, 10.10, 18.50\u00a0<\/span><\/strong><\/p>\n<blockquote class=\"wp-embedded-content\" data-secret=\"S1FBINtaLB\"><p><a href=\"https:\/\/www.radiopiu.net\/wordpress\/sotto-la-neve-di-laura-dulivo\/\">SOTTO LA NEVE di LAURA D&#8217;ULIVO<\/a><\/p><\/blockquote>\n<p><iframe loading=\"lazy\" class=\"wp-embedded-content\" sandbox=\"allow-scripts\" security=\"restricted\" style=\"position: absolute; clip: rect(1px, 1px, 1px, 1px);\" title=\"&#8220;SOTTO LA NEVE di LAURA D&#8217;ULIVO&#8221; &#8212; Radio Pi\u00f9\" src=\"https:\/\/www.radiopiu.net\/wordpress\/sotto-la-neve-di-laura-dulivo\/embed\/#?secret=S1FBINtaLB\" data-secret=\"S1FBINtaLB\" width=\"600\" height=\"338\" frameborder=\"0\" marginwidth=\"0\" marginheight=\"0\" scrolling=\"no\"><\/iframe><\/p>\n<p><strong><span style=\"font-family: Verdana, sans-serif;\"><span style=\"font-size: medium;\">LA RACCOLTA COMPLETA, TUTTE LE COLLEZIONI<\/span><\/span><\/strong><\/p>\n<blockquote class=\"wp-embedded-content\" data-secret=\"PoOdvOEESo\"><p><a href=\"https:\/\/www.radiopiu.net\/wordpress\/in-vivo-verso\/\">In Vivo Verso<\/a><\/p><\/blockquote>\n<p><iframe loading=\"lazy\" class=\"wp-embedded-content\" sandbox=\"allow-scripts\" security=\"restricted\" style=\"position: absolute; clip: rect(1px, 1px, 1px, 1px);\" title=\"&#8220;In Vivo Verso&#8221; &#8212; Radio Pi\u00f9\" src=\"https:\/\/www.radiopiu.net\/wordpress\/in-vivo-verso\/embed\/#?secret=PoOdvOEESo\" data-secret=\"PoOdvOEESo\" width=\"600\" height=\"338\" frameborder=\"0\" marginwidth=\"0\" marginheight=\"0\" scrolling=\"no\"><\/iframe><\/p>\n<p>&nbsp;<\/p>\n<\/div>\n<\/div>\n<hr \/>\n<p>&nbsp;<\/p>\n<h2>007 IN CONDOTTA CON LA PROF. MARIA ROSA SALMAZO IL LUNEDI ALLE 10,30 E ALLE 19.00 LA DOMENICA ALLE 8 DEL MATTINO. NONA STAGIONE<\/h2>\n<p><span style=\"color: #ff0000;\"><strong>LA PUNTATA DELLA SETTIMANA <\/strong><\/span><\/p>\n<p><strong>&#8220;RITORNO A SCUOLA&#8230;. INCERTO&#8221;.<\/strong><\/p>\n<audio class=\"wp-audio-shortcode\" id=\"audio-184550-15\" preload=\"none\" style=\"width: 100%;\" controls=\"controls\"><source type=\"audio\/mpeg\" src=\"https:\/\/www.radiopiu.net\/wordpress\/wp-content\/uploads\/2020\/10\/007-condotta-11.mp3?_=15\" \/><a href=\"https:\/\/www.radiopiu.net\/wordpress\/wp-content\/uploads\/2020\/10\/007-condotta-11.mp3\">https:\/\/www.radiopiu.net\/wordpress\/wp-content\/uploads\/2020\/10\/007-condotta-11.mp3<\/a><\/audio>\n<h2>LA RACCOLTA COMPLETA<\/h2>\n<blockquote class=\"wp-embedded-content\" data-secret=\"w79V50fIw5\"><p><a href=\"https:\/\/www.radiopiu.net\/wordpress\/007incondotta-9\/\">007 in condotta<\/a><\/p><\/blockquote>\n<p><iframe loading=\"lazy\" class=\"wp-embedded-content\" sandbox=\"allow-scripts\" security=\"restricted\" style=\"position: absolute; clip: rect(1px, 1px, 1px, 1px);\" title=\"&#8220;007 in condotta&#8221; &#8212; Radio Pi\u00f9\" src=\"https:\/\/www.radiopiu.net\/wordpress\/007incondotta-9\/embed\/#?secret=w79V50fIw5\" data-secret=\"w79V50fIw5\" width=\"600\" height=\"338\" frameborder=\"0\" marginwidth=\"0\" marginheight=\"0\" scrolling=\"no\"><\/iframe><\/p>\n<p>&nbsp;<\/p>\n<p>&nbsp;<\/p>\n<p>&nbsp;<\/p>\n<hr \/>\n<p>&nbsp;<\/p>\n<blockquote>\n<h2><a href=\"https:\/\/www.radiopiu.net\/wordpress\/speciale-solidarieta-veneto\/solidarieta-veneto-3\/\" rel=\"attachment wp-att-134366\"><img loading=\"lazy\" decoding=\"async\" class=\"wp-image-134366 alignleft\" src=\"https:\/\/www.radiopiu.net\/wordpress\/wp-content\/uploads\/2020\/05\/solidariet\u00e0-veneto-300x210.jpg\" alt=\"\" width=\"102\" height=\"71\" srcset=\"https:\/\/www.radiopiu.net\/wordpress\/wp-content\/uploads\/2020\/05\/solidariet\u00e0-veneto-300x210.jpg 300w, https:\/\/www.radiopiu.net\/wordpress\/wp-content\/uploads\/2020\/05\/solidariet\u00e0-veneto-1024x717.jpg 1024w, https:\/\/www.radiopiu.net\/wordpress\/wp-content\/uploads\/2020\/05\/solidariet\u00e0-veneto-768x538.jpg 768w, https:\/\/www.radiopiu.net\/wordpress\/wp-content\/uploads\/2020\/05\/solidariet\u00e0-veneto.jpg 1373w\" sizes=\"auto, (max-width: 102px) 100vw, 102px\" \/><\/a>SOLIDARIETA&#8217; VENETO FONDO PENSIONE, IN ONDA IL PRIMO VENERDI DEL MESE ALLE 10.30 E ALLE 19.00 QUINTA STAGIONE<\/h2>\n<\/blockquote>\n<p><strong>AUDIO<\/strong><\/p>\n<audio class=\"wp-audio-shortcode\" id=\"audio-184550-16\" preload=\"none\" style=\"width: 100%;\" controls=\"controls\"><source type=\"audio\/mpeg\" src=\"https:\/\/www.radiopiu.net\/wordpress\/wp-content\/uploads\/2020\/10\/solidarieta-veneto-gennaio.mp3?_=16\" \/><a href=\"https:\/\/www.radiopiu.net\/wordpress\/wp-content\/uploads\/2020\/10\/solidarieta-veneto-gennaio.mp3\">https:\/\/www.radiopiu.net\/wordpress\/wp-content\/uploads\/2020\/10\/solidarieta-veneto-gennaio.mp3<\/a><\/audio>\n<p>&nbsp;<\/p>\n<blockquote>\n<h2>RACCOLTA COMPLETA<\/h2>\n<\/blockquote>\n<blockquote class=\"wp-embedded-content\" data-secret=\"EcOla5Uiim\"><p><a href=\"https:\/\/www.radiopiu.net\/wordpress\/solidarieta-veneto\/\">Solidariet\u00e0 Veneto<\/a><\/p><\/blockquote>\n<p><iframe loading=\"lazy\" class=\"wp-embedded-content\" sandbox=\"allow-scripts\" security=\"restricted\" style=\"position: absolute; clip: rect(1px, 1px, 1px, 1px);\" title=\"&#8220;Solidariet\u00e0 Veneto&#8221; &#8212; Radio Pi\u00f9\" src=\"https:\/\/www.radiopiu.net\/wordpress\/solidarieta-veneto\/embed\/#?secret=EcOla5Uiim\" data-secret=\"EcOla5Uiim\" width=\"600\" height=\"338\" frameborder=\"0\" marginwidth=\"0\" marginheight=\"0\" scrolling=\"no\"><\/iframe><\/p>\n<p>&nbsp;<\/p>\n<p>&nbsp;<\/p>\n<hr \/>\n<p>&nbsp;<\/p>\n<h2><span style=\"color: #808000;\">DUE MINUTI UN LIBRO\u00a0 TUTTI I GIORNI ALLA RADIO ALLE 9.30 E ALLE 18. QUINTA STAGIONE\u00a0 \u00a0 \u00a0\u00a0<\/span><\/h2>\n<blockquote class=\"wp-embedded-content\" data-secret=\"1Qa9yh7cc8\"><p><a href=\"https:\/\/www.radiopiu.net\/wordpress\/della-gentilezza-e-del-coraggio\/\">DELLA GENTILEZZA E DEL CORAGGIO<\/a><\/p><\/blockquote>\n<p><iframe loading=\"lazy\" class=\"wp-embedded-content\" sandbox=\"allow-scripts\" security=\"restricted\" style=\"position: absolute; clip: rect(1px, 1px, 1px, 1px);\" title=\"&#8220;DELLA GENTILEZZA E DEL CORAGGIO&#8221; &#8212; Radio Pi\u00f9\" src=\"https:\/\/www.radiopiu.net\/wordpress\/della-gentilezza-e-del-coraggio\/embed\/#?secret=1Qa9yh7cc8\" data-secret=\"1Qa9yh7cc8\" width=\"600\" height=\"338\" frameborder=\"0\" marginwidth=\"0\" marginheight=\"0\" scrolling=\"no\"><\/iframe><\/p>\n<h2>LA RACCOLTA COMPLETA<\/h2>\n<blockquote class=\"wp-embedded-content\" data-secret=\"S9qnxoerDy\"><p><a href=\"https:\/\/www.radiopiu.net\/wordpress\/due-minuti-un-libro\/\">Due minuti un libro<\/a><\/p><\/blockquote>\n<p><iframe loading=\"lazy\" class=\"wp-embedded-content\" sandbox=\"allow-scripts\" security=\"restricted\" style=\"position: absolute; clip: rect(1px, 1px, 1px, 1px);\" title=\"&#8220;Due minuti un libro&#8221; &#8212; Radio Pi\u00f9\" src=\"https:\/\/www.radiopiu.net\/wordpress\/due-minuti-un-libro\/embed\/#?secret=S9qnxoerDy\" data-secret=\"S9qnxoerDy\" width=\"600\" height=\"338\" frameborder=\"0\" marginwidth=\"0\" marginheight=\"0\" scrolling=\"no\"><\/iframe><\/p>\n<p>&nbsp;<\/p>\n<hr \/>\n<p>&nbsp;<\/p>\n<p>&nbsp;<\/p>\n<blockquote>\n<h2>CASSA SOLIDARIET\u00c0 LUXOTTICA<\/h2>\n<\/blockquote>\n<h3><strong><span style=\"color: #ff0000;\">IL NUMERO DI DICEMBRE CON PAOLO CHISSALE&#8217; E FABRIZIO CAMPEDEL<\/span><\/strong><\/h3>\n<audio class=\"wp-audio-shortcode\" id=\"audio-184550-17\" preload=\"none\" style=\"width: 100%;\" controls=\"controls\"><source type=\"audio\/mpeg\" src=\"https:\/\/www.radiopiu.net\/wordpress\/wp-content\/uploads\/2020\/12\/ca-sol-lux-dicvembre.mp3?_=17\" \/><a href=\"https:\/\/www.radiopiu.net\/wordpress\/wp-content\/uploads\/2020\/12\/ca-sol-lux-dicvembre.mp3\">https:\/\/www.radiopiu.net\/wordpress\/wp-content\/uploads\/2020\/12\/ca-sol-lux-dicvembre.mp3<\/a><\/audio>\n<blockquote>\n<h2>RACCOLTA COMPLETA<\/h2>\n<\/blockquote>\n<blockquote class=\"wp-embedded-content\" data-secret=\"eHGxwFU9ti\"><p><a href=\"https:\/\/www.radiopiu.net\/wordpress\/cassa-solidarieta-luxottica-puntata-del-16-ottobre-2020\/\">CASSA SOLIDARIET\u00c0 LUXOTTICA &#8211; PUNTATA DEL 20 NOVEMBRE 2020<\/a><\/p><\/blockquote>\n<p><iframe loading=\"lazy\" class=\"wp-embedded-content\" sandbox=\"allow-scripts\" security=\"restricted\" style=\"position: absolute; clip: rect(1px, 1px, 1px, 1px);\" title=\"&#8220;CASSA SOLIDARIET\u00c0 LUXOTTICA &#8211; PUNTATA DEL 20 NOVEMBRE 2020&#8221; &#8212; Radio Pi\u00f9\" src=\"https:\/\/www.radiopiu.net\/wordpress\/cassa-solidarieta-luxottica-puntata-del-16-ottobre-2020\/embed\/#?secret=eHGxwFU9ti\" data-secret=\"eHGxwFU9ti\" width=\"600\" height=\"338\" frameborder=\"0\" marginwidth=\"0\" marginheight=\"0\" scrolling=\"no\"><\/iframe><\/p>\n<p>&nbsp;<\/p>\n<p>&nbsp;<\/p>\n<div>\n<p>&nbsp;<\/p>\n<hr \/>\n<p>&nbsp;<\/p>\n<h2><span style=\"color: #800080;\"><strong>LA RASSEGNA STAMPA DA L&#8217;AMICO DEL POPOLO\u00a0<\/strong><\/span><\/h2>\n<h1 class=\"kvgmc6g5 cxmmr5t8 oygrvhab hcukyx3x c1et5uql\"><span style=\"color: #0000ff;\">RADIO PIU INFORMAZIONE il canale su TELEGRAM informazione di prima mano e in tempo reale. iscriviti ed aiutaci a farlo conoscere\u00a0<\/span><\/h1>\n<p>LA PUNTATA DELLA SETTIMANA, OSPITE LORIS SERAFINI<\/p>\n<audio class=\"wp-audio-shortcode\" id=\"audio-184550-18\" preload=\"none\" style=\"width: 100%;\" controls=\"controls\"><source type=\"audio\/mpeg\" src=\"https:\/\/www.radiopiu.net\/wordpress\/wp-content\/uploads\/2021\/01\/RASSEGNA-GIANNI.mp3?_=18\" \/><a href=\"https:\/\/www.radiopiu.net\/wordpress\/wp-content\/uploads\/2021\/01\/RASSEGNA-GIANNI.mp3\">https:\/\/www.radiopiu.net\/wordpress\/wp-content\/uploads\/2021\/01\/RASSEGNA-GIANNI.mp3<\/a><\/audio>\n<p><strong>LA RACCOLTA COMPLETA<\/strong><\/p>\n<blockquote class=\"wp-embedded-content\" data-secret=\"wcz9cWulEY\"><p><a href=\"https:\/\/www.radiopiu.net\/wordpress\/rassegna-stampa-di-gianni-santomaso\/\">Rassegna stampa da l&#8217;amico del popolo &#8211; di Gianni Santomaso<\/a><\/p><\/blockquote>\n<p><iframe loading=\"lazy\" class=\"wp-embedded-content\" sandbox=\"allow-scripts\" security=\"restricted\" style=\"position: absolute; clip: rect(1px, 1px, 1px, 1px);\" title=\"&#8220;Rassegna stampa da l&#8217;amico del popolo &#8211; di Gianni Santomaso&#8221; &#8212; Radio Pi\u00f9\" src=\"https:\/\/www.radiopiu.net\/wordpress\/rassegna-stampa-di-gianni-santomaso\/embed\/#?secret=wcz9cWulEY\" data-secret=\"wcz9cWulEY\" width=\"600\" height=\"338\" frameborder=\"0\" marginwidth=\"0\" marginheight=\"0\" scrolling=\"no\"><\/iframe><\/p>\n<p>&nbsp;<\/p>\n<p>&nbsp;<\/p>\n<hr \/>\n<p>&nbsp;<\/p>\n<p>&nbsp;<\/p>\n<div>\n<h2><span style=\"color: #33cccc;\">I RACCONTI DI PAOLO SOPPELSA il lunedi alle 9.30 e 18.30<\/span><\/h2>\n<blockquote class=\"wp-embedded-content\" data-secret=\"tFoLxGC3fm\"><p><a href=\"https:\/\/www.radiopiu.net\/wordpress\/i-racconti-di-paolo-soppelsa-cinquantasettesima-puntata\/\">I RACCONTI DI PAOLO SOPPELSA CINQUANTASETTESIMA PUNTATA<\/a><\/p><\/blockquote>\n<p><iframe loading=\"lazy\" class=\"wp-embedded-content\" sandbox=\"allow-scripts\" security=\"restricted\" style=\"position: absolute; clip: rect(1px, 1px, 1px, 1px);\" title=\"&#8220;I RACCONTI DI PAOLO SOPPELSA CINQUANTASETTESIMA PUNTATA&#8221; &#8212; Radio Pi\u00f9\" src=\"https:\/\/www.radiopiu.net\/wordpress\/i-racconti-di-paolo-soppelsa-cinquantasettesima-puntata\/embed\/#?secret=tFoLxGC3fm\" data-secret=\"tFoLxGC3fm\" width=\"600\" height=\"338\" frameborder=\"0\" marginwidth=\"0\" marginheight=\"0\" scrolling=\"no\"><\/iframe><\/p>\n<h2><span style=\"color: #33cccc;\"><strong>RACCOLTA COMPLETA<\/strong><\/span><\/h2>\n<blockquote class=\"wp-embedded-content\" data-secret=\"3VisNf0gWb\"><p><a href=\"https:\/\/www.radiopiu.net\/wordpress\/i-racconti-di-paolo-soppelsa\/\">I racconti di Paolo Soppelsa<\/a><\/p><\/blockquote>\n<p><iframe loading=\"lazy\" class=\"wp-embedded-content\" sandbox=\"allow-scripts\" security=\"restricted\" style=\"position: absolute; clip: rect(1px, 1px, 1px, 1px);\" title=\"&#8220;I racconti di Paolo Soppelsa&#8221; &#8212; Radio Pi\u00f9\" src=\"https:\/\/www.radiopiu.net\/wordpress\/i-racconti-di-paolo-soppelsa\/embed\/#?secret=3VisNf0gWb\" data-secret=\"3VisNf0gWb\" width=\"600\" height=\"338\" frameborder=\"0\" marginwidth=\"0\" marginheight=\"0\" scrolling=\"no\"><\/iframe><\/p>\n<\/div>\n<p>&nbsp;<\/p>\n<hr \/>\n<p>&nbsp;<\/p>\n<div>\n<h2><a href=\"https:\/\/www.radiopiu.net\/wordpress\/giornale-radiopiu-13-gennaio-2021-direttore-mirko-mezzacasa\/137677866_1564759040378824_7049856006923818399_o\/\" rel=\"attachment wp-att-184381\"><img loading=\"lazy\" decoding=\"async\" class=\" wp-image-184381 alignleft\" src=\"https:\/\/www.radiopiu.net\/wordpress\/wp-content\/uploads\/2021\/01\/137677866_1564759040378824_7049856006923818399_o-203x300.jpg\" alt=\"\" width=\"83\" height=\"123\" srcset=\"https:\/\/www.radiopiu.net\/wordpress\/wp-content\/uploads\/2021\/01\/137677866_1564759040378824_7049856006923818399_o-203x300.jpg 203w, https:\/\/www.radiopiu.net\/wordpress\/wp-content\/uploads\/2021\/01\/137677866_1564759040378824_7049856006923818399_o.jpg 526w\" sizes=\"auto, (max-width: 83px) 100vw, 83px\" \/><\/a><\/h2>\n<h2><\/h2>\n<h2><strong>LE\u00a0 PUNTATE di Luisa Alchini di Leggermente Bellunesi, la domenica alle 11, <span style=\"color: #0000ff;\">IL MARTEDI IN PRIMA EDIZIONE\u00a0<\/span> alle 10.30 e alle 19.00<\/strong><\/h2>\n<p><strong>LA PUNTATA DELLA SETTIMANA\u00a0<\/strong> Elisa Orzes Grillone :scrittrice, poetessa e pittrice nata a Cencenighe<\/p>\n<audio class=\"wp-audio-shortcode\" id=\"audio-184550-19\" preload=\"none\" style=\"width: 100%;\" controls=\"controls\"><source type=\"audio\/mpeg\" src=\"https:\/\/www.radiopiu.net\/wordpress\/wp-content\/uploads\/2021\/01\/14leggermenteelisaorzesgrillone2021.mp3?_=19\" \/><a href=\"https:\/\/www.radiopiu.net\/wordpress\/wp-content\/uploads\/2021\/01\/14leggermenteelisaorzesgrillone2021.mp3\">https:\/\/www.radiopiu.net\/wordpress\/wp-content\/uploads\/2021\/01\/14leggermenteelisaorzesgrillone2021.mp3<\/a><\/audio>\n<h2><strong style=\"font-size: 14px;\"><span style=\"color: #000000;\">RACCOLTA COMPLETA<\/span><\/strong><\/h2>\n<\/div>\n<blockquote class=\"wp-embedded-content\" data-secret=\"xU795ffBUQ\"><p><a href=\"https:\/\/www.radiopiu.net\/wordpress\/leggermente-20\/\">LEGGERmente&#8230;Bellunesi<\/a><\/p><\/blockquote>\n<p><iframe loading=\"lazy\" class=\"wp-embedded-content\" sandbox=\"allow-scripts\" security=\"restricted\" style=\"position: absolute; clip: rect(1px, 1px, 1px, 1px);\" title=\"&#8220;LEGGERmente&#8230;Bellunesi&#8221; &#8212; Radio Pi\u00f9\" src=\"https:\/\/www.radiopiu.net\/wordpress\/leggermente-20\/embed\/#?secret=xU795ffBUQ\" data-secret=\"xU795ffBUQ\" width=\"600\" height=\"338\" frameborder=\"0\" marginwidth=\"0\" marginheight=\"0\" scrolling=\"no\"><\/iframe><\/p>\n<hr \/>\n<p>&nbsp;<\/p>\n<blockquote>\n<h3><a href=\"https:\/\/www.radiopiu.net\/wordpress\/almanacco-ladino-puntata-5-2020\/sn\/\" rel=\"attachment wp-att-180931\"><img loading=\"lazy\" decoding=\"async\" class=\"wp-image-180931 alignleft\" src=\"https:\/\/www.radiopiu.net\/wordpress\/wp-content\/uploads\/2020\/12\/sn-300x194.jpg\" alt=\"\" width=\"181\" height=\"117\" srcset=\"https:\/\/www.radiopiu.net\/wordpress\/wp-content\/uploads\/2020\/12\/sn-300x194.jpg 300w, https:\/\/www.radiopiu.net\/wordpress\/wp-content\/uploads\/2020\/12\/sn.jpg 626w\" sizes=\"auto, (max-width: 181px) 100vw, 181px\" \/><\/a>L&#8217;ALMANACCO LADINO CON L&#8217;ISTITUT CESA DE JAN QUINDICINALE APPUNTAMENTO. LA DOMENICA ALLE 9 IL LUNEDI ALLE 8.35 IL MARTEDI ALLE 12.35 IL MERCOLEDI ALLE 18.35. SECONDA STAGIONE.<\/h3>\n<\/blockquote>\n<p><strong>RACCOLTA COMPLETA\u00a0<\/strong><\/p>\n<blockquote class=\"wp-embedded-content\" data-secret=\"VOOTiUJAI1\"><p><a href=\"https:\/\/www.radiopiu.net\/wordpress\/almanacco-ladino\/\">Almanacco Ladino<\/a><\/p><\/blockquote>\n<p><iframe loading=\"lazy\" class=\"wp-embedded-content\" sandbox=\"allow-scripts\" security=\"restricted\" style=\"position: absolute; clip: rect(1px, 1px, 1px, 1px);\" title=\"&#8220;Almanacco Ladino&#8221; &#8212; Radio Pi\u00f9\" src=\"https:\/\/www.radiopiu.net\/wordpress\/almanacco-ladino\/embed\/#?secret=VOOTiUJAI1\" data-secret=\"VOOTiUJAI1\" width=\"600\" height=\"338\" frameborder=\"0\" marginwidth=\"0\" marginheight=\"0\" scrolling=\"no\"><\/iframe><\/p>\n<p>&nbsp;<\/p>\n<\/div>\n<hr \/>\n<div>\n<h2><span style=\"color: #000080;\"><a class=\"dt-pswp-item\" href=\"https:\/\/www.radiopiu.net\/wordpress\/wp-content\/uploads\/2020\/10\/pp.jpg\" data-dt-img-description=\"\" data-large_image_width=\"640\" data-large_image_height=\"640\"><img loading=\"lazy\" decoding=\"async\" class=\"wp-image-163678 alignleft\" src=\"https:\/\/www.radiopiu.net\/wordpress\/wp-content\/uploads\/2020\/10\/pp-300x300.jpg\" alt=\"\" width=\"106\" height=\"106\" srcset=\"https:\/\/www.radiopiu.net\/wordpress\/wp-content\/uploads\/2020\/10\/pp-300x300.jpg 300w, https:\/\/www.radiopiu.net\/wordpress\/wp-content\/uploads\/2020\/10\/pp-150x150.jpg 150w, https:\/\/www.radiopiu.net\/wordpress\/wp-content\/uploads\/2020\/10\/pp-125x125.jpg 125w, https:\/\/www.radiopiu.net\/wordpress\/wp-content\/uploads\/2020\/10\/pp-200x200.jpg 200w, https:\/\/www.radiopiu.net\/wordpress\/wp-content\/uploads\/2020\/10\/pp-80x80.jpg 80w, https:\/\/www.radiopiu.net\/wordpress\/wp-content\/uploads\/2020\/10\/pp-480x480.jpg 480w, https:\/\/www.radiopiu.net\/wordpress\/wp-content\/uploads\/2020\/10\/pp.jpg 640w\" sizes=\"auto, (max-width: 106px) 100vw, 106px\" \/><\/a> <\/span><\/h2>\n<h2><span style=\"color: #000080;\">DON CESARE, IL PENSIERO DEL GIORNO. ALLA RADIO ALLE 7 DEL MATTINO E ALLE 19.30 DELLA SERA.\u00a0\u00a0<\/span><\/h2>\n<\/div>\n<p>&nbsp;<\/p>\n<p>&nbsp;<\/p>\n<audio class=\"wp-audio-shortcode\" id=\"audio-184550-20\" preload=\"none\" style=\"width: 100%;\" controls=\"controls\"><source type=\"audio\/mpeg\" src=\"https:\/\/www.radiopiu.net\/wordpress\/wp-content\/uploads\/2021\/01\/CESARE-9.mp3?_=20\" \/><a href=\"https:\/\/www.radiopiu.net\/wordpress\/wp-content\/uploads\/2021\/01\/CESARE-9.mp3\">https:\/\/www.radiopiu.net\/wordpress\/wp-content\/uploads\/2021\/01\/CESARE-9.mp3<\/a><\/audio>\n<p>&nbsp;<\/p>\n<hr \/>\n<p>&nbsp;<\/p>\n<div>\n<p class=\"photoswipe-wrapper\"><a class=\"dt-pswp-item pspw-wrap-ready\" href=\"https:\/\/i0.wp.com\/www.radiopiu.net\/wordpress\/wp-content\/uploads\/2018\/09\/viabilita.jpeg?ssl=1\" data-dt-img-description=\"\" data-large_image_width=\"800\" data-large_image_height=\"100\"><img loading=\"lazy\" decoding=\"async\" class=\"aligncenter wp-image-61954 size-full\" src=\"https:\/\/i0.wp.com\/www.radiopiu.net\/wordpress\/wp-content\/uploads\/2018\/09\/viabilita.jpeg?resize=800%2C100&amp;ssl=1\" sizes=\"auto, (max-width: 800px) 100vw, 800px\" srcset=\"https:\/\/i0.wp.com\/www.radiopiu.net\/wordpress\/wp-content\/uploads\/2018\/09\/viabilita.jpeg?w=800&amp;ssl=1 800w, https:\/\/i0.wp.com\/www.radiopiu.net\/wordpress\/wp-content\/uploads\/2018\/09\/viabilita.jpeg?resize=300%2C38&amp;ssl=1 300w, https:\/\/i0.wp.com\/www.radiopiu.net\/wordpress\/wp-content\/uploads\/2018\/09\/viabilita.jpeg?resize=768%2C96&amp;ssl=1 768w\" alt=\"\" width=\"800\" height=\"100\" \/><\/a><\/p>\n<\/div>\n<p>&nbsp;<\/p>\n<p><strong>SP 1 MADONNA DEL PIAVE <\/strong>senso unico alternato regolato da semaforo fino al 15 gennaio in comune di Quero Vas per realizzazione tombinatura<\/p>\n<p><strong>SP 42 CAVALLERA<\/strong> fino a revoca, chiusura della strada nell&#8217;abitato di Perarolo per attivazione emergenza frana &#8220;Busa del Cristo&#8221;<\/p>\n<p><strong>S.P.2 DELLA VALLE DEL MIS\u00a0<\/strong>Interdizione totale al traffico fino a revoca dal km 14,920 (localit\u00e0 Gona Bassa) al km 20,650 (localit\u00e0 Titele) per cedimento della carreggiata<\/p>\n<p><strong>S.P. 5 DI LAMOSANO<\/strong>\u00a0Interdizione totale fino a revoca per presenza di materiale e alberi in strada.<\/p>\n<p><strong>S.P. 251 DI VAL DI ZOLDO E VAL CELLINA\u00a0<\/strong>dalla localit\u00e0 Soffranco fino all&#8217;imbocco nord della galleria S. Giovanni interdizione totale al transito per cedimento della carreggiata<\/p>\n<p><strong>SP 3 DELLA VAL IMPERINA<\/strong> fino a revoca, senso unico alternato regolato a vista in localit\u00e0 Gona di Conedera di Rivamonte per cedimento della carreggiata stradale<\/p>\n<div>\n<p>&nbsp;<\/p>\n<hr \/>\n<p>&nbsp;<\/p>\n<p class=\"photoswipe-wrapper\"><a class=\"dt-pswp-item pspw-wrap-ready\" href=\"https:\/\/i0.wp.com\/www.radiopiu.net\/wordpress\/wp-content\/uploads\/2018\/09\/WhatsApp-Image-2018-09-20-at-16.04.06.jpeg?ssl=1\" data-dt-img-description=\"\" data-large_image_width=\"800\" data-large_image_height=\"100\"><img loading=\"lazy\" decoding=\"async\" class=\"aligncenter wp-image-61378 size-full jetpack-lazy-image jetpack-lazy-image--handled\" src=\"https:\/\/i0.wp.com\/www.radiopiu.net\/wordpress\/wp-content\/uploads\/2018\/09\/WhatsApp-Image-2018-09-20-at-16.04.06.jpeg?resize=800%2C100&amp;ssl=1\" sizes=\"auto, (max-width: 800px) 100vw, 800px\" srcset=\"https:\/\/i0.wp.com\/www.radiopiu.net\/wordpress\/wp-content\/uploads\/2018\/09\/WhatsApp-Image-2018-09-20-at-16.04.06.jpeg?w=800&amp;ssl=1 800w, https:\/\/i0.wp.com\/www.radiopiu.net\/wordpress\/wp-content\/uploads\/2018\/09\/WhatsApp-Image-2018-09-20-at-16.04.06.jpeg?resize=300%2C38&amp;ssl=1 300w, https:\/\/i0.wp.com\/www.radiopiu.net\/wordpress\/wp-content\/uploads\/2018\/09\/WhatsApp-Image-2018-09-20-at-16.04.06.jpeg?resize=768%2C96&amp;ssl=1 768w\" alt=\"\" width=\"800\" height=\"100\" data-lazy-loaded=\"1\" \/><\/a><\/p>\n<p>&nbsp;<\/p>\n<div>\n<div id=\"dolomitimeteo_div_testi\"><center><b>Giovedi 14<\/b><\/center><b>Tempo atteso: <\/b>Nottetempo e al mattino nuvolosit\u00e0 irregolare, a tratti intensa, per addensamenti associati a neve burrascosa sulle Dolomiti centro-settentrionali. Tale situazione andr\u00e0 migliorando al pomeriggio con annuvolamenti via via pi\u00f9 residui. Altrove il sole briller\u00e0 maggiormente con cielo sereno o poco nuvoloso per transito di cumuli da nord. Atmosfera particolarmente gelida e ventosa in quota, assai arieggiata con sbalzi termici per episodi di Foehn nelle valli.<br \/>\n<b>Precipitazioni: <\/b>Nella notte ed al mattino sulle Dolomiti centro-settentrionali probabile neve burrascosa (60\/70%) con qualche cm di neve a 1500 m, fino 10\/15 cm di neve ventata in alta quota, mentre saranno perlopi\u00f9 tracce o poco pi\u00f9 nelle valli interessate dai fenomeni. Sulle Prealpi fenomeni assenti, salvo nevischio sulle cime pi\u00f9 alte a ridosso delle Dolomiti (10%). Al pomeriggio esaurimento dei fenomeni ovunque.<br \/>\n<b>Temperature: <\/b>In quota in generale calo con minime osservate tra la tarda mattinata e il primo pomeriggio; nelle valli aumenti, anche sensibili, legati agli episodi di Foehn, pi\u00f9 probabili nelle valli dolomitiche e sulle dorsali prealpine, che non nelle depressioni prealpine, dove il Foehn non entrer\u00e0 ovunque. Su Prealpi a 1500 m min -6\u00b0C max -3\u00b0C, a 2000 m min -8\u00b0C max -6\u00b0C. Su Dolomiti a 2000 m min -9\u00b0C max -7\u00b0C, a 3000 m min -14\u00b0C max -12\u00b0C.<br \/>\n<b>Venti: <\/b>Nelle valli moderati dai quadranti settentrionali con forti ed improvvise raffiche di Foehn fino nei fondovalle; in quota forti\/molto forti da nord-ovest tra la notte e il mattino, poi in attenuazione, ma sempre tesi, a 30-60 km\/h a 2000 m, a 60-100 km\/h a 3000 m, con eventuali raffiche a 100\/120 km\/h.<\/p>\n<hr \/>\n<p><center><b>Venerdi 15<\/b><\/center><b>Tempo atteso: <\/b>Tra la notte e la prima parte del mattino nuvolosit\u00e0 stratiforme piuttosto estesa, pi\u00f9 irregolare verso est. Con il passare delle ore rasserenamenti a partire da nord fino a cielo sereno o poco nuvoloso al pomeriggio\/sera. Il freddo si accentua di nuovo nei bassi strati.<br \/>\n<b>Precipitazioni: <\/b>Generalmente assenti (0%), eccetto un po&#8217; di nevischio notturno fino a bassa quota tra Prealpi occidentali e parte ovest delle Dolomiti (10\/20%).<br \/>\n<b>Temperature: <\/b>In quota pressoch\u00e9 stazionarie, nelle valli in generale calo sia per la cessazione del Foehn che per un&#8217;avvezione d&#8217;aria pi\u00f9 fredda nei bassi strati. Su Prealpi a 1500 m min -6\u00b0C max -4\u00b0C, a 2000 m min -8\u00b0C max -6\u00b0C. Su Dolomiti a 2000 m min -9\u00b0C max -7\u00b0C, a 3000 m min -14\u00b0C max -12\u00b0C.<br \/>\n<b>Venti: <\/b>Nelle valli deboli di direzione variabile, salvo qualche rinforzo da nord nei settori pi\u00f9 esposti ai quadranti settentrionali; in quota perlopi\u00f9 moderati da nord-ovest, a tratti ancora tesi sulle cime pi\u00f9 alte, a 10-20 km\/h a 2000 m, a 25-35 km\/h a 3000 m.<\/p>\n<hr \/>\n<p><center><b>Sabato 16<\/b><\/center>Stupenda giornata invernale con sole, cielo sereno e aria limpida ovunque. Arrivo di nubi alte in tarda serata. Le temperature saranno in ulteriore diminuzione, specie nelle valli, con ristabilirsi dell&#8217;ambiente gelido, anche se non paragonabile all&#8217;inizio della settimana. Venti settentrionali moderati\/tesi fino sui 2000\/2400 m, forti alle quote pi\u00f9 alte; deboli di direzione variabile nelle valli.<\/p>\n<hr \/>\n<p><center><b>Domenica 17<\/b><\/center>Al mattino sole e primi banchi di nubi alte, al pomeriggio maggiore nuvolosit\u00e0 stratiforme con cielo sempre pi\u00f9 nuvoloso fino a coperto. Temperature in ulteriore calo nelle valli e in ripresa in alta quota. Venti deboli di direzione variabile nelle valli e moderati\/tesi da nord nord-est in quota. Previsore:R.L.Th.<\/p>\n<\/div>\n<\/div>\n<\/div>\n<\/div>\n<p>&nbsp;<\/p>\n<hr \/>\n<p>&nbsp;<\/p>\n<p><a href=\"https:\/\/www.radiopiu.net\/wordpress\/giornale-radiopiu-15-settembre-2018-direttore-mirko-mezzacasa\/sport-7\/\" rel=\"attachment wp-att-60761\"><img loading=\"lazy\" decoding=\"async\" class=\"aligncenter wp-image-60761 size-full\" src=\"https:\/\/www.radiopiu.net\/wordpress\/wp-content\/uploads\/2018\/09\/sport.jpg\" alt=\"\" width=\"800\" height=\"100\" srcset=\"https:\/\/www.radiopiu.net\/wordpress\/wp-content\/uploads\/2018\/09\/sport.jpg 800w, https:\/\/www.radiopiu.net\/wordpress\/wp-content\/uploads\/2018\/09\/sport-300x38.jpg 300w, https:\/\/www.radiopiu.net\/wordpress\/wp-content\/uploads\/2018\/09\/sport-768x96.jpg 768w\" sizes=\"auto, (max-width: 800px) 100vw, 800px\" \/><\/a><\/p>\n<p>&nbsp;<\/p>\n<blockquote>\n<h3>PRIMA GARA REGIONALE DI SCI, VINCONO ROSSI, DE MARTIN, VALENTE E PITTARELLO<\/h3>\n<\/blockquote>\n<p><strong>ASIAGO <\/strong>A Monte Verena, per l\u2019organizzazione dello Sci club 2000 di Mason Vicentino, si \u00e8 svolta la prima giornata delle selezioni regionali dell\u2019Alpe Cimbra. Si \u00e8 gareggiato in gigante e le vittorie sono andate a Matteo Valente (Sci club Cortina) e Vittoria Rossi (Sci club 2000, <em>foto<\/em>) nelle categorie Ragazzi, Lorenzo Pittarello (Ski College Veneto Falcade) e Arianna De Martin Topranin (Sci club Cortina) nelle categorie Allievi. La seconda prova \u00e8 programmata per il 20 gennaio a Passo Monte Croce Comelico (organizzazione Unione sportiva Valpadola).<\/p>\n<p><strong>LE CLASSIFICHE PER CATEGORIA<\/strong><\/p>\n\n\t\t\t<style type='text\/css'>\n\t\t\t\t#gallery-7 {\n\t\t\t\t\tmargin: auto;\n\t\t\t\t}\n\t\t\t\t#gallery-7 .gallery-item {\n\t\t\t\t\tfloat: left;\n\t\t\t\t\tmargin-top: 10px;\n\t\t\t\t\ttext-align: center;\n\t\t\t\t\twidth: 20%;\n\t\t\t\t}\n\t\t\t\t#gallery-7 img {\n\t\t\t\t\tborder: 2px solid #cfcfcf;\n\t\t\t\t}\n\t\t\t\t#gallery-7 .gallery-caption {\n\t\t\t\t\tmargin-left: 0;\n\t\t\t\t}\n\t\t\t\t\/* see gallery_shortcode() in wp-includes\/media.php *\/\n\t\t\t<\/style>\n\t\t<div id='gallery-7' class='dt-gallery-container gallery galleryid-184550 gallery-columns-5 gallery-size-thumbnail'><dl class='gallery-item'>\n\t\t\t\t<dt class='gallery-icon portrait'>\n\t\t\t\t\t<a class=\"rollover rollover-zoom dt-pswp-item\" title=\"alpe-cimbra-GS-reg-RAGAZZI-1-13.01.2021-rotated\" data-dt-img-description=\"\" data-large_image_width=\"1200\" data-large_image_height=\"1600\"href='https:\/\/www.radiopiu.net\/wordpress\/wp-content\/uploads\/2021\/01\/alpe-cimbra-GS-reg-RAGAZZI-1-13.01.2021-rotated-1.jpeg'><img loading=\"lazy\" decoding=\"async\" width=\"150\" height=\"150\" src=\"https:\/\/www.radiopiu.net\/wordpress\/wp-content\/uploads\/2021\/01\/alpe-cimbra-GS-reg-RAGAZZI-1-13.01.2021-rotated-1-150x150.jpeg\" class=\"attachment-thumbnail size-thumbnail\" alt=\"\" aria-describedby=\"gallery-7-184658\" \/><\/a>\n\t\t\t\t<\/dt>\n\t\t\t\t\t<dd class='wp-caption-text gallery-caption' id='gallery-7-184658'>\n\t\t\t\t\tRAGAZZI\n\t\t\t\t\t<\/dd><\/dl><dl class='gallery-item'>\n\t\t\t\t<dt class='gallery-icon portrait'>\n\t\t\t\t\t<a class=\"rollover rollover-zoom dt-pswp-item\" title=\"alpe-cimbra-GS-reg-RAGAZZI-2-13.01.2021-rotated\" data-dt-img-description=\"\" data-large_image_width=\"1200\" data-large_image_height=\"1600\"href='https:\/\/www.radiopiu.net\/wordpress\/wp-content\/uploads\/2021\/01\/alpe-cimbra-GS-reg-RAGAZZI-2-13.01.2021-rotated-1.jpeg'><img loading=\"lazy\" decoding=\"async\" width=\"150\" height=\"150\" src=\"https:\/\/www.radiopiu.net\/wordpress\/wp-content\/uploads\/2021\/01\/alpe-cimbra-GS-reg-RAGAZZI-2-13.01.2021-rotated-1-150x150.jpeg\" class=\"attachment-thumbnail size-thumbnail\" alt=\"\" aria-describedby=\"gallery-7-184657\" \/><\/a>\n\t\t\t\t<\/dt>\n\t\t\t\t\t<dd class='wp-caption-text gallery-caption' id='gallery-7-184657'>\n\t\t\t\t\tRAGAZZI\n\t\t\t\t\t<\/dd><\/dl><dl class='gallery-item'>\n\t\t\t\t<dt class='gallery-icon portrait'>\n\t\t\t\t\t<a class=\"rollover rollover-zoom dt-pswp-item\" title=\"alpe-cimbra-GS-reg-RAGAZZE-13.01.2021\" data-dt-img-description=\"\" data-large_image_width=\"1200\" data-large_image_height=\"1600\"href='https:\/\/www.radiopiu.net\/wordpress\/wp-content\/uploads\/2021\/01\/alpe-cimbra-GS-reg-RAGAZZE-13.01.2021.jpeg'><img loading=\"lazy\" decoding=\"async\" width=\"150\" height=\"150\" src=\"https:\/\/www.radiopiu.net\/wordpress\/wp-content\/uploads\/2021\/01\/alpe-cimbra-GS-reg-RAGAZZE-13.01.2021-150x150.jpeg\" class=\"attachment-thumbnail size-thumbnail\" alt=\"\" aria-describedby=\"gallery-7-184659\" \/><\/a>\n\t\t\t\t<\/dt>\n\t\t\t\t\t<dd class='wp-caption-text gallery-caption' id='gallery-7-184659'>\n\t\t\t\t\tRAGAZZE\n\t\t\t\t\t<\/dd><\/dl><dl class='gallery-item'>\n\t\t\t\t<dt class='gallery-icon portrait'>\n\t\t\t\t\t<a class=\"rollover rollover-zoom dt-pswp-item\" title=\"alpe-cimbra-GS-reg-ALLIEVI-13.01.2021-rotated\" data-dt-img-description=\"\" data-large_image_width=\"1200\" data-large_image_height=\"1600\"href='https:\/\/www.radiopiu.net\/wordpress\/wp-content\/uploads\/2021\/01\/alpe-cimbra-GS-reg-ALLIEVI-13.01.2021-rotated-1.jpeg'><img loading=\"lazy\" decoding=\"async\" width=\"150\" height=\"150\" src=\"https:\/\/www.radiopiu.net\/wordpress\/wp-content\/uploads\/2021\/01\/alpe-cimbra-GS-reg-ALLIEVI-13.01.2021-rotated-1-150x150.jpeg\" class=\"attachment-thumbnail size-thumbnail\" alt=\"\" aria-describedby=\"gallery-7-184660\" \/><\/a>\n\t\t\t\t<\/dt>\n\t\t\t\t\t<dd class='wp-caption-text gallery-caption' id='gallery-7-184660'>\n\t\t\t\t\tALLIEVI\n\t\t\t\t\t<\/dd><\/dl><dl class='gallery-item'>\n\t\t\t\t<dt class='gallery-icon portrait'>\n\t\t\t\t\t<a class=\"rollover rollover-zoom dt-pswp-item\" title=\"alpe-cimbra-GS-reg-ALLIEVE-13.01.2021-rotated\" data-dt-img-description=\"\" data-large_image_width=\"1200\" data-large_image_height=\"1600\"href='https:\/\/www.radiopiu.net\/wordpress\/wp-content\/uploads\/2021\/01\/alpe-cimbra-GS-reg-ALLIEVE-13.01.2021-rotated-1.jpeg'><img loading=\"lazy\" decoding=\"async\" width=\"150\" height=\"150\" src=\"https:\/\/www.radiopiu.net\/wordpress\/wp-content\/uploads\/2021\/01\/alpe-cimbra-GS-reg-ALLIEVE-13.01.2021-rotated-1-150x150.jpeg\" class=\"attachment-thumbnail size-thumbnail\" alt=\"\" aria-describedby=\"gallery-7-184661\" \/><\/a>\n\t\t\t\t<\/dt>\n\t\t\t\t\t<dd class='wp-caption-text gallery-caption' id='gallery-7-184661'>\n\t\t\t\t\tALLIEVE\n\t\t\t\t\t<\/dd><\/dl><br style=\"clear: both\" \/>\n\t\t\t<\/div>\n\n<p>&nbsp;<\/p>\n","protected":false},"excerpt":{"rendered":"<p>PER RICEVERE QUESTO NOTIZIARIO DIRETTAMENTE SUL TUO CELLULARE ISCRIVITI AL CANALE TELEGRAM \u201cRADIO PIU\u00a0 INFORMAZIONE&#8221;\u00a0 ATTENZIONE: LA NUOVA APP PER IOS-IPHONE https:\/\/apps.apple.com\/it\/app\/radio-pi%C3%B9-emittente-agordina\/id1515939845 ATTENZIONE: LA NUOVA APP RADIO\u00a0 PER ANDROID https:\/\/play.google.com\/store\/apps\/details?id=net.radiopiu.iniko\u00a0\u00a0 &nbsp; FALCADE SUL TERRITORIO COMUNALE DI FALCADE E&#8217; POSSIBILE LA PRATICA DELLO SCI ALPINISMO E CIASPE, IL SINDACO MICHELE COSTA HA INFATTI REVOCATO L&#8217;ORDINANZA DEL&hellip;<\/p>\n","protected":false},"author":4,"featured_media":184724,"comment_status":"closed","ping_status":"closed","sticky":false,"template":"","format":"standard","meta":{"_monsterinsights_skip_tracking":false,"_monsterinsights_sitenote_active":false,"_monsterinsights_sitenote_note":"","_monsterinsights_sitenote_category":0,"footnotes":""},"categories":[1,51,86,49],"tags":[],"class_list":["post-184550","post","type-post","status-publish","format-standard","has-post-thumbnail","hentry","category-senza-categoria","category-evidenza-top","category-gr","category-news-18","category-1","category-51","category-86","category-49","description-off"],"img_url":"https:\/\/www.radiopiu.net\/wordpress\/wp-content\/uploads\/2021\/01\/2b271627-a49e-4795-b67e-aae63f3df7c4.jpg","_links":{"self":[{"href":"https:\/\/www.radiopiu.net\/wordpress\/wp-json\/wp\/v2\/posts\/184550","targetHints":{"allow":["GET"]}}],"collection":[{"href":"https:\/\/www.radiopiu.net\/wordpress\/wp-json\/wp\/v2\/posts"}],"about":[{"href":"https:\/\/www.radiopiu.net\/wordpress\/wp-json\/wp\/v2\/types\/post"}],"author":[{"embeddable":true,"href":"https:\/\/www.radiopiu.net\/wordpress\/wp-json\/wp\/v2\/users\/4"}],"replies":[{"embeddable":true,"href":"https:\/\/www.radiopiu.net\/wordpress\/wp-json\/wp\/v2\/comments?post=184550"}],"version-history":[{"count":0,"href":"https:\/\/www.radiopiu.net\/wordpress\/wp-json\/wp\/v2\/posts\/184550\/revisions"}],"wp:featuredmedia":[{"embeddable":true,"href":"https:\/\/www.radiopiu.net\/wordpress\/wp-json\/wp\/v2\/media\/184724"}],"wp:attachment":[{"href":"https:\/\/www.radiopiu.net\/wordpress\/wp-json\/wp\/v2\/media?parent=184550"}],"wp:term":[{"taxonomy":"category","embeddable":true,"href":"https:\/\/www.radiopiu.net\/wordpress\/wp-json\/wp\/v2\/categories?post=184550"},{"taxonomy":"post_tag","embeddable":true,"href":"https:\/\/www.radiopiu.net\/wordpress\/wp-json\/wp\/v2\/tags?post=184550"}],"curies":[{"name":"wp","href":"https:\/\/api.w.org\/{rel}","templated":true}]}}