{"id":184615,"date":"2021-01-13T12:25:25","date_gmt":"2021-01-13T11:25:25","guid":{"rendered":"https:\/\/www.radiopiu.net\/wordpress\/?p=184615"},"modified":"2021-01-13T13:29:41","modified_gmt":"2021-01-13T12:29:41","slug":"da-venezia-punto-stampa-aggiornamento-covid-19","status":"publish","type":"post","link":"https:\/\/www.radiopiu.net\/wordpress\/da-venezia-punto-stampa-aggiornamento-covid-19\/","title":{"rendered":"PER IL 13\u00b0 GIORNO RICOVERI IN CALO COSI&#8217; COME IL CALO DI INCIDENZA POSITIVI-TAMPONIDA VENEZIA PUNTO STAMPA, AGGIORNAMENTO COVID 19 &#8220;capisco chi protesta ma che la protesta non si trasformi in contagio&#8221;."},"content":{"rendered":"<p><strong>VENEZIA<\/strong> Punto stampa con il Governatore Luca Zaia. Audio, video e testo in diretta.<\/p>\n<p><strong>I NUMERI <\/strong>TAMPONI MOLECOLARI 3 512 186\u00a0 TAMPONI RAPIDI 2.176.000 TOTALE TAMPONI IERI 54.121 INCIDENZA 3,48% media nazionale oltre il 10% POSITIVI 1884 POSITIVI ATTUALI 81.970 DALL&#8217;INIZIO 291.719 RICOVERATI 3348 IN AREA NON CRITICA\u00a0 2988 (-40) IN TERAPIA INTENSIVA 360 (-31)\u00a0 DECESSI 7684 (+91) DIMESSI 12.230<\/p>\n<p><strong><span style=\"color: #ff0000;\">SITUAZIONE VACCINI 81.998 DOSI IN CARICO, 70,15% IN MAGAZZINO. I vaccini della moderna,\u00a0 7800 dosi,\u00a0 arrivano oggi e verranno distribuiti in percentuale alla popolazione over 80<\/span><\/strong><\/p>\n<p>&nbsp;<\/p>\n<blockquote>\n<h2>LEGGI LA CONFERENZA STAMPA DI LUCA ZAIA<\/h2>\n<\/blockquote>\n<p><em>Venerdi la protesta #ioapro,\u00a0 va reso merito che chi la propone non si \u00e8 fatto\u00a0 strumentalizzare politicamente, stiamo parlando di un problema che comunque non esisterebbe se ci fossero i ristori.\u00a0 Crisi di Governo, elezioni subito? Io credo che il popolo debba essere sempre al centro delle scelte, la verit\u00e0 \u00e8 che in un momento come questo affrontare una campagna elettorale \u00e8 traumatico. In reparto abbiamo toccato anche i 2700 ricoverati oggi sono 2500.\u00a0 Abbiamo accantonato il 60% della fornitura dei vaccini di ieri (40mila) per dare il via ai richiami con puntualit\u00e0 lunedi.<\/em><\/p>\n<p>Stiamo continuando con la sequenzazione del virus per capire dove stiamo andando, siamo stanchi di sentire che il mondo intero risolva il problema, se qualcuno ha soluzioni le metta per iscritto. Importante comunque\u00a0 non abbassare la guardia, \u00e8 vero che sono 13 giorni di calo ma il cambio di rotta pu\u00f2 avvenire in ogni istante, l&#8217;esempio \u00e8 la\u00a0 Germania in lockdown da met\u00e0 dicembre e ancora in picco nella pandemia, ma vedo anche regioni che hanno fatto restrizioni dove il contagio \u00e8 ripreso. Nessuno \u00e8 fuori pericolo, \u00e8 sbagliato pensare che sia finita. Noi non lasciamo comunque a terra nessun paziente. Nessuno ci ha o vi ha mai contattato dicendo che non \u00e8 stato preso in cura, grazie a chi opera nella sanit\u00e0 e un pensiero a chi soffre nelle attivit\u00e0 produttive e non sono certo scandalizzato per le proteste. Mi metto nei panni degli operatori e capisco i loro problemi e le loro proteste visto che i ristori non ci sono in tempo reale. Spero si risolva presto questa partita come da garanzie del Governo che ha detto che far\u00e0 in tempo reale DPCM e ristori, \u00e8 fondamentale dare i soldi agli operatori che chiedono solo di tenere in vita le loro aziende, pagare i lavoratori e pensare di ripartire. Molte aziende infatti, purtroppo, non riapriranno. Chiedo e auspico che qualsiasi forma di protesta sia rispettosa delle regole della sanit\u00e0 ma so che i veneti lo faranno. Lo dico anche a chi viene sotto a casa mia a protestare anche se potrebbero andare da un&#8217;altra parte. Che la protesta non si trasformi in contagio.<\/p>\n<h3>DOMANDE<\/h3>\n<p><strong>LA PROTESTA IO APRO ANNUNCIATA PER VENERDI DAI RISTORATORI, DIFFICILE IL RISPETTO DELLE REGOLE SULLA SANITA&#8217; CHE VIETANO DI ENTRARE NEI LOCALI\u00a0<\/strong> Deve essere evitata la lotta tra guardia e ladri, con il buonsenso bisogna capire il momento di difficolt\u00e0. Troppo facile fare le scelte con il portafoglio degli altri. Non ci sono strumentazioni politiche ma parte dalla base. E&#8217; fondamentale ricordare la necessit\u00e0 di protestare nel rispetto del distanziamento. Il problema \u00e8 comunque legato ai ristori, con quelli non ci sarebbero proteste.<strong> SEGNALI DI CRISI DI GOVERNO<\/strong> Sono un inguaribile sostenitore del fatto che il popolo debba essere al centro delle scelte, cioe&#8217; andando a votare, ma in un momento come questo pensare ad una campagna elettorale \u00e8 traumatico. C&#8217;\u00e8 chi ha posto una questione facendo partire la crisi di Governo, i torni di alcuni Ministri mi fanno capire che la fiducia sia cessata, \u00e8 un&#8217;agonia trascinata con due possibilit\u00e0: o Conte fa il terzo Governo con una nuova maggioranza oppure si sar\u00e0 un cambio al vertice con un nuovo Presidente, vedo l&#8217;ipotesi elezioni molto remota, ma sono posizioni personali di uno che si occupa di covid e non di poltrone.<strong> SPERANZA ALLA CAMERA HA ANTICIPATO IL DPCM CHE SARA&#8217; VARATO QUESTA SERA, 12 REGIONI A RISCHIO ELEVATO DOV&#8217;E&#8217; IL VENETO?<\/strong> Non lo so, credo che gli indicatori ci mettano a rischio elevato. Il vero tema \u00e8 che l&#8217;istituto per la sanit\u00e0 basi le decisioni su dati omogenei. Il vero dato \u00e8 l&#8217;ospedalizzazione su 100mila abitanti. Abbiamo una regione la sesta in Italia per ospedalizzazione. Ci sono 5 Regioni messe peggio ma nessuno ne parla.<strong> TREDICESIMO GIORNO CON I RICOVERI IN CALO, MA NON E&#8217; CHE SIANO I MORTI GIORNALIERI?<\/strong> No si stanno invertendo le curve di ingressi e dimissioni, abbiamo meno carico di prima. Esiste uno studio sulle dimissioni dei pazienti, noi abbiamo un dato degli ingressi e delle uscite tanto in area critica che in terapia intensiva <strong>COME VA CON IL VACCINO VOLONTARIO? <\/strong>fra gli operatori sanitari c&#8217;\u00e8 un&#8217;adesione del 90%, abbiamo qualche problema in pi\u00f9 nelle Rsa,\u00a0 rifiutare il vaccino rimane un\u00a0 diritto. <strong>TERZA ONDATA?<\/strong>\u00a0 La terza ondata c&#8217;\u00e8 ed \u00e8 in corso, in ritardo rispetto all&#8217;Europa. Domani mattina alle 9.30 previsto un nuovo incontro fra Regioni e Roma sulle ultime proposte di Speranza sulle misure anti Covid e sui parametri <strong>MONTAGNA IN GINOCCHIO\u00a0<\/strong> E&#8217; vero perch\u00e9 rappresenta un&#8217;isola felice in un momento difficile da vivere. Con Vaia abbiamo visto cosa significa avere i cittadini. La stagione \u00e8 comunque messa in discussione. Se ci fossero i ristori quanto meno tamponiamo. <strong>APERTURE IMPIANTI CON LINEE GUIDA E&#8217; UNA SOLUZIONE?<\/strong> c&#8217;\u00e8 una proposta di settimane fa, dovremo capire le indicazioni dell&#8217;istituto sanitario, il DPCM potrebbe valutare un proroga se si arriva a marzo la stagione \u00e8 finita.<strong> DIFFIDA DELLA NAO AD USARE I TAMPONI RAPIDI<\/strong> Mi sono reso conto che c&#8217;\u00e8 una leggenda metropolitana che \u00e8 la politica che decide e questo ci offende e offende i tecnici. I piani di sanit\u00e0 pubblica non li fa certo la politica non avendo professionalit\u00e0, competenza e leggittimazione giuridica. Da oggi mi rifiuto di rispondere a queste domande, lo facciano i tecnici.<strong> I RISTORATORI RINGRAZIANO E CHIEDONO SE VENERDI ANDRA&#8217; A CENA DA QUALCHE PARTE<\/strong> Non lo faccio per una questione di non rispetto, non l&#8217;ho mai fatto con nessuno perch\u00e9 si presta a polemiche. Loro hanno la mia comprensione. Il mio ruolo istituzionale \u00e8 fondamentale per dire che devono essere ascoltati, sono al loro fianco fermo restando che sono persone per bene come quando abbiamo fatto le linee guida per l&#8217;apertura dei ristoranti, lontani da strumentalizzazioni politiche e dai &#8220;polemisti&#8221;.<\/p>\n<blockquote>\n<h3>DOTTOR FLOR DIRETTORE SANITA&#8217; VENETO<\/h3>\n<\/blockquote>\n<p><em>Limite massimo occupazioni il 31 dicembre con 663 posti letto occupati in terapia intensiva, oggi sono 610 sono calati giorno per giorno, sono 91 i posti letto ad oggi disponibili, fino a venerdi non tocchiamo nulla poi valuteremo la situazione se \u00e8 il caso o meno di aumentare i posti letto. Il tasso di occupazione dipende dagli ingressi e dalle uscite, registriamo negli ultimi giorni un minor numero di ricoveri ospedalieri e in terapia intensiva.<\/em><\/p>\n<p><strong>La nuova querelle sui tamponi rapidi, l&#8217;ultima diffida alla Regione.\u00a0 <\/strong>La Nao ha presentato una diffida sull&#8217;uso di un tipo di tampone di terza generazione che il Veneto, comunque, non ha mai utilizzato<strong>.<\/strong>Ho le sensazione che diciamo delle cose che non vengono capite eppure non sono difficili. La Regione che fa pi\u00f9 tamponi molecolari sui 100 mila abitanti ad esempio \u00e8 il Veneto, lo dicono i dati pubblicati giornalmente dal Ministero della Salute. Di gran lunga pi\u00f9 di ogni altra regione, ieri e anche oggi. Nessuno ha fatto tanti tamponi molecolari come il Veneto. La settimana scorsa abbiamo chiesto a tutte le aziende il massimo di tamponi che sono in grado di fare e refertare, ebbene dai 19 ai 21 mila. La risposta che mi sento di dare a tutti ne ruolo che ricopro \u00e8 che il Veneto ha aumentato la sua capacit\u00e0 di tamponi molecolari, a marzo se ne facevano 7000 anche ad aprile, oggi 17 mila. Abbiamo 3 milioni e mezzo di tamponi molecolari refertati che ci venga riconosciuto. Li facciamo come da indicazioni ministeriali e a livello internazionale a tutti i pazienti prima del ricovero. Noi abbiamo sempre fatto i tamponi molecolari.\u00a0 I test rapidi li usiamo per screening, come indicato. I tamponi molecolari vengono usati per diagnosi (anche di conferma ai test rapidi) e i test rapidi per screening (ad esempio in aeroporto). L&#8217;alternativa ai tamponi rapidi \u00e8 il nulla.<strong> SITUAZIONE OSPEDALIERA<\/strong> Attualmente abbiamo attivi 700 posti di terapia intensiva, stamani 91 erano liberi, 610 sono quindi occupati, 334 sono con pazienti Covid positivi. Il limite massimo di occupazione dei 700 posti lo abbiamo avuto con 663 posti letto occupati il 31 gennaio. Da allora il tasso di occupazione delle terapie intensive \u00e8 sempre calato. <strong>SITUAZIONE VACCINI<\/strong> Ieri la terza fornitura da 40mila dosi che somministreremo entro venerdi, le altre le teniamo accantonate per il richiamo previsto da lunedi, per essere puntuali li abbiamo accantonati. Il 60% della fornitura di ieri servir\u00e0 per i richiami. Oggi riunione con le aziende per le modalit\u00e0 di primo utilizzo delle 800 dosi del vaccino Moderna.<\/p>\n<p>&nbsp;<\/p>\n<p><a href=\"https:\/\/www.facebook.com\/zaiaufficiale\/videos\/487089278943742\">https:\/\/www.facebook.com\/zaiaufficiale\/videos\/487089278943742<\/a><\/p>\n<p>&nbsp;<\/p>\n<p>IL BOLLETTINO, OGGI ALLE 8 DEL MATTINO RAFFRONTO CON I DATI DI IERI SERA<\/p>\n<a href=\"https:\/\/www.radiopiu.net\/wordpress\/wp-content\/uploads\/2021\/01\/Report-111.pdf\" class=\"pdfemb-viewer\" style=\"\" data-width=\"max\" data-height=\"max\" data-toolbar=\"top\" data-toolbar-fixed=\"on\">Report 111<\/a>\n","protected":false},"excerpt":{"rendered":"<p>VENEZIA Punto stampa con il Governatore Luca Zaia. Audio, video e testo in diretta. I NUMERI TAMPONI MOLECOLARI 3 512 186\u00a0 TAMPONI RAPIDI 2.176.000 TOTALE TAMPONI IERI 54.121 INCIDENZA 3,48% media nazionale oltre il 10% POSITIVI 1884 POSITIVI ATTUALI 81.970 DALL&#8217;INIZIO 291.719 RICOVERATI 3348 IN AREA NON CRITICA\u00a0 2988 (-40) IN TERAPIA INTENSIVA 360 (-31)\u00a0&hellip;<\/p>\n","protected":false},"author":4,"featured_media":184617,"comment_status":"closed","ping_status":"closed","sticky":false,"template":"","format":"standard","meta":{"_monsterinsights_skip_tracking":false,"_monsterinsights_sitenote_active":false,"_monsterinsights_sitenote_note":"","_monsterinsights_sitenote_category":0,"footnotes":""},"categories":[51,49],"tags":[],"class_list":["post-184615","post","type-post","status-publish","format-standard","has-post-thumbnail","hentry","category-evidenza-top","category-news-18","category-51","category-49","description-off"],"img_url":"https:\/\/www.radiopiu.net\/wordpress\/wp-content\/uploads\/2021\/01\/138153426_1682300355305206_566712614539775001_o.jpg","_links":{"self":[{"href":"https:\/\/www.radiopiu.net\/wordpress\/wp-json\/wp\/v2\/posts\/184615","targetHints":{"allow":["GET"]}}],"collection":[{"href":"https:\/\/www.radiopiu.net\/wordpress\/wp-json\/wp\/v2\/posts"}],"about":[{"href":"https:\/\/www.radiopiu.net\/wordpress\/wp-json\/wp\/v2\/types\/post"}],"author":[{"embeddable":true,"href":"https:\/\/www.radiopiu.net\/wordpress\/wp-json\/wp\/v2\/users\/4"}],"replies":[{"embeddable":true,"href":"https:\/\/www.radiopiu.net\/wordpress\/wp-json\/wp\/v2\/comments?post=184615"}],"version-history":[{"count":0,"href":"https:\/\/www.radiopiu.net\/wordpress\/wp-json\/wp\/v2\/posts\/184615\/revisions"}],"wp:featuredmedia":[{"embeddable":true,"href":"https:\/\/www.radiopiu.net\/wordpress\/wp-json\/wp\/v2\/media\/184617"}],"wp:attachment":[{"href":"https:\/\/www.radiopiu.net\/wordpress\/wp-json\/wp\/v2\/media?parent=184615"}],"wp:term":[{"taxonomy":"category","embeddable":true,"href":"https:\/\/www.radiopiu.net\/wordpress\/wp-json\/wp\/v2\/categories?post=184615"},{"taxonomy":"post_tag","embeddable":true,"href":"https:\/\/www.radiopiu.net\/wordpress\/wp-json\/wp\/v2\/tags?post=184615"}],"curies":[{"name":"wp","href":"https:\/\/api.w.org\/{rel}","templated":true}]}}