{"id":184635,"date":"2021-01-13T14:39:30","date_gmt":"2021-01-13T13:39:30","guid":{"rendered":"https:\/\/www.radiopiu.net\/wordpress\/?p=184635"},"modified":"2021-01-30T06:08:24","modified_gmt":"2021-01-30T05:08:24","slug":"provinciale-251-situazione-che-va-risolta-senza-rimpalli","status":"publish","type":"post","link":"https:\/\/www.radiopiu.net\/wordpress\/provinciale-251-situazione-che-va-risolta-senza-rimpalli\/","title":{"rendered":"PROVINCIALE 251, SITUAZIONE CHE VA RISOLTA SENZA RIMPALLI"},"content":{"rendered":"<p><strong> <img decoding=\"async\" class=\"alignleft\" src=\"https:\/\/www.radiopiu.net\/wordpress\/wp-content\/uploads\/2021\/01\/download-16.jpg\" \/>ROMA<\/strong><em> \u201cLa situazione della Sp251 in Val di Zoldo va risolta definitivamente con interventi strutturali. I residenti non possono ancora patire ulteriori disagi per chiss\u00e0 quanto, \u00e8 un tema che deve diventare una priorit\u00e0: basta rimpalli tra enti che per troppo tempo ha portato a una sottovalutazione dei problemi. Chiediamo immediatamente un tavolo congiunto tra Governo, Regione e Provincia in cui ognuno faccia la propria parte\u201d<\/em>. Il sollecito arriva, tramite una nota unitaria, dalla consigliera regionale del Partito Democratico Francesca Zottis e dal parlamentare bellunese dem Roger De Menech, a proposito della riapertura alla viabilit\u00e0 della strada, dopo la frana che ha spazzato via una carreggiata lo scorso dicembre. \u201c<em>Servono interventi immediati per la messa in sicurezza che diano delle certezze, per non trovarci ogni volta da capo; lavori attesi da anni. Stiamo parlando di una valle importante che comprende il comprensorio sciistico del Civetta, oltre al monte Pelmo e altre bellezze naturali inestimabili; la Sp 251 \u00e8 la via pi\u00f9 sicura per raggiungerla, cos\u00ec come per collegarsi con il Cadore e l\u2019Agordino.\u00a0 Le alternative sono pi\u00f9 tortuose e pericolose, con tempi di percorrenza insostenibili: c\u2019\u00e8 anche chi ha dovuto rinunciare a recarsi al lavoro. La politica si assuma la responsabilit\u00e0 del futuro delle \u2018terre alte\u2019 e di chi le abita: in questi giorni i residenti della Val di Zoldo hanno dovuto fare i conti con l\u2019interruzione della viabilit\u00e0, delle linee elettriche e telefoniche. Lo spopolamento dei territori montani \u00e8 gi\u00e0 sufficientemente grave, se non si agisce sui servizi fondamentali il declino rischia di diventare irreversibile\u201d<\/em>.<\/p>\n","protected":false},"excerpt":{"rendered":"<p>ROMA \u201cLa situazione della Sp251 in Val di Zoldo va risolta definitivamente con interventi strutturali. I residenti non possono ancora patire ulteriori disagi per chiss\u00e0 quanto, \u00e8 un tema che deve diventare una priorit\u00e0: basta rimpalli tra enti che per troppo tempo ha portato a una sottovalutazione dei problemi. Chiediamo immediatamente un tavolo congiunto tra&hellip;<\/p>\n","protected":false},"author":4,"featured_media":184636,"comment_status":"closed","ping_status":"closed","sticky":false,"template":"","format":"standard","meta":{"_monsterinsights_skip_tracking":false,"_monsterinsights_sitenote_active":false,"_monsterinsights_sitenote_note":"","_monsterinsights_sitenote_category":0,"footnotes":""},"categories":[1,49],"tags":[],"class_list":["post-184635","post","type-post","status-publish","format-standard","has-post-thumbnail","hentry","category-senza-categoria","category-news-18","category-1","category-49","description-off"],"img_url":"https:\/\/www.radiopiu.net\/wordpress\/wp-content\/uploads\/2021\/01\/download-16.jpg","_links":{"self":[{"href":"https:\/\/www.radiopiu.net\/wordpress\/wp-json\/wp\/v2\/posts\/184635","targetHints":{"allow":["GET"]}}],"collection":[{"href":"https:\/\/www.radiopiu.net\/wordpress\/wp-json\/wp\/v2\/posts"}],"about":[{"href":"https:\/\/www.radiopiu.net\/wordpress\/wp-json\/wp\/v2\/types\/post"}],"author":[{"embeddable":true,"href":"https:\/\/www.radiopiu.net\/wordpress\/wp-json\/wp\/v2\/users\/4"}],"replies":[{"embeddable":true,"href":"https:\/\/www.radiopiu.net\/wordpress\/wp-json\/wp\/v2\/comments?post=184635"}],"version-history":[{"count":0,"href":"https:\/\/www.radiopiu.net\/wordpress\/wp-json\/wp\/v2\/posts\/184635\/revisions"}],"wp:featuredmedia":[{"embeddable":true,"href":"https:\/\/www.radiopiu.net\/wordpress\/wp-json\/wp\/v2\/media\/184636"}],"wp:attachment":[{"href":"https:\/\/www.radiopiu.net\/wordpress\/wp-json\/wp\/v2\/media?parent=184635"}],"wp:term":[{"taxonomy":"category","embeddable":true,"href":"https:\/\/www.radiopiu.net\/wordpress\/wp-json\/wp\/v2\/categories?post=184635"},{"taxonomy":"post_tag","embeddable":true,"href":"https:\/\/www.radiopiu.net\/wordpress\/wp-json\/wp\/v2\/tags?post=184635"}],"curies":[{"name":"wp","href":"https:\/\/api.w.org\/{rel}","templated":true}]}}