{"id":184729,"date":"2021-01-15T06:00:21","date_gmt":"2021-01-15T05:00:21","guid":{"rendered":"https:\/\/www.radiopiu.net\/wordpress\/?p=184729"},"modified":"2021-01-15T09:52:43","modified_gmt":"2021-01-15T08:52:43","slug":"giornale-radiopiu-15-gennaio-2021-direttore-mirko-mezzacasa","status":"publish","type":"post","link":"https:\/\/www.radiopiu.net\/wordpress\/giornale-radiopiu-15-gennaio-2021-direttore-mirko-mezzacasa\/","title":{"rendered":"GIORNALE RADIOPIU 15 GENNAIO 2021 DIRETTORE MIRKO MEZZACASA"},"content":{"rendered":"<h3>PER<strong> RICEVERE QUESTO NOTIZIARIO DIRETTAMENTE SUL TUO CELLULARE ISCRIVITI AL CANALE TELEGRAM <\/strong><strong>\u201cRADIO PIU\u00a0 INFORMAZIONE&#8221;\u00a0<\/strong><\/h3>\n<p><em>ATTENZIONE: LA NUOVA APP PER IOS-IPHONE<\/em><\/p>\n<div>\n<div><a href=\"https:\/\/apps.apple.com\/it\/app\/radio-pi%C3%B9-emittente-agordina\/id1515939845\">https:\/\/apps.apple.com\/it\/app\/radio-pi%C3%B9-emittente-agordina\/id1515939845<\/a><\/div>\n<\/div>\n<div><\/div>\n<div>\n<div dir=\"auto\"><em>ATTENZIONE: LA NUOVA APP RADIO\u00a0 PER ANDROID<\/em><\/div>\n<\/div>\n<p><a href=\"https:\/\/play.google.com\/store\/apps\/details?id=net.radiopiu.iniko\" target=\"_blank\" rel=\"noopener noreferrer\">https:\/\/play.google.com\/store\/apps\/details?id=net.radiopiu.iniko\u00a0\u00a0\u00a0\u00a0<\/a><\/p>\n<p>&nbsp;<\/p>\n<hr \/>\n<div class=\"bi6gxh9e\" data-block=\"true\" data-editor=\"8d7ck\" data-offset-key=\"c96ft-0-0\">\n<blockquote>\n<h3 class=\"_1mf _1mj\" data-offset-key=\"c96ft-0-0\"><strong><span style=\"color: #0000ff;\"><span class=\"oo483o9r\" spellcheck=\"false\" data-offset-key=\"c96ft-0-0\">\u00a0<\/span><\/span><\/strong><\/h3>\n<h3 class=\"_1mf _1mj\" data-offset-key=\"c96ft-0-0\"><strong><span style=\"color: #0000ff;\"><span class=\"oo483o9r\" spellcheck=\"false\" data-offset-key=\"c96ft-0-0\">Marcella Corr\u00e0<\/span> il giornalismo per la vita di <span class=\"oo483o9r\" spellcheck=\"false\" data-offset-key=\"c96ft-2-0\">Gianni Santomaso <\/span>alle 15.10 su radio piu&#8217;<\/span><\/strong><\/h3>\n<\/blockquote>\n<\/div>\n<h1><span style=\"color: #ff0000;\">\u00a0<\/span><\/h1>\n<hr \/>\n<h1><span style=\"color: #ff0000;\">\u00a0<\/span><\/h1>\n<h1><span style=\"color: #ff0000;\">VIABILITA&#8217;: RIAPERTA LA STRADA PER IL SAN BOLDO PRECEDENTEMENTE CHIUSA PER FRANA. IERI CHIUSI PER NEVE VENTATA PORDOI E FEDAIA<\/span><\/h1>\n<p>&nbsp;<\/p>\n<hr \/>\n<p><strong>\u00a0<\/strong><\/p>\n<p><strong>GLI SPECIALI DI RADIO PIU: SANPA!<\/strong> San Patrignano e Vincenzo Muccioli, la storia dell&#8217;Italia anni Ottanta nel pieno dell&#8217;emergenza droga. di Luisa Alchini. Mercoledi alle 10.30 e alle 19 su RADIO PIU<\/p>\n<audio class=\"wp-audio-shortcode\" id=\"audio-184729-1\" preload=\"none\" style=\"width: 100%;\" controls=\"controls\"><source type=\"audio\/mpeg\" src=\"https:\/\/www.radiopiu.net\/wordpress\/wp-content\/uploads\/2021\/01\/promo-sanpa.mp3?_=1\" \/><a href=\"https:\/\/www.radiopiu.net\/wordpress\/wp-content\/uploads\/2021\/01\/promo-sanpa.mp3\">https:\/\/www.radiopiu.net\/wordpress\/wp-content\/uploads\/2021\/01\/promo-sanpa.mp3<\/a><\/audio>\n<blockquote><p><em><a href=\"https:\/\/www.radiopiu.net\/wordpress\/giornale-radiopiu-15-gennaio-2021-direttore-mirko-mezzacasa\/download-1084\/\" rel=\"attachment wp-att-184962\"><img loading=\"lazy\" decoding=\"async\" class=\" wp-image-184962 alignleft\" src=\"https:\/\/www.radiopiu.net\/wordpress\/wp-content\/uploads\/2021\/01\/download-19.jpg\" alt=\"\" width=\"180\" height=\"145\" \/><\/a>Luci e tenebre di San Patrignano \u00e8 una serie televisiva documentaristica originale realizzata da Netflix, prodotta e sviluppata da Gianluca Neri, scritta da Carlo Gabardini, Gianluca Neri e Paolo Bernardelli con la regia di Cosima Spender. Attraverso testimonianze e immagini di repertorio, la docu-serie in 5 episodi racconta la controversa storia della comunit\u00e0 di recupero di San Patrignano fondata da Vincenzo Muccioli nel 1978, a Coriano, in provincia di Rimini.\u00a0<\/em><\/p><\/blockquote>\n<p>&nbsp;<\/p>\n<hr \/>\n<h3><span style=\"color: #ff0000;\"><a href=\"https:\/\/www.radiopiu.net\/wordpress\/giornale-radiopiu-15-gennaio-2021-direttore-mirko-mezzacasa\/img_20210114_135815030_hdr\/\" rel=\"attachment wp-att-184864\"><img loading=\"lazy\" decoding=\"async\" class=\"wp-image-184864 alignleft\" src=\"https:\/\/www.radiopiu.net\/wordpress\/wp-content\/uploads\/2021\/01\/IMG_20210114_135815030_HDR-scaled.jpg\" alt=\"\" width=\"185\" height=\"329\" srcset=\"https:\/\/www.radiopiu.net\/wordpress\/wp-content\/uploads\/2021\/01\/IMG_20210114_135815030_HDR-scaled.jpg 1440w, https:\/\/www.radiopiu.net\/wordpress\/wp-content\/uploads\/2021\/01\/IMG_20210114_135815030_HDR-169x300.jpg 169w, https:\/\/www.radiopiu.net\/wordpress\/wp-content\/uploads\/2021\/01\/IMG_20210114_135815030_HDR-576x1024.jpg 576w, https:\/\/www.radiopiu.net\/wordpress\/wp-content\/uploads\/2021\/01\/IMG_20210114_135815030_HDR-768x1365.jpg 768w, https:\/\/www.radiopiu.net\/wordpress\/wp-content\/uploads\/2021\/01\/IMG_20210114_135815030_HDR-864x1536.jpg 864w, https:\/\/www.radiopiu.net\/wordpress\/wp-content\/uploads\/2021\/01\/IMG_20210114_135815030_HDR-1152x2048.jpg 1152w\" sizes=\"auto, (max-width: 185px) 100vw, 185px\" \/><\/a>\u00a0<\/span><\/h3>\n<h3><span style=\"color: #ff0000;\">DILLO A RADIO PIU&#8217;<\/span><\/h3>\n<blockquote>\n<h3>INCIVILTA&#8217; MODERNA A PASSO DURAN<\/h3>\n<\/blockquote>\n<p><strong>LA VALLE<\/strong><em> &#8220;Lungo la provinciale 347 del Duran e Cereda, poco oltre l&#8217;abitato di La Valle Agordina\u00a0 (km 36+350) sono state scaricate e abbandonate a bordo strada 2 ruote di auto, complete di cerchio. Chissa&#8217; dove sono le altre&#8230;&#8221;<\/em><br \/>\n<strong>Maurizio<\/strong><\/p>\n<p>&nbsp;<\/p>\n<p>&nbsp;<\/p>\n<p>&nbsp;<\/p>\n<p>&nbsp;<\/p>\n<p>&nbsp;<\/p>\n<hr \/>\n<p>&nbsp;<\/p>\n<blockquote>\n<h3>FORZANO LA PORTA DELL&#8217;AUTO E RUBANO LA SPESA<\/h3>\n<\/blockquote>\n<p><strong><img loading=\"lazy\" decoding=\"async\" class=\"alignleft\" src=\"https:\/\/www.radiopiu.net\/wordpress\/wp-content\/uploads\/2019\/12\/CARABINIERI-FELTRE-2.jpg\" width=\"222\" height=\"166\" \/>FELTRE<\/strong> Saranno gli effetti della crisi? Forse si, forse no, sicuramente l&#8217;effetto della fame visto che a Feltre ignoti hanno forzato la porta dell&#8217;auto e non si sono accontentanti degli spiccioli, piuttosto hanno rubato spesa appena fatta al supermercato.\u00a0 A denunciare il fatto ai Carabinieri di Feltre, nel pomeriggio di ieri, una donna che aveva parcheggiato l&#8217;auto in localit\u00e0 Pren. Fino ad oggi si parlava di furti d&#8217;auto (frequenti) in aree di parcheggio nella zone a forte richiamo turistico, in questo singolare caso alla decina di euro si somma il furto di prodotti da tavola messo a segno nel pieno del pomeriggio, tra le 16 e le 17 senza nemmeno il conforto dell&#8217;oscurit\u00e0..<\/p>\n<p>&nbsp;<\/p>\n<hr \/>\n<p>&nbsp;<\/p>\n<blockquote>\n<h3>\u00a0VALLE DI SAN LUCANO LA FOTO della volpe<\/h3>\n<\/blockquote>\n<p><strong>TAIBON\u00a0<\/strong>Riceviamo e pubblichiamo le foto di Sandro Benvegn\u00f9 che ha mandato in redazione\u00a0 tre scatti dalla valle di San Lucano, si pensava al lupo&#8230;. ma di volpe si tratta come confermano gli esperti<\/p>\n\n\t\t\t<style type='text\/css'>\n\t\t\t\t#gallery-1 {\n\t\t\t\t\tmargin: auto;\n\t\t\t\t}\n\t\t\t\t#gallery-1 .gallery-item {\n\t\t\t\t\tfloat: left;\n\t\t\t\t\tmargin-top: 10px;\n\t\t\t\t\ttext-align: center;\n\t\t\t\t\twidth: 33%;\n\t\t\t\t}\n\t\t\t\t#gallery-1 img {\n\t\t\t\t\tborder: 2px solid #cfcfcf;\n\t\t\t\t}\n\t\t\t\t#gallery-1 .gallery-caption {\n\t\t\t\t\tmargin-left: 0;\n\t\t\t\t}\n\t\t\t\t\/* see gallery_shortcode() in wp-includes\/media.php *\/\n\t\t\t<\/style>\n\t\t<div id='gallery-1' class='dt-gallery-container gallery galleryid-184729 gallery-columns-3 gallery-size-medium'><dl class='gallery-item'>\n\t\t\t\t<dt class='gallery-icon landscape'>\n\t\t\t\t\t<a class=\"rollover rollover-zoom dt-pswp-item\" title=\"20210114_163804\" data-dt-img-description=\"\" data-large_image_width=\"403\" data-large_image_height=\"343\"href='https:\/\/www.radiopiu.net\/wordpress\/wp-content\/uploads\/2021\/01\/20210114_163804.jpg'><img loading=\"lazy\" decoding=\"async\" width=\"300\" height=\"255\" src=\"https:\/\/www.radiopiu.net\/wordpress\/wp-content\/uploads\/2021\/01\/20210114_163804-300x255.jpg\" class=\"attachment-medium size-medium\" alt=\"\" srcset=\"https:\/\/www.radiopiu.net\/wordpress\/wp-content\/uploads\/2021\/01\/20210114_163804-300x255.jpg 300w, https:\/\/www.radiopiu.net\/wordpress\/wp-content\/uploads\/2021\/01\/20210114_163804.jpg 403w\" sizes=\"auto, (max-width: 300px) 100vw, 300px\" \/><\/a>\n\t\t\t\t<\/dt><\/dl><dl class='gallery-item'>\n\t\t\t\t<dt class='gallery-icon portrait'>\n\t\t\t\t\t<a class=\"rollover rollover-zoom dt-pswp-item\" title=\"20210114_163807\" data-dt-img-description=\"\" data-large_image_width=\"403\" data-large_image_height=\"423\"href='https:\/\/www.radiopiu.net\/wordpress\/wp-content\/uploads\/2021\/01\/20210114_163807.jpg'><img loading=\"lazy\" decoding=\"async\" width=\"286\" height=\"300\" src=\"https:\/\/www.radiopiu.net\/wordpress\/wp-content\/uploads\/2021\/01\/20210114_163807-286x300.jpg\" class=\"attachment-medium size-medium\" alt=\"\" srcset=\"https:\/\/www.radiopiu.net\/wordpress\/wp-content\/uploads\/2021\/01\/20210114_163807-286x300.jpg 286w, https:\/\/www.radiopiu.net\/wordpress\/wp-content\/uploads\/2021\/01\/20210114_163807.jpg 403w\" sizes=\"auto, (max-width: 286px) 100vw, 286px\" \/><\/a>\n\t\t\t\t<\/dt><\/dl><dl class='gallery-item'>\n\t\t\t\t<dt class='gallery-icon landscape'>\n\t\t\t\t\t<a class=\"rollover rollover-zoom dt-pswp-item\" title=\"20210114_163802\" data-dt-img-description=\"\" data-large_image_width=\"472\" data-large_image_height=\"438\"href='https:\/\/www.radiopiu.net\/wordpress\/wp-content\/uploads\/2021\/01\/20210114_163802.jpg'><img loading=\"lazy\" decoding=\"async\" width=\"300\" height=\"278\" src=\"https:\/\/www.radiopiu.net\/wordpress\/wp-content\/uploads\/2021\/01\/20210114_163802-300x278.jpg\" class=\"attachment-medium size-medium\" alt=\"\" srcset=\"https:\/\/www.radiopiu.net\/wordpress\/wp-content\/uploads\/2021\/01\/20210114_163802-300x278.jpg 300w, https:\/\/www.radiopiu.net\/wordpress\/wp-content\/uploads\/2021\/01\/20210114_163802.jpg 472w\" sizes=\"auto, (max-width: 300px) 100vw, 300px\" \/><\/a>\n\t\t\t\t<\/dt><\/dl><br style=\"clear: both\" \/>\n\t\t\t<\/div>\n\n<p>&nbsp;<\/p>\n<hr \/>\n<p>&nbsp;<\/p>\n<blockquote>\n<h3>IERI SERA NON E&#8217; STATO EMESSO IL BOLLETTINO DA AZIENDA ZERO, ACCONTENTIAMOCI DI QUELLO DI IERI MATTINA ALLE 8: +2076 POSITIVI, 2145 POSITIVI ATTUALI IN MENO (79285), 101 DECESSI (7785), -119 RICOVERI (2869 in area non critica) -9 TERAPIA INTENSIVA (351), -20 NELLE STRUTTURE DI COMUNITA&#8217; (371).<\/h3>\n<\/blockquote>\n<p>Il Governo dell&#8217;instabilit\u00e0 \u00e8 pronto a varare il nuovo DPCM, potrebbe essere l&#8217;ultimo a firma del Premier Giuseppe Conte. Piste da sci chiuse fino a met\u00e0 febbraio, vietato l&#8217;asporto nei bar, obbligo di quarantena per chi rientra dall&#8217;estero, musei aperti fino a venerdi. Palestre, cinema e teatri chiusi almeno fino al 15 marzo. La collaborazione Governo-Regioni \u00e8 sempre fantastica, infatti anche ieri\u00a0 i Governatori hanno pregato Roma di non mettere in ginocchio un settore, quello dei baristi, gi\u00e0 allo stremo evitando di chiudere all&#8217;asporto dopo le 18. Da Roma la richiesta \u00e8 stata cassata, alla fine Conte ha ordinato la chiusura dopo le 18 con buona pace dei collaborativi presidente delle Regioni che in questa partita ancora una volta dimostrano di avere ben poche voci in capitolo. Gli atleti che arriveranno in Italia, anche a Cortina per i Mondiali, dovranno mostrare un tampone negativo eseguito 48 ore prima dell&#8217;ingresso nel Paese. Ci sar\u00e0 una nuova fascia, quella bianca con libera tutti ma solo con il riscontro di meno di 50 casi ogni 100 mila abitanti.<\/p>\n<blockquote>\n<h3>UN DECESSO IN ULSS 1 DOLOMITI. E&#8217; UN UOMO DI 58 ANNI<\/h3>\n<\/blockquote>\n<p><strong><a href=\"https:\/\/www.radiopiu.net\/wordpress\/giornale-radiopiu-10-marzo-2020-direttore-mirko-mezzacasa\/covid-ulss\/\" rel=\"attachment wp-att-121260\"><img loading=\"lazy\" decoding=\"async\" class=\" wp-image-121260 alignleft\" src=\"https:\/\/www.radiopiu.net\/wordpress\/wp-content\/uploads\/2020\/03\/covid-ulss-300x225.jpg\" alt=\"\" width=\"224\" height=\"168\" srcset=\"https:\/\/www.radiopiu.net\/wordpress\/wp-content\/uploads\/2020\/03\/covid-ulss-300x225.jpg 300w, https:\/\/www.radiopiu.net\/wordpress\/wp-content\/uploads\/2020\/03\/covid-ulss-768x576.jpg 768w, https:\/\/www.radiopiu.net\/wordpress\/wp-content\/uploads\/2020\/03\/covid-ulss.jpg 800w\" sizes=\"auto, (max-width: 224px) 100vw, 224px\" \/><\/a> <\/strong><\/p>\n<p><strong>\u00a0<\/strong><\/p>\n<p><strong>BELLUNO <\/strong>Nelle ultime 24 ore si \u00e8 registrato un decesso in Ulss 1 Dolomiti. Si tratta di un uomo di 58 anni covid positivo che era ricoverato in Rianimazione al San Martino di Belluno. Ha perso la vita in questa tremenda battaglia Maurizio Darman, titolare del mobilificio artigiano di Viale Cadore a Ponte nelle Alpi.<\/p>\n<p>&nbsp;<\/p>\n<p>&nbsp;<\/p>\n<p>&nbsp;<\/p>\n<hr \/>\n<p>&nbsp;<\/p>\n<blockquote>\n<h3><a href=\"https:\/\/www.radiopiu.net\/wordpress\/il-saluto-del-nuovo-prefetto-di-belluno-sergio-bracco\/sergio-bracco\/\" rel=\"attachment wp-att-182384\"><img loading=\"lazy\" decoding=\"async\" class=\" wp-image-182384 alignleft\" src=\"https:\/\/www.radiopiu.net\/wordpress\/wp-content\/uploads\/2020\/12\/SERGIO-BRACCO.jpg\" alt=\"\" width=\"193\" height=\"143\" \/><\/a>IO APRO, LA PROTESTA DI BAR E RISTORATORI, LE ASSOCIAZIONI DI CATEGORIA NON CI STANNO E PRENDONO LE DISTANZE DAI LORO &#8220;CLIENTI&#8221;<\/h3>\n<\/blockquote>\n<p><strong>BELLUNO<\/strong> &#8220;Io apro&#8221; \u00e8 l&#8217;ipotizzata protesta contro le decisioni da DPCM che tengono chiusi i locali e che presto vieteranno anche l&#8217;asporto dopo le 18 ai Bar. Il Prefetto (foto) invita alla prudenza, ad osservare le regole, ci sar\u00e0 tolleranza zero da parte delle Forze dell&#8217;Ordine con controlli intensificati e minaccia di sanzioni. Baristi e ristoratori pronti al flash mob con luci accese e tavoli apparecchiati. Paolo Doglioni presidente dell&#8217;Ascom afferma di capire le grandi difficolt\u00e0 degli imprenditori ma dagli stessi prende le distanze<em> &#8220;le regole &#8211; dice &#8211; vanno rispettate&#8221;.<\/em> Anche la Camera di Commercio si distanzia da coloro che stanno soffrendo tra mancati incassi, bollette da pagare, compresi i conti che presentano puntualmente le associazioni di categoria\u00a0 a proposito Ascom e Camera di Commercio hanno proposto un minimo &#8220;sconto&#8221; sulla tasse per gli associati? Forse \u00e8 pi\u00f9 semplice andare sui mezzi di stampa cercando visibilit\u00e0 con bei discorsi che per\u00f2 non contribuiscono a portare il pane in tavola. Questa sera ci sar\u00e0 chi aprir\u00e0 rischiando la multa (pochi), chi proporr\u00e0 una cena finta per dimostrare le proprie ragioni (tanti)<\/p>\n<blockquote>\n<h3>DILLO A RADIO PIU&#8217;, LETTERA FIRMATA<\/h3>\n<\/blockquote>\n<p><em>Da \u201cil Decreto \u201c\u2018 a \u201cil Silenzio\u201d nuova telenovela alla quale siamo abituati. In tutto questo parlare, c\u2019\u00e8 un gran tacere, quello delle associazioni di categoria che, teoricamente, dovrebbero essere nate per tutelare i loro associati&#8230;ma soprattutto per prevedere quello che potrebbe succedere.\u00a0 Invece no&#8230;.ci troviamo con la grande possibilit\u00e0 che le persone siano alla fame, bar e ristoranti in ginocchio e si legge un prendere le distanze da chi, in modo civile attua la sua protesta. Ecco, l\u2019unico momento in cui era il caso tacere si fanno sentire. \u00c8 sbagliato non rispettare le regole, ma lo \u00e8 altrettanto non far sentire la voce di chi, versando una quota associativa ( che forse non sar\u00e0 pi\u00f9 in grado di pagare) \u00e8 allo stremo. Le persone hanno rispettato le regole e se sono a questo livello c\u2019\u00e8 un motivo.\u00a0 Possono dire che lavorano a livelli alti, ma pare ci sia un\u2019 inconsapevole cecit\u00e0 di fronte al disastro che \u00e8 in corso. Sar\u00e0 un dramma, per tutti, ma al momento il vero dramma \u00e8 la non rappresentazione di chi sta soffrendo.\u00a0<\/em><\/p>\n<p>&nbsp;<\/p>\n<hr \/>\n<p>&nbsp;<\/p>\n<blockquote>\n<blockquote>\n<h3>ANDAMENTO EPIDEMIOLOGICO, I SINDACI INFORMANO<\/h3>\n<\/blockquote>\n<p><span style=\"color: #000000;\"><strong>LA VALLE AGORDINA <\/strong>15 positivi 10 isolamento , <strong>TAIBON <\/strong>17 positivi (-3) 11 isolamento (+-2), <strong>SAN TOMASO<\/strong> 12 positivi (-1) 7 isolamento (-1). <strong>FALCADE <\/strong>48 positivi (-5) 22 isolamento (-11) <strong>CENCENIGHE<\/strong> 29 positivi (da lunedi -12), 34 isolamento <strong>ALLEGHE<\/strong> 7 positivi (-3) , 5 isolamento (-2) <strong>LIVINALLONGO<\/strong> 3 positivi 0 isolamento <strong>AGORDO<\/strong> 74\u00a0 positivi (-4) 47\u00a0 (-9) isolamento <strong>ROCCA PIETORE <\/strong>12 positivi\u00a0 (+1)\u00a0 12 isolamento (-6) <strong>COLLE SANTA LUCIA<\/strong> 2 positivi\u00a0 (0) 1 isolamento (0)<strong> CANALE D&#8217;AGORDO<\/strong> 35 (-16) positivi 24 isolamento (-4) <strong>GOSALDO<\/strong> 4 positivi (+1 da venerdi), 4 isolamento (+3 da venerdi)<\/span><\/p>\n<p>&nbsp;<\/p><\/blockquote>\n<hr \/>\n<p>&nbsp;<\/p>\n<blockquote>\n<h3>SALE LA PROCCUPAZIONE PER L&#8217;OSPEDALE DI AGORDO, DIVERSAMENTE DA FELTRE. CHE SUCCEDERA&#8217; IN RADIOLOGIA? DECISIONI IRREVERSIBILI?<\/h3>\n<\/blockquote>\n<p><strong><a href=\"https:\/\/www.radiopiu.net\/wordpress\/giornale-radio-piu-14-10-direttore-mirko-mezzacasa\/entrata-agordo-300x225\/\" rel=\"attachment wp-att-11952\"><img loading=\"lazy\" decoding=\"async\" class=\"size-medium wp-image-11952 alignleft\" src=\"https:\/\/www.radiopiu.net\/wordpress\/wp-content\/uploads\/2015\/10\/Entrata-Agordo-300x225-300x225.jpg\" alt=\"\" width=\"300\" height=\"225\" \/><\/a>AGORDO<\/strong><\/p>\n<p>di Gianni Santomaso<\/p>\n<audio class=\"wp-audio-shortcode\" id=\"audio-184729-2\" preload=\"none\" style=\"width: 100%;\" controls=\"controls\"><source type=\"audio\/mpeg\" src=\"https:\/\/www.radiopiu.net\/wordpress\/wp-content\/uploads\/2021\/01\/GIANNI-PREOCCUPAZIONE-OSPEDALE-AGORDO.mp3?_=2\" \/><a href=\"https:\/\/www.radiopiu.net\/wordpress\/wp-content\/uploads\/2021\/01\/GIANNI-PREOCCUPAZIONE-OSPEDALE-AGORDO.mp3\">https:\/\/www.radiopiu.net\/wordpress\/wp-content\/uploads\/2021\/01\/GIANNI-PREOCCUPAZIONE-OSPEDALE-AGORDO.mp3<\/a><\/audio>\n<p>&nbsp;<\/p>\n<hr \/>\n<p>&nbsp;<\/p>\n<blockquote>\n<h3>RITROVATO SENZA VITA IL CORPO DELLO SCIALPINISTA SCOMPARSO<\/h3>\n<\/blockquote>\n<p><strong><a href=\"https:\/\/www.radiopiu.net\/wordpress\/ritrovato-senza-vita-il-corpo-dello-scialpinista-scomparso\/salt_20210114_155307_547\/\" rel=\"attachment wp-att-184902\"><img loading=\"lazy\" decoding=\"async\" class=\"size-medium wp-image-184902 alignleft\" src=\"https:\/\/www.radiopiu.net\/wordpress\/wp-content\/uploads\/2021\/01\/salt_20210114_155307_547-300x300.jpg\" alt=\"\" width=\"300\" height=\"300\" srcset=\"https:\/\/www.radiopiu.net\/wordpress\/wp-content\/uploads\/2021\/01\/salt_20210114_155307_547-300x300.jpg 300w, https:\/\/www.radiopiu.net\/wordpress\/wp-content\/uploads\/2021\/01\/salt_20210114_155307_547-1024x1024.jpg 1024w, https:\/\/www.radiopiu.net\/wordpress\/wp-content\/uploads\/2021\/01\/salt_20210114_155307_547-150x150.jpg 150w, https:\/\/www.radiopiu.net\/wordpress\/wp-content\/uploads\/2021\/01\/salt_20210114_155307_547-768x768.jpg 768w, https:\/\/www.radiopiu.net\/wordpress\/wp-content\/uploads\/2021\/01\/salt_20210114_155307_547-1536x1536.jpg 1536w, https:\/\/www.radiopiu.net\/wordpress\/wp-content\/uploads\/2021\/01\/salt_20210114_155307_547.jpg 2048w\" sizes=\"auto, (max-width: 300px) 100vw, 300px\" \/><\/a>LIVINALLONGO <\/strong>\u00c8 stato recuperato poco prima delle 14\u00a0 di ieri il corpo senza vita dello scialpinista Etienne Bernard, 27 anni di Campitello di Fassa,\u00a0 disperso sul gruppo del Sella. \u00c8 stato trovato sotto ad una valanga in fondo al canale del Torrione Roma, lungo il versante verso Arabba, al confine tra Trentino e Veneto. La dinamica dell&#8217;incidente \u00e8 in fase di valutazione. Le ricerche dell&#8217;uomo erano riprese poco prima delle 12. Nonostante la persistenza del vento e il cielo coperto, il tempo in leggero miglioramento ha permesso di effettuare un sorvolo per fare una prima bonifica dall&#8217;alto della valanga, a vista e tramite l&#8217;Artva dell&#8217;elicottero di Trentino Emergenze. La valanga era stata individuata\u00a0 l&#8217;altra notte nella zona del canale Torre Roma dai soccorritori della Stazione Alta Fassa del Soccorso Alpino Trentino e della Stazione di Livinallongo del Soccorso Alpino Veneto, saliti in quota per una ricognizione.\u00a0 ieri, a bordo dell&#8217;elicottero durante il sorvolo c&#8217;erano il Tecnico di Elisoccorso del Soccorso Alpino e Speleologico e un operatore della Stazione Alta Fassa. Dopo l&#8217;esito negativo del sorvolo, l&#8217;elicottero \u00e8 rientrato al passo Pordoi per imbarcare in diverse rotazioni due unit\u00e0 cinofile &#8211; una del Soccorso Alpino e Speleologico Trentino e una del Centro Addestramento Polizia di Stato di Moena &#8211; e sei operatori della Stazione Alta Fassa e Centro Fassa. I soccorritori hanno effettuato la bonifica con i cani, con l&#8217;Artva, le sonde e con il dispositivo Recco. Intorno alle 14 il ritrovamento del corpo senza vita dello scialpinista. Sul posto \u00e8 giunto l&#8217;elicottero del Suem di Pieve di Cadore con l&#8217;equipe medica che ha constatato il decesso del ragazzo. Dopo il nullaosta delle autorit\u00e0, la salma \u00e8 stata trasferita alla camera mortuaria di Canazei.\u00a0 Preziosa la collaborazione con il Soccorso Alpino Veneto, con operatori pronti a passo Pordoi per dare supporto in caso di necessit\u00e0 anche nella giornata di ieri, con le Forze dell&#8217;ordine e con i Vigili del fuoco.<\/p>\n<p>&nbsp;<\/p>\n<p>&nbsp;<\/p>\n<hr \/>\n<p>&nbsp;<\/p>\n<blockquote>\n<h3>PROVINCIALE DEL MIS SEMPRE CHIUSA, TISER LANCIA LA SFIDA AGLI AMMINISTRATORI<\/h3>\n<\/blockquote>\n<p><strong>TAIBON<\/strong> Da inizio dicembre ne sono passati di giorni, nel frattempo sono stati ristrutturati argini, riaperto al traffico le strade regionali, provinciali, comunali e anche qualche sentiero, ma non la provinciale del Mis chiusa perch\u00e9 il torrente ha eroso gli argini mangiandosi parte della strada, ma non tutta da lato a lato. Da allora sono stati messi i cartelli di chiusura. S&#8217;alzano le protesta da una parte dell&#8217;Agordino che agli amministratori locali impartisce una lezione importante in quanto a spopolamento. Non chiacchiere da Tiser, ma numeri. Partite iva e disagi per chi ha deciso di rimanere in montagna. Temerari che meritano rispetto se non altro <a href=\"https:\/\/www.radiopiu.net\/wordpress\/provinciale-del-mis-sempre-chiusa-tiser-lancia-la-sfida-agli-amministratori\/download-1083\/\" rel=\"attachment wp-att-184846\"><img loading=\"lazy\" decoding=\"async\" class=\"size-full wp-image-184846 alignleft\" src=\"https:\/\/www.radiopiu.net\/wordpress\/wp-content\/uploads\/2021\/01\/download-18.jpg\" alt=\"\" width=\"174\" height=\"290\" \/><\/a>perch\u00e9 a tutti i dibattiti non c&#8217;\u00e8 politico che non si riempia la bocca della parola spopolamento in montagna, ma alla prova dei fatti da Tiser viene fatta notare poca attenzione che non conferma le belle idee da conferenza.<\/p>\n<blockquote><p><em>Piu&#8217; di 30 persone hanno firmato la lettera inviata al Presidente della Provincia Roberto Padrin e per conoscenza al Presidente della Regione, ai sindaci di Gosaldo, Sospirolo e Rivamonte ed a Veneto Strade.\u00a0<\/em><\/p><\/blockquote>\n<p><strong>TISER &#8211; GOSALDO <\/strong>Come spesso accade ci troviamo oggi a distanza di molti giorni dagli ultimi eventi alluvionali a dover combattere per il ripristino della vitabilit\u00e0 in Valle del Mis. La strada \u00e8 ancora chiusa al traffico a causa di un breve tratto collassato al 18esimo chilometro, tratto che in attesa dell&#8217;intervento definitivo potrebbe essere almeno e provvisoriamente sistemato a corsia unica con transito a senso unico alternato. La criticit\u00e0 era stata gi\u00e0 evidenziata in occasione degli eventi di Vaia nel sopralluogo dell&#8217;autonno 2018, alla quale per\u00f2 non sono seguiti i lavori, se fatti allora potevano avere minore impatto economico. La vallata di Tiser come tutto il Comune di Gosaldo ha patito un grande spopolamento e le persone rimaste e nuove hanno trovato evidentemente un valore aggiunto che la politica locale stenta ad apprezzare. Le attivit\u00e0 economiche avrebbero maggior riscontro con una viabilit\u00e0 in odine.\u00a0 Oltre alle attivit\u00e0 economiche dell&#8217;immediato circondario si ricorano quelle della parte alta di Gosaldo. Attivit\u00e0 come il progetto Desma per il rilancio di Forcella Aurine; l&#8217;agriturismo azienda agricola Liliana; gli esercizi commerciali storici, ma anche le attivit\u00e0 di Rivamonte e Tiser in totale 13 partite iva: 2 edilizia, 2 lattoneria, 2 disegno industriale, 1 grafico, 1 coltellinaio-arrotino, 1 scultore in legno, 1 attivit\u00e0 di traduzione, 1 commercio ambulante, 3 B&amp;B 1 agriturismo. In questo momento la vallata \u00e8 stata privata del servizio di trasporto pubblico a causa della mancata sicurezza stradale (ci sono ancora danni di Vaia da sistemare lungo la provinciale 2) quindi se manca la sicurezza si dovrebbe intervenire in somma urgenza anche per quei &#8220;temerari&#8221; e obbligati abitanti-lavoratori che a loro rischio e pericolo si muovono con mezzi propri. La strada del Mis \u00e8 stato detto pi\u00f9 volte \u00e8 l&#8217;utile via di sfogo alla regionale 203 agordina quando entra in crisi, spesso percorso per manifestazioni d&#8217;auto d&#8217;epoca, ciclismo e inserita nei circuiti dei motociclisti, italiani e stranieri. Per questo interesse turistico ci dovrebbe essere interesse, almeno il giusto. Con questa lettera pretendiamo che chi ha competenza o meglio se ne arroga l&#8217;onere non sfugga ancora o si nasconda dietro promesse. Piuttosto che proceda speditamente per risolvere la situazione e garantire subito la circolazione stradale in attesa, che sia breve,\u00a0 per soluzioni definitive o che almeno non in condizioni di precariet\u00e0.<\/p>\n<h3>IL PENSIERO DEL PARROCO DON FABIANO<\/h3>\n<blockquote><p><em><a href=\"https:\/\/www.radiopiu.net\/wordpress\/provinciale-del-mis-sempre-chiusa-tiser-lancia-la-sfida-agli-amministratori\/pp-45\/\" rel=\"attachment wp-att-184852\"><img loading=\"lazy\" decoding=\"async\" class=\" wp-image-184852 alignleft\" src=\"https:\/\/www.radiopiu.net\/wordpress\/wp-content\/uploads\/2021\/01\/pp-300x300.jpg\" alt=\"\" width=\"155\" height=\"155\" srcset=\"https:\/\/www.radiopiu.net\/wordpress\/wp-content\/uploads\/2021\/01\/pp-300x300.jpg 300w, https:\/\/www.radiopiu.net\/wordpress\/wp-content\/uploads\/2021\/01\/pp-150x150.jpg 150w, https:\/\/www.radiopiu.net\/wordpress\/wp-content\/uploads\/2021\/01\/pp.jpg 333w\" sizes=\"auto, (max-width: 155px) 100vw, 155px\" \/><\/a>Penso proprio che il nuovo appello degli abitanti di Tiser affinch\u00e9 si tengano presenti le necessit\u00e0 della strada della Valle del Mis, possa essere per il mondo amministrativo e politico una sfida interessante. La si pu\u00f2 accogliere, intervenendo in tutti i modi possibili, oppure la si pu\u00f2 ignorare, continuando a piangerci addosso per i problemi legati allo spopolamento della montagna. Non mi permetto certo di entrare nelle complesse dinamiche gestionali, ma lo sguardo si volge ad un territorio costellato di piccole frazioni dove persone dalle diverse storie e vicende hanno scelto di vivere. E lo fanno con una tenacia encomiabile! Dove anziani chiedono il rispetto per poter continuare a coltivare il legame con le proprie radici. Dove alcuni audaci hanno avviato la loro attivit\u00e0 professionale, credendo nella strada percorsa. Qualcuno potr\u00e0 per l&#8217;ennesima volta dirmi che il prete deve stare in sacrestia&#8230;la Valle del Mis \u00e8 sbocco naturale per la vita e le vicende di una vallata e della sua gente! E le preoccupazioni e le amarezze della propria gente&#8230;giungono al prete&#8230;anche se sta in chiesa! don Fabiano Del Favero, parroco di Tiser<\/em><\/p><\/blockquote>\n<p>&nbsp;<\/p>\n<blockquote>\n<h3>LUCHETTA NON METTE IN DISCUSSIONE LE RAGIONI DEGLI ABITANTI DI TISER &#8220;LA PROVINCIA LAVORA PER DARE QUESTE RISPOSTE&#8221;<\/h3>\n<\/blockquote>\n<p><strong><img loading=\"lazy\" decoding=\"async\" class=\"alignleft\" src=\"https:\/\/www.radiopiu.net\/wordpress\/wp-content\/uploads\/2021\/01\/dodwnload.jpg\" width=\"182\" height=\"136\" \/>TAIBON<\/strong> Il consigliere provinciale con delega alla viabilit\u00e0 Fabio Luchetta risponde alla lettera firmata da oltre 30 persone a Tiser di Gosaldo. Una forma di pacifica protesta per sottolineare come a distanza di tante settimane (inizio dicembre) la provinciale 3 del Mis sia ancora chiusa dopo l&#8217;erosione di parte della carreggiata al 18esimo chilometro (verso Sospirolo).<\/p>\n<p><strong>L&#8217;INTERVENTO DI FABIO LUCHETTA<\/strong><\/p>\n<audio class=\"wp-audio-shortcode\" id=\"audio-184729-3\" preload=\"none\" style=\"width: 100%;\" controls=\"controls\"><source type=\"audio\/mpeg\" src=\"https:\/\/www.radiopiu.net\/wordpress\/wp-content\/uploads\/2021\/01\/FABIO.mp3?_=3\" \/><a href=\"https:\/\/www.radiopiu.net\/wordpress\/wp-content\/uploads\/2021\/01\/FABIO.mp3\">https:\/\/www.radiopiu.net\/wordpress\/wp-content\/uploads\/2021\/01\/FABIO.mp3<\/a><\/audio>\n<p>&nbsp;<\/p>\n<p>DI GIANNI SANTOMASO<\/p>\n<audio class=\"wp-audio-shortcode\" id=\"audio-184729-4\" preload=\"none\" style=\"width: 100%;\" controls=\"controls\"><source type=\"audio\/mpeg\" src=\"https:\/\/www.radiopiu.net\/wordpress\/wp-content\/uploads\/2021\/01\/GIANNI-PROVINCIALE-MIS.mp3?_=4\" \/><a href=\"https:\/\/www.radiopiu.net\/wordpress\/wp-content\/uploads\/2021\/01\/GIANNI-PROVINCIALE-MIS.mp3\">https:\/\/www.radiopiu.net\/wordpress\/wp-content\/uploads\/2021\/01\/GIANNI-PROVINCIALE-MIS.mp3<\/a><\/audio>\n<p>&nbsp;<\/p>\n<p><strong>FOTO GALLERY, SITUAZIONE ATTUALE<\/strong><\/p>\n\n\t\t\t<style type='text\/css'>\n\t\t\t\t#gallery-2 {\n\t\t\t\t\tmargin: auto;\n\t\t\t\t}\n\t\t\t\t#gallery-2 .gallery-item {\n\t\t\t\t\tfloat: left;\n\t\t\t\t\tmargin-top: 10px;\n\t\t\t\t\ttext-align: center;\n\t\t\t\t\twidth: 25%;\n\t\t\t\t}\n\t\t\t\t#gallery-2 img {\n\t\t\t\t\tborder: 2px solid #cfcfcf;\n\t\t\t\t}\n\t\t\t\t#gallery-2 .gallery-caption {\n\t\t\t\t\tmargin-left: 0;\n\t\t\t\t}\n\t\t\t\t\/* see gallery_shortcode() in wp-includes\/media.php *\/\n\t\t\t<\/style>\n\t\t<div id='gallery-2' class='dt-gallery-container gallery galleryid-184729 gallery-columns-4 gallery-size-thumbnail'><dl class='gallery-item'>\n\t\t\t\t<dt class='gallery-icon portrait'>\n\t\t\t\t\t<a class=\"rollover rollover-zoom dt-pswp-item\" title=\"3d47bd5b-b977-43f2-ac99-fa45593b56b5\" data-dt-img-description=\"\" data-large_image_width=\"768\" data-large_image_height=\"1024\"href='https:\/\/www.radiopiu.net\/wordpress\/wp-content\/uploads\/2021\/01\/3d47bd5b-b977-43f2-ac99-fa45593b56b5.jpg'><img loading=\"lazy\" decoding=\"async\" width=\"150\" height=\"150\" src=\"https:\/\/www.radiopiu.net\/wordpress\/wp-content\/uploads\/2021\/01\/3d47bd5b-b977-43f2-ac99-fa45593b56b5-150x150.jpg\" class=\"attachment-thumbnail size-thumbnail\" alt=\"\" \/><\/a>\n\t\t\t\t<\/dt><\/dl><dl class='gallery-item'>\n\t\t\t\t<dt class='gallery-icon portrait'>\n\t\t\t\t\t<a class=\"rollover rollover-zoom dt-pswp-item\" title=\"fd2bd7c9-8114-4a87-906c-abafd03fbb03\" data-dt-img-description=\"\" data-large_image_width=\"768\" data-large_image_height=\"1024\"href='https:\/\/www.radiopiu.net\/wordpress\/wp-content\/uploads\/2021\/01\/fd2bd7c9-8114-4a87-906c-abafd03fbb03.jpg'><img loading=\"lazy\" decoding=\"async\" width=\"150\" height=\"150\" src=\"https:\/\/www.radiopiu.net\/wordpress\/wp-content\/uploads\/2021\/01\/fd2bd7c9-8114-4a87-906c-abafd03fbb03-150x150.jpg\" class=\"attachment-thumbnail size-thumbnail\" alt=\"\" \/><\/a>\n\t\t\t\t<\/dt><\/dl><dl class='gallery-item'>\n\t\t\t\t<dt class='gallery-icon landscape'>\n\t\t\t\t\t<a class=\"rollover rollover-zoom dt-pswp-item\" title=\"e3f05d97-d428-414e-ab01-2f63fd0de8db\" data-dt-img-description=\"\" data-large_image_width=\"1024\" data-large_image_height=\"768\"href='https:\/\/www.radiopiu.net\/wordpress\/wp-content\/uploads\/2021\/01\/e3f05d97-d428-414e-ab01-2f63fd0de8db.jpg'><img loading=\"lazy\" decoding=\"async\" width=\"150\" height=\"150\" src=\"https:\/\/www.radiopiu.net\/wordpress\/wp-content\/uploads\/2021\/01\/e3f05d97-d428-414e-ab01-2f63fd0de8db-150x150.jpg\" class=\"attachment-thumbnail size-thumbnail\" alt=\"\" \/><\/a>\n\t\t\t\t<\/dt><\/dl><dl class='gallery-item'>\n\t\t\t\t<dt class='gallery-icon landscape'>\n\t\t\t\t\t<a class=\"rollover rollover-zoom dt-pswp-item\" title=\"12319eb4-0726-4d80-ab23-8fb47782119f\" data-dt-img-description=\"\" data-large_image_width=\"1024\" data-large_image_height=\"768\"href='https:\/\/www.radiopiu.net\/wordpress\/wp-content\/uploads\/2021\/01\/12319eb4-0726-4d80-ab23-8fb47782119f.jpg'><img loading=\"lazy\" decoding=\"async\" width=\"150\" height=\"150\" src=\"https:\/\/www.radiopiu.net\/wordpress\/wp-content\/uploads\/2021\/01\/12319eb4-0726-4d80-ab23-8fb47782119f-150x150.jpg\" class=\"attachment-thumbnail size-thumbnail\" alt=\"\" \/><\/a>\n\t\t\t\t<\/dt><\/dl><br style=\"clear: both\" \/><dl class='gallery-item'>\n\t\t\t\t<dt class='gallery-icon portrait'>\n\t\t\t\t\t<a class=\"rollover rollover-zoom dt-pswp-item\" title=\"c4cfc743-7933-4d99-a6e2-f08763a04bcf\" data-dt-img-description=\"\" data-large_image_width=\"614\" data-large_image_height=\"1024\"href='https:\/\/www.radiopiu.net\/wordpress\/wp-content\/uploads\/2021\/01\/c4cfc743-7933-4d99-a6e2-f08763a04bcf.jpg'><img loading=\"lazy\" decoding=\"async\" width=\"150\" height=\"150\" src=\"https:\/\/www.radiopiu.net\/wordpress\/wp-content\/uploads\/2021\/01\/c4cfc743-7933-4d99-a6e2-f08763a04bcf-150x150.jpg\" class=\"attachment-thumbnail size-thumbnail\" alt=\"\" \/><\/a>\n\t\t\t\t<\/dt><\/dl><dl class='gallery-item'>\n\t\t\t\t<dt class='gallery-icon landscape'>\n\t\t\t\t\t<a class=\"rollover rollover-zoom dt-pswp-item\" title=\"cd3bcc78-19c7-4791-bf09-ecb3f8481765\" data-dt-img-description=\"\" data-large_image_width=\"1024\" data-large_image_height=\"768\"href='https:\/\/www.radiopiu.net\/wordpress\/wp-content\/uploads\/2021\/01\/cd3bcc78-19c7-4791-bf09-ecb3f8481765.jpg'><img loading=\"lazy\" decoding=\"async\" width=\"150\" height=\"150\" src=\"https:\/\/www.radiopiu.net\/wordpress\/wp-content\/uploads\/2021\/01\/cd3bcc78-19c7-4791-bf09-ecb3f8481765-150x150.jpg\" class=\"attachment-thumbnail size-thumbnail\" alt=\"\" \/><\/a>\n\t\t\t\t<\/dt><\/dl><dl class='gallery-item'>\n\t\t\t\t<dt class='gallery-icon portrait'>\n\t\t\t\t\t<a class=\"rollover rollover-zoom dt-pswp-item\" title=\"9debaf0e-090f-42a6-a495-5547e454f78f\" data-dt-img-description=\"\" data-large_image_width=\"768\" data-large_image_height=\"1024\"href='https:\/\/www.radiopiu.net\/wordpress\/wp-content\/uploads\/2021\/01\/9debaf0e-090f-42a6-a495-5547e454f78f.jpg'><img loading=\"lazy\" decoding=\"async\" width=\"150\" height=\"150\" src=\"https:\/\/www.radiopiu.net\/wordpress\/wp-content\/uploads\/2021\/01\/9debaf0e-090f-42a6-a495-5547e454f78f-150x150.jpg\" class=\"attachment-thumbnail size-thumbnail\" alt=\"\" \/><\/a>\n\t\t\t\t<\/dt><\/dl><dl class='gallery-item'>\n\t\t\t\t<dt class='gallery-icon landscape'>\n\t\t\t\t\t<a class=\"rollover rollover-zoom dt-pswp-item\" title=\"d83dbe75-9f92-424a-8494-62905975581b\" data-dt-img-description=\"\" data-large_image_width=\"1024\" data-large_image_height=\"768\"href='https:\/\/www.radiopiu.net\/wordpress\/wp-content\/uploads\/2021\/01\/d83dbe75-9f92-424a-8494-62905975581b.jpg'><img loading=\"lazy\" decoding=\"async\" width=\"150\" height=\"150\" src=\"https:\/\/www.radiopiu.net\/wordpress\/wp-content\/uploads\/2021\/01\/d83dbe75-9f92-424a-8494-62905975581b-150x150.jpg\" class=\"attachment-thumbnail size-thumbnail\" alt=\"\" \/><\/a>\n\t\t\t\t<\/dt><\/dl><br style=\"clear: both\" \/>\n\t\t\t<\/div>\n\n<p>&nbsp;<\/p>\n<hr \/>\n<p>&nbsp;<\/p>\n<blockquote>\n<h3>ANCHE I SINDACI DELLA VALLE DEL BIOIS HANNO INVIATO LE RICHIESTE PER IL BANDO POST VAIA 2021<\/h3>\n<\/blockquote>\n<p><strong><a href=\"https:\/\/www.radiopiu.net\/wordpress\/anche-i-sindaci-della-valle-del-biois-hanno-inviato-le-richieste-per-il-bando-post-vaia-2021\/124119016_10157758985622544_7726827436924287071_o-2\/\" rel=\"attachment wp-att-184908\"><img loading=\"lazy\" decoding=\"async\" class=\"size-medium wp-image-184908 alignleft\" src=\"https:\/\/www.radiopiu.net\/wordpress\/wp-content\/uploads\/2021\/01\/124119016_10157758985622544_7726827436924287071_o-225x300.jpg\" alt=\"\" width=\"225\" height=\"300\" srcset=\"https:\/\/www.radiopiu.net\/wordpress\/wp-content\/uploads\/2021\/01\/124119016_10157758985622544_7726827436924287071_o-225x300.jpg 225w, https:\/\/www.radiopiu.net\/wordpress\/wp-content\/uploads\/2021\/01\/124119016_10157758985622544_7726827436924287071_o-768x1024.jpg 768w, https:\/\/www.radiopiu.net\/wordpress\/wp-content\/uploads\/2021\/01\/124119016_10157758985622544_7726827436924287071_o-1152x1536.jpg 1152w, https:\/\/www.radiopiu.net\/wordpress\/wp-content\/uploads\/2021\/01\/124119016_10157758985622544_7726827436924287071_o.jpg 1200w\" sizes=\"auto, (max-width: 225px) 100vw, 225px\" \/><\/a>VALLE DEL BIOIS<\/strong><\/p>\n<p>di Gianni Santomaso<\/p>\n<audio class=\"wp-audio-shortcode\" id=\"audio-184729-5\" preload=\"none\" style=\"width: 100%;\" controls=\"controls\"><source type=\"audio\/mpeg\" src=\"https:\/\/www.radiopiu.net\/wordpress\/wp-content\/uploads\/2021\/01\/GIANNI-POST-VAIA-VALLE-DEL-BIOIS.mp3?_=5\" \/><a href=\"https:\/\/www.radiopiu.net\/wordpress\/wp-content\/uploads\/2021\/01\/GIANNI-POST-VAIA-VALLE-DEL-BIOIS.mp3\">https:\/\/www.radiopiu.net\/wordpress\/wp-content\/uploads\/2021\/01\/GIANNI-POST-VAIA-VALLE-DEL-BIOIS.mp3<\/a><\/audio>\n<p>&nbsp;<\/p>\n<p><strong>LE RICHIESTE DEL COMUNE DI CANALE D&#8217;AGORDO<\/strong><\/p>\n<audio class=\"wp-audio-shortcode\" id=\"audio-184729-6\" preload=\"none\" style=\"width: 100%;\" controls=\"controls\"><source type=\"audio\/mpeg\" src=\"https:\/\/www.radiopiu.net\/wordpress\/wp-content\/uploads\/2021\/01\/GIANNI-POST-VAIA-CANALE.mp3?_=6\" \/><a href=\"https:\/\/www.radiopiu.net\/wordpress\/wp-content\/uploads\/2021\/01\/GIANNI-POST-VAIA-CANALE.mp3\">https:\/\/www.radiopiu.net\/wordpress\/wp-content\/uploads\/2021\/01\/GIANNI-POST-VAIA-CANALE.mp3<\/a><\/audio>\n<p>&nbsp;<\/p>\n<hr \/>\n<p>&nbsp;<\/p>\n<blockquote>\n<h3>IL PREFETTO S&#8217;INCHINA AI CADUTI<\/h3>\n<\/blockquote>\n<p align=\"JUSTIFY\"><span style=\"font-family: Calibri, serif;\"><span style=\"font-size: medium;\"><strong>BELLUNO<\/strong> Il Prefetto di Belluno, Sergio Bracco, a seguito del suo insediamento a Belluno, ha reso omaggio ai caduti delle guerre con la deposizione della corona al monumento commemorativo di Piazza dei Martiri a Belluno alla presenza del Sindaco di Belluno, del Presidente della Provincia e dei vertici delle Forze dell\u2019Ordine.<\/span><\/span><\/p>\n\n\t\t\t<style type='text\/css'>\n\t\t\t\t#gallery-3 {\n\t\t\t\t\tmargin: auto;\n\t\t\t\t}\n\t\t\t\t#gallery-3 .gallery-item {\n\t\t\t\t\tfloat: left;\n\t\t\t\t\tmargin-top: 10px;\n\t\t\t\t\ttext-align: center;\n\t\t\t\t\twidth: 33%;\n\t\t\t\t}\n\t\t\t\t#gallery-3 img {\n\t\t\t\t\tborder: 2px solid #cfcfcf;\n\t\t\t\t}\n\t\t\t\t#gallery-3 .gallery-caption {\n\t\t\t\t\tmargin-left: 0;\n\t\t\t\t}\n\t\t\t\t\/* see gallery_shortcode() in wp-includes\/media.php *\/\n\t\t\t<\/style>\n\t\t<div id='gallery-3' class='dt-gallery-container gallery galleryid-184729 gallery-columns-3 gallery-size-thumbnail'><dl class='gallery-item'>\n\t\t\t\t<dt class='gallery-icon landscape'>\n\t\t\t\t\t<a class=\"rollover rollover-zoom dt-pswp-item\" title=\"Cerimonia Caduti - Piazza dei Martiri - 14 01 2021 (1)\" data-dt-img-description=\"\" data-large_image_width=\"2560\" data-large_image_height=\"1707\"href='https:\/\/www.radiopiu.net\/wordpress\/wp-content\/uploads\/2021\/01\/Cerimonia-Caduti-Piazza-dei-Martiri-14-01-2021-1-scaled.jpg'><img loading=\"lazy\" decoding=\"async\" width=\"150\" height=\"150\" src=\"https:\/\/www.radiopiu.net\/wordpress\/wp-content\/uploads\/2021\/01\/Cerimonia-Caduti-Piazza-dei-Martiri-14-01-2021-1-150x150.jpg\" class=\"attachment-thumbnail size-thumbnail\" alt=\"\" \/><\/a>\n\t\t\t\t<\/dt><\/dl><dl class='gallery-item'>\n\t\t\t\t<dt class='gallery-icon landscape'>\n\t\t\t\t\t<a class=\"rollover rollover-zoom dt-pswp-item\" title=\"Cerimonia Caduti - Piazza dei Martiri - 14 01 2021 (2)\" data-dt-img-description=\"\" data-large_image_width=\"2560\" data-large_image_height=\"1707\"href='https:\/\/www.radiopiu.net\/wordpress\/wp-content\/uploads\/2021\/01\/Cerimonia-Caduti-Piazza-dei-Martiri-14-01-2021-2-scaled.jpg'><img loading=\"lazy\" decoding=\"async\" width=\"150\" height=\"150\" src=\"https:\/\/www.radiopiu.net\/wordpress\/wp-content\/uploads\/2021\/01\/Cerimonia-Caduti-Piazza-dei-Martiri-14-01-2021-2-150x150.jpg\" class=\"attachment-thumbnail size-thumbnail\" alt=\"\" \/><\/a>\n\t\t\t\t<\/dt><\/dl><dl class='gallery-item'>\n\t\t\t\t<dt class='gallery-icon landscape'>\n\t\t\t\t\t<a class=\"rollover rollover-zoom dt-pswp-item\" title=\"Cerimonia Caduti - Piazza dei Martiri - 14 01 2021 (3)\" data-dt-img-description=\"\" data-large_image_width=\"2560\" data-large_image_height=\"1707\"href='https:\/\/www.radiopiu.net\/wordpress\/wp-content\/uploads\/2021\/01\/Cerimonia-Caduti-Piazza-dei-Martiri-14-01-2021-3-scaled.jpg'><img loading=\"lazy\" decoding=\"async\" width=\"150\" height=\"150\" src=\"https:\/\/www.radiopiu.net\/wordpress\/wp-content\/uploads\/2021\/01\/Cerimonia-Caduti-Piazza-dei-Martiri-14-01-2021-3-150x150.jpg\" class=\"attachment-thumbnail size-thumbnail\" alt=\"\" \/><\/a>\n\t\t\t\t<\/dt><\/dl><br style=\"clear: both\" \/>\n\t\t\t<\/div>\n\n<p>&nbsp;<\/p>\n<hr \/>\n<p>&nbsp;<\/p>\n<blockquote>\n<h3>VIGILI DEL FUOCO SULLE AUTO SCALE<\/h3>\n<\/blockquote>\n<h3>Ancora interventi per la grande nevicata di gennaio, in azione i vigili del fuoco di Agordo e i volontari di Colle Santa Lucia. Lavori di rimozione di lastre di ghiaccio e carichi di neve pericolosi dalla sede del comune Colle di Santa Lucia.<\/h3>\n\n\t\t\t<style type='text\/css'>\n\t\t\t\t#gallery-4 {\n\t\t\t\t\tmargin: auto;\n\t\t\t\t}\n\t\t\t\t#gallery-4 .gallery-item {\n\t\t\t\t\tfloat: left;\n\t\t\t\t\tmargin-top: 10px;\n\t\t\t\t\ttext-align: center;\n\t\t\t\t\twidth: 25%;\n\t\t\t\t}\n\t\t\t\t#gallery-4 img {\n\t\t\t\t\tborder: 2px solid #cfcfcf;\n\t\t\t\t}\n\t\t\t\t#gallery-4 .gallery-caption {\n\t\t\t\t\tmargin-left: 0;\n\t\t\t\t}\n\t\t\t\t\/* see gallery_shortcode() in wp-includes\/media.php *\/\n\t\t\t<\/style>\n\t\t<div id='gallery-4' class='dt-gallery-container gallery galleryid-184729 gallery-columns-4 gallery-size-thumbnail'><dl class='gallery-item'>\n\t\t\t\t<dt class='gallery-icon portrait'>\n\t\t\t\t\t<a class=\"rollover rollover-zoom dt-pswp-item\" title=\"f3606bd9-4a06-4b85-8e10-b550c6c5aad9\" data-dt-img-description=\"\" data-large_image_width=\"1066\" data-large_image_height=\"1600\"href='https:\/\/www.radiopiu.net\/wordpress\/wp-content\/uploads\/2021\/01\/f3606bd9-4a06-4b85-8e10-b550c6c5aad9.jpg'><img loading=\"lazy\" decoding=\"async\" width=\"150\" height=\"150\" src=\"https:\/\/www.radiopiu.net\/wordpress\/wp-content\/uploads\/2021\/01\/f3606bd9-4a06-4b85-8e10-b550c6c5aad9-150x150.jpg\" class=\"attachment-thumbnail size-thumbnail\" alt=\"\" \/><\/a>\n\t\t\t\t<\/dt><\/dl><dl class='gallery-item'>\n\t\t\t\t<dt class='gallery-icon portrait'>\n\t\t\t\t\t<a class=\"rollover rollover-zoom dt-pswp-item\" title=\"07363c83-8069-44bb-9114-f8d494a8fdd4\" data-dt-img-description=\"\" data-large_image_width=\"1066\" data-large_image_height=\"1600\"href='https:\/\/www.radiopiu.net\/wordpress\/wp-content\/uploads\/2021\/01\/07363c83-8069-44bb-9114-f8d494a8fdd4.jpg'><img loading=\"lazy\" decoding=\"async\" width=\"150\" height=\"150\" src=\"https:\/\/www.radiopiu.net\/wordpress\/wp-content\/uploads\/2021\/01\/07363c83-8069-44bb-9114-f8d494a8fdd4-150x150.jpg\" class=\"attachment-thumbnail size-thumbnail\" alt=\"\" \/><\/a>\n\t\t\t\t<\/dt><\/dl><dl class='gallery-item'>\n\t\t\t\t<dt class='gallery-icon portrait'>\n\t\t\t\t\t<a class=\"rollover rollover-zoom dt-pswp-item\" title=\"faf8a882-e869-4eee-8ae1-976d84ef4fa4\" data-dt-img-description=\"\" data-large_image_width=\"1066\" data-large_image_height=\"1600\"href='https:\/\/www.radiopiu.net\/wordpress\/wp-content\/uploads\/2021\/01\/faf8a882-e869-4eee-8ae1-976d84ef4fa4.jpg'><img loading=\"lazy\" decoding=\"async\" width=\"150\" height=\"150\" src=\"https:\/\/www.radiopiu.net\/wordpress\/wp-content\/uploads\/2021\/01\/faf8a882-e869-4eee-8ae1-976d84ef4fa4-150x150.jpg\" class=\"attachment-thumbnail size-thumbnail\" alt=\"\" \/><\/a>\n\t\t\t\t<\/dt><\/dl><dl class='gallery-item'>\n\t\t\t\t<dt class='gallery-icon portrait'>\n\t\t\t\t\t<a class=\"rollover rollover-zoom dt-pswp-item\" title=\"20d668ee-2bee-4dd2-a71d-d7fc81ff019e\" data-dt-img-description=\"\" data-large_image_width=\"900\" data-large_image_height=\"1352\"href='https:\/\/www.radiopiu.net\/wordpress\/wp-content\/uploads\/2021\/01\/20d668ee-2bee-4dd2-a71d-d7fc81ff019e.jpg'><img loading=\"lazy\" decoding=\"async\" width=\"150\" height=\"150\" src=\"https:\/\/www.radiopiu.net\/wordpress\/wp-content\/uploads\/2021\/01\/20d668ee-2bee-4dd2-a71d-d7fc81ff019e-150x150.jpg\" class=\"attachment-thumbnail size-thumbnail\" alt=\"\" \/><\/a>\n\t\t\t\t<\/dt><\/dl><br style=\"clear: both\" \/>\n\t\t\t<\/div>\n\n<blockquote>\n<h3>SUL TETTO PER SPEGNERE IL CAMINO<\/h3>\n<\/blockquote>\n<p><strong>SEREN DELGRAPPA<\/strong>\u00a0 intervento ieri pomeriggio per il vigili del fuoco di Feltre nella frazione di Rasai, un&#8217;ostruzione della canna fumaria ha creato il tipico surriscaldamento, i pompieri hanno hanno rimosso l&#8217;ostruzione dalla canna fumaria, l&#8217;hanno ripulita e hanno verificato la zona delle tetto per scongiurare possibili problemi dato che la copertura dell&#8217;edificio \u00e8 in legno. Il caminetto \u00e8 stato dichiarato inagibile ma tutto il resto dell&#8217;abitazione non ha riportato danni.<\/p>\n<p>&nbsp;<\/p>\n<blockquote>\n<h3>SOCCORSA UN&#8217;ANZIANA E AUTO IMPANTANATA<\/h3>\n<\/blockquote>\n<p><strong>BELLUNO<\/strong> Altri due interventi dei vigili del fuoco che in via Piave hanno soccorso un&#8217;anziana caduta tra le mura domestiche, la badante ha chiesto aiuto ai pompieri. Alle 8 di ieri mattina i vigili del fuoco sono invece intervenuti per un&#8217;auto bloccata nella neve in zona Telva.<\/p>\n<hr \/>\n<p>&nbsp;<\/p>\n<p>&nbsp;<\/p>\n<blockquote class=\"wp-embedded-content\" data-secret=\"ALAK2riOuK\"><p><a href=\"https:\/\/www.radiopiu.net\/wordpress\/tirataie\/\">#CORONA VIDEO, L&#8217;EP DEI TIRATAIE<\/a><\/p><\/blockquote>\n<p><iframe loading=\"lazy\" class=\"wp-embedded-content\" sandbox=\"allow-scripts\" security=\"restricted\" style=\"position: absolute; clip: rect(1px, 1px, 1px, 1px);\" title=\"&#8220;#CORONA VIDEO, L&#8217;EP DEI TIRATAIE&#8221; &#8212; Radio Pi\u00f9\" src=\"https:\/\/www.radiopiu.net\/wordpress\/tirataie\/embed\/#?secret=ALAK2riOuK\" data-secret=\"ALAK2riOuK\" width=\"600\" height=\"338\" frameborder=\"0\" marginwidth=\"0\" marginheight=\"0\" scrolling=\"no\"><\/iframe><\/p>\n<p>&nbsp;<\/p>\n<hr \/>\n<p>&nbsp;<\/p>\n<blockquote>\n<h3>DILLO A RADIO PIU&#8230; PODENZOI ABBANDONATO DALL&#8217;AMMINISTRAZIONE COMUNALE<\/h3>\n<\/blockquote>\n<p><strong>TAIBON\u00a0<\/strong> Riceviamo dagli abitanti di Podenzoi una lettera aperta rivolta all&#8217;amministrazione comunale, volentieri pubblichiamo.<\/p>\n<blockquote><p><a href=\"https:\/\/www.radiopiu.net\/wordpress\/dillo-a-radio-piu-podenzoi-abbandonato-dallamministrazione-comunale\/download-1085\/\" rel=\"attachment wp-att-184979\"><img loading=\"lazy\" decoding=\"async\" class=\"size-full wp-image-184979 alignleft\" src=\"https:\/\/www.radiopiu.net\/wordpress\/wp-content\/uploads\/2021\/01\/download-20.jpg\" alt=\"\" width=\"240\" height=\"197\" \/><\/a><strong>LONGARONE<\/strong> <em>L&#8217;argomento di discussione dei cittadini di Podenzoi che si sono riuniti nel rispetto delle misure anti-covid. La storica slavina di &#8216;Cima dell&#8217;albero&#8217; ha provocato la chiusura della strada comunale Podenzoi-Olantreghe costringendo gli abitanti della frazione a percorrere la strada di Santa Chiara per scendere direttamente a Longarone come disposto dall&#8217;ordinanza comunale n.1 del 02\/01\/2021. Lungo questa strada per\u00f2, non possono transitare i mezzi pubblici come ad esempio l&#8217;autobus o la corriera per il trasporto degli alunni e i camion per la raccolta dei rifiuti, provocando grandi disagi sulla popolazione e soprattutto penalizzando la parte pi\u00f9 preziosa per il futuro di un paese: i ragazzi. Il trasporto scolastico dei 16 alunni \u00e8 stato sospeso dal 07 Gennaio lasciando ai soli genitori la responsabilit\u00e0 di gestire gli spostamenti. Sollecitati pi\u00f9 volte Sindaco e giunta, ad oggi, non si hanno risposte esaustive. A stupire e preoccupare \u00e8 soprattutto la mancanza di comunicazione da parte del Comune; ancor peggio, dopo l&#8217;incontro di luned\u00ec 11\/01\/2021 sollecitato dai genitori dei ragazzi, ci si \u00e8 resi conto che nessuno ancora aveva preso in mano la situazione. Vista la pericolosit\u00e0 della strada di Santa Chiara chiediamo una migliore gestione nella regolazione del traffico soprattutto in prossimit\u00e0 della scuola materna Angelina Lauro e di renderla il pi\u00f9 possibile sicura mantenendo la pulizia del fondo stradale. La cosa che pi\u00f9 ci fa arrabbiare \u00e8 la totale sordit\u00e0 di questa amministrazione di fronte alle numerose richieste dei cittadini che, da almeno 10 anni, spingono per la sistemazione e la messa in sicurezza della strada di collegamento Longarone-Podenzoi realizzata appositamente per non lasciare il paese isolato in caso di chiusura della comunale per Olantreghe, l&#8217;unica via d&#8217;accesso che garantisce alla popolazione i servizi essenziali in sicurezza. Inoltre, ci domandiamo quali siano le intenzioni dell&#8217;amministrazione per quanto <\/em><em>riguarda la riapertura della strada comunale Podenzoi-Olantreghe. E&#8217; inutile incentivare a parole giovani e famiglie a stabilizzarsi nei paesi di montagna quando essi stessi vengono abbandonati nei momenti di bisogno nei quali ci si aspetta che le amministrazioni pubbliche tutelino la popolazione che con <\/em><em>caparbiet\u00e0 sceglie di vivere nei luoghi pi\u00f9 disagiati.<\/em><\/p>\n<blockquote><p><strong>gli abitanti di Podenzoi\u00a0<\/strong><\/p>\n<h1><a class=\"dt-pswp-item\" href=\"https:\/\/www.radiopiu.net\/wordpress\/wp-content\/uploads\/2020\/05\/PADRIN.jpg\" data-dt-img-description=\"\" data-large_image_width=\"945\" data-large_image_height=\"1417\"><img loading=\"lazy\" decoding=\"async\" class=\" wp-image-134835 alignleft\" src=\"https:\/\/www.radiopiu.net\/wordpress\/wp-content\/uploads\/2020\/05\/PADRIN-200x300.jpg\" alt=\"\" width=\"119\" height=\"179\" srcset=\"https:\/\/www.radiopiu.net\/wordpress\/wp-content\/uploads\/2020\/05\/PADRIN-200x300.jpg 200w, https:\/\/www.radiopiu.net\/wordpress\/wp-content\/uploads\/2020\/05\/PADRIN-683x1024.jpg 683w, https:\/\/www.radiopiu.net\/wordpress\/wp-content\/uploads\/2020\/05\/PADRIN-768x1152.jpg 768w, https:\/\/www.radiopiu.net\/wordpress\/wp-content\/uploads\/2020\/05\/PADRIN.jpg 945w\" sizes=\"auto, (max-width: 119px) 100vw, 119px\" \/><\/a><\/h1>\n<h1><\/h1>\n<h1>LA RISPOSTA DI ROBERTO PADRIN, SINDACO DI LONGARONE<\/h1>\n<\/blockquote>\n<audio class=\"wp-audio-shortcode\" id=\"audio-184729-7\" preload=\"none\" style=\"width: 100%;\" controls=\"controls\"><source type=\"audio\/mpeg\" src=\"https:\/\/www.radiopiu.net\/wordpress\/wp-content\/uploads\/2021\/01\/PADRIN.mp3?_=7\" \/><a href=\"https:\/\/www.radiopiu.net\/wordpress\/wp-content\/uploads\/2021\/01\/PADRIN.mp3\">https:\/\/www.radiopiu.net\/wordpress\/wp-content\/uploads\/2021\/01\/PADRIN.mp3<\/a><\/audio>\n<p>&nbsp;<\/p><\/blockquote>\n<p>&nbsp;<\/p>\n<p>&nbsp;<\/p>\n<p>&nbsp;<\/p>\n<hr \/>\n<p>&nbsp;<\/p>\n<blockquote class=\"wp-embedded-content\" data-secret=\"0Bk9KY1fUg\"><p><a href=\"https:\/\/www.radiopiu.net\/wordpress\/agg-gen14\/\">CORONAVIRUS: AGGIORNAMENTO NAZIONALE 14 GENNAIO 2021<\/a><\/p><\/blockquote>\n<p><iframe loading=\"lazy\" class=\"wp-embedded-content\" sandbox=\"allow-scripts\" security=\"restricted\" style=\"position: absolute; clip: rect(1px, 1px, 1px, 1px);\" title=\"&#8220;CORONAVIRUS: AGGIORNAMENTO NAZIONALE 14 GENNAIO 2021&#8221; &#8212; Radio Pi\u00f9\" src=\"https:\/\/www.radiopiu.net\/wordpress\/agg-gen14\/embed\/#?secret=0Bk9KY1fUg\" data-secret=\"0Bk9KY1fUg\" width=\"600\" height=\"338\" frameborder=\"0\" marginwidth=\"0\" marginheight=\"0\" scrolling=\"no\"><\/iframe><\/p>\n<p>&nbsp;<\/p>\n<hr \/>\n<p>&nbsp;<\/p>\n<blockquote>\n<h3>IL BOLLETTINO DI IERI MATTINA ALLE 8, QUELLO SERALE NON E&#8217; MAI STATO RESTO NOTO<\/h3>\n<\/blockquote>\n<blockquote class=\"wp-embedded-content\" data-secret=\"NZiDLpyuLZ\"><p><a href=\"https:\/\/www.radiopiu.net\/wordpress\/nelle-ultime-24-ore-oltre-100-decessi-ricoveri-in-calo-per-il-14esimo-giorno\/\">NELLE ULTIME 24 ORE OLTRE 100 DECESSI, RICOVERI IN CALO PER IL 14ESIMO GIORNO<\/a><\/p><\/blockquote>\n<p><iframe loading=\"lazy\" class=\"wp-embedded-content\" sandbox=\"allow-scripts\" security=\"restricted\" style=\"position: absolute; clip: rect(1px, 1px, 1px, 1px);\" title=\"&#8220;NELLE ULTIME 24 ORE OLTRE 100 DECESSI, RICOVERI IN CALO PER IL 14ESIMO GIORNO&#8221; &#8212; Radio Pi\u00f9\" src=\"https:\/\/www.radiopiu.net\/wordpress\/nelle-ultime-24-ore-oltre-100-decessi-ricoveri-in-calo-per-il-14esimo-giorno\/embed\/#?secret=NZiDLpyuLZ\" data-secret=\"NZiDLpyuLZ\" width=\"600\" height=\"338\" frameborder=\"0\" marginwidth=\"0\" marginheight=\"0\" scrolling=\"no\"><\/iframe><\/p>\n<p>&nbsp;<\/p>\n<hr \/>\n<p>&nbsp;<\/p>\n<blockquote>\n<h3>I GRAFICI DI TIZIANO DE COL<\/h3>\n<\/blockquote>\n\n\t\t\t<style type='text\/css'>\n\t\t\t\t#gallery-5 {\n\t\t\t\t\tmargin: auto;\n\t\t\t\t}\n\t\t\t\t#gallery-5 .gallery-item {\n\t\t\t\t\tfloat: left;\n\t\t\t\t\tmargin-top: 10px;\n\t\t\t\t\ttext-align: center;\n\t\t\t\t\twidth: 25%;\n\t\t\t\t}\n\t\t\t\t#gallery-5 img {\n\t\t\t\t\tborder: 2px solid #cfcfcf;\n\t\t\t\t}\n\t\t\t\t#gallery-5 .gallery-caption {\n\t\t\t\t\tmargin-left: 0;\n\t\t\t\t}\n\t\t\t\t\/* see gallery_shortcode() in wp-includes\/media.php *\/\n\t\t\t<\/style>\n\t\t<div id='gallery-5' class='dt-gallery-container gallery galleryid-184729 gallery-columns-4 gallery-size-medium'><dl class='gallery-item'>\n\t\t\t\t<dt class='gallery-icon landscape'>\n\t\t\t\t\t<a class=\"rollover rollover-zoom dt-pswp-item\" title=\"3a0c15b1-232d-4e0b-b054-738ee89eda4e\" data-dt-img-description=\"\" data-large_image_width=\"600\" data-large_image_height=\"356\"href='https:\/\/www.radiopiu.net\/wordpress\/wp-content\/uploads\/2021\/01\/3a0c15b1-232d-4e0b-b054-738ee89eda4e.jpg'><img loading=\"lazy\" decoding=\"async\" width=\"300\" height=\"178\" src=\"https:\/\/www.radiopiu.net\/wordpress\/wp-content\/uploads\/2021\/01\/3a0c15b1-232d-4e0b-b054-738ee89eda4e-300x178.jpg\" class=\"attachment-medium size-medium\" alt=\"\" srcset=\"https:\/\/www.radiopiu.net\/wordpress\/wp-content\/uploads\/2021\/01\/3a0c15b1-232d-4e0b-b054-738ee89eda4e-300x178.jpg 300w, https:\/\/www.radiopiu.net\/wordpress\/wp-content\/uploads\/2021\/01\/3a0c15b1-232d-4e0b-b054-738ee89eda4e.jpg 600w\" sizes=\"auto, (max-width: 300px) 100vw, 300px\" \/><\/a>\n\t\t\t\t<\/dt><\/dl><dl class='gallery-item'>\n\t\t\t\t<dt class='gallery-icon landscape'>\n\t\t\t\t\t<a class=\"rollover rollover-zoom dt-pswp-item\" title=\"2bfb4323-3ff7-495c-b4f6-dce34143fd61\" data-dt-img-description=\"\" data-large_image_width=\"600\" data-large_image_height=\"356\"href='https:\/\/www.radiopiu.net\/wordpress\/wp-content\/uploads\/2021\/01\/2bfb4323-3ff7-495c-b4f6-dce34143fd61.jpg'><img loading=\"lazy\" decoding=\"async\" width=\"300\" height=\"178\" src=\"https:\/\/www.radiopiu.net\/wordpress\/wp-content\/uploads\/2021\/01\/2bfb4323-3ff7-495c-b4f6-dce34143fd61-300x178.jpg\" class=\"attachment-medium size-medium\" alt=\"\" srcset=\"https:\/\/www.radiopiu.net\/wordpress\/wp-content\/uploads\/2021\/01\/2bfb4323-3ff7-495c-b4f6-dce34143fd61-300x178.jpg 300w, https:\/\/www.radiopiu.net\/wordpress\/wp-content\/uploads\/2021\/01\/2bfb4323-3ff7-495c-b4f6-dce34143fd61.jpg 600w\" sizes=\"auto, (max-width: 300px) 100vw, 300px\" \/><\/a>\n\t\t\t\t<\/dt><\/dl><dl class='gallery-item'>\n\t\t\t\t<dt class='gallery-icon landscape'>\n\t\t\t\t\t<a class=\"rollover rollover-zoom dt-pswp-item\" title=\"5ecfcd56-8aba-4b76-a3b4-60c5c191fa11\" data-dt-img-description=\"\" data-large_image_width=\"718\" data-large_image_height=\"416\"href='https:\/\/www.radiopiu.net\/wordpress\/wp-content\/uploads\/2021\/01\/5ecfcd56-8aba-4b76-a3b4-60c5c191fa11.jpg'><img loading=\"lazy\" decoding=\"async\" width=\"300\" height=\"174\" src=\"https:\/\/www.radiopiu.net\/wordpress\/wp-content\/uploads\/2021\/01\/5ecfcd56-8aba-4b76-a3b4-60c5c191fa11-300x174.jpg\" class=\"attachment-medium size-medium\" alt=\"\" srcset=\"https:\/\/www.radiopiu.net\/wordpress\/wp-content\/uploads\/2021\/01\/5ecfcd56-8aba-4b76-a3b4-60c5c191fa11-300x174.jpg 300w, https:\/\/www.radiopiu.net\/wordpress\/wp-content\/uploads\/2021\/01\/5ecfcd56-8aba-4b76-a3b4-60c5c191fa11.jpg 718w\" sizes=\"auto, (max-width: 300px) 100vw, 300px\" \/><\/a>\n\t\t\t\t<\/dt><\/dl><dl class='gallery-item'>\n\t\t\t\t<dt class='gallery-icon landscape'>\n\t\t\t\t\t<a class=\"rollover rollover-zoom dt-pswp-item\" title=\"4a555bf3-97f3-4c06-8397-f07f93f6fba7\" data-dt-img-description=\"\" data-large_image_width=\"598\" data-large_image_height=\"347\"href='https:\/\/www.radiopiu.net\/wordpress\/wp-content\/uploads\/2021\/01\/4a555bf3-97f3-4c06-8397-f07f93f6fba7.jpg'><img loading=\"lazy\" decoding=\"async\" width=\"300\" height=\"174\" src=\"https:\/\/www.radiopiu.net\/wordpress\/wp-content\/uploads\/2021\/01\/4a555bf3-97f3-4c06-8397-f07f93f6fba7-300x174.jpg\" class=\"attachment-medium size-medium\" alt=\"\" srcset=\"https:\/\/www.radiopiu.net\/wordpress\/wp-content\/uploads\/2021\/01\/4a555bf3-97f3-4c06-8397-f07f93f6fba7-300x174.jpg 300w, https:\/\/www.radiopiu.net\/wordpress\/wp-content\/uploads\/2021\/01\/4a555bf3-97f3-4c06-8397-f07f93f6fba7.jpg 598w\" sizes=\"auto, (max-width: 300px) 100vw, 300px\" \/><\/a>\n\t\t\t\t<\/dt><\/dl><br style=\"clear: both\" \/>\n\t\t\t<\/div>\n\n<p>&nbsp;<\/p>\n<p>&nbsp;<\/p>\n<hr \/>\n<p>&nbsp;<\/p>\n<blockquote>\n<h3>COVID19 IN VENETO, AGGIORNAMENTO DA MARGHERA PARLA ZAIA<\/h3>\n<\/blockquote>\n<p><strong>VENEZIA<\/strong> Punto stampa, aggiornamento covid 19 in Veneto, da Marghera il Presidente Luca Zaia.<\/p>\n<p><strong><span style=\"color: #ff0000;\">VACCINI 87147 PERCENTUALE IN MAGAZZINO 75% Sono arrivate le 7800 dosi\u00a0 di Moderna per gli over 80.<\/span><\/strong><\/p>\n<blockquote>\n<h2>LEGGI LA CONFERENZA STAMPA DI LUCA ZAIA<\/h2>\n<\/blockquote>\n<p><em>L&#8217;indice di contagio Rt in Veneto \u00e8 pari a 0,96 da zona gialla ma la regione \u00e8 in arancione. \u00a0Le Regioni sono solide chiss\u00e0 se i nostri interlocutori saranno altrettanto solidi.<\/em><\/p>\n<p>Dalla riunione mattutina con il Governo la prima novit\u00e0 sul DPCM: la riduzione dei confini regionali \u00e8 ridotta al 14 febbraio, non pi\u00f9 a marzo, ma serviranno\u00a0 i &#8220;tagliandi&#8221; strada facendo per il controllo dei dati. Ora serve unifornit\u00e0 dei dati: da\u00a0 domani ci sar\u00e0\u00a0 nel bollettino la colonna dei tamponi rapidi. VACCINI\u00a0 abbiamo pensato di lavorare per creare un magazzino prudenziale di ogni regione, oltre al quale per\u00f2 non si danno pi\u00f9 vaccini. La fornitura di Pfizer continua con 40mila a settimana, Moderna ha una fornitura pi\u00f9 esigua ma il 29 gennaio ci sar\u00e0 la valutazione Ema per AstraZeneca e con quello potremmo chiudere la partita vaccinale prima dell&#8217;estate. TERZA ONDATA \u00e8 arrivata, il contagio risale, noi dobbiamo fare in modo che non risalga anche da noi con il rigore nel rispetto delle norme con i vaccini puntiamo a una mini immunit\u00e0 di gregge.<\/p>\n<p><strong>VICENDA DONAZZAN LA LEGA SOSTIENE LA MOZIONE? RITIRA LE DELEGHE?<\/strong> Intanto non \u00e8 una mozione di sfiducia, vedremo che discussione emerger\u00e0. Ho chiesto le scuse che mi risulta siano state presentate. Tutto \u00e8 riferito alla discussione del consiglio davanti alla mozione di riserva. In consiglio ci sar\u00e0 la discussione. E&#8217; un fatto infelice da condannare e non voglio aggiungere altri contenuti. Questa amministrazione \u00e8 contro le leggi razziali, il totalitarismo e la dittatura. So che era un contesto di goliardia, improvvido andarci in un momento come questo. Questa amminsitrazione \u00e8 per il rispetto di tutti e non avvalla argomentazioni fasciste.Non \u00e8 stato scritto un manifesto fascista, comunque \u00e8 una leggerezza da condannare. <strong>DA QUI A MAGGIO PUO&#8217; SUCCEDERE DI TUTTO\u00a0<\/strong>Serviranno nuove regole per la fase di convivenza con il virus. Pi\u00f9 attenzione al tema della salute. Se avessimo il test fai da te gratis con la ricetta \u00e8 innegabile che renderebbe sicuro il ristorante se usato sul cliente con un grande screening di massa. Questo dovrebbe entrare nel piano di sanit\u00e0 pubblica. <strong>VENERDI L&#8217;INIZIATIVA IO APRO<\/strong> Sono lavoratori per bene che sono in difficolt\u00e0, molti non riapriranno nemmeno pi\u00f9. Le difficolt\u00e0 sono molte e da quanto ne so io i ristori non arrivano in maniera copiosa. Vedremo con i nuovi ristori con lo scostamento di bilancio.<strong>CRISI POLITICA NELLA CRISI SANITARIA<\/strong> Ci mancava solo la crisi politica, nel momento pi\u00f9 sbagliato. Spero che si risolva in fretta con le opzioni possibili. Immagino che di elezioni non se ne parla. <strong>PERCHE&#8217; C&#8217;E&#8217; LA PANDEMIA?<\/strong> Ho sempre dichiarato che le elezioni sono sanificatorie, in questo periodo sarebbero problematiche per un problema di sanit\u00e0 pubblica e poi il tunnel di un lungo periodo senza governo. Le Regioni sono solide, la Regione non si ferma. <strong>OGGI IL DPCM<\/strong> Non ho visto il testo finale. I governatori chiedono da sempre una scelta dettata dal parametro scientifico dell&#8217;Istituto Superiore delle Sanit\u00e0. Abbiamo chiesto a pi\u00f9 voci di rivedere il tema dell&#8217;asporto per i Bar\u00a0 anche dopo le 18 cio\u00e8 come i ristoranti fino alle 22. <strong>MALATI ONCOLOGICI DA VACCINARE<\/strong> Sono una priorit\u00e0, dopo ospedali e case di riposo. Mi sembra siano 11mila.<\/p>\n<p>&nbsp;<\/p>\n<p><a href=\"https:\/\/www.facebook.com\/zaiaufficiale\/videos\/259706165499882\">https:\/\/www.facebook.com\/zaiaufficiale\/videos\/259706165499882<\/a><\/p>\n<p>&nbsp;<\/p>\n<p><strong>L&#8217;AGGIORNAMENTO SULLE VACCINAZIONI IN VENETO<\/strong><\/p>\n<a href=\"https:\/\/www.radiopiu.net\/wordpress\/wp-content\/uploads\/2021\/01\/2021.01.14_Report-18.30.pdf\" class=\"pdfemb-viewer\" style=\"\" data-width=\"max\" data-height=\"max\" data-toolbar=\"top\" data-toolbar-fixed=\"on\">2021.01.14_Report 18.30<\/a>\n<p>&nbsp;<\/p>\n<hr \/>\n<p>&nbsp;<\/p>\n<blockquote>\n<h3>COVID: IL PUNTO SUL SOSTEGNO PSICOLOGICO IN ULSS 1<\/h3>\n<\/blockquote>\n<p><strong><a href=\"https:\/\/www.radiopiu.net\/wordpress\/sostegno-psicologico-covid-423-interventi-in-220-giorni\/psicologo-3\/\" rel=\"attachment wp-att-165569\"><img loading=\"lazy\" decoding=\"async\" class=\"size-medium wp-image-165569 alignleft\" src=\"https:\/\/www.radiopiu.net\/wordpress\/wp-content\/uploads\/2020\/10\/PSICOLOGO-300x192.jpg\" alt=\"\" width=\"300\" height=\"192\" srcset=\"https:\/\/www.radiopiu.net\/wordpress\/wp-content\/uploads\/2020\/10\/PSICOLOGO-300x192.jpg 300w, https:\/\/www.radiopiu.net\/wordpress\/wp-content\/uploads\/2020\/10\/PSICOLOGO-1024x655.jpg 1024w, https:\/\/www.radiopiu.net\/wordpress\/wp-content\/uploads\/2020\/10\/PSICOLOGO-768x492.jpg 768w, https:\/\/www.radiopiu.net\/wordpress\/wp-content\/uploads\/2020\/10\/PSICOLOGO-1536x983.jpg 1536w, https:\/\/www.radiopiu.net\/wordpress\/wp-content\/uploads\/2020\/10\/PSICOLOGO.jpg 1920w\" sizes=\"auto, (max-width: 300px) 100vw, 300px\" \/><\/a>BELLUNO <\/strong>In aumento le richieste di sostegno psicologico per gli effetti dell\u2019epidemia Covid. Le reazioni emotive alla pandemia sono quelle caratteristiche dello stress post traumatico. La pandemia infatti ha tutti le caratteristiche di\u00a0 quello che in psicologia viene definito un &#8220;evento critico&#8221;, ovvero un evento che per la sua portata ha la capacit\u00e0 di minacciare in modo inaspettato la percezione di sopravvivenza della persona e la sua capacit\u00e0 di controllo. Impotenza, ansia, paura sono le reazioni pi\u00f9 comuni che quando si accumulano e permangono per molto tempo possono portare ad impotenza, apatia, depressione o disperazione e rabbia. Con questo presupposto il progetto \u201cSostegno Psicologico COVID\u201d, promosso nella scorsa primavera dall&#8217;Ulss Dolomiti in collaborazione con l\u2019AIL sezione di Belluno e il Fondo Welfare Dolomiti della Provincia , in questa seconda ondata della pandemia ha ripreso\u00a0 la sua attivit\u00e0\u00a0 ampliando l&#8217;attivit\u00e0 rivolta alla popolazione. Oltre al materiale informativo divulgato nella primavera e nell&#8217;estate 2020,\u00a0 e alle &#8220;pillole psicologiche&#8221; trasmesse nell&#8217;emittente locale e presenti sulla pagina facebook dell&#8217;azienda ulss 1,\u00a0 tra novembre e dicembre sono stati organizzati in particolare 3 webinar rivolti ad insegnanti e genitori con oltre 700 iscrizioni, con l&#8217;invio successivo del materiale informativo e la registrazione della lezione. L&#8217;alta richiesta di ripetere l&#8217;evento,\u00a0 e l&#8217;attuale situazione pandemica che vede in particolare\u00a0\u00a0 insegnanti e genitori preoccupati per gli effetti della didattica a distanza sui ragazzi, ha motivato il servizio ha organizzare un nuovo evento dedicato all&#8217;et\u00e0 evolutiva per il giorno 3 febbraio alle 18 (iscrizioni via mail a <a href=\"mailto:covid19.bl.sospsicologico@aulss1.veneto.it\">covid19.bl.sospsicologico@aulss1.veneto.it<\/a> ) Dopo una inflessione delle richieste nel periodo estivo, dall&#8217;ottobre scorso sono nuovamente aumentate le segnalazioni del servizio di prevenzione aziendale\u00a0 per persone positive in quarantena e i bisogni delle U.O. ospedaliere e territoriali direttamente coinvolte nella gestione della pandemia.\u00a0 Dall&#8217;ottobre scorso\u00a0 sono stati svolti \u00a089 colloqui con pazienti in quarantena e 39 personale ULSS; sono stati programmati 10\u00a0 incontri con equipe sanitarie ospedaliere e territoriali con il coinvolgimento di oltre cento operatori. Tra questi vi sono sia dipendenti che si sono ammalati e necessitano di un supporto per affrontare nuovamente l&#8217;attivit\u00e0 di reparto o aministrativo, sia personale operativo che oggi deve trovare le modalit\u00e0 per conciliare vita lavorativa, molto serrata, e vita famigliare. Si coglie l&#8217;occasione per ricordare alla popolazione l&#8217;importanza di\u00a0 monitorare il proprio stato emotivo e l&#8217;opportunit\u00e0 di trovare le schede \u00a0la possibilit\u00e0 attraverso il sito aziendale\u00a0 <a href=\"http:\/\/www.aulss1.veneto.it\/\">www.aulss1.veneto.it<\/a> di poter reperire le schede psicoeducative create dal servizio per le varie fasce di et\u00e0 e per la gestione delle abitudini di vita quotidiane ( SOS contagio emotivo, Psicoeducazione adulti \/ bambini \/ anziani \/ adolescenti \/ operatori sanitari,\u00a0 Consigli per l\u2019alimentazione\/il sonno, video di mindfulness e stretching) e di reperire su you tube i brevi video sugli stessi temi diffusi dalla televisione locale e nella pagina facebook dell\u2019Azienda. Il progetto \u00e8 stato promosso e guidato dalla responsabile della UOS di psicologia ospedaliera dott.ssa Francesca De Biasi\u00a0 con l&#8217;equipe del servizio composta dalle dott.sse Chiara Forlin, Isabella Maccagnan ed Elena Sommacal &#8211; sostenuta dall AIL e il contributo della dott.ssa Stefania Sacchezin finaziato dal fondo welfare Provinciale.<\/p>\n<p>&nbsp;<\/p>\n<p>&nbsp;<\/p>\n<hr \/>\n<p>&nbsp;<\/p>\n<blockquote>\n<h3>LINEA BIANCA SULLE DOLOMITI BELLUNESI CON MASSIMILIANO OSSINI AUTORE DEL LIBRO<\/h3>\n<\/blockquote>\n<p>&nbsp;<\/p>\n<p><strong><a href=\"https:\/\/www.radiopiu.net\/wordpress\/linea-bianca-sulle-dolomiti-bellunesi-con-massimiliano-ossini-autore-del-libro\/f07fd178-2582-4056-8d4f-f02cb9ffc58d\/\" rel=\"attachment wp-att-184839\"><img loading=\"lazy\" decoding=\"async\" class=\" wp-image-184839 alignleft\" src=\"https:\/\/www.radiopiu.net\/wordpress\/wp-content\/uploads\/2021\/01\/f07fd178-2582-4056-8d4f-f02cb9ffc58d-293x300.jpg\" alt=\"\" width=\"129\" height=\"132\" srcset=\"https:\/\/www.radiopiu.net\/wordpress\/wp-content\/uploads\/2021\/01\/f07fd178-2582-4056-8d4f-f02cb9ffc58d-293x300.jpg 293w, https:\/\/www.radiopiu.net\/wordpress\/wp-content\/uploads\/2021\/01\/f07fd178-2582-4056-8d4f-f02cb9ffc58d-1001x1024.jpg 1001w, https:\/\/www.radiopiu.net\/wordpress\/wp-content\/uploads\/2021\/01\/f07fd178-2582-4056-8d4f-f02cb9ffc58d-768x786.jpg 768w, https:\/\/www.radiopiu.net\/wordpress\/wp-content\/uploads\/2021\/01\/f07fd178-2582-4056-8d4f-f02cb9ffc58d.jpg 1086w\" sizes=\"auto, (max-width: 129px) 100vw, 129px\" \/><\/a>AUDIO<\/strong> Linea Bianca in Agordino con il giornalista Massimiliano Ossini in onda il 30 gennaio. Una puntata interamente dedicata alle Dolomiti Bellunesi sulle quali il conduttore della trasmissione televisiva ha pure scritto un libro &#8220;Le montagne rosa. Viaggio alla scoperta delle Dolomiti&#8221;, una ricerca tra luoghi e persone del territorio che riassumono sette anni di Linea Bianca.<\/p>\n<p><strong>INTERVISTA DI CLAUDIO FONTANIVE\u00a0<\/strong><\/p>\n<audio class=\"wp-audio-shortcode\" id=\"audio-184729-8\" preload=\"none\" style=\"width: 100%;\" controls=\"controls\"><source type=\"audio\/mpeg\" src=\"https:\/\/www.radiopiu.net\/wordpress\/wp-content\/uploads\/2021\/01\/massimiliano-ossini.mp3?_=8\" \/><a href=\"https:\/\/www.radiopiu.net\/wordpress\/wp-content\/uploads\/2021\/01\/massimiliano-ossini.mp3\">https:\/\/www.radiopiu.net\/wordpress\/wp-content\/uploads\/2021\/01\/massimiliano-ossini.mp3<\/a><\/audio>\n\n\t\t\t<style type='text\/css'>\n\t\t\t\t#gallery-6 {\n\t\t\t\t\tmargin: auto;\n\t\t\t\t}\n\t\t\t\t#gallery-6 .gallery-item {\n\t\t\t\t\tfloat: left;\n\t\t\t\t\tmargin-top: 10px;\n\t\t\t\t\ttext-align: center;\n\t\t\t\t\twidth: 50%;\n\t\t\t\t}\n\t\t\t\t#gallery-6 img {\n\t\t\t\t\tborder: 2px solid #cfcfcf;\n\t\t\t\t}\n\t\t\t\t#gallery-6 .gallery-caption {\n\t\t\t\t\tmargin-left: 0;\n\t\t\t\t}\n\t\t\t\t\/* see gallery_shortcode() in wp-includes\/media.php *\/\n\t\t\t<\/style>\n\t\t<div id='gallery-6' class='dt-gallery-container gallery galleryid-184729 gallery-columns-2 gallery-size-full'><dl class='gallery-item'>\n\t\t\t\t<dt class='gallery-icon landscape'>\n\t\t\t\t\t<a class=\"rollover rollover-zoom dt-pswp-item\" title=\"59442082-2c63-4c10-95e2-9e975202e9b1\" data-dt-img-description=\"\" data-large_image_width=\"1600\" data-large_image_height=\"1200\"href='https:\/\/www.radiopiu.net\/wordpress\/wp-content\/uploads\/2021\/01\/59442082-2c63-4c10-95e2-9e975202e9b1.jpg'><img loading=\"lazy\" decoding=\"async\" width=\"1600\" height=\"1200\" src=\"https:\/\/www.radiopiu.net\/wordpress\/wp-content\/uploads\/2021\/01\/59442082-2c63-4c10-95e2-9e975202e9b1.jpg\" class=\"attachment-full size-full\" alt=\"\" srcset=\"https:\/\/www.radiopiu.net\/wordpress\/wp-content\/uploads\/2021\/01\/59442082-2c63-4c10-95e2-9e975202e9b1.jpg 1600w, https:\/\/www.radiopiu.net\/wordpress\/wp-content\/uploads\/2021\/01\/59442082-2c63-4c10-95e2-9e975202e9b1-300x225.jpg 300w, https:\/\/www.radiopiu.net\/wordpress\/wp-content\/uploads\/2021\/01\/59442082-2c63-4c10-95e2-9e975202e9b1-1024x768.jpg 1024w, https:\/\/www.radiopiu.net\/wordpress\/wp-content\/uploads\/2021\/01\/59442082-2c63-4c10-95e2-9e975202e9b1-768x576.jpg 768w, https:\/\/www.radiopiu.net\/wordpress\/wp-content\/uploads\/2021\/01\/59442082-2c63-4c10-95e2-9e975202e9b1-1536x1152.jpg 1536w\" sizes=\"auto, (max-width: 1600px) 100vw, 1600px\" \/><\/a>\n\t\t\t\t<\/dt><\/dl><dl class='gallery-item'>\n\t\t\t\t<dt class='gallery-icon portrait'>\n\t\t\t\t\t<a class=\"rollover rollover-zoom dt-pswp-item\" title=\"51uxguLerYL._SX369_BO1,204,203,200_\" data-dt-img-description=\"\" data-large_image_width=\"371\" data-large_image_height=\"499\"href='https:\/\/www.radiopiu.net\/wordpress\/wp-content\/uploads\/2021\/01\/51uxguLerYL._SX369_BO1204203200_.jpg'><img loading=\"lazy\" decoding=\"async\" width=\"371\" height=\"499\" src=\"https:\/\/www.radiopiu.net\/wordpress\/wp-content\/uploads\/2021\/01\/51uxguLerYL._SX369_BO1204203200_.jpg\" class=\"attachment-full size-full\" alt=\"\" srcset=\"https:\/\/www.radiopiu.net\/wordpress\/wp-content\/uploads\/2021\/01\/51uxguLerYL._SX369_BO1204203200_.jpg 371w, https:\/\/www.radiopiu.net\/wordpress\/wp-content\/uploads\/2021\/01\/51uxguLerYL._SX369_BO1204203200_-223x300.jpg 223w\" sizes=\"auto, (max-width: 371px) 100vw, 371px\" \/><\/a>\n\t\t\t\t<\/dt><\/dl><br style=\"clear: both\" \/>\n\t\t\t<\/div>\n\n<p>&nbsp;<\/p>\n<hr \/>\n<p>&nbsp;<\/p>\n<blockquote>\n<h3>BOLLO AUTO. CALZAVARA, \u201cALLO STUDIO LA NUOVA CONVENZIONE CON TUTTE LE APA DEL VENETO, PER RIVEDERE L\u2019ACCESSIBILITA\u2019 E LA FRUIBILITA\u2019 DEL SERVIZIO\u201d<\/h3>\n<\/blockquote>\n<p><strong><a href=\"https:\/\/www.radiopiu.net\/wordpress\/belluno-in-vigore-lordinanza-antismog-deroga-anche-per-chi-assiste-persone-in-isolamento-covid\/scarico-auto\/\" rel=\"attachment wp-att-164611\"><img loading=\"lazy\" decoding=\"async\" class=\"size-medium wp-image-164611 alignleft\" src=\"https:\/\/www.radiopiu.net\/wordpress\/wp-content\/uploads\/2020\/10\/SCARICO-AUTO-300x200.jpg\" alt=\"\" width=\"300\" height=\"200\" srcset=\"https:\/\/www.radiopiu.net\/wordpress\/wp-content\/uploads\/2020\/10\/SCARICO-AUTO-300x200.jpg 300w, https:\/\/www.radiopiu.net\/wordpress\/wp-content\/uploads\/2020\/10\/SCARICO-AUTO-1024x684.jpg 1024w, https:\/\/www.radiopiu.net\/wordpress\/wp-content\/uploads\/2020\/10\/SCARICO-AUTO-768x513.jpg 768w, https:\/\/www.radiopiu.net\/wordpress\/wp-content\/uploads\/2020\/10\/SCARICO-AUTO-1536x1026.jpg 1536w, https:\/\/www.radiopiu.net\/wordpress\/wp-content\/uploads\/2020\/10\/SCARICO-AUTO.jpg 1920w\" sizes=\"auto, (max-width: 300px) 100vw, 300px\" \/><\/a>VENEZIA <\/strong>La Regione del Veneto informa i cittadini che la convenzione con le Agenzie di Pratiche Automobilistiche (APA) per l\u2019assistenza e la riscossione del bollo auto \u00e8 scaduta lo scorso dicembre. I contribuenti potranno continuare a pagare la tassa automobilistica nelle Agenzie, anche se \u00e8 allo studio una nuova convenzione tra la Regione e le stesse APA, per rinnovare un rapporto di collaborazione che ponga al centro degli interessi del settore il cittadino. Questo per rispondere in maniera ancora pi\u00f9 puntuale alle sue necessit\u00e0, anche a quelle di carattere pi\u00f9 tecnico, nell\u2019ambito di un nuovo e pi\u00f9 moderno sistema di pagamenti elettronico, come quello di PagoPA. \u201c<em>Stiamo lavorando ad una nuova convenzione aprendoci anche ad un confronto con le APA, affinch\u00e9 il nuovo rapporto introduca delle modifiche necessarie e condivise &#8211; spiega l\u2019assessore regionale alle Finanze e Tributi, Francesco Calzavara -. L\u2019obbiettivo \u00e8 quello di rendere ancora pi\u00f9 trasparente e chiaro il rapporto economico tra cittadino, Regione del Veneto e APA. Prioritario \u00e8 anche rivedere l\u2019accessibilit\u00e0 e la fruibilit\u00e0 del servizio su tutto il territorio Veneto garantendo un costo della prestazione uniforme ed equo per tutti i contribuenti. La Regione manterr\u00e0 il suo ruolo di coordinamento e di direzione, a garanzia di un servizio qualificato e veloce per tutti<\/em>\u201d. \u201c<em>Parallelamente anche la Regione fornir\u00e0, a breve, assistenza diretta e gratuita in materia di tassa auto, con propri consulenti in front office in ogni provincia del Veneto &#8211; continua l\u2019Assessore -. Questo sar\u00e0 possibile grazie ad una recente gara d\u2019appalto europea, in fase di aggiudicazione in questi giorni, progettata e pensata proprio in favore dei pi\u00f9 anziani, dei lavoratori e di tutti coloro che hanno poco tempo o difficolt\u00e0 ad interagire con la pubblica amministrazione esclusivamente con modalit\u00e0 digitali<\/em>\u201d. L\u2019Assessore Calzavara ricorda, infine, che il Veneto \u00e8 una delle prime regioni a livello nazionale ad aver rinnovato, con la propria legge di stabilit\u00e0 2021, la possibilit\u00e0 di versare la tassa auto in scadenza tra il mese di gennaio e il mese di maggio entro il 30 giugno 2021, senza vedersi applicare n\u00e9 sanzioni n\u00e9 interessi aggiuntivi. Questa \u00e8 una dimostrazione tangibile della sensibilit\u00e0 nei confronti di tutti i Veneti, che purtroppo stanno combattendo e convivendo con un virus ancora in circolazione e forte. I contribuenti possono comunque versare autonomamente il tributo utilizzando la piattaforma Pago PA e, per l\u2019assistenza eventualmente necessaria, possono contattare gli uffici regionali della Direzione Finanza e Tributi all\u2019indirizzo infobollo@regione.veneto.it o il call center regionale specializzato telefonando al numero 840.84.84.84.<\/p>\n<p>&nbsp;<\/p>\n<p>&nbsp;<\/p>\n<hr \/>\n<p>&nbsp;<\/p>\n<blockquote>\n<h3>L\u2019ULSS DOLOMITI RICORDA MICHELE DE BONI<\/h3>\n<\/blockquote>\n<p><strong><a href=\"https:\/\/www.radiopiu.net\/wordpress\/giornale-radiopiu-15-gennaio-2021-direttore-mirko-mezzacasa\/img_20210114_144401\/\" rel=\"attachment wp-att-184917\"><img loading=\"lazy\" decoding=\"async\" class=\"size-medium wp-image-184917 alignleft\" src=\"https:\/\/www.radiopiu.net\/wordpress\/wp-content\/uploads\/2021\/01\/IMG_20210114_144401-300x300.jpg\" alt=\"\" width=\"300\" height=\"300\" srcset=\"https:\/\/www.radiopiu.net\/wordpress\/wp-content\/uploads\/2021\/01\/IMG_20210114_144401-300x300.jpg 300w, https:\/\/www.radiopiu.net\/wordpress\/wp-content\/uploads\/2021\/01\/IMG_20210114_144401-1024x1024.jpg 1024w, https:\/\/www.radiopiu.net\/wordpress\/wp-content\/uploads\/2021\/01\/IMG_20210114_144401-150x150.jpg 150w, https:\/\/www.radiopiu.net\/wordpress\/wp-content\/uploads\/2021\/01\/IMG_20210114_144401-768x768.jpg 768w, https:\/\/www.radiopiu.net\/wordpress\/wp-content\/uploads\/2021\/01\/IMG_20210114_144401-1536x1536.jpg 1536w, https:\/\/www.radiopiu.net\/wordpress\/wp-content\/uploads\/2021\/01\/IMG_20210114_144401-2048x2048.jpg 2048w\" sizes=\"auto, (max-width: 300px) 100vw, 300px\" \/><\/a>FELTRE <\/strong>E\u2019 gi\u00e0 passato un anno da quella triste mattina del 15 gennaio 2020 in cui, circondato dall\u2019affetto della sua amatissima famiglia, \u00e8 morto il dottor Michele De Boni, gi\u00e0 direttore del dipartimento di chirurgia oncologica gastrointestinale a valenza regionale, in seguito a una malattia che aveva affrontato con grande coraggio e dignit\u00e0. La scomparsa del dottor\u00a0 Michele De Boni\u00a0 aveva toccato profondamente l\u2019Ulss Dolomiti e tutta la vallata. La sua capacit\u00e0 di associare una grande esperienza clinica maturata sempre nell\u2019ospedale di Feltre con una intensa attivit\u00e0 di ricerca in connessione con i pi\u00f9 accreditati centri internazionali\u00a0 ha costituito un esempio per tutti : \u00e8 possibile diventare un centro di riferimento di prim\u2019ordine con l\u2019impegno, la professionalit\u00e0 e il quotidiano riscontro dei positivi risultati. L\u2019epidemia Covid\u00a0 ha travolto, in questo drammatico anno, le consuete attivit\u00e0 ospedaliere e il modo di fare assistenza ma non \u00e8 mai mancata la determinazione di continuare il percorso tracciato dal dott. De Boni, impegno morale che tutta l\u2019Ulss Dolomiti ha assunto. In occasione dell\u2019inaugurazione del nuovo blocco chirurgico dell\u2019ospedale di Feltre, il 25 giugno 2020, il Presidente della Regione del Veneto, Luca Zaia, aveva intitolato il \u201cCentro di Riferimento Regionale per la chirurgia oncologica gastroenterologia\u201d \u00a0proprio al compianto Michele De Boni , fondatore e\u00a0 direttore del Centro da lui sostenuto affinch\u00e8 l&#8217;ospedale di Feltre potesse avere una specifica vocazione oncologica. Non \u00e8 stato solo un atto simbolico. Pur con le difficolt\u00e0 legate alla pandemia, il Centro ha continuato a lavorare per essere un riferimento per i pazienti oncologici, che hanno continuato ad essere seguiti, per le attivit\u00e0 di ricerca, per il potenziamento delle attrezzature e per rafforzare il legame con la comunit\u00e0 esterna e il volontariato. In modo instancabile e combattivo, come era il dottor De Boni. A febbraio aveva raccolto il testimone del dottor Michele De Boni, come coordinatore del Dipartimento Centro di riferimento regionale, il dottor Davide Pastrorelli. Fanno parte del Dipartimento funzionale le unit\u00e0 operative complesse di Chirurgia Feltre, Gastroenterologia Feltre, Oncologia Feltre, Anatomia Paologia feltre, Ostetricia e ginecologia Feltre Otorinolaringoiatria Feltre Radiologia feltre, Anestesia Feltre, Cure palliative Belluno Medicina nucleare Belluno, Radioterapia, Chirurgia Belluno, Gastroenterologia Belluno, e le UOSD Terapia del dolore e Malattie infiammatorie croniche gastrointestinali. A fine luglio \u00e8 stato nominato il nuovo direttore della Unit\u00e0 Complessa di Gastroenterologia, dottor Andrea Buda, professionista di alto livello proseguendo la strada delle cure personalizzate e multidisciplinari e della ricerca seguendo il monito \u201cnon c\u2019\u00e8 buona assistenza se non si fa buona ricerca\u201d cha ha lasciato in eredit\u00e0 il dottor De Boni. Inoltre, \u00e8 stato dato l\u2019incarico di responsabilit\u00e0 dell\u2019Unit\u00e0 operativa semplice dipartimentale \u201cMalattie infiammatorie gastrointestinali\u201d alla dottoressa Manuela De Bona. \u00ab<em>La figura di Michele De Boni, amico e professionista competente, entusiasta del suo lavoro e sempre disponibile nei confronti dei pazienti, \u00e8 stata di riferimento anche in questo anno complesso, nel ricordo della sua grande determinazione e instancabile motivazione a non arrendersi neanche nei momenti pi\u00f9 difficili<\/em>\u00bb ricorda Adriano Rasi Caldogno, direttore Generale dell\u2019Ulss Dolomiti . \u00ab<em>Caro Michele, ripartiamo dal tuo testamento morale, dall\u2019idea di un Ospedale che non si riduca a una \u00abofficina di riparazione\u00bb ma si qualifichi come \u00abfabbrica della salute\u00bb con al centro la persona assistita, dallo stimolo continuo ad approfondire, a studiare, a confrontarsi, a relazionarsi con le migliori reti del sapere per proporre le tecniche diagnostiche e le terapie pi\u00f9 attuali ed efficaci, dell\u2019idea di fare squadra interna e rete con il territorio<\/em>\u00bb<\/p>\n<p>&nbsp;<\/p>\n<p>&nbsp;<\/p>\n<hr \/>\n<p>&nbsp;<\/p>\n<blockquote>\n<h3>CAMBIO PEDIATRA A FENER<\/h3>\n<\/blockquote>\n<p><strong>FELTRE <\/strong>Inizia l\u2019attivit\u00e0 di Pediatra di Libera Scelta, con ambulatorio a <strong>Fener <\/strong>di Alano di Piave, la Dr.ssa <strong>Erica Giacomelli<\/strong>. I bambini, che erano stati temporaneamente assegnati alla dottoressa Maria Tura, sono stati assegnati d\u2019ufficio alla dr.ssa Giacomelli che ha iniziato la propria attivit\u00e0 nell\u2019ambulatorio di Fener in Via Kennedy n. 13 ed \u00e8 contattabile allo <strong>371 3432135 <\/strong>E\u2019fatta salva la possibilit\u00e0 di effettuare una scelta diversa tra i pediatri con disponibilit\u00e0 di posti nel proprio ambito di residenza.<\/p>\n<p>&nbsp;<\/p>\n<p>&nbsp;<\/p>\n<hr \/>\n<p>&nbsp;<\/p>\n<blockquote>\n<h3>IL PROGETTO DI CONFARTIGIANATO PER LANCIARE IL &#8220;SAPER FARE&#8221; DEL TERRITORIO.<\/h3>\n<\/blockquote>\n<p><strong>BELLUNO<\/strong> Confartigianato Belluno ha presentato il progetto \u201cDe Artibus\u201d per promuovere il made in Dolomiti e le peculiarit\u00e0 del lavoro degli artigiani bellunesi, attraverso alcuni video emozionali girati all\u2019interno dei laboratori artigiani del territorio. Il progetto, realizzato grazie a un cofinanziamento della Camera di Commercio di Treviso e Belluno per un investimento complessivo di 15mila euro.\u00a0 Sono stati scelti dieci presidenti di mestiere, per raccontare tutto l\u2019artigianato bellunese: Arianna Piazza (orafi), Cristiano Gaggion (dolciari), Luigi Fant (sartoria), Alessandro Michielli (ferro battuto e lavorazione artistica dei metalli), Guerrino Argenta (frigoristi), Sandro Francescon (copisterie e legatorie), Andrea De Biasi (legno per edilizia), Alberto Ghedina (panificatori), Lorenzo Battistel (fitness) e Giovanni Mazzoran (legno arredo). \u00abI video saranno poi veicolati attraverso i canali social.<\/p>\n<p>&nbsp;<\/p>\n<hr \/>\n<p>&nbsp;<\/p>\n<blockquote class=\"wp-embedded-content\" data-secret=\"LU69pHJkRu\"><p><a href=\"https:\/\/www.radiopiu.net\/wordpress\/conosciamo-la-corale-di-limana-con-le-interviste-di-silvia-baldo\/\">CONOSCIAMO LA CORALE DI LIMANA CON LE INTERVISTE DI SILVIA BALDO<\/a><\/p><\/blockquote>\n<p><iframe loading=\"lazy\" class=\"wp-embedded-content\" sandbox=\"allow-scripts\" security=\"restricted\" style=\"position: absolute; clip: rect(1px, 1px, 1px, 1px);\" title=\"&#8220;CONOSCIAMO LA CORALE DI LIMANA CON LE INTERVISTE DI SILVIA BALDO&#8221; &#8212; Radio Pi\u00f9\" src=\"https:\/\/www.radiopiu.net\/wordpress\/conosciamo-la-corale-di-limana-con-le-interviste-di-silvia-baldo\/embed\/#?secret=LU69pHJkRu\" data-secret=\"LU69pHJkRu\" width=\"600\" height=\"338\" frameborder=\"0\" marginwidth=\"0\" marginheight=\"0\" scrolling=\"no\"><\/iframe><\/p>\n<p>&nbsp;<\/p>\n<hr \/>\n<blockquote>\n<h3><a href=\"https:\/\/www.radiopiu.net\/wordpress\/giornale-radiopiu-15-gennaio-2021-direttore-mirko-mezzacasa\/beniamino-naldo\/\" rel=\"attachment wp-att-184859\"><img loading=\"lazy\" decoding=\"async\" class=\"wp-image-184859 alignleft\" src=\"https:\/\/www.radiopiu.net\/wordpress\/wp-content\/uploads\/2021\/01\/beniamino-naldo-300x284.jpg\" alt=\"\" width=\"143\" height=\"135\" srcset=\"https:\/\/www.radiopiu.net\/wordpress\/wp-content\/uploads\/2021\/01\/beniamino-naldo-300x284.jpg 300w, https:\/\/www.radiopiu.net\/wordpress\/wp-content\/uploads\/2021\/01\/beniamino-naldo-768x728.jpg 768w, https:\/\/www.radiopiu.net\/wordpress\/wp-content\/uploads\/2021\/01\/beniamino-naldo.jpg 893w\" sizes=\"auto, (max-width: 143px) 100vw, 143px\" \/><\/a>SERATA DEL DIALETTO IN STREAMING YOUTUBE<\/h3>\n<\/blockquote>\n<p><strong>SOSPIROLO<\/strong> A fil\u00f2 te na sera de inverno. La Pro loco \u201cMonti del Sole\u201d di Sospirolo, in collaborazione con la biblioteca civica, celebra\u00a0 domenica 17 gennaio la Giornata nazionale del dialetto, promossa dall&#8217;Unpli Pro loco d&#8217;Italia. Alle 18 in streaming su YouTube ci sar\u00e0 una serata nel ricordo di Gianluigi Secco. Durante la diretta, condotta da Dino Bridda, interverranno le voci di Rino Budel, Cristina Gianni, Lucia Mezzacasa e Beniamino Naldo.<\/p>\n<p>&nbsp;<\/p>\n<hr \/>\n<div dir=\"auto\">\n<p>&nbsp;<\/p>\n<blockquote>\n<h3>LUIGI ROSSI DI PIEVE: INTAGLIATORE DI BASTONI, PUTTI, ALTARI E STATUE<\/h3>\n<\/blockquote>\n<p><strong>di Renato Bona\u00a0<\/strong><\/p>\n<p>Proseguendo la nostra ricognizione dei \u201cPersonaggi illustri dell\u2019Alpago e Ponte nelle Alpi\u201d con l\u2019ausilio del pregevole volume dello scomparso maestro Mario De Nale (che lo ha stampato nell\u2019agosto 1978 con la bellunese tipografia Piave, ad iniziativa del Centro sociale di educazione permanente di Tambre e dell\u2019allora Associazione emigranti bellunesi, con il contributo della Regione e della Cassa di Risparmio di Verona, Vicenza e Belluno) \u201cincontriamo\u201d Luigi Rossi. Chi era costui? Definito l\u2019\u201cintagliatore di bastoni e putti\u201d. Figlio di Zaccaria e Domenica, venne alla luce nella frazione Villa di Pieve d\u2019Alpago il 28 giugno 1853 e manc\u00f2 il 17 maggio del 1945. De Nale esordisce affermando che \u201cAl mondo dell\u2019arte Luigi Rossi era arrivato fin dalla fanciullezza, infatti la passione per l\u2019intaglio sgorg\u00f2 in lui imperiosa e foriera di un buon avvenire quando, nelle calde ore dell\u2019estate, l\u2019umile pastorello fanciullo pasceva le poche mucche del padre. Accovacciato sull\u2019erba o seduto sull\u2019orlo di un muretto, si divertiva a intagliare i suoi bastoni con la \u2018britola\u2019 del nonno e da pezzi di legno sapeva ricavare putti, altarini o figurine per il presepio\u201d. Ricorda quindi che un giorno pass\u00f2 di la un noto scultore bellunese che rimase sbalordito nel vedere con quale maestria il piccolo artista avesse intagliato il suo bastone, un putto e un altarino, cos\u00ec egli si fece da lui accompagnare in casa dei genitori ai quali disse: \u2018Questo vostro bambino \u00e8 un vero prodigio. Io sono uno scultore patentato, ma confesso di non aver nulla da insegnare al vostro figlioletto; egli ne sa pi\u00f9 di me, quindi quando avr\u00e0 finito le scuole elementari del paese dovreste fargli continuare gli studi\u2019\u201d. I genitori, pur complimentandosi del lodevole apprezzamento dello sconosciuto visitatore opposero le loro disagiate condizioni economiche al che lo scultore assicur\u00f2: \u201cNon preoccupatevi, mi interesser\u00f2 io stesso a procuravi delle agevolazioni a Venezia dove ho molte conoscenze\u201d. E cos\u00ec, concluse le elementari, Luigi Rossi fu inviato nella citt\u00e0 lagunare a casa dello scultore zoldano Besarel che ne perfezion\u00f2 l\u2019iscrizione alla Scuola d\u2019arte applicata all\u2019industria. In virt\u00f9 \u2013 scrive l\u2019autore \u2013 della personalit\u00e0 che sapeva imprimere nelle sue opere, fu subito celebre e nel 1875 apr\u00ec a Venezia un suo laboratorio in Calle di Ges\u00f9 e Maria 395, con la dicitura: Premiato laboratorio di Luigi Rossi intagliatore del legno\u201d. Ed eccoci al 1876 quando il nostro spos\u00f2 la bella veneziana Angelina, purtroppo colpita, dopo quattro anni da un male incurabile che indusse Rossi a dar fondo a tutte le sue disponibilit\u00e0 finanziarie per farla curare dai medici pi\u00f9 noti; inutilmente visto che nel 1892 la donna pass\u00f2 a miglior vita. Due anni dopo, matrimonio con la benestante alpagota di Lamosano, Rosalia Romor la quale lo convinse a riprendere l\u2019attivit\u00e0 in quel di Venezia, trovando ospitalit\u00e0 dalla compaesana Catina Romor sposata Roveredo. Altro trasloco, a Lamosano, conseguenza della Grande Guerra, \u201cpassando occasionalmente alle dipendenze del Besarel per realizzare alcuni importanti lavori\u201d. E\u2019 del 1926 invece il trasferimento nella casa del figlio Zaccaria, a Vittorio Veneto, dove pur avendo 75 anni, fu assunto per lavori a cottimo nello stabilimenti di mobili d\u2019arte della ditta Crose. La sua presenza in terra vittoriese \u00e8 ricordata dalla statua della Madonna del Carmine, alta 160 centimetri, esposta nella chiesa di Santa Giustina di Serravalle. E anche da un brutto episodio: il volto della Vergine somigliava a quello della figlia Laura ma fu alterato in seguito ad un restauro e ci\u00f2 spinse l\u2019artista alpagoto alla disperazione e a chiudere definitivamente e drammaticamente la lunga, apprezzata laboriosit\u00e0. Avviandosi a conclusione, Mario de Nale ricorda giustamente che il laboratorio dove operava Rossi era frequentato da una quarantina di suoi allievi! E che le sue opere vennero esposte con successo in varie mostre (in quella di Torino per la Prima Esposizione operaia italiana, nel 1890, gli valse la medaglia d\u2019argento; nell\u2019occasione la famiglia reale acquist\u00f2 una sua specchiera ornata di 56 putti). Numerose le sue opere conservate nella terra natale, l\u2019Alpago: una statua di San Valentino nella chiesa di Sommacosta; una Madonna nella chiesa di Montanes; due quadretti \u201cLa messa di mezzanotte\u201d (con la gente del villaggio che si reca alla messa della mezzanotte), e \u201cIl bacio di Haizer\u201d (nella casa paterna); una testa di creta raffigurante la figlia Laura (nella casa paterna); uno dei crocifissi di Quers; l\u2019altar maggiore di Garna; la Madonna della chiesa di Curago; la statua di san Giuseppe della chiesa di Chies; le due statuette lignee della Madonna e di san Liberale della chiesa di Quers. \u201cE fino a qualche anno fa, in un altare della parrocchiale di Puos, si poteva ammirare un suo bellissimo Cristo morto\u201d.<\/p>\n\n\t\t\t<style type='text\/css'>\n\t\t\t\t#gallery-7 {\n\t\t\t\t\tmargin: auto;\n\t\t\t\t}\n\t\t\t\t#gallery-7 .gallery-item {\n\t\t\t\t\tfloat: left;\n\t\t\t\t\tmargin-top: 10px;\n\t\t\t\t\ttext-align: center;\n\t\t\t\t\twidth: 25%;\n\t\t\t\t}\n\t\t\t\t#gallery-7 img {\n\t\t\t\t\tborder: 2px solid #cfcfcf;\n\t\t\t\t}\n\t\t\t\t#gallery-7 .gallery-caption {\n\t\t\t\t\tmargin-left: 0;\n\t\t\t\t}\n\t\t\t\t\/* see gallery_shortcode() in wp-includes\/media.php *\/\n\t\t\t<\/style>\n\t\t<div id='gallery-7' class='dt-gallery-container gallery galleryid-184729 gallery-columns-4 gallery-size-thumbnail'><dl class='gallery-item'>\n\t\t\t\t<dt class='gallery-icon portrait'>\n\t\t\t\t\t<a class=\"rollover rollover-zoom dt-pswp-item\" title=\"138984597_428575048215374_1382837179724041100_n\" data-dt-img-description=\"\" data-large_image_width=\"1624\" data-large_image_height=\"2560\"href='https:\/\/www.radiopiu.net\/wordpress\/wp-content\/uploads\/2021\/01\/138984597_428575048215374_1382837179724041100_n-scaled.jpg'><img loading=\"lazy\" decoding=\"async\" width=\"150\" height=\"150\" src=\"https:\/\/www.radiopiu.net\/wordpress\/wp-content\/uploads\/2021\/01\/138984597_428575048215374_1382837179724041100_n-150x150.jpg\" class=\"attachment-thumbnail size-thumbnail\" alt=\"\" \/><\/a>\n\t\t\t\t<\/dt><\/dl><dl class='gallery-item'>\n\t\t\t\t<dt class='gallery-icon portrait'>\n\t\t\t\t\t<a class=\"rollover rollover-zoom dt-pswp-item\" title=\"139003933_509264426705697_3512689688538354017_n\" data-dt-img-description=\"\" data-large_image_width=\"1679\" data-large_image_height=\"2560\"href='https:\/\/www.radiopiu.net\/wordpress\/wp-content\/uploads\/2021\/01\/139003933_509264426705697_3512689688538354017_n-scaled.jpg'><img loading=\"lazy\" decoding=\"async\" width=\"150\" height=\"150\" src=\"https:\/\/www.radiopiu.net\/wordpress\/wp-content\/uploads\/2021\/01\/139003933_509264426705697_3512689688538354017_n-150x150.jpg\" class=\"attachment-thumbnail size-thumbnail\" alt=\"\" \/><\/a>\n\t\t\t\t<\/dt><\/dl><dl class='gallery-item'>\n\t\t\t\t<dt class='gallery-icon landscape'>\n\t\t\t\t\t<a class=\"rollover rollover-zoom dt-pswp-item\" title=\"139248532_739059500367042_3998235172878570530_n\" data-dt-img-description=\"\" data-large_image_width=\"259\" data-large_image_height=\"195\"href='https:\/\/www.radiopiu.net\/wordpress\/wp-content\/uploads\/2021\/01\/139248532_739059500367042_3998235172878570530_n.jpg'><img loading=\"lazy\" decoding=\"async\" width=\"150\" height=\"150\" src=\"https:\/\/www.radiopiu.net\/wordpress\/wp-content\/uploads\/2021\/01\/139248532_739059500367042_3998235172878570530_n-150x150.jpg\" class=\"attachment-thumbnail size-thumbnail\" alt=\"\" \/><\/a>\n\t\t\t\t<\/dt><\/dl><dl class='gallery-item'>\n\t\t\t\t<dt class='gallery-icon landscape'>\n\t\t\t\t\t<a class=\"rollover rollover-zoom dt-pswp-item\" title=\"138987750_928425064230245_1148676485652169749_n\" data-dt-img-description=\"\" data-large_image_width=\"2560\" data-large_image_height=\"1891\"href='https:\/\/www.radiopiu.net\/wordpress\/wp-content\/uploads\/2021\/01\/138987750_928425064230245_1148676485652169749_n-scaled.jpg'><img loading=\"lazy\" decoding=\"async\" width=\"150\" height=\"150\" src=\"https:\/\/www.radiopiu.net\/wordpress\/wp-content\/uploads\/2021\/01\/138987750_928425064230245_1148676485652169749_n-150x150.jpg\" class=\"attachment-thumbnail size-thumbnail\" alt=\"\" \/><\/a>\n\t\t\t\t<\/dt><\/dl><br style=\"clear: both\" \/>\n\t\t\t<\/div>\n\n<p>NELLE FOTO (riproduzioni dal libro di Mario De Nalee Full Holidays)): Luigi Rossi; la statua della Madonna del Carmine che \u00e8 esposta nella chiesa di Santa Giustina di Serravalle a Vittorio Veneto; dell\u2019autore alpagoto: la \u201cMessa di mezzanotte\u201d quadretto conservato nella casa Rossi nella frazione Villa; veduta panoramica di Pieve d\u2019Alpago.<\/p>\n<p>&nbsp;<\/p>\n<p>&nbsp;<\/p>\n<hr \/>\n<p>&nbsp;<\/p>\n<blockquote>\n<h2>FANTASTICHE DOLOMITI, NUOVA STAGIONE. APPUNTAMENTO QUINDICINALE IL GIOVEDI ALLE 10.30 E 19.00<\/h2>\n<\/blockquote>\n<h1>LA RACCOLTA COMPLETA<\/h1>\n<blockquote class=\"wp-embedded-content\" data-secret=\"ClkikC1Bej\"><p><a href=\"https:\/\/www.radiopiu.net\/wordpress\/https-wp-me-p63lo7-gyg\/\">FANTASTICHE DOLOMITI 7^ PUNTATA: IL QUINDICINALE APPUNTAMENTO ALLA RADIO<\/a><\/p><\/blockquote>\n<p><iframe loading=\"lazy\" class=\"wp-embedded-content\" sandbox=\"allow-scripts\" security=\"restricted\" style=\"position: absolute; clip: rect(1px, 1px, 1px, 1px);\" title=\"&#8220;FANTASTICHE DOLOMITI 7^ PUNTATA: IL QUINDICINALE APPUNTAMENTO ALLA RADIO&#8221; &#8212; Radio Pi\u00f9\" src=\"https:\/\/www.radiopiu.net\/wordpress\/https-wp-me-p63lo7-gyg\/embed\/#?secret=ClkikC1Bej\" data-secret=\"ClkikC1Bej\" width=\"600\" height=\"338\" frameborder=\"0\" marginwidth=\"0\" marginheight=\"0\" scrolling=\"no\"><\/iframe><\/p>\n<div class=\"mw-parser-output\">\n<p>&nbsp;<\/p>\n<\/div>\n<p>&nbsp;<\/p>\n<p>&nbsp;<\/p>\n<hr \/>\n<blockquote>\n<h2><\/h2>\n<h2>SALUTE E SOCIETA&#8217; IL LUNEDI ALLE 13.10 E ALLE 20.10, LA DOMENICA ALLE 10.30 A CURA DEL DOTTOR MARCO CARACCIOLO. QUINTA STAGIONE<\/h2>\n<\/blockquote>\n<p><strong><span style=\"color: #ff0000;\">LA PUNTATA DELLA SETTIMANA\u00a0<\/span><\/strong><\/p>\n<p>in questa edizione: In Italia circa 3mila persone sono affette da ipertensione arteriosa polmonare, una malattia rara difficile da diagnosticare. Riconoscerla precocemente e agire subito \u00e8 essenziale per prevenire complicazioni. Per questo nasce la campagna \u201cLa vita in un respiro\u201d, promossa da Janssen Italia in collaborazione con AIPI (Associazione Ipertensione Polmonare Italiana). Nazzareno Gali\u00e8, Direttore della Cardiologia al Policlinico Sant\u2019Orsola, Universit\u00e0 di Bologna, Coordinatore delle Linee Guida Internazionali sull\u2019Ipertensione Polmonare e responsabile Comitato Scientifico AIPI<br \/>\nLoredana Bergamini, Direttore Medico di Janssen Italia Carolina Kostner, Pattinatrice artistica, Testimonial di \u201cLa Vita in un respiro\u201d<\/p>\n<audio class=\"wp-audio-shortcode\" id=\"audio-184729-9\" preload=\"none\" style=\"width: 100%;\" controls=\"controls\"><source type=\"audio\/mpeg\" src=\"https:\/\/www.radiopiu.net\/wordpress\/wp-content\/uploads\/2021\/01\/cs_210111.mp3?_=9\" \/><a href=\"https:\/\/www.radiopiu.net\/wordpress\/wp-content\/uploads\/2021\/01\/cs_210111.mp3\">https:\/\/www.radiopiu.net\/wordpress\/wp-content\/uploads\/2021\/01\/cs_210111.mp3<\/a><\/audio>\n<h3>LA RACCOLTA COMPLETA<\/h3>\n<blockquote class=\"wp-embedded-content\" data-secret=\"9md74cV5cY\"><p><a href=\"https:\/\/www.radiopiu.net\/wordpress\/saluteesocieta\/\">Salute e Societ\u00e0<\/a><\/p><\/blockquote>\n<p><iframe loading=\"lazy\" class=\"wp-embedded-content\" sandbox=\"allow-scripts\" security=\"restricted\" style=\"position: absolute; clip: rect(1px, 1px, 1px, 1px);\" title=\"&#8220;Salute e Societ\u00e0&#8221; &#8212; Radio Pi\u00f9\" src=\"https:\/\/www.radiopiu.net\/wordpress\/saluteesocieta\/embed\/#?secret=9md74cV5cY\" data-secret=\"9md74cV5cY\" width=\"600\" height=\"338\" frameborder=\"0\" marginwidth=\"0\" marginheight=\"0\" scrolling=\"no\"><\/iframe><\/p>\n<hr \/>\n<h2><\/h2>\n<h2><span style=\"color: #ff0000;\"><a href=\"https:\/\/www.radiopiu.net\/wordpress\/giornale-radiopiu-05-gennaio-2021-direttore-mirko-mezzacasa\/133200401_100838761953611_1258544160541445132_o-2\/\" rel=\"attachment wp-att-183078\"><img loading=\"lazy\" decoding=\"async\" class=\" wp-image-183078 alignleft\" src=\"https:\/\/www.radiopiu.net\/wordpress\/wp-content\/uploads\/2021\/01\/133200401_100838761953611_1258544160541445132_o-1-300x157.jpg\" alt=\"\" width=\"192\" height=\"101\" srcset=\"https:\/\/www.radiopiu.net\/wordpress\/wp-content\/uploads\/2021\/01\/133200401_100838761953611_1258544160541445132_o-1-300x157.jpg 300w, https:\/\/www.radiopiu.net\/wordpress\/wp-content\/uploads\/2021\/01\/133200401_100838761953611_1258544160541445132_o-1.jpg 526w\" sizes=\"auto, (max-width: 192px) 100vw, 192px\" \/><\/a>GOCCE DI FILOSOFIA, CON CHIARA CAU, CON LISA DE LUCA. <\/span><\/h2>\n<h2><\/h2>\n<h2><span style=\"color: #ff0000;\">TUTTI I GIORNI DAL LUNEDI AL VENERDI ALLE 6.55 E ALLE 18.55<\/span><\/h2>\n<p><strong>LA PUNTATA DI IERI, N.09\u00a0<\/strong><\/p>\n<audio class=\"wp-audio-shortcode\" id=\"audio-184729-10\" preload=\"none\" style=\"width: 100%;\" controls=\"controls\"><source type=\"audio\/mpeg\" src=\"https:\/\/www.radiopiu.net\/wordpress\/wp-content\/uploads\/2020\/10\/FI4.mp3?_=10\" \/><a href=\"https:\/\/www.radiopiu.net\/wordpress\/wp-content\/uploads\/2020\/10\/FI4.mp3\">https:\/\/www.radiopiu.net\/wordpress\/wp-content\/uploads\/2020\/10\/FI4.mp3<\/a><\/audio>\n<p>&nbsp;<\/p>\n<h3>LA RACCOLTA COMPLETA<\/h3>\n<blockquote class=\"wp-embedded-content\" data-secret=\"spVSknXQyT\"><p><a href=\"https:\/\/www.radiopiu.net\/wordpress\/gocce-filosofia\/\">Gocce di filosofia<\/a><\/p><\/blockquote>\n<p><iframe loading=\"lazy\" class=\"wp-embedded-content\" sandbox=\"allow-scripts\" security=\"restricted\" style=\"position: absolute; clip: rect(1px, 1px, 1px, 1px);\" title=\"&#8220;Gocce di filosofia&#8221; &#8212; Radio Pi\u00f9\" src=\"https:\/\/www.radiopiu.net\/wordpress\/gocce-filosofia\/embed\/#?secret=spVSknXQyT\" data-secret=\"spVSknXQyT\" width=\"600\" height=\"338\" frameborder=\"0\" marginwidth=\"0\" marginheight=\"0\" scrolling=\"no\"><\/iframe><\/p>\n<p>&nbsp;<\/p>\n<hr \/>\n<p>&nbsp;<\/p>\n<div class=\"im_message_wrap clearfix\">\n<div class=\"im_content_message_wrap im_message_out\">\n<h2><span style=\"color: #ff0000;\">IERI ALLA RADIO\u00a0 IN VIVO VERSO 2020-21<\/span><\/h2>\n<p><strong><span style=\"color: #0000ff;\">IN ONDA DAL LUNEDI AL VENERDI ALLE 7.10, 10.10, 18.50\u00a0<\/span><\/strong><\/p>\n<blockquote class=\"wp-embedded-content\" data-secret=\"s2Gyfvh8PY\"><p><a href=\"https:\/\/www.radiopiu.net\/wordpress\/osservando-il-muro-di-daniele-gazzarin\/\">OSSERVANDO IL MURO di DANIELE GAZZARIN<\/a><\/p><\/blockquote>\n<p><iframe loading=\"lazy\" class=\"wp-embedded-content\" sandbox=\"allow-scripts\" security=\"restricted\" style=\"position: absolute; clip: rect(1px, 1px, 1px, 1px);\" title=\"&#8220;OSSERVANDO IL MURO di DANIELE GAZZARIN&#8221; &#8212; Radio Pi\u00f9\" src=\"https:\/\/www.radiopiu.net\/wordpress\/osservando-il-muro-di-daniele-gazzarin\/embed\/#?secret=s2Gyfvh8PY\" data-secret=\"s2Gyfvh8PY\" width=\"600\" height=\"338\" frameborder=\"0\" marginwidth=\"0\" marginheight=\"0\" scrolling=\"no\"><\/iframe><\/p>\n<p><strong><span style=\"font-family: Verdana, sans-serif;\"><span style=\"font-size: medium;\">LA RACCOLTA COMPLETA, TUTTE LE COLLEZIONI<\/span><\/span><\/strong><\/p>\n<blockquote class=\"wp-embedded-content\" data-secret=\"7plDXyIfl0\"><p><a href=\"https:\/\/www.radiopiu.net\/wordpress\/in-vivo-verso\/\">In Vivo Verso<\/a><\/p><\/blockquote>\n<p><iframe loading=\"lazy\" class=\"wp-embedded-content\" sandbox=\"allow-scripts\" security=\"restricted\" style=\"position: absolute; clip: rect(1px, 1px, 1px, 1px);\" title=\"&#8220;In Vivo Verso&#8221; &#8212; Radio Pi\u00f9\" src=\"https:\/\/www.radiopiu.net\/wordpress\/in-vivo-verso\/embed\/#?secret=7plDXyIfl0\" data-secret=\"7plDXyIfl0\" width=\"600\" height=\"338\" frameborder=\"0\" marginwidth=\"0\" marginheight=\"0\" scrolling=\"no\"><\/iframe><\/p>\n<p>&nbsp;<\/p>\n<\/div>\n<\/div>\n<hr \/>\n<p>&nbsp;<\/p>\n<h2>007 IN CONDOTTA CON LA PROF. MARIA ROSA SALMAZO IL LUNEDI ALLE 10,30 E ALLE 19.00 LA DOMENICA ALLE 8 DEL MATTINO. NONA STAGIONE<\/h2>\n<p><span style=\"color: #ff0000;\"><strong>LA PUNTATA DELLA SETTIMANA <\/strong><\/span><\/p>\n<p><strong>&#8220;RITORNO A SCUOLA&#8230;. INCERTO&#8221;.<\/strong><\/p>\n<audio class=\"wp-audio-shortcode\" id=\"audio-184729-11\" preload=\"none\" style=\"width: 100%;\" controls=\"controls\"><source type=\"audio\/mpeg\" src=\"https:\/\/www.radiopiu.net\/wordpress\/wp-content\/uploads\/2020\/10\/007-condotta-11.mp3?_=11\" \/><a href=\"https:\/\/www.radiopiu.net\/wordpress\/wp-content\/uploads\/2020\/10\/007-condotta-11.mp3\">https:\/\/www.radiopiu.net\/wordpress\/wp-content\/uploads\/2020\/10\/007-condotta-11.mp3<\/a><\/audio>\n<h2>LA RACCOLTA COMPLETA<\/h2>\n<blockquote class=\"wp-embedded-content\" data-secret=\"Uh08esogdI\"><p><a href=\"https:\/\/www.radiopiu.net\/wordpress\/007incondotta-9\/\">007 in condotta<\/a><\/p><\/blockquote>\n<p><iframe loading=\"lazy\" class=\"wp-embedded-content\" sandbox=\"allow-scripts\" security=\"restricted\" style=\"position: absolute; clip: rect(1px, 1px, 1px, 1px);\" title=\"&#8220;007 in condotta&#8221; &#8212; Radio Pi\u00f9\" src=\"https:\/\/www.radiopiu.net\/wordpress\/007incondotta-9\/embed\/#?secret=Uh08esogdI\" data-secret=\"Uh08esogdI\" width=\"600\" height=\"338\" frameborder=\"0\" marginwidth=\"0\" marginheight=\"0\" scrolling=\"no\"><\/iframe><\/p>\n<p>&nbsp;<\/p>\n<p>&nbsp;<\/p>\n<p>&nbsp;<\/p>\n<hr \/>\n<p>&nbsp;<\/p>\n<blockquote>\n<h2><a href=\"https:\/\/www.radiopiu.net\/wordpress\/speciale-solidarieta-veneto\/solidarieta-veneto-3\/\" rel=\"attachment wp-att-134366\"><img loading=\"lazy\" decoding=\"async\" class=\"wp-image-134366 alignleft\" src=\"https:\/\/www.radiopiu.net\/wordpress\/wp-content\/uploads\/2020\/05\/solidariet\u00e0-veneto-300x210.jpg\" alt=\"\" width=\"102\" height=\"71\" srcset=\"https:\/\/www.radiopiu.net\/wordpress\/wp-content\/uploads\/2020\/05\/solidariet\u00e0-veneto-300x210.jpg 300w, https:\/\/www.radiopiu.net\/wordpress\/wp-content\/uploads\/2020\/05\/solidariet\u00e0-veneto-1024x717.jpg 1024w, https:\/\/www.radiopiu.net\/wordpress\/wp-content\/uploads\/2020\/05\/solidariet\u00e0-veneto-768x538.jpg 768w, https:\/\/www.radiopiu.net\/wordpress\/wp-content\/uploads\/2020\/05\/solidariet\u00e0-veneto.jpg 1373w\" sizes=\"auto, (max-width: 102px) 100vw, 102px\" \/><\/a>SOLIDARIETA&#8217; VENETO FONDO PENSIONE, IN ONDA IL PRIMO VENERDI DEL MESE ALLE 10.30 E ALLE 19.00 QUINTA STAGIONE<\/h2>\n<\/blockquote>\n<p><strong>AUDIO<\/strong><\/p>\n<audio class=\"wp-audio-shortcode\" id=\"audio-184729-12\" preload=\"none\" style=\"width: 100%;\" controls=\"controls\"><source type=\"audio\/mpeg\" src=\"https:\/\/www.radiopiu.net\/wordpress\/wp-content\/uploads\/2020\/10\/solidarieta-veneto-gennaio.mp3?_=12\" \/><a href=\"https:\/\/www.radiopiu.net\/wordpress\/wp-content\/uploads\/2020\/10\/solidarieta-veneto-gennaio.mp3\">https:\/\/www.radiopiu.net\/wordpress\/wp-content\/uploads\/2020\/10\/solidarieta-veneto-gennaio.mp3<\/a><\/audio>\n<p>&nbsp;<\/p>\n<blockquote>\n<h2>RACCOLTA COMPLETA<\/h2>\n<\/blockquote>\n<blockquote class=\"wp-embedded-content\" data-secret=\"ShaQBAFlIx\"><p><a href=\"https:\/\/www.radiopiu.net\/wordpress\/solidarieta-veneto\/\">Solidariet\u00e0 Veneto<\/a><\/p><\/blockquote>\n<p><iframe loading=\"lazy\" class=\"wp-embedded-content\" sandbox=\"allow-scripts\" security=\"restricted\" style=\"position: absolute; clip: rect(1px, 1px, 1px, 1px);\" title=\"&#8220;Solidariet\u00e0 Veneto&#8221; &#8212; Radio Pi\u00f9\" src=\"https:\/\/www.radiopiu.net\/wordpress\/solidarieta-veneto\/embed\/#?secret=ShaQBAFlIx\" data-secret=\"ShaQBAFlIx\" width=\"600\" height=\"338\" frameborder=\"0\" marginwidth=\"0\" marginheight=\"0\" scrolling=\"no\"><\/iframe><\/p>\n<p>&nbsp;<\/p>\n<p>&nbsp;<\/p>\n<hr \/>\n<p>&nbsp;<\/p>\n<h2><span style=\"color: #808000;\">DUE MINUTI UN LIBRO\u00a0 TUTTI I GIORNI ALLA RADIO ALLE 9.30 E ALLE 18. QUINTA STAGIONE\u00a0 \u00a0 \u00a0\u00a0<\/span><\/h2>\n<blockquote class=\"wp-embedded-content\" data-secret=\"AyodgCzUs0\"><p><a href=\"https:\/\/www.radiopiu.net\/wordpress\/proprio-come-te\/\">PROPRIO COME TE<\/a><\/p><\/blockquote>\n<p><iframe loading=\"lazy\" class=\"wp-embedded-content\" sandbox=\"allow-scripts\" security=\"restricted\" style=\"position: absolute; clip: rect(1px, 1px, 1px, 1px);\" title=\"&#8220;PROPRIO COME TE&#8221; &#8212; Radio Pi\u00f9\" src=\"https:\/\/www.radiopiu.net\/wordpress\/proprio-come-te\/embed\/#?secret=AyodgCzUs0\" data-secret=\"AyodgCzUs0\" width=\"600\" height=\"338\" frameborder=\"0\" marginwidth=\"0\" marginheight=\"0\" scrolling=\"no\"><\/iframe><\/p>\n<h2>LA RACCOLTA COMPLETA<\/h2>\n<blockquote class=\"wp-embedded-content\" data-secret=\"rd2y4afVc0\"><p><a href=\"https:\/\/www.radiopiu.net\/wordpress\/due-minuti-un-libro\/\">Due minuti un libro<\/a><\/p><\/blockquote>\n<p><iframe loading=\"lazy\" class=\"wp-embedded-content\" sandbox=\"allow-scripts\" security=\"restricted\" style=\"position: absolute; clip: rect(1px, 1px, 1px, 1px);\" title=\"&#8220;Due minuti un libro&#8221; &#8212; Radio Pi\u00f9\" src=\"https:\/\/www.radiopiu.net\/wordpress\/due-minuti-un-libro\/embed\/#?secret=rd2y4afVc0\" data-secret=\"rd2y4afVc0\" width=\"600\" height=\"338\" frameborder=\"0\" marginwidth=\"0\" marginheight=\"0\" scrolling=\"no\"><\/iframe><\/p>\n<p>&nbsp;<\/p>\n<hr \/>\n<p>&nbsp;<\/p>\n<p>&nbsp;<\/p>\n<blockquote>\n<h2>CASSA SOLIDARIET\u00c0 LUXOTTICA<\/h2>\n<\/blockquote>\n<h3><strong><span style=\"color: #ff0000;\">IL NUMERO DI DICEMBRE CON PAOLO CHISSALE&#8217; E FABRIZIO CAMPEDEL<\/span><\/strong><\/h3>\n<audio class=\"wp-audio-shortcode\" id=\"audio-184729-13\" preload=\"none\" style=\"width: 100%;\" controls=\"controls\"><source type=\"audio\/mpeg\" src=\"https:\/\/www.radiopiu.net\/wordpress\/wp-content\/uploads\/2020\/12\/ca-sol-lux-dicvembre.mp3?_=13\" \/><a href=\"https:\/\/www.radiopiu.net\/wordpress\/wp-content\/uploads\/2020\/12\/ca-sol-lux-dicvembre.mp3\">https:\/\/www.radiopiu.net\/wordpress\/wp-content\/uploads\/2020\/12\/ca-sol-lux-dicvembre.mp3<\/a><\/audio>\n<blockquote>\n<h2>RACCOLTA COMPLETA<\/h2>\n<\/blockquote>\n<blockquote class=\"wp-embedded-content\" data-secret=\"THuYh2vlju\"><p><a href=\"https:\/\/www.radiopiu.net\/wordpress\/cassa-solidarieta-luxottica-puntata-del-16-ottobre-2020\/\">CASSA SOLIDARIET\u00c0 LUXOTTICA &#8211; PUNTATA DEL 20 NOVEMBRE 2020<\/a><\/p><\/blockquote>\n<p><iframe loading=\"lazy\" class=\"wp-embedded-content\" sandbox=\"allow-scripts\" security=\"restricted\" style=\"position: absolute; clip: rect(1px, 1px, 1px, 1px);\" title=\"&#8220;CASSA SOLIDARIET\u00c0 LUXOTTICA &#8211; PUNTATA DEL 20 NOVEMBRE 2020&#8221; &#8212; Radio Pi\u00f9\" src=\"https:\/\/www.radiopiu.net\/wordpress\/cassa-solidarieta-luxottica-puntata-del-16-ottobre-2020\/embed\/#?secret=THuYh2vlju\" data-secret=\"THuYh2vlju\" width=\"600\" height=\"338\" frameborder=\"0\" marginwidth=\"0\" marginheight=\"0\" scrolling=\"no\"><\/iframe><\/p>\n<p>&nbsp;<\/p>\n<hr \/>\n<p>&nbsp;<\/p>\n<p>&nbsp;<\/p>\n<blockquote class=\"wp-embedded-content\" data-secret=\"fS4IWNKeON\"><p><a href=\"https:\/\/www.radiopiu.net\/wordpress\/184594-2\/\">CISL LA VOCE DEI LAVORATORI, CON PAOLO CHISSALE&#8217;<\/a><\/p><\/blockquote>\n<p><iframe loading=\"lazy\" class=\"wp-embedded-content\" sandbox=\"allow-scripts\" security=\"restricted\" style=\"position: absolute; clip: rect(1px, 1px, 1px, 1px);\" title=\"&#8220;CISL LA VOCE DEI LAVORATORI, CON PAOLO CHISSALE&#8217;&#8221; &#8212; Radio Pi\u00f9\" src=\"https:\/\/www.radiopiu.net\/wordpress\/184594-2\/embed\/#?secret=fS4IWNKeON\" data-secret=\"fS4IWNKeON\" width=\"600\" height=\"338\" frameborder=\"0\" marginwidth=\"0\" marginheight=\"0\" scrolling=\"no\"><\/iframe><\/p>\n<div>\n<p>&nbsp;<\/p>\n<p>&nbsp;<\/p>\n<hr \/>\n<p>&nbsp;<\/p>\n<h2><span style=\"color: #800080;\"><strong>LA RASSEGNA STAMPA DA L&#8217;AMICO DEL POPOLO\u00a0<\/strong><\/span><\/h2>\n<h1 class=\"kvgmc6g5 cxmmr5t8 oygrvhab hcukyx3x c1et5uql\"><span style=\"color: #0000ff;\">RADIO PIU INFORMAZIONE il canale su TELEGRAM informazione di prima mano e in tempo reale. iscriviti ed aiutaci a farlo conoscere\u00a0<\/span><\/h1>\n<p>LA PUNTATA DELLA SETTIMANA, OSPITE LORIS SERAFINI<\/p>\n<audio class=\"wp-audio-shortcode\" id=\"audio-184729-14\" preload=\"none\" style=\"width: 100%;\" controls=\"controls\"><source type=\"audio\/mpeg\" src=\"https:\/\/www.radiopiu.net\/wordpress\/wp-content\/uploads\/2021\/01\/RASSEGNA-GIANNI.mp3?_=14\" \/><a href=\"https:\/\/www.radiopiu.net\/wordpress\/wp-content\/uploads\/2021\/01\/RASSEGNA-GIANNI.mp3\">https:\/\/www.radiopiu.net\/wordpress\/wp-content\/uploads\/2021\/01\/RASSEGNA-GIANNI.mp3<\/a><\/audio>\n<p><strong>LA RACCOLTA COMPLETA<\/strong><\/p>\n<blockquote class=\"wp-embedded-content\" data-secret=\"x1kIVOncjg\"><p><a href=\"https:\/\/www.radiopiu.net\/wordpress\/rassegna-stampa-di-gianni-santomaso\/\">Rassegna stampa da l&#8217;amico del popolo &#8211; di Gianni Santomaso<\/a><\/p><\/blockquote>\n<p><iframe loading=\"lazy\" class=\"wp-embedded-content\" sandbox=\"allow-scripts\" security=\"restricted\" style=\"position: absolute; clip: rect(1px, 1px, 1px, 1px);\" title=\"&#8220;Rassegna stampa da l&#8217;amico del popolo &#8211; di Gianni Santomaso&#8221; &#8212; Radio Pi\u00f9\" src=\"https:\/\/www.radiopiu.net\/wordpress\/rassegna-stampa-di-gianni-santomaso\/embed\/#?secret=x1kIVOncjg\" data-secret=\"x1kIVOncjg\" width=\"600\" height=\"338\" frameborder=\"0\" marginwidth=\"0\" marginheight=\"0\" scrolling=\"no\"><\/iframe><\/p>\n<p>&nbsp;<\/p>\n<p>&nbsp;<\/p>\n<hr \/>\n<p>&nbsp;<\/p>\n<p>&nbsp;<\/p>\n<div>\n<h2><span style=\"color: #33cccc;\">I RACCONTI DI PAOLO SOPPELSA il lunedi alle 9.30 e 18.30<\/span><\/h2>\n<blockquote class=\"wp-embedded-content\" data-secret=\"TFF2uKeZ9F\"><p><a href=\"https:\/\/www.radiopiu.net\/wordpress\/i-racconti-di-paolo-soppelsa-cinquantasettesima-puntata\/\">I RACCONTI DI PAOLO SOPPELSA CINQUANTASETTESIMA PUNTATA<\/a><\/p><\/blockquote>\n<p><iframe loading=\"lazy\" class=\"wp-embedded-content\" sandbox=\"allow-scripts\" security=\"restricted\" style=\"position: absolute; clip: rect(1px, 1px, 1px, 1px);\" title=\"&#8220;I RACCONTI DI PAOLO SOPPELSA CINQUANTASETTESIMA PUNTATA&#8221; &#8212; Radio Pi\u00f9\" src=\"https:\/\/www.radiopiu.net\/wordpress\/i-racconti-di-paolo-soppelsa-cinquantasettesima-puntata\/embed\/#?secret=TFF2uKeZ9F\" data-secret=\"TFF2uKeZ9F\" width=\"600\" height=\"338\" frameborder=\"0\" marginwidth=\"0\" marginheight=\"0\" scrolling=\"no\"><\/iframe><\/p>\n<h2><span style=\"color: #33cccc;\"><strong>RACCOLTA COMPLETA<\/strong><\/span><\/h2>\n<blockquote class=\"wp-embedded-content\" data-secret=\"l61di6GiHb\"><p><a href=\"https:\/\/www.radiopiu.net\/wordpress\/i-racconti-di-paolo-soppelsa\/\">I racconti di Paolo Soppelsa<\/a><\/p><\/blockquote>\n<p><iframe loading=\"lazy\" class=\"wp-embedded-content\" sandbox=\"allow-scripts\" security=\"restricted\" style=\"position: absolute; clip: rect(1px, 1px, 1px, 1px);\" title=\"&#8220;I racconti di Paolo Soppelsa&#8221; &#8212; Radio Pi\u00f9\" src=\"https:\/\/www.radiopiu.net\/wordpress\/i-racconti-di-paolo-soppelsa\/embed\/#?secret=l61di6GiHb\" data-secret=\"l61di6GiHb\" width=\"600\" height=\"338\" frameborder=\"0\" marginwidth=\"0\" marginheight=\"0\" scrolling=\"no\"><\/iframe><\/p>\n<\/div>\n<p>&nbsp;<\/p>\n<hr \/>\n<p>&nbsp;<\/p>\n<div>\n<h2><a href=\"https:\/\/www.radiopiu.net\/wordpress\/giornale-radiopiu-13-gennaio-2021-direttore-mirko-mezzacasa\/137677866_1564759040378824_7049856006923818399_o\/\" rel=\"attachment wp-att-184381\"><img loading=\"lazy\" decoding=\"async\" class=\" wp-image-184381 alignleft\" src=\"https:\/\/www.radiopiu.net\/wordpress\/wp-content\/uploads\/2021\/01\/137677866_1564759040378824_7049856006923818399_o-203x300.jpg\" alt=\"\" width=\"83\" height=\"123\" srcset=\"https:\/\/www.radiopiu.net\/wordpress\/wp-content\/uploads\/2021\/01\/137677866_1564759040378824_7049856006923818399_o-203x300.jpg 203w, https:\/\/www.radiopiu.net\/wordpress\/wp-content\/uploads\/2021\/01\/137677866_1564759040378824_7049856006923818399_o.jpg 526w\" sizes=\"auto, (max-width: 83px) 100vw, 83px\" \/><\/a><\/h2>\n<h2><\/h2>\n<h2><strong>LE\u00a0 PUNTATE di Luisa Alchini di Leggermente Bellunesi, la domenica alle 11, <span style=\"color: #0000ff;\">IL MARTEDI IN PRIMA EDIZIONE\u00a0<\/span> alle 10.30 e alle 19.00<\/strong><\/h2>\n<p><strong>LA PUNTATA DELLA SETTIMANA\u00a0<\/strong> Elisa Orzes Grillone :scrittrice, poetessa e pittrice nata a Cencenighe<\/p>\n<audio class=\"wp-audio-shortcode\" id=\"audio-184729-15\" preload=\"none\" style=\"width: 100%;\" controls=\"controls\"><source type=\"audio\/mpeg\" src=\"https:\/\/www.radiopiu.net\/wordpress\/wp-content\/uploads\/2021\/01\/14leggermenteelisaorzesgrillone2021.mp3?_=15\" \/><a href=\"https:\/\/www.radiopiu.net\/wordpress\/wp-content\/uploads\/2021\/01\/14leggermenteelisaorzesgrillone2021.mp3\">https:\/\/www.radiopiu.net\/wordpress\/wp-content\/uploads\/2021\/01\/14leggermenteelisaorzesgrillone2021.mp3<\/a><\/audio>\n<h2><strong style=\"font-size: 14px;\"><span style=\"color: #000000;\">RACCOLTA COMPLETA<\/span><\/strong><\/h2>\n<\/div>\n<blockquote class=\"wp-embedded-content\" data-secret=\"IRP5PFUNmr\"><p><a href=\"https:\/\/www.radiopiu.net\/wordpress\/leggermente-20\/\">LEGGERmente&#8230;Bellunesi<\/a><\/p><\/blockquote>\n<p><iframe loading=\"lazy\" class=\"wp-embedded-content\" sandbox=\"allow-scripts\" security=\"restricted\" style=\"position: absolute; clip: rect(1px, 1px, 1px, 1px);\" title=\"&#8220;LEGGERmente&#8230;Bellunesi&#8221; &#8212; Radio Pi\u00f9\" src=\"https:\/\/www.radiopiu.net\/wordpress\/leggermente-20\/embed\/#?secret=IRP5PFUNmr\" data-secret=\"IRP5PFUNmr\" width=\"600\" height=\"338\" frameborder=\"0\" marginwidth=\"0\" marginheight=\"0\" scrolling=\"no\"><\/iframe><\/p>\n<hr \/>\n<p>&nbsp;<\/p>\n<blockquote>\n<h3><a href=\"https:\/\/www.radiopiu.net\/wordpress\/almanacco-ladino-puntata-5-2020\/sn\/\" rel=\"attachment wp-att-180931\"><img loading=\"lazy\" decoding=\"async\" class=\"wp-image-180931 alignleft\" src=\"https:\/\/www.radiopiu.net\/wordpress\/wp-content\/uploads\/2020\/12\/sn-300x194.jpg\" alt=\"\" width=\"181\" height=\"117\" srcset=\"https:\/\/www.radiopiu.net\/wordpress\/wp-content\/uploads\/2020\/12\/sn-300x194.jpg 300w, https:\/\/www.radiopiu.net\/wordpress\/wp-content\/uploads\/2020\/12\/sn.jpg 626w\" sizes=\"auto, (max-width: 181px) 100vw, 181px\" \/><\/a>L&#8217;ALMANACCO LADINO CON L&#8217;ISTITUT CESA DE JAN QUINDICINALE APPUNTAMENTO. LA DOMENICA ALLE 9 IL LUNEDI ALLE 8.35 IL MARTEDI ALLE 12.35 IL MERCOLEDI ALLE 18.35. SECONDA STAGIONE.<\/h3>\n<\/blockquote>\n<p><strong>RACCOLTA COMPLETA\u00a0<\/strong><\/p>\n<blockquote class=\"wp-embedded-content\" data-secret=\"J4FVpR2QLw\"><p><a href=\"https:\/\/www.radiopiu.net\/wordpress\/almanacco-ladino\/\">Almanacco Ladino<\/a><\/p><\/blockquote>\n<p><iframe loading=\"lazy\" class=\"wp-embedded-content\" sandbox=\"allow-scripts\" security=\"restricted\" style=\"position: absolute; clip: rect(1px, 1px, 1px, 1px);\" title=\"&#8220;Almanacco Ladino&#8221; &#8212; Radio Pi\u00f9\" src=\"https:\/\/www.radiopiu.net\/wordpress\/almanacco-ladino\/embed\/#?secret=J4FVpR2QLw\" data-secret=\"J4FVpR2QLw\" width=\"600\" height=\"338\" frameborder=\"0\" marginwidth=\"0\" marginheight=\"0\" scrolling=\"no\"><\/iframe><\/p>\n<p>&nbsp;<\/p>\n<\/div>\n<hr \/>\n<div>\n<h2><span style=\"color: #000080;\"><a class=\"dt-pswp-item\" href=\"https:\/\/www.radiopiu.net\/wordpress\/wp-content\/uploads\/2020\/10\/pp.jpg\" data-dt-img-description=\"\" data-large_image_width=\"640\" data-large_image_height=\"640\"><img loading=\"lazy\" decoding=\"async\" class=\"wp-image-163678 alignleft\" src=\"https:\/\/www.radiopiu.net\/wordpress\/wp-content\/uploads\/2020\/10\/pp-300x300.jpg\" alt=\"\" width=\"106\" height=\"106\" srcset=\"https:\/\/www.radiopiu.net\/wordpress\/wp-content\/uploads\/2020\/10\/pp-300x300.jpg 300w, https:\/\/www.radiopiu.net\/wordpress\/wp-content\/uploads\/2020\/10\/pp-150x150.jpg 150w, https:\/\/www.radiopiu.net\/wordpress\/wp-content\/uploads\/2020\/10\/pp-125x125.jpg 125w, https:\/\/www.radiopiu.net\/wordpress\/wp-content\/uploads\/2020\/10\/pp-200x200.jpg 200w, https:\/\/www.radiopiu.net\/wordpress\/wp-content\/uploads\/2020\/10\/pp-80x80.jpg 80w, https:\/\/www.radiopiu.net\/wordpress\/wp-content\/uploads\/2020\/10\/pp-480x480.jpg 480w, https:\/\/www.radiopiu.net\/wordpress\/wp-content\/uploads\/2020\/10\/pp.jpg 640w\" sizes=\"auto, (max-width: 106px) 100vw, 106px\" \/><\/a> <\/span><\/h2>\n<h2><span style=\"color: #000080;\">DON CESARE, IL PENSIERO DEL GIORNO. ALLA RADIO ALLE 7 DEL MATTINO E ALLE 19.30 DELLA SERA.\u00a0\u00a0<\/span><\/h2>\n<\/div>\n<p>&nbsp;<\/p>\n<p>&nbsp;<\/p>\n<audio class=\"wp-audio-shortcode\" id=\"audio-184729-16\" preload=\"none\" style=\"width: 100%;\" controls=\"controls\"><source type=\"audio\/mpeg\" src=\"https:\/\/www.radiopiu.net\/wordpress\/wp-content\/uploads\/2021\/01\/cesare-3.mp3?_=16\" \/><a href=\"https:\/\/www.radiopiu.net\/wordpress\/wp-content\/uploads\/2021\/01\/cesare-3.mp3\">https:\/\/www.radiopiu.net\/wordpress\/wp-content\/uploads\/2021\/01\/cesare-3.mp3<\/a><\/audio>\n<p>&nbsp;<\/p>\n<hr \/>\n<p>&nbsp;<\/p>\n<div>\n<p class=\"photoswipe-wrapper\"><a class=\"dt-pswp-item pspw-wrap-ready\" href=\"https:\/\/i0.wp.com\/www.radiopiu.net\/wordpress\/wp-content\/uploads\/2018\/09\/viabilita.jpeg?ssl=1\" data-dt-img-description=\"\" data-large_image_width=\"800\" data-large_image_height=\"100\"><img loading=\"lazy\" decoding=\"async\" class=\"aligncenter wp-image-61954 size-full\" src=\"https:\/\/i0.wp.com\/www.radiopiu.net\/wordpress\/wp-content\/uploads\/2018\/09\/viabilita.jpeg?resize=800%2C100&amp;ssl=1\" sizes=\"auto, (max-width: 800px) 100vw, 800px\" srcset=\"https:\/\/i0.wp.com\/www.radiopiu.net\/wordpress\/wp-content\/uploads\/2018\/09\/viabilita.jpeg?w=800&amp;ssl=1 800w, https:\/\/i0.wp.com\/www.radiopiu.net\/wordpress\/wp-content\/uploads\/2018\/09\/viabilita.jpeg?resize=300%2C38&amp;ssl=1 300w, https:\/\/i0.wp.com\/www.radiopiu.net\/wordpress\/wp-content\/uploads\/2018\/09\/viabilita.jpeg?resize=768%2C96&amp;ssl=1 768w\" alt=\"\" width=\"800\" height=\"100\" \/><\/a><\/p>\n<\/div>\n<p>&nbsp;<\/p>\n<p><strong>SP 1 MADONNA DEL PIAVE <\/strong>senso unico alternato regolato da semaforo fino al 15 gennaio in comune di Quero Vas per realizzazione tombinatura<\/p>\n<p><strong>SP 42 CAVALLERA<\/strong> fino a revoca, chiusura della strada nell&#8217;abitato di Perarolo per attivazione emergenza frana &#8220;Busa del Cristo&#8221;<\/p>\n<p><strong>S.P.2 DELLA VALLE DEL MIS\u00a0<\/strong>Interdizione totale al traffico fino a revoca dal km 14,920 (localit\u00e0 Gona Bassa) al km 20,650 (localit\u00e0 Titele) per cedimento della carreggiata<\/p>\n<p><strong>S.P. 5 DI LAMOSANO<\/strong>\u00a0Interdizione totale fino a revoca per presenza di materiale e alberi in strada.<\/p>\n<p><strong>S.P. 251 DI VAL DI ZOLDO E VAL CELLINA\u00a0<\/strong>dalla localit\u00e0 Soffranco fino all&#8217;imbocco nord della galleria S. Giovanni interdizione totale al transito per cedimento della carreggiata<\/p>\n<p><strong>SP 3 DELLA VAL IMPERINA<\/strong> fino a revoca, senso unico alternato regolato a vista in localit\u00e0 Gona di Conedera di Rivamonte per cedimento della carreggiata stradale<\/p>\n<div>\n<p>&nbsp;<\/p>\n<hr \/>\n<p>&nbsp;<\/p>\n<p class=\"photoswipe-wrapper\"><a class=\"dt-pswp-item pspw-wrap-ready\" href=\"https:\/\/i0.wp.com\/www.radiopiu.net\/wordpress\/wp-content\/uploads\/2018\/09\/WhatsApp-Image-2018-09-20-at-16.04.06.jpeg?ssl=1\" data-dt-img-description=\"\" data-large_image_width=\"800\" data-large_image_height=\"100\"><img loading=\"lazy\" decoding=\"async\" class=\"aligncenter wp-image-61378 size-full jetpack-lazy-image jetpack-lazy-image--handled\" src=\"https:\/\/i0.wp.com\/www.radiopiu.net\/wordpress\/wp-content\/uploads\/2018\/09\/WhatsApp-Image-2018-09-20-at-16.04.06.jpeg?resize=800%2C100&amp;ssl=1\" sizes=\"auto, (max-width: 800px) 100vw, 800px\" srcset=\"https:\/\/i0.wp.com\/www.radiopiu.net\/wordpress\/wp-content\/uploads\/2018\/09\/WhatsApp-Image-2018-09-20-at-16.04.06.jpeg?w=800&amp;ssl=1 800w, https:\/\/i0.wp.com\/www.radiopiu.net\/wordpress\/wp-content\/uploads\/2018\/09\/WhatsApp-Image-2018-09-20-at-16.04.06.jpeg?resize=300%2C38&amp;ssl=1 300w, https:\/\/i0.wp.com\/www.radiopiu.net\/wordpress\/wp-content\/uploads\/2018\/09\/WhatsApp-Image-2018-09-20-at-16.04.06.jpeg?resize=768%2C96&amp;ssl=1 768w\" alt=\"\" width=\"800\" height=\"100\" data-lazy-loaded=\"1\" \/><\/a><\/p>\n<p>&nbsp;<\/p>\n<div>\n<div id=\"dolomitimeteo_div_testi\"><center><b>Venerdi 15<\/b><\/center><b>Tempo atteso: <\/b>Tra la notte e il primo mattino nuvolosit\u00e0 stratiforme piuttosto estesa, specie sui settori occidentali, un po&#8217; meno compatta sui confini con il Friuli. In seguito il tempo tender\u00e0 a migliorare con rasserenamenti a partire da nord fino a cielo sempre pi\u00f9 sereno al pomeriggio\/sera. Il freddo torner\u00e0 ad accentuarsi con il passare delle ore.<br \/>\n<b>Precipitazioni: <\/b>In giornata assenti (0%), nottetempo non escluso un po&#8217; di nevischio fino a bassa quota su buona parte della montagna veneta (50\/70%), rischio minore sui settori orientali (inferiore a 50% sui confinanti con il Friuli). Si tratter\u00e0 di apporti irrisori: tracce o non pi\u00f9 di 1\/2 cm.<br \/>\n<b>Temperature: <\/b>Minime stazionarie in quota, in calo nelle valli precedentemente interessate dal Foehn ed in aumento nelle altre zone; massime in calo per un&#8217;avvezione d&#8217;aria pi\u00f9 fredda a tutte le quote (max di 1\/2\u00b0C nei fondovalle prealpini e di -3\/-1\u00b0C a 1000\/1200 m). Su Prealpi a 1500 m min -7\u00b0C max -5\u00b0C, a 2000 m min -9\u00b0C max -7\u00b0C. Su Dolomiti a 2000 m min -10\u00b0C max -7\u00b0C, a 3000 m min -14\u00b0C max -12\u00b0C.<br \/>\n<b>Venti: <\/b>Nelle valli deboli di direzione variabile, salvo qualche rinforzo da nord nei settori pi\u00f9 esposti ai quadranti settentrionali; in quota perlopi\u00f9 moderati da nord-ovest, a tratti ancora tesi sulle cime pi\u00f9 alte, a 10-20 km\/h a 2000 m, a 25-35 km\/h a 3000 m.<\/p>\n<hr \/>\n<p><center><b>Sabato 16<\/b><\/center><b>Tempo atteso: <\/b>Stupenda giornata invernale con sole, cielo sereno e aria limpida ovunque. Non escluso l&#8217;arrivo di nubi alte in tarda serata. L&#8217;ambiente termico sar\u00e0 di nuovo gelido di notte e assai freddo in giornata con persistenza del gelo quasi ovunque, anche nei fondovalle prealpini.<br \/>\n<b>Precipitazioni: <\/b>Assenti (0%).<br \/>\n<b>Temperature: <\/b>In generale calo a tutte le quote, in maniera pi\u00f9 sensibile le minime nelle valli, con forti e diffuse gelate notturne (-7\/10\u00b0C nei fondovalle prealpini, -10\/-15\u00b0C nelle valli dolomitiche e altopiani prealpini, fino a -15\/-20\u00b0C nei posti consuetamente pi\u00f9 freddi. Il gelo si manterr\u00e0 quasi ovunque, anche in giornata, in maniera particolare nei settori in ombra, come in quota, dove l&#8217;effetto wind chill sar\u00e0 moderato. Su Prealpi a 1500 m min -10\u00b0C max -7\u00b0C, a 2000 m min -11\u00b0C max -9\u00b0C. Su Dolomiti a 2000 m min -13\u00b0C max -10\u00b0C, a 3000 m min -16\u00b0C max -14\u00b0C.<br \/>\n<b>Venti: <\/b>Nelle valli deboli di direzione variabile, salvo qualche rinforzo da nord-est in alcune zone prealpine; in quota perlopi\u00f9 settentrionali moderati\/tesi fino sui 2200\/2400 m, ancora forti alle quote pi\u00f9 alte, almeno al mattino, a 10-25 km\/h a 2000 m, a 35-50 km\/h a 3000 m.<\/p>\n<hr \/>\n<p><center><b>Domenica 17<\/b><\/center>Al primo mattino qualche residuo squarcio di sereno, poi nuvolosit\u00e0 stratiforme in aumento, a tratti estesa, specie sui settori dolomitici, mentre ci sar\u00e0 una maggiore chance di schiarite sulle Prealpi. Atmosfera decisamente invernale e, nonostante l&#8217;aumento delle minime, potrebbe fare pi\u00f9 freddo in giornata con debole escursione termica giornaliera. Venti deboli di direzione variabile nelle valli e moderati\/tesi da nord-ovest in quota, in rinforzo fino a forti alla sera.<\/p>\n<hr \/>\n<p><center><b>Lunedi 18<\/b><\/center>In prevalenza soleggiato con temporaneo transito di nubi medio-alte, specie nelle ore centrali del giorno. Temperature minime senza notevoli variazioni e massime in ripresa. venti moderati da nord-ovest in alta quota e da nord-est a 1500 m; deboli di direzione variabile nelle valli. Previsore:R.L.Th.<\/p>\n<\/div>\n<\/div>\n<\/div>\n<\/div>\n<p>&nbsp;<\/p>\n<hr \/>\n<p>&nbsp;<\/p>\n<p><a href=\"https:\/\/www.radiopiu.net\/wordpress\/giornale-radiopiu-15-settembre-2018-direttore-mirko-mezzacasa\/sport-7\/\" rel=\"attachment wp-att-60761\"><img loading=\"lazy\" decoding=\"async\" class=\"aligncenter wp-image-60761 size-full\" src=\"https:\/\/www.radiopiu.net\/wordpress\/wp-content\/uploads\/2018\/09\/sport.jpg\" alt=\"\" width=\"800\" height=\"100\" srcset=\"https:\/\/www.radiopiu.net\/wordpress\/wp-content\/uploads\/2018\/09\/sport.jpg 800w, https:\/\/www.radiopiu.net\/wordpress\/wp-content\/uploads\/2018\/09\/sport-300x38.jpg 300w, https:\/\/www.radiopiu.net\/wordpress\/wp-content\/uploads\/2018\/09\/sport-768x96.jpg 768w\" sizes=\"auto, (max-width: 800px) 100vw, 800px\" \/><\/a><\/p>\n<p>&nbsp;<\/p>\n<p>&nbsp;<\/p>\n<p>&nbsp;<\/p>\n<blockquote>\n<h3>GIAN LUCA COLUSSI, L&#8217;ARCHITETTO CHE PROGETTA VITTORIE E DISEGNA PALLAVOLO<\/h3>\n<\/blockquote>\n<p><em><a href=\"https:\/\/www.radiopiu.net\/wordpress\/giornale-radiopiu-15-gennaio-2021-direttore-mirko-mezzacasa\/gian_luca_colussi_palleggio\/\" rel=\"attachment wp-att-184858\"><img loading=\"lazy\" decoding=\"async\" class=\" wp-image-184858 alignleft\" src=\"https:\/\/www.radiopiu.net\/wordpress\/wp-content\/uploads\/2021\/01\/Gian_Luca_Colussi_palleggio-300x158.jpg\" alt=\"\" width=\"224\" height=\"118\" srcset=\"https:\/\/www.radiopiu.net\/wordpress\/wp-content\/uploads\/2021\/01\/Gian_Luca_Colussi_palleggio-300x158.jpg 300w, https:\/\/www.radiopiu.net\/wordpress\/wp-content\/uploads\/2021\/01\/Gian_Luca_Colussi_palleggio.jpg 644w\" sizes=\"auto, (max-width: 224px) 100vw, 224px\" \/><\/a>\u00abBatteremo ogni record. Questa \u00e8 la preparazione pi\u00f9 lunga della storia. Nemmeno per un\u2019Olimpiade ci si allena cos\u00ec tanto\u00bb.<\/em> Utilizza l\u2019arma dell\u2019ironia, Gian Luca Colussi, per scongiurare le difficolt\u00e0 di una fase caratterizzata dalla pandemia, in cui le partite sono state rimpiazzate dai tamponi, i 3 punti dalle mascherine e il tifo sugli spati dal distanziamento sociale. Ma il virus non rimarr\u00e0 in eterno. E il mondo della pallavolo non vede l\u2019ora di ripartire.\u00a0 In questo senso, non fa eccezione la Da Rold Logistics Belluno, impegnata nel campionato maschile di serie B.\u00a0Il primo ostacolo si chiama Volley Treviso. E dovr\u00e0 essere superato in trasferta (sabato 23, si parte alle ore\u00a018.30):<em> \u00abNon ci poniamo limiti, n\u00e9 obiettivi. Per\u00f2 dobbiamo essere dei trattori: nel senso che non potremo vincere sempre e con facilit\u00e0, ma vorrei che non mollassimo mai. Anche se abbiamo il pantano sotto ai piedi&#8221;<\/em>. Lo dice Colussi, 41 anni appena compiuti e vive a Cordenons, in Friuli. Nella vita di ogni giorno, il palleggiatore \u00e8 un architetto che svolge la libera professione, segue inoltre un centro sportivo \u00e8 maestro di beach volley. \u00a0Infine, una curiosit\u00e0 legata alla famiglia Foroni<em> \u00abHo avuto il piacere di giocare con il padre e ora con il figlio. Andrea, a Cordenons, era la mia \u201cchioccia\u201d: da lui ho imparato moltissimo. E adesso condivido il parquet con il figlio Mattia: agli antipodi rispetto al pap\u00e0. Il primo, eclettico e grintoso, il secondo rigoroso e serio\u00bb.\u00a0<\/em><\/p>\n","protected":false},"excerpt":{"rendered":"<p>PER RICEVERE QUESTO NOTIZIARIO DIRETTAMENTE SUL TUO CELLULARE ISCRIVITI AL CANALE TELEGRAM \u201cRADIO PIU\u00a0 INFORMAZIONE&#8221;\u00a0 ATTENZIONE: LA NUOVA APP PER IOS-IPHONE https:\/\/apps.apple.com\/it\/app\/radio-pi%C3%B9-emittente-agordina\/id1515939845 ATTENZIONE: LA NUOVA APP RADIO\u00a0 PER ANDROID https:\/\/play.google.com\/store\/apps\/details?id=net.radiopiu.iniko\u00a0\u00a0\u00a0\u00a0 &nbsp; \u00a0 Marcella Corr\u00e0 il giornalismo per la vita di Gianni Santomaso alle 15.10 su radio piu&#8217; \u00a0 \u00a0 VIABILITA&#8217;: RIAPERTA LA STRADA PER IL&hellip;<\/p>\n","protected":false},"author":4,"featured_media":184926,"comment_status":"closed","ping_status":"closed","sticky":false,"template":"","format":"standard","meta":{"_monsterinsights_skip_tracking":false,"_monsterinsights_sitenote_active":false,"_monsterinsights_sitenote_note":"","_monsterinsights_sitenote_category":0,"footnotes":""},"categories":[1,51,86,49],"tags":[],"class_list":["post-184729","post","type-post","status-publish","format-standard","has-post-thumbnail","hentry","category-senza-categoria","category-evidenza-top","category-gr","category-news-18","category-1","category-51","category-86","category-49","description-off"],"img_url":"https:\/\/www.radiopiu.net\/wordpress\/wp-content\/uploads\/2021\/01\/20210114_163804.jpg","_links":{"self":[{"href":"https:\/\/www.radiopiu.net\/wordpress\/wp-json\/wp\/v2\/posts\/184729","targetHints":{"allow":["GET"]}}],"collection":[{"href":"https:\/\/www.radiopiu.net\/wordpress\/wp-json\/wp\/v2\/posts"}],"about":[{"href":"https:\/\/www.radiopiu.net\/wordpress\/wp-json\/wp\/v2\/types\/post"}],"author":[{"embeddable":true,"href":"https:\/\/www.radiopiu.net\/wordpress\/wp-json\/wp\/v2\/users\/4"}],"replies":[{"embeddable":true,"href":"https:\/\/www.radiopiu.net\/wordpress\/wp-json\/wp\/v2\/comments?post=184729"}],"version-history":[{"count":0,"href":"https:\/\/www.radiopiu.net\/wordpress\/wp-json\/wp\/v2\/posts\/184729\/revisions"}],"wp:featuredmedia":[{"embeddable":true,"href":"https:\/\/www.radiopiu.net\/wordpress\/wp-json\/wp\/v2\/media\/184926"}],"wp:attachment":[{"href":"https:\/\/www.radiopiu.net\/wordpress\/wp-json\/wp\/v2\/media?parent=184729"}],"wp:term":[{"taxonomy":"category","embeddable":true,"href":"https:\/\/www.radiopiu.net\/wordpress\/wp-json\/wp\/v2\/categories?post=184729"},{"taxonomy":"post_tag","embeddable":true,"href":"https:\/\/www.radiopiu.net\/wordpress\/wp-json\/wp\/v2\/tags?post=184729"}],"curies":[{"name":"wp","href":"https:\/\/api.w.org\/{rel}","templated":true}]}}