{"id":184821,"date":"2021-01-14T12:25:17","date_gmt":"2021-01-14T11:25:17","guid":{"rendered":"https:\/\/www.radiopiu.net\/wordpress\/?p=184821"},"modified":"2021-01-14T13:14:30","modified_gmt":"2021-01-14T12:14:30","slug":"covid19-in-veneto-aggiornamento-da-marghera-parla-zaia","status":"publish","type":"post","link":"https:\/\/www.radiopiu.net\/wordpress\/covid19-in-veneto-aggiornamento-da-marghera-parla-zaia\/","title":{"rendered":"COVID19 IN VENETO, AGGIORNAMENTO DA MARGHERA PARLA ZAIA"},"content":{"rendered":"<p><strong>VENEZIA<\/strong> Punto stampa, aggiornamento covid 19 in Veneto, da Marghera il Presidente Luca Zaia.<\/p>\n<p><strong>I NUMERI <\/strong>TAMPONI MOLECOLARI 3527074 TAMPONI RAPIDI 2202087 INCIDENZA 5,04% POSITIVI IERI 2076 POSTIVI ATTUALI 79285 POSITIVI DA INIZIO PANDEMIA 293795 RICOVERI 3220 AREA NON CRITICA 2869\u00a0 (-119) TERAPIA INTENSI VA 351\u00a0 (-9) DECESSI 7785 (+101)\u00a0 DIMESSI 12465<\/p>\n<p><strong><span style=\"color: #ff0000;\">VACCINI 87147 PERCENTUALE IN MAGAZZINO 75% Sono arrivate le 7800 dosi\u00a0 di Moderna per gli over 80.<\/span><\/strong><\/p>\n<blockquote>\n<h2>LEGGI LA CONFERENZA STAMPA DI LUCA ZAIA<\/h2>\n<\/blockquote>\n<p><em>L&#8217;indice di contagio Rt in Veneto \u00e8 pari a 0,96 da zona gialla ma la regione \u00e8 in arancione. \u00a0Le Regioni sono solide chiss\u00e0 se i nostri interlocutori saranno altrettanto solidi.<\/em><\/p>\n<p>Dalla riunione mattutina con il Governo la prima novit\u00e0 sul DPCM: la riduzione dei confini regionali \u00e8 ridotta al 14 febbraio, non pi\u00f9 a marzo, ma serviranno\u00a0 i &#8220;tagliandi&#8221; strada facendo per il controllo dei dati. Ora serve unifornit\u00e0 dei dati: da\u00a0 domani ci sar\u00e0\u00a0 nel bollettino la colonna dei tamponi rapidi. VACCINI\u00a0 abbiamo pensato di lavorare per creare un magazzino prudenziale di ogni regione, oltre al quale per\u00f2 non si danno pi\u00f9 vaccini. La fornitura di Pfizer continua con 40mila a settimana, Moderna ha una fornitura pi\u00f9 esigua ma il 29 gennaio ci sar\u00e0 la valutazione Ema per AstraZeneca e con quello potremmo chiudere la partita vaccinale prima dell&#8217;estate. TERZA ONDATA \u00e8 arrivata, il contagio risale, noi dobbiamo fare in modo che non risalga anche da noi con il rigore nel rispetto delle norme con i vaccini puntiamo a una mini immunit\u00e0 di gregge.<\/p>\n<p><strong>VICENDA DONAZZAN LA LEGA SOSTIENE LA MOZIONE? RITIRA LE DELEGHE?<\/strong> Intanto non \u00e8 una mozione di sfiducia, vedremo che discussione emerger\u00e0. Ho chiesto le scuse che mi risulta siano state presentate. Tutto \u00e8 riferito alla discussione del consiglio davanti alla mozione di riserva. In consiglio ci sar\u00e0 la discussione. E&#8217; un fatto infelice da condannare e non voglio aggiungere altri contenuti. Questa amministrazione \u00e8 contro le legge razziali, io totalitarismo e la dittatura. So che era un contesto di goliardia, improvvido andarci in un momento come questo. Questa amminsitrazione \u00e8 per il rispetto di tutti e non avvallo argomentazioni fasciste.Non \u00e8 stato scritto un manifesto fascista, comunque \u00e8 una leggerezza da condannare. <strong>DA QUI A MAGGIO PUO&#8217; SUCCEDERE DI TUTTO\u00a0<\/strong>Serviranno nuove regole per la fase di convivenza con il virus. Pi\u00f9 attenzione al tema della salute. Se avessimo il test fai da te gratis con la ricetta \u00e8 innegabile che renderebbe sicuro il ristorante se usato sul cliente con un grande screening di massa. Questo dovrebbe entrare nel piano di sanit\u00e0 pubblica. <strong>VENERDI L&#8217;INIZIATIVA IO APRO<\/strong> Sono lavoratori per bene che sono in difficolt\u00e0, molti non riapriranno nemmeno pi\u00f9. Le difficolt\u00e0 sono molte e da quanto ne so io i ristori non arrivano in maniera copiosa. Vedremo con i nuovi ristori con lo scostamento di bilancio.<strong>CRISI POLITICA NELLA CRISI SANITARIA<\/strong> Ci mancava solo la crisi politica, nel momento pi\u00f9 sbagliato. Spero che si risolva in fretta con le opzioni possibili. Immagino che di elezioni non se ne parla. <strong>PERCHE&#8217; C&#8217;E&#8217; LA PANDEMIA?<\/strong> Ho sempre dichiarato che le elezioni sono sanificatorie, in questo periodo sarebbero problematiche per un problema di sanit\u00e0 pubblica e poi il tunnel di un lungo periodo senza governo. Le Regioni sono solide, la Regione non si ferma. <strong>OGGI IL DPCM<\/strong> Non ho visto il testo finale. I governatori chiedono da sempre una scelta dettata dal parametro scientifico dell&#8217;Istituto Superiore delle Sanit\u00e0. Abbiamo chiesto a pi\u00f9 voci di rivedere il tema dell&#8217;asporto per i Bar\u00a0 anche dopo le 18 cio\u00e8 come i ristoranti fino alle 22. <strong>MALATI ONCOLOGICI DA VACCINARE<\/strong> Sono una priorit\u00e0, dopo ospedali e case di riposo. Mi sembra siano 11mila.<\/p>\n<p>&nbsp;<\/p>\n<p><a href=\"https:\/\/www.facebook.com\/zaiaufficiale\/videos\/259706165499882\">https:\/\/www.facebook.com\/zaiaufficiale\/videos\/259706165499882<\/a><\/p>\n","protected":false},"excerpt":{"rendered":"<p>VENEZIA Punto stampa, aggiornamento covid 19 in Veneto, da Marghera il Presidente Luca Zaia. I NUMERI TAMPONI MOLECOLARI 3527074 TAMPONI RAPIDI 2202087 INCIDENZA 5,04% POSITIVI IERI 2076 POSTIVI ATTUALI 79285 POSITIVI DA INIZIO PANDEMIA 293795 RICOVERI 3220 AREA NON CRITICA 2869\u00a0 (-119) TERAPIA INTENSI VA 351\u00a0 (-9) DECESSI 7785 (+101)\u00a0 DIMESSI 12465 VACCINI 87147 PERCENTUALE&hellip;<\/p>\n","protected":false},"author":4,"featured_media":175390,"comment_status":"closed","ping_status":"closed","sticky":false,"template":"","format":"standard","meta":{"_monsterinsights_skip_tracking":false,"_monsterinsights_sitenote_active":false,"_monsterinsights_sitenote_note":"","_monsterinsights_sitenote_category":0,"footnotes":""},"categories":[51,49],"tags":[],"class_list":["post-184821","post","type-post","status-publish","format-standard","has-post-thumbnail","hentry","category-evidenza-top","category-news-18","category-51","category-49","description-off"],"img_url":"https:\/\/www.radiopiu.net\/wordpress\/wp-content\/uploads\/2020\/11\/ZAIA-2.jpg","_links":{"self":[{"href":"https:\/\/www.radiopiu.net\/wordpress\/wp-json\/wp\/v2\/posts\/184821","targetHints":{"allow":["GET"]}}],"collection":[{"href":"https:\/\/www.radiopiu.net\/wordpress\/wp-json\/wp\/v2\/posts"}],"about":[{"href":"https:\/\/www.radiopiu.net\/wordpress\/wp-json\/wp\/v2\/types\/post"}],"author":[{"embeddable":true,"href":"https:\/\/www.radiopiu.net\/wordpress\/wp-json\/wp\/v2\/users\/4"}],"replies":[{"embeddable":true,"href":"https:\/\/www.radiopiu.net\/wordpress\/wp-json\/wp\/v2\/comments?post=184821"}],"version-history":[{"count":0,"href":"https:\/\/www.radiopiu.net\/wordpress\/wp-json\/wp\/v2\/posts\/184821\/revisions"}],"wp:featuredmedia":[{"embeddable":true,"href":"https:\/\/www.radiopiu.net\/wordpress\/wp-json\/wp\/v2\/media\/175390"}],"wp:attachment":[{"href":"https:\/\/www.radiopiu.net\/wordpress\/wp-json\/wp\/v2\/media?parent=184821"}],"wp:term":[{"taxonomy":"category","embeddable":true,"href":"https:\/\/www.radiopiu.net\/wordpress\/wp-json\/wp\/v2\/categories?post=184821"},{"taxonomy":"post_tag","embeddable":true,"href":"https:\/\/www.radiopiu.net\/wordpress\/wp-json\/wp\/v2\/tags?post=184821"}],"curies":[{"name":"wp","href":"https:\/\/api.w.org\/{rel}","templated":true}]}}