{"id":184843,"date":"2021-01-14T13:54:17","date_gmt":"2021-01-14T12:54:17","guid":{"rendered":"https:\/\/www.radiopiu.net\/wordpress\/?p=184843"},"modified":"2021-01-14T14:50:20","modified_gmt":"2021-01-14T13:50:20","slug":"provinciale-del-mis-sempre-chiusa-tiser-lancia-la-sfida-agli-amministratori","status":"publish","type":"post","link":"https:\/\/www.radiopiu.net\/wordpress\/provinciale-del-mis-sempre-chiusa-tiser-lancia-la-sfida-agli-amministratori\/","title":{"rendered":"PROVINCIALE DEL MIS SEMPRE CHIUSA, TISER LANCIA LA SFIDA AGLI AMMINISTRATORI"},"content":{"rendered":"<p><strong>TAIBON<\/strong> Da inizio dicembre ne sono passati di giorni, nel frattempo sono stati ristrutturati argini, riaperto al traffico le strade regionali, provinciali, comunali e anche qualche sentiero, ma non la provinciale del Mis chiusa perch\u00e9 il torrente ha eroso gli argini mangiandosi parte della strada, ma non tutta da lato a lato. Da allora sono stati messi i cartelli di chiusura. S&#8217;alzano le protesta da una parte dell&#8217;Agordino che agli amministratori locali impartisce una lezione importante in quanto a spopolamento. Non chiacchiere da Tiser, ma numeri. Partite iva e disagi per chi ha deciso di rimanere in montagna. Temerari che meritano rispetto se non altro <a href=\"https:\/\/www.radiopiu.net\/wordpress\/provinciale-del-mis-sempre-chiusa-tiser-lancia-la-sfida-agli-amministratori\/download-1083\/\" rel=\"attachment wp-att-184846\"><img loading=\"lazy\" decoding=\"async\" class=\"size-full wp-image-184846 alignleft\" src=\"https:\/\/www.radiopiu.net\/wordpress\/wp-content\/uploads\/2021\/01\/download-18.jpg\" alt=\"\" width=\"174\" height=\"290\" \/><\/a>perch\u00e9 a tutti i dibattiti non c&#8217;\u00e8 politico che non si riempia la bocca della parola spopolamento in montagna, ma alla prova dei fatti da Tiser viene fatta notare poca attenzione che non conferma le belle idee da conferenza.<\/p>\n<blockquote><p><em>Piu&#8217; di 30 persone hanno firmato la lettera inviata al Presidente della Provincia Roberto Padrin e per conoscenza al Presidente della Regione, ai sindaci di Gosaldo, Sospirolo e Rivamonte ed a Veneto Strade.\u00a0<\/em><\/p><\/blockquote>\n<p><strong>TISER &#8211; GOSALDO <\/strong>Come spesso accade ci troviamo oggi a distanza di molti giorni dagli ultimi eventi alluvionali a dover combattere per il ripristino della vitabilit\u00e0 in Valle del Mis. La strada \u00e8 ancora chiusa al traffico a causa di un breve tratto collassato al 18esimo chilometro, tratto che in attesa dell&#8217;intervento definitivo potrebbe essere almeno e provvisoriamente sistemato a corsia unica con transito a senso unico alternato. La criticit\u00e0 era stata gi\u00e0 evidenziata in occasione degli eventi di Vaia nel sopralluogo dell&#8217;autunno 2018, alla quale per\u00f2 non sono seguiti i lavori, se fatti allora potevano avere minore impatto economico. La vallata di Tiser come tutto il Comune di Gosaldo ha patito un grande spopolamento e le persone rimaste e nuove hanno trovato evidentemente un valore aggiunto che la politica locale stenta ad apprezzare. Le attivit\u00e0 economiche avrebbero maggior riscontro con una viabilit\u00e0 in ordine.\u00a0 Oltre alle attivit\u00e0 economiche dell&#8217;immediato circondario si ricordano quelle della parte alta di Gosaldo. Attivit\u00e0 come il progetto Desma per il rilancio di Forcella Aurine; l&#8217;agriturismo azienda agricola Liliana; gli esercizi commerciali storici, ma anche le attivit\u00e0 di Rivamonte e Tiser in totale 13 partite iva: 2 edilizia, 2 lattoneria, 2 disegno industriale, 1 grafico, 1 coltellinaio-arrotino, 1 scultore in legno, 1 attivit\u00e0 di traduzione, 1 commercio ambulante, 3 B&amp;B 1 agriturismo. In questo momento la vallata \u00e8 stata privata del servizio di trasporto pubblico a causa della mancata sicurezza stradale (ci sono ancora danni di Vaia da sistemare lungo la provinciale 2) quindi se manca la sicurezza si dovrebbe intervenire in somma urgenza anche per quei &#8220;temerari&#8221; e obbligati abitanti-lavoratori che a loro rischio e pericolo si muovono con mezzi propri. La strada del Mis \u00e8 stato detto pi\u00f9 volte \u00e8 l&#8217;utile via di sfogo alla regionale 203 agordina quando entra in crisi, spesso percorso per manifestazioni d&#8217;auto d&#8217;epoca, ciclismo e inserita nei circuiti dei motociclisti, italiani e stranieri. Per questo interesse turistico ci dovrebbe essere interesse, almeno il giusto. Con questa lettera pretendiamo che chi ha competenza o meglio se ne arroga l&#8217;onere non sfugga ancora o si nasconda dietro promesse. Piuttosto che proceda speditamente per risolvere la situazione e garantire subito la circolazione stradale in attesa, che sia breve,\u00a0 per soluzioni definitive o che almeno non in condizioni di precariet\u00e0.<\/p>\n<h3>IL PENSIERO DEL PARROCO DON FABIANO<\/h3>\n<blockquote><p><em><a href=\"https:\/\/www.radiopiu.net\/wordpress\/provinciale-del-mis-sempre-chiusa-tiser-lancia-la-sfida-agli-amministratori\/pp-45\/\" rel=\"attachment wp-att-184852\"><img loading=\"lazy\" decoding=\"async\" class=\" wp-image-184852 alignleft\" src=\"https:\/\/www.radiopiu.net\/wordpress\/wp-content\/uploads\/2021\/01\/pp-300x300.jpg\" alt=\"\" width=\"155\" height=\"155\" srcset=\"https:\/\/www.radiopiu.net\/wordpress\/wp-content\/uploads\/2021\/01\/pp-300x300.jpg 300w, https:\/\/www.radiopiu.net\/wordpress\/wp-content\/uploads\/2021\/01\/pp-150x150.jpg 150w, https:\/\/www.radiopiu.net\/wordpress\/wp-content\/uploads\/2021\/01\/pp.jpg 333w\" sizes=\"auto, (max-width: 155px) 100vw, 155px\" \/><\/a>Penso proprio che il nuovo appello degli abitanti di Tiser affinch\u00e9 si tengano presenti le necessit\u00e0 della strada della Valle del Mis, possa essere per il mondo amministrativo e politico una sfida interessante. La si pu\u00f2 accogliere, intervenendo in tutti i modi possibili, oppure la si pu\u00f2 ignorare, continuando a piangerci addosso per i problemi legati allo spopolamento della montagna. Non mi permetto certo di entrare nelle complesse dinamiche gestionali, ma lo sguardo si volge ad un territorio costellato di piccole frazioni dove persone dalle diverse storie e vicende hanno scelto di vivere. E lo fanno con una tenacia encomiabile! Dove anziani chiedono il rispetto per poter continuare a coltivare il legame con le proprie radici. Dove alcuni audaci hanno avviato la loro attivit\u00e0 professionale, credendo nella strada percorsa. Qualcuno potr\u00e0 per l&#8217;ennesima volta dirmi che il prete deve stare in sacrestia&#8230;la Valle del Mis \u00e8 sbocco naturale per la vita e le vicende di una vallata e della sua gente! E le preoccupazioni e le amarezze della propria gente&#8230;giungono al prete&#8230;anche se sta in chiesa! don Fabiano Del Favero, parroco di Tiser<\/em><\/p><\/blockquote>\n","protected":false},"excerpt":{"rendered":"<p>TAIBON Da inizio dicembre ne sono passati di giorni, nel frattempo sono stati ristrutturati argini, riaperto al traffico le strade regionali, provinciali, comunali e anche qualche sentiero, ma non la provinciale del Mis chiusa perch\u00e9 il torrente ha eroso gli argini mangiandosi parte della strada, ma non tutta da lato a lato. Da allora sono&hellip;<\/p>\n","protected":false},"author":4,"featured_media":184844,"comment_status":"closed","ping_status":"closed","sticky":false,"template":"","format":"standard","meta":{"_monsterinsights_skip_tracking":false,"_monsterinsights_sitenote_active":false,"_monsterinsights_sitenote_note":"","_monsterinsights_sitenote_category":0,"footnotes":""},"categories":[51,49],"tags":[],"class_list":["post-184843","post","type-post","status-publish","format-standard","has-post-thumbnail","hentry","category-evidenza-top","category-news-18","category-51","category-49","description-off"],"img_url":"https:\/\/www.radiopiu.net\/wordpress\/wp-content\/uploads\/2021\/01\/dowenload.jpg","_links":{"self":[{"href":"https:\/\/www.radiopiu.net\/wordpress\/wp-json\/wp\/v2\/posts\/184843","targetHints":{"allow":["GET"]}}],"collection":[{"href":"https:\/\/www.radiopiu.net\/wordpress\/wp-json\/wp\/v2\/posts"}],"about":[{"href":"https:\/\/www.radiopiu.net\/wordpress\/wp-json\/wp\/v2\/types\/post"}],"author":[{"embeddable":true,"href":"https:\/\/www.radiopiu.net\/wordpress\/wp-json\/wp\/v2\/users\/4"}],"replies":[{"embeddable":true,"href":"https:\/\/www.radiopiu.net\/wordpress\/wp-json\/wp\/v2\/comments?post=184843"}],"version-history":[{"count":0,"href":"https:\/\/www.radiopiu.net\/wordpress\/wp-json\/wp\/v2\/posts\/184843\/revisions"}],"wp:featuredmedia":[{"embeddable":true,"href":"https:\/\/www.radiopiu.net\/wordpress\/wp-json\/wp\/v2\/media\/184844"}],"wp:attachment":[{"href":"https:\/\/www.radiopiu.net\/wordpress\/wp-json\/wp\/v2\/media?parent=184843"}],"wp:term":[{"taxonomy":"category","embeddable":true,"href":"https:\/\/www.radiopiu.net\/wordpress\/wp-json\/wp\/v2\/categories?post=184843"},{"taxonomy":"post_tag","embeddable":true,"href":"https:\/\/www.radiopiu.net\/wordpress\/wp-json\/wp\/v2\/tags?post=184843"}],"curies":[{"name":"wp","href":"https:\/\/api.w.org\/{rel}","templated":true}]}}