{"id":184866,"date":"2021-01-14T15:17:11","date_gmt":"2021-01-14T14:17:11","guid":{"rendered":"https:\/\/www.radiopiu.net\/wordpress\/?p=184866"},"modified":"2021-01-14T15:19:24","modified_gmt":"2021-01-14T14:19:24","slug":"luchetta-non-mette-in-discussione-le-ragioni-degli-abitanti-di-tiser-la-provincia-lavora-per-dare-queste-risposte","status":"publish","type":"post","link":"https:\/\/www.radiopiu.net\/wordpress\/luchetta-non-mette-in-discussione-le-ragioni-degli-abitanti-di-tiser-la-provincia-lavora-per-dare-queste-risposte\/","title":{"rendered":"LUCHETTA NON METTE IN DISCUSSIONE LE RAGIONI DEGLI ABITANTI DI TISER &#8220;LA PROVINCIA LAVORA PER DARE QUESTE RISPOSTE&#8221;"},"content":{"rendered":"<p><strong><a href=\"https:\/\/www.radiopiu.net\/wordpress\/?attachment_id=184887\" rel=\"attachment wp-att-184887\"><img loading=\"lazy\" decoding=\"async\" class=\" wp-image-184887 alignleft\" src=\"https:\/\/www.radiopiu.net\/wordpress\/wp-content\/uploads\/2021\/01\/cd3bcc78-19c7-4791-bf09-ecb3f8481765-300x225.jpg\" alt=\"\" width=\"167\" height=\"125\" srcset=\"https:\/\/www.radiopiu.net\/wordpress\/wp-content\/uploads\/2021\/01\/cd3bcc78-19c7-4791-bf09-ecb3f8481765-300x225.jpg 300w, https:\/\/www.radiopiu.net\/wordpress\/wp-content\/uploads\/2021\/01\/cd3bcc78-19c7-4791-bf09-ecb3f8481765-768x576.jpg 768w, https:\/\/www.radiopiu.net\/wordpress\/wp-content\/uploads\/2021\/01\/cd3bcc78-19c7-4791-bf09-ecb3f8481765.jpg 1024w\" sizes=\"auto, (max-width: 167px) 100vw, 167px\" \/><\/a>TAIBON<\/strong> Il consigliere provinciale con delega alla viabilit\u00e0 Fabio Luchetta risponde alla lettera firmata da oltre 30 persone a Tiser di Gosaldo. Una forma di pacifica protesta per sottolineare come a distanza di tante settimane (inizio dicembre) la provinciale 3 del Mis sia ancora chiusa dopo l&#8217;erosione di parte della carreggiata al 18esimo chilometro (verso Sospirolo).<\/p>\n<p><strong>L&#8217;INTERVENTO DI FABIO LUCHETTA Provinciale 2 della Valle del Mis, Luchetta: \u00abIl progetto \u00e8 pronto, per i lavori bisogna attendere la primavera\u00bb<\/strong><\/p>\n<audio class=\"wp-audio-shortcode\" id=\"audio-184866-1\" preload=\"none\" style=\"width: 100%;\" controls=\"controls\"><source type=\"audio\/mpeg\" src=\"https:\/\/www.radiopiu.net\/wordpress\/wp-content\/uploads\/2021\/01\/FABIO.mp3?_=1\" \/><a href=\"https:\/\/www.radiopiu.net\/wordpress\/wp-content\/uploads\/2021\/01\/FABIO.mp3\">https:\/\/www.radiopiu.net\/wordpress\/wp-content\/uploads\/2021\/01\/FABIO.mp3<\/a><\/audio>\n<p>&nbsp;<\/p>\n<p>\u00abLa volont\u00e0 \u00e8 di riaprire la strada, ma solo dopo aver ripristinato le condizioni di sicurezza. Non possiamo permettere un passaggio che non garantisca totalmente l\u2019incolumit\u00e0 delle auto e dei cittadini\u00bb. \u00c8 quanto afferma il consigliere provinciale delegato alle infrastrutture, Fabio Luchetta, in risposta alla lettera inviata dai cittadini di Tiser e Gosaldo alla Provincia, per chiedere la riapertura a senso unico alternato della Sp 2 della Valle del Mis.<br \/>\n\u00abLa strada \u00e8 chiusa da inizio dicembre, quando l\u2019evento alluvionale ha gonfiato il torrente Mis, fino a erodere l\u2019argine in cemento armato. Il crollo dell\u2019argine ha trascinato gi\u00f9 anche una vasta porzione della strada, diciamo una corsia e mezza. Ed \u00e8 per questo che oggi non \u00e8 possibile riaprire il transito, neanche a senso unico alternato, perch\u00e9 mancano le condizioni di sicurezza. Va detto per\u00f2 che non siamo rimasti fermi, nelle ultime settimane. Veneto Strade, sollecitato sul tema, ha gi\u00e0 preparato il progetto, prevedendo la realizzazione di opere speciali e di un nuovo muro in cemento armato. L\u2019operazione sar\u00e0 messa a gara a brevissimo, ma per l\u2019esecuzione dei lavori \u00e8 necessario attendere la bella stagione, visto che oggi neve e ghiaccio rendono impossibile la gettata di cemento. Appena le condizioni meteo renderanno possibile l\u2019avvio del cantiere, potr\u00e0 partire l\u2019opera. Ci rendiamo conto del disagio della popolazione di Tiser e Gosaldo. L\u2019impegno della Provincia \u00e8 massimo e abbiamo gi\u00e0 previsto l\u2019investimento di 650mila euro per realizzare il progetto di messa in sicurezza e ripristino\u00bb.<\/p>\n<p><strong>FOTO GALLERY, SITUAZIONE ATTUALE<\/strong><\/p>\n\n\t\t\t<style type='text\/css'>\n\t\t\t\t#gallery-1 {\n\t\t\t\t\tmargin: auto;\n\t\t\t\t}\n\t\t\t\t#gallery-1 .gallery-item {\n\t\t\t\t\tfloat: left;\n\t\t\t\t\tmargin-top: 10px;\n\t\t\t\t\ttext-align: center;\n\t\t\t\t\twidth: 25%;\n\t\t\t\t}\n\t\t\t\t#gallery-1 img {\n\t\t\t\t\tborder: 2px solid #cfcfcf;\n\t\t\t\t}\n\t\t\t\t#gallery-1 .gallery-caption {\n\t\t\t\t\tmargin-left: 0;\n\t\t\t\t}\n\t\t\t\t\/* see gallery_shortcode() in wp-includes\/media.php *\/\n\t\t\t<\/style>\n\t\t<div id='gallery-1' class='dt-gallery-container gallery galleryid-184866 gallery-columns-4 gallery-size-thumbnail'><dl class='gallery-item'>\n\t\t\t\t<dt class='gallery-icon portrait'>\n\t\t\t\t\t<a class=\"rollover rollover-zoom dt-pswp-item\" title=\"3d47bd5b-b977-43f2-ac99-fa45593b56b5\" data-dt-img-description=\"\" data-large_image_width=\"768\" data-large_image_height=\"1024\"href='https:\/\/www.radiopiu.net\/wordpress\/wp-content\/uploads\/2021\/01\/3d47bd5b-b977-43f2-ac99-fa45593b56b5.jpg'><img loading=\"lazy\" decoding=\"async\" width=\"150\" height=\"150\" src=\"https:\/\/www.radiopiu.net\/wordpress\/wp-content\/uploads\/2021\/01\/3d47bd5b-b977-43f2-ac99-fa45593b56b5-150x150.jpg\" class=\"attachment-thumbnail size-thumbnail\" alt=\"\" \/><\/a>\n\t\t\t\t<\/dt><\/dl><dl class='gallery-item'>\n\t\t\t\t<dt class='gallery-icon portrait'>\n\t\t\t\t\t<a class=\"rollover rollover-zoom dt-pswp-item\" title=\"fd2bd7c9-8114-4a87-906c-abafd03fbb03\" data-dt-img-description=\"\" data-large_image_width=\"768\" data-large_image_height=\"1024\"href='https:\/\/www.radiopiu.net\/wordpress\/wp-content\/uploads\/2021\/01\/fd2bd7c9-8114-4a87-906c-abafd03fbb03.jpg'><img loading=\"lazy\" decoding=\"async\" width=\"150\" height=\"150\" src=\"https:\/\/www.radiopiu.net\/wordpress\/wp-content\/uploads\/2021\/01\/fd2bd7c9-8114-4a87-906c-abafd03fbb03-150x150.jpg\" class=\"attachment-thumbnail size-thumbnail\" alt=\"\" \/><\/a>\n\t\t\t\t<\/dt><\/dl><dl class='gallery-item'>\n\t\t\t\t<dt class='gallery-icon landscape'>\n\t\t\t\t\t<a class=\"rollover rollover-zoom dt-pswp-item\" title=\"e3f05d97-d428-414e-ab01-2f63fd0de8db\" data-dt-img-description=\"\" data-large_image_width=\"1024\" data-large_image_height=\"768\"href='https:\/\/www.radiopiu.net\/wordpress\/wp-content\/uploads\/2021\/01\/e3f05d97-d428-414e-ab01-2f63fd0de8db.jpg'><img loading=\"lazy\" decoding=\"async\" width=\"150\" height=\"150\" src=\"https:\/\/www.radiopiu.net\/wordpress\/wp-content\/uploads\/2021\/01\/e3f05d97-d428-414e-ab01-2f63fd0de8db-150x150.jpg\" class=\"attachment-thumbnail size-thumbnail\" alt=\"\" \/><\/a>\n\t\t\t\t<\/dt><\/dl><dl class='gallery-item'>\n\t\t\t\t<dt class='gallery-icon landscape'>\n\t\t\t\t\t<a class=\"rollover rollover-zoom dt-pswp-item\" title=\"12319eb4-0726-4d80-ab23-8fb47782119f\" data-dt-img-description=\"\" data-large_image_width=\"1024\" data-large_image_height=\"768\"href='https:\/\/www.radiopiu.net\/wordpress\/wp-content\/uploads\/2021\/01\/12319eb4-0726-4d80-ab23-8fb47782119f.jpg'><img loading=\"lazy\" decoding=\"async\" width=\"150\" height=\"150\" src=\"https:\/\/www.radiopiu.net\/wordpress\/wp-content\/uploads\/2021\/01\/12319eb4-0726-4d80-ab23-8fb47782119f-150x150.jpg\" class=\"attachment-thumbnail size-thumbnail\" alt=\"\" \/><\/a>\n\t\t\t\t<\/dt><\/dl><br style=\"clear: both\" \/><dl class='gallery-item'>\n\t\t\t\t<dt class='gallery-icon portrait'>\n\t\t\t\t\t<a class=\"rollover rollover-zoom dt-pswp-item\" title=\"c4cfc743-7933-4d99-a6e2-f08763a04bcf\" data-dt-img-description=\"\" data-large_image_width=\"614\" data-large_image_height=\"1024\"href='https:\/\/www.radiopiu.net\/wordpress\/wp-content\/uploads\/2021\/01\/c4cfc743-7933-4d99-a6e2-f08763a04bcf.jpg'><img loading=\"lazy\" decoding=\"async\" width=\"150\" height=\"150\" src=\"https:\/\/www.radiopiu.net\/wordpress\/wp-content\/uploads\/2021\/01\/c4cfc743-7933-4d99-a6e2-f08763a04bcf-150x150.jpg\" class=\"attachment-thumbnail size-thumbnail\" alt=\"\" \/><\/a>\n\t\t\t\t<\/dt><\/dl><dl class='gallery-item'>\n\t\t\t\t<dt class='gallery-icon landscape'>\n\t\t\t\t\t<a class=\"rollover rollover-zoom dt-pswp-item\" title=\"cd3bcc78-19c7-4791-bf09-ecb3f8481765\" data-dt-img-description=\"\" data-large_image_width=\"1024\" data-large_image_height=\"768\"href='https:\/\/www.radiopiu.net\/wordpress\/wp-content\/uploads\/2021\/01\/cd3bcc78-19c7-4791-bf09-ecb3f8481765.jpg'><img loading=\"lazy\" decoding=\"async\" width=\"150\" height=\"150\" src=\"https:\/\/www.radiopiu.net\/wordpress\/wp-content\/uploads\/2021\/01\/cd3bcc78-19c7-4791-bf09-ecb3f8481765-150x150.jpg\" class=\"attachment-thumbnail size-thumbnail\" alt=\"\" \/><\/a>\n\t\t\t\t<\/dt><\/dl><dl class='gallery-item'>\n\t\t\t\t<dt class='gallery-icon portrait'>\n\t\t\t\t\t<a class=\"rollover rollover-zoom dt-pswp-item\" title=\"9debaf0e-090f-42a6-a495-5547e454f78f\" data-dt-img-description=\"\" data-large_image_width=\"768\" data-large_image_height=\"1024\"href='https:\/\/www.radiopiu.net\/wordpress\/wp-content\/uploads\/2021\/01\/9debaf0e-090f-42a6-a495-5547e454f78f.jpg'><img loading=\"lazy\" decoding=\"async\" width=\"150\" height=\"150\" src=\"https:\/\/www.radiopiu.net\/wordpress\/wp-content\/uploads\/2021\/01\/9debaf0e-090f-42a6-a495-5547e454f78f-150x150.jpg\" class=\"attachment-thumbnail size-thumbnail\" alt=\"\" \/><\/a>\n\t\t\t\t<\/dt><\/dl><dl class='gallery-item'>\n\t\t\t\t<dt class='gallery-icon landscape'>\n\t\t\t\t\t<a class=\"rollover rollover-zoom dt-pswp-item\" title=\"d83dbe75-9f92-424a-8494-62905975581b\" data-dt-img-description=\"\" data-large_image_width=\"1024\" data-large_image_height=\"768\"href='https:\/\/www.radiopiu.net\/wordpress\/wp-content\/uploads\/2021\/01\/d83dbe75-9f92-424a-8494-62905975581b.jpg'><img loading=\"lazy\" decoding=\"async\" width=\"150\" height=\"150\" src=\"https:\/\/www.radiopiu.net\/wordpress\/wp-content\/uploads\/2021\/01\/d83dbe75-9f92-424a-8494-62905975581b-150x150.jpg\" class=\"attachment-thumbnail size-thumbnail\" alt=\"\" \/><\/a>\n\t\t\t\t<\/dt><\/dl><br style=\"clear: both\" \/>\n\t\t\t<\/div>\n\n<p>&nbsp;<\/p>\n<p>&nbsp;<\/p>\n","protected":false},"excerpt":{"rendered":"<p>TAIBON Il consigliere provinciale con delega alla viabilit\u00e0 Fabio Luchetta risponde alla lettera firmata da oltre 30 persone a Tiser di Gosaldo. Una forma di pacifica protesta per sottolineare come a distanza di tante settimane (inizio dicembre) la provinciale 3 del Mis sia ancora chiusa dopo l&#8217;erosione di parte della carreggiata al 18esimo chilometro (verso&hellip;<\/p>\n","protected":false},"author":4,"featured_media":184887,"comment_status":"closed","ping_status":"closed","sticky":false,"template":"","format":"standard","meta":{"_monsterinsights_skip_tracking":false,"_monsterinsights_sitenote_active":false,"_monsterinsights_sitenote_note":"","_monsterinsights_sitenote_category":0,"footnotes":""},"categories":[51,49],"tags":[],"class_list":["post-184866","post","type-post","status-publish","format-standard","has-post-thumbnail","hentry","category-evidenza-top","category-news-18","category-51","category-49","description-off"],"img_url":"https:\/\/www.radiopiu.net\/wordpress\/wp-content\/uploads\/2021\/01\/cd3bcc78-19c7-4791-bf09-ecb3f8481765.jpg","_links":{"self":[{"href":"https:\/\/www.radiopiu.net\/wordpress\/wp-json\/wp\/v2\/posts\/184866","targetHints":{"allow":["GET"]}}],"collection":[{"href":"https:\/\/www.radiopiu.net\/wordpress\/wp-json\/wp\/v2\/posts"}],"about":[{"href":"https:\/\/www.radiopiu.net\/wordpress\/wp-json\/wp\/v2\/types\/post"}],"author":[{"embeddable":true,"href":"https:\/\/www.radiopiu.net\/wordpress\/wp-json\/wp\/v2\/users\/4"}],"replies":[{"embeddable":true,"href":"https:\/\/www.radiopiu.net\/wordpress\/wp-json\/wp\/v2\/comments?post=184866"}],"version-history":[{"count":0,"href":"https:\/\/www.radiopiu.net\/wordpress\/wp-json\/wp\/v2\/posts\/184866\/revisions"}],"wp:featuredmedia":[{"embeddable":true,"href":"https:\/\/www.radiopiu.net\/wordpress\/wp-json\/wp\/v2\/media\/184887"}],"wp:attachment":[{"href":"https:\/\/www.radiopiu.net\/wordpress\/wp-json\/wp\/v2\/media?parent=184866"}],"wp:term":[{"taxonomy":"category","embeddable":true,"href":"https:\/\/www.radiopiu.net\/wordpress\/wp-json\/wp\/v2\/categories?post=184866"},{"taxonomy":"post_tag","embeddable":true,"href":"https:\/\/www.radiopiu.net\/wordpress\/wp-json\/wp\/v2\/tags?post=184866"}],"curies":[{"name":"wp","href":"https:\/\/api.w.org\/{rel}","templated":true}]}}