{"id":184898,"date":"2021-01-14T15:42:51","date_gmt":"2021-01-14T14:42:51","guid":{"rendered":"https:\/\/www.radiopiu.net\/wordpress\/?p=184898"},"modified":"2021-01-14T15:42:51","modified_gmt":"2021-01-14T14:42:51","slug":"bollo-auto-calzavara-allo-studio-la-nuova-convenzione-con-tutte-le-apa-del-veneto-per-rivedere-laccessibilita-e-la-fruibilita-del-servizio","status":"publish","type":"post","link":"https:\/\/www.radiopiu.net\/wordpress\/bollo-auto-calzavara-allo-studio-la-nuova-convenzione-con-tutte-le-apa-del-veneto-per-rivedere-laccessibilita-e-la-fruibilita-del-servizio\/","title":{"rendered":"BOLLO AUTO. CALZAVARA, \u201cALLO STUDIO LA NUOVA CONVENZIONE CON TUTTE LE APA DEL VENETO, PER RIVEDERE L\u2019ACCESSIBILITA\u2019 E LA FRUIBILITA\u2019 DEL SERVIZIO\u201d"},"content":{"rendered":"<p><strong><a href=\"https:\/\/www.radiopiu.net\/wordpress\/belluno-in-vigore-lordinanza-antismog-deroga-anche-per-chi-assiste-persone-in-isolamento-covid\/scarico-auto\/\" rel=\"attachment wp-att-164611\"><img loading=\"lazy\" decoding=\"async\" class=\"size-medium wp-image-164611 alignleft\" src=\"https:\/\/www.radiopiu.net\/wordpress\/wp-content\/uploads\/2020\/10\/SCARICO-AUTO-300x200.jpg\" alt=\"\" width=\"300\" height=\"200\" srcset=\"https:\/\/www.radiopiu.net\/wordpress\/wp-content\/uploads\/2020\/10\/SCARICO-AUTO-300x200.jpg 300w, https:\/\/www.radiopiu.net\/wordpress\/wp-content\/uploads\/2020\/10\/SCARICO-AUTO-1024x684.jpg 1024w, https:\/\/www.radiopiu.net\/wordpress\/wp-content\/uploads\/2020\/10\/SCARICO-AUTO-768x513.jpg 768w, https:\/\/www.radiopiu.net\/wordpress\/wp-content\/uploads\/2020\/10\/SCARICO-AUTO-1536x1026.jpg 1536w, https:\/\/www.radiopiu.net\/wordpress\/wp-content\/uploads\/2020\/10\/SCARICO-AUTO.jpg 1920w\" sizes=\"auto, (max-width: 300px) 100vw, 300px\" \/><\/a>VENEZIA <\/strong>La Regione del Veneto informa i cittadini che la convenzione con le Agenzie di Pratiche Automobilistiche (APA) per l\u2019assistenza e la riscossione del bollo auto \u00e8 scaduta lo scorso dicembre. I contribuenti potranno continuare a pagare la tassa automobilistica nelle Agenzie, anche se \u00e8 allo studio una nuova convenzione tra la Regione e le stesse APA, per rinnovare un rapporto di collaborazione che ponga al centro degli interessi del settore il cittadino. Questo per rispondere in maniera ancora pi\u00f9 puntuale alle sue necessit\u00e0, anche a quelle di carattere pi\u00f9 tecnico, nell\u2019ambito di un nuovo e pi\u00f9 moderno sistema di pagamenti elettronico, come quello di PagoPA. \u201c<em>Stiamo lavorando ad una nuova convenzione aprendoci anche ad un confronto con le APA, affinch\u00e9 il nuovo rapporto introduca delle modifiche necessarie e condivise &#8211; spiega l\u2019assessore regionale alle Finanze e Tributi, Francesco Calzavara -. L\u2019obbiettivo \u00e8 quello di rendere ancora pi\u00f9 trasparente e chiaro il rapporto economico tra cittadino, Regione del Veneto e APA. Prioritario \u00e8 anche rivedere l\u2019accessibilit\u00e0 e la fruibilit\u00e0 del servizio su tutto il territorio Veneto garantendo un costo della prestazione uniforme ed equo per tutti i contribuenti. La Regione manterr\u00e0 il suo ruolo di coordinamento e di direzione, a garanzia di un servizio qualificato e veloce per tutti<\/em>\u201d. \u201c<em>Parallelamente anche la Regione fornir\u00e0, a breve, assistenza diretta e gratuita in materia di tassa auto, con propri consulenti in front office in ogni provincia del Veneto &#8211; continua l\u2019Assessore -. Questo sar\u00e0 possibile grazie ad una recente gara d\u2019appalto europea, in fase di aggiudicazione in questi giorni, progettata e pensata proprio in favore dei pi\u00f9 anziani, dei lavoratori e di tutti coloro che hanno poco tempo o difficolt\u00e0 ad interagire con la pubblica amministrazione esclusivamente con modalit\u00e0 digitali<\/em>\u201d. L\u2019Assessore Calzavara ricorda, infine, che il Veneto \u00e8 una delle prime regioni a livello nazionale ad aver rinnovato, con la propria legge di stabilit\u00e0 2021, la possibilit\u00e0 di versare la tassa auto in scadenza tra il mese di gennaio e il mese di maggio entro il 30 giugno 2021, senza vedersi applicare n\u00e9 sanzioni n\u00e9 interessi aggiuntivi. Questa \u00e8 una dimostrazione tangibile della sensibilit\u00e0 nei confronti di tutti i Veneti, che purtroppo stanno combattendo e convivendo con un virus ancora in circolazione e forte. I contribuenti possono comunque versare autonomamente il tributo utilizzando la piattaforma Pago PA e, per l\u2019assistenza eventualmente necessaria, possono contattare gli uffici regionali della Direzione Finanza e Tributi all\u2019indirizzo infobollo@regione.veneto.it o il call center regionale specializzato telefonando al numero 840.84.84.84.<\/p>\n","protected":false},"excerpt":{"rendered":"<p>VENEZIA La Regione del Veneto informa i cittadini che la convenzione con le Agenzie di Pratiche Automobilistiche (APA) per l\u2019assistenza e la riscossione del bollo auto \u00e8 scaduta lo scorso dicembre. I contribuenti potranno continuare a pagare la tassa automobilistica nelle Agenzie, anche se \u00e8 allo studio una nuova convenzione tra la Regione e le&hellip;<\/p>\n","protected":false},"author":4,"featured_media":164611,"comment_status":"closed","ping_status":"closed","sticky":false,"template":"","format":"standard","meta":{"_monsterinsights_skip_tracking":false,"_monsterinsights_sitenote_active":false,"_monsterinsights_sitenote_note":"","_monsterinsights_sitenote_category":0,"footnotes":""},"categories":[49],"tags":[],"class_list":["post-184898","post","type-post","status-publish","format-standard","has-post-thumbnail","hentry","category-news-18","category-49","description-off"],"img_url":"https:\/\/www.radiopiu.net\/wordpress\/wp-content\/uploads\/2020\/10\/SCARICO-AUTO.jpg","_links":{"self":[{"href":"https:\/\/www.radiopiu.net\/wordpress\/wp-json\/wp\/v2\/posts\/184898","targetHints":{"allow":["GET"]}}],"collection":[{"href":"https:\/\/www.radiopiu.net\/wordpress\/wp-json\/wp\/v2\/posts"}],"about":[{"href":"https:\/\/www.radiopiu.net\/wordpress\/wp-json\/wp\/v2\/types\/post"}],"author":[{"embeddable":true,"href":"https:\/\/www.radiopiu.net\/wordpress\/wp-json\/wp\/v2\/users\/4"}],"replies":[{"embeddable":true,"href":"https:\/\/www.radiopiu.net\/wordpress\/wp-json\/wp\/v2\/comments?post=184898"}],"version-history":[{"count":0,"href":"https:\/\/www.radiopiu.net\/wordpress\/wp-json\/wp\/v2\/posts\/184898\/revisions"}],"wp:featuredmedia":[{"embeddable":true,"href":"https:\/\/www.radiopiu.net\/wordpress\/wp-json\/wp\/v2\/media\/164611"}],"wp:attachment":[{"href":"https:\/\/www.radiopiu.net\/wordpress\/wp-json\/wp\/v2\/media?parent=184898"}],"wp:term":[{"taxonomy":"category","embeddable":true,"href":"https:\/\/www.radiopiu.net\/wordpress\/wp-json\/wp\/v2\/categories?post=184898"},{"taxonomy":"post_tag","embeddable":true,"href":"https:\/\/www.radiopiu.net\/wordpress\/wp-json\/wp\/v2\/tags?post=184898"}],"curies":[{"name":"wp","href":"https:\/\/api.w.org\/{rel}","templated":true}]}}