{"id":184944,"date":"2021-01-16T05:52:31","date_gmt":"2021-01-16T04:52:31","guid":{"rendered":"https:\/\/www.radiopiu.net\/wordpress\/?p=184944"},"modified":"2021-01-16T09:40:12","modified_gmt":"2021-01-16T08:40:12","slug":"giornale-radiopiu-16-gennaio-2021-direttore-mirko-mezzacasa","status":"publish","type":"post","link":"https:\/\/www.radiopiu.net\/wordpress\/giornale-radiopiu-16-gennaio-2021-direttore-mirko-mezzacasa\/","title":{"rendered":"GIORNALE RADIOPIU 16 GENNAIO 2021 DIRETTORE MIRKO MEZZACASA"},"content":{"rendered":"<h3>PER<strong> RICEVERE QUESTO NOTIZIARIO DIRETTAMENTE SUL TUO CELLULARE ISCRIVITI AL CANALE TELEGRAM <\/strong><strong>\u201cRADIO PIU\u00a0 INFORMAZIONE&#8221;\u00a0<\/strong><\/h3>\n<p><em>ATTENZIONE: LA NUOVA APP PER IOS-IPHONE<\/em><\/p>\n<div>\n<div><a href=\"https:\/\/apps.apple.com\/it\/app\/radio-pi%C3%B9-emittente-agordina\/id1515939845\">https:\/\/apps.apple.com\/it\/app\/radio-pi%C3%B9-emittente-agordina\/id1515939845<\/a><\/div>\n<\/div>\n<div><\/div>\n<div>\n<div dir=\"auto\"><em>ATTENZIONE: LA NUOVA APP RADIO\u00a0 PER ANDROID<\/em><\/div>\n<\/div>\n<p><a href=\"https:\/\/play.google.com\/store\/apps\/details?id=net.radiopiu.iniko\" target=\"_blank\" rel=\"noopener noreferrer\">https:\/\/play.google.com\/store\/apps\/details?id=net.radiopiu.iniko\u00a0\u00a0<\/a><\/p>\n<p>&nbsp;<\/p>\n<hr \/>\n<p>&nbsp;<\/p>\n<h1 style=\"text-align: center;\">TAIBON ANNO&#8230;<\/h1>\n<h3 style=\"text-align: center;\">Dall&#8217;archivio fotografico di Corrado &#8220;Luky&#8221; Ben&#8230;grazie a Chiara<\/h3>\n<p><a href=\"https:\/\/www.radiopiu.net\/wordpress\/giornale-radiopiu-16-gennaio-2021-direttore-mirko-mezzacasa\/c4809321-033d-46bb-839d-0943314d8603\/\" rel=\"attachment wp-att-185106\"><img loading=\"lazy\" decoding=\"async\" class=\"aligncenter wp-image-185106 size-large\" src=\"https:\/\/www.radiopiu.net\/wordpress\/wp-content\/uploads\/2021\/01\/c4809321-033d-46bb-839d-0943314d8603-1024x637.jpg\" alt=\"\" width=\"1024\" height=\"637\" srcset=\"https:\/\/www.radiopiu.net\/wordpress\/wp-content\/uploads\/2021\/01\/c4809321-033d-46bb-839d-0943314d8603-1024x637.jpg 1024w, https:\/\/www.radiopiu.net\/wordpress\/wp-content\/uploads\/2021\/01\/c4809321-033d-46bb-839d-0943314d8603-300x187.jpg 300w, https:\/\/www.radiopiu.net\/wordpress\/wp-content\/uploads\/2021\/01\/c4809321-033d-46bb-839d-0943314d8603-768x478.jpg 768w, https:\/\/www.radiopiu.net\/wordpress\/wp-content\/uploads\/2021\/01\/c4809321-033d-46bb-839d-0943314d8603-1536x956.jpg 1536w, https:\/\/www.radiopiu.net\/wordpress\/wp-content\/uploads\/2021\/01\/c4809321-033d-46bb-839d-0943314d8603.jpg 1600w\" sizes=\"auto, (max-width: 1024px) 100vw, 1024px\" \/><\/a><\/p>\n<p>&nbsp;<\/p>\n<hr \/>\n<p>&nbsp;<\/p>\n<p><strong>GLI SPECIALI DI RADIO PIU: SANPA!<\/strong> San Patrignano e Vincenzo Muccioli, la storia dell&#8217;Italia anni Ottanta nel pieno dell&#8217;emergenza droga. di Luisa Alchini. Mercoledi alle 10.30 e alle 19 su RADIO PIU<\/p>\n<audio class=\"wp-audio-shortcode\" id=\"audio-184944-1\" preload=\"none\" style=\"width: 100%;\" controls=\"controls\"><source type=\"audio\/mpeg\" src=\"https:\/\/www.radiopiu.net\/wordpress\/wp-content\/uploads\/2021\/01\/promo-sanpa.mp3?_=1\" \/><a href=\"https:\/\/www.radiopiu.net\/wordpress\/wp-content\/uploads\/2021\/01\/promo-sanpa.mp3\">https:\/\/www.radiopiu.net\/wordpress\/wp-content\/uploads\/2021\/01\/promo-sanpa.mp3<\/a><\/audio>\n<blockquote><p><em><a href=\"https:\/\/www.radiopiu.net\/wordpress\/giornale-radiopiu-15-gennaio-2021-direttore-mirko-mezzacasa\/download-1084\/\" rel=\"attachment wp-att-184962\"><img loading=\"lazy\" decoding=\"async\" class=\" wp-image-184962 alignleft\" src=\"https:\/\/www.radiopiu.net\/wordpress\/wp-content\/uploads\/2021\/01\/download-19.jpg\" alt=\"\" width=\"180\" height=\"145\" \/><\/a>Luci e tenebre di San Patrignano \u00e8 una serie televisiva documentaristica originale realizzata da Netflix, prodotta e sviluppata da Gianluca Neri, scritta da Carlo Gabardini, Gianluca Neri e Paolo Bernardelli con la regia di Cosima Spender. Attraverso testimonianze e immagini di repertorio, la docu-serie in 5 episodi racconta la controversa storia della comunit\u00e0 di recupero di San Patrignano fondata da Vincenzo Muccioli nel 1978, a Coriano, in provincia di Rimini.\u00a0<\/em><\/p><\/blockquote>\n<p>&nbsp;<\/p>\n<p>&nbsp;<\/p>\n<p>&nbsp;<\/p>\n<hr \/>\n<p>&nbsp;<\/p>\n<blockquote>\n<h2>ARANCIO ITALIA, ROSSO ALTO ADIGE, PROTESTE IN LOMBARDIA PER LA COLORAZIONE PEGGIORE<\/h2>\n<\/blockquote>\n<p>Italia arancione, Lombardia, Sicilia e Bolzano in rosso. In zona arancione: coprifuoco dalle 22 alle 5, spostamenti tra regioni vietati, centri commerciali chiusi sia nei giorni festivi che prefestivi, negozi aperti fino alle 21, bar e ristoranti chiusi asporto fino alle 22, bar fino alle 18, trasporto pubblico con capienza al 50% piscine, cinema e teatri chiusi, centri sportivi chiusi, musei e mostre chiusi, didattica scolastica alle superiori in presenza 50-75%. Il Veneto dunque rimane color arancio, le curve sono decisamente in calo con la flessione dei casi e dei ricoveri. Nella serata &#8220;io apro&#8221; tutti i baristi e i ristoratori della provincia hanno rinunciato a violare le regole sotto la minaccia di pesanti sanzioni e chiusure temporanee. Luci accese, cartelli all&#8217;ingresso ma zero avventori al tavolo. Fa eccezione un&#8217;enoteca in centro dove quattro amici al bar trovati a giocare a carte sono stati sanzionati e il locale chiuso.<\/p>\n<p><strong>IL BOLLETTINO<\/strong> Dopo 48 ore di assenza ritorna il bollettino (c&#8217;era stato un problema informatico). Non essendo stato reso noto giovedi risulta difficile un raffronto nelle 24 ore. Scende il numero degli attualmente positivi a 72.678, sono 296.572 i contagiati da inizio epidemia, 7932 i decessi, 147 nelle ultime 36 ore. In calo i ricoveri con 2733 posti letto occupati, 2318 in area medica, 355 in terapia intensiva, 348 negli ospedali di comunit\u00e0. 97.244 le persone vaccinate<\/p>\n<blockquote>\n<h3>SONO 4 LE PERSONE COVID POSITIVE DECEDUTE IN ULSS 1 DOLOMITI<\/h3>\n<\/blockquote>\n<p><strong><a href=\"https:\/\/www.radiopiu.net\/wordpress\/giornale-radiopiu-10-marzo-2020-direttore-mirko-mezzacasa\/covid-ulss\/\" rel=\"attachment wp-att-121260\"><img loading=\"lazy\" decoding=\"async\" class=\" wp-image-121260 alignleft\" src=\"https:\/\/www.radiopiu.net\/wordpress\/wp-content\/uploads\/2020\/03\/covid-ulss-300x225.jpg\" alt=\"\" width=\"123\" height=\"92\" srcset=\"https:\/\/www.radiopiu.net\/wordpress\/wp-content\/uploads\/2020\/03\/covid-ulss-300x225.jpg 300w, https:\/\/www.radiopiu.net\/wordpress\/wp-content\/uploads\/2020\/03\/covid-ulss-768x576.jpg 768w, https:\/\/www.radiopiu.net\/wordpress\/wp-content\/uploads\/2020\/03\/covid-ulss.jpg 800w\" sizes=\"auto, (max-width: 123px) 100vw, 123px\" \/><\/a>BELLUNO<\/strong> Quattro persone decedute, questo il conto presentato dal Covid-19 nella giornata di ieri in Ulss 1 Dolomiti. Una donna di 81 anni ricoverata in pneumologia covid a Belluno, un uomo di 65 anni ricoverato in ospedale di comunit\u00e0 a Belluno, una donna di 81 anni ricoverata in ospedale di comunit\u00e0 a Feltre e una donna di 84 anni ricoverata in pneumologia a Feltre.<\/p>\n<p>&nbsp;<\/p>\n<p>&nbsp;<\/p>\n<hr \/>\n<p>&nbsp;<\/p>\n<blockquote>\n<h3>ANDAMENTO EPIDEMIOLOGICO, I SINDACI INFORMANO<\/h3>\n<p>IN ROSSO NELLE ULTIME 24 ORE, IN NERO DATO AGGIORNATO A GIOVEDI<\/p><\/blockquote>\n<p><span style=\"color: #000000;\"><strong><span style=\"color: #ff0000;\">TAIBON<\/span> <\/strong>17 positivi () 13 isolamento (+2), <span style=\"color: #ff0000;\"><strong>SAN TOMASO<\/strong> <\/span>13 positivi (+1) 6 isolamento (-1). <strong><span style=\"color: #ff0000;\">FALCADE<\/span> <\/strong>46 positivi (-2) 20 isolamento (-2) <strong>CENCENIGHE<\/strong> 29 positivi (da lunedi -12), 34 isolamento <strong>ALLEGHE<\/strong> 7 positivi (-3) , 5 isolamento (-2) <strong>LIVINALLONGO<\/strong> 3 positivi 0 isolamento<span style=\"color: #ff0000;\"> <strong>AGORDO<\/strong><\/span> 64\u00a0 positivi (-10) 43 (-4) isolamento <strong>ROCCA PIETORE <\/strong>12 positivi\u00a0 (+1)\u00a0 12 isolamento (-6) <span style=\"color: #ff0000;\"><strong>COLLE SANTA LUCIA<\/strong><\/span> 3 positivi\u00a0 (+1) 0 isolamento (-1)<span style=\"color: #ff0000;\"><strong> CANALE D&#8217;AGORDO<\/strong><\/span> 31 (-4) positivi 23 isolamento (-1) <strong>GOSALDO<\/strong> 4 positivi (+1 da venerdi), 4 isolamento (+3 da venerdi)\u00a0<\/span><\/p>\n<p>&nbsp;<\/p>\n<p>&nbsp;<\/p>\n<p>&nbsp;<\/p>\n<hr \/>\n<blockquote>\n<h3><\/h3>\n<h3>AGGIORNAMENTO COVID NELLE SCUOLE BELLUNESI<\/h3>\n<\/blockquote>\n<blockquote><p><em><span style=\"color: #222222;\"><span style=\"font-size: medium;\">Dal 14 settembre ad oggi sono state p<\/span><\/span><span style=\"color: #222222;\"><span style=\"font-size: medium;\"><span lang=\"en-US\">rese in carico 552 classi<\/span><\/span><\/span><span style=\"color: #222222;\"><span style=\"font-size: medium;\">.<\/span><\/span><\/em><\/p><\/blockquote>\n<p><span style=\"color: #222222;\"><span style=\"font-family: Arial, serif;\"><span style=\"font-size: medium;\"><strong><img loading=\"lazy\" decoding=\"async\" class=\"alignleft\" src=\"https:\/\/www.radiopiu.net\/wordpress\/wp-content\/uploads\/2021\/01\/coronavirus-5129042__340.jpg\" width=\"237\" height=\"142\" \/>BELLUNO<\/strong>. <\/span><\/span><\/span><span style=\"color: #222222;\"><span style=\"font-size: medium;\">Con la ripresa delle scuole dopo le vacanze natalizie, \u00e8 ripresa anche l\u2019attivit\u00e0 del team scuole del dipartimento di Prevenzione dell\u2019Ulss Dolomiti. <\/span><\/span><span style=\"color: #222222;\"><span style=\"font-size: medium;\">Da gennaio, inoltre, \u00e8 attivo il nuovo protocollo scuole <\/span><\/span><span style=\"font-size: medium;\">che prevede che, in presenza di un caso positivo in una classe, i contatti identificati nella classe secondo linee guida <\/span><span style=\"font-size: medium;\"><b>siano posti in quarantena ed eseguano un test di controllo al termine della stessa (indicativamente al 10\u00b0 giorno)<\/b><\/span><span style=\"font-size: medium;\">. <\/span><span style=\"color: #222222;\"><span style=\"font-size: medium;\">Ad oggi sono in carico al \u201cteam scuola\u201d del Dipartimento di Prevenzione <\/span><\/span><span style=\"color: #222222;\"><span style=\"font-size: medium;\"><b>17 <\/b><\/span><\/span><span style=\"color: #222222;\"><span style=\"font-size: medium;\"><b>classi<\/b><\/span><\/span><span style=\"color: #222222;\"><span style=\"font-size: medium;\"> cos\u00ec suddivise: <\/span><\/span><span style=\"color: #222222;\"><span style=\"font-size: medium;\">-1 nido <\/span><\/span><span style=\"color: #222222;\"><span style=\"font-size: medium;\">-3 scuole dell&#8217;infanzia <\/span><\/span><span style=\"color: #222222;\"><span style=\"font-size: medium;\">-10 scuole primarie <\/span><\/span><span style=\"color: #222222;\"><span style=\"font-size: medium;\">-2 scuole secondarie di primo grado <\/span><\/span><span style=\"color: #222222;\"><span style=\"font-size: medium;\">-1 scuola secondaria di secondo grado. <\/span><\/span><span style=\"color: #222222;\"><span style=\"font-size: medium;\">La nuova normativa, a differenza della precedente, prevede l&#8217;isolamento per ogni classe presa in carico (classe con almeno un positivo) quindi tutte le 17 classi, per un totale di 228 alunni e 17 docenti, sono attualmente in Isolamento Domiciliare fiduciario.\u00a0\u00a0<\/span><\/span><\/p>\n<p>&nbsp;<\/p>\n<hr \/>\n<p>&nbsp;<\/p>\n<blockquote>\n<h3>MARIO MUORE IN AUTOSTRADA, LASCIA LA MOGLIE E DUE FIGLIE<\/h3>\n<\/blockquote>\n<p><a href=\"https:\/\/www.radiopiu.net\/wordpress\/giornale-radiopiu-16-gennaio-2021-direttore-mirko-mezzacasa\/5ede0134-2ad3-4c0c-babf-497601429b9c\/\" rel=\"attachment wp-att-185157\"><img loading=\"lazy\" decoding=\"async\" class=\" wp-image-185157 alignleft\" src=\"https:\/\/www.radiopiu.net\/wordpress\/wp-content\/uploads\/2021\/01\/5ede0134-2ad3-4c0c-babf-497601429b9c-169x300.jpg\" alt=\"\" width=\"65\" height=\"115\" srcset=\"https:\/\/www.radiopiu.net\/wordpress\/wp-content\/uploads\/2021\/01\/5ede0134-2ad3-4c0c-babf-497601429b9c-169x300.jpg 169w, https:\/\/www.radiopiu.net\/wordpress\/wp-content\/uploads\/2021\/01\/5ede0134-2ad3-4c0c-babf-497601429b9c-576x1024.jpg 576w, https:\/\/www.radiopiu.net\/wordpress\/wp-content\/uploads\/2021\/01\/5ede0134-2ad3-4c0c-babf-497601429b9c-768x1365.jpg 768w, https:\/\/www.radiopiu.net\/wordpress\/wp-content\/uploads\/2021\/01\/5ede0134-2ad3-4c0c-babf-497601429b9c-864x1536.jpg 864w, https:\/\/www.radiopiu.net\/wordpress\/wp-content\/uploads\/2021\/01\/5ede0134-2ad3-4c0c-babf-497601429b9c.jpg 1080w\" sizes=\"auto, (max-width: 65px) 100vw, 65px\" \/><\/a> Mario Cerentin ha perso la vita in autostrada, la sua auto si \u00e8 schiantata contro un camion. L&#8217;uomo noto parchettista aveva 72 anni, originario e residente a Piandelmonte, era partito da Belluno per andare a lavorare a bordo del suo van.\u00a0 L&#8217; incidente in autostrada A27,\u00a0 tra l&#8217;allacciamento con la A28 e Treviso Nord in direzione Venezia, all&#8217;altezza di Mareno. Entrambi i mezzi procedevano nella stessa direzione, nella prima corsia. Il mezzo pesante sembra fosse fermo, davanti a lui un altro camion. Il van condotto dall&#8217;artigiano 72enne ha tamponato in corsa il mezzo pesante, alla cui guida c&#8217;era un 37enne residente a Pomezia di origini romene.\u00a0 Un grande dolore per la moglie Ada De Barba e le figlie Monica ed Alessandra. Da un mese Mario Cerentin era diventato nonno.<\/p>\n<p>&nbsp;<\/p>\n<hr \/>\n<p>&nbsp;<\/p>\n<blockquote>\n<h3>MUORE PER INFARTO A SOLI 49 ANNI<\/h3>\n<\/blockquote>\n<p><strong>AURONZO<\/strong> Paese in lutto per la morte di Marco Molin, 49 anni, colto da infarto tra le mura domestiche. Immediati e purtroppo inutili i soccorsi, i sanitari hanno potuto solo constare la morte per il fulmineo malore. Lascia la moglie Rosa e due figli di 17 e 11 anni. I funerali lunedi alle 14.30.<\/p>\n<p>&nbsp;<\/p>\n<p>&nbsp;<\/p>\n<hr \/>\n<blockquote>\n<h3><\/h3>\n<h3>L&#8217;AUTO NEL FOSSO PER EVITARE LO SCHIANTO CON L&#8217;ALTRA FINITA CONTRO IL PALO<\/h3>\n<\/blockquote>\n<p><strong>BELLUNO<\/strong>\u00a0 Uscita di strada autonoma ieri pomeriggio\u00a0 in localit\u00e0 La Rossa, sulla statale 50. Nessun ferito davanti alla storica bottega dei formaggi. L&#8217;utilitaria \u00e8 finita nel fosso e un secondo mezzo si \u00e8 schiantato contro un palo. \u00a0Entrambi i conducenti procedevano verso Ponte nelle Alpi.<\/p>\n<p><a href=\"https:\/\/www.radiopiu.net\/wordpress\/giornale-radiopiu-16-gennaio-2021-direttore-mirko-mezzacasa\/1d5ccafc-e2a9-4cc2-8832-e7edb256ac11\/\" rel=\"attachment wp-att-185161\"><img loading=\"lazy\" decoding=\"async\" class=\"alignnone size-medium wp-image-185161\" src=\"https:\/\/www.radiopiu.net\/wordpress\/wp-content\/uploads\/2021\/01\/1d5ccafc-e2a9-4cc2-8832-e7edb256ac11-300x225.jpg\" alt=\"\" width=\"300\" height=\"225\" srcset=\"https:\/\/www.radiopiu.net\/wordpress\/wp-content\/uploads\/2021\/01\/1d5ccafc-e2a9-4cc2-8832-e7edb256ac11-300x225.jpg 300w, https:\/\/www.radiopiu.net\/wordpress\/wp-content\/uploads\/2021\/01\/1d5ccafc-e2a9-4cc2-8832-e7edb256ac11-1024x769.jpg 1024w, https:\/\/www.radiopiu.net\/wordpress\/wp-content\/uploads\/2021\/01\/1d5ccafc-e2a9-4cc2-8832-e7edb256ac11-768x576.jpg 768w, https:\/\/www.radiopiu.net\/wordpress\/wp-content\/uploads\/2021\/01\/1d5ccafc-e2a9-4cc2-8832-e7edb256ac11-1536x1153.jpg 1536w, https:\/\/www.radiopiu.net\/wordpress\/wp-content\/uploads\/2021\/01\/1d5ccafc-e2a9-4cc2-8832-e7edb256ac11.jpg 1600w\" sizes=\"auto, (max-width: 300px) 100vw, 300px\" \/><\/a><a href=\"https:\/\/www.radiopiu.net\/wordpress\/185046-2\/069dff71-f8aa-4713-b5a0-d2fe43b45dde\/\" rel=\"attachment wp-att-185051\"><img loading=\"lazy\" decoding=\"async\" class=\"alignnone size-medium wp-image-185051\" src=\"https:\/\/www.radiopiu.net\/wordpress\/wp-content\/uploads\/2021\/01\/069dff71-f8aa-4713-b5a0-d2fe43b45dde-300x225.jpg\" alt=\"\" width=\"300\" height=\"225\" srcset=\"https:\/\/www.radiopiu.net\/wordpress\/wp-content\/uploads\/2021\/01\/069dff71-f8aa-4713-b5a0-d2fe43b45dde-300x225.jpg 300w, https:\/\/www.radiopiu.net\/wordpress\/wp-content\/uploads\/2021\/01\/069dff71-f8aa-4713-b5a0-d2fe43b45dde-1024x769.jpg 1024w, https:\/\/www.radiopiu.net\/wordpress\/wp-content\/uploads\/2021\/01\/069dff71-f8aa-4713-b5a0-d2fe43b45dde-768x576.jpg 768w, https:\/\/www.radiopiu.net\/wordpress\/wp-content\/uploads\/2021\/01\/069dff71-f8aa-4713-b5a0-d2fe43b45dde-1536x1153.jpg 1536w, https:\/\/www.radiopiu.net\/wordpress\/wp-content\/uploads\/2021\/01\/069dff71-f8aa-4713-b5a0-d2fe43b45dde.jpg 1600w\" sizes=\"auto, (max-width: 300px) 100vw, 300px\" \/><\/a><\/p>\n<p>&nbsp;<\/p>\n<p>&nbsp;<\/p>\n<p>&nbsp;<\/p>\n<hr \/>\n<blockquote>\n<h3><\/h3>\n<h3>I CONTROLLI DEGLI UOMINI DELL&#8217;ARMA, SEQUESTRO DI STUPEFACENTI E PROVVEDIMENTI DI ESPULSIONE<\/h3>\n<\/blockquote>\n<p><strong><img loading=\"lazy\" decoding=\"async\" class=\"alignleft\" src=\"https:\/\/www.radiopiu.net\/wordpress\/wp-content\/uploads\/2021\/01\/00d7e501-eaa6-49aa-96ab-dd20d0c87f32-1.jpg\" width=\"200\" height=\"150\" \/>FELTRE<\/strong> Un ventenne di Quero denunciato per possesso di sostanze stupefacenti, quattro extracomunitari segnalati alla Questura e un bar chiuso per inosservanza alle norme anticovid. Giorni intensi per i Carabinieri di Feltre e Sedico. I Norm di Feltre nel corso di controllo con gruppo cinofilo hanno sequestrato 10 grammi tra ha<a href=\"https:\/\/www.radiopiu.net\/wordpress\/i-controlli-degli-uomini-dellarma\/f8054872-b4b2-4c8a-b202-2551388eb289\/\" rel=\"attachment wp-att-185042\"><img loading=\"lazy\" decoding=\"async\" class=\"wp-image-185042 alignright\" src=\"https:\/\/www.radiopiu.net\/wordpress\/wp-content\/uploads\/2021\/01\/f8054872-b4b2-4c8a-b202-2551388eb289-300x300.jpg\" alt=\"\" width=\"181\" height=\"181\" srcset=\"https:\/\/www.radiopiu.net\/wordpress\/wp-content\/uploads\/2021\/01\/f8054872-b4b2-4c8a-b202-2551388eb289-300x300.jpg 300w, https:\/\/www.radiopiu.net\/wordpress\/wp-content\/uploads\/2021\/01\/f8054872-b4b2-4c8a-b202-2551388eb289-150x150.jpg 150w, https:\/\/www.radiopiu.net\/wordpress\/wp-content\/uploads\/2021\/01\/f8054872-b4b2-4c8a-b202-2551388eb289.jpg 320w\" sizes=\"auto, (max-width: 181px) 100vw, 181px\" \/><\/a>shish, marijuana, chetamina, Lsd. Il ragazzo \u00e8 stato denunciato in stato di libert\u00e0. Durante i controlli notturni alla stazione di Quero gli uomini dell&#8217;Arma hanno fermato quattro cittadini bengalesi, dai 27 ai 44 anni privi dei documenti di soggiorno. La Questura valuter\u00e0 i provvedimenti per l&#8217;espulsione dall&#8217;Italia. I Carabinieri di Sedico\u00a0 con gli agenti di\u00a0 Polizia Locale hanno contravvenzionato un barista a Sedico disponendo la chiusura del locale per 5 giorni per non aver osservato i regolamenti anti covid.<\/p>\n<p>&nbsp;<\/p>\n<p>&nbsp;<\/p>\n<p>&nbsp;<\/p>\n<hr \/>\n<p>&nbsp;<\/p>\n<blockquote>\n<h3>SANZIONATI QUATTRO AMICI AL BAR, LOCALE CHIUSO PER CINQUE GIORNI<\/h3>\n<\/blockquote>\n<p><strong><img loading=\"lazy\" decoding=\"async\" class=\"alignleft\" src=\"https:\/\/www.radiopiu.net\/wordpress\/wp-content\/uploads\/2018\/10\/Volante-Questura.jpg\" width=\"205\" height=\"136\" \/>BELLUNO<\/strong> Quando gli agenti di Polizia sono entrati nella sala interna del locale di via Mezzaterra si sono trovati difronte quattro amici al bar intenti a giocare a carte tra un brindisi e l&#8217;altro. Sono stati sanzionati e l&#8217;attivit\u00e0 commerciale costretta ad abbassare le serrande per cinque giorni. Gli uomini della Questura sono entrati nel locale l&#8217;altra sera alle 21 dopo aver notato dalla vetrata che s&#8217;affaccia sulla via la luce accesa e la porta d&#8217;ingresso socchiusa.<\/p>\n<p>&nbsp;<\/p>\n<p>&nbsp;<\/p>\n<p>&nbsp;<\/p>\n<hr \/>\n<p>&nbsp;<\/p>\n<p>&nbsp;<\/p>\n<blockquote>\n<h3>OPERAIO DELL&#8217;ENEL RECUPERATO DAL SOCCORSO ALPINO<\/h3>\n<\/blockquote>\n<p><strong><a href=\"https:\/\/www.radiopiu.net\/wordpress\/giornale-radiopiu-16-gennaio-2021-direttore-mirko-mezzacasa\/th-19\/\" rel=\"attachment wp-att-185160\"><img loading=\"lazy\" decoding=\"async\" class=\" wp-image-185160 alignleft\" src=\"https:\/\/www.radiopiu.net\/wordpress\/wp-content\/uploads\/2021\/01\/th-300x145.jpg\" alt=\"\" width=\"246\" height=\"119\" srcset=\"https:\/\/www.radiopiu.net\/wordpress\/wp-content\/uploads\/2021\/01\/th-300x145.jpg 300w, https:\/\/www.radiopiu.net\/wordpress\/wp-content\/uploads\/2021\/01\/th.jpg 355w\" sizes=\"auto, (max-width: 246px) 100vw, 246px\" \/><\/a>SEDICO<\/strong> Ieri attorno a mezzogiorno il Soccorso alpino di Belluno \u00e8 stato allertato in seguito dall&#8217;infortunio di un operaio dell&#8217;Enel nella zona della Stanga. M.F., 35 anni, di Santa Giustina (BL), si era procurato un probabile trauma alla caviglia lungo uno dei sentieri di servizio a destra della centrale. Raggiunto da una squadra e da un collega, l&#8217;uomo \u00e8 stato stabilizzato e imbarellato, per poi essere trasportato lungo il ripido itinerario innevato fino alla strada, dove attendeva l&#8217;ambulanza diretta all&#8217;ospedale di Belluno.<\/p>\n<p>&nbsp;<\/p>\n<p>&nbsp;<\/p>\n<p>&nbsp;<\/p>\n<hr \/>\n<h3><\/h3>\n<blockquote>\n<h3>MILIONI DI EURO LE RICHIESTE DEI FONDI POST VAIA 2021 A LIVINALLONGO E ROCCA PIETORE<\/h3>\n<\/blockquote>\n<p><strong><a href=\"https:\/\/www.radiopiu.net\/wordpress\/milioni-di-euro-le-richieste-dei-fondi-post-vaia-2021-a-livinallongo-e-rocca-pietore\/1091-2020-lavoriserrai2020_3-2\/\" rel=\"attachment wp-att-185148\"><img loading=\"lazy\" decoding=\"async\" class=\"size-medium wp-image-185148 alignleft\" src=\"https:\/\/www.radiopiu.net\/wordpress\/wp-content\/uploads\/2021\/01\/1091-2020-LavoriSerrai2020_3-300x225.jpg\" alt=\"\" width=\"300\" height=\"225\" srcset=\"https:\/\/www.radiopiu.net\/wordpress\/wp-content\/uploads\/2021\/01\/1091-2020-LavoriSerrai2020_3-300x225.jpg 300w, https:\/\/www.radiopiu.net\/wordpress\/wp-content\/uploads\/2021\/01\/1091-2020-LavoriSerrai2020_3-768x576.jpg 768w, https:\/\/www.radiopiu.net\/wordpress\/wp-content\/uploads\/2021\/01\/1091-2020-LavoriSerrai2020_3.jpg 1024w\" sizes=\"auto, (max-width: 300px) 100vw, 300px\" \/><\/a>LIVINALLONGO\/ROCCA PIETORE<\/strong><\/p>\n<p>di Gianni Santomaso<\/p>\n<audio class=\"wp-audio-shortcode\" id=\"audio-184944-2\" preload=\"none\" style=\"width: 100%;\" controls=\"controls\"><source type=\"audio\/mpeg\" src=\"https:\/\/www.radiopiu.net\/wordpress\/wp-content\/uploads\/2021\/01\/GIANNI-POST-VAIA-VAL-CORDEVOLE.mp3?_=2\" \/><a href=\"https:\/\/www.radiopiu.net\/wordpress\/wp-content\/uploads\/2021\/01\/GIANNI-POST-VAIA-VAL-CORDEVOLE.mp3\">https:\/\/www.radiopiu.net\/wordpress\/wp-content\/uploads\/2021\/01\/GIANNI-POST-VAIA-VAL-CORDEVOLE.mp3<\/a><\/audio>\n<p>&nbsp;<\/p>\n<p><strong>LE RICHIESTE DEL COMUNE DI SELVA DI CADORE<\/strong><\/p>\n<audio class=\"wp-audio-shortcode\" id=\"audio-184944-3\" preload=\"none\" style=\"width: 100%;\" controls=\"controls\"><source type=\"audio\/mpeg\" src=\"https:\/\/www.radiopiu.net\/wordpress\/wp-content\/uploads\/2021\/01\/GIANNI-POST-VAIA-SELVA.mp3?_=3\" \/><a href=\"https:\/\/www.radiopiu.net\/wordpress\/wp-content\/uploads\/2021\/01\/GIANNI-POST-VAIA-SELVA.mp3\">https:\/\/www.radiopiu.net\/wordpress\/wp-content\/uploads\/2021\/01\/GIANNI-POST-VAIA-SELVA.mp3<\/a><\/audio>\n<p>&nbsp;<\/p>\n<p>&nbsp;<\/p>\n<p>&nbsp;<\/p>\n<hr \/>\n<div>\n<blockquote>\n<h3><\/h3>\n<h3>ECCEZIONALI NEVICATE IN VENETO. ZAIA CHIEDE A CONTE E BORRELLI LA DICHIARAZIONE DELLO STATO DI EMERGENZA DI RILIEVO NAZIONALE<\/h3>\n<\/blockquote>\n<p><strong><a href=\"https:\/\/www.radiopiu.net\/wordpress\/giornale-radiopiu-15-gennaio-2021-direttore-mirko-mezzacasa\/fd2bd7c9-8114-4a87-906c-abafd03fbb03\/\" rel=\"attachment wp-att-184890\"><img loading=\"lazy\" decoding=\"async\" class=\" wp-image-184890 alignleft\" src=\"https:\/\/www.radiopiu.net\/wordpress\/wp-content\/uploads\/2021\/01\/fd2bd7c9-8114-4a87-906c-abafd03fbb03-225x300.jpg\" alt=\"\" width=\"151\" height=\"201\" srcset=\"https:\/\/www.radiopiu.net\/wordpress\/wp-content\/uploads\/2021\/01\/fd2bd7c9-8114-4a87-906c-abafd03fbb03-225x300.jpg 225w, https:\/\/www.radiopiu.net\/wordpress\/wp-content\/uploads\/2021\/01\/fd2bd7c9-8114-4a87-906c-abafd03fbb03.jpg 768w\" sizes=\"auto, (max-width: 151px) 100vw, 151px\" \/><\/a>VENEZIA<\/strong> Il Presidente della Regione del Veneto, Luca Zaia, ha formalizzato, con una lettera inviata al Presidente del Consiglio Giuseppe Conte e al Capo della Protezione Civile Nazionale, Angelo Borrelli, la richiesta di dichiarazione dello Stato di Emergenza di rilievo Nazionale per i danni subiti da decine di Comuni della montagna veneta a seguito dell\u2019eccezionale ondata di maltempo, con abbondanti nevicate, dei primi giorni di gennaio.\u00a0Zaia ripercorre gli eventi con un\u2019articolata relazione allegata alla richiesta, descrivendo minuziosamente gli eventi, le forze messe in campo per affrontarli, i disagi, i danni subiti, e l\u2019evoluzione meteorologica, accompagnando il tutto con una serie di fotografie a sostegno di quanto accaduto. Il Governatore conclude la lettera chiedendo \u201cun adeguato sostegno economico, stante la difficolt\u00e0 delle Amministrazioni locali e della stessa Regione a fronteggiare la situazione con la sola adozione di misure finanziarie ordinarie, al fine di assicurare le necessarie operazioni di soccorso alle popolazioni colpite, attuare gli interventi indifferibili e urgenti necessari a garantire la pubblica incolumit\u00e0, ripristinare le infrastrutture e consentire la ripresa delle normali condizioni di vita della popolazione\u201d.Della documentazione fa parte anche il lungo elenco dei Comuni colpiti, delle province di Belluno, Vicenza, Treviso e Verona.<\/p>\n<p>&nbsp;<\/p>\n<\/div>\n<hr \/>\n<p>&nbsp;<\/p>\n<blockquote>\n<h3>IL LUPO A CENCENIGHE &#8220;ORA ABBIAMO PAURA&#8221;<\/h3>\n<\/blockquote>\n<p><strong><img loading=\"lazy\" decoding=\"async\" class=\"alignleft\" src=\"https:\/\/www.radiopiu.net\/wordpress\/wp-content\/uploads\/2019\/08\/1297-2019-foto-lupi-Grappa-da-fototrappola-1.jpg\" width=\"173\" height=\"97\" \/>CENCENIGHE<\/strong><\/p>\n<p><strong>di Matteo Manfroi<\/strong><\/p>\n<p><strong>AUDIO<\/strong><\/p>\n<audio class=\"wp-audio-shortcode\" id=\"audio-184944-4\" preload=\"none\" style=\"width: 100%;\" controls=\"controls\"><source type=\"audio\/mpeg\" src=\"https:\/\/www.radiopiu.net\/wordpress\/wp-content\/uploads\/2021\/01\/MATTEO.mp3?_=4\" \/><a href=\"https:\/\/www.radiopiu.net\/wordpress\/wp-content\/uploads\/2021\/01\/MATTEO.mp3\">https:\/\/www.radiopiu.net\/wordpress\/wp-content\/uploads\/2021\/01\/MATTEO.mp3<\/a><\/audio>\n<p>&nbsp;<\/p>\n<hr \/>\n<p>&nbsp;<\/p>\n<blockquote class=\"wp-embedded-content\" data-secret=\"BWE6cOrcfq\"><p><a href=\"https:\/\/www.radiopiu.net\/wordpress\/agg-gen15\/\">CORONAVIRUS: AGGIORNAMENTO NAZIONALE 15 GENNAIO 2021<\/a><\/p><\/blockquote>\n<p><iframe loading=\"lazy\" class=\"wp-embedded-content\" sandbox=\"allow-scripts\" security=\"restricted\" style=\"position: absolute; clip: rect(1px, 1px, 1px, 1px);\" title=\"&#8220;CORONAVIRUS: AGGIORNAMENTO NAZIONALE 15 GENNAIO 2021&#8221; &#8212; Radio Pi\u00f9\" src=\"https:\/\/www.radiopiu.net\/wordpress\/agg-gen15\/embed\/#?secret=BWE6cOrcfq\" data-secret=\"BWE6cOrcfq\" width=\"600\" height=\"338\" frameborder=\"0\" marginwidth=\"0\" marginheight=\"0\" scrolling=\"no\"><\/iframe><\/p>\n<p>&nbsp;<\/p>\n<hr \/>\n<p>&nbsp;<\/p>\n<blockquote>\n<h3>I GRAFICI DI TIZIANO DE COL<\/h3>\n<\/blockquote>\n\n\t\t\t<style type='text\/css'>\n\t\t\t\t#gallery-1 {\n\t\t\t\t\tmargin: auto;\n\t\t\t\t}\n\t\t\t\t#gallery-1 .gallery-item {\n\t\t\t\t\tfloat: left;\n\t\t\t\t\tmargin-top: 10px;\n\t\t\t\t\ttext-align: center;\n\t\t\t\t\twidth: 25%;\n\t\t\t\t}\n\t\t\t\t#gallery-1 img {\n\t\t\t\t\tborder: 2px solid #cfcfcf;\n\t\t\t\t}\n\t\t\t\t#gallery-1 .gallery-caption {\n\t\t\t\t\tmargin-left: 0;\n\t\t\t\t}\n\t\t\t\t\/* see gallery_shortcode() in wp-includes\/media.php *\/\n\t\t\t<\/style>\n\t\t<div id='gallery-1' class='dt-gallery-container gallery galleryid-184944 gallery-columns-4 gallery-size-medium'><dl class='gallery-item'>\n\t\t\t\t<dt class='gallery-icon landscape'>\n\t\t\t\t\t<a class=\"rollover rollover-zoom dt-pswp-item\" title=\"704db339-7ead-49d4-82ed-2e0495c5708b\" data-dt-img-description=\"\" data-large_image_width=\"598\" data-large_image_height=\"354\"href='https:\/\/www.radiopiu.net\/wordpress\/wp-content\/uploads\/2021\/01\/704db339-7ead-49d4-82ed-2e0495c5708b.jpg'><img loading=\"lazy\" decoding=\"async\" width=\"300\" height=\"178\" src=\"https:\/\/www.radiopiu.net\/wordpress\/wp-content\/uploads\/2021\/01\/704db339-7ead-49d4-82ed-2e0495c5708b-300x178.jpg\" class=\"attachment-medium size-medium\" alt=\"\" srcset=\"https:\/\/www.radiopiu.net\/wordpress\/wp-content\/uploads\/2021\/01\/704db339-7ead-49d4-82ed-2e0495c5708b-300x178.jpg 300w, https:\/\/www.radiopiu.net\/wordpress\/wp-content\/uploads\/2021\/01\/704db339-7ead-49d4-82ed-2e0495c5708b.jpg 598w\" sizes=\"auto, (max-width: 300px) 100vw, 300px\" \/><\/a>\n\t\t\t\t<\/dt><\/dl><dl class='gallery-item'>\n\t\t\t\t<dt class='gallery-icon landscape'>\n\t\t\t\t\t<a class=\"rollover rollover-zoom dt-pswp-item\" title=\"ecccfe53-027f-4595-b652-6d0289956ced\" data-dt-img-description=\"\" data-large_image_width=\"588\" data-large_image_height=\"357\"href='https:\/\/www.radiopiu.net\/wordpress\/wp-content\/uploads\/2021\/01\/ecccfe53-027f-4595-b652-6d0289956ced.jpg'><img loading=\"lazy\" decoding=\"async\" width=\"300\" height=\"182\" src=\"https:\/\/www.radiopiu.net\/wordpress\/wp-content\/uploads\/2021\/01\/ecccfe53-027f-4595-b652-6d0289956ced-300x182.jpg\" class=\"attachment-medium size-medium\" alt=\"\" srcset=\"https:\/\/www.radiopiu.net\/wordpress\/wp-content\/uploads\/2021\/01\/ecccfe53-027f-4595-b652-6d0289956ced-300x182.jpg 300w, https:\/\/www.radiopiu.net\/wordpress\/wp-content\/uploads\/2021\/01\/ecccfe53-027f-4595-b652-6d0289956ced.jpg 588w\" sizes=\"auto, (max-width: 300px) 100vw, 300px\" \/><\/a>\n\t\t\t\t<\/dt><\/dl><dl class='gallery-item'>\n\t\t\t\t<dt class='gallery-icon landscape'>\n\t\t\t\t\t<a class=\"rollover rollover-zoom dt-pswp-item\" title=\"ffffc22b-880a-4051-9692-2d25171fbff3\" data-dt-img-description=\"\" data-large_image_width=\"713\" data-large_image_height=\"425\"href='https:\/\/www.radiopiu.net\/wordpress\/wp-content\/uploads\/2021\/01\/ffffc22b-880a-4051-9692-2d25171fbff3.jpg'><img loading=\"lazy\" decoding=\"async\" width=\"300\" height=\"179\" src=\"https:\/\/www.radiopiu.net\/wordpress\/wp-content\/uploads\/2021\/01\/ffffc22b-880a-4051-9692-2d25171fbff3-300x179.jpg\" class=\"attachment-medium size-medium\" alt=\"\" srcset=\"https:\/\/www.radiopiu.net\/wordpress\/wp-content\/uploads\/2021\/01\/ffffc22b-880a-4051-9692-2d25171fbff3-300x179.jpg 300w, https:\/\/www.radiopiu.net\/wordpress\/wp-content\/uploads\/2021\/01\/ffffc22b-880a-4051-9692-2d25171fbff3.jpg 713w\" sizes=\"auto, (max-width: 300px) 100vw, 300px\" \/><\/a>\n\t\t\t\t<\/dt><\/dl><dl class='gallery-item'>\n\t\t\t\t<dt class='gallery-icon landscape'>\n\t\t\t\t\t<a class=\"rollover rollover-zoom dt-pswp-item\" title=\"b25fd452-3105-4b5e-bbcb-174ef24c976b\" data-dt-img-description=\"\" data-large_image_width=\"600\" data-large_image_height=\"356\"href='https:\/\/www.radiopiu.net\/wordpress\/wp-content\/uploads\/2021\/01\/b25fd452-3105-4b5e-bbcb-174ef24c976b.jpg'><img loading=\"lazy\" decoding=\"async\" width=\"300\" height=\"178\" src=\"https:\/\/www.radiopiu.net\/wordpress\/wp-content\/uploads\/2021\/01\/b25fd452-3105-4b5e-bbcb-174ef24c976b-300x178.jpg\" class=\"attachment-medium size-medium\" alt=\"\" srcset=\"https:\/\/www.radiopiu.net\/wordpress\/wp-content\/uploads\/2021\/01\/b25fd452-3105-4b5e-bbcb-174ef24c976b-300x178.jpg 300w, https:\/\/www.radiopiu.net\/wordpress\/wp-content\/uploads\/2021\/01\/b25fd452-3105-4b5e-bbcb-174ef24c976b.jpg 600w\" sizes=\"auto, (max-width: 300px) 100vw, 300px\" \/><\/a>\n\t\t\t\t<\/dt><\/dl><br style=\"clear: both\" \/>\n\t\t\t<\/div>\n\n<p>&nbsp;<\/p>\n<hr \/>\n<p>&nbsp;<\/p>\n<blockquote>\n<h3>IL REPORT SULLE VACCINAZIONI EFFETTUATE IN VENETO<\/h3>\n<\/blockquote>\n<a href=\"https:\/\/www.radiopiu.net\/wordpress\/wp-content\/uploads\/2021\/01\/2021.01.15_Report-18.30.pdf\" class=\"pdfemb-viewer\" style=\"\" data-width=\"max\" data-height=\"max\" data-toolbar=\"top\" data-toolbar-fixed=\"on\">2021.01.15_Report 18.30<\/a>\n<p>&nbsp;<\/p>\n<hr \/>\n<p>&nbsp;<\/p>\n<blockquote>\n<h2>LEGGI LA CONFERENZA STAMPA DI LUCA ZAIA<\/h2>\n<\/blockquote>\n<p>Siamo circondati da Regione dove il dato del contagio sta crescendo. La punta massima delle terapie intensive per il Veneto \u00e8 stata il 31 dicembre scorso con 401 posti occupati, da 15 giorni c&#8217;\u00e8 un calo. In serata il report dell&#8217;Istituto Nazionale di Sanit\u00e0. Oggi un centinaio di posti liberi nelle terapie intensive (quelle attivate). C&#8217;\u00e8 pi\u00f9 sofferenza in alcune realt\u00e0, veronese e trevigiano. Abbiamo una prospettiva di un calo delle terapie intensive sulla scorta dei numeri dei pazienti in area non critica.<strong> OGGI GIORNATA DI RICLASSIFICAZIONE<\/strong> Ci attendiamo l&#8217;arancione che secondo il protocollo delle zone dura 2-3 settimane. Cercheremo di capire l&#8217;ordinanza del Ministro <strong>FARMACISTI DA VACCINARE<\/strong> Stiamo procedendo con delle priorit\u00e0 poi tutte le altre categorie, questa compresa. <strong>EFFETTI DELLE RESTRIZIONI SULLE CURVE IN CALO?<\/strong> E&#8217; probabile, ma \u00e8 anche vero che prima delle restrizioni avevamo gi\u00e0 dato. <strong>SCUOLE<\/strong> E&#8217; sacrosanto che gli studenti vogliano tornare a scuola, ma i problemi sono evidenti e anche le tendenze che invertono in pochi giorni. I ragazzi non hanno nessuna colpa. Con i trasporti eravamo pronti a partire.\u00a0<strong> CASE DI RIPOSO E OSPITI<\/strong>\u00a0 Qualche casa di riposo lascia entrare, altri la video chiamata o la stanza degli abbracci, dipende da quanto il virus \u00e8 entrato nelle strutture alcune covid free. Se il vaccino permetter\u00e0 cambiamenti lo capiremo. <strong>MORTALITA&#8217;<\/strong> in linea con le altre regioni pi\u00f9 colpite dal Covid, numeri comunque inferiori a Lombardia, Emilia, Trentino, Piemonte. <strong>FABIO FRANCESCHI di GRAFICA VENETA\u00a0 DONA ANCORA MASCHERINE PER LE CASE DI RIPOSO, 1 MILIONE DI MASCHERINE CHIRURGICHE &#8221; Io sono vaccinato&#8221;.<\/strong><\/p>\n<blockquote>\n<h3>IL PROFESSOR GIORGIO PALU&#8217;\u00a0autorit\u00e0 indiscussa nel campo della Virologia, <em>professore<\/em> emerito dell&#8217;Universit\u00e0 di Padova.<\/h3>\n<\/blockquote>\n<p>Vengo sempre volentieri a casa in Veneto. La mortalit\u00e0\u00a0 oggi in Italia \u00e8 dello 0.05%, nemmeno paragonabile alla mortalit\u00e0 delle malattie infettive nei paesi in via di sviluppo. Non abbiamo raggiunto n\u00e8 la mortalit\u00e0 dell&#8217;Hiv ne&#8217; della Tubercolosi. Morti per covid si misura alle persone realmente infettate, che hanno prodotto gli anticorpi non tamponate. Oscilla tra lo 0,25 e il 50%, il Veneto paga un contributo minore di altre regioni, perch\u00e9 la Lombardia \u00e8 un&#8217;area metropolitano, in Veneto diffusa, ma non ci sono realt\u00e0 come Milano con la metropolitana e non abbiamo avuto ci\u00f2 che abbiamo visto in Lombardia perch\u00e9 il Veneto ha un&#8217;altra sanit\u00e0. In una competizione pubblico-privato i pronto soccorso hanno accolto di tutto. E&#8217; una seconda fase preponderante rispetto alla prima ma le terapia intensive non sono mai andate in crisi.<br \/>\n<strong>ASTRAZENICA\u00a0 EFFICACIA IN MODO UGUALE DEGLI ALTRI<\/strong> Verr\u00e0 valutata entro il 29 gennaio, l&#8217;altro ente di controllo ha chiesto un implemento di indagine. Altro problema per Astrazenica, in un certo numero di pazienti la prima dose dimezzata,\u00a0 associata alla seconda dose produceva un effetto molto superiore di 25 punti. E&#8217; stato approvato perch\u00e9 gli inglesi sono pragmatici, per proteggere gli anziani visto quanto successo in Italia e la carenza di posti letto, faranno da cavia. Nel programma Arcuri ci sono 41 milioni di dosi. Ha un&#8217;efficacia minore ma i nuovi dati sono interessanti sulla contagiosit\u00e0. In questo momento abbiamo bisogno anche di un altro vaccino. <strong>VARIANTE SUDAFRICANA<\/strong> Non abbiamo dati sulla variante sud africana, Astrazenica lo ha trovato su 20 pazienti ed \u00e8 pi\u00f9 difficile da neutralizzare.<\/p>\n<p>&nbsp;<\/p>\n<p><a href=\"https:\/\/www.facebook.com\/zaiaufficiale\/videos\/1129083240856170\">https:\/\/www.facebook.com\/zaiaufficiale\/videos\/1129083240856170<\/a><\/p>\n<p>&nbsp;<\/p>\n<p>&nbsp;<\/p>\n<p>&nbsp;<\/p>\n<p>&nbsp;<\/p>\n<hr \/>\n<p>&nbsp;<\/p>\n<blockquote>\n<h3>ULSS 1 DOLOMITI: AGGIORNATO IL PIANO VACCINAZIONE ANTI COVID<\/h3>\n<\/blockquote>\n<p><strong><a href=\"https:\/\/www.radiopiu.net\/wordpress\/vaccini-per-gli-anziani-artrite-psoriasica-prodotti-di-tabacco-a-basso-rischio\/dettaglio-del-vaccino-in-laboratorio_78895-1491\/\" rel=\"attachment wp-att-116862\"><img loading=\"lazy\" decoding=\"async\" class=\"size-medium wp-image-116862 alignleft\" src=\"https:\/\/www.radiopiu.net\/wordpress\/wp-content\/uploads\/2020\/02\/dettaglio-del-vaccino-in-laboratorio_78895-1491-300x200.jpg\" alt=\"\" width=\"300\" height=\"200\" srcset=\"https:\/\/www.radiopiu.net\/wordpress\/wp-content\/uploads\/2020\/02\/dettaglio-del-vaccino-in-laboratorio_78895-1491-300x200.jpg 300w, https:\/\/www.radiopiu.net\/wordpress\/wp-content\/uploads\/2020\/02\/dettaglio-del-vaccino-in-laboratorio_78895-1491.jpg 626w\" sizes=\"auto, (max-width: 300px) 100vw, 300px\" \/><\/a>BELLUNO <\/strong>E\u2019 stato aggiornato il Piano vaccinale anti Covid dell\u2019Ulss Dolomiti in base alle ultime linee guida regionali. L\u2019attuazione del Piano proceder\u00e0 secondo l\u2019effettiva disponibilit\u00e0 delle dosi di vaccino programmate e tenendo conto delle peculiarit\u00e0 di ciascun vaccino in ordine alla conservazione e alla somministrazione e potr\u00e0 essere ulteriormente aggiornato. Il primo passaggio riguarda la necessit\u00e0 dell\u2019accantonamento delle dosi di vaccino necessarie per garantire gli appuntamenti di completamento del ciclo vaccinale (seconda dose), di regola fissati a 21 giorni dalla prima somministrazione. La Farmacia Ospedaliera, su disposizione della Direzione Sanitaria Aziendale, continuer\u00e0 a curare l\u2019allestimento delle singole fiale di vaccino, con rigoroso rispetto delle regole di preparazione, anche al fine di ricavare il maggior numero di dosi possibili da ciascun flacone Pfizer-BioNTech. <strong><u>Immunizzazione degli operatori sanitari e degli operatori e ospiti delle Strutture Residenziali Territoriali. <\/u><\/strong>Nei prossimi giorni sar\u00e0 conclusa l\u2019immunizzazione degli operatori di tutti i quattro ruoli afferenti alle UU.OO Ospedaliere e di ospiti e operatori delle RSA. Entro poche settimane, verr\u00e0 completata l\u2019offerta vaccinale nell\u2019ambito delle Strutture Socio-Sanitarie Residenziali e Diurne, anche in riferimento ai minori di et\u00e0 superiore a 16 anni. Gi\u00e0 vaccinati, con modalit\u00e0 <em>drive-in<\/em> nelle scorse domeniche, i Medici attivi sul territorio (Medici Medicina Generale, Pediatri Libera Scelta, USCA, Specialisti Ambulatoriali Interni, Guardia Medica: 167 soggetti), sanitari e volontari del vasto sistema SUEM-118 ( 357 soggetti) . Domenica 17 gennaio 2021 \u00e8 previsto un nuovo V-Day vaccinale <em>drive-in<\/em> a favore di numerose categorie di operatori sanitari delle strutture private: circa 400 soggetti. Entro il mese verr\u00e0 garantita l\u2019offerta vaccinale agli operatori dei quattro ruoli del Dipartimento di Prevenzione, dei Distretti e dei Servizi Generali dell\u2019Azienda ULSS Dolomiti. L\u2019immunizzazione verr\u00e0 estesa alle ditte esterne operanti in ambito aziendale e al personale sanitario di altre amministrazioni pubbliche (INPS, INAIL etc). <strong><u>Vaccinazione della popolazione \u2265 80 anni: <\/u><\/strong>Il quadro epidemiologico della prima e seconda ondata COVID ha messo in evidenza, specie nel territorio della provincia di Belluno, maggiore incidenza di casi gravi nei soggetti anziani. Ci\u00f2 rafforza il livello di priorit\u00e0, dettato dalle linee di indirizzo nazionali e regionali, assunto dalla necessit\u00e0 di immunizzazione di questa rilevante categoria sociale. La sperimentazione organizzativa condotta in questi giorni a favore degli assistiti di una Medicina di Gruppo Integrata del contesto urbano bellunese ha messo in evidenza la validit\u00e0 di un modello di offerta con ruolo attivo della Medicina di Famiglia. E\u2019 stata quindi proposta l\u2019estensione di questo modello a tutto il territorio, con il supporto delle Istituzioni (Comuni, Parrocchie, Associazioni di Volontariato, altro). Ci\u00f2 sia in riferimento a difficolt\u00e0 nei collegamenti, anche postali, con le aree periferiche, sia alle caratteristiche dell\u2019ampio territorio montano. Sempre i Medici di Medicina Generale potranno agevolmente individuare nella fascia di soggetti anziani le persone in assistenza domiciliare o comunque non trasportabili al fine di garantire la vaccinazione a domicilio tramite la rete dei servizi territoriali, incluse le USCA. A seguito di adeguate disponibilit\u00e0 di vaccino anti-COVID, specie se con minori problemi di allestimento rispetto al vaccino Pfizer-BioNTech, l\u2019Azienda ULSS Dolomiti prontamente proceder\u00e0 a garantire l\u2019immunizzazione dei soggetti di et\u00e0 pari o superiore a 80 anni con le modalit\u00e0 organizzative descritte. <strong><u>Offerta vaccinale ai donatori di sangue ed emocomponenti: <\/u><\/strong>In adesione alle linee di indirizzo regionali, l\u2019Azienda ULSS Dolomiti proceder\u00e0 con l\u2019offerta di immunizzazione al vasto ed importante settore dei donatori di sangue, secondo selezione di priorit\u00e0 individuate in collaborazione con le associazioni d\u2019area. Secondo modalit\u00e0 che saranno ulteriormente specificate, si proceder\u00e0 nella fase 2, nell\u2019 <strong><u>offerta vaccinale alla popolazione con pi\u00f9 di 60 anni e ai soggetti fragili, <\/u><\/strong>partendo dai soggetti pi\u00f9 anziani e\/o fragili. In parallelo\/al termine della fase 2, sar\u00e0 completamente sviluppata la vaccinazione delle categorie afferenti ai Servizi Essenziali (fase 3). Le fasi 2 e 3 saranno di regola condotte mediante chiamata attiva dei vaccinandi ed erogazione prestazionale nei punti di vaccinazione di popolazione.<\/p>\n<p><strong>LA CARTINA DELLA ULSS 1 DOLOMITI CON I CENTRI PER LA VACCINAZIONE<\/strong><\/p>\n<p><a href=\"https:\/\/www.radiopiu.net\/wordpress\/ulss-1-dolomiti-aggiornato-il-piano-vaccinazione-anti-covid\/punti-vaccinazione-anti-covid_def\/\" rel=\"attachment wp-att-185095\"><img loading=\"lazy\" decoding=\"async\" class=\"alignnone wp-image-185095 size-full\" src=\"https:\/\/www.radiopiu.net\/wordpress\/wp-content\/uploads\/2021\/01\/punti-vaccinazione-anti-covid_def.png\" alt=\"\" width=\"940\" height=\"788\" srcset=\"https:\/\/www.radiopiu.net\/wordpress\/wp-content\/uploads\/2021\/01\/punti-vaccinazione-anti-covid_def.png 940w, https:\/\/www.radiopiu.net\/wordpress\/wp-content\/uploads\/2021\/01\/punti-vaccinazione-anti-covid_def-300x251.png 300w, https:\/\/www.radiopiu.net\/wordpress\/wp-content\/uploads\/2021\/01\/punti-vaccinazione-anti-covid_def-768x644.png 768w\" sizes=\"auto, (max-width: 940px) 100vw, 940px\" \/><\/a><\/p>\n<p>&nbsp;<\/p>\n<hr \/>\n<p>&nbsp;<\/p>\n<p>&nbsp;<\/p>\n<blockquote>\n<h3>LA STAGIONE E&#8217; ANDATA, MA IL GOVERNO SE NE RENDE CONTO?<\/h3>\n<\/blockquote>\n<p><strong><a href=\"https:\/\/www.radiopiu.net\/wordpress\/inizio-di-stagione-con-grandi-novita-per-larea-sciistica-arabba-marmolada\/arabba-funivie\/\" rel=\"attachment wp-att-164647\"><img loading=\"lazy\" decoding=\"async\" class=\" wp-image-164647 alignleft\" src=\"https:\/\/www.radiopiu.net\/wordpress\/wp-content\/uploads\/2020\/10\/ARABBA-FUNIVIE-300x123.jpg\" alt=\"\" width=\"241\" height=\"99\" srcset=\"https:\/\/www.radiopiu.net\/wordpress\/wp-content\/uploads\/2020\/10\/ARABBA-FUNIVIE-300x123.jpg 300w, https:\/\/www.radiopiu.net\/wordpress\/wp-content\/uploads\/2020\/10\/ARABBA-FUNIVIE-1024x419.jpg 1024w, https:\/\/www.radiopiu.net\/wordpress\/wp-content\/uploads\/2020\/10\/ARABBA-FUNIVIE-768x314.jpg 768w, https:\/\/www.radiopiu.net\/wordpress\/wp-content\/uploads\/2020\/10\/ARABBA-FUNIVIE.jpg 1046w\" sizes=\"auto, (max-width: 241px) 100vw, 241px\" \/><\/a>ROMA<\/strong> <em>\u00abAdesso \u00e8 davvero finita: la stagione invernale \u00e8 andata senza alcuna possibilit\u00e0. Ed \u00e8 ingiustificabile il silenzio sul fronte degli indennizzi, perch\u00e9 la fotografia della montagna \u00e8 quanto mai drammatica\u00bb<\/em>. Cos\u00ec in una nota il deputato di Forza Italia Dario Bond. <em>\u00abTenere gli impianti chiusi fino a fine febbraio significa morte certa per la montagna. A Belluno le attivit\u00e0 della parte alta della provincia sono in netta sofferenza gi\u00e0 da tempo: da qui al 15 febbraio la situazione pu\u00f2 solo peggiorare. E dopo il 15, aprire sarebbe un costo senza ritorno, non certo un beneficio\u00bb. <\/em>Qualche giorno fa Federalberghi Belluno ha inviato al ministro D\u2019Inc\u00e0 un report sulla situazione della montagna bellunese\u00a0 <em>\u00abNe risulta che si \u00e8 perso un milione di turisti. Tradotto: rischio fallimento per alberghi, bar, ristoranti, strutture ricettive, impianti di risalita\u2026 in pratica tutto il sistema montagna \u00e8 a terra e &#8211; lo dice anche Federalberghi &#8211; l\u2019inverno 2020-2021 \u00e8 irrimediabilmente compromesso. A questo punto, cosa manca ancora per avere indennizzi in grado di far sopravvivere la filiera del turismo e le famiglie che vivono in montagna?\u00bb.\u00a0<\/em><\/p>\n<p>&nbsp;<\/p>\n<hr \/>\n<p>&nbsp;<\/p>\n<blockquote>\n<h3>L&#8217;INTERROGAZIONE DI SAVIANE IN SENATO<\/h3>\n<\/blockquote>\n<p><strong>ROMA<\/strong> Il Senatore della Lega Paolo Saviane ha presentato un&#8217;interrogazione in Senato per presentare le difficolt\u00e0 che ha la montagna in generale in questo periodo. &#8220;Lo ringrazio per aver saputo cogliere la difficolt\u00e0 in cui versano le attivit\u00e0 del territorio montano interrogando prontamente il Governo sostenendo la necessit\u00e0 che le stesse possano contare su significativi ristori &#8211; afferma il segretario provinciale Franco Gidoni &#8211; Evidenzio la sensibilit\u00e0 del gruppo Lega in Senato che attraverso la sottoscrizione dell&#8217;atto da parte di molti colleghi del senatore Saviane, anche di altre regioni, mette in evidenza come la preoccupazione non sia solo del nostro territorio, ma coinvolga l&#8217;intera montagna italiana. Auspico che il Governo risponda in tempi celeri all&#8217;interrogazione ovviamente in termini positivi dando garanzia che in tempi rapidi il comparto potr\u00e0 contare su un significativo aiuto economico&#8221;.<\/p>\n<p><strong>L&#8217;INTERROGAZIONE PRESENTATA IERI DA SAVIANE<\/strong><\/p>\n<a href=\"https:\/\/www.radiopiu.net\/wordpress\/wp-content\/uploads\/2021\/01\/SAVIANE.pdf\" class=\"pdfemb-viewer\" style=\"\" data-width=\"max\" data-height=\"max\" data-toolbar=\"top\" data-toolbar-fixed=\"on\">SAVIANE<\/a>\n<p>&nbsp;<\/p>\n<hr \/>\n<p>&nbsp;<\/p>\n<blockquote>\n<h3>BOND \u2013 CORTELLAZZO (FI): CRISI DI GOVERNO VA RISOLTA PRESTO, IN BILICO TENUTA SOCIALE E RILANCIO DEL PAESE<\/h3>\n<\/blockquote>\n<p><strong><a href=\"https:\/\/www.radiopiu.net\/wordpress\/conosciamo-la-corale-di-limana-con-le-interviste-di-silvia-baldo\/download-1087\/\" rel=\"attachment wp-att-185033\"><img loading=\"lazy\" decoding=\"async\" class=\" wp-image-185033 alignleft\" src=\"https:\/\/www.radiopiu.net\/wordpress\/wp-content\/uploads\/2021\/01\/download-22-300x142.jpg\" alt=\"\" width=\"256\" height=\"121\" srcset=\"https:\/\/www.radiopiu.net\/wordpress\/wp-content\/uploads\/2021\/01\/download-22-300x142.jpg 300w, https:\/\/www.radiopiu.net\/wordpress\/wp-content\/uploads\/2021\/01\/download-22.jpg 326w\" sizes=\"auto, (max-width: 256px) 100vw, 256px\" \/><\/a>ROMA<\/strong> <em>\u201cPrima del Coronavirus le stime dei bambini in povert\u00e0 assoluta segnavano una cifra pari a 1.200.000. Solo il 25% aveva accesso al nido. Una forte disuguaglianza sociale che oggi si \u00e8 acuita. Ma le problematiche sono ben pi\u00f9 ampie\u201d<\/em>. E\u2019 quanto affermano in una nota congiunta i deputati di Forza Italia, Dario Bond e Piergiorgio Cortellazzo. <em>\u201cUna riforma sul welfare che guardi al sociale e alle donne, il Recovery Fund dovr\u00e0 servire a questo \u2013 aggiungono &#8211; A finanziare le riforme che servono al Paese per uscire dalla pandemia e per superare i limiti che c\u2019erano gi\u00e0 prima di questa crisi. Tra i nodi da sciogliere l\u2019aumento dell\u2019occupazione femminile, un piano strategico per l\u2019infanzia, il contrasto al calo della natalit\u00e0, le politiche attive del lavoro, la formazione sono tutti prioritari per la tenuta e il rilancio anche sociale dell\u2019Italia. Il testo approvato arriver\u00e0 alla Camera per l\u2019approvazione e con esso anche il dibattito sulla crisi di questo Governo. Una crisi che pi\u00f9 del 50% degli italiani non sta comprendendo e che va risolta, come ha sottolineato il nostro presidente Berlusconi, al pi\u00f9 presto. Per il bene e il futuro del Paese ora in bilico\u201d<\/em><\/p>\n<p>&nbsp;<\/p>\n<p>&nbsp;<\/p>\n<p>&nbsp;<\/p>\n<hr \/>\n<blockquote>\n<h3>BANDO CONTRIBUTI PER GLI ESERCIZI DI VICINATO: 1 MILIONE 430MILA EURO PER SOSTENERE 65 ATTIVIT\u00c0 PROVINCIA E FONDO COMUNI CONFINANTI INSIEME PER UN PROGETTO ANTI-SPOPOLAMENTO<\/h3>\n<\/blockquote>\n<p><strong><a href=\"https:\/\/www.radiopiu.net\/wordpress\/il-nuovo-step-della-fase-2-ci-veda-propositivi-e-uniti-la-provincia-puo-fare-da-collettore-di-tutte-le-esigenze-e-le-idee-che-emergono-dal-nostro-territorio\/padrin-64\/\" rel=\"attachment wp-att-138417\"><img loading=\"lazy\" decoding=\"async\" class=\"size-medium wp-image-138417 alignleft\" src=\"https:\/\/www.radiopiu.net\/wordpress\/wp-content\/uploads\/2020\/05\/PADRIN-1-300x225.jpg\" alt=\"\" width=\"300\" height=\"225\" srcset=\"https:\/\/www.radiopiu.net\/wordpress\/wp-content\/uploads\/2020\/05\/PADRIN-1-300x225.jpg 300w, https:\/\/www.radiopiu.net\/wordpress\/wp-content\/uploads\/2020\/05\/PADRIN-1-1024x768.jpg 1024w, https:\/\/www.radiopiu.net\/wordpress\/wp-content\/uploads\/2020\/05\/PADRIN-1-768x576.jpg 768w, https:\/\/www.radiopiu.net\/wordpress\/wp-content\/uploads\/2020\/05\/PADRIN-1-1536x1152.jpg 1536w, https:\/\/www.radiopiu.net\/wordpress\/wp-content\/uploads\/2020\/05\/PADRIN-1-2048x1536.jpg 2048w\" sizes=\"auto, (max-width: 300px) 100vw, 300px\" \/><\/a>BELLUNO <\/strong><span class=\"s1\">La Provincia di Belluno ha presentato questa mattina in conferenza stampa gli esiti della seconda edizione del bando per gli esercizi di vicinato. Una misura a sostegno del piccolo commercio di prossimit\u00e0, delle attivit\u00e0 artigiane e in generale degli esercizi che costituiscono un presidio di servizio locale della comunit\u00e0. Erano presenti il presidente della Provincia Roberto Padrin, il deputato Roger De Menech (Fondo Comuni confinanti), il presidente della Camera di Commercio Treviso Belluno Mario Pozza e il direttore di Ascom Confcommercio Belluno Luca Dal Poz. <\/span><span class=\"s1\">Il bando, in continuit\u00e0 con la prima edizione del 2019, \u00e8 finanziato da Provincia e Fondo Comuni confinanti per 1.430.000 euro. E grazie alle risorse messe a disposizione dal bilancio di Palazzo Piloni assicura in modo unitario uno sviluppo di ambito provinciale, andando oltre i Comuni di prima e seconda fascia (vale a dire confinanti e dirimpettai dei confinanti con Trento e Bolzano). Come nella prima edizione, erano ammessi a bando i progetti di ammodernamento delle attivit\u00e0 (spese di investimento per macchinari, impianti produttivi, attrezzature nuove di fabbrica, impianti di illuminazione e di sicurezza, arredi, ristrutturazione, hardware, programmi informatici, interventi di innovazione digitale, sistemi per l\u2019accettazione di pagamenti innovativi, vetrine intelligenti, realt\u00e0 aumentata); \u00e8 previsto un finanziamento del 40% della spesa, mentre il 60% rimane a carico del richiedente. <\/span><span class=\"s1\">\u00ab<em>Siamo molto soddisfatti della riuscita anche di questo secondo bando &#8211; il commento del presidente Padrin -. Le domande pervenute sono state 79. Di queste, 4 non erano ammissibili, mentre 65 riceveranno il finanziamento, fino all\u2019esaurimento completo delle risorse a disposizione. Come nel bando 2019, siamo convinti di poter assicurare un sostegno soprattutto a quelle aree periferiche della nostra provincia, dove \u00e8 pi\u00f9 forte lo spopolamento e dove negozi e piccole attivit\u00e0 rappresentano un presidio fondamentale. Ma l\u2019intero territorio provinciale \u00e8 interessato da questa misura, anche alla luce dell\u2019emergenza Covid che sta creando una situazione drammatica per le attivit\u00e0 commerciali e le imprese<\/em>\u00bb. <\/span><span class=\"s1\">Sono 46 i progetti finanziati nei Comuni confinanti e contigui; 19 invece le domande finanziate nel resto della provincia, per un totale di quasi 4,5 milioni di euro di investimenti sul territorio. \u00ab<em>\u00c8 stata una scelta precisa quella di allargare anche ai Comuni non di confine o di seconda fascia &#8211; spiega la consigliera provinciale delegata Serenella Bogana -. La montagna, e l\u2019intero territorio provinciale, soffre delle stesse difficolt\u00e0. E i risultati del bando sono estremamente positivi mostrano la voglia di investire e la resilienza delle attivit\u00e0<\/em>\u00bb. <\/span><span class=\"s1\">\u00ab<em>In effetti le graduatorie del bando mostrano che le imprese ci hanno creduto, anche in un momento in cui sembrava non ci fosse nulla a cui credere, se non nel fatto che c\u2019era una pandemia mai vista prima &#8211; aggiunge il presidente della Camera di Commercio Treviso Belluno, Mario Pozza -. C\u2019\u00e8 chi ha voluto ampliare attivit\u00e0 esistenti rendendole polifunzionali; chi ha creato nuove attivit\u00e0 per rispondere a nuovi bisogni; chi ha voluto restaurare i muri, le facciate per rendere pi\u00f9 accoglienti i propri negozi. Ma dietro alle pratiche ci sono persone e storie. Eravamo da subito convinti che i finanziamenti dovessero andare a chi ne aveva effettivamente bisogno e che questo bando sarebbe stato un garanzia importante per supportare le difficolt\u00e0 sociali causate dal lockdown e dal virus<\/em>\u00bb. <\/span><span class=\"s1\">Soddisfatto anche il presidente del Comitato paritetico Fondo Comuni confinanti, Roger De Menech: \u00ab<em>La Provincia di Belluno \u00e8 uno dei rari enti che riescono in questo periodo a costruire politiche territoriali, anche grazie al Fondo Comuni confinanti. Questo bando \u00e8 uno degli esempi virtuosi: siamo partiti da un fondo territoriale e con l\u2019intelligenza della politica lo abbiamo trasformato in un fondo provinciale<\/em>\u00bb.<\/span><\/p>\n<p>&nbsp;<\/p>\n<hr \/>\n<p>&nbsp;<\/p>\n<blockquote>\n<h3>FELTREGHIACCIO-COMUNE, ALLA RICERCA DELLA PACE, L&#8217;AGO DELLA BILANCIA SARANNO I SOLDI.<\/h3>\n<\/blockquote>\n<p><strong><a href=\"https:\/\/www.radiopiu.net\/wordpress\/rissa-al-palaghiaccio-di-feltre-chiuse-le-indagini\/palaghiaccio-feltre-21-preview-2\/\" rel=\"attachment wp-att-16985\"><img loading=\"lazy\" decoding=\"async\" class=\" wp-image-16985 alignleft\" src=\"https:\/\/www.radiopiu.net\/wordpress\/wp-content\/uploads\/2016\/02\/Palaghiaccio-Feltre-21.preview-300x200.jpg\" alt=\"\" width=\"248\" height=\"165\" \/><\/a>FELTRE<\/strong> Disgelo tra Comune e Cooperativa Feltreghiaccio, quest&#8217;ultima ricorsa al\u00a0 tribunale per vedersi riconosciuti gli investimenti fatti in pi\u00f9 di trent&#8217;anni di gestione. C&#8217;\u00e8\u00a0 disponibilit\u00e0\u00a0 a trattare sulla base di una somma di 100 mila euro.<em>\u00a0 \u00abIl Comune resta disponibile a perfezionare, su queste basi, un accordo transattivo che eviti il dilatarsi dei tempi della decisione finale e l&#8217;esborso di ulteriori spese legali da parte di entrambe le parti in causa\u00bb,<\/em> dice il sindaco Paolo Perenzin.<em> \u00abSe la cooperativa Feltreghiaccio far\u00e0 scelte diverse ne prenderemo atto\u00bb<\/em>. L&#8217;amministrazione adesso ha deciso di intervenire.\u00a0 Gli uffici comunali avevano stimato da subito in alcune decine di migliaia di euro il massimo possibile credito da riconoscere alla cooperativa, che invece rivendicava molto di pi\u00f9 e si \u00e8 rivolta al tribunale presentando in allegato al ricorso fatture per un totale di 531 mila euro. Di queste, il perito nominato dal giudice, in una bozza di perizia in possesso delle parti, ha quantificato il possibile debito a carico del Comune in circa 140 mila euro, dai quali deve essere detratto il danno per mancata manutenzione stimato in circa 40 mila euro (per un netto, dunque, di circa 100 mila euro).<\/p>\n<p>&nbsp;<\/p>\n<p>&nbsp;<\/p>\n<hr \/>\n<p>&nbsp;<\/p>\n<blockquote>\n<h2>SPECIALI ALLA RADIO, MARCELLA CORRA&#8217; SI RACCONTA<\/h2>\n<\/blockquote>\n<p><strong>TAIBON<\/strong> Marcella Corra&#8217; ai microfoni di RADIO PIU&#8217; con un emozionato Gianni Santomaso. Il direttore del Corriere delle Alpi ha raggiunto l&#8217;et\u00e0 della pensione lo scorso 31 dicembre.<\/p>\n<p><strong><a href=\"https:\/\/www.radiopiu.net\/wordpress\/speciali-alla-radio-marcella-corra-si-racconta\/1653416_465688533629231_8233568200537089300_n\/\" rel=\"attachment wp-att-185030\"><img loading=\"lazy\" decoding=\"async\" class=\"wp-image-185030 alignleft\" src=\"https:\/\/www.radiopiu.net\/wordpress\/wp-content\/uploads\/2021\/01\/1653416_465688533629231_8233568200537089300_n-300x300.jpg\" alt=\"\" width=\"106\" height=\"106\" srcset=\"https:\/\/www.radiopiu.net\/wordpress\/wp-content\/uploads\/2021\/01\/1653416_465688533629231_8233568200537089300_n-300x300.jpg 300w, https:\/\/www.radiopiu.net\/wordpress\/wp-content\/uploads\/2021\/01\/1653416_465688533629231_8233568200537089300_n-150x150.jpg 150w, https:\/\/www.radiopiu.net\/wordpress\/wp-content\/uploads\/2021\/01\/1653416_465688533629231_8233568200537089300_n-768x768.jpg 768w, https:\/\/www.radiopiu.net\/wordpress\/wp-content\/uploads\/2021\/01\/1653416_465688533629231_8233568200537089300_n.jpg 960w\" sizes=\"auto, (max-width: 106px) 100vw, 106px\" \/><\/a><\/strong><\/p>\n<p>&nbsp;<\/p>\n<p><strong>DI GIANNI SANTOMASO<\/strong><\/p>\n<p>&nbsp;<\/p>\n<p>&nbsp;<\/p>\n<p><span style=\"color: #ff0000;\">PARTE 1<\/span><\/p>\n<audio class=\"wp-audio-shortcode\" id=\"audio-184944-5\" preload=\"none\" style=\"width: 100%;\" controls=\"controls\"><source type=\"audio\/mpeg\" src=\"https:\/\/www.radiopiu.net\/wordpress\/wp-content\/uploads\/2021\/01\/Marcella-Corra_prima-parte.mp3?_=5\" \/><a href=\"https:\/\/www.radiopiu.net\/wordpress\/wp-content\/uploads\/2021\/01\/Marcella-Corra_prima-parte.mp3\">https:\/\/www.radiopiu.net\/wordpress\/wp-content\/uploads\/2021\/01\/Marcella-Corra_prima-parte.mp3<\/a><\/audio>\n<p>&nbsp;<\/p>\n<p><span style=\"color: #ff0000;\"><a href=\"https:\/\/www.radiopiu.net\/wordpress\/speciali-alla-radio-marcella-corra-si-racconta\/13245242_516662971865120_3928607758613990519_n-2\/\" rel=\"attachment wp-att-185029\"><img loading=\"lazy\" decoding=\"async\" class=\"wp-image-185029 alignleft\" src=\"https:\/\/www.radiopiu.net\/wordpress\/wp-content\/uploads\/2021\/01\/13245242_516662971865120_3928607758613990519_n-300x300.jpg\" alt=\"\" width=\"110\" height=\"110\" srcset=\"https:\/\/www.radiopiu.net\/wordpress\/wp-content\/uploads\/2021\/01\/13245242_516662971865120_3928607758613990519_n-300x300.jpg 300w, https:\/\/www.radiopiu.net\/wordpress\/wp-content\/uploads\/2021\/01\/13245242_516662971865120_3928607758613990519_n-150x150.jpg 150w, https:\/\/www.radiopiu.net\/wordpress\/wp-content\/uploads\/2021\/01\/13245242_516662971865120_3928607758613990519_n-768x765.jpg 768w, https:\/\/www.radiopiu.net\/wordpress\/wp-content\/uploads\/2021\/01\/13245242_516662971865120_3928607758613990519_n.jpg 960w\" sizes=\"auto, (max-width: 110px) 100vw, 110px\" \/><\/a><\/span><\/p>\n<p>&nbsp;<\/p>\n<p>&nbsp;<\/p>\n<p>&nbsp;<\/p>\n<p>&nbsp;<\/p>\n<p><span style=\"color: #ff0000;\">PARTE 2<\/span><\/p>\n<audio class=\"wp-audio-shortcode\" id=\"audio-184944-6\" preload=\"none\" style=\"width: 100%;\" controls=\"controls\"><source type=\"audio\/mpeg\" src=\"https:\/\/www.radiopiu.net\/wordpress\/wp-content\/uploads\/2021\/01\/Marcella-Corra_seconda-parte.mp3?_=6\" \/><a href=\"https:\/\/www.radiopiu.net\/wordpress\/wp-content\/uploads\/2021\/01\/Marcella-Corra_seconda-parte.mp3\">https:\/\/www.radiopiu.net\/wordpress\/wp-content\/uploads\/2021\/01\/Marcella-Corra_seconda-parte.mp3<\/a><\/audio>\n<p>&nbsp;<\/p>\n<blockquote><p><em>Svuotare una scrivania dopo 26 anni significa far saltare fuori un sacco di simpatici ricordi, come la caricatura di me e Toni Sirena, fatta da Gianpaolo Perona nel 2005, o la foto di gruppo di un pranzo al Castello di Zumelle, per salutare Toni che andava a dirigere il Trentino<br \/>\n<strong>Marcella\u00a0<\/strong><\/em><\/p><\/blockquote>\n\n\t\t\t<style type='text\/css'>\n\t\t\t\t#gallery-2 {\n\t\t\t\t\tmargin: auto;\n\t\t\t\t}\n\t\t\t\t#gallery-2 .gallery-item {\n\t\t\t\t\tfloat: left;\n\t\t\t\t\tmargin-top: 10px;\n\t\t\t\t\ttext-align: center;\n\t\t\t\t\twidth: 50%;\n\t\t\t\t}\n\t\t\t\t#gallery-2 img {\n\t\t\t\t\tborder: 2px solid #cfcfcf;\n\t\t\t\t}\n\t\t\t\t#gallery-2 .gallery-caption {\n\t\t\t\t\tmargin-left: 0;\n\t\t\t\t}\n\t\t\t\t\/* see gallery_shortcode() in wp-includes\/media.php *\/\n\t\t\t<\/style>\n\t\t<div id='gallery-2' class='dt-gallery-container gallery galleryid-184944 gallery-columns-2 gallery-size-full'><dl class='gallery-item'>\n\t\t\t\t<dt class='gallery-icon landscape'>\n\t\t\t\t\t<a class=\"rollover rollover-zoom dt-pswp-item\" title=\"135478226_1604933999704673_6423553643371612390_n\" data-dt-img-description=\"\" data-large_image_width=\"600\" data-large_image_height=\"450\"href='https:\/\/www.radiopiu.net\/wordpress\/wp-content\/uploads\/2021\/01\/135478226_1604933999704673_6423553643371612390_n.jpg'><img loading=\"lazy\" decoding=\"async\" width=\"600\" height=\"450\" src=\"https:\/\/www.radiopiu.net\/wordpress\/wp-content\/uploads\/2021\/01\/135478226_1604933999704673_6423553643371612390_n.jpg\" class=\"attachment-full size-full\" alt=\"\" srcset=\"https:\/\/www.radiopiu.net\/wordpress\/wp-content\/uploads\/2021\/01\/135478226_1604933999704673_6423553643371612390_n.jpg 600w, https:\/\/www.radiopiu.net\/wordpress\/wp-content\/uploads\/2021\/01\/135478226_1604933999704673_6423553643371612390_n-300x225.jpg 300w\" sizes=\"auto, (max-width: 600px) 100vw, 600px\" \/><\/a>\n\t\t\t\t<\/dt><\/dl><dl class='gallery-item'>\n\t\t\t\t<dt class='gallery-icon portrait'>\n\t\t\t\t\t<a class=\"rollover rollover-zoom dt-pswp-item\" title=\"135437377_1604934043038002_6219950868743744422_n\" data-dt-img-description=\"\" data-large_image_width=\"450\" data-large_image_height=\"600\"href='https:\/\/www.radiopiu.net\/wordpress\/wp-content\/uploads\/2021\/01\/135437377_1604934043038002_6219950868743744422_n.jpg'><img loading=\"lazy\" decoding=\"async\" width=\"450\" height=\"600\" src=\"https:\/\/www.radiopiu.net\/wordpress\/wp-content\/uploads\/2021\/01\/135437377_1604934043038002_6219950868743744422_n.jpg\" class=\"attachment-full size-full\" alt=\"\" srcset=\"https:\/\/www.radiopiu.net\/wordpress\/wp-content\/uploads\/2021\/01\/135437377_1604934043038002_6219950868743744422_n.jpg 450w, https:\/\/www.radiopiu.net\/wordpress\/wp-content\/uploads\/2021\/01\/135437377_1604934043038002_6219950868743744422_n-225x300.jpg 225w\" sizes=\"auto, (max-width: 450px) 100vw, 450px\" \/><\/a>\n\t\t\t\t<\/dt><\/dl><br style=\"clear: both\" \/>\n\t\t\t<\/div>\n\n<p>&nbsp;<\/p>\n<hr \/>\n<p>&nbsp;<\/p>\n<blockquote>\n<h3>AL TAVOLO PER L&#8217;ACC ANCHE IL MINISTRO D&#8217;INCA&#8217;<\/h3>\n<\/blockquote>\n<p><strong><a href=\"https:\/\/www.radiopiu.net\/wordpress\/giornale-radiopiu-05-maggio-2018-direttore-mirko-mezzacasa\/acc-mel-e1481823814280\/\" rel=\"attachment wp-att-47563\"><img loading=\"lazy\" decoding=\"async\" class=\"size-medium wp-image-47563 alignleft\" src=\"https:\/\/www.radiopiu.net\/wordpress\/wp-content\/uploads\/2018\/05\/acc-mel-e1481823814280-300x184.jpg\" alt=\"\" width=\"300\" height=\"184\" srcset=\"https:\/\/www.radiopiu.net\/wordpress\/wp-content\/uploads\/2018\/05\/acc-mel-e1481823814280-300x184.jpg 300w, https:\/\/www.radiopiu.net\/wordpress\/wp-content\/uploads\/2018\/05\/acc-mel-e1481823814280-768x472.jpg 768w, https:\/\/www.radiopiu.net\/wordpress\/wp-content\/uploads\/2018\/05\/acc-mel-e1481823814280.jpg 823w\" sizes=\"auto, (max-width: 300px) 100vw, 300px\" \/><\/a>BELLUNO<\/strong> Incontro tra parti sindacali, Prefetto di Belluno, ministro D&#8217;Inc\u00e0 e sottosegretario Todde per discutere del futuro della ACC di Mel. Con un comunicato stampa congiunto Fim-Cisl, Fiom-Cgil e Uilm hanno voluto ringraziare per l&#8217;incontro e fare luce sulle problematiche dell&#8217;azienda.<\/p>\n<p><strong>IL COMUNICATO SINDACALE<\/strong><\/p>\n<div class=\"page\" title=\"Page 1\">\n<div class=\"section\">\n<div class=\"layoutArea\">\n<div class=\"column\">\n<blockquote><p><em>Le organizzazioni sindacali territoriali FIM-FIOM-UILM ringraziano il Prefetto per aver accettato l&#8217;invito a pochi giorni dal suo insediamento e sottolineano la sensibilita\u0300 che la prefettura ha sempre dimostrato nel seguire le crisi aziendali e le possibili ripercussioni che potrebbero generare sul tessuto sociale della provincia. Esprimiamo anche massima soddisfazione per la partecipazione della Sottosegretario A.Todde e del ministro D&#8217;inca\u0300, hanno voluto essere presenti all&#8217;incontro ribadendo la loro vicinanza alle lavoratrici e ai lavoratori della Acc e rinnovando l&#8217;impegno per una rapida risoluzione della crisi. Al tavolo e\u0300 emerso in tutta la sua gravita\u0300 la paralisi che si e\u0300 venuta a creare all&#8217;indomani della richiesta di ulteriori precisazioni da parte della commissione europea dilatando in maniera spropositata i tempi per una risposta definitiva, vanificando le aspettative e l&#8217;impegno profuso in questi mesi che hanno portato la produzione a livelli che non si vedevano dal 2009. Il ministro e la Sottosegretario dichiarano di aver intensificato le azioni presso la Commissione e di aspettare a breve una risposta piu vicina alla natura delle nostre richieste. La Regione Veneto in coordinamento con il ministero si dice pronta a fare la sua parte e all&#8217;aggravarsi della situazione disponibile a cercare insieme possibili soluzioni . Ribadiamo la nostra piena fiducia nel operato delle istituzioni ma occorre urgentemente un atto forte per mettere in sicurezza le casse e il futuro dello stabilimento di Mel<\/em><\/p><\/blockquote>\n<p>&nbsp;<\/p>\n<p>&nbsp;<\/p>\n<hr \/>\n<p>&nbsp;<\/p>\n<blockquote>\n<h3>ACC, D&#8217;INCA&#8217;: &#8220;PASSI AVANTI NELL&#8217;INTERLOCUZIONE EUROPEA<\/h3>\n<\/blockquote>\n<p><strong><a href=\"https:\/\/www.radiopiu.net\/wordpress\/giornale-radiopiu-23-aprile-2020-direttore-mirko-mezzacasa\/federico-dinca-3\/\" rel=\"attachment wp-att-132319\"><img loading=\"lazy\" decoding=\"async\" class=\"size-medium wp-image-132319 alignleft\" src=\"https:\/\/www.radiopiu.net\/wordpress\/wp-content\/uploads\/2020\/04\/FEDERICO-DINCA-237x300.png\" alt=\"\" width=\"237\" height=\"300\" srcset=\"https:\/\/www.radiopiu.net\/wordpress\/wp-content\/uploads\/2020\/04\/FEDERICO-DINCA-237x300.png 237w, https:\/\/www.radiopiu.net\/wordpress\/wp-content\/uploads\/2020\/04\/FEDERICO-DINCA-808x1024.png 808w, https:\/\/www.radiopiu.net\/wordpress\/wp-content\/uploads\/2020\/04\/FEDERICO-DINCA-768x973.png 768w, https:\/\/www.radiopiu.net\/wordpress\/wp-content\/uploads\/2020\/04\/FEDERICO-DINCA.png 1018w\" sizes=\"auto, (max-width: 237px) 100vw, 237px\" \/><\/a>ROMA<\/strong> \u201c<em>In queste settimane il Governo ha lavorato con estrema attenzione per il futuro dell\u2019Acc: \u00e8 in corso una forte interlocuzione europea in seguito alla richiesta di chiarimenti da parte della Commissione e sono stati fatti significativi passi in avanti per cercare di risolvere la questione che interessa lo stabilimento di Mel<\/em>\u201d. Lo dichiara Federico D\u2019Inc\u00e0, Ministro per i Rapporti con il Parlamento al termine dell\u2019incontro con le organizzazioni sindacali, il Prefetto di Belluno, Sergio Bracco, la Sottosegretaria al Mise, Alessandra Todde, il Commissario Maurizio Castro e la Regione Veneto. \u201c<em>Ho contattato il Ministro per gli Affari Europei Vincenzo Amendola che si \u00e8 subito attivato, assieme ai nostri ambasciatori, per un contatto diretto con la Commissione \u2013 prosegue D\u2019Inc\u00e0, che aggiunge -: sono stati consegnati tutti i documenti necessari richiesti, fornendo ulteriori dettagli. Ora, grazie anche al continuo e prezioso lavoro della Sottosegretaria Alessandra Todde, attendiamo nelle prossime ore un segnale dalla Commissione, confidando che al pi\u00f9 presto arrivi l\u2019autorizzazione al prestito ponte per dare continuit\u00e0 ad Acc per i prossimi sei mesi fino all\u2019uscita dell\u2019amministrazione straordinaria<\/em>\u201d. Il Ministro D\u2019Inc\u00e0 ricorda che \u201c<em>come \u00e8 sempre stato dimostrato, il Governo crede fortemente in Acc e nel nuovo progetto di Italcomp che rappresenta un rilancio importante non solo per il territorio bellunese ma anche per l\u2019intero Paese, rendendo nuovamente competitivo un settore manifatturiero attraverso un preciso piano industriale. Il mio ringraziamento va a tutti i dipendenti dello stabilimento di Borgo Valbelluna che hanno dimostrato, giorno dopo giorno, forte dedizione al lavoro, al Commissario Castro e alle organizzazioni sindacali. Ringrazio anche il Prefetto di Belluno, Sergio Bracco, che ha subito seguito con attenzione la vicenda. Ci auguriamo, quindi, che la situazione si sblocchi in tempi rapidi, garantendo ancora una volta il massimo impegno<\/em>\u201d.<\/p>\n<p>&nbsp;<\/p>\n<hr \/>\n<p>&nbsp;<\/p>\n<blockquote>\n<h3>LA PANDEMIA CANCELLA PRANZO E FESTA DI SANT&#8217;ANTONIO<\/h3>\n<\/blockquote>\n<p><strong><a href=\"https:\/\/www.radiopiu.net\/wordpress\/ultime-notizie-disagio-idrico-ad-agordo\/park-nof-filo\/\" rel=\"attachment wp-att-52828\"><img loading=\"lazy\" decoding=\"async\" class=\" wp-image-52828 alignleft\" src=\"https:\/\/www.radiopiu.net\/wordpress\/wp-content\/uploads\/2018\/07\/PARK-NOF-FILO-300x196.jpg\" alt=\"\" width=\"231\" height=\"151\" srcset=\"https:\/\/www.radiopiu.net\/wordpress\/wp-content\/uploads\/2018\/07\/PARK-NOF-FILO-300x196.jpg 300w, https:\/\/www.radiopiu.net\/wordpress\/wp-content\/uploads\/2018\/07\/PARK-NOF-FILO-768x502.jpg 768w, https:\/\/www.radiopiu.net\/wordpress\/wp-content\/uploads\/2018\/07\/PARK-NOF-FILO.jpg 970w\" sizes=\"auto, (max-width: 231px) 100vw, 231px\" \/><\/a>CENCENIGHE<\/strong> I ragazzi pi\u00f9 giovani hanno dovuto rinunciare a cantare San Martino, i pi\u00f9 grandi alle feste al Nof Filo&#8217; di Cencenighe, la comunit\u00e0 \u00e8 stata obbligata dalla pandemia a perdere momenti importanti, i ricordi della tradizione come Sant&#8217;Andrea, la Befana, le feste per i nonni ed altro ancora. Alla lunga lista di eventi cancellati si aggiunge purtroppo anche la festa si Sant&#8217;ANTONIO, il patrono, prevista per domenica<br \/>\nIL SINDACO MAURO SOPPELSA<\/p>\n<audio class=\"wp-audio-shortcode\" id=\"audio-184944-7\" preload=\"none\" style=\"width: 100%;\" controls=\"controls\"><source type=\"audio\/mpeg\" src=\"https:\/\/www.radiopiu.net\/wordpress\/wp-content\/uploads\/2021\/01\/MAURO.mp3?_=7\" \/><a href=\"https:\/\/www.radiopiu.net\/wordpress\/wp-content\/uploads\/2021\/01\/MAURO.mp3\">https:\/\/www.radiopiu.net\/wordpress\/wp-content\/uploads\/2021\/01\/MAURO.mp3<\/a><\/audio>\n<p>&nbsp;<\/p>\n<p>&nbsp;<\/p>\n<p>&nbsp;<\/p>\n<p>&nbsp;<\/p>\n<p>&nbsp;<\/p>\n<\/div>\n<\/div>\n<\/div>\n<\/div>\n<hr \/>\n<blockquote>\n<h3><a href=\"https:\/\/www.radiopiu.net\/wordpress\/giornale-radiopiu-15-gennaio-2021-direttore-mirko-mezzacasa\/beniamino-naldo\/\" rel=\"attachment wp-att-184859\"><img loading=\"lazy\" decoding=\"async\" class=\"wp-image-184859 alignleft\" src=\"https:\/\/www.radiopiu.net\/wordpress\/wp-content\/uploads\/2021\/01\/beniamino-naldo-300x284.jpg\" alt=\"\" width=\"143\" height=\"135\" srcset=\"https:\/\/www.radiopiu.net\/wordpress\/wp-content\/uploads\/2021\/01\/beniamino-naldo-300x284.jpg 300w, https:\/\/www.radiopiu.net\/wordpress\/wp-content\/uploads\/2021\/01\/beniamino-naldo-768x728.jpg 768w, https:\/\/www.radiopiu.net\/wordpress\/wp-content\/uploads\/2021\/01\/beniamino-naldo.jpg 893w\" sizes=\"auto, (max-width: 143px) 100vw, 143px\" \/><\/a><\/h3>\n<h3>SERATA DEL DIALETTO IN STREAMING YOUTUBE<\/h3>\n<\/blockquote>\n<p><strong>SOSPIROLO<\/strong> A fil\u00f2 te na sera de inverno. La Pro loco \u201cMonti del Sole\u201d di Sospirolo, in collaborazione con la biblioteca civica, celebra\u00a0 domenica 17 gennaio la Giornata nazionale del dialetto, promossa dall&#8217;Unpli Pro loco d&#8217;Italia. Alle 18 in streaming su YouTube ci sar\u00e0 una serata nel ricordo di Gianluigi Secco. Durante la diretta, condotta da Dino Bridda, interverranno le voci di Rino Budel, Cristina Gianni, Lucia Mezzacasa e Beniamino Naldo.<\/p>\n<p>&nbsp;<\/p>\n<p>&nbsp;<\/p>\n<hr \/>\n<p>&nbsp;<\/p>\n<blockquote>\n<h2><span style=\"color: #ff0000;\">L&#8217;OPINIONE\u00a0<\/span><\/h2>\n<p><strong>BELLUNO<\/strong> Riceviamo e pubblichiamo una nota della Sezione Lega &#8220;Citt\u00e0 di Belluno&#8221; a firma di Paolo Luciani (segretario della sezione) e Luciano Da Pian (Capogruppo Lega Nord in consiglio comunale).<\/p>\n<p><em><a href=\"https:\/\/www.radiopiu.net\/wordpress\/giornale-radio-piu-01-03-direttore-mirko-mezzacasa\/lega-nord-liga-veneto-salvini-elezioni-regionali-2015\/\" rel=\"attachment wp-att-17192\"><img loading=\"lazy\" decoding=\"async\" class=\" wp-image-17192 alignleft\" src=\"https:\/\/www.radiopiu.net\/wordpress\/wp-content\/uploads\/2016\/03\/lega-nord-liga-veneto-salvini-elezioni-regionali-2015-300x150.jpg\" alt=\"\" width=\"242\" height=\"121\" \/><\/a>Strade secondarie e terziare della viabilit\u00e0 comunale di Belluno, strade delle frazioni pi\u00f9 distanti e\/o isolate del nostro comune ma anche marciapiedi, piazzali minori del nostro territorio e soprattutto parcheggi comunali gratuiti. Ecco i figli di un Dio minore che a due settimane dalle ultime, seppur abbondanti e quanto pi\u00f9 straordinarie, nevicate sono ancora lasciati a loro stessi in attesa non tanto che il comune o privati coinvolti nel \u201cpiano neve 2019-2020\u201d agiscano in questi luoghi quanto invece che ci pensi il sole a sciogliere gli accumuli di neve. \u00c8 questo il quadro che come Lega \u2013 Salvini Premier, in attesa delle dovute delucidazioni che il Comune di Belluno e la sua Amministrazione ci dovr\u00e0 dare a seguito dell\u2019interrogazione depositata lo scorso Consiglio Comunale, non possiamo non commentare in modo negativo. Questo poich\u00e9 ancora una volta \u00e8 risultata essere la gestione fallimentare di questa Amministrazione di fronte ad un fenomeno ambientale di carattere emergenziale, ma pur sempre prevedibile per una citt\u00e0 come Belluno sita in un territorio montano, che non perde occasione di ricordare il suo ruolo di capoluogo delle Dolomiti. Se il lato politico della Giunta Massaro lo abbiamo gi\u00e0 pi\u00f9 volte condannato, in questa occasione la critica non pu\u00f2 che essere posta sul piano tecnico ed attuativo, complice una mancanza di capacit\u00e0 organizzativa, che denota a nostro parere una certa impreparazione di chi \u00e8 chiamato a guidare la macchina comunale. Vorremmo commentare dicendo che pagano l\u2019inesperienza ma come il Sindaco in sede di Consiglio Comunale, ed i suoi assessori sui <\/em><em>socialnetwork elevanti a nuova sede della comunicazione politica amministrativa, ci rammentano le occasioni nel passato non sono mancate. Del resto, \u00e8 dal 2012 che questa compagine politica occupa Palazzo Rosso in un \u201clungo sonno\u201d che purtroppo ha colpito la nostra citt\u00e0 circa alcune tematiche che riteniamo fondamentali per la nostra comunit\u00e0. Quali rappresentanti della Lega \u2013 Salvini Premier a nostro giudizio vi sono infatti gravi carenze nella gestione della macchina amministrativa stessa, una mancanza di progettualit\u00e0 sul territorio, una visione troppo ridotta in campo sociale ed assistenziale volta troppo spesso a trascurare quelle categorie che, specie oggi in tempo di Covid-19, sono lasciate a loro stesse nella speranza che gli aiuti verso queste categorie arrivino da chi siede pi\u00f9 in alto. Inoltre, e non lo smetteremo mai di ripetere, la mancanza di un disegno che questa Giunta e il suo Sindaco non hanno per la nostra citt\u00e0 ma soprattutto per quelle zone, quei quartieri e quelle frazioni che lo compongono le quali finiscono il pi\u00f9 volte abbandonate a fronte di tantissimi interventi\u00a0 promessi. Un quadro di ordinaria amministrazione che male si addice ad una citt\u00e0 capoluogo di provincia i cui amministratori sono soliti nascondersi dietro la tanto pubblicizzata \u201crigenerazione urbana\u201d, volta per potenziare i territori, ma risoltasi a Belluno in grandi opere con un poco chiaro destino all\u2019indomani della loro conclusione seppur lodevoli nel loro intento di voler dare nuova luce alla citt\u00e0 ma senza tempi certi o visione di carattere urbanistica per il futuro della nostra comunit\u00e0.<\/em><\/p><\/blockquote>\n<p>&nbsp;<\/p>\n<hr \/>\n<p>&nbsp;<\/p>\n<blockquote>\n<h3>A CALALZO DI CADORE 150 MILA EURO DI ASFALTATURE NEL 2021<\/h3>\n<\/blockquote>\n<p><strong><a href=\"https:\/\/www.radiopiu.net\/wordpress\/giornale-radiopiu-19-maggio-2020-direttore-mirko-mezzacasa\/luca-de-carlo-8\/\" rel=\"attachment wp-att-138787\"><img loading=\"lazy\" decoding=\"async\" class=\"size-full wp-image-138787 alignleft\" src=\"https:\/\/www.radiopiu.net\/wordpress\/wp-content\/uploads\/2020\/05\/Luca-De-Carlo.jpg\" alt=\"\" width=\"165\" height=\"228\" \/><\/a>CALALZO <\/strong><span class=\"s1\">Ammonta a 150mila euro il piano delle asfaltature 2021 del comune di Calalzo di Cadore: questo quanto deciso dall&#8217;amministrazione guidata dal sindaco Luca De Carlo, che nelle prossime settimane definir\u00e0 con precisione le aree di intervento. <\/span><span class=\"s1\">\u201c<em>Abbiamo gi\u00e0 delle idee, ma attendiamo la fine dell&#8217;inverno per chiudere e mettere nero su bianco la lista degli interventi\u201d, spiega De Carlo. \u201cSappiamo che questa \u00e8 la stagione durante la quale le strade subiscono i maggiori danni, per cui aspettiamo la primavera per fare gli ultimi sopralluoghi e il bilancio finale<\/em>\u201d. L&#8217;obbiettivo \u00e8 quello di realizzare tutti i lavori entro l&#8217;estate, tra maggio e giugno; se si dovessero registrare problemi o ritardi, si andr\u00e0 al mese di settembre. <\/span><span class=\"s1\">Partiranno invece con certezza in primavera i lavori di asfaltatura \u2013 gi\u00e0 assegnati \u2013 di Via Carducci: 10mila gli euro necessari per questo intervento, resosi necessario a seguito di alcuni lavori sulla sede stradale, aggiuntivi a questo piano. <\/span><span class=\"s1\">Questi 150mila euro (50mila dei quali arrivati dalla Provincia di Belluno come contributo) si aggiungono agli oltre 100mila gi\u00e0 investiti nel 2019 per le asfaltature delle vie principali del paese: \u201c<em>Purtroppo, non riusciremo a sistemare ora tutte le criticit\u00e0, ma sicuramente nei prossimi anni ci saranno nuovi piani di intervento che si occuperanno delle strade e vie rimaste escluse\u201d, continua il sindaco. \u201cL&#8217;obbiettivo di questa amministrazione \u00e8 intervenire al massimo ogni due anni sugli asfalti, tema delicato soprattutto per i paesi di montagna come Calalzo, cos\u00ec da garantire un continuo investimento sulla sicurezza stradale<\/em>\u201d.\u00a0<\/span><\/p>\n<p>&nbsp;<\/p>\n<p>&nbsp;<\/p>\n<hr \/>\n<p>&nbsp;<\/p>\n<p>&nbsp;<\/p>\n<blockquote class=\"wp-embedded-content\" data-secret=\"1Qe6jjsUK8\"><p><a href=\"https:\/\/www.radiopiu.net\/wordpress\/tirataie\/\">#CORONA VIDEO, L&#8217;EP DEI TIRATAIE<\/a><\/p><\/blockquote>\n<p><iframe loading=\"lazy\" class=\"wp-embedded-content\" sandbox=\"allow-scripts\" security=\"restricted\" style=\"position: absolute; clip: rect(1px, 1px, 1px, 1px);\" title=\"&#8220;#CORONA VIDEO, L&#8217;EP DEI TIRATAIE&#8221; &#8212; Radio Pi\u00f9\" src=\"https:\/\/www.radiopiu.net\/wordpress\/tirataie\/embed\/#?secret=1Qe6jjsUK8\" data-secret=\"1Qe6jjsUK8\" width=\"600\" height=\"338\" frameborder=\"0\" marginwidth=\"0\" marginheight=\"0\" scrolling=\"no\"><\/iframe><\/p>\n<p>&nbsp;<\/p>\n<p>&nbsp;<\/p>\n<hr \/>\n<p>&nbsp;<\/p>\n<blockquote class=\"wp-embedded-content\" data-secret=\"tQbySnd3lE\"><p><a href=\"https:\/\/www.radiopiu.net\/wordpress\/conosciamo-la-corale-di-limana-con-le-interviste-di-silvia-baldo\/\">CONOSCIAMO LA CORALE DI LIMANA CON LE INTERVISTE DI SILVIA BALDO<\/a><\/p><\/blockquote>\n<p><iframe loading=\"lazy\" class=\"wp-embedded-content\" sandbox=\"allow-scripts\" security=\"restricted\" style=\"position: absolute; clip: rect(1px, 1px, 1px, 1px);\" title=\"&#8220;CONOSCIAMO LA CORALE DI LIMANA CON LE INTERVISTE DI SILVIA BALDO&#8221; &#8212; Radio Pi\u00f9\" src=\"https:\/\/www.radiopiu.net\/wordpress\/conosciamo-la-corale-di-limana-con-le-interviste-di-silvia-baldo\/embed\/#?secret=tQbySnd3lE\" data-secret=\"tQbySnd3lE\" width=\"600\" height=\"338\" frameborder=\"0\" marginwidth=\"0\" marginheight=\"0\" scrolling=\"no\"><\/iframe><\/p>\n<p>&nbsp;<\/p>\n<p>&nbsp;<\/p>\n<hr \/>\n<div dir=\"auto\">\n<p>&nbsp;<\/p>\n<blockquote class=\"wp-embedded-content\" data-secret=\"GHBpPyrE3z\"><p><a href=\"https:\/\/www.radiopiu.net\/wordpress\/pagina-in-aggiornamento\/\">CONTINUANO LE SCULTURE NEL GHIACCIO E NEVE A FALCADE con SILVANO SAVIO<\/a><\/p><\/blockquote>\n<p><iframe loading=\"lazy\" class=\"wp-embedded-content\" sandbox=\"allow-scripts\" security=\"restricted\" style=\"position: absolute; clip: rect(1px, 1px, 1px, 1px);\" title=\"&#8220;CONTINUANO LE SCULTURE NEL GHIACCIO E NEVE A FALCADE con SILVANO SAVIO&#8221; &#8212; Radio Pi\u00f9\" src=\"https:\/\/www.radiopiu.net\/wordpress\/pagina-in-aggiornamento\/embed\/#?secret=GHBpPyrE3z\" data-secret=\"GHBpPyrE3z\" width=\"600\" height=\"338\" frameborder=\"0\" marginwidth=\"0\" marginheight=\"0\" scrolling=\"no\"><\/iframe><\/p>\n<p>&nbsp;<\/p>\n<hr \/>\n<p>&nbsp;<\/p>\n<blockquote>\n<h3>\u201cBELLUNO. GABINETTI DI STORIA, NOTIZIE E CURIOSIT\u00c0\u201d: INSOLITO LIBRO DI CAPUTO<\/h3>\n<\/blockquote>\n<p><strong>di Renato Bona<\/strong><\/p>\n<p>\u201cDedicato a tutti coloro che hanno contribuito affinch\u00e9 rimanga memoria del passato\u201d. Si apre cos\u00ec l\u2019insolito libro che il valente ricercatore Vincenzo Caputo, bellunese di 75 anni, gi\u00e0 dipendente del ministero delle Finanze e noto per varie ricerche nell\u2019ambito del territorio comunale, ha dato alle stampe con la tipografia-cartoleria Sommavilla e la collaborazione fra gli altri di Roberto Reolon, Giacomo Turcato e Luigino Catello. Autore anche delle fotografie, in presentazione Caputo spiega che \u201cUna rivoluzione forse sottovalutata, ma destinata a incidere anche sul sociale e sul costume arriva soprattutto nel dopoguerra. Essa riguarda i servizi igienici nelle abitazioni in nuovi ambienti con impianti igienico-sanitari\u201d, cambiamenti che hanno permesso ad una moltitudine di persone e famiglie di soddisfare i propri bisogni fisiologici in locali pi\u00f9 confortevoli, che mai le precedenti generazioni hanno avuto. Ai fini dell\u2019indagine \u2013 puntualizza l\u2019autore \u2013 sono stati presi in considerazione solamente i soggetti ancora originali esistenti, perch\u00e9 molti sono stati oggetto di recupero con modifiche parziali, che ne hanno snaturato la primitiva destinazione. E insiste: \u201cquesti piccoli ambienti erano prevalentemente edificati in luogo discreto e appartato, in genere nel retro delle abitazioni, in base anche agli spazi disponibili. Tutti al loro interno accomunati da un\u2019unica caratteristica: il foro di scarico\u201d. Di seguito puntualizza: \u201cNel tempo sono stati costruiti con canne , in legno, in pietra, in mattoni, muratura e, in tempi recenti, in lamiera e pannelli di cemento, in modo tutt\u2019altro che conforme ai precetti di igiene, in angusti spazi, non sufficientemente aerati. Quale che fosse la struttura di questi ambienti, avevano in comune una caratteristica che li rendeva istantaneamente riconoscibili: l\u2019odore. Il pi\u00f9 delle volte il materiale impiegato si differenzia da quello della costruzione principale, ci\u00f2 sta ad indicare che per buona parte di essi l\u2019edificazione \u00e8 avvenuta in un periodo successivo a quello dell\u2019abitazione. Nelle vecchie abitazioni urbane e suburbane con pi\u00f9 piani, a volte il corpo del servizio sporge dalla facciata dello stabile, dov\u2019\u00e8 visibile anche la minuscola finestrella. In altri casi \u00e8 posto sui ballatoi o balconate mentre pi\u00f9 numerosi sorgono nei cortili o in campagna\u201d. Non manca di dire, Caputo, che: \u201cNonostante le dimensioni anguste e il lezzo che sprigionavano, offrivano per\u00f2 la sicurezza del riparo. Ora, che per diversi motivi ci\u00f2 \u00e8 definitivamente passato, tra le varie realt\u00e0 alcune sono ormai dei ruderi, e dei malsani locali dall\u2019aria infetta di miasmi e brulicanti di insetti rimane solamente uno sgradevole ricordo, sicuramente senza alcun motivo di rimpianto da parte di chi, per anni e con intuibili disagi, li ha utilizzati. Ci\u00f2 determin\u00f2 nell\u2019inconscio collettivo di molti, un senso di imbarazzo che il progresso civile e tecnologico non ha certamente contribuito a cancellare\u201d. In chiusura, prima di soffermarsi sul capitolo \u201cI gabinetti nei secoli\u201d (cui seguono: Storia dell\u2019evoluzione del gabinetto negli alberghi, Storia della seggetta, Orinali, vasi da notte e \u2018bourdalowes\u2019, Alcune tipologie di pitali e vasi da notte o orinali, Breve descrizione del water moderno, Notizie e curiosit\u00e0, Protezione degli angoli in citt\u00e0, Gabinetti pubblici- fognature-cronologia degli avvenimenti e notizie, Patrono dei netturbini e degli addetti alla raccolta dei rifiuti, Gabinetti pubblici in citt\u00e0, Tipologie di orinatoi e altri servizi igienici, Richiesta di autorizzazione per un nuovo orinatoio, Trascrizione delle motivazioni di alcune delibere comunali, Particolare cura dell\u2019igiene in passato, Rifugi antiaerei, Gabinetti pubblici costruiti in citt\u00e0 dopo gennaio 1932, Gabinetti pubblici attualmente esistenti a Belluno, \u2018Castel Agordino\u2019-Ponte dei Castei-La Valle Agordina, Cortina-Tofana di Rozes-Castelletto e Col dei Bos, Terminologie varie-Eufemismi per andare in bagno, Introduzione all\u2019analisi delle tipologie di gabinetti in citt\u00e0 e nei paesi, Evoluzione del cubicolo, Analisi delle varie tipologie, Indagine quantitativa delle tipologie, infine: Documentazione fotografica-Rilievo e descrizioni di 128 cubicoli) in cui spiega che \u201cLa prima vera testimonianza storica di un gabinetto con pulizia ad acqua risale al tempo di re Minosse, nell\u2019isola di Creta, intorno al 1700 avanti Cristo\u201d, Caputo precisa: \u201cNel corso di questa ricerca mi \u00e8 capitato di inoltrarmi in vecchie abitazioni e case coloniche abbandonate, ho perlustrato granai, salito scale precarie, scostando usci cigolanti ho visitato camere, cucine, sono entrato nelle stalle e quasi sempre il gabinetto sorgeva accanto al porcile, al pollaio, alla concimaia. Questi nuclei abitativi piuttosto isolati sono gli ultimi rimasti di un\u2019architettura estremamente povera, per molti aspetti legata alla pi\u00f9 stretta funzionalit\u00e0. I criteri costruttivi erano ispirarti all\u2019esigenza di privilegiare l\u2019impiego di materiali poveri, reperibili in loco. Essi sono rimasti inalterati nel tempo nella loro struttura originaria dall\u2019inquietante fascino, ormai in stato di abbandono e decadenza rimanendo peraltro simboli di un\u2019epoca di stenti e fatiche. Di quei tempi dove sono rimaste solo rovine di cui si sta riappropriando la natura, si possono dunque ricostruire i fatti ma sar\u00e0 sempre impossibile \u2018parteciparvi\u2019 nei modi e con le atmosfere di allora\u201d.<\/p>\n\n\t\t\t<style type='text\/css'>\n\t\t\t\t#gallery-3 {\n\t\t\t\t\tmargin: auto;\n\t\t\t\t}\n\t\t\t\t#gallery-3 .gallery-item {\n\t\t\t\t\tfloat: left;\n\t\t\t\t\tmargin-top: 10px;\n\t\t\t\t\ttext-align: center;\n\t\t\t\t\twidth: 16%;\n\t\t\t\t}\n\t\t\t\t#gallery-3 img {\n\t\t\t\t\tborder: 2px solid #cfcfcf;\n\t\t\t\t}\n\t\t\t\t#gallery-3 .gallery-caption {\n\t\t\t\t\tmargin-left: 0;\n\t\t\t\t}\n\t\t\t\t\/* see gallery_shortcode() in wp-includes\/media.php *\/\n\t\t\t<\/style>\n\t\t<div id='gallery-3' class='dt-gallery-container gallery galleryid-184944 gallery-columns-6 gallery-size-thumbnail'><dl class='gallery-item'>\n\t\t\t\t<dt class='gallery-icon landscape'>\n\t\t\t\t\t<a class=\"rollover rollover-zoom dt-pswp-item\" title=\"139895260_131629295471301_6762479232432738388_n\" data-dt-img-description=\"\" data-large_image_width=\"2560\" data-large_image_height=\"1740\"href='https:\/\/www.radiopiu.net\/wordpress\/wp-content\/uploads\/2021\/01\/139895260_131629295471301_6762479232432738388_n-scaled.jpg'><img loading=\"lazy\" decoding=\"async\" width=\"150\" height=\"150\" src=\"https:\/\/www.radiopiu.net\/wordpress\/wp-content\/uploads\/2021\/01\/139895260_131629295471301_6762479232432738388_n-150x150.jpg\" class=\"attachment-thumbnail size-thumbnail\" alt=\"\" \/><\/a>\n\t\t\t\t<\/dt><\/dl><dl class='gallery-item'>\n\t\t\t\t<dt class='gallery-icon landscape'>\n\t\t\t\t\t<a class=\"rollover rollover-zoom dt-pswp-item\" title=\"139369971_949950038871926_6094742966153978297_n\" data-dt-img-description=\"\" data-large_image_width=\"2560\" data-large_image_height=\"1666\"href='https:\/\/www.radiopiu.net\/wordpress\/wp-content\/uploads\/2021\/01\/139369971_949950038871926_6094742966153978297_n-scaled.jpg'><img loading=\"lazy\" decoding=\"async\" width=\"150\" height=\"150\" src=\"https:\/\/www.radiopiu.net\/wordpress\/wp-content\/uploads\/2021\/01\/139369971_949950038871926_6094742966153978297_n-150x150.jpg\" class=\"attachment-thumbnail size-thumbnail\" alt=\"\" \/><\/a>\n\t\t\t\t<\/dt><\/dl><dl class='gallery-item'>\n\t\t\t\t<dt class='gallery-icon landscape'>\n\t\t\t\t\t<a class=\"rollover rollover-zoom dt-pswp-item\" title=\"139409504_707327769921900_7046191141487422411_n\" data-dt-img-description=\"\" data-large_image_width=\"2560\" data-large_image_height=\"954\"href='https:\/\/www.radiopiu.net\/wordpress\/wp-content\/uploads\/2021\/01\/139409504_707327769921900_7046191141487422411_n-scaled.jpg'><img loading=\"lazy\" decoding=\"async\" width=\"150\" height=\"150\" src=\"https:\/\/www.radiopiu.net\/wordpress\/wp-content\/uploads\/2021\/01\/139409504_707327769921900_7046191141487422411_n-150x150.jpg\" class=\"attachment-thumbnail size-thumbnail\" alt=\"\" \/><\/a>\n\t\t\t\t<\/dt><\/dl><dl class='gallery-item'>\n\t\t\t\t<dt class='gallery-icon portrait'>\n\t\t\t\t\t<a class=\"rollover rollover-zoom dt-pswp-item\" title=\"139284254_753987408861877_2684842007074124400_n\" data-dt-img-description=\"\" data-large_image_width=\"1760\" data-large_image_height=\"2287\"href='https:\/\/www.radiopiu.net\/wordpress\/wp-content\/uploads\/2021\/01\/139284254_753987408861877_2684842007074124400_n.jpg'><img loading=\"lazy\" decoding=\"async\" width=\"150\" height=\"150\" src=\"https:\/\/www.radiopiu.net\/wordpress\/wp-content\/uploads\/2021\/01\/139284254_753987408861877_2684842007074124400_n-150x150.jpg\" class=\"attachment-thumbnail size-thumbnail\" alt=\"\" \/><\/a>\n\t\t\t\t<\/dt><\/dl><dl class='gallery-item'>\n\t\t\t\t<dt class='gallery-icon portrait'>\n\t\t\t\t\t<a class=\"rollover rollover-zoom dt-pswp-item\" title=\"139379165_3528858060501236_8357308430169165777_n\" data-dt-img-description=\"\" data-large_image_width=\"1470\" data-large_image_height=\"2316\"href='https:\/\/www.radiopiu.net\/wordpress\/wp-content\/uploads\/2021\/01\/139379165_3528858060501236_8357308430169165777_n.jpg'><img loading=\"lazy\" decoding=\"async\" width=\"150\" height=\"150\" src=\"https:\/\/www.radiopiu.net\/wordpress\/wp-content\/uploads\/2021\/01\/139379165_3528858060501236_8357308430169165777_n-150x150.jpg\" class=\"attachment-thumbnail size-thumbnail\" alt=\"\" \/><\/a>\n\t\t\t\t<\/dt><\/dl><dl class='gallery-item'>\n\t\t\t\t<dt class='gallery-icon portrait'>\n\t\t\t\t\t<a class=\"rollover rollover-zoom dt-pswp-item\" title=\"139584414_245163517062081_1755277491151449590_n\" data-dt-img-description=\"\" data-large_image_width=\"1809\" data-large_image_height=\"2560\"href='https:\/\/www.radiopiu.net\/wordpress\/wp-content\/uploads\/2021\/01\/139584414_245163517062081_1755277491151449590_n-scaled.jpg'><img loading=\"lazy\" decoding=\"async\" width=\"150\" height=\"150\" src=\"https:\/\/www.radiopiu.net\/wordpress\/wp-content\/uploads\/2021\/01\/139584414_245163517062081_1755277491151449590_n-150x150.jpg\" class=\"attachment-thumbnail size-thumbnail\" alt=\"\" \/><\/a>\n\t\t\t\t<\/dt><\/dl><br style=\"clear: both\" \/><dl class='gallery-item'>\n\t\t\t\t<dt class='gallery-icon portrait'>\n\t\t\t\t\t<a class=\"rollover rollover-zoom dt-pswp-item\" title=\"139309525_4034972523181601_7292825442565891841_n\" data-dt-img-description=\"\" data-large_image_width=\"1515\" data-large_image_height=\"2187\"href='https:\/\/www.radiopiu.net\/wordpress\/wp-content\/uploads\/2021\/01\/139309525_4034972523181601_7292825442565891841_n.jpg'><img loading=\"lazy\" decoding=\"async\" width=\"150\" height=\"150\" src=\"https:\/\/www.radiopiu.net\/wordpress\/wp-content\/uploads\/2021\/01\/139309525_4034972523181601_7292825442565891841_n-150x150.jpg\" class=\"attachment-thumbnail size-thumbnail\" alt=\"\" \/><\/a>\n\t\t\t\t<\/dt><\/dl><dl class='gallery-item'>\n\t\t\t\t<dt class='gallery-icon landscape'>\n\t\t\t\t\t<a class=\"rollover rollover-zoom dt-pswp-item\" title=\"139379165_2948984888671031_7711085884051197199_n\" data-dt-img-description=\"\" data-large_image_width=\"2560\" data-large_image_height=\"1270\"href='https:\/\/www.radiopiu.net\/wordpress\/wp-content\/uploads\/2021\/01\/139379165_2948984888671031_7711085884051197199_n-scaled.jpg'><img loading=\"lazy\" decoding=\"async\" width=\"150\" height=\"150\" src=\"https:\/\/www.radiopiu.net\/wordpress\/wp-content\/uploads\/2021\/01\/139379165_2948984888671031_7711085884051197199_n-150x150.jpg\" class=\"attachment-thumbnail size-thumbnail\" alt=\"\" \/><\/a>\n\t\t\t\t<\/dt><\/dl><dl class='gallery-item'>\n\t\t\t\t<dt class='gallery-icon landscape'>\n\t\t\t\t\t<a class=\"rollover rollover-zoom dt-pswp-item\" title=\"139499561_882990009136039_8083794424070715058_n\" data-dt-img-description=\"\" data-large_image_width=\"1623\" data-large_image_height=\"1408\"href='https:\/\/www.radiopiu.net\/wordpress\/wp-content\/uploads\/2021\/01\/139499561_882990009136039_8083794424070715058_n.jpg'><img loading=\"lazy\" decoding=\"async\" width=\"150\" height=\"150\" src=\"https:\/\/www.radiopiu.net\/wordpress\/wp-content\/uploads\/2021\/01\/139499561_882990009136039_8083794424070715058_n-150x150.jpg\" class=\"attachment-thumbnail size-thumbnail\" alt=\"\" \/><\/a>\n\t\t\t\t<\/dt><\/dl><dl class='gallery-item'>\n\t\t\t\t<dt class='gallery-icon portrait'>\n\t\t\t\t\t<a class=\"rollover rollover-zoom dt-pswp-item\" title=\"139313443_704769000207888_5002164877316621948_n\" data-dt-img-description=\"\" data-large_image_width=\"1760\" data-large_image_height=\"2560\"href='https:\/\/www.radiopiu.net\/wordpress\/wp-content\/uploads\/2021\/01\/139313443_704769000207888_5002164877316621948_n-scaled.jpg'><img loading=\"lazy\" decoding=\"async\" width=\"150\" height=\"150\" src=\"https:\/\/www.radiopiu.net\/wordpress\/wp-content\/uploads\/2021\/01\/139313443_704769000207888_5002164877316621948_n-150x150.jpg\" class=\"attachment-thumbnail size-thumbnail\" alt=\"\" \/><\/a>\n\t\t\t\t<\/dt><\/dl><dl class='gallery-item'>\n\t\t\t\t<dt class='gallery-icon landscape'>\n\t\t\t\t\t<a class=\"rollover rollover-zoom dt-pswp-item\" title=\"139366490_875597106534834_2254085250444715210_n\" data-dt-img-description=\"\" data-large_image_width=\"2209\" data-large_image_height=\"1586\"href='https:\/\/www.radiopiu.net\/wordpress\/wp-content\/uploads\/2021\/01\/139366490_875597106534834_2254085250444715210_n.jpg'><img loading=\"lazy\" decoding=\"async\" width=\"150\" height=\"150\" src=\"https:\/\/www.radiopiu.net\/wordpress\/wp-content\/uploads\/2021\/01\/139366490_875597106534834_2254085250444715210_n-150x150.jpg\" class=\"attachment-thumbnail size-thumbnail\" alt=\"\" \/><\/a>\n\t\t\t\t<\/dt><\/dl><dl class='gallery-item'>\n\t\t\t\t<dt class='gallery-icon landscape'>\n\t\t\t\t\t<a class=\"rollover rollover-zoom dt-pswp-item\" title=\"139463500_320163002656085_2796143293083476584_n\" data-dt-img-description=\"\" data-large_image_width=\"2237\" data-large_image_height=\"1362\"href='https:\/\/www.radiopiu.net\/wordpress\/wp-content\/uploads\/2021\/01\/139463500_320163002656085_2796143293083476584_n.jpg'><img loading=\"lazy\" decoding=\"async\" width=\"150\" height=\"150\" src=\"https:\/\/www.radiopiu.net\/wordpress\/wp-content\/uploads\/2021\/01\/139463500_320163002656085_2796143293083476584_n-150x150.jpg\" class=\"attachment-thumbnail size-thumbnail\" alt=\"\" \/><\/a>\n\t\t\t\t<\/dt><\/dl><br style=\"clear: both\" \/>\n\t\t\t<\/div>\n\n<p>NELLE FOTO: la copertina del libro; l\u2019autore, Vincenzo Caputo; retro del palasport di Belluno: struttura degli anni 30 del secolo scorso: all\u2019interno tre orinatoi a nicchia e due piccoli locali con gabinetti \u201calla turca\u201d; nel rifugio bellunese di via Sottocastello: quattro servizi privi della porta; struttura sotterranea di piazzale Cesare Battisti di Belluno con servizi in stato di abbandono; vecchio gabinetto ristrutturato alla fine degli anni \u201970 a Faverga; due gabinetti sporgenti dal retro di Palazzo Grini nel Vicolo San Pietro; antico stabile della famiglia Barpo nella Piazza Santo Stefano: sul retro sporge il servizio con finestrella panoramica su Borgo Pra; loggetta con colonnine in pietra nel cui piano \u00e8 collocato il servizio con finestrella; nell\u2019antico e caratteristico stabile di Borgo Pra realizzato un gabinetto in muratura con finestrella; Cusighe: nel retro di una casa in abbandono di inizio secolo XX \u00e8 ancora presente la struttura del gabinetto; Piazza Lollino a Nogar\u00e8: si notano i due gabinetti sporgenti, quello in alto ha una piccola feritoia.<\/p>\n<p>&nbsp;<\/p>\n<hr \/>\n<p>&nbsp;<\/p>\n<blockquote>\n<h2>FANTASTICHE DOLOMITI, NUOVA STAGIONE. APPUNTAMENTO QUINDICINALE IL GIOVEDI ALLE 10.30 E 19.00<\/h2>\n<\/blockquote>\n<h1>LA RACCOLTA COMPLETA<\/h1>\n<blockquote class=\"wp-embedded-content\" data-secret=\"984EWN0b26\"><p><a href=\"https:\/\/www.radiopiu.net\/wordpress\/https-wp-me-p63lo7-gyg\/\">FANTASTICHE DOLOMITI 7^ PUNTATA: IL QUINDICINALE APPUNTAMENTO ALLA RADIO<\/a><\/p><\/blockquote>\n<p><iframe loading=\"lazy\" class=\"wp-embedded-content\" sandbox=\"allow-scripts\" security=\"restricted\" style=\"position: absolute; clip: rect(1px, 1px, 1px, 1px);\" title=\"&#8220;FANTASTICHE DOLOMITI 7^ PUNTATA: IL QUINDICINALE APPUNTAMENTO ALLA RADIO&#8221; &#8212; Radio Pi\u00f9\" src=\"https:\/\/www.radiopiu.net\/wordpress\/https-wp-me-p63lo7-gyg\/embed\/#?secret=984EWN0b26\" data-secret=\"984EWN0b26\" width=\"600\" height=\"338\" frameborder=\"0\" marginwidth=\"0\" marginheight=\"0\" scrolling=\"no\"><\/iframe><\/p>\n<div class=\"mw-parser-output\">\n<p>&nbsp;<\/p>\n<\/div>\n<p>&nbsp;<\/p>\n<p>&nbsp;<\/p>\n<hr \/>\n<blockquote>\n<h2><\/h2>\n<h2>SALUTE E SOCIETA&#8217; IL LUNEDI ALLE 13.10 E ALLE 20.10, LA DOMENICA ALLE 10.30 A CURA DEL DOTTOR MARCO CARACCIOLO. QUINTA STAGIONE<\/h2>\n<\/blockquote>\n<p><strong><span style=\"color: #ff0000;\">LA PUNTATA DELLA SETTIMANA\u00a0<\/span><\/strong><\/p>\n<p>in questa edizione: In Italia circa 3mila persone sono affette da ipertensione arteriosa polmonare, una malattia rara difficile da diagnosticare. Riconoscerla precocemente e agire subito \u00e8 essenziale per prevenire complicazioni. Per questo nasce la campagna \u201cLa vita in un respiro\u201d, promossa da Janssen Italia in collaborazione con AIPI (Associazione Ipertensione Polmonare Italiana). Nazzareno Gali\u00e8, Direttore della Cardiologia al Policlinico Sant\u2019Orsola, Universit\u00e0 di Bologna, Coordinatore delle Linee Guida Internazionali sull\u2019Ipertensione Polmonare e responsabile Comitato Scientifico AIPI<br \/>\nLoredana Bergamini, Direttore Medico di Janssen Italia Carolina Kostner, Pattinatrice artistica, Testimonial di \u201cLa Vita in un respiro\u201d<\/p>\n<audio class=\"wp-audio-shortcode\" id=\"audio-184944-8\" preload=\"none\" style=\"width: 100%;\" controls=\"controls\"><source type=\"audio\/mpeg\" src=\"https:\/\/www.radiopiu.net\/wordpress\/wp-content\/uploads\/2021\/01\/cs_210111.mp3?_=8\" \/><a href=\"https:\/\/www.radiopiu.net\/wordpress\/wp-content\/uploads\/2021\/01\/cs_210111.mp3\">https:\/\/www.radiopiu.net\/wordpress\/wp-content\/uploads\/2021\/01\/cs_210111.mp3<\/a><\/audio>\n<h3>LA RACCOLTA COMPLETA<\/h3>\n<blockquote class=\"wp-embedded-content\" data-secret=\"Fkx0tBfr5F\"><p><a href=\"https:\/\/www.radiopiu.net\/wordpress\/saluteesocieta\/\">Salute e Societ\u00e0<\/a><\/p><\/blockquote>\n<p><iframe loading=\"lazy\" class=\"wp-embedded-content\" sandbox=\"allow-scripts\" security=\"restricted\" style=\"position: absolute; clip: rect(1px, 1px, 1px, 1px);\" title=\"&#8220;Salute e Societ\u00e0&#8221; &#8212; Radio Pi\u00f9\" src=\"https:\/\/www.radiopiu.net\/wordpress\/saluteesocieta\/embed\/#?secret=Fkx0tBfr5F\" data-secret=\"Fkx0tBfr5F\" width=\"600\" height=\"338\" frameborder=\"0\" marginwidth=\"0\" marginheight=\"0\" scrolling=\"no\"><\/iframe><\/p>\n<hr \/>\n<h2><\/h2>\n<h2><span style=\"color: #ff0000;\"><a href=\"https:\/\/www.radiopiu.net\/wordpress\/giornale-radiopiu-05-gennaio-2021-direttore-mirko-mezzacasa\/133200401_100838761953611_1258544160541445132_o-2\/\" rel=\"attachment wp-att-183078\"><img loading=\"lazy\" decoding=\"async\" class=\" wp-image-183078 alignleft\" src=\"https:\/\/www.radiopiu.net\/wordpress\/wp-content\/uploads\/2021\/01\/133200401_100838761953611_1258544160541445132_o-1-300x157.jpg\" alt=\"\" width=\"192\" height=\"101\" srcset=\"https:\/\/www.radiopiu.net\/wordpress\/wp-content\/uploads\/2021\/01\/133200401_100838761953611_1258544160541445132_o-1-300x157.jpg 300w, https:\/\/www.radiopiu.net\/wordpress\/wp-content\/uploads\/2021\/01\/133200401_100838761953611_1258544160541445132_o-1.jpg 526w\" sizes=\"auto, (max-width: 192px) 100vw, 192px\" \/><\/a>GOCCE DI FILOSOFIA, CON CHIARA CAU, CON LISA DE LUCA. <\/span><\/h2>\n<h2><\/h2>\n<h2><span style=\"color: #ff0000;\">TUTTI I GIORNI DAL LUNEDI AL VENERDI ALLE 6.55 E ALLE 18.55<\/span><\/h2>\n<p><strong>LA PUNTATA DI IERI, N.10\u00a0<\/strong><\/p>\n<audio class=\"wp-audio-shortcode\" id=\"audio-184944-9\" preload=\"none\" style=\"width: 100%;\" controls=\"controls\"><source type=\"audio\/mpeg\" src=\"https:\/\/www.radiopiu.net\/wordpress\/wp-content\/uploads\/2020\/10\/FI5.mp3?_=9\" \/><a href=\"https:\/\/www.radiopiu.net\/wordpress\/wp-content\/uploads\/2020\/10\/FI5.mp3\">https:\/\/www.radiopiu.net\/wordpress\/wp-content\/uploads\/2020\/10\/FI5.mp3<\/a><\/audio>\n<h3>LA RACCOLTA COMPLETA<\/h3>\n<blockquote class=\"wp-embedded-content\" data-secret=\"NgRStYLZkn\"><p><a href=\"https:\/\/www.radiopiu.net\/wordpress\/gocce-filosofia\/\">Gocce di filosofia<\/a><\/p><\/blockquote>\n<p><iframe loading=\"lazy\" class=\"wp-embedded-content\" sandbox=\"allow-scripts\" security=\"restricted\" style=\"position: absolute; clip: rect(1px, 1px, 1px, 1px);\" title=\"&#8220;Gocce di filosofia&#8221; &#8212; Radio Pi\u00f9\" src=\"https:\/\/www.radiopiu.net\/wordpress\/gocce-filosofia\/embed\/#?secret=NgRStYLZkn\" data-secret=\"NgRStYLZkn\" width=\"600\" height=\"338\" frameborder=\"0\" marginwidth=\"0\" marginheight=\"0\" scrolling=\"no\"><\/iframe><\/p>\n<p>&nbsp;<\/p>\n<hr \/>\n<p>&nbsp;<\/p>\n<div class=\"im_message_wrap clearfix\">\n<div class=\"im_content_message_wrap im_message_out\">\n<h2><span style=\"color: #ff0000;\">IERI ALLA RADIO\u00a0 IN VIVO VERSO 2020-21<\/span><\/h2>\n<p><strong><span style=\"color: #0000ff;\">IN ONDA DAL LUNEDI AL VENERDI ALLE 7.10, 10.10, 18.50\u00a0<\/span><\/strong><\/p>\n<blockquote class=\"wp-embedded-content\" data-secret=\"RCEJL86U00\"><p><a href=\"https:\/\/www.radiopiu.net\/wordpress\/temersi-per-mano-di-riccardo-forti-legge-guido-beretta\/\">TEMERSI PER MANO di RICCARDO FORTI legge GUIDO BERETTA<\/a><\/p><\/blockquote>\n<p><iframe loading=\"lazy\" class=\"wp-embedded-content\" sandbox=\"allow-scripts\" security=\"restricted\" style=\"position: absolute; clip: rect(1px, 1px, 1px, 1px);\" title=\"&#8220;TEMERSI PER MANO di RICCARDO FORTI legge GUIDO BERETTA&#8221; &#8212; Radio Pi\u00f9\" src=\"https:\/\/www.radiopiu.net\/wordpress\/temersi-per-mano-di-riccardo-forti-legge-guido-beretta\/embed\/#?secret=RCEJL86U00\" data-secret=\"RCEJL86U00\" width=\"600\" height=\"338\" frameborder=\"0\" marginwidth=\"0\" marginheight=\"0\" scrolling=\"no\"><\/iframe><\/p>\n<p><strong><span style=\"font-family: Verdana, sans-serif;\"><span style=\"font-size: medium;\">LA RACCOLTA COMPLETA, TUTTE LE COLLEZIONI<\/span><\/span><\/strong><\/p>\n<blockquote class=\"wp-embedded-content\" data-secret=\"35DP066R6b\"><p><a href=\"https:\/\/www.radiopiu.net\/wordpress\/in-vivo-verso\/\">In Vivo Verso<\/a><\/p><\/blockquote>\n<p><iframe loading=\"lazy\" class=\"wp-embedded-content\" sandbox=\"allow-scripts\" security=\"restricted\" style=\"position: absolute; clip: rect(1px, 1px, 1px, 1px);\" title=\"&#8220;In Vivo Verso&#8221; &#8212; Radio Pi\u00f9\" src=\"https:\/\/www.radiopiu.net\/wordpress\/in-vivo-verso\/embed\/#?secret=35DP066R6b\" data-secret=\"35DP066R6b\" width=\"600\" height=\"338\" frameborder=\"0\" marginwidth=\"0\" marginheight=\"0\" scrolling=\"no\"><\/iframe><\/p>\n<p>&nbsp;<\/p>\n<\/div>\n<\/div>\n<hr \/>\n<p>&nbsp;<\/p>\n<h2>007 IN CONDOTTA CON LA PROF. MARIA ROSA SALMAZO IL LUNEDI ALLE 10,30 E ALLE 19.00 LA DOMENICA ALLE 8 DEL MATTINO. NONA STAGIONE<\/h2>\n<p><span style=\"color: #ff0000;\"><strong>LA PUNTATA DELLA SETTIMANA <\/strong><\/span><\/p>\n<p><strong>&#8220;RITORNO A SCUOLA&#8230;. INCERTO&#8221;.<\/strong><\/p>\n<audio class=\"wp-audio-shortcode\" id=\"audio-184944-10\" preload=\"none\" style=\"width: 100%;\" controls=\"controls\"><source type=\"audio\/mpeg\" src=\"https:\/\/www.radiopiu.net\/wordpress\/wp-content\/uploads\/2020\/10\/007-condotta-11.mp3?_=10\" \/><a href=\"https:\/\/www.radiopiu.net\/wordpress\/wp-content\/uploads\/2020\/10\/007-condotta-11.mp3\">https:\/\/www.radiopiu.net\/wordpress\/wp-content\/uploads\/2020\/10\/007-condotta-11.mp3<\/a><\/audio>\n<h2>LA RACCOLTA COMPLETA<\/h2>\n<blockquote class=\"wp-embedded-content\" data-secret=\"0mAblOCwHN\"><p><a href=\"https:\/\/www.radiopiu.net\/wordpress\/007incondotta-9\/\">007 in condotta<\/a><\/p><\/blockquote>\n<p><iframe loading=\"lazy\" class=\"wp-embedded-content\" sandbox=\"allow-scripts\" security=\"restricted\" style=\"position: absolute; clip: rect(1px, 1px, 1px, 1px);\" title=\"&#8220;007 in condotta&#8221; &#8212; Radio Pi\u00f9\" src=\"https:\/\/www.radiopiu.net\/wordpress\/007incondotta-9\/embed\/#?secret=0mAblOCwHN\" data-secret=\"0mAblOCwHN\" width=\"600\" height=\"338\" frameborder=\"0\" marginwidth=\"0\" marginheight=\"0\" scrolling=\"no\"><\/iframe><\/p>\n<p>&nbsp;<\/p>\n<p>&nbsp;<\/p>\n<p>&nbsp;<\/p>\n<hr \/>\n<p>&nbsp;<\/p>\n<blockquote>\n<h2><a href=\"https:\/\/www.radiopiu.net\/wordpress\/speciale-solidarieta-veneto\/solidarieta-veneto-3\/\" rel=\"attachment wp-att-134366\"><img loading=\"lazy\" decoding=\"async\" class=\"wp-image-134366 alignleft\" src=\"https:\/\/www.radiopiu.net\/wordpress\/wp-content\/uploads\/2020\/05\/solidariet\u00e0-veneto-300x210.jpg\" alt=\"\" width=\"102\" height=\"71\" srcset=\"https:\/\/www.radiopiu.net\/wordpress\/wp-content\/uploads\/2020\/05\/solidariet\u00e0-veneto-300x210.jpg 300w, https:\/\/www.radiopiu.net\/wordpress\/wp-content\/uploads\/2020\/05\/solidariet\u00e0-veneto-1024x717.jpg 1024w, https:\/\/www.radiopiu.net\/wordpress\/wp-content\/uploads\/2020\/05\/solidariet\u00e0-veneto-768x538.jpg 768w, https:\/\/www.radiopiu.net\/wordpress\/wp-content\/uploads\/2020\/05\/solidariet\u00e0-veneto.jpg 1373w\" sizes=\"auto, (max-width: 102px) 100vw, 102px\" \/><\/a>SOLIDARIETA&#8217; VENETO FONDO PENSIONE, IN ONDA IL PRIMO VENERDI DEL MESE ALLE 10.30 E ALLE 19.00 QUINTA STAGIONE<\/h2>\n<\/blockquote>\n<p><strong>AUDIO<\/strong><\/p>\n<audio class=\"wp-audio-shortcode\" id=\"audio-184944-11\" preload=\"none\" style=\"width: 100%;\" controls=\"controls\"><source type=\"audio\/mpeg\" src=\"https:\/\/www.radiopiu.net\/wordpress\/wp-content\/uploads\/2020\/10\/solidarieta-veneto-gennaio.mp3?_=11\" \/><a href=\"https:\/\/www.radiopiu.net\/wordpress\/wp-content\/uploads\/2020\/10\/solidarieta-veneto-gennaio.mp3\">https:\/\/www.radiopiu.net\/wordpress\/wp-content\/uploads\/2020\/10\/solidarieta-veneto-gennaio.mp3<\/a><\/audio>\n<p>&nbsp;<\/p>\n<blockquote>\n<h2>RACCOLTA COMPLETA<\/h2>\n<\/blockquote>\n<blockquote class=\"wp-embedded-content\" data-secret=\"LuYaVI5eG5\"><p><a href=\"https:\/\/www.radiopiu.net\/wordpress\/solidarieta-veneto\/\">Solidariet\u00e0 Veneto<\/a><\/p><\/blockquote>\n<p><iframe loading=\"lazy\" class=\"wp-embedded-content\" sandbox=\"allow-scripts\" security=\"restricted\" style=\"position: absolute; clip: rect(1px, 1px, 1px, 1px);\" title=\"&#8220;Solidariet\u00e0 Veneto&#8221; &#8212; Radio Pi\u00f9\" src=\"https:\/\/www.radiopiu.net\/wordpress\/solidarieta-veneto\/embed\/#?secret=LuYaVI5eG5\" data-secret=\"LuYaVI5eG5\" width=\"600\" height=\"338\" frameborder=\"0\" marginwidth=\"0\" marginheight=\"0\" scrolling=\"no\"><\/iframe><\/p>\n<p>&nbsp;<\/p>\n<p>&nbsp;<\/p>\n<hr \/>\n<p>&nbsp;<\/p>\n<h2><span style=\"color: #808000;\">DUE MINUTI UN LIBRO\u00a0 TUTTI I GIORNI ALLA RADIO ALLE 9.30 E ALLE 18. QUINTA STAGIONE\u00a0 \u00a0 \u00a0\u00a0<\/span><\/h2>\n<blockquote class=\"wp-embedded-content\" data-secret=\"usvGZEsvQn\"><p><a href=\"https:\/\/www.radiopiu.net\/wordpress\/il-quaderno-dellamore-perduto\/\">IL QUADERNO DELL&#8217;AMORE PERDUTO<\/a><\/p><\/blockquote>\n<p><iframe loading=\"lazy\" class=\"wp-embedded-content\" sandbox=\"allow-scripts\" security=\"restricted\" style=\"position: absolute; clip: rect(1px, 1px, 1px, 1px);\" title=\"&#8220;IL QUADERNO DELL&#8217;AMORE PERDUTO&#8221; &#8212; Radio Pi\u00f9\" src=\"https:\/\/www.radiopiu.net\/wordpress\/il-quaderno-dellamore-perduto\/embed\/#?secret=usvGZEsvQn\" data-secret=\"usvGZEsvQn\" width=\"600\" height=\"338\" frameborder=\"0\" marginwidth=\"0\" marginheight=\"0\" scrolling=\"no\"><\/iframe><\/p>\n<h2>LA RACCOLTA COMPLETA<\/h2>\n<blockquote class=\"wp-embedded-content\" data-secret=\"ZKT8QQwOKf\"><p><a href=\"https:\/\/www.radiopiu.net\/wordpress\/due-minuti-un-libro\/\">Due minuti un libro<\/a><\/p><\/blockquote>\n<p><iframe loading=\"lazy\" class=\"wp-embedded-content\" sandbox=\"allow-scripts\" security=\"restricted\" style=\"position: absolute; clip: rect(1px, 1px, 1px, 1px);\" title=\"&#8220;Due minuti un libro&#8221; &#8212; Radio Pi\u00f9\" src=\"https:\/\/www.radiopiu.net\/wordpress\/due-minuti-un-libro\/embed\/#?secret=ZKT8QQwOKf\" data-secret=\"ZKT8QQwOKf\" width=\"600\" height=\"338\" frameborder=\"0\" marginwidth=\"0\" marginheight=\"0\" scrolling=\"no\"><\/iframe><\/p>\n<p>&nbsp;<\/p>\n<hr \/>\n<p>&nbsp;<\/p>\n<p>&nbsp;<\/p>\n<blockquote>\n<h2>CASSA SOLIDARIET\u00c0 LUXOTTICA<\/h2>\n<\/blockquote>\n<h3><strong><span style=\"color: #ff0000;\">IL NUMERO DI GENNAIO CON PAOLO CHISSALE&#8217; E FABRIZIO CAMPEDEL\u00a0\u00a0<\/span><\/strong><\/h3>\n<audio class=\"wp-audio-shortcode\" id=\"audio-184944-12\" preload=\"none\" style=\"width: 100%;\" controls=\"controls\"><source type=\"audio\/mpeg\" src=\"https:\/\/www.radiopiu.net\/wordpress\/wp-content\/uploads\/2021\/01\/ca-sol-lux-gennaio.mp3?_=12\" \/><a href=\"https:\/\/www.radiopiu.net\/wordpress\/wp-content\/uploads\/2021\/01\/ca-sol-lux-gennaio.mp3\">https:\/\/www.radiopiu.net\/wordpress\/wp-content\/uploads\/2021\/01\/ca-sol-lux-gennaio.mp3<\/a><\/audio>\n<blockquote>\n<h2>RACCOLTA COMPLETA<\/h2>\n<\/blockquote>\n<blockquote class=\"wp-embedded-content\" data-secret=\"ey2GjBLI8G\"><p><a href=\"https:\/\/www.radiopiu.net\/wordpress\/cassa-solidarieta-luxottica-puntata-del-16-ottobre-2020\/\">CASSA SOLIDARIET\u00c0 LUXOTTICA &#8211; PUNTATA DEL 20 NOVEMBRE 2020<\/a><\/p><\/blockquote>\n<p><iframe loading=\"lazy\" class=\"wp-embedded-content\" sandbox=\"allow-scripts\" security=\"restricted\" style=\"position: absolute; clip: rect(1px, 1px, 1px, 1px);\" title=\"&#8220;CASSA SOLIDARIET\u00c0 LUXOTTICA &#8211; PUNTATA DEL 20 NOVEMBRE 2020&#8221; &#8212; Radio Pi\u00f9\" src=\"https:\/\/www.radiopiu.net\/wordpress\/cassa-solidarieta-luxottica-puntata-del-16-ottobre-2020\/embed\/#?secret=ey2GjBLI8G\" data-secret=\"ey2GjBLI8G\" width=\"600\" height=\"338\" frameborder=\"0\" marginwidth=\"0\" marginheight=\"0\" scrolling=\"no\"><\/iframe><\/p>\n<p>&nbsp;<\/p>\n<hr \/>\n<p>&nbsp;<\/p>\n<p>&nbsp;<\/p>\n<blockquote class=\"wp-embedded-content\" data-secret=\"U7wVRkbEi2\"><p><a href=\"https:\/\/www.radiopiu.net\/wordpress\/184594-2\/\">CISL LA VOCE DEI LAVORATORI, CON PAOLO CHISSALE&#8217;<\/a><\/p><\/blockquote>\n<p><iframe loading=\"lazy\" class=\"wp-embedded-content\" sandbox=\"allow-scripts\" security=\"restricted\" style=\"position: absolute; clip: rect(1px, 1px, 1px, 1px);\" title=\"&#8220;CISL LA VOCE DEI LAVORATORI, CON PAOLO CHISSALE&#8217;&#8221; &#8212; Radio Pi\u00f9\" src=\"https:\/\/www.radiopiu.net\/wordpress\/184594-2\/embed\/#?secret=U7wVRkbEi2\" data-secret=\"U7wVRkbEi2\" width=\"600\" height=\"338\" frameborder=\"0\" marginwidth=\"0\" marginheight=\"0\" scrolling=\"no\"><\/iframe><\/p>\n<div>\n<p>&nbsp;<\/p>\n<p>&nbsp;<\/p>\n<hr \/>\n<p>&nbsp;<\/p>\n<h2><span style=\"color: #800080;\"><strong>LA RASSEGNA STAMPA DA L&#8217;AMICO DEL POPOLO\u00a0<\/strong><\/span><\/h2>\n<h1 class=\"kvgmc6g5 cxmmr5t8 oygrvhab hcukyx3x c1et5uql\"><span style=\"color: #0000ff;\">RADIO PIU INFORMAZIONE il canale su TELEGRAM informazione di prima mano e in tempo reale. iscriviti ed aiutaci a farlo conoscere\u00a0<\/span><\/h1>\n<p>LA PUNTATA DELLA SETTIMANA, OSPITE LORIS SERAFINI<\/p>\n<audio class=\"wp-audio-shortcode\" id=\"audio-184944-13\" preload=\"none\" style=\"width: 100%;\" controls=\"controls\"><source type=\"audio\/mpeg\" src=\"https:\/\/www.radiopiu.net\/wordpress\/wp-content\/uploads\/2021\/01\/RASSEGNA-GIANNI.mp3?_=13\" \/><a href=\"https:\/\/www.radiopiu.net\/wordpress\/wp-content\/uploads\/2021\/01\/RASSEGNA-GIANNI.mp3\">https:\/\/www.radiopiu.net\/wordpress\/wp-content\/uploads\/2021\/01\/RASSEGNA-GIANNI.mp3<\/a><\/audio>\n<p><strong>LA RACCOLTA COMPLETA<\/strong><\/p>\n<blockquote class=\"wp-embedded-content\" data-secret=\"t4VYVvdlWF\"><p><a href=\"https:\/\/www.radiopiu.net\/wordpress\/rassegna-stampa-di-gianni-santomaso\/\">Rassegna stampa da l&#8217;amico del popolo &#8211; di Gianni Santomaso<\/a><\/p><\/blockquote>\n<p><iframe loading=\"lazy\" class=\"wp-embedded-content\" sandbox=\"allow-scripts\" security=\"restricted\" style=\"position: absolute; clip: rect(1px, 1px, 1px, 1px);\" title=\"&#8220;Rassegna stampa da l&#8217;amico del popolo &#8211; di Gianni Santomaso&#8221; &#8212; Radio Pi\u00f9\" src=\"https:\/\/www.radiopiu.net\/wordpress\/rassegna-stampa-di-gianni-santomaso\/embed\/#?secret=t4VYVvdlWF\" data-secret=\"t4VYVvdlWF\" width=\"600\" height=\"338\" frameborder=\"0\" marginwidth=\"0\" marginheight=\"0\" scrolling=\"no\"><\/iframe><\/p>\n<p>&nbsp;<\/p>\n<p>&nbsp;<\/p>\n<hr \/>\n<p>&nbsp;<\/p>\n<p>&nbsp;<\/p>\n<div>\n<h2><span style=\"color: #33cccc;\">I RACCONTI DI PAOLO SOPPELSA il lunedi alle 9.30 e 18.30<\/span><\/h2>\n<blockquote class=\"wp-embedded-content\" data-secret=\"PrFqROj2TA\"><p><a href=\"https:\/\/www.radiopiu.net\/wordpress\/i-racconti-di-paolo-soppelsa-cinquantasettesima-puntata\/\">I RACCONTI DI PAOLO SOPPELSA CINQUANTASETTESIMA PUNTATA<\/a><\/p><\/blockquote>\n<p><iframe loading=\"lazy\" class=\"wp-embedded-content\" sandbox=\"allow-scripts\" security=\"restricted\" style=\"position: absolute; clip: rect(1px, 1px, 1px, 1px);\" title=\"&#8220;I RACCONTI DI PAOLO SOPPELSA CINQUANTASETTESIMA PUNTATA&#8221; &#8212; Radio Pi\u00f9\" src=\"https:\/\/www.radiopiu.net\/wordpress\/i-racconti-di-paolo-soppelsa-cinquantasettesima-puntata\/embed\/#?secret=PrFqROj2TA\" data-secret=\"PrFqROj2TA\" width=\"600\" height=\"338\" frameborder=\"0\" marginwidth=\"0\" marginheight=\"0\" scrolling=\"no\"><\/iframe><\/p>\n<h2><span style=\"color: #33cccc;\"><strong>RACCOLTA COMPLETA<\/strong><\/span><\/h2>\n<blockquote class=\"wp-embedded-content\" data-secret=\"UPWjVd6UI2\"><p><a href=\"https:\/\/www.radiopiu.net\/wordpress\/i-racconti-di-paolo-soppelsa\/\">I racconti di Paolo Soppelsa<\/a><\/p><\/blockquote>\n<p><iframe loading=\"lazy\" class=\"wp-embedded-content\" sandbox=\"allow-scripts\" security=\"restricted\" style=\"position: absolute; clip: rect(1px, 1px, 1px, 1px);\" title=\"&#8220;I racconti di Paolo Soppelsa&#8221; &#8212; Radio Pi\u00f9\" src=\"https:\/\/www.radiopiu.net\/wordpress\/i-racconti-di-paolo-soppelsa\/embed\/#?secret=UPWjVd6UI2\" data-secret=\"UPWjVd6UI2\" width=\"600\" height=\"338\" frameborder=\"0\" marginwidth=\"0\" marginheight=\"0\" scrolling=\"no\"><\/iframe><\/p>\n<\/div>\n<p>&nbsp;<\/p>\n<hr \/>\n<p>&nbsp;<\/p>\n<div>\n<h2><a href=\"https:\/\/www.radiopiu.net\/wordpress\/giornale-radiopiu-13-gennaio-2021-direttore-mirko-mezzacasa\/137677866_1564759040378824_7049856006923818399_o\/\" rel=\"attachment wp-att-184381\"><img loading=\"lazy\" decoding=\"async\" class=\" wp-image-184381 alignleft\" src=\"https:\/\/www.radiopiu.net\/wordpress\/wp-content\/uploads\/2021\/01\/137677866_1564759040378824_7049856006923818399_o-203x300.jpg\" alt=\"\" width=\"83\" height=\"123\" srcset=\"https:\/\/www.radiopiu.net\/wordpress\/wp-content\/uploads\/2021\/01\/137677866_1564759040378824_7049856006923818399_o-203x300.jpg 203w, https:\/\/www.radiopiu.net\/wordpress\/wp-content\/uploads\/2021\/01\/137677866_1564759040378824_7049856006923818399_o.jpg 526w\" sizes=\"auto, (max-width: 83px) 100vw, 83px\" \/><\/a><\/h2>\n<h2><\/h2>\n<h2><strong>LE\u00a0 PUNTATE di Luisa Alchini di Leggermente Bellunesi, la domenica alle 11, <span style=\"color: #0000ff;\">IL MARTEDI IN PRIMA EDIZIONE\u00a0<\/span> alle 10.30 e alle 19.00<\/strong><\/h2>\n<p><strong>LA PUNTATA DELLA SETTIMANA\u00a0<\/strong> Elisa Orzes Grillone :scrittrice, poetessa e pittrice nata a Cencenighe<\/p>\n<audio class=\"wp-audio-shortcode\" id=\"audio-184944-14\" preload=\"none\" style=\"width: 100%;\" controls=\"controls\"><source type=\"audio\/mpeg\" src=\"https:\/\/www.radiopiu.net\/wordpress\/wp-content\/uploads\/2021\/01\/14leggermenteelisaorzesgrillone2021.mp3?_=14\" \/><a href=\"https:\/\/www.radiopiu.net\/wordpress\/wp-content\/uploads\/2021\/01\/14leggermenteelisaorzesgrillone2021.mp3\">https:\/\/www.radiopiu.net\/wordpress\/wp-content\/uploads\/2021\/01\/14leggermenteelisaorzesgrillone2021.mp3<\/a><\/audio>\n<h2><strong style=\"font-size: 14px;\"><span style=\"color: #000000;\">RACCOLTA COMPLETA<\/span><\/strong><\/h2>\n<\/div>\n<blockquote class=\"wp-embedded-content\" data-secret=\"cmfrtWU0Hi\"><p><a href=\"https:\/\/www.radiopiu.net\/wordpress\/leggermente-20\/\">LEGGERmente&#8230;Bellunesi<\/a><\/p><\/blockquote>\n<p><iframe loading=\"lazy\" class=\"wp-embedded-content\" sandbox=\"allow-scripts\" security=\"restricted\" style=\"position: absolute; clip: rect(1px, 1px, 1px, 1px);\" title=\"&#8220;LEGGERmente&#8230;Bellunesi&#8221; &#8212; Radio Pi\u00f9\" src=\"https:\/\/www.radiopiu.net\/wordpress\/leggermente-20\/embed\/#?secret=cmfrtWU0Hi\" data-secret=\"cmfrtWU0Hi\" width=\"600\" height=\"338\" frameborder=\"0\" marginwidth=\"0\" marginheight=\"0\" scrolling=\"no\"><\/iframe><\/p>\n<hr \/>\n<p>&nbsp;<\/p>\n<blockquote>\n<h3><a href=\"https:\/\/www.radiopiu.net\/wordpress\/almanacco-ladino-puntata-5-2020\/sn\/\" rel=\"attachment wp-att-180931\"><img loading=\"lazy\" decoding=\"async\" class=\"wp-image-180931 alignleft\" src=\"https:\/\/www.radiopiu.net\/wordpress\/wp-content\/uploads\/2020\/12\/sn-300x194.jpg\" alt=\"\" width=\"181\" height=\"117\" srcset=\"https:\/\/www.radiopiu.net\/wordpress\/wp-content\/uploads\/2020\/12\/sn-300x194.jpg 300w, https:\/\/www.radiopiu.net\/wordpress\/wp-content\/uploads\/2020\/12\/sn.jpg 626w\" sizes=\"auto, (max-width: 181px) 100vw, 181px\" \/><\/a>L&#8217;ALMANACCO LADINO CON L&#8217;ISTITUT CESA DE JAN QUINDICINALE APPUNTAMENTO. LA DOMENICA ALLE 9 IL LUNEDI ALLE 8.35 IL MARTEDI ALLE 12.35 IL MERCOLEDI ALLE 18.35. SECONDA STAGIONE.<\/h3>\n<\/blockquote>\n<p><strong>RACCOLTA COMPLETA\u00a0<\/strong><\/p>\n<blockquote class=\"wp-embedded-content\" data-secret=\"hfOd4LTMXj\"><p><a href=\"https:\/\/www.radiopiu.net\/wordpress\/almanacco-ladino\/\">Almanacco Ladino<\/a><\/p><\/blockquote>\n<p><iframe loading=\"lazy\" class=\"wp-embedded-content\" sandbox=\"allow-scripts\" security=\"restricted\" style=\"position: absolute; clip: rect(1px, 1px, 1px, 1px);\" title=\"&#8220;Almanacco Ladino&#8221; &#8212; Radio Pi\u00f9\" src=\"https:\/\/www.radiopiu.net\/wordpress\/almanacco-ladino\/embed\/#?secret=hfOd4LTMXj\" data-secret=\"hfOd4LTMXj\" width=\"600\" height=\"338\" frameborder=\"0\" marginwidth=\"0\" marginheight=\"0\" scrolling=\"no\"><\/iframe><\/p>\n<p>&nbsp;<\/p>\n<\/div>\n<hr \/>\n<div>\n<h2><span style=\"color: #000080;\"><a class=\"dt-pswp-item\" href=\"https:\/\/www.radiopiu.net\/wordpress\/wp-content\/uploads\/2020\/10\/pp.jpg\" data-dt-img-description=\"\" data-large_image_width=\"640\" data-large_image_height=\"640\"><img loading=\"lazy\" decoding=\"async\" class=\"wp-image-163678 alignleft\" src=\"https:\/\/www.radiopiu.net\/wordpress\/wp-content\/uploads\/2020\/10\/pp-300x300.jpg\" alt=\"\" width=\"106\" height=\"106\" srcset=\"https:\/\/www.radiopiu.net\/wordpress\/wp-content\/uploads\/2020\/10\/pp-300x300.jpg 300w, https:\/\/www.radiopiu.net\/wordpress\/wp-content\/uploads\/2020\/10\/pp-150x150.jpg 150w, https:\/\/www.radiopiu.net\/wordpress\/wp-content\/uploads\/2020\/10\/pp-125x125.jpg 125w, https:\/\/www.radiopiu.net\/wordpress\/wp-content\/uploads\/2020\/10\/pp-200x200.jpg 200w, https:\/\/www.radiopiu.net\/wordpress\/wp-content\/uploads\/2020\/10\/pp-80x80.jpg 80w, https:\/\/www.radiopiu.net\/wordpress\/wp-content\/uploads\/2020\/10\/pp-480x480.jpg 480w, https:\/\/www.radiopiu.net\/wordpress\/wp-content\/uploads\/2020\/10\/pp.jpg 640w\" sizes=\"auto, (max-width: 106px) 100vw, 106px\" \/><\/a> <\/span><\/h2>\n<h2><span style=\"color: #000080;\">DON CESARE, IL PENSIERO DEL GIORNO. ALLA RADIO ALLE 7 DEL MATTINO E ALLE 19.30 DELLA SERA.\u00a0\u00a0<\/span><\/h2>\n<\/div>\n<p>&nbsp;<\/p>\n<p>&nbsp;<\/p>\n<p>&nbsp;<\/p>\n<audio class=\"wp-audio-shortcode\" id=\"audio-184944-15\" preload=\"none\" style=\"width: 100%;\" controls=\"controls\"><source type=\"audio\/mpeg\" src=\"https:\/\/www.radiopiu.net\/wordpress\/wp-content\/uploads\/2021\/01\/CESARE-10.mp3?_=15\" \/><a href=\"https:\/\/www.radiopiu.net\/wordpress\/wp-content\/uploads\/2021\/01\/CESARE-10.mp3\">https:\/\/www.radiopiu.net\/wordpress\/wp-content\/uploads\/2021\/01\/CESARE-10.mp3<\/a><\/audio>\n<hr \/>\n<p>&nbsp;<\/p>\n<div>\n<p class=\"photoswipe-wrapper\"><a class=\"dt-pswp-item pspw-wrap-ready\" href=\"https:\/\/i0.wp.com\/www.radiopiu.net\/wordpress\/wp-content\/uploads\/2018\/09\/viabilita.jpeg?ssl=1\" data-dt-img-description=\"\" data-large_image_width=\"800\" data-large_image_height=\"100\"><img loading=\"lazy\" decoding=\"async\" class=\"aligncenter wp-image-61954 size-full\" src=\"https:\/\/i0.wp.com\/www.radiopiu.net\/wordpress\/wp-content\/uploads\/2018\/09\/viabilita.jpeg?resize=800%2C100&amp;ssl=1\" sizes=\"auto, (max-width: 800px) 100vw, 800px\" srcset=\"https:\/\/i0.wp.com\/www.radiopiu.net\/wordpress\/wp-content\/uploads\/2018\/09\/viabilita.jpeg?w=800&amp;ssl=1 800w, https:\/\/i0.wp.com\/www.radiopiu.net\/wordpress\/wp-content\/uploads\/2018\/09\/viabilita.jpeg?resize=300%2C38&amp;ssl=1 300w, https:\/\/i0.wp.com\/www.radiopiu.net\/wordpress\/wp-content\/uploads\/2018\/09\/viabilita.jpeg?resize=768%2C96&amp;ssl=1 768w\" alt=\"\" width=\"800\" height=\"100\" \/><\/a><\/p>\n<\/div>\n<p>&nbsp;<\/p>\n<p><strong>SP 1 MADONNA DEL PIAVE <\/strong>senso unico alternato regolato da semaforo fino al 15 gennaio in comune di Quero Vas per realizzazione tombinatura<\/p>\n<p><strong>SP 42 CAVALLERA<\/strong> fino a revoca, chiusura della strada nell&#8217;abitato di Perarolo per attivazione emergenza frana &#8220;Busa del Cristo&#8221;<\/p>\n<p><strong>S.P.2 DELLA VALLE DEL MIS\u00a0<\/strong>Interdizione totale al traffico fino a revoca dal km 14,920 (localit\u00e0 Gona Bassa) al km 20,650 (localit\u00e0 Titele) per cedimento della carreggiata<\/p>\n<p><strong>S.P. 5 DI LAMOSANO<\/strong>\u00a0Interdizione totale fino a revoca per presenza di materiale e alberi in strada.<\/p>\n<p><strong>S.P. 251 DI VAL DI ZOLDO E VAL CELLINA\u00a0<\/strong>dalla localit\u00e0 Soffranco fino all&#8217;imbocco nord della galleria S. Giovanni interdizione totale al transito per cedimento della carreggiata<\/p>\n<p><strong>SP 3 DELLA VAL IMPERINA<\/strong> fino a revoca, senso unico alternato regolato a vista in localit\u00e0 Gona di Conedera di Rivamonte per cedimento della carreggiata stradale<\/p>\n<div>\n<p>&nbsp;<\/p>\n<hr \/>\n<p>&nbsp;<\/p>\n<p class=\"photoswipe-wrapper\"><a class=\"dt-pswp-item pspw-wrap-ready\" href=\"https:\/\/i0.wp.com\/www.radiopiu.net\/wordpress\/wp-content\/uploads\/2018\/09\/WhatsApp-Image-2018-09-20-at-16.04.06.jpeg?ssl=1\" data-dt-img-description=\"\" data-large_image_width=\"800\" data-large_image_height=\"100\"><img loading=\"lazy\" decoding=\"async\" class=\"aligncenter wp-image-61378 size-full jetpack-lazy-image jetpack-lazy-image--handled\" src=\"https:\/\/i0.wp.com\/www.radiopiu.net\/wordpress\/wp-content\/uploads\/2018\/09\/WhatsApp-Image-2018-09-20-at-16.04.06.jpeg?resize=800%2C100&amp;ssl=1\" sizes=\"auto, (max-width: 800px) 100vw, 800px\" srcset=\"https:\/\/i0.wp.com\/www.radiopiu.net\/wordpress\/wp-content\/uploads\/2018\/09\/WhatsApp-Image-2018-09-20-at-16.04.06.jpeg?w=800&amp;ssl=1 800w, https:\/\/i0.wp.com\/www.radiopiu.net\/wordpress\/wp-content\/uploads\/2018\/09\/WhatsApp-Image-2018-09-20-at-16.04.06.jpeg?resize=300%2C38&amp;ssl=1 300w, https:\/\/i0.wp.com\/www.radiopiu.net\/wordpress\/wp-content\/uploads\/2018\/09\/WhatsApp-Image-2018-09-20-at-16.04.06.jpeg?resize=768%2C96&amp;ssl=1 768w\" alt=\"\" width=\"800\" height=\"100\" data-lazy-loaded=\"1\" \/><\/a><\/p>\n<p>&nbsp;<\/p>\n<div>\n<div id=\"dolomitimeteo_div_testi\"><center><b>Sabato 16<\/b><\/center><b>Tempo atteso: <\/b>Stupenda giornata invernale con sole, cielo sereno e aria limpida ovunque. Non escluso l&#8217;arrivo di nubi alte in tarda serata. L&#8217;ambiente termico sar\u00e0 di nuovo gelido di notte e assai freddo in giornata con persistenza del gelo quasi ovunque, anche nei fondovalle prealpini.<br \/>\n<b>Precipitazioni: <\/b>Assenti (0%).<br \/>\n<b>Temperature: <\/b>In generale calo a tutte le quote, in maniera pi\u00f9 sensibile le minime nelle valli, con forti e diffuse gelate notturne (-7\/10\u00b0C nei fondovalle prealpini, -10\/-15\u00b0C nelle valli dolomitiche e altopiani prealpini, fino a -15\/-20\u00b0C nei posti consuetamente pi\u00f9 freddi. Il gelo si manterr\u00e0 quasi ovunque, anche in giornata, in maniera particolare nei settori in ombra, come in quota, dove l&#8217;effetto wind chill sar\u00e0 moderato (-18\/-20 a 2000\/2200 m). Su Prealpi a 1500 m min -10\u00b0C max -9\u00b0C, a 2000 m min -11\u00b0C max -10\u00b0C. Su Dolomiti a 2000 m min -12\u00b0C max -11\u00b0C, a 3000 m min -16\u00b0C max -15\u00b0C.<br \/>\n<b>Venti: <\/b>Nelle valli deboli di direzione variabile, salvo qualche rinforzo da nord-est in alcune zone prealpine; in quota perlopi\u00f9 settentrionali moderati\/tesi fino sui 2200\/2400 m, ancora forti alle quote pi\u00f9 alte, almeno al mattino, a 10-25 km\/h a 2000 m e 35-50 km\/h a 3000 m.<\/p>\n<hr \/>\n<p><center><b>Domenica 17<\/b><\/center><b>Tempo atteso: <\/b>Nuvolosit\u00e0 alta e medio-alta durante la notte, in diradamento nel corso della mattinata con ampi rasserenamenti fino a cielo sereno o poco nuvoloso. Nel corso del pomeriggio il cielo torner\u00e0 a coprirsi a partire da nord, copertura pi\u00f9 intensa sulle Dolomiti, mentre gli squarci di sereno resisteranno pi\u00f9 a lungo sulle Prealpi. Atmosfera invernale e, nonostante l&#8217;aumento delle minime, potrebbe fare pi\u00f9 freddo nei fondovalle in giornata.<br \/>\n<b>Precipitazioni: <\/b>Assenti (0%), eccetto qualche fiocco di neve ventata sulle cime dolomitiche pi\u00f9 settentrionali alla sera (10%).<br \/>\n<b>Temperature: <\/b>Minime in generale lieve ripresa, in maniera pi\u00f9 avvertita nelle valli qualora ci fosse una prolungata presenza di nuvolosit\u00e0 notturna; massime in ulteriore lieve calo nei fondovalle, mentre subiranno un leggero aumento in quota (isotermia verticale con zero termico sia 500 m che a 1000 m. Su Prealpi a 1500 m min -8\u00b0C max -5\u00b0C, a 2000 m min -9\u00b0C max -7\u00b0C. Su Dolomiti a 2000 m min -10\u00b0C max -8\u00b0C, a 3000 m min -15\u00b0C max -12\u00b0C.<br \/>\n<b>Venti: <\/b>Nelle valli deboli di direzione variabile, salvo qualche rinforzo da nord-est nelle valli prealpine; in quota perlopi\u00f9 moderati da nord fino sui 2000\/2200 m, ancora tesi\/forti alle quote pi\u00f9 alte, almeno nella notte e in serata, a 10-25 km\/h a 2000 m e 30-55 km\/h a 3000 m.<\/p>\n<hr \/>\n<p><center><b>Lunedi 18<\/b><\/center>In prevalenza soleggiato con cielo sereno o poco nuvoloso per temporaneo transito di nubi medio-alte, specie nelle ore centrali del giorno. Temperature minime senza notevoli variazioni e massime in ripresa. Venti deboli\/moderati da nord-ovest in alta quota e da nord-est a 1500 m; deboli di direzione variabile nelle valli.<\/p>\n<hr \/>\n<p><center><b>Martedi 19<\/b><\/center>Tempo soleggiato con cielo sereno, aria tersa ed ottima visibilit\u00e0 in montagna. Probabili banchi di nebbia ssulla fascia prealpina tra fondovalle e alcune depressioni durante le ore pi\u00f9 fredde. Alla sera il cielo potrebbe coprirsi per nuvolosit\u00e0 alta e media. Temperature in rialzo, eccetto diminuzione delle minime nei fondovalle prealpini, con inversione termica notturna. Previsore:R.L.Th.<\/p>\n<\/div>\n<\/div>\n<\/div>\n<\/div>\n<p>&nbsp;<\/p>\n<p>&nbsp;<\/p>\n<p><a href=\"https:\/\/www.radiopiu.net\/wordpress\/giornale-radiopiu-15-settembre-2018-direttore-mirko-mezzacasa\/sport-7\/\" rel=\"attachment wp-att-60761\"><img loading=\"lazy\" decoding=\"async\" class=\"aligncenter wp-image-60761 size-full\" src=\"https:\/\/www.radiopiu.net\/wordpress\/wp-content\/uploads\/2018\/09\/sport.jpg\" alt=\"\" width=\"800\" height=\"100\" srcset=\"https:\/\/www.radiopiu.net\/wordpress\/wp-content\/uploads\/2018\/09\/sport.jpg 800w, https:\/\/www.radiopiu.net\/wordpress\/wp-content\/uploads\/2018\/09\/sport-300x38.jpg 300w, https:\/\/www.radiopiu.net\/wordpress\/wp-content\/uploads\/2018\/09\/sport-768x96.jpg 768w\" sizes=\"auto, (max-width: 800px) 100vw, 800px\" \/><\/a><\/p>\n<p>&nbsp;<\/p>\n<blockquote>\n<h3>IHL: STASERA ALLEGHE A CACCIA DI PUNTI AD APPIANO<\/h3>\n<\/blockquote>\n<p><strong><a href=\"https:\/\/www.radiopiu.net\/wordpress\/il-calendario-ufficiale-dellitalian-hockey-league\/logo-alleghe-hockey\/\" rel=\"attachment wp-att-95699\"><img loading=\"lazy\" decoding=\"async\" class=\"wp-image-95699 alignleft\" src=\"https:\/\/www.radiopiu.net\/wordpress\/wp-content\/uploads\/2019\/08\/logo-alleghe-hockey-300x281.png\" alt=\"\" width=\"108\" height=\"101\" srcset=\"https:\/\/www.radiopiu.net\/wordpress\/wp-content\/uploads\/2019\/08\/logo-alleghe-hockey-300x281.png 300w, https:\/\/www.radiopiu.net\/wordpress\/wp-content\/uploads\/2019\/08\/logo-alleghe-hockey.png 547w\" sizes=\"auto, (max-width: 108px) 100vw, 108px\" \/><\/a>ALLEGHE<\/strong> Stasera trasferta ad Appiano per l&#8217;Alleghe Hockey. In programma la decima giornata di campionato IHL. Ingaggio alle 19:30 e diretta su Radio Piu&#8217; con &#8220;Hockey Al Punto Giusto&#8221;<\/p>\n<p><strong>LA PRESENTAZIONE DELLA PARTITA DI ROBERTO MIANA<\/strong><\/p>\n<audio class=\"wp-audio-shortcode\" id=\"audio-184944-16\" preload=\"none\" style=\"width: 100%;\" controls=\"controls\"><source type=\"audio\/mpeg\" src=\"https:\/\/www.radiopiu.net\/wordpress\/wp-content\/uploads\/2021\/01\/ROBERTO-MIANA-APPIANO-ALLEGHE.mp3?_=16\" \/><a href=\"https:\/\/www.radiopiu.net\/wordpress\/wp-content\/uploads\/2021\/01\/ROBERTO-MIANA-APPIANO-ALLEGHE.mp3\">https:\/\/www.radiopiu.net\/wordpress\/wp-content\/uploads\/2021\/01\/ROBERTO-MIANA-APPIANO-ALLEGHE.mp3<\/a><\/audio>\n<p>&nbsp;<\/p>\n<hr \/>\n<p>&nbsp;<\/p>\n<blockquote>\n<h3>LE GIOVANILI DELL&#8217;ALLEGHE DI NUOVO IN CAMPO DA QUESTO FINE SETTIMANA<\/h3>\n<\/blockquote>\n<p><strong><a href=\"https:\/\/www.radiopiu.net\/wordpress\/hockey-alleghe\/hockey-557219_1280\/\" rel=\"attachment wp-att-51902\"><img loading=\"lazy\" decoding=\"async\" class=\" wp-image-51902 alignleft\" src=\"https:\/\/www.radiopiu.net\/wordpress\/wp-content\/uploads\/2018\/06\/hockey-557219_1280-300x200.jpg\" alt=\"\" width=\"245\" height=\"163\" srcset=\"https:\/\/www.radiopiu.net\/wordpress\/wp-content\/uploads\/2018\/06\/hockey-557219_1280-300x200.jpg 300w, https:\/\/www.radiopiu.net\/wordpress\/wp-content\/uploads\/2018\/06\/hockey-557219_1280-768x512.jpg 768w, https:\/\/www.radiopiu.net\/wordpress\/wp-content\/uploads\/2018\/06\/hockey-557219_1280-1024x682.jpg 1024w, https:\/\/www.radiopiu.net\/wordpress\/wp-content\/uploads\/2018\/06\/hockey-557219_1280.jpg 1280w\" sizes=\"auto, (max-width: 245px) 100vw, 245px\" \/><\/a>ALLEGHE\u00a0<\/strong>I giovani dell&#8217;Alleghe Hockey sono pronti per ritornare a calcare le piste ghiacciate e lo faranno da questo fine settimana. Tre le categorie chiamate a ricominciare la stagione: Under 15, 17 e 19. Tre le partite in programma nel fine settimana. La prima squadra a scendere in campo sar\u00e0 l&#8217;Under 17 che questa sera alle 17 giocher\u00e0 in casa l&#8217;Asiago. Domani due trasferte per il settore giovanile delle civette. Under 15 che si scontrer\u00e0 con il Pieve\/Zoldo alle 11. Lunga trasferta per l&#8217;Under 19 alleghese che domani alle 16 sar\u00e0 in terra piemontese per giocare la sfida con il Valpellice.<\/p>\n","protected":false},"excerpt":{"rendered":"<p>PER RICEVERE QUESTO NOTIZIARIO DIRETTAMENTE SUL TUO CELLULARE ISCRIVITI AL CANALE TELEGRAM \u201cRADIO PIU\u00a0 INFORMAZIONE&#8221;\u00a0 ATTENZIONE: LA NUOVA APP PER IOS-IPHONE https:\/\/apps.apple.com\/it\/app\/radio-pi%C3%B9-emittente-agordina\/id1515939845 ATTENZIONE: LA NUOVA APP RADIO\u00a0 PER ANDROID https:\/\/play.google.com\/store\/apps\/details?id=net.radiopiu.iniko\u00a0\u00a0 &nbsp; &nbsp; TAIBON ANNO&#8230; Dall&#8217;archivio fotografico di Corrado &#8220;Luky&#8221; Ben&#8230;grazie a Chiara &nbsp; &nbsp; GLI SPECIALI DI RADIO PIU: SANPA! San Patrignano e Vincenzo Muccioli,&hellip;<\/p>\n","protected":false},"author":4,"featured_media":185161,"comment_status":"closed","ping_status":"closed","sticky":false,"template":"","format":"standard","meta":{"_monsterinsights_skip_tracking":false,"_monsterinsights_sitenote_active":false,"_monsterinsights_sitenote_note":"","_monsterinsights_sitenote_category":0,"footnotes":""},"categories":[1,51,86,49],"tags":[],"class_list":["post-184944","post","type-post","status-publish","format-standard","has-post-thumbnail","hentry","category-senza-categoria","category-evidenza-top","category-gr","category-news-18","category-1","category-51","category-86","category-49","description-off"],"img_url":"https:\/\/www.radiopiu.net\/wordpress\/wp-content\/uploads\/2021\/01\/1d5ccafc-e2a9-4cc2-8832-e7edb256ac11.jpg","_links":{"self":[{"href":"https:\/\/www.radiopiu.net\/wordpress\/wp-json\/wp\/v2\/posts\/184944","targetHints":{"allow":["GET"]}}],"collection":[{"href":"https:\/\/www.radiopiu.net\/wordpress\/wp-json\/wp\/v2\/posts"}],"about":[{"href":"https:\/\/www.radiopiu.net\/wordpress\/wp-json\/wp\/v2\/types\/post"}],"author":[{"embeddable":true,"href":"https:\/\/www.radiopiu.net\/wordpress\/wp-json\/wp\/v2\/users\/4"}],"replies":[{"embeddable":true,"href":"https:\/\/www.radiopiu.net\/wordpress\/wp-json\/wp\/v2\/comments?post=184944"}],"version-history":[{"count":0,"href":"https:\/\/www.radiopiu.net\/wordpress\/wp-json\/wp\/v2\/posts\/184944\/revisions"}],"wp:featuredmedia":[{"embeddable":true,"href":"https:\/\/www.radiopiu.net\/wordpress\/wp-json\/wp\/v2\/media\/185161"}],"wp:attachment":[{"href":"https:\/\/www.radiopiu.net\/wordpress\/wp-json\/wp\/v2\/media?parent=184944"}],"wp:term":[{"taxonomy":"category","embeddable":true,"href":"https:\/\/www.radiopiu.net\/wordpress\/wp-json\/wp\/v2\/categories?post=184944"},{"taxonomy":"post_tag","embeddable":true,"href":"https:\/\/www.radiopiu.net\/wordpress\/wp-json\/wp\/v2\/tags?post=184944"}],"curies":[{"name":"wp","href":"https:\/\/api.w.org\/{rel}","templated":true}]}}