{"id":185046,"date":"2021-01-15T12:25:40","date_gmt":"2021-01-15T11:25:40","guid":{"rendered":"https:\/\/www.radiopiu.net\/wordpress\/?p=185046"},"modified":"2021-01-15T13:48:08","modified_gmt":"2021-01-15T12:48:08","slug":"185046-2","status":"publish","type":"post","link":"https:\/\/www.radiopiu.net\/wordpress\/185046-2\/","title":{"rendered":"IL GIORNO DELLA CLASSIFICAZIONE: VENETO IN ARANCIONE, ZAIA NE E&#8217; CONVINTO"},"content":{"rendered":"<p><strong>VENEZIA<\/strong> punto stampa da Marghera con il Presidente Luca Zaia.<\/p>\n<p><strong>I NUMERI\u00a0 RICOVERI 3158 IN AREA NON CRITICA 2809 (-60) IN TERAPIA INTENSIVA 349 (- 2).<\/strong><\/p>\n<p>Pochi numeri per un problema informatico.<\/p>\n<blockquote>\n<h2>LEGGI LA CONFERENZA STAMPA DI LUCA ZAIA<\/h2>\n<\/blockquote>\n<p>Siamo circondati da Regione dove il dato del contagio sta crescendo. La punta massima delle terapie intensive per il Veneto \u00e8 stata il 31 dicembre scorso con 401 posti occupati, da 15 giorni c&#8217;\u00e8 un calo. In serata il report dell&#8217;Istituto Nazionale di Sanit\u00e0. Oggi un centinaio di posti liberi nelle terapie intensive (quelle attivate). C&#8217;\u00e8 pi\u00f9 sofferenza in alcune realt\u00e0, veronese e trevigiano. Abbiamo una prospettiva di un calo delle terapie intensive sulla scorta dei numeri dei pazienti in area non critica.<strong> OGGI GIORNATA DI RICLASSIFICAZIONE<\/strong> Ci attendiamo l&#8217;arancione che secondo il protocollo delle zone dura 2-3 settimane. Cercheremo di capire l&#8217;ordinanza del Ministro <strong>FARMACISTI DA VACCINARE<\/strong> Stiamo procedendo con delle priorit\u00e0 poi tutte le altre categorie, questa compresa. <strong>EFFETTI DELLE RESTIZIONI SULLE CURVE IN CALO?<\/strong> E&#8217; probabile, ma \u00e8 anche vero che prima delle restrizioni avevamo gi\u00e0 dato. <strong>SCUOLE<\/strong> E&#8217; sacrosanto che gli studenti vogliano tornare a scuola, ma i problemi sono evidenti e anche le tendenze che invertono in pochi giorni. I ragazzi non hanno nessuna colpa. Con i trasporti eravamo pronti a partire.\u00a0<strong> CASE DI RIPOSO E OSPITI<\/strong>\u00a0 Qualche casa di riposo lascia entrare, altri la video chiamata o la stanza degli abbracci, dipende da quanto il virus \u00e8 entrato nelle strutture alcune covid free. Se il vaccino permetter\u00e0 cambiamenti lo capiremo. <strong>MORTALITA&#8217;<\/strong> in linea con le altre regioni pi\u00f9 colpite dal Covid, numeri comunque inferiori a Lombardia, Emilia, Trentino, Piemonte. <strong>FABIO FRANCESCHI di GRAFICA VENETA\u00a0 DONA ANCORA MASCHERINE PER LE CASE DI RIPOSO, 1 MILIONE DI MASCHERINE CHIRURGICHE &#8221; Io sono vaccinato&#8221;.<\/strong><\/p>\n<blockquote>\n<h3>IL PROFESSOR GIORGIO PALU&#8217;\u00a0autorit\u00e0 indiscussa nel campo della Virologia, <em>professore<\/em> emerito dell&#8217;Universit\u00e0 di Padova.<\/h3>\n<\/blockquote>\n<p>Vengo sempre volentieri a casa in Veneto. La mortalit\u00e0\u00a0 oggi in Italia \u00e8 dello 0.05%, nemmeno paragonabile alla mortalit\u00e0 delle malattie infettive nei paesi in via di sviluppo. Non abbiamo raggiunto n\u00e8 la mortalit\u00e0 dell&#8217;Hiv ne&#8217; della Tubercolosi. Morti per covid si misura alle persone realmente infettate, che hanno prodotto gli anticorpi non tamponate. Oscilla tra lo 0,25 e il 50%, il Veneto paga un contributo minore di altre regioni, perch\u00e9 la Lombardia \u00e8 un&#8217;area metropolitano, in Veneto diffusa, ma non ci sono realt\u00e0 come Milano con la metropolitana e non abbiamo avuto ci\u00f2 che abbiamo visto in Lombardia perch\u00e9 il Veneto ha un&#8217;altra sanit\u00e0. In una competizione pubblico-privato i pronto soccorso hanno accolto di tutto. E&#8217; una seconda fase preponderante rispetto alla prima ma le terapia intensive non sono mai andate in crisi.<br \/>\n<strong>ASTRAZENICA\u00a0 EFFICACIA IN MODO UGUALE DEGLI ALTRI<\/strong> Verr\u00e0 valutata entro il 29 gennaio, l&#8217;altro ente di controllo ha chiesto un implemento di indagine. Altro problema per Astrazenica, in un certo numero di pazienti la prima dose dimezzata,\u00a0 associata alla seconda dose produceva un effetto molto superiore di 25 punti. E&#8217; stato approvato perch\u00e9 gli inglesi sono pragmatici, per proteggere gli anziani visto quanto successo in Italia e la carenza di posti letto, faranno da cavia. Nel programma Arcuri ci sono 41 milioni di dosi. Ha un&#8217;efficacia minore ma i nuovi dati sono interessanti sulla contagiosit\u00e0. In questo momento abbiamo bisogno anche di un altro vaccino. <strong>VARIANTE SUDAFRICANA<\/strong> Non abbiamo dati sulla variante sud africana, Astrazenica lo ha trovato su 20 pazienti ed \u00e8 pi\u00f9 difficile da neutralizzare.<\/p>\n<p>&nbsp;<\/p>\n<p><a href=\"https:\/\/www.facebook.com\/zaiaufficiale\/videos\/1129083240856170\">https:\/\/www.facebook.com\/zaiaufficiale\/videos\/1129083240856170<\/a><\/p>\n<p>&nbsp;<\/p>\n","protected":false},"excerpt":{"rendered":"<p>VENEZIA punto stampa da Marghera con il Presidente Luca Zaia. I NUMERI\u00a0 RICOVERI 3158 IN AREA NON CRITICA 2809 (-60) IN TERAPIA INTENSIVA 349 (- 2). Pochi numeri per un problema informatico. LEGGI LA CONFERENZA STAMPA DI LUCA ZAIA Siamo circondati da Regione dove il dato del contagio sta crescendo. La punta massima delle terapie&hellip;<\/p>\n","protected":false},"author":4,"featured_media":185062,"comment_status":"closed","ping_status":"closed","sticky":false,"template":"","format":"standard","meta":{"_monsterinsights_skip_tracking":false,"_monsterinsights_sitenote_active":false,"_monsterinsights_sitenote_note":"","_monsterinsights_sitenote_category":0,"footnotes":""},"categories":[51,49],"tags":[],"class_list":["post-185046","post","type-post","status-publish","format-standard","has-post-thumbnail","hentry","category-evidenza-top","category-news-18","category-51","category-49","description-off"],"img_url":"https:\/\/www.radiopiu.net\/wordpress\/wp-content\/uploads\/2021\/01\/a6a7326a-4349-40f5-9f2a-128a03312740.jpg","_links":{"self":[{"href":"https:\/\/www.radiopiu.net\/wordpress\/wp-json\/wp\/v2\/posts\/185046","targetHints":{"allow":["GET"]}}],"collection":[{"href":"https:\/\/www.radiopiu.net\/wordpress\/wp-json\/wp\/v2\/posts"}],"about":[{"href":"https:\/\/www.radiopiu.net\/wordpress\/wp-json\/wp\/v2\/types\/post"}],"author":[{"embeddable":true,"href":"https:\/\/www.radiopiu.net\/wordpress\/wp-json\/wp\/v2\/users\/4"}],"replies":[{"embeddable":true,"href":"https:\/\/www.radiopiu.net\/wordpress\/wp-json\/wp\/v2\/comments?post=185046"}],"version-history":[{"count":0,"href":"https:\/\/www.radiopiu.net\/wordpress\/wp-json\/wp\/v2\/posts\/185046\/revisions"}],"wp:featuredmedia":[{"embeddable":true,"href":"https:\/\/www.radiopiu.net\/wordpress\/wp-json\/wp\/v2\/media\/185062"}],"wp:attachment":[{"href":"https:\/\/www.radiopiu.net\/wordpress\/wp-json\/wp\/v2\/media?parent=185046"}],"wp:term":[{"taxonomy":"category","embeddable":true,"href":"https:\/\/www.radiopiu.net\/wordpress\/wp-json\/wp\/v2\/categories?post=185046"},{"taxonomy":"post_tag","embeddable":true,"href":"https:\/\/www.radiopiu.net\/wordpress\/wp-json\/wp\/v2\/tags?post=185046"}],"curies":[{"name":"wp","href":"https:\/\/api.w.org\/{rel}","templated":true}]}}